{"id":9993,"date":"2020-01-15T02:31:12","date_gmt":"2020-01-15T01:31:12","guid":{"rendered":"https:\/\/culturesco.com\/?p=9993"},"modified":"2020-01-29T22:16:04","modified_gmt":"2020-01-29T21:16:04","slug":"mes-moires-livre-auto-biographie-de-jean-pierre-dionnet-createur-de-metal-hurlant-et-les-enfants-du-rock","status":"publish","type":"post","link":"https:\/\/culturesco.com\/index.php\/2020\/01\/15\/mes-moires-livre-auto-biographie-de-jean-pierre-dionnet-createur-de-metal-hurlant-et-les-enfants-du-rock\/","title":{"rendered":"Mes Moires : autobiographie de Jean-Pierre Dionnet"},"content":{"rendered":"<h2 style=\"text-align: justify;\">L&rsquo;humano\u00efde associ\u00e9<\/h2>\n<p><a href=\"https:\/\/amzn.to\/36635Vu\" target=\"_blank\" rel=\"noopener noreferrer\"><img data-recalc-dims=\"1\" loading=\"lazy\" decoding=\"async\" class=\"aligncenter wp-image-10016 size-full\" src=\"https:\/\/i0.wp.com\/culturesco.com\/wp-content\/uploads\/2020\/01\/jean-pierre-dionnet-mes-moires.jpg?resize=192%2C300&#038;ssl=1\" alt=\"jean pierre dionnet mes moires\" width=\"192\" height=\"300\" \/><\/a><a href=\"https:\/\/amzn.to\/2R0jtlU\" target=\"_blank\" rel=\"noopener noreferrer\"><strong>Mes Moires Un pont sur les \u00e9toiles<\/strong><\/a> : Ami(e)s de la<strong> bande dessin\u00e9e<\/strong> (BD pour les intimes), de la <strong>science-fiction<\/strong> (SF pour les autres intimes) et de la <strong>soul music<\/strong>, belle journ\u00e9e\u00a0!&#8230;<\/p>\n<p style=\"text-align: justify;\">Voici un livre paru en ao\u00fbt 2019 qui m\u00e9rite plus que largement le d\u00e9tour parce que ce n\u2019est pas tous les jours que <strong>Jean-Pierre Dionnet<\/strong> se confie et parle <a href=\"https:\/\/fr.wikipedia.org\/wiki\/Jean-Pierre_Dionnet\" target=\"_blank\" rel=\"noopener noreferrer\">de tout ce qu\u2019il a v\u00e9cu<\/a>, ou presque, dans sa vie ultra-remplie.<\/p>\n<h3 style=\"text-align: justify;\">Christophe Quillien<\/h3>\n<p style=\"text-align: justify;\">C\u2019est <strong>Christophe Quillien<\/strong>, journaliste ind\u00e9pendant, qui a (r)assembl\u00e9 le d\u00e9bit volcanique de celui qui s\u2019est toujours vu comme un passeur autour de cultures consid\u00e9r\u00e9es pendant longtemps comme des sous-genres, que ce soit la BD et la SF. Il a remis \u00e0 sa place ces cat\u00e9gories. <strong>Christophe<\/strong> est fier d\u2019appartenir \u00e0 cette g\u00e9n\u00e9ration. Il a consacr\u00e9 d\u2019ailleurs des ouvrages sur l\u2019histoire de <strong><em>Pif Gadget<\/em><\/strong>, la BD en g\u00e9n\u00e9ral, <strong>la g\u00e9n\u00e9ration <em>\u00abSalut les Copains\u00bb<\/em><\/strong> et <strong>l\u2019histoire de <em>Rock &amp; Folk<\/em><\/strong>. Cela classe d\u00e9j\u00e0 son homme pour en faire un vrai confident qui va tr\u00e8s bien r\u00e9sumer l\u2019histoire de ce qui nous passionne depuis des ann\u00e9es.<\/p>\n<h3 style=\"text-align: center;\"><em>Metal Hurlant n\u00b01<\/em><\/h3>\n<p style=\"text-align: center;\"><a href=\"https:\/\/i0.wp.com\/culturesco.com\/wp-content\/uploads\/2020\/01\/Metal-Hurlant-n%C2%B01.jpg?ssl=1\"><img data-recalc-dims=\"1\" loading=\"lazy\" decoding=\"async\" class=\"alignnone wp-image-9995 size-full\" src=\"https:\/\/i0.wp.com\/culturesco.com\/wp-content\/uploads\/2020\/01\/Metal-Hurlant-n%C2%B01.jpg?resize=270%2C270&#038;ssl=1\" alt=\"Mes Moires un pont sur les \u00e9toiles\" width=\"270\" height=\"270\" srcset=\"https:\/\/i0.wp.com\/culturesco.com\/wp-content\/uploads\/2020\/01\/Metal-Hurlant-n%C2%B01.jpg?w=270&amp;ssl=1 270w, https:\/\/i0.wp.com\/culturesco.com\/wp-content\/uploads\/2020\/01\/Metal-Hurlant-n%C2%B01.jpg?resize=100%2C100&amp;ssl=1 100w, https:\/\/i0.wp.com\/culturesco.com\/wp-content\/uploads\/2020\/01\/Metal-Hurlant-n%C2%B01.jpg?resize=150%2C150&amp;ssl=1 150w\" sizes=\"auto, (max-width: 270px) 100vw, 270px\" \/><\/a><\/p>\n<h3 style=\"text-align: justify;\">Sans entrer dans le d\u00e9tail, il faut consid\u00e9rer une ann\u00e9e marquante\u00a0: <strong>1975<\/strong>.<\/h3>\n<p style=\"text-align: justify;\">C\u2019est l\u00e0 que d\u00e9barque le premier num\u00e9ro du mensuel <em><strong>Metal Hurlant.<\/strong><\/em> A la barre, trois autres complices et non des moindres: <strong>Jean-Giraud (Gir ou Moebius), Philippe Druillet et Bernard Farkas<\/strong>. A eux quatre, ils vont <strong>r\u00e9volutionner<\/strong> la BD pendant plus de dix ans. Finie la ligne claire (elle reviendra plus tard) \u00e0 la <strong>Tintin<\/strong> ou <strong>Ast\u00e9rix<\/strong>, place aux grands espaces de la feuille blanche, aux remplissages millim\u00e9tr\u00e9s des personnages et des d\u00e9cors au sein de cases disparues.<\/p>\n<p style=\"text-align: justify;\">Dionnet part aussi \u00e0 la rencontre de ses auteurs pr\u00e9f\u00e9r\u00e9s de la SF am\u00e9ricaine\u00a0: <strong>Sturgeon, Farmer, Philip K. Dick<\/strong>, forc\u00e9ment, <strong>Jack Williamson<\/strong> (dont est issu le sous-titre du livre).<\/p>\n<h3 style=\"text-align: justify;\">Nous sommes dans les ann\u00e9es soixante-dix et tout est possible.<\/h3>\n<p style=\"text-align: justify;\">Mais la t\u00e9l\u00e9 le d\u00e9mange, d\u2019autant que mine de rien, elle s\u2019\u00e9mancipe. Au d\u00e9but des eighties, il cr\u00e9e <strong>Les Enfants du Rock<\/strong> o\u00f9 figure l\u2019in\u00e9narrable <em><strong>Sex Machine<\/strong><\/em> con\u00e7u avec son comp\u00e8re <a href=\"https:\/\/culturesco.com\/index.php\/2019\/02\/12\/le-rock-version-philippe-manoeuvre\/\" target=\"_blank\" rel=\"noopener noreferrer\">Philippe Man\u0153uvre<\/a>. Et \u00e7a swing \u00e0 tout va ! D\u00e8s lors, <strong>Dionnet<\/strong> va \u00eatre ce personnage passe-partout et incontournable o\u00f9 m\u00eame le <strong>cin\u00e9ma<\/strong> en version <strong>s\u00e9rie B,<\/strong> pour ne pas dire <strong>Z,<\/strong> aura son mot \u00e0 dire.<\/p>\n<h3 style=\"text-align: left;\"><em>G\u00e9n\u00e9rique Sex Machine<\/em><\/h3>\n<div class=\"youtube-embed\" data-video_id=\"hsnb_6ihUl8\"><iframe loading=\"lazy\" title=\"G\u00e9n\u00e9rique Sex Machine\" width=\"696\" height=\"522\" src=\"https:\/\/www.youtube.com\/embed\/hsnb_6ihUl8?start=1\" frameborder=\"0\" allow=\"accelerometer; autoplay; clipboard-write; encrypted-media; gyroscope; picture-in-picture; web-share\" referrerpolicy=\"strict-origin-when-cross-origin\" allowfullscreen><\/iframe><\/div>\n<p style=\"text-align: justify;\">C\u2019est ce qui fait tout le charme de ce livre. Un ouvrage qui va g\u00e9n\u00e9rer <strong>un go\u00fbt de nostalgie <\/strong>chez les plus anciens. Les plus jeunes d\u00e9couvriront ce qu\u2019ils ont rat\u00e9s avec l\u2019espoir de se rattraper.<\/p>\n<p style=\"text-align: justify;\">Bref, un livre obligatoire \u00e0 offrir, \u00e0 acheter, ou \u00e0 voler (mais ce n\u2019est pas conseill\u00e9). Il vous permettra de vous constituer une belle tour d\u2019ivoire que chacun pourra p\u00e9n\u00e9trer afin d\u2019y \u00e9changer.<\/p>\n<p style=\"text-align: justify;\"><em>*Hommage aux trois divinit\u00e9s du Destin dans la mythologie grecque, entre autres. Jeu de mots r\u00e9sumant bien l\u2019ouvrage.<\/em><\/p>\n<p style=\"text-align: justify;\">Mes Moires, une autobiographie de Jean-Pierre Dionnet avec Christophe Quillien :<\/p>\n<p style=\"text-align: justify;\"><strong>Mes Moires,\u00a0Un Pont Sur Les Etoiles<\/strong><\/p>\n<p style=\"text-align: justify;\">Hors Collection \u2013 416 pages \u2013 19\u20ac<\/p>\n<p style=\"text-align: center;\"><iframe style=\"width: 120px; height: 240px;\" src=\"\/\/ws-eu.amazon-adsystem.com\/widgets\/q?ServiceVersion=20070822&amp;OneJS=1&amp;Operation=GetAdHtml&amp;MarketPlace=FR&amp;source=ss&amp;ref=as_ss_li_til&amp;ad_type=product_link&amp;tracking_id=auguste00-21&amp;language=fr_FR&amp;marketplace=amazon&amp;region=FR&amp;placement=2258098548&amp;asins=2258098548&amp;linkId=9b03888ee33745da50ea30c4a5767a41&amp;show_border=true&amp;link_opens_in_new_window=true\" frameborder=\"0\" marginwidth=\"0\" marginheight=\"0\" scrolling=\"no\"><\/iframe><\/p>\n<p style=\"text-align: justify;\"><strong>Patrick B\u00e9nard<\/strong><\/p>\n","protected":false},"excerpt":{"rendered":"<p>L&rsquo;humano\u00efde associ\u00e9 Mes Moires Un pont sur les \u00e9toiles : Ami(e)s de la bande dessin\u00e9e (BD pour les intimes), de la science-fiction (SF pour les autres intimes) et de la soul music, belle journ\u00e9e\u00a0!&#8230; Voici un livre paru en ao\u00fbt 2019 qui m\u00e9rite plus que largement le d\u00e9tour parce que ce n\u2019est pas tous les [&hellip;]<\/p>\n","protected":false},"author":4,"featured_media":10015,"comment_status":"open","ping_status":"open","sticky":false,"template":"","format":"image","meta":{"jetpack_post_was_ever_published":false,"tdm_status":"","tdm_grid_status":"","_jetpack_newsletter_access":"","_jetpack_dont_email_post_to_subs":false,"_jetpack_newsletter_tier_id":0,"_jetpack_memberships_contains_paywalled_content":false,"_jetpack_memberships_contains_paid_content":false,"footnotes":""},"categories":[21,17,25,27,18,63],"tags":[41,54,42,11009,8427,59],"class_list":{"0":"post-9993","1":"post","2":"type-post","3":"status-publish","4":"format-image","5":"has-post-thumbnail","7":"category-bande-dessinee","8":"category-carotte-rock-cultures","9":"category-evenements-culturels","10":"category-litterature","11":"category-soul-funk","12":"category-television","13":"tag-bande-dessinee","14":"tag-cinema","15":"tag-litterature","16":"tag-memoires","17":"tag-soul","18":"tag-television","19":"post_format-post-format-image"},"yoast_head":"<!-- This site is optimized with the Yoast SEO plugin v27.5 - https:\/\/yoast.com\/product\/yoast-seo-wordpress\/ -->\n<title>Mes Moires : autobiographie de Jean-Pierre Dionnet - Culturesco<\/title>\n<meta name=\"description\" content=\"CulturesCo | Mes Moires : une autobiographie o\u00f9 Jean-Pierre Dionnet, cr\u00e9ateur de Metal hurlant et Les enfants du Rock confie ses m\u00e9moires ...\" \/>\n<meta name=\"robots\" content=\"index, follow, max-snippet:-1, max-image-preview:large, max-video-preview:-1\" \/>\n<link rel=\"canonical\" href=\"https:\/\/culturesco.com\/index.php\/2020\/01\/15\/mes-moires-livre-auto-biographie-de-jean-pierre-dionnet-createur-de-metal-hurlant-et-les-enfants-du-rock\/\" \/>\n<meta property=\"og:locale\" content=\"fr_FR\" \/>\n<meta property=\"og:type\" content=\"article\" \/>\n<meta property=\"og:title\" content=\"Mes Moires : autobiographie de Jean-Pierre Dionnet - Culturesco\" \/>\n<meta property=\"og:description\" content=\"CulturesCo | Mes Moires : une autobiographie o\u00f9 Jean-Pierre Dionnet, cr\u00e9ateur de Metal hurlant et Les enfants du Rock confie ses m\u00e9moires ...\" \/>\n<meta property=\"og:url\" content=\"https:\/\/culturesco.com\/index.php\/2020\/01\/15\/mes-moires-livre-auto-biographie-de-jean-pierre-dionnet-createur-de-metal-hurlant-et-les-enfants-du-rock\/\" \/>\n<meta property=\"og:site_name\" content=\"Culturesco\" \/>\n<meta property=\"article:publisher\" content=\"https:\/\/www.facebook.com\/radioculturesco\" \/>\n<meta property=\"article:published_time\" content=\"2020-01-15T01:31:12+00:00\" \/>\n<meta property=\"article:modified_time\" content=\"2020-01-29T21:16:04+00:00\" \/>\n<meta property=\"og:image\" content=\"https:\/\/i0.wp.com\/culturesco.com\/wp-content\/uploads\/2020\/01\/jean-pierre-dionnet.jpg?fit=600%2C314&ssl=1\" \/>\n\t<meta property=\"og:image:width\" content=\"600\" \/>\n\t<meta property=\"og:image:height\" content=\"314\" \/>\n\t<meta property=\"og:image:type\" content=\"image\/jpeg\" \/>\n<meta name=\"author\" content=\"Patrick Benard\" \/>\n<meta name=\"twitter:card\" content=\"summary_large_image\" \/>\n<meta name=\"twitter:creator\" content=\"@AugusteMarshal\" \/>\n<meta name=\"twitter:site\" content=\"@AugusteMarshal\" \/>\n<meta name=\"twitter:label1\" content=\"\u00c9crit par\" \/>\n\t<meta name=\"twitter:data1\" content=\"Patrick Benard\" \/>\n\t<meta name=\"twitter:label2\" content=\"Dur\u00e9e de lecture estim\u00e9e\" \/>\n\t<meta name=\"twitter:data2\" content=\"3 minutes\" \/>\n<script type=\"application\/ld+json\" class=\"yoast-schema-graph\">{\"@context\":\"https:\\\/\\\/schema.org\",\"@graph\":[{\"@type\":\"Article\",\"@id\":\"https:\\\/\\\/culturesco.com\\\/index.php\\\/2020\\\/01\\\/15\\\/mes-moires-livre-auto-biographie-de-jean-pierre-dionnet-createur-de-metal-hurlant-et-les-enfants-du-rock\\\/#article\",\"isPartOf\":{\"@id\":\"https:\\\/\\\/culturesco.com\\\/index.php\\\/2020\\\/01\\\/15\\\/mes-moires-livre-auto-biographie-de-jean-pierre-dionnet-createur-de-metal-hurlant-et-les-enfants-du-rock\\\/\"},\"author\":{\"name\":\"Patrick Benard\",\"@id\":\"https:\\\/\\\/culturesco.com\\\/#\\\/schema\\\/person\\\/c2ddd6724863f3bbd20a8278df0891f3\"},\"headline\":\"Mes Moires : autobiographie de Jean-Pierre Dionnet\",\"datePublished\":\"2020-01-15T01:31:12+00:00\",\"dateModified\":\"2020-01-29T21:16:04+00:00\",\"mainEntityOfPage\":{\"@id\":\"https:\\\/\\\/culturesco.com\\\/index.php\\\/2020\\\/01\\\/15\\\/mes-moires-livre-auto-biographie-de-jean-pierre-dionnet-createur-de-metal-hurlant-et-les-enfants-du-rock\\\/\"},\"wordCount\":581,\"commentCount\":0,\"publisher\":{\"@id\":\"https:\\\/\\\/culturesco.com\\\/#organization\"},\"image\":{\"@id\":\"https:\\\/\\\/culturesco.com\\\/index.php\\\/2020\\\/01\\\/15\\\/mes-moires-livre-auto-biographie-de-jean-pierre-dionnet-createur-de-metal-hurlant-et-les-enfants-du-rock\\\/#primaryimage\"},\"thumbnailUrl\":\"https:\\\/\\\/i0.wp.com\\\/culturesco.com\\\/wp-content\\\/uploads\\\/2020\\\/01\\\/jean-pierre-dionnet.jpg?fit=600%2C314&ssl=1\",\"keywords\":[\"bande dessin\u00e9e\",\"cin\u00e9ma\",\"litt\u00e9rature\",\"M\u00e9moires\",\"soul\",\"t\u00e9l\u00e9vision\"],\"articleSection\":[\"Bande dessin\u00e9e\",\"Carotte Rock Cultures\",\"Ev\u00e9nements culturels\",\"Litt\u00e9rature\",\"Soul, Funk\",\"Television\"],\"inLanguage\":\"fr-FR\",\"potentialAction\":[{\"@type\":\"CommentAction\",\"name\":\"Comment\",\"target\":[\"https:\\\/\\\/culturesco.com\\\/index.php\\\/2020\\\/01\\\/15\\\/mes-moires-livre-auto-biographie-de-jean-pierre-dionnet-createur-de-metal-hurlant-et-les-enfants-du-rock\\\/#respond\"]}]},{\"@type\":\"WebPage\",\"@id\":\"https:\\\/\\\/culturesco.com\\\/index.php\\\/2020\\\/01\\\/15\\\/mes-moires-livre-auto-biographie-de-jean-pierre-dionnet-createur-de-metal-hurlant-et-les-enfants-du-rock\\\/\",\"url\":\"https:\\\/\\\/culturesco.com\\\/index.php\\\/2020\\\/01\\\/15\\\/mes-moires-livre-auto-biographie-de-jean-pierre-dionnet-createur-de-metal-hurlant-et-les-enfants-du-rock\\\/\",\"name\":\"Mes Moires : autobiographie de Jean-Pierre Dionnet - Culturesco\",\"isPartOf\":{\"@id\":\"https:\\\/\\\/culturesco.com\\\/#website\"},\"primaryImageOfPage\":{\"@id\":\"https:\\\/\\\/culturesco.com\\\/index.php\\\/2020\\\/01\\\/15\\\/mes-moires-livre-auto-biographie-de-jean-pierre-dionnet-createur-de-metal-hurlant-et-les-enfants-du-rock\\\/#primaryimage\"},\"image\":{\"@id\":\"https:\\\/\\\/culturesco.com\\\/index.php\\\/2020\\\/01\\\/15\\\/mes-moires-livre-auto-biographie-de-jean-pierre-dionnet-createur-de-metal-hurlant-et-les-enfants-du-rock\\\/#primaryimage\"},\"thumbnailUrl\":\"https:\\\/\\\/i0.wp.com\\\/culturesco.com\\\/wp-content\\\/uploads\\\/2020\\\/01\\\/jean-pierre-dionnet.jpg?fit=600%2C314&ssl=1\",\"datePublished\":\"2020-01-15T01:31:12+00:00\",\"dateModified\":\"2020-01-29T21:16:04+00:00\",\"description\":\"CulturesCo | Mes Moires : une autobiographie o\u00f9 Jean-Pierre Dionnet, cr\u00e9ateur de Metal hurlant et Les enfants du Rock confie ses m\u00e9moires ...\",\"breadcrumb\":{\"@id\":\"https:\\\/\\\/culturesco.com\\\/index.php\\\/2020\\\/01\\\/15\\\/mes-moires-livre-auto-biographie-de-jean-pierre-dionnet-createur-de-metal-hurlant-et-les-enfants-du-rock\\\/#breadcrumb\"},\"inLanguage\":\"fr-FR\",\"potentialAction\":[{\"@type\":\"ReadAction\",\"target\":[\"https:\\\/\\\/culturesco.com\\\/index.php\\\/2020\\\/01\\\/15\\\/mes-moires-livre-auto-biographie-de-jean-pierre-dionnet-createur-de-metal-hurlant-et-les-enfants-du-rock\\\/\"]}]},{\"@type\":\"ImageObject\",\"inLanguage\":\"fr-FR\",\"@id\":\"https:\\\/\\\/culturesco.com\\\/index.php\\\/2020\\\/01\\\/15\\\/mes-moires-livre-auto-biographie-de-jean-pierre-dionnet-createur-de-metal-hurlant-et-les-enfants-du-rock\\\/#primaryimage\",\"url\":\"https:\\\/\\\/i0.wp.com\\\/culturesco.com\\\/wp-content\\\/uploads\\\/2020\\\/01\\\/jean-pierre-dionnet.jpg?fit=600%2C314&ssl=1\",\"contentUrl\":\"https:\\\/\\\/i0.wp.com\\\/culturesco.com\\\/wp-content\\\/uploads\\\/2020\\\/01\\\/jean-pierre-dionnet.jpg?fit=600%2C314&ssl=1\",\"width\":600,\"height\":314,\"caption\":\"jean pierre dionnet\"},{\"@type\":\"BreadcrumbList\",\"@id\":\"https:\\\/\\\/culturesco.com\\\/index.php\\\/2020\\\/01\\\/15\\\/mes-moires-livre-auto-biographie-de-jean-pierre-dionnet-createur-de-metal-hurlant-et-les-enfants-du-rock\\\/#breadcrumb\",\"itemListElement\":[{\"@type\":\"ListItem\",\"position\":1,\"name\":\"Accueil\",\"item\":\"https:\\\/\\\/culturesco.com\\\/\"},{\"@type\":\"ListItem\",\"position\":2,\"name\":\"Mes Moires : autobiographie de Jean-Pierre Dionnet\"}]},{\"@type\":\"WebSite\",\"@id\":\"https:\\\/\\\/culturesco.com\\\/#website\",\"url\":\"https:\\\/\\\/culturesco.com\\\/\",\"name\":\"Culturesco\",\"description\":\"Culturesco | Un bon coup de pied dans ta Culture\",\"publisher\":{\"@id\":\"https:\\\/\\\/culturesco.com\\\/#organization\"},\"potentialAction\":[{\"@type\":\"SearchAction\",\"target\":{\"@type\":\"EntryPoint\",\"urlTemplate\":\"https:\\\/\\\/culturesco.com\\\/?s={search_term_string}\"},\"query-input\":{\"@type\":\"PropertyValueSpecification\",\"valueRequired\":true,\"valueName\":\"search_term_string\"}}],\"inLanguage\":\"fr-FR\"},{\"@type\":\"Organization\",\"@id\":\"https:\\\/\\\/culturesco.com\\\/#organization\",\"name\":\"CULTURESCO\",\"url\":\"https:\\\/\\\/culturesco.com\\\/\",\"logo\":{\"@type\":\"ImageObject\",\"inLanguage\":\"fr-FR\",\"@id\":\"https:\\\/\\\/culturesco.com\\\/#\\\/schema\\\/logo\\\/image\\\/\",\"url\":\"https:\\\/\\\/i0.wp.com\\\/culturesco.com\\\/wp-content\\\/uploads\\\/2022\\\/04\\\/culturesco-logo-blanc250p.png?fit=250%2C250&ssl=1\",\"contentUrl\":\"https:\\\/\\\/i0.wp.com\\\/culturesco.com\\\/wp-content\\\/uploads\\\/2022\\\/04\\\/culturesco-logo-blanc250p.png?fit=250%2C250&ssl=1\",\"width\":250,\"height\":250,\"caption\":\"CULTURESCO\"},\"image\":{\"@id\":\"https:\\\/\\\/culturesco.com\\\/#\\\/schema\\\/logo\\\/image\\\/\"},\"sameAs\":[\"https:\\\/\\\/www.facebook.com\\\/radioculturesco\",\"https:\\\/\\\/x.com\\\/AugusteMarshal\",\"https:\\\/\\\/www.instagram.com\\\/carotte_rock_culture\\\/\",\"https:\\\/\\\/www.pinterest.fr\\\/augustemarshal\\\/\",\"https:\\\/\\\/www.youtube.com\\\/channel\\\/UCiWLGffqWSXlNnfzp6YwwyQ\"]},{\"@type\":\"Person\",\"@id\":\"https:\\\/\\\/culturesco.com\\\/#\\\/schema\\\/person\\\/c2ddd6724863f3bbd20a8278df0891f3\",\"name\":\"Patrick Benard\",\"image\":{\"@type\":\"ImageObject\",\"inLanguage\":\"fr-FR\",\"@id\":\"https:\\\/\\\/i0.wp.com\\\/culturesco.com\\\/wp-content\\\/uploads\\\/2019\\\/02\\\/patrick-benard-2.jpg?fit=90%2C96&ssl=1\",\"url\":\"https:\\\/\\\/i0.wp.com\\\/culturesco.com\\\/wp-content\\\/uploads\\\/2019\\\/02\\\/patrick-benard-2.jpg?fit=90%2C96&ssl=1\",\"contentUrl\":\"https:\\\/\\\/i0.wp.com\\\/culturesco.com\\\/wp-content\\\/uploads\\\/2019\\\/02\\\/patrick-benard-2.jpg?fit=90%2C96&ssl=1\",\"caption\":\"Patrick Benard\"},\"description\":\"Ecrivain, chroniqueur, animateur radio, cr\u00e9ateur de la revue \u00ab Cin\u00e9manie \u00bb, autour du cin\u00e9ma dit d\u2019art et d\u2019essai, sp\u00e9cialiste du groupe The Cure, archiviste... 2020 : \\\"Le Post Rock\\\" essai sur le post rock de Mogwa\u00ef \u00e0 Godspeed You Black Emperor - Camion Blanc 2014 : \u00ab On the rocks \u2013le rock de 2007 \u00e0 2014 \u00bb chroniques livres et cd rocks, interviews \u2013Editions Vaillant 2010 : \u00ab Dans la T\u00eate de Robert Smith \u00bb, roman fiction autour de l\u2019histoire des Cure et de Robert Smith \u2013 Edilivres 2007 : \u00ab Chroniques Fr\u00e9n\u00e9tiques, une histoire intime du rock \u00bb, roman, prix Technikart. 2001 : \u00ab Les Iles du D\u00e9sert \u00bb, polar autour du rock \u2013 Editions Nykta\",\"url\":\"https:\\\/\\\/culturesco.com\\\/index.php\\\/author\\\/patrick-benard89\\\/\"}]}<\/script>\n<!-- \/ Yoast SEO plugin. -->","yoast_head_json":{"title":"Mes Moires : autobiographie de Jean-Pierre Dionnet - Culturesco","description":"CulturesCo | Mes Moires : une autobiographie o\u00f9 Jean-Pierre Dionnet, cr\u00e9ateur de Metal hurlant et Les enfants du Rock confie ses m\u00e9moires ...","robots":{"index":"index","follow":"follow","max-snippet":"max-snippet:-1","max-image-preview":"max-image-preview:large","max-video-preview":"max-video-preview:-1"},"canonical":"https:\/\/culturesco.com\/index.php\/2020\/01\/15\/mes-moires-livre-auto-biographie-de-jean-pierre-dionnet-createur-de-metal-hurlant-et-les-enfants-du-rock\/","og_locale":"fr_FR","og_type":"article","og_title":"Mes Moires : autobiographie de Jean-Pierre Dionnet - Culturesco","og_description":"CulturesCo | Mes Moires : une autobiographie o\u00f9 Jean-Pierre Dionnet, cr\u00e9ateur de Metal hurlant et Les enfants du Rock confie ses m\u00e9moires ...","og_url":"https:\/\/culturesco.com\/index.php\/2020\/01\/15\/mes-moires-livre-auto-biographie-de-jean-pierre-dionnet-createur-de-metal-hurlant-et-les-enfants-du-rock\/","og_site_name":"Culturesco","article_publisher":"https:\/\/www.facebook.com\/radioculturesco","article_published_time":"2020-01-15T01:31:12+00:00","article_modified_time":"2020-01-29T21:16:04+00:00","og_image":[{"width":600,"height":314,"url":"https:\/\/i0.wp.com\/culturesco.com\/wp-content\/uploads\/2020\/01\/jean-pierre-dionnet.jpg?fit=600%2C314&ssl=1","type":"image\/jpeg"}],"author":"Patrick Benard","twitter_card":"summary_large_image","twitter_creator":"@AugusteMarshal","twitter_site":"@AugusteMarshal","twitter_misc":{"\u00c9crit par":"Patrick Benard","Dur\u00e9e de lecture estim\u00e9e":"3 minutes"},"schema":{"@context":"https:\/\/schema.org","@graph":[{"@type":"Article","@id":"https:\/\/culturesco.com\/index.php\/2020\/01\/15\/mes-moires-livre-auto-biographie-de-jean-pierre-dionnet-createur-de-metal-hurlant-et-les-enfants-du-rock\/#article","isPartOf":{"@id":"https:\/\/culturesco.com\/index.php\/2020\/01\/15\/mes-moires-livre-auto-biographie-de-jean-pierre-dionnet-createur-de-metal-hurlant-et-les-enfants-du-rock\/"},"author":{"name":"Patrick Benard","@id":"https:\/\/culturesco.com\/#\/schema\/person\/c2ddd6724863f3bbd20a8278df0891f3"},"headline":"Mes Moires : autobiographie de Jean-Pierre Dionnet","datePublished":"2020-01-15T01:31:12+00:00","dateModified":"2020-01-29T21:16:04+00:00","mainEntityOfPage":{"@id":"https:\/\/culturesco.com\/index.php\/2020\/01\/15\/mes-moires-livre-auto-biographie-de-jean-pierre-dionnet-createur-de-metal-hurlant-et-les-enfants-du-rock\/"},"wordCount":581,"commentCount":0,"publisher":{"@id":"https:\/\/culturesco.com\/#organization"},"image":{"@id":"https:\/\/culturesco.com\/index.php\/2020\/01\/15\/mes-moires-livre-auto-biographie-de-jean-pierre-dionnet-createur-de-metal-hurlant-et-les-enfants-du-rock\/#primaryimage"},"thumbnailUrl":"https:\/\/i0.wp.com\/culturesco.com\/wp-content\/uploads\/2020\/01\/jean-pierre-dionnet.jpg?fit=600%2C314&ssl=1","keywords":["bande dessin\u00e9e","cin\u00e9ma","litt\u00e9rature","M\u00e9moires","soul","t\u00e9l\u00e9vision"],"articleSection":["Bande dessin\u00e9e","Carotte Rock Cultures","Ev\u00e9nements culturels","Litt\u00e9rature","Soul, Funk","Television"],"inLanguage":"fr-FR","potentialAction":[{"@type":"CommentAction","name":"Comment","target":["https:\/\/culturesco.com\/index.php\/2020\/01\/15\/mes-moires-livre-auto-biographie-de-jean-pierre-dionnet-createur-de-metal-hurlant-et-les-enfants-du-rock\/#respond"]}]},{"@type":"WebPage","@id":"https:\/\/culturesco.com\/index.php\/2020\/01\/15\/mes-moires-livre-auto-biographie-de-jean-pierre-dionnet-createur-de-metal-hurlant-et-les-enfants-du-rock\/","url":"https:\/\/culturesco.com\/index.php\/2020\/01\/15\/mes-moires-livre-auto-biographie-de-jean-pierre-dionnet-createur-de-metal-hurlant-et-les-enfants-du-rock\/","name":"Mes Moires : autobiographie de Jean-Pierre Dionnet - Culturesco","isPartOf":{"@id":"https:\/\/culturesco.com\/#website"},"primaryImageOfPage":{"@id":"https:\/\/culturesco.com\/index.php\/2020\/01\/15\/mes-moires-livre-auto-biographie-de-jean-pierre-dionnet-createur-de-metal-hurlant-et-les-enfants-du-rock\/#primaryimage"},"image":{"@id":"https:\/\/culturesco.com\/index.php\/2020\/01\/15\/mes-moires-livre-auto-biographie-de-jean-pierre-dionnet-createur-de-metal-hurlant-et-les-enfants-du-rock\/#primaryimage"},"thumbnailUrl":"https:\/\/i0.wp.com\/culturesco.com\/wp-content\/uploads\/2020\/01\/jean-pierre-dionnet.jpg?fit=600%2C314&ssl=1","datePublished":"2020-01-15T01:31:12+00:00","dateModified":"2020-01-29T21:16:04+00:00","description":"CulturesCo | Mes Moires : une autobiographie o\u00f9 Jean-Pierre Dionnet, cr\u00e9ateur de Metal hurlant et Les enfants du Rock confie ses m\u00e9moires ...","breadcrumb":{"@id":"https:\/\/culturesco.com\/index.php\/2020\/01\/15\/mes-moires-livre-auto-biographie-de-jean-pierre-dionnet-createur-de-metal-hurlant-et-les-enfants-du-rock\/#breadcrumb"},"inLanguage":"fr-FR","potentialAction":[{"@type":"ReadAction","target":["https:\/\/culturesco.com\/index.php\/2020\/01\/15\/mes-moires-livre-auto-biographie-de-jean-pierre-dionnet-createur-de-metal-hurlant-et-les-enfants-du-rock\/"]}]},{"@type":"ImageObject","inLanguage":"fr-FR","@id":"https:\/\/culturesco.com\/index.php\/2020\/01\/15\/mes-moires-livre-auto-biographie-de-jean-pierre-dionnet-createur-de-metal-hurlant-et-les-enfants-du-rock\/#primaryimage","url":"https:\/\/i0.wp.com\/culturesco.com\/wp-content\/uploads\/2020\/01\/jean-pierre-dionnet.jpg?fit=600%2C314&ssl=1","contentUrl":"https:\/\/i0.wp.com\/culturesco.com\/wp-content\/uploads\/2020\/01\/jean-pierre-dionnet.jpg?fit=600%2C314&ssl=1","width":600,"height":314,"caption":"jean pierre dionnet"},{"@type":"BreadcrumbList","@id":"https:\/\/culturesco.com\/index.php\/2020\/01\/15\/mes-moires-livre-auto-biographie-de-jean-pierre-dionnet-createur-de-metal-hurlant-et-les-enfants-du-rock\/#breadcrumb","itemListElement":[{"@type":"ListItem","position":1,"name":"Accueil","item":"https:\/\/culturesco.com\/"},{"@type":"ListItem","position":2,"name":"Mes Moires : autobiographie de Jean-Pierre Dionnet"}]},{"@type":"WebSite","@id":"https:\/\/culturesco.com\/#website","url":"https:\/\/culturesco.com\/","name":"Culturesco","description":"Culturesco | Un bon coup de pied dans ta Culture","publisher":{"@id":"https:\/\/culturesco.com\/#organization"},"potentialAction":[{"@type":"SearchAction","target":{"@type":"EntryPoint","urlTemplate":"https:\/\/culturesco.com\/?s={search_term_string}"},"query-input":{"@type":"PropertyValueSpecification","valueRequired":true,"valueName":"search_term_string"}}],"inLanguage":"fr-FR"},{"@type":"Organization","@id":"https:\/\/culturesco.com\/#organization","name":"CULTURESCO","url":"https:\/\/culturesco.com\/","logo":{"@type":"ImageObject","inLanguage":"fr-FR","@id":"https:\/\/culturesco.com\/#\/schema\/logo\/image\/","url":"https:\/\/i0.wp.com\/culturesco.com\/wp-content\/uploads\/2022\/04\/culturesco-logo-blanc250p.png?fit=250%2C250&ssl=1","contentUrl":"https:\/\/i0.wp.com\/culturesco.com\/wp-content\/uploads\/2022\/04\/culturesco-logo-blanc250p.png?fit=250%2C250&ssl=1","width":250,"height":250,"caption":"CULTURESCO"},"image":{"@id":"https:\/\/culturesco.com\/#\/schema\/logo\/image\/"},"sameAs":["https:\/\/www.facebook.com\/radioculturesco","https:\/\/x.com\/AugusteMarshal","https:\/\/www.instagram.com\/carotte_rock_culture\/","https:\/\/www.pinterest.fr\/augustemarshal\/","https:\/\/www.youtube.com\/channel\/UCiWLGffqWSXlNnfzp6YwwyQ"]},{"@type":"Person","@id":"https:\/\/culturesco.com\/#\/schema\/person\/c2ddd6724863f3bbd20a8278df0891f3","name":"Patrick Benard","image":{"@type":"ImageObject","inLanguage":"fr-FR","@id":"https:\/\/i0.wp.com\/culturesco.com\/wp-content\/uploads\/2019\/02\/patrick-benard-2.jpg?fit=90%2C96&ssl=1","url":"https:\/\/i0.wp.com\/culturesco.com\/wp-content\/uploads\/2019\/02\/patrick-benard-2.jpg?fit=90%2C96&ssl=1","contentUrl":"https:\/\/i0.wp.com\/culturesco.com\/wp-content\/uploads\/2019\/02\/patrick-benard-2.jpg?fit=90%2C96&ssl=1","caption":"Patrick Benard"},"description":"Ecrivain, chroniqueur, animateur radio, cr\u00e9ateur de la revue \u00ab Cin\u00e9manie \u00bb, autour du cin\u00e9ma dit d\u2019art et d\u2019essai, sp\u00e9cialiste du groupe The Cure, archiviste... 2020 : \"Le Post Rock\" essai sur le post rock de Mogwa\u00ef \u00e0 Godspeed You Black Emperor - Camion Blanc 2014 : \u00ab On the rocks \u2013le rock de 2007 \u00e0 2014 \u00bb chroniques livres et cd rocks, interviews \u2013Editions Vaillant 2010 : \u00ab Dans la T\u00eate de Robert Smith \u00bb, roman fiction autour de l\u2019histoire des Cure et de Robert Smith \u2013 Edilivres 2007 : \u00ab Chroniques Fr\u00e9n\u00e9tiques, une histoire intime du rock \u00bb, roman, prix Technikart. 2001 : \u00ab Les Iles du D\u00e9sert \u00bb, polar autour du rock \u2013 Editions Nykta","url":"https:\/\/culturesco.com\/index.php\/author\/patrick-benard89\/"}]}},"jetpack_featured_media_url":"https:\/\/i0.wp.com\/culturesco.com\/wp-content\/uploads\/2020\/01\/jean-pierre-dionnet.jpg?fit=600%2C314&ssl=1","jetpack_likes_enabled":true,"jetpack_sharing_enabled":true,"jetpack_shortlink":"https:\/\/wp.me\/paz89I-2Bb","_links":{"self":[{"href":"https:\/\/culturesco.com\/index.php\/wp-json\/wp\/v2\/posts\/9993","targetHints":{"allow":["GET"]}}],"collection":[{"href":"https:\/\/culturesco.com\/index.php\/wp-json\/wp\/v2\/posts"}],"about":[{"href":"https:\/\/culturesco.com\/index.php\/wp-json\/wp\/v2\/types\/post"}],"author":[{"embeddable":true,"href":"https:\/\/culturesco.com\/index.php\/wp-json\/wp\/v2\/users\/4"}],"replies":[{"embeddable":true,"href":"https:\/\/culturesco.com\/index.php\/wp-json\/wp\/v2\/comments?post=9993"}],"version-history":[{"count":0,"href":"https:\/\/culturesco.com\/index.php\/wp-json\/wp\/v2\/posts\/9993\/revisions"}],"wp:featuredmedia":[{"embeddable":true,"href":"https:\/\/culturesco.com\/index.php\/wp-json\/wp\/v2\/media\/10015"}],"wp:attachment":[{"href":"https:\/\/culturesco.com\/index.php\/wp-json\/wp\/v2\/media?parent=9993"}],"wp:term":[{"taxonomy":"category","embeddable":true,"href":"https:\/\/culturesco.com\/index.php\/wp-json\/wp\/v2\/categories?post=9993"},{"taxonomy":"post_tag","embeddable":true,"href":"https:\/\/culturesco.com\/index.php\/wp-json\/wp\/v2\/tags?post=9993"}],"curies":[{"name":"wp","href":"https:\/\/api.w.org\/{rel}","templated":true}]}}