{"id":9675,"date":"2019-12-21T02:18:01","date_gmt":"2019-12-21T01:18:01","guid":{"rendered":"https:\/\/culturesco.com\/?p=9675"},"modified":"2020-07-13T23:39:38","modified_gmt":"2020-07-13T21:39:38","slug":"editions-du-layeur-des-livres-luxueux-autour-du-rock-deep-purple-cover-lou-reed-et-le-velvet-underground-pop-fin-de-siecle-soul-music","status":"publish","type":"post","link":"https:\/\/culturesco.com\/index.php\/2019\/12\/21\/editions-du-layeur-des-livres-luxueux-autour-du-rock-deep-purple-cover-lou-reed-et-le-velvet-underground-pop-fin-de-siecle-soul-music\/","title":{"rendered":"Editions du layeur &#8211;  Un Editeur qui n a pas Peur du Rock"},"content":{"rendered":"<h2 style=\"text-align: justify;\">Des Livres Luxueux Autour du Rock<\/h2>\n<p style=\"text-align: justify;\">Voici une maison d\u2019\u00e9dition qui n\u2019a pas peur d\u2019affronter les grosses bo\u00eetes \u00e0 tout moment en mati\u00e8re de livres luxueux et intelligents. Apr\u00e8s l\u2019architecture et la d\u00e9coration, <strong>Les Editions du Layeur<\/strong> <a href=\"https:\/\/www.edtionsdulayeur.com\/\" target=\"_blank\" rel=\"noopener noreferrer\">s\u2019attaquent au rock et il fallait oser<\/a>. D\u2019autant que c\u2019est particuli\u00e8rement r\u00e9ussi depuis plus de deux ans.<\/p>\n<p style=\"text-align: justify;\">Alors, \u00e0 l\u2019approche des f\u00eates de fin d\u2019ann\u00e9e, voici quatre belles propositions de luxes, intelligentes et pas ch\u00e8res, sorties ces deux derniers mois.<\/p>\n<figure id=\"attachment_9690\" aria-describedby=\"caption-attachment-9690\" style=\"width: 350px\" class=\"wp-caption aligncenter\"><img data-recalc-dims=\"1\" loading=\"lazy\" decoding=\"async\" class=\"wp-image-9690 size-full\" src=\"https:\/\/i0.wp.com\/culturesco.com\/wp-content\/uploads\/2019\/12\/pop-fin-de-siecle-Editions-du-Layeur.jpg?resize=350%2C350&#038;ssl=1\" alt=\"pop fin de si\u00e8cle Guillaume Belhomme editions du layeur\" width=\"350\" height=\"350\" srcset=\"https:\/\/i0.wp.com\/culturesco.com\/wp-content\/uploads\/2019\/12\/pop-fin-de-siecle-Editions-du-Layeur.jpg?w=350&amp;ssl=1 350w, https:\/\/i0.wp.com\/culturesco.com\/wp-content\/uploads\/2019\/12\/pop-fin-de-siecle-Editions-du-Layeur.jpg?resize=300%2C300&amp;ssl=1 300w, https:\/\/i0.wp.com\/culturesco.com\/wp-content\/uploads\/2019\/12\/pop-fin-de-siecle-Editions-du-Layeur.jpg?resize=100%2C100&amp;ssl=1 100w, https:\/\/i0.wp.com\/culturesco.com\/wp-content\/uploads\/2019\/12\/pop-fin-de-siecle-Editions-du-Layeur.jpg?resize=150%2C150&amp;ssl=1 150w\" sizes=\"auto, (max-width: 350px) 100vw, 350px\" \/><figcaption id=\"caption-attachment-9690\" class=\"wp-caption-text\">Pop fin de si\u00e8cle de Guillaume Belhomme &#8211; Editions du Layeur<\/figcaption><\/figure>\n<h3>Pop Fin de Si\u00e8cle \u00a0de Guillaume Belhomme &#8211; Editions du Layeur<\/h3>\n<p style=\"text-align: justify;\">Ce livre d\u00e9roule l\u2019\u00e9volution de la pop sur dix ann\u00e9es, de <strong>1985 \u00e0 1995<\/strong>, principalement au Royaume-Uni (pour l\u2019instant) et aux States, p\u00e9riode pr\u00e9-Trump et Obama. On commence par \u00e9voquer des groupes plus ou moins \u00e9vidents dans cette cat\u00e9gorie au d\u00e9but de cette p\u00e9riode. <a href=\"https:\/\/culturesco.com\/index.php\/2019\/06\/21\/nick-cave-livre-paroles-de-fans-aux-editions-camion-blanc-par-pedro-penas-y-robles\/\" target=\"_blank\" rel=\"noopener noreferrer\">Nick Cave and the Bad Seeds<\/a><strong>, <\/strong><a href=\"https:\/\/culturesco.com\/index.php\/2019\/06\/04\/the-cure-concert-des-30-ans-de-l-album-disintegration-en-streaming-jeudi-30-mai-2019\/\" target=\"_blank\" rel=\"noopener noreferrer\">The Cure<\/a><strong>, Tom Waits, Sonic Youth<\/strong>. Musicalement, on le suit, mais la popularit\u00e9 est loin d\u2019\u00eatre acquise. La suite de l\u2019ouvrage est une belle d\u00e9monstration de son id\u00e9e de base. On y retrouve tout ceux qu\u2019on aime\u00a0: PJ Harvey<strong>, Bj\u00f6rk, Ride, My Bloody Valentine, Slowdive, Wedding Present, Pavement<\/strong>, etc. Mais aussi des curiosit\u00e9s ou pas comme <strong>A.C. Temple, Baby Bird, Morphine, Portishead<\/strong> et bien d\u2019autres. Le tout est pr\u00e9sent\u00e9 de fa\u00e7on quasi-syst\u00e9matique: page de gauche, \u00e9vocation du groupe, page de droite, le ou les principaux albums \u00e0 ne pas rater. L&rsquo;ensemble est pr\u00e9cis avec des photos originales, in\u00e9dites souvent. Voil\u00e0 le type de bouquin \u00e0 offrir \u00e0 quelqu\u2019un d\u2019ouvert sur le pop rock ou ouvert \u00e0 l\u2019\u00e9rudition.<\/p>\n<figure id=\"attachment_9677\" aria-describedby=\"caption-attachment-9677\" style=\"width: 300px\" class=\"wp-caption aligncenter\"><a href=\"https:\/\/amzn.to\/35GAuGG\" target=\"_blank\" rel=\"noopener noreferrer\"><img data-recalc-dims=\"1\" loading=\"lazy\" decoding=\"async\" class=\"wp-image-9677 size-full\" src=\"https:\/\/i0.wp.com\/culturesco.com\/wp-content\/uploads\/2019\/12\/Christophe-Delbrouck-e1576920277798.jpeg?resize=300%2C293&#038;ssl=1\" alt=\"Soul Music, Christophe Delbrouck editions du layeur\" width=\"300\" height=\"293\" \/><\/a><figcaption id=\"caption-attachment-9677\" class=\"wp-caption-text\">Soul Music, Christophe Delbrouck &#8211; Editions du Layeur<\/figcaption><\/figure>\n<h3>Dans le m\u00eame esprit on va retenir le livre de <strong>Christophe Delbrouck<\/strong><\/h3>\n<p style=\"text-align: justify;\">Un livre qui offre un panorama remarquable sur l\u2019histoire de la <strong><em>Soul Music<\/em><\/strong>. Comme il s\u2019agit de l\u2019<strong>acte I<\/strong>, on peut supposer qu\u2019il y aura au moins un acte II, voire plus. C\u2019est sa sp\u00e9cialit\u00e9 au bonhomme et on ne saurait trop vous recommander son <a href=\"https:\/\/amzn.to\/2MiodAv\" target=\"_blank\" rel=\"noopener noreferrer\">British Rock<\/a>, trois tomes pour l\u2019instant, aux <a href=\"https:\/\/culturesco.com\/index.php\/2019\/11\/23\/stephane-koechlin-le-dernier-ete-de-grace-slick\/\" target=\"_blank\" rel=\"noopener noreferrer\">Editions du Castor Music<\/a><strong> (ou Astral)<\/strong>. Encore de belles lectures en perspectives. La pr\u00e9sentation est \u00e0 peu pr\u00e8s la m\u00eame que pour le livre dont nous venons de parler ci-dessus.<\/p>\n<h3 style=\"text-align: justify;\">Editions du Layeur, les livres d\u00e9di\u00e9s aux groupes<\/h3>\n<p style=\"text-align: justify;\">Les deux suivants s\u2019adressent soit aux fans purs et durs, soit \u00e0 ceux qui ont envie d\u2019en savoir plus sur des groupes qu\u2019ils appr\u00e9cient.<\/p>\n<p style=\"text-align: justify;\"><a href=\"https:\/\/amzn.to\/2Se0zcg\" target=\"_blank\" rel=\"noopener noreferrer\">Commen\u00e7ons par celui de <strong>Stan Cuesta<\/strong><\/a>, habitu\u00e9 de chroniques dans <strong>Rock&amp;Folk<\/strong> notamment, qui aborde la l\u00e9gende du <a href=\"https:\/\/culturesco.com\/index.php\/2019\/02\/22\/songs-for-drella-lou-reed-et-john-cale-album-hommage-a-andy-warhol\/\" target=\"_blank\" rel=\"noopener noreferrer\">Velvet Underground<\/a> \u00e0 travers son meneur, plus que leader, <strong>Lou Reed<\/strong>. Toute la carri\u00e8re est retrac\u00e9e pr\u00e9cis\u00e9ment et objectivement, accompagn\u00e9 de son comparse <strong>John Cale<\/strong>, \u00e0 travers leurs albums respectifs. Y\u2019a de quoi se brancher sur <strong>Youtube<\/strong> ou, encore mieux, d\u2019acheter tout ce qui vaut le coup. D\u2019ailleurs en pensant \u00e0 <strong>Lou Reed<\/strong>, on en revient \u00e0 <strong>Nick Cave<\/strong>, dont nous avons parl\u00e9 plus haut et d\u2019une ville particuli\u00e8re dans le rock\u00a0: <a href=\"https:\/\/culturesco.com\/index.php\/2018\/12\/19\/lou-reed-je-suis-un-berlinois\/\" target=\"_blank\" rel=\"noopener noreferrer\">Berlin<\/a>. Faites r\u00e9f\u00e9rence \u00e0 <a href=\"https:\/\/culturesco.com\/index.php\/2019\/01\/07\/david-bowie-et-iggy-pop-amitie-eternelle\/\" target=\"_blank\" rel=\"noopener noreferrer\">David Bowie et Iggy Pop<\/a>, par exemple. Qui va s\u2019attaquer \u00e0 ce genre d\u2019ouvrage\u00a0?<\/p>\n<figure id=\"attachment_9692\" aria-describedby=\"caption-attachment-9692\" style=\"width: 350px\" class=\"wp-caption aligncenter\"><a href=\"https:\/\/amzn.to\/35V36MJ\" target=\"_blank\" rel=\"noopener noreferrer\"><img data-recalc-dims=\"1\" loading=\"lazy\" decoding=\"async\" class=\"wp-image-9692 size-full\" src=\"https:\/\/i0.wp.com\/culturesco.com\/wp-content\/uploads\/2019\/12\/dominique-dupuis-deep-purple-cover.jpg?resize=350%2C368&#038;ssl=1\" alt=\"dominique dupuis deep purple cover\" width=\"350\" height=\"368\" srcset=\"https:\/\/i0.wp.com\/culturesco.com\/wp-content\/uploads\/2019\/12\/dominique-dupuis-deep-purple-cover.jpg?w=350&amp;ssl=1 350w, https:\/\/i0.wp.com\/culturesco.com\/wp-content\/uploads\/2019\/12\/dominique-dupuis-deep-purple-cover.jpg?resize=285%2C300&amp;ssl=1 285w\" sizes=\"auto, (max-width: 350px) 100vw, 350px\" \/><\/a><figcaption id=\"caption-attachment-9692\" class=\"wp-caption-text\">Dominique Dupuis &#8211; Deep Purple Cover &#8211; Editions du Layeur<\/figcaption><\/figure>\n<p style=\"text-align: justify;\">Pour terminer, un retour vers un pass\u00e9 qui passe tr\u00e8s bien. Les d\u00e9buts du hard rock quand le blues \u00e9tait appr\u00e9ci\u00e9. <a href=\"https:\/\/culturesco.com\/index.php\/2019\/09\/11\/deep-purple-story-1-in-rock-fireball-machine-head-who-do-we-think-we-are\/\" target=\"_blank\" rel=\"noopener noreferrer\">Deep Purple<\/a> a fait partie de cette branche de groupes, auquel on assimilera bien volontiers <a href=\"https:\/\/culturesco.com\/index.php\/2019\/08\/19\/led-zeppelin-iv-mythes-et-legendes-autour-d-une-pochette-de-disque-stairway-to-heaven\/\" target=\"_blank\" rel=\"noopener noreferrer\">Led Zeppelin<\/a>, qui ont su m\u00e9langer judicieusement deux univers \u00e0 priori oppos\u00e9s. Comme \u00e0 l\u2019accoutum\u00e9e, <a href=\"https:\/\/amzn.to\/35V36MJ\" target=\"_blank\" rel=\"noopener noreferrer\">Dominique Dupuis<\/a> s\u2019adonne \u00e0 la pr\u00e9sentation du groupe \u00e0 travers ses albums mais aussi aux membres qui ont quitt\u00e9 le groupe pour une carri\u00e8re solo plus ou moins r\u00e9ussie. L\u2019ensemble est splendide de r\u00e9f\u00e9rences, de photos et de chroniques d\u2019albums.<\/p>\n<p style=\"text-align: justify;\"><a href=\"https:\/\/amzn.to\/2EGAtqA\" target=\"_blank\" rel=\"noopener noreferrer\">Guillaume Belhomme \/\u00a0Pop Fin de Si\u00e8cle<\/a><\/p>\n<p style=\"text-align: justify;\">220 pages \u2013 39,90\u20ac<\/p>\n<p style=\"text-align: justify;\"><a href=\"https:\/\/amzn.to\/35GAuGG\" target=\"_blank\" rel=\"noopener noreferrer\">Christophe Delbrouck \/\u00a0Soul Music<\/a><\/p>\n<p style=\"text-align: justify;\">360 pages \u2013 39,90 \u20ac<\/p>\n<p style=\"text-align: justify;\"><a href=\"https:\/\/amzn.to\/2ZgiQqP\" target=\"_blank\" rel=\"noopener noreferrer\">Stan Cuesta \/\u00a0Lou Reed et Le Velvet Undergound<\/a><\/p>\n<p style=\"text-align: justify;\">260 pages \u2013 34 \u20ac<\/p>\n<p style=\"text-align: justify;\"><a href=\"https:\/\/amzn.to\/35V36MJ\" target=\"_blank\" rel=\"noopener noreferrer\">Dominique Dupuis \/\u00a0Deep Purple Cover<\/a><\/p>\n<p style=\"text-align: justify;\">260 pages \u2013 34 \u20ac<\/p>\n<p style=\"text-align: justify;\"><strong>Patrick B\u00e9nard<\/strong><\/p>\n","protected":false},"excerpt":{"rendered":"<p>Des Livres Luxueux Autour du Rock Voici une maison d\u2019\u00e9dition qui n\u2019a pas peur d\u2019affronter les grosses bo\u00eetes \u00e0 tout moment en mati\u00e8re de livres luxueux et intelligents. Apr\u00e8s l\u2019architecture et la d\u00e9coration, Les Editions du Layeur s\u2019attaquent au rock et il fallait oser. D\u2019autant que c\u2019est particuli\u00e8rement r\u00e9ussi depuis plus de deux ans. Alors, [&hellip;]<\/p>\n","protected":false},"author":4,"featured_media":9698,"comment_status":"open","ping_status":"open","sticky":false,"template":"","format":"image","meta":{"jetpack_post_was_ever_published":false,"tdm_status":"","tdm_grid_status":"","_jetpack_newsletter_access":"","_jetpack_dont_email_post_to_subs":false,"_jetpack_newsletter_tier_id":0,"_jetpack_memberships_contains_paywalled_content":false,"_jetpack_memberships_contains_paid_content":false,"footnotes":""},"categories":[34,17,23,33,27,66],"tags":[],"class_list":{"0":"post-9675","1":"post","2":"type-post","3":"status-publish","4":"format-image","5":"has-post-thumbnail","7":"category-anecdotes-rock","8":"category-carotte-rock-cultures","9":"category-chroniques-litteraires","10":"category-histoire-du-rock","11":"category-litterature","12":"category-livre-rock","13":"post_format-post-format-image"},"yoast_head":"<!-- This site is optimized with the Yoast SEO plugin v27.5 - https:\/\/yoast.com\/product\/yoast-seo-wordpress\/ -->\n<title>Editions du layeur - Un Editeur qui n a pas Peur du Rock - Culturesco<\/title>\n<meta name=\"description\" content=\"CulturesCo | Une collection de livres rock luxueux aux Editions du Layeur :Deep Purple Cover, Lou Reed et le Velvet, Pop fin de si\u00e8cle ...\" \/>\n<meta name=\"robots\" content=\"index, follow, max-snippet:-1, max-image-preview:large, max-video-preview:-1\" \/>\n<link rel=\"canonical\" href=\"https:\/\/culturesco.com\/index.php\/2019\/12\/21\/editions-du-layeur-des-livres-luxueux-autour-du-rock-deep-purple-cover-lou-reed-et-le-velvet-underground-pop-fin-de-siecle-soul-music\/\" \/>\n<meta property=\"og:locale\" content=\"fr_FR\" \/>\n<meta property=\"og:type\" content=\"article\" \/>\n<meta property=\"og:title\" content=\"Editions du layeur - Un Editeur qui n a pas Peur du Rock - Culturesco\" \/>\n<meta property=\"og:description\" content=\"CulturesCo | Une collection de livres rock luxueux aux Editions du Layeur :Deep Purple Cover, Lou Reed et le Velvet, Pop fin de si\u00e8cle ...\" \/>\n<meta property=\"og:url\" content=\"https:\/\/culturesco.com\/index.php\/2019\/12\/21\/editions-du-layeur-des-livres-luxueux-autour-du-rock-deep-purple-cover-lou-reed-et-le-velvet-underground-pop-fin-de-siecle-soul-music\/\" \/>\n<meta property=\"og:site_name\" content=\"Culturesco\" \/>\n<meta property=\"article:publisher\" content=\"https:\/\/www.facebook.com\/radioculturesco\" \/>\n<meta property=\"article:published_time\" content=\"2019-12-21T01:18:01+00:00\" \/>\n<meta property=\"article:modified_time\" content=\"2020-07-13T21:39:38+00:00\" \/>\n<meta property=\"og:image\" content=\"https:\/\/i1.wp.com\/culturesco.com\/wp-content\/uploads\/2019\/12\/editions-du-layeur-livres-rock-1.jpg?fit=600%2C314&ssl=1\" \/>\n\t<meta property=\"og:image:width\" content=\"600\" \/>\n\t<meta property=\"og:image:height\" content=\"314\" \/>\n\t<meta property=\"og:image:type\" content=\"image\/jpeg\" \/>\n<meta name=\"author\" content=\"Patrick Benard\" \/>\n<meta name=\"twitter:card\" content=\"summary_large_image\" \/>\n<meta name=\"twitter:creator\" content=\"@AugusteMarshal\" \/>\n<meta name=\"twitter:site\" content=\"@AugusteMarshal\" \/>\n<meta name=\"twitter:label1\" content=\"\u00c9crit par\" \/>\n\t<meta name=\"twitter:data1\" content=\"Patrick Benard\" \/>\n\t<meta name=\"twitter:label2\" content=\"Dur\u00e9e de lecture estim\u00e9e\" \/>\n\t<meta name=\"twitter:data2\" content=\"4 minutes\" \/>\n<script type=\"application\/ld+json\" class=\"yoast-schema-graph\">{\"@context\":\"https:\\\/\\\/schema.org\",\"@graph\":[{\"@type\":\"Article\",\"@id\":\"https:\\\/\\\/culturesco.com\\\/index.php\\\/2019\\\/12\\\/21\\\/editions-du-layeur-des-livres-luxueux-autour-du-rock-deep-purple-cover-lou-reed-et-le-velvet-underground-pop-fin-de-siecle-soul-music\\\/#article\",\"isPartOf\":{\"@id\":\"https:\\\/\\\/culturesco.com\\\/index.php\\\/2019\\\/12\\\/21\\\/editions-du-layeur-des-livres-luxueux-autour-du-rock-deep-purple-cover-lou-reed-et-le-velvet-underground-pop-fin-de-siecle-soul-music\\\/\"},\"author\":{\"name\":\"Patrick Benard\",\"@id\":\"https:\\\/\\\/culturesco.com\\\/#\\\/schema\\\/person\\\/c2ddd6724863f3bbd20a8278df0891f3\"},\"headline\":\"Editions du layeur &#8211; Un Editeur qui n a pas Peur du Rock\",\"datePublished\":\"2019-12-21T01:18:01+00:00\",\"dateModified\":\"2020-07-13T21:39:38+00:00\",\"mainEntityOfPage\":{\"@id\":\"https:\\\/\\\/culturesco.com\\\/index.php\\\/2019\\\/12\\\/21\\\/editions-du-layeur-des-livres-luxueux-autour-du-rock-deep-purple-cover-lou-reed-et-le-velvet-underground-pop-fin-de-siecle-soul-music\\\/\"},\"wordCount\":748,\"commentCount\":0,\"publisher\":{\"@id\":\"https:\\\/\\\/culturesco.com\\\/#organization\"},\"image\":{\"@id\":\"https:\\\/\\\/culturesco.com\\\/index.php\\\/2019\\\/12\\\/21\\\/editions-du-layeur-des-livres-luxueux-autour-du-rock-deep-purple-cover-lou-reed-et-le-velvet-underground-pop-fin-de-siecle-soul-music\\\/#primaryimage\"},\"thumbnailUrl\":\"https:\\\/\\\/i0.wp.com\\\/culturesco.com\\\/wp-content\\\/uploads\\\/2019\\\/12\\\/editions-du-layeur-livres-rock-1.jpg?fit=600%2C314&ssl=1\",\"articleSection\":[\"Anecdotes rock\",\"Carotte Rock Cultures\",\"Chroniques litt\u00e9raires\",\"Histoire du rock\",\"Litt\u00e9rature\",\"Livre Rock\"],\"inLanguage\":\"fr-FR\",\"potentialAction\":[{\"@type\":\"CommentAction\",\"name\":\"Comment\",\"target\":[\"https:\\\/\\\/culturesco.com\\\/index.php\\\/2019\\\/12\\\/21\\\/editions-du-layeur-des-livres-luxueux-autour-du-rock-deep-purple-cover-lou-reed-et-le-velvet-underground-pop-fin-de-siecle-soul-music\\\/#respond\"]}]},{\"@type\":\"WebPage\",\"@id\":\"https:\\\/\\\/culturesco.com\\\/index.php\\\/2019\\\/12\\\/21\\\/editions-du-layeur-des-livres-luxueux-autour-du-rock-deep-purple-cover-lou-reed-et-le-velvet-underground-pop-fin-de-siecle-soul-music\\\/\",\"url\":\"https:\\\/\\\/culturesco.com\\\/index.php\\\/2019\\\/12\\\/21\\\/editions-du-layeur-des-livres-luxueux-autour-du-rock-deep-purple-cover-lou-reed-et-le-velvet-underground-pop-fin-de-siecle-soul-music\\\/\",\"name\":\"Editions du layeur - Un Editeur qui n a pas Peur du Rock - Culturesco\",\"isPartOf\":{\"@id\":\"https:\\\/\\\/culturesco.com\\\/#website\"},\"primaryImageOfPage\":{\"@id\":\"https:\\\/\\\/culturesco.com\\\/index.php\\\/2019\\\/12\\\/21\\\/editions-du-layeur-des-livres-luxueux-autour-du-rock-deep-purple-cover-lou-reed-et-le-velvet-underground-pop-fin-de-siecle-soul-music\\\/#primaryimage\"},\"image\":{\"@id\":\"https:\\\/\\\/culturesco.com\\\/index.php\\\/2019\\\/12\\\/21\\\/editions-du-layeur-des-livres-luxueux-autour-du-rock-deep-purple-cover-lou-reed-et-le-velvet-underground-pop-fin-de-siecle-soul-music\\\/#primaryimage\"},\"thumbnailUrl\":\"https:\\\/\\\/i0.wp.com\\\/culturesco.com\\\/wp-content\\\/uploads\\\/2019\\\/12\\\/editions-du-layeur-livres-rock-1.jpg?fit=600%2C314&ssl=1\",\"datePublished\":\"2019-12-21T01:18:01+00:00\",\"dateModified\":\"2020-07-13T21:39:38+00:00\",\"description\":\"CulturesCo | Une collection de livres rock luxueux aux Editions du Layeur :Deep Purple Cover, Lou Reed et le Velvet, Pop fin de si\u00e8cle ...\",\"breadcrumb\":{\"@id\":\"https:\\\/\\\/culturesco.com\\\/index.php\\\/2019\\\/12\\\/21\\\/editions-du-layeur-des-livres-luxueux-autour-du-rock-deep-purple-cover-lou-reed-et-le-velvet-underground-pop-fin-de-siecle-soul-music\\\/#breadcrumb\"},\"inLanguage\":\"fr-FR\",\"potentialAction\":[{\"@type\":\"ReadAction\",\"target\":[\"https:\\\/\\\/culturesco.com\\\/index.php\\\/2019\\\/12\\\/21\\\/editions-du-layeur-des-livres-luxueux-autour-du-rock-deep-purple-cover-lou-reed-et-le-velvet-underground-pop-fin-de-siecle-soul-music\\\/\"]}]},{\"@type\":\"ImageObject\",\"inLanguage\":\"fr-FR\",\"@id\":\"https:\\\/\\\/culturesco.com\\\/index.php\\\/2019\\\/12\\\/21\\\/editions-du-layeur-des-livres-luxueux-autour-du-rock-deep-purple-cover-lou-reed-et-le-velvet-underground-pop-fin-de-siecle-soul-music\\\/#primaryimage\",\"url\":\"https:\\\/\\\/i0.wp.com\\\/culturesco.com\\\/wp-content\\\/uploads\\\/2019\\\/12\\\/editions-du-layeur-livres-rock-1.jpg?fit=600%2C314&ssl=1\",\"contentUrl\":\"https:\\\/\\\/i0.wp.com\\\/culturesco.com\\\/wp-content\\\/uploads\\\/2019\\\/12\\\/editions-du-layeur-livres-rock-1.jpg?fit=600%2C314&ssl=1\",\"width\":600,\"height\":314,\"caption\":\"editions du layeur livre rock\"},{\"@type\":\"BreadcrumbList\",\"@id\":\"https:\\\/\\\/culturesco.com\\\/index.php\\\/2019\\\/12\\\/21\\\/editions-du-layeur-des-livres-luxueux-autour-du-rock-deep-purple-cover-lou-reed-et-le-velvet-underground-pop-fin-de-siecle-soul-music\\\/#breadcrumb\",\"itemListElement\":[{\"@type\":\"ListItem\",\"position\":1,\"name\":\"Accueil\",\"item\":\"https:\\\/\\\/culturesco.com\\\/\"},{\"@type\":\"ListItem\",\"position\":2,\"name\":\"Editions du layeur &#8211; Un Editeur qui n a pas Peur du Rock\"}]},{\"@type\":\"WebSite\",\"@id\":\"https:\\\/\\\/culturesco.com\\\/#website\",\"url\":\"https:\\\/\\\/culturesco.com\\\/\",\"name\":\"Culturesco\",\"description\":\"Culturesco | Un bon coup de pied dans ta Culture\",\"publisher\":{\"@id\":\"https:\\\/\\\/culturesco.com\\\/#organization\"},\"potentialAction\":[{\"@type\":\"SearchAction\",\"target\":{\"@type\":\"EntryPoint\",\"urlTemplate\":\"https:\\\/\\\/culturesco.com\\\/?s={search_term_string}\"},\"query-input\":{\"@type\":\"PropertyValueSpecification\",\"valueRequired\":true,\"valueName\":\"search_term_string\"}}],\"inLanguage\":\"fr-FR\"},{\"@type\":\"Organization\",\"@id\":\"https:\\\/\\\/culturesco.com\\\/#organization\",\"name\":\"CULTURESCO\",\"url\":\"https:\\\/\\\/culturesco.com\\\/\",\"logo\":{\"@type\":\"ImageObject\",\"inLanguage\":\"fr-FR\",\"@id\":\"https:\\\/\\\/culturesco.com\\\/#\\\/schema\\\/logo\\\/image\\\/\",\"url\":\"https:\\\/\\\/i0.wp.com\\\/culturesco.com\\\/wp-content\\\/uploads\\\/2022\\\/04\\\/culturesco-logo-blanc250p.png?fit=250%2C250&ssl=1\",\"contentUrl\":\"https:\\\/\\\/i0.wp.com\\\/culturesco.com\\\/wp-content\\\/uploads\\\/2022\\\/04\\\/culturesco-logo-blanc250p.png?fit=250%2C250&ssl=1\",\"width\":250,\"height\":250,\"caption\":\"CULTURESCO\"},\"image\":{\"@id\":\"https:\\\/\\\/culturesco.com\\\/#\\\/schema\\\/logo\\\/image\\\/\"},\"sameAs\":[\"https:\\\/\\\/www.facebook.com\\\/radioculturesco\",\"https:\\\/\\\/x.com\\\/AugusteMarshal\",\"https:\\\/\\\/www.instagram.com\\\/carotte_rock_culture\\\/\",\"https:\\\/\\\/www.pinterest.fr\\\/augustemarshal\\\/\",\"https:\\\/\\\/www.youtube.com\\\/channel\\\/UCiWLGffqWSXlNnfzp6YwwyQ\"]},{\"@type\":\"Person\",\"@id\":\"https:\\\/\\\/culturesco.com\\\/#\\\/schema\\\/person\\\/c2ddd6724863f3bbd20a8278df0891f3\",\"name\":\"Patrick Benard\",\"image\":{\"@type\":\"ImageObject\",\"inLanguage\":\"fr-FR\",\"@id\":\"https:\\\/\\\/i0.wp.com\\\/culturesco.com\\\/wp-content\\\/uploads\\\/2019\\\/02\\\/patrick-benard-2.jpg?fit=90%2C96&ssl=1\",\"url\":\"https:\\\/\\\/i0.wp.com\\\/culturesco.com\\\/wp-content\\\/uploads\\\/2019\\\/02\\\/patrick-benard-2.jpg?fit=90%2C96&ssl=1\",\"contentUrl\":\"https:\\\/\\\/i0.wp.com\\\/culturesco.com\\\/wp-content\\\/uploads\\\/2019\\\/02\\\/patrick-benard-2.jpg?fit=90%2C96&ssl=1\",\"caption\":\"Patrick Benard\"},\"description\":\"Ecrivain, chroniqueur, animateur radio, cr\u00e9ateur de la revue \u00ab Cin\u00e9manie \u00bb, autour du cin\u00e9ma dit d\u2019art et d\u2019essai, sp\u00e9cialiste du groupe The Cure, archiviste... 2020 : \\\"Le Post Rock\\\" essai sur le post rock de Mogwa\u00ef \u00e0 Godspeed You Black Emperor - Camion Blanc 2014 : \u00ab On the rocks \u2013le rock de 2007 \u00e0 2014 \u00bb chroniques livres et cd rocks, interviews \u2013Editions Vaillant 2010 : \u00ab Dans la T\u00eate de Robert Smith \u00bb, roman fiction autour de l\u2019histoire des Cure et de Robert Smith \u2013 Edilivres 2007 : \u00ab Chroniques Fr\u00e9n\u00e9tiques, une histoire intime du rock \u00bb, roman, prix Technikart. 2001 : \u00ab Les Iles du D\u00e9sert \u00bb, polar autour du rock \u2013 Editions Nykta\",\"url\":\"https:\\\/\\\/culturesco.com\\\/index.php\\\/author\\\/patrick-benard89\\\/\"}]}<\/script>\n<!-- \/ Yoast SEO plugin. -->","yoast_head_json":{"title":"Editions du layeur - Un Editeur qui n a pas Peur du Rock - Culturesco","description":"CulturesCo | Une collection de livres rock luxueux aux Editions du Layeur :Deep Purple Cover, Lou Reed et le Velvet, Pop fin de si\u00e8cle ...","robots":{"index":"index","follow":"follow","max-snippet":"max-snippet:-1","max-image-preview":"max-image-preview:large","max-video-preview":"max-video-preview:-1"},"canonical":"https:\/\/culturesco.com\/index.php\/2019\/12\/21\/editions-du-layeur-des-livres-luxueux-autour-du-rock-deep-purple-cover-lou-reed-et-le-velvet-underground-pop-fin-de-siecle-soul-music\/","og_locale":"fr_FR","og_type":"article","og_title":"Editions du layeur - Un Editeur qui n a pas Peur du Rock - Culturesco","og_description":"CulturesCo | Une collection de livres rock luxueux aux Editions du Layeur :Deep Purple Cover, Lou Reed et le Velvet, Pop fin de si\u00e8cle ...","og_url":"https:\/\/culturesco.com\/index.php\/2019\/12\/21\/editions-du-layeur-des-livres-luxueux-autour-du-rock-deep-purple-cover-lou-reed-et-le-velvet-underground-pop-fin-de-siecle-soul-music\/","og_site_name":"Culturesco","article_publisher":"https:\/\/www.facebook.com\/radioculturesco","article_published_time":"2019-12-21T01:18:01+00:00","article_modified_time":"2020-07-13T21:39:38+00:00","og_image":[{"width":600,"height":314,"url":"https:\/\/i1.wp.com\/culturesco.com\/wp-content\/uploads\/2019\/12\/editions-du-layeur-livres-rock-1.jpg?fit=600%2C314&ssl=1","type":"image\/jpeg"}],"author":"Patrick Benard","twitter_card":"summary_large_image","twitter_creator":"@AugusteMarshal","twitter_site":"@AugusteMarshal","twitter_misc":{"\u00c9crit par":"Patrick Benard","Dur\u00e9e de lecture estim\u00e9e":"4 minutes"},"schema":{"@context":"https:\/\/schema.org","@graph":[{"@type":"Article","@id":"https:\/\/culturesco.com\/index.php\/2019\/12\/21\/editions-du-layeur-des-livres-luxueux-autour-du-rock-deep-purple-cover-lou-reed-et-le-velvet-underground-pop-fin-de-siecle-soul-music\/#article","isPartOf":{"@id":"https:\/\/culturesco.com\/index.php\/2019\/12\/21\/editions-du-layeur-des-livres-luxueux-autour-du-rock-deep-purple-cover-lou-reed-et-le-velvet-underground-pop-fin-de-siecle-soul-music\/"},"author":{"name":"Patrick Benard","@id":"https:\/\/culturesco.com\/#\/schema\/person\/c2ddd6724863f3bbd20a8278df0891f3"},"headline":"Editions du layeur &#8211; Un Editeur qui n a pas Peur du Rock","datePublished":"2019-12-21T01:18:01+00:00","dateModified":"2020-07-13T21:39:38+00:00","mainEntityOfPage":{"@id":"https:\/\/culturesco.com\/index.php\/2019\/12\/21\/editions-du-layeur-des-livres-luxueux-autour-du-rock-deep-purple-cover-lou-reed-et-le-velvet-underground-pop-fin-de-siecle-soul-music\/"},"wordCount":748,"commentCount":0,"publisher":{"@id":"https:\/\/culturesco.com\/#organization"},"image":{"@id":"https:\/\/culturesco.com\/index.php\/2019\/12\/21\/editions-du-layeur-des-livres-luxueux-autour-du-rock-deep-purple-cover-lou-reed-et-le-velvet-underground-pop-fin-de-siecle-soul-music\/#primaryimage"},"thumbnailUrl":"https:\/\/i0.wp.com\/culturesco.com\/wp-content\/uploads\/2019\/12\/editions-du-layeur-livres-rock-1.jpg?fit=600%2C314&ssl=1","articleSection":["Anecdotes rock","Carotte Rock Cultures","Chroniques litt\u00e9raires","Histoire du rock","Litt\u00e9rature","Livre Rock"],"inLanguage":"fr-FR","potentialAction":[{"@type":"CommentAction","name":"Comment","target":["https:\/\/culturesco.com\/index.php\/2019\/12\/21\/editions-du-layeur-des-livres-luxueux-autour-du-rock-deep-purple-cover-lou-reed-et-le-velvet-underground-pop-fin-de-siecle-soul-music\/#respond"]}]},{"@type":"WebPage","@id":"https:\/\/culturesco.com\/index.php\/2019\/12\/21\/editions-du-layeur-des-livres-luxueux-autour-du-rock-deep-purple-cover-lou-reed-et-le-velvet-underground-pop-fin-de-siecle-soul-music\/","url":"https:\/\/culturesco.com\/index.php\/2019\/12\/21\/editions-du-layeur-des-livres-luxueux-autour-du-rock-deep-purple-cover-lou-reed-et-le-velvet-underground-pop-fin-de-siecle-soul-music\/","name":"Editions du layeur - Un Editeur qui n a pas Peur du Rock - Culturesco","isPartOf":{"@id":"https:\/\/culturesco.com\/#website"},"primaryImageOfPage":{"@id":"https:\/\/culturesco.com\/index.php\/2019\/12\/21\/editions-du-layeur-des-livres-luxueux-autour-du-rock-deep-purple-cover-lou-reed-et-le-velvet-underground-pop-fin-de-siecle-soul-music\/#primaryimage"},"image":{"@id":"https:\/\/culturesco.com\/index.php\/2019\/12\/21\/editions-du-layeur-des-livres-luxueux-autour-du-rock-deep-purple-cover-lou-reed-et-le-velvet-underground-pop-fin-de-siecle-soul-music\/#primaryimage"},"thumbnailUrl":"https:\/\/i0.wp.com\/culturesco.com\/wp-content\/uploads\/2019\/12\/editions-du-layeur-livres-rock-1.jpg?fit=600%2C314&ssl=1","datePublished":"2019-12-21T01:18:01+00:00","dateModified":"2020-07-13T21:39:38+00:00","description":"CulturesCo | Une collection de livres rock luxueux aux Editions du Layeur :Deep Purple Cover, Lou Reed et le Velvet, Pop fin de si\u00e8cle ...","breadcrumb":{"@id":"https:\/\/culturesco.com\/index.php\/2019\/12\/21\/editions-du-layeur-des-livres-luxueux-autour-du-rock-deep-purple-cover-lou-reed-et-le-velvet-underground-pop-fin-de-siecle-soul-music\/#breadcrumb"},"inLanguage":"fr-FR","potentialAction":[{"@type":"ReadAction","target":["https:\/\/culturesco.com\/index.php\/2019\/12\/21\/editions-du-layeur-des-livres-luxueux-autour-du-rock-deep-purple-cover-lou-reed-et-le-velvet-underground-pop-fin-de-siecle-soul-music\/"]}]},{"@type":"ImageObject","inLanguage":"fr-FR","@id":"https:\/\/culturesco.com\/index.php\/2019\/12\/21\/editions-du-layeur-des-livres-luxueux-autour-du-rock-deep-purple-cover-lou-reed-et-le-velvet-underground-pop-fin-de-siecle-soul-music\/#primaryimage","url":"https:\/\/i0.wp.com\/culturesco.com\/wp-content\/uploads\/2019\/12\/editions-du-layeur-livres-rock-1.jpg?fit=600%2C314&ssl=1","contentUrl":"https:\/\/i0.wp.com\/culturesco.com\/wp-content\/uploads\/2019\/12\/editions-du-layeur-livres-rock-1.jpg?fit=600%2C314&ssl=1","width":600,"height":314,"caption":"editions du layeur livre rock"},{"@type":"BreadcrumbList","@id":"https:\/\/culturesco.com\/index.php\/2019\/12\/21\/editions-du-layeur-des-livres-luxueux-autour-du-rock-deep-purple-cover-lou-reed-et-le-velvet-underground-pop-fin-de-siecle-soul-music\/#breadcrumb","itemListElement":[{"@type":"ListItem","position":1,"name":"Accueil","item":"https:\/\/culturesco.com\/"},{"@type":"ListItem","position":2,"name":"Editions du layeur &#8211; Un Editeur qui n a pas Peur du Rock"}]},{"@type":"WebSite","@id":"https:\/\/culturesco.com\/#website","url":"https:\/\/culturesco.com\/","name":"Culturesco","description":"Culturesco | Un bon coup de pied dans ta Culture","publisher":{"@id":"https:\/\/culturesco.com\/#organization"},"potentialAction":[{"@type":"SearchAction","target":{"@type":"EntryPoint","urlTemplate":"https:\/\/culturesco.com\/?s={search_term_string}"},"query-input":{"@type":"PropertyValueSpecification","valueRequired":true,"valueName":"search_term_string"}}],"inLanguage":"fr-FR"},{"@type":"Organization","@id":"https:\/\/culturesco.com\/#organization","name":"CULTURESCO","url":"https:\/\/culturesco.com\/","logo":{"@type":"ImageObject","inLanguage":"fr-FR","@id":"https:\/\/culturesco.com\/#\/schema\/logo\/image\/","url":"https:\/\/i0.wp.com\/culturesco.com\/wp-content\/uploads\/2022\/04\/culturesco-logo-blanc250p.png?fit=250%2C250&ssl=1","contentUrl":"https:\/\/i0.wp.com\/culturesco.com\/wp-content\/uploads\/2022\/04\/culturesco-logo-blanc250p.png?fit=250%2C250&ssl=1","width":250,"height":250,"caption":"CULTURESCO"},"image":{"@id":"https:\/\/culturesco.com\/#\/schema\/logo\/image\/"},"sameAs":["https:\/\/www.facebook.com\/radioculturesco","https:\/\/x.com\/AugusteMarshal","https:\/\/www.instagram.com\/carotte_rock_culture\/","https:\/\/www.pinterest.fr\/augustemarshal\/","https:\/\/www.youtube.com\/channel\/UCiWLGffqWSXlNnfzp6YwwyQ"]},{"@type":"Person","@id":"https:\/\/culturesco.com\/#\/schema\/person\/c2ddd6724863f3bbd20a8278df0891f3","name":"Patrick Benard","image":{"@type":"ImageObject","inLanguage":"fr-FR","@id":"https:\/\/i0.wp.com\/culturesco.com\/wp-content\/uploads\/2019\/02\/patrick-benard-2.jpg?fit=90%2C96&ssl=1","url":"https:\/\/i0.wp.com\/culturesco.com\/wp-content\/uploads\/2019\/02\/patrick-benard-2.jpg?fit=90%2C96&ssl=1","contentUrl":"https:\/\/i0.wp.com\/culturesco.com\/wp-content\/uploads\/2019\/02\/patrick-benard-2.jpg?fit=90%2C96&ssl=1","caption":"Patrick Benard"},"description":"Ecrivain, chroniqueur, animateur radio, cr\u00e9ateur de la revue \u00ab Cin\u00e9manie \u00bb, autour du cin\u00e9ma dit d\u2019art et d\u2019essai, sp\u00e9cialiste du groupe The Cure, archiviste... 2020 : \"Le Post Rock\" essai sur le post rock de Mogwa\u00ef \u00e0 Godspeed You Black Emperor - Camion Blanc 2014 : \u00ab On the rocks \u2013le rock de 2007 \u00e0 2014 \u00bb chroniques livres et cd rocks, interviews \u2013Editions Vaillant 2010 : \u00ab Dans la T\u00eate de Robert Smith \u00bb, roman fiction autour de l\u2019histoire des Cure et de Robert Smith \u2013 Edilivres 2007 : \u00ab Chroniques Fr\u00e9n\u00e9tiques, une histoire intime du rock \u00bb, roman, prix Technikart. 2001 : \u00ab Les Iles du D\u00e9sert \u00bb, polar autour du rock \u2013 Editions Nykta","url":"https:\/\/culturesco.com\/index.php\/author\/patrick-benard89\/"}]}},"jetpack_featured_media_url":"https:\/\/i0.wp.com\/culturesco.com\/wp-content\/uploads\/2019\/12\/editions-du-layeur-livres-rock-1.jpg?fit=600%2C314&ssl=1","jetpack_likes_enabled":true,"jetpack_sharing_enabled":true,"jetpack_shortlink":"https:\/\/wp.me\/paz89I-2w3","_links":{"self":[{"href":"https:\/\/culturesco.com\/index.php\/wp-json\/wp\/v2\/posts\/9675","targetHints":{"allow":["GET"]}}],"collection":[{"href":"https:\/\/culturesco.com\/index.php\/wp-json\/wp\/v2\/posts"}],"about":[{"href":"https:\/\/culturesco.com\/index.php\/wp-json\/wp\/v2\/types\/post"}],"author":[{"embeddable":true,"href":"https:\/\/culturesco.com\/index.php\/wp-json\/wp\/v2\/users\/4"}],"replies":[{"embeddable":true,"href":"https:\/\/culturesco.com\/index.php\/wp-json\/wp\/v2\/comments?post=9675"}],"version-history":[{"count":0,"href":"https:\/\/culturesco.com\/index.php\/wp-json\/wp\/v2\/posts\/9675\/revisions"}],"wp:featuredmedia":[{"embeddable":true,"href":"https:\/\/culturesco.com\/index.php\/wp-json\/wp\/v2\/media\/9698"}],"wp:attachment":[{"href":"https:\/\/culturesco.com\/index.php\/wp-json\/wp\/v2\/media?parent=9675"}],"wp:term":[{"taxonomy":"category","embeddable":true,"href":"https:\/\/culturesco.com\/index.php\/wp-json\/wp\/v2\/categories?post=9675"},{"taxonomy":"post_tag","embeddable":true,"href":"https:\/\/culturesco.com\/index.php\/wp-json\/wp\/v2\/tags?post=9675"}],"curies":[{"name":"wp","href":"https:\/\/api.w.org\/{rel}","templated":true}]}}