{"id":9542,"date":"2019-12-11T15:48:29","date_gmt":"2019-12-11T14:48:29","guid":{"rendered":"https:\/\/culturesco.com\/?p=9542"},"modified":"2019-12-11T15:48:29","modified_gmt":"2019-12-11T14:48:29","slug":"pierre-soulages-le-maitre-de-l-outrenoir-s-expose-au-musee-du-louvre-pour-ses-100-ans","status":"publish","type":"post","link":"https:\/\/culturesco.com\/index.php\/2019\/12\/11\/pierre-soulages-le-maitre-de-l-outrenoir-s-expose-au-musee-du-louvre-pour-ses-100-ans\/","title":{"rendered":"Pierre Soulages, le ma\u00eetre de l&rsquo;outrenoir"},"content":{"rendered":"<h2>Soulages expos\u00e9 au Mus\u00e9e du Louvre<\/h2>\n<p><img data-recalc-dims=\"1\" loading=\"lazy\" decoding=\"async\" class=\"alignnone size-large wp-image-9564\" src=\"https:\/\/i0.wp.com\/culturesco.com\/wp-content\/uploads\/2019\/12\/AAAA-Soulages-001.jpg?resize=696%2C391&#038;ssl=1\" alt=\"L'abbatiale de Conques\" width=\"696\" height=\"391\" srcset=\"https:\/\/i0.wp.com\/culturesco.com\/wp-content\/uploads\/2019\/12\/AAAA-Soulages-001.jpg?resize=1115%2C627&amp;ssl=1 1115w, https:\/\/i0.wp.com\/culturesco.com\/wp-content\/uploads\/2019\/12\/AAAA-Soulages-001.jpg?resize=300%2C169&amp;ssl=1 300w, https:\/\/i0.wp.com\/culturesco.com\/wp-content\/uploads\/2019\/12\/AAAA-Soulages-001.jpg?resize=768%2C432&amp;ssl=1 768w, https:\/\/i0.wp.com\/culturesco.com\/wp-content\/uploads\/2019\/12\/AAAA-Soulages-001.jpg?resize=696%2C392&amp;ssl=1 696w, https:\/\/i0.wp.com\/culturesco.com\/wp-content\/uploads\/2019\/12\/AAAA-Soulages-001.jpg?resize=1068%2C601&amp;ssl=1 1068w, https:\/\/i0.wp.com\/culturesco.com\/wp-content\/uploads\/2019\/12\/AAAA-Soulages-001.jpg?resize=747%2C420&amp;ssl=1 747w, https:\/\/i0.wp.com\/culturesco.com\/wp-content\/uploads\/2019\/12\/AAAA-Soulages-001.jpg?w=600&amp;ssl=1 600w\" sizes=\"auto, (max-width: 696px) 100vw, 696px\" \/><\/p>\n<p style=\"text-align: justify\"><strong>Pierre Soulages<\/strong>, f\u00eate ses 100 ans le 24 d\u00e9cembre 2019. Consid\u00e9r\u00e9 comme \u00e9tant le plus grand artiste fran\u00e7ais vivant, il fait l&rsquo;objet d&rsquo;une exposition hommage sur plus de 70 ans de cr\u00e9ation. Un \u00e9v\u00e9nement exceptionnel pour un peintre vivant. Le mus\u00e9e du Louvre se consacre g\u00e9n\u00e9ralement aux artistes du pass\u00e9. Seuls <a href=\"https:\/\/culturesco.com\/index.php\/2019\/05\/29\/les-oeuvres-de-picasso-de-la-periode-bleue-a-guernica-ses-influences-en-cinq-tableaux\/\" target=\"_blank\" rel=\"noopener noreferrer\">Pablo Picasso<\/a> et <a href=\"https:\/\/culturesco.com\/index.php\/2019\/01\/14\/marc-chagall-le-mond-bleu-onirique\/\" target=\"_blank\" rel=\"noopener noreferrer\">Marc Chagall<\/a> ont eu les honneurs du mus\u00e9e de leur vivant.<\/p>\n<h3>Conques, la r\u00e9v\u00e9lation<\/h3>\n<p style=\"text-align: justify\">Une visite \u00e0 l\u2019abbatiale romane de Conques, lors d\u2019un voyage de classe, \u00a0provoque un choc. Il a 12 ans et d\u00e9cide de devenir peintre.<\/p>\n<blockquote>\n<h4 style=\"text-align: justify\">\u00ab<em>j&rsquo;ai d\u00e9cid\u00e9 que l&rsquo;art serait la chose la plus importante de ma vie.\u00bb<\/em><\/h4>\n<\/blockquote>\n<p style=\"text-align: justify\">La carri\u00e8re de Pierre Soulages commence r\u00e9ellement en 1946 avec des \u0153uvres abstraites. Il conjugue d\u2019\u00e9paisses lignes verticales, horizontales ou obliques.<\/p>\n<p style=\"text-align: justify\">Il peint avec du brou de noix sur papier ou sur des verres cass\u00e9s avec du goudron.<\/p>\n<h3>Brou de noix sur papier<\/h3>\n<figure id=\"attachment_9544\" aria-describedby=\"caption-attachment-9544\" style=\"width: 334px\" class=\"wp-caption aligncenter\"><img data-recalc-dims=\"1\" loading=\"lazy\" decoding=\"async\" class=\"size-full wp-image-9544\" src=\"https:\/\/i0.wp.com\/culturesco.com\/wp-content\/uploads\/2019\/12\/Brou-de-noix-1947.jpg?resize=334%2C500&#038;ssl=1\" alt=\"Pierre soulages\" width=\"334\" height=\"500\" srcset=\"https:\/\/i0.wp.com\/culturesco.com\/wp-content\/uploads\/2019\/12\/Brou-de-noix-1947.jpg?w=334&amp;ssl=1 334w, https:\/\/i0.wp.com\/culturesco.com\/wp-content\/uploads\/2019\/12\/Brou-de-noix-1947.jpg?resize=200%2C300&amp;ssl=1 200w, https:\/\/i0.wp.com\/culturesco.com\/wp-content\/uploads\/2019\/12\/Brou-de-noix-1947.jpg?resize=281%2C420&amp;ssl=1 281w\" sizes=\"auto, (max-width: 334px) 100vw, 334px\" \/><figcaption id=\"caption-attachment-9544\" class=\"wp-caption-text\">Brou de noix sur papier<\/figcaption><\/figure>\n<h3>Goudron sur verre de Pierre Soulages<\/h3>\n<figure id=\"attachment_9545\" aria-describedby=\"caption-attachment-9545\" style=\"width: 500px\" class=\"wp-caption aligncenter\"><img data-recalc-dims=\"1\" loading=\"lazy\" decoding=\"async\" class=\"size-full wp-image-9545\" src=\"https:\/\/i0.wp.com\/culturesco.com\/wp-content\/uploads\/2019\/12\/Goudron-sur-verre-1948.jpg?resize=500%2C465&#038;ssl=1\" alt=\"Soulages\" width=\"500\" height=\"465\" srcset=\"https:\/\/i0.wp.com\/culturesco.com\/wp-content\/uploads\/2019\/12\/Goudron-sur-verre-1948.jpg?w=500&amp;ssl=1 500w, https:\/\/i0.wp.com\/culturesco.com\/wp-content\/uploads\/2019\/12\/Goudron-sur-verre-1948.jpg?resize=300%2C279&amp;ssl=1 300w, https:\/\/i0.wp.com\/culturesco.com\/wp-content\/uploads\/2019\/12\/Goudron-sur-verre-1948.jpg?resize=452%2C420&amp;ssl=1 452w\" sizes=\"auto, (max-width: 500px) 100vw, 500px\" \/><figcaption id=\"caption-attachment-9545\" class=\"wp-caption-text\">Goudron sur verre<\/figcaption><\/figure>\n<p style=\"text-align: justify\">Le goudron opaque s\u2019oppose au transparent du verre, la lumi\u00e8re valorise leur diff\u00e9rence.<\/p>\n<p style=\"text-align: justify\">Le peintre puise son inspiration dans l\u2019art pari\u00e9tal. Il s\u00e9lectionne des couleurs sourdes en partant de l\u2019ocre jusqu\u2019au noir. Les rouges et les bruns sont plus intenses.<\/p>\n<p style=\"text-align: justify\">Pierre Soulages pratique \u00e9galement la gravure, il r\u00e9alise des lithographies et des s\u00e9rigraphies avec des couleurs plus vives.<\/p>\n<p style=\"text-align: justify\">Dans les ann\u00e9es 1950-1970 le peintre joue avec des formes noires qui contrastent avec des fonds color\u00e9s.<\/p>\n<h3>La naissance de l\u2019outrenoir de Pierre Soulages<\/h3>\n<p style=\"text-align: justify\">Le peintre commence \u00e0 mettre du noir sur ses toiles en 1979, c\u2019est l\u2019outrenoir, \u00ab\u00a0un autre champ mental que le noir\u00a0\u00bb.<\/p>\n<p style=\"text-align: justify\">Pierre Soulages nous explique que l&rsquo;outrenoir est n\u00e9 alors qu&rsquo;il \u00e9tait en train de <em>\u00abrater une toile. Un grand barbouillis noir\u00bb.<\/em>\u00a0Malheureux, il est all\u00e9 dormir.\u00a0<em>\u00abAu r\u00e9veil je suis all\u00e9 voir la toile,<\/em> racontait-il.<em>\u00a0J&rsquo;ai vu que ce n&rsquo;\u00e9tait plus le noir qui faisait vivre la toile mais le reflet de la lumi\u00e8re sur les surfaces noires. Sur les zones stri\u00e9es, la lumi\u00e8re vibrait, et sur les zones plates tout \u00e9tait calme.\u00bb<\/em><\/p>\n<p style=\"text-align: justify\">D\u00e9finition de l&rsquo;outrenoir par Soulages :<\/p>\n<blockquote>\n<h4 style=\"text-align: justify\"><em>\u00abCe sont des diff\u00e9rences de textures, lisses, fibreuses, calmes, tendues ou agit\u00e9es qui, captant ou refusant la lumi\u00e8re, font na\u00eetre les noirs gris ou les noirs profonds. Le reflet est pris en compte et devient partie int\u00e9grante de l&rsquo;\u0153uvre.\u00bb<\/em><\/h4>\n<\/blockquote>\n<p style=\"text-align: justify\">Il travaille la mati\u00e8re avec une lame de cuir pour lisser. Ensuite il utilise des brosses ou un b\u00e2ton pour creuser et faire surgir des reflets. Le noir devient brillant ou mate, la lumi\u00e8re anime le tableau.<\/p>\n<figure id=\"attachment_9547\" aria-describedby=\"caption-attachment-9547\" style=\"width: 404px\" class=\"wp-caption aligncenter\"><img data-recalc-dims=\"1\" loading=\"lazy\" decoding=\"async\" class=\"wp-image-9547 size-full\" src=\"https:\/\/i0.wp.com\/culturesco.com\/wp-content\/uploads\/2019\/12\/juillet-2000.jpg?resize=404%2C500&#038;ssl=1\" alt=\"L'outrenoir\" width=\"404\" height=\"500\" srcset=\"https:\/\/i0.wp.com\/culturesco.com\/wp-content\/uploads\/2019\/12\/juillet-2000.jpg?w=404&amp;ssl=1 404w, https:\/\/i0.wp.com\/culturesco.com\/wp-content\/uploads\/2019\/12\/juillet-2000.jpg?resize=242%2C300&amp;ssl=1 242w, https:\/\/i0.wp.com\/culturesco.com\/wp-content\/uploads\/2019\/12\/juillet-2000.jpg?resize=324%2C400&amp;ssl=1 324w, https:\/\/i0.wp.com\/culturesco.com\/wp-content\/uploads\/2019\/12\/juillet-2000.jpg?resize=339%2C420&amp;ssl=1 339w\" sizes=\"auto, (max-width: 404px) 100vw, 404px\" \/><figcaption id=\"caption-attachment-9547\" class=\"wp-caption-text\">Tableau de juillet 2000<\/figcaption><\/figure>\n<p>&nbsp;<\/p>\n<p style=\"text-align: justify\">Des sillons r\u00e9alis\u00e9s dans la mati\u00e8re\u00a0 g\u00e9n\u00e8rent des nuances sous l\u2019action de la lumi\u00e8re.<\/p>\n<h3 style=\"text-align: justify\">Les vitraux de Conques<\/h3>\n<p style=\"text-align: justify\">Les vitraux de l\u2019abbatiale de <a href=\"https:\/\/fr.wikipedia.org\/wiki\/Abbatiale_Sainte-Foy_de_Conques\" target=\"_blank\" rel=\"noopener noreferrer\">Conques<\/a> (1987-1994), l\u2019une des \u0153uvres les plus importantes de Pierre Soulages.<\/p>\n<figure id=\"attachment_9549\" aria-describedby=\"caption-attachment-9549\" style=\"width: 387px\" class=\"wp-caption aligncenter\"><a href=\"https:\/\/i0.wp.com\/culturesco.com\/wp-content\/uploads\/2019\/12\/Vitraux-de-Conques.jpg?ssl=1\"><img data-recalc-dims=\"1\" loading=\"lazy\" decoding=\"async\" class=\"wp-image-9549 size-full\" src=\"https:\/\/i0.wp.com\/culturesco.com\/wp-content\/uploads\/2019\/12\/Vitraux-de-Conques.jpg?resize=387%2C500&#038;ssl=1\" alt=\"Abbatiale de Conques\" width=\"387\" height=\"500\" srcset=\"https:\/\/i0.wp.com\/culturesco.com\/wp-content\/uploads\/2019\/12\/Vitraux-de-Conques.jpg?w=387&amp;ssl=1 387w, https:\/\/i0.wp.com\/culturesco.com\/wp-content\/uploads\/2019\/12\/Vitraux-de-Conques.jpg?resize=232%2C300&amp;ssl=1 232w, https:\/\/i0.wp.com\/culturesco.com\/wp-content\/uploads\/2019\/12\/Vitraux-de-Conques.jpg?resize=325%2C420&amp;ssl=1 325w\" sizes=\"auto, (max-width: 387px) 100vw, 387px\" \/><\/a><figcaption id=\"caption-attachment-9549\" class=\"wp-caption-text\">Vitraux de Conques<\/figcaption><\/figure>\n<p style=\"text-align: justify\">Il fait r\u00e9aliser un verre sans couleur, il utilise la transparence pour varier l\u2019intensit\u00e9 de la lumi\u00e8re selon l\u2019heure de la journ\u00e9e. L\u2019artiste joue sur le degr\u00e9 d\u2019inclinaison des bandes parall\u00e8les et de m\u00eames largeurs. Cela donne des couleurs inattendues.<\/p>\n<h3 class=\"title style-scope ytd-video-primary-info-renderer\">Soulages, le noir et la lumi\u00e8re.<\/h3>\n<div class=\"youtube-embed\" data-video_id=\"UE3AFZXjuek\"><iframe loading=\"lazy\" title=\"Soulages, le noir et la lumiere, de Jean-No\u00ebl Cristiani\" width=\"696\" height=\"522\" src=\"https:\/\/www.youtube.com\/embed\/UE3AFZXjuek\" frameborder=\"0\" allow=\"accelerometer; autoplay; clipboard-write; encrypted-media; gyroscope; picture-in-picture; web-share\" referrerpolicy=\"strict-origin-when-cross-origin\" allowfullscreen><\/iframe><\/div>\n<h3>L\u2019exposition au Louvre<\/h3>\n<p style=\"text-align: justify\">Outre la s\u00e9lection soumise \u00e0 l\u2019artiste qui comprend une vingtaine de tableaux, Pierre Soulages a r\u00e9alis\u00e9 trois nouvelles \u0153uvres, adapt\u00e9es \u00e0 l\u2019espace du Louvre. Des tableaux de 3,90 m de haut qui \u00e9voquent les vitraux de l\u2019abbatiale de Conques, r\u00e9alis\u00e9s par le peintre de 1984 \u00e0 1994.<\/p>\n<figure id=\"attachment_9548\" aria-describedby=\"caption-attachment-9548\" style=\"width: 500px\" class=\"wp-caption aligncenter\"><img data-recalc-dims=\"1\" loading=\"lazy\" decoding=\"async\" class=\"size-full wp-image-9548\" src=\"https:\/\/i0.wp.com\/culturesco.com\/wp-content\/uploads\/2019\/12\/20575063.jpg?resize=500%2C351&#038;ssl=1\" alt=\"Pierre Soulages\" width=\"500\" height=\"351\" srcset=\"https:\/\/i0.wp.com\/culturesco.com\/wp-content\/uploads\/2019\/12\/20575063.jpg?w=500&amp;ssl=1 500w, https:\/\/i0.wp.com\/culturesco.com\/wp-content\/uploads\/2019\/12\/20575063.jpg?resize=300%2C211&amp;ssl=1 300w, https:\/\/i0.wp.com\/culturesco.com\/wp-content\/uploads\/2019\/12\/20575063.jpg?resize=100%2C70&amp;ssl=1 100w\" sizes=\"auto, (max-width: 500px) 100vw, 500px\" \/><figcaption id=\"caption-attachment-9548\" class=\"wp-caption-text\">Panneaux r\u00e9alis\u00e9s pour l&rsquo;exposition<\/figcaption><\/figure>\n<blockquote>\n<h4 style=\"text-align: justify\"><em>\u00abCes peintures qu&rsquo;on appelle noires ne sont pas noires, il y a des reflets sur le noir. Ce sont ces reflets qui constituent la peinture que je fais<\/em>.\u00bb<\/h4>\n<\/blockquote>\n<p style=\"text-align: left\">expliquait l&rsquo;artiste en 2014.<\/p>\n<p style=\"text-align: justify\">Les \u0153uvres majeures de Pierre Soulages sont expos\u00e9es au <a href=\"https:\/\/culturesco.com\/index.php\/2019\/10\/23\/leonard-de-vinci-exposition-au-louvre-500-ans-apres-sa-mort-retrospective-la-joconde\/\" target=\"_blank\" rel=\"noopener noreferrer\">Mus\u00e9e du Louvre<\/a> jusqu&rsquo;au 9 mars 2020.<\/p>\n<p style=\"text-align: justify\">Nic Blanchard-Thibault<\/p>\n","protected":false},"excerpt":{"rendered":"<p>Soulages expos\u00e9 au Mus\u00e9e du Louvre Pierre Soulages, f\u00eate ses 100 ans le 24 d\u00e9cembre 2019. Consid\u00e9r\u00e9 comme \u00e9tant le plus grand artiste fran\u00e7ais vivant, il fait l&rsquo;objet d&rsquo;une exposition hommage sur plus de 70 ans de cr\u00e9ation. Un \u00e9v\u00e9nement exceptionnel pour un peintre vivant. Le mus\u00e9e du Louvre se consacre g\u00e9n\u00e9ralement aux artistes du [&hellip;]<\/p>\n","protected":false},"author":6,"featured_media":9564,"comment_status":"open","ping_status":"open","sticky":false,"template":"","format":"image","meta":{"jetpack_post_was_ever_published":false,"tdm_status":"","tdm_grid_status":"","_jetpack_newsletter_access":"","_jetpack_dont_email_post_to_subs":false,"_jetpack_newsletter_tier_id":0,"_jetpack_memberships_contains_paywalled_content":false,"_jetpack_memberships_contains_paid_content":false,"footnotes":""},"categories":[1],"tags":[49],"class_list":{"0":"post-9542","1":"post","2":"type-post","3":"status-publish","4":"format-image","5":"has-post-thumbnail","7":"category-peinture","8":"tag-grands-peintres","9":"post_format-post-format-image"},"yoast_head":"<!-- This site is optimized with the Yoast SEO plugin v27.5 - https:\/\/yoast.com\/product\/yoast-seo-wordpress\/ -->\n<title>Pierre Soulages, le ma\u00eetre de l&#039;outrenoir - Culturesco<\/title>\n<meta name=\"description\" content=\"CulturesCo | Pierre Soulages, le ma\u00eetre de l&#039;outrenoir | Le peintre du noir et de la lumi\u00e8re | Les vitraux de l&#039;abbatiale de Conques.\" \/>\n<meta name=\"robots\" content=\"index, follow, max-snippet:-1, max-image-preview:large, max-video-preview:-1\" \/>\n<link rel=\"canonical\" href=\"https:\/\/culturesco.com\/index.php\/2019\/12\/11\/pierre-soulages-le-maitre-de-l-outrenoir-s-expose-au-musee-du-louvre-pour-ses-100-ans\/\" \/>\n<meta property=\"og:locale\" content=\"fr_FR\" \/>\n<meta property=\"og:type\" content=\"article\" \/>\n<meta property=\"og:title\" content=\"Pierre Soulages, le ma\u00eetre de l&#039;outrenoir - Culturesco\" \/>\n<meta property=\"og:description\" content=\"CulturesCo | Pierre Soulages, le ma\u00eetre de l&#039;outrenoir | Le peintre du noir et de la lumi\u00e8re | Les vitraux de l&#039;abbatiale de Conques.\" \/>\n<meta property=\"og:url\" content=\"https:\/\/culturesco.com\/index.php\/2019\/12\/11\/pierre-soulages-le-maitre-de-l-outrenoir-s-expose-au-musee-du-louvre-pour-ses-100-ans\/\" \/>\n<meta property=\"og:site_name\" content=\"Culturesco\" \/>\n<meta property=\"article:publisher\" content=\"https:\/\/www.facebook.com\/radioculturesco\" \/>\n<meta property=\"article:published_time\" content=\"2019-12-11T14:48:29+00:00\" \/>\n<meta property=\"og:image\" content=\"https:\/\/i0.wp.com\/culturesco.com\/wp-content\/uploads\/2019\/12\/AAAA-Soulages-001.jpg?fit=600%2C338&ssl=1\" \/>\n\t<meta property=\"og:image:width\" content=\"600\" \/>\n\t<meta property=\"og:image:height\" content=\"338\" \/>\n\t<meta property=\"og:image:type\" content=\"image\/jpeg\" \/>\n<meta name=\"author\" content=\"Nic Blanchard-Thibault\" \/>\n<meta name=\"twitter:card\" content=\"summary_large_image\" \/>\n<meta name=\"twitter:creator\" content=\"@AugusteMarshal\" \/>\n<meta name=\"twitter:site\" content=\"@AugusteMarshal\" \/>\n<meta name=\"twitter:label1\" content=\"\u00c9crit par\" \/>\n\t<meta name=\"twitter:data1\" content=\"Nic Blanchard-Thibault\" \/>\n\t<meta name=\"twitter:label2\" content=\"Dur\u00e9e de lecture estim\u00e9e\" \/>\n\t<meta name=\"twitter:data2\" content=\"4 minutes\" \/>\n<script type=\"application\/ld+json\" class=\"yoast-schema-graph\">{\"@context\":\"https:\\\/\\\/schema.org\",\"@graph\":[{\"@type\":\"Article\",\"@id\":\"https:\\\/\\\/culturesco.com\\\/index.php\\\/2019\\\/12\\\/11\\\/pierre-soulages-le-maitre-de-l-outrenoir-s-expose-au-musee-du-louvre-pour-ses-100-ans\\\/#article\",\"isPartOf\":{\"@id\":\"https:\\\/\\\/culturesco.com\\\/index.php\\\/2019\\\/12\\\/11\\\/pierre-soulages-le-maitre-de-l-outrenoir-s-expose-au-musee-du-louvre-pour-ses-100-ans\\\/\"},\"author\":{\"name\":\"Nic Blanchard-Thibault\",\"@id\":\"https:\\\/\\\/culturesco.com\\\/#\\\/schema\\\/person\\\/92b4537ac6a2a09eb2304e8bdd0f5919\"},\"headline\":\"Pierre Soulages, le ma\u00eetre de l&rsquo;outrenoir\",\"datePublished\":\"2019-12-11T14:48:29+00:00\",\"mainEntityOfPage\":{\"@id\":\"https:\\\/\\\/culturesco.com\\\/index.php\\\/2019\\\/12\\\/11\\\/pierre-soulages-le-maitre-de-l-outrenoir-s-expose-au-musee-du-louvre-pour-ses-100-ans\\\/\"},\"wordCount\":744,\"commentCount\":0,\"publisher\":{\"@id\":\"https:\\\/\\\/culturesco.com\\\/#organization\"},\"image\":{\"@id\":\"https:\\\/\\\/culturesco.com\\\/index.php\\\/2019\\\/12\\\/11\\\/pierre-soulages-le-maitre-de-l-outrenoir-s-expose-au-musee-du-louvre-pour-ses-100-ans\\\/#primaryimage\"},\"thumbnailUrl\":\"https:\\\/\\\/i0.wp.com\\\/culturesco.com\\\/wp-content\\\/uploads\\\/2019\\\/12\\\/AAAA-Soulages-001.jpg?fit=600%2C338&ssl=1\",\"keywords\":[\"Grands Peintres\"],\"articleSection\":[\"Peinture\"],\"inLanguage\":\"fr-FR\",\"potentialAction\":[{\"@type\":\"CommentAction\",\"name\":\"Comment\",\"target\":[\"https:\\\/\\\/culturesco.com\\\/index.php\\\/2019\\\/12\\\/11\\\/pierre-soulages-le-maitre-de-l-outrenoir-s-expose-au-musee-du-louvre-pour-ses-100-ans\\\/#respond\"]}]},{\"@type\":\"WebPage\",\"@id\":\"https:\\\/\\\/culturesco.com\\\/index.php\\\/2019\\\/12\\\/11\\\/pierre-soulages-le-maitre-de-l-outrenoir-s-expose-au-musee-du-louvre-pour-ses-100-ans\\\/\",\"url\":\"https:\\\/\\\/culturesco.com\\\/index.php\\\/2019\\\/12\\\/11\\\/pierre-soulages-le-maitre-de-l-outrenoir-s-expose-au-musee-du-louvre-pour-ses-100-ans\\\/\",\"name\":\"Pierre Soulages, le ma\u00eetre de l'outrenoir - Culturesco\",\"isPartOf\":{\"@id\":\"https:\\\/\\\/culturesco.com\\\/#website\"},\"primaryImageOfPage\":{\"@id\":\"https:\\\/\\\/culturesco.com\\\/index.php\\\/2019\\\/12\\\/11\\\/pierre-soulages-le-maitre-de-l-outrenoir-s-expose-au-musee-du-louvre-pour-ses-100-ans\\\/#primaryimage\"},\"image\":{\"@id\":\"https:\\\/\\\/culturesco.com\\\/index.php\\\/2019\\\/12\\\/11\\\/pierre-soulages-le-maitre-de-l-outrenoir-s-expose-au-musee-du-louvre-pour-ses-100-ans\\\/#primaryimage\"},\"thumbnailUrl\":\"https:\\\/\\\/i0.wp.com\\\/culturesco.com\\\/wp-content\\\/uploads\\\/2019\\\/12\\\/AAAA-Soulages-001.jpg?fit=600%2C338&ssl=1\",\"datePublished\":\"2019-12-11T14:48:29+00:00\",\"description\":\"CulturesCo | Pierre Soulages, le ma\u00eetre de l'outrenoir | Le peintre du noir et de la lumi\u00e8re | Les vitraux de l'abbatiale de Conques.\",\"breadcrumb\":{\"@id\":\"https:\\\/\\\/culturesco.com\\\/index.php\\\/2019\\\/12\\\/11\\\/pierre-soulages-le-maitre-de-l-outrenoir-s-expose-au-musee-du-louvre-pour-ses-100-ans\\\/#breadcrumb\"},\"inLanguage\":\"fr-FR\",\"potentialAction\":[{\"@type\":\"ReadAction\",\"target\":[\"https:\\\/\\\/culturesco.com\\\/index.php\\\/2019\\\/12\\\/11\\\/pierre-soulages-le-maitre-de-l-outrenoir-s-expose-au-musee-du-louvre-pour-ses-100-ans\\\/\"]}]},{\"@type\":\"ImageObject\",\"inLanguage\":\"fr-FR\",\"@id\":\"https:\\\/\\\/culturesco.com\\\/index.php\\\/2019\\\/12\\\/11\\\/pierre-soulages-le-maitre-de-l-outrenoir-s-expose-au-musee-du-louvre-pour-ses-100-ans\\\/#primaryimage\",\"url\":\"https:\\\/\\\/i0.wp.com\\\/culturesco.com\\\/wp-content\\\/uploads\\\/2019\\\/12\\\/AAAA-Soulages-001.jpg?fit=600%2C338&ssl=1\",\"contentUrl\":\"https:\\\/\\\/i0.wp.com\\\/culturesco.com\\\/wp-content\\\/uploads\\\/2019\\\/12\\\/AAAA-Soulages-001.jpg?fit=600%2C338&ssl=1\",\"width\":600,\"height\":338,\"caption\":\"L'abbatiale de Conques\"},{\"@type\":\"BreadcrumbList\",\"@id\":\"https:\\\/\\\/culturesco.com\\\/index.php\\\/2019\\\/12\\\/11\\\/pierre-soulages-le-maitre-de-l-outrenoir-s-expose-au-musee-du-louvre-pour-ses-100-ans\\\/#breadcrumb\",\"itemListElement\":[{\"@type\":\"ListItem\",\"position\":1,\"name\":\"Accueil\",\"item\":\"https:\\\/\\\/culturesco.com\\\/\"},{\"@type\":\"ListItem\",\"position\":2,\"name\":\"Pierre Soulages, le ma\u00eetre de l&rsquo;outrenoir\"}]},{\"@type\":\"WebSite\",\"@id\":\"https:\\\/\\\/culturesco.com\\\/#website\",\"url\":\"https:\\\/\\\/culturesco.com\\\/\",\"name\":\"Culturesco\",\"description\":\"Culturesco | Un bon coup de pied dans ta Culture\",\"publisher\":{\"@id\":\"https:\\\/\\\/culturesco.com\\\/#organization\"},\"potentialAction\":[{\"@type\":\"SearchAction\",\"target\":{\"@type\":\"EntryPoint\",\"urlTemplate\":\"https:\\\/\\\/culturesco.com\\\/?s={search_term_string}\"},\"query-input\":{\"@type\":\"PropertyValueSpecification\",\"valueRequired\":true,\"valueName\":\"search_term_string\"}}],\"inLanguage\":\"fr-FR\"},{\"@type\":\"Organization\",\"@id\":\"https:\\\/\\\/culturesco.com\\\/#organization\",\"name\":\"CULTURESCO\",\"url\":\"https:\\\/\\\/culturesco.com\\\/\",\"logo\":{\"@type\":\"ImageObject\",\"inLanguage\":\"fr-FR\",\"@id\":\"https:\\\/\\\/culturesco.com\\\/#\\\/schema\\\/logo\\\/image\\\/\",\"url\":\"https:\\\/\\\/i0.wp.com\\\/culturesco.com\\\/wp-content\\\/uploads\\\/2022\\\/04\\\/culturesco-logo-blanc250p.png?fit=250%2C250&ssl=1\",\"contentUrl\":\"https:\\\/\\\/i0.wp.com\\\/culturesco.com\\\/wp-content\\\/uploads\\\/2022\\\/04\\\/culturesco-logo-blanc250p.png?fit=250%2C250&ssl=1\",\"width\":250,\"height\":250,\"caption\":\"CULTURESCO\"},\"image\":{\"@id\":\"https:\\\/\\\/culturesco.com\\\/#\\\/schema\\\/logo\\\/image\\\/\"},\"sameAs\":[\"https:\\\/\\\/www.facebook.com\\\/radioculturesco\",\"https:\\\/\\\/x.com\\\/AugusteMarshal\",\"https:\\\/\\\/www.instagram.com\\\/carotte_rock_culture\\\/\",\"https:\\\/\\\/www.pinterest.fr\\\/augustemarshal\\\/\",\"https:\\\/\\\/www.youtube.com\\\/channel\\\/UCiWLGffqWSXlNnfzp6YwwyQ\"]},{\"@type\":\"Person\",\"@id\":\"https:\\\/\\\/culturesco.com\\\/#\\\/schema\\\/person\\\/92b4537ac6a2a09eb2304e8bdd0f5919\",\"name\":\"Nic Blanchard-Thibault\",\"image\":{\"@type\":\"ImageObject\",\"inLanguage\":\"fr-FR\",\"@id\":\"https:\\\/\\\/i0.wp.com\\\/culturesco.com\\\/wp-content\\\/uploads\\\/2019\\\/01\\\/nic-blanchard-Thibault.jpg?fit=96%2C79&ssl=1\",\"url\":\"https:\\\/\\\/i0.wp.com\\\/culturesco.com\\\/wp-content\\\/uploads\\\/2019\\\/01\\\/nic-blanchard-Thibault.jpg?fit=96%2C79&ssl=1\",\"contentUrl\":\"https:\\\/\\\/i0.wp.com\\\/culturesco.com\\\/wp-content\\\/uploads\\\/2019\\\/01\\\/nic-blanchard-Thibault.jpg?fit=96%2C79&ssl=1\",\"caption\":\"Nic Blanchard-Thibault\"},\"description\":\"Auteur sur le Blog CulturesCo - Administratrice de la page Facebook Radio Culturesco et du groupe Facebook Radio Cultures and Co - Sp\u00e9cialit\u00e9s : Peinture - Litt\u00e9rature\",\"url\":\"https:\\\/\\\/culturesco.com\\\/index.php\\\/author\\\/nic-blanchard-thibault\\\/\"}]}<\/script>\n<!-- \/ Yoast SEO plugin. -->","yoast_head_json":{"title":"Pierre Soulages, le ma\u00eetre de l'outrenoir - Culturesco","description":"CulturesCo | Pierre Soulages, le ma\u00eetre de l'outrenoir | Le peintre du noir et de la lumi\u00e8re | Les vitraux de l'abbatiale de Conques.","robots":{"index":"index","follow":"follow","max-snippet":"max-snippet:-1","max-image-preview":"max-image-preview:large","max-video-preview":"max-video-preview:-1"},"canonical":"https:\/\/culturesco.com\/index.php\/2019\/12\/11\/pierre-soulages-le-maitre-de-l-outrenoir-s-expose-au-musee-du-louvre-pour-ses-100-ans\/","og_locale":"fr_FR","og_type":"article","og_title":"Pierre Soulages, le ma\u00eetre de l'outrenoir - Culturesco","og_description":"CulturesCo | Pierre Soulages, le ma\u00eetre de l'outrenoir | Le peintre du noir et de la lumi\u00e8re | Les vitraux de l'abbatiale de Conques.","og_url":"https:\/\/culturesco.com\/index.php\/2019\/12\/11\/pierre-soulages-le-maitre-de-l-outrenoir-s-expose-au-musee-du-louvre-pour-ses-100-ans\/","og_site_name":"Culturesco","article_publisher":"https:\/\/www.facebook.com\/radioculturesco","article_published_time":"2019-12-11T14:48:29+00:00","og_image":[{"width":600,"height":338,"url":"https:\/\/i0.wp.com\/culturesco.com\/wp-content\/uploads\/2019\/12\/AAAA-Soulages-001.jpg?fit=600%2C338&ssl=1","type":"image\/jpeg"}],"author":"Nic Blanchard-Thibault","twitter_card":"summary_large_image","twitter_creator":"@AugusteMarshal","twitter_site":"@AugusteMarshal","twitter_misc":{"\u00c9crit par":"Nic Blanchard-Thibault","Dur\u00e9e de lecture estim\u00e9e":"4 minutes"},"schema":{"@context":"https:\/\/schema.org","@graph":[{"@type":"Article","@id":"https:\/\/culturesco.com\/index.php\/2019\/12\/11\/pierre-soulages-le-maitre-de-l-outrenoir-s-expose-au-musee-du-louvre-pour-ses-100-ans\/#article","isPartOf":{"@id":"https:\/\/culturesco.com\/index.php\/2019\/12\/11\/pierre-soulages-le-maitre-de-l-outrenoir-s-expose-au-musee-du-louvre-pour-ses-100-ans\/"},"author":{"name":"Nic Blanchard-Thibault","@id":"https:\/\/culturesco.com\/#\/schema\/person\/92b4537ac6a2a09eb2304e8bdd0f5919"},"headline":"Pierre Soulages, le ma\u00eetre de l&rsquo;outrenoir","datePublished":"2019-12-11T14:48:29+00:00","mainEntityOfPage":{"@id":"https:\/\/culturesco.com\/index.php\/2019\/12\/11\/pierre-soulages-le-maitre-de-l-outrenoir-s-expose-au-musee-du-louvre-pour-ses-100-ans\/"},"wordCount":744,"commentCount":0,"publisher":{"@id":"https:\/\/culturesco.com\/#organization"},"image":{"@id":"https:\/\/culturesco.com\/index.php\/2019\/12\/11\/pierre-soulages-le-maitre-de-l-outrenoir-s-expose-au-musee-du-louvre-pour-ses-100-ans\/#primaryimage"},"thumbnailUrl":"https:\/\/i0.wp.com\/culturesco.com\/wp-content\/uploads\/2019\/12\/AAAA-Soulages-001.jpg?fit=600%2C338&ssl=1","keywords":["Grands Peintres"],"articleSection":["Peinture"],"inLanguage":"fr-FR","potentialAction":[{"@type":"CommentAction","name":"Comment","target":["https:\/\/culturesco.com\/index.php\/2019\/12\/11\/pierre-soulages-le-maitre-de-l-outrenoir-s-expose-au-musee-du-louvre-pour-ses-100-ans\/#respond"]}]},{"@type":"WebPage","@id":"https:\/\/culturesco.com\/index.php\/2019\/12\/11\/pierre-soulages-le-maitre-de-l-outrenoir-s-expose-au-musee-du-louvre-pour-ses-100-ans\/","url":"https:\/\/culturesco.com\/index.php\/2019\/12\/11\/pierre-soulages-le-maitre-de-l-outrenoir-s-expose-au-musee-du-louvre-pour-ses-100-ans\/","name":"Pierre Soulages, le ma\u00eetre de l'outrenoir - Culturesco","isPartOf":{"@id":"https:\/\/culturesco.com\/#website"},"primaryImageOfPage":{"@id":"https:\/\/culturesco.com\/index.php\/2019\/12\/11\/pierre-soulages-le-maitre-de-l-outrenoir-s-expose-au-musee-du-louvre-pour-ses-100-ans\/#primaryimage"},"image":{"@id":"https:\/\/culturesco.com\/index.php\/2019\/12\/11\/pierre-soulages-le-maitre-de-l-outrenoir-s-expose-au-musee-du-louvre-pour-ses-100-ans\/#primaryimage"},"thumbnailUrl":"https:\/\/i0.wp.com\/culturesco.com\/wp-content\/uploads\/2019\/12\/AAAA-Soulages-001.jpg?fit=600%2C338&ssl=1","datePublished":"2019-12-11T14:48:29+00:00","description":"CulturesCo | Pierre Soulages, le ma\u00eetre de l'outrenoir | Le peintre du noir et de la lumi\u00e8re | Les vitraux de l'abbatiale de Conques.","breadcrumb":{"@id":"https:\/\/culturesco.com\/index.php\/2019\/12\/11\/pierre-soulages-le-maitre-de-l-outrenoir-s-expose-au-musee-du-louvre-pour-ses-100-ans\/#breadcrumb"},"inLanguage":"fr-FR","potentialAction":[{"@type":"ReadAction","target":["https:\/\/culturesco.com\/index.php\/2019\/12\/11\/pierre-soulages-le-maitre-de-l-outrenoir-s-expose-au-musee-du-louvre-pour-ses-100-ans\/"]}]},{"@type":"ImageObject","inLanguage":"fr-FR","@id":"https:\/\/culturesco.com\/index.php\/2019\/12\/11\/pierre-soulages-le-maitre-de-l-outrenoir-s-expose-au-musee-du-louvre-pour-ses-100-ans\/#primaryimage","url":"https:\/\/i0.wp.com\/culturesco.com\/wp-content\/uploads\/2019\/12\/AAAA-Soulages-001.jpg?fit=600%2C338&ssl=1","contentUrl":"https:\/\/i0.wp.com\/culturesco.com\/wp-content\/uploads\/2019\/12\/AAAA-Soulages-001.jpg?fit=600%2C338&ssl=1","width":600,"height":338,"caption":"L'abbatiale de Conques"},{"@type":"BreadcrumbList","@id":"https:\/\/culturesco.com\/index.php\/2019\/12\/11\/pierre-soulages-le-maitre-de-l-outrenoir-s-expose-au-musee-du-louvre-pour-ses-100-ans\/#breadcrumb","itemListElement":[{"@type":"ListItem","position":1,"name":"Accueil","item":"https:\/\/culturesco.com\/"},{"@type":"ListItem","position":2,"name":"Pierre Soulages, le ma\u00eetre de l&rsquo;outrenoir"}]},{"@type":"WebSite","@id":"https:\/\/culturesco.com\/#website","url":"https:\/\/culturesco.com\/","name":"Culturesco","description":"Culturesco | Un bon coup de pied dans ta Culture","publisher":{"@id":"https:\/\/culturesco.com\/#organization"},"potentialAction":[{"@type":"SearchAction","target":{"@type":"EntryPoint","urlTemplate":"https:\/\/culturesco.com\/?s={search_term_string}"},"query-input":{"@type":"PropertyValueSpecification","valueRequired":true,"valueName":"search_term_string"}}],"inLanguage":"fr-FR"},{"@type":"Organization","@id":"https:\/\/culturesco.com\/#organization","name":"CULTURESCO","url":"https:\/\/culturesco.com\/","logo":{"@type":"ImageObject","inLanguage":"fr-FR","@id":"https:\/\/culturesco.com\/#\/schema\/logo\/image\/","url":"https:\/\/i0.wp.com\/culturesco.com\/wp-content\/uploads\/2022\/04\/culturesco-logo-blanc250p.png?fit=250%2C250&ssl=1","contentUrl":"https:\/\/i0.wp.com\/culturesco.com\/wp-content\/uploads\/2022\/04\/culturesco-logo-blanc250p.png?fit=250%2C250&ssl=1","width":250,"height":250,"caption":"CULTURESCO"},"image":{"@id":"https:\/\/culturesco.com\/#\/schema\/logo\/image\/"},"sameAs":["https:\/\/www.facebook.com\/radioculturesco","https:\/\/x.com\/AugusteMarshal","https:\/\/www.instagram.com\/carotte_rock_culture\/","https:\/\/www.pinterest.fr\/augustemarshal\/","https:\/\/www.youtube.com\/channel\/UCiWLGffqWSXlNnfzp6YwwyQ"]},{"@type":"Person","@id":"https:\/\/culturesco.com\/#\/schema\/person\/92b4537ac6a2a09eb2304e8bdd0f5919","name":"Nic Blanchard-Thibault","image":{"@type":"ImageObject","inLanguage":"fr-FR","@id":"https:\/\/i0.wp.com\/culturesco.com\/wp-content\/uploads\/2019\/01\/nic-blanchard-Thibault.jpg?fit=96%2C79&ssl=1","url":"https:\/\/i0.wp.com\/culturesco.com\/wp-content\/uploads\/2019\/01\/nic-blanchard-Thibault.jpg?fit=96%2C79&ssl=1","contentUrl":"https:\/\/i0.wp.com\/culturesco.com\/wp-content\/uploads\/2019\/01\/nic-blanchard-Thibault.jpg?fit=96%2C79&ssl=1","caption":"Nic Blanchard-Thibault"},"description":"Auteur sur le Blog CulturesCo - Administratrice de la page Facebook Radio Culturesco et du groupe Facebook Radio Cultures and Co - Sp\u00e9cialit\u00e9s : Peinture - Litt\u00e9rature","url":"https:\/\/culturesco.com\/index.php\/author\/nic-blanchard-thibault\/"}]}},"jetpack_featured_media_url":"https:\/\/i0.wp.com\/culturesco.com\/wp-content\/uploads\/2019\/12\/AAAA-Soulages-001.jpg?fit=600%2C338&ssl=1","jetpack_likes_enabled":true,"jetpack_sharing_enabled":true,"jetpack_shortlink":"https:\/\/wp.me\/paz89I-2tU","_links":{"self":[{"href":"https:\/\/culturesco.com\/index.php\/wp-json\/wp\/v2\/posts\/9542","targetHints":{"allow":["GET"]}}],"collection":[{"href":"https:\/\/culturesco.com\/index.php\/wp-json\/wp\/v2\/posts"}],"about":[{"href":"https:\/\/culturesco.com\/index.php\/wp-json\/wp\/v2\/types\/post"}],"author":[{"embeddable":true,"href":"https:\/\/culturesco.com\/index.php\/wp-json\/wp\/v2\/users\/6"}],"replies":[{"embeddable":true,"href":"https:\/\/culturesco.com\/index.php\/wp-json\/wp\/v2\/comments?post=9542"}],"version-history":[{"count":0,"href":"https:\/\/culturesco.com\/index.php\/wp-json\/wp\/v2\/posts\/9542\/revisions"}],"wp:featuredmedia":[{"embeddable":true,"href":"https:\/\/culturesco.com\/index.php\/wp-json\/wp\/v2\/media\/9564"}],"wp:attachment":[{"href":"https:\/\/culturesco.com\/index.php\/wp-json\/wp\/v2\/media?parent=9542"}],"wp:term":[{"taxonomy":"category","embeddable":true,"href":"https:\/\/culturesco.com\/index.php\/wp-json\/wp\/v2\/categories?post=9542"},{"taxonomy":"post_tag","embeddable":true,"href":"https:\/\/culturesco.com\/index.php\/wp-json\/wp\/v2\/tags?post=9542"}],"curies":[{"name":"wp","href":"https:\/\/api.w.org\/{rel}","templated":true}]}}