{"id":9486,"date":"2019-12-06T17:55:06","date_gmt":"2019-12-06T16:55:06","guid":{"rendered":"https:\/\/culturesco.com\/?p=9486"},"modified":"2020-12-06T11:24:03","modified_gmt":"2020-12-06T10:24:03","slug":"noir-desir-tostaky-sorti-le-7-decembre-1992-album-culte-du-groupe-de-bertrand-cantat","status":"publish","type":"post","link":"https:\/\/culturesco.com\/index.php\/2019\/12\/06\/noir-desir-tostaky-sorti-le-7-decembre-1992-album-culte-du-groupe-de-bertrand-cantat\/","title":{"rendered":"NOIR DESIR \u2013 Tostaky\u00a0: 7 d\u00e9cembre 1992"},"content":{"rendered":"<h2>NOIR DESIR \u2013 Tostaky, rock fran\u00e7ais dynamit\u00e9!<\/h2>\n<blockquote>\n<h3 style=\"text-align: justify;\"><em>\u00abNous survolons des villes &#8211; (des) autoroutes en friche &#8211; Diagonales perdues &#8211; Et des droites au hasard\u00bb<\/em><\/h3>\n<\/blockquote>\n<p style=\"text-align: justify;\">Le 7 d\u00e9cembre 1992, loin des affrontements \u00ab pour \u00bb ou \u00ab contre \u00bb <strong>Bertrand Cantat,<\/strong> <strong>Noir Desir<\/strong> sort <strong>Tostaky<\/strong>. Incroyable\u00a0! Ce manifeste rock permet \u00e0 un groupe fran\u00e7ais de <strong>rivaliser avec ses homologues anglophones<\/strong>. Au-del\u00e0, il re\u00e7oit la distinction supr\u00eame d\u2019<strong>album incontournable<\/strong>\u00a0! De fait, le niveau atteint par les bordelais s\u2019aligne sur des locomotives sorties la m\u00eame ann\u00e9e: Le 1er Lp \u00e9ponyme de <a href=\"https:\/\/culturesco.com\/index.php\/2019\/10\/04\/rage-against-the-machine-elysee-montmartre-1993-premier-lp-fracassant\/\" target=\"_blank\" rel=\"noopener noreferrer\">Rage Against The Machine<\/a>\u00a0ou \u00abAngel dust\u00bb de <a href=\"http:\/\/www.fnm.com\/\" target=\"_blank\" rel=\"noopener noreferrer\">Faith No More<\/a>.<\/p>\n<figure id=\"attachment_9491\" aria-describedby=\"caption-attachment-9491\" style=\"width: 600px\" class=\"wp-caption aligncenter\"><img data-recalc-dims=\"1\" loading=\"lazy\" decoding=\"async\" class=\"size-full wp-image-9491\" src=\"https:\/\/i0.wp.com\/culturesco.com\/wp-content\/uploads\/2019\/12\/noir-desir-tostaky-bertrand-cantat.jpg?resize=600%2C314&#038;ssl=1\" alt=\"noir desir tostaky bertrand cantat\" width=\"600\" height=\"314\" srcset=\"https:\/\/i0.wp.com\/culturesco.com\/wp-content\/uploads\/2019\/12\/noir-desir-tostaky-bertrand-cantat.jpg?w=600&amp;ssl=1 600w, https:\/\/i0.wp.com\/culturesco.com\/wp-content\/uploads\/2019\/12\/noir-desir-tostaky-bertrand-cantat.jpg?resize=300%2C157&amp;ssl=1 300w, https:\/\/i0.wp.com\/culturesco.com\/wp-content\/uploads\/2019\/12\/noir-desir-tostaky-bertrand-cantat.jpg?resize=1200%2C627&amp;ssl=1 1200w, https:\/\/i0.wp.com\/culturesco.com\/wp-content\/uploads\/2019\/12\/noir-desir-tostaky-bertrand-cantat.jpg?resize=768%2C401&amp;ssl=1 768w, https:\/\/i0.wp.com\/culturesco.com\/wp-content\/uploads\/2019\/12\/noir-desir-tostaky-bertrand-cantat.jpg?resize=696%2C364&amp;ssl=1 696w, https:\/\/i0.wp.com\/culturesco.com\/wp-content\/uploads\/2019\/12\/noir-desir-tostaky-bertrand-cantat.jpg?resize=1068%2C558&amp;ssl=1 1068w, https:\/\/i0.wp.com\/culturesco.com\/wp-content\/uploads\/2019\/12\/noir-desir-tostaky-bertrand-cantat.jpg?resize=804%2C420&amp;ssl=1 804w\" sizes=\"auto, (max-width: 600px) 100vw, 600px\" \/><figcaption id=\"caption-attachment-9491\" class=\"wp-caption-text\">Noir D\u00e9sir &#8211; Tostaky &#8211; Ici Paris<\/figcaption><\/figure>\n<p style=\"text-align: justify;\">Dans l\u2019hexagone, au milieu d\u2019un oc\u00e9an de vari\u00e9t\u00e9s, les pr\u00e9misses de grandes choses \u00e0 venir avaient d\u00e9marr\u00e9 d\u00e8s le mois de mai avec l\u2019excellent album des Innocents : \u00ab <a href=\"https:\/\/www.youtube.com\/watch?v=lIO2aD5vUbo\" target=\"_blank\" rel=\"noopener noreferrer\">Fous \u00e0 lier<\/a> \u00bb. De l\u00e0 \u00e0 parier sur un tel s\u00e9isme \u00e0 venir&#8230;<\/p>\n<h3 style=\"text-align: justify;\">NOIR DESIR \u2013 Tostaky<\/h3>\n<div class=\"youtube-embed\" data-video_id=\"EPMqeEElqik\"><iframe loading=\"lazy\" title=\"Noir D\u00e9sir - Tostaky (Clip Officiel)\" width=\"696\" height=\"392\" src=\"https:\/\/www.youtube.com\/embed\/EPMqeEElqik\" frameborder=\"0\" allow=\"accelerometer; autoplay; clipboard-write; encrypted-media; gyroscope; picture-in-picture; web-share\" referrerpolicy=\"strict-origin-when-cross-origin\" allowfullscreen><\/iframe><\/div>\n<blockquote>\n<h3 style=\"text-align: justify;\"><em>\u00abLe fond des continents &#8211; L&rsquo;or du nouveau monde &#8211; Pyramides jetables &#8211; Hommes d&rsquo;affaires impeccables\u00bb<\/em><\/h3>\n<\/blockquote>\n<p style=\"text-align: justify;\">Hors la chanson titre, <strong>br\u00fblot qui incendie les foules<\/strong> \u00e0 chaque concert (CF Le Bataclan \u2013 8 avril 1993), des chansons exemplaires de concision et d\u2019impact garnissent le CD : \u00ab <strong>Ici Paris \u00bb, \u00ab Oubli\u00e9 \u00bb, \u00ab Here it comes slowly \u00bb, \u00ab <a href=\"https:\/\/www.youtube.com\/watch?v=vi8Mru9oQys\" target=\"_blank\" rel=\"noopener noreferrer\">Marl\u00e8ne<\/a> \u00bb, \u00ab It spurts \u00bb \u00ab Lolita nie en bloc<\/strong> \u00bb \u2026 autant de titres m\u00e9ritant de sortir en singles et susceptibles de perforer les charts.<\/p>\n<h3 style=\"text-align: justify;\">NOIR DESIR \u2013 Lolita nie en bloc<\/h3>\n<div class=\"youtube-embed\" data-video_id=\"5qmEyD4nt1g\"><iframe loading=\"lazy\" title=\"Noir D\u00e9sir - Lolita Nie En Bloc (Clip Officiel)\" width=\"696\" height=\"522\" src=\"https:\/\/www.youtube.com\/embed\/5qmEyD4nt1g\" frameborder=\"0\" allow=\"accelerometer; autoplay; clipboard-write; encrypted-media; gyroscope; picture-in-picture; web-share\" referrerpolicy=\"strict-origin-when-cross-origin\" allowfullscreen><\/iframe><\/div>\n<blockquote>\n<h4 style=\"text-align: justify;\"><em>\u00abIls disent qu&rsquo;ils ont compris &#8211; Qu&rsquo;il n&rsquo;y a plus le choix &#8211; Que l&rsquo;esprit qui souffle &#8211; Guidera leurs pas\u00bb<\/em><\/h4>\n<\/blockquote>\n<p style=\"text-align: justify;\">Oui : Bertrand Cantat chante d\u2019une fa\u00e7on mani\u00e9r\u00e9e. Oui : certains textes pr\u00e9sentent un c\u00f4t\u00e9 abscons. Certes: des notes de guitares vagabondent parfois vers une tonalit\u00e9 inattendue, ce qu\u2019on nomme le \u00ab <strong>charme<\/strong> \u00bb, ce qu\u2019on nomme le \u00ab <strong>talent<\/strong> \u00bb. Amateur de morosit\u00e9, chasseur de normalit\u00e9, passez votre chemin. Outre <strong>jouer plus fort<\/strong> que sur tous leurs enregistrements pr\u00e9c\u00e9dents, <strong>Noir Desir<\/strong> <strong>s\u2019octroie<\/strong> le droit \u00e0 <strong>tous les possibles.<\/strong> C\u2019est ce qui fait l\u2019<strong>originalit\u00e9 de cet album<\/strong>, c\u2019est ce qui fait sont \u00ab<strong> incontournabilit\u00e9<\/strong> \u00bb.<\/p>\n<h3 style=\"text-align: justify;\">NOIR DESIR \u2013 Ici Paris<\/h3>\n<div class=\"youtube-embed\" data-video_id=\"i0sEMhBj838\"><iframe loading=\"lazy\" title=\"Ici Paris\" width=\"696\" height=\"522\" src=\"https:\/\/www.youtube.com\/embed\/i0sEMhBj838\" frameborder=\"0\" allow=\"accelerometer; autoplay; clipboard-write; encrypted-media; gyroscope; picture-in-picture; web-share\" referrerpolicy=\"strict-origin-when-cross-origin\" allowfullscreen><\/iframe><\/div>\n<blockquote>\n<h4 style=\"text-align: center;\"><em>\u00abSoyons d\u00e9sinvoltes &#8211; N&rsquo;ayons l&rsquo;air de rien\u00bb<\/em><\/h4>\n<\/blockquote>\n<p style=\"text-align: justify;\">M\u00eame et malgr\u00e9 <strong>Tostaky<\/strong>, la meilleure fa\u00e7on de <strong>jouer ce disque<\/strong> se veut <strong>int\u00e9grale<\/strong>. Morceler son \u00e9coute s\u2019apparente \u00e0 suivre les \u00e9pisodes d\u2019une s\u00e9rie \u00e0 suspens sans en conna\u00eetre la fin. Vingt-sept ans apr\u00e8s, compositions, son, <strong>pas une ride<\/strong>, si ce n\u2019est celles des hommes. Il en va de l\u2019art comme des pierres pr\u00e9cieuses, le temps les effleure sans alt\u00e9rer leur essence. Et s\u2019il a fallu patienter dix ans pour pouvoir glisser une aiguille dans le sillon d\u2019une version vinyle, il en faudra bien plus pour l\u2019oublier.<\/p>\n<h3 style=\"text-align: justify;\">NOIR DESIR \u2013 Oubli\u00e9<\/h3>\n<div class=\"youtube-embed\" data-video_id=\"3Ex7tBgUPx0\"><iframe loading=\"lazy\" title=\"noir desir \/ oubli\u00e9 ( tostaky )\" width=\"696\" height=\"522\" src=\"https:\/\/www.youtube.com\/embed\/3Ex7tBgUPx0\" frameborder=\"0\" allow=\"accelerometer; autoplay; clipboard-write; encrypted-media; gyroscope; picture-in-picture; web-share\" referrerpolicy=\"strict-origin-when-cross-origin\" allowfullscreen><\/iframe><\/div>\n<blockquote>\n<h4 style=\"text-align: justify;\"><em>\u00abEncore combien \u00e0 attendre &#8211; Combien \u00e0 attendre &#8211; Combien \u00e0 attendre &#8211; Encore combien \u00e0 attendre \u2013 Tostaky\u00a0!\u00bb<\/em><\/h4>\n<\/blockquote>\n<p style=\"text-align: justify;\">Encore combien \u00e0 attendre avant de toucher une \u0153uvre aussi forte ? Seuls celles et ceux qui r\u00e9p\u00e8tent dans l\u2019ombre de leur garage le savent. Et encore, en musique, n&rsquo;est-on jamais s\u00fbr de rien&#8230;<\/p>\n<p style=\"text-align: justify;\">Thierry Dauge<\/p>\n","protected":false},"excerpt":{"rendered":"<p>NOIR DESIR \u2013 Tostaky, rock fran\u00e7ais dynamit\u00e9! \u00abNous survolons des villes &#8211; (des) autoroutes en friche &#8211; Diagonales perdues &#8211; Et des droites au hasard\u00bb Le 7 d\u00e9cembre 1992, loin des affrontements \u00ab pour \u00bb ou \u00ab contre \u00bb Bertrand Cantat, Noir Desir sort Tostaky. Incroyable\u00a0! Ce manifeste rock permet \u00e0 un groupe fran\u00e7ais de [&hellip;]<\/p>\n","protected":false},"author":3,"featured_media":9491,"comment_status":"open","ping_status":"open","sticky":false,"template":"","format":"image","meta":{"jetpack_post_was_ever_published":false,"tdm_status":"","tdm_grid_status":"","_jetpack_newsletter_access":"","_jetpack_dont_email_post_to_subs":false,"_jetpack_newsletter_tier_id":0,"_jetpack_memberships_contains_paywalled_content":false,"_jetpack_memberships_contains_paid_content":false,"footnotes":""},"categories":[30,17],"tags":[37,58,48,51],"class_list":{"0":"post-9486","1":"post","2":"type-post","3":"status-publish","4":"format-image","5":"has-post-thumbnail","7":"category-albums-rock","8":"category-carotte-rock-cultures","9":"tag-album-rock","10":"tag-histoire-du-rock","11":"tag-personnalite-rock","12":"tag-rock-francais","13":"post_format-post-format-image"},"yoast_head":"<!-- This site is optimized with the Yoast SEO plugin v27.5 - https:\/\/yoast.com\/product\/yoast-seo-wordpress\/ -->\n<title>NOIR DESIR \u2013 Tostaky\u00a0: 7 d\u00e9cembre 1992 - Culturesco<\/title>\n<meta name=\"description\" content=\"CulturesCo | Tostaky, l&#039;album brul\u00f4t de NOIR DESIR sorti le 7 d\u00e9cembre 1992 - Bertrand Cantat y interpr\u00e8te Ici Paris, Marl\u00e8ne... Disque Culte!\" \/>\n<meta name=\"robots\" content=\"index, follow, max-snippet:-1, max-image-preview:large, max-video-preview:-1\" \/>\n<link rel=\"canonical\" href=\"https:\/\/culturesco.com\/index.php\/2019\/12\/06\/noir-desir-tostaky-sorti-le-7-decembre-1992-album-culte-du-groupe-de-bertrand-cantat\/\" \/>\n<meta property=\"og:locale\" content=\"fr_FR\" \/>\n<meta property=\"og:type\" content=\"article\" \/>\n<meta property=\"og:title\" content=\"NOIR DESIR \u2013 Tostaky\u00a0: 7 d\u00e9cembre 1992 - Culturesco\" \/>\n<meta property=\"og:description\" content=\"CulturesCo | Tostaky, l&#039;album brul\u00f4t de NOIR DESIR sorti le 7 d\u00e9cembre 1992 - Bertrand Cantat y interpr\u00e8te Ici Paris, Marl\u00e8ne... Disque Culte!\" \/>\n<meta property=\"og:url\" content=\"https:\/\/culturesco.com\/index.php\/2019\/12\/06\/noir-desir-tostaky-sorti-le-7-decembre-1992-album-culte-du-groupe-de-bertrand-cantat\/\" \/>\n<meta property=\"og:site_name\" content=\"Culturesco\" \/>\n<meta property=\"article:publisher\" content=\"https:\/\/www.facebook.com\/radioculturesco\" \/>\n<meta property=\"article:published_time\" content=\"2019-12-06T16:55:06+00:00\" \/>\n<meta property=\"article:modified_time\" content=\"2020-12-06T10:24:03+00:00\" \/>\n<meta property=\"og:image\" content=\"https:\/\/i1.wp.com\/culturesco.com\/wp-content\/uploads\/2019\/12\/noir-desir-tostaky-bertrand-cantat.jpg?fit=600%2C314&ssl=1\" \/>\n\t<meta property=\"og:image:width\" content=\"600\" \/>\n\t<meta property=\"og:image:height\" content=\"314\" \/>\n\t<meta property=\"og:image:type\" content=\"image\/jpeg\" \/>\n<meta name=\"author\" content=\"Thierry Dauge\" \/>\n<meta name=\"twitter:card\" content=\"summary_large_image\" \/>\n<meta name=\"twitter:creator\" content=\"@AugusteMarshal\" \/>\n<meta name=\"twitter:site\" content=\"@AugusteMarshal\" \/>\n<meta name=\"twitter:label1\" content=\"\u00c9crit par\" \/>\n\t<meta name=\"twitter:data1\" content=\"Thierry Dauge\" \/>\n\t<meta name=\"twitter:label2\" content=\"Dur\u00e9e de lecture estim\u00e9e\" \/>\n\t<meta name=\"twitter:data2\" content=\"3 minutes\" \/>\n<script type=\"application\/ld+json\" class=\"yoast-schema-graph\">{\"@context\":\"https:\\\/\\\/schema.org\",\"@graph\":[{\"@type\":\"Article\",\"@id\":\"https:\\\/\\\/culturesco.com\\\/index.php\\\/2019\\\/12\\\/06\\\/noir-desir-tostaky-sorti-le-7-decembre-1992-album-culte-du-groupe-de-bertrand-cantat\\\/#article\",\"isPartOf\":{\"@id\":\"https:\\\/\\\/culturesco.com\\\/index.php\\\/2019\\\/12\\\/06\\\/noir-desir-tostaky-sorti-le-7-decembre-1992-album-culte-du-groupe-de-bertrand-cantat\\\/\"},\"author\":{\"name\":\"Thierry Dauge\",\"@id\":\"https:\\\/\\\/culturesco.com\\\/#\\\/schema\\\/person\\\/19f04cf232d246197f6e7d62abe6cb0e\"},\"headline\":\"NOIR DESIR \u2013 Tostaky\u00a0: 7 d\u00e9cembre 1992\",\"datePublished\":\"2019-12-06T16:55:06+00:00\",\"dateModified\":\"2020-12-06T10:24:03+00:00\",\"mainEntityOfPage\":{\"@id\":\"https:\\\/\\\/culturesco.com\\\/index.php\\\/2019\\\/12\\\/06\\\/noir-desir-tostaky-sorti-le-7-decembre-1992-album-culte-du-groupe-de-bertrand-cantat\\\/\"},\"wordCount\":568,\"commentCount\":0,\"publisher\":{\"@id\":\"https:\\\/\\\/culturesco.com\\\/#organization\"},\"image\":{\"@id\":\"https:\\\/\\\/culturesco.com\\\/index.php\\\/2019\\\/12\\\/06\\\/noir-desir-tostaky-sorti-le-7-decembre-1992-album-culte-du-groupe-de-bertrand-cantat\\\/#primaryimage\"},\"thumbnailUrl\":\"https:\\\/\\\/i0.wp.com\\\/culturesco.com\\\/wp-content\\\/uploads\\\/2019\\\/12\\\/noir-desir-tostaky-bertrand-cantat.jpg?fit=600%2C314&ssl=1\",\"keywords\":[\"album rock\",\"histoire du rock\",\"Personnalit\u00e9 Rock\",\"Rock fran\u00e7ais\"],\"articleSection\":[\"Albums rock\",\"Carotte Rock Cultures\"],\"inLanguage\":\"fr-FR\",\"potentialAction\":[{\"@type\":\"CommentAction\",\"name\":\"Comment\",\"target\":[\"https:\\\/\\\/culturesco.com\\\/index.php\\\/2019\\\/12\\\/06\\\/noir-desir-tostaky-sorti-le-7-decembre-1992-album-culte-du-groupe-de-bertrand-cantat\\\/#respond\"]}]},{\"@type\":\"WebPage\",\"@id\":\"https:\\\/\\\/culturesco.com\\\/index.php\\\/2019\\\/12\\\/06\\\/noir-desir-tostaky-sorti-le-7-decembre-1992-album-culte-du-groupe-de-bertrand-cantat\\\/\",\"url\":\"https:\\\/\\\/culturesco.com\\\/index.php\\\/2019\\\/12\\\/06\\\/noir-desir-tostaky-sorti-le-7-decembre-1992-album-culte-du-groupe-de-bertrand-cantat\\\/\",\"name\":\"NOIR DESIR \u2013 Tostaky\u00a0: 7 d\u00e9cembre 1992 - Culturesco\",\"isPartOf\":{\"@id\":\"https:\\\/\\\/culturesco.com\\\/#website\"},\"primaryImageOfPage\":{\"@id\":\"https:\\\/\\\/culturesco.com\\\/index.php\\\/2019\\\/12\\\/06\\\/noir-desir-tostaky-sorti-le-7-decembre-1992-album-culte-du-groupe-de-bertrand-cantat\\\/#primaryimage\"},\"image\":{\"@id\":\"https:\\\/\\\/culturesco.com\\\/index.php\\\/2019\\\/12\\\/06\\\/noir-desir-tostaky-sorti-le-7-decembre-1992-album-culte-du-groupe-de-bertrand-cantat\\\/#primaryimage\"},\"thumbnailUrl\":\"https:\\\/\\\/i0.wp.com\\\/culturesco.com\\\/wp-content\\\/uploads\\\/2019\\\/12\\\/noir-desir-tostaky-bertrand-cantat.jpg?fit=600%2C314&ssl=1\",\"datePublished\":\"2019-12-06T16:55:06+00:00\",\"dateModified\":\"2020-12-06T10:24:03+00:00\",\"description\":\"CulturesCo | Tostaky, l'album brul\u00f4t de NOIR DESIR sorti le 7 d\u00e9cembre 1992 - Bertrand Cantat y interpr\u00e8te Ici Paris, Marl\u00e8ne... Disque Culte!\",\"breadcrumb\":{\"@id\":\"https:\\\/\\\/culturesco.com\\\/index.php\\\/2019\\\/12\\\/06\\\/noir-desir-tostaky-sorti-le-7-decembre-1992-album-culte-du-groupe-de-bertrand-cantat\\\/#breadcrumb\"},\"inLanguage\":\"fr-FR\",\"potentialAction\":[{\"@type\":\"ReadAction\",\"target\":[\"https:\\\/\\\/culturesco.com\\\/index.php\\\/2019\\\/12\\\/06\\\/noir-desir-tostaky-sorti-le-7-decembre-1992-album-culte-du-groupe-de-bertrand-cantat\\\/\"]}]},{\"@type\":\"ImageObject\",\"inLanguage\":\"fr-FR\",\"@id\":\"https:\\\/\\\/culturesco.com\\\/index.php\\\/2019\\\/12\\\/06\\\/noir-desir-tostaky-sorti-le-7-decembre-1992-album-culte-du-groupe-de-bertrand-cantat\\\/#primaryimage\",\"url\":\"https:\\\/\\\/i0.wp.com\\\/culturesco.com\\\/wp-content\\\/uploads\\\/2019\\\/12\\\/noir-desir-tostaky-bertrand-cantat.jpg?fit=600%2C314&ssl=1\",\"contentUrl\":\"https:\\\/\\\/i0.wp.com\\\/culturesco.com\\\/wp-content\\\/uploads\\\/2019\\\/12\\\/noir-desir-tostaky-bertrand-cantat.jpg?fit=600%2C314&ssl=1\",\"width\":600,\"height\":314,\"caption\":\"Noir D\u00e9sir - Tostaky\"},{\"@type\":\"BreadcrumbList\",\"@id\":\"https:\\\/\\\/culturesco.com\\\/index.php\\\/2019\\\/12\\\/06\\\/noir-desir-tostaky-sorti-le-7-decembre-1992-album-culte-du-groupe-de-bertrand-cantat\\\/#breadcrumb\",\"itemListElement\":[{\"@type\":\"ListItem\",\"position\":1,\"name\":\"Accueil\",\"item\":\"https:\\\/\\\/culturesco.com\\\/\"},{\"@type\":\"ListItem\",\"position\":2,\"name\":\"NOIR DESIR \u2013 Tostaky\u00a0: 7 d\u00e9cembre 1992\"}]},{\"@type\":\"WebSite\",\"@id\":\"https:\\\/\\\/culturesco.com\\\/#website\",\"url\":\"https:\\\/\\\/culturesco.com\\\/\",\"name\":\"Culturesco\",\"description\":\"Culturesco | Un bon coup de pied dans ta Culture\",\"publisher\":{\"@id\":\"https:\\\/\\\/culturesco.com\\\/#organization\"},\"potentialAction\":[{\"@type\":\"SearchAction\",\"target\":{\"@type\":\"EntryPoint\",\"urlTemplate\":\"https:\\\/\\\/culturesco.com\\\/?s={search_term_string}\"},\"query-input\":{\"@type\":\"PropertyValueSpecification\",\"valueRequired\":true,\"valueName\":\"search_term_string\"}}],\"inLanguage\":\"fr-FR\"},{\"@type\":\"Organization\",\"@id\":\"https:\\\/\\\/culturesco.com\\\/#organization\",\"name\":\"CULTURESCO\",\"url\":\"https:\\\/\\\/culturesco.com\\\/\",\"logo\":{\"@type\":\"ImageObject\",\"inLanguage\":\"fr-FR\",\"@id\":\"https:\\\/\\\/culturesco.com\\\/#\\\/schema\\\/logo\\\/image\\\/\",\"url\":\"https:\\\/\\\/i0.wp.com\\\/culturesco.com\\\/wp-content\\\/uploads\\\/2022\\\/04\\\/culturesco-logo-blanc250p.png?fit=250%2C250&ssl=1\",\"contentUrl\":\"https:\\\/\\\/i0.wp.com\\\/culturesco.com\\\/wp-content\\\/uploads\\\/2022\\\/04\\\/culturesco-logo-blanc250p.png?fit=250%2C250&ssl=1\",\"width\":250,\"height\":250,\"caption\":\"CULTURESCO\"},\"image\":{\"@id\":\"https:\\\/\\\/culturesco.com\\\/#\\\/schema\\\/logo\\\/image\\\/\"},\"sameAs\":[\"https:\\\/\\\/www.facebook.com\\\/radioculturesco\",\"https:\\\/\\\/x.com\\\/AugusteMarshal\",\"https:\\\/\\\/www.instagram.com\\\/carotte_rock_culture\\\/\",\"https:\\\/\\\/www.pinterest.fr\\\/augustemarshal\\\/\",\"https:\\\/\\\/www.youtube.com\\\/channel\\\/UCiWLGffqWSXlNnfzp6YwwyQ\"]},{\"@type\":\"Person\",\"@id\":\"https:\\\/\\\/culturesco.com\\\/#\\\/schema\\\/person\\\/19f04cf232d246197f6e7d62abe6cb0e\",\"name\":\"Thierry Dauge\",\"image\":{\"@type\":\"ImageObject\",\"inLanguage\":\"fr-FR\",\"@id\":\"https:\\\/\\\/i0.wp.com\\\/culturesco.com\\\/wp-content\\\/uploads\\\/2018\\\/12\\\/Black-Beauty-and-me.jpg?fit=96%2C96&ssl=1\",\"url\":\"https:\\\/\\\/i0.wp.com\\\/culturesco.com\\\/wp-content\\\/uploads\\\/2018\\\/12\\\/Black-Beauty-and-me.jpg?fit=96%2C96&ssl=1\",\"contentUrl\":\"https:\\\/\\\/i0.wp.com\\\/culturesco.com\\\/wp-content\\\/uploads\\\/2018\\\/12\\\/Black-Beauty-and-me.jpg?fit=96%2C96&ssl=1\",\"caption\":\"Thierry Dauge\"},\"description\":\"Amoureux des 70\u2019s et du hard rock en particulier, Thierry Dauge est chroniqueur sur Culturesco par amour de l\u2019\u00e9criture musicale. Co-auteur du livre\\\"Pop rock - Les instruments de l'ombre\\\" aux \u00e9ditions du Camion Blanc, collaborateur de Vivi pour \\\"Mes Ann\u00e9es Trust\\\", auteur de \\\"Sparks\\\" aux \u00e9ditions du Layeur, parce que le rock est loin d'\u00eatre mort ...\",\"url\":\"https:\\\/\\\/culturesco.com\\\/index.php\\\/author\\\/thierry-dauge888\\\/\"}]}<\/script>\n<!-- \/ Yoast SEO plugin. -->","yoast_head_json":{"title":"NOIR DESIR \u2013 Tostaky\u00a0: 7 d\u00e9cembre 1992 - Culturesco","description":"CulturesCo | Tostaky, l'album brul\u00f4t de NOIR DESIR sorti le 7 d\u00e9cembre 1992 - Bertrand Cantat y interpr\u00e8te Ici Paris, Marl\u00e8ne... Disque Culte!","robots":{"index":"index","follow":"follow","max-snippet":"max-snippet:-1","max-image-preview":"max-image-preview:large","max-video-preview":"max-video-preview:-1"},"canonical":"https:\/\/culturesco.com\/index.php\/2019\/12\/06\/noir-desir-tostaky-sorti-le-7-decembre-1992-album-culte-du-groupe-de-bertrand-cantat\/","og_locale":"fr_FR","og_type":"article","og_title":"NOIR DESIR \u2013 Tostaky\u00a0: 7 d\u00e9cembre 1992 - Culturesco","og_description":"CulturesCo | Tostaky, l'album brul\u00f4t de NOIR DESIR sorti le 7 d\u00e9cembre 1992 - Bertrand Cantat y interpr\u00e8te Ici Paris, Marl\u00e8ne... Disque Culte!","og_url":"https:\/\/culturesco.com\/index.php\/2019\/12\/06\/noir-desir-tostaky-sorti-le-7-decembre-1992-album-culte-du-groupe-de-bertrand-cantat\/","og_site_name":"Culturesco","article_publisher":"https:\/\/www.facebook.com\/radioculturesco","article_published_time":"2019-12-06T16:55:06+00:00","article_modified_time":"2020-12-06T10:24:03+00:00","og_image":[{"width":600,"height":314,"url":"https:\/\/i1.wp.com\/culturesco.com\/wp-content\/uploads\/2019\/12\/noir-desir-tostaky-bertrand-cantat.jpg?fit=600%2C314&ssl=1","type":"image\/jpeg"}],"author":"Thierry Dauge","twitter_card":"summary_large_image","twitter_creator":"@AugusteMarshal","twitter_site":"@AugusteMarshal","twitter_misc":{"\u00c9crit par":"Thierry Dauge","Dur\u00e9e de lecture estim\u00e9e":"3 minutes"},"schema":{"@context":"https:\/\/schema.org","@graph":[{"@type":"Article","@id":"https:\/\/culturesco.com\/index.php\/2019\/12\/06\/noir-desir-tostaky-sorti-le-7-decembre-1992-album-culte-du-groupe-de-bertrand-cantat\/#article","isPartOf":{"@id":"https:\/\/culturesco.com\/index.php\/2019\/12\/06\/noir-desir-tostaky-sorti-le-7-decembre-1992-album-culte-du-groupe-de-bertrand-cantat\/"},"author":{"name":"Thierry Dauge","@id":"https:\/\/culturesco.com\/#\/schema\/person\/19f04cf232d246197f6e7d62abe6cb0e"},"headline":"NOIR DESIR \u2013 Tostaky\u00a0: 7 d\u00e9cembre 1992","datePublished":"2019-12-06T16:55:06+00:00","dateModified":"2020-12-06T10:24:03+00:00","mainEntityOfPage":{"@id":"https:\/\/culturesco.com\/index.php\/2019\/12\/06\/noir-desir-tostaky-sorti-le-7-decembre-1992-album-culte-du-groupe-de-bertrand-cantat\/"},"wordCount":568,"commentCount":0,"publisher":{"@id":"https:\/\/culturesco.com\/#organization"},"image":{"@id":"https:\/\/culturesco.com\/index.php\/2019\/12\/06\/noir-desir-tostaky-sorti-le-7-decembre-1992-album-culte-du-groupe-de-bertrand-cantat\/#primaryimage"},"thumbnailUrl":"https:\/\/i0.wp.com\/culturesco.com\/wp-content\/uploads\/2019\/12\/noir-desir-tostaky-bertrand-cantat.jpg?fit=600%2C314&ssl=1","keywords":["album rock","histoire du rock","Personnalit\u00e9 Rock","Rock fran\u00e7ais"],"articleSection":["Albums rock","Carotte Rock Cultures"],"inLanguage":"fr-FR","potentialAction":[{"@type":"CommentAction","name":"Comment","target":["https:\/\/culturesco.com\/index.php\/2019\/12\/06\/noir-desir-tostaky-sorti-le-7-decembre-1992-album-culte-du-groupe-de-bertrand-cantat\/#respond"]}]},{"@type":"WebPage","@id":"https:\/\/culturesco.com\/index.php\/2019\/12\/06\/noir-desir-tostaky-sorti-le-7-decembre-1992-album-culte-du-groupe-de-bertrand-cantat\/","url":"https:\/\/culturesco.com\/index.php\/2019\/12\/06\/noir-desir-tostaky-sorti-le-7-decembre-1992-album-culte-du-groupe-de-bertrand-cantat\/","name":"NOIR DESIR \u2013 Tostaky\u00a0: 7 d\u00e9cembre 1992 - Culturesco","isPartOf":{"@id":"https:\/\/culturesco.com\/#website"},"primaryImageOfPage":{"@id":"https:\/\/culturesco.com\/index.php\/2019\/12\/06\/noir-desir-tostaky-sorti-le-7-decembre-1992-album-culte-du-groupe-de-bertrand-cantat\/#primaryimage"},"image":{"@id":"https:\/\/culturesco.com\/index.php\/2019\/12\/06\/noir-desir-tostaky-sorti-le-7-decembre-1992-album-culte-du-groupe-de-bertrand-cantat\/#primaryimage"},"thumbnailUrl":"https:\/\/i0.wp.com\/culturesco.com\/wp-content\/uploads\/2019\/12\/noir-desir-tostaky-bertrand-cantat.jpg?fit=600%2C314&ssl=1","datePublished":"2019-12-06T16:55:06+00:00","dateModified":"2020-12-06T10:24:03+00:00","description":"CulturesCo | Tostaky, l'album brul\u00f4t de NOIR DESIR sorti le 7 d\u00e9cembre 1992 - Bertrand Cantat y interpr\u00e8te Ici Paris, Marl\u00e8ne... Disque Culte!","breadcrumb":{"@id":"https:\/\/culturesco.com\/index.php\/2019\/12\/06\/noir-desir-tostaky-sorti-le-7-decembre-1992-album-culte-du-groupe-de-bertrand-cantat\/#breadcrumb"},"inLanguage":"fr-FR","potentialAction":[{"@type":"ReadAction","target":["https:\/\/culturesco.com\/index.php\/2019\/12\/06\/noir-desir-tostaky-sorti-le-7-decembre-1992-album-culte-du-groupe-de-bertrand-cantat\/"]}]},{"@type":"ImageObject","inLanguage":"fr-FR","@id":"https:\/\/culturesco.com\/index.php\/2019\/12\/06\/noir-desir-tostaky-sorti-le-7-decembre-1992-album-culte-du-groupe-de-bertrand-cantat\/#primaryimage","url":"https:\/\/i0.wp.com\/culturesco.com\/wp-content\/uploads\/2019\/12\/noir-desir-tostaky-bertrand-cantat.jpg?fit=600%2C314&ssl=1","contentUrl":"https:\/\/i0.wp.com\/culturesco.com\/wp-content\/uploads\/2019\/12\/noir-desir-tostaky-bertrand-cantat.jpg?fit=600%2C314&ssl=1","width":600,"height":314,"caption":"Noir D\u00e9sir - Tostaky"},{"@type":"BreadcrumbList","@id":"https:\/\/culturesco.com\/index.php\/2019\/12\/06\/noir-desir-tostaky-sorti-le-7-decembre-1992-album-culte-du-groupe-de-bertrand-cantat\/#breadcrumb","itemListElement":[{"@type":"ListItem","position":1,"name":"Accueil","item":"https:\/\/culturesco.com\/"},{"@type":"ListItem","position":2,"name":"NOIR DESIR \u2013 Tostaky\u00a0: 7 d\u00e9cembre 1992"}]},{"@type":"WebSite","@id":"https:\/\/culturesco.com\/#website","url":"https:\/\/culturesco.com\/","name":"Culturesco","description":"Culturesco | Un bon coup de pied dans ta Culture","publisher":{"@id":"https:\/\/culturesco.com\/#organization"},"potentialAction":[{"@type":"SearchAction","target":{"@type":"EntryPoint","urlTemplate":"https:\/\/culturesco.com\/?s={search_term_string}"},"query-input":{"@type":"PropertyValueSpecification","valueRequired":true,"valueName":"search_term_string"}}],"inLanguage":"fr-FR"},{"@type":"Organization","@id":"https:\/\/culturesco.com\/#organization","name":"CULTURESCO","url":"https:\/\/culturesco.com\/","logo":{"@type":"ImageObject","inLanguage":"fr-FR","@id":"https:\/\/culturesco.com\/#\/schema\/logo\/image\/","url":"https:\/\/i0.wp.com\/culturesco.com\/wp-content\/uploads\/2022\/04\/culturesco-logo-blanc250p.png?fit=250%2C250&ssl=1","contentUrl":"https:\/\/i0.wp.com\/culturesco.com\/wp-content\/uploads\/2022\/04\/culturesco-logo-blanc250p.png?fit=250%2C250&ssl=1","width":250,"height":250,"caption":"CULTURESCO"},"image":{"@id":"https:\/\/culturesco.com\/#\/schema\/logo\/image\/"},"sameAs":["https:\/\/www.facebook.com\/radioculturesco","https:\/\/x.com\/AugusteMarshal","https:\/\/www.instagram.com\/carotte_rock_culture\/","https:\/\/www.pinterest.fr\/augustemarshal\/","https:\/\/www.youtube.com\/channel\/UCiWLGffqWSXlNnfzp6YwwyQ"]},{"@type":"Person","@id":"https:\/\/culturesco.com\/#\/schema\/person\/19f04cf232d246197f6e7d62abe6cb0e","name":"Thierry Dauge","image":{"@type":"ImageObject","inLanguage":"fr-FR","@id":"https:\/\/i0.wp.com\/culturesco.com\/wp-content\/uploads\/2018\/12\/Black-Beauty-and-me.jpg?fit=96%2C96&ssl=1","url":"https:\/\/i0.wp.com\/culturesco.com\/wp-content\/uploads\/2018\/12\/Black-Beauty-and-me.jpg?fit=96%2C96&ssl=1","contentUrl":"https:\/\/i0.wp.com\/culturesco.com\/wp-content\/uploads\/2018\/12\/Black-Beauty-and-me.jpg?fit=96%2C96&ssl=1","caption":"Thierry Dauge"},"description":"Amoureux des 70\u2019s et du hard rock en particulier, Thierry Dauge est chroniqueur sur Culturesco par amour de l\u2019\u00e9criture musicale. Co-auteur du livre\"Pop rock - Les instruments de l'ombre\" aux \u00e9ditions du Camion Blanc, collaborateur de Vivi pour \"Mes Ann\u00e9es Trust\", auteur de \"Sparks\" aux \u00e9ditions du Layeur, parce que le rock est loin d'\u00eatre mort ...","url":"https:\/\/culturesco.com\/index.php\/author\/thierry-dauge888\/"}]}},"jetpack_featured_media_url":"https:\/\/i0.wp.com\/culturesco.com\/wp-content\/uploads\/2019\/12\/noir-desir-tostaky-bertrand-cantat.jpg?fit=600%2C314&ssl=1","jetpack_likes_enabled":true,"jetpack_sharing_enabled":true,"jetpack_shortlink":"https:\/\/wp.me\/paz89I-2t0","_links":{"self":[{"href":"https:\/\/culturesco.com\/index.php\/wp-json\/wp\/v2\/posts\/9486","targetHints":{"allow":["GET"]}}],"collection":[{"href":"https:\/\/culturesco.com\/index.php\/wp-json\/wp\/v2\/posts"}],"about":[{"href":"https:\/\/culturesco.com\/index.php\/wp-json\/wp\/v2\/types\/post"}],"author":[{"embeddable":true,"href":"https:\/\/culturesco.com\/index.php\/wp-json\/wp\/v2\/users\/3"}],"replies":[{"embeddable":true,"href":"https:\/\/culturesco.com\/index.php\/wp-json\/wp\/v2\/comments?post=9486"}],"version-history":[{"count":0,"href":"https:\/\/culturesco.com\/index.php\/wp-json\/wp\/v2\/posts\/9486\/revisions"}],"wp:featuredmedia":[{"embeddable":true,"href":"https:\/\/culturesco.com\/index.php\/wp-json\/wp\/v2\/media\/9491"}],"wp:attachment":[{"href":"https:\/\/culturesco.com\/index.php\/wp-json\/wp\/v2\/media?parent=9486"}],"wp:term":[{"taxonomy":"category","embeddable":true,"href":"https:\/\/culturesco.com\/index.php\/wp-json\/wp\/v2\/categories?post=9486"},{"taxonomy":"post_tag","embeddable":true,"href":"https:\/\/culturesco.com\/index.php\/wp-json\/wp\/v2\/tags?post=9486"}],"curies":[{"name":"wp","href":"https:\/\/api.w.org\/{rel}","templated":true}]}}