{"id":9298,"date":"2019-11-23T21:47:15","date_gmt":"2019-11-23T20:47:15","guid":{"rendered":"https:\/\/culturesco.com\/?p=9298"},"modified":"2019-11-23T22:27:49","modified_gmt":"2019-11-23T21:27:49","slug":"le-rock-est-mort-vive-le-rock-ouvrage-bande-dessinee-sur-le-rock-dans-tous-ses-etats","status":"publish","type":"post","link":"https:\/\/culturesco.com\/index.php\/2019\/11\/23\/le-rock-est-mort-vive-le-rock-ouvrage-bande-dessinee-sur-le-rock-dans-tous-ses-etats\/","title":{"rendered":"LE ROCK EST MORT (Vive le rock !)"},"content":{"rendered":"<h2>LE ROCK EST MORT &#8230; pas les rockeurs !<\/h2>\n<p><strong>Sorti en 2018<\/strong>, voil\u00e0 un <strong>sacr\u00e9 manifeste<\/strong> !<\/p>\n<p style=\"text-align: justify;\">Avec : \u00ab<strong> Le Rock est mort (vive le Rock !)<\/strong> \u00bb, <strong>Vincent Brunner<\/strong> pour les textes associ\u00e9 \u00e0 <strong>Terreur Graphique<\/strong> pour les illustrations nous r\u00e9galent d\u2019un <strong>ouvrage-BD jubilatoire<\/strong>. Tous <strong>les artistes <\/strong>croqu\u00e9s ou croqu\u00e9es sont des <strong>\u00ab Cadors \u00bb de la pop ou du rock<\/strong>. Reflet dans le miroir, leurs caricatures nous les pr\u00e9sentent tels qu\u2019elles et ils sont en r\u00e9alit\u00e9 : rid\u00e9s, vieillis, bard\u00e9s des s\u00e9quelles inh\u00e9rentes \u00e0 un <strong>mode de vie <\/strong>dit : \u00ab cr\u00e9atif \u00bb, pour le moins <strong>destructeur<\/strong>. Qui sa ligne de coke, son verre de schnaps, sa cuill\u00e8re d\u2019h\u00e9ro\u00efne, son buvard d\u2019acide ou sa boulimie de sexe : \u00e0 toutes les sauces ! Parce qu\u2019<strong>au-del\u00e0 des dessins,<\/strong> <strong>les mots croquent<\/strong> \u00e9galement <strong>sous la dent.<\/strong><\/p>\n<p><a href=\"https:\/\/amzn.to\/2Db5rGr\" target=\"_blank\" rel=\"noopener noreferrer\"><img data-recalc-dims=\"1\" loading=\"lazy\" decoding=\"async\" class=\"aligncenter wp-image-9299 size-full\" src=\"https:\/\/i0.wp.com\/culturesco.com\/wp-content\/uploads\/2019\/11\/LREMVLR-Extraits.jpg?resize=600%2C425&#038;ssl=1\" alt=\"Le rock est mort - Vive le rock\" width=\"600\" height=\"425\" srcset=\"https:\/\/i0.wp.com\/culturesco.com\/wp-content\/uploads\/2019\/11\/LREMVLR-Extraits.jpg?w=600&amp;ssl=1 600w, https:\/\/i0.wp.com\/culturesco.com\/wp-content\/uploads\/2019\/11\/LREMVLR-Extraits.jpg?resize=300%2C212&amp;ssl=1 300w, https:\/\/i0.wp.com\/culturesco.com\/wp-content\/uploads\/2019\/11\/LREMVLR-Extraits.jpg?resize=100%2C70&amp;ssl=1 100w, https:\/\/i0.wp.com\/culturesco.com\/wp-content\/uploads\/2019\/11\/LREMVLR-Extraits.jpg?resize=696%2C493&amp;ssl=1 696w, https:\/\/i0.wp.com\/culturesco.com\/wp-content\/uploads\/2019\/11\/LREMVLR-Extraits.jpg?resize=593%2C420&amp;ssl=1 593w\" sizes=\"auto, (max-width: 600px) 100vw, 600px\" \/><\/a><\/p>\n<h3>Les responsables<\/h3>\n<p style=\"text-align: justify;\"><a href=\"https:\/\/fr.wikipedia.org\/wiki\/Terreur_Graphique\" target=\"_blank\" rel=\"noopener noreferrer\"><strong>Terreur graphique<\/strong><\/a> collabore, entre autres, avec <strong>Lib\u00e9ration <\/strong>et<a href=\"https:\/\/fr.wikipedia.org\/wiki\/Fluide_glacial\" target=\"_blank\" rel=\"noopener noreferrer\"><strong> Fluide Glacial<\/strong><\/a>, ce qui donne la \u00ab couleur \u00bb de ses dessins. Et qu\u2019ils soient en noir et blanc n\u2019y change rien.<\/p>\n<p style=\"text-align: justify;\"><a href=\"https:\/\/www.babelio.com\/auteur\/Vincent-Brunner\/30734\" target=\"_blank\" rel=\"noopener noreferrer\"><strong>Vincent Brunner<\/strong><\/a>, quant \u00e0 lui, a \u0153uvr\u00e9 au sein de <strong>Rolling Stones Magazine<\/strong> et \u00e9crit une dizaine d\u2019ouvrages. Moiti\u00e9 <strong>sc\u00e9nariste de BD<\/strong>, moiti\u00e9 <strong>auteur<\/strong>, il randonne toujours <strong>autour de la musique.<\/strong> On peut, en quelque sorte, le qualifier de \u00ab musical\u00e9crivain \u00bb.<\/p>\n<p style=\"text-align: justify;\">M\u00e9daill\u00e9s de la sorte, nos deux larrons ne pouvaient qu\u2019\u00e9crire des <strong>partitions \u00ab poil \u00e0 gratter<\/strong> \u00bb, de celles qui animent les <strong>zygomatiques en musique.<\/strong><\/p>\n<h3>132 &#8211; 6 ic\u00f4nes et leurs : Chansons doudous (\u00e0 \u00e9couter en cas de deuil)<\/h3>\n<p style=\"text-align: justify;\">Sur les 132 <strong>personnages musicaux<\/strong> qui devaient figurer en bonne place dans les pages du recueil, il n\u2019en subsiste que <strong>126<\/strong>. Cinq gladiateurs et une lady ont refus\u00e9 l\u2019invitation, pr\u00e9f\u00e9rant rendre vie que servir d\u2019\u00e9tendard. Dans ce cas, comme il est maintenant traditionnel de publier sur les r\u00e9seaux sociaux, glissons une larme \u00e9motic\u00f4nique et un sur usit\u00e9 : \u00ab RIP \u00bb.<\/p>\n<p style=\"text-align: justify;\">Au sujet des \u00ab<strong> Chansons doudous<\/strong> \u00bb, chacun\/chacune des 126 rescap\u00e9s b\u00e9n\u00e9ficie d\u2019une ou plusieurs chansons <strong>les caract\u00e9risant<\/strong>. Issus de leur propre r\u00e9pertoire, les <strong>choix<\/strong> sont <strong>judicieux<\/strong>, une image musicale <strong>refl\u00e9tant leur personnalit\u00e9<\/strong>. Ainsi, pour l\u2019\u00e9l\u00e9gant <strong>Bryan Ferry<\/strong> retrouve-t-on \u00ab Slave to love \u00bb et \u00ab Honk Kong garden \u00bb pour l\u2019addictive <a href=\"https:\/\/culturesco.com\/index.php\/2019\/06\/26\/siouxsie-and-the-banshees-4ieme-album-juju-avec-le-guitariste-john-mcgeoch-spellbound-arabian-knigths\/\" target=\"_blank\" rel=\"noopener noreferrer\">Siouxsies Sioux<\/a><strong>.<\/strong><\/p>\n<h3>Bryan FERRY &#8211; Slave to love \/ SIOUXSIE and The BANSHEES &#8211; Honk Kong garden<\/h3>\n<div class=\"youtube-embed\" data-video_id=\"9kp3N3wQPO0\"><iframe loading=\"lazy\" title=\"Bryan Ferry - Slave To Love [Official]\" width=\"696\" height=\"522\" src=\"https:\/\/www.youtube.com\/embed\/9kp3N3wQPO0\" frameborder=\"0\" allow=\"accelerometer; autoplay; clipboard-write; encrypted-media; gyroscope; picture-in-picture; web-share\" referrerpolicy=\"strict-origin-when-cross-origin\" allowfullscreen><\/iframe><\/div>\n<div class=\"youtube-embed\" data-video_id=\"Y-l9GQJRl9Y\"><iframe loading=\"lazy\" title=\"Siouxsie And The Banshees - Hong Kong Garden (Official Music Video)\" width=\"696\" height=\"392\" src=\"https:\/\/www.youtube.com\/embed\/Y-l9GQJRl9Y\" frameborder=\"0\" allow=\"accelerometer; autoplay; clipboard-write; encrypted-media; gyroscope; picture-in-picture; web-share\" referrerpolicy=\"strict-origin-when-cross-origin\" allowfullscreen><\/iframe><\/div>\n<h3>Pour ne pas conclure<\/h3>\n<p style=\"text-align: justify;\">A l\u2019issue de sa lecture, \u00ab <strong>Le Rock est mort (vive le Rock !)<\/strong> \u00bb impose une constatation. Pour le cas o\u00f9 nous en doutions, le <strong>rock d\u2019aujourd\u2019hui<\/strong> est bien une <strong>affaire de sexa-septuag\u00e9naires<\/strong>. La race des \u00ab rockeurs \u00bb s\u2019\u00e9teindra-t-elle avec eux ? Ces derniers temps, \u00e0 la vitesse o\u00f9 ces juv\u00e9niles vieillards nous quittent, on pourrait le craindre. Question : existe-t-il une <strong>autre g\u00e9n\u00e9ration<\/strong> susceptible d\u2019<strong>occuper la place ?<\/strong> Qui pour reprendre le flambeau ? Quel membre de quel groupe ? Tablons que des personnalit\u00e9s artistiques telles que le <a href=\"https:\/\/www.youtube.com\/watch?v=fHiGbolFFGw\" target=\"_blank\" rel=\"noopener noreferrer\">Radiohead<\/a> <strong>Thom Yorke<\/strong>, <strong>Chris Martin<\/strong> from <a href=\"https:\/\/www.youtube.com\/watch?v=RB-RcX5DS5A\" target=\"_blank\" rel=\"noopener noreferrer\">Coldplay<\/a> et, chez les filles,<strong> Beth Ditto<\/strong> ex <a href=\"https:\/\/www.youtube.com\/watch?v=5mQVljB7JGw\" target=\"_blank\" rel=\"noopener noreferrer\">Gossip<\/a> ou <a href=\"https:\/\/www.youtube.com\/watch?v=STxXS5lLunE\" target=\"_blank\" rel=\"noopener noreferrer\"><strong>PJ Harvey<\/strong> <\/a>puissent remplir cet office : <strong>pour ne pas conclure<\/strong> \u2026<\/p>\n<h3>Vive le rock ! &#8230; et la BD<\/h3>\n<p style=\"text-align: justify;\">Si vous souhaitez passer un <strong>excellent moment,<\/strong> le post\u00e9rieur confortablement viss\u00e9 au fond d\u2019un fauteuil Club, un casque Sennheiser sur les oreilles couvrant le cr\u00e9pitement du bois dans l\u2019\u00e2tre de la chemin\u00e9e : <strong>lisez cet ouvrage, l\u00e0, tout de suite, urgemment !<\/strong> Il y a de la <strong>musique entre les lignes<\/strong>, il y des <strong>sons sous le crayon<\/strong> \u2026<\/p>\n<p>Thierry Dauge<\/p>\n<p style=\"text-align: justify;\">NB : Outre l\u2019encadr\u00e9 intitul\u00e9 \u00ab Chansons doudous \u00bb, une rubrique \u00ab <strong>The Death Club<\/strong> \u00bb accompagne chaque personnalit\u00e9. On y retrouve des <strong>musiciens<\/strong> \u00e0 pr\u00e9sent <strong>d\u00e9c\u00e9d\u00e9s<\/strong> qui <strong>ont compt\u00e9 dans la vie ou la carri\u00e8re des artistes<\/strong>.<\/p>\n<p style=\"text-align: justify;\">Probl\u00e8me : <a href=\"https:\/\/culturesco.com\/index.php\/2019\/08\/19\/led-zeppelin-iv-mythes-et-legendes-autour-d-une-pochette-de-disque-stairway-to-heaven\/\" target=\"_blank\" rel=\"noopener noreferrer\"><strong>John Paul Jones<\/strong><\/a> est <strong>cit\u00e9 deux fois<\/strong> dans cette rubrique ! (CF <a href=\"https:\/\/www.youtube.com\/watch?v=uZAsfB1Np-8\" target=\"_blank\" rel=\"noopener noreferrer\">Cat Stevens<\/a> &#8211; p29 et <a href=\"https:\/\/www.youtube.com\/watch?v=PgA76eq2RTU\" target=\"_blank\" rel=\"noopener noreferrer\">Jimmy Page<\/a> &#8211; p34). Pourquoi est-ce un probl\u00e8me ? Mais c&rsquo;est que le bassiste \u00e0 vie de Led Zeppelin est <strong>toujours vivant !!!\u00a0<\/strong>Vincent Brunner ! Allons ! &#8230;<\/p>\n<p><a href=\"https:\/\/amzn.to\/2Db5rGr\" target=\"_blank\" rel=\"noopener noreferrer\"><img data-recalc-dims=\"1\" loading=\"lazy\" decoding=\"async\" class=\"alignleft wp-image-9300 size-full\" src=\"https:\/\/i0.wp.com\/culturesco.com\/wp-content\/uploads\/2019\/11\/LREMVLR-couverture.jpg?resize=195%2C275&#038;ssl=1\" alt=\"Le rock est mort - Vive le rock\" width=\"195\" height=\"275\" \/><\/a><\/p>\n<p>&nbsp;<\/p>\n<p>Titre : <strong>Le Rock est Mort (Vive le Rock !)<\/strong><br \/>\nAuteur : <strong>Vincent Brunner<\/strong><br \/>\nIllustr\u00e9 par: <strong>Terreur Graphique<\/strong><br \/>\n<strong>Editions Flammarion<\/strong> \u2013 <strong>2018<\/strong><br \/>\nISBN 2081424967 9782081424968<br \/>\n<strong>192 pages<\/strong> &#8211; 19\u20ac90<\/p>\n","protected":false},"excerpt":{"rendered":"<p>LE ROCK EST MORT &#8230; pas les rockeurs ! Sorti en 2018, voil\u00e0 un sacr\u00e9 manifeste ! Avec : \u00ab Le Rock est mort (vive le Rock !) \u00bb, Vincent Brunner pour les textes associ\u00e9 \u00e0 Terreur Graphique pour les illustrations nous r\u00e9galent d\u2019un ouvrage-BD jubilatoire. Tous les artistes croqu\u00e9s ou croqu\u00e9es sont des \u00ab [&hellip;]<\/p>\n","protected":false},"author":3,"featured_media":9301,"comment_status":"open","ping_status":"open","sticky":false,"template":"","format":"image","meta":{"jetpack_post_was_ever_published":false,"tdm_status":"","tdm_grid_status":"","_jetpack_newsletter_access":"","_jetpack_dont_email_post_to_subs":false,"_jetpack_newsletter_tier_id":0,"_jetpack_memberships_contains_paywalled_content":false,"_jetpack_memberships_contains_paid_content":false,"footnotes":""},"categories":[21,17,27],"tags":[41,20],"class_list":{"0":"post-9298","1":"post","2":"type-post","3":"status-publish","4":"format-image","5":"has-post-thumbnail","7":"category-bande-dessinee","8":"category-carotte-rock-cultures","9":"category-litterature","10":"tag-bande-dessinee","11":"tag-livre-rock","12":"post_format-post-format-image"},"yoast_head":"<!-- This site is optimized with the Yoast SEO plugin v27.5 - https:\/\/yoast.com\/product\/yoast-seo-wordpress\/ -->\n<title>LE ROCK EST MORT (Vive le rock !) - Culturesco<\/title>\n<meta name=\"description\" content=\"CulturesCo | Le rock est mort (vive le rock !). Ouvrage Bande dessin\u00e9e sur le rock est les artites des 70&#039;s qui le pratiquent; Jubilatoire !\" \/>\n<meta name=\"robots\" content=\"index, follow, max-snippet:-1, max-image-preview:large, max-video-preview:-1\" \/>\n<link rel=\"canonical\" href=\"https:\/\/culturesco.com\/index.php\/2019\/11\/23\/le-rock-est-mort-vive-le-rock-ouvrage-bande-dessinee-sur-le-rock-dans-tous-ses-etats\/\" \/>\n<meta property=\"og:locale\" content=\"fr_FR\" \/>\n<meta property=\"og:type\" content=\"article\" \/>\n<meta property=\"og:title\" content=\"LE ROCK EST MORT (Vive le rock !) - Culturesco\" \/>\n<meta property=\"og:description\" content=\"CulturesCo | Le rock est mort (vive le rock !). Ouvrage Bande dessin\u00e9e sur le rock est les artites des 70&#039;s qui le pratiquent; Jubilatoire !\" \/>\n<meta property=\"og:url\" content=\"https:\/\/culturesco.com\/index.php\/2019\/11\/23\/le-rock-est-mort-vive-le-rock-ouvrage-bande-dessinee-sur-le-rock-dans-tous-ses-etats\/\" \/>\n<meta property=\"og:site_name\" content=\"Culturesco\" \/>\n<meta property=\"article:publisher\" content=\"https:\/\/www.facebook.com\/radioculturesco\" \/>\n<meta property=\"article:published_time\" content=\"2019-11-23T20:47:15+00:00\" \/>\n<meta property=\"article:modified_time\" content=\"2019-11-23T21:27:49+00:00\" \/>\n<meta property=\"og:image\" content=\"https:\/\/i2.wp.com\/culturesco.com\/wp-content\/uploads\/2019\/11\/LREMVLR-Front.jpg?fit=600%2C359&ssl=1\" \/>\n\t<meta property=\"og:image:width\" content=\"600\" \/>\n\t<meta property=\"og:image:height\" content=\"359\" \/>\n\t<meta property=\"og:image:type\" content=\"image\/jpeg\" \/>\n<meta name=\"author\" content=\"Thierry Dauge\" \/>\n<meta name=\"twitter:card\" content=\"summary_large_image\" \/>\n<meta name=\"twitter:creator\" content=\"@AugusteMarshal\" \/>\n<meta name=\"twitter:site\" content=\"@AugusteMarshal\" \/>\n<meta name=\"twitter:label1\" content=\"\u00c9crit par\" \/>\n\t<meta name=\"twitter:data1\" content=\"Thierry Dauge\" \/>\n\t<meta name=\"twitter:label2\" content=\"Dur\u00e9e de lecture estim\u00e9e\" \/>\n\t<meta name=\"twitter:data2\" content=\"3 minutes\" \/>\n<script type=\"application\/ld+json\" class=\"yoast-schema-graph\">{\"@context\":\"https:\\\/\\\/schema.org\",\"@graph\":[{\"@type\":\"Article\",\"@id\":\"https:\\\/\\\/culturesco.com\\\/index.php\\\/2019\\\/11\\\/23\\\/le-rock-est-mort-vive-le-rock-ouvrage-bande-dessinee-sur-le-rock-dans-tous-ses-etats\\\/#article\",\"isPartOf\":{\"@id\":\"https:\\\/\\\/culturesco.com\\\/index.php\\\/2019\\\/11\\\/23\\\/le-rock-est-mort-vive-le-rock-ouvrage-bande-dessinee-sur-le-rock-dans-tous-ses-etats\\\/\"},\"author\":{\"name\":\"Thierry Dauge\",\"@id\":\"https:\\\/\\\/culturesco.com\\\/#\\\/schema\\\/person\\\/19f04cf232d246197f6e7d62abe6cb0e\"},\"headline\":\"LE ROCK EST MORT (Vive le rock !)\",\"datePublished\":\"2019-11-23T20:47:15+00:00\",\"dateModified\":\"2019-11-23T21:27:49+00:00\",\"mainEntityOfPage\":{\"@id\":\"https:\\\/\\\/culturesco.com\\\/index.php\\\/2019\\\/11\\\/23\\\/le-rock-est-mort-vive-le-rock-ouvrage-bande-dessinee-sur-le-rock-dans-tous-ses-etats\\\/\"},\"wordCount\":699,\"commentCount\":0,\"publisher\":{\"@id\":\"https:\\\/\\\/culturesco.com\\\/#organization\"},\"image\":{\"@id\":\"https:\\\/\\\/culturesco.com\\\/index.php\\\/2019\\\/11\\\/23\\\/le-rock-est-mort-vive-le-rock-ouvrage-bande-dessinee-sur-le-rock-dans-tous-ses-etats\\\/#primaryimage\"},\"thumbnailUrl\":\"https:\\\/\\\/i0.wp.com\\\/culturesco.com\\\/wp-content\\\/uploads\\\/2019\\\/11\\\/LREMVLR-Front.jpg?fit=600%2C359&ssl=1\",\"keywords\":[\"bande dessin\u00e9e\",\"Livre Rock\"],\"articleSection\":[\"Bande dessin\u00e9e\",\"Carotte Rock Cultures\",\"Litt\u00e9rature\"],\"inLanguage\":\"fr-FR\",\"potentialAction\":[{\"@type\":\"CommentAction\",\"name\":\"Comment\",\"target\":[\"https:\\\/\\\/culturesco.com\\\/index.php\\\/2019\\\/11\\\/23\\\/le-rock-est-mort-vive-le-rock-ouvrage-bande-dessinee-sur-le-rock-dans-tous-ses-etats\\\/#respond\"]}]},{\"@type\":\"WebPage\",\"@id\":\"https:\\\/\\\/culturesco.com\\\/index.php\\\/2019\\\/11\\\/23\\\/le-rock-est-mort-vive-le-rock-ouvrage-bande-dessinee-sur-le-rock-dans-tous-ses-etats\\\/\",\"url\":\"https:\\\/\\\/culturesco.com\\\/index.php\\\/2019\\\/11\\\/23\\\/le-rock-est-mort-vive-le-rock-ouvrage-bande-dessinee-sur-le-rock-dans-tous-ses-etats\\\/\",\"name\":\"LE ROCK EST MORT (Vive le rock !) - Culturesco\",\"isPartOf\":{\"@id\":\"https:\\\/\\\/culturesco.com\\\/#website\"},\"primaryImageOfPage\":{\"@id\":\"https:\\\/\\\/culturesco.com\\\/index.php\\\/2019\\\/11\\\/23\\\/le-rock-est-mort-vive-le-rock-ouvrage-bande-dessinee-sur-le-rock-dans-tous-ses-etats\\\/#primaryimage\"},\"image\":{\"@id\":\"https:\\\/\\\/culturesco.com\\\/index.php\\\/2019\\\/11\\\/23\\\/le-rock-est-mort-vive-le-rock-ouvrage-bande-dessinee-sur-le-rock-dans-tous-ses-etats\\\/#primaryimage\"},\"thumbnailUrl\":\"https:\\\/\\\/i0.wp.com\\\/culturesco.com\\\/wp-content\\\/uploads\\\/2019\\\/11\\\/LREMVLR-Front.jpg?fit=600%2C359&ssl=1\",\"datePublished\":\"2019-11-23T20:47:15+00:00\",\"dateModified\":\"2019-11-23T21:27:49+00:00\",\"description\":\"CulturesCo | Le rock est mort (vive le rock !). Ouvrage Bande dessin\u00e9e sur le rock est les artites des 70's qui le pratiquent; Jubilatoire !\",\"breadcrumb\":{\"@id\":\"https:\\\/\\\/culturesco.com\\\/index.php\\\/2019\\\/11\\\/23\\\/le-rock-est-mort-vive-le-rock-ouvrage-bande-dessinee-sur-le-rock-dans-tous-ses-etats\\\/#breadcrumb\"},\"inLanguage\":\"fr-FR\",\"potentialAction\":[{\"@type\":\"ReadAction\",\"target\":[\"https:\\\/\\\/culturesco.com\\\/index.php\\\/2019\\\/11\\\/23\\\/le-rock-est-mort-vive-le-rock-ouvrage-bande-dessinee-sur-le-rock-dans-tous-ses-etats\\\/\"]}]},{\"@type\":\"ImageObject\",\"inLanguage\":\"fr-FR\",\"@id\":\"https:\\\/\\\/culturesco.com\\\/index.php\\\/2019\\\/11\\\/23\\\/le-rock-est-mort-vive-le-rock-ouvrage-bande-dessinee-sur-le-rock-dans-tous-ses-etats\\\/#primaryimage\",\"url\":\"https:\\\/\\\/i0.wp.com\\\/culturesco.com\\\/wp-content\\\/uploads\\\/2019\\\/11\\\/LREMVLR-Front.jpg?fit=600%2C359&ssl=1\",\"contentUrl\":\"https:\\\/\\\/i0.wp.com\\\/culturesco.com\\\/wp-content\\\/uploads\\\/2019\\\/11\\\/LREMVLR-Front.jpg?fit=600%2C359&ssl=1\",\"width\":600,\"height\":359},{\"@type\":\"BreadcrumbList\",\"@id\":\"https:\\\/\\\/culturesco.com\\\/index.php\\\/2019\\\/11\\\/23\\\/le-rock-est-mort-vive-le-rock-ouvrage-bande-dessinee-sur-le-rock-dans-tous-ses-etats\\\/#breadcrumb\",\"itemListElement\":[{\"@type\":\"ListItem\",\"position\":1,\"name\":\"Accueil\",\"item\":\"https:\\\/\\\/culturesco.com\\\/\"},{\"@type\":\"ListItem\",\"position\":2,\"name\":\"LE ROCK EST MORT (Vive le rock !)\"}]},{\"@type\":\"WebSite\",\"@id\":\"https:\\\/\\\/culturesco.com\\\/#website\",\"url\":\"https:\\\/\\\/culturesco.com\\\/\",\"name\":\"Culturesco\",\"description\":\"Culturesco | Un bon coup de pied dans ta Culture\",\"publisher\":{\"@id\":\"https:\\\/\\\/culturesco.com\\\/#organization\"},\"potentialAction\":[{\"@type\":\"SearchAction\",\"target\":{\"@type\":\"EntryPoint\",\"urlTemplate\":\"https:\\\/\\\/culturesco.com\\\/?s={search_term_string}\"},\"query-input\":{\"@type\":\"PropertyValueSpecification\",\"valueRequired\":true,\"valueName\":\"search_term_string\"}}],\"inLanguage\":\"fr-FR\"},{\"@type\":\"Organization\",\"@id\":\"https:\\\/\\\/culturesco.com\\\/#organization\",\"name\":\"CULTURESCO\",\"url\":\"https:\\\/\\\/culturesco.com\\\/\",\"logo\":{\"@type\":\"ImageObject\",\"inLanguage\":\"fr-FR\",\"@id\":\"https:\\\/\\\/culturesco.com\\\/#\\\/schema\\\/logo\\\/image\\\/\",\"url\":\"https:\\\/\\\/i0.wp.com\\\/culturesco.com\\\/wp-content\\\/uploads\\\/2022\\\/04\\\/culturesco-logo-blanc250p.png?fit=250%2C250&ssl=1\",\"contentUrl\":\"https:\\\/\\\/i0.wp.com\\\/culturesco.com\\\/wp-content\\\/uploads\\\/2022\\\/04\\\/culturesco-logo-blanc250p.png?fit=250%2C250&ssl=1\",\"width\":250,\"height\":250,\"caption\":\"CULTURESCO\"},\"image\":{\"@id\":\"https:\\\/\\\/culturesco.com\\\/#\\\/schema\\\/logo\\\/image\\\/\"},\"sameAs\":[\"https:\\\/\\\/www.facebook.com\\\/radioculturesco\",\"https:\\\/\\\/x.com\\\/AugusteMarshal\",\"https:\\\/\\\/www.instagram.com\\\/carotte_rock_culture\\\/\",\"https:\\\/\\\/www.pinterest.fr\\\/augustemarshal\\\/\",\"https:\\\/\\\/www.youtube.com\\\/channel\\\/UCiWLGffqWSXlNnfzp6YwwyQ\"]},{\"@type\":\"Person\",\"@id\":\"https:\\\/\\\/culturesco.com\\\/#\\\/schema\\\/person\\\/19f04cf232d246197f6e7d62abe6cb0e\",\"name\":\"Thierry Dauge\",\"image\":{\"@type\":\"ImageObject\",\"inLanguage\":\"fr-FR\",\"@id\":\"https:\\\/\\\/i0.wp.com\\\/culturesco.com\\\/wp-content\\\/uploads\\\/2018\\\/12\\\/Black-Beauty-and-me.jpg?fit=96%2C96&ssl=1\",\"url\":\"https:\\\/\\\/i0.wp.com\\\/culturesco.com\\\/wp-content\\\/uploads\\\/2018\\\/12\\\/Black-Beauty-and-me.jpg?fit=96%2C96&ssl=1\",\"contentUrl\":\"https:\\\/\\\/i0.wp.com\\\/culturesco.com\\\/wp-content\\\/uploads\\\/2018\\\/12\\\/Black-Beauty-and-me.jpg?fit=96%2C96&ssl=1\",\"caption\":\"Thierry Dauge\"},\"description\":\"Amoureux des 70\u2019s et du hard rock en particulier, Thierry Dauge est chroniqueur sur Culturesco par amour de l\u2019\u00e9criture musicale. Co-auteur du livre\\\"Pop rock - Les instruments de l'ombre\\\" aux \u00e9ditions du Camion Blanc, collaborateur de Vivi pour \\\"Mes Ann\u00e9es Trust\\\", auteur de \\\"Sparks\\\" aux \u00e9ditions du Layeur, parce que le rock est loin d'\u00eatre mort ...\",\"url\":\"https:\\\/\\\/culturesco.com\\\/index.php\\\/author\\\/thierry-dauge888\\\/\"}]}<\/script>\n<!-- \/ Yoast SEO plugin. -->","yoast_head_json":{"title":"LE ROCK EST MORT (Vive le rock !) - Culturesco","description":"CulturesCo | Le rock est mort (vive le rock !). Ouvrage Bande dessin\u00e9e sur le rock est les artites des 70's qui le pratiquent; Jubilatoire !","robots":{"index":"index","follow":"follow","max-snippet":"max-snippet:-1","max-image-preview":"max-image-preview:large","max-video-preview":"max-video-preview:-1"},"canonical":"https:\/\/culturesco.com\/index.php\/2019\/11\/23\/le-rock-est-mort-vive-le-rock-ouvrage-bande-dessinee-sur-le-rock-dans-tous-ses-etats\/","og_locale":"fr_FR","og_type":"article","og_title":"LE ROCK EST MORT (Vive le rock !) - Culturesco","og_description":"CulturesCo | Le rock est mort (vive le rock !). Ouvrage Bande dessin\u00e9e sur le rock est les artites des 70's qui le pratiquent; Jubilatoire !","og_url":"https:\/\/culturesco.com\/index.php\/2019\/11\/23\/le-rock-est-mort-vive-le-rock-ouvrage-bande-dessinee-sur-le-rock-dans-tous-ses-etats\/","og_site_name":"Culturesco","article_publisher":"https:\/\/www.facebook.com\/radioculturesco","article_published_time":"2019-11-23T20:47:15+00:00","article_modified_time":"2019-11-23T21:27:49+00:00","og_image":[{"width":600,"height":359,"url":"https:\/\/i2.wp.com\/culturesco.com\/wp-content\/uploads\/2019\/11\/LREMVLR-Front.jpg?fit=600%2C359&ssl=1","type":"image\/jpeg"}],"author":"Thierry Dauge","twitter_card":"summary_large_image","twitter_creator":"@AugusteMarshal","twitter_site":"@AugusteMarshal","twitter_misc":{"\u00c9crit par":"Thierry Dauge","Dur\u00e9e de lecture estim\u00e9e":"3 minutes"},"schema":{"@context":"https:\/\/schema.org","@graph":[{"@type":"Article","@id":"https:\/\/culturesco.com\/index.php\/2019\/11\/23\/le-rock-est-mort-vive-le-rock-ouvrage-bande-dessinee-sur-le-rock-dans-tous-ses-etats\/#article","isPartOf":{"@id":"https:\/\/culturesco.com\/index.php\/2019\/11\/23\/le-rock-est-mort-vive-le-rock-ouvrage-bande-dessinee-sur-le-rock-dans-tous-ses-etats\/"},"author":{"name":"Thierry Dauge","@id":"https:\/\/culturesco.com\/#\/schema\/person\/19f04cf232d246197f6e7d62abe6cb0e"},"headline":"LE ROCK EST MORT (Vive le rock !)","datePublished":"2019-11-23T20:47:15+00:00","dateModified":"2019-11-23T21:27:49+00:00","mainEntityOfPage":{"@id":"https:\/\/culturesco.com\/index.php\/2019\/11\/23\/le-rock-est-mort-vive-le-rock-ouvrage-bande-dessinee-sur-le-rock-dans-tous-ses-etats\/"},"wordCount":699,"commentCount":0,"publisher":{"@id":"https:\/\/culturesco.com\/#organization"},"image":{"@id":"https:\/\/culturesco.com\/index.php\/2019\/11\/23\/le-rock-est-mort-vive-le-rock-ouvrage-bande-dessinee-sur-le-rock-dans-tous-ses-etats\/#primaryimage"},"thumbnailUrl":"https:\/\/i0.wp.com\/culturesco.com\/wp-content\/uploads\/2019\/11\/LREMVLR-Front.jpg?fit=600%2C359&ssl=1","keywords":["bande dessin\u00e9e","Livre Rock"],"articleSection":["Bande dessin\u00e9e","Carotte Rock Cultures","Litt\u00e9rature"],"inLanguage":"fr-FR","potentialAction":[{"@type":"CommentAction","name":"Comment","target":["https:\/\/culturesco.com\/index.php\/2019\/11\/23\/le-rock-est-mort-vive-le-rock-ouvrage-bande-dessinee-sur-le-rock-dans-tous-ses-etats\/#respond"]}]},{"@type":"WebPage","@id":"https:\/\/culturesco.com\/index.php\/2019\/11\/23\/le-rock-est-mort-vive-le-rock-ouvrage-bande-dessinee-sur-le-rock-dans-tous-ses-etats\/","url":"https:\/\/culturesco.com\/index.php\/2019\/11\/23\/le-rock-est-mort-vive-le-rock-ouvrage-bande-dessinee-sur-le-rock-dans-tous-ses-etats\/","name":"LE ROCK EST MORT (Vive le rock !) - Culturesco","isPartOf":{"@id":"https:\/\/culturesco.com\/#website"},"primaryImageOfPage":{"@id":"https:\/\/culturesco.com\/index.php\/2019\/11\/23\/le-rock-est-mort-vive-le-rock-ouvrage-bande-dessinee-sur-le-rock-dans-tous-ses-etats\/#primaryimage"},"image":{"@id":"https:\/\/culturesco.com\/index.php\/2019\/11\/23\/le-rock-est-mort-vive-le-rock-ouvrage-bande-dessinee-sur-le-rock-dans-tous-ses-etats\/#primaryimage"},"thumbnailUrl":"https:\/\/i0.wp.com\/culturesco.com\/wp-content\/uploads\/2019\/11\/LREMVLR-Front.jpg?fit=600%2C359&ssl=1","datePublished":"2019-11-23T20:47:15+00:00","dateModified":"2019-11-23T21:27:49+00:00","description":"CulturesCo | Le rock est mort (vive le rock !). Ouvrage Bande dessin\u00e9e sur le rock est les artites des 70's qui le pratiquent; Jubilatoire !","breadcrumb":{"@id":"https:\/\/culturesco.com\/index.php\/2019\/11\/23\/le-rock-est-mort-vive-le-rock-ouvrage-bande-dessinee-sur-le-rock-dans-tous-ses-etats\/#breadcrumb"},"inLanguage":"fr-FR","potentialAction":[{"@type":"ReadAction","target":["https:\/\/culturesco.com\/index.php\/2019\/11\/23\/le-rock-est-mort-vive-le-rock-ouvrage-bande-dessinee-sur-le-rock-dans-tous-ses-etats\/"]}]},{"@type":"ImageObject","inLanguage":"fr-FR","@id":"https:\/\/culturesco.com\/index.php\/2019\/11\/23\/le-rock-est-mort-vive-le-rock-ouvrage-bande-dessinee-sur-le-rock-dans-tous-ses-etats\/#primaryimage","url":"https:\/\/i0.wp.com\/culturesco.com\/wp-content\/uploads\/2019\/11\/LREMVLR-Front.jpg?fit=600%2C359&ssl=1","contentUrl":"https:\/\/i0.wp.com\/culturesco.com\/wp-content\/uploads\/2019\/11\/LREMVLR-Front.jpg?fit=600%2C359&ssl=1","width":600,"height":359},{"@type":"BreadcrumbList","@id":"https:\/\/culturesco.com\/index.php\/2019\/11\/23\/le-rock-est-mort-vive-le-rock-ouvrage-bande-dessinee-sur-le-rock-dans-tous-ses-etats\/#breadcrumb","itemListElement":[{"@type":"ListItem","position":1,"name":"Accueil","item":"https:\/\/culturesco.com\/"},{"@type":"ListItem","position":2,"name":"LE ROCK EST MORT (Vive le rock !)"}]},{"@type":"WebSite","@id":"https:\/\/culturesco.com\/#website","url":"https:\/\/culturesco.com\/","name":"Culturesco","description":"Culturesco | Un bon coup de pied dans ta Culture","publisher":{"@id":"https:\/\/culturesco.com\/#organization"},"potentialAction":[{"@type":"SearchAction","target":{"@type":"EntryPoint","urlTemplate":"https:\/\/culturesco.com\/?s={search_term_string}"},"query-input":{"@type":"PropertyValueSpecification","valueRequired":true,"valueName":"search_term_string"}}],"inLanguage":"fr-FR"},{"@type":"Organization","@id":"https:\/\/culturesco.com\/#organization","name":"CULTURESCO","url":"https:\/\/culturesco.com\/","logo":{"@type":"ImageObject","inLanguage":"fr-FR","@id":"https:\/\/culturesco.com\/#\/schema\/logo\/image\/","url":"https:\/\/i0.wp.com\/culturesco.com\/wp-content\/uploads\/2022\/04\/culturesco-logo-blanc250p.png?fit=250%2C250&ssl=1","contentUrl":"https:\/\/i0.wp.com\/culturesco.com\/wp-content\/uploads\/2022\/04\/culturesco-logo-blanc250p.png?fit=250%2C250&ssl=1","width":250,"height":250,"caption":"CULTURESCO"},"image":{"@id":"https:\/\/culturesco.com\/#\/schema\/logo\/image\/"},"sameAs":["https:\/\/www.facebook.com\/radioculturesco","https:\/\/x.com\/AugusteMarshal","https:\/\/www.instagram.com\/carotte_rock_culture\/","https:\/\/www.pinterest.fr\/augustemarshal\/","https:\/\/www.youtube.com\/channel\/UCiWLGffqWSXlNnfzp6YwwyQ"]},{"@type":"Person","@id":"https:\/\/culturesco.com\/#\/schema\/person\/19f04cf232d246197f6e7d62abe6cb0e","name":"Thierry Dauge","image":{"@type":"ImageObject","inLanguage":"fr-FR","@id":"https:\/\/i0.wp.com\/culturesco.com\/wp-content\/uploads\/2018\/12\/Black-Beauty-and-me.jpg?fit=96%2C96&ssl=1","url":"https:\/\/i0.wp.com\/culturesco.com\/wp-content\/uploads\/2018\/12\/Black-Beauty-and-me.jpg?fit=96%2C96&ssl=1","contentUrl":"https:\/\/i0.wp.com\/culturesco.com\/wp-content\/uploads\/2018\/12\/Black-Beauty-and-me.jpg?fit=96%2C96&ssl=1","caption":"Thierry Dauge"},"description":"Amoureux des 70\u2019s et du hard rock en particulier, Thierry Dauge est chroniqueur sur Culturesco par amour de l\u2019\u00e9criture musicale. Co-auteur du livre\"Pop rock - Les instruments de l'ombre\" aux \u00e9ditions du Camion Blanc, collaborateur de Vivi pour \"Mes Ann\u00e9es Trust\", auteur de \"Sparks\" aux \u00e9ditions du Layeur, parce que le rock est loin d'\u00eatre mort ...","url":"https:\/\/culturesco.com\/index.php\/author\/thierry-dauge888\/"}]}},"jetpack_featured_media_url":"https:\/\/i0.wp.com\/culturesco.com\/wp-content\/uploads\/2019\/11\/LREMVLR-Front.jpg?fit=600%2C359&ssl=1","jetpack_likes_enabled":true,"jetpack_sharing_enabled":true,"jetpack_shortlink":"https:\/\/wp.me\/paz89I-2pY","_links":{"self":[{"href":"https:\/\/culturesco.com\/index.php\/wp-json\/wp\/v2\/posts\/9298","targetHints":{"allow":["GET"]}}],"collection":[{"href":"https:\/\/culturesco.com\/index.php\/wp-json\/wp\/v2\/posts"}],"about":[{"href":"https:\/\/culturesco.com\/index.php\/wp-json\/wp\/v2\/types\/post"}],"author":[{"embeddable":true,"href":"https:\/\/culturesco.com\/index.php\/wp-json\/wp\/v2\/users\/3"}],"replies":[{"embeddable":true,"href":"https:\/\/culturesco.com\/index.php\/wp-json\/wp\/v2\/comments?post=9298"}],"version-history":[{"count":0,"href":"https:\/\/culturesco.com\/index.php\/wp-json\/wp\/v2\/posts\/9298\/revisions"}],"wp:featuredmedia":[{"embeddable":true,"href":"https:\/\/culturesco.com\/index.php\/wp-json\/wp\/v2\/media\/9301"}],"wp:attachment":[{"href":"https:\/\/culturesco.com\/index.php\/wp-json\/wp\/v2\/media?parent=9298"}],"wp:term":[{"taxonomy":"category","embeddable":true,"href":"https:\/\/culturesco.com\/index.php\/wp-json\/wp\/v2\/categories?post=9298"},{"taxonomy":"post_tag","embeddable":true,"href":"https:\/\/culturesco.com\/index.php\/wp-json\/wp\/v2\/tags?post=9298"}],"curies":[{"name":"wp","href":"https:\/\/api.w.org\/{rel}","templated":true}]}}