{"id":8926,"date":"2019-10-23T22:49:43","date_gmt":"2019-10-23T20:49:43","guid":{"rendered":"https:\/\/culturesco.com\/?p=8926"},"modified":"2021-09-24T16:46:51","modified_gmt":"2021-09-24T14:46:51","slug":"goldman-obispo-live-pop-rock-ou-variete","status":"publish","type":"post","link":"https:\/\/culturesco.com\/index.php\/2019\/10\/23\/goldman-obispo-live-pop-rock-ou-variete\/","title":{"rendered":"GOLDMAN &#038; OBISPO live, pop\/rock ou vari\u00e9t\u00e9 ?"},"content":{"rendered":"<h2>GOLDMAN &amp; OBISPO live : le proc\u00e8s<\/h2>\n<p><a href=\"https:\/\/i0.wp.com\/culturesco.com\/wp-content\/uploads\/2019\/10\/jjg-po.jpg?ssl=1\"><img data-recalc-dims=\"1\" loading=\"lazy\" decoding=\"async\" class=\"aligncenter wp-image-8927\" src=\"https:\/\/i0.wp.com\/culturesco.com\/wp-content\/uploads\/2019\/10\/jjg-po.jpg?resize=481%2C234&#038;ssl=1\" alt=\"Goldman &amp; Obispo\" width=\"481\" height=\"234\" srcset=\"https:\/\/i0.wp.com\/culturesco.com\/wp-content\/uploads\/2019\/10\/jjg-po.jpg?resize=300%2C146&amp;ssl=1 300w, https:\/\/i0.wp.com\/culturesco.com\/wp-content\/uploads\/2019\/10\/jjg-po.jpg?resize=768%2C374&amp;ssl=1 768w, https:\/\/i0.wp.com\/culturesco.com\/wp-content\/uploads\/2019\/10\/jjg-po.jpg?resize=696%2C339&amp;ssl=1 696w, https:\/\/i0.wp.com\/culturesco.com\/wp-content\/uploads\/2019\/10\/jjg-po.jpg?resize=863%2C420&amp;ssl=1 863w, https:\/\/i0.wp.com\/culturesco.com\/wp-content\/uploads\/2019\/10\/jjg-po.jpg?w=600&amp;ssl=1 600w\" sizes=\"auto, (max-width: 481px) 100vw, 481px\" \/><\/a><\/p>\n<h3>Encore un matin o\u00f9 tomber pour elle<\/h3>\n<p style=\"text-align: justify;\">Interpell\u00e9 par la \u00ab Rock Brigade \u00bb, division polici\u00e8re destin\u00e9e \u00e0 r\u00e9primer <strong>l\u2019anti-biens\u00e9ance musicale<\/strong>, un pr\u00e9venu : Alain, raconte son histoire \u2026<\/p>\n<p style=\"text-align: justify;\">\u00ab <em>Il m\u2019est arriv\u00e9 d\u2019assister \u00e0 un de ces <strong>concerts interdits<\/strong> (CF Loi n\u00b0 666 du 2 f\u00e9vrier 1979, dite Loi Vicious), alors que je ne ressentais aucune attirance pour le groupe ou l\u2019artiste pr\u00e9sent sur l\u2019affiche. J\u2019accompagnais<\/em> \u00bb.<\/p>\n<p style=\"text-align: justify;\">\u00ab <em>Le <strong>9 d\u00e9cembre 1985<\/strong>, je me rends avec des membres de ma famille \u00e0 un des 18 concerts que <strong>Jean-Jacques Goldman<\/strong> donne d\u2019affil\u00e9 au <strong>Z\u00e9nith de Paris<\/strong>. Pourtant, \u00e7a n\u2019est pas ma tasse de th\u00e9. Personnellement, cette ann\u00e9e-l\u00e0, j\u2019\u00e9coute des groupes comme Accept (\u00ab <a href=\"https:\/\/www.youtube.com\/watch?v=g1HOE3FIQ7w\" target=\"_blank\" rel=\"noopener noreferrer\">Metal heart<\/a> \u00bb), Loudness (\u00ab <a href=\"https:\/\/www.youtube.com\/watch?v=nYcmW1jIM6E\" target=\"_blank\" rel=\"noopener noreferrer\">Thunder in the East<\/a> \u00bb), Y &amp; T (\u00ab <a href=\"https:\/\/www.youtube.com\/watch?v=J9NmqfcdQto\" target=\"_blank\" rel=\"noopener noreferrer\">Down for the count<\/a> \u00bb) ou White Lion (\u00ab <a href=\"https:\/\/www.youtube.com\/watch?v=11hSD3Bf9Ck\" target=\"_blank\" rel=\"noopener noreferrer\">Fight to survive<\/a> \u00bb). <\/em><\/p>\n<p style=\"text-align: justify;\"><em>Le <strong>2 juin 1988<\/strong>, nous remettons-\u00e7a, <strong>Goldman \u00e0 nouveau<\/strong>, m\u00eame endroit. Mes go\u00fbts sont toujours approximativement les m\u00eames : Bon Jovi (\u00ab <a href=\"https:\/\/www.youtube.com\/watch?v=H9zSYBVprpM\" target=\"_blank\" rel=\"noopener noreferrer\">New Jersey<\/a> \u00bb), Queensr\u00ffche (\u00ab <a href=\"https:\/\/www.youtube.com\/watch?v=c6L5Jo09l7U\" target=\"_blank\" rel=\"noopener noreferrer\">Operation mindcrime<\/a> \u00bb), Jane \u2018s Addiction (\u00ab <a href=\"https:\/\/www.youtube.com\/watch?v=s8ul0-_fXdw\" target=\"_blank\" rel=\"noopener noreferrer\">Nothing\u2019s shocking<\/a> \u00bb) ou Guns N\u2019 Roses (\u00ab<a href=\"https:\/\/www.youtube.com\/watch?v=0zUjn55vAkg\" target=\"_blank\" rel=\"noopener noreferrer\"> G N\u2019 R Lies<\/a> \u00bb). Sachant pertinemment la peine d\u2019<strong>isolement social encourue<\/strong>, pourquoi transgresser la Loi, m\u00eame au nom de la famille ? Je ne sais pas. Disons que, sur l\u2019instant, je me suis laiss\u00e9 tenter\u2026<\/em> \u00bb.<\/p>\n<h3>Jean-Jacques &#8211; GOLDMAN &#8211; Peur de rien blues (live 1988)<\/h3>\n<div class=\"youtube-embed\" data-video_id=\"rYc77MTk3cM\"><iframe loading=\"lazy\" title=\"Jean-Jacques Goldman - Peur de rien blues (Tourn\u00e9e 88 \u00e0 Lille 1988)\" width=\"696\" height=\"522\" src=\"https:\/\/www.youtube.com\/embed\/rYc77MTk3cM\" frameborder=\"0\" allow=\"accelerometer; autoplay; clipboard-write; encrypted-media; gyroscope; picture-in-picture; web-share\" referrerpolicy=\"strict-origin-when-cross-origin\" allowfullscreen><\/iframe><\/div>\n<p>Autre histoire, autre contrevenant : Serge \u2026<\/p>\n<p style=\"text-align: justify;\">\u00ab <em>Une amie me propose de me rendre avec elle au premier des cinq concerts que <strong>Pascal Obispo<\/strong> assure au <strong>Z\u00e9nith de Paris<\/strong>, celui du <strong>17 novembre 2000<\/strong>. Pour lui faire plaisir, j\u2019accepte. Ma came, an 2000, c\u2019est plut\u00f4t des formations anglophones un rien plus \u00ab bruyantes \u00bb : The Hives (\u00ab <a href=\"https:\/\/www.youtube.com\/watch?v=6CgC9BaHqXg\" target=\"_blank\" rel=\"noopener noreferrer\">Vini Vidi Vicious<\/a> \u00bb), Alice Cooper (\u00ab <a href=\"https:\/\/www.youtube.com\/watch?v=CvzZQvYIdaU\" target=\"_blank\" rel=\"noopener noreferrer\">Brutal planet<\/a> \u00bb), AC\/DC (\u00ab <a href=\"https:\/\/www.youtube.com\/watch?v=wAfPLyLzCkQ\" target=\"_blank\" rel=\"noopener noreferrer\">Stiff upper lip<\/a> \u00bb) ou Marilyn Manson (\u00ab <a href=\"https:\/\/www.youtube.com\/watch?v=GKkiCFOE-Ic\" target=\"_blank\" rel=\"noopener noreferrer\">Holy wood<\/a> \u00bb), de ce genre-l\u00e0. Oui, je sais, je n\u2019ai <strong>pas d\u2019excuse<\/strong>. On fait parfois des trucs en esp\u00e9rant en obtenir d\u2019autres \u2026<\/em> \u00bb.<\/p>\n<h3>Pascal OBISPO &#8211; Assassine (live 1998)<\/h3>\n<p>https:\/\/www.youtube.com\/watch?v=2FT23txbTJc<\/p>\n<p style=\"text-align: justify;\">Ci-joint le d\u00e9but de la plaidoirie d\u2019un des deux avocats charg\u00e9s de <strong>d\u00e9fendre les accus\u00e9s<\/strong> lors de<strong> leur<\/strong> <strong>proc\u00e8s<\/strong>. L\u2019accusation porte sur le <strong>d\u00e9lit de \u00ab D\u00e9viance musicale \u00bb<\/strong>. Les instructions des deux affaires ayant dur\u00e9es plusieurs ann\u00e9es, une notification du minist\u00e8re de la justice permet de les juger concomitamment. Extrait :<\/p>\n<p style=\"text-align: justify;\">\u00ab <em>Mesdames et messieurs les jur\u00e9s, pour tenter de r\u00e9pondre \u00e0 cette question fondamentale : \u2018<strong>Goldman &amp; Obispo live, pop\/rock ou vari\u00e9t\u00e9 ?<\/strong>\u2019, permettez une digression. Doit-on condamner ces deux jeunes gens, les ostraciser au pr\u00e9texte qu\u2019ils ont, un soir ou deux, pr\u00e9f\u00e9r\u00e9 <strong>vivre live des musiciens fran\u00e7ais<\/strong> plut\u00f4t que dor-mourir devant leur poste de t\u00e9l\u00e9vision ? Mais que signifie \u00ab musique fran\u00e7aise \u00bb, de quelle musique disserte-t-on au juste ? Les deux chanteurs pr\u00e9cit\u00e9s font-ils autre chose que de la <strong>pop, mezzo rock,<\/strong> il est vrai <strong>estam<\/strong><\/em><strong><em>pill\u00e9 \u00ab vari\u00e9t\u00e9 \u00bb<\/em><\/strong><em>, ce <strong>fer rouge discriminant<\/strong> ? Nous appelons Alain et Serge \u00e0 la barre, qu\u2019ils puissent d\u00e9crire plus pr\u00e9cis\u00e9ment ce qu\u2019ils ont v\u00e9cus \u2026<\/em> \u00bb.<\/p>\n<p><a href=\"https:\/\/i0.wp.com\/culturesco.com\/wp-content\/uploads\/2019\/10\/Billets-concerts-JJ-Goldman-P-Obispo.jpg?ssl=1\"><img data-recalc-dims=\"1\" loading=\"lazy\" decoding=\"async\" class=\"aligncenter wp-image-8928\" src=\"https:\/\/i0.wp.com\/culturesco.com\/wp-content\/uploads\/2019\/10\/Billets-concerts-JJ-Goldman-P-Obispo.jpg?resize=439%2C272&#038;ssl=1\" alt=\"Goldman &amp; Obispo\" width=\"439\" height=\"272\" srcset=\"https:\/\/i0.wp.com\/culturesco.com\/wp-content\/uploads\/2019\/10\/Billets-concerts-JJ-Goldman-P-Obispo.jpg?resize=300%2C186&amp;ssl=1 300w, https:\/\/i0.wp.com\/culturesco.com\/wp-content\/uploads\/2019\/10\/Billets-concerts-JJ-Goldman-P-Obispo.jpg?resize=768%2C477&amp;ssl=1 768w, https:\/\/i0.wp.com\/culturesco.com\/wp-content\/uploads\/2019\/10\/Billets-concerts-JJ-Goldman-P-Obispo.jpg?resize=356%2C220&amp;ssl=1 356w, https:\/\/i0.wp.com\/culturesco.com\/wp-content\/uploads\/2019\/10\/Billets-concerts-JJ-Goldman-P-Obispo.jpg?resize=696%2C432&amp;ssl=1 696w, https:\/\/i0.wp.com\/culturesco.com\/wp-content\/uploads\/2019\/10\/Billets-concerts-JJ-Goldman-P-Obispo.jpg?resize=677%2C420&amp;ssl=1 677w, https:\/\/i0.wp.com\/culturesco.com\/wp-content\/uploads\/2019\/10\/Billets-concerts-JJ-Goldman-P-Obispo.jpg?w=600&amp;ssl=1 600w\" sizes=\"auto, (max-width: 439px) 100vw, 439px\" \/><\/a><\/p>\n<p>Alain :<\/p>\n<p style=\"text-align: justify;\">\u00ab <em>Au d\u00e9part, indiff\u00e9rent \u00e0 l\u2019artiste, je lorgne le public. <strong>Goldman rameute large<\/strong>. En fait, except\u00e9 une pr\u00e9sence f\u00e9minine plus fournie, les trognes sont les m\u00eames. Des<strong> blousons en cuir<\/strong>, des jeans, tout juste des cheveux un poil moins long. Mais ce qui provient de la sc\u00e8ne me ram\u00e8ne \u00e0 la musique.<strong> Les musiciens sont en place<\/strong>. Trop de synth\u00e9 \u00e0 mon go\u00fbt, ainsi qu\u2019un saxo envahissant, mais les <strong>guitares<\/strong> sont <strong>bien pr\u00e9sentes<\/strong>. Sans appr\u00e9cier les chansons, les avoir jamais \u00e9cout\u00e9es volontairement,<strong> on les connait forc\u00e9ment<\/strong>, matraquage radiophonique oblig\u00e9. Du coup, on anticipe certains passages et \u2026 je me surprends \u00e0 <strong>chantonner<\/strong> \u2026 <\/em>\u00bb.<\/p>\n<h3>Jean-Jacques GOLDMAN &#8211; Encore un matin (live 2002)<\/h3>\n<div class=\"youtube-embed\" data-video_id=\"0VKiXoIrzaw\"><iframe loading=\"lazy\" title=\"Jean Jacques Goldman   -  Encore  Un  Matin  -  In Live  -   2002  -\" width=\"696\" height=\"522\" src=\"https:\/\/www.youtube.com\/embed\/0VKiXoIrzaw\" frameborder=\"0\" allow=\"accelerometer; autoplay; clipboard-write; encrypted-media; gyroscope; picture-in-picture; web-share\" referrerpolicy=\"strict-origin-when-cross-origin\" allowfullscreen><\/iframe><\/div>\n<p style=\"text-align: justify;\">Serge :<\/p>\n<p style=\"text-align: justify;\">\u00ab <em>Mon amie plonge tout de suite dans l\u2019<strong>ambiance \u2018cris de fans\u2019<\/strong> qui plante le d\u00e9cors. Sur sc\u00e8ne un guitariste change d\u2019instruments \u00e0 tous les morceaux ; belle collection. <strong>Obispo assure ses chansons.<\/strong> M\u00eame lorsqu\u2019elles partent en voix de t\u00eate, sa diction reste propre. Le<strong> son<\/strong> est plus mastoc qu\u2019\u00e0 la radio, plus \u00e9pais, <strong>plus \u2018rock\u2019.<\/strong> Finalement, les partitions du mec sont vraiment bien ficel\u00e9es. Il fait preuve d\u2019une <strong>adresse m\u00e9lodique<\/strong> et d\u2019un <strong>savoir orchestral<\/strong> incontestables. Une fois d\u00e9pass\u00e9 son mani\u00e9risme, je me prends \u00e0 l\u2019appr\u00e9cier. Par chance, aucun de mes potes ne le saura. Enfin \u2026 \u00e0 ce moment-l\u00e0 \u2026<\/em> \u00bb.<\/p>\n<h3>Pascal OBISPO &#8211; Tomb\u00e9 pour elle (live)<\/h3>\n<div class=\"youtube-embed\" data-video_id=\"ixPOy3bT2_A\"><iframe loading=\"lazy\" title=\"Pascal Obispo Tomb\u00e9 pour elle Live Mill\u00e9sime 2000\/2001\" width=\"696\" height=\"392\" src=\"https:\/\/www.youtube.com\/embed\/ixPOy3bT2_A\" frameborder=\"0\" allow=\"accelerometer; autoplay; clipboard-write; encrypted-media; gyroscope; picture-in-picture; web-share\" referrerpolicy=\"strict-origin-when-cross-origin\" allowfullscreen><\/iframe><\/div>\n<p>La plaidoirie continue comme-suit :<\/p>\n<p style=\"text-align: justify;\">\u00ab <em>Dans les r\u00e9sultats de l\u2019enqu\u00eate de la Rock Brigade, les policiers n\u2019ont pas cherch\u00e9 \u00e0 mettre en \u00e9vidence les <strong>influences musicales<\/strong> des deux bancables es SACEM. Pour cela, il eut suffi de se r\u00e9f\u00e9rer aux paroles de leurs chansons. <strong>Goldman<\/strong> y glisse des indices. Il est ainsi question de <strong>Gibson, <\/strong>de<a href=\"https:\/\/www.youtube.com\/watch?v=UBPdJwibh6A\" target=\"_blank\" rel=\"noopener noreferrer\"><strong> \u2018Tabacco road\u2019 <\/strong><\/a>ou de<a href=\"https:\/\/www.youtube.com\/watch?v=Q0NBnClUEDA\" target=\"_blank\" rel=\"noopener noreferrer\"><strong> Johnny Winter<\/strong><\/a>. JJG, <strong>fan de blues<\/strong> US ? <\/em><\/p>\n<p style=\"text-align: justify;\"><em>Pour <strong>Obispo<\/strong>, la chanson \u2018Fan\u2019, ainsi que son clip vid\u00e9o, incitent \u00e0 citer <a href=\"https:\/\/www.youtube.com\/watch?v=zkfrNrVuNgE\" target=\"_blank\" rel=\"noopener noreferrer\"><strong>Polnareff<\/strong> <\/a>et, chose qui peut vous para\u00eetre \u00e9tonnante, <strong><a href=\"https:\/\/www.youtube.com\/watch?v=naXPoz1Du34\" target=\"_blank\" rel=\"noopener noreferrer\">Kiss<\/a> <\/strong>ainsi qu\u2019<strong>AC\/DC<\/strong>. Pourquoi \u2018\u00e9tonnante\u2019 ? Ce gar\u00e7on \u00e9tant n\u00e9 en 1965, quoi d\u2019\u00e9tonnant \u00e0 ce qu\u2019il ait \u00e9t\u00e9 <strong>secou\u00e9 par ces groupes<\/strong> au moment de l\u2019adolescence, p\u00e9riode o\u00f9 se forgent tant les caract\u00e8res que les go\u00fbts musicaux. Point commun, <strong>les deux ont fait partie de groupes de rock<\/strong> avant leur \u00e9closion respective. Leur soif de reconnaissance \u00e0 fait le reste \u2026<\/em> \u00bb.<\/p>\n<h3>GOLDMAN &amp; OBISPO &#8211; Allumer le feu (live 2010)<\/h3>\n<p>https:\/\/www.youtube.com\/watch?v=GgsU7VF7r5s<\/p>\n<p style=\"text-align: justify;\">Les derniers mots d\u2019un des avocats :<\/p>\n<p style=\"text-align: justify;\">\u00ab <em>Bien s\u00fbr, <strong>l\u2019attitude n\u2019y est pas<\/strong>. Mais revoyons ce duo autour d\u2019une chanson phare du Boss de la \u2018vari\u00e9t\u00e9\u2019 fran\u00e7aise. Imaginons <strong>Bashung et Cantat<\/strong> derri\u00e8re les micros, poussons l\u2019utopie jusqu\u2019\u00e0 r\u00e9unir <strong>Robert Plant et Freddie Mercury<\/strong> \u2026 n\u2019est-ce pas ?<\/em> \u00bb.<\/p>\n<p style=\"text-align: justify;\">Finalement, apr\u00e8s d\u00e9lib\u00e9ration, le jury d\u00e9cida de ne pas retenir de charges contre Alain et Serge, ils furent <strong>relax\u00e9s<\/strong>. \u00c7a vous \u00e9tonne ? Moi pas.<\/p>\n<p style=\"text-align: justify;\">Alors : <strong>Goldman &amp; Obispo<\/strong> live,<strong> pop\/rock ou vari\u00e9t\u00e9<\/strong> ? Comme les go\u00fbts<strong>, tous les avis sont dans la nature<\/strong> &#8230;<\/p>\n<p style=\"text-align: justify;\">Thierry Dauge<\/p>\n","protected":false},"excerpt":{"rendered":"<p>GOLDMAN &amp; OBISPO live : le proc\u00e8s Encore un matin o\u00f9 tomber pour elle Interpell\u00e9 par la \u00ab Rock Brigade \u00bb, division polici\u00e8re destin\u00e9e \u00e0 r\u00e9primer l\u2019anti-biens\u00e9ance musicale, un pr\u00e9venu : Alain, raconte son histoire \u2026 \u00ab Il m\u2019est arriv\u00e9 d\u2019assister \u00e0 un de ces concerts interdits (CF Loi n\u00b0 666 du 2 f\u00e9vrier 1979, [&hellip;]<\/p>\n","protected":false},"author":3,"featured_media":8929,"comment_status":"open","ping_status":"closed","sticky":false,"template":"","format":"image","meta":{"jetpack_post_was_ever_published":false,"tdm_status":"","tdm_grid_status":"","_jetpack_newsletter_access":"","_jetpack_dont_email_post_to_subs":false,"_jetpack_newsletter_tier_id":0,"_jetpack_memberships_contains_paywalled_content":false,"_jetpack_memberships_contains_paid_content":false,"footnotes":""},"categories":[17],"tags":[40],"class_list":{"0":"post-8926","1":"post","2":"type-post","3":"status-publish","4":"format-image","5":"has-post-thumbnail","7":"category-carotte-rock-cultures","8":"tag-chanson-francaise","9":"post_format-post-format-image"},"yoast_head":"<!-- This site is optimized with the Yoast SEO plugin v27.5 - https:\/\/yoast.com\/product\/yoast-seo-wordpress\/ -->\n<title>GOLDMAN &amp; OBISPO live, pop\/rock ou vari\u00e9t\u00e9 ? - Culturesco<\/title>\n<meta name=\"description\" content=\"CulturesCo | Jean-Jacques Goldman &amp; Pascal Obispo - chanson fran\u00e7aise pop\/rock ou varit\u00e9t\u00e9 - Des guitares et du son, de l&#039;\u00e9nergie\" \/>\n<meta name=\"robots\" content=\"index, follow, max-snippet:-1, max-image-preview:large, max-video-preview:-1\" \/>\n<link rel=\"canonical\" href=\"https:\/\/culturesco.com\/index.php\/2019\/10\/23\/goldman-obispo-live-pop-rock-ou-variete\/\" \/>\n<meta property=\"og:locale\" content=\"fr_FR\" \/>\n<meta property=\"og:type\" content=\"article\" \/>\n<meta property=\"og:title\" content=\"GOLDMAN &amp; OBISPO live, pop\/rock ou vari\u00e9t\u00e9 ? - Culturesco\" \/>\n<meta property=\"og:description\" content=\"CulturesCo | Jean-Jacques Goldman &amp; Pascal Obispo - chanson fran\u00e7aise pop\/rock ou varit\u00e9t\u00e9 - Des guitares et du son, de l&#039;\u00e9nergie\" \/>\n<meta property=\"og:url\" content=\"https:\/\/culturesco.com\/index.php\/2019\/10\/23\/goldman-obispo-live-pop-rock-ou-variete\/\" \/>\n<meta property=\"og:site_name\" content=\"Culturesco\" \/>\n<meta property=\"article:publisher\" content=\"https:\/\/www.facebook.com\/radioculturesco\" \/>\n<meta property=\"article:published_time\" content=\"2019-10-23T20:49:43+00:00\" \/>\n<meta property=\"article:modified_time\" content=\"2021-09-24T14:46:51+00:00\" \/>\n<meta property=\"og:image\" content=\"https:\/\/i0.wp.com\/culturesco.com\/wp-content\/uploads\/2019\/10\/Goldman-Obispo-front.jpg?fit=600%2C261&ssl=1\" \/>\n\t<meta property=\"og:image:width\" content=\"600\" \/>\n\t<meta property=\"og:image:height\" content=\"261\" \/>\n\t<meta property=\"og:image:type\" content=\"image\/jpeg\" \/>\n<meta name=\"author\" content=\"Thierry Dauge\" \/>\n<meta name=\"twitter:card\" content=\"summary_large_image\" \/>\n<meta name=\"twitter:creator\" content=\"@AugusteMarshal\" \/>\n<meta name=\"twitter:site\" content=\"@AugusteMarshal\" \/>\n<meta name=\"twitter:label1\" content=\"\u00c9crit par\" \/>\n\t<meta name=\"twitter:data1\" content=\"Thierry Dauge\" \/>\n\t<meta name=\"twitter:label2\" content=\"Dur\u00e9e de lecture estim\u00e9e\" \/>\n\t<meta name=\"twitter:data2\" content=\"5 minutes\" \/>\n<script type=\"application\/ld+json\" class=\"yoast-schema-graph\">{\"@context\":\"https:\\\/\\\/schema.org\",\"@graph\":[{\"@type\":\"Article\",\"@id\":\"https:\\\/\\\/culturesco.com\\\/index.php\\\/2019\\\/10\\\/23\\\/goldman-obispo-live-pop-rock-ou-variete\\\/#article\",\"isPartOf\":{\"@id\":\"https:\\\/\\\/culturesco.com\\\/index.php\\\/2019\\\/10\\\/23\\\/goldman-obispo-live-pop-rock-ou-variete\\\/\"},\"author\":{\"name\":\"Thierry Dauge\",\"@id\":\"https:\\\/\\\/culturesco.com\\\/#\\\/schema\\\/person\\\/19f04cf232d246197f6e7d62abe6cb0e\"},\"headline\":\"GOLDMAN &#038; OBISPO live, pop\\\/rock ou vari\u00e9t\u00e9 ?\",\"datePublished\":\"2019-10-23T20:49:43+00:00\",\"dateModified\":\"2021-09-24T14:46:51+00:00\",\"mainEntityOfPage\":{\"@id\":\"https:\\\/\\\/culturesco.com\\\/index.php\\\/2019\\\/10\\\/23\\\/goldman-obispo-live-pop-rock-ou-variete\\\/\"},\"wordCount\":1069,\"commentCount\":0,\"publisher\":{\"@id\":\"https:\\\/\\\/culturesco.com\\\/#organization\"},\"image\":{\"@id\":\"https:\\\/\\\/culturesco.com\\\/index.php\\\/2019\\\/10\\\/23\\\/goldman-obispo-live-pop-rock-ou-variete\\\/#primaryimage\"},\"thumbnailUrl\":\"https:\\\/\\\/i0.wp.com\\\/culturesco.com\\\/wp-content\\\/uploads\\\/2019\\\/10\\\/Goldman-Obispo-front.jpg?fit=600%2C261&ssl=1\",\"keywords\":[\"chanson fran\u00e7aise\"],\"articleSection\":[\"Carotte Rock Cultures\"],\"inLanguage\":\"fr-FR\",\"potentialAction\":[{\"@type\":\"CommentAction\",\"name\":\"Comment\",\"target\":[\"https:\\\/\\\/culturesco.com\\\/index.php\\\/2019\\\/10\\\/23\\\/goldman-obispo-live-pop-rock-ou-variete\\\/#respond\"]}]},{\"@type\":\"WebPage\",\"@id\":\"https:\\\/\\\/culturesco.com\\\/index.php\\\/2019\\\/10\\\/23\\\/goldman-obispo-live-pop-rock-ou-variete\\\/\",\"url\":\"https:\\\/\\\/culturesco.com\\\/index.php\\\/2019\\\/10\\\/23\\\/goldman-obispo-live-pop-rock-ou-variete\\\/\",\"name\":\"GOLDMAN & OBISPO live, pop\\\/rock ou vari\u00e9t\u00e9 ? - Culturesco\",\"isPartOf\":{\"@id\":\"https:\\\/\\\/culturesco.com\\\/#website\"},\"primaryImageOfPage\":{\"@id\":\"https:\\\/\\\/culturesco.com\\\/index.php\\\/2019\\\/10\\\/23\\\/goldman-obispo-live-pop-rock-ou-variete\\\/#primaryimage\"},\"image\":{\"@id\":\"https:\\\/\\\/culturesco.com\\\/index.php\\\/2019\\\/10\\\/23\\\/goldman-obispo-live-pop-rock-ou-variete\\\/#primaryimage\"},\"thumbnailUrl\":\"https:\\\/\\\/i0.wp.com\\\/culturesco.com\\\/wp-content\\\/uploads\\\/2019\\\/10\\\/Goldman-Obispo-front.jpg?fit=600%2C261&ssl=1\",\"datePublished\":\"2019-10-23T20:49:43+00:00\",\"dateModified\":\"2021-09-24T14:46:51+00:00\",\"description\":\"CulturesCo | Jean-Jacques Goldman & Pascal Obispo - chanson fran\u00e7aise pop\\\/rock ou varit\u00e9t\u00e9 - Des guitares et du son, de l'\u00e9nergie\",\"breadcrumb\":{\"@id\":\"https:\\\/\\\/culturesco.com\\\/index.php\\\/2019\\\/10\\\/23\\\/goldman-obispo-live-pop-rock-ou-variete\\\/#breadcrumb\"},\"inLanguage\":\"fr-FR\",\"potentialAction\":[{\"@type\":\"ReadAction\",\"target\":[\"https:\\\/\\\/culturesco.com\\\/index.php\\\/2019\\\/10\\\/23\\\/goldman-obispo-live-pop-rock-ou-variete\\\/\"]}]},{\"@type\":\"ImageObject\",\"inLanguage\":\"fr-FR\",\"@id\":\"https:\\\/\\\/culturesco.com\\\/index.php\\\/2019\\\/10\\\/23\\\/goldman-obispo-live-pop-rock-ou-variete\\\/#primaryimage\",\"url\":\"https:\\\/\\\/i0.wp.com\\\/culturesco.com\\\/wp-content\\\/uploads\\\/2019\\\/10\\\/Goldman-Obispo-front.jpg?fit=600%2C261&ssl=1\",\"contentUrl\":\"https:\\\/\\\/i0.wp.com\\\/culturesco.com\\\/wp-content\\\/uploads\\\/2019\\\/10\\\/Goldman-Obispo-front.jpg?fit=600%2C261&ssl=1\",\"width\":600,\"height\":261,\"caption\":\"Gold man & Obispo\"},{\"@type\":\"BreadcrumbList\",\"@id\":\"https:\\\/\\\/culturesco.com\\\/index.php\\\/2019\\\/10\\\/23\\\/goldman-obispo-live-pop-rock-ou-variete\\\/#breadcrumb\",\"itemListElement\":[{\"@type\":\"ListItem\",\"position\":1,\"name\":\"Accueil\",\"item\":\"https:\\\/\\\/culturesco.com\\\/\"},{\"@type\":\"ListItem\",\"position\":2,\"name\":\"GOLDMAN &#038; OBISPO live, pop\\\/rock ou vari\u00e9t\u00e9 ?\"}]},{\"@type\":\"WebSite\",\"@id\":\"https:\\\/\\\/culturesco.com\\\/#website\",\"url\":\"https:\\\/\\\/culturesco.com\\\/\",\"name\":\"Culturesco\",\"description\":\"Culturesco | Un bon coup de pied dans ta Culture\",\"publisher\":{\"@id\":\"https:\\\/\\\/culturesco.com\\\/#organization\"},\"potentialAction\":[{\"@type\":\"SearchAction\",\"target\":{\"@type\":\"EntryPoint\",\"urlTemplate\":\"https:\\\/\\\/culturesco.com\\\/?s={search_term_string}\"},\"query-input\":{\"@type\":\"PropertyValueSpecification\",\"valueRequired\":true,\"valueName\":\"search_term_string\"}}],\"inLanguage\":\"fr-FR\"},{\"@type\":\"Organization\",\"@id\":\"https:\\\/\\\/culturesco.com\\\/#organization\",\"name\":\"CULTURESCO\",\"url\":\"https:\\\/\\\/culturesco.com\\\/\",\"logo\":{\"@type\":\"ImageObject\",\"inLanguage\":\"fr-FR\",\"@id\":\"https:\\\/\\\/culturesco.com\\\/#\\\/schema\\\/logo\\\/image\\\/\",\"url\":\"https:\\\/\\\/i0.wp.com\\\/culturesco.com\\\/wp-content\\\/uploads\\\/2022\\\/04\\\/culturesco-logo-blanc250p.png?fit=250%2C250&ssl=1\",\"contentUrl\":\"https:\\\/\\\/i0.wp.com\\\/culturesco.com\\\/wp-content\\\/uploads\\\/2022\\\/04\\\/culturesco-logo-blanc250p.png?fit=250%2C250&ssl=1\",\"width\":250,\"height\":250,\"caption\":\"CULTURESCO\"},\"image\":{\"@id\":\"https:\\\/\\\/culturesco.com\\\/#\\\/schema\\\/logo\\\/image\\\/\"},\"sameAs\":[\"https:\\\/\\\/www.facebook.com\\\/radioculturesco\",\"https:\\\/\\\/x.com\\\/AugusteMarshal\",\"https:\\\/\\\/www.instagram.com\\\/carotte_rock_culture\\\/\",\"https:\\\/\\\/www.pinterest.fr\\\/augustemarshal\\\/\",\"https:\\\/\\\/www.youtube.com\\\/channel\\\/UCiWLGffqWSXlNnfzp6YwwyQ\"]},{\"@type\":\"Person\",\"@id\":\"https:\\\/\\\/culturesco.com\\\/#\\\/schema\\\/person\\\/19f04cf232d246197f6e7d62abe6cb0e\",\"name\":\"Thierry Dauge\",\"image\":{\"@type\":\"ImageObject\",\"inLanguage\":\"fr-FR\",\"@id\":\"https:\\\/\\\/i0.wp.com\\\/culturesco.com\\\/wp-content\\\/uploads\\\/2018\\\/12\\\/Black-Beauty-and-me.jpg?fit=96%2C96&ssl=1\",\"url\":\"https:\\\/\\\/i0.wp.com\\\/culturesco.com\\\/wp-content\\\/uploads\\\/2018\\\/12\\\/Black-Beauty-and-me.jpg?fit=96%2C96&ssl=1\",\"contentUrl\":\"https:\\\/\\\/i0.wp.com\\\/culturesco.com\\\/wp-content\\\/uploads\\\/2018\\\/12\\\/Black-Beauty-and-me.jpg?fit=96%2C96&ssl=1\",\"caption\":\"Thierry Dauge\"},\"description\":\"Amoureux des 70\u2019s et du hard rock en particulier, Thierry Dauge est chroniqueur sur Culturesco par amour de l\u2019\u00e9criture musicale. Co-auteur du livre\\\"Pop rock - Les instruments de l'ombre\\\" aux \u00e9ditions du Camion Blanc, collaborateur de Vivi pour \\\"Mes Ann\u00e9es Trust\\\", auteur de \\\"Sparks\\\" aux \u00e9ditions du Layeur, parce que le rock est loin d'\u00eatre mort ...\",\"url\":\"https:\\\/\\\/culturesco.com\\\/index.php\\\/author\\\/thierry-dauge888\\\/\"}]}<\/script>\n<!-- \/ Yoast SEO plugin. -->","yoast_head_json":{"title":"GOLDMAN & OBISPO live, pop\/rock ou vari\u00e9t\u00e9 ? - Culturesco","description":"CulturesCo | Jean-Jacques Goldman & Pascal Obispo - chanson fran\u00e7aise pop\/rock ou varit\u00e9t\u00e9 - Des guitares et du son, de l'\u00e9nergie","robots":{"index":"index","follow":"follow","max-snippet":"max-snippet:-1","max-image-preview":"max-image-preview:large","max-video-preview":"max-video-preview:-1"},"canonical":"https:\/\/culturesco.com\/index.php\/2019\/10\/23\/goldman-obispo-live-pop-rock-ou-variete\/","og_locale":"fr_FR","og_type":"article","og_title":"GOLDMAN & OBISPO live, pop\/rock ou vari\u00e9t\u00e9 ? - Culturesco","og_description":"CulturesCo | Jean-Jacques Goldman & Pascal Obispo - chanson fran\u00e7aise pop\/rock ou varit\u00e9t\u00e9 - Des guitares et du son, de l'\u00e9nergie","og_url":"https:\/\/culturesco.com\/index.php\/2019\/10\/23\/goldman-obispo-live-pop-rock-ou-variete\/","og_site_name":"Culturesco","article_publisher":"https:\/\/www.facebook.com\/radioculturesco","article_published_time":"2019-10-23T20:49:43+00:00","article_modified_time":"2021-09-24T14:46:51+00:00","og_image":[{"width":600,"height":261,"url":"https:\/\/i0.wp.com\/culturesco.com\/wp-content\/uploads\/2019\/10\/Goldman-Obispo-front.jpg?fit=600%2C261&ssl=1","type":"image\/jpeg"}],"author":"Thierry Dauge","twitter_card":"summary_large_image","twitter_creator":"@AugusteMarshal","twitter_site":"@AugusteMarshal","twitter_misc":{"\u00c9crit par":"Thierry Dauge","Dur\u00e9e de lecture estim\u00e9e":"5 minutes"},"schema":{"@context":"https:\/\/schema.org","@graph":[{"@type":"Article","@id":"https:\/\/culturesco.com\/index.php\/2019\/10\/23\/goldman-obispo-live-pop-rock-ou-variete\/#article","isPartOf":{"@id":"https:\/\/culturesco.com\/index.php\/2019\/10\/23\/goldman-obispo-live-pop-rock-ou-variete\/"},"author":{"name":"Thierry Dauge","@id":"https:\/\/culturesco.com\/#\/schema\/person\/19f04cf232d246197f6e7d62abe6cb0e"},"headline":"GOLDMAN &#038; OBISPO live, pop\/rock ou vari\u00e9t\u00e9 ?","datePublished":"2019-10-23T20:49:43+00:00","dateModified":"2021-09-24T14:46:51+00:00","mainEntityOfPage":{"@id":"https:\/\/culturesco.com\/index.php\/2019\/10\/23\/goldman-obispo-live-pop-rock-ou-variete\/"},"wordCount":1069,"commentCount":0,"publisher":{"@id":"https:\/\/culturesco.com\/#organization"},"image":{"@id":"https:\/\/culturesco.com\/index.php\/2019\/10\/23\/goldman-obispo-live-pop-rock-ou-variete\/#primaryimage"},"thumbnailUrl":"https:\/\/i0.wp.com\/culturesco.com\/wp-content\/uploads\/2019\/10\/Goldman-Obispo-front.jpg?fit=600%2C261&ssl=1","keywords":["chanson fran\u00e7aise"],"articleSection":["Carotte Rock Cultures"],"inLanguage":"fr-FR","potentialAction":[{"@type":"CommentAction","name":"Comment","target":["https:\/\/culturesco.com\/index.php\/2019\/10\/23\/goldman-obispo-live-pop-rock-ou-variete\/#respond"]}]},{"@type":"WebPage","@id":"https:\/\/culturesco.com\/index.php\/2019\/10\/23\/goldman-obispo-live-pop-rock-ou-variete\/","url":"https:\/\/culturesco.com\/index.php\/2019\/10\/23\/goldman-obispo-live-pop-rock-ou-variete\/","name":"GOLDMAN & OBISPO live, pop\/rock ou vari\u00e9t\u00e9 ? - Culturesco","isPartOf":{"@id":"https:\/\/culturesco.com\/#website"},"primaryImageOfPage":{"@id":"https:\/\/culturesco.com\/index.php\/2019\/10\/23\/goldman-obispo-live-pop-rock-ou-variete\/#primaryimage"},"image":{"@id":"https:\/\/culturesco.com\/index.php\/2019\/10\/23\/goldman-obispo-live-pop-rock-ou-variete\/#primaryimage"},"thumbnailUrl":"https:\/\/i0.wp.com\/culturesco.com\/wp-content\/uploads\/2019\/10\/Goldman-Obispo-front.jpg?fit=600%2C261&ssl=1","datePublished":"2019-10-23T20:49:43+00:00","dateModified":"2021-09-24T14:46:51+00:00","description":"CulturesCo | Jean-Jacques Goldman & Pascal Obispo - chanson fran\u00e7aise pop\/rock ou varit\u00e9t\u00e9 - Des guitares et du son, de l'\u00e9nergie","breadcrumb":{"@id":"https:\/\/culturesco.com\/index.php\/2019\/10\/23\/goldman-obispo-live-pop-rock-ou-variete\/#breadcrumb"},"inLanguage":"fr-FR","potentialAction":[{"@type":"ReadAction","target":["https:\/\/culturesco.com\/index.php\/2019\/10\/23\/goldman-obispo-live-pop-rock-ou-variete\/"]}]},{"@type":"ImageObject","inLanguage":"fr-FR","@id":"https:\/\/culturesco.com\/index.php\/2019\/10\/23\/goldman-obispo-live-pop-rock-ou-variete\/#primaryimage","url":"https:\/\/i0.wp.com\/culturesco.com\/wp-content\/uploads\/2019\/10\/Goldman-Obispo-front.jpg?fit=600%2C261&ssl=1","contentUrl":"https:\/\/i0.wp.com\/culturesco.com\/wp-content\/uploads\/2019\/10\/Goldman-Obispo-front.jpg?fit=600%2C261&ssl=1","width":600,"height":261,"caption":"Gold man & Obispo"},{"@type":"BreadcrumbList","@id":"https:\/\/culturesco.com\/index.php\/2019\/10\/23\/goldman-obispo-live-pop-rock-ou-variete\/#breadcrumb","itemListElement":[{"@type":"ListItem","position":1,"name":"Accueil","item":"https:\/\/culturesco.com\/"},{"@type":"ListItem","position":2,"name":"GOLDMAN &#038; OBISPO live, pop\/rock ou vari\u00e9t\u00e9 ?"}]},{"@type":"WebSite","@id":"https:\/\/culturesco.com\/#website","url":"https:\/\/culturesco.com\/","name":"Culturesco","description":"Culturesco | Un bon coup de pied dans ta Culture","publisher":{"@id":"https:\/\/culturesco.com\/#organization"},"potentialAction":[{"@type":"SearchAction","target":{"@type":"EntryPoint","urlTemplate":"https:\/\/culturesco.com\/?s={search_term_string}"},"query-input":{"@type":"PropertyValueSpecification","valueRequired":true,"valueName":"search_term_string"}}],"inLanguage":"fr-FR"},{"@type":"Organization","@id":"https:\/\/culturesco.com\/#organization","name":"CULTURESCO","url":"https:\/\/culturesco.com\/","logo":{"@type":"ImageObject","inLanguage":"fr-FR","@id":"https:\/\/culturesco.com\/#\/schema\/logo\/image\/","url":"https:\/\/i0.wp.com\/culturesco.com\/wp-content\/uploads\/2022\/04\/culturesco-logo-blanc250p.png?fit=250%2C250&ssl=1","contentUrl":"https:\/\/i0.wp.com\/culturesco.com\/wp-content\/uploads\/2022\/04\/culturesco-logo-blanc250p.png?fit=250%2C250&ssl=1","width":250,"height":250,"caption":"CULTURESCO"},"image":{"@id":"https:\/\/culturesco.com\/#\/schema\/logo\/image\/"},"sameAs":["https:\/\/www.facebook.com\/radioculturesco","https:\/\/x.com\/AugusteMarshal","https:\/\/www.instagram.com\/carotte_rock_culture\/","https:\/\/www.pinterest.fr\/augustemarshal\/","https:\/\/www.youtube.com\/channel\/UCiWLGffqWSXlNnfzp6YwwyQ"]},{"@type":"Person","@id":"https:\/\/culturesco.com\/#\/schema\/person\/19f04cf232d246197f6e7d62abe6cb0e","name":"Thierry Dauge","image":{"@type":"ImageObject","inLanguage":"fr-FR","@id":"https:\/\/i0.wp.com\/culturesco.com\/wp-content\/uploads\/2018\/12\/Black-Beauty-and-me.jpg?fit=96%2C96&ssl=1","url":"https:\/\/i0.wp.com\/culturesco.com\/wp-content\/uploads\/2018\/12\/Black-Beauty-and-me.jpg?fit=96%2C96&ssl=1","contentUrl":"https:\/\/i0.wp.com\/culturesco.com\/wp-content\/uploads\/2018\/12\/Black-Beauty-and-me.jpg?fit=96%2C96&ssl=1","caption":"Thierry Dauge"},"description":"Amoureux des 70\u2019s et du hard rock en particulier, Thierry Dauge est chroniqueur sur Culturesco par amour de l\u2019\u00e9criture musicale. Co-auteur du livre\"Pop rock - Les instruments de l'ombre\" aux \u00e9ditions du Camion Blanc, collaborateur de Vivi pour \"Mes Ann\u00e9es Trust\", auteur de \"Sparks\" aux \u00e9ditions du Layeur, parce que le rock est loin d'\u00eatre mort ...","url":"https:\/\/culturesco.com\/index.php\/author\/thierry-dauge888\/"}]}},"jetpack_featured_media_url":"https:\/\/i0.wp.com\/culturesco.com\/wp-content\/uploads\/2019\/10\/Goldman-Obispo-front.jpg?fit=600%2C261&ssl=1","jetpack_likes_enabled":true,"jetpack_sharing_enabled":true,"jetpack_shortlink":"https:\/\/wp.me\/paz89I-2jY","_links":{"self":[{"href":"https:\/\/culturesco.com\/index.php\/wp-json\/wp\/v2\/posts\/8926","targetHints":{"allow":["GET"]}}],"collection":[{"href":"https:\/\/culturesco.com\/index.php\/wp-json\/wp\/v2\/posts"}],"about":[{"href":"https:\/\/culturesco.com\/index.php\/wp-json\/wp\/v2\/types\/post"}],"author":[{"embeddable":true,"href":"https:\/\/culturesco.com\/index.php\/wp-json\/wp\/v2\/users\/3"}],"replies":[{"embeddable":true,"href":"https:\/\/culturesco.com\/index.php\/wp-json\/wp\/v2\/comments?post=8926"}],"version-history":[{"count":0,"href":"https:\/\/culturesco.com\/index.php\/wp-json\/wp\/v2\/posts\/8926\/revisions"}],"wp:featuredmedia":[{"embeddable":true,"href":"https:\/\/culturesco.com\/index.php\/wp-json\/wp\/v2\/media\/8929"}],"wp:attachment":[{"href":"https:\/\/culturesco.com\/index.php\/wp-json\/wp\/v2\/media?parent=8926"}],"wp:term":[{"taxonomy":"category","embeddable":true,"href":"https:\/\/culturesco.com\/index.php\/wp-json\/wp\/v2\/categories?post=8926"},{"taxonomy":"post_tag","embeddable":true,"href":"https:\/\/culturesco.com\/index.php\/wp-json\/wp\/v2\/tags?post=8926"}],"curies":[{"name":"wp","href":"https:\/\/api.w.org\/{rel}","templated":true}]}}