{"id":8912,"date":"2019-10-23T16:29:40","date_gmt":"2019-10-23T14:29:40","guid":{"rendered":"https:\/\/culturesco.com\/?p=8912"},"modified":"2019-10-23T17:14:07","modified_gmt":"2019-10-23T15:14:07","slug":"erwan-larher-pourquoi-les-hommes-fuient-le-nouveau-roman-d-un-rescape-du-bataclan","status":"publish","type":"post","link":"https:\/\/culturesco.com\/index.php\/2019\/10\/23\/erwan-larher-pourquoi-les-hommes-fuient-le-nouveau-roman-d-un-rescape-du-bataclan\/","title":{"rendered":"Erwan Larher \u2013 Pourquoi les Hommes Fuient ?"},"content":{"rendered":"<h2 style=\"text-align: justify;\">Le Nouveau Roman d\u2019un Rescap\u00e9 du Bataclan<\/h2>\n<figure id=\"attachment_8918\" aria-describedby=\"caption-attachment-8918\" style=\"width: 600px\" class=\"wp-caption aligncenter\"><a href=\"https:\/\/amzn.to\/32FXDY9\" target=\"_blank\" rel=\"noopener noreferrer\"><img data-recalc-dims=\"1\" loading=\"lazy\" decoding=\"async\" class=\"wp-image-8918 size-full\" src=\"https:\/\/i0.wp.com\/culturesco.com\/wp-content\/uploads\/2019\/10\/erwan-larher.jpg?resize=600%2C314&#038;ssl=1\" alt=\"erwan larher - livre pourquoi les hommes fuient\" width=\"600\" height=\"314\" srcset=\"https:\/\/i0.wp.com\/culturesco.com\/wp-content\/uploads\/2019\/10\/erwan-larher.jpg?w=600&amp;ssl=1 600w, https:\/\/i0.wp.com\/culturesco.com\/wp-content\/uploads\/2019\/10\/erwan-larher.jpg?resize=300%2C157&amp;ssl=1 300w\" sizes=\"auto, (max-width: 600px) 100vw, 600px\" \/><\/a><figcaption id=\"caption-attachment-8918\" class=\"wp-caption-text\">Erwan Larher &#8211; Pourquoi les hommes fuient<\/figcaption><\/figure>\n<h3 style=\"text-align: justify;\">Une Fille cherche son P\u00e8re, Eph\u00e9m\u00e8re Star du Rock<\/h3>\n<p style=\"text-align: justify;\">Ne le cachons pas. On avait h\u00e2te de lire le prochain livre de <strong>Erwan Larher<\/strong>, tellement le pr\u00e9c\u00e9dent \u00e9tait bouleversant de v\u00e9rit\u00e9 \u00e2pre et se rapprochait du documentaire.<\/p>\n<p style=\"text-align: justify;\">L\u2019auteur faisait partie des spectateurs et des victimes du <strong>13 novembre 2015 au Bataclan<\/strong>, lors du concert du groupe <strong>Eagles Of The Death Metal<\/strong>, l\u2019attraction du moment musicalement parlant. On sait comment tout cela a tourn\u00e9 et il a eu du mal \u00e0 s\u2019en remettre. Le livre en question s\u2019appelle \u00e0 juste titre : <strong><em>Le Livre Que Je Ne Voulais Pas Ecrire<\/em><\/strong>.<\/p>\n<h3 style=\"text-align: justify;\"><em>Eiffel &#8211; le 1\/4 d&rsquo;heure des Ahuris<\/em><\/h3>\n<div class=\"youtube-embed\" data-video_id=\"wp4cjKS_Rxg\"><iframe loading=\"lazy\" title=\"Eiffel - Le 1\/4 d&#039;heure des Ahuris (VIDEO CLIP)\" width=\"696\" height=\"522\" src=\"https:\/\/www.youtube.com\/embed\/wp4cjKS_Rxg?start=11\" frameborder=\"0\" allow=\"accelerometer; autoplay; clipboard-write; encrypted-media; gyroscope; picture-in-picture; web-share\" referrerpolicy=\"strict-origin-when-cross-origin\" allowfullscreen><\/iframe><\/div>\n<h3>Erwan Larher<\/h3>\n<p style=\"text-align: justify;\">Alors que faire apr\u00e8s \u00e7a\u00a0?&#8230; Il a choisi de continuer, en toute simplicit\u00e9, d\u2019\u00e9crire ce qu\u2019il sait faire\u00a0: <strong>un roman autour du rock mais sans trop y toucher<\/strong>.<\/p>\n<p style=\"text-align: justify;\"><strong><em>Pourquoi Les Hommes Fuient\u00a0?<\/em><\/strong>\u00a0aborde la fuite des hommes, incapables d\u2019assumer une paternit\u00e9 non d\u00e9sir\u00e9e tandis que la m\u00e8re d\u00e9c\u00e8de bien trop t\u00f4t. Alors <strong>Jane<\/strong>, l\u2019h\u00e9ro\u00efne, va mener l\u2019enqu\u00eate pour retrouver son p\u00e8re, star l\u2019espace d\u2019un tube, fa\u00e7on <a href=\"https:\/\/culturesco.com\/index.php\/2019\/02\/16\/jaime-regarder-les-filles-patrick-coutin-1981\/\" target=\"_blank\" rel=\"noopener noreferrer\">Patrick Coutin<\/a><strong> (<em>J\u2019aime regarder les filles<\/em>)<\/strong>, apr\u00e8s avoir \u00e9t\u00e9 chanteur\/compositeur d\u2019un groupe plus sombre et mythique des eighties. Qui est-il\u00a0? Que fuit-il\u00a0?&#8230; Et pourquoi <strong>Jane<\/strong> tient-elle tant \u00e0 retrouver ce p\u00e8re qu\u2019elle n\u2019a jamais connu\u00a0?&#8230;<\/p>\n<p style=\"text-align: justify;\">Toute la belle trame est l\u00e0 et elle nous transporte entre le glauque et la fascination sans jamais nous l\u00e2cher une seconde, en \u00e9tant dr\u00f4le et m\u00e9lancolique. Recommand\u00e9 forc\u00e9ment.<\/p>\n<p style=\"text-align: justify;\">Erwan Larher <strong>&#8211;\u00a0Pourquoi Les Hommes Fuient\u00a0?<\/strong><\/p>\n<p style=\"text-align: justify;\"><a href=\"https:\/\/amzn.to\/32FXDY9\" target=\"_blank\" rel=\"noopener noreferrer\">Quidam Editeur \u2013 356 pages \u2013 22 \u20ac<\/a><\/p>\n<p style=\"text-align: justify;\"><strong>Patrick B\u00e9nard<\/strong><\/p>\n<p style=\"text-align: center;\"><iframe style=\"width: 120px; height: 240px;\" src=\"\/\/ws-eu.amazon-adsystem.com\/widgets\/q?ServiceVersion=20070822&amp;OneJS=1&amp;Operation=GetAdHtml&amp;MarketPlace=FR&amp;source=ss&amp;ref=as_ss_li_til&amp;ad_type=product_link&amp;tracking_id=auguste00-21&amp;language=fr_FR&amp;marketplace=amazon&amp;region=FR&amp;placement=2374911071&amp;asins=2374911071&amp;linkId=28ae594e06be20fe9da6007b010436e0&amp;show_border=true&amp;link_opens_in_new_window=true\" frameborder=\"0\" marginwidth=\"0\" marginheight=\"0\" scrolling=\"no\"><\/iframe><\/p>\n","protected":false},"excerpt":{"rendered":"<p>Le Nouveau Roman d\u2019un Rescap\u00e9 du Bataclan Une Fille cherche son P\u00e8re, Eph\u00e9m\u00e8re Star du Rock Ne le cachons pas. On avait h\u00e2te de lire le prochain livre de Erwan Larher, tellement le pr\u00e9c\u00e9dent \u00e9tait bouleversant de v\u00e9rit\u00e9 \u00e2pre et se rapprochait du documentaire. L\u2019auteur faisait partie des spectateurs et des victimes du 13 novembre [&hellip;]<\/p>\n","protected":false},"author":4,"featured_media":8918,"comment_status":"open","ping_status":"closed","sticky":false,"template":"","format":"image","meta":{"jetpack_post_was_ever_published":false,"tdm_status":"","tdm_grid_status":"","_jetpack_newsletter_access":"","_jetpack_dont_email_post_to_subs":false,"_jetpack_newsletter_tier_id":0,"_jetpack_memberships_contains_paywalled_content":false,"_jetpack_memberships_contains_paid_content":false,"footnotes":""},"categories":[17,27,66],"tags":[42,7103,7102],"class_list":{"0":"post-8912","1":"post","2":"type-post","3":"status-publish","4":"format-image","5":"has-post-thumbnail","7":"category-carotte-rock-cultures","8":"category-litterature","9":"category-livre-rock","10":"tag-litterature","11":"tag-rock","12":"tag-roman","13":"post_format-post-format-image"},"yoast_head":"<!-- This site is optimized with the Yoast SEO plugin v27.5 - https:\/\/yoast.com\/product\/yoast-seo-wordpress\/ -->\n<title>Erwan Larher \u2013 Pourquoi les Hommes Fuient ? - Culturesco<\/title>\n<meta name=\"description\" content=\"CulturesCo | Erwan Larher : Pourquoi les hommes fuient? Le nouveau roman d&#039;un rescap\u00e9 du Bataclan apr\u00e8s Le livre que je ne voulais pas \u00e9crire\" \/>\n<meta name=\"robots\" content=\"index, follow, max-snippet:-1, max-image-preview:large, max-video-preview:-1\" \/>\n<link rel=\"canonical\" href=\"https:\/\/culturesco.com\/index.php\/2019\/10\/23\/erwan-larher-pourquoi-les-hommes-fuient-le-nouveau-roman-d-un-rescape-du-bataclan\/\" \/>\n<meta property=\"og:locale\" content=\"fr_FR\" \/>\n<meta property=\"og:type\" content=\"article\" \/>\n<meta property=\"og:title\" content=\"Erwan Larher \u2013 Pourquoi les Hommes Fuient ? - Culturesco\" \/>\n<meta property=\"og:description\" content=\"CulturesCo | Erwan Larher : Pourquoi les hommes fuient? Le nouveau roman d&#039;un rescap\u00e9 du Bataclan apr\u00e8s Le livre que je ne voulais pas \u00e9crire\" \/>\n<meta property=\"og:url\" content=\"https:\/\/culturesco.com\/index.php\/2019\/10\/23\/erwan-larher-pourquoi-les-hommes-fuient-le-nouveau-roman-d-un-rescape-du-bataclan\/\" \/>\n<meta property=\"og:site_name\" content=\"Culturesco\" \/>\n<meta property=\"article:publisher\" content=\"https:\/\/www.facebook.com\/radioculturesco\" \/>\n<meta property=\"article:published_time\" content=\"2019-10-23T14:29:40+00:00\" \/>\n<meta property=\"article:modified_time\" content=\"2019-10-23T15:14:07+00:00\" \/>\n<meta property=\"og:image\" content=\"https:\/\/i2.wp.com\/culturesco.com\/wp-content\/uploads\/2019\/10\/erwan-larher.jpg?fit=600%2C314&ssl=1\" \/>\n\t<meta property=\"og:image:width\" content=\"600\" \/>\n\t<meta property=\"og:image:height\" content=\"314\" \/>\n\t<meta property=\"og:image:type\" content=\"image\/jpeg\" \/>\n<meta name=\"author\" content=\"Patrick Benard\" \/>\n<meta name=\"twitter:card\" content=\"summary_large_image\" \/>\n<meta name=\"twitter:creator\" content=\"@AugusteMarshal\" \/>\n<meta name=\"twitter:site\" content=\"@AugusteMarshal\" \/>\n<meta name=\"twitter:label1\" content=\"\u00c9crit par\" \/>\n\t<meta name=\"twitter:data1\" content=\"Patrick Benard\" \/>\n\t<meta name=\"twitter:label2\" content=\"Dur\u00e9e de lecture estim\u00e9e\" \/>\n\t<meta name=\"twitter:data2\" content=\"2 minutes\" \/>\n<script type=\"application\/ld+json\" class=\"yoast-schema-graph\">{\"@context\":\"https:\\\/\\\/schema.org\",\"@graph\":[{\"@type\":\"Article\",\"@id\":\"https:\\\/\\\/culturesco.com\\\/index.php\\\/2019\\\/10\\\/23\\\/erwan-larher-pourquoi-les-hommes-fuient-le-nouveau-roman-d-un-rescape-du-bataclan\\\/#article\",\"isPartOf\":{\"@id\":\"https:\\\/\\\/culturesco.com\\\/index.php\\\/2019\\\/10\\\/23\\\/erwan-larher-pourquoi-les-hommes-fuient-le-nouveau-roman-d-un-rescape-du-bataclan\\\/\"},\"author\":{\"name\":\"Patrick Benard\",\"@id\":\"https:\\\/\\\/culturesco.com\\\/#\\\/schema\\\/person\\\/c2ddd6724863f3bbd20a8278df0891f3\"},\"headline\":\"Erwan Larher \u2013 Pourquoi les Hommes Fuient ?\",\"datePublished\":\"2019-10-23T14:29:40+00:00\",\"dateModified\":\"2019-10-23T15:14:07+00:00\",\"mainEntityOfPage\":{\"@id\":\"https:\\\/\\\/culturesco.com\\\/index.php\\\/2019\\\/10\\\/23\\\/erwan-larher-pourquoi-les-hommes-fuient-le-nouveau-roman-d-un-rescape-du-bataclan\\\/\"},\"wordCount\":326,\"commentCount\":0,\"publisher\":{\"@id\":\"https:\\\/\\\/culturesco.com\\\/#organization\"},\"image\":{\"@id\":\"https:\\\/\\\/culturesco.com\\\/index.php\\\/2019\\\/10\\\/23\\\/erwan-larher-pourquoi-les-hommes-fuient-le-nouveau-roman-d-un-rescape-du-bataclan\\\/#primaryimage\"},\"thumbnailUrl\":\"https:\\\/\\\/i0.wp.com\\\/culturesco.com\\\/wp-content\\\/uploads\\\/2019\\\/10\\\/erwan-larher.jpg?fit=600%2C314&ssl=1\",\"keywords\":[\"litt\u00e9rature\",\"rock\",\"roman\"],\"articleSection\":[\"Carotte Rock Cultures\",\"Litt\u00e9rature\",\"Livre Rock\"],\"inLanguage\":\"fr-FR\",\"potentialAction\":[{\"@type\":\"CommentAction\",\"name\":\"Comment\",\"target\":[\"https:\\\/\\\/culturesco.com\\\/index.php\\\/2019\\\/10\\\/23\\\/erwan-larher-pourquoi-les-hommes-fuient-le-nouveau-roman-d-un-rescape-du-bataclan\\\/#respond\"]}]},{\"@type\":\"WebPage\",\"@id\":\"https:\\\/\\\/culturesco.com\\\/index.php\\\/2019\\\/10\\\/23\\\/erwan-larher-pourquoi-les-hommes-fuient-le-nouveau-roman-d-un-rescape-du-bataclan\\\/\",\"url\":\"https:\\\/\\\/culturesco.com\\\/index.php\\\/2019\\\/10\\\/23\\\/erwan-larher-pourquoi-les-hommes-fuient-le-nouveau-roman-d-un-rescape-du-bataclan\\\/\",\"name\":\"Erwan Larher \u2013 Pourquoi les Hommes Fuient ? - Culturesco\",\"isPartOf\":{\"@id\":\"https:\\\/\\\/culturesco.com\\\/#website\"},\"primaryImageOfPage\":{\"@id\":\"https:\\\/\\\/culturesco.com\\\/index.php\\\/2019\\\/10\\\/23\\\/erwan-larher-pourquoi-les-hommes-fuient-le-nouveau-roman-d-un-rescape-du-bataclan\\\/#primaryimage\"},\"image\":{\"@id\":\"https:\\\/\\\/culturesco.com\\\/index.php\\\/2019\\\/10\\\/23\\\/erwan-larher-pourquoi-les-hommes-fuient-le-nouveau-roman-d-un-rescape-du-bataclan\\\/#primaryimage\"},\"thumbnailUrl\":\"https:\\\/\\\/i0.wp.com\\\/culturesco.com\\\/wp-content\\\/uploads\\\/2019\\\/10\\\/erwan-larher.jpg?fit=600%2C314&ssl=1\",\"datePublished\":\"2019-10-23T14:29:40+00:00\",\"dateModified\":\"2019-10-23T15:14:07+00:00\",\"description\":\"CulturesCo | Erwan Larher : Pourquoi les hommes fuient? Le nouveau roman d'un rescap\u00e9 du Bataclan apr\u00e8s Le livre que je ne voulais pas \u00e9crire\",\"breadcrumb\":{\"@id\":\"https:\\\/\\\/culturesco.com\\\/index.php\\\/2019\\\/10\\\/23\\\/erwan-larher-pourquoi-les-hommes-fuient-le-nouveau-roman-d-un-rescape-du-bataclan\\\/#breadcrumb\"},\"inLanguage\":\"fr-FR\",\"potentialAction\":[{\"@type\":\"ReadAction\",\"target\":[\"https:\\\/\\\/culturesco.com\\\/index.php\\\/2019\\\/10\\\/23\\\/erwan-larher-pourquoi-les-hommes-fuient-le-nouveau-roman-d-un-rescape-du-bataclan\\\/\"]}]},{\"@type\":\"ImageObject\",\"inLanguage\":\"fr-FR\",\"@id\":\"https:\\\/\\\/culturesco.com\\\/index.php\\\/2019\\\/10\\\/23\\\/erwan-larher-pourquoi-les-hommes-fuient-le-nouveau-roman-d-un-rescape-du-bataclan\\\/#primaryimage\",\"url\":\"https:\\\/\\\/i0.wp.com\\\/culturesco.com\\\/wp-content\\\/uploads\\\/2019\\\/10\\\/erwan-larher.jpg?fit=600%2C314&ssl=1\",\"contentUrl\":\"https:\\\/\\\/i0.wp.com\\\/culturesco.com\\\/wp-content\\\/uploads\\\/2019\\\/10\\\/erwan-larher.jpg?fit=600%2C314&ssl=1\",\"width\":600,\"height\":314,\"caption\":\"Erwan Larher - Pourquoi les hommes fuient\"},{\"@type\":\"BreadcrumbList\",\"@id\":\"https:\\\/\\\/culturesco.com\\\/index.php\\\/2019\\\/10\\\/23\\\/erwan-larher-pourquoi-les-hommes-fuient-le-nouveau-roman-d-un-rescape-du-bataclan\\\/#breadcrumb\",\"itemListElement\":[{\"@type\":\"ListItem\",\"position\":1,\"name\":\"Accueil\",\"item\":\"https:\\\/\\\/culturesco.com\\\/\"},{\"@type\":\"ListItem\",\"position\":2,\"name\":\"Erwan Larher \u2013 Pourquoi les Hommes Fuient ?\"}]},{\"@type\":\"WebSite\",\"@id\":\"https:\\\/\\\/culturesco.com\\\/#website\",\"url\":\"https:\\\/\\\/culturesco.com\\\/\",\"name\":\"Culturesco\",\"description\":\"Culturesco | Un bon coup de pied dans ta Culture\",\"publisher\":{\"@id\":\"https:\\\/\\\/culturesco.com\\\/#organization\"},\"potentialAction\":[{\"@type\":\"SearchAction\",\"target\":{\"@type\":\"EntryPoint\",\"urlTemplate\":\"https:\\\/\\\/culturesco.com\\\/?s={search_term_string}\"},\"query-input\":{\"@type\":\"PropertyValueSpecification\",\"valueRequired\":true,\"valueName\":\"search_term_string\"}}],\"inLanguage\":\"fr-FR\"},{\"@type\":\"Organization\",\"@id\":\"https:\\\/\\\/culturesco.com\\\/#organization\",\"name\":\"CULTURESCO\",\"url\":\"https:\\\/\\\/culturesco.com\\\/\",\"logo\":{\"@type\":\"ImageObject\",\"inLanguage\":\"fr-FR\",\"@id\":\"https:\\\/\\\/culturesco.com\\\/#\\\/schema\\\/logo\\\/image\\\/\",\"url\":\"https:\\\/\\\/i0.wp.com\\\/culturesco.com\\\/wp-content\\\/uploads\\\/2022\\\/04\\\/culturesco-logo-blanc250p.png?fit=250%2C250&ssl=1\",\"contentUrl\":\"https:\\\/\\\/i0.wp.com\\\/culturesco.com\\\/wp-content\\\/uploads\\\/2022\\\/04\\\/culturesco-logo-blanc250p.png?fit=250%2C250&ssl=1\",\"width\":250,\"height\":250,\"caption\":\"CULTURESCO\"},\"image\":{\"@id\":\"https:\\\/\\\/culturesco.com\\\/#\\\/schema\\\/logo\\\/image\\\/\"},\"sameAs\":[\"https:\\\/\\\/www.facebook.com\\\/radioculturesco\",\"https:\\\/\\\/x.com\\\/AugusteMarshal\",\"https:\\\/\\\/www.instagram.com\\\/carotte_rock_culture\\\/\",\"https:\\\/\\\/www.pinterest.fr\\\/augustemarshal\\\/\",\"https:\\\/\\\/www.youtube.com\\\/channel\\\/UCiWLGffqWSXlNnfzp6YwwyQ\"]},{\"@type\":\"Person\",\"@id\":\"https:\\\/\\\/culturesco.com\\\/#\\\/schema\\\/person\\\/c2ddd6724863f3bbd20a8278df0891f3\",\"name\":\"Patrick Benard\",\"image\":{\"@type\":\"ImageObject\",\"inLanguage\":\"fr-FR\",\"@id\":\"https:\\\/\\\/i0.wp.com\\\/culturesco.com\\\/wp-content\\\/uploads\\\/2019\\\/02\\\/patrick-benard-2.jpg?fit=90%2C96&ssl=1\",\"url\":\"https:\\\/\\\/i0.wp.com\\\/culturesco.com\\\/wp-content\\\/uploads\\\/2019\\\/02\\\/patrick-benard-2.jpg?fit=90%2C96&ssl=1\",\"contentUrl\":\"https:\\\/\\\/i0.wp.com\\\/culturesco.com\\\/wp-content\\\/uploads\\\/2019\\\/02\\\/patrick-benard-2.jpg?fit=90%2C96&ssl=1\",\"caption\":\"Patrick Benard\"},\"description\":\"Ecrivain, chroniqueur, animateur radio, cr\u00e9ateur de la revue \u00ab Cin\u00e9manie \u00bb, autour du cin\u00e9ma dit d\u2019art et d\u2019essai, sp\u00e9cialiste du groupe The Cure, archiviste... 2020 : \\\"Le Post Rock\\\" essai sur le post rock de Mogwa\u00ef \u00e0 Godspeed You Black Emperor - Camion Blanc 2014 : \u00ab On the rocks \u2013le rock de 2007 \u00e0 2014 \u00bb chroniques livres et cd rocks, interviews \u2013Editions Vaillant 2010 : \u00ab Dans la T\u00eate de Robert Smith \u00bb, roman fiction autour de l\u2019histoire des Cure et de Robert Smith \u2013 Edilivres 2007 : \u00ab Chroniques Fr\u00e9n\u00e9tiques, une histoire intime du rock \u00bb, roman, prix Technikart. 2001 : \u00ab Les Iles du D\u00e9sert \u00bb, polar autour du rock \u2013 Editions Nykta\",\"url\":\"https:\\\/\\\/culturesco.com\\\/index.php\\\/author\\\/patrick-benard89\\\/\"}]}<\/script>\n<!-- \/ Yoast SEO plugin. -->","yoast_head_json":{"title":"Erwan Larher \u2013 Pourquoi les Hommes Fuient ? - Culturesco","description":"CulturesCo | Erwan Larher : Pourquoi les hommes fuient? Le nouveau roman d'un rescap\u00e9 du Bataclan apr\u00e8s Le livre que je ne voulais pas \u00e9crire","robots":{"index":"index","follow":"follow","max-snippet":"max-snippet:-1","max-image-preview":"max-image-preview:large","max-video-preview":"max-video-preview:-1"},"canonical":"https:\/\/culturesco.com\/index.php\/2019\/10\/23\/erwan-larher-pourquoi-les-hommes-fuient-le-nouveau-roman-d-un-rescape-du-bataclan\/","og_locale":"fr_FR","og_type":"article","og_title":"Erwan Larher \u2013 Pourquoi les Hommes Fuient ? - Culturesco","og_description":"CulturesCo | Erwan Larher : Pourquoi les hommes fuient? Le nouveau roman d'un rescap\u00e9 du Bataclan apr\u00e8s Le livre que je ne voulais pas \u00e9crire","og_url":"https:\/\/culturesco.com\/index.php\/2019\/10\/23\/erwan-larher-pourquoi-les-hommes-fuient-le-nouveau-roman-d-un-rescape-du-bataclan\/","og_site_name":"Culturesco","article_publisher":"https:\/\/www.facebook.com\/radioculturesco","article_published_time":"2019-10-23T14:29:40+00:00","article_modified_time":"2019-10-23T15:14:07+00:00","og_image":[{"width":600,"height":314,"url":"https:\/\/i2.wp.com\/culturesco.com\/wp-content\/uploads\/2019\/10\/erwan-larher.jpg?fit=600%2C314&ssl=1","type":"image\/jpeg"}],"author":"Patrick Benard","twitter_card":"summary_large_image","twitter_creator":"@AugusteMarshal","twitter_site":"@AugusteMarshal","twitter_misc":{"\u00c9crit par":"Patrick Benard","Dur\u00e9e de lecture estim\u00e9e":"2 minutes"},"schema":{"@context":"https:\/\/schema.org","@graph":[{"@type":"Article","@id":"https:\/\/culturesco.com\/index.php\/2019\/10\/23\/erwan-larher-pourquoi-les-hommes-fuient-le-nouveau-roman-d-un-rescape-du-bataclan\/#article","isPartOf":{"@id":"https:\/\/culturesco.com\/index.php\/2019\/10\/23\/erwan-larher-pourquoi-les-hommes-fuient-le-nouveau-roman-d-un-rescape-du-bataclan\/"},"author":{"name":"Patrick Benard","@id":"https:\/\/culturesco.com\/#\/schema\/person\/c2ddd6724863f3bbd20a8278df0891f3"},"headline":"Erwan Larher \u2013 Pourquoi les Hommes Fuient ?","datePublished":"2019-10-23T14:29:40+00:00","dateModified":"2019-10-23T15:14:07+00:00","mainEntityOfPage":{"@id":"https:\/\/culturesco.com\/index.php\/2019\/10\/23\/erwan-larher-pourquoi-les-hommes-fuient-le-nouveau-roman-d-un-rescape-du-bataclan\/"},"wordCount":326,"commentCount":0,"publisher":{"@id":"https:\/\/culturesco.com\/#organization"},"image":{"@id":"https:\/\/culturesco.com\/index.php\/2019\/10\/23\/erwan-larher-pourquoi-les-hommes-fuient-le-nouveau-roman-d-un-rescape-du-bataclan\/#primaryimage"},"thumbnailUrl":"https:\/\/i0.wp.com\/culturesco.com\/wp-content\/uploads\/2019\/10\/erwan-larher.jpg?fit=600%2C314&ssl=1","keywords":["litt\u00e9rature","rock","roman"],"articleSection":["Carotte Rock Cultures","Litt\u00e9rature","Livre Rock"],"inLanguage":"fr-FR","potentialAction":[{"@type":"CommentAction","name":"Comment","target":["https:\/\/culturesco.com\/index.php\/2019\/10\/23\/erwan-larher-pourquoi-les-hommes-fuient-le-nouveau-roman-d-un-rescape-du-bataclan\/#respond"]}]},{"@type":"WebPage","@id":"https:\/\/culturesco.com\/index.php\/2019\/10\/23\/erwan-larher-pourquoi-les-hommes-fuient-le-nouveau-roman-d-un-rescape-du-bataclan\/","url":"https:\/\/culturesco.com\/index.php\/2019\/10\/23\/erwan-larher-pourquoi-les-hommes-fuient-le-nouveau-roman-d-un-rescape-du-bataclan\/","name":"Erwan Larher \u2013 Pourquoi les Hommes Fuient ? - Culturesco","isPartOf":{"@id":"https:\/\/culturesco.com\/#website"},"primaryImageOfPage":{"@id":"https:\/\/culturesco.com\/index.php\/2019\/10\/23\/erwan-larher-pourquoi-les-hommes-fuient-le-nouveau-roman-d-un-rescape-du-bataclan\/#primaryimage"},"image":{"@id":"https:\/\/culturesco.com\/index.php\/2019\/10\/23\/erwan-larher-pourquoi-les-hommes-fuient-le-nouveau-roman-d-un-rescape-du-bataclan\/#primaryimage"},"thumbnailUrl":"https:\/\/i0.wp.com\/culturesco.com\/wp-content\/uploads\/2019\/10\/erwan-larher.jpg?fit=600%2C314&ssl=1","datePublished":"2019-10-23T14:29:40+00:00","dateModified":"2019-10-23T15:14:07+00:00","description":"CulturesCo | Erwan Larher : Pourquoi les hommes fuient? Le nouveau roman d'un rescap\u00e9 du Bataclan apr\u00e8s Le livre que je ne voulais pas \u00e9crire","breadcrumb":{"@id":"https:\/\/culturesco.com\/index.php\/2019\/10\/23\/erwan-larher-pourquoi-les-hommes-fuient-le-nouveau-roman-d-un-rescape-du-bataclan\/#breadcrumb"},"inLanguage":"fr-FR","potentialAction":[{"@type":"ReadAction","target":["https:\/\/culturesco.com\/index.php\/2019\/10\/23\/erwan-larher-pourquoi-les-hommes-fuient-le-nouveau-roman-d-un-rescape-du-bataclan\/"]}]},{"@type":"ImageObject","inLanguage":"fr-FR","@id":"https:\/\/culturesco.com\/index.php\/2019\/10\/23\/erwan-larher-pourquoi-les-hommes-fuient-le-nouveau-roman-d-un-rescape-du-bataclan\/#primaryimage","url":"https:\/\/i0.wp.com\/culturesco.com\/wp-content\/uploads\/2019\/10\/erwan-larher.jpg?fit=600%2C314&ssl=1","contentUrl":"https:\/\/i0.wp.com\/culturesco.com\/wp-content\/uploads\/2019\/10\/erwan-larher.jpg?fit=600%2C314&ssl=1","width":600,"height":314,"caption":"Erwan Larher - Pourquoi les hommes fuient"},{"@type":"BreadcrumbList","@id":"https:\/\/culturesco.com\/index.php\/2019\/10\/23\/erwan-larher-pourquoi-les-hommes-fuient-le-nouveau-roman-d-un-rescape-du-bataclan\/#breadcrumb","itemListElement":[{"@type":"ListItem","position":1,"name":"Accueil","item":"https:\/\/culturesco.com\/"},{"@type":"ListItem","position":2,"name":"Erwan Larher \u2013 Pourquoi les Hommes Fuient ?"}]},{"@type":"WebSite","@id":"https:\/\/culturesco.com\/#website","url":"https:\/\/culturesco.com\/","name":"Culturesco","description":"Culturesco | Un bon coup de pied dans ta Culture","publisher":{"@id":"https:\/\/culturesco.com\/#organization"},"potentialAction":[{"@type":"SearchAction","target":{"@type":"EntryPoint","urlTemplate":"https:\/\/culturesco.com\/?s={search_term_string}"},"query-input":{"@type":"PropertyValueSpecification","valueRequired":true,"valueName":"search_term_string"}}],"inLanguage":"fr-FR"},{"@type":"Organization","@id":"https:\/\/culturesco.com\/#organization","name":"CULTURESCO","url":"https:\/\/culturesco.com\/","logo":{"@type":"ImageObject","inLanguage":"fr-FR","@id":"https:\/\/culturesco.com\/#\/schema\/logo\/image\/","url":"https:\/\/i0.wp.com\/culturesco.com\/wp-content\/uploads\/2022\/04\/culturesco-logo-blanc250p.png?fit=250%2C250&ssl=1","contentUrl":"https:\/\/i0.wp.com\/culturesco.com\/wp-content\/uploads\/2022\/04\/culturesco-logo-blanc250p.png?fit=250%2C250&ssl=1","width":250,"height":250,"caption":"CULTURESCO"},"image":{"@id":"https:\/\/culturesco.com\/#\/schema\/logo\/image\/"},"sameAs":["https:\/\/www.facebook.com\/radioculturesco","https:\/\/x.com\/AugusteMarshal","https:\/\/www.instagram.com\/carotte_rock_culture\/","https:\/\/www.pinterest.fr\/augustemarshal\/","https:\/\/www.youtube.com\/channel\/UCiWLGffqWSXlNnfzp6YwwyQ"]},{"@type":"Person","@id":"https:\/\/culturesco.com\/#\/schema\/person\/c2ddd6724863f3bbd20a8278df0891f3","name":"Patrick Benard","image":{"@type":"ImageObject","inLanguage":"fr-FR","@id":"https:\/\/i0.wp.com\/culturesco.com\/wp-content\/uploads\/2019\/02\/patrick-benard-2.jpg?fit=90%2C96&ssl=1","url":"https:\/\/i0.wp.com\/culturesco.com\/wp-content\/uploads\/2019\/02\/patrick-benard-2.jpg?fit=90%2C96&ssl=1","contentUrl":"https:\/\/i0.wp.com\/culturesco.com\/wp-content\/uploads\/2019\/02\/patrick-benard-2.jpg?fit=90%2C96&ssl=1","caption":"Patrick Benard"},"description":"Ecrivain, chroniqueur, animateur radio, cr\u00e9ateur de la revue \u00ab Cin\u00e9manie \u00bb, autour du cin\u00e9ma dit d\u2019art et d\u2019essai, sp\u00e9cialiste du groupe The Cure, archiviste... 2020 : \"Le Post Rock\" essai sur le post rock de Mogwa\u00ef \u00e0 Godspeed You Black Emperor - Camion Blanc 2014 : \u00ab On the rocks \u2013le rock de 2007 \u00e0 2014 \u00bb chroniques livres et cd rocks, interviews \u2013Editions Vaillant 2010 : \u00ab Dans la T\u00eate de Robert Smith \u00bb, roman fiction autour de l\u2019histoire des Cure et de Robert Smith \u2013 Edilivres 2007 : \u00ab Chroniques Fr\u00e9n\u00e9tiques, une histoire intime du rock \u00bb, roman, prix Technikart. 2001 : \u00ab Les Iles du D\u00e9sert \u00bb, polar autour du rock \u2013 Editions Nykta","url":"https:\/\/culturesco.com\/index.php\/author\/patrick-benard89\/"}]}},"jetpack_featured_media_url":"https:\/\/i0.wp.com\/culturesco.com\/wp-content\/uploads\/2019\/10\/erwan-larher.jpg?fit=600%2C314&ssl=1","jetpack_likes_enabled":true,"jetpack_sharing_enabled":true,"jetpack_shortlink":"https:\/\/wp.me\/paz89I-2jK","_links":{"self":[{"href":"https:\/\/culturesco.com\/index.php\/wp-json\/wp\/v2\/posts\/8912","targetHints":{"allow":["GET"]}}],"collection":[{"href":"https:\/\/culturesco.com\/index.php\/wp-json\/wp\/v2\/posts"}],"about":[{"href":"https:\/\/culturesco.com\/index.php\/wp-json\/wp\/v2\/types\/post"}],"author":[{"embeddable":true,"href":"https:\/\/culturesco.com\/index.php\/wp-json\/wp\/v2\/users\/4"}],"replies":[{"embeddable":true,"href":"https:\/\/culturesco.com\/index.php\/wp-json\/wp\/v2\/comments?post=8912"}],"version-history":[{"count":0,"href":"https:\/\/culturesco.com\/index.php\/wp-json\/wp\/v2\/posts\/8912\/revisions"}],"wp:featuredmedia":[{"embeddable":true,"href":"https:\/\/culturesco.com\/index.php\/wp-json\/wp\/v2\/media\/8918"}],"wp:attachment":[{"href":"https:\/\/culturesco.com\/index.php\/wp-json\/wp\/v2\/media?parent=8912"}],"wp:term":[{"taxonomy":"category","embeddable":true,"href":"https:\/\/culturesco.com\/index.php\/wp-json\/wp\/v2\/categories?post=8912"},{"taxonomy":"post_tag","embeddable":true,"href":"https:\/\/culturesco.com\/index.php\/wp-json\/wp\/v2\/tags?post=8912"}],"curies":[{"name":"wp","href":"https:\/\/api.w.org\/{rel}","templated":true}]}}