{"id":8861,"date":"2019-10-15T23:07:27","date_gmt":"2019-10-15T21:07:27","guid":{"rendered":"https:\/\/culturesco.com\/?p=8861"},"modified":"2019-10-16T09:56:15","modified_gmt":"2019-10-16T07:56:15","slug":"manu-entre-deux-eaux-lhorizon-rock-francais-univers-musical-personnel","status":"publish","type":"post","link":"https:\/\/culturesco.com\/index.php\/2019\/10\/15\/manu-entre-deux-eaux-lhorizon-rock-francais-univers-musical-personnel\/","title":{"rendered":"MANU &#8211; Entre deux eaux &#8230; l&rsquo;Horizon"},"content":{"rendered":"<h2>Emmanuelle Monet : MANU<\/h2>\n<p style=\"text-align: justify;\">En<strong> 2005<\/strong>, apr\u00e8s qu\u2019un voile ait \u00e9t\u00e9 tir\u00e9 sur <a href=\"https:\/\/culturesco.com\/index.php\/2019\/10\/02\/dolly-ou-ne-pas-rester-sage-groupe-de-rock-francais-je-nveux-pas-rester-sage\/\" target=\"_blank\" rel=\"noopener noreferrer\"><strong>Dolly<\/strong><\/a>, pas une s\u00e9paration, une <strong>d\u00e9cision d\u2019absence<\/strong>, chacun suit son chemin \u2026<br \/>\nEn <strong>2019<\/strong>, Thierry Lacroix, batteur, semble faire partie d\u2019une association musicale : The Lords Of La Terri\u00e8re, promoteur de Surf Music. Nicolas Bonni\u00e8re exerce son art guitaristique chez <strong><a href=\"https:\/\/www.youtube.com\/watch?v=paEZk94ierk\" target=\"_blank\" rel=\"noopener noreferrer\">Eiffel<\/a><\/strong>, la Chose de Romain Humeau. <strong>Emmanuelle Monet <\/strong>\u2026 c\u2019est <strong>Manu<\/strong>.<\/p>\n<h3>MANU &#8211; Entre deux eaux<\/h3>\n<p><a href=\"https:\/\/i0.wp.com\/culturesco.com\/wp-content\/uploads\/2019\/10\/Entre-deux-eaux.jpg?ssl=1\"><img data-recalc-dims=\"1\" loading=\"lazy\" decoding=\"async\" class=\"aligncenter wp-image-8862\" src=\"https:\/\/i0.wp.com\/culturesco.com\/wp-content\/uploads\/2019\/10\/Entre-deux-eaux-300x140.jpg?resize=441%2C206&#038;ssl=1\" alt=\"Manu\" width=\"441\" height=\"206\" srcset=\"https:\/\/i0.wp.com\/culturesco.com\/wp-content\/uploads\/2019\/10\/Entre-deux-eaux.jpg?resize=300%2C140&amp;ssl=1 300w, https:\/\/i0.wp.com\/culturesco.com\/wp-content\/uploads\/2019\/10\/Entre-deux-eaux.jpg?resize=768%2C359&amp;ssl=1 768w, https:\/\/i0.wp.com\/culturesco.com\/wp-content\/uploads\/2019\/10\/Entre-deux-eaux.jpg?resize=696%2C326&amp;ssl=1 696w, https:\/\/i0.wp.com\/culturesco.com\/wp-content\/uploads\/2019\/10\/Entre-deux-eaux.jpg?resize=898%2C420&amp;ssl=1 898w, https:\/\/i0.wp.com\/culturesco.com\/wp-content\/uploads\/2019\/10\/Entre-deux-eaux.jpg?w=600&amp;ssl=1 600w\" sizes=\"auto, (max-width: 441px) 100vw, 441px\" \/><\/a><\/p>\n<p style=\"text-align: justify;\">A pr\u00e9sent sur son propre label : <strong>Tekini Records<\/strong>, <strong>Manu<\/strong> n\u2019a jamais cess\u00e9 d&rsquo;\u00e9riger bien haut les valeurs d\u2019une chanson fran\u00e7aise traditionnellement rock, porteuse de messages, de po\u00e9sie. En 2018, elle sort un album sous-titr\u00e9 \u00ab Vol. 1 \u00bb, sous-entendu premi\u00e8re fragrance d\u2019un plus ample parfum : \u00ab <strong>Entre deux eaux<\/strong> \u00bb (2018).<\/p>\n<p style=\"text-align: justify;\">Telle une peinture de son illustre homonyme, Melle Monet peaufine ses productions, note apr\u00e8s note, repasse ses chansons <strong>au filtre de l\u2019acoustique<\/strong> jusqu\u2019au refrain parfait. Les cordes d\u2019une harpe, d\u2019un violoncelle, d\u2019une contrebasse ou d\u2019une guitare rattrapent donc certains de ses anciens amours pour <strong>leur<\/strong>\u00a0<strong>donner un nouveau jour<\/strong>. Par place, l\u2019\u00e9clat de cet \u00e9tui visite respectueusement les assemblages d\u2019autrui.<\/p>\n<h3 style=\"text-align: justify;\">MANU &#8211; Goodbye (en public)<\/h3>\n<div class=\"youtube-embed\" data-video_id=\"kkf3QWnoaHQ\"><iframe loading=\"lazy\" title=\"#948 Manu - Goodbye (Session acoustique)\" width=\"696\" height=\"392\" src=\"https:\/\/www.youtube.com\/embed\/kkf3QWnoaHQ\" frameborder=\"0\" allow=\"accelerometer; autoplay; clipboard-write; encrypted-media; gyroscope; picture-in-picture; web-share\" referrerpolicy=\"strict-origin-when-cross-origin\" allowfullscreen><\/iframe><\/div>\n<p style=\"text-align: justify;\">Que ce soit en fran\u00e7ais, en japonais ou en anglais,<strong> la voix d\u2019Emmanuelle<\/strong> port\u00e9e par un souffle jusqu\u2019\u00e0 notre \u00e9coute, <strong>caresse des mots choisis<\/strong>. Pour qui ne l\u2019a jamais entendue, certaines de ses intonations \u00e9voquent Olivia Ruiz ou C\u0153ur de Pirate, l\u2019adjonction des archets ouvrant sur l\u2019album live : \u00ab <a href=\"https:\/\/www.youtube.com\/watch?v=uYgHlYhO90U\" target=\"_blank\" rel=\"noopener noreferrer\">Une nuit \u00e0 Versailles<\/a> \u00bb (2010), de Vanessa P.<\/p>\n<p style=\"text-align: justify;\"><strong>Une voix masculine s\u2019adjoint<\/strong> parfois en contrepoint, l\u2019encre de Chine, <strong>l\u2019ancre de vie<\/strong>. Alors, une certaine nostalgie \u00e9prise de r\u00e9el voyage par-del\u00e0 les courants musicaux, tutoie <strong>Carole King<\/strong> et son \u00ab <a href=\"https:\/\/www.youtube.com\/watch?v=SAqYzqHdXu8\" target=\"_blank\" rel=\"noopener noreferrer\">Tapestry<\/a> \u00bb (1971), approche <a href=\"https:\/\/culturesco.com\/index.php\/2019\/01\/03\/kate-bush-les-debuts-glorieux-d-une-ballerina-rock-de-babooshka-a-wuthering-heights\/\" target=\"_blank\" rel=\"noopener noreferrer\"><strong>Kate Bush<\/strong><\/a> dans sa <a href=\"https:\/\/www.youtube.com\/watch?v=VpMGWOAAKs4\" target=\"_blank\" rel=\"noopener noreferrer\">celtitude<\/a>, la BO de \u00ab Barry Lindon \u00bb par ses<a href=\"https:\/\/www.youtube.com\/watch?v=hey6skJYggo\" target=\"_blank\" rel=\"noopener noreferrer\"> traditionnels irlandais<\/a>.<\/p>\n<h3>Entre deux eaux (2018)<\/h3>\n<div class=\"youtube-embed\" data-video_id=\"kOLFh914MFE\"><iframe loading=\"lazy\" title=\"Entre deux eaux (Sitar Version)\" width=\"696\" height=\"522\" src=\"https:\/\/www.youtube.com\/embed\/kOLFh914MFE\" frameborder=\"0\" allow=\"accelerometer; autoplay; clipboard-write; encrypted-media; gyroscope; picture-in-picture; web-share\" referrerpolicy=\"strict-origin-when-cross-origin\" allowfullscreen><\/iframe><\/div>\n<p style=\"text-align: justify;\">Le final instrumental, quasi m\u00e9di\u00e9val, de ce titre \u00e9ponyme v\u00e9hicule une id\u00e9e, \u00e9trange association musicale dans l\u2019esprit des amateurs marqu\u00e9s par les 70\u2019s. Car ce sitar accrochant des arp\u00e8ges surfe sur une m\u00e9lodie \u00e0 la noirceur Sabbathienne, ou lorsque les sensations d\u00e9passent les partitions. \u00ab <em>Et comme vous ne voulez toujours pas rester sage, Manu, \u2026<\/em> \u00bb, c\u2019est le plaisir aux l\u00e8vres que <strong>nous la suivons<\/strong>.<\/p>\n<h3>MANU &#8211; L&rsquo;Horizon<\/h3>\n<p><a href=\"https:\/\/i0.wp.com\/culturesco.com\/wp-content\/uploads\/2019\/10\/Manu-LHorizon.jpg?ssl=1\"><img data-recalc-dims=\"1\" loading=\"lazy\" decoding=\"async\" class=\"aligncenter wp-image-8863\" src=\"https:\/\/i0.wp.com\/culturesco.com\/wp-content\/uploads\/2019\/10\/Manu-LHorizon.jpg?resize=461%2C183&#038;ssl=1\" alt=\"Manu\" width=\"461\" height=\"183\" srcset=\"https:\/\/i0.wp.com\/culturesco.com\/wp-content\/uploads\/2019\/10\/Manu-LHorizon.jpg?resize=300%2C119&amp;ssl=1 300w, https:\/\/i0.wp.com\/culturesco.com\/wp-content\/uploads\/2019\/10\/Manu-LHorizon.jpg?resize=768%2C306&amp;ssl=1 768w, https:\/\/i0.wp.com\/culturesco.com\/wp-content\/uploads\/2019\/10\/Manu-LHorizon.jpg?resize=696%2C277&amp;ssl=1 696w, https:\/\/i0.wp.com\/culturesco.com\/wp-content\/uploads\/2019\/10\/Manu-LHorizon.jpg?w=600&amp;ssl=1 600w\" sizes=\"auto, (max-width: 461px) 100vw, 461px\" \/><\/a><\/p>\n<p style=\"text-align: center;\">(Cr\u00e9dit photo : Bastien Bance)<\/p>\n<p style=\"text-align: justify;\">Si l\u2019album pr\u00e9c\u00e9dent favorisait l\u2019expression des bois et des cordes autour d\u2019une voix, \u00ab <strong>L\u2019Horizon<\/strong> \u00bb (2019) mobilise des \u00ab outils \u00bb de studio, des samples, <strong>le num\u00e9rique<\/strong> au b\u00e9n\u00e9fice d\u2019une <strong>proposition artistique plus complexe<\/strong>. Imperceptiblement, la voix s\u2019efface volontairement au profit de <strong>l\u2019exp\u00e9rimentation musicale<\/strong>. Ainsi, la r\u00e9interpr\u00e9tation de la chanson titre d\u2019\u00ab Entre deux eaux \u00bb commence-t-elle <a href=\"https:\/\/www.youtube.com\/watch?v=OwLP-6hZV-U\" target=\"_blank\" rel=\"noopener noreferrer\">Muse<\/a>-ik pour finir <a href=\"https:\/\/www.youtube.com\/watch?v=eKYGaEafv4g\" target=\"_blank\" rel=\"noopener noreferrer\">Zappa<\/a> Land. En mati\u00e8re de composition, <strong>Manu<\/strong> semble avoir abolie ses propres Lois. L\u2019acc\u00e8s direct aux m\u00e9lodies, laissant \u00e0 pr\u00e9sent l\u2019auditeur d\u00e9chiffrer ses nouveaux horizons.<\/p>\n<h3>Entre deux eaux (2019)<\/h3>\n<div class=\"youtube-embed\" data-video_id=\"jqmr23XUlJA\"><iframe loading=\"lazy\" title=\"Entre deux eaux\" width=\"696\" height=\"522\" src=\"https:\/\/www.youtube.com\/embed\/jqmr23XUlJA\" frameborder=\"0\" allow=\"accelerometer; autoplay; clipboard-write; encrypted-media; gyroscope; picture-in-picture; web-share\" referrerpolicy=\"strict-origin-when-cross-origin\" allowfullscreen><\/iframe><\/div>\n<p style=\"text-align: justify;\">Lorsque la basse se fait plus pr\u00e9sente, visc\u00e9rale, charnelle, le propos explore une <strong>new wave contemporaine,<\/strong> avec toujours ces effets sur la voix, brume de pudeur. The <a href=\"https:\/\/www.youtube.com\/watch?v=TC1Vfoq3PvU\" target=\"_blank\" rel=\"noopener noreferrer\">Flying Lizards<\/a>, <a href=\"https:\/\/www.youtube.com\/watch?v=tlIonLCnkg0\" target=\"_blank\" rel=\"noopener noreferrer\">Taxi Girl<\/a>, jusqu\u2019\u00e0 <a href=\"https:\/\/www.youtube.com\/watch?v=wJqMX1VeFsU\" target=\"_blank\" rel=\"noopener noreferrer\">Ministry<\/a> sont convoqu\u00e9s au fil des plages, vagues condimentant les <strong>compositions originales<\/strong>. Entre ces chansons, des <strong>interludes musicaux<\/strong> laissent place \u00e0 la nature, comme autant de messages <strong>venus du cosmo<\/strong>. Alors, Moebius, Bilal, Druillet dessinent des formes qui s\u2019assemblent aux notes. Puis, entre deux transes <a href=\"https:\/\/culturesco.com\/index.php\/2019\/06\/26\/siouxsie-and-the-banshees-4ieme-album-juju-avec-le-guitariste-john-mcgeoch-spellbound-arabian-knigths\/\" target=\"_blank\" rel=\"noopener noreferrer\">Siouxsie<\/a> \/ <a href=\"https:\/\/www.youtube.com\/watch?v=Qxqq5vahHKk\" target=\"_blank\" rel=\"noopener noreferrer\">Bauhaus<\/a>, <strong>le rock reprend ses droits<\/strong> \u2026<\/p>\n<h3>MANU &#8211; Mordre la poussi\u00e8re<\/h3>\n<div class=\"youtube-embed\" data-video_id=\"e3gJvS9w56M\"><iframe loading=\"lazy\" title=\"Mordre la poussi\u00e8re\" width=\"696\" height=\"522\" src=\"https:\/\/www.youtube.com\/embed\/e3gJvS9w56M\" frameborder=\"0\" allow=\"accelerometer; autoplay; clipboard-write; encrypted-media; gyroscope; picture-in-picture; web-share\" referrerpolicy=\"strict-origin-when-cross-origin\" allowfullscreen><\/iframe><\/div>\n<p>\u2026 poussant l\u2019audace jusqu\u2019\u00e0 sa derni\u00e8re r\u00e9bellion : <strong>le punk<\/strong>.<\/p>\n<h3>Nino<\/h3>\n<div class=\"youtube-embed\" data-video_id=\"AsanrvTB7Bg\"><iframe loading=\"lazy\" title=\"Nino\" width=\"696\" height=\"522\" src=\"https:\/\/www.youtube.com\/embed\/AsanrvTB7Bg\" frameborder=\"0\" allow=\"accelerometer; autoplay; clipboard-write; encrypted-media; gyroscope; picture-in-picture; web-share\" referrerpolicy=\"strict-origin-when-cross-origin\" allowfullscreen><\/iframe><\/div>\n<p style=\"text-align: justify;\">Avec \u00ab <strong>l\u2019Horizon<\/strong> \u00bb, <strong>Manu<\/strong> lib\u00e8re sa psych\u00e9, <strong>livre au public<\/strong> tout <strong>ce qu\u2019elle n\u2019a jamais os\u00e9<\/strong> dire, os\u00e9 <strong>communiquer<\/strong>. Pour \u00eatre sensible \u00e0 cet <strong>\u00e9lan de sinc\u00e9rit\u00e9<\/strong>, il ne faut pas afficher de pr\u00e9jug\u00e9s. Adepte de l\u2019al\u00e9atoire, de la transversalit\u00e9, roque tes habitudes car <strong>c\u2019est dans son enti\u00e8ret\u00e9 que cet album aime \u00e0 s\u2019entendre appr\u00e9ci\u00e9<\/strong>. Moteur de ressentis, ils ne sont pas si nombreux ceux capables d<strong>\u2019initier des images<\/strong> qui, tel lors d\u2019une performance, se meuvent lorsque le disque est rejou\u00e9.<\/p>\n<p style=\"text-align: justify;\">A bient\u00f4t, <strong>Manu<\/strong>, sur la route ou la platine. A pr\u00e9sent, <strong>le voile est lev\u00e9<\/strong>.<\/p>\n<p>Thierry Dauge<\/p>\n","protected":false},"excerpt":{"rendered":"<p>Emmanuelle Monet : MANU En 2005, apr\u00e8s qu\u2019un voile ait \u00e9t\u00e9 tir\u00e9 sur Dolly, pas une s\u00e9paration, une d\u00e9cision d\u2019absence, chacun suit son chemin \u2026 En 2019, Thierry Lacroix, batteur, semble faire partie d\u2019une association musicale : The Lords Of La Terri\u00e8re, promoteur de Surf Music. Nicolas Bonni\u00e8re exerce son art guitaristique chez Eiffel, la [&hellip;]<\/p>\n","protected":false},"author":3,"featured_media":8864,"comment_status":"open","ping_status":"closed","sticky":false,"template":"","format":"image","meta":{"jetpack_post_was_ever_published":false,"tdm_status":"","tdm_grid_status":"","_jetpack_newsletter_access":"","_jetpack_dont_email_post_to_subs":false,"_jetpack_newsletter_tier_id":0,"_jetpack_memberships_contains_paywalled_content":false,"_jetpack_memberships_contains_paid_content":false,"footnotes":""},"categories":[30,17],"tags":[51],"class_list":{"0":"post-8861","1":"post","2":"type-post","3":"status-publish","4":"format-image","5":"has-post-thumbnail","7":"category-albums-rock","8":"category-carotte-rock-cultures","9":"tag-rock-francais","10":"post_format-post-format-image"},"yoast_head":"<!-- This site is optimized with the Yoast SEO plugin v27.5 - https:\/\/yoast.com\/product\/yoast-seo-wordpress\/ -->\n<title>MANU - Entre deux eaux ... l&#039;Horizon - Culturesco Manu<\/title>\n<meta name=\"description\" content=\"CulturesCo | Manu alias Emmanuelle Monet, chanteuse de rock en fran\u00e7ais - num\u00e9rique sur l&#039;Horizon, acoustique sur Entre deux eaux\" \/>\n<meta name=\"robots\" content=\"index, follow, max-snippet:-1, max-image-preview:large, max-video-preview:-1\" \/>\n<link rel=\"canonical\" href=\"https:\/\/culturesco.com\/index.php\/2019\/10\/15\/manu-entre-deux-eaux-lhorizon-rock-francais-univers-musical-personnel\/\" \/>\n<meta property=\"og:locale\" content=\"fr_FR\" \/>\n<meta property=\"og:type\" content=\"article\" \/>\n<meta property=\"og:title\" content=\"MANU - Entre deux eaux ... l&#039;Horizon - Culturesco Manu\" \/>\n<meta property=\"og:description\" content=\"CulturesCo | Manu alias Emmanuelle Monet, chanteuse de rock en fran\u00e7ais - num\u00e9rique sur l&#039;Horizon, acoustique sur Entre deux eaux\" \/>\n<meta property=\"og:url\" content=\"https:\/\/culturesco.com\/index.php\/2019\/10\/15\/manu-entre-deux-eaux-lhorizon-rock-francais-univers-musical-personnel\/\" \/>\n<meta property=\"og:site_name\" content=\"Culturesco\" \/>\n<meta property=\"article:publisher\" content=\"https:\/\/www.facebook.com\/radioculturesco\" \/>\n<meta property=\"article:published_time\" content=\"2019-10-15T21:07:27+00:00\" \/>\n<meta property=\"article:modified_time\" content=\"2019-10-16T07:56:15+00:00\" \/>\n<meta property=\"og:image\" content=\"https:\/\/i2.wp.com\/culturesco.com\/wp-content\/uploads\/2019\/10\/Emmanuelle-Monet-Manu.jpg?fit=600%2C398&ssl=1\" \/>\n\t<meta property=\"og:image:width\" content=\"600\" \/>\n\t<meta property=\"og:image:height\" content=\"398\" \/>\n\t<meta property=\"og:image:type\" content=\"image\/jpeg\" \/>\n<meta name=\"author\" content=\"Thierry Dauge\" \/>\n<meta name=\"twitter:card\" content=\"summary_large_image\" \/>\n<meta name=\"twitter:creator\" content=\"@AugusteMarshal\" \/>\n<meta name=\"twitter:site\" content=\"@AugusteMarshal\" \/>\n<meta name=\"twitter:label1\" content=\"\u00c9crit par\" \/>\n\t<meta name=\"twitter:data1\" content=\"Thierry Dauge\" \/>\n\t<meta name=\"twitter:label2\" content=\"Dur\u00e9e de lecture estim\u00e9e\" \/>\n\t<meta name=\"twitter:data2\" content=\"4 minutes\" \/>\n<script type=\"application\/ld+json\" class=\"yoast-schema-graph\">{\"@context\":\"https:\\\/\\\/schema.org\",\"@graph\":[{\"@type\":\"Article\",\"@id\":\"https:\\\/\\\/culturesco.com\\\/index.php\\\/2019\\\/10\\\/15\\\/manu-entre-deux-eaux-lhorizon-rock-francais-univers-musical-personnel\\\/#article\",\"isPartOf\":{\"@id\":\"https:\\\/\\\/culturesco.com\\\/index.php\\\/2019\\\/10\\\/15\\\/manu-entre-deux-eaux-lhorizon-rock-francais-univers-musical-personnel\\\/\"},\"author\":{\"name\":\"Thierry Dauge\",\"@id\":\"https:\\\/\\\/culturesco.com\\\/#\\\/schema\\\/person\\\/19f04cf232d246197f6e7d62abe6cb0e\"},\"headline\":\"MANU &#8211; Entre deux eaux &#8230; l&rsquo;Horizon\",\"datePublished\":\"2019-10-15T21:07:27+00:00\",\"dateModified\":\"2019-10-16T07:56:15+00:00\",\"mainEntityOfPage\":{\"@id\":\"https:\\\/\\\/culturesco.com\\\/index.php\\\/2019\\\/10\\\/15\\\/manu-entre-deux-eaux-lhorizon-rock-francais-univers-musical-personnel\\\/\"},\"wordCount\":764,\"commentCount\":0,\"publisher\":{\"@id\":\"https:\\\/\\\/culturesco.com\\\/#organization\"},\"image\":{\"@id\":\"https:\\\/\\\/culturesco.com\\\/index.php\\\/2019\\\/10\\\/15\\\/manu-entre-deux-eaux-lhorizon-rock-francais-univers-musical-personnel\\\/#primaryimage\"},\"thumbnailUrl\":\"https:\\\/\\\/i0.wp.com\\\/culturesco.com\\\/wp-content\\\/uploads\\\/2019\\\/10\\\/Emmanuelle-Monet-Manu.jpg?fit=600%2C398&ssl=1\",\"keywords\":[\"Rock fran\u00e7ais\"],\"articleSection\":[\"Albums rock\",\"Carotte Rock Cultures\"],\"inLanguage\":\"fr-FR\",\"potentialAction\":[{\"@type\":\"CommentAction\",\"name\":\"Comment\",\"target\":[\"https:\\\/\\\/culturesco.com\\\/index.php\\\/2019\\\/10\\\/15\\\/manu-entre-deux-eaux-lhorizon-rock-francais-univers-musical-personnel\\\/#respond\"]}]},{\"@type\":\"WebPage\",\"@id\":\"https:\\\/\\\/culturesco.com\\\/index.php\\\/2019\\\/10\\\/15\\\/manu-entre-deux-eaux-lhorizon-rock-francais-univers-musical-personnel\\\/\",\"url\":\"https:\\\/\\\/culturesco.com\\\/index.php\\\/2019\\\/10\\\/15\\\/manu-entre-deux-eaux-lhorizon-rock-francais-univers-musical-personnel\\\/\",\"name\":\"MANU - Entre deux eaux ... l'Horizon - Culturesco Manu\",\"isPartOf\":{\"@id\":\"https:\\\/\\\/culturesco.com\\\/#website\"},\"primaryImageOfPage\":{\"@id\":\"https:\\\/\\\/culturesco.com\\\/index.php\\\/2019\\\/10\\\/15\\\/manu-entre-deux-eaux-lhorizon-rock-francais-univers-musical-personnel\\\/#primaryimage\"},\"image\":{\"@id\":\"https:\\\/\\\/culturesco.com\\\/index.php\\\/2019\\\/10\\\/15\\\/manu-entre-deux-eaux-lhorizon-rock-francais-univers-musical-personnel\\\/#primaryimage\"},\"thumbnailUrl\":\"https:\\\/\\\/i0.wp.com\\\/culturesco.com\\\/wp-content\\\/uploads\\\/2019\\\/10\\\/Emmanuelle-Monet-Manu.jpg?fit=600%2C398&ssl=1\",\"datePublished\":\"2019-10-15T21:07:27+00:00\",\"dateModified\":\"2019-10-16T07:56:15+00:00\",\"description\":\"CulturesCo | Manu alias Emmanuelle Monet, chanteuse de rock en fran\u00e7ais - num\u00e9rique sur l'Horizon, acoustique sur Entre deux eaux\",\"breadcrumb\":{\"@id\":\"https:\\\/\\\/culturesco.com\\\/index.php\\\/2019\\\/10\\\/15\\\/manu-entre-deux-eaux-lhorizon-rock-francais-univers-musical-personnel\\\/#breadcrumb\"},\"inLanguage\":\"fr-FR\",\"potentialAction\":[{\"@type\":\"ReadAction\",\"target\":[\"https:\\\/\\\/culturesco.com\\\/index.php\\\/2019\\\/10\\\/15\\\/manu-entre-deux-eaux-lhorizon-rock-francais-univers-musical-personnel\\\/\"]}]},{\"@type\":\"ImageObject\",\"inLanguage\":\"fr-FR\",\"@id\":\"https:\\\/\\\/culturesco.com\\\/index.php\\\/2019\\\/10\\\/15\\\/manu-entre-deux-eaux-lhorizon-rock-francais-univers-musical-personnel\\\/#primaryimage\",\"url\":\"https:\\\/\\\/i0.wp.com\\\/culturesco.com\\\/wp-content\\\/uploads\\\/2019\\\/10\\\/Emmanuelle-Monet-Manu.jpg?fit=600%2C398&ssl=1\",\"contentUrl\":\"https:\\\/\\\/i0.wp.com\\\/culturesco.com\\\/wp-content\\\/uploads\\\/2019\\\/10\\\/Emmanuelle-Monet-Manu.jpg?fit=600%2C398&ssl=1\",\"width\":600,\"height\":398},{\"@type\":\"BreadcrumbList\",\"@id\":\"https:\\\/\\\/culturesco.com\\\/index.php\\\/2019\\\/10\\\/15\\\/manu-entre-deux-eaux-lhorizon-rock-francais-univers-musical-personnel\\\/#breadcrumb\",\"itemListElement\":[{\"@type\":\"ListItem\",\"position\":1,\"name\":\"Accueil\",\"item\":\"https:\\\/\\\/culturesco.com\\\/\"},{\"@type\":\"ListItem\",\"position\":2,\"name\":\"MANU &#8211; Entre deux eaux &#8230; l&rsquo;Horizon\"}]},{\"@type\":\"WebSite\",\"@id\":\"https:\\\/\\\/culturesco.com\\\/#website\",\"url\":\"https:\\\/\\\/culturesco.com\\\/\",\"name\":\"Culturesco\",\"description\":\"Culturesco | Un bon coup de pied dans ta Culture\",\"publisher\":{\"@id\":\"https:\\\/\\\/culturesco.com\\\/#organization\"},\"potentialAction\":[{\"@type\":\"SearchAction\",\"target\":{\"@type\":\"EntryPoint\",\"urlTemplate\":\"https:\\\/\\\/culturesco.com\\\/?s={search_term_string}\"},\"query-input\":{\"@type\":\"PropertyValueSpecification\",\"valueRequired\":true,\"valueName\":\"search_term_string\"}}],\"inLanguage\":\"fr-FR\"},{\"@type\":\"Organization\",\"@id\":\"https:\\\/\\\/culturesco.com\\\/#organization\",\"name\":\"CULTURESCO\",\"url\":\"https:\\\/\\\/culturesco.com\\\/\",\"logo\":{\"@type\":\"ImageObject\",\"inLanguage\":\"fr-FR\",\"@id\":\"https:\\\/\\\/culturesco.com\\\/#\\\/schema\\\/logo\\\/image\\\/\",\"url\":\"https:\\\/\\\/i0.wp.com\\\/culturesco.com\\\/wp-content\\\/uploads\\\/2022\\\/04\\\/culturesco-logo-blanc250p.png?fit=250%2C250&ssl=1\",\"contentUrl\":\"https:\\\/\\\/i0.wp.com\\\/culturesco.com\\\/wp-content\\\/uploads\\\/2022\\\/04\\\/culturesco-logo-blanc250p.png?fit=250%2C250&ssl=1\",\"width\":250,\"height\":250,\"caption\":\"CULTURESCO\"},\"image\":{\"@id\":\"https:\\\/\\\/culturesco.com\\\/#\\\/schema\\\/logo\\\/image\\\/\"},\"sameAs\":[\"https:\\\/\\\/www.facebook.com\\\/radioculturesco\",\"https:\\\/\\\/x.com\\\/AugusteMarshal\",\"https:\\\/\\\/www.instagram.com\\\/carotte_rock_culture\\\/\",\"https:\\\/\\\/www.pinterest.fr\\\/augustemarshal\\\/\",\"https:\\\/\\\/www.youtube.com\\\/channel\\\/UCiWLGffqWSXlNnfzp6YwwyQ\"]},{\"@type\":\"Person\",\"@id\":\"https:\\\/\\\/culturesco.com\\\/#\\\/schema\\\/person\\\/19f04cf232d246197f6e7d62abe6cb0e\",\"name\":\"Thierry Dauge\",\"image\":{\"@type\":\"ImageObject\",\"inLanguage\":\"fr-FR\",\"@id\":\"https:\\\/\\\/i0.wp.com\\\/culturesco.com\\\/wp-content\\\/uploads\\\/2018\\\/12\\\/Black-Beauty-and-me.jpg?fit=96%2C96&ssl=1\",\"url\":\"https:\\\/\\\/i0.wp.com\\\/culturesco.com\\\/wp-content\\\/uploads\\\/2018\\\/12\\\/Black-Beauty-and-me.jpg?fit=96%2C96&ssl=1\",\"contentUrl\":\"https:\\\/\\\/i0.wp.com\\\/culturesco.com\\\/wp-content\\\/uploads\\\/2018\\\/12\\\/Black-Beauty-and-me.jpg?fit=96%2C96&ssl=1\",\"caption\":\"Thierry Dauge\"},\"description\":\"Amoureux des 70\u2019s et du hard rock en particulier, Thierry Dauge est chroniqueur sur Culturesco par amour de l\u2019\u00e9criture musicale. Co-auteur du livre\\\"Pop rock - Les instruments de l'ombre\\\" aux \u00e9ditions du Camion Blanc, collaborateur de Vivi pour \\\"Mes Ann\u00e9es Trust\\\", auteur de \\\"Sparks\\\" aux \u00e9ditions du Layeur, parce que le rock est loin d'\u00eatre mort ...\",\"url\":\"https:\\\/\\\/culturesco.com\\\/index.php\\\/author\\\/thierry-dauge888\\\/\"}]}<\/script>\n<!-- \/ Yoast SEO plugin. -->","yoast_head_json":{"title":"MANU - Entre deux eaux ... l'Horizon - Culturesco Manu","description":"CulturesCo | Manu alias Emmanuelle Monet, chanteuse de rock en fran\u00e7ais - num\u00e9rique sur l'Horizon, acoustique sur Entre deux eaux","robots":{"index":"index","follow":"follow","max-snippet":"max-snippet:-1","max-image-preview":"max-image-preview:large","max-video-preview":"max-video-preview:-1"},"canonical":"https:\/\/culturesco.com\/index.php\/2019\/10\/15\/manu-entre-deux-eaux-lhorizon-rock-francais-univers-musical-personnel\/","og_locale":"fr_FR","og_type":"article","og_title":"MANU - Entre deux eaux ... l'Horizon - Culturesco Manu","og_description":"CulturesCo | Manu alias Emmanuelle Monet, chanteuse de rock en fran\u00e7ais - num\u00e9rique sur l'Horizon, acoustique sur Entre deux eaux","og_url":"https:\/\/culturesco.com\/index.php\/2019\/10\/15\/manu-entre-deux-eaux-lhorizon-rock-francais-univers-musical-personnel\/","og_site_name":"Culturesco","article_publisher":"https:\/\/www.facebook.com\/radioculturesco","article_published_time":"2019-10-15T21:07:27+00:00","article_modified_time":"2019-10-16T07:56:15+00:00","og_image":[{"width":600,"height":398,"url":"https:\/\/i2.wp.com\/culturesco.com\/wp-content\/uploads\/2019\/10\/Emmanuelle-Monet-Manu.jpg?fit=600%2C398&ssl=1","type":"image\/jpeg"}],"author":"Thierry Dauge","twitter_card":"summary_large_image","twitter_creator":"@AugusteMarshal","twitter_site":"@AugusteMarshal","twitter_misc":{"\u00c9crit par":"Thierry Dauge","Dur\u00e9e de lecture estim\u00e9e":"4 minutes"},"schema":{"@context":"https:\/\/schema.org","@graph":[{"@type":"Article","@id":"https:\/\/culturesco.com\/index.php\/2019\/10\/15\/manu-entre-deux-eaux-lhorizon-rock-francais-univers-musical-personnel\/#article","isPartOf":{"@id":"https:\/\/culturesco.com\/index.php\/2019\/10\/15\/manu-entre-deux-eaux-lhorizon-rock-francais-univers-musical-personnel\/"},"author":{"name":"Thierry Dauge","@id":"https:\/\/culturesco.com\/#\/schema\/person\/19f04cf232d246197f6e7d62abe6cb0e"},"headline":"MANU &#8211; Entre deux eaux &#8230; l&rsquo;Horizon","datePublished":"2019-10-15T21:07:27+00:00","dateModified":"2019-10-16T07:56:15+00:00","mainEntityOfPage":{"@id":"https:\/\/culturesco.com\/index.php\/2019\/10\/15\/manu-entre-deux-eaux-lhorizon-rock-francais-univers-musical-personnel\/"},"wordCount":764,"commentCount":0,"publisher":{"@id":"https:\/\/culturesco.com\/#organization"},"image":{"@id":"https:\/\/culturesco.com\/index.php\/2019\/10\/15\/manu-entre-deux-eaux-lhorizon-rock-francais-univers-musical-personnel\/#primaryimage"},"thumbnailUrl":"https:\/\/i0.wp.com\/culturesco.com\/wp-content\/uploads\/2019\/10\/Emmanuelle-Monet-Manu.jpg?fit=600%2C398&ssl=1","keywords":["Rock fran\u00e7ais"],"articleSection":["Albums rock","Carotte Rock Cultures"],"inLanguage":"fr-FR","potentialAction":[{"@type":"CommentAction","name":"Comment","target":["https:\/\/culturesco.com\/index.php\/2019\/10\/15\/manu-entre-deux-eaux-lhorizon-rock-francais-univers-musical-personnel\/#respond"]}]},{"@type":"WebPage","@id":"https:\/\/culturesco.com\/index.php\/2019\/10\/15\/manu-entre-deux-eaux-lhorizon-rock-francais-univers-musical-personnel\/","url":"https:\/\/culturesco.com\/index.php\/2019\/10\/15\/manu-entre-deux-eaux-lhorizon-rock-francais-univers-musical-personnel\/","name":"MANU - Entre deux eaux ... l'Horizon - Culturesco Manu","isPartOf":{"@id":"https:\/\/culturesco.com\/#website"},"primaryImageOfPage":{"@id":"https:\/\/culturesco.com\/index.php\/2019\/10\/15\/manu-entre-deux-eaux-lhorizon-rock-francais-univers-musical-personnel\/#primaryimage"},"image":{"@id":"https:\/\/culturesco.com\/index.php\/2019\/10\/15\/manu-entre-deux-eaux-lhorizon-rock-francais-univers-musical-personnel\/#primaryimage"},"thumbnailUrl":"https:\/\/i0.wp.com\/culturesco.com\/wp-content\/uploads\/2019\/10\/Emmanuelle-Monet-Manu.jpg?fit=600%2C398&ssl=1","datePublished":"2019-10-15T21:07:27+00:00","dateModified":"2019-10-16T07:56:15+00:00","description":"CulturesCo | Manu alias Emmanuelle Monet, chanteuse de rock en fran\u00e7ais - num\u00e9rique sur l'Horizon, acoustique sur Entre deux eaux","breadcrumb":{"@id":"https:\/\/culturesco.com\/index.php\/2019\/10\/15\/manu-entre-deux-eaux-lhorizon-rock-francais-univers-musical-personnel\/#breadcrumb"},"inLanguage":"fr-FR","potentialAction":[{"@type":"ReadAction","target":["https:\/\/culturesco.com\/index.php\/2019\/10\/15\/manu-entre-deux-eaux-lhorizon-rock-francais-univers-musical-personnel\/"]}]},{"@type":"ImageObject","inLanguage":"fr-FR","@id":"https:\/\/culturesco.com\/index.php\/2019\/10\/15\/manu-entre-deux-eaux-lhorizon-rock-francais-univers-musical-personnel\/#primaryimage","url":"https:\/\/i0.wp.com\/culturesco.com\/wp-content\/uploads\/2019\/10\/Emmanuelle-Monet-Manu.jpg?fit=600%2C398&ssl=1","contentUrl":"https:\/\/i0.wp.com\/culturesco.com\/wp-content\/uploads\/2019\/10\/Emmanuelle-Monet-Manu.jpg?fit=600%2C398&ssl=1","width":600,"height":398},{"@type":"BreadcrumbList","@id":"https:\/\/culturesco.com\/index.php\/2019\/10\/15\/manu-entre-deux-eaux-lhorizon-rock-francais-univers-musical-personnel\/#breadcrumb","itemListElement":[{"@type":"ListItem","position":1,"name":"Accueil","item":"https:\/\/culturesco.com\/"},{"@type":"ListItem","position":2,"name":"MANU &#8211; Entre deux eaux &#8230; l&rsquo;Horizon"}]},{"@type":"WebSite","@id":"https:\/\/culturesco.com\/#website","url":"https:\/\/culturesco.com\/","name":"Culturesco","description":"Culturesco | Un bon coup de pied dans ta Culture","publisher":{"@id":"https:\/\/culturesco.com\/#organization"},"potentialAction":[{"@type":"SearchAction","target":{"@type":"EntryPoint","urlTemplate":"https:\/\/culturesco.com\/?s={search_term_string}"},"query-input":{"@type":"PropertyValueSpecification","valueRequired":true,"valueName":"search_term_string"}}],"inLanguage":"fr-FR"},{"@type":"Organization","@id":"https:\/\/culturesco.com\/#organization","name":"CULTURESCO","url":"https:\/\/culturesco.com\/","logo":{"@type":"ImageObject","inLanguage":"fr-FR","@id":"https:\/\/culturesco.com\/#\/schema\/logo\/image\/","url":"https:\/\/i0.wp.com\/culturesco.com\/wp-content\/uploads\/2022\/04\/culturesco-logo-blanc250p.png?fit=250%2C250&ssl=1","contentUrl":"https:\/\/i0.wp.com\/culturesco.com\/wp-content\/uploads\/2022\/04\/culturesco-logo-blanc250p.png?fit=250%2C250&ssl=1","width":250,"height":250,"caption":"CULTURESCO"},"image":{"@id":"https:\/\/culturesco.com\/#\/schema\/logo\/image\/"},"sameAs":["https:\/\/www.facebook.com\/radioculturesco","https:\/\/x.com\/AugusteMarshal","https:\/\/www.instagram.com\/carotte_rock_culture\/","https:\/\/www.pinterest.fr\/augustemarshal\/","https:\/\/www.youtube.com\/channel\/UCiWLGffqWSXlNnfzp6YwwyQ"]},{"@type":"Person","@id":"https:\/\/culturesco.com\/#\/schema\/person\/19f04cf232d246197f6e7d62abe6cb0e","name":"Thierry Dauge","image":{"@type":"ImageObject","inLanguage":"fr-FR","@id":"https:\/\/i0.wp.com\/culturesco.com\/wp-content\/uploads\/2018\/12\/Black-Beauty-and-me.jpg?fit=96%2C96&ssl=1","url":"https:\/\/i0.wp.com\/culturesco.com\/wp-content\/uploads\/2018\/12\/Black-Beauty-and-me.jpg?fit=96%2C96&ssl=1","contentUrl":"https:\/\/i0.wp.com\/culturesco.com\/wp-content\/uploads\/2018\/12\/Black-Beauty-and-me.jpg?fit=96%2C96&ssl=1","caption":"Thierry Dauge"},"description":"Amoureux des 70\u2019s et du hard rock en particulier, Thierry Dauge est chroniqueur sur Culturesco par amour de l\u2019\u00e9criture musicale. Co-auteur du livre\"Pop rock - Les instruments de l'ombre\" aux \u00e9ditions du Camion Blanc, collaborateur de Vivi pour \"Mes Ann\u00e9es Trust\", auteur de \"Sparks\" aux \u00e9ditions du Layeur, parce que le rock est loin d'\u00eatre mort ...","url":"https:\/\/culturesco.com\/index.php\/author\/thierry-dauge888\/"}]}},"jetpack_featured_media_url":"https:\/\/i0.wp.com\/culturesco.com\/wp-content\/uploads\/2019\/10\/Emmanuelle-Monet-Manu.jpg?fit=600%2C398&ssl=1","jetpack_likes_enabled":true,"jetpack_sharing_enabled":true,"jetpack_shortlink":"https:\/\/wp.me\/paz89I-2iV","_links":{"self":[{"href":"https:\/\/culturesco.com\/index.php\/wp-json\/wp\/v2\/posts\/8861","targetHints":{"allow":["GET"]}}],"collection":[{"href":"https:\/\/culturesco.com\/index.php\/wp-json\/wp\/v2\/posts"}],"about":[{"href":"https:\/\/culturesco.com\/index.php\/wp-json\/wp\/v2\/types\/post"}],"author":[{"embeddable":true,"href":"https:\/\/culturesco.com\/index.php\/wp-json\/wp\/v2\/users\/3"}],"replies":[{"embeddable":true,"href":"https:\/\/culturesco.com\/index.php\/wp-json\/wp\/v2\/comments?post=8861"}],"version-history":[{"count":0,"href":"https:\/\/culturesco.com\/index.php\/wp-json\/wp\/v2\/posts\/8861\/revisions"}],"wp:featuredmedia":[{"embeddable":true,"href":"https:\/\/culturesco.com\/index.php\/wp-json\/wp\/v2\/media\/8864"}],"wp:attachment":[{"href":"https:\/\/culturesco.com\/index.php\/wp-json\/wp\/v2\/media?parent=8861"}],"wp:term":[{"taxonomy":"category","embeddable":true,"href":"https:\/\/culturesco.com\/index.php\/wp-json\/wp\/v2\/categories?post=8861"},{"taxonomy":"post_tag","embeddable":true,"href":"https:\/\/culturesco.com\/index.php\/wp-json\/wp\/v2\/tags?post=8861"}],"curies":[{"name":"wp","href":"https:\/\/api.w.org\/{rel}","templated":true}]}}