{"id":8784,"date":"2019-10-09T23:53:36","date_gmt":"2019-10-09T21:53:36","guid":{"rendered":"https:\/\/culturesco.com\/?p=8784"},"modified":"2020-04-24T20:16:45","modified_gmt":"2020-04-24T18:16:45","slug":"la-feline-vie-future","status":"publish","type":"post","link":"https:\/\/culturesco.com\/index.php\/2019\/10\/09\/la-feline-vie-future\/","title":{"rendered":"La F\u00e9line &#8211; Vie Future"},"content":{"rendered":"<h2 style=\"text-align: justify;\"><em>Une R\u00e9f\u00e9rence \u00e0 la Science-Fiction<\/em><\/h2>\n<figure id=\"attachment_8785\" aria-describedby=\"caption-attachment-8785\" style=\"width: 296px\" class=\"wp-caption aligncenter\"><a href=\"https:\/\/i0.wp.com\/culturesco.com\/wp-content\/uploads\/2019\/10\/La-F%C3%A9line.jpeg?ssl=1\"><img data-recalc-dims=\"1\" loading=\"lazy\" decoding=\"async\" class=\"size-medium wp-image-8785\" src=\"https:\/\/i0.wp.com\/culturesco.com\/wp-content\/uploads\/2019\/10\/La-F%C3%A9line.jpeg?resize=296%2C300&#038;ssl=1\" alt=\"La F\u00e9line\" width=\"296\" height=\"300\" srcset=\"https:\/\/i0.wp.com\/culturesco.com\/wp-content\/uploads\/2019\/10\/La-F%C3%A9line.jpeg?resize=296%2C300&amp;ssl=1 296w, https:\/\/i0.wp.com\/culturesco.com\/wp-content\/uploads\/2019\/10\/La-F%C3%A9line.jpeg?resize=100%2C100&amp;ssl=1 100w, https:\/\/i0.wp.com\/culturesco.com\/wp-content\/uploads\/2019\/10\/La-F%C3%A9line.jpeg?resize=768%2C777&amp;ssl=1 768w, https:\/\/i0.wp.com\/culturesco.com\/wp-content\/uploads\/2019\/10\/La-F%C3%A9line.jpeg?resize=620%2C627&amp;ssl=1 620w, https:\/\/i0.wp.com\/culturesco.com\/wp-content\/uploads\/2019\/10\/La-F%C3%A9line.jpeg?resize=696%2C704&amp;ssl=1 696w, https:\/\/i0.wp.com\/culturesco.com\/wp-content\/uploads\/2019\/10\/La-F%C3%A9line.jpeg?resize=1068%2C1081&amp;ssl=1 1068w, https:\/\/i0.wp.com\/culturesco.com\/wp-content\/uploads\/2019\/10\/La-F%C3%A9line.jpeg?resize=415%2C420&amp;ssl=1 415w, https:\/\/i0.wp.com\/culturesco.com\/wp-content\/uploads\/2019\/10\/La-F%C3%A9line.jpeg?w=593&amp;ssl=1 593w\" sizes=\"auto, (max-width: 296px) 100vw, 296px\" \/><\/a><figcaption id=\"caption-attachment-8785\" class=\"wp-caption-text\">La F\u00e9line<\/figcaption><\/figure>\n<h3 style=\"text-align: justify;\"><em>Trilogie\u00a0Classique : la Vie, l\u2019Amour, la Mort<\/em><\/h3>\n<p style=\"text-align: justify;\"><strong>Agn\u00e8s Gayraud<\/strong>, alias <strong>La F\u00e9line<\/strong>, titre d\u2019un beau film de <strong>Jacques Tourneur<\/strong> avec <strong>Simone Simon <\/strong>dans les ann\u00e9es quarante du\u00a0si\u00e8cle dernier, envisage le futur comme une r\u00e9alit\u00e9 actuelle. Elle fait r\u00e9f\u00e9rence \u00e0 des auteurs de science-fiction remarquables comme<strong> Ray Bradbury<\/strong>. Son album voit donc une <em><strong>Vie Future<\/strong><\/em> comme une pr\u00e9sence r\u00e9elle actuelle. Elle utilise musicalement tout ce qui est possible comme effets. Mais pour le coup, \u00e7a vaut le d\u00e9tour. Il suffit d\u2019\u00e9couter les deux premiers titres qui nous entra\u00eenent l\u00e0 o\u00f9 elle veut nous emmener et on marche. <strong>\u00ab\u00a0Palmiers Sauvages\u00a0\u00bb<\/strong> et <strong>\u00ab\u00a0Effet de Nuit\u00a0\u00bb<\/strong> entament l\u2019album comme quelque chose de naturel, futuriste mais r\u00e9aliste.<\/p>\n<h3 style=\"text-align: justify;\"><em>La F\u00e9line &#8211; Palmiers Sauvages<\/em><\/h3>\n<div class=\"youtube-embed\" data-video_id=\"MDOGjqO8mRA\"><iframe loading=\"lazy\" title=\"La F\u00e9line - Palmiers Sauvages (Official Music Video)\" width=\"696\" height=\"392\" src=\"https:\/\/www.youtube.com\/embed\/MDOGjqO8mRA\" frameborder=\"0\" allow=\"accelerometer; autoplay; clipboard-write; encrypted-media; gyroscope; picture-in-picture; web-share\" referrerpolicy=\"strict-origin-when-cross-origin\" allowfullscreen><\/iframe><\/div>\n<p style=\"text-align: justify;\">Une anecdote belle et grave symbolise l\u2019ensemble\u00a0: un proche d\u2019Agn\u00e8s est sur le point de mourir tandis qu\u2019elle va mettre au monde son premier enfant.<\/p>\n<h3 style=\"text-align: justify;\"><em>La F\u00e9line &#8211; Effet de Nuit<\/em><\/h3>\n<div class=\"youtube-embed\" data-video_id=\"MuFNRe-cSNA\"><iframe loading=\"lazy\" title=\"Effet de nuit\" width=\"696\" height=\"522\" src=\"https:\/\/www.youtube.com\/embed\/MuFNRe-cSNA\" frameborder=\"0\" allow=\"accelerometer; autoplay; clipboard-write; encrypted-media; gyroscope; picture-in-picture; web-share\" referrerpolicy=\"strict-origin-when-cross-origin\" allowfullscreen><\/iframe><\/div>\n<p style=\"text-align: justify;\">Un cycle s\u2019\u00e9teint tandis qu\u2019un autre commence. Oui, bien s\u00fbr, on songe \u00e0 l\u2019ambitieux <em><strong>2001, l\u2019Odyss\u00e9e de l\u2019Espace<\/strong><\/em> \u00a0de <strong>Stanley Kubrick<\/strong>, \u00e9crit par <strong>Arthur C. Clarke<\/strong> dans les ann\u00e9es soixante. Et le fil de ses titres glissent vers l\u2019in\u00e9vitable trilogie\u00a0: la vie, l\u2019amour, la mort. Comme une ritournelle, belle, d\u00e9termin\u00e9e et m\u00e9lancolique.<\/p>\n<p style=\"text-align: justify;\"><strong>La F\u00e9line &#8211;\u00a0Vie Future<\/strong><\/p>\n<p style=\"text-align: justify;\">Kwaidan &#8211;\u00a0(Sortie le 11 octobre)<\/p>\n<p style=\"text-align: justify;\"><strong>Patrick B\u00e9nard<\/strong><\/p>\n","protected":false},"excerpt":{"rendered":"<p>Une R\u00e9f\u00e9rence \u00e0 la Science-Fiction Trilogie\u00a0Classique : la Vie, l\u2019Amour, la Mort Agn\u00e8s Gayraud, alias La F\u00e9line, titre d\u2019un beau film de Jacques Tourneur avec Simone Simon dans les ann\u00e9es quarante du\u00a0si\u00e8cle dernier, envisage le futur comme une r\u00e9alit\u00e9 actuelle. Elle fait r\u00e9f\u00e9rence \u00e0 des auteurs de science-fiction remarquables comme Ray Bradbury. Son album voit [&hellip;]<\/p>\n","protected":false},"author":4,"featured_media":8785,"comment_status":"open","ping_status":"closed","sticky":false,"template":"","format":"image","meta":{"jetpack_post_was_ever_published":false,"tdm_status":"","tdm_grid_status":"","_jetpack_newsletter_access":"","_jetpack_dont_email_post_to_subs":false,"_jetpack_newsletter_tier_id":0,"_jetpack_memberships_contains_paywalled_content":false,"_jetpack_memberships_contains_paid_content":false,"footnotes":""},"categories":[30,17],"tags":[37,40,4171],"class_list":{"0":"post-8784","1":"post","2":"type-post","3":"status-publish","4":"format-image","5":"has-post-thumbnail","7":"category-albums-rock","8":"category-carotte-rock-cultures","9":"tag-album-rock","10":"tag-chanson-francaise","11":"tag-pop-culture","12":"post_format-post-format-image"},"yoast_head":"<!-- This site is optimized with the Yoast SEO plugin v27.5 - https:\/\/yoast.com\/product\/yoast-seo-wordpress\/ -->\n<title>La F\u00e9line - Vie Future - Culturesco<\/title>\n<meta name=\"description\" content=\"CulturesCo | Un bon coup de pied dans ta Culture | Chroniques et histoire du Rock, chanson fran\u00e7aise, litt\u00e9rature, cin\u00e9ma et bande dessin\u00e9e.\" \/>\n<meta name=\"robots\" content=\"index, follow, max-snippet:-1, max-image-preview:large, max-video-preview:-1\" \/>\n<link rel=\"canonical\" href=\"https:\/\/culturesco.com\/index.php\/2019\/10\/09\/la-feline-vie-future\/\" \/>\n<meta property=\"og:locale\" content=\"fr_FR\" \/>\n<meta property=\"og:type\" content=\"article\" \/>\n<meta property=\"og:title\" content=\"La F\u00e9line - Vie Future - Culturesco\" \/>\n<meta property=\"og:description\" content=\"CulturesCo | Un bon coup de pied dans ta Culture | Chroniques et histoire du Rock, chanson fran\u00e7aise, litt\u00e9rature, cin\u00e9ma et bande dessin\u00e9e.\" \/>\n<meta property=\"og:url\" content=\"https:\/\/culturesco.com\/index.php\/2019\/10\/09\/la-feline-vie-future\/\" \/>\n<meta property=\"og:site_name\" content=\"Culturesco\" \/>\n<meta property=\"article:publisher\" content=\"https:\/\/www.facebook.com\/radioculturesco\" \/>\n<meta property=\"article:published_time\" content=\"2019-10-09T21:53:36+00:00\" \/>\n<meta property=\"article:modified_time\" content=\"2020-04-24T18:16:45+00:00\" \/>\n<meta property=\"og:image\" content=\"https:\/\/i0.wp.com\/culturesco.com\/wp-content\/uploads\/2019\/10\/La-F\u00e9line.jpeg?fit=593%2C600&ssl=1\" \/>\n\t<meta property=\"og:image:width\" content=\"593\" \/>\n\t<meta property=\"og:image:height\" content=\"600\" \/>\n\t<meta property=\"og:image:type\" content=\"image\/jpeg\" \/>\n<meta name=\"author\" content=\"Patrick Benard\" \/>\n<meta name=\"twitter:card\" content=\"summary_large_image\" \/>\n<meta name=\"twitter:creator\" content=\"@AugusteMarshal\" \/>\n<meta name=\"twitter:site\" content=\"@AugusteMarshal\" \/>\n<meta name=\"twitter:label1\" content=\"\u00c9crit par\" \/>\n\t<meta name=\"twitter:data1\" content=\"Patrick Benard\" \/>\n\t<meta name=\"twitter:label2\" content=\"Dur\u00e9e de lecture estim\u00e9e\" \/>\n\t<meta name=\"twitter:data2\" content=\"1 minute\" \/>\n<script type=\"application\/ld+json\" class=\"yoast-schema-graph\">{\"@context\":\"https:\\\/\\\/schema.org\",\"@graph\":[{\"@type\":\"Article\",\"@id\":\"https:\\\/\\\/culturesco.com\\\/index.php\\\/2019\\\/10\\\/09\\\/la-feline-vie-future\\\/#article\",\"isPartOf\":{\"@id\":\"https:\\\/\\\/culturesco.com\\\/index.php\\\/2019\\\/10\\\/09\\\/la-feline-vie-future\\\/\"},\"author\":{\"name\":\"Patrick Benard\",\"@id\":\"https:\\\/\\\/culturesco.com\\\/#\\\/schema\\\/person\\\/c2ddd6724863f3bbd20a8278df0891f3\"},\"headline\":\"La F\u00e9line &#8211; Vie Future\",\"datePublished\":\"2019-10-09T21:53:36+00:00\",\"dateModified\":\"2020-04-24T18:16:45+00:00\",\"mainEntityOfPage\":{\"@id\":\"https:\\\/\\\/culturesco.com\\\/index.php\\\/2019\\\/10\\\/09\\\/la-feline-vie-future\\\/\"},\"wordCount\":285,\"commentCount\":0,\"publisher\":{\"@id\":\"https:\\\/\\\/culturesco.com\\\/#organization\"},\"image\":{\"@id\":\"https:\\\/\\\/culturesco.com\\\/index.php\\\/2019\\\/10\\\/09\\\/la-feline-vie-future\\\/#primaryimage\"},\"thumbnailUrl\":\"https:\\\/\\\/i0.wp.com\\\/culturesco.com\\\/wp-content\\\/uploads\\\/2019\\\/10\\\/La-F%C3%A9line.jpeg?fit=593%2C600&ssl=1\",\"keywords\":[\"album rock\",\"chanson fran\u00e7aise\",\"Pop culture\"],\"articleSection\":[\"Albums rock\",\"Carotte Rock Cultures\"],\"inLanguage\":\"fr-FR\",\"potentialAction\":[{\"@type\":\"CommentAction\",\"name\":\"Comment\",\"target\":[\"https:\\\/\\\/culturesco.com\\\/index.php\\\/2019\\\/10\\\/09\\\/la-feline-vie-future\\\/#respond\"]}]},{\"@type\":\"WebPage\",\"@id\":\"https:\\\/\\\/culturesco.com\\\/index.php\\\/2019\\\/10\\\/09\\\/la-feline-vie-future\\\/\",\"url\":\"https:\\\/\\\/culturesco.com\\\/index.php\\\/2019\\\/10\\\/09\\\/la-feline-vie-future\\\/\",\"name\":\"La F\u00e9line - Vie Future - Culturesco\",\"isPartOf\":{\"@id\":\"https:\\\/\\\/culturesco.com\\\/#website\"},\"primaryImageOfPage\":{\"@id\":\"https:\\\/\\\/culturesco.com\\\/index.php\\\/2019\\\/10\\\/09\\\/la-feline-vie-future\\\/#primaryimage\"},\"image\":{\"@id\":\"https:\\\/\\\/culturesco.com\\\/index.php\\\/2019\\\/10\\\/09\\\/la-feline-vie-future\\\/#primaryimage\"},\"thumbnailUrl\":\"https:\\\/\\\/i0.wp.com\\\/culturesco.com\\\/wp-content\\\/uploads\\\/2019\\\/10\\\/La-F%C3%A9line.jpeg?fit=593%2C600&ssl=1\",\"datePublished\":\"2019-10-09T21:53:36+00:00\",\"dateModified\":\"2020-04-24T18:16:45+00:00\",\"description\":\"CulturesCo | Un bon coup de pied dans ta Culture | Chroniques et histoire du Rock, chanson fran\u00e7aise, litt\u00e9rature, cin\u00e9ma et bande dessin\u00e9e.\",\"breadcrumb\":{\"@id\":\"https:\\\/\\\/culturesco.com\\\/index.php\\\/2019\\\/10\\\/09\\\/la-feline-vie-future\\\/#breadcrumb\"},\"inLanguage\":\"fr-FR\",\"potentialAction\":[{\"@type\":\"ReadAction\",\"target\":[\"https:\\\/\\\/culturesco.com\\\/index.php\\\/2019\\\/10\\\/09\\\/la-feline-vie-future\\\/\"]}]},{\"@type\":\"ImageObject\",\"inLanguage\":\"fr-FR\",\"@id\":\"https:\\\/\\\/culturesco.com\\\/index.php\\\/2019\\\/10\\\/09\\\/la-feline-vie-future\\\/#primaryimage\",\"url\":\"https:\\\/\\\/i0.wp.com\\\/culturesco.com\\\/wp-content\\\/uploads\\\/2019\\\/10\\\/La-F%C3%A9line.jpeg?fit=593%2C600&ssl=1\",\"contentUrl\":\"https:\\\/\\\/i0.wp.com\\\/culturesco.com\\\/wp-content\\\/uploads\\\/2019\\\/10\\\/La-F%C3%A9line.jpeg?fit=593%2C600&ssl=1\",\"width\":593,\"height\":600,\"caption\":\"La F\u00e9line\"},{\"@type\":\"BreadcrumbList\",\"@id\":\"https:\\\/\\\/culturesco.com\\\/index.php\\\/2019\\\/10\\\/09\\\/la-feline-vie-future\\\/#breadcrumb\",\"itemListElement\":[{\"@type\":\"ListItem\",\"position\":1,\"name\":\"Accueil\",\"item\":\"https:\\\/\\\/culturesco.com\\\/\"},{\"@type\":\"ListItem\",\"position\":2,\"name\":\"La F\u00e9line &#8211; Vie Future\"}]},{\"@type\":\"WebSite\",\"@id\":\"https:\\\/\\\/culturesco.com\\\/#website\",\"url\":\"https:\\\/\\\/culturesco.com\\\/\",\"name\":\"Culturesco\",\"description\":\"Culturesco | Un bon coup de pied dans ta Culture\",\"publisher\":{\"@id\":\"https:\\\/\\\/culturesco.com\\\/#organization\"},\"potentialAction\":[{\"@type\":\"SearchAction\",\"target\":{\"@type\":\"EntryPoint\",\"urlTemplate\":\"https:\\\/\\\/culturesco.com\\\/?s={search_term_string}\"},\"query-input\":{\"@type\":\"PropertyValueSpecification\",\"valueRequired\":true,\"valueName\":\"search_term_string\"}}],\"inLanguage\":\"fr-FR\"},{\"@type\":\"Organization\",\"@id\":\"https:\\\/\\\/culturesco.com\\\/#organization\",\"name\":\"CULTURESCO\",\"url\":\"https:\\\/\\\/culturesco.com\\\/\",\"logo\":{\"@type\":\"ImageObject\",\"inLanguage\":\"fr-FR\",\"@id\":\"https:\\\/\\\/culturesco.com\\\/#\\\/schema\\\/logo\\\/image\\\/\",\"url\":\"https:\\\/\\\/i0.wp.com\\\/culturesco.com\\\/wp-content\\\/uploads\\\/2022\\\/04\\\/culturesco-logo-blanc250p.png?fit=250%2C250&ssl=1\",\"contentUrl\":\"https:\\\/\\\/i0.wp.com\\\/culturesco.com\\\/wp-content\\\/uploads\\\/2022\\\/04\\\/culturesco-logo-blanc250p.png?fit=250%2C250&ssl=1\",\"width\":250,\"height\":250,\"caption\":\"CULTURESCO\"},\"image\":{\"@id\":\"https:\\\/\\\/culturesco.com\\\/#\\\/schema\\\/logo\\\/image\\\/\"},\"sameAs\":[\"https:\\\/\\\/www.facebook.com\\\/radioculturesco\",\"https:\\\/\\\/x.com\\\/AugusteMarshal\",\"https:\\\/\\\/www.instagram.com\\\/carotte_rock_culture\\\/\",\"https:\\\/\\\/www.pinterest.fr\\\/augustemarshal\\\/\",\"https:\\\/\\\/www.youtube.com\\\/channel\\\/UCiWLGffqWSXlNnfzp6YwwyQ\"]},{\"@type\":\"Person\",\"@id\":\"https:\\\/\\\/culturesco.com\\\/#\\\/schema\\\/person\\\/c2ddd6724863f3bbd20a8278df0891f3\",\"name\":\"Patrick Benard\",\"image\":{\"@type\":\"ImageObject\",\"inLanguage\":\"fr-FR\",\"@id\":\"https:\\\/\\\/i0.wp.com\\\/culturesco.com\\\/wp-content\\\/uploads\\\/2019\\\/02\\\/patrick-benard-2.jpg?fit=90%2C96&ssl=1\",\"url\":\"https:\\\/\\\/i0.wp.com\\\/culturesco.com\\\/wp-content\\\/uploads\\\/2019\\\/02\\\/patrick-benard-2.jpg?fit=90%2C96&ssl=1\",\"contentUrl\":\"https:\\\/\\\/i0.wp.com\\\/culturesco.com\\\/wp-content\\\/uploads\\\/2019\\\/02\\\/patrick-benard-2.jpg?fit=90%2C96&ssl=1\",\"caption\":\"Patrick Benard\"},\"description\":\"Ecrivain, chroniqueur, animateur radio, cr\u00e9ateur de la revue \u00ab Cin\u00e9manie \u00bb, autour du cin\u00e9ma dit d\u2019art et d\u2019essai, sp\u00e9cialiste du groupe The Cure, archiviste... 2020 : \\\"Le Post Rock\\\" essai sur le post rock de Mogwa\u00ef \u00e0 Godspeed You Black Emperor - Camion Blanc 2014 : \u00ab On the rocks \u2013le rock de 2007 \u00e0 2014 \u00bb chroniques livres et cd rocks, interviews \u2013Editions Vaillant 2010 : \u00ab Dans la T\u00eate de Robert Smith \u00bb, roman fiction autour de l\u2019histoire des Cure et de Robert Smith \u2013 Edilivres 2007 : \u00ab Chroniques Fr\u00e9n\u00e9tiques, une histoire intime du rock \u00bb, roman, prix Technikart. 2001 : \u00ab Les Iles du D\u00e9sert \u00bb, polar autour du rock \u2013 Editions Nykta\",\"url\":\"https:\\\/\\\/culturesco.com\\\/index.php\\\/author\\\/patrick-benard89\\\/\"}]}<\/script>\n<!-- \/ Yoast SEO plugin. -->","yoast_head_json":{"title":"La F\u00e9line - Vie Future - Culturesco","description":"CulturesCo | Un bon coup de pied dans ta Culture | Chroniques et histoire du Rock, chanson fran\u00e7aise, litt\u00e9rature, cin\u00e9ma et bande dessin\u00e9e.","robots":{"index":"index","follow":"follow","max-snippet":"max-snippet:-1","max-image-preview":"max-image-preview:large","max-video-preview":"max-video-preview:-1"},"canonical":"https:\/\/culturesco.com\/index.php\/2019\/10\/09\/la-feline-vie-future\/","og_locale":"fr_FR","og_type":"article","og_title":"La F\u00e9line - Vie Future - Culturesco","og_description":"CulturesCo | Un bon coup de pied dans ta Culture | Chroniques et histoire du Rock, chanson fran\u00e7aise, litt\u00e9rature, cin\u00e9ma et bande dessin\u00e9e.","og_url":"https:\/\/culturesco.com\/index.php\/2019\/10\/09\/la-feline-vie-future\/","og_site_name":"Culturesco","article_publisher":"https:\/\/www.facebook.com\/radioculturesco","article_published_time":"2019-10-09T21:53:36+00:00","article_modified_time":"2020-04-24T18:16:45+00:00","og_image":[{"width":593,"height":600,"url":"https:\/\/i0.wp.com\/culturesco.com\/wp-content\/uploads\/2019\/10\/La-F\u00e9line.jpeg?fit=593%2C600&ssl=1","type":"image\/jpeg"}],"author":"Patrick Benard","twitter_card":"summary_large_image","twitter_creator":"@AugusteMarshal","twitter_site":"@AugusteMarshal","twitter_misc":{"\u00c9crit par":"Patrick Benard","Dur\u00e9e de lecture estim\u00e9e":"1 minute"},"schema":{"@context":"https:\/\/schema.org","@graph":[{"@type":"Article","@id":"https:\/\/culturesco.com\/index.php\/2019\/10\/09\/la-feline-vie-future\/#article","isPartOf":{"@id":"https:\/\/culturesco.com\/index.php\/2019\/10\/09\/la-feline-vie-future\/"},"author":{"name":"Patrick Benard","@id":"https:\/\/culturesco.com\/#\/schema\/person\/c2ddd6724863f3bbd20a8278df0891f3"},"headline":"La F\u00e9line &#8211; Vie Future","datePublished":"2019-10-09T21:53:36+00:00","dateModified":"2020-04-24T18:16:45+00:00","mainEntityOfPage":{"@id":"https:\/\/culturesco.com\/index.php\/2019\/10\/09\/la-feline-vie-future\/"},"wordCount":285,"commentCount":0,"publisher":{"@id":"https:\/\/culturesco.com\/#organization"},"image":{"@id":"https:\/\/culturesco.com\/index.php\/2019\/10\/09\/la-feline-vie-future\/#primaryimage"},"thumbnailUrl":"https:\/\/i0.wp.com\/culturesco.com\/wp-content\/uploads\/2019\/10\/La-F%C3%A9line.jpeg?fit=593%2C600&ssl=1","keywords":["album rock","chanson fran\u00e7aise","Pop culture"],"articleSection":["Albums rock","Carotte Rock Cultures"],"inLanguage":"fr-FR","potentialAction":[{"@type":"CommentAction","name":"Comment","target":["https:\/\/culturesco.com\/index.php\/2019\/10\/09\/la-feline-vie-future\/#respond"]}]},{"@type":"WebPage","@id":"https:\/\/culturesco.com\/index.php\/2019\/10\/09\/la-feline-vie-future\/","url":"https:\/\/culturesco.com\/index.php\/2019\/10\/09\/la-feline-vie-future\/","name":"La F\u00e9line - Vie Future - Culturesco","isPartOf":{"@id":"https:\/\/culturesco.com\/#website"},"primaryImageOfPage":{"@id":"https:\/\/culturesco.com\/index.php\/2019\/10\/09\/la-feline-vie-future\/#primaryimage"},"image":{"@id":"https:\/\/culturesco.com\/index.php\/2019\/10\/09\/la-feline-vie-future\/#primaryimage"},"thumbnailUrl":"https:\/\/i0.wp.com\/culturesco.com\/wp-content\/uploads\/2019\/10\/La-F%C3%A9line.jpeg?fit=593%2C600&ssl=1","datePublished":"2019-10-09T21:53:36+00:00","dateModified":"2020-04-24T18:16:45+00:00","description":"CulturesCo | Un bon coup de pied dans ta Culture | Chroniques et histoire du Rock, chanson fran\u00e7aise, litt\u00e9rature, cin\u00e9ma et bande dessin\u00e9e.","breadcrumb":{"@id":"https:\/\/culturesco.com\/index.php\/2019\/10\/09\/la-feline-vie-future\/#breadcrumb"},"inLanguage":"fr-FR","potentialAction":[{"@type":"ReadAction","target":["https:\/\/culturesco.com\/index.php\/2019\/10\/09\/la-feline-vie-future\/"]}]},{"@type":"ImageObject","inLanguage":"fr-FR","@id":"https:\/\/culturesco.com\/index.php\/2019\/10\/09\/la-feline-vie-future\/#primaryimage","url":"https:\/\/i0.wp.com\/culturesco.com\/wp-content\/uploads\/2019\/10\/La-F%C3%A9line.jpeg?fit=593%2C600&ssl=1","contentUrl":"https:\/\/i0.wp.com\/culturesco.com\/wp-content\/uploads\/2019\/10\/La-F%C3%A9line.jpeg?fit=593%2C600&ssl=1","width":593,"height":600,"caption":"La F\u00e9line"},{"@type":"BreadcrumbList","@id":"https:\/\/culturesco.com\/index.php\/2019\/10\/09\/la-feline-vie-future\/#breadcrumb","itemListElement":[{"@type":"ListItem","position":1,"name":"Accueil","item":"https:\/\/culturesco.com\/"},{"@type":"ListItem","position":2,"name":"La F\u00e9line &#8211; Vie Future"}]},{"@type":"WebSite","@id":"https:\/\/culturesco.com\/#website","url":"https:\/\/culturesco.com\/","name":"Culturesco","description":"Culturesco | Un bon coup de pied dans ta Culture","publisher":{"@id":"https:\/\/culturesco.com\/#organization"},"potentialAction":[{"@type":"SearchAction","target":{"@type":"EntryPoint","urlTemplate":"https:\/\/culturesco.com\/?s={search_term_string}"},"query-input":{"@type":"PropertyValueSpecification","valueRequired":true,"valueName":"search_term_string"}}],"inLanguage":"fr-FR"},{"@type":"Organization","@id":"https:\/\/culturesco.com\/#organization","name":"CULTURESCO","url":"https:\/\/culturesco.com\/","logo":{"@type":"ImageObject","inLanguage":"fr-FR","@id":"https:\/\/culturesco.com\/#\/schema\/logo\/image\/","url":"https:\/\/i0.wp.com\/culturesco.com\/wp-content\/uploads\/2022\/04\/culturesco-logo-blanc250p.png?fit=250%2C250&ssl=1","contentUrl":"https:\/\/i0.wp.com\/culturesco.com\/wp-content\/uploads\/2022\/04\/culturesco-logo-blanc250p.png?fit=250%2C250&ssl=1","width":250,"height":250,"caption":"CULTURESCO"},"image":{"@id":"https:\/\/culturesco.com\/#\/schema\/logo\/image\/"},"sameAs":["https:\/\/www.facebook.com\/radioculturesco","https:\/\/x.com\/AugusteMarshal","https:\/\/www.instagram.com\/carotte_rock_culture\/","https:\/\/www.pinterest.fr\/augustemarshal\/","https:\/\/www.youtube.com\/channel\/UCiWLGffqWSXlNnfzp6YwwyQ"]},{"@type":"Person","@id":"https:\/\/culturesco.com\/#\/schema\/person\/c2ddd6724863f3bbd20a8278df0891f3","name":"Patrick Benard","image":{"@type":"ImageObject","inLanguage":"fr-FR","@id":"https:\/\/i0.wp.com\/culturesco.com\/wp-content\/uploads\/2019\/02\/patrick-benard-2.jpg?fit=90%2C96&ssl=1","url":"https:\/\/i0.wp.com\/culturesco.com\/wp-content\/uploads\/2019\/02\/patrick-benard-2.jpg?fit=90%2C96&ssl=1","contentUrl":"https:\/\/i0.wp.com\/culturesco.com\/wp-content\/uploads\/2019\/02\/patrick-benard-2.jpg?fit=90%2C96&ssl=1","caption":"Patrick Benard"},"description":"Ecrivain, chroniqueur, animateur radio, cr\u00e9ateur de la revue \u00ab Cin\u00e9manie \u00bb, autour du cin\u00e9ma dit d\u2019art et d\u2019essai, sp\u00e9cialiste du groupe The Cure, archiviste... 2020 : \"Le Post Rock\" essai sur le post rock de Mogwa\u00ef \u00e0 Godspeed You Black Emperor - Camion Blanc 2014 : \u00ab On the rocks \u2013le rock de 2007 \u00e0 2014 \u00bb chroniques livres et cd rocks, interviews \u2013Editions Vaillant 2010 : \u00ab Dans la T\u00eate de Robert Smith \u00bb, roman fiction autour de l\u2019histoire des Cure et de Robert Smith \u2013 Edilivres 2007 : \u00ab Chroniques Fr\u00e9n\u00e9tiques, une histoire intime du rock \u00bb, roman, prix Technikart. 2001 : \u00ab Les Iles du D\u00e9sert \u00bb, polar autour du rock \u2013 Editions Nykta","url":"https:\/\/culturesco.com\/index.php\/author\/patrick-benard89\/"}]}},"jetpack_featured_media_url":"https:\/\/i0.wp.com\/culturesco.com\/wp-content\/uploads\/2019\/10\/La-F%C3%A9line.jpeg?fit=593%2C600&ssl=1","jetpack_likes_enabled":true,"jetpack_sharing_enabled":true,"jetpack_shortlink":"https:\/\/wp.me\/paz89I-2hG","_links":{"self":[{"href":"https:\/\/culturesco.com\/index.php\/wp-json\/wp\/v2\/posts\/8784","targetHints":{"allow":["GET"]}}],"collection":[{"href":"https:\/\/culturesco.com\/index.php\/wp-json\/wp\/v2\/posts"}],"about":[{"href":"https:\/\/culturesco.com\/index.php\/wp-json\/wp\/v2\/types\/post"}],"author":[{"embeddable":true,"href":"https:\/\/culturesco.com\/index.php\/wp-json\/wp\/v2\/users\/4"}],"replies":[{"embeddable":true,"href":"https:\/\/culturesco.com\/index.php\/wp-json\/wp\/v2\/comments?post=8784"}],"version-history":[{"count":0,"href":"https:\/\/culturesco.com\/index.php\/wp-json\/wp\/v2\/posts\/8784\/revisions"}],"wp:featuredmedia":[{"embeddable":true,"href":"https:\/\/culturesco.com\/index.php\/wp-json\/wp\/v2\/media\/8785"}],"wp:attachment":[{"href":"https:\/\/culturesco.com\/index.php\/wp-json\/wp\/v2\/media?parent=8784"}],"wp:term":[{"taxonomy":"category","embeddable":true,"href":"https:\/\/culturesco.com\/index.php\/wp-json\/wp\/v2\/categories?post=8784"},{"taxonomy":"post_tag","embeddable":true,"href":"https:\/\/culturesco.com\/index.php\/wp-json\/wp\/v2\/tags?post=8784"}],"curies":[{"name":"wp","href":"https:\/\/api.w.org\/{rel}","templated":true}]}}