{"id":8731,"date":"2019-10-04T22:05:40","date_gmt":"2019-10-04T20:05:40","guid":{"rendered":"https:\/\/culturesco.com\/?p=8731"},"modified":"2021-11-02T21:05:04","modified_gmt":"2021-11-02T20:05:04","slug":"rage-against-the-machine-elysee-montmartre-1993-premier-lp-fracassant","status":"publish","type":"post","link":"https:\/\/culturesco.com\/index.php\/2019\/10\/04\/rage-against-the-machine-elysee-montmartre-1993-premier-lp-fracassant\/","title":{"rendered":"RAGE AGAINST THE MACHINE &#8211; Elys\u00e9e Montmartre 1993"},"content":{"rendered":"<h2>RAGE AGAINST THE MACHINE &#8211; Un premier Lp essentiel<\/h2>\n<p><a href=\"https:\/\/i0.wp.com\/culturesco.com\/wp-content\/uploads\/2019\/10\/RATM-album-photo.jpg?ssl=1\"><img data-recalc-dims=\"1\" loading=\"lazy\" decoding=\"async\" class=\"aligncenter wp-image-8732\" src=\"https:\/\/i0.wp.com\/culturesco.com\/wp-content\/uploads\/2019\/10\/RATM-album-photo.jpg?resize=511%2C177&#038;ssl=1\" alt=\"Rage Against The Machine\" width=\"511\" height=\"177\" srcset=\"https:\/\/i0.wp.com\/culturesco.com\/wp-content\/uploads\/2019\/10\/RATM-album-photo.jpg?resize=300%2C104&amp;ssl=1 300w, https:\/\/i0.wp.com\/culturesco.com\/wp-content\/uploads\/2019\/10\/RATM-album-photo.jpg?w=600&amp;ssl=1 600w\" sizes=\"auto, (max-width: 511px) 100vw, 511px\" \/><\/a><\/p>\n<p style=\"text-align: justify;\">A la question : \u00ab <em>Qui a vu Rage Against The Machine en concert ?<\/em> \u00bb, toutes les mains se l\u00e8vent. A la question : \u00ab <strong><em>Qui a vu rage Against The Machine en concert en 1993 ?<\/em><\/strong> \u00bb, Il y a d\u00e9j\u00e0 moins de monde. Une <strong>exp\u00e9rience<\/strong> \u2026 comment la d\u00e9crire \u2026 \u00ab <strong>cuisante<\/strong> \u00bb. En musique, s\u2019il existe un <strong>essentiel<\/strong>, il <strong>\u00e9tait-l\u00e0<\/strong>.<\/p>\n<h3>Premier contact<\/h3>\n<p style=\"text-align: justify;\">\u00ab <em>Tu te souviens du <strong>premier contact<\/strong> ?<\/em><\/p>\n<p style=\"text-align: justify;\"><em>Tu es chez ton pote, une nuit parisienne, bordelaise, nantaise, lyonnaise, marseillaise, strasbourgeoise \u2026 quelque part en France. Tu \u00e9tires une fin de soir\u00e9e vers le d\u00e9but du jour lorsque \u00ab <strong>killing in the name<\/strong> \u00bb passe \u00e0 la radio. Alors, tel un gilet jaune, tes paupi\u00e8res alourdies par les exc\u00e8s se soul\u00e8vent. Malgr\u00e9 le faible volume et la qualit\u00e9 toute relative du mat\u00e9riel de diffusion, tes synapses se remplissent de neurotransmetteurs sans espoir de recapture ult\u00e9rieure. <strong>Cette musique cr\u00e9\u00e9e la d\u00e9pendance<\/strong> d\u00e8s la premi\u00e8re \u00e9coute, l\u2019incapacit\u00e9 \u00e0 se passer du produit, <strong>l\u2019addiction<\/strong>.<\/em><\/p>\n<h3>RAGE AGAINST THE MACHINE &#8211; Killing in the name<\/h3>\n<div class=\"youtube-embed\" data-video_id=\"bWXazVhlyxQ\"><iframe loading=\"lazy\" title=\"Rage Against The Machine - Killing In the Name (Official HD Video)\" width=\"696\" height=\"522\" src=\"https:\/\/www.youtube.com\/embed\/bWXazVhlyxQ\" frameborder=\"0\" allow=\"accelerometer; autoplay; clipboard-write; encrypted-media; gyroscope; picture-in-picture; web-share\" referrerpolicy=\"strict-origin-when-cross-origin\" allowfullscreen><\/iframe><\/div>\n<h3>Endoctrin\u00e9<\/h3>\n<p style=\"text-align: justify;\"><em>D\u00e8s le lendemain, <strong>endoctrin\u00e9<\/strong>, tu te pr\u00e9cipites chez ton disquaire pour te procurer le CD. Toi qui d\u00e9ifie les chants m\u00e9lodieux et ex\u00e8cre le rap, le slam et consorts, tombe en <strong>p\u00e2moison<\/strong>\u00a0devant ce <strong>screaming radical<\/strong>, incantations parfois r\u00e9p\u00e9titivement hurl\u00e9es, \u00e0 la limite du mantra, par <strong>Zack de la Rocha<\/strong>. M\u00eame le nom du coproducteur t\u2019\u00e9clabousse comme une r\u00e9gurgitation, une vomissure : Gggarth \u2026 ou <strong>une balle dans le t\u00eate<\/strong> \u00bb<\/em>.<\/p>\n<h3>Bullet in the head<\/h3>\n<div class=\"youtube-embed\" data-video_id=\"v5NeyI4-fdI\"><iframe loading=\"lazy\" title=\"rage against the machine - Bullet in the head\" width=\"696\" height=\"392\" src=\"https:\/\/www.youtube.com\/embed\/v5NeyI4-fdI\" frameborder=\"0\" allow=\"accelerometer; autoplay; clipboard-write; encrypted-media; gyroscope; picture-in-picture; web-share\" referrerpolicy=\"strict-origin-when-cross-origin\" allowfullscreen><\/iframe><\/div>\n<p style=\"text-align: justify;\">Des chansons aux <strong>rythmes pulsatiles et tribaux<\/strong> d\u00e9florent les boomers des enceintes. A ces gicl\u00e9es de basse\/batterie viennent se greffer les guitares de <strong>Tom Morello<\/strong>. Il ne s\u2019agit pas d\u2019un \u00ab guitar-h\u00e9ro \u00bb au sens propre du terme mais plut\u00f4t d\u2019un \u00ab <strong>ing\u00e9nieur du sonner guitaristique<\/strong> \u00bb. Son jeu r\u00e9sulte de la somme des bidouillages qu\u2019il organise entre ses doigts et l\u2019ensemble des boutons de r\u00e9glages de sa guitare. Les circuits \u00e9lectroniques trafiqu\u00e9s de l\u2019instrument font le reste. Lorsqu\u2019il l\u00e2che les watts, <strong>sa main droite scalpe les cordes<\/strong> dop\u00e9es au heavy rock. Cette technique tr\u00e8s personnelle l\u2019identifie \u00e0 vie comme <strong>guitariste de RATM<\/strong>.<\/p>\n<h3>RAGE AGAINST THE MACHINE &#8211; Know your enemy<\/h3>\n<div class=\"youtube-embed\" data-video_id=\"4smim2MNvF8\"><iframe loading=\"lazy\" title=\"Rage Against The Machine: Know Your Enemy\" width=\"696\" height=\"522\" src=\"https:\/\/www.youtube.com\/embed\/4smim2MNvF8\" frameborder=\"0\" allow=\"accelerometer; autoplay; clipboard-write; encrypted-media; gyroscope; picture-in-picture; web-share\" referrerpolicy=\"strict-origin-when-cross-origin\" allowfullscreen><\/iframe><\/div>\n<p style=\"text-align: justify;\">Quatuor d\u2019aurochs d\u00e9termin\u00e9s \u00e0 nous arracher la t\u00eate, <strong>ces types l\u00e0 en veulent \u00e0 nos vie<\/strong> comme la maladie de Crohn \u00e0 nos tripes. Pourtant, suite \u00e0 ce <strong>premier essai gagnant<\/strong>, il semble que la cr\u00e9ativit\u00e9 des musiciens se st\u00e9rilise, en berne. La gueule de bois qui suit est rude \u00e0 faire passer. Ne reste plus qu\u2019\u00e0 user des vieilles cires comme on grignote des vieux quignons de pain, jugeant que <strong>c\u2019est dans les cires ray\u00e9es qu\u2019on fricasse le meilleur rock<\/strong>. Et c\u2019est bien de \u00e7a dont<strong> le premier RATM<\/strong> rel\u00e8ve. <strong>Zack, Tom, Brad <\/strong>et<strong> Tim<\/strong> n\u2019en feront pas d\u2019autre comme celui-ci. Mais il <strong>vaut pour toute une vie<\/strong>.<\/p>\n<h3>Bombtrack<\/h3>\n<div class=\"youtube-embed\" data-video_id=\"MUaL1FnotRQ\"><iframe loading=\"lazy\" title=\"Rage Against The Machine - Bombtrack (Official Video)\" width=\"696\" height=\"522\" src=\"https:\/\/www.youtube.com\/embed\/MUaL1FnotRQ\" frameborder=\"0\" allow=\"accelerometer; autoplay; clipboard-write; encrypted-media; gyroscope; picture-in-picture; web-share\" referrerpolicy=\"strict-origin-when-cross-origin\" allowfullscreen><\/iframe><\/div>\n<p>En <strong>live<\/strong> ? \u00ab<strong><em> Fuck you I wont do what you tell me<\/em><\/strong> \u00bb !<\/p>\n<h3>En sc\u00e8ne<\/h3>\n<p><a href=\"https:\/\/i0.wp.com\/culturesco.com\/wp-content\/uploads\/2019\/10\/RATM-billets-de-concert.jpg?ssl=1\"><img data-recalc-dims=\"1\" loading=\"lazy\" decoding=\"async\" class=\"aligncenter wp-image-8733\" src=\"https:\/\/i0.wp.com\/culturesco.com\/wp-content\/uploads\/2019\/10\/RATM-billets-de-concert.jpg?resize=468%2C276&#038;ssl=1\" alt=\"Rage Against The Machine\" width=\"468\" height=\"276\" srcset=\"https:\/\/i0.wp.com\/culturesco.com\/wp-content\/uploads\/2019\/10\/RATM-billets-de-concert.jpg?resize=300%2C177&amp;ssl=1 300w, https:\/\/i0.wp.com\/culturesco.com\/wp-content\/uploads\/2019\/10\/RATM-billets-de-concert.jpg?w=573&amp;ssl=1 573w\" sizes=\"auto, (max-width: 468px) 100vw, 468px\" \/><\/a><\/p>\n<p style=\"text-align: justify;\">Le <strong>8 f\u00e9vrier 1993 \u00e0 l\u2019Elys\u00e9e Montmartre<\/strong>. A la fin de l\u2019ann\u00e9e pr\u00e9c\u00e9dente, le groupe est pass\u00e9 au m\u00eame endroit, mais en guest de <a href=\"https:\/\/www.youtube.com\/watch?v=nxcJW6bs5os\" target=\"_blank\" rel=\"noopener noreferrer\"><strong>Suicidal Tendencies<\/strong><\/a>. L\u00e0, il est en <strong>t\u00eate d\u2019affiche<\/strong> et <strong>jamais plus<\/strong> il ne reproduira un <strong>s\u00e9isme de cette ampleur<\/strong>.<\/p>\n<p style=\"text-align: justify;\">L\u2019auditoire ressort de la salle des <strong>br\u00fblures aux tympans<\/strong>, des <strong>cicatrices rituelles<\/strong> <strong>plein la m\u00e9moire<\/strong>. Quel concert \u00e0 venir pourra bien surpasser celui-ci ? Les yeux exorbit\u00e9s et les oreilles en choux fleur : l\u2019ensuite risque la fadeur. L\u2019antre de la Goulue s\u2019est fait <strong>poggoter de tous les c\u00f4t\u00e9s<\/strong>. Cheveux longs et cr\u00e2nes ras\u00e9s, cheveux bruns, blonds, roux et cheveux gris, les vieux et les n\u2019enfants (\u2018tention aux tympans !), filles et gar\u00e7ons, <strong>RATM live rallie<\/strong> \u00e0 sa cause <strong>toute les conditions humaines<\/strong>.<\/p>\n<h3>RAGE AGAINST THE MACHINE &#8211; Wake up (live)<\/h3>\n<div class=\"youtube-embed\" data-video_id=\"thQ8rpkY3Ps\"><iframe loading=\"lazy\" title=\"Rage Against the Machine - Wake Up | Live at Woodstock 99 (East Stage)\" width=\"696\" height=\"522\" src=\"https:\/\/www.youtube.com\/embed\/thQ8rpkY3Ps\" frameborder=\"0\" allow=\"accelerometer; autoplay; clipboard-write; encrypted-media; gyroscope; picture-in-picture; web-share\" referrerpolicy=\"strict-origin-when-cross-origin\" allowfullscreen><\/iframe><\/div>\n<p style=\"text-align: justify;\">Si les instruments insufflent un <strong>beat imparable<\/strong>, lorsque De La Rocha approche sa bouche du micro, <strong>la raison d\u00e9raisonne<\/strong>, s\u2019envole pour ne laisser g\u00e9sir que le cerveau reptilien, primitif. <strong>Hypnotique !<\/strong> Les pr\u00e9occupations du quotidien se dissolvent, qui s\u2019en souvient ? Ne reste que le <strong>pilonnement sourd travers\u00e9 d\u2019exhortations<\/strong>.<\/p>\n<p style=\"text-align: justify;\">S\u2019il est <strong>des concerts<\/strong> <strong>qui rythment les existences<\/strong> \u00e0 distance : <strong>AC\/DC<\/strong> au <a href=\"https:\/\/www.youtube.com\/watch?v=_wEWZ308Rog\" target=\"_blank\" rel=\"noopener noreferrer\">Pavillon de Paris en 1979<\/a>, <strong>Queen<\/strong> au <a href=\"https:\/\/www.youtube.com\/watch?v=cXoJDZ8wlJI\" target=\"_blank\" rel=\"noopener noreferrer\">m\u00eame endroit un an plus t\u00f4t<\/a>, <strong>Muse<\/strong> \u00e0 <a href=\"https:\/\/www.youtube.com\/watch?v=V-5N1oUtP8o\" target=\"_blank\" rel=\"noopener noreferrer\">Rock en Seine en 2004<\/a>, <strong>The Black Crowes<\/strong> \u00e0 la <a href=\"https:\/\/www.youtube.com\/watch?v=97mjxuLsd3Q\" target=\"_blank\" rel=\"noopener noreferrer\">Cigale en 2013<\/a> \u2026 et quelques autres, celui de <strong>Rage Against The Machine<\/strong>, ce soir-l\u00e0, tr\u00f4ne <strong>un cran au-dessus<\/strong> de ce postulat.<\/p>\n<h3 style=\"text-align: justify;\">Freedom (live)<\/h3>\n<div class=\"youtube-embed\" data-video_id=\"IoV1ln-0UFg\"><iframe loading=\"lazy\" title=\"Rage Against The Machine - Freedom @ Hultsfred 00\" width=\"696\" height=\"522\" src=\"https:\/\/www.youtube.com\/embed\/IoV1ln-0UFg\" frameborder=\"0\" allow=\"accelerometer; autoplay; clipboard-write; encrypted-media; gyroscope; picture-in-picture; web-share\" referrerpolicy=\"strict-origin-when-cross-origin\" allowfullscreen><\/iframe><\/div>\n<p style=\"text-align: justify;\">En <strong>2000 au Z\u00e9nith<\/strong> de Paris ou au<strong> Domaine de Saint-Cloud en 2008<\/strong>, le groupe assure, certes. Si, \u00e0 l\u2019issue, on peut se targuer d\u2019avoir vu live RATM, oser un poseur : \u00ab <em>J\u2019y \u00e9tais<\/em> \u00bb, para\u00eet bien t\u00e9m\u00e9raire.<\/p>\n<p style=\"text-align: justify;\">Par contre, <strong>Rage Against The Machine en concert le 8 f\u00e9vrier 1993 \u00e0 l\u2019Elys\u00e9e Montmartre<\/strong> m\u00e9rite sans conteste qu\u2019on l&rsquo;affirme : \u00ab <strong><em>J\u2019y \u00e9tais<\/em> <\/strong>\u00bb.<\/p>\n<p>Et <strong>on y est rest\u00e9<\/strong>.<\/p>\n<p>Thierry Dauge<\/p>\n","protected":false},"excerpt":{"rendered":"<p>RAGE AGAINST THE MACHINE &#8211; Un premier Lp essentiel A la question : \u00ab Qui a vu Rage Against The Machine en concert ? \u00bb, toutes les mains se l\u00e8vent. A la question : \u00ab Qui a vu rage Against The Machine en concert en 1993 ? \u00bb, Il y a d\u00e9j\u00e0 moins de monde. [&hellip;]<\/p>\n","protected":false},"author":3,"featured_media":15209,"comment_status":"open","ping_status":"closed","sticky":false,"template":"","format":"image","meta":{"jetpack_post_was_ever_published":false,"tdm_status":"","tdm_grid_status":"","_jetpack_newsletter_access":"","_jetpack_dont_email_post_to_subs":false,"_jetpack_newsletter_tier_id":0,"_jetpack_memberships_contains_paywalled_content":false,"_jetpack_memberships_contains_paid_content":false,"footnotes":""},"categories":[30,17,33],"tags":[58],"class_list":{"0":"post-8731","1":"post","2":"type-post","3":"status-publish","4":"format-image","5":"has-post-thumbnail","7":"category-albums-rock","8":"category-carotte-rock-cultures","9":"category-histoire-du-rock","10":"tag-histoire-du-rock","11":"post_format-post-format-image"},"yoast_head":"<!-- This site is optimized with the Yoast SEO plugin v27.5 - https:\/\/yoast.com\/product\/yoast-seo-wordpress\/ -->\n<title>RAGE AGAINST THE MACHINE - Elys\u00e9e Montmartre 1993 - Culturesco<\/title>\n<meta name=\"description\" content=\"CulturesCo | Rage Against The Machine - un premier album fracassant, un concert \u00e0 l&#039;Elys\u00e9e Montmartre en 1993 ahurissant-m\u00e9morable\" \/>\n<meta name=\"robots\" content=\"index, follow, max-snippet:-1, max-image-preview:large, max-video-preview:-1\" \/>\n<link rel=\"canonical\" href=\"https:\/\/culturesco.com\/index.php\/2019\/10\/04\/rage-against-the-machine-elysee-montmartre-1993-premier-lp-fracassant\/\" \/>\n<meta property=\"og:locale\" content=\"fr_FR\" \/>\n<meta property=\"og:type\" content=\"article\" \/>\n<meta property=\"og:title\" content=\"RAGE AGAINST THE MACHINE - Elys\u00e9e Montmartre 1993 - Culturesco\" \/>\n<meta property=\"og:description\" content=\"CulturesCo | Rage Against The Machine - un premier album fracassant, un concert \u00e0 l&#039;Elys\u00e9e Montmartre en 1993 ahurissant-m\u00e9morable\" \/>\n<meta property=\"og:url\" content=\"https:\/\/culturesco.com\/index.php\/2019\/10\/04\/rage-against-the-machine-elysee-montmartre-1993-premier-lp-fracassant\/\" \/>\n<meta property=\"og:site_name\" content=\"Culturesco\" \/>\n<meta property=\"article:publisher\" content=\"https:\/\/www.facebook.com\/radioculturesco\" \/>\n<meta property=\"article:published_time\" content=\"2019-10-04T20:05:40+00:00\" \/>\n<meta property=\"article:modified_time\" content=\"2021-11-02T20:05:04+00:00\" \/>\n<meta property=\"og:image\" content=\"https:\/\/i0.wp.com\/culturesco.com\/wp-content\/uploads\/2019\/10\/rage-against-the-machine.jpg?fit=512%2C341&ssl=1\" \/>\n\t<meta property=\"og:image:width\" content=\"512\" \/>\n\t<meta property=\"og:image:height\" content=\"341\" \/>\n\t<meta property=\"og:image:type\" content=\"image\/jpeg\" \/>\n<meta name=\"author\" content=\"Thierry Dauge\" \/>\n<meta name=\"twitter:card\" content=\"summary_large_image\" \/>\n<meta name=\"twitter:creator\" content=\"@AugusteMarshal\" \/>\n<meta name=\"twitter:site\" content=\"@AugusteMarshal\" \/>\n<meta name=\"twitter:label1\" content=\"\u00c9crit par\" \/>\n\t<meta name=\"twitter:data1\" content=\"Thierry Dauge\" \/>\n\t<meta name=\"twitter:label2\" content=\"Dur\u00e9e de lecture estim\u00e9e\" \/>\n\t<meta name=\"twitter:data2\" content=\"5 minutes\" \/>\n<script type=\"application\/ld+json\" class=\"yoast-schema-graph\">{\"@context\":\"https:\\\/\\\/schema.org\",\"@graph\":[{\"@type\":\"Article\",\"@id\":\"https:\\\/\\\/culturesco.com\\\/index.php\\\/2019\\\/10\\\/04\\\/rage-against-the-machine-elysee-montmartre-1993-premier-lp-fracassant\\\/#article\",\"isPartOf\":{\"@id\":\"https:\\\/\\\/culturesco.com\\\/index.php\\\/2019\\\/10\\\/04\\\/rage-against-the-machine-elysee-montmartre-1993-premier-lp-fracassant\\\/\"},\"author\":{\"name\":\"Thierry Dauge\",\"@id\":\"https:\\\/\\\/culturesco.com\\\/#\\\/schema\\\/person\\\/19f04cf232d246197f6e7d62abe6cb0e\"},\"headline\":\"RAGE AGAINST THE MACHINE &#8211; Elys\u00e9e Montmartre 1993\",\"datePublished\":\"2019-10-04T20:05:40+00:00\",\"dateModified\":\"2021-11-02T20:05:04+00:00\",\"mainEntityOfPage\":{\"@id\":\"https:\\\/\\\/culturesco.com\\\/index.php\\\/2019\\\/10\\\/04\\\/rage-against-the-machine-elysee-montmartre-1993-premier-lp-fracassant\\\/\"},\"wordCount\":919,\"commentCount\":0,\"publisher\":{\"@id\":\"https:\\\/\\\/culturesco.com\\\/#organization\"},\"image\":{\"@id\":\"https:\\\/\\\/culturesco.com\\\/index.php\\\/2019\\\/10\\\/04\\\/rage-against-the-machine-elysee-montmartre-1993-premier-lp-fracassant\\\/#primaryimage\"},\"thumbnailUrl\":\"https:\\\/\\\/i0.wp.com\\\/culturesco.com\\\/wp-content\\\/uploads\\\/2019\\\/10\\\/rage-against-the-machine.jpg?fit=512%2C341&ssl=1\",\"keywords\":[\"histoire du rock\"],\"articleSection\":[\"Albums rock\",\"Carotte Rock Cultures\",\"Histoire du rock\"],\"inLanguage\":\"fr-FR\",\"potentialAction\":[{\"@type\":\"CommentAction\",\"name\":\"Comment\",\"target\":[\"https:\\\/\\\/culturesco.com\\\/index.php\\\/2019\\\/10\\\/04\\\/rage-against-the-machine-elysee-montmartre-1993-premier-lp-fracassant\\\/#respond\"]}]},{\"@type\":\"WebPage\",\"@id\":\"https:\\\/\\\/culturesco.com\\\/index.php\\\/2019\\\/10\\\/04\\\/rage-against-the-machine-elysee-montmartre-1993-premier-lp-fracassant\\\/\",\"url\":\"https:\\\/\\\/culturesco.com\\\/index.php\\\/2019\\\/10\\\/04\\\/rage-against-the-machine-elysee-montmartre-1993-premier-lp-fracassant\\\/\",\"name\":\"RAGE AGAINST THE MACHINE - Elys\u00e9e Montmartre 1993 - Culturesco\",\"isPartOf\":{\"@id\":\"https:\\\/\\\/culturesco.com\\\/#website\"},\"primaryImageOfPage\":{\"@id\":\"https:\\\/\\\/culturesco.com\\\/index.php\\\/2019\\\/10\\\/04\\\/rage-against-the-machine-elysee-montmartre-1993-premier-lp-fracassant\\\/#primaryimage\"},\"image\":{\"@id\":\"https:\\\/\\\/culturesco.com\\\/index.php\\\/2019\\\/10\\\/04\\\/rage-against-the-machine-elysee-montmartre-1993-premier-lp-fracassant\\\/#primaryimage\"},\"thumbnailUrl\":\"https:\\\/\\\/i0.wp.com\\\/culturesco.com\\\/wp-content\\\/uploads\\\/2019\\\/10\\\/rage-against-the-machine.jpg?fit=512%2C341&ssl=1\",\"datePublished\":\"2019-10-04T20:05:40+00:00\",\"dateModified\":\"2021-11-02T20:05:04+00:00\",\"description\":\"CulturesCo | Rage Against The Machine - un premier album fracassant, un concert \u00e0 l'Elys\u00e9e Montmartre en 1993 ahurissant-m\u00e9morable\",\"breadcrumb\":{\"@id\":\"https:\\\/\\\/culturesco.com\\\/index.php\\\/2019\\\/10\\\/04\\\/rage-against-the-machine-elysee-montmartre-1993-premier-lp-fracassant\\\/#breadcrumb\"},\"inLanguage\":\"fr-FR\",\"potentialAction\":[{\"@type\":\"ReadAction\",\"target\":[\"https:\\\/\\\/culturesco.com\\\/index.php\\\/2019\\\/10\\\/04\\\/rage-against-the-machine-elysee-montmartre-1993-premier-lp-fracassant\\\/\"]}]},{\"@type\":\"ImageObject\",\"inLanguage\":\"fr-FR\",\"@id\":\"https:\\\/\\\/culturesco.com\\\/index.php\\\/2019\\\/10\\\/04\\\/rage-against-the-machine-elysee-montmartre-1993-premier-lp-fracassant\\\/#primaryimage\",\"url\":\"https:\\\/\\\/i0.wp.com\\\/culturesco.com\\\/wp-content\\\/uploads\\\/2019\\\/10\\\/rage-against-the-machine.jpg?fit=512%2C341&ssl=1\",\"contentUrl\":\"https:\\\/\\\/i0.wp.com\\\/culturesco.com\\\/wp-content\\\/uploads\\\/2019\\\/10\\\/rage-against-the-machine.jpg?fit=512%2C341&ssl=1\",\"width\":512,\"height\":341,\"caption\":\"Rage Against the Machine photo Malcolm Browne\"},{\"@type\":\"BreadcrumbList\",\"@id\":\"https:\\\/\\\/culturesco.com\\\/index.php\\\/2019\\\/10\\\/04\\\/rage-against-the-machine-elysee-montmartre-1993-premier-lp-fracassant\\\/#breadcrumb\",\"itemListElement\":[{\"@type\":\"ListItem\",\"position\":1,\"name\":\"Accueil\",\"item\":\"https:\\\/\\\/culturesco.com\\\/\"},{\"@type\":\"ListItem\",\"position\":2,\"name\":\"RAGE AGAINST THE MACHINE &#8211; Elys\u00e9e Montmartre 1993\"}]},{\"@type\":\"WebSite\",\"@id\":\"https:\\\/\\\/culturesco.com\\\/#website\",\"url\":\"https:\\\/\\\/culturesco.com\\\/\",\"name\":\"Culturesco\",\"description\":\"Culturesco | Un bon coup de pied dans ta Culture\",\"publisher\":{\"@id\":\"https:\\\/\\\/culturesco.com\\\/#organization\"},\"potentialAction\":[{\"@type\":\"SearchAction\",\"target\":{\"@type\":\"EntryPoint\",\"urlTemplate\":\"https:\\\/\\\/culturesco.com\\\/?s={search_term_string}\"},\"query-input\":{\"@type\":\"PropertyValueSpecification\",\"valueRequired\":true,\"valueName\":\"search_term_string\"}}],\"inLanguage\":\"fr-FR\"},{\"@type\":\"Organization\",\"@id\":\"https:\\\/\\\/culturesco.com\\\/#organization\",\"name\":\"CULTURESCO\",\"url\":\"https:\\\/\\\/culturesco.com\\\/\",\"logo\":{\"@type\":\"ImageObject\",\"inLanguage\":\"fr-FR\",\"@id\":\"https:\\\/\\\/culturesco.com\\\/#\\\/schema\\\/logo\\\/image\\\/\",\"url\":\"https:\\\/\\\/i0.wp.com\\\/culturesco.com\\\/wp-content\\\/uploads\\\/2022\\\/04\\\/culturesco-logo-blanc250p.png?fit=250%2C250&ssl=1\",\"contentUrl\":\"https:\\\/\\\/i0.wp.com\\\/culturesco.com\\\/wp-content\\\/uploads\\\/2022\\\/04\\\/culturesco-logo-blanc250p.png?fit=250%2C250&ssl=1\",\"width\":250,\"height\":250,\"caption\":\"CULTURESCO\"},\"image\":{\"@id\":\"https:\\\/\\\/culturesco.com\\\/#\\\/schema\\\/logo\\\/image\\\/\"},\"sameAs\":[\"https:\\\/\\\/www.facebook.com\\\/radioculturesco\",\"https:\\\/\\\/x.com\\\/AugusteMarshal\",\"https:\\\/\\\/www.instagram.com\\\/carotte_rock_culture\\\/\",\"https:\\\/\\\/www.pinterest.fr\\\/augustemarshal\\\/\",\"https:\\\/\\\/www.youtube.com\\\/channel\\\/UCiWLGffqWSXlNnfzp6YwwyQ\"]},{\"@type\":\"Person\",\"@id\":\"https:\\\/\\\/culturesco.com\\\/#\\\/schema\\\/person\\\/19f04cf232d246197f6e7d62abe6cb0e\",\"name\":\"Thierry Dauge\",\"image\":{\"@type\":\"ImageObject\",\"inLanguage\":\"fr-FR\",\"@id\":\"https:\\\/\\\/i0.wp.com\\\/culturesco.com\\\/wp-content\\\/uploads\\\/2018\\\/12\\\/Black-Beauty-and-me.jpg?fit=96%2C96&ssl=1\",\"url\":\"https:\\\/\\\/i0.wp.com\\\/culturesco.com\\\/wp-content\\\/uploads\\\/2018\\\/12\\\/Black-Beauty-and-me.jpg?fit=96%2C96&ssl=1\",\"contentUrl\":\"https:\\\/\\\/i0.wp.com\\\/culturesco.com\\\/wp-content\\\/uploads\\\/2018\\\/12\\\/Black-Beauty-and-me.jpg?fit=96%2C96&ssl=1\",\"caption\":\"Thierry Dauge\"},\"description\":\"Amoureux des 70\u2019s et du hard rock en particulier, Thierry Dauge est chroniqueur sur Culturesco par amour de l\u2019\u00e9criture musicale. Co-auteur du livre\\\"Pop rock - Les instruments de l'ombre\\\" aux \u00e9ditions du Camion Blanc, collaborateur de Vivi pour \\\"Mes Ann\u00e9es Trust\\\", auteur de \\\"Sparks\\\" aux \u00e9ditions du Layeur, parce que le rock est loin d'\u00eatre mort ...\",\"url\":\"https:\\\/\\\/culturesco.com\\\/index.php\\\/author\\\/thierry-dauge888\\\/\"}]}<\/script>\n<!-- \/ Yoast SEO plugin. -->","yoast_head_json":{"title":"RAGE AGAINST THE MACHINE - Elys\u00e9e Montmartre 1993 - Culturesco","description":"CulturesCo | Rage Against The Machine - un premier album fracassant, un concert \u00e0 l'Elys\u00e9e Montmartre en 1993 ahurissant-m\u00e9morable","robots":{"index":"index","follow":"follow","max-snippet":"max-snippet:-1","max-image-preview":"max-image-preview:large","max-video-preview":"max-video-preview:-1"},"canonical":"https:\/\/culturesco.com\/index.php\/2019\/10\/04\/rage-against-the-machine-elysee-montmartre-1993-premier-lp-fracassant\/","og_locale":"fr_FR","og_type":"article","og_title":"RAGE AGAINST THE MACHINE - Elys\u00e9e Montmartre 1993 - Culturesco","og_description":"CulturesCo | Rage Against The Machine - un premier album fracassant, un concert \u00e0 l'Elys\u00e9e Montmartre en 1993 ahurissant-m\u00e9morable","og_url":"https:\/\/culturesco.com\/index.php\/2019\/10\/04\/rage-against-the-machine-elysee-montmartre-1993-premier-lp-fracassant\/","og_site_name":"Culturesco","article_publisher":"https:\/\/www.facebook.com\/radioculturesco","article_published_time":"2019-10-04T20:05:40+00:00","article_modified_time":"2021-11-02T20:05:04+00:00","og_image":[{"width":512,"height":341,"url":"https:\/\/i0.wp.com\/culturesco.com\/wp-content\/uploads\/2019\/10\/rage-against-the-machine.jpg?fit=512%2C341&ssl=1","type":"image\/jpeg"}],"author":"Thierry Dauge","twitter_card":"summary_large_image","twitter_creator":"@AugusteMarshal","twitter_site":"@AugusteMarshal","twitter_misc":{"\u00c9crit par":"Thierry Dauge","Dur\u00e9e de lecture estim\u00e9e":"5 minutes"},"schema":{"@context":"https:\/\/schema.org","@graph":[{"@type":"Article","@id":"https:\/\/culturesco.com\/index.php\/2019\/10\/04\/rage-against-the-machine-elysee-montmartre-1993-premier-lp-fracassant\/#article","isPartOf":{"@id":"https:\/\/culturesco.com\/index.php\/2019\/10\/04\/rage-against-the-machine-elysee-montmartre-1993-premier-lp-fracassant\/"},"author":{"name":"Thierry Dauge","@id":"https:\/\/culturesco.com\/#\/schema\/person\/19f04cf232d246197f6e7d62abe6cb0e"},"headline":"RAGE AGAINST THE MACHINE &#8211; Elys\u00e9e Montmartre 1993","datePublished":"2019-10-04T20:05:40+00:00","dateModified":"2021-11-02T20:05:04+00:00","mainEntityOfPage":{"@id":"https:\/\/culturesco.com\/index.php\/2019\/10\/04\/rage-against-the-machine-elysee-montmartre-1993-premier-lp-fracassant\/"},"wordCount":919,"commentCount":0,"publisher":{"@id":"https:\/\/culturesco.com\/#organization"},"image":{"@id":"https:\/\/culturesco.com\/index.php\/2019\/10\/04\/rage-against-the-machine-elysee-montmartre-1993-premier-lp-fracassant\/#primaryimage"},"thumbnailUrl":"https:\/\/i0.wp.com\/culturesco.com\/wp-content\/uploads\/2019\/10\/rage-against-the-machine.jpg?fit=512%2C341&ssl=1","keywords":["histoire du rock"],"articleSection":["Albums rock","Carotte Rock Cultures","Histoire du rock"],"inLanguage":"fr-FR","potentialAction":[{"@type":"CommentAction","name":"Comment","target":["https:\/\/culturesco.com\/index.php\/2019\/10\/04\/rage-against-the-machine-elysee-montmartre-1993-premier-lp-fracassant\/#respond"]}]},{"@type":"WebPage","@id":"https:\/\/culturesco.com\/index.php\/2019\/10\/04\/rage-against-the-machine-elysee-montmartre-1993-premier-lp-fracassant\/","url":"https:\/\/culturesco.com\/index.php\/2019\/10\/04\/rage-against-the-machine-elysee-montmartre-1993-premier-lp-fracassant\/","name":"RAGE AGAINST THE MACHINE - Elys\u00e9e Montmartre 1993 - Culturesco","isPartOf":{"@id":"https:\/\/culturesco.com\/#website"},"primaryImageOfPage":{"@id":"https:\/\/culturesco.com\/index.php\/2019\/10\/04\/rage-against-the-machine-elysee-montmartre-1993-premier-lp-fracassant\/#primaryimage"},"image":{"@id":"https:\/\/culturesco.com\/index.php\/2019\/10\/04\/rage-against-the-machine-elysee-montmartre-1993-premier-lp-fracassant\/#primaryimage"},"thumbnailUrl":"https:\/\/i0.wp.com\/culturesco.com\/wp-content\/uploads\/2019\/10\/rage-against-the-machine.jpg?fit=512%2C341&ssl=1","datePublished":"2019-10-04T20:05:40+00:00","dateModified":"2021-11-02T20:05:04+00:00","description":"CulturesCo | Rage Against The Machine - un premier album fracassant, un concert \u00e0 l'Elys\u00e9e Montmartre en 1993 ahurissant-m\u00e9morable","breadcrumb":{"@id":"https:\/\/culturesco.com\/index.php\/2019\/10\/04\/rage-against-the-machine-elysee-montmartre-1993-premier-lp-fracassant\/#breadcrumb"},"inLanguage":"fr-FR","potentialAction":[{"@type":"ReadAction","target":["https:\/\/culturesco.com\/index.php\/2019\/10\/04\/rage-against-the-machine-elysee-montmartre-1993-premier-lp-fracassant\/"]}]},{"@type":"ImageObject","inLanguage":"fr-FR","@id":"https:\/\/culturesco.com\/index.php\/2019\/10\/04\/rage-against-the-machine-elysee-montmartre-1993-premier-lp-fracassant\/#primaryimage","url":"https:\/\/i0.wp.com\/culturesco.com\/wp-content\/uploads\/2019\/10\/rage-against-the-machine.jpg?fit=512%2C341&ssl=1","contentUrl":"https:\/\/i0.wp.com\/culturesco.com\/wp-content\/uploads\/2019\/10\/rage-against-the-machine.jpg?fit=512%2C341&ssl=1","width":512,"height":341,"caption":"Rage Against the Machine photo Malcolm Browne"},{"@type":"BreadcrumbList","@id":"https:\/\/culturesco.com\/index.php\/2019\/10\/04\/rage-against-the-machine-elysee-montmartre-1993-premier-lp-fracassant\/#breadcrumb","itemListElement":[{"@type":"ListItem","position":1,"name":"Accueil","item":"https:\/\/culturesco.com\/"},{"@type":"ListItem","position":2,"name":"RAGE AGAINST THE MACHINE &#8211; Elys\u00e9e Montmartre 1993"}]},{"@type":"WebSite","@id":"https:\/\/culturesco.com\/#website","url":"https:\/\/culturesco.com\/","name":"Culturesco","description":"Culturesco | Un bon coup de pied dans ta Culture","publisher":{"@id":"https:\/\/culturesco.com\/#organization"},"potentialAction":[{"@type":"SearchAction","target":{"@type":"EntryPoint","urlTemplate":"https:\/\/culturesco.com\/?s={search_term_string}"},"query-input":{"@type":"PropertyValueSpecification","valueRequired":true,"valueName":"search_term_string"}}],"inLanguage":"fr-FR"},{"@type":"Organization","@id":"https:\/\/culturesco.com\/#organization","name":"CULTURESCO","url":"https:\/\/culturesco.com\/","logo":{"@type":"ImageObject","inLanguage":"fr-FR","@id":"https:\/\/culturesco.com\/#\/schema\/logo\/image\/","url":"https:\/\/i0.wp.com\/culturesco.com\/wp-content\/uploads\/2022\/04\/culturesco-logo-blanc250p.png?fit=250%2C250&ssl=1","contentUrl":"https:\/\/i0.wp.com\/culturesco.com\/wp-content\/uploads\/2022\/04\/culturesco-logo-blanc250p.png?fit=250%2C250&ssl=1","width":250,"height":250,"caption":"CULTURESCO"},"image":{"@id":"https:\/\/culturesco.com\/#\/schema\/logo\/image\/"},"sameAs":["https:\/\/www.facebook.com\/radioculturesco","https:\/\/x.com\/AugusteMarshal","https:\/\/www.instagram.com\/carotte_rock_culture\/","https:\/\/www.pinterest.fr\/augustemarshal\/","https:\/\/www.youtube.com\/channel\/UCiWLGffqWSXlNnfzp6YwwyQ"]},{"@type":"Person","@id":"https:\/\/culturesco.com\/#\/schema\/person\/19f04cf232d246197f6e7d62abe6cb0e","name":"Thierry Dauge","image":{"@type":"ImageObject","inLanguage":"fr-FR","@id":"https:\/\/i0.wp.com\/culturesco.com\/wp-content\/uploads\/2018\/12\/Black-Beauty-and-me.jpg?fit=96%2C96&ssl=1","url":"https:\/\/i0.wp.com\/culturesco.com\/wp-content\/uploads\/2018\/12\/Black-Beauty-and-me.jpg?fit=96%2C96&ssl=1","contentUrl":"https:\/\/i0.wp.com\/culturesco.com\/wp-content\/uploads\/2018\/12\/Black-Beauty-and-me.jpg?fit=96%2C96&ssl=1","caption":"Thierry Dauge"},"description":"Amoureux des 70\u2019s et du hard rock en particulier, Thierry Dauge est chroniqueur sur Culturesco par amour de l\u2019\u00e9criture musicale. Co-auteur du livre\"Pop rock - Les instruments de l'ombre\" aux \u00e9ditions du Camion Blanc, collaborateur de Vivi pour \"Mes Ann\u00e9es Trust\", auteur de \"Sparks\" aux \u00e9ditions du Layeur, parce que le rock est loin d'\u00eatre mort ...","url":"https:\/\/culturesco.com\/index.php\/author\/thierry-dauge888\/"}]}},"jetpack_featured_media_url":"https:\/\/i0.wp.com\/culturesco.com\/wp-content\/uploads\/2019\/10\/rage-against-the-machine.jpg?fit=512%2C341&ssl=1","jetpack_likes_enabled":true,"jetpack_sharing_enabled":true,"jetpack_shortlink":"https:\/\/wp.me\/paz89I-2gP","_links":{"self":[{"href":"https:\/\/culturesco.com\/index.php\/wp-json\/wp\/v2\/posts\/8731","targetHints":{"allow":["GET"]}}],"collection":[{"href":"https:\/\/culturesco.com\/index.php\/wp-json\/wp\/v2\/posts"}],"about":[{"href":"https:\/\/culturesco.com\/index.php\/wp-json\/wp\/v2\/types\/post"}],"author":[{"embeddable":true,"href":"https:\/\/culturesco.com\/index.php\/wp-json\/wp\/v2\/users\/3"}],"replies":[{"embeddable":true,"href":"https:\/\/culturesco.com\/index.php\/wp-json\/wp\/v2\/comments?post=8731"}],"version-history":[{"count":0,"href":"https:\/\/culturesco.com\/index.php\/wp-json\/wp\/v2\/posts\/8731\/revisions"}],"wp:featuredmedia":[{"embeddable":true,"href":"https:\/\/culturesco.com\/index.php\/wp-json\/wp\/v2\/media\/15209"}],"wp:attachment":[{"href":"https:\/\/culturesco.com\/index.php\/wp-json\/wp\/v2\/media?parent=8731"}],"wp:term":[{"taxonomy":"category","embeddable":true,"href":"https:\/\/culturesco.com\/index.php\/wp-json\/wp\/v2\/categories?post=8731"},{"taxonomy":"post_tag","embeddable":true,"href":"https:\/\/culturesco.com\/index.php\/wp-json\/wp\/v2\/tags?post=8731"}],"curies":[{"name":"wp","href":"https:\/\/api.w.org\/{rel}","templated":true}]}}