{"id":8671,"date":"2019-10-02T01:52:04","date_gmt":"2019-10-01T23:52:04","guid":{"rendered":"https:\/\/culturesco.com\/?p=8671"},"modified":"2020-02-24T20:32:16","modified_gmt":"2020-02-24T19:32:16","slug":"et-les-beatles-monterent-au-ciel-un-livre-de-valentine-del-moral","status":"publish","type":"post","link":"https:\/\/culturesco.com\/index.php\/2019\/10\/02\/et-les-beatles-monterent-au-ciel-un-livre-de-valentine-del-moral\/","title":{"rendered":"Valentine Del Moral &#8211; Et les Beatles mont\u00e8rent au ciel"},"content":{"rendered":"<h2 style=\"text-align: justify;\">Le Concert du Rooftop<\/h2>\n<figure id=\"attachment_8672\" aria-describedby=\"caption-attachment-8672\" style=\"width: 208px\" class=\"wp-caption aligncenter\"><a href=\"https:\/\/amzn.to\/33cnneU\" target=\"_blank\" rel=\"noopener noreferrer\"><img data-recalc-dims=\"1\" loading=\"lazy\" decoding=\"async\" class=\"wp-image-8672 size-full\" src=\"https:\/\/i0.wp.com\/culturesco.com\/wp-content\/uploads\/2019\/10\/Valentine-Del-Moral-e1570466138502.jpeg?resize=208%2C300&#038;ssl=1\" alt=\"Et les Beatles mont\u00e8rent au ciel\" width=\"208\" height=\"300\" \/><\/a><figcaption id=\"caption-attachment-8672\" class=\"wp-caption-text\">Valentine Del Moral &#8211; Et les Beatles mont\u00e8rent au ciel<\/figcaption><\/figure>\n<p style=\"text-align: justify;\">Que peut-on encore raconter sur les<strong> Beatles<\/strong> qui n\u2019ait d\u00e9j\u00e0 \u00e9t\u00e9 dit et surtout comment narrer tout cela\u00a0?&#8230;<\/p>\n<p style=\"text-align: justify;\">Et bien, <strong>Valentine Del Moral<\/strong> a trouv\u00e9 le bon angle et r\u00e9ussit parfaitement son id\u00e9e. Ce ne fut pas simple sans doute et pourtant, en la lisant, c\u2019est limpide, \u00e9vident et dr\u00f4le.<\/p>\n<p style=\"text-align: justify;\">En observatrice et en documentariste, elle regarde, imagine, le fameux dernier concert inattendu des <a href=\"https:\/\/culturesco.com\/index.php\/2018\/11\/17\/beatles-double-blanc-les-questions-qui-fachent\/\" target=\"_blank\" rel=\"noopener noreferrer\">Fab Four<\/a> sur le toit \u00a0de leur label, <a href=\"https:\/\/culturesco.com\/index.php\/2019\/01\/30\/le-logo-du-label-apple-pomme-ou-vagin\/\" target=\"_blank\" rel=\"noopener noreferrer\"><strong>Apple<\/strong><\/a> (tiens, \u00e7a ne vous dis rien cette appellation\u00a0?).<\/p>\n<h3 style=\"text-align: justify;\"><em>30 janvier 1969<\/em><\/h3>\n<p style=\"text-align: justify;\">Nous sommes le <strong>30 janvier 1969<\/strong>, il fait un froid de canard \u00e0 <strong>Londres<\/strong>, ce qui n\u2019a rien d\u2019original en cette p\u00e9riode ni dans cette ville.<strong> Pour la premi\u00e8re fois depuis deux ans et demi, les Beatles vont jouer ensemble<\/strong>, histoire de promouvoir leur album \u00ab\u00a0<a href=\"https:\/\/culturesco.com\/index.php\/2019\/03\/02\/19-abbey-road-une-chambre-en-ville\/\" target=\"_blank\" rel=\"noopener noreferrer\"><strong>Abbey Road<\/strong><\/a>\u00a0\u00bb, sans public. Ou plut\u00f4t si, mais il est six \u00e9tages plus bas et progressivement tout le monde l\u00e8ve la t\u00eate pour voir quatre anges qui montent d\u00e9finitivement vers le ciel. Elle les compare \u00e0 des <strong>Dieux<\/strong> dans la religion grecque, au <strong>Christ<\/strong> dans la religion romaine et catholique. Apr\u00e8s tout, <a href=\"https:\/\/culturesco.com\/index.php\/2019\/05\/27\/lheritage-de-john-lennon-1940-1980\/\" target=\"_blank\" rel=\"noopener noreferrer\"><strong>John Lennon<\/strong><\/a> n\u2019a-t-il pas d\u00e9clar\u00e9 qu\u2019ils \u00e9taient devenus plus c\u00e9l\u00e8bres que J\u00e9sus lui-m\u00eame\u00a0?&#8230; Elle se base sur l\u2019histoire du groupe pour former un r\u00e9cit au-del\u00e0 des religions, sans les r\u00e9prouver.<\/p>\n<h3 style=\"text-align: justify;\"><em>The Beatles &#8211; Don&rsquo;t let me down<\/em><\/h3>\n<div class=\"youtube-embed\" data-video_id=\"NCtzkaL2t_Y\"><iframe loading=\"lazy\" title=\"The Beatles - The Beatles - Don&#039;t Let Me Down (Live Performance) [Mono \/ 2009 Remaster]\" width=\"696\" height=\"392\" src=\"https:\/\/www.youtube.com\/embed\/NCtzkaL2t_Y\" frameborder=\"0\" allow=\"accelerometer; autoplay; clipboard-write; encrypted-media; gyroscope; picture-in-picture; web-share\" referrerpolicy=\"strict-origin-when-cross-origin\" allowfullscreen><\/iframe><\/div>\n<p style=\"text-align: justify;\">Elle s\u2019interroge aussi, en bonne journaliste, sur les r\u00e9actions d\u2019un public atterr\u00e9, n\u2019en croyant pas ses oreilles et ses yeux pour les amateurs qui ont vite compris et les passants qui partent au travail, \u00e9berlu\u00e9s. Il est t\u00f4t dans ce matin frigorifique.<\/p>\n<p style=\"text-align: justify;\">Plus haut on sent bien d\u00e9j\u00e0 que ce n\u2019est plus l\u2019osmose parfaite entre les quatre. M\u00eame si l\u2019espace de quarante minutes, ils vont se ressouder, s\u2019assembler, pour mieux s\u2019\u00e9vanouir parmi les nuages gris.<\/p>\n<h3 style=\"text-align: justify;\"><em>The Beatles &#8211; Get Back<\/em><\/h3>\n<div class=\"youtube-embed\" data-video_id=\"p-E7kt2IbCE\"><iframe loading=\"lazy\" title=\"Get Back (Remastered 2009)\" width=\"696\" height=\"522\" src=\"https:\/\/www.youtube.com\/embed\/p-E7kt2IbCE\" frameborder=\"0\" allow=\"accelerometer; autoplay; clipboard-write; encrypted-media; gyroscope; picture-in-picture; web-share\" referrerpolicy=\"strict-origin-when-cross-origin\" allowfullscreen><\/iframe><\/div>\n<p style=\"text-align: justify;\">Voici un r\u00e9cit invent\u00e9 et authentique, ou presque. Ce dernier concert des Beatles, est le plus long qu\u2019ils n\u2019aient jamais fait. Eh oui, en pleine <a href=\"https:\/\/culturesco.com\/index.php\/2018\/11\/26\/abbey-road-the-beatles-qui-est-l-inconnu-mystere-de-la-plus-celebre-pochette-de-disque-des-fab-four\/\" target=\"_blank\" rel=\"noopener noreferrer\"><strong>Beatlemania<\/strong><\/a>, le groupe ne jouait pas plus de trente minutes car il ne s\u2019entendait pas tellement les cris des filles et fans \u00e9taient forts.<\/p>\n<p style=\"text-align: justify;\"><a href=\"https:\/\/amzn.to\/2Iv1hw6\" target=\"_blank\" rel=\"noopener noreferrer\"><em>Le Mot Et Le Reste \u2013 152 pages \u2013 15 \u20ac<\/em><\/a><\/p>\n<p style=\"text-align: justify;\"><strong>Patrick B\u00e9nard<\/strong><\/p>\n<p style=\"text-align: center;\"><iframe style=\"width: 120px; height: 240px;\" src=\"\/\/ws-eu.amazon-adsystem.com\/widgets\/q?ServiceVersion=20070822&amp;OneJS=1&amp;Operation=GetAdHtml&amp;MarketPlace=FR&amp;source=ss&amp;ref=as_ss_li_til&amp;ad_type=product_link&amp;tracking_id=auguste00-21&amp;language=fr_FR&amp;marketplace=amazon&amp;region=FR&amp;placement=2361390221&amp;asins=2361390221&amp;linkId=e5662a3a7efa2e56560bd31713dfd45e&amp;show_border=true&amp;link_opens_in_new_window=true\" frameborder=\"0\" marginwidth=\"0\" marginheight=\"0\" scrolling=\"no\"><\/iframe><\/p>\n","protected":false},"excerpt":{"rendered":"<p>Le Concert du Rooftop Que peut-on encore raconter sur les Beatles qui n\u2019ait d\u00e9j\u00e0 \u00e9t\u00e9 dit et surtout comment narrer tout cela\u00a0?&#8230; Et bien, Valentine Del Moral a trouv\u00e9 le bon angle et r\u00e9ussit parfaitement son id\u00e9e. Ce ne fut pas simple sans doute et pourtant, en la lisant, c\u2019est limpide, \u00e9vident et dr\u00f4le. En [&hellip;]<\/p>\n","protected":false},"author":4,"featured_media":8752,"comment_status":"open","ping_status":"closed","sticky":false,"template":"","format":"image","meta":{"jetpack_post_was_ever_published":false,"tdm_status":"","tdm_grid_status":"","_jetpack_newsletter_access":"","_jetpack_dont_email_post_to_subs":false,"_jetpack_newsletter_tier_id":0,"_jetpack_memberships_contains_paywalled_content":false,"_jetpack_memberships_contains_paid_content":false,"footnotes":""},"categories":[34,17,22,33,27,66],"tags":[57,67,38,58,20],"class_list":{"0":"post-8671","1":"post","2":"type-post","3":"status-publish","4":"format-image","5":"has-post-thumbnail","7":"category-anecdotes-rock","8":"category-carotte-rock-cultures","9":"category-citations","10":"category-histoire-du-rock","11":"category-litterature","12":"category-livre-rock","13":"tag-abbey-road","14":"tag-anecdotes-rock","15":"tag-classic-rock","16":"tag-histoire-du-rock","17":"tag-livre-rock","18":"post_format-post-format-image"},"yoast_head":"<!-- This site is optimized with the Yoast SEO plugin v27.5 - https:\/\/yoast.com\/product\/yoast-seo-wordpress\/ -->\n<title>Valentine Del Moral - Et les Beatles mont\u00e8rent au ciel - Culturesco<\/title>\n<meta name=\"description\" content=\"CulturesCo | Et les BEATLES mont\u00e8rent au ciel, un livre de Valentine Del Moral : le dernier concert des Fab Four sur le toit \u00a0du label, Apple !\" \/>\n<meta name=\"robots\" content=\"index, follow, max-snippet:-1, max-image-preview:large, max-video-preview:-1\" \/>\n<link rel=\"canonical\" href=\"https:\/\/culturesco.com\/index.php\/2019\/10\/02\/et-les-beatles-monterent-au-ciel-un-livre-de-valentine-del-moral\/\" \/>\n<meta property=\"og:locale\" content=\"fr_FR\" \/>\n<meta property=\"og:type\" content=\"article\" \/>\n<meta property=\"og:title\" content=\"Valentine Del Moral - Et les Beatles mont\u00e8rent au ciel - Culturesco\" \/>\n<meta property=\"og:description\" content=\"CulturesCo | Et les BEATLES mont\u00e8rent au ciel, un livre de Valentine Del Moral : le dernier concert des Fab Four sur le toit \u00a0du label, Apple !\" \/>\n<meta property=\"og:url\" content=\"https:\/\/culturesco.com\/index.php\/2019\/10\/02\/et-les-beatles-monterent-au-ciel-un-livre-de-valentine-del-moral\/\" \/>\n<meta property=\"og:site_name\" content=\"Culturesco\" \/>\n<meta property=\"article:publisher\" content=\"https:\/\/www.facebook.com\/radioculturesco\" \/>\n<meta property=\"article:published_time\" content=\"2019-10-01T23:52:04+00:00\" \/>\n<meta property=\"article:modified_time\" content=\"2020-02-24T19:32:16+00:00\" \/>\n<meta property=\"og:image\" content=\"https:\/\/i2.wp.com\/culturesco.com\/wp-content\/uploads\/2019\/10\/george-harrison.jpg?fit=600%2C314&ssl=1\" \/>\n\t<meta property=\"og:image:width\" content=\"600\" \/>\n\t<meta property=\"og:image:height\" content=\"314\" \/>\n\t<meta property=\"og:image:type\" content=\"image\/jpeg\" \/>\n<meta name=\"author\" content=\"Patrick Benard\" \/>\n<meta name=\"twitter:card\" content=\"summary_large_image\" \/>\n<meta name=\"twitter:creator\" content=\"@AugusteMarshal\" \/>\n<meta name=\"twitter:site\" content=\"@AugusteMarshal\" \/>\n<meta name=\"twitter:label1\" content=\"\u00c9crit par\" \/>\n\t<meta name=\"twitter:data1\" content=\"Patrick Benard\" \/>\n\t<meta name=\"twitter:label2\" content=\"Dur\u00e9e de lecture estim\u00e9e\" \/>\n\t<meta name=\"twitter:data2\" content=\"2 minutes\" \/>\n<script type=\"application\/ld+json\" class=\"yoast-schema-graph\">{\"@context\":\"https:\\\/\\\/schema.org\",\"@graph\":[{\"@type\":\"Article\",\"@id\":\"https:\\\/\\\/culturesco.com\\\/index.php\\\/2019\\\/10\\\/02\\\/et-les-beatles-monterent-au-ciel-un-livre-de-valentine-del-moral\\\/#article\",\"isPartOf\":{\"@id\":\"https:\\\/\\\/culturesco.com\\\/index.php\\\/2019\\\/10\\\/02\\\/et-les-beatles-monterent-au-ciel-un-livre-de-valentine-del-moral\\\/\"},\"author\":{\"name\":\"Patrick Benard\",\"@id\":\"https:\\\/\\\/culturesco.com\\\/#\\\/schema\\\/person\\\/c2ddd6724863f3bbd20a8278df0891f3\"},\"headline\":\"Valentine Del Moral &#8211; Et les Beatles mont\u00e8rent au ciel\",\"datePublished\":\"2019-10-01T23:52:04+00:00\",\"dateModified\":\"2020-02-24T19:32:16+00:00\",\"mainEntityOfPage\":{\"@id\":\"https:\\\/\\\/culturesco.com\\\/index.php\\\/2019\\\/10\\\/02\\\/et-les-beatles-monterent-au-ciel-un-livre-de-valentine-del-moral\\\/\"},\"wordCount\":444,\"commentCount\":0,\"publisher\":{\"@id\":\"https:\\\/\\\/culturesco.com\\\/#organization\"},\"image\":{\"@id\":\"https:\\\/\\\/culturesco.com\\\/index.php\\\/2019\\\/10\\\/02\\\/et-les-beatles-monterent-au-ciel-un-livre-de-valentine-del-moral\\\/#primaryimage\"},\"thumbnailUrl\":\"https:\\\/\\\/i0.wp.com\\\/culturesco.com\\\/wp-content\\\/uploads\\\/2019\\\/10\\\/valentine-del-moral.jpg?fit=600%2C314&ssl=1\",\"keywords\":[\"abbey road\",\"Anecdotes Rock\",\"classic rock\",\"histoire du rock\",\"Livre Rock\"],\"articleSection\":[\"Anecdotes rock\",\"Carotte Rock Cultures\",\"Citations\",\"Histoire du rock\",\"Litt\u00e9rature\",\"Livre Rock\"],\"inLanguage\":\"fr-FR\",\"potentialAction\":[{\"@type\":\"CommentAction\",\"name\":\"Comment\",\"target\":[\"https:\\\/\\\/culturesco.com\\\/index.php\\\/2019\\\/10\\\/02\\\/et-les-beatles-monterent-au-ciel-un-livre-de-valentine-del-moral\\\/#respond\"]}]},{\"@type\":\"WebPage\",\"@id\":\"https:\\\/\\\/culturesco.com\\\/index.php\\\/2019\\\/10\\\/02\\\/et-les-beatles-monterent-au-ciel-un-livre-de-valentine-del-moral\\\/\",\"url\":\"https:\\\/\\\/culturesco.com\\\/index.php\\\/2019\\\/10\\\/02\\\/et-les-beatles-monterent-au-ciel-un-livre-de-valentine-del-moral\\\/\",\"name\":\"Valentine Del Moral - Et les Beatles mont\u00e8rent au ciel - Culturesco\",\"isPartOf\":{\"@id\":\"https:\\\/\\\/culturesco.com\\\/#website\"},\"primaryImageOfPage\":{\"@id\":\"https:\\\/\\\/culturesco.com\\\/index.php\\\/2019\\\/10\\\/02\\\/et-les-beatles-monterent-au-ciel-un-livre-de-valentine-del-moral\\\/#primaryimage\"},\"image\":{\"@id\":\"https:\\\/\\\/culturesco.com\\\/index.php\\\/2019\\\/10\\\/02\\\/et-les-beatles-monterent-au-ciel-un-livre-de-valentine-del-moral\\\/#primaryimage\"},\"thumbnailUrl\":\"https:\\\/\\\/i0.wp.com\\\/culturesco.com\\\/wp-content\\\/uploads\\\/2019\\\/10\\\/valentine-del-moral.jpg?fit=600%2C314&ssl=1\",\"datePublished\":\"2019-10-01T23:52:04+00:00\",\"dateModified\":\"2020-02-24T19:32:16+00:00\",\"description\":\"CulturesCo | Et les BEATLES mont\u00e8rent au ciel, un livre de Valentine Del Moral : le dernier concert des Fab Four sur le toit \u00a0du label, Apple !\",\"breadcrumb\":{\"@id\":\"https:\\\/\\\/culturesco.com\\\/index.php\\\/2019\\\/10\\\/02\\\/et-les-beatles-monterent-au-ciel-un-livre-de-valentine-del-moral\\\/#breadcrumb\"},\"inLanguage\":\"fr-FR\",\"potentialAction\":[{\"@type\":\"ReadAction\",\"target\":[\"https:\\\/\\\/culturesco.com\\\/index.php\\\/2019\\\/10\\\/02\\\/et-les-beatles-monterent-au-ciel-un-livre-de-valentine-del-moral\\\/\"]}]},{\"@type\":\"ImageObject\",\"inLanguage\":\"fr-FR\",\"@id\":\"https:\\\/\\\/culturesco.com\\\/index.php\\\/2019\\\/10\\\/02\\\/et-les-beatles-monterent-au-ciel-un-livre-de-valentine-del-moral\\\/#primaryimage\",\"url\":\"https:\\\/\\\/i0.wp.com\\\/culturesco.com\\\/wp-content\\\/uploads\\\/2019\\\/10\\\/valentine-del-moral.jpg?fit=600%2C314&ssl=1\",\"contentUrl\":\"https:\\\/\\\/i0.wp.com\\\/culturesco.com\\\/wp-content\\\/uploads\\\/2019\\\/10\\\/valentine-del-moral.jpg?fit=600%2C314&ssl=1\",\"width\":600,\"height\":314,\"caption\":\"et les beatles mont\u00e8rent au ciel\"},{\"@type\":\"BreadcrumbList\",\"@id\":\"https:\\\/\\\/culturesco.com\\\/index.php\\\/2019\\\/10\\\/02\\\/et-les-beatles-monterent-au-ciel-un-livre-de-valentine-del-moral\\\/#breadcrumb\",\"itemListElement\":[{\"@type\":\"ListItem\",\"position\":1,\"name\":\"Accueil\",\"item\":\"https:\\\/\\\/culturesco.com\\\/\"},{\"@type\":\"ListItem\",\"position\":2,\"name\":\"Valentine Del Moral &#8211; Et les Beatles mont\u00e8rent au ciel\"}]},{\"@type\":\"WebSite\",\"@id\":\"https:\\\/\\\/culturesco.com\\\/#website\",\"url\":\"https:\\\/\\\/culturesco.com\\\/\",\"name\":\"Culturesco\",\"description\":\"Culturesco | Un bon coup de pied dans ta Culture\",\"publisher\":{\"@id\":\"https:\\\/\\\/culturesco.com\\\/#organization\"},\"potentialAction\":[{\"@type\":\"SearchAction\",\"target\":{\"@type\":\"EntryPoint\",\"urlTemplate\":\"https:\\\/\\\/culturesco.com\\\/?s={search_term_string}\"},\"query-input\":{\"@type\":\"PropertyValueSpecification\",\"valueRequired\":true,\"valueName\":\"search_term_string\"}}],\"inLanguage\":\"fr-FR\"},{\"@type\":\"Organization\",\"@id\":\"https:\\\/\\\/culturesco.com\\\/#organization\",\"name\":\"CULTURESCO\",\"url\":\"https:\\\/\\\/culturesco.com\\\/\",\"logo\":{\"@type\":\"ImageObject\",\"inLanguage\":\"fr-FR\",\"@id\":\"https:\\\/\\\/culturesco.com\\\/#\\\/schema\\\/logo\\\/image\\\/\",\"url\":\"https:\\\/\\\/i0.wp.com\\\/culturesco.com\\\/wp-content\\\/uploads\\\/2022\\\/04\\\/culturesco-logo-blanc250p.png?fit=250%2C250&ssl=1\",\"contentUrl\":\"https:\\\/\\\/i0.wp.com\\\/culturesco.com\\\/wp-content\\\/uploads\\\/2022\\\/04\\\/culturesco-logo-blanc250p.png?fit=250%2C250&ssl=1\",\"width\":250,\"height\":250,\"caption\":\"CULTURESCO\"},\"image\":{\"@id\":\"https:\\\/\\\/culturesco.com\\\/#\\\/schema\\\/logo\\\/image\\\/\"},\"sameAs\":[\"https:\\\/\\\/www.facebook.com\\\/radioculturesco\",\"https:\\\/\\\/x.com\\\/AugusteMarshal\",\"https:\\\/\\\/www.instagram.com\\\/carotte_rock_culture\\\/\",\"https:\\\/\\\/www.pinterest.fr\\\/augustemarshal\\\/\",\"https:\\\/\\\/www.youtube.com\\\/channel\\\/UCiWLGffqWSXlNnfzp6YwwyQ\"]},{\"@type\":\"Person\",\"@id\":\"https:\\\/\\\/culturesco.com\\\/#\\\/schema\\\/person\\\/c2ddd6724863f3bbd20a8278df0891f3\",\"name\":\"Patrick Benard\",\"image\":{\"@type\":\"ImageObject\",\"inLanguage\":\"fr-FR\",\"@id\":\"https:\\\/\\\/i0.wp.com\\\/culturesco.com\\\/wp-content\\\/uploads\\\/2019\\\/02\\\/patrick-benard-2.jpg?fit=90%2C96&ssl=1\",\"url\":\"https:\\\/\\\/i0.wp.com\\\/culturesco.com\\\/wp-content\\\/uploads\\\/2019\\\/02\\\/patrick-benard-2.jpg?fit=90%2C96&ssl=1\",\"contentUrl\":\"https:\\\/\\\/i0.wp.com\\\/culturesco.com\\\/wp-content\\\/uploads\\\/2019\\\/02\\\/patrick-benard-2.jpg?fit=90%2C96&ssl=1\",\"caption\":\"Patrick Benard\"},\"description\":\"Ecrivain, chroniqueur, animateur radio, cr\u00e9ateur de la revue \u00ab Cin\u00e9manie \u00bb, autour du cin\u00e9ma dit d\u2019art et d\u2019essai, sp\u00e9cialiste du groupe The Cure, archiviste... 2020 : \\\"Le Post Rock\\\" essai sur le post rock de Mogwa\u00ef \u00e0 Godspeed You Black Emperor - Camion Blanc 2014 : \u00ab On the rocks \u2013le rock de 2007 \u00e0 2014 \u00bb chroniques livres et cd rocks, interviews \u2013Editions Vaillant 2010 : \u00ab Dans la T\u00eate de Robert Smith \u00bb, roman fiction autour de l\u2019histoire des Cure et de Robert Smith \u2013 Edilivres 2007 : \u00ab Chroniques Fr\u00e9n\u00e9tiques, une histoire intime du rock \u00bb, roman, prix Technikart. 2001 : \u00ab Les Iles du D\u00e9sert \u00bb, polar autour du rock \u2013 Editions Nykta\",\"url\":\"https:\\\/\\\/culturesco.com\\\/index.php\\\/author\\\/patrick-benard89\\\/\"}]}<\/script>\n<!-- \/ Yoast SEO plugin. -->","yoast_head_json":{"title":"Valentine Del Moral - Et les Beatles mont\u00e8rent au ciel - Culturesco","description":"CulturesCo | Et les BEATLES mont\u00e8rent au ciel, un livre de Valentine Del Moral : le dernier concert des Fab Four sur le toit \u00a0du label, Apple !","robots":{"index":"index","follow":"follow","max-snippet":"max-snippet:-1","max-image-preview":"max-image-preview:large","max-video-preview":"max-video-preview:-1"},"canonical":"https:\/\/culturesco.com\/index.php\/2019\/10\/02\/et-les-beatles-monterent-au-ciel-un-livre-de-valentine-del-moral\/","og_locale":"fr_FR","og_type":"article","og_title":"Valentine Del Moral - Et les Beatles mont\u00e8rent au ciel - Culturesco","og_description":"CulturesCo | Et les BEATLES mont\u00e8rent au ciel, un livre de Valentine Del Moral : le dernier concert des Fab Four sur le toit \u00a0du label, Apple !","og_url":"https:\/\/culturesco.com\/index.php\/2019\/10\/02\/et-les-beatles-monterent-au-ciel-un-livre-de-valentine-del-moral\/","og_site_name":"Culturesco","article_publisher":"https:\/\/www.facebook.com\/radioculturesco","article_published_time":"2019-10-01T23:52:04+00:00","article_modified_time":"2020-02-24T19:32:16+00:00","og_image":[{"width":600,"height":314,"url":"https:\/\/i2.wp.com\/culturesco.com\/wp-content\/uploads\/2019\/10\/george-harrison.jpg?fit=600%2C314&ssl=1","type":"image\/jpeg"}],"author":"Patrick Benard","twitter_card":"summary_large_image","twitter_creator":"@AugusteMarshal","twitter_site":"@AugusteMarshal","twitter_misc":{"\u00c9crit par":"Patrick Benard","Dur\u00e9e de lecture estim\u00e9e":"2 minutes"},"schema":{"@context":"https:\/\/schema.org","@graph":[{"@type":"Article","@id":"https:\/\/culturesco.com\/index.php\/2019\/10\/02\/et-les-beatles-monterent-au-ciel-un-livre-de-valentine-del-moral\/#article","isPartOf":{"@id":"https:\/\/culturesco.com\/index.php\/2019\/10\/02\/et-les-beatles-monterent-au-ciel-un-livre-de-valentine-del-moral\/"},"author":{"name":"Patrick Benard","@id":"https:\/\/culturesco.com\/#\/schema\/person\/c2ddd6724863f3bbd20a8278df0891f3"},"headline":"Valentine Del Moral &#8211; Et les Beatles mont\u00e8rent au ciel","datePublished":"2019-10-01T23:52:04+00:00","dateModified":"2020-02-24T19:32:16+00:00","mainEntityOfPage":{"@id":"https:\/\/culturesco.com\/index.php\/2019\/10\/02\/et-les-beatles-monterent-au-ciel-un-livre-de-valentine-del-moral\/"},"wordCount":444,"commentCount":0,"publisher":{"@id":"https:\/\/culturesco.com\/#organization"},"image":{"@id":"https:\/\/culturesco.com\/index.php\/2019\/10\/02\/et-les-beatles-monterent-au-ciel-un-livre-de-valentine-del-moral\/#primaryimage"},"thumbnailUrl":"https:\/\/i0.wp.com\/culturesco.com\/wp-content\/uploads\/2019\/10\/valentine-del-moral.jpg?fit=600%2C314&ssl=1","keywords":["abbey road","Anecdotes Rock","classic rock","histoire du rock","Livre Rock"],"articleSection":["Anecdotes rock","Carotte Rock Cultures","Citations","Histoire du rock","Litt\u00e9rature","Livre Rock"],"inLanguage":"fr-FR","potentialAction":[{"@type":"CommentAction","name":"Comment","target":["https:\/\/culturesco.com\/index.php\/2019\/10\/02\/et-les-beatles-monterent-au-ciel-un-livre-de-valentine-del-moral\/#respond"]}]},{"@type":"WebPage","@id":"https:\/\/culturesco.com\/index.php\/2019\/10\/02\/et-les-beatles-monterent-au-ciel-un-livre-de-valentine-del-moral\/","url":"https:\/\/culturesco.com\/index.php\/2019\/10\/02\/et-les-beatles-monterent-au-ciel-un-livre-de-valentine-del-moral\/","name":"Valentine Del Moral - Et les Beatles mont\u00e8rent au ciel - Culturesco","isPartOf":{"@id":"https:\/\/culturesco.com\/#website"},"primaryImageOfPage":{"@id":"https:\/\/culturesco.com\/index.php\/2019\/10\/02\/et-les-beatles-monterent-au-ciel-un-livre-de-valentine-del-moral\/#primaryimage"},"image":{"@id":"https:\/\/culturesco.com\/index.php\/2019\/10\/02\/et-les-beatles-monterent-au-ciel-un-livre-de-valentine-del-moral\/#primaryimage"},"thumbnailUrl":"https:\/\/i0.wp.com\/culturesco.com\/wp-content\/uploads\/2019\/10\/valentine-del-moral.jpg?fit=600%2C314&ssl=1","datePublished":"2019-10-01T23:52:04+00:00","dateModified":"2020-02-24T19:32:16+00:00","description":"CulturesCo | Et les BEATLES mont\u00e8rent au ciel, un livre de Valentine Del Moral : le dernier concert des Fab Four sur le toit \u00a0du label, Apple !","breadcrumb":{"@id":"https:\/\/culturesco.com\/index.php\/2019\/10\/02\/et-les-beatles-monterent-au-ciel-un-livre-de-valentine-del-moral\/#breadcrumb"},"inLanguage":"fr-FR","potentialAction":[{"@type":"ReadAction","target":["https:\/\/culturesco.com\/index.php\/2019\/10\/02\/et-les-beatles-monterent-au-ciel-un-livre-de-valentine-del-moral\/"]}]},{"@type":"ImageObject","inLanguage":"fr-FR","@id":"https:\/\/culturesco.com\/index.php\/2019\/10\/02\/et-les-beatles-monterent-au-ciel-un-livre-de-valentine-del-moral\/#primaryimage","url":"https:\/\/i0.wp.com\/culturesco.com\/wp-content\/uploads\/2019\/10\/valentine-del-moral.jpg?fit=600%2C314&ssl=1","contentUrl":"https:\/\/i0.wp.com\/culturesco.com\/wp-content\/uploads\/2019\/10\/valentine-del-moral.jpg?fit=600%2C314&ssl=1","width":600,"height":314,"caption":"et les beatles mont\u00e8rent au ciel"},{"@type":"BreadcrumbList","@id":"https:\/\/culturesco.com\/index.php\/2019\/10\/02\/et-les-beatles-monterent-au-ciel-un-livre-de-valentine-del-moral\/#breadcrumb","itemListElement":[{"@type":"ListItem","position":1,"name":"Accueil","item":"https:\/\/culturesco.com\/"},{"@type":"ListItem","position":2,"name":"Valentine Del Moral &#8211; Et les Beatles mont\u00e8rent au ciel"}]},{"@type":"WebSite","@id":"https:\/\/culturesco.com\/#website","url":"https:\/\/culturesco.com\/","name":"Culturesco","description":"Culturesco | Un bon coup de pied dans ta Culture","publisher":{"@id":"https:\/\/culturesco.com\/#organization"},"potentialAction":[{"@type":"SearchAction","target":{"@type":"EntryPoint","urlTemplate":"https:\/\/culturesco.com\/?s={search_term_string}"},"query-input":{"@type":"PropertyValueSpecification","valueRequired":true,"valueName":"search_term_string"}}],"inLanguage":"fr-FR"},{"@type":"Organization","@id":"https:\/\/culturesco.com\/#organization","name":"CULTURESCO","url":"https:\/\/culturesco.com\/","logo":{"@type":"ImageObject","inLanguage":"fr-FR","@id":"https:\/\/culturesco.com\/#\/schema\/logo\/image\/","url":"https:\/\/i0.wp.com\/culturesco.com\/wp-content\/uploads\/2022\/04\/culturesco-logo-blanc250p.png?fit=250%2C250&ssl=1","contentUrl":"https:\/\/i0.wp.com\/culturesco.com\/wp-content\/uploads\/2022\/04\/culturesco-logo-blanc250p.png?fit=250%2C250&ssl=1","width":250,"height":250,"caption":"CULTURESCO"},"image":{"@id":"https:\/\/culturesco.com\/#\/schema\/logo\/image\/"},"sameAs":["https:\/\/www.facebook.com\/radioculturesco","https:\/\/x.com\/AugusteMarshal","https:\/\/www.instagram.com\/carotte_rock_culture\/","https:\/\/www.pinterest.fr\/augustemarshal\/","https:\/\/www.youtube.com\/channel\/UCiWLGffqWSXlNnfzp6YwwyQ"]},{"@type":"Person","@id":"https:\/\/culturesco.com\/#\/schema\/person\/c2ddd6724863f3bbd20a8278df0891f3","name":"Patrick Benard","image":{"@type":"ImageObject","inLanguage":"fr-FR","@id":"https:\/\/i0.wp.com\/culturesco.com\/wp-content\/uploads\/2019\/02\/patrick-benard-2.jpg?fit=90%2C96&ssl=1","url":"https:\/\/i0.wp.com\/culturesco.com\/wp-content\/uploads\/2019\/02\/patrick-benard-2.jpg?fit=90%2C96&ssl=1","contentUrl":"https:\/\/i0.wp.com\/culturesco.com\/wp-content\/uploads\/2019\/02\/patrick-benard-2.jpg?fit=90%2C96&ssl=1","caption":"Patrick Benard"},"description":"Ecrivain, chroniqueur, animateur radio, cr\u00e9ateur de la revue \u00ab Cin\u00e9manie \u00bb, autour du cin\u00e9ma dit d\u2019art et d\u2019essai, sp\u00e9cialiste du groupe The Cure, archiviste... 2020 : \"Le Post Rock\" essai sur le post rock de Mogwa\u00ef \u00e0 Godspeed You Black Emperor - Camion Blanc 2014 : \u00ab On the rocks \u2013le rock de 2007 \u00e0 2014 \u00bb chroniques livres et cd rocks, interviews \u2013Editions Vaillant 2010 : \u00ab Dans la T\u00eate de Robert Smith \u00bb, roman fiction autour de l\u2019histoire des Cure et de Robert Smith \u2013 Edilivres 2007 : \u00ab Chroniques Fr\u00e9n\u00e9tiques, une histoire intime du rock \u00bb, roman, prix Technikart. 2001 : \u00ab Les Iles du D\u00e9sert \u00bb, polar autour du rock \u2013 Editions Nykta","url":"https:\/\/culturesco.com\/index.php\/author\/patrick-benard89\/"}]}},"jetpack_featured_media_url":"https:\/\/i0.wp.com\/culturesco.com\/wp-content\/uploads\/2019\/10\/valentine-del-moral.jpg?fit=600%2C314&ssl=1","jetpack_likes_enabled":true,"jetpack_sharing_enabled":true,"jetpack_shortlink":"https:\/\/wp.me\/paz89I-2fR","_links":{"self":[{"href":"https:\/\/culturesco.com\/index.php\/wp-json\/wp\/v2\/posts\/8671","targetHints":{"allow":["GET"]}}],"collection":[{"href":"https:\/\/culturesco.com\/index.php\/wp-json\/wp\/v2\/posts"}],"about":[{"href":"https:\/\/culturesco.com\/index.php\/wp-json\/wp\/v2\/types\/post"}],"author":[{"embeddable":true,"href":"https:\/\/culturesco.com\/index.php\/wp-json\/wp\/v2\/users\/4"}],"replies":[{"embeddable":true,"href":"https:\/\/culturesco.com\/index.php\/wp-json\/wp\/v2\/comments?post=8671"}],"version-history":[{"count":0,"href":"https:\/\/culturesco.com\/index.php\/wp-json\/wp\/v2\/posts\/8671\/revisions"}],"wp:featuredmedia":[{"embeddable":true,"href":"https:\/\/culturesco.com\/index.php\/wp-json\/wp\/v2\/media\/8752"}],"wp:attachment":[{"href":"https:\/\/culturesco.com\/index.php\/wp-json\/wp\/v2\/media?parent=8671"}],"wp:term":[{"taxonomy":"category","embeddable":true,"href":"https:\/\/culturesco.com\/index.php\/wp-json\/wp\/v2\/categories?post=8671"},{"taxonomy":"post_tag","embeddable":true,"href":"https:\/\/culturesco.com\/index.php\/wp-json\/wp\/v2\/tags?post=8671"}],"curies":[{"name":"wp","href":"https:\/\/api.w.org\/{rel}","templated":true}]}}