{"id":846,"date":"2018-11-12T23:10:48","date_gmt":"2018-11-12T22:10:48","guid":{"rendered":"https:\/\/culturesco.com\/?p=846"},"modified":"2025-02-26T09:44:21","modified_gmt":"2025-02-26T08:44:21","slug":"nino-ferrer-blues-en-fin-du-monde","status":"publish","type":"post","link":"https:\/\/culturesco.com\/index.php\/2018\/11\/12\/nino-ferrer-blues-en-fin-du-monde\/","title":{"rendered":"Nino Ferrer &#8211; Chronique d&rsquo;un Blues en fin du Monde"},"content":{"rendered":"<h2>Nino Ferrer &#8211; Blues en fin du Monde<\/h2>\n<figure id=\"attachment_849\" aria-describedby=\"caption-attachment-849\" style=\"width: 1200px\" class=\"wp-caption aligncenter\"><img data-recalc-dims=\"1\" loading=\"lazy\" decoding=\"async\" class=\"wp-image-849 size-full\" title=\"Nino Ferrer\" src=\"https:\/\/i0.wp.com\/culturesco.com\/wp-content\/uploads\/2018\/11\/nino-ferrer.jpg?resize=696%2C364&#038;ssl=1\" alt=\"Nino Ferrer\" width=\"696\" height=\"364\" \/><figcaption id=\"caption-attachment-849\" class=\"wp-caption-text\">Nino Ferrer<\/figcaption><\/figure>\n<p style=\"text-align: justify;\">Surtout connu pour ses tubes absurdes, comme <strong>Mirza<\/strong> et ses chefs-d&rsquo;oeuvre m\u00e9lancoliques tel <strong>Le Sud,<\/strong> <strong>Nino Ferrer<\/strong> aimait par dessus tout le jazz, les chanteurs soul am\u00e9ricains et surtout <strong>Ray Charles<\/strong>.\u00a0Son premier album en 1966 d\u00e9marrait d&rsquo; ailleurs par l&rsquo;explicite <em>Je voudrais \u00eatre noir.<\/em><\/p>\n<p style=\"text-align: justify;\">Issu d&rsquo;une famille italienne ais\u00e9e et avant des \u00e9tudes d&rsquo;arch\u00e9ologie, le jeune <em>Nino<\/em> d\u00e9couvre le jazz en \u00e9coutant <em>Jacques H\u00e9lian<\/em> (un chef d&rsquo;orchestre de l&rsquo;\u00e9poque) sur son petit poste qu&rsquo;il \u00e9coute en cachette alors qu&rsquo;il est pensionnaire \u00e0 Saint-Jean-de-Passy dans le tr\u00e8s chic 16\u00e8me&#8230; Sans lire ni \u00e9crire la musique, il va commencer par jouer de la contrebasse, avec son pote <em>Richard Bennett<\/em> (et les <em>Dixiecats<\/em>) puis la chanteuse <em>Nancy Holloway<\/em> qu&rsquo;il accompagnera sur sc\u00e8ne.<\/p>\n<h3>Nino FERRER &#8211; Blues en fin du monde<\/h3>\n<p><iframe loading=\"lazy\" src=\"https:\/\/www.youtube.com\/embed\/hjv3agBKxQ4\" width=\"560\" height=\"315\" frameborder=\"0\" allowfullscreen=\"allowfullscreen\"><\/iframe><\/p>\n<p style=\"text-align: justify;\">Long chemin d&rsquo;apprentissage et de gal\u00e8res, car entre les premi\u00e8res notes \u00e0 15 ans et le premier disque, 15 ann\u00e9es s&rsquo;\u00e9coulent. Ce premier disque contient 2 titres qui marcheront dans le monde entier, <em>Pour oublier qu&rsquo;on s&rsquo;est aim\u00e9<\/em>\u00a0et <em>L&rsquo;Irr\u00e9parable. <\/em>Ce titre\u00a0repris en 12 langues est quasiment pass\u00e9 inaper\u00e7u en France car produit par <em>Barclay<\/em> alors en plein divorce (d\u00e9j\u00e0&#8230; !) d&rsquo;une certaine Nicole qui fusillera ses affaires&#8230; <em>Barclay<\/em>, il le retrouvera un peu plus tard, revenu au sommet, \u00e0 Juan-les-Pins pour un autre 45t, tout aussi rat\u00e9 que celui \u00ab\u00a0commis\u00a0\u00bb entre les deux avec son \u00e9ph\u00e9m\u00e8re groupe de gospel: <em>Reverend Nino and The Jubilees!<\/em><\/p>\n<p style=\"text-align: justify;\">Le succ\u00e8s viendra avec <em>Mirza<\/em> et ses retrouvailles avec <em>Richard Bennet<\/em>, devenu directeur artistique, mais il passera le reste de sa carri\u00e8re \u00e0 tenter de se d\u00e9barrasser de son \u00e9tiquette de \u00ab\u00a0chanteur comique\u00a0\u00bb, allant jusqu&rsquo;\u00e0 repartir en Italie pour se faire oublier au tournant des 70&rsquo;s. Mais entre temps, <em>Nino<\/em> a fait des rencontres qui vont tirer l&rsquo;artiste vers le haut. <em>Mickey Finn<\/em> tout d&rsquo;abord, guitariste anglais boh\u00e8me qui a jou\u00e9 avec les <em>Stones<\/em>, les <a href=\"https:\/\/culturesco.com\/index.php\/2018\/11\/14\/rolling-stones-beggars-banquet-the-prety-things-sf-sorrow-decembre-1968\/\" target=\"_blank\" rel=\"noopener noreferrer\"><em>Pretty Things<\/em><\/a> ou les<em> Small Faces<\/em> et avec qui il restera tr\u00e8s ami. <em>Bernard Estrady<\/em> ensuite, qui sera son musicien\/ing\u00e9 son\/r\u00e9alisateur f\u00e9tiche jusqu&rsquo;en 1975. Et <strong>Jacques Higelin<\/strong> enfin, qui lui apprendra la n\u00e9cessit\u00e9 d&rsquo;oublier la pudeur dans son \u00e9criture, et qu&rsquo;il ira voir, boulevers\u00e9, quinze jours d&rsquo;affil\u00e9s au Cirque d&rsquo;Hiver.<\/p>\n<h3>Nino Ferrer &#8211; Mirza<\/h3>\n<div class=\"youtube-embed\" data-video_id=\"5PN2yfuzgQY\"><iframe loading=\"lazy\" title=\"Nino Ferrer - Mirza (Clip officiel)\" width=\"696\" height=\"522\" src=\"https:\/\/www.youtube.com\/embed\/5PN2yfuzgQY\" frameborder=\"0\" allow=\"accelerometer; autoplay; clipboard-write; encrypted-media; gyroscope; picture-in-picture; web-share\" referrerpolicy=\"strict-origin-when-cross-origin\" allowfullscreen><\/iframe><\/div>\n<p style=\"text-align: justify;\">En 1968, celui qui est pass\u00e9 d&rsquo;un look dandy \u00e0 une allure plus hippie, prendra le <em>Sgt. Pepper<\/em>\u00ab\u00a0des <a href=\"https:\/\/culturesco.com\/index.php\/2018\/11\/26\/abbey-road-the-beatles-qui-est-l-inconnu-mystere-de-la-plus-celebre-pochette-de-disque-des-fab-four\/\" target=\"_blank\" rel=\"noopener noreferrer\">Beatles<\/a> de plein fouet, n&rsquo;h\u00e9sitant pas \u00e0 les comparer \u00e0 <em>Mozart<\/em> (j&rsquo;entends d\u00e9j\u00e0 les puristes s&rsquo;offusquer comme ils reproch\u00e8rent \u00e0 <em>Montserrat Cabale<\/em> de s&rsquo;\u00eatre \u00ab\u00a0fourvoy\u00e9e\u00a0\u00bb avec <a href=\"https:\/\/culturesco.com\/index.php\/2019\/03\/12\/letrange-religion-de-freddie-mercury\/\" target=\"_blank\" rel=\"noopener noreferrer\"><em>Freddie Mercury<\/em><\/a>, bref&#8230; !!!).<\/p>\n<h3>Nino Ferrer &#8211; La Maison Pr\u00e8s De La Fontaine<\/h3>\n<div class=\"youtube-embed\" data-video_id=\"no_DRNT_DuU\"><iframe loading=\"lazy\" title=\"Nino Ferrer - La maison pr\u00e8s de la fontaine (Audio Officiel)\" width=\"696\" height=\"392\" src=\"https:\/\/www.youtube.com\/embed\/no_DRNT_DuU\" frameborder=\"0\" allow=\"accelerometer; autoplay; clipboard-write; encrypted-media; gyroscope; picture-in-picture; web-share\" referrerpolicy=\"strict-origin-when-cross-origin\" allowfullscreen><\/iframe><\/div>\n<p>&nbsp;<\/p>\n<p style=\"text-align: justify;\">Entre 1970 et 1980, plus en phase avec les innovations formelles de la pop de l&rsquo;\u00e9poque (psych\u00e9d\u00e9lisme et rock progressif&#8230;), il va aligner quelques albums singuliers et plus \u00e9labor\u00e9s, depuis <em>Metronomy<\/em>, le chef-d&rsquo;oeuvre de 1971, avec la sublime <strong>Maison pr\u00e8s de la fontaine\u00a0<\/strong>entre autres perles, et l&rsquo;immense succ\u00e8s commercial de 1975: <strong>Le Sud<\/strong>, album et titre incontournables&#8230; Un sud o\u00f9 il finira par s&rsquo;installer pour continuer la chanson en artisan, dans la d\u00e9cennie 80\/90, tout en \u00e9coutant <em>Higelin<\/em>, mais aussi <em>Thi\u00e9faine<\/em> et la <a href=\"https:\/\/culturesco.com\/index.php\/2019\/06\/06\/mano-negra-puta-s-fever-pourquoi-ce-titre-histoire-du-groupe-de-mala-vida-a-pas-assez-de-toi\/\" target=\"_blank\" rel=\"noopener noreferrer\"><em>Mano Negra<\/em><\/a>, ou encore <a href=\"https:\/\/culturesco.com\/index.php\/2018\/08\/11\/serge-gainsbourg-roman-evguenie-sokolov\/\"><em>Gainsbourg<\/em><\/a> dans sa p\u00e9riode <a href=\"https:\/\/fr.wikipedia.org\/wiki\/Histoire_de_Melody_Nelson\" target=\"_blank\" rel=\"noopener noreferrer\"><em>Melody Nelson<\/em><\/a>.<\/p>\n<h3>Nino Ferrer &#8211; Le Sud<\/h3>\n<div class=\"youtube-embed\" data-video_id=\"aW3e2knvaE0\"><iframe loading=\"lazy\" title=\"Nino Ferrer - Le Sud (Clip Officiel)\" width=\"696\" height=\"392\" src=\"https:\/\/www.youtube.com\/embed\/aW3e2knvaE0\" frameborder=\"0\" allow=\"accelerometer; autoplay; clipboard-write; encrypted-media; gyroscope; picture-in-picture; web-share\" referrerpolicy=\"strict-origin-when-cross-origin\" allowfullscreen><\/iframe><\/div>\n<p style=\"text-align: justify;\">Ses proches le d\u00e9crivaient cependant amer d&rsquo;avoir jou\u00e9 au \u00ab\u00a0rigolo de service\u00a0\u00bb, d&rsquo;avoir fait trop de compromissions, d&rsquo;avoir rat\u00e9 son virage rock et g\u00e2ch\u00e9 tant d&rsquo;occasions de r\u00e9ussir \u00ab\u00a0son\u00a0\u00bb \u0153uvre&#8230; Le prix \u00e0 payer aussi pour une certaine insolence doubl\u00e9e d&rsquo;une farouche indocilit\u00e9 qui lui feront dire :<\/p>\n<blockquote>\n<h4 style=\"text-align: justify;\"><span style=\"color: #0000ff;\"><em>\u00ab\u00a0On m&rsquo;a ferm\u00e9 toutes les portes. Mais aujourd&rsquo;hui, c&rsquo;est du pass\u00e9. Mes disques sont l\u00e0, je sais bien ce qu&rsquo;ils valent. Ce ne sont que des maquettes, aucun d&rsquo;eux n&rsquo;est vraiment termin\u00e9, mais il y a quand m\u00eame quelque chose, \u00e7\u00e0 et l\u00e0.\u00a0\u00bb<\/em><\/span><\/h4>\n<\/blockquote>\n<p style=\"text-align: justify;\">Un apaisement de fa\u00e7ade peut-\u00eatre pour cet artiste subtil et raffin\u00e9 qui se suicidera d&rsquo;une balle dans le c\u0153ur en ao\u00fbt 1998, et dont il nous reste heureusement quelques dizaines de titres dont on red\u00e9couvre \u00e0 chaque \u00e9coute l\u2019extr\u00eame beaut\u00e9&#8230; Musique&#8230; !!!!!<\/p>\n<p><em>Denis Chofflet<\/em><\/p>\n","protected":false},"excerpt":{"rendered":"<p>Nino Ferrer &#8211; Blues en fin du Monde Surtout connu pour ses tubes absurdes, comme Mirza et ses chefs-d&rsquo;oeuvre m\u00e9lancoliques tel Le Sud, Nino Ferrer aimait par dessus tout le jazz, les chanteurs soul am\u00e9ricains et surtout Ray Charles.\u00a0Son premier album en 1966 d\u00e9marrait d&rsquo; ailleurs par l&rsquo;explicite Je voudrais \u00eatre noir. Issu d&rsquo;une famille [&hellip;]<\/p>\n","protected":false},"author":9,"featured_media":10838,"comment_status":"open","ping_status":"open","sticky":false,"template":"","format":"image","meta":{"jetpack_post_was_ever_published":false,"tdm_status":"","tdm_grid_status":"","_jetpack_newsletter_access":"","_jetpack_dont_email_post_to_subs":false,"_jetpack_newsletter_tier_id":0,"_jetpack_memberships_contains_paywalled_content":false,"_jetpack_memberships_contains_paid_content":false,"footnotes":""},"categories":[17,14344],"tags":[40,12104,4171],"class_list":{"0":"post-846","1":"post","2":"type-post","3":"status-publish","4":"format-image","5":"has-post-thumbnail","7":"category-carotte-rock-cultures","8":"category-chanson-francaise","9":"tag-chanson-francaise","10":"tag-hommage","11":"tag-pop-culture","12":"post_format-post-format-image"},"yoast_head":"<!-- This site is optimized with the Yoast SEO plugin v27.5 - https:\/\/yoast.com\/product\/yoast-seo-wordpress\/ -->\n<title>Nino Ferrer - Chronique d&#039;un Blues en fin du Monde - Culturesco<\/title>\n<meta name=\"description\" content=\"CulturesCo | Nino Ferrer : Blues en fin de monde, chronique et biographie de l&#039;auteur de Mirza, Le Sud et La Maison Pr\u00e8s De La Fontaine\" \/>\n<meta name=\"robots\" content=\"index, follow, max-snippet:-1, max-image-preview:large, max-video-preview:-1\" \/>\n<link rel=\"canonical\" href=\"https:\/\/culturesco.com\/index.php\/2018\/11\/12\/nino-ferrer-blues-en-fin-du-monde\/\" \/>\n<meta property=\"og:locale\" content=\"fr_FR\" \/>\n<meta property=\"og:type\" content=\"article\" \/>\n<meta property=\"og:title\" content=\"Nino Ferrer - Chronique d&#039;un Blues en fin du Monde - Culturesco\" \/>\n<meta property=\"og:description\" content=\"CulturesCo | Nino Ferrer : Blues en fin de monde, chronique et biographie de l&#039;auteur de Mirza, Le Sud et La Maison Pr\u00e8s De La Fontaine\" \/>\n<meta property=\"og:url\" content=\"https:\/\/culturesco.com\/index.php\/2018\/11\/12\/nino-ferrer-blues-en-fin-du-monde\/\" \/>\n<meta property=\"og:site_name\" content=\"Culturesco\" \/>\n<meta property=\"article:publisher\" content=\"https:\/\/www.facebook.com\/radioculturesco\" \/>\n<meta property=\"article:published_time\" content=\"2018-11-12T22:10:48+00:00\" \/>\n<meta property=\"article:modified_time\" content=\"2025-02-26T08:44:21+00:00\" \/>\n<meta property=\"og:image\" content=\"https:\/\/culturesco.com\/wp-content\/uploads\/2018\/11\/nino-ferrer-1.jpg\" \/>\n\t<meta property=\"og:image:width\" content=\"600\" \/>\n\t<meta property=\"og:image:height\" content=\"314\" \/>\n\t<meta property=\"og:image:type\" content=\"image\/jpeg\" \/>\n<meta name=\"author\" content=\"Denis Chofflet\" \/>\n<meta name=\"twitter:card\" content=\"summary_large_image\" \/>\n<meta name=\"twitter:creator\" content=\"@AugusteMarshal\" \/>\n<meta name=\"twitter:site\" content=\"@AugusteMarshal\" \/>\n<meta name=\"twitter:label1\" content=\"\u00c9crit par\" \/>\n\t<meta name=\"twitter:data1\" content=\"Denis Chofflet\" \/>\n\t<meta name=\"twitter:label2\" content=\"Dur\u00e9e de lecture estim\u00e9e\" \/>\n\t<meta name=\"twitter:data2\" content=\"4 minutes\" \/>\n<script type=\"application\/ld+json\" class=\"yoast-schema-graph\">{\"@context\":\"https:\\\/\\\/schema.org\",\"@graph\":[{\"@type\":\"Article\",\"@id\":\"https:\\\/\\\/culturesco.com\\\/index.php\\\/2018\\\/11\\\/12\\\/nino-ferrer-blues-en-fin-du-monde\\\/#article\",\"isPartOf\":{\"@id\":\"https:\\\/\\\/culturesco.com\\\/index.php\\\/2018\\\/11\\\/12\\\/nino-ferrer-blues-en-fin-du-monde\\\/\"},\"author\":{\"name\":\"Denis Chofflet\",\"@id\":\"https:\\\/\\\/culturesco.com\\\/#\\\/schema\\\/person\\\/e5f1d9f08e7735744b612e13ccec2293\"},\"headline\":\"Nino Ferrer &#8211; Chronique d&rsquo;un Blues en fin du Monde\",\"datePublished\":\"2018-11-12T22:10:48+00:00\",\"dateModified\":\"2025-02-26T08:44:21+00:00\",\"mainEntityOfPage\":{\"@id\":\"https:\\\/\\\/culturesco.com\\\/index.php\\\/2018\\\/11\\\/12\\\/nino-ferrer-blues-en-fin-du-monde\\\/\"},\"wordCount\":778,\"commentCount\":1,\"publisher\":{\"@id\":\"https:\\\/\\\/culturesco.com\\\/#organization\"},\"image\":{\"@id\":\"https:\\\/\\\/culturesco.com\\\/index.php\\\/2018\\\/11\\\/12\\\/nino-ferrer-blues-en-fin-du-monde\\\/#primaryimage\"},\"thumbnailUrl\":\"https:\\\/\\\/i0.wp.com\\\/culturesco.com\\\/wp-content\\\/uploads\\\/2018\\\/11\\\/nino-ferrer-2.jpg?fit=600%2C314&ssl=1\",\"keywords\":[\"chanson fran\u00e7aise\",\"Hommage\",\"Pop culture\"],\"articleSection\":[\"Carotte Rock Cultures\",\"Chanson fran\u00e7aise\"],\"inLanguage\":\"fr-FR\",\"potentialAction\":[{\"@type\":\"CommentAction\",\"name\":\"Comment\",\"target\":[\"https:\\\/\\\/culturesco.com\\\/index.php\\\/2018\\\/11\\\/12\\\/nino-ferrer-blues-en-fin-du-monde\\\/#respond\"]}]},{\"@type\":\"WebPage\",\"@id\":\"https:\\\/\\\/culturesco.com\\\/index.php\\\/2018\\\/11\\\/12\\\/nino-ferrer-blues-en-fin-du-monde\\\/\",\"url\":\"https:\\\/\\\/culturesco.com\\\/index.php\\\/2018\\\/11\\\/12\\\/nino-ferrer-blues-en-fin-du-monde\\\/\",\"name\":\"Nino Ferrer - Chronique d'un Blues en fin du Monde - Culturesco\",\"isPartOf\":{\"@id\":\"https:\\\/\\\/culturesco.com\\\/#website\"},\"primaryImageOfPage\":{\"@id\":\"https:\\\/\\\/culturesco.com\\\/index.php\\\/2018\\\/11\\\/12\\\/nino-ferrer-blues-en-fin-du-monde\\\/#primaryimage\"},\"image\":{\"@id\":\"https:\\\/\\\/culturesco.com\\\/index.php\\\/2018\\\/11\\\/12\\\/nino-ferrer-blues-en-fin-du-monde\\\/#primaryimage\"},\"thumbnailUrl\":\"https:\\\/\\\/i0.wp.com\\\/culturesco.com\\\/wp-content\\\/uploads\\\/2018\\\/11\\\/nino-ferrer-2.jpg?fit=600%2C314&ssl=1\",\"datePublished\":\"2018-11-12T22:10:48+00:00\",\"dateModified\":\"2025-02-26T08:44:21+00:00\",\"description\":\"CulturesCo | Nino Ferrer : Blues en fin de monde, chronique et biographie de l'auteur de Mirza, Le Sud et La Maison Pr\u00e8s De La Fontaine\",\"breadcrumb\":{\"@id\":\"https:\\\/\\\/culturesco.com\\\/index.php\\\/2018\\\/11\\\/12\\\/nino-ferrer-blues-en-fin-du-monde\\\/#breadcrumb\"},\"inLanguage\":\"fr-FR\",\"potentialAction\":[{\"@type\":\"ReadAction\",\"target\":[\"https:\\\/\\\/culturesco.com\\\/index.php\\\/2018\\\/11\\\/12\\\/nino-ferrer-blues-en-fin-du-monde\\\/\"]}]},{\"@type\":\"ImageObject\",\"inLanguage\":\"fr-FR\",\"@id\":\"https:\\\/\\\/culturesco.com\\\/index.php\\\/2018\\\/11\\\/12\\\/nino-ferrer-blues-en-fin-du-monde\\\/#primaryimage\",\"url\":\"https:\\\/\\\/i0.wp.com\\\/culturesco.com\\\/wp-content\\\/uploads\\\/2018\\\/11\\\/nino-ferrer-2.jpg?fit=600%2C314&ssl=1\",\"contentUrl\":\"https:\\\/\\\/i0.wp.com\\\/culturesco.com\\\/wp-content\\\/uploads\\\/2018\\\/11\\\/nino-ferrer-2.jpg?fit=600%2C314&ssl=1\",\"width\":600,\"height\":314,\"caption\":\"nino ferrer blues en fin de monde\"},{\"@type\":\"BreadcrumbList\",\"@id\":\"https:\\\/\\\/culturesco.com\\\/index.php\\\/2018\\\/11\\\/12\\\/nino-ferrer-blues-en-fin-du-monde\\\/#breadcrumb\",\"itemListElement\":[{\"@type\":\"ListItem\",\"position\":1,\"name\":\"Accueil\",\"item\":\"https:\\\/\\\/culturesco.com\\\/\"},{\"@type\":\"ListItem\",\"position\":2,\"name\":\"Nino Ferrer &#8211; Chronique d&rsquo;un Blues en fin du Monde\"}]},{\"@type\":\"WebSite\",\"@id\":\"https:\\\/\\\/culturesco.com\\\/#website\",\"url\":\"https:\\\/\\\/culturesco.com\\\/\",\"name\":\"Culturesco\",\"description\":\"Culturesco | Un bon coup de pied dans ta Culture\",\"publisher\":{\"@id\":\"https:\\\/\\\/culturesco.com\\\/#organization\"},\"potentialAction\":[{\"@type\":\"SearchAction\",\"target\":{\"@type\":\"EntryPoint\",\"urlTemplate\":\"https:\\\/\\\/culturesco.com\\\/?s={search_term_string}\"},\"query-input\":{\"@type\":\"PropertyValueSpecification\",\"valueRequired\":true,\"valueName\":\"search_term_string\"}}],\"inLanguage\":\"fr-FR\"},{\"@type\":\"Organization\",\"@id\":\"https:\\\/\\\/culturesco.com\\\/#organization\",\"name\":\"CULTURESCO\",\"url\":\"https:\\\/\\\/culturesco.com\\\/\",\"logo\":{\"@type\":\"ImageObject\",\"inLanguage\":\"fr-FR\",\"@id\":\"https:\\\/\\\/culturesco.com\\\/#\\\/schema\\\/logo\\\/image\\\/\",\"url\":\"https:\\\/\\\/i0.wp.com\\\/culturesco.com\\\/wp-content\\\/uploads\\\/2022\\\/04\\\/culturesco-logo-blanc250p.png?fit=250%2C250&ssl=1\",\"contentUrl\":\"https:\\\/\\\/i0.wp.com\\\/culturesco.com\\\/wp-content\\\/uploads\\\/2022\\\/04\\\/culturesco-logo-blanc250p.png?fit=250%2C250&ssl=1\",\"width\":250,\"height\":250,\"caption\":\"CULTURESCO\"},\"image\":{\"@id\":\"https:\\\/\\\/culturesco.com\\\/#\\\/schema\\\/logo\\\/image\\\/\"},\"sameAs\":[\"https:\\\/\\\/www.facebook.com\\\/radioculturesco\",\"https:\\\/\\\/x.com\\\/AugusteMarshal\",\"https:\\\/\\\/www.instagram.com\\\/carotte_rock_culture\\\/\",\"https:\\\/\\\/www.pinterest.fr\\\/augustemarshal\\\/\",\"https:\\\/\\\/www.youtube.com\\\/channel\\\/UCiWLGffqWSXlNnfzp6YwwyQ\"]},{\"@type\":\"Person\",\"@id\":\"https:\\\/\\\/culturesco.com\\\/#\\\/schema\\\/person\\\/e5f1d9f08e7735744b612e13ccec2293\",\"name\":\"Denis Chofflet\",\"image\":{\"@type\":\"ImageObject\",\"inLanguage\":\"fr-FR\",\"@id\":\"https:\\\/\\\/i0.wp.com\\\/culturesco.com\\\/wp-content\\\/uploads\\\/2019\\\/01\\\/denis-chofflet.jpg?fit=96%2C86&ssl=1\",\"url\":\"https:\\\/\\\/i0.wp.com\\\/culturesco.com\\\/wp-content\\\/uploads\\\/2019\\\/01\\\/denis-chofflet.jpg?fit=96%2C86&ssl=1\",\"contentUrl\":\"https:\\\/\\\/i0.wp.com\\\/culturesco.com\\\/wp-content\\\/uploads\\\/2019\\\/01\\\/denis-chofflet.jpg?fit=96%2C86&ssl=1\",\"caption\":\"Denis Chofflet\"},\"sameAs\":[\"https:\\\/\\\/culturesco.com\"],\"url\":\"https:\\\/\\\/culturesco.com\\\/index.php\\\/author\\\/denis\\\/\"}]}<\/script>\n<!-- \/ Yoast SEO plugin. -->","yoast_head_json":{"title":"Nino Ferrer - Chronique d'un Blues en fin du Monde - Culturesco","description":"CulturesCo | Nino Ferrer : Blues en fin de monde, chronique et biographie de l'auteur de Mirza, Le Sud et La Maison Pr\u00e8s De La Fontaine","robots":{"index":"index","follow":"follow","max-snippet":"max-snippet:-1","max-image-preview":"max-image-preview:large","max-video-preview":"max-video-preview:-1"},"canonical":"https:\/\/culturesco.com\/index.php\/2018\/11\/12\/nino-ferrer-blues-en-fin-du-monde\/","og_locale":"fr_FR","og_type":"article","og_title":"Nino Ferrer - Chronique d'un Blues en fin du Monde - Culturesco","og_description":"CulturesCo | Nino Ferrer : Blues en fin de monde, chronique et biographie de l'auteur de Mirza, Le Sud et La Maison Pr\u00e8s De La Fontaine","og_url":"https:\/\/culturesco.com\/index.php\/2018\/11\/12\/nino-ferrer-blues-en-fin-du-monde\/","og_site_name":"Culturesco","article_publisher":"https:\/\/www.facebook.com\/radioculturesco","article_published_time":"2018-11-12T22:10:48+00:00","article_modified_time":"2025-02-26T08:44:21+00:00","og_image":[{"width":600,"height":314,"url":"https:\/\/culturesco.com\/wp-content\/uploads\/2018\/11\/nino-ferrer-1.jpg","type":"image\/jpeg"}],"author":"Denis Chofflet","twitter_card":"summary_large_image","twitter_creator":"@AugusteMarshal","twitter_site":"@AugusteMarshal","twitter_misc":{"\u00c9crit par":"Denis Chofflet","Dur\u00e9e de lecture estim\u00e9e":"4 minutes"},"schema":{"@context":"https:\/\/schema.org","@graph":[{"@type":"Article","@id":"https:\/\/culturesco.com\/index.php\/2018\/11\/12\/nino-ferrer-blues-en-fin-du-monde\/#article","isPartOf":{"@id":"https:\/\/culturesco.com\/index.php\/2018\/11\/12\/nino-ferrer-blues-en-fin-du-monde\/"},"author":{"name":"Denis Chofflet","@id":"https:\/\/culturesco.com\/#\/schema\/person\/e5f1d9f08e7735744b612e13ccec2293"},"headline":"Nino Ferrer &#8211; Chronique d&rsquo;un Blues en fin du Monde","datePublished":"2018-11-12T22:10:48+00:00","dateModified":"2025-02-26T08:44:21+00:00","mainEntityOfPage":{"@id":"https:\/\/culturesco.com\/index.php\/2018\/11\/12\/nino-ferrer-blues-en-fin-du-monde\/"},"wordCount":778,"commentCount":1,"publisher":{"@id":"https:\/\/culturesco.com\/#organization"},"image":{"@id":"https:\/\/culturesco.com\/index.php\/2018\/11\/12\/nino-ferrer-blues-en-fin-du-monde\/#primaryimage"},"thumbnailUrl":"https:\/\/i0.wp.com\/culturesco.com\/wp-content\/uploads\/2018\/11\/nino-ferrer-2.jpg?fit=600%2C314&ssl=1","keywords":["chanson fran\u00e7aise","Hommage","Pop culture"],"articleSection":["Carotte Rock Cultures","Chanson fran\u00e7aise"],"inLanguage":"fr-FR","potentialAction":[{"@type":"CommentAction","name":"Comment","target":["https:\/\/culturesco.com\/index.php\/2018\/11\/12\/nino-ferrer-blues-en-fin-du-monde\/#respond"]}]},{"@type":"WebPage","@id":"https:\/\/culturesco.com\/index.php\/2018\/11\/12\/nino-ferrer-blues-en-fin-du-monde\/","url":"https:\/\/culturesco.com\/index.php\/2018\/11\/12\/nino-ferrer-blues-en-fin-du-monde\/","name":"Nino Ferrer - Chronique d'un Blues en fin du Monde - Culturesco","isPartOf":{"@id":"https:\/\/culturesco.com\/#website"},"primaryImageOfPage":{"@id":"https:\/\/culturesco.com\/index.php\/2018\/11\/12\/nino-ferrer-blues-en-fin-du-monde\/#primaryimage"},"image":{"@id":"https:\/\/culturesco.com\/index.php\/2018\/11\/12\/nino-ferrer-blues-en-fin-du-monde\/#primaryimage"},"thumbnailUrl":"https:\/\/i0.wp.com\/culturesco.com\/wp-content\/uploads\/2018\/11\/nino-ferrer-2.jpg?fit=600%2C314&ssl=1","datePublished":"2018-11-12T22:10:48+00:00","dateModified":"2025-02-26T08:44:21+00:00","description":"CulturesCo | Nino Ferrer : Blues en fin de monde, chronique et biographie de l'auteur de Mirza, Le Sud et La Maison Pr\u00e8s De La Fontaine","breadcrumb":{"@id":"https:\/\/culturesco.com\/index.php\/2018\/11\/12\/nino-ferrer-blues-en-fin-du-monde\/#breadcrumb"},"inLanguage":"fr-FR","potentialAction":[{"@type":"ReadAction","target":["https:\/\/culturesco.com\/index.php\/2018\/11\/12\/nino-ferrer-blues-en-fin-du-monde\/"]}]},{"@type":"ImageObject","inLanguage":"fr-FR","@id":"https:\/\/culturesco.com\/index.php\/2018\/11\/12\/nino-ferrer-blues-en-fin-du-monde\/#primaryimage","url":"https:\/\/i0.wp.com\/culturesco.com\/wp-content\/uploads\/2018\/11\/nino-ferrer-2.jpg?fit=600%2C314&ssl=1","contentUrl":"https:\/\/i0.wp.com\/culturesco.com\/wp-content\/uploads\/2018\/11\/nino-ferrer-2.jpg?fit=600%2C314&ssl=1","width":600,"height":314,"caption":"nino ferrer blues en fin de monde"},{"@type":"BreadcrumbList","@id":"https:\/\/culturesco.com\/index.php\/2018\/11\/12\/nino-ferrer-blues-en-fin-du-monde\/#breadcrumb","itemListElement":[{"@type":"ListItem","position":1,"name":"Accueil","item":"https:\/\/culturesco.com\/"},{"@type":"ListItem","position":2,"name":"Nino Ferrer &#8211; Chronique d&rsquo;un Blues en fin du Monde"}]},{"@type":"WebSite","@id":"https:\/\/culturesco.com\/#website","url":"https:\/\/culturesco.com\/","name":"Culturesco","description":"Culturesco | Un bon coup de pied dans ta Culture","publisher":{"@id":"https:\/\/culturesco.com\/#organization"},"potentialAction":[{"@type":"SearchAction","target":{"@type":"EntryPoint","urlTemplate":"https:\/\/culturesco.com\/?s={search_term_string}"},"query-input":{"@type":"PropertyValueSpecification","valueRequired":true,"valueName":"search_term_string"}}],"inLanguage":"fr-FR"},{"@type":"Organization","@id":"https:\/\/culturesco.com\/#organization","name":"CULTURESCO","url":"https:\/\/culturesco.com\/","logo":{"@type":"ImageObject","inLanguage":"fr-FR","@id":"https:\/\/culturesco.com\/#\/schema\/logo\/image\/","url":"https:\/\/i0.wp.com\/culturesco.com\/wp-content\/uploads\/2022\/04\/culturesco-logo-blanc250p.png?fit=250%2C250&ssl=1","contentUrl":"https:\/\/i0.wp.com\/culturesco.com\/wp-content\/uploads\/2022\/04\/culturesco-logo-blanc250p.png?fit=250%2C250&ssl=1","width":250,"height":250,"caption":"CULTURESCO"},"image":{"@id":"https:\/\/culturesco.com\/#\/schema\/logo\/image\/"},"sameAs":["https:\/\/www.facebook.com\/radioculturesco","https:\/\/x.com\/AugusteMarshal","https:\/\/www.instagram.com\/carotte_rock_culture\/","https:\/\/www.pinterest.fr\/augustemarshal\/","https:\/\/www.youtube.com\/channel\/UCiWLGffqWSXlNnfzp6YwwyQ"]},{"@type":"Person","@id":"https:\/\/culturesco.com\/#\/schema\/person\/e5f1d9f08e7735744b612e13ccec2293","name":"Denis Chofflet","image":{"@type":"ImageObject","inLanguage":"fr-FR","@id":"https:\/\/i0.wp.com\/culturesco.com\/wp-content\/uploads\/2019\/01\/denis-chofflet.jpg?fit=96%2C86&ssl=1","url":"https:\/\/i0.wp.com\/culturesco.com\/wp-content\/uploads\/2019\/01\/denis-chofflet.jpg?fit=96%2C86&ssl=1","contentUrl":"https:\/\/i0.wp.com\/culturesco.com\/wp-content\/uploads\/2019\/01\/denis-chofflet.jpg?fit=96%2C86&ssl=1","caption":"Denis Chofflet"},"sameAs":["https:\/\/culturesco.com"],"url":"https:\/\/culturesco.com\/index.php\/author\/denis\/"}]}},"jetpack_featured_media_url":"https:\/\/i0.wp.com\/culturesco.com\/wp-content\/uploads\/2018\/11\/nino-ferrer-2.jpg?fit=600%2C314&ssl=1","jetpack_likes_enabled":true,"jetpack_sharing_enabled":true,"jetpack_shortlink":"https:\/\/wp.me\/paz89I-dE","_links":{"self":[{"href":"https:\/\/culturesco.com\/index.php\/wp-json\/wp\/v2\/posts\/846","targetHints":{"allow":["GET"]}}],"collection":[{"href":"https:\/\/culturesco.com\/index.php\/wp-json\/wp\/v2\/posts"}],"about":[{"href":"https:\/\/culturesco.com\/index.php\/wp-json\/wp\/v2\/types\/post"}],"author":[{"embeddable":true,"href":"https:\/\/culturesco.com\/index.php\/wp-json\/wp\/v2\/users\/9"}],"replies":[{"embeddable":true,"href":"https:\/\/culturesco.com\/index.php\/wp-json\/wp\/v2\/comments?post=846"}],"version-history":[{"count":0,"href":"https:\/\/culturesco.com\/index.php\/wp-json\/wp\/v2\/posts\/846\/revisions"}],"wp:featuredmedia":[{"embeddable":true,"href":"https:\/\/culturesco.com\/index.php\/wp-json\/wp\/v2\/media\/10838"}],"wp:attachment":[{"href":"https:\/\/culturesco.com\/index.php\/wp-json\/wp\/v2\/media?parent=846"}],"wp:term":[{"taxonomy":"category","embeddable":true,"href":"https:\/\/culturesco.com\/index.php\/wp-json\/wp\/v2\/categories?post=846"},{"taxonomy":"post_tag","embeddable":true,"href":"https:\/\/culturesco.com\/index.php\/wp-json\/wp\/v2\/tags?post=846"}],"curies":[{"name":"wp","href":"https:\/\/api.w.org\/{rel}","templated":true}]}}