{"id":8386,"date":"2019-09-06T22:22:21","date_gmt":"2019-09-06T20:22:21","guid":{"rendered":"https:\/\/culturesco.com\/?p=8386"},"modified":"2019-09-07T15:05:26","modified_gmt":"2019-09-07T13:05:26","slug":"superbus-power-pop-ou-punk-rock","status":"publish","type":"post","link":"https:\/\/culturesco.com\/index.php\/2019\/09\/06\/superbus-power-pop-ou-punk-rock\/","title":{"rendered":"SUPERBUS &#8211; Power pop ou punk rock ?"},"content":{"rendered":"<h2>SUPERBUS &#8211; A la fran\u00e7aise !<\/h2>\n<p><a href=\"https:\/\/i0.wp.com\/culturesco.com\/wp-content\/uploads\/2019\/09\/Superbus-inner.jpg?ssl=1\"><img data-recalc-dims=\"1\" loading=\"lazy\" decoding=\"async\" class=\"aligncenter wp-image-8387\" src=\"https:\/\/i0.wp.com\/culturesco.com\/wp-content\/uploads\/2019\/09\/Superbus-inner.jpg?resize=467%2C263&#038;ssl=1\" alt=\"Superbus\" width=\"467\" height=\"263\" srcset=\"https:\/\/i0.wp.com\/culturesco.com\/wp-content\/uploads\/2019\/09\/Superbus-inner.jpg?resize=300%2C169&amp;ssl=1 300w, https:\/\/i0.wp.com\/culturesco.com\/wp-content\/uploads\/2019\/09\/Superbus-inner.jpg?resize=768%2C434&amp;ssl=1 768w, https:\/\/i0.wp.com\/culturesco.com\/wp-content\/uploads\/2019\/09\/Superbus-inner.jpg?resize=696%2C393&amp;ssl=1 696w, https:\/\/i0.wp.com\/culturesco.com\/wp-content\/uploads\/2019\/09\/Superbus-inner.jpg?resize=743%2C420&amp;ssl=1 743w, https:\/\/i0.wp.com\/culturesco.com\/wp-content\/uploads\/2019\/09\/Superbus-inner.jpg?w=600&amp;ssl=1 600w\" sizes=\"auto, (max-width: 467px) 100vw, 467px\" \/><\/a><\/p>\n<h3>Quelle classification musicale ?<\/h3>\n<p style=\"text-align: justify;\"><strong>Superbus<\/strong>, groupe de rock fran\u00e7ais, pratique-t-il une <strong>power pop muscl\u00e9e<\/strong> ou du<strong> punk rock caram\u00e9lis\u00e9<\/strong> ? Auquel cas, serait-il appropri\u00e9 de comparer sa musique \u00e0 une barre de nougat semi tendre glac\u00e9 d\u2019une fine couche de wasabi ?<\/p>\n<p><a href=\"https:\/\/i0.wp.com\/culturesco.com\/wp-content\/uploads\/2019\/09\/Superbus-deux-premiers-albums.jpg?ssl=1\"><img data-recalc-dims=\"1\" loading=\"lazy\" decoding=\"async\" class=\"aligncenter wp-image-8390\" src=\"https:\/\/i0.wp.com\/culturesco.com\/wp-content\/uploads\/2019\/09\/Superbus-deux-premiers-albums.jpg?resize=466%2C219&#038;ssl=1\" alt=\"Superbus\" width=\"466\" height=\"219\" srcset=\"https:\/\/i0.wp.com\/culturesco.com\/wp-content\/uploads\/2019\/09\/Superbus-deux-premiers-albums.jpg?resize=300%2C141&amp;ssl=1 300w, https:\/\/i0.wp.com\/culturesco.com\/wp-content\/uploads\/2019\/09\/Superbus-deux-premiers-albums.jpg?resize=768%2C361&amp;ssl=1 768w, https:\/\/i0.wp.com\/culturesco.com\/wp-content\/uploads\/2019\/09\/Superbus-deux-premiers-albums.jpg?resize=696%2C328&amp;ssl=1 696w, https:\/\/i0.wp.com\/culturesco.com\/wp-content\/uploads\/2019\/09\/Superbus-deux-premiers-albums.jpg?resize=893%2C420&amp;ssl=1 893w, https:\/\/i0.wp.com\/culturesco.com\/wp-content\/uploads\/2019\/09\/Superbus-deux-premiers-albums.jpg?w=600&amp;ssl=1 600w\" sizes=\"auto, (max-width: 466px) 100vw, 466px\" \/><\/a><\/p>\n<p style=\"text-align: justify;\">Disserter d\u2019une notion bas\u00e9e sur le \u00ab go\u00fbt \u00bb entra\u00eene in\u00e9vitablement des d\u00e9saccords, des interpr\u00e9tations : \u00ab <em>Tous les go\u00fbts sont dans la nature !<\/em> \u00bb. En tous cas, quel que soit son statut musical, <strong>Superbus<\/strong> l\u2019<strong>assume \u00e0 la fran\u00e7aise !<\/strong><\/p>\n<h3>SUPERBUS &#8211; Je reste encore<\/h3>\n<div class=\"youtube-embed\" data-video_id=\"qH4aHYaPhAA\"><iframe loading=\"lazy\" title=\"Superbus - Je Reste Encore (01) [A\u00e9romusical] +Lyrics\" width=\"696\" height=\"522\" src=\"https:\/\/www.youtube.com\/embed\/qH4aHYaPhAA\" frameborder=\"0\" allow=\"accelerometer; autoplay; clipboard-write; encrypted-media; gyroscope; picture-in-picture; web-share\" referrerpolicy=\"strict-origin-when-cross-origin\" allowfullscreen><\/iframe><\/div>\n<h3>L&rsquo;av\u00e8nement<\/h3>\n<p style=\"text-align: justify;\">En 2002, les radios FM identifi\u00e9es \u00ab Rock \u00bb : OUI FM, LE MOUV \u2026 propulsent le groupe <strong>sous les projecteurs<\/strong> gr\u00e2ce \u00e0 \u00ab <strong>Tchi-cum-bah<\/strong> \u00bb, chanson extraite de leur premier Lp : \u00ab <strong>Aeromusical<\/strong> \u00bb. La coquinette exotique fait preuve d\u2019une <strong>fra\u00eecheur revigorante<\/strong>. Depuis sa structure originale de <strong>calypso punk-rock<\/strong>, elle r\u00e9pand une<strong> p\u00eache communicative<\/strong>. Crit\u00e8re de r\u00e9ussite, elle donne <strong>l\u2019envie d\u2019y revenir<\/strong>, d\u2019en d\u00e9couvrir un peu plus. Et puis, dans une niche musicale anglo-saxonne, <strong>Racine<\/strong> et <strong>Moli\u00e8re<\/strong> auraient appr\u00e9ci\u00e9 qu\u2019on pratique le fran\u00e7ais.<\/p>\n<h3>Tchi-Cum-Bah<\/h3>\n<div class=\"youtube-embed\" data-video_id=\"I1W7Jd5W28M\"><iframe loading=\"lazy\" title=\"Superbus - Tchi Cum Bah\" width=\"696\" height=\"522\" src=\"https:\/\/www.youtube.com\/embed\/I1W7Jd5W28M\" frameborder=\"0\" allow=\"accelerometer; autoplay; clipboard-write; encrypted-media; gyroscope; picture-in-picture; web-share\" referrerpolicy=\"strict-origin-when-cross-origin\" allowfullscreen><\/iframe><\/div>\n<h3>\u00ab\u00a0Aeromusical\u00a0\u00bb, premier essai r\u00e9ussi<\/h3>\n<p style=\"text-align: justify;\">Outre ce mur porteur, \u00ab <strong>Aeromusical<\/strong> \u00bb (2002) contient d\u2019autres titres non d\u00e9nu\u00e9s d\u2019int\u00e9r\u00eat dont : \u00ab <strong>Into the groove<\/strong> \u00bb, une cover de <strong><a href=\"https:\/\/www.youtube.com\/watch?v=52iW3lcpK5M\" target=\"_blank\" rel=\"noopener noreferrer\">Madona<\/a><\/strong> assez respectueuse de l\u2019originale, \u00ab <a href=\"https:\/\/www.youtube.com\/watch?v=3C_QYuLtTDc\" target=\"_blank\" rel=\"noopener noreferrer\"><strong>A travers toi<\/strong> <\/a>\u00bb, un t\u00e9moignage plomb\u00e9 perdu dans un sillon de bonne humeur, \u00ab <strong>Je reste encore<\/strong> \u00bb ou \u00ab <strong>Superstar<\/strong> \u00bb, des bulles d\u2019\u00e9nergie. Le <strong>son<\/strong> du disque est <strong>impeccable<\/strong>, clair, neveux, \u00ab arrang\u00e9 \u00bb. <strong>David Salsedo<\/strong> en est responsable, chanteur chez <a href=\"https:\/\/www.youtube.com\/watch?v=sWvZivRpXSI\" target=\"_blank\" rel=\"noopener noreferrer\"><strong>Silmaris<\/strong><\/a>, producteur pour Superbus. Il sonorise \u00e9galement l\u2019excellent second album du groupe : \u00ab<strong> Pop\u2019n\u2019Gum<\/strong> \u00bb (2004), dont l\u2019attrait vaut bien celui d\u2019un <a href=\"https:\/\/www.youtube.com\/watch?v=sc5iTNVEOAg\" target=\"_blank\" rel=\"noopener noreferrer\"><strong>Lit<\/strong> <\/a>ou d\u2019un <a href=\"https:\/\/www.youtube.com\/watch?v=desJKYvdq9A\" target=\"_blank\" rel=\"noopener noreferrer\"><strong>Good Charlotte<\/strong> <\/a>am\u00e9ricain.<\/p>\n<h3>SUPERBUS &#8211; Pop&rsquo;n&rsquo;Gum<\/h3>\n<div class=\"youtube-embed\" data-video_id=\"Vqz5aMgpBus\"><iframe loading=\"lazy\" title=\"superbus - Pop&#039;N&#039;Gum\" width=\"696\" height=\"522\" src=\"https:\/\/www.youtube.com\/embed\/Vqz5aMgpBus\" frameborder=\"0\" allow=\"accelerometer; autoplay; clipboard-write; encrypted-media; gyroscope; picture-in-picture; web-share\" referrerpolicy=\"strict-origin-when-cross-origin\" allowfullscreen><\/iframe><\/div>\n<h3>De la \u00ab\u00a0D\u00e9conne\u00a0\u00bb \u00e0 l&rsquo;anath\u00e8me<\/h3>\n<p style=\"text-align: justify;\">La voix de <strong>Jennifer Ayache<\/strong>, chanteuse et principal <strong>auteur\/compositeur<\/strong> de la formation, n\u2019est pas s\u2019en rappeler celle de <a href=\"https:\/\/www.youtube.com\/watch?v=f5qICl3Fr3w\" target=\"_blank\" rel=\"noopener noreferrer\"><strong>Gwen Stephani<\/strong>,<\/a> la polissonne peroxyd\u00e9e de <a href=\"https:\/\/www.youtube.com\/watch?v=PHzOOQfhPFg\" target=\"_blank\" rel=\"noopener noreferrer\"><strong>No Doubt<\/strong>.<\/a> Elle tutoie des intonations plut\u00f4t \u00ab gamines \u00bb, des cordes \u00e0 sauter, des sucettes. Associ\u00e9es aux <strong>th\u00e9matiques adolescentes<\/strong> abord\u00e9es dans les chansons, Superbus appara\u00eet comme un de ces groupes \u0153uvrant au sein des campus am\u00e9ricains, ceux-l\u00e0 m\u00eame qui rythment les grands raouts de fin d\u2019ann\u00e9e universitaire. De ce fait, sa musique fait \u00e9cho \u00e0 des <strong>ambiances festives<\/strong>, de groupes pour la \u00ab d\u00e9conne \u00bb. Son impact limit\u00e9 aupr\u00e8s des fans de rock pur et dur vient-il de l\u00e0 ? Ou provient-il plut\u00f4t de l\u2019effet \u00ab <strong>fils de<\/strong> \u00bb ?<\/p>\n<h3>C&rsquo;est pas comme \u00e7a<\/h3>\n<p>https:\/\/www.youtube.com\/watch?v=Ov0o8FT6L5<\/p>\n<h3>Fille de &#8230;<\/h3>\n<p style=\"text-align: justify;\">Melle Ayache est la <strong>fille de Chantal Lauby<\/strong> de <a href=\"https:\/\/www.youtube.com\/watch?v=RLY8rRkOLuA\" target=\"_blank\" rel=\"noopener noreferrer\"><strong>Les Nuls<\/strong><\/a>. Comme toutes fille ou tous \u00ab fils de \u00bb, quelques rares artistes mis \u00e0 part tels <a href=\"https:\/\/www.youtube.com\/watch?v=sbU5jiS5mhk\" target=\"_blank\" rel=\"noopener noreferrer\"><strong>Thomas Dutronc<\/strong><\/a> ou <a href=\"https:\/\/www.youtube.com\/watch?v=DOpppaeA7bw\" target=\"_blank\" rel=\"noopener noreferrer\"><strong>Arthur H<\/strong><\/a>, elle est victime de la vindicte qui caract\u00e9rise ce statut : CF <strong>Adrien Gallo<\/strong> de<a href=\"https:\/\/www.youtube.com\/watch?v=X3VNRVo7irM\" target=\"_blank\" rel=\"noopener noreferrer\"> BB Brunes<\/a> ou, hors territoire national, <a href=\"https:\/\/www.youtube.com\/watch?v=aQs1Ynq0rlk\" target=\"_blank\" rel=\"noopener noreferrer\"><strong>Julian Lennon<\/strong><\/a>, \u00ab fils de \u00bb qui vous savez. M\u00eame camoufl\u00e9e sous un patronyme de fortune, cette \u00ab tare \u00bb finit par sortir du bois, d\u00e9poussi\u00e9r\u00e9e par un fouineur malveillant. S\u2019il est exact que <strong>le talent ne se transmet pas<\/strong>, qu\u2019il n\u2019est <strong>en rien g\u00e9n\u00e9tique<\/strong>, un peu de retenu dans le d\u00e9nigrement syst\u00e9matique dont ces \u00ab enfants c\u00e9l\u00e8bres \u00bb font l\u2019objet serait bienvenu. La seule m\u00e9thode susceptible de clore les boites \u00e0 excr\u00e9ments consiste \u00e0 <strong>exposer son travail publiquement<\/strong>. Pour d\u00e9subjectiviser les a priori, accorder les violons : <strong>le live !<\/strong> Seule \u00e9preuve de v\u00e9rit\u00e9 \u2026 ou petit d\u00e9tail.<\/p>\n<h3>SUPERBUS &#8211; Petit d\u00e9tail<\/h3>\n<div class=\"youtube-embed\" data-video_id=\"i_00ZJXVlvA\"><iframe loading=\"lazy\" title=\"superbus petit d\u00e9tail\" width=\"696\" height=\"522\" src=\"https:\/\/www.youtube.com\/embed\/i_00ZJXVlvA\" frameborder=\"0\" allow=\"accelerometer; autoplay; clipboard-write; encrypted-media; gyroscope; picture-in-picture; web-share\" referrerpolicy=\"strict-origin-when-cross-origin\" allowfullscreen><\/iframe><\/div>\n<h3>SUPERBUS en concert<\/h3>\n<p><a href=\"https:\/\/i0.wp.com\/culturesco.com\/wp-content\/uploads\/2019\/09\/Superbus-billets-de-concerts.jpg?ssl=1\"><img data-recalc-dims=\"1\" loading=\"lazy\" decoding=\"async\" class=\"aligncenter wp-image-8389\" src=\"https:\/\/i0.wp.com\/culturesco.com\/wp-content\/uploads\/2019\/09\/Superbus-billets-de-concerts.jpg?resize=491%2C139&#038;ssl=1\" alt=\"Superbus\" width=\"491\" height=\"139\" srcset=\"https:\/\/i0.wp.com\/culturesco.com\/wp-content\/uploads\/2019\/09\/Superbus-billets-de-concerts.jpg?resize=300%2C85&amp;ssl=1 300w, https:\/\/i0.wp.com\/culturesco.com\/wp-content\/uploads\/2019\/09\/Superbus-billets-de-concerts.jpg?resize=768%2C217&amp;ssl=1 768w, https:\/\/i0.wp.com\/culturesco.com\/wp-content\/uploads\/2019\/09\/Superbus-billets-de-concerts.jpg?resize=696%2C197&amp;ssl=1 696w, https:\/\/i0.wp.com\/culturesco.com\/wp-content\/uploads\/2019\/09\/Superbus-billets-de-concerts.jpg?w=600&amp;ssl=1 600w\" sizes=\"auto, (max-width: 491px) 100vw, 491px\" \/><\/a><\/p>\n<p style=\"text-align: justify;\">Le <strong>8 octobre 2002<\/strong>, la <strong>Maroquinerie<\/strong> ouvrent ses portes \u00e0 Superbus. Formidable Club o\u00f9 l\u2019on peut se d\u00e9salt\u00e9rer avant un concert puis d\u00eener de concert, la \u00ab Maroc \u00bb fait figure de lieu id\u00e9al pour un groupe qui souhaite <strong>\u00ab performer \u00bb au milieu du public.<\/strong><\/p>\n<p style=\"text-align: justify;\"><strong>Superbus atteint<\/strong> ais\u00e9ment <strong>l\u2019objectif<\/strong>. Le son bonifie les notes, les <strong>musiciens<\/strong> sont <strong>\u00e0 l\u2019aise<\/strong> et la <strong>chanteuse en voix<\/strong>. Dans ce contexte, la musique s\u2019identifie <strong>punk rock<\/strong>, celui de <a href=\"https:\/\/www.youtube.com\/watch?v=A1OqtIqzScI\" target=\"_blank\" rel=\"noopener noreferrer\"><strong>Green Day<\/strong><\/a>.<\/p>\n<p style=\"text-align: justify;\">Le <strong>20 octobre 2004<\/strong>, \u00e0 l<strong>\u2019Elys\u00e9e Montmartre<\/strong>, il en va presque de m\u00eame. <strong>Une affection<\/strong> oropharyng\u00e9e <strong>griffe la voix<\/strong> de Jen, lestant son entrain. Elle communique d\u2019ailleurs sa d\u00e9ception au public de <strong>ne pouvoir donner plus<\/strong>. Difficile de jug\u00e9e d\u2019une performance dans ces conditions. Peut-\u00eatre ailleurs, <strong>sur la Toile ?<\/strong><\/p>\n<h3 style=\"text-align: justify;\">Lola (live)<\/h3>\n<div class=\"youtube-embed\" data-video_id=\"lkMhtnNjTPs\"><iframe loading=\"lazy\" title=\"Superbus Lola live \u00e0 Paris\" width=\"696\" height=\"392\" src=\"https:\/\/www.youtube.com\/embed\/lkMhtnNjTPs\" frameborder=\"0\" allow=\"accelerometer; autoplay; clipboard-write; encrypted-media; gyroscope; picture-in-picture; web-share\" referrerpolicy=\"strict-origin-when-cross-origin\" allowfullscreen><\/iframe><\/div>\n<p style=\"text-align: justify;\">Lumi\u00e8res, spectacles, les conditions sont r\u00e9unies. Sans pour autant tutoyer la vall\u00e9e des Dieux, ces monstres inaccessibles dont la plupart sont maintenant \u00ab vieux \u00bb, <strong>Superbus<\/strong> assure \u00e0 son visiteur un <strong>excellent moment<\/strong>, <strong>ambiance sympa<\/strong> partenaires au bras.<\/p>\n<p style=\"text-align: justify;\">Ne nous privons pas d\u2019un plaisir aux pr\u00e9textes qu\u2019\u00ab <em>On m\u2019a dit<\/em> \u00bb ou qu\u2019\u00ab <em>Il parait<\/em> \u00bb. En musique, ne jamais h\u00e9siter \u00e0 fouiller les poubelles des autres, on y trouve des hardes qui nous font des drapeaux. <strong>Superbus<\/strong> ? <strong>Une p\u00e9pite<\/strong> dans le chapeau.<\/p>\n<h3>SUPERBUS et Daniel DARC &#8211; Chercher le gar\u00e7on (live)<\/h3>\n<div class=\"youtube-embed\" data-video_id=\"157eHBNB4eY\"><iframe loading=\"lazy\" title=\"Superbus \/ Daniel Darc &quot;Cherchez Le Gar\u00e7on&quot; (Live TARATATA Janvier 2007)\" width=\"696\" height=\"522\" src=\"https:\/\/www.youtube.com\/embed\/157eHBNB4eY\" frameborder=\"0\" allow=\"accelerometer; autoplay; clipboard-write; encrypted-media; gyroscope; picture-in-picture; web-share\" referrerpolicy=\"strict-origin-when-cross-origin\" allowfullscreen><\/iframe><\/div>\n<p>Thierry Dauge<\/p>\n","protected":false},"excerpt":{"rendered":"<p>SUPERBUS &#8211; A la fran\u00e7aise ! Quelle classification musicale ? Superbus, groupe de rock fran\u00e7ais, pratique-t-il une power pop muscl\u00e9e ou du punk rock caram\u00e9lis\u00e9 ? Auquel cas, serait-il appropri\u00e9 de comparer sa musique \u00e0 une barre de nougat semi tendre glac\u00e9 d\u2019une fine couche de wasabi ? Disserter d\u2019une notion bas\u00e9e sur le \u00ab [&hellip;]<\/p>\n","protected":false},"author":3,"featured_media":8392,"comment_status":"open","ping_status":"closed","sticky":false,"template":"","format":"image","meta":{"jetpack_post_was_ever_published":false,"tdm_status":"","tdm_grid_status":"","_jetpack_newsletter_access":"","_jetpack_dont_email_post_to_subs":false,"_jetpack_newsletter_tier_id":0,"_jetpack_memberships_contains_paywalled_content":false,"_jetpack_memberships_contains_paid_content":false,"footnotes":""},"categories":[30,17],"tags":[58],"class_list":{"0":"post-8386","1":"post","2":"type-post","3":"status-publish","4":"format-image","5":"has-post-thumbnail","7":"category-albums-rock","8":"category-carotte-rock-cultures","9":"tag-histoire-du-rock","10":"post_format-post-format-image"},"yoast_head":"<!-- This site is optimized with the Yoast SEO plugin v27.5 - https:\/\/yoast.com\/product\/yoast-seo-wordpress\/ -->\n<title>SUPERBUS - Power pop ou punk rock ? - Culturesco<\/title>\n<meta name=\"description\" content=\"CulturesCo | Superbus, power pop et punk rock en fran\u00e7ais. Deux premiers albums excellents : Aeromusical et Pop&#039;n&#039;gum.\" \/>\n<meta name=\"robots\" content=\"index, follow, max-snippet:-1, max-image-preview:large, max-video-preview:-1\" \/>\n<link rel=\"canonical\" href=\"https:\/\/culturesco.com\/index.php\/2019\/09\/06\/superbus-power-pop-ou-punk-rock\/\" \/>\n<meta property=\"og:locale\" content=\"fr_FR\" \/>\n<meta property=\"og:type\" content=\"article\" \/>\n<meta property=\"og:title\" content=\"SUPERBUS - Power pop ou punk rock ? - Culturesco\" \/>\n<meta property=\"og:description\" content=\"CulturesCo | Superbus, power pop et punk rock en fran\u00e7ais. Deux premiers albums excellents : Aeromusical et Pop&#039;n&#039;gum.\" \/>\n<meta property=\"og:url\" content=\"https:\/\/culturesco.com\/index.php\/2019\/09\/06\/superbus-power-pop-ou-punk-rock\/\" \/>\n<meta property=\"og:site_name\" content=\"Culturesco\" \/>\n<meta property=\"article:publisher\" content=\"https:\/\/www.facebook.com\/radioculturesco\" \/>\n<meta property=\"article:published_time\" content=\"2019-09-06T20:22:21+00:00\" \/>\n<meta property=\"article:modified_time\" content=\"2019-09-07T13:05:26+00:00\" \/>\n<meta property=\"og:image\" content=\"https:\/\/i1.wp.com\/culturesco.com\/wp-content\/uploads\/2019\/09\/superbus.jpg?fit=600%2C314&ssl=1\" \/>\n\t<meta property=\"og:image:width\" content=\"600\" \/>\n\t<meta property=\"og:image:height\" content=\"314\" \/>\n\t<meta property=\"og:image:type\" content=\"image\/jpeg\" \/>\n<meta name=\"author\" content=\"Thierry Dauge\" \/>\n<meta name=\"twitter:card\" content=\"summary_large_image\" \/>\n<meta name=\"twitter:creator\" content=\"@AugusteMarshal\" \/>\n<meta name=\"twitter:site\" content=\"@AugusteMarshal\" \/>\n<meta name=\"twitter:label1\" content=\"\u00c9crit par\" \/>\n\t<meta name=\"twitter:data1\" content=\"Thierry Dauge\" \/>\n\t<meta name=\"twitter:label2\" content=\"Dur\u00e9e de lecture estim\u00e9e\" \/>\n\t<meta name=\"twitter:data2\" content=\"4 minutes\" \/>\n<script type=\"application\/ld+json\" class=\"yoast-schema-graph\">{\"@context\":\"https:\\\/\\\/schema.org\",\"@graph\":[{\"@type\":\"Article\",\"@id\":\"https:\\\/\\\/culturesco.com\\\/index.php\\\/2019\\\/09\\\/06\\\/superbus-power-pop-ou-punk-rock\\\/#article\",\"isPartOf\":{\"@id\":\"https:\\\/\\\/culturesco.com\\\/index.php\\\/2019\\\/09\\\/06\\\/superbus-power-pop-ou-punk-rock\\\/\"},\"author\":{\"name\":\"Thierry Dauge\",\"@id\":\"https:\\\/\\\/culturesco.com\\\/#\\\/schema\\\/person\\\/19f04cf232d246197f6e7d62abe6cb0e\"},\"headline\":\"SUPERBUS &#8211; Power pop ou punk rock ?\",\"datePublished\":\"2019-09-06T20:22:21+00:00\",\"dateModified\":\"2019-09-07T13:05:26+00:00\",\"mainEntityOfPage\":{\"@id\":\"https:\\\/\\\/culturesco.com\\\/index.php\\\/2019\\\/09\\\/06\\\/superbus-power-pop-ou-punk-rock\\\/\"},\"wordCount\":902,\"commentCount\":0,\"publisher\":{\"@id\":\"https:\\\/\\\/culturesco.com\\\/#organization\"},\"image\":{\"@id\":\"https:\\\/\\\/culturesco.com\\\/index.php\\\/2019\\\/09\\\/06\\\/superbus-power-pop-ou-punk-rock\\\/#primaryimage\"},\"thumbnailUrl\":\"https:\\\/\\\/i0.wp.com\\\/culturesco.com\\\/wp-content\\\/uploads\\\/2019\\\/09\\\/superbus.jpg?fit=600%2C314&ssl=1\",\"keywords\":[\"histoire du rock\"],\"articleSection\":[\"Albums rock\",\"Carotte Rock Cultures\"],\"inLanguage\":\"fr-FR\",\"potentialAction\":[{\"@type\":\"CommentAction\",\"name\":\"Comment\",\"target\":[\"https:\\\/\\\/culturesco.com\\\/index.php\\\/2019\\\/09\\\/06\\\/superbus-power-pop-ou-punk-rock\\\/#respond\"]}]},{\"@type\":\"WebPage\",\"@id\":\"https:\\\/\\\/culturesco.com\\\/index.php\\\/2019\\\/09\\\/06\\\/superbus-power-pop-ou-punk-rock\\\/\",\"url\":\"https:\\\/\\\/culturesco.com\\\/index.php\\\/2019\\\/09\\\/06\\\/superbus-power-pop-ou-punk-rock\\\/\",\"name\":\"SUPERBUS - Power pop ou punk rock ? - Culturesco\",\"isPartOf\":{\"@id\":\"https:\\\/\\\/culturesco.com\\\/#website\"},\"primaryImageOfPage\":{\"@id\":\"https:\\\/\\\/culturesco.com\\\/index.php\\\/2019\\\/09\\\/06\\\/superbus-power-pop-ou-punk-rock\\\/#primaryimage\"},\"image\":{\"@id\":\"https:\\\/\\\/culturesco.com\\\/index.php\\\/2019\\\/09\\\/06\\\/superbus-power-pop-ou-punk-rock\\\/#primaryimage\"},\"thumbnailUrl\":\"https:\\\/\\\/i0.wp.com\\\/culturesco.com\\\/wp-content\\\/uploads\\\/2019\\\/09\\\/superbus.jpg?fit=600%2C314&ssl=1\",\"datePublished\":\"2019-09-06T20:22:21+00:00\",\"dateModified\":\"2019-09-07T13:05:26+00:00\",\"description\":\"CulturesCo | Superbus, power pop et punk rock en fran\u00e7ais. Deux premiers albums excellents : Aeromusical et Pop'n'gum.\",\"breadcrumb\":{\"@id\":\"https:\\\/\\\/culturesco.com\\\/index.php\\\/2019\\\/09\\\/06\\\/superbus-power-pop-ou-punk-rock\\\/#breadcrumb\"},\"inLanguage\":\"fr-FR\",\"potentialAction\":[{\"@type\":\"ReadAction\",\"target\":[\"https:\\\/\\\/culturesco.com\\\/index.php\\\/2019\\\/09\\\/06\\\/superbus-power-pop-ou-punk-rock\\\/\"]}]},{\"@type\":\"ImageObject\",\"inLanguage\":\"fr-FR\",\"@id\":\"https:\\\/\\\/culturesco.com\\\/index.php\\\/2019\\\/09\\\/06\\\/superbus-power-pop-ou-punk-rock\\\/#primaryimage\",\"url\":\"https:\\\/\\\/i0.wp.com\\\/culturesco.com\\\/wp-content\\\/uploads\\\/2019\\\/09\\\/superbus.jpg?fit=600%2C314&ssl=1\",\"contentUrl\":\"https:\\\/\\\/i0.wp.com\\\/culturesco.com\\\/wp-content\\\/uploads\\\/2019\\\/09\\\/superbus.jpg?fit=600%2C314&ssl=1\",\"width\":600,\"height\":314,\"caption\":\"superbus\"},{\"@type\":\"BreadcrumbList\",\"@id\":\"https:\\\/\\\/culturesco.com\\\/index.php\\\/2019\\\/09\\\/06\\\/superbus-power-pop-ou-punk-rock\\\/#breadcrumb\",\"itemListElement\":[{\"@type\":\"ListItem\",\"position\":1,\"name\":\"Accueil\",\"item\":\"https:\\\/\\\/culturesco.com\\\/\"},{\"@type\":\"ListItem\",\"position\":2,\"name\":\"SUPERBUS &#8211; Power pop ou punk rock ?\"}]},{\"@type\":\"WebSite\",\"@id\":\"https:\\\/\\\/culturesco.com\\\/#website\",\"url\":\"https:\\\/\\\/culturesco.com\\\/\",\"name\":\"Culturesco\",\"description\":\"Culturesco | Un bon coup de pied dans ta Culture\",\"publisher\":{\"@id\":\"https:\\\/\\\/culturesco.com\\\/#organization\"},\"potentialAction\":[{\"@type\":\"SearchAction\",\"target\":{\"@type\":\"EntryPoint\",\"urlTemplate\":\"https:\\\/\\\/culturesco.com\\\/?s={search_term_string}\"},\"query-input\":{\"@type\":\"PropertyValueSpecification\",\"valueRequired\":true,\"valueName\":\"search_term_string\"}}],\"inLanguage\":\"fr-FR\"},{\"@type\":\"Organization\",\"@id\":\"https:\\\/\\\/culturesco.com\\\/#organization\",\"name\":\"CULTURESCO\",\"url\":\"https:\\\/\\\/culturesco.com\\\/\",\"logo\":{\"@type\":\"ImageObject\",\"inLanguage\":\"fr-FR\",\"@id\":\"https:\\\/\\\/culturesco.com\\\/#\\\/schema\\\/logo\\\/image\\\/\",\"url\":\"https:\\\/\\\/i0.wp.com\\\/culturesco.com\\\/wp-content\\\/uploads\\\/2022\\\/04\\\/culturesco-logo-blanc250p.png?fit=250%2C250&ssl=1\",\"contentUrl\":\"https:\\\/\\\/i0.wp.com\\\/culturesco.com\\\/wp-content\\\/uploads\\\/2022\\\/04\\\/culturesco-logo-blanc250p.png?fit=250%2C250&ssl=1\",\"width\":250,\"height\":250,\"caption\":\"CULTURESCO\"},\"image\":{\"@id\":\"https:\\\/\\\/culturesco.com\\\/#\\\/schema\\\/logo\\\/image\\\/\"},\"sameAs\":[\"https:\\\/\\\/www.facebook.com\\\/radioculturesco\",\"https:\\\/\\\/x.com\\\/AugusteMarshal\",\"https:\\\/\\\/www.instagram.com\\\/carotte_rock_culture\\\/\",\"https:\\\/\\\/www.pinterest.fr\\\/augustemarshal\\\/\",\"https:\\\/\\\/www.youtube.com\\\/channel\\\/UCiWLGffqWSXlNnfzp6YwwyQ\"]},{\"@type\":\"Person\",\"@id\":\"https:\\\/\\\/culturesco.com\\\/#\\\/schema\\\/person\\\/19f04cf232d246197f6e7d62abe6cb0e\",\"name\":\"Thierry Dauge\",\"image\":{\"@type\":\"ImageObject\",\"inLanguage\":\"fr-FR\",\"@id\":\"https:\\\/\\\/i0.wp.com\\\/culturesco.com\\\/wp-content\\\/uploads\\\/2018\\\/12\\\/Black-Beauty-and-me.jpg?fit=96%2C96&ssl=1\",\"url\":\"https:\\\/\\\/i0.wp.com\\\/culturesco.com\\\/wp-content\\\/uploads\\\/2018\\\/12\\\/Black-Beauty-and-me.jpg?fit=96%2C96&ssl=1\",\"contentUrl\":\"https:\\\/\\\/i0.wp.com\\\/culturesco.com\\\/wp-content\\\/uploads\\\/2018\\\/12\\\/Black-Beauty-and-me.jpg?fit=96%2C96&ssl=1\",\"caption\":\"Thierry Dauge\"},\"description\":\"Amoureux des 70\u2019s et du hard rock en particulier, Thierry Dauge est chroniqueur sur Culturesco par amour de l\u2019\u00e9criture musicale. Co-auteur du livre\\\"Pop rock - Les instruments de l'ombre\\\" aux \u00e9ditions du Camion Blanc, collaborateur de Vivi pour \\\"Mes Ann\u00e9es Trust\\\", auteur de \\\"Sparks\\\" aux \u00e9ditions du Layeur, parce que le rock est loin d'\u00eatre mort ...\",\"url\":\"https:\\\/\\\/culturesco.com\\\/index.php\\\/author\\\/thierry-dauge888\\\/\"}]}<\/script>\n<!-- \/ Yoast SEO plugin. -->","yoast_head_json":{"title":"SUPERBUS - Power pop ou punk rock ? - Culturesco","description":"CulturesCo | Superbus, power pop et punk rock en fran\u00e7ais. Deux premiers albums excellents : Aeromusical et Pop'n'gum.","robots":{"index":"index","follow":"follow","max-snippet":"max-snippet:-1","max-image-preview":"max-image-preview:large","max-video-preview":"max-video-preview:-1"},"canonical":"https:\/\/culturesco.com\/index.php\/2019\/09\/06\/superbus-power-pop-ou-punk-rock\/","og_locale":"fr_FR","og_type":"article","og_title":"SUPERBUS - Power pop ou punk rock ? - Culturesco","og_description":"CulturesCo | Superbus, power pop et punk rock en fran\u00e7ais. Deux premiers albums excellents : Aeromusical et Pop'n'gum.","og_url":"https:\/\/culturesco.com\/index.php\/2019\/09\/06\/superbus-power-pop-ou-punk-rock\/","og_site_name":"Culturesco","article_publisher":"https:\/\/www.facebook.com\/radioculturesco","article_published_time":"2019-09-06T20:22:21+00:00","article_modified_time":"2019-09-07T13:05:26+00:00","og_image":[{"width":600,"height":314,"url":"https:\/\/i1.wp.com\/culturesco.com\/wp-content\/uploads\/2019\/09\/superbus.jpg?fit=600%2C314&ssl=1","type":"image\/jpeg"}],"author":"Thierry Dauge","twitter_card":"summary_large_image","twitter_creator":"@AugusteMarshal","twitter_site":"@AugusteMarshal","twitter_misc":{"\u00c9crit par":"Thierry Dauge","Dur\u00e9e de lecture estim\u00e9e":"4 minutes"},"schema":{"@context":"https:\/\/schema.org","@graph":[{"@type":"Article","@id":"https:\/\/culturesco.com\/index.php\/2019\/09\/06\/superbus-power-pop-ou-punk-rock\/#article","isPartOf":{"@id":"https:\/\/culturesco.com\/index.php\/2019\/09\/06\/superbus-power-pop-ou-punk-rock\/"},"author":{"name":"Thierry Dauge","@id":"https:\/\/culturesco.com\/#\/schema\/person\/19f04cf232d246197f6e7d62abe6cb0e"},"headline":"SUPERBUS &#8211; Power pop ou punk rock ?","datePublished":"2019-09-06T20:22:21+00:00","dateModified":"2019-09-07T13:05:26+00:00","mainEntityOfPage":{"@id":"https:\/\/culturesco.com\/index.php\/2019\/09\/06\/superbus-power-pop-ou-punk-rock\/"},"wordCount":902,"commentCount":0,"publisher":{"@id":"https:\/\/culturesco.com\/#organization"},"image":{"@id":"https:\/\/culturesco.com\/index.php\/2019\/09\/06\/superbus-power-pop-ou-punk-rock\/#primaryimage"},"thumbnailUrl":"https:\/\/i0.wp.com\/culturesco.com\/wp-content\/uploads\/2019\/09\/superbus.jpg?fit=600%2C314&ssl=1","keywords":["histoire du rock"],"articleSection":["Albums rock","Carotte Rock Cultures"],"inLanguage":"fr-FR","potentialAction":[{"@type":"CommentAction","name":"Comment","target":["https:\/\/culturesco.com\/index.php\/2019\/09\/06\/superbus-power-pop-ou-punk-rock\/#respond"]}]},{"@type":"WebPage","@id":"https:\/\/culturesco.com\/index.php\/2019\/09\/06\/superbus-power-pop-ou-punk-rock\/","url":"https:\/\/culturesco.com\/index.php\/2019\/09\/06\/superbus-power-pop-ou-punk-rock\/","name":"SUPERBUS - Power pop ou punk rock ? - Culturesco","isPartOf":{"@id":"https:\/\/culturesco.com\/#website"},"primaryImageOfPage":{"@id":"https:\/\/culturesco.com\/index.php\/2019\/09\/06\/superbus-power-pop-ou-punk-rock\/#primaryimage"},"image":{"@id":"https:\/\/culturesco.com\/index.php\/2019\/09\/06\/superbus-power-pop-ou-punk-rock\/#primaryimage"},"thumbnailUrl":"https:\/\/i0.wp.com\/culturesco.com\/wp-content\/uploads\/2019\/09\/superbus.jpg?fit=600%2C314&ssl=1","datePublished":"2019-09-06T20:22:21+00:00","dateModified":"2019-09-07T13:05:26+00:00","description":"CulturesCo | Superbus, power pop et punk rock en fran\u00e7ais. Deux premiers albums excellents : Aeromusical et Pop'n'gum.","breadcrumb":{"@id":"https:\/\/culturesco.com\/index.php\/2019\/09\/06\/superbus-power-pop-ou-punk-rock\/#breadcrumb"},"inLanguage":"fr-FR","potentialAction":[{"@type":"ReadAction","target":["https:\/\/culturesco.com\/index.php\/2019\/09\/06\/superbus-power-pop-ou-punk-rock\/"]}]},{"@type":"ImageObject","inLanguage":"fr-FR","@id":"https:\/\/culturesco.com\/index.php\/2019\/09\/06\/superbus-power-pop-ou-punk-rock\/#primaryimage","url":"https:\/\/i0.wp.com\/culturesco.com\/wp-content\/uploads\/2019\/09\/superbus.jpg?fit=600%2C314&ssl=1","contentUrl":"https:\/\/i0.wp.com\/culturesco.com\/wp-content\/uploads\/2019\/09\/superbus.jpg?fit=600%2C314&ssl=1","width":600,"height":314,"caption":"superbus"},{"@type":"BreadcrumbList","@id":"https:\/\/culturesco.com\/index.php\/2019\/09\/06\/superbus-power-pop-ou-punk-rock\/#breadcrumb","itemListElement":[{"@type":"ListItem","position":1,"name":"Accueil","item":"https:\/\/culturesco.com\/"},{"@type":"ListItem","position":2,"name":"SUPERBUS &#8211; Power pop ou punk rock ?"}]},{"@type":"WebSite","@id":"https:\/\/culturesco.com\/#website","url":"https:\/\/culturesco.com\/","name":"Culturesco","description":"Culturesco | Un bon coup de pied dans ta Culture","publisher":{"@id":"https:\/\/culturesco.com\/#organization"},"potentialAction":[{"@type":"SearchAction","target":{"@type":"EntryPoint","urlTemplate":"https:\/\/culturesco.com\/?s={search_term_string}"},"query-input":{"@type":"PropertyValueSpecification","valueRequired":true,"valueName":"search_term_string"}}],"inLanguage":"fr-FR"},{"@type":"Organization","@id":"https:\/\/culturesco.com\/#organization","name":"CULTURESCO","url":"https:\/\/culturesco.com\/","logo":{"@type":"ImageObject","inLanguage":"fr-FR","@id":"https:\/\/culturesco.com\/#\/schema\/logo\/image\/","url":"https:\/\/i0.wp.com\/culturesco.com\/wp-content\/uploads\/2022\/04\/culturesco-logo-blanc250p.png?fit=250%2C250&ssl=1","contentUrl":"https:\/\/i0.wp.com\/culturesco.com\/wp-content\/uploads\/2022\/04\/culturesco-logo-blanc250p.png?fit=250%2C250&ssl=1","width":250,"height":250,"caption":"CULTURESCO"},"image":{"@id":"https:\/\/culturesco.com\/#\/schema\/logo\/image\/"},"sameAs":["https:\/\/www.facebook.com\/radioculturesco","https:\/\/x.com\/AugusteMarshal","https:\/\/www.instagram.com\/carotte_rock_culture\/","https:\/\/www.pinterest.fr\/augustemarshal\/","https:\/\/www.youtube.com\/channel\/UCiWLGffqWSXlNnfzp6YwwyQ"]},{"@type":"Person","@id":"https:\/\/culturesco.com\/#\/schema\/person\/19f04cf232d246197f6e7d62abe6cb0e","name":"Thierry Dauge","image":{"@type":"ImageObject","inLanguage":"fr-FR","@id":"https:\/\/i0.wp.com\/culturesco.com\/wp-content\/uploads\/2018\/12\/Black-Beauty-and-me.jpg?fit=96%2C96&ssl=1","url":"https:\/\/i0.wp.com\/culturesco.com\/wp-content\/uploads\/2018\/12\/Black-Beauty-and-me.jpg?fit=96%2C96&ssl=1","contentUrl":"https:\/\/i0.wp.com\/culturesco.com\/wp-content\/uploads\/2018\/12\/Black-Beauty-and-me.jpg?fit=96%2C96&ssl=1","caption":"Thierry Dauge"},"description":"Amoureux des 70\u2019s et du hard rock en particulier, Thierry Dauge est chroniqueur sur Culturesco par amour de l\u2019\u00e9criture musicale. Co-auteur du livre\"Pop rock - Les instruments de l'ombre\" aux \u00e9ditions du Camion Blanc, collaborateur de Vivi pour \"Mes Ann\u00e9es Trust\", auteur de \"Sparks\" aux \u00e9ditions du Layeur, parce que le rock est loin d'\u00eatre mort ...","url":"https:\/\/culturesco.com\/index.php\/author\/thierry-dauge888\/"}]}},"jetpack_featured_media_url":"https:\/\/i0.wp.com\/culturesco.com\/wp-content\/uploads\/2019\/09\/superbus.jpg?fit=600%2C314&ssl=1","jetpack_likes_enabled":true,"jetpack_sharing_enabled":true,"jetpack_shortlink":"https:\/\/wp.me\/paz89I-2bg","_links":{"self":[{"href":"https:\/\/culturesco.com\/index.php\/wp-json\/wp\/v2\/posts\/8386","targetHints":{"allow":["GET"]}}],"collection":[{"href":"https:\/\/culturesco.com\/index.php\/wp-json\/wp\/v2\/posts"}],"about":[{"href":"https:\/\/culturesco.com\/index.php\/wp-json\/wp\/v2\/types\/post"}],"author":[{"embeddable":true,"href":"https:\/\/culturesco.com\/index.php\/wp-json\/wp\/v2\/users\/3"}],"replies":[{"embeddable":true,"href":"https:\/\/culturesco.com\/index.php\/wp-json\/wp\/v2\/comments?post=8386"}],"version-history":[{"count":0,"href":"https:\/\/culturesco.com\/index.php\/wp-json\/wp\/v2\/posts\/8386\/revisions"}],"wp:featuredmedia":[{"embeddable":true,"href":"https:\/\/culturesco.com\/index.php\/wp-json\/wp\/v2\/media\/8392"}],"wp:attachment":[{"href":"https:\/\/culturesco.com\/index.php\/wp-json\/wp\/v2\/media?parent=8386"}],"wp:term":[{"taxonomy":"category","embeddable":true,"href":"https:\/\/culturesco.com\/index.php\/wp-json\/wp\/v2\/categories?post=8386"},{"taxonomy":"post_tag","embeddable":true,"href":"https:\/\/culturesco.com\/index.php\/wp-json\/wp\/v2\/tags?post=8386"}],"curies":[{"name":"wp","href":"https:\/\/api.w.org\/{rel}","templated":true}]}}