{"id":8292,"date":"2019-08-30T22:32:55","date_gmt":"2019-08-30T20:32:55","guid":{"rendered":"https:\/\/culturesco.com\/?p=8292"},"modified":"2024-07-18T20:24:43","modified_gmt":"2024-07-18T18:24:43","slug":"hommage-a-brian-may-guitariste-de-queen-et-desormais-en-solo-live-report","status":"publish","type":"post","link":"https:\/\/culturesco.com\/index.php\/2019\/08\/30\/hommage-a-brian-may-guitariste-de-queen-et-desormais-en-solo-live-report\/","title":{"rendered":"Brian MAY &#8211; Avec QUEEN et en solo : \u00ab\u00a0Mes concerts\u00a0\u00bb"},"content":{"rendered":"<h2>Brian MAY &#8211; Les vues de l&rsquo;esprit &#8230;<\/h2>\n<p><a href=\"https:\/\/i0.wp.com\/culturesco.com\/wp-content\/uploads\/2019\/08\/BM-inner.jpg?ssl=1\"><img data-recalc-dims=\"1\" loading=\"lazy\" decoding=\"async\" class=\"aligncenter wp-image-8293\" src=\"https:\/\/i0.wp.com\/culturesco.com\/wp-content\/uploads\/2019\/08\/BM-inner.jpg?resize=398%2C269&#038;ssl=1\" alt=\"Brian May\" width=\"398\" height=\"269\" srcset=\"https:\/\/i0.wp.com\/culturesco.com\/wp-content\/uploads\/2019\/08\/BM-inner.jpg?resize=300%2C203&amp;ssl=1 300w, https:\/\/i0.wp.com\/culturesco.com\/wp-content\/uploads\/2019\/08\/BM-inner.jpg?resize=768%2C521&amp;ssl=1 768w, https:\/\/i0.wp.com\/culturesco.com\/wp-content\/uploads\/2019\/08\/BM-inner.jpg?resize=925%2C627&amp;ssl=1 925w, https:\/\/i0.wp.com\/culturesco.com\/wp-content\/uploads\/2019\/08\/BM-inner.jpg?resize=696%2C472&amp;ssl=1 696w, https:\/\/i0.wp.com\/culturesco.com\/wp-content\/uploads\/2019\/08\/BM-inner.jpg?resize=619%2C420&amp;ssl=1 619w, https:\/\/i0.wp.com\/culturesco.com\/wp-content\/uploads\/2019\/08\/BM-inner.jpg?w=600&amp;ssl=1 600w\" sizes=\"auto, (max-width: 398px) 100vw, 398px\" \/><\/a><\/p>\n<h3>L&rsquo;homme d&rsquo;un seul groupe<\/h3>\n<p style=\"text-align: justify;\">Depuis 1971 jusqu\u2019\u00e0 ce jour, <strong>Brian May<\/strong> n\u2019a \u00e9t\u00e9 le <strong>guitariste<\/strong> que d\u2019un seul groupe : <strong>Queen<\/strong>. Quoique \u2026 Si, en 1983, il sort un E.P. sous le nom de <strong>Brian May &amp; Friends<\/strong> : \u00ab <a href=\"https:\/\/www.youtube.com\/watch?v=nR1Xc6Y8Rdg\" target=\"_blank\" rel=\"noopener noreferrer\"><strong>Star fleet project<\/strong><\/a> \u00bb, ses propres \u0153uvres, non pl\u00e9thoriques, ne sont qu\u2019au nombre de deux : \u00ab <strong>Back to the light<\/strong> \u00bb (1992) et \u00ab <strong>Another world<\/strong> \u00bb (1998). A l\u2019entre deux, il sort un double album live sous le patronyme de <strong>The Brian May Band<\/strong> : \u00ab <strong>Live at the Brixton Academy<\/strong> \u00bb (1994).<\/p>\n<p><a href=\"https:\/\/i0.wp.com\/culturesco.com\/wp-content\/uploads\/2019\/08\/Brian-May-albums.jpg?ssl=1\"><img data-recalc-dims=\"1\" loading=\"lazy\" decoding=\"async\" class=\"aligncenter wp-image-8294\" src=\"https:\/\/i0.wp.com\/culturesco.com\/wp-content\/uploads\/2019\/08\/Brian-May-albums.jpg?resize=361%2C357&#038;ssl=1\" alt=\"Brian May\" width=\"361\" height=\"357\" srcset=\"https:\/\/i0.wp.com\/culturesco.com\/wp-content\/uploads\/2019\/08\/Brian-May-albums.jpg?resize=300%2C297&amp;ssl=1 300w, https:\/\/i0.wp.com\/culturesco.com\/wp-content\/uploads\/2019\/08\/Brian-May-albums.jpg?resize=100%2C100&amp;ssl=1 100w, https:\/\/i0.wp.com\/culturesco.com\/wp-content\/uploads\/2019\/08\/Brian-May-albums.jpg?resize=633%2C627&amp;ssl=1 633w, https:\/\/i0.wp.com\/culturesco.com\/wp-content\/uploads\/2019\/08\/Brian-May-albums.jpg?resize=424%2C420&amp;ssl=1 424w, https:\/\/i0.wp.com\/culturesco.com\/wp-content\/uploads\/2019\/08\/Brian-May-albums.jpg?w=600&amp;ssl=1 600w\" sizes=\"auto, (max-width: 361px) 100vw, 361px\" \/><\/a><\/p>\n<p style=\"text-align: justify;\">Bien s\u00fbr, il reprend live des <strong>titres de Queen<\/strong> tout en les revoyant de telle sorte qu\u2019on ne puisse confondre les deux formations. En premier lieu, <strong>c\u2019est lui qui chante<\/strong>. Doutant de ses capacit\u00e9s vocales, il a recrut\u00e9 <strong>deux choristes enchanteresses<\/strong> pour l\u2019encadrer. Enfin, des redoutables \u00ab pointures \u00bb :<a href=\"https:\/\/www.youtube.com\/watch?v=NO_fx1WshCA\" target=\"_blank\" rel=\"noopener noreferrer\"><strong> Cozy Powel<\/strong><\/a> aux f\u00fbts et <a href=\"https:\/\/en.wikipedia.org\/wiki\/Neil_Murray_(British_musician)\" target=\"_blank\" rel=\"noopener noreferrer\"><strong>Neil Murray<\/strong><\/a> \u00e0 la basse, assurent une section rythmique \u00e0 la hauteur de ses partenaires historiques.<\/p>\n<h3>The Brian MAY Band &#8211; Since you&rsquo;ve been gone (live)<\/h3>\n<div class=\"youtube-embed\" data-video_id=\"RLfE3hXl2OM\"><iframe loading=\"lazy\" title=\"Brian May-Since Youve Been Gone Live At The Brixton Academy 1993\" width=\"696\" height=\"522\" src=\"https:\/\/www.youtube.com\/embed\/RLfE3hXl2OM\" frameborder=\"0\" allow=\"accelerometer; autoplay; clipboard-write; encrypted-media; gyroscope; picture-in-picture; web-share\" referrerpolicy=\"strict-origin-when-cross-origin\" allowfullscreen><\/iframe><\/div>\n<p style=\"text-align: justify;\">Plut\u00f4t que d\u00e9crire les abordages sonores g\u00e9n\u00e9r\u00e9s par ses passages sur sc\u00e8ne, <strong>laissons Mr May en parler<\/strong> lui-m\u00eame.<\/p>\n<p><a href=\"https:\/\/i0.wp.com\/culturesco.com\/wp-content\/uploads\/2019\/08\/Queen-billets-concerts.jpg?ssl=1\"><img data-recalc-dims=\"1\" loading=\"lazy\" decoding=\"async\" class=\"aligncenter wp-image-8295\" src=\"https:\/\/i0.wp.com\/culturesco.com\/wp-content\/uploads\/2019\/08\/Queen-billets-concerts.jpg?resize=457%2C306&#038;ssl=1\" alt=\"Brian May\" width=\"457\" height=\"306\" srcset=\"https:\/\/i0.wp.com\/culturesco.com\/wp-content\/uploads\/2019\/08\/Queen-billets-concerts.jpg?resize=300%2C201&amp;ssl=1 300w, https:\/\/i0.wp.com\/culturesco.com\/wp-content\/uploads\/2019\/08\/Queen-billets-concerts.jpg?resize=696%2C467&amp;ssl=1 696w, https:\/\/i0.wp.com\/culturesco.com\/wp-content\/uploads\/2019\/08\/Queen-billets-concerts.jpg?resize=625%2C420&amp;ssl=1 625w, https:\/\/i0.wp.com\/culturesco.com\/wp-content\/uploads\/2019\/08\/Queen-billets-concerts.jpg?w=600&amp;ssl=1 600w\" sizes=\"auto, (max-width: 457px) 100vw, 457px\" \/><\/a><\/p>\n<p style=\"text-align: justify;\">\u00ab <em>En <strong>avril 1978<\/strong>, pour notre premi\u00e8re venue en France avec <strong>Queen<\/strong>, nous jouons dans la capitale fran\u00e7aise pour promouvoir \u2018<a href=\"https:\/\/www.youtube.com\/watch?v=7r8I1kwhUYg\" target=\"_blank\" rel=\"noopener noreferrer\"><strong>News of the world<\/strong><\/a>\u2019. J\u2019aime beaucoup <strong>Paris<\/strong> et cette salle de concert : <strong>le Pavillon<\/strong>, o\u00f9 la proximit\u00e9 du public favorise la communication. Le soir du 24, les fans nous renvoient d\u2019intenses vibrations. <strong>Notre \u00e9nergie en est d\u00e9cupl\u00e9e<\/strong>. En fait, les deux soir\u00e9es que nous donnons restent pour moi de <strong>grands souvenirs live<\/strong>. D\u2019ailleurs, l\u2019ann\u00e9e suivante, \u00e0 l\u2019occasion de la sortie de \u2018<strong><a href=\"https:\/\/www.youtube.com\/watch?v=AXkN9yxgrt0\" target=\"_blank\" rel=\"noopener noreferrer\">Jazz<\/a>\u2019<\/strong>, nous jouons \u00e0 nouveau \u00e0 cet endroit. Nous inclurons au \u2018<strong>Live killer<\/strong>\u2019 des <strong>enregistrements r\u00e9alis\u00e9s lors de ces prestations<\/strong><\/em> \u00bb.<\/p>\n<h3>QUEEN &#8211; Keep yourself alive (live 1979)<\/h3>\n<div class=\"youtube-embed\" data-video_id=\"xkSN4Tx02O8\"><iframe loading=\"lazy\" title=\"13 - Queen - Keep Yourself Alive - Live Killers\" width=\"696\" height=\"522\" src=\"https:\/\/www.youtube.com\/embed\/xkSN4Tx02O8\" frameborder=\"0\" allow=\"accelerometer; autoplay; clipboard-write; encrypted-media; gyroscope; picture-in-picture; web-share\" referrerpolicy=\"strict-origin-when-cross-origin\" allowfullscreen><\/iframe><\/div>\n<p style=\"text-align: justify;\">\u00ab <em>En <strong>novembre 1980<\/strong>, on nous fait jouer dans une sorte de hangar, la Rotonde, <strong>au Bourget<\/strong>. Dr\u00f4le d\u2019endroit. Je me souviens qu\u2019il a plu toute la journ\u00e9e et, qu\u2019\u00e0 notre entr\u00e9e sur sc\u00e8ne, la salle est glac\u00e9e. Malgr\u00e9 cela, <strong>le public r\u00e9agit tr\u00e8s favorablement<\/strong> aux nouveaux titres extraits de \u2018<strong>The game<\/strong>\u2019 et l\u2019ambiance s\u2019enflamme rapidement. <strong>Freddie<\/strong>, magnifique, comme \u00e0 son habitude, y est pour beaucoup. De mon c\u00f4t\u00e9, et pour la premi\u00e8re fois, je suis heureux de chanter un titre en entier : \u2018<a href=\"https:\/\/www.youtube.com\/watch?v=jcm-dp9l-yE\" target=\"_blank\" rel=\"noopener noreferrer\"><strong>Save me<\/strong><\/a>\u2019. Mais, en mati\u00e8re de salle pour le moins originale, en<strong> 1982<\/strong>, lors du \u2018<a href=\"https:\/\/www.youtube.com\/watch?v=Vg1oxQh8Z04\" target=\"_blank\" rel=\"noopener noreferrer\"><strong>Hot Space Tour<\/strong><\/a>\u2019, nous d\u00e9livrons un set dans une sorte de grand gymnase, \u00e0 <strong>Saint-Ouen<\/strong>, l\u00e0 m\u00eame o\u00f9 <strong>Led Zeppelin<\/strong> donna son dernier concert en France<\/em> \u00bb.<\/p>\n<h3>Play the game (live 1980)<\/h3>\n<p style=\"text-align: justify;\">\u00ab<em> En <strong>1993<\/strong>, apr\u00e8s la parution de mon premier enregistrement en solo : \u2018<a href=\"https:\/\/www.youtube.com\/watch?v=ZX20L-5Y1cY\" target=\"_blank\" rel=\"noopener noreferrer\"><strong>Back to the light<\/strong>\u2019<\/a>, je visite \u00e0 nouveau la France en compagnie d\u2019amis musiciens. Je me suis d\u00e9cid\u00e9 \u00e0 chanter mais, comme je ne suis pas certain que mes cordes vocales tiennent les deux heures du concert, j\u2019ai invit\u00e9 deux amies chanteuses pour me soutenir. Bizarrement, nous devions jouer au Z\u00e9nith de Paris mais investissons finalement <strong>une salle de Montmartre<\/strong> nomm\u00e9e : <strong>l\u2019Elys\u00e9e<\/strong>. \u00c7a n\u2019est pas grave car nous sommes <strong>vraiment enchant\u00e9s<\/strong> de nous produire devant <strong>le public fran\u00e7ais et il nous le rend bien<\/strong>. En <strong>1998<\/strong>, \u00e0 <strong>la Cigale<\/strong> cette fois, alors que je pr\u00e9sente mon deuxi\u00e8me album : \u2018<a href=\"https:\/\/www.youtube.com\/watch?v=gHqTeqL4980\" target=\"_blank\" rel=\"noopener noreferrer\"><strong>Another world<\/strong><\/a>\u2019, c\u2019est la m\u00eame chose. Une r\u00e9ciprocit\u00e9 <strong>v\u00e9ritablement amicale<\/strong> \u00bb<\/em>.<\/p>\n<p><a href=\"https:\/\/i0.wp.com\/culturesco.com\/wp-content\/uploads\/2019\/08\/Brian-MAY-billets-concerts.jpg?ssl=1\"><img data-recalc-dims=\"1\" loading=\"lazy\" decoding=\"async\" class=\"aligncenter wp-image-8296\" src=\"https:\/\/i0.wp.com\/culturesco.com\/wp-content\/uploads\/2019\/08\/Brian-MAY-billets-concerts.jpg?resize=426%2C290&#038;ssl=1\" alt=\"en concert\" width=\"426\" height=\"290\" srcset=\"https:\/\/i0.wp.com\/culturesco.com\/wp-content\/uploads\/2019\/08\/Brian-MAY-billets-concerts.jpg?resize=300%2C204&amp;ssl=1 300w, https:\/\/i0.wp.com\/culturesco.com\/wp-content\/uploads\/2019\/08\/Brian-MAY-billets-concerts.jpg?resize=768%2C523&amp;ssl=1 768w, https:\/\/i0.wp.com\/culturesco.com\/wp-content\/uploads\/2019\/08\/Brian-MAY-billets-concerts.jpg?resize=696%2C474&amp;ssl=1 696w, https:\/\/i0.wp.com\/culturesco.com\/wp-content\/uploads\/2019\/08\/Brian-MAY-billets-concerts.jpg?resize=617%2C420&amp;ssl=1 617w, https:\/\/i0.wp.com\/culturesco.com\/wp-content\/uploads\/2019\/08\/Brian-MAY-billets-concerts.jpg?w=600&amp;ssl=1 600w\" sizes=\"auto, (max-width: 426px) 100vw, 426px\" \/><\/a><\/p>\n<h3>Brian MAY &#8211; Hammer to fall (live 1998)<\/h3>\n<p style=\"text-align: justify;\">\u00ab <em>Oui, m\u00eame prendre un grand chanteur \u00e0 une place jug\u00e9e irrempla\u00e7able \u2026 \u00e7a n\u2019est peut-\u00eatre pas la meilleure id\u00e9e qui nous ayons eu. Mais <a href=\"https:\/\/www.youtube.com\/watch?v=lSdBtoIIYT4\" target=\"_blank\" rel=\"noopener noreferrer\"><strong>Paul Rodgers<\/strong><\/a> chante si merveilleusement bien avec Free \u2026 Cette fois-ci, en <strong>2005<\/strong>, avec Roger (Taylor) et Paul, h\u00e9las sans John (Deacon), nous sommes programm\u00e9s au <strong>Z\u00e9nith de Paris<\/strong>. Les gens nous <strong>accueillent g\u00e9n\u00e9reusement<\/strong> et nous prenons beaucoup de plaisir \u00e0 cette <strong>nouvelle exp\u00e9rience<\/strong><\/em> \u00bb.<\/p>\n<p style=\"text-align: justify;\">\u00ab <em>Avec Adam Lambert ? C\u2019est encore autre chose mais permettez-moi de revenir sur ce formidable concert organis\u00e9 \u00e0 <strong>Wembley<\/strong> pour <strong>c\u00e9l\u00e9brer Freddie<\/strong>. <strong>Georges Michael<\/strong> nous fait l\u2019honneur d\u2019y reprendre \u2018<strong>Somebody to love<\/strong>\u2019 en notre compagnie. Ce fut tout simplement <strong>magique<\/strong>. Des frissons m\u2019ont parcouru le corps. J\u2019ai ressenti comme une pr\u00e9sence. Un instant, j\u2019ai cru qu\u2019il \u2026 <strong>que Freddie \u00e9tait \u00e0 nouveau \u00e0 nos c\u00f4t\u00e9s<\/strong> \u2026<\/em> \u00bb.<\/p>\n<h3 style=\"text-align: justify;\">QUEEN &amp; George Michael &#8211; Somebody to love (live)<\/h3>\n<div class=\"youtube-embed\" data-video_id=\"UvM2Cmi-YRU\"><iframe loading=\"lazy\" title=\"Queen &amp; George Michael - Somebody to Love (The Freddie Mercury Tribute Concert)\" width=\"696\" height=\"392\" src=\"https:\/\/www.youtube.com\/embed\/UvM2Cmi-YRU\" frameborder=\"0\" allow=\"accelerometer; autoplay; clipboard-write; encrypted-media; gyroscope; picture-in-picture; web-share\" referrerpolicy=\"strict-origin-when-cross-origin\" allowfullscreen><\/iframe><\/div>\n<h3>Brian MAY et moi<\/h3>\n<p style=\"text-align: justify;\"><strong>Brian et moi<\/strong> ? Nous nous sommes vus \u00e0<strong> huit reprises<\/strong>, la premi\u00e8re partie de <strong>Guns N\u2019 Roses<\/strong> qu\u2019il assura avec son Band \u00e0 <strong>Bercy en 1993<\/strong> comprise \u2026 mais nous ne nous sommes <strong>jamais crois\u00e9<\/strong>. Ce qui est r\u00e9dig\u00e9 plus haut n\u2019est-il donc qu\u2019<strong>affabulations ?<\/strong> C\u2019est possible \u2026 ou pas.<strong> La musique<\/strong> fait cet effet-l\u00e0, elle <strong>nous \u00ab parle \u00bb<\/strong>.<\/p>\n<p style=\"text-align: justify;\">La musique de <strong>Brian May<\/strong>, que ce soit avec<strong> Queen ou en solo<\/strong>, a toujours <strong>provoqu\u00e9e des sensations<\/strong> chez celles et ceux qui l\u2019\u00e9coutaient et qui l\u2019\u00e9coutent encore. Pour les plus jeunes, il s\u2019agit hypoth\u00e9tiquement d\u2019une d\u00e9couverte. Les autres, dont je fais partie et dont, peut-\u00eatre, vous \u00eates, retrouveront l&rsquo;\u00e9vocation une \u00e9poque o\u00f9<strong> jouer un disque<\/strong> \u00e9tait une <strong>activit\u00e9 \u00e0 part enti\u00e8re,<\/strong> une <strong>c\u00e9l\u00e9bration profonde<\/strong>, un <strong>moment tr\u00e8s personnel<\/strong>.<\/p>\n<p style=\"text-align: justify;\">Pour <strong>ma 100\u00e8me publication<\/strong> dans <strong>Cultures Co<\/strong>, merci, Brian, d\u2019avoir permis ces \u00ab <strong><em>vues de l\u2019esprit<\/em> <\/strong>\u00bb.<\/p>\n<p>Thierry Dauge<\/p>\n","protected":false},"excerpt":{"rendered":"<p>Brian MAY &#8211; Les vues de l&rsquo;esprit &#8230; L&rsquo;homme d&rsquo;un seul groupe Depuis 1971 jusqu\u2019\u00e0 ce jour, Brian May n\u2019a \u00e9t\u00e9 le guitariste que d\u2019un seul groupe : Queen. Quoique \u2026 Si, en 1983, il sort un E.P. sous le nom de Brian May &amp; Friends : \u00ab Star fleet project \u00bb, ses propres \u0153uvres, [&hellip;]<\/p>\n","protected":false},"author":3,"featured_media":8300,"comment_status":"open","ping_status":"closed","sticky":false,"template":"","format":"image","meta":{"jetpack_post_was_ever_published":false,"tdm_status":"","tdm_grid_status":"","_jetpack_newsletter_access":"","_jetpack_dont_email_post_to_subs":false,"_jetpack_newsletter_tier_id":0,"_jetpack_memberships_contains_paywalled_content":false,"_jetpack_memberships_contains_paid_content":false,"footnotes":""},"categories":[30,17],"tags":[58],"class_list":{"0":"post-8292","1":"post","2":"type-post","3":"status-publish","4":"format-image","5":"has-post-thumbnail","7":"category-albums-rock","8":"category-carotte-rock-cultures","9":"tag-histoire-du-rock","10":"post_format-post-format-image"},"yoast_head":"<!-- This site is optimized with the Yoast SEO plugin v27.5 - https:\/\/yoast.com\/product\/yoast-seo-wordpress\/ -->\n<title>Brian MAY - Avec QUEEN et en solo : &quot;Mes concerts&quot; - Culturesco<\/title>\n<meta name=\"description\" content=\"CulturesCo | Brian May \u00e9ternel guitariste de Queen, avec sa &quot;Red one&quot;, guitare fabriqu\u00e9e par lui m\u00eame, et The Brian May Band live\" \/>\n<meta name=\"robots\" content=\"index, follow, max-snippet:-1, max-image-preview:large, max-video-preview:-1\" \/>\n<link rel=\"canonical\" href=\"https:\/\/culturesco.com\/index.php\/2019\/08\/30\/hommage-a-brian-may-guitariste-de-queen-et-desormais-en-solo-live-report\/\" \/>\n<meta property=\"og:locale\" content=\"fr_FR\" \/>\n<meta property=\"og:type\" content=\"article\" \/>\n<meta property=\"og:title\" content=\"Brian MAY - Avec QUEEN et en solo : &quot;Mes concerts&quot; - Culturesco\" \/>\n<meta property=\"og:description\" content=\"CulturesCo | Brian May \u00e9ternel guitariste de Queen, avec sa &quot;Red one&quot;, guitare fabriqu\u00e9e par lui m\u00eame, et The Brian May Band live\" \/>\n<meta property=\"og:url\" content=\"https:\/\/culturesco.com\/index.php\/2019\/08\/30\/hommage-a-brian-may-guitariste-de-queen-et-desormais-en-solo-live-report\/\" \/>\n<meta property=\"og:site_name\" content=\"Culturesco\" \/>\n<meta property=\"article:publisher\" content=\"https:\/\/www.facebook.com\/radioculturesco\" \/>\n<meta property=\"article:published_time\" content=\"2019-08-30T20:32:55+00:00\" \/>\n<meta property=\"article:modified_time\" content=\"2024-07-18T18:24:43+00:00\" \/>\n<meta property=\"og:image\" content=\"https:\/\/culturesco.com\/wp-content\/uploads\/2019\/08\/Brian-May-live-1980.jpg\" \/>\n\t<meta property=\"og:image:width\" content=\"600\" \/>\n\t<meta property=\"og:image:height\" content=\"337\" \/>\n\t<meta property=\"og:image:type\" content=\"image\/jpeg\" \/>\n<meta name=\"author\" content=\"Thierry Dauge\" \/>\n<meta name=\"twitter:card\" content=\"summary_large_image\" \/>\n<meta name=\"twitter:creator\" content=\"@AugusteMarshal\" \/>\n<meta name=\"twitter:site\" content=\"@AugusteMarshal\" \/>\n<meta name=\"twitter:label1\" content=\"\u00c9crit par\" \/>\n\t<meta name=\"twitter:data1\" content=\"Thierry Dauge\" \/>\n\t<meta name=\"twitter:label2\" content=\"Dur\u00e9e de lecture estim\u00e9e\" \/>\n\t<meta name=\"twitter:data2\" content=\"6 minutes\" \/>\n<script type=\"application\/ld+json\" class=\"yoast-schema-graph\">{\"@context\":\"https:\\\/\\\/schema.org\",\"@graph\":[{\"@type\":\"Article\",\"@id\":\"https:\\\/\\\/culturesco.com\\\/index.php\\\/2019\\\/08\\\/30\\\/hommage-a-brian-may-guitariste-de-queen-et-desormais-en-solo-live-report\\\/#article\",\"isPartOf\":{\"@id\":\"https:\\\/\\\/culturesco.com\\\/index.php\\\/2019\\\/08\\\/30\\\/hommage-a-brian-may-guitariste-de-queen-et-desormais-en-solo-live-report\\\/\"},\"author\":{\"name\":\"Thierry Dauge\",\"@id\":\"https:\\\/\\\/culturesco.com\\\/#\\\/schema\\\/person\\\/19f04cf232d246197f6e7d62abe6cb0e\"},\"headline\":\"Brian MAY &#8211; Avec QUEEN et en solo : \u00ab\u00a0Mes concerts\u00a0\u00bb\",\"datePublished\":\"2019-08-30T20:32:55+00:00\",\"dateModified\":\"2024-07-18T18:24:43+00:00\",\"mainEntityOfPage\":{\"@id\":\"https:\\\/\\\/culturesco.com\\\/index.php\\\/2019\\\/08\\\/30\\\/hommage-a-brian-may-guitariste-de-queen-et-desormais-en-solo-live-report\\\/\"},\"wordCount\":946,\"commentCount\":0,\"publisher\":{\"@id\":\"https:\\\/\\\/culturesco.com\\\/#organization\"},\"image\":{\"@id\":\"https:\\\/\\\/culturesco.com\\\/index.php\\\/2019\\\/08\\\/30\\\/hommage-a-brian-may-guitariste-de-queen-et-desormais-en-solo-live-report\\\/#primaryimage\"},\"thumbnailUrl\":\"https:\\\/\\\/i0.wp.com\\\/culturesco.com\\\/wp-content\\\/uploads\\\/2019\\\/08\\\/Brian-May-live-1980.jpg?fit=600%2C337&ssl=1\",\"keywords\":[\"histoire du rock\"],\"articleSection\":[\"Albums rock\",\"Carotte Rock Cultures\"],\"inLanguage\":\"fr-FR\",\"potentialAction\":[{\"@type\":\"CommentAction\",\"name\":\"Comment\",\"target\":[\"https:\\\/\\\/culturesco.com\\\/index.php\\\/2019\\\/08\\\/30\\\/hommage-a-brian-may-guitariste-de-queen-et-desormais-en-solo-live-report\\\/#respond\"]}]},{\"@type\":\"WebPage\",\"@id\":\"https:\\\/\\\/culturesco.com\\\/index.php\\\/2019\\\/08\\\/30\\\/hommage-a-brian-may-guitariste-de-queen-et-desormais-en-solo-live-report\\\/\",\"url\":\"https:\\\/\\\/culturesco.com\\\/index.php\\\/2019\\\/08\\\/30\\\/hommage-a-brian-may-guitariste-de-queen-et-desormais-en-solo-live-report\\\/\",\"name\":\"Brian MAY - Avec QUEEN et en solo : \\\"Mes concerts\\\" - Culturesco\",\"isPartOf\":{\"@id\":\"https:\\\/\\\/culturesco.com\\\/#website\"},\"primaryImageOfPage\":{\"@id\":\"https:\\\/\\\/culturesco.com\\\/index.php\\\/2019\\\/08\\\/30\\\/hommage-a-brian-may-guitariste-de-queen-et-desormais-en-solo-live-report\\\/#primaryimage\"},\"image\":{\"@id\":\"https:\\\/\\\/culturesco.com\\\/index.php\\\/2019\\\/08\\\/30\\\/hommage-a-brian-may-guitariste-de-queen-et-desormais-en-solo-live-report\\\/#primaryimage\"},\"thumbnailUrl\":\"https:\\\/\\\/i0.wp.com\\\/culturesco.com\\\/wp-content\\\/uploads\\\/2019\\\/08\\\/Brian-May-live-1980.jpg?fit=600%2C337&ssl=1\",\"datePublished\":\"2019-08-30T20:32:55+00:00\",\"dateModified\":\"2024-07-18T18:24:43+00:00\",\"description\":\"CulturesCo | Brian May \u00e9ternel guitariste de Queen, avec sa \\\"Red one\\\", guitare fabriqu\u00e9e par lui m\u00eame, et The Brian May Band live\",\"breadcrumb\":{\"@id\":\"https:\\\/\\\/culturesco.com\\\/index.php\\\/2019\\\/08\\\/30\\\/hommage-a-brian-may-guitariste-de-queen-et-desormais-en-solo-live-report\\\/#breadcrumb\"},\"inLanguage\":\"fr-FR\",\"potentialAction\":[{\"@type\":\"ReadAction\",\"target\":[\"https:\\\/\\\/culturesco.com\\\/index.php\\\/2019\\\/08\\\/30\\\/hommage-a-brian-may-guitariste-de-queen-et-desormais-en-solo-live-report\\\/\"]}]},{\"@type\":\"ImageObject\",\"inLanguage\":\"fr-FR\",\"@id\":\"https:\\\/\\\/culturesco.com\\\/index.php\\\/2019\\\/08\\\/30\\\/hommage-a-brian-may-guitariste-de-queen-et-desormais-en-solo-live-report\\\/#primaryimage\",\"url\":\"https:\\\/\\\/i0.wp.com\\\/culturesco.com\\\/wp-content\\\/uploads\\\/2019\\\/08\\\/Brian-May-live-1980.jpg?fit=600%2C337&ssl=1\",\"contentUrl\":\"https:\\\/\\\/i0.wp.com\\\/culturesco.com\\\/wp-content\\\/uploads\\\/2019\\\/08\\\/Brian-May-live-1980.jpg?fit=600%2C337&ssl=1\",\"width\":600,\"height\":337,\"caption\":\"Brian May\"},{\"@type\":\"BreadcrumbList\",\"@id\":\"https:\\\/\\\/culturesco.com\\\/index.php\\\/2019\\\/08\\\/30\\\/hommage-a-brian-may-guitariste-de-queen-et-desormais-en-solo-live-report\\\/#breadcrumb\",\"itemListElement\":[{\"@type\":\"ListItem\",\"position\":1,\"name\":\"Accueil\",\"item\":\"https:\\\/\\\/culturesco.com\\\/\"},{\"@type\":\"ListItem\",\"position\":2,\"name\":\"Brian MAY &#8211; Avec QUEEN et en solo : &#8220;Mes concerts&#8221;\"}]},{\"@type\":\"WebSite\",\"@id\":\"https:\\\/\\\/culturesco.com\\\/#website\",\"url\":\"https:\\\/\\\/culturesco.com\\\/\",\"name\":\"Culturesco\",\"description\":\"Culturesco | Un bon coup de pied dans ta Culture\",\"publisher\":{\"@id\":\"https:\\\/\\\/culturesco.com\\\/#organization\"},\"potentialAction\":[{\"@type\":\"SearchAction\",\"target\":{\"@type\":\"EntryPoint\",\"urlTemplate\":\"https:\\\/\\\/culturesco.com\\\/?s={search_term_string}\"},\"query-input\":{\"@type\":\"PropertyValueSpecification\",\"valueRequired\":true,\"valueName\":\"search_term_string\"}}],\"inLanguage\":\"fr-FR\"},{\"@type\":\"Organization\",\"@id\":\"https:\\\/\\\/culturesco.com\\\/#organization\",\"name\":\"CULTURESCO\",\"url\":\"https:\\\/\\\/culturesco.com\\\/\",\"logo\":{\"@type\":\"ImageObject\",\"inLanguage\":\"fr-FR\",\"@id\":\"https:\\\/\\\/culturesco.com\\\/#\\\/schema\\\/logo\\\/image\\\/\",\"url\":\"https:\\\/\\\/i0.wp.com\\\/culturesco.com\\\/wp-content\\\/uploads\\\/2022\\\/04\\\/culturesco-logo-blanc250p.png?fit=250%2C250&ssl=1\",\"contentUrl\":\"https:\\\/\\\/i0.wp.com\\\/culturesco.com\\\/wp-content\\\/uploads\\\/2022\\\/04\\\/culturesco-logo-blanc250p.png?fit=250%2C250&ssl=1\",\"width\":250,\"height\":250,\"caption\":\"CULTURESCO\"},\"image\":{\"@id\":\"https:\\\/\\\/culturesco.com\\\/#\\\/schema\\\/logo\\\/image\\\/\"},\"sameAs\":[\"https:\\\/\\\/www.facebook.com\\\/radioculturesco\",\"https:\\\/\\\/x.com\\\/AugusteMarshal\",\"https:\\\/\\\/www.instagram.com\\\/carotte_rock_culture\\\/\",\"https:\\\/\\\/www.pinterest.fr\\\/augustemarshal\\\/\",\"https:\\\/\\\/www.youtube.com\\\/channel\\\/UCiWLGffqWSXlNnfzp6YwwyQ\"]},{\"@type\":\"Person\",\"@id\":\"https:\\\/\\\/culturesco.com\\\/#\\\/schema\\\/person\\\/19f04cf232d246197f6e7d62abe6cb0e\",\"name\":\"Thierry Dauge\",\"image\":{\"@type\":\"ImageObject\",\"inLanguage\":\"fr-FR\",\"@id\":\"https:\\\/\\\/i0.wp.com\\\/culturesco.com\\\/wp-content\\\/uploads\\\/2018\\\/12\\\/Black-Beauty-and-me.jpg?fit=96%2C96&ssl=1\",\"url\":\"https:\\\/\\\/i0.wp.com\\\/culturesco.com\\\/wp-content\\\/uploads\\\/2018\\\/12\\\/Black-Beauty-and-me.jpg?fit=96%2C96&ssl=1\",\"contentUrl\":\"https:\\\/\\\/i0.wp.com\\\/culturesco.com\\\/wp-content\\\/uploads\\\/2018\\\/12\\\/Black-Beauty-and-me.jpg?fit=96%2C96&ssl=1\",\"caption\":\"Thierry Dauge\"},\"description\":\"Amoureux des 70\u2019s et du hard rock en particulier, Thierry Dauge est chroniqueur sur Culturesco par amour de l\u2019\u00e9criture musicale. Co-auteur du livre\\\"Pop rock - Les instruments de l'ombre\\\" aux \u00e9ditions du Camion Blanc, collaborateur de Vivi pour \\\"Mes Ann\u00e9es Trust\\\", auteur de \\\"Sparks\\\" aux \u00e9ditions du Layeur, parce que le rock est loin d'\u00eatre mort ...\",\"url\":\"https:\\\/\\\/culturesco.com\\\/index.php\\\/author\\\/thierry-dauge888\\\/\"}]}<\/script>\n<!-- \/ Yoast SEO plugin. -->","yoast_head_json":{"title":"Brian MAY - Avec QUEEN et en solo : \"Mes concerts\" - Culturesco","description":"CulturesCo | Brian May \u00e9ternel guitariste de Queen, avec sa \"Red one\", guitare fabriqu\u00e9e par lui m\u00eame, et The Brian May Band live","robots":{"index":"index","follow":"follow","max-snippet":"max-snippet:-1","max-image-preview":"max-image-preview:large","max-video-preview":"max-video-preview:-1"},"canonical":"https:\/\/culturesco.com\/index.php\/2019\/08\/30\/hommage-a-brian-may-guitariste-de-queen-et-desormais-en-solo-live-report\/","og_locale":"fr_FR","og_type":"article","og_title":"Brian MAY - Avec QUEEN et en solo : \"Mes concerts\" - Culturesco","og_description":"CulturesCo | Brian May \u00e9ternel guitariste de Queen, avec sa \"Red one\", guitare fabriqu\u00e9e par lui m\u00eame, et The Brian May Band live","og_url":"https:\/\/culturesco.com\/index.php\/2019\/08\/30\/hommage-a-brian-may-guitariste-de-queen-et-desormais-en-solo-live-report\/","og_site_name":"Culturesco","article_publisher":"https:\/\/www.facebook.com\/radioculturesco","article_published_time":"2019-08-30T20:32:55+00:00","article_modified_time":"2024-07-18T18:24:43+00:00","og_image":[{"width":600,"height":337,"url":"https:\/\/culturesco.com\/wp-content\/uploads\/2019\/08\/Brian-May-live-1980.jpg","type":"image\/jpeg"}],"author":"Thierry Dauge","twitter_card":"summary_large_image","twitter_creator":"@AugusteMarshal","twitter_site":"@AugusteMarshal","twitter_misc":{"\u00c9crit par":"Thierry Dauge","Dur\u00e9e de lecture estim\u00e9e":"6 minutes"},"schema":{"@context":"https:\/\/schema.org","@graph":[{"@type":"Article","@id":"https:\/\/culturesco.com\/index.php\/2019\/08\/30\/hommage-a-brian-may-guitariste-de-queen-et-desormais-en-solo-live-report\/#article","isPartOf":{"@id":"https:\/\/culturesco.com\/index.php\/2019\/08\/30\/hommage-a-brian-may-guitariste-de-queen-et-desormais-en-solo-live-report\/"},"author":{"name":"Thierry Dauge","@id":"https:\/\/culturesco.com\/#\/schema\/person\/19f04cf232d246197f6e7d62abe6cb0e"},"headline":"Brian MAY &#8211; Avec QUEEN et en solo : \u00ab\u00a0Mes concerts\u00a0\u00bb","datePublished":"2019-08-30T20:32:55+00:00","dateModified":"2024-07-18T18:24:43+00:00","mainEntityOfPage":{"@id":"https:\/\/culturesco.com\/index.php\/2019\/08\/30\/hommage-a-brian-may-guitariste-de-queen-et-desormais-en-solo-live-report\/"},"wordCount":946,"commentCount":0,"publisher":{"@id":"https:\/\/culturesco.com\/#organization"},"image":{"@id":"https:\/\/culturesco.com\/index.php\/2019\/08\/30\/hommage-a-brian-may-guitariste-de-queen-et-desormais-en-solo-live-report\/#primaryimage"},"thumbnailUrl":"https:\/\/i0.wp.com\/culturesco.com\/wp-content\/uploads\/2019\/08\/Brian-May-live-1980.jpg?fit=600%2C337&ssl=1","keywords":["histoire du rock"],"articleSection":["Albums rock","Carotte Rock Cultures"],"inLanguage":"fr-FR","potentialAction":[{"@type":"CommentAction","name":"Comment","target":["https:\/\/culturesco.com\/index.php\/2019\/08\/30\/hommage-a-brian-may-guitariste-de-queen-et-desormais-en-solo-live-report\/#respond"]}]},{"@type":"WebPage","@id":"https:\/\/culturesco.com\/index.php\/2019\/08\/30\/hommage-a-brian-may-guitariste-de-queen-et-desormais-en-solo-live-report\/","url":"https:\/\/culturesco.com\/index.php\/2019\/08\/30\/hommage-a-brian-may-guitariste-de-queen-et-desormais-en-solo-live-report\/","name":"Brian MAY - Avec QUEEN et en solo : \"Mes concerts\" - Culturesco","isPartOf":{"@id":"https:\/\/culturesco.com\/#website"},"primaryImageOfPage":{"@id":"https:\/\/culturesco.com\/index.php\/2019\/08\/30\/hommage-a-brian-may-guitariste-de-queen-et-desormais-en-solo-live-report\/#primaryimage"},"image":{"@id":"https:\/\/culturesco.com\/index.php\/2019\/08\/30\/hommage-a-brian-may-guitariste-de-queen-et-desormais-en-solo-live-report\/#primaryimage"},"thumbnailUrl":"https:\/\/i0.wp.com\/culturesco.com\/wp-content\/uploads\/2019\/08\/Brian-May-live-1980.jpg?fit=600%2C337&ssl=1","datePublished":"2019-08-30T20:32:55+00:00","dateModified":"2024-07-18T18:24:43+00:00","description":"CulturesCo | Brian May \u00e9ternel guitariste de Queen, avec sa \"Red one\", guitare fabriqu\u00e9e par lui m\u00eame, et The Brian May Band live","breadcrumb":{"@id":"https:\/\/culturesco.com\/index.php\/2019\/08\/30\/hommage-a-brian-may-guitariste-de-queen-et-desormais-en-solo-live-report\/#breadcrumb"},"inLanguage":"fr-FR","potentialAction":[{"@type":"ReadAction","target":["https:\/\/culturesco.com\/index.php\/2019\/08\/30\/hommage-a-brian-may-guitariste-de-queen-et-desormais-en-solo-live-report\/"]}]},{"@type":"ImageObject","inLanguage":"fr-FR","@id":"https:\/\/culturesco.com\/index.php\/2019\/08\/30\/hommage-a-brian-may-guitariste-de-queen-et-desormais-en-solo-live-report\/#primaryimage","url":"https:\/\/i0.wp.com\/culturesco.com\/wp-content\/uploads\/2019\/08\/Brian-May-live-1980.jpg?fit=600%2C337&ssl=1","contentUrl":"https:\/\/i0.wp.com\/culturesco.com\/wp-content\/uploads\/2019\/08\/Brian-May-live-1980.jpg?fit=600%2C337&ssl=1","width":600,"height":337,"caption":"Brian May"},{"@type":"BreadcrumbList","@id":"https:\/\/culturesco.com\/index.php\/2019\/08\/30\/hommage-a-brian-may-guitariste-de-queen-et-desormais-en-solo-live-report\/#breadcrumb","itemListElement":[{"@type":"ListItem","position":1,"name":"Accueil","item":"https:\/\/culturesco.com\/"},{"@type":"ListItem","position":2,"name":"Brian MAY &#8211; Avec QUEEN et en solo : &#8220;Mes concerts&#8221;"}]},{"@type":"WebSite","@id":"https:\/\/culturesco.com\/#website","url":"https:\/\/culturesco.com\/","name":"Culturesco","description":"Culturesco | Un bon coup de pied dans ta Culture","publisher":{"@id":"https:\/\/culturesco.com\/#organization"},"potentialAction":[{"@type":"SearchAction","target":{"@type":"EntryPoint","urlTemplate":"https:\/\/culturesco.com\/?s={search_term_string}"},"query-input":{"@type":"PropertyValueSpecification","valueRequired":true,"valueName":"search_term_string"}}],"inLanguage":"fr-FR"},{"@type":"Organization","@id":"https:\/\/culturesco.com\/#organization","name":"CULTURESCO","url":"https:\/\/culturesco.com\/","logo":{"@type":"ImageObject","inLanguage":"fr-FR","@id":"https:\/\/culturesco.com\/#\/schema\/logo\/image\/","url":"https:\/\/i0.wp.com\/culturesco.com\/wp-content\/uploads\/2022\/04\/culturesco-logo-blanc250p.png?fit=250%2C250&ssl=1","contentUrl":"https:\/\/i0.wp.com\/culturesco.com\/wp-content\/uploads\/2022\/04\/culturesco-logo-blanc250p.png?fit=250%2C250&ssl=1","width":250,"height":250,"caption":"CULTURESCO"},"image":{"@id":"https:\/\/culturesco.com\/#\/schema\/logo\/image\/"},"sameAs":["https:\/\/www.facebook.com\/radioculturesco","https:\/\/x.com\/AugusteMarshal","https:\/\/www.instagram.com\/carotte_rock_culture\/","https:\/\/www.pinterest.fr\/augustemarshal\/","https:\/\/www.youtube.com\/channel\/UCiWLGffqWSXlNnfzp6YwwyQ"]},{"@type":"Person","@id":"https:\/\/culturesco.com\/#\/schema\/person\/19f04cf232d246197f6e7d62abe6cb0e","name":"Thierry Dauge","image":{"@type":"ImageObject","inLanguage":"fr-FR","@id":"https:\/\/i0.wp.com\/culturesco.com\/wp-content\/uploads\/2018\/12\/Black-Beauty-and-me.jpg?fit=96%2C96&ssl=1","url":"https:\/\/i0.wp.com\/culturesco.com\/wp-content\/uploads\/2018\/12\/Black-Beauty-and-me.jpg?fit=96%2C96&ssl=1","contentUrl":"https:\/\/i0.wp.com\/culturesco.com\/wp-content\/uploads\/2018\/12\/Black-Beauty-and-me.jpg?fit=96%2C96&ssl=1","caption":"Thierry Dauge"},"description":"Amoureux des 70\u2019s et du hard rock en particulier, Thierry Dauge est chroniqueur sur Culturesco par amour de l\u2019\u00e9criture musicale. Co-auteur du livre\"Pop rock - Les instruments de l'ombre\" aux \u00e9ditions du Camion Blanc, collaborateur de Vivi pour \"Mes Ann\u00e9es Trust\", auteur de \"Sparks\" aux \u00e9ditions du Layeur, parce que le rock est loin d'\u00eatre mort ...","url":"https:\/\/culturesco.com\/index.php\/author\/thierry-dauge888\/"}]}},"jetpack_featured_media_url":"https:\/\/i0.wp.com\/culturesco.com\/wp-content\/uploads\/2019\/08\/Brian-May-live-1980.jpg?fit=600%2C337&ssl=1","jetpack_likes_enabled":true,"jetpack_sharing_enabled":true,"jetpack_shortlink":"https:\/\/wp.me\/paz89I-29K","_links":{"self":[{"href":"https:\/\/culturesco.com\/index.php\/wp-json\/wp\/v2\/posts\/8292","targetHints":{"allow":["GET"]}}],"collection":[{"href":"https:\/\/culturesco.com\/index.php\/wp-json\/wp\/v2\/posts"}],"about":[{"href":"https:\/\/culturesco.com\/index.php\/wp-json\/wp\/v2\/types\/post"}],"author":[{"embeddable":true,"href":"https:\/\/culturesco.com\/index.php\/wp-json\/wp\/v2\/users\/3"}],"replies":[{"embeddable":true,"href":"https:\/\/culturesco.com\/index.php\/wp-json\/wp\/v2\/comments?post=8292"}],"version-history":[{"count":0,"href":"https:\/\/culturesco.com\/index.php\/wp-json\/wp\/v2\/posts\/8292\/revisions"}],"wp:featuredmedia":[{"embeddable":true,"href":"https:\/\/culturesco.com\/index.php\/wp-json\/wp\/v2\/media\/8300"}],"wp:attachment":[{"href":"https:\/\/culturesco.com\/index.php\/wp-json\/wp\/v2\/media?parent=8292"}],"wp:term":[{"taxonomy":"category","embeddable":true,"href":"https:\/\/culturesco.com\/index.php\/wp-json\/wp\/v2\/categories?post=8292"},{"taxonomy":"post_tag","embeddable":true,"href":"https:\/\/culturesco.com\/index.php\/wp-json\/wp\/v2\/tags?post=8292"}],"curies":[{"name":"wp","href":"https:\/\/api.w.org\/{rel}","templated":true}]}}