{"id":7935,"date":"2019-07-29T01:00:28","date_gmt":"2019-07-28T23:00:28","guid":{"rendered":"https:\/\/culturesco.com\/?p=7935"},"modified":"2020-04-24T20:17:54","modified_gmt":"2020-04-24T18:17:54","slug":"gerald-genty-la-haut","status":"publish","type":"post","link":"https:\/\/culturesco.com\/index.php\/2019\/07\/29\/gerald-genty-la-haut\/","title":{"rendered":"G\u00e9rald Genty \u2013 L\u00e0-Haut"},"content":{"rendered":"<h2 style=\"text-align: justify;\">Gerald Genty : une Mont\u00e9e Dans l\u2019Intime<\/h2>\n<p style=\"text-align: justify;\"><img data-recalc-dims=\"1\" loading=\"lazy\" decoding=\"async\" class=\"size-medium wp-image-7936 aligncenter\" src=\"https:\/\/i0.wp.com\/culturesco.com\/wp-content\/uploads\/2019\/07\/G%C3%A9rald-Genty.jpeg?resize=297%2C300&#038;ssl=1\" alt=\"\" width=\"297\" height=\"300\" srcset=\"https:\/\/i0.wp.com\/culturesco.com\/wp-content\/uploads\/2019\/07\/G%C3%A9rald-Genty.jpeg?resize=297%2C300&amp;ssl=1 297w, https:\/\/i0.wp.com\/culturesco.com\/wp-content\/uploads\/2019\/07\/G%C3%A9rald-Genty.jpeg?resize=100%2C100&amp;ssl=1 100w, https:\/\/i0.wp.com\/culturesco.com\/wp-content\/uploads\/2019\/07\/G%C3%A9rald-Genty.jpeg?resize=768%2C777&amp;ssl=1 768w, https:\/\/i0.wp.com\/culturesco.com\/wp-content\/uploads\/2019\/07\/G%C3%A9rald-Genty.jpeg?resize=620%2C627&amp;ssl=1 620w, https:\/\/i0.wp.com\/culturesco.com\/wp-content\/uploads\/2019\/07\/G%C3%A9rald-Genty.jpeg?resize=696%2C704&amp;ssl=1 696w, https:\/\/i0.wp.com\/culturesco.com\/wp-content\/uploads\/2019\/07\/G%C3%A9rald-Genty.jpeg?resize=1068%2C1080&amp;ssl=1 1068w, https:\/\/i0.wp.com\/culturesco.com\/wp-content\/uploads\/2019\/07\/G%C3%A9rald-Genty.jpeg?resize=415%2C420&amp;ssl=1 415w, https:\/\/i0.wp.com\/culturesco.com\/wp-content\/uploads\/2019\/07\/G%C3%A9rald-Genty.jpeg?w=593&amp;ssl=1 593w\" sizes=\"auto, (max-width: 297px) 100vw, 297px\" \/><\/p>\n<h3 style=\"text-align: justify;\">\u00ab\u00a0L\u00e0-Haut\u00a0\u00bb, Tout Proche<\/h3>\n<p style=\"text-align: justify;\">Pas facile de d\u00e9crire le nouvel album de <strong>G\u00e9rald Genty<\/strong>. Le pr\u00e9c\u00e9dent semblait envout\u00e9, celui-ci s\u2019apparente \u00e0 une d\u00e9contraction. Plus l\u00e9ger, voire dr\u00f4le (<strong>\u00ab\u00a0Le Facteur\u00a0\u00bb<\/strong>) et introspectif. <strong>\u00ab\u00a0L\u00e0-Haut\u00a0\u00bb<\/strong> atteint les cimes sans tomber dans l\u2019ab\u00eeme. Ses chansons oscillent entre la m\u00e9lancolie et l\u2019envol\u00e9e. L\u2019intime fr\u00f4le l\u2019entre soi. Une belle soir\u00e9e au coin du feu pour la rentr\u00e9e ou bien un reste estival en attendant l\u2019automne, c\u2019est ce qui reste dans nos oreilles \u00e9blouies. L\u2019ensemble demeure acoustique, pr\u00e8s de soi ou de l\u2019autre. L\u2019ambition de monter haut manque d\u2019une marche certaine. On lui reprochera, sans rancune, sa capacit\u00e9 \u00e0 composer des m\u00e9lodies externes pour se renfrogner du c\u00f4t\u00e9 interne. M\u00eame si \u00e7a ne penche pas pour une \u00e9vidence. Ecoutez\u00a0<strong>\u00ab\u00a0L\u00e0-Haut\u00a0\u00bb<\/strong> d\u2019ici bas sur Youtube.<\/p>\n<p style=\"text-align: justify;\"><strong>G\u00e9rald Genty &#8211;\u00a0L\u00e0-Haut<\/strong><\/p>\n<p style=\"text-align: justify;\">30 F\u00e9vrier \/ Pias G\u00e9rald GENTY<\/p>\n<p style=\"text-align: justify;\"><a href=\"https:\/\/amzn.to\/31mi4Zh\" target=\"_blank\" rel=\"noopener noreferrer\">Album : sortie le 30 ao\u00fbt 2019<\/a><\/p>\n<p style=\"text-align: center;\"><iframe style=\"width: 120px; height: 240px;\" src=\"\/\/ws-eu.amazon-adsystem.com\/widgets\/q?ServiceVersion=20070822&amp;OneJS=1&amp;Operation=GetAdHtml&amp;MarketPlace=FR&amp;source=ss&amp;ref=as_ss_li_til&amp;ad_type=product_link&amp;tracking_id=auguste00-21&amp;language=fr_FR&amp;marketplace=amazon&amp;region=FR&amp;placement=B07RY49XR1&amp;asins=B07RY49XR1&amp;linkId=c3d2f332cddab1ac12a53707fce6515b&amp;show_border=true&amp;link_opens_in_new_window=true\" frameborder=\"0\" marginwidth=\"0\" marginheight=\"0\" scrolling=\"no\"><\/iframe><\/p>\n<p style=\"text-align: justify;\"><strong>Patrick B\u00e9nard<\/strong><\/p>\n<p>A lire \u00e9galement :<\/p>\n<p><a href=\"https:\/\/culturesco.com\/index.php\/2019\/07\/06\/patti-smith-horses-1er-album-1975-l-esprit-dissident-de-gloria-a-break-it-up\/\" target=\"_blank\" rel=\"noopener noreferrer\">Patti Smith Horses, l&rsquo;esprit dissident<\/a><\/p>\n","protected":false},"excerpt":{"rendered":"<p>Gerald Genty : une Mont\u00e9e Dans l\u2019Intime \u00ab\u00a0L\u00e0-Haut\u00a0\u00bb, Tout Proche Pas facile de d\u00e9crire le nouvel album de G\u00e9rald Genty. Le pr\u00e9c\u00e9dent semblait envout\u00e9, celui-ci s\u2019apparente \u00e0 une d\u00e9contraction. Plus l\u00e9ger, voire dr\u00f4le (\u00ab\u00a0Le Facteur\u00a0\u00bb) et introspectif. \u00ab\u00a0L\u00e0-Haut\u00a0\u00bb atteint les cimes sans tomber dans l\u2019ab\u00eeme. Ses chansons oscillent entre la m\u00e9lancolie et l\u2019envol\u00e9e. L\u2019intime fr\u00f4le [&hellip;]<\/p>\n","protected":false},"author":4,"featured_media":7936,"comment_status":"open","ping_status":"closed","sticky":false,"template":"","format":"image","meta":{"jetpack_post_was_ever_published":false,"tdm_status":"","tdm_grid_status":"","_jetpack_newsletter_access":"","_jetpack_dont_email_post_to_subs":false,"_jetpack_newsletter_tier_id":0,"_jetpack_memberships_contains_paywalled_content":false,"_jetpack_memberships_contains_paid_content":false,"footnotes":""},"categories":[17],"tags":[40],"class_list":{"0":"post-7935","1":"post","2":"type-post","3":"status-publish","4":"format-image","5":"has-post-thumbnail","7":"category-carotte-rock-cultures","8":"tag-chanson-francaise","9":"post_format-post-format-image"},"yoast_head":"<!-- This site is optimized with the Yoast SEO plugin v27.5 - https:\/\/yoast.com\/product\/yoast-seo-wordpress\/ -->\n<title>G\u00e9rald Genty \u2013 L\u00e0-Haut - Culturesco G\u00e9rald Genty<\/title>\n<meta name=\"description\" content=\"CulturesCo | Nouvel album 2019 de G\u00e9rald Genty - L\u00e0-Haut : Une mont\u00e9e de tendresse sinc\u00e8re servie sur des textes d&#039;une grande finesse\" \/>\n<meta name=\"robots\" content=\"index, follow, max-snippet:-1, max-image-preview:large, max-video-preview:-1\" \/>\n<link rel=\"canonical\" href=\"https:\/\/culturesco.com\/index.php\/2019\/07\/29\/gerald-genty-la-haut\/\" \/>\n<meta property=\"og:locale\" content=\"fr_FR\" \/>\n<meta property=\"og:type\" content=\"article\" \/>\n<meta property=\"og:title\" content=\"G\u00e9rald Genty \u2013 L\u00e0-Haut - Culturesco G\u00e9rald Genty\" \/>\n<meta property=\"og:description\" content=\"CulturesCo | Nouvel album 2019 de G\u00e9rald Genty - L\u00e0-Haut : Une mont\u00e9e de tendresse sinc\u00e8re servie sur des textes d&#039;une grande finesse\" \/>\n<meta property=\"og:url\" content=\"https:\/\/culturesco.com\/index.php\/2019\/07\/29\/gerald-genty-la-haut\/\" \/>\n<meta property=\"og:site_name\" content=\"Culturesco\" \/>\n<meta property=\"article:publisher\" content=\"https:\/\/www.facebook.com\/radioculturesco\" \/>\n<meta property=\"article:published_time\" content=\"2019-07-28T23:00:28+00:00\" \/>\n<meta property=\"article:modified_time\" content=\"2020-04-24T18:17:54+00:00\" \/>\n<meta property=\"og:image\" content=\"https:\/\/i1.wp.com\/culturesco.com\/wp-content\/uploads\/2019\/07\/G\u00e9rald-Genty.jpeg?fit=593%2C600&ssl=1\" \/>\n\t<meta property=\"og:image:width\" content=\"593\" \/>\n\t<meta property=\"og:image:height\" content=\"600\" \/>\n\t<meta property=\"og:image:type\" content=\"image\/jpeg\" \/>\n<meta name=\"author\" content=\"Patrick Benard\" \/>\n<meta name=\"twitter:card\" content=\"summary_large_image\" \/>\n<meta name=\"twitter:creator\" content=\"@AugusteMarshal\" \/>\n<meta name=\"twitter:site\" content=\"@AugusteMarshal\" \/>\n<meta name=\"twitter:label1\" content=\"\u00c9crit par\" \/>\n\t<meta name=\"twitter:data1\" content=\"Patrick Benard\" \/>\n\t<meta name=\"twitter:label2\" content=\"Dur\u00e9e de lecture estim\u00e9e\" \/>\n\t<meta name=\"twitter:data2\" content=\"1 minute\" \/>\n<script type=\"application\/ld+json\" class=\"yoast-schema-graph\">{\"@context\":\"https:\\\/\\\/schema.org\",\"@graph\":[{\"@type\":\"Article\",\"@id\":\"https:\\\/\\\/culturesco.com\\\/index.php\\\/2019\\\/07\\\/29\\\/gerald-genty-la-haut\\\/#article\",\"isPartOf\":{\"@id\":\"https:\\\/\\\/culturesco.com\\\/index.php\\\/2019\\\/07\\\/29\\\/gerald-genty-la-haut\\\/\"},\"author\":{\"name\":\"Patrick Benard\",\"@id\":\"https:\\\/\\\/culturesco.com\\\/#\\\/schema\\\/person\\\/c2ddd6724863f3bbd20a8278df0891f3\"},\"headline\":\"G\u00e9rald Genty \u2013 L\u00e0-Haut\",\"datePublished\":\"2019-07-28T23:00:28+00:00\",\"dateModified\":\"2020-04-24T18:17:54+00:00\",\"mainEntityOfPage\":{\"@id\":\"https:\\\/\\\/culturesco.com\\\/index.php\\\/2019\\\/07\\\/29\\\/gerald-genty-la-haut\\\/\"},\"wordCount\":198,\"commentCount\":0,\"publisher\":{\"@id\":\"https:\\\/\\\/culturesco.com\\\/#organization\"},\"image\":{\"@id\":\"https:\\\/\\\/culturesco.com\\\/index.php\\\/2019\\\/07\\\/29\\\/gerald-genty-la-haut\\\/#primaryimage\"},\"thumbnailUrl\":\"https:\\\/\\\/i0.wp.com\\\/culturesco.com\\\/wp-content\\\/uploads\\\/2019\\\/07\\\/G%C3%A9rald-Genty.jpeg?fit=593%2C600&ssl=1\",\"keywords\":[\"chanson fran\u00e7aise\"],\"articleSection\":[\"Carotte Rock Cultures\"],\"inLanguage\":\"fr-FR\",\"potentialAction\":[{\"@type\":\"CommentAction\",\"name\":\"Comment\",\"target\":[\"https:\\\/\\\/culturesco.com\\\/index.php\\\/2019\\\/07\\\/29\\\/gerald-genty-la-haut\\\/#respond\"]}]},{\"@type\":\"WebPage\",\"@id\":\"https:\\\/\\\/culturesco.com\\\/index.php\\\/2019\\\/07\\\/29\\\/gerald-genty-la-haut\\\/\",\"url\":\"https:\\\/\\\/culturesco.com\\\/index.php\\\/2019\\\/07\\\/29\\\/gerald-genty-la-haut\\\/\",\"name\":\"G\u00e9rald Genty \u2013 L\u00e0-Haut - Culturesco G\u00e9rald Genty\",\"isPartOf\":{\"@id\":\"https:\\\/\\\/culturesco.com\\\/#website\"},\"primaryImageOfPage\":{\"@id\":\"https:\\\/\\\/culturesco.com\\\/index.php\\\/2019\\\/07\\\/29\\\/gerald-genty-la-haut\\\/#primaryimage\"},\"image\":{\"@id\":\"https:\\\/\\\/culturesco.com\\\/index.php\\\/2019\\\/07\\\/29\\\/gerald-genty-la-haut\\\/#primaryimage\"},\"thumbnailUrl\":\"https:\\\/\\\/i0.wp.com\\\/culturesco.com\\\/wp-content\\\/uploads\\\/2019\\\/07\\\/G%C3%A9rald-Genty.jpeg?fit=593%2C600&ssl=1\",\"datePublished\":\"2019-07-28T23:00:28+00:00\",\"dateModified\":\"2020-04-24T18:17:54+00:00\",\"description\":\"CulturesCo | Nouvel album 2019 de G\u00e9rald Genty - L\u00e0-Haut : Une mont\u00e9e de tendresse sinc\u00e8re servie sur des textes d'une grande finesse\",\"breadcrumb\":{\"@id\":\"https:\\\/\\\/culturesco.com\\\/index.php\\\/2019\\\/07\\\/29\\\/gerald-genty-la-haut\\\/#breadcrumb\"},\"inLanguage\":\"fr-FR\",\"potentialAction\":[{\"@type\":\"ReadAction\",\"target\":[\"https:\\\/\\\/culturesco.com\\\/index.php\\\/2019\\\/07\\\/29\\\/gerald-genty-la-haut\\\/\"]}]},{\"@type\":\"ImageObject\",\"inLanguage\":\"fr-FR\",\"@id\":\"https:\\\/\\\/culturesco.com\\\/index.php\\\/2019\\\/07\\\/29\\\/gerald-genty-la-haut\\\/#primaryimage\",\"url\":\"https:\\\/\\\/i0.wp.com\\\/culturesco.com\\\/wp-content\\\/uploads\\\/2019\\\/07\\\/G%C3%A9rald-Genty.jpeg?fit=593%2C600&ssl=1\",\"contentUrl\":\"https:\\\/\\\/i0.wp.com\\\/culturesco.com\\\/wp-content\\\/uploads\\\/2019\\\/07\\\/G%C3%A9rald-Genty.jpeg?fit=593%2C600&ssl=1\",\"width\":593,\"height\":600,\"caption\":\"G\u00e9rald Genty\"},{\"@type\":\"BreadcrumbList\",\"@id\":\"https:\\\/\\\/culturesco.com\\\/index.php\\\/2019\\\/07\\\/29\\\/gerald-genty-la-haut\\\/#breadcrumb\",\"itemListElement\":[{\"@type\":\"ListItem\",\"position\":1,\"name\":\"Accueil\",\"item\":\"https:\\\/\\\/culturesco.com\\\/\"},{\"@type\":\"ListItem\",\"position\":2,\"name\":\"G\u00e9rald Genty \u2013 L\u00e0-Haut\"}]},{\"@type\":\"WebSite\",\"@id\":\"https:\\\/\\\/culturesco.com\\\/#website\",\"url\":\"https:\\\/\\\/culturesco.com\\\/\",\"name\":\"Culturesco\",\"description\":\"Culturesco | Un bon coup de pied dans ta Culture\",\"publisher\":{\"@id\":\"https:\\\/\\\/culturesco.com\\\/#organization\"},\"potentialAction\":[{\"@type\":\"SearchAction\",\"target\":{\"@type\":\"EntryPoint\",\"urlTemplate\":\"https:\\\/\\\/culturesco.com\\\/?s={search_term_string}\"},\"query-input\":{\"@type\":\"PropertyValueSpecification\",\"valueRequired\":true,\"valueName\":\"search_term_string\"}}],\"inLanguage\":\"fr-FR\"},{\"@type\":\"Organization\",\"@id\":\"https:\\\/\\\/culturesco.com\\\/#organization\",\"name\":\"CULTURESCO\",\"url\":\"https:\\\/\\\/culturesco.com\\\/\",\"logo\":{\"@type\":\"ImageObject\",\"inLanguage\":\"fr-FR\",\"@id\":\"https:\\\/\\\/culturesco.com\\\/#\\\/schema\\\/logo\\\/image\\\/\",\"url\":\"https:\\\/\\\/i0.wp.com\\\/culturesco.com\\\/wp-content\\\/uploads\\\/2022\\\/04\\\/culturesco-logo-blanc250p.png?fit=250%2C250&ssl=1\",\"contentUrl\":\"https:\\\/\\\/i0.wp.com\\\/culturesco.com\\\/wp-content\\\/uploads\\\/2022\\\/04\\\/culturesco-logo-blanc250p.png?fit=250%2C250&ssl=1\",\"width\":250,\"height\":250,\"caption\":\"CULTURESCO\"},\"image\":{\"@id\":\"https:\\\/\\\/culturesco.com\\\/#\\\/schema\\\/logo\\\/image\\\/\"},\"sameAs\":[\"https:\\\/\\\/www.facebook.com\\\/radioculturesco\",\"https:\\\/\\\/x.com\\\/AugusteMarshal\",\"https:\\\/\\\/www.instagram.com\\\/carotte_rock_culture\\\/\",\"https:\\\/\\\/www.pinterest.fr\\\/augustemarshal\\\/\",\"https:\\\/\\\/www.youtube.com\\\/channel\\\/UCiWLGffqWSXlNnfzp6YwwyQ\"]},{\"@type\":\"Person\",\"@id\":\"https:\\\/\\\/culturesco.com\\\/#\\\/schema\\\/person\\\/c2ddd6724863f3bbd20a8278df0891f3\",\"name\":\"Patrick Benard\",\"image\":{\"@type\":\"ImageObject\",\"inLanguage\":\"fr-FR\",\"@id\":\"https:\\\/\\\/i0.wp.com\\\/culturesco.com\\\/wp-content\\\/uploads\\\/2019\\\/02\\\/patrick-benard-2.jpg?fit=90%2C96&ssl=1\",\"url\":\"https:\\\/\\\/i0.wp.com\\\/culturesco.com\\\/wp-content\\\/uploads\\\/2019\\\/02\\\/patrick-benard-2.jpg?fit=90%2C96&ssl=1\",\"contentUrl\":\"https:\\\/\\\/i0.wp.com\\\/culturesco.com\\\/wp-content\\\/uploads\\\/2019\\\/02\\\/patrick-benard-2.jpg?fit=90%2C96&ssl=1\",\"caption\":\"Patrick Benard\"},\"description\":\"Ecrivain, chroniqueur, animateur radio, cr\u00e9ateur de la revue \u00ab Cin\u00e9manie \u00bb, autour du cin\u00e9ma dit d\u2019art et d\u2019essai, sp\u00e9cialiste du groupe The Cure, archiviste... 2020 : \\\"Le Post Rock\\\" essai sur le post rock de Mogwa\u00ef \u00e0 Godspeed You Black Emperor - Camion Blanc 2014 : \u00ab On the rocks \u2013le rock de 2007 \u00e0 2014 \u00bb chroniques livres et cd rocks, interviews \u2013Editions Vaillant 2010 : \u00ab Dans la T\u00eate de Robert Smith \u00bb, roman fiction autour de l\u2019histoire des Cure et de Robert Smith \u2013 Edilivres 2007 : \u00ab Chroniques Fr\u00e9n\u00e9tiques, une histoire intime du rock \u00bb, roman, prix Technikart. 2001 : \u00ab Les Iles du D\u00e9sert \u00bb, polar autour du rock \u2013 Editions Nykta\",\"url\":\"https:\\\/\\\/culturesco.com\\\/index.php\\\/author\\\/patrick-benard89\\\/\"}]}<\/script>\n<!-- \/ Yoast SEO plugin. -->","yoast_head_json":{"title":"G\u00e9rald Genty \u2013 L\u00e0-Haut - Culturesco G\u00e9rald Genty","description":"CulturesCo | Nouvel album 2019 de G\u00e9rald Genty - L\u00e0-Haut : Une mont\u00e9e de tendresse sinc\u00e8re servie sur des textes d'une grande finesse","robots":{"index":"index","follow":"follow","max-snippet":"max-snippet:-1","max-image-preview":"max-image-preview:large","max-video-preview":"max-video-preview:-1"},"canonical":"https:\/\/culturesco.com\/index.php\/2019\/07\/29\/gerald-genty-la-haut\/","og_locale":"fr_FR","og_type":"article","og_title":"G\u00e9rald Genty \u2013 L\u00e0-Haut - Culturesco G\u00e9rald Genty","og_description":"CulturesCo | Nouvel album 2019 de G\u00e9rald Genty - L\u00e0-Haut : Une mont\u00e9e de tendresse sinc\u00e8re servie sur des textes d'une grande finesse","og_url":"https:\/\/culturesco.com\/index.php\/2019\/07\/29\/gerald-genty-la-haut\/","og_site_name":"Culturesco","article_publisher":"https:\/\/www.facebook.com\/radioculturesco","article_published_time":"2019-07-28T23:00:28+00:00","article_modified_time":"2020-04-24T18:17:54+00:00","og_image":[{"width":593,"height":600,"url":"https:\/\/i1.wp.com\/culturesco.com\/wp-content\/uploads\/2019\/07\/G\u00e9rald-Genty.jpeg?fit=593%2C600&ssl=1","type":"image\/jpeg"}],"author":"Patrick Benard","twitter_card":"summary_large_image","twitter_creator":"@AugusteMarshal","twitter_site":"@AugusteMarshal","twitter_misc":{"\u00c9crit par":"Patrick Benard","Dur\u00e9e de lecture estim\u00e9e":"1 minute"},"schema":{"@context":"https:\/\/schema.org","@graph":[{"@type":"Article","@id":"https:\/\/culturesco.com\/index.php\/2019\/07\/29\/gerald-genty-la-haut\/#article","isPartOf":{"@id":"https:\/\/culturesco.com\/index.php\/2019\/07\/29\/gerald-genty-la-haut\/"},"author":{"name":"Patrick Benard","@id":"https:\/\/culturesco.com\/#\/schema\/person\/c2ddd6724863f3bbd20a8278df0891f3"},"headline":"G\u00e9rald Genty \u2013 L\u00e0-Haut","datePublished":"2019-07-28T23:00:28+00:00","dateModified":"2020-04-24T18:17:54+00:00","mainEntityOfPage":{"@id":"https:\/\/culturesco.com\/index.php\/2019\/07\/29\/gerald-genty-la-haut\/"},"wordCount":198,"commentCount":0,"publisher":{"@id":"https:\/\/culturesco.com\/#organization"},"image":{"@id":"https:\/\/culturesco.com\/index.php\/2019\/07\/29\/gerald-genty-la-haut\/#primaryimage"},"thumbnailUrl":"https:\/\/i0.wp.com\/culturesco.com\/wp-content\/uploads\/2019\/07\/G%C3%A9rald-Genty.jpeg?fit=593%2C600&ssl=1","keywords":["chanson fran\u00e7aise"],"articleSection":["Carotte Rock Cultures"],"inLanguage":"fr-FR","potentialAction":[{"@type":"CommentAction","name":"Comment","target":["https:\/\/culturesco.com\/index.php\/2019\/07\/29\/gerald-genty-la-haut\/#respond"]}]},{"@type":"WebPage","@id":"https:\/\/culturesco.com\/index.php\/2019\/07\/29\/gerald-genty-la-haut\/","url":"https:\/\/culturesco.com\/index.php\/2019\/07\/29\/gerald-genty-la-haut\/","name":"G\u00e9rald Genty \u2013 L\u00e0-Haut - Culturesco G\u00e9rald Genty","isPartOf":{"@id":"https:\/\/culturesco.com\/#website"},"primaryImageOfPage":{"@id":"https:\/\/culturesco.com\/index.php\/2019\/07\/29\/gerald-genty-la-haut\/#primaryimage"},"image":{"@id":"https:\/\/culturesco.com\/index.php\/2019\/07\/29\/gerald-genty-la-haut\/#primaryimage"},"thumbnailUrl":"https:\/\/i0.wp.com\/culturesco.com\/wp-content\/uploads\/2019\/07\/G%C3%A9rald-Genty.jpeg?fit=593%2C600&ssl=1","datePublished":"2019-07-28T23:00:28+00:00","dateModified":"2020-04-24T18:17:54+00:00","description":"CulturesCo | Nouvel album 2019 de G\u00e9rald Genty - L\u00e0-Haut : Une mont\u00e9e de tendresse sinc\u00e8re servie sur des textes d'une grande finesse","breadcrumb":{"@id":"https:\/\/culturesco.com\/index.php\/2019\/07\/29\/gerald-genty-la-haut\/#breadcrumb"},"inLanguage":"fr-FR","potentialAction":[{"@type":"ReadAction","target":["https:\/\/culturesco.com\/index.php\/2019\/07\/29\/gerald-genty-la-haut\/"]}]},{"@type":"ImageObject","inLanguage":"fr-FR","@id":"https:\/\/culturesco.com\/index.php\/2019\/07\/29\/gerald-genty-la-haut\/#primaryimage","url":"https:\/\/i0.wp.com\/culturesco.com\/wp-content\/uploads\/2019\/07\/G%C3%A9rald-Genty.jpeg?fit=593%2C600&ssl=1","contentUrl":"https:\/\/i0.wp.com\/culturesco.com\/wp-content\/uploads\/2019\/07\/G%C3%A9rald-Genty.jpeg?fit=593%2C600&ssl=1","width":593,"height":600,"caption":"G\u00e9rald Genty"},{"@type":"BreadcrumbList","@id":"https:\/\/culturesco.com\/index.php\/2019\/07\/29\/gerald-genty-la-haut\/#breadcrumb","itemListElement":[{"@type":"ListItem","position":1,"name":"Accueil","item":"https:\/\/culturesco.com\/"},{"@type":"ListItem","position":2,"name":"G\u00e9rald Genty \u2013 L\u00e0-Haut"}]},{"@type":"WebSite","@id":"https:\/\/culturesco.com\/#website","url":"https:\/\/culturesco.com\/","name":"Culturesco","description":"Culturesco | Un bon coup de pied dans ta Culture","publisher":{"@id":"https:\/\/culturesco.com\/#organization"},"potentialAction":[{"@type":"SearchAction","target":{"@type":"EntryPoint","urlTemplate":"https:\/\/culturesco.com\/?s={search_term_string}"},"query-input":{"@type":"PropertyValueSpecification","valueRequired":true,"valueName":"search_term_string"}}],"inLanguage":"fr-FR"},{"@type":"Organization","@id":"https:\/\/culturesco.com\/#organization","name":"CULTURESCO","url":"https:\/\/culturesco.com\/","logo":{"@type":"ImageObject","inLanguage":"fr-FR","@id":"https:\/\/culturesco.com\/#\/schema\/logo\/image\/","url":"https:\/\/i0.wp.com\/culturesco.com\/wp-content\/uploads\/2022\/04\/culturesco-logo-blanc250p.png?fit=250%2C250&ssl=1","contentUrl":"https:\/\/i0.wp.com\/culturesco.com\/wp-content\/uploads\/2022\/04\/culturesco-logo-blanc250p.png?fit=250%2C250&ssl=1","width":250,"height":250,"caption":"CULTURESCO"},"image":{"@id":"https:\/\/culturesco.com\/#\/schema\/logo\/image\/"},"sameAs":["https:\/\/www.facebook.com\/radioculturesco","https:\/\/x.com\/AugusteMarshal","https:\/\/www.instagram.com\/carotte_rock_culture\/","https:\/\/www.pinterest.fr\/augustemarshal\/","https:\/\/www.youtube.com\/channel\/UCiWLGffqWSXlNnfzp6YwwyQ"]},{"@type":"Person","@id":"https:\/\/culturesco.com\/#\/schema\/person\/c2ddd6724863f3bbd20a8278df0891f3","name":"Patrick Benard","image":{"@type":"ImageObject","inLanguage":"fr-FR","@id":"https:\/\/i0.wp.com\/culturesco.com\/wp-content\/uploads\/2019\/02\/patrick-benard-2.jpg?fit=90%2C96&ssl=1","url":"https:\/\/i0.wp.com\/culturesco.com\/wp-content\/uploads\/2019\/02\/patrick-benard-2.jpg?fit=90%2C96&ssl=1","contentUrl":"https:\/\/i0.wp.com\/culturesco.com\/wp-content\/uploads\/2019\/02\/patrick-benard-2.jpg?fit=90%2C96&ssl=1","caption":"Patrick Benard"},"description":"Ecrivain, chroniqueur, animateur radio, cr\u00e9ateur de la revue \u00ab Cin\u00e9manie \u00bb, autour du cin\u00e9ma dit d\u2019art et d\u2019essai, sp\u00e9cialiste du groupe The Cure, archiviste... 2020 : \"Le Post Rock\" essai sur le post rock de Mogwa\u00ef \u00e0 Godspeed You Black Emperor - Camion Blanc 2014 : \u00ab On the rocks \u2013le rock de 2007 \u00e0 2014 \u00bb chroniques livres et cd rocks, interviews \u2013Editions Vaillant 2010 : \u00ab Dans la T\u00eate de Robert Smith \u00bb, roman fiction autour de l\u2019histoire des Cure et de Robert Smith \u2013 Edilivres 2007 : \u00ab Chroniques Fr\u00e9n\u00e9tiques, une histoire intime du rock \u00bb, roman, prix Technikart. 2001 : \u00ab Les Iles du D\u00e9sert \u00bb, polar autour du rock \u2013 Editions Nykta","url":"https:\/\/culturesco.com\/index.php\/author\/patrick-benard89\/"}]}},"jetpack_featured_media_url":"https:\/\/i0.wp.com\/culturesco.com\/wp-content\/uploads\/2019\/07\/G%C3%A9rald-Genty.jpeg?fit=593%2C600&ssl=1","jetpack_likes_enabled":true,"jetpack_sharing_enabled":true,"jetpack_shortlink":"https:\/\/wp.me\/paz89I-23Z","_links":{"self":[{"href":"https:\/\/culturesco.com\/index.php\/wp-json\/wp\/v2\/posts\/7935","targetHints":{"allow":["GET"]}}],"collection":[{"href":"https:\/\/culturesco.com\/index.php\/wp-json\/wp\/v2\/posts"}],"about":[{"href":"https:\/\/culturesco.com\/index.php\/wp-json\/wp\/v2\/types\/post"}],"author":[{"embeddable":true,"href":"https:\/\/culturesco.com\/index.php\/wp-json\/wp\/v2\/users\/4"}],"replies":[{"embeddable":true,"href":"https:\/\/culturesco.com\/index.php\/wp-json\/wp\/v2\/comments?post=7935"}],"version-history":[{"count":0,"href":"https:\/\/culturesco.com\/index.php\/wp-json\/wp\/v2\/posts\/7935\/revisions"}],"wp:featuredmedia":[{"embeddable":true,"href":"https:\/\/culturesco.com\/index.php\/wp-json\/wp\/v2\/media\/7936"}],"wp:attachment":[{"href":"https:\/\/culturesco.com\/index.php\/wp-json\/wp\/v2\/media?parent=7935"}],"wp:term":[{"taxonomy":"category","embeddable":true,"href":"https:\/\/culturesco.com\/index.php\/wp-json\/wp\/v2\/categories?post=7935"},{"taxonomy":"post_tag","embeddable":true,"href":"https:\/\/culturesco.com\/index.php\/wp-json\/wp\/v2\/tags?post=7935"}],"curies":[{"name":"wp","href":"https:\/\/api.w.org\/{rel}","templated":true}]}}