{"id":7889,"date":"2019-07-26T13:45:48","date_gmt":"2019-07-26T11:45:48","guid":{"rendered":"https:\/\/culturesco.com\/?p=7889"},"modified":"2019-07-26T13:45:49","modified_gmt":"2019-07-26T11:45:49","slug":"nathalie-paley-olga-valery-vera-korene-vera-baranovskaya","status":"publish","type":"post","link":"https:\/\/culturesco.com\/index.php\/2019\/07\/26\/nathalie-paley-olga-valery-vera-korene-vera-baranovskaya\/","title":{"rendered":"Nathalie Paley, Olga Val\u00e9ry, V\u00e9ra Kor\u00e8ne, Vera Baranovskaya"},"content":{"rendered":"<h2>Des actrices du Noir &amp; Blanc venues de Russie<\/h2>\n<p>&nbsp;<\/p>\n<h3 style=\"text-align: justify\">Vera Baranovskaya<\/h3>\n<p style=\"text-align: justify\">Vera Baranovskaya (1885 \u2013 1935) s\u2019illustra dans le c\u00e9l\u00e8bre film russe <strong>La M\u00e8re<\/strong> (1926) puis tourna en Allemagne, en Tch\u00e9coslovaquie et en France (<strong>Monsieur Albert, Les Aventures du roi Pausole<\/strong>). Le dernier, <strong>Valse \u00e9ternelle<\/strong>, est posthume (1936).<\/p>\n<h3 style=\"text-align: justify\">Olga Val\u00e9ry<\/h3>\n<p style=\"text-align: justify\">Native d&rsquo;Ukraine, Olga Timtchenko dite Olga Val\u00e9ry (1903 \u2013 2002) semble n&rsquo;avoir tourn\u00e9, qu&rsquo;en France, de nombreux \u00ab\u00a0courts\u00a0\u00bb et quelques \u00ab\u00a0longs\u00a0\u00bb (<strong>L&rsquo;Enfant de l&rsquo;amour<\/strong> de L&rsquo;Herbier, <strong>On purge b\u00e9b\u00e9<\/strong> de Renoir,<strong> Untel p\u00e8re et fils<\/strong>, etc.). <span style=\"color: #000000\"><span style=\"font-family: Georgia, serif\"><span style=\"font-size: large\"><span lang=\"fr-FR\">Elle s&rsquo;\u00e9loigne de la cam\u00e9ra au d\u00e9but de la Seconde Guerre mondiale&#8230; et laissera passer une quinzaine d&rsquo;ann\u00e9es avant d&rsquo;y retourner <strong>(Voici le temps des<\/strong> <strong>assassins<\/strong>).<\/span><\/span><\/span><\/span><\/p>\n<h3 style=\"text-align: justify\">V\u00e9ra Kor\u00e8ne<\/h3>\n<figure id=\"attachment_7896\" aria-describedby=\"caption-attachment-7896\" style=\"width: 184px\" class=\"wp-caption aligncenter\"><img data-recalc-dims=\"1\" loading=\"lazy\" decoding=\"async\" class=\"size-medium wp-image-7896\" src=\"https:\/\/i0.wp.com\/culturesco.com\/wp-content\/uploads\/2019\/07\/Vera-Korene.jpg?resize=184%2C300&#038;ssl=1\" alt=\"\" width=\"184\" height=\"300\" srcset=\"https:\/\/i0.wp.com\/culturesco.com\/wp-content\/uploads\/2019\/07\/Vera-Korene.jpg?resize=184%2C300&amp;ssl=1 184w, https:\/\/i0.wp.com\/culturesco.com\/wp-content\/uploads\/2019\/07\/Vera-Korene.jpg?resize=385%2C627&amp;ssl=1 385w, https:\/\/i0.wp.com\/culturesco.com\/wp-content\/uploads\/2019\/07\/Vera-Korene.jpg?resize=258%2C420&amp;ssl=1 258w, https:\/\/i0.wp.com\/culturesco.com\/wp-content\/uploads\/2019\/07\/Vera-Korene.jpg?w=368&amp;ssl=1 368w\" sizes=\"auto, (max-width: 184px) 100vw, 184px\" \/><figcaption id=\"caption-attachment-7896\" class=\"wp-caption-text\">Vera Korene<\/figcaption><\/figure>\n<p style=\"text-align: justify\">Ukrainienne elle aussi, Rebecca Vera Koretzky dite V\u00e9ra Kor\u00e8ne (1901 \u2013 1996) naquit dans une famille juive qui dut, apr\u00e8s la R\u00e9volution, quitter la Russie pour Paris. Elle est admise au Conservatoire et entre ensuite \u00e0 la Com\u00e9die-Fran\u00e7aise dont elle devient soci\u00e9taire en 1936. Elle fait parall\u00e8lement une courte carri\u00e8re au cin\u00e9ma <span style=\"color: #000000\"><span style=\"font-family: Georgia, serif\"><span style=\"font-size: large\">(une douzaine de films, dont le tout \u00e0 fait remarquable <\/span><\/span><\/span><span style=\"color: #000000\"><span style=\"font-family: Georgia, serif\"><span style=\"font-size: large\"><i>La Belle de nuit <\/i><\/span><\/span><\/span><span style=\"color: #000000\"><span style=\"font-family: Georgia, serif\"><span style=\"font-size: large\">de 1934 dans lequel elle tient les deux principaux r\u00f4les f\u00e9minins)\u2026 et puis bien s\u00fbr <strong>Caf\u00e9 de Paris <\/strong>que vous pouvez retrouver <a href=\"https:\/\/www.youtube.com\/watch?v=ggEVXluZsLY\">EN ENTIER<\/a> ou bien choisir un extrait avec V\u00e9ra<\/span><\/span><\/span><\/p>\n<p><iframe loading=\"lazy\" title=\"Ve\u0301ra Kor\u00e8ne\" frameborder=\"0\" width=\"696\" height=\"516\" src=\"https:\/\/geo.dailymotion.com\/player.html?video=x179f7h&#038;\" allowfullscreen allow=\"autoplay; fullscreen; picture-in-picture; web-share\"><\/iframe><\/p>\n<p style=\"text-align: justify\"><span style=\"color: #000000\"><span style=\"font-family: Georgia, serif\"><span style=\"font-size: large\">Cette carri\u00e8re qui s&rsquo;annon\u00e7ait tr\u00e8s prometteuse fut<\/span><\/span><\/span>\u00a0interrompue par la Guerre et par les lois de Vichy : d\u00e9chue de sa nationalit\u00e9 fran\u00e7aise et exclue de la Soci\u00e9t\u00e9 des com\u00e9diens fran\u00e7ais, elle est contrainte de quitter la France. Elle se r\u00e9fugie au Canada, puis partage son exil entre Hollywood et le Br\u00e9sil. De retour en France en 1945, elle est r\u00e9int\u00e9gr\u00e9e \u00e0 la Com\u00e9die-Fran\u00e7aise et retrouve les planches. En 1956, elle quitte le Fran\u00e7ais pour prendre la direction du th\u00e9\u00e2tre de la Renaissance.<\/p>\n<h3 style=\"text-align: justify\">Nathalie Paley<\/h3>\n<p style=\"text-align: justify\">La princesse Natalia Pavlovna Paley, comtesse de Hohenfelsen dite Nathalie Paley ou Natalia Paley (1905 \u2013 1981) mit d&rsquo;elle-m\u00eame pr\u00e9matur\u00e9ment fin \u00e0 sa prometteuse carri\u00e8re d&rsquo;artiste apr\u00e8s le succ\u00e8s des <strong>Hommes nouveaux<\/strong> (1936) tourn\u00e9 sous la direction de Marcel L&rsquo;Herbier. Et les vingt derni\u00e8res ann\u00e9es de sa vie, elle les passa en recluse, \u00e0 faire des mots crois\u00e9s et \u00e0 regarder la t\u00e9l\u00e9vision. Mais ce sont surtout les trente premi\u00e8res qui sont fascinantes&#8230;<\/p>\n<figure id=\"attachment_7895\" aria-describedby=\"caption-attachment-7895\" style=\"width: 145px\" class=\"wp-caption aligncenter\"><img data-recalc-dims=\"1\" loading=\"lazy\" decoding=\"async\" class=\"size-full wp-image-7895\" src=\"https:\/\/i0.wp.com\/culturesco.com\/wp-content\/uploads\/2019\/07\/Natalia-Paley.jpg?resize=145%2C200&#038;ssl=1\" alt=\"\" width=\"145\" height=\"200\" \/><figcaption id=\"caption-attachment-7895\" class=\"wp-caption-text\"><br \/>Nathalie Paley<\/figcaption><\/figure>\n<p style=\"text-align: justify\">Bien que n\u00e9e \u00e0 Paris, la descendante de la famille Romanov n&rsquo;entendit parler que russe durant son enfance. Sa famille, qui retourna en Russie en 1914, n&rsquo;eut pas conscience du danger que repr\u00e9sentait la chute de la monarchie. La r\u00e9volution bolch\u00e9vique d\u00e9cima la famille (d\u00e9portation, assassinats&#8230;). Les princesses Natalia et Irina parvinrent, \u00e0 grand mal et au terme de grands efforts et douleurs, \u00e0 rejoindre la Finlande, dans un tel \u00e9tat qu&rsquo;il fallut les hospitaliser. Elles pass\u00e8rent ensuite en Su\u00e8de (1920). Puis, enfin, retour en France o\u00f9 leur m\u00e8re vendit ses bijoux pour faire l&rsquo;acquisition d&rsquo;un appartement dans un quartier de Paris, et une villa \u00e0 Biarritz. Puis les deux jeunes princesses furent envoy\u00e9es dans un internat en Suisse, o\u00f9 Natalia ne put aucunement se lier, trop diff\u00e9rente des autres. Elles revinrent donc vite \u00e0 Paris. Irina s&rsquo;y maria en 1923. Natalia, lorsqu&rsquo;elle fut \u00e2g\u00e9e de 21 ans, se vit proposer d&rsquo;\u00eatre mannequin de haute-couture pour le c\u00e9l\u00e8bre Lucien Lelong. Homosexuel notoire d\u00e9j\u00e0 mari\u00e9, il divor\u00e7a pour \u00e9pouser Natalia. Non consomm\u00e9, ce fut pour lui un mariage blanc avec une Russe blanche. Inutile de dire que chacun vivait sa vie de son c\u00f4t\u00e9, \u00e0 sa guise. Natalia \u00e9tait surtout amoureuse d&rsquo;homosexuels (Serge Lifar, Jean Cocteau). Le premier film dans lequel elle tourna fut <strong>L&rsquo;\u00c9pervier<\/strong> de Marcel L&rsquo;Herbier. Sa carri\u00e8re cin\u00e9matographique fut courte : trois ans !<\/p>\n","protected":false},"excerpt":{"rendered":"<p>Des actrices du Noir &amp; Blanc venues de Russie &nbsp; Vera Baranovskaya Vera Baranovskaya (1885 \u2013 1935) s\u2019illustra dans le c\u00e9l\u00e8bre film russe La M\u00e8re (1926) puis tourna en Allemagne, en Tch\u00e9coslovaquie et en France (Monsieur Albert, Les Aventures du roi Pausole). Le dernier, Valse \u00e9ternelle, est posthume (1936). Olga Val\u00e9ry Native d&rsquo;Ukraine, Olga Timtchenko [&hellip;]<\/p>\n","protected":false},"author":2,"featured_media":7896,"comment_status":"open","ping_status":"closed","sticky":false,"template":"","format":"image","meta":{"jetpack_post_was_ever_published":false,"tdm_status":"","tdm_grid_status":"","_jetpack_newsletter_access":"","_jetpack_dont_email_post_to_subs":false,"_jetpack_newsletter_tier_id":0,"_jetpack_memberships_contains_paywalled_content":false,"_jetpack_memberships_contains_paid_content":false,"footnotes":""},"categories":[24],"tags":[],"class_list":{"0":"post-7889","1":"post","2":"type-post","3":"status-publish","4":"format-image","5":"has-post-thumbnail","7":"category-cinema","8":"post_format-post-format-image"},"yoast_head":"<!-- This site is optimized with the Yoast SEO plugin v27.5 - https:\/\/yoast.com\/product\/yoast-seo-wordpress\/ -->\n<title>Nathalie Paley, Olga Val\u00e9ry, V\u00e9ra Kor\u00e8ne, Vera Baranovskaya - Culturesco<\/title>\n<meta name=\"description\" content=\"CulturesCo | Un bon coup de pied dans ta Culture | Chroniques et histoire du Rock, chanson fran\u00e7aise, litt\u00e9rature, cin\u00e9ma et bande dessin\u00e9e.\" \/>\n<meta name=\"robots\" content=\"index, follow, max-snippet:-1, max-image-preview:large, max-video-preview:-1\" \/>\n<link rel=\"canonical\" href=\"https:\/\/culturesco.com\/index.php\/2019\/07\/26\/nathalie-paley-olga-valery-vera-korene-vera-baranovskaya\/\" \/>\n<meta property=\"og:locale\" content=\"fr_FR\" \/>\n<meta property=\"og:type\" content=\"article\" \/>\n<meta property=\"og:title\" content=\"Nathalie Paley, Olga Val\u00e9ry, V\u00e9ra Kor\u00e8ne, Vera Baranovskaya - Culturesco\" \/>\n<meta property=\"og:description\" content=\"CulturesCo | Un bon coup de pied dans ta Culture | Chroniques et histoire du Rock, chanson fran\u00e7aise, litt\u00e9rature, cin\u00e9ma et bande dessin\u00e9e.\" \/>\n<meta property=\"og:url\" content=\"https:\/\/culturesco.com\/index.php\/2019\/07\/26\/nathalie-paley-olga-valery-vera-korene-vera-baranovskaya\/\" \/>\n<meta property=\"og:site_name\" content=\"Culturesco\" \/>\n<meta property=\"article:publisher\" content=\"https:\/\/www.facebook.com\/radioculturesco\" \/>\n<meta property=\"article:published_time\" content=\"2019-07-26T11:45:48+00:00\" \/>\n<meta property=\"article:modified_time\" content=\"2019-07-26T11:45:49+00:00\" \/>\n<meta property=\"og:image\" content=\"https:\/\/i1.wp.com\/culturesco.com\/wp-content\/uploads\/2019\/07\/Vera-Korene.jpg?fit=368%2C600&ssl=1\" \/>\n\t<meta property=\"og:image:width\" content=\"368\" \/>\n\t<meta property=\"og:image:height\" content=\"600\" \/>\n\t<meta property=\"og:image:type\" content=\"image\/jpeg\" \/>\n<meta name=\"author\" content=\"Daniel Lesueur\" \/>\n<meta name=\"twitter:card\" content=\"summary_large_image\" \/>\n<meta name=\"twitter:creator\" content=\"@AugusteMarshal\" \/>\n<meta name=\"twitter:site\" content=\"@AugusteMarshal\" \/>\n<meta name=\"twitter:label1\" content=\"\u00c9crit par\" \/>\n\t<meta name=\"twitter:data1\" content=\"Daniel Lesueur\" \/>\n\t<meta name=\"twitter:label2\" content=\"Dur\u00e9e de lecture estim\u00e9e\" \/>\n\t<meta name=\"twitter:data2\" content=\"3 minutes\" \/>\n<script type=\"application\/ld+json\" class=\"yoast-schema-graph\">{\"@context\":\"https:\\\/\\\/schema.org\",\"@graph\":[{\"@type\":\"Article\",\"@id\":\"https:\\\/\\\/culturesco.com\\\/index.php\\\/2019\\\/07\\\/26\\\/nathalie-paley-olga-valery-vera-korene-vera-baranovskaya\\\/#article\",\"isPartOf\":{\"@id\":\"https:\\\/\\\/culturesco.com\\\/index.php\\\/2019\\\/07\\\/26\\\/nathalie-paley-olga-valery-vera-korene-vera-baranovskaya\\\/\"},\"author\":{\"name\":\"Daniel Lesueur\",\"@id\":\"https:\\\/\\\/culturesco.com\\\/#\\\/schema\\\/person\\\/716087cb1b01edf85084af2d12096a8f\"},\"headline\":\"Nathalie Paley, Olga Val\u00e9ry, V\u00e9ra Kor\u00e8ne, Vera Baranovskaya\",\"datePublished\":\"2019-07-26T11:45:48+00:00\",\"dateModified\":\"2019-07-26T11:45:49+00:00\",\"mainEntityOfPage\":{\"@id\":\"https:\\\/\\\/culturesco.com\\\/index.php\\\/2019\\\/07\\\/26\\\/nathalie-paley-olga-valery-vera-korene-vera-baranovskaya\\\/\"},\"wordCount\":695,\"commentCount\":0,\"publisher\":{\"@id\":\"https:\\\/\\\/culturesco.com\\\/#organization\"},\"image\":{\"@id\":\"https:\\\/\\\/culturesco.com\\\/index.php\\\/2019\\\/07\\\/26\\\/nathalie-paley-olga-valery-vera-korene-vera-baranovskaya\\\/#primaryimage\"},\"thumbnailUrl\":\"https:\\\/\\\/i0.wp.com\\\/culturesco.com\\\/wp-content\\\/uploads\\\/2019\\\/07\\\/Vera-Korene.jpg?fit=368%2C600&ssl=1\",\"articleSection\":[\"Cin\u00e9ma\"],\"inLanguage\":\"fr-FR\",\"potentialAction\":[{\"@type\":\"CommentAction\",\"name\":\"Comment\",\"target\":[\"https:\\\/\\\/culturesco.com\\\/index.php\\\/2019\\\/07\\\/26\\\/nathalie-paley-olga-valery-vera-korene-vera-baranovskaya\\\/#respond\"]}]},{\"@type\":\"WebPage\",\"@id\":\"https:\\\/\\\/culturesco.com\\\/index.php\\\/2019\\\/07\\\/26\\\/nathalie-paley-olga-valery-vera-korene-vera-baranovskaya\\\/\",\"url\":\"https:\\\/\\\/culturesco.com\\\/index.php\\\/2019\\\/07\\\/26\\\/nathalie-paley-olga-valery-vera-korene-vera-baranovskaya\\\/\",\"name\":\"Nathalie Paley, Olga Val\u00e9ry, V\u00e9ra Kor\u00e8ne, Vera Baranovskaya - Culturesco\",\"isPartOf\":{\"@id\":\"https:\\\/\\\/culturesco.com\\\/#website\"},\"primaryImageOfPage\":{\"@id\":\"https:\\\/\\\/culturesco.com\\\/index.php\\\/2019\\\/07\\\/26\\\/nathalie-paley-olga-valery-vera-korene-vera-baranovskaya\\\/#primaryimage\"},\"image\":{\"@id\":\"https:\\\/\\\/culturesco.com\\\/index.php\\\/2019\\\/07\\\/26\\\/nathalie-paley-olga-valery-vera-korene-vera-baranovskaya\\\/#primaryimage\"},\"thumbnailUrl\":\"https:\\\/\\\/i0.wp.com\\\/culturesco.com\\\/wp-content\\\/uploads\\\/2019\\\/07\\\/Vera-Korene.jpg?fit=368%2C600&ssl=1\",\"datePublished\":\"2019-07-26T11:45:48+00:00\",\"dateModified\":\"2019-07-26T11:45:49+00:00\",\"description\":\"CulturesCo | Un bon coup de pied dans ta Culture | Chroniques et histoire du Rock, chanson fran\u00e7aise, litt\u00e9rature, cin\u00e9ma et bande dessin\u00e9e.\",\"breadcrumb\":{\"@id\":\"https:\\\/\\\/culturesco.com\\\/index.php\\\/2019\\\/07\\\/26\\\/nathalie-paley-olga-valery-vera-korene-vera-baranovskaya\\\/#breadcrumb\"},\"inLanguage\":\"fr-FR\",\"potentialAction\":[{\"@type\":\"ReadAction\",\"target\":[\"https:\\\/\\\/culturesco.com\\\/index.php\\\/2019\\\/07\\\/26\\\/nathalie-paley-olga-valery-vera-korene-vera-baranovskaya\\\/\"]}]},{\"@type\":\"ImageObject\",\"inLanguage\":\"fr-FR\",\"@id\":\"https:\\\/\\\/culturesco.com\\\/index.php\\\/2019\\\/07\\\/26\\\/nathalie-paley-olga-valery-vera-korene-vera-baranovskaya\\\/#primaryimage\",\"url\":\"https:\\\/\\\/i0.wp.com\\\/culturesco.com\\\/wp-content\\\/uploads\\\/2019\\\/07\\\/Vera-Korene.jpg?fit=368%2C600&ssl=1\",\"contentUrl\":\"https:\\\/\\\/i0.wp.com\\\/culturesco.com\\\/wp-content\\\/uploads\\\/2019\\\/07\\\/Vera-Korene.jpg?fit=368%2C600&ssl=1\",\"width\":368,\"height\":600,\"caption\":\"Vera Korene\"},{\"@type\":\"BreadcrumbList\",\"@id\":\"https:\\\/\\\/culturesco.com\\\/index.php\\\/2019\\\/07\\\/26\\\/nathalie-paley-olga-valery-vera-korene-vera-baranovskaya\\\/#breadcrumb\",\"itemListElement\":[{\"@type\":\"ListItem\",\"position\":1,\"name\":\"Accueil\",\"item\":\"https:\\\/\\\/culturesco.com\\\/\"},{\"@type\":\"ListItem\",\"position\":2,\"name\":\"Nathalie Paley, Olga Val\u00e9ry, V\u00e9ra Kor\u00e8ne, Vera Baranovskaya\"}]},{\"@type\":\"WebSite\",\"@id\":\"https:\\\/\\\/culturesco.com\\\/#website\",\"url\":\"https:\\\/\\\/culturesco.com\\\/\",\"name\":\"Culturesco\",\"description\":\"Culturesco | Un bon coup de pied dans ta Culture\",\"publisher\":{\"@id\":\"https:\\\/\\\/culturesco.com\\\/#organization\"},\"potentialAction\":[{\"@type\":\"SearchAction\",\"target\":{\"@type\":\"EntryPoint\",\"urlTemplate\":\"https:\\\/\\\/culturesco.com\\\/?s={search_term_string}\"},\"query-input\":{\"@type\":\"PropertyValueSpecification\",\"valueRequired\":true,\"valueName\":\"search_term_string\"}}],\"inLanguage\":\"fr-FR\"},{\"@type\":\"Organization\",\"@id\":\"https:\\\/\\\/culturesco.com\\\/#organization\",\"name\":\"CULTURESCO\",\"url\":\"https:\\\/\\\/culturesco.com\\\/\",\"logo\":{\"@type\":\"ImageObject\",\"inLanguage\":\"fr-FR\",\"@id\":\"https:\\\/\\\/culturesco.com\\\/#\\\/schema\\\/logo\\\/image\\\/\",\"url\":\"https:\\\/\\\/i0.wp.com\\\/culturesco.com\\\/wp-content\\\/uploads\\\/2022\\\/04\\\/culturesco-logo-blanc250p.png?fit=250%2C250&ssl=1\",\"contentUrl\":\"https:\\\/\\\/i0.wp.com\\\/culturesco.com\\\/wp-content\\\/uploads\\\/2022\\\/04\\\/culturesco-logo-blanc250p.png?fit=250%2C250&ssl=1\",\"width\":250,\"height\":250,\"caption\":\"CULTURESCO\"},\"image\":{\"@id\":\"https:\\\/\\\/culturesco.com\\\/#\\\/schema\\\/logo\\\/image\\\/\"},\"sameAs\":[\"https:\\\/\\\/www.facebook.com\\\/radioculturesco\",\"https:\\\/\\\/x.com\\\/AugusteMarshal\",\"https:\\\/\\\/www.instagram.com\\\/carotte_rock_culture\\\/\",\"https:\\\/\\\/www.pinterest.fr\\\/augustemarshal\\\/\",\"https:\\\/\\\/www.youtube.com\\\/channel\\\/UCiWLGffqWSXlNnfzp6YwwyQ\"]},{\"@type\":\"Person\",\"@id\":\"https:\\\/\\\/culturesco.com\\\/#\\\/schema\\\/person\\\/716087cb1b01edf85084af2d12096a8f\",\"name\":\"Daniel Lesueur\",\"image\":{\"@type\":\"ImageObject\",\"inLanguage\":\"fr-FR\",\"@id\":\"https:\\\/\\\/i0.wp.com\\\/culturesco.com\\\/wp-content\\\/uploads\\\/2018\\\/12\\\/lesueur.jpg?fit=96%2C89&ssl=1\",\"url\":\"https:\\\/\\\/i0.wp.com\\\/culturesco.com\\\/wp-content\\\/uploads\\\/2018\\\/12\\\/lesueur.jpg?fit=96%2C89&ssl=1\",\"contentUrl\":\"https:\\\/\\\/i0.wp.com\\\/culturesco.com\\\/wp-content\\\/uploads\\\/2018\\\/12\\\/lesueur.jpg?fit=96%2C89&ssl=1\",\"caption\":\"Daniel Lesueur\"},\"description\":\"\u00c9crivain - Directeur de collection chez Camion Blanc\",\"url\":\"https:\\\/\\\/culturesco.com\\\/index.php\\\/author\\\/daniel-lesueur\\\/\"}]}<\/script>\n<!-- \/ Yoast SEO plugin. -->","yoast_head_json":{"title":"Nathalie Paley, Olga Val\u00e9ry, V\u00e9ra Kor\u00e8ne, Vera Baranovskaya - Culturesco","description":"CulturesCo | Un bon coup de pied dans ta Culture | Chroniques et histoire du Rock, chanson fran\u00e7aise, litt\u00e9rature, cin\u00e9ma et bande dessin\u00e9e.","robots":{"index":"index","follow":"follow","max-snippet":"max-snippet:-1","max-image-preview":"max-image-preview:large","max-video-preview":"max-video-preview:-1"},"canonical":"https:\/\/culturesco.com\/index.php\/2019\/07\/26\/nathalie-paley-olga-valery-vera-korene-vera-baranovskaya\/","og_locale":"fr_FR","og_type":"article","og_title":"Nathalie Paley, Olga Val\u00e9ry, V\u00e9ra Kor\u00e8ne, Vera Baranovskaya - Culturesco","og_description":"CulturesCo | Un bon coup de pied dans ta Culture | Chroniques et histoire du Rock, chanson fran\u00e7aise, litt\u00e9rature, cin\u00e9ma et bande dessin\u00e9e.","og_url":"https:\/\/culturesco.com\/index.php\/2019\/07\/26\/nathalie-paley-olga-valery-vera-korene-vera-baranovskaya\/","og_site_name":"Culturesco","article_publisher":"https:\/\/www.facebook.com\/radioculturesco","article_published_time":"2019-07-26T11:45:48+00:00","article_modified_time":"2019-07-26T11:45:49+00:00","og_image":[{"width":368,"height":600,"url":"https:\/\/i1.wp.com\/culturesco.com\/wp-content\/uploads\/2019\/07\/Vera-Korene.jpg?fit=368%2C600&ssl=1","type":"image\/jpeg"}],"author":"Daniel Lesueur","twitter_card":"summary_large_image","twitter_creator":"@AugusteMarshal","twitter_site":"@AugusteMarshal","twitter_misc":{"\u00c9crit par":"Daniel Lesueur","Dur\u00e9e de lecture estim\u00e9e":"3 minutes"},"schema":{"@context":"https:\/\/schema.org","@graph":[{"@type":"Article","@id":"https:\/\/culturesco.com\/index.php\/2019\/07\/26\/nathalie-paley-olga-valery-vera-korene-vera-baranovskaya\/#article","isPartOf":{"@id":"https:\/\/culturesco.com\/index.php\/2019\/07\/26\/nathalie-paley-olga-valery-vera-korene-vera-baranovskaya\/"},"author":{"name":"Daniel Lesueur","@id":"https:\/\/culturesco.com\/#\/schema\/person\/716087cb1b01edf85084af2d12096a8f"},"headline":"Nathalie Paley, Olga Val\u00e9ry, V\u00e9ra Kor\u00e8ne, Vera Baranovskaya","datePublished":"2019-07-26T11:45:48+00:00","dateModified":"2019-07-26T11:45:49+00:00","mainEntityOfPage":{"@id":"https:\/\/culturesco.com\/index.php\/2019\/07\/26\/nathalie-paley-olga-valery-vera-korene-vera-baranovskaya\/"},"wordCount":695,"commentCount":0,"publisher":{"@id":"https:\/\/culturesco.com\/#organization"},"image":{"@id":"https:\/\/culturesco.com\/index.php\/2019\/07\/26\/nathalie-paley-olga-valery-vera-korene-vera-baranovskaya\/#primaryimage"},"thumbnailUrl":"https:\/\/i0.wp.com\/culturesco.com\/wp-content\/uploads\/2019\/07\/Vera-Korene.jpg?fit=368%2C600&ssl=1","articleSection":["Cin\u00e9ma"],"inLanguage":"fr-FR","potentialAction":[{"@type":"CommentAction","name":"Comment","target":["https:\/\/culturesco.com\/index.php\/2019\/07\/26\/nathalie-paley-olga-valery-vera-korene-vera-baranovskaya\/#respond"]}]},{"@type":"WebPage","@id":"https:\/\/culturesco.com\/index.php\/2019\/07\/26\/nathalie-paley-olga-valery-vera-korene-vera-baranovskaya\/","url":"https:\/\/culturesco.com\/index.php\/2019\/07\/26\/nathalie-paley-olga-valery-vera-korene-vera-baranovskaya\/","name":"Nathalie Paley, Olga Val\u00e9ry, V\u00e9ra Kor\u00e8ne, Vera Baranovskaya - Culturesco","isPartOf":{"@id":"https:\/\/culturesco.com\/#website"},"primaryImageOfPage":{"@id":"https:\/\/culturesco.com\/index.php\/2019\/07\/26\/nathalie-paley-olga-valery-vera-korene-vera-baranovskaya\/#primaryimage"},"image":{"@id":"https:\/\/culturesco.com\/index.php\/2019\/07\/26\/nathalie-paley-olga-valery-vera-korene-vera-baranovskaya\/#primaryimage"},"thumbnailUrl":"https:\/\/i0.wp.com\/culturesco.com\/wp-content\/uploads\/2019\/07\/Vera-Korene.jpg?fit=368%2C600&ssl=1","datePublished":"2019-07-26T11:45:48+00:00","dateModified":"2019-07-26T11:45:49+00:00","description":"CulturesCo | Un bon coup de pied dans ta Culture | Chroniques et histoire du Rock, chanson fran\u00e7aise, litt\u00e9rature, cin\u00e9ma et bande dessin\u00e9e.","breadcrumb":{"@id":"https:\/\/culturesco.com\/index.php\/2019\/07\/26\/nathalie-paley-olga-valery-vera-korene-vera-baranovskaya\/#breadcrumb"},"inLanguage":"fr-FR","potentialAction":[{"@type":"ReadAction","target":["https:\/\/culturesco.com\/index.php\/2019\/07\/26\/nathalie-paley-olga-valery-vera-korene-vera-baranovskaya\/"]}]},{"@type":"ImageObject","inLanguage":"fr-FR","@id":"https:\/\/culturesco.com\/index.php\/2019\/07\/26\/nathalie-paley-olga-valery-vera-korene-vera-baranovskaya\/#primaryimage","url":"https:\/\/i0.wp.com\/culturesco.com\/wp-content\/uploads\/2019\/07\/Vera-Korene.jpg?fit=368%2C600&ssl=1","contentUrl":"https:\/\/i0.wp.com\/culturesco.com\/wp-content\/uploads\/2019\/07\/Vera-Korene.jpg?fit=368%2C600&ssl=1","width":368,"height":600,"caption":"Vera Korene"},{"@type":"BreadcrumbList","@id":"https:\/\/culturesco.com\/index.php\/2019\/07\/26\/nathalie-paley-olga-valery-vera-korene-vera-baranovskaya\/#breadcrumb","itemListElement":[{"@type":"ListItem","position":1,"name":"Accueil","item":"https:\/\/culturesco.com\/"},{"@type":"ListItem","position":2,"name":"Nathalie Paley, Olga Val\u00e9ry, V\u00e9ra Kor\u00e8ne, Vera Baranovskaya"}]},{"@type":"WebSite","@id":"https:\/\/culturesco.com\/#website","url":"https:\/\/culturesco.com\/","name":"Culturesco","description":"Culturesco | Un bon coup de pied dans ta Culture","publisher":{"@id":"https:\/\/culturesco.com\/#organization"},"potentialAction":[{"@type":"SearchAction","target":{"@type":"EntryPoint","urlTemplate":"https:\/\/culturesco.com\/?s={search_term_string}"},"query-input":{"@type":"PropertyValueSpecification","valueRequired":true,"valueName":"search_term_string"}}],"inLanguage":"fr-FR"},{"@type":"Organization","@id":"https:\/\/culturesco.com\/#organization","name":"CULTURESCO","url":"https:\/\/culturesco.com\/","logo":{"@type":"ImageObject","inLanguage":"fr-FR","@id":"https:\/\/culturesco.com\/#\/schema\/logo\/image\/","url":"https:\/\/i0.wp.com\/culturesco.com\/wp-content\/uploads\/2022\/04\/culturesco-logo-blanc250p.png?fit=250%2C250&ssl=1","contentUrl":"https:\/\/i0.wp.com\/culturesco.com\/wp-content\/uploads\/2022\/04\/culturesco-logo-blanc250p.png?fit=250%2C250&ssl=1","width":250,"height":250,"caption":"CULTURESCO"},"image":{"@id":"https:\/\/culturesco.com\/#\/schema\/logo\/image\/"},"sameAs":["https:\/\/www.facebook.com\/radioculturesco","https:\/\/x.com\/AugusteMarshal","https:\/\/www.instagram.com\/carotte_rock_culture\/","https:\/\/www.pinterest.fr\/augustemarshal\/","https:\/\/www.youtube.com\/channel\/UCiWLGffqWSXlNnfzp6YwwyQ"]},{"@type":"Person","@id":"https:\/\/culturesco.com\/#\/schema\/person\/716087cb1b01edf85084af2d12096a8f","name":"Daniel Lesueur","image":{"@type":"ImageObject","inLanguage":"fr-FR","@id":"https:\/\/i0.wp.com\/culturesco.com\/wp-content\/uploads\/2018\/12\/lesueur.jpg?fit=96%2C89&ssl=1","url":"https:\/\/i0.wp.com\/culturesco.com\/wp-content\/uploads\/2018\/12\/lesueur.jpg?fit=96%2C89&ssl=1","contentUrl":"https:\/\/i0.wp.com\/culturesco.com\/wp-content\/uploads\/2018\/12\/lesueur.jpg?fit=96%2C89&ssl=1","caption":"Daniel Lesueur"},"description":"\u00c9crivain - Directeur de collection chez Camion Blanc","url":"https:\/\/culturesco.com\/index.php\/author\/daniel-lesueur\/"}]}},"jetpack_featured_media_url":"https:\/\/i0.wp.com\/culturesco.com\/wp-content\/uploads\/2019\/07\/Vera-Korene.jpg?fit=368%2C600&ssl=1","jetpack_likes_enabled":true,"jetpack_sharing_enabled":true,"jetpack_shortlink":"https:\/\/wp.me\/paz89I-23f","_links":{"self":[{"href":"https:\/\/culturesco.com\/index.php\/wp-json\/wp\/v2\/posts\/7889","targetHints":{"allow":["GET"]}}],"collection":[{"href":"https:\/\/culturesco.com\/index.php\/wp-json\/wp\/v2\/posts"}],"about":[{"href":"https:\/\/culturesco.com\/index.php\/wp-json\/wp\/v2\/types\/post"}],"author":[{"embeddable":true,"href":"https:\/\/culturesco.com\/index.php\/wp-json\/wp\/v2\/users\/2"}],"replies":[{"embeddable":true,"href":"https:\/\/culturesco.com\/index.php\/wp-json\/wp\/v2\/comments?post=7889"}],"version-history":[{"count":0,"href":"https:\/\/culturesco.com\/index.php\/wp-json\/wp\/v2\/posts\/7889\/revisions"}],"wp:featuredmedia":[{"embeddable":true,"href":"https:\/\/culturesco.com\/index.php\/wp-json\/wp\/v2\/media\/7896"}],"wp:attachment":[{"href":"https:\/\/culturesco.com\/index.php\/wp-json\/wp\/v2\/media?parent=7889"}],"wp:term":[{"taxonomy":"category","embeddable":true,"href":"https:\/\/culturesco.com\/index.php\/wp-json\/wp\/v2\/categories?post=7889"},{"taxonomy":"post_tag","embeddable":true,"href":"https:\/\/culturesco.com\/index.php\/wp-json\/wp\/v2\/tags?post=7889"}],"curies":[{"name":"wp","href":"https:\/\/api.w.org\/{rel}","templated":true}]}}