{"id":7848,"date":"2019-07-25T14:24:51","date_gmt":"2019-07-25T12:24:51","guid":{"rendered":"https:\/\/culturesco.com\/?p=7848"},"modified":"2019-07-25T14:24:51","modified_gmt":"2019-07-25T12:24:51","slug":"soava-gallone-rena-mandel-diane-karenne-danuta-szaflarska","status":"publish","type":"post","link":"https:\/\/culturesco.com\/index.php\/2019\/07\/25\/soava-gallone-rena-mandel-diane-karenne-danuta-szaflarska\/","title":{"rendered":"Soava Gallone, Rena Mandel, Diane Karenne, Danuta Szaflarska"},"content":{"rendered":"<h2>Des actrices polonaises\u2026<\/h2>\n<h3>Vedettes du cin\u00e9ma noir &amp; blanc<\/h3>\n<p style=\"text-align: justify\">Le livre <a href=\"https:\/\/www.amazon.fr\/Stars-Starlettes-Du-Noir-Blanc\/dp\/2953141189\/ref=sr_1_1?ie=UTF8&amp;qid=1521963814&amp;sr=8-1&amp;keywords=STARLETTES+LESUEUR\">Stars Et Starlettes Du Noir Et Blanc<\/a> \u00e9voque la vie de centaines d&rsquo;actrices de la premi\u00e8re moiti\u00e9 du Vingti\u00e8me Si\u00e8cle. Elles furent nombreuses, \u00e0 faire carri\u00e8re en France, les femmes venues des pays de l\u2019Est.<\/p>\n<figure id=\"attachment_7850\" aria-describedby=\"caption-attachment-7850\" style=\"width: 237px\" class=\"wp-caption aligncenter\"><img data-recalc-dims=\"1\" loading=\"lazy\" decoding=\"async\" class=\"size-medium wp-image-7850\" src=\"https:\/\/i0.wp.com\/culturesco.com\/wp-content\/uploads\/2019\/07\/Soava-GALLONE.jpg?resize=237%2C300&#038;ssl=1\" alt=\"\" width=\"237\" height=\"300\" srcset=\"https:\/\/i0.wp.com\/culturesco.com\/wp-content\/uploads\/2019\/07\/Soava-GALLONE.jpg?resize=237%2C300&amp;ssl=1 237w, https:\/\/i0.wp.com\/culturesco.com\/wp-content\/uploads\/2019\/07\/Soava-GALLONE.jpg?resize=768%2C970&amp;ssl=1 768w, https:\/\/i0.wp.com\/culturesco.com\/wp-content\/uploads\/2019\/07\/Soava-GALLONE.jpg?resize=496%2C627&amp;ssl=1 496w, https:\/\/i0.wp.com\/culturesco.com\/wp-content\/uploads\/2019\/07\/Soava-GALLONE.jpg?resize=696%2C879&amp;ssl=1 696w, https:\/\/i0.wp.com\/culturesco.com\/wp-content\/uploads\/2019\/07\/Soava-GALLONE.jpg?resize=332%2C420&amp;ssl=1 332w, https:\/\/i0.wp.com\/culturesco.com\/wp-content\/uploads\/2019\/07\/Soava-GALLONE.jpg?w=475&amp;ssl=1 475w\" sizes=\"auto, (max-width: 237px) 100vw, 237px\" \/><figcaption id=\"caption-attachment-7850\" class=\"wp-caption-text\">un magazine tr\u00e8s rare de 1920 avec en couverture Soava GALLONE<\/figcaption><\/figure>\n<h3 style=\"text-align: justify\">Soava Gallone<\/h3>\n<p style=\"text-align: justify\">Apr\u00e8s avoir fait ses \u00e9tudes \u00e0 la Sorbonne, Stanis\u0142awa Winawer\u00f3wna dite <strong>Soava Gallone<\/strong> (1880 \u2013 1957) fit carri\u00e8re en Italie apr\u00e8s avoir \u00e9pous\u00e9 le r\u00e9alisateur Carmine Gallone. Apr\u00e8s un premier film, <strong>Eva<\/strong>, elle avait connu le succ\u00e8s avec <strong>Maman poup\u00e9e<\/strong> (<strong>A Doll Wife<\/strong>, 1919). Elle s&rsquo;\u00e9tait ensuite illustr\u00e9e dans <strong>L&rsquo;Histoire d&rsquo;un p\u00e9ch\u00e9<\/strong>, <strong>Hamlet et son clown, N\u00e9m\u00e9sis, Le Baiser de Cyrano, Fleurs d&rsquo;Ombres, Le Drame des neiges, La M\u00e8re folle<\/strong> et <strong>Aveu tardif<\/strong>.<\/p>\n<h3 style=\"text-align: justify\">Rena Mandel<\/h3>\n<p style=\"text-align: justify\">N\u00e9e en Pologne mais naturalis\u00e9e fran\u00e7aise, <strong>Rena Mandel<\/strong> (1911 &#8211; 1987) n&rsquo;\u00e9tait, \u00e0 l&rsquo;origine, pas une actrice professionnelle, ce qui ne l&#8217;emp\u00eacha pas ensuite de \u00ab tourner en vedette \u00e0 Hollywood dans <strong>Pajama Party<\/strong> et <strong>Hopning Off<\/strong> \u00bb, du moins est-ce ce qu&rsquo;\u00e9crivait <em>Pour vous<\/em> dans son n\u00b0203 de 1932 (pourtant, dans <strong>Pajama Party<\/strong>, son nom n&rsquo;appara\u00eet pas au g\u00e9n\u00e9rique ! Quant \u00e0 <strong>Hopning Off<\/strong>, surtout ainsi orthographi\u00e9, \u00e7a ne semble pas exister !) :<br \/>\n\u00ab Il y a \u00e0 peu pr\u00e8s deux ans et demi, j&rsquo;\u00e9tais, vers la fin d&rsquo;un apr\u00e8s-midi de dimanche, dans un caf\u00e9 de Montparnasse, avec maman, ma s\u0153ur et des amis&#8230; Je n\u2019avais pas pu ne pas remarquer un monsieur qui m&rsquo;observait avec insistance. Enfin, il vient vers nous, se pr\u00e9sente&#8230; et parle cin\u00e9ma&#8230; Nous mourons de rire et nous renvoyons le monsieur. Quelques jours apr\u00e8s, maman et moi, dans la rue, nous retrouvons le monsieur (c&rsquo;\u00e9tait Maerenstrom, le cin\u00e9aste). Il nous dit : \u00ab Allez de ma part voir Cari Dreyer. \u00bb Mon p\u00e8re se f\u00e2che&#8230; Mais maman et moi nous allons un jour chez Dreyer. Apr\u00e8s dix minutes, il m&rsquo;engage&#8230; Et c&rsquo;est ainsi que je partis quelques jours apr\u00e8s vers le ch\u00e2teau de Courtempierre o\u00f9 l\u2019on tournait <strong>Vampyr<\/strong> \u00bb.<\/p>\n<div class=\"youtube-embed\" data-video_id=\"UgOC6TMb3fk\"><iframe loading=\"lazy\" title=\"VAMPYR (1932) Julian West, Maurice Schutz\" width=\"696\" height=\"522\" src=\"https:\/\/www.youtube.com\/embed\/UgOC6TMb3fk\" frameborder=\"0\" allow=\"accelerometer; autoplay; clipboard-write; encrypted-media; gyroscope; picture-in-picture; web-share\" referrerpolicy=\"strict-origin-when-cross-origin\" allowfullscreen><\/iframe><\/div>\n<h3 style=\"text-align: justify\">Diane Karenne<\/h3>\n<p style=\"text-align: justify\">\u2026 \u00e0 l&rsquo;instar de l&rsquo;actrice fran\u00e7aise Gaby Morlay, Leucadia Konstantia dite <strong>Diane Karenne<\/strong> (1888 \u2013 1940) fit grand myst\u00e8re des premi\u00e8res ann\u00e9es de sa vie. Nous la pensons polonaise, dans la mesure o\u00f9 elle d\u00e9clara \u00eatre n\u00e9e \u00e0 Dantzig\u2026 mais d&rsquo;autres sources la voient plut\u00f4t ukrainienne. M\u00eame sa date de naissance reste floue : 1888, oui\u2026 mais quel jour entre le 21 avril et le 20 mai ?<\/p>\n<figure id=\"attachment_7857\" aria-describedby=\"caption-attachment-7857\" style=\"width: 300px\" class=\"wp-caption aligncenter\"><img data-recalc-dims=\"1\" loading=\"lazy\" decoding=\"async\" class=\"size-medium wp-image-7857\" src=\"https:\/\/i0.wp.com\/culturesco.com\/wp-content\/uploads\/2019\/07\/Diana-Karenne.jpg?resize=300%2C231&#038;ssl=1\" alt=\"\" width=\"300\" height=\"231\" srcset=\"https:\/\/i0.wp.com\/culturesco.com\/wp-content\/uploads\/2019\/07\/Diana-Karenne.jpg?resize=300%2C231&amp;ssl=1 300w, https:\/\/i0.wp.com\/culturesco.com\/wp-content\/uploads\/2019\/07\/Diana-Karenne.jpg?resize=768%2C593&amp;ssl=1 768w, https:\/\/i0.wp.com\/culturesco.com\/wp-content\/uploads\/2019\/07\/Diana-Karenne.jpg?resize=813%2C627&amp;ssl=1 813w, https:\/\/i0.wp.com\/culturesco.com\/wp-content\/uploads\/2019\/07\/Diana-Karenne.jpg?resize=696%2C537&amp;ssl=1 696w, https:\/\/i0.wp.com\/culturesco.com\/wp-content\/uploads\/2019\/07\/Diana-Karenne.jpg?resize=544%2C420&amp;ssl=1 544w, https:\/\/i0.wp.com\/culturesco.com\/wp-content\/uploads\/2019\/07\/Diana-Karenne.jpg?w=600&amp;ssl=1 600w\" sizes=\"auto, (max-width: 300px) 100vw, 300px\" \/><figcaption id=\"caption-attachment-7857\" class=\"wp-caption-text\">Diana-Karenne<\/figcaption><\/figure>\n<p style=\"text-align: justify\">Elle \u00a0fit ses d\u00e9buts en Italie o\u00f9 elle remporta imm\u00e9diatement un \u00e9norme succ\u00e8s, \u00e9tant la premi\u00e8re actrice, tout du moins en Italie, \u00e0 oser regarder la cam\u00e9ra\u2026 droit dans les yeux. A l&rsquo;inverse de la plupart de ses consoeurs \u00e0 qui l&rsquo;on pouvait dire \u00ab\u00a0sois belle et tais-toi\u00a0\u00bb (un comble, du temps du cin\u00e9ma encore muet !), elle prit son m\u00e9tier de com\u00e9dienne (plut\u00f4t qu&rsquo;actrice) tr\u00e8s au s\u00e9rieux. Elle apparut dans une quarantaine de films de 1916 jusqu&rsquo;\u00e0 sa mort, survenue apr\u00e8s trois mois de coma : elle avait \u00e9t\u00e9 bless\u00e9e au cours du bombardement d&rsquo;Aix-la-Chapelle.<\/p>\n<h3 style=\"text-align: justify\">Danuta Szaflarska<\/h3>\n<p style=\"text-align: justify\"><strong>Danuta Szaflarska<\/strong> (1915-2017), apparue pour la premi\u00e8re fois sur grand \u00e9cran dans <strong>Chansons interdites<\/strong> (1946), drame de la r\u00e9sistance et premier film polonais d\u2019apr\u00e8s-guerre, reviendra pour <strong>Une chaumi\u00e8re et un c\u0153ur<\/strong> (1949) tourn\u00e9 dans les ruines de Varsovie.<\/p>\n<figure id=\"attachment_7856\" aria-describedby=\"caption-attachment-7856\" style=\"width: 215px\" class=\"wp-caption aligncenter\"><img data-recalc-dims=\"1\" loading=\"lazy\" decoding=\"async\" class=\"size-medium wp-image-7856\" src=\"https:\/\/i0.wp.com\/culturesco.com\/wp-content\/uploads\/2019\/07\/Danuta-Szaflarska.jpg?resize=215%2C300&#038;ssl=1\" alt=\"\" width=\"215\" height=\"300\" srcset=\"https:\/\/i0.wp.com\/culturesco.com\/wp-content\/uploads\/2019\/07\/Danuta-Szaflarska.jpg?resize=215%2C300&amp;ssl=1 215w, https:\/\/i0.wp.com\/culturesco.com\/wp-content\/uploads\/2019\/07\/Danuta-Szaflarska.jpg?resize=450%2C627&amp;ssl=1 450w, https:\/\/i0.wp.com\/culturesco.com\/wp-content\/uploads\/2019\/07\/Danuta-Szaflarska.jpg?resize=302%2C420&amp;ssl=1 302w, https:\/\/i0.wp.com\/culturesco.com\/wp-content\/uploads\/2019\/07\/Danuta-Szaflarska.jpg?w=431&amp;ssl=1 431w\" sizes=\"auto, (max-width: 215px) 100vw, 215px\" \/><figcaption id=\"caption-attachment-7856\" class=\"wp-caption-text\"><br \/>Danuta Szaflarska<\/figcaption><\/figure>\n<p>Mais bien entendu la plus connue d\u2019entre elles fut <strong>Pola Negri<\/strong> (<a href=\"https:\/\/culturesco.com\/index.php\/2019\/03\/07\/pola-negri-1897-1987\/\">retrouvez notre article en cliquant ici<\/a>).<\/p>\n","protected":false},"excerpt":{"rendered":"<p>Des actrices polonaises\u2026 Vedettes du cin\u00e9ma noir &amp; blanc Le livre Stars Et Starlettes Du Noir Et Blanc \u00e9voque la vie de centaines d&rsquo;actrices de la premi\u00e8re moiti\u00e9 du Vingti\u00e8me Si\u00e8cle. Elles furent nombreuses, \u00e0 faire carri\u00e8re en France, les femmes venues des pays de l\u2019Est. Soava Gallone Apr\u00e8s avoir fait ses \u00e9tudes \u00e0 la [&hellip;]<\/p>\n","protected":false},"author":2,"featured_media":7850,"comment_status":"open","ping_status":"closed","sticky":false,"template":"","format":"image","meta":{"jetpack_post_was_ever_published":false,"tdm_status":"","tdm_grid_status":"","_jetpack_newsletter_access":"","_jetpack_dont_email_post_to_subs":false,"_jetpack_newsletter_tier_id":0,"_jetpack_memberships_contains_paywalled_content":false,"_jetpack_memberships_contains_paid_content":false,"footnotes":""},"categories":[24],"tags":[],"class_list":{"0":"post-7848","1":"post","2":"type-post","3":"status-publish","4":"format-image","5":"has-post-thumbnail","7":"category-cinema","8":"post_format-post-format-image"},"yoast_head":"<!-- This site is optimized with the Yoast SEO plugin v27.5 - https:\/\/yoast.com\/product\/yoast-seo-wordpress\/ -->\n<title>Soava Gallone, Rena Mandel, Diane Karenne, Danuta Szaflarska - Culturesco<\/title>\n<meta name=\"description\" content=\"CulturesCo | Un bon coup de pied dans ta Culture | Chroniques et histoire du Rock, chanson fran\u00e7aise, litt\u00e9rature, cin\u00e9ma et bande dessin\u00e9e.\" \/>\n<meta name=\"robots\" content=\"index, follow, max-snippet:-1, max-image-preview:large, max-video-preview:-1\" \/>\n<link rel=\"canonical\" href=\"https:\/\/culturesco.com\/index.php\/2019\/07\/25\/soava-gallone-rena-mandel-diane-karenne-danuta-szaflarska\/\" \/>\n<meta property=\"og:locale\" content=\"fr_FR\" \/>\n<meta property=\"og:type\" content=\"article\" \/>\n<meta property=\"og:title\" content=\"Soava Gallone, Rena Mandel, Diane Karenne, Danuta Szaflarska - Culturesco\" \/>\n<meta property=\"og:description\" content=\"CulturesCo | Un bon coup de pied dans ta Culture | Chroniques et histoire du Rock, chanson fran\u00e7aise, litt\u00e9rature, cin\u00e9ma et bande dessin\u00e9e.\" \/>\n<meta property=\"og:url\" content=\"https:\/\/culturesco.com\/index.php\/2019\/07\/25\/soava-gallone-rena-mandel-diane-karenne-danuta-szaflarska\/\" \/>\n<meta property=\"og:site_name\" content=\"Culturesco\" \/>\n<meta property=\"article:publisher\" content=\"https:\/\/www.facebook.com\/radioculturesco\" \/>\n<meta property=\"article:published_time\" content=\"2019-07-25T12:24:51+00:00\" \/>\n<meta property=\"og:image\" content=\"https:\/\/i0.wp.com\/culturesco.com\/wp-content\/uploads\/2019\/07\/Soava-GALLONE.jpg?fit=475%2C600&ssl=1\" \/>\n\t<meta property=\"og:image:width\" content=\"475\" \/>\n\t<meta property=\"og:image:height\" content=\"600\" \/>\n\t<meta property=\"og:image:type\" content=\"image\/jpeg\" \/>\n<meta name=\"author\" content=\"Daniel Lesueur\" \/>\n<meta name=\"twitter:card\" content=\"summary_large_image\" \/>\n<meta name=\"twitter:creator\" content=\"@AugusteMarshal\" \/>\n<meta name=\"twitter:site\" content=\"@AugusteMarshal\" \/>\n<meta name=\"twitter:label1\" content=\"\u00c9crit par\" \/>\n\t<meta name=\"twitter:data1\" content=\"Daniel Lesueur\" \/>\n\t<meta name=\"twitter:label2\" content=\"Dur\u00e9e de lecture estim\u00e9e\" \/>\n\t<meta name=\"twitter:data2\" content=\"3 minutes\" \/>\n<script type=\"application\/ld+json\" class=\"yoast-schema-graph\">{\"@context\":\"https:\\\/\\\/schema.org\",\"@graph\":[{\"@type\":\"Article\",\"@id\":\"https:\\\/\\\/culturesco.com\\\/index.php\\\/2019\\\/07\\\/25\\\/soava-gallone-rena-mandel-diane-karenne-danuta-szaflarska\\\/#article\",\"isPartOf\":{\"@id\":\"https:\\\/\\\/culturesco.com\\\/index.php\\\/2019\\\/07\\\/25\\\/soava-gallone-rena-mandel-diane-karenne-danuta-szaflarska\\\/\"},\"author\":{\"name\":\"Daniel Lesueur\",\"@id\":\"https:\\\/\\\/culturesco.com\\\/#\\\/schema\\\/person\\\/716087cb1b01edf85084af2d12096a8f\"},\"headline\":\"Soava Gallone, Rena Mandel, Diane Karenne, Danuta Szaflarska\",\"datePublished\":\"2019-07-25T12:24:51+00:00\",\"mainEntityOfPage\":{\"@id\":\"https:\\\/\\\/culturesco.com\\\/index.php\\\/2019\\\/07\\\/25\\\/soava-gallone-rena-mandel-diane-karenne-danuta-szaflarska\\\/\"},\"wordCount\":655,\"commentCount\":0,\"publisher\":{\"@id\":\"https:\\\/\\\/culturesco.com\\\/#organization\"},\"image\":{\"@id\":\"https:\\\/\\\/culturesco.com\\\/index.php\\\/2019\\\/07\\\/25\\\/soava-gallone-rena-mandel-diane-karenne-danuta-szaflarska\\\/#primaryimage\"},\"thumbnailUrl\":\"https:\\\/\\\/i0.wp.com\\\/culturesco.com\\\/wp-content\\\/uploads\\\/2019\\\/07\\\/Soava-GALLONE.jpg?fit=475%2C600&ssl=1\",\"articleSection\":[\"Cin\u00e9ma\"],\"inLanguage\":\"fr-FR\",\"potentialAction\":[{\"@type\":\"CommentAction\",\"name\":\"Comment\",\"target\":[\"https:\\\/\\\/culturesco.com\\\/index.php\\\/2019\\\/07\\\/25\\\/soava-gallone-rena-mandel-diane-karenne-danuta-szaflarska\\\/#respond\"]}]},{\"@type\":\"WebPage\",\"@id\":\"https:\\\/\\\/culturesco.com\\\/index.php\\\/2019\\\/07\\\/25\\\/soava-gallone-rena-mandel-diane-karenne-danuta-szaflarska\\\/\",\"url\":\"https:\\\/\\\/culturesco.com\\\/index.php\\\/2019\\\/07\\\/25\\\/soava-gallone-rena-mandel-diane-karenne-danuta-szaflarska\\\/\",\"name\":\"Soava Gallone, Rena Mandel, Diane Karenne, Danuta Szaflarska - Culturesco\",\"isPartOf\":{\"@id\":\"https:\\\/\\\/culturesco.com\\\/#website\"},\"primaryImageOfPage\":{\"@id\":\"https:\\\/\\\/culturesco.com\\\/index.php\\\/2019\\\/07\\\/25\\\/soava-gallone-rena-mandel-diane-karenne-danuta-szaflarska\\\/#primaryimage\"},\"image\":{\"@id\":\"https:\\\/\\\/culturesco.com\\\/index.php\\\/2019\\\/07\\\/25\\\/soava-gallone-rena-mandel-diane-karenne-danuta-szaflarska\\\/#primaryimage\"},\"thumbnailUrl\":\"https:\\\/\\\/i0.wp.com\\\/culturesco.com\\\/wp-content\\\/uploads\\\/2019\\\/07\\\/Soava-GALLONE.jpg?fit=475%2C600&ssl=1\",\"datePublished\":\"2019-07-25T12:24:51+00:00\",\"description\":\"CulturesCo | Un bon coup de pied dans ta Culture | Chroniques et histoire du Rock, chanson fran\u00e7aise, litt\u00e9rature, cin\u00e9ma et bande dessin\u00e9e.\",\"breadcrumb\":{\"@id\":\"https:\\\/\\\/culturesco.com\\\/index.php\\\/2019\\\/07\\\/25\\\/soava-gallone-rena-mandel-diane-karenne-danuta-szaflarska\\\/#breadcrumb\"},\"inLanguage\":\"fr-FR\",\"potentialAction\":[{\"@type\":\"ReadAction\",\"target\":[\"https:\\\/\\\/culturesco.com\\\/index.php\\\/2019\\\/07\\\/25\\\/soava-gallone-rena-mandel-diane-karenne-danuta-szaflarska\\\/\"]}]},{\"@type\":\"ImageObject\",\"inLanguage\":\"fr-FR\",\"@id\":\"https:\\\/\\\/culturesco.com\\\/index.php\\\/2019\\\/07\\\/25\\\/soava-gallone-rena-mandel-diane-karenne-danuta-szaflarska\\\/#primaryimage\",\"url\":\"https:\\\/\\\/i0.wp.com\\\/culturesco.com\\\/wp-content\\\/uploads\\\/2019\\\/07\\\/Soava-GALLONE.jpg?fit=475%2C600&ssl=1\",\"contentUrl\":\"https:\\\/\\\/i0.wp.com\\\/culturesco.com\\\/wp-content\\\/uploads\\\/2019\\\/07\\\/Soava-GALLONE.jpg?fit=475%2C600&ssl=1\",\"width\":475,\"height\":600,\"caption\":\"un magazine tr\u00e8s rare de 1920 avec en couverture Soava GALLONE\"},{\"@type\":\"BreadcrumbList\",\"@id\":\"https:\\\/\\\/culturesco.com\\\/index.php\\\/2019\\\/07\\\/25\\\/soava-gallone-rena-mandel-diane-karenne-danuta-szaflarska\\\/#breadcrumb\",\"itemListElement\":[{\"@type\":\"ListItem\",\"position\":1,\"name\":\"Accueil\",\"item\":\"https:\\\/\\\/culturesco.com\\\/\"},{\"@type\":\"ListItem\",\"position\":2,\"name\":\"Soava Gallone, Rena Mandel, Diane Karenne, Danuta Szaflarska\"}]},{\"@type\":\"WebSite\",\"@id\":\"https:\\\/\\\/culturesco.com\\\/#website\",\"url\":\"https:\\\/\\\/culturesco.com\\\/\",\"name\":\"Culturesco\",\"description\":\"Culturesco | Un bon coup de pied dans ta Culture\",\"publisher\":{\"@id\":\"https:\\\/\\\/culturesco.com\\\/#organization\"},\"potentialAction\":[{\"@type\":\"SearchAction\",\"target\":{\"@type\":\"EntryPoint\",\"urlTemplate\":\"https:\\\/\\\/culturesco.com\\\/?s={search_term_string}\"},\"query-input\":{\"@type\":\"PropertyValueSpecification\",\"valueRequired\":true,\"valueName\":\"search_term_string\"}}],\"inLanguage\":\"fr-FR\"},{\"@type\":\"Organization\",\"@id\":\"https:\\\/\\\/culturesco.com\\\/#organization\",\"name\":\"CULTURESCO\",\"url\":\"https:\\\/\\\/culturesco.com\\\/\",\"logo\":{\"@type\":\"ImageObject\",\"inLanguage\":\"fr-FR\",\"@id\":\"https:\\\/\\\/culturesco.com\\\/#\\\/schema\\\/logo\\\/image\\\/\",\"url\":\"https:\\\/\\\/i0.wp.com\\\/culturesco.com\\\/wp-content\\\/uploads\\\/2022\\\/04\\\/culturesco-logo-blanc250p.png?fit=250%2C250&ssl=1\",\"contentUrl\":\"https:\\\/\\\/i0.wp.com\\\/culturesco.com\\\/wp-content\\\/uploads\\\/2022\\\/04\\\/culturesco-logo-blanc250p.png?fit=250%2C250&ssl=1\",\"width\":250,\"height\":250,\"caption\":\"CULTURESCO\"},\"image\":{\"@id\":\"https:\\\/\\\/culturesco.com\\\/#\\\/schema\\\/logo\\\/image\\\/\"},\"sameAs\":[\"https:\\\/\\\/www.facebook.com\\\/radioculturesco\",\"https:\\\/\\\/x.com\\\/AugusteMarshal\",\"https:\\\/\\\/www.instagram.com\\\/carotte_rock_culture\\\/\",\"https:\\\/\\\/www.pinterest.fr\\\/augustemarshal\\\/\",\"https:\\\/\\\/www.youtube.com\\\/channel\\\/UCiWLGffqWSXlNnfzp6YwwyQ\"]},{\"@type\":\"Person\",\"@id\":\"https:\\\/\\\/culturesco.com\\\/#\\\/schema\\\/person\\\/716087cb1b01edf85084af2d12096a8f\",\"name\":\"Daniel Lesueur\",\"image\":{\"@type\":\"ImageObject\",\"inLanguage\":\"fr-FR\",\"@id\":\"https:\\\/\\\/i0.wp.com\\\/culturesco.com\\\/wp-content\\\/uploads\\\/2018\\\/12\\\/lesueur.jpg?fit=96%2C89&ssl=1\",\"url\":\"https:\\\/\\\/i0.wp.com\\\/culturesco.com\\\/wp-content\\\/uploads\\\/2018\\\/12\\\/lesueur.jpg?fit=96%2C89&ssl=1\",\"contentUrl\":\"https:\\\/\\\/i0.wp.com\\\/culturesco.com\\\/wp-content\\\/uploads\\\/2018\\\/12\\\/lesueur.jpg?fit=96%2C89&ssl=1\",\"caption\":\"Daniel Lesueur\"},\"description\":\"\u00c9crivain - Directeur de collection chez Camion Blanc\",\"url\":\"https:\\\/\\\/culturesco.com\\\/index.php\\\/author\\\/daniel-lesueur\\\/\"}]}<\/script>\n<!-- \/ Yoast SEO plugin. -->","yoast_head_json":{"title":"Soava Gallone, Rena Mandel, Diane Karenne, Danuta Szaflarska - Culturesco","description":"CulturesCo | Un bon coup de pied dans ta Culture | Chroniques et histoire du Rock, chanson fran\u00e7aise, litt\u00e9rature, cin\u00e9ma et bande dessin\u00e9e.","robots":{"index":"index","follow":"follow","max-snippet":"max-snippet:-1","max-image-preview":"max-image-preview:large","max-video-preview":"max-video-preview:-1"},"canonical":"https:\/\/culturesco.com\/index.php\/2019\/07\/25\/soava-gallone-rena-mandel-diane-karenne-danuta-szaflarska\/","og_locale":"fr_FR","og_type":"article","og_title":"Soava Gallone, Rena Mandel, Diane Karenne, Danuta Szaflarska - Culturesco","og_description":"CulturesCo | Un bon coup de pied dans ta Culture | Chroniques et histoire du Rock, chanson fran\u00e7aise, litt\u00e9rature, cin\u00e9ma et bande dessin\u00e9e.","og_url":"https:\/\/culturesco.com\/index.php\/2019\/07\/25\/soava-gallone-rena-mandel-diane-karenne-danuta-szaflarska\/","og_site_name":"Culturesco","article_publisher":"https:\/\/www.facebook.com\/radioculturesco","article_published_time":"2019-07-25T12:24:51+00:00","og_image":[{"width":475,"height":600,"url":"https:\/\/i0.wp.com\/culturesco.com\/wp-content\/uploads\/2019\/07\/Soava-GALLONE.jpg?fit=475%2C600&ssl=1","type":"image\/jpeg"}],"author":"Daniel Lesueur","twitter_card":"summary_large_image","twitter_creator":"@AugusteMarshal","twitter_site":"@AugusteMarshal","twitter_misc":{"\u00c9crit par":"Daniel Lesueur","Dur\u00e9e de lecture estim\u00e9e":"3 minutes"},"schema":{"@context":"https:\/\/schema.org","@graph":[{"@type":"Article","@id":"https:\/\/culturesco.com\/index.php\/2019\/07\/25\/soava-gallone-rena-mandel-diane-karenne-danuta-szaflarska\/#article","isPartOf":{"@id":"https:\/\/culturesco.com\/index.php\/2019\/07\/25\/soava-gallone-rena-mandel-diane-karenne-danuta-szaflarska\/"},"author":{"name":"Daniel Lesueur","@id":"https:\/\/culturesco.com\/#\/schema\/person\/716087cb1b01edf85084af2d12096a8f"},"headline":"Soava Gallone, Rena Mandel, Diane Karenne, Danuta Szaflarska","datePublished":"2019-07-25T12:24:51+00:00","mainEntityOfPage":{"@id":"https:\/\/culturesco.com\/index.php\/2019\/07\/25\/soava-gallone-rena-mandel-diane-karenne-danuta-szaflarska\/"},"wordCount":655,"commentCount":0,"publisher":{"@id":"https:\/\/culturesco.com\/#organization"},"image":{"@id":"https:\/\/culturesco.com\/index.php\/2019\/07\/25\/soava-gallone-rena-mandel-diane-karenne-danuta-szaflarska\/#primaryimage"},"thumbnailUrl":"https:\/\/i0.wp.com\/culturesco.com\/wp-content\/uploads\/2019\/07\/Soava-GALLONE.jpg?fit=475%2C600&ssl=1","articleSection":["Cin\u00e9ma"],"inLanguage":"fr-FR","potentialAction":[{"@type":"CommentAction","name":"Comment","target":["https:\/\/culturesco.com\/index.php\/2019\/07\/25\/soava-gallone-rena-mandel-diane-karenne-danuta-szaflarska\/#respond"]}]},{"@type":"WebPage","@id":"https:\/\/culturesco.com\/index.php\/2019\/07\/25\/soava-gallone-rena-mandel-diane-karenne-danuta-szaflarska\/","url":"https:\/\/culturesco.com\/index.php\/2019\/07\/25\/soava-gallone-rena-mandel-diane-karenne-danuta-szaflarska\/","name":"Soava Gallone, Rena Mandel, Diane Karenne, Danuta Szaflarska - Culturesco","isPartOf":{"@id":"https:\/\/culturesco.com\/#website"},"primaryImageOfPage":{"@id":"https:\/\/culturesco.com\/index.php\/2019\/07\/25\/soava-gallone-rena-mandel-diane-karenne-danuta-szaflarska\/#primaryimage"},"image":{"@id":"https:\/\/culturesco.com\/index.php\/2019\/07\/25\/soava-gallone-rena-mandel-diane-karenne-danuta-szaflarska\/#primaryimage"},"thumbnailUrl":"https:\/\/i0.wp.com\/culturesco.com\/wp-content\/uploads\/2019\/07\/Soava-GALLONE.jpg?fit=475%2C600&ssl=1","datePublished":"2019-07-25T12:24:51+00:00","description":"CulturesCo | Un bon coup de pied dans ta Culture | Chroniques et histoire du Rock, chanson fran\u00e7aise, litt\u00e9rature, cin\u00e9ma et bande dessin\u00e9e.","breadcrumb":{"@id":"https:\/\/culturesco.com\/index.php\/2019\/07\/25\/soava-gallone-rena-mandel-diane-karenne-danuta-szaflarska\/#breadcrumb"},"inLanguage":"fr-FR","potentialAction":[{"@type":"ReadAction","target":["https:\/\/culturesco.com\/index.php\/2019\/07\/25\/soava-gallone-rena-mandel-diane-karenne-danuta-szaflarska\/"]}]},{"@type":"ImageObject","inLanguage":"fr-FR","@id":"https:\/\/culturesco.com\/index.php\/2019\/07\/25\/soava-gallone-rena-mandel-diane-karenne-danuta-szaflarska\/#primaryimage","url":"https:\/\/i0.wp.com\/culturesco.com\/wp-content\/uploads\/2019\/07\/Soava-GALLONE.jpg?fit=475%2C600&ssl=1","contentUrl":"https:\/\/i0.wp.com\/culturesco.com\/wp-content\/uploads\/2019\/07\/Soava-GALLONE.jpg?fit=475%2C600&ssl=1","width":475,"height":600,"caption":"un magazine tr\u00e8s rare de 1920 avec en couverture Soava GALLONE"},{"@type":"BreadcrumbList","@id":"https:\/\/culturesco.com\/index.php\/2019\/07\/25\/soava-gallone-rena-mandel-diane-karenne-danuta-szaflarska\/#breadcrumb","itemListElement":[{"@type":"ListItem","position":1,"name":"Accueil","item":"https:\/\/culturesco.com\/"},{"@type":"ListItem","position":2,"name":"Soava Gallone, Rena Mandel, Diane Karenne, Danuta Szaflarska"}]},{"@type":"WebSite","@id":"https:\/\/culturesco.com\/#website","url":"https:\/\/culturesco.com\/","name":"Culturesco","description":"Culturesco | Un bon coup de pied dans ta Culture","publisher":{"@id":"https:\/\/culturesco.com\/#organization"},"potentialAction":[{"@type":"SearchAction","target":{"@type":"EntryPoint","urlTemplate":"https:\/\/culturesco.com\/?s={search_term_string}"},"query-input":{"@type":"PropertyValueSpecification","valueRequired":true,"valueName":"search_term_string"}}],"inLanguage":"fr-FR"},{"@type":"Organization","@id":"https:\/\/culturesco.com\/#organization","name":"CULTURESCO","url":"https:\/\/culturesco.com\/","logo":{"@type":"ImageObject","inLanguage":"fr-FR","@id":"https:\/\/culturesco.com\/#\/schema\/logo\/image\/","url":"https:\/\/i0.wp.com\/culturesco.com\/wp-content\/uploads\/2022\/04\/culturesco-logo-blanc250p.png?fit=250%2C250&ssl=1","contentUrl":"https:\/\/i0.wp.com\/culturesco.com\/wp-content\/uploads\/2022\/04\/culturesco-logo-blanc250p.png?fit=250%2C250&ssl=1","width":250,"height":250,"caption":"CULTURESCO"},"image":{"@id":"https:\/\/culturesco.com\/#\/schema\/logo\/image\/"},"sameAs":["https:\/\/www.facebook.com\/radioculturesco","https:\/\/x.com\/AugusteMarshal","https:\/\/www.instagram.com\/carotte_rock_culture\/","https:\/\/www.pinterest.fr\/augustemarshal\/","https:\/\/www.youtube.com\/channel\/UCiWLGffqWSXlNnfzp6YwwyQ"]},{"@type":"Person","@id":"https:\/\/culturesco.com\/#\/schema\/person\/716087cb1b01edf85084af2d12096a8f","name":"Daniel Lesueur","image":{"@type":"ImageObject","inLanguage":"fr-FR","@id":"https:\/\/i0.wp.com\/culturesco.com\/wp-content\/uploads\/2018\/12\/lesueur.jpg?fit=96%2C89&ssl=1","url":"https:\/\/i0.wp.com\/culturesco.com\/wp-content\/uploads\/2018\/12\/lesueur.jpg?fit=96%2C89&ssl=1","contentUrl":"https:\/\/i0.wp.com\/culturesco.com\/wp-content\/uploads\/2018\/12\/lesueur.jpg?fit=96%2C89&ssl=1","caption":"Daniel Lesueur"},"description":"\u00c9crivain - Directeur de collection chez Camion Blanc","url":"https:\/\/culturesco.com\/index.php\/author\/daniel-lesueur\/"}]}},"jetpack_featured_media_url":"https:\/\/i0.wp.com\/culturesco.com\/wp-content\/uploads\/2019\/07\/Soava-GALLONE.jpg?fit=475%2C600&ssl=1","jetpack_likes_enabled":true,"jetpack_sharing_enabled":true,"jetpack_shortlink":"https:\/\/wp.me\/paz89I-22A","_links":{"self":[{"href":"https:\/\/culturesco.com\/index.php\/wp-json\/wp\/v2\/posts\/7848","targetHints":{"allow":["GET"]}}],"collection":[{"href":"https:\/\/culturesco.com\/index.php\/wp-json\/wp\/v2\/posts"}],"about":[{"href":"https:\/\/culturesco.com\/index.php\/wp-json\/wp\/v2\/types\/post"}],"author":[{"embeddable":true,"href":"https:\/\/culturesco.com\/index.php\/wp-json\/wp\/v2\/users\/2"}],"replies":[{"embeddable":true,"href":"https:\/\/culturesco.com\/index.php\/wp-json\/wp\/v2\/comments?post=7848"}],"version-history":[{"count":0,"href":"https:\/\/culturesco.com\/index.php\/wp-json\/wp\/v2\/posts\/7848\/revisions"}],"wp:featuredmedia":[{"embeddable":true,"href":"https:\/\/culturesco.com\/index.php\/wp-json\/wp\/v2\/media\/7850"}],"wp:attachment":[{"href":"https:\/\/culturesco.com\/index.php\/wp-json\/wp\/v2\/media?parent=7848"}],"wp:term":[{"taxonomy":"category","embeddable":true,"href":"https:\/\/culturesco.com\/index.php\/wp-json\/wp\/v2\/categories?post=7848"},{"taxonomy":"post_tag","embeddable":true,"href":"https:\/\/culturesco.com\/index.php\/wp-json\/wp\/v2\/tags?post=7848"}],"curies":[{"name":"wp","href":"https:\/\/api.w.org\/{rel}","templated":true}]}}