{"id":7830,"date":"2019-07-25T11:14:32","date_gmt":"2019-07-25T09:14:32","guid":{"rendered":"https:\/\/culturesco.com\/?p=7830"},"modified":"2019-07-25T11:14:32","modified_gmt":"2019-07-25T09:14:32","slug":"genica-athanasiou-elvire-popesco-jany-holt-et-pola-illery","status":"publish","type":"post","link":"https:\/\/culturesco.com\/index.php\/2019\/07\/25\/genica-athanasiou-elvire-popesco-jany-holt-et-pola-illery\/","title":{"rendered":"G\u00e9nica Athanasiou, Elvire Popesco, Jany Holt et Pola Illery"},"content":{"rendered":"<h2>Des actrices roumaines&#8230;<\/h2>\n<h3>Vedettes du cin\u00e9ma noir &amp; blanc<\/h3>\n<p>&nbsp;<\/p>\n<p style=\"text-align: justify\">Le livre<a href=\"https:\/\/www.amazon.fr\/stars-stralettes-du-noir-blanc\/dp\/2953141189\/ref=sr_1_1?__mk_fr_FR=%C3%85M%C3%85%C5%BD%C3%95%C3%91&amp;keywords=Stars+Et+Starlettes+Du+Noir+Et+Blanc&amp;qid=1564043259&amp;s=gateway&amp;sr=8-1\"> Stars Et Starlettes Du Noir Et Blanc<\/a> \u00e9voque la vie de centaines d&rsquo;actrices de la premi\u00e8re moiti\u00e9 du Vingti\u00e8me Si\u00e8cle. Elles furent nombreuses, \u00e0 faire carri\u00e8re en France, les femmes venues des pays de l\u2019est. Prenons la <strong>Roumanie<\/strong>\u2026<\/p>\n<h3>Pola Illery<\/h3>\n<figure id=\"attachment_7834\" aria-describedby=\"caption-attachment-7834\" style=\"width: 220px\" class=\"wp-caption aligncenter\"><img data-recalc-dims=\"1\" loading=\"lazy\" decoding=\"async\" class=\"size-full wp-image-7834\" src=\"https:\/\/i0.wp.com\/culturesco.com\/wp-content\/uploads\/2019\/07\/Pola-Illery.jpg?resize=220%2C177&#038;ssl=1\" alt=\"\" width=\"220\" height=\"177\" \/><figcaption id=\"caption-attachment-7834\" class=\"wp-caption-text\"><br \/>Pola Illery<\/figcaption><\/figure>\n<p style=\"text-align: justify\">C&rsquo;est en France que Paula Iliescu dite Pola Illery (1909 \u2013 1993) d\u00e9buta sa carri\u00e8re, et pas des moindres, puisqu&rsquo;elle figure au g\u00e9n\u00e9rique du film de Ren\u00e9 Clair <strong>Sous les toits de Paris<\/strong> (1930). Puis elle rencontra un militaire am\u00e9ricain, l&rsquo;\u00e9pousa, s&rsquo;installa aux States. Un mariage de courte dur\u00e9e : l&rsquo;homme mourut pr\u00e9matur\u00e9ment. Paula se remaria et devint Paula I. Gibson.<\/p>\n<p>https:\/\/www.youtube.com\/watch?v=XU980kcKTis<\/p>\n<h3>G\u00e9nica Athanasiou<\/h3>\n<p style=\"text-align: justify\">La Roumaine de naissance Eug\u00e9nie G\u00e9nica Tanase dite G\u00e9nica Athanasiou (1897 \u2013 1966) arriva \u00e0 Paris en 1919 et \u00ab tomba en amour \u00bb avec Antonin Artaud. El\u00e8ve de Charles Dullin, son jeu cin\u00e9matographique, tr\u00e8s th\u00e9\u00e2tral, colle \u00e0 merveille aux r\u00f4les qui lui sont confi\u00e9s : <strong><a href=\"https:\/\/youtu.be\/uQcpwGGchn0\">La Coquille et le clergyman<\/a> <\/strong>de Germaine Dulac &#8211; \u00e0 regarder en entier en cliquant pr\u00e9c\u00e9demment &#8211; (1928, consid\u00e9r\u00e9 par beaucoup comme le premier film fran\u00e7ais surr\u00e9aliste)\u00a0 et <strong>Don Quichotte<\/strong> de Pabst qui marque la fin de sa courte carri\u00e8re (sur grand \u00e9cran, s&rsquo;entend). Entre les deux, <strong>Maldone<\/strong> (de Gr\u00e9millon, 1928, dont je vous propose un extrait : elle est avec Charles Dullin, si rare sur grand \u00e9cran)<\/p>\n<div class=\"youtube-embed\" data-video_id=\"6KVUFh_Q2Qo\"><iframe loading=\"lazy\" title=\"maldone1928\" width=\"696\" height=\"522\" src=\"https:\/\/www.youtube.com\/embed\/6KVUFh_Q2Qo\" frameborder=\"0\" allow=\"accelerometer; autoplay; clipboard-write; encrypted-media; gyroscope; picture-in-picture; web-share\" referrerpolicy=\"strict-origin-when-cross-origin\" allowfullscreen><\/iframe><\/div>\n<h3>Elvire Popesco et Jany Holt<\/h3>\n<p style=\"text-align: justify\">L&rsquo;actrice roumaine de naissance Elvira Popescu dite Elvire Popesco (1894 \u2013 1993) vint \u00e0 Paris en 1924 \u00e0 la demande de Louis Verneuil, et y fit une carri\u00e8re monumentale.<\/p>\n<p style=\"text-align: justify\">Sa compatriote Ruxandra Ecaterina Vladescu Olt dite Jany Holt (1909 \u2013 2005), premi\u00e8re \u00e9pouse de Marcel Dalio, elle aussi, a b\u00e2ti l&rsquo;essentiel de sa carri\u00e8re en France : <strong>Un grand amour de Beethoven<\/strong> d&rsquo;Abel Gance, <strong>Les Bas-Fonds<\/strong> de Jean Renoir et <strong>Le Golem<\/strong> de Julien Duvivier (1936) et <strong>La Maison du Maltais<\/strong> de Pierre Chenal (1938).<\/p>\n<figure id=\"attachment_7840\" aria-describedby=\"caption-attachment-7840\" style=\"width: 221px\" class=\"wp-caption aligncenter\"><img data-recalc-dims=\"1\" loading=\"lazy\" decoding=\"async\" class=\"size-medium wp-image-7840\" src=\"https:\/\/i0.wp.com\/culturesco.com\/wp-content\/uploads\/2019\/07\/Jany-HOLT.jpg?resize=221%2C300&#038;ssl=1\" alt=\"\" width=\"221\" height=\"300\" srcset=\"https:\/\/i0.wp.com\/culturesco.com\/wp-content\/uploads\/2019\/07\/Jany-HOLT.jpg?resize=221%2C300&amp;ssl=1 221w, https:\/\/i0.wp.com\/culturesco.com\/wp-content\/uploads\/2019\/07\/Jany-HOLT.jpg?resize=462%2C627&amp;ssl=1 462w, https:\/\/i0.wp.com\/culturesco.com\/wp-content\/uploads\/2019\/07\/Jany-HOLT.jpg?resize=696%2C944&amp;ssl=1 696w, https:\/\/i0.wp.com\/culturesco.com\/wp-content\/uploads\/2019\/07\/Jany-HOLT.jpg?resize=310%2C420&amp;ssl=1 310w, https:\/\/i0.wp.com\/culturesco.com\/wp-content\/uploads\/2019\/07\/Jany-HOLT.jpg?w=442&amp;ssl=1 442w\" sizes=\"auto, (max-width: 221px) 100vw, 221px\" \/><figcaption id=\"caption-attachment-7840\" class=\"wp-caption-text\">Jany HOLT<\/figcaption><\/figure>\n<p style=\"text-align: justify\">Une carri\u00e8re remarquable (elle tournera jusqu&rsquo;en 1995) assise par une grande beaut\u00e9 : on ne peut que l&rsquo;adorer dans <strong>Le Pays sans \u00e9toile<\/strong> (1946) ou <strong>L&rsquo;Alibi<\/strong> (1937, au c\u00f4t\u00e9 de l&rsquo;inqui\u00e9tant von Stroheim dans le court extrait ci-dessous). Entre ces deux films <span style=\"color: #000000\"><span style=\"font-family: Georgia, serif\"><span style=\"font-size: large\">elle se fondit dans la R\u00e9sistance, r\u00e9seau Mithridate. <\/span><\/span><\/span><\/p>\n<p><iframe loading=\"lazy\" title=\"Louis Jouvet - L&#039;Alibi\" frameborder=\"0\" width=\"696\" height=\"522\" src=\"https:\/\/geo.dailymotion.com\/player.html?video=x2datt&#038;\" allowfullscreen allow=\"autoplay; fullscreen; picture-in-picture; web-share\"><\/iframe><\/p>\n","protected":false},"excerpt":{"rendered":"<p>Des actrices roumaines&#8230; Vedettes du cin\u00e9ma noir &amp; blanc &nbsp; Le livre Stars Et Starlettes Du Noir Et Blanc \u00e9voque la vie de centaines d&rsquo;actrices de la premi\u00e8re moiti\u00e9 du Vingti\u00e8me Si\u00e8cle. Elles furent nombreuses, \u00e0 faire carri\u00e8re en France, les femmes venues des pays de l\u2019est. Prenons la Roumanie\u2026 Pola Illery C&rsquo;est en France [&hellip;]<\/p>\n","protected":false},"author":2,"featured_media":7840,"comment_status":"open","ping_status":"closed","sticky":false,"template":"","format":"image","meta":{"jetpack_post_was_ever_published":false,"tdm_status":"","tdm_grid_status":"","_jetpack_newsletter_access":"","_jetpack_dont_email_post_to_subs":false,"_jetpack_newsletter_tier_id":0,"_jetpack_memberships_contains_paywalled_content":false,"_jetpack_memberships_contains_paid_content":false,"footnotes":""},"categories":[24],"tags":[],"class_list":{"0":"post-7830","1":"post","2":"type-post","3":"status-publish","4":"format-image","5":"has-post-thumbnail","7":"category-cinema","8":"post_format-post-format-image"},"yoast_head":"<!-- This site is optimized with the Yoast SEO plugin v27.5 - https:\/\/yoast.com\/product\/yoast-seo-wordpress\/ -->\n<title>G\u00e9nica Athanasiou, Elvire Popesco, Jany Holt et Pola Illery - Culturesco<\/title>\n<meta name=\"description\" content=\"CulturesCo | Un bon coup de pied dans ta Culture | Chroniques et histoire du Rock, chanson fran\u00e7aise, litt\u00e9rature, cin\u00e9ma et bande dessin\u00e9e.\" \/>\n<meta name=\"robots\" content=\"index, follow, max-snippet:-1, max-image-preview:large, max-video-preview:-1\" \/>\n<link rel=\"canonical\" href=\"https:\/\/culturesco.com\/index.php\/2019\/07\/25\/genica-athanasiou-elvire-popesco-jany-holt-et-pola-illery\/\" \/>\n<meta property=\"og:locale\" content=\"fr_FR\" \/>\n<meta property=\"og:type\" content=\"article\" \/>\n<meta property=\"og:title\" content=\"G\u00e9nica Athanasiou, Elvire Popesco, Jany Holt et Pola Illery - Culturesco\" \/>\n<meta property=\"og:description\" content=\"CulturesCo | Un bon coup de pied dans ta Culture | Chroniques et histoire du Rock, chanson fran\u00e7aise, litt\u00e9rature, cin\u00e9ma et bande dessin\u00e9e.\" \/>\n<meta property=\"og:url\" content=\"https:\/\/culturesco.com\/index.php\/2019\/07\/25\/genica-athanasiou-elvire-popesco-jany-holt-et-pola-illery\/\" \/>\n<meta property=\"og:site_name\" content=\"Culturesco\" \/>\n<meta property=\"article:publisher\" content=\"https:\/\/www.facebook.com\/radioculturesco\" \/>\n<meta property=\"article:published_time\" content=\"2019-07-25T09:14:32+00:00\" \/>\n<meta property=\"og:image\" content=\"https:\/\/i0.wp.com\/culturesco.com\/wp-content\/uploads\/2019\/07\/Jany-HOLT.jpg?fit=442%2C600&ssl=1\" \/>\n\t<meta property=\"og:image:width\" content=\"442\" \/>\n\t<meta property=\"og:image:height\" content=\"600\" \/>\n\t<meta property=\"og:image:type\" content=\"image\/jpeg\" \/>\n<meta name=\"author\" content=\"Daniel Lesueur\" \/>\n<meta name=\"twitter:card\" content=\"summary_large_image\" \/>\n<meta name=\"twitter:creator\" content=\"@AugusteMarshal\" \/>\n<meta name=\"twitter:site\" content=\"@AugusteMarshal\" \/>\n<meta name=\"twitter:label1\" content=\"\u00c9crit par\" \/>\n\t<meta name=\"twitter:data1\" content=\"Daniel Lesueur\" \/>\n\t<meta name=\"twitter:label2\" content=\"Dur\u00e9e de lecture estim\u00e9e\" \/>\n\t<meta name=\"twitter:data2\" content=\"2 minutes\" \/>\n<script type=\"application\/ld+json\" class=\"yoast-schema-graph\">{\"@context\":\"https:\\\/\\\/schema.org\",\"@graph\":[{\"@type\":\"Article\",\"@id\":\"https:\\\/\\\/culturesco.com\\\/index.php\\\/2019\\\/07\\\/25\\\/genica-athanasiou-elvire-popesco-jany-holt-et-pola-illery\\\/#article\",\"isPartOf\":{\"@id\":\"https:\\\/\\\/culturesco.com\\\/index.php\\\/2019\\\/07\\\/25\\\/genica-athanasiou-elvire-popesco-jany-holt-et-pola-illery\\\/\"},\"author\":{\"name\":\"Daniel Lesueur\",\"@id\":\"https:\\\/\\\/culturesco.com\\\/#\\\/schema\\\/person\\\/716087cb1b01edf85084af2d12096a8f\"},\"headline\":\"G\u00e9nica Athanasiou, Elvire Popesco, Jany Holt et Pola Illery\",\"datePublished\":\"2019-07-25T09:14:32+00:00\",\"mainEntityOfPage\":{\"@id\":\"https:\\\/\\\/culturesco.com\\\/index.php\\\/2019\\\/07\\\/25\\\/genica-athanasiou-elvire-popesco-jany-holt-et-pola-illery\\\/\"},\"wordCount\":440,\"commentCount\":0,\"publisher\":{\"@id\":\"https:\\\/\\\/culturesco.com\\\/#organization\"},\"image\":{\"@id\":\"https:\\\/\\\/culturesco.com\\\/index.php\\\/2019\\\/07\\\/25\\\/genica-athanasiou-elvire-popesco-jany-holt-et-pola-illery\\\/#primaryimage\"},\"thumbnailUrl\":\"https:\\\/\\\/i0.wp.com\\\/culturesco.com\\\/wp-content\\\/uploads\\\/2019\\\/07\\\/Jany-HOLT.jpg?fit=442%2C600&ssl=1\",\"articleSection\":[\"Cin\u00e9ma\"],\"inLanguage\":\"fr-FR\",\"potentialAction\":[{\"@type\":\"CommentAction\",\"name\":\"Comment\",\"target\":[\"https:\\\/\\\/culturesco.com\\\/index.php\\\/2019\\\/07\\\/25\\\/genica-athanasiou-elvire-popesco-jany-holt-et-pola-illery\\\/#respond\"]}]},{\"@type\":\"WebPage\",\"@id\":\"https:\\\/\\\/culturesco.com\\\/index.php\\\/2019\\\/07\\\/25\\\/genica-athanasiou-elvire-popesco-jany-holt-et-pola-illery\\\/\",\"url\":\"https:\\\/\\\/culturesco.com\\\/index.php\\\/2019\\\/07\\\/25\\\/genica-athanasiou-elvire-popesco-jany-holt-et-pola-illery\\\/\",\"name\":\"G\u00e9nica Athanasiou, Elvire Popesco, Jany Holt et Pola Illery - Culturesco\",\"isPartOf\":{\"@id\":\"https:\\\/\\\/culturesco.com\\\/#website\"},\"primaryImageOfPage\":{\"@id\":\"https:\\\/\\\/culturesco.com\\\/index.php\\\/2019\\\/07\\\/25\\\/genica-athanasiou-elvire-popesco-jany-holt-et-pola-illery\\\/#primaryimage\"},\"image\":{\"@id\":\"https:\\\/\\\/culturesco.com\\\/index.php\\\/2019\\\/07\\\/25\\\/genica-athanasiou-elvire-popesco-jany-holt-et-pola-illery\\\/#primaryimage\"},\"thumbnailUrl\":\"https:\\\/\\\/i0.wp.com\\\/culturesco.com\\\/wp-content\\\/uploads\\\/2019\\\/07\\\/Jany-HOLT.jpg?fit=442%2C600&ssl=1\",\"datePublished\":\"2019-07-25T09:14:32+00:00\",\"description\":\"CulturesCo | Un bon coup de pied dans ta Culture | Chroniques et histoire du Rock, chanson fran\u00e7aise, litt\u00e9rature, cin\u00e9ma et bande dessin\u00e9e.\",\"breadcrumb\":{\"@id\":\"https:\\\/\\\/culturesco.com\\\/index.php\\\/2019\\\/07\\\/25\\\/genica-athanasiou-elvire-popesco-jany-holt-et-pola-illery\\\/#breadcrumb\"},\"inLanguage\":\"fr-FR\",\"potentialAction\":[{\"@type\":\"ReadAction\",\"target\":[\"https:\\\/\\\/culturesco.com\\\/index.php\\\/2019\\\/07\\\/25\\\/genica-athanasiou-elvire-popesco-jany-holt-et-pola-illery\\\/\"]}]},{\"@type\":\"ImageObject\",\"inLanguage\":\"fr-FR\",\"@id\":\"https:\\\/\\\/culturesco.com\\\/index.php\\\/2019\\\/07\\\/25\\\/genica-athanasiou-elvire-popesco-jany-holt-et-pola-illery\\\/#primaryimage\",\"url\":\"https:\\\/\\\/i0.wp.com\\\/culturesco.com\\\/wp-content\\\/uploads\\\/2019\\\/07\\\/Jany-HOLT.jpg?fit=442%2C600&ssl=1\",\"contentUrl\":\"https:\\\/\\\/i0.wp.com\\\/culturesco.com\\\/wp-content\\\/uploads\\\/2019\\\/07\\\/Jany-HOLT.jpg?fit=442%2C600&ssl=1\",\"width\":442,\"height\":600,\"caption\":\"Jany HOLT\"},{\"@type\":\"BreadcrumbList\",\"@id\":\"https:\\\/\\\/culturesco.com\\\/index.php\\\/2019\\\/07\\\/25\\\/genica-athanasiou-elvire-popesco-jany-holt-et-pola-illery\\\/#breadcrumb\",\"itemListElement\":[{\"@type\":\"ListItem\",\"position\":1,\"name\":\"Accueil\",\"item\":\"https:\\\/\\\/culturesco.com\\\/\"},{\"@type\":\"ListItem\",\"position\":2,\"name\":\"G\u00e9nica Athanasiou, Elvire Popesco, Jany Holt et Pola Illery\"}]},{\"@type\":\"WebSite\",\"@id\":\"https:\\\/\\\/culturesco.com\\\/#website\",\"url\":\"https:\\\/\\\/culturesco.com\\\/\",\"name\":\"Culturesco\",\"description\":\"Culturesco | Un bon coup de pied dans ta Culture\",\"publisher\":{\"@id\":\"https:\\\/\\\/culturesco.com\\\/#organization\"},\"potentialAction\":[{\"@type\":\"SearchAction\",\"target\":{\"@type\":\"EntryPoint\",\"urlTemplate\":\"https:\\\/\\\/culturesco.com\\\/?s={search_term_string}\"},\"query-input\":{\"@type\":\"PropertyValueSpecification\",\"valueRequired\":true,\"valueName\":\"search_term_string\"}}],\"inLanguage\":\"fr-FR\"},{\"@type\":\"Organization\",\"@id\":\"https:\\\/\\\/culturesco.com\\\/#organization\",\"name\":\"CULTURESCO\",\"url\":\"https:\\\/\\\/culturesco.com\\\/\",\"logo\":{\"@type\":\"ImageObject\",\"inLanguage\":\"fr-FR\",\"@id\":\"https:\\\/\\\/culturesco.com\\\/#\\\/schema\\\/logo\\\/image\\\/\",\"url\":\"https:\\\/\\\/i0.wp.com\\\/culturesco.com\\\/wp-content\\\/uploads\\\/2022\\\/04\\\/culturesco-logo-blanc250p.png?fit=250%2C250&ssl=1\",\"contentUrl\":\"https:\\\/\\\/i0.wp.com\\\/culturesco.com\\\/wp-content\\\/uploads\\\/2022\\\/04\\\/culturesco-logo-blanc250p.png?fit=250%2C250&ssl=1\",\"width\":250,\"height\":250,\"caption\":\"CULTURESCO\"},\"image\":{\"@id\":\"https:\\\/\\\/culturesco.com\\\/#\\\/schema\\\/logo\\\/image\\\/\"},\"sameAs\":[\"https:\\\/\\\/www.facebook.com\\\/radioculturesco\",\"https:\\\/\\\/x.com\\\/AugusteMarshal\",\"https:\\\/\\\/www.instagram.com\\\/carotte_rock_culture\\\/\",\"https:\\\/\\\/www.pinterest.fr\\\/augustemarshal\\\/\",\"https:\\\/\\\/www.youtube.com\\\/channel\\\/UCiWLGffqWSXlNnfzp6YwwyQ\"]},{\"@type\":\"Person\",\"@id\":\"https:\\\/\\\/culturesco.com\\\/#\\\/schema\\\/person\\\/716087cb1b01edf85084af2d12096a8f\",\"name\":\"Daniel Lesueur\",\"image\":{\"@type\":\"ImageObject\",\"inLanguage\":\"fr-FR\",\"@id\":\"https:\\\/\\\/i0.wp.com\\\/culturesco.com\\\/wp-content\\\/uploads\\\/2018\\\/12\\\/lesueur.jpg?fit=96%2C89&ssl=1\",\"url\":\"https:\\\/\\\/i0.wp.com\\\/culturesco.com\\\/wp-content\\\/uploads\\\/2018\\\/12\\\/lesueur.jpg?fit=96%2C89&ssl=1\",\"contentUrl\":\"https:\\\/\\\/i0.wp.com\\\/culturesco.com\\\/wp-content\\\/uploads\\\/2018\\\/12\\\/lesueur.jpg?fit=96%2C89&ssl=1\",\"caption\":\"Daniel Lesueur\"},\"description\":\"\u00c9crivain - Directeur de collection chez Camion Blanc\",\"url\":\"https:\\\/\\\/culturesco.com\\\/index.php\\\/author\\\/daniel-lesueur\\\/\"}]}<\/script>\n<!-- \/ Yoast SEO plugin. -->","yoast_head_json":{"title":"G\u00e9nica Athanasiou, Elvire Popesco, Jany Holt et Pola Illery - Culturesco","description":"CulturesCo | Un bon coup de pied dans ta Culture | Chroniques et histoire du Rock, chanson fran\u00e7aise, litt\u00e9rature, cin\u00e9ma et bande dessin\u00e9e.","robots":{"index":"index","follow":"follow","max-snippet":"max-snippet:-1","max-image-preview":"max-image-preview:large","max-video-preview":"max-video-preview:-1"},"canonical":"https:\/\/culturesco.com\/index.php\/2019\/07\/25\/genica-athanasiou-elvire-popesco-jany-holt-et-pola-illery\/","og_locale":"fr_FR","og_type":"article","og_title":"G\u00e9nica Athanasiou, Elvire Popesco, Jany Holt et Pola Illery - Culturesco","og_description":"CulturesCo | Un bon coup de pied dans ta Culture | Chroniques et histoire du Rock, chanson fran\u00e7aise, litt\u00e9rature, cin\u00e9ma et bande dessin\u00e9e.","og_url":"https:\/\/culturesco.com\/index.php\/2019\/07\/25\/genica-athanasiou-elvire-popesco-jany-holt-et-pola-illery\/","og_site_name":"Culturesco","article_publisher":"https:\/\/www.facebook.com\/radioculturesco","article_published_time":"2019-07-25T09:14:32+00:00","og_image":[{"width":442,"height":600,"url":"https:\/\/i0.wp.com\/culturesco.com\/wp-content\/uploads\/2019\/07\/Jany-HOLT.jpg?fit=442%2C600&ssl=1","type":"image\/jpeg"}],"author":"Daniel Lesueur","twitter_card":"summary_large_image","twitter_creator":"@AugusteMarshal","twitter_site":"@AugusteMarshal","twitter_misc":{"\u00c9crit par":"Daniel Lesueur","Dur\u00e9e de lecture estim\u00e9e":"2 minutes"},"schema":{"@context":"https:\/\/schema.org","@graph":[{"@type":"Article","@id":"https:\/\/culturesco.com\/index.php\/2019\/07\/25\/genica-athanasiou-elvire-popesco-jany-holt-et-pola-illery\/#article","isPartOf":{"@id":"https:\/\/culturesco.com\/index.php\/2019\/07\/25\/genica-athanasiou-elvire-popesco-jany-holt-et-pola-illery\/"},"author":{"name":"Daniel Lesueur","@id":"https:\/\/culturesco.com\/#\/schema\/person\/716087cb1b01edf85084af2d12096a8f"},"headline":"G\u00e9nica Athanasiou, Elvire Popesco, Jany Holt et Pola Illery","datePublished":"2019-07-25T09:14:32+00:00","mainEntityOfPage":{"@id":"https:\/\/culturesco.com\/index.php\/2019\/07\/25\/genica-athanasiou-elvire-popesco-jany-holt-et-pola-illery\/"},"wordCount":440,"commentCount":0,"publisher":{"@id":"https:\/\/culturesco.com\/#organization"},"image":{"@id":"https:\/\/culturesco.com\/index.php\/2019\/07\/25\/genica-athanasiou-elvire-popesco-jany-holt-et-pola-illery\/#primaryimage"},"thumbnailUrl":"https:\/\/i0.wp.com\/culturesco.com\/wp-content\/uploads\/2019\/07\/Jany-HOLT.jpg?fit=442%2C600&ssl=1","articleSection":["Cin\u00e9ma"],"inLanguage":"fr-FR","potentialAction":[{"@type":"CommentAction","name":"Comment","target":["https:\/\/culturesco.com\/index.php\/2019\/07\/25\/genica-athanasiou-elvire-popesco-jany-holt-et-pola-illery\/#respond"]}]},{"@type":"WebPage","@id":"https:\/\/culturesco.com\/index.php\/2019\/07\/25\/genica-athanasiou-elvire-popesco-jany-holt-et-pola-illery\/","url":"https:\/\/culturesco.com\/index.php\/2019\/07\/25\/genica-athanasiou-elvire-popesco-jany-holt-et-pola-illery\/","name":"G\u00e9nica Athanasiou, Elvire Popesco, Jany Holt et Pola Illery - Culturesco","isPartOf":{"@id":"https:\/\/culturesco.com\/#website"},"primaryImageOfPage":{"@id":"https:\/\/culturesco.com\/index.php\/2019\/07\/25\/genica-athanasiou-elvire-popesco-jany-holt-et-pola-illery\/#primaryimage"},"image":{"@id":"https:\/\/culturesco.com\/index.php\/2019\/07\/25\/genica-athanasiou-elvire-popesco-jany-holt-et-pola-illery\/#primaryimage"},"thumbnailUrl":"https:\/\/i0.wp.com\/culturesco.com\/wp-content\/uploads\/2019\/07\/Jany-HOLT.jpg?fit=442%2C600&ssl=1","datePublished":"2019-07-25T09:14:32+00:00","description":"CulturesCo | Un bon coup de pied dans ta Culture | Chroniques et histoire du Rock, chanson fran\u00e7aise, litt\u00e9rature, cin\u00e9ma et bande dessin\u00e9e.","breadcrumb":{"@id":"https:\/\/culturesco.com\/index.php\/2019\/07\/25\/genica-athanasiou-elvire-popesco-jany-holt-et-pola-illery\/#breadcrumb"},"inLanguage":"fr-FR","potentialAction":[{"@type":"ReadAction","target":["https:\/\/culturesco.com\/index.php\/2019\/07\/25\/genica-athanasiou-elvire-popesco-jany-holt-et-pola-illery\/"]}]},{"@type":"ImageObject","inLanguage":"fr-FR","@id":"https:\/\/culturesco.com\/index.php\/2019\/07\/25\/genica-athanasiou-elvire-popesco-jany-holt-et-pola-illery\/#primaryimage","url":"https:\/\/i0.wp.com\/culturesco.com\/wp-content\/uploads\/2019\/07\/Jany-HOLT.jpg?fit=442%2C600&ssl=1","contentUrl":"https:\/\/i0.wp.com\/culturesco.com\/wp-content\/uploads\/2019\/07\/Jany-HOLT.jpg?fit=442%2C600&ssl=1","width":442,"height":600,"caption":"Jany HOLT"},{"@type":"BreadcrumbList","@id":"https:\/\/culturesco.com\/index.php\/2019\/07\/25\/genica-athanasiou-elvire-popesco-jany-holt-et-pola-illery\/#breadcrumb","itemListElement":[{"@type":"ListItem","position":1,"name":"Accueil","item":"https:\/\/culturesco.com\/"},{"@type":"ListItem","position":2,"name":"G\u00e9nica Athanasiou, Elvire Popesco, Jany Holt et Pola Illery"}]},{"@type":"WebSite","@id":"https:\/\/culturesco.com\/#website","url":"https:\/\/culturesco.com\/","name":"Culturesco","description":"Culturesco | Un bon coup de pied dans ta Culture","publisher":{"@id":"https:\/\/culturesco.com\/#organization"},"potentialAction":[{"@type":"SearchAction","target":{"@type":"EntryPoint","urlTemplate":"https:\/\/culturesco.com\/?s={search_term_string}"},"query-input":{"@type":"PropertyValueSpecification","valueRequired":true,"valueName":"search_term_string"}}],"inLanguage":"fr-FR"},{"@type":"Organization","@id":"https:\/\/culturesco.com\/#organization","name":"CULTURESCO","url":"https:\/\/culturesco.com\/","logo":{"@type":"ImageObject","inLanguage":"fr-FR","@id":"https:\/\/culturesco.com\/#\/schema\/logo\/image\/","url":"https:\/\/i0.wp.com\/culturesco.com\/wp-content\/uploads\/2022\/04\/culturesco-logo-blanc250p.png?fit=250%2C250&ssl=1","contentUrl":"https:\/\/i0.wp.com\/culturesco.com\/wp-content\/uploads\/2022\/04\/culturesco-logo-blanc250p.png?fit=250%2C250&ssl=1","width":250,"height":250,"caption":"CULTURESCO"},"image":{"@id":"https:\/\/culturesco.com\/#\/schema\/logo\/image\/"},"sameAs":["https:\/\/www.facebook.com\/radioculturesco","https:\/\/x.com\/AugusteMarshal","https:\/\/www.instagram.com\/carotte_rock_culture\/","https:\/\/www.pinterest.fr\/augustemarshal\/","https:\/\/www.youtube.com\/channel\/UCiWLGffqWSXlNnfzp6YwwyQ"]},{"@type":"Person","@id":"https:\/\/culturesco.com\/#\/schema\/person\/716087cb1b01edf85084af2d12096a8f","name":"Daniel Lesueur","image":{"@type":"ImageObject","inLanguage":"fr-FR","@id":"https:\/\/i0.wp.com\/culturesco.com\/wp-content\/uploads\/2018\/12\/lesueur.jpg?fit=96%2C89&ssl=1","url":"https:\/\/i0.wp.com\/culturesco.com\/wp-content\/uploads\/2018\/12\/lesueur.jpg?fit=96%2C89&ssl=1","contentUrl":"https:\/\/i0.wp.com\/culturesco.com\/wp-content\/uploads\/2018\/12\/lesueur.jpg?fit=96%2C89&ssl=1","caption":"Daniel Lesueur"},"description":"\u00c9crivain - Directeur de collection chez Camion Blanc","url":"https:\/\/culturesco.com\/index.php\/author\/daniel-lesueur\/"}]}},"jetpack_featured_media_url":"https:\/\/i0.wp.com\/culturesco.com\/wp-content\/uploads\/2019\/07\/Jany-HOLT.jpg?fit=442%2C600&ssl=1","jetpack_likes_enabled":true,"jetpack_sharing_enabled":true,"jetpack_shortlink":"https:\/\/wp.me\/paz89I-22i","_links":{"self":[{"href":"https:\/\/culturesco.com\/index.php\/wp-json\/wp\/v2\/posts\/7830","targetHints":{"allow":["GET"]}}],"collection":[{"href":"https:\/\/culturesco.com\/index.php\/wp-json\/wp\/v2\/posts"}],"about":[{"href":"https:\/\/culturesco.com\/index.php\/wp-json\/wp\/v2\/types\/post"}],"author":[{"embeddable":true,"href":"https:\/\/culturesco.com\/index.php\/wp-json\/wp\/v2\/users\/2"}],"replies":[{"embeddable":true,"href":"https:\/\/culturesco.com\/index.php\/wp-json\/wp\/v2\/comments?post=7830"}],"version-history":[{"count":0,"href":"https:\/\/culturesco.com\/index.php\/wp-json\/wp\/v2\/posts\/7830\/revisions"}],"wp:featuredmedia":[{"embeddable":true,"href":"https:\/\/culturesco.com\/index.php\/wp-json\/wp\/v2\/media\/7840"}],"wp:attachment":[{"href":"https:\/\/culturesco.com\/index.php\/wp-json\/wp\/v2\/media?parent=7830"}],"wp:term":[{"taxonomy":"category","embeddable":true,"href":"https:\/\/culturesco.com\/index.php\/wp-json\/wp\/v2\/categories?post=7830"},{"taxonomy":"post_tag","embeddable":true,"href":"https:\/\/culturesco.com\/index.php\/wp-json\/wp\/v2\/tags?post=7830"}],"curies":[{"name":"wp","href":"https:\/\/api.w.org\/{rel}","templated":true}]}}