{"id":7481,"date":"2019-07-15T01:20:20","date_gmt":"2019-07-14T23:20:20","guid":{"rendered":"https:\/\/culturesco.com\/?p=7481"},"modified":"2019-12-01T18:18:05","modified_gmt":"2019-12-01T17:18:05","slug":"pop-rock-les-concerts-de-legendes-livre-de-julien-deldglise-et-daniel-lesueur-chez-camion-blanc","status":"publish","type":"post","link":"https:\/\/culturesco.com\/index.php\/2019\/07\/15\/pop-rock-les-concerts-de-legendes-livre-de-julien-deldglise-et-daniel-lesueur-chez-camion-blanc\/","title":{"rendered":"Pop Rock &#8211; Les Concerts de L\u00e9gendes :\u00a0chez Camion Blanc"},"content":{"rendered":"<h2>Des Sixties aux Seventies : une Plong\u00e9e dans un Univers de D\u00e9couvertes<\/h2>\n<figure id=\"attachment_7521\" aria-describedby=\"caption-attachment-7521\" style=\"width: 213px\" class=\"wp-caption aligncenter\"><a href=\"https:\/\/amzn.to\/2kdmDoJ\" target=\"_blank\" rel=\"noopener noreferrer\"><img data-recalc-dims=\"1\" loading=\"lazy\" decoding=\"async\" class=\"wp-image-7521 size-full\" src=\"https:\/\/i0.wp.com\/culturesco.com\/wp-content\/uploads\/2019\/07\/pop-rock-les-concerts-de-legende-livre-e1563288244571.jpg?resize=213%2C300&#038;ssl=1\" alt=\"pop rock - les concerts de l\u00e9gende Livre chez camion blanc\" width=\"213\" height=\"300\" \/><\/a><figcaption id=\"caption-attachment-7521\" class=\"wp-caption-text\">Pop Rock &#8211; Les Concerts de L\u00e9gendes<\/figcaption><\/figure>\n<p><strong>Pop Rock &#8211; Les Concerts de L\u00e9gendes :\u00a0<\/strong><\/p>\n<p style=\"text-align: justify;\">Qui n\u2019a pas, dans sa vie, vu un concert de son style et de son groupe pr\u00e9f\u00e9r\u00e9\u00a0? De la musique classique (l\u00e0, on est dans l\u2019interpr\u00e9tation, forc\u00e9ment) au jazz, en passant par le rock, le reggae, la soul, la chanson, etc. Certain(e)s ont pu \u00eatre enthousiastes, d\u2019autres d\u00e9\u00e7u(e)s, c\u2019est le risque mais peu importe.<\/p>\n<p style=\"text-align: justify;\"><strong>Julien Del\u00e9glise et Daniel Lesueur<\/strong> s\u2019attaquent aux concerts dits de l\u00e9gendes, dans le domaine du pop rock. Mais ils pr\u00e9cisent bien qu\u2019il y a des surprises parce qu<strong>\u2019il ne s\u2019agit pas de ressasser les festivals de Monterey et autres Woodstock<\/strong>. Il convient de d\u00e9terminer \u00e0 quel moment nos auteurs \u00e9taient pr\u00e9sents ou tout au moins ont pu entendre (\u00e0 cette \u00e9poque la radio \u00e9tait le m\u00e9dia le plus puissant pour \u00e9couter ce style de musique) <strong>les groupes qu\u2019ils appr\u00e9ciaient ou d\u00e9couvraient<\/strong> durant cette vingtaine d\u2019ann\u00e9es qui a mis \u00e0 mal toutes sortes de convictions.<\/p>\n<h3>Pop Rock &#8211; Les Concerts de L\u00e9gendes : Le Bootleg<\/h3>\n<p style=\"text-align: justify;\">Il est n\u00e9cessaire aussi d\u2019en passer par le concert \u00e9dit\u00e9 en vinyle appel\u00e9 <strong>\u00ab\u00a0pirate\u00a0\u00bb ou bootleg<\/strong> pour faire anglo-saxon, en gros celui qui n\u2019est pas officiel, enfin, pas vraiment. Alors ils effectuent un retour aux sources, anglais, am\u00e9ricains, fran\u00e7ais. Les Beatles, les Who, les Stones, Clapton, Bad Company, <a href=\"https:\/\/culturesco.com\/index.php\/2019\/01\/29\/led-zeppelin-au-japon-en-1971\/\" target=\"_blank\" rel=\"noopener noreferrer\">Led Zeppelin<\/a>, <a href=\"https:\/\/culturesco.com\/index.php\/2019\/05\/12\/mark-knopfler-la-derniere-tournee-pourquoi-l-ancien-guitariste-de-dire-straits-fait-ses-adieux\/\" target=\"_blank\" rel=\"noopener noreferrer\">Dire Straits<\/a>, <a href=\"https:\/\/culturesco.com\/index.php\/2019\/02\/13\/ac-dc-79-en-studio-et-en-concert\/\" target=\"_blank\" rel=\"noopener noreferrer\">AC\/DC<\/a>, Fleetwood Mac, mais aussi <a href=\"https:\/\/culturesco.com\/index.php\/2019\/02\/16\/johnny-hallyday-noir-cest-noir-1966\/\" target=\"_blank\" rel=\"noopener noreferrer\">Johnny Hallyday<\/a>, Higelin, <a href=\"https:\/\/culturesco.com\/index.php\/2019\/04\/11\/jean-louis-aubert-raconte-l-histoire-de-la-chanson-cette-vie-sur-l-album-comme-un-accord\/\" target=\"_blank\" rel=\"noopener noreferrer\">T\u00e9l\u00e9phone<\/a>, <a href=\"https:\/\/culturesco.com\/index.php\/2019\/04\/19\/valerie-lagrange\/\" target=\"_blank\" rel=\"noopener noreferrer\">Val\u00e9rie Lagrange<\/a>, Shakin\u2019 Street, ils y sont tous, y compris ceux qu\u2019on oublie \u00e0 l\u2019instant <strong>(Bob Dylan, Black Sabbath, Rush, CSN&amp;Y<\/strong>).<\/p>\n<h4><em>Fleetwood Mac &#8211; Capitol Theatre &#8211; 17\/10\/1975<\/em><\/h4>\n<div class=\"youtube-embed\" data-video_id=\"TPGIcL4x0jw\"><iframe loading=\"lazy\" title=\"Fleetwood Mac - Full Concert - 10\/17\/75 - Capitol Theatre (OFFICIAL)\" width=\"696\" height=\"522\" src=\"https:\/\/www.youtube.com\/embed\/TPGIcL4x0jw\" frameborder=\"0\" allow=\"accelerometer; autoplay; clipboard-write; encrypted-media; gyroscope; picture-in-picture; web-share\" referrerpolicy=\"strict-origin-when-cross-origin\" allowfullscreen><\/iframe><\/div>\n<p style=\"text-align: justify;\">Gentiment, ils m\u2019ont m\u00eame offert une belle page pour parler du premier concert en direct des <strong><a href=\"https:\/\/culturesco.com\/index.php\/2019\/06\/04\/the-cure-concert-des-30-ans-de-l-album-disintegration-en-streaming-jeudi-30-mai-2019\/\">Cure<\/a> sur RTL, d\u00e9but 80.<\/strong><\/p>\n<p style=\"text-align: justify;\">On vous invite donc largement \u00e0 vous (re)plonger dans ces ann\u00e9es hirsutes o\u00f9, si les labels \u00e9taient d\u00e9j\u00e0 rois, la musique n\u2019en restait pas moins reine. <strong>Un livre \u00e0 \u00e9couter fort.<\/strong><\/p>\n<p style=\"text-align: justify;\"><a href=\"https:\/\/amzn.to\/2kdmDoJ\" target=\"_blank\" rel=\"noopener noreferrer\"><strong>Julien Del\u00e9glise &amp; Daniel Lesueur &#8211;\u00a0<em>Pop Rock\u00a0: Les Concerts de L\u00e9gendes<\/em><\/strong><\/a><\/p>\n<p style=\"text-align: justify;\">Les Ann\u00e9es 60 et 70<\/p>\n<p style=\"text-align: justify;\">Camion Blanc \u2013 386 pages \u2013 30 \u20ac<\/p>\n<p style=\"text-align: center;\"><iframe style=\"width: 120px; height: 240px;\" src=\"\/\/ws-eu.amazon-adsystem.com\/widgets\/q?ServiceVersion=20070822&amp;OneJS=1&amp;Operation=GetAdHtml&amp;MarketPlace=FR&amp;source=ss&amp;ref=as_ss_li_til&amp;ad_type=product_link&amp;tracking_id=auguste00-21&amp;language=fr_FR&amp;marketplace=amazon&amp;region=FR&amp;placement=2378481241&amp;asins=2378481241&amp;linkId=5f224e6d9d98c5543b1647ffd43ee287&amp;show_border=true&amp;link_opens_in_new_window=true\" frameborder=\"0\" marginwidth=\"0\" marginheight=\"0\" scrolling=\"no\"><\/iframe><\/p>\n<p><strong>Patrick B\u00e9nard<\/strong><\/p>\n","protected":false},"excerpt":{"rendered":"<p>Des Sixties aux Seventies : une Plong\u00e9e dans un Univers de D\u00e9couvertes Pop Rock &#8211; Les Concerts de L\u00e9gendes :\u00a0 Qui n\u2019a pas, dans sa vie, vu un concert de son style et de son groupe pr\u00e9f\u00e9r\u00e9\u00a0? De la musique classique (l\u00e0, on est dans l\u2019interpr\u00e9tation, forc\u00e9ment) au jazz, en passant par le rock, le [&hellip;]<\/p>\n","protected":false},"author":4,"featured_media":5697,"comment_status":"open","ping_status":"closed","sticky":false,"template":"","format":"image","meta":{"jetpack_post_was_ever_published":false,"tdm_status":"","tdm_grid_status":"","_jetpack_newsletter_access":"","_jetpack_dont_email_post_to_subs":false,"_jetpack_newsletter_tier_id":0,"_jetpack_memberships_contains_paywalled_content":false,"_jetpack_memberships_contains_paid_content":false,"footnotes":""},"categories":[17,23,33,27,66],"tags":[67],"class_list":{"0":"post-7481","1":"post","2":"type-post","3":"status-publish","4":"format-image","5":"has-post-thumbnail","7":"category-carotte-rock-cultures","8":"category-chroniques-litteraires","9":"category-histoire-du-rock","10":"category-litterature","11":"category-livre-rock","12":"tag-anecdotes-rock","13":"post_format-post-format-image"},"yoast_head":"<!-- This site is optimized with the Yoast SEO plugin v27.5 - https:\/\/yoast.com\/product\/yoast-seo-wordpress\/ -->\n<title>Pop Rock - Les Concerts de L\u00e9gendes :\u00a0chez Camion Blanc - Culturesco<\/title>\n<meta name=\"description\" content=\"CulturesCo | Pop Rock - Les Concerts de L\u00e9gende, un livre de Julien Del\u00e9glise et Daniel Lesueur aux editions Camion Blanc.\" \/>\n<meta name=\"robots\" content=\"index, follow, max-snippet:-1, max-image-preview:large, max-video-preview:-1\" \/>\n<link rel=\"canonical\" href=\"https:\/\/culturesco.com\/index.php\/2019\/07\/15\/pop-rock-les-concerts-de-legendes-livre-de-julien-deldglise-et-daniel-lesueur-chez-camion-blanc\/\" \/>\n<meta property=\"og:locale\" content=\"fr_FR\" \/>\n<meta property=\"og:type\" content=\"article\" \/>\n<meta property=\"og:title\" content=\"Pop Rock - Les Concerts de L\u00e9gendes :\u00a0chez Camion Blanc - Culturesco\" \/>\n<meta property=\"og:description\" content=\"CulturesCo | Pop Rock - Les Concerts de L\u00e9gende, un livre de Julien Del\u00e9glise et Daniel Lesueur aux editions Camion Blanc.\" \/>\n<meta property=\"og:url\" content=\"https:\/\/culturesco.com\/index.php\/2019\/07\/15\/pop-rock-les-concerts-de-legendes-livre-de-julien-deldglise-et-daniel-lesueur-chez-camion-blanc\/\" \/>\n<meta property=\"og:site_name\" content=\"Culturesco\" \/>\n<meta property=\"article:publisher\" content=\"https:\/\/www.facebook.com\/radioculturesco\" \/>\n<meta property=\"article:published_time\" content=\"2019-07-14T23:20:20+00:00\" \/>\n<meta property=\"article:modified_time\" content=\"2019-12-01T17:18:05+00:00\" \/>\n<meta property=\"og:image\" content=\"https:\/\/i2.wp.com\/culturesco.com\/wp-content\/uploads\/2019\/04\/les-who.jpg?fit=600%2C317&ssl=1\" \/>\n\t<meta property=\"og:image:width\" content=\"600\" \/>\n\t<meta property=\"og:image:height\" content=\"317\" \/>\n\t<meta property=\"og:image:type\" content=\"image\/jpeg\" \/>\n<meta name=\"author\" content=\"Patrick Benard\" \/>\n<meta name=\"twitter:card\" content=\"summary_large_image\" \/>\n<meta name=\"twitter:creator\" content=\"@AugusteMarshal\" \/>\n<meta name=\"twitter:site\" content=\"@AugusteMarshal\" \/>\n<meta name=\"twitter:label1\" content=\"\u00c9crit par\" \/>\n\t<meta name=\"twitter:data1\" content=\"Patrick Benard\" \/>\n\t<meta name=\"twitter:label2\" content=\"Dur\u00e9e de lecture estim\u00e9e\" \/>\n\t<meta name=\"twitter:data2\" content=\"2 minutes\" \/>\n<script type=\"application\/ld+json\" class=\"yoast-schema-graph\">{\"@context\":\"https:\\\/\\\/schema.org\",\"@graph\":[{\"@type\":\"Article\",\"@id\":\"https:\\\/\\\/culturesco.com\\\/index.php\\\/2019\\\/07\\\/15\\\/pop-rock-les-concerts-de-legendes-livre-de-julien-deldglise-et-daniel-lesueur-chez-camion-blanc\\\/#article\",\"isPartOf\":{\"@id\":\"https:\\\/\\\/culturesco.com\\\/index.php\\\/2019\\\/07\\\/15\\\/pop-rock-les-concerts-de-legendes-livre-de-julien-deldglise-et-daniel-lesueur-chez-camion-blanc\\\/\"},\"author\":{\"name\":\"Patrick Benard\",\"@id\":\"https:\\\/\\\/culturesco.com\\\/#\\\/schema\\\/person\\\/c2ddd6724863f3bbd20a8278df0891f3\"},\"headline\":\"Pop Rock &#8211; Les Concerts de L\u00e9gendes :\u00a0chez Camion Blanc\",\"datePublished\":\"2019-07-14T23:20:20+00:00\",\"dateModified\":\"2019-12-01T17:18:05+00:00\",\"mainEntityOfPage\":{\"@id\":\"https:\\\/\\\/culturesco.com\\\/index.php\\\/2019\\\/07\\\/15\\\/pop-rock-les-concerts-de-legendes-livre-de-julien-deldglise-et-daniel-lesueur-chez-camion-blanc\\\/\"},\"wordCount\":419,\"commentCount\":0,\"publisher\":{\"@id\":\"https:\\\/\\\/culturesco.com\\\/#organization\"},\"image\":{\"@id\":\"https:\\\/\\\/culturesco.com\\\/index.php\\\/2019\\\/07\\\/15\\\/pop-rock-les-concerts-de-legendes-livre-de-julien-deldglise-et-daniel-lesueur-chez-camion-blanc\\\/#primaryimage\"},\"thumbnailUrl\":\"https:\\\/\\\/i0.wp.com\\\/culturesco.com\\\/wp-content\\\/uploads\\\/2019\\\/04\\\/les-who.jpg?fit=600%2C317&ssl=1\",\"keywords\":[\"Anecdotes Rock\"],\"articleSection\":[\"Carotte Rock Cultures\",\"Chroniques litt\u00e9raires\",\"Histoire du rock\",\"Litt\u00e9rature\",\"Livre Rock\"],\"inLanguage\":\"fr-FR\",\"potentialAction\":[{\"@type\":\"CommentAction\",\"name\":\"Comment\",\"target\":[\"https:\\\/\\\/culturesco.com\\\/index.php\\\/2019\\\/07\\\/15\\\/pop-rock-les-concerts-de-legendes-livre-de-julien-deldglise-et-daniel-lesueur-chez-camion-blanc\\\/#respond\"]}]},{\"@type\":\"WebPage\",\"@id\":\"https:\\\/\\\/culturesco.com\\\/index.php\\\/2019\\\/07\\\/15\\\/pop-rock-les-concerts-de-legendes-livre-de-julien-deldglise-et-daniel-lesueur-chez-camion-blanc\\\/\",\"url\":\"https:\\\/\\\/culturesco.com\\\/index.php\\\/2019\\\/07\\\/15\\\/pop-rock-les-concerts-de-legendes-livre-de-julien-deldglise-et-daniel-lesueur-chez-camion-blanc\\\/\",\"name\":\"Pop Rock - Les Concerts de L\u00e9gendes :\u00a0chez Camion Blanc - Culturesco\",\"isPartOf\":{\"@id\":\"https:\\\/\\\/culturesco.com\\\/#website\"},\"primaryImageOfPage\":{\"@id\":\"https:\\\/\\\/culturesco.com\\\/index.php\\\/2019\\\/07\\\/15\\\/pop-rock-les-concerts-de-legendes-livre-de-julien-deldglise-et-daniel-lesueur-chez-camion-blanc\\\/#primaryimage\"},\"image\":{\"@id\":\"https:\\\/\\\/culturesco.com\\\/index.php\\\/2019\\\/07\\\/15\\\/pop-rock-les-concerts-de-legendes-livre-de-julien-deldglise-et-daniel-lesueur-chez-camion-blanc\\\/#primaryimage\"},\"thumbnailUrl\":\"https:\\\/\\\/i0.wp.com\\\/culturesco.com\\\/wp-content\\\/uploads\\\/2019\\\/04\\\/les-who.jpg?fit=600%2C317&ssl=1\",\"datePublished\":\"2019-07-14T23:20:20+00:00\",\"dateModified\":\"2019-12-01T17:18:05+00:00\",\"description\":\"CulturesCo | Pop Rock - Les Concerts de L\u00e9gende, un livre de Julien Del\u00e9glise et Daniel Lesueur aux editions Camion Blanc.\",\"breadcrumb\":{\"@id\":\"https:\\\/\\\/culturesco.com\\\/index.php\\\/2019\\\/07\\\/15\\\/pop-rock-les-concerts-de-legendes-livre-de-julien-deldglise-et-daniel-lesueur-chez-camion-blanc\\\/#breadcrumb\"},\"inLanguage\":\"fr-FR\",\"potentialAction\":[{\"@type\":\"ReadAction\",\"target\":[\"https:\\\/\\\/culturesco.com\\\/index.php\\\/2019\\\/07\\\/15\\\/pop-rock-les-concerts-de-legendes-livre-de-julien-deldglise-et-daniel-lesueur-chez-camion-blanc\\\/\"]}]},{\"@type\":\"ImageObject\",\"inLanguage\":\"fr-FR\",\"@id\":\"https:\\\/\\\/culturesco.com\\\/index.php\\\/2019\\\/07\\\/15\\\/pop-rock-les-concerts-de-legendes-livre-de-julien-deldglise-et-daniel-lesueur-chez-camion-blanc\\\/#primaryimage\",\"url\":\"https:\\\/\\\/i0.wp.com\\\/culturesco.com\\\/wp-content\\\/uploads\\\/2019\\\/04\\\/les-who.jpg?fit=600%2C317&ssl=1\",\"contentUrl\":\"https:\\\/\\\/i0.wp.com\\\/culturesco.com\\\/wp-content\\\/uploads\\\/2019\\\/04\\\/les-who.jpg?fit=600%2C317&ssl=1\",\"width\":600,\"height\":317,\"caption\":\"les who who's next\"},{\"@type\":\"BreadcrumbList\",\"@id\":\"https:\\\/\\\/culturesco.com\\\/index.php\\\/2019\\\/07\\\/15\\\/pop-rock-les-concerts-de-legendes-livre-de-julien-deldglise-et-daniel-lesueur-chez-camion-blanc\\\/#breadcrumb\",\"itemListElement\":[{\"@type\":\"ListItem\",\"position\":1,\"name\":\"Accueil\",\"item\":\"https:\\\/\\\/culturesco.com\\\/\"},{\"@type\":\"ListItem\",\"position\":2,\"name\":\"Pop Rock &#8211; Les Concerts de L\u00e9gendes :\u00a0chez Camion Blanc\"}]},{\"@type\":\"WebSite\",\"@id\":\"https:\\\/\\\/culturesco.com\\\/#website\",\"url\":\"https:\\\/\\\/culturesco.com\\\/\",\"name\":\"Culturesco\",\"description\":\"Culturesco | Un bon coup de pied dans ta Culture\",\"publisher\":{\"@id\":\"https:\\\/\\\/culturesco.com\\\/#organization\"},\"potentialAction\":[{\"@type\":\"SearchAction\",\"target\":{\"@type\":\"EntryPoint\",\"urlTemplate\":\"https:\\\/\\\/culturesco.com\\\/?s={search_term_string}\"},\"query-input\":{\"@type\":\"PropertyValueSpecification\",\"valueRequired\":true,\"valueName\":\"search_term_string\"}}],\"inLanguage\":\"fr-FR\"},{\"@type\":\"Organization\",\"@id\":\"https:\\\/\\\/culturesco.com\\\/#organization\",\"name\":\"CULTURESCO\",\"url\":\"https:\\\/\\\/culturesco.com\\\/\",\"logo\":{\"@type\":\"ImageObject\",\"inLanguage\":\"fr-FR\",\"@id\":\"https:\\\/\\\/culturesco.com\\\/#\\\/schema\\\/logo\\\/image\\\/\",\"url\":\"https:\\\/\\\/i0.wp.com\\\/culturesco.com\\\/wp-content\\\/uploads\\\/2022\\\/04\\\/culturesco-logo-blanc250p.png?fit=250%2C250&ssl=1\",\"contentUrl\":\"https:\\\/\\\/i0.wp.com\\\/culturesco.com\\\/wp-content\\\/uploads\\\/2022\\\/04\\\/culturesco-logo-blanc250p.png?fit=250%2C250&ssl=1\",\"width\":250,\"height\":250,\"caption\":\"CULTURESCO\"},\"image\":{\"@id\":\"https:\\\/\\\/culturesco.com\\\/#\\\/schema\\\/logo\\\/image\\\/\"},\"sameAs\":[\"https:\\\/\\\/www.facebook.com\\\/radioculturesco\",\"https:\\\/\\\/x.com\\\/AugusteMarshal\",\"https:\\\/\\\/www.instagram.com\\\/carotte_rock_culture\\\/\",\"https:\\\/\\\/www.pinterest.fr\\\/augustemarshal\\\/\",\"https:\\\/\\\/www.youtube.com\\\/channel\\\/UCiWLGffqWSXlNnfzp6YwwyQ\"]},{\"@type\":\"Person\",\"@id\":\"https:\\\/\\\/culturesco.com\\\/#\\\/schema\\\/person\\\/c2ddd6724863f3bbd20a8278df0891f3\",\"name\":\"Patrick Benard\",\"image\":{\"@type\":\"ImageObject\",\"inLanguage\":\"fr-FR\",\"@id\":\"https:\\\/\\\/i0.wp.com\\\/culturesco.com\\\/wp-content\\\/uploads\\\/2019\\\/02\\\/patrick-benard-2.jpg?fit=90%2C96&ssl=1\",\"url\":\"https:\\\/\\\/i0.wp.com\\\/culturesco.com\\\/wp-content\\\/uploads\\\/2019\\\/02\\\/patrick-benard-2.jpg?fit=90%2C96&ssl=1\",\"contentUrl\":\"https:\\\/\\\/i0.wp.com\\\/culturesco.com\\\/wp-content\\\/uploads\\\/2019\\\/02\\\/patrick-benard-2.jpg?fit=90%2C96&ssl=1\",\"caption\":\"Patrick Benard\"},\"description\":\"Ecrivain, chroniqueur, animateur radio, cr\u00e9ateur de la revue \u00ab Cin\u00e9manie \u00bb, autour du cin\u00e9ma dit d\u2019art et d\u2019essai, sp\u00e9cialiste du groupe The Cure, archiviste... 2020 : \\\"Le Post Rock\\\" essai sur le post rock de Mogwa\u00ef \u00e0 Godspeed You Black Emperor - Camion Blanc 2014 : \u00ab On the rocks \u2013le rock de 2007 \u00e0 2014 \u00bb chroniques livres et cd rocks, interviews \u2013Editions Vaillant 2010 : \u00ab Dans la T\u00eate de Robert Smith \u00bb, roman fiction autour de l\u2019histoire des Cure et de Robert Smith \u2013 Edilivres 2007 : \u00ab Chroniques Fr\u00e9n\u00e9tiques, une histoire intime du rock \u00bb, roman, prix Technikart. 2001 : \u00ab Les Iles du D\u00e9sert \u00bb, polar autour du rock \u2013 Editions Nykta\",\"url\":\"https:\\\/\\\/culturesco.com\\\/index.php\\\/author\\\/patrick-benard89\\\/\"}]}<\/script>\n<!-- \/ Yoast SEO plugin. -->","yoast_head_json":{"title":"Pop Rock - Les Concerts de L\u00e9gendes :\u00a0chez Camion Blanc - Culturesco","description":"CulturesCo | Pop Rock - Les Concerts de L\u00e9gende, un livre de Julien Del\u00e9glise et Daniel Lesueur aux editions Camion Blanc.","robots":{"index":"index","follow":"follow","max-snippet":"max-snippet:-1","max-image-preview":"max-image-preview:large","max-video-preview":"max-video-preview:-1"},"canonical":"https:\/\/culturesco.com\/index.php\/2019\/07\/15\/pop-rock-les-concerts-de-legendes-livre-de-julien-deldglise-et-daniel-lesueur-chez-camion-blanc\/","og_locale":"fr_FR","og_type":"article","og_title":"Pop Rock - Les Concerts de L\u00e9gendes :\u00a0chez Camion Blanc - Culturesco","og_description":"CulturesCo | Pop Rock - Les Concerts de L\u00e9gende, un livre de Julien Del\u00e9glise et Daniel Lesueur aux editions Camion Blanc.","og_url":"https:\/\/culturesco.com\/index.php\/2019\/07\/15\/pop-rock-les-concerts-de-legendes-livre-de-julien-deldglise-et-daniel-lesueur-chez-camion-blanc\/","og_site_name":"Culturesco","article_publisher":"https:\/\/www.facebook.com\/radioculturesco","article_published_time":"2019-07-14T23:20:20+00:00","article_modified_time":"2019-12-01T17:18:05+00:00","og_image":[{"width":600,"height":317,"url":"https:\/\/i2.wp.com\/culturesco.com\/wp-content\/uploads\/2019\/04\/les-who.jpg?fit=600%2C317&ssl=1","type":"image\/jpeg"}],"author":"Patrick Benard","twitter_card":"summary_large_image","twitter_creator":"@AugusteMarshal","twitter_site":"@AugusteMarshal","twitter_misc":{"\u00c9crit par":"Patrick Benard","Dur\u00e9e de lecture estim\u00e9e":"2 minutes"},"schema":{"@context":"https:\/\/schema.org","@graph":[{"@type":"Article","@id":"https:\/\/culturesco.com\/index.php\/2019\/07\/15\/pop-rock-les-concerts-de-legendes-livre-de-julien-deldglise-et-daniel-lesueur-chez-camion-blanc\/#article","isPartOf":{"@id":"https:\/\/culturesco.com\/index.php\/2019\/07\/15\/pop-rock-les-concerts-de-legendes-livre-de-julien-deldglise-et-daniel-lesueur-chez-camion-blanc\/"},"author":{"name":"Patrick Benard","@id":"https:\/\/culturesco.com\/#\/schema\/person\/c2ddd6724863f3bbd20a8278df0891f3"},"headline":"Pop Rock &#8211; Les Concerts de L\u00e9gendes :\u00a0chez Camion Blanc","datePublished":"2019-07-14T23:20:20+00:00","dateModified":"2019-12-01T17:18:05+00:00","mainEntityOfPage":{"@id":"https:\/\/culturesco.com\/index.php\/2019\/07\/15\/pop-rock-les-concerts-de-legendes-livre-de-julien-deldglise-et-daniel-lesueur-chez-camion-blanc\/"},"wordCount":419,"commentCount":0,"publisher":{"@id":"https:\/\/culturesco.com\/#organization"},"image":{"@id":"https:\/\/culturesco.com\/index.php\/2019\/07\/15\/pop-rock-les-concerts-de-legendes-livre-de-julien-deldglise-et-daniel-lesueur-chez-camion-blanc\/#primaryimage"},"thumbnailUrl":"https:\/\/i0.wp.com\/culturesco.com\/wp-content\/uploads\/2019\/04\/les-who.jpg?fit=600%2C317&ssl=1","keywords":["Anecdotes Rock"],"articleSection":["Carotte Rock Cultures","Chroniques litt\u00e9raires","Histoire du rock","Litt\u00e9rature","Livre Rock"],"inLanguage":"fr-FR","potentialAction":[{"@type":"CommentAction","name":"Comment","target":["https:\/\/culturesco.com\/index.php\/2019\/07\/15\/pop-rock-les-concerts-de-legendes-livre-de-julien-deldglise-et-daniel-lesueur-chez-camion-blanc\/#respond"]}]},{"@type":"WebPage","@id":"https:\/\/culturesco.com\/index.php\/2019\/07\/15\/pop-rock-les-concerts-de-legendes-livre-de-julien-deldglise-et-daniel-lesueur-chez-camion-blanc\/","url":"https:\/\/culturesco.com\/index.php\/2019\/07\/15\/pop-rock-les-concerts-de-legendes-livre-de-julien-deldglise-et-daniel-lesueur-chez-camion-blanc\/","name":"Pop Rock - Les Concerts de L\u00e9gendes :\u00a0chez Camion Blanc - Culturesco","isPartOf":{"@id":"https:\/\/culturesco.com\/#website"},"primaryImageOfPage":{"@id":"https:\/\/culturesco.com\/index.php\/2019\/07\/15\/pop-rock-les-concerts-de-legendes-livre-de-julien-deldglise-et-daniel-lesueur-chez-camion-blanc\/#primaryimage"},"image":{"@id":"https:\/\/culturesco.com\/index.php\/2019\/07\/15\/pop-rock-les-concerts-de-legendes-livre-de-julien-deldglise-et-daniel-lesueur-chez-camion-blanc\/#primaryimage"},"thumbnailUrl":"https:\/\/i0.wp.com\/culturesco.com\/wp-content\/uploads\/2019\/04\/les-who.jpg?fit=600%2C317&ssl=1","datePublished":"2019-07-14T23:20:20+00:00","dateModified":"2019-12-01T17:18:05+00:00","description":"CulturesCo | Pop Rock - Les Concerts de L\u00e9gende, un livre de Julien Del\u00e9glise et Daniel Lesueur aux editions Camion Blanc.","breadcrumb":{"@id":"https:\/\/culturesco.com\/index.php\/2019\/07\/15\/pop-rock-les-concerts-de-legendes-livre-de-julien-deldglise-et-daniel-lesueur-chez-camion-blanc\/#breadcrumb"},"inLanguage":"fr-FR","potentialAction":[{"@type":"ReadAction","target":["https:\/\/culturesco.com\/index.php\/2019\/07\/15\/pop-rock-les-concerts-de-legendes-livre-de-julien-deldglise-et-daniel-lesueur-chez-camion-blanc\/"]}]},{"@type":"ImageObject","inLanguage":"fr-FR","@id":"https:\/\/culturesco.com\/index.php\/2019\/07\/15\/pop-rock-les-concerts-de-legendes-livre-de-julien-deldglise-et-daniel-lesueur-chez-camion-blanc\/#primaryimage","url":"https:\/\/i0.wp.com\/culturesco.com\/wp-content\/uploads\/2019\/04\/les-who.jpg?fit=600%2C317&ssl=1","contentUrl":"https:\/\/i0.wp.com\/culturesco.com\/wp-content\/uploads\/2019\/04\/les-who.jpg?fit=600%2C317&ssl=1","width":600,"height":317,"caption":"les who who's next"},{"@type":"BreadcrumbList","@id":"https:\/\/culturesco.com\/index.php\/2019\/07\/15\/pop-rock-les-concerts-de-legendes-livre-de-julien-deldglise-et-daniel-lesueur-chez-camion-blanc\/#breadcrumb","itemListElement":[{"@type":"ListItem","position":1,"name":"Accueil","item":"https:\/\/culturesco.com\/"},{"@type":"ListItem","position":2,"name":"Pop Rock &#8211; Les Concerts de L\u00e9gendes :\u00a0chez Camion Blanc"}]},{"@type":"WebSite","@id":"https:\/\/culturesco.com\/#website","url":"https:\/\/culturesco.com\/","name":"Culturesco","description":"Culturesco | Un bon coup de pied dans ta Culture","publisher":{"@id":"https:\/\/culturesco.com\/#organization"},"potentialAction":[{"@type":"SearchAction","target":{"@type":"EntryPoint","urlTemplate":"https:\/\/culturesco.com\/?s={search_term_string}"},"query-input":{"@type":"PropertyValueSpecification","valueRequired":true,"valueName":"search_term_string"}}],"inLanguage":"fr-FR"},{"@type":"Organization","@id":"https:\/\/culturesco.com\/#organization","name":"CULTURESCO","url":"https:\/\/culturesco.com\/","logo":{"@type":"ImageObject","inLanguage":"fr-FR","@id":"https:\/\/culturesco.com\/#\/schema\/logo\/image\/","url":"https:\/\/i0.wp.com\/culturesco.com\/wp-content\/uploads\/2022\/04\/culturesco-logo-blanc250p.png?fit=250%2C250&ssl=1","contentUrl":"https:\/\/i0.wp.com\/culturesco.com\/wp-content\/uploads\/2022\/04\/culturesco-logo-blanc250p.png?fit=250%2C250&ssl=1","width":250,"height":250,"caption":"CULTURESCO"},"image":{"@id":"https:\/\/culturesco.com\/#\/schema\/logo\/image\/"},"sameAs":["https:\/\/www.facebook.com\/radioculturesco","https:\/\/x.com\/AugusteMarshal","https:\/\/www.instagram.com\/carotte_rock_culture\/","https:\/\/www.pinterest.fr\/augustemarshal\/","https:\/\/www.youtube.com\/channel\/UCiWLGffqWSXlNnfzp6YwwyQ"]},{"@type":"Person","@id":"https:\/\/culturesco.com\/#\/schema\/person\/c2ddd6724863f3bbd20a8278df0891f3","name":"Patrick Benard","image":{"@type":"ImageObject","inLanguage":"fr-FR","@id":"https:\/\/i0.wp.com\/culturesco.com\/wp-content\/uploads\/2019\/02\/patrick-benard-2.jpg?fit=90%2C96&ssl=1","url":"https:\/\/i0.wp.com\/culturesco.com\/wp-content\/uploads\/2019\/02\/patrick-benard-2.jpg?fit=90%2C96&ssl=1","contentUrl":"https:\/\/i0.wp.com\/culturesco.com\/wp-content\/uploads\/2019\/02\/patrick-benard-2.jpg?fit=90%2C96&ssl=1","caption":"Patrick Benard"},"description":"Ecrivain, chroniqueur, animateur radio, cr\u00e9ateur de la revue \u00ab Cin\u00e9manie \u00bb, autour du cin\u00e9ma dit d\u2019art et d\u2019essai, sp\u00e9cialiste du groupe The Cure, archiviste... 2020 : \"Le Post Rock\" essai sur le post rock de Mogwa\u00ef \u00e0 Godspeed You Black Emperor - Camion Blanc 2014 : \u00ab On the rocks \u2013le rock de 2007 \u00e0 2014 \u00bb chroniques livres et cd rocks, interviews \u2013Editions Vaillant 2010 : \u00ab Dans la T\u00eate de Robert Smith \u00bb, roman fiction autour de l\u2019histoire des Cure et de Robert Smith \u2013 Edilivres 2007 : \u00ab Chroniques Fr\u00e9n\u00e9tiques, une histoire intime du rock \u00bb, roman, prix Technikart. 2001 : \u00ab Les Iles du D\u00e9sert \u00bb, polar autour du rock \u2013 Editions Nykta","url":"https:\/\/culturesco.com\/index.php\/author\/patrick-benard89\/"}]}},"jetpack_featured_media_url":"https:\/\/i0.wp.com\/culturesco.com\/wp-content\/uploads\/2019\/04\/les-who.jpg?fit=600%2C317&ssl=1","jetpack_likes_enabled":true,"jetpack_sharing_enabled":true,"jetpack_shortlink":"https:\/\/wp.me\/paz89I-1WF","_links":{"self":[{"href":"https:\/\/culturesco.com\/index.php\/wp-json\/wp\/v2\/posts\/7481","targetHints":{"allow":["GET"]}}],"collection":[{"href":"https:\/\/culturesco.com\/index.php\/wp-json\/wp\/v2\/posts"}],"about":[{"href":"https:\/\/culturesco.com\/index.php\/wp-json\/wp\/v2\/types\/post"}],"author":[{"embeddable":true,"href":"https:\/\/culturesco.com\/index.php\/wp-json\/wp\/v2\/users\/4"}],"replies":[{"embeddable":true,"href":"https:\/\/culturesco.com\/index.php\/wp-json\/wp\/v2\/comments?post=7481"}],"version-history":[{"count":0,"href":"https:\/\/culturesco.com\/index.php\/wp-json\/wp\/v2\/posts\/7481\/revisions"}],"wp:featuredmedia":[{"embeddable":true,"href":"https:\/\/culturesco.com\/index.php\/wp-json\/wp\/v2\/media\/5697"}],"wp:attachment":[{"href":"https:\/\/culturesco.com\/index.php\/wp-json\/wp\/v2\/media?parent=7481"}],"wp:term":[{"taxonomy":"category","embeddable":true,"href":"https:\/\/culturesco.com\/index.php\/wp-json\/wp\/v2\/categories?post=7481"},{"taxonomy":"post_tag","embeddable":true,"href":"https:\/\/culturesco.com\/index.php\/wp-json\/wp\/v2\/tags?post=7481"}],"curies":[{"name":"wp","href":"https:\/\/api.w.org\/{rel}","templated":true}]}}