{"id":7304,"date":"2019-07-09T09:59:50","date_gmt":"2019-07-09T07:59:50","guid":{"rendered":"https:\/\/culturesco.com\/?p=7304"},"modified":"2019-11-06T17:13:06","modified_gmt":"2019-11-06T16:13:06","slug":"5-juillet-1969-les-rolling-stones-a-hyde-park","status":"publish","type":"post","link":"https:\/\/culturesco.com\/index.php\/2019\/07\/09\/5-juillet-1969-les-rolling-stones-a-hyde-park\/","title":{"rendered":"Les Rolling Stones \u00e0 Hyde Park : 5 juillet 1969"},"content":{"rendered":"<h2>Rolling Stones &#8230; un concert calamiteux !<\/h2>\n<figure id=\"attachment_7306\" aria-describedby=\"caption-attachment-7306\" style=\"width: 181px\" class=\"wp-caption aligncenter\"><img data-recalc-dims=\"1\" loading=\"lazy\" decoding=\"async\" class=\"wp-image-7306 size-full\" src=\"https:\/\/i0.wp.com\/culturesco.com\/wp-content\/uploads\/2019\/07\/les-Rolling-Stones-%C3%A0-Hyde-Park.jpg?resize=181%2C279&#038;ssl=1\" alt=\"5 juillet 1969 : les Rolling Stones \u00e0 Hyde Park\" width=\"181\" height=\"279\" \/><figcaption id=\"caption-attachment-7306\" class=\"wp-caption-text\">5 juillet 1969 : les Rolling Stones \u00e0 Hyde Park<\/figcaption><\/figure>\n<p><strong>Les Rolling Stones \u00e0 Hyde Park : 5 juillet 1969.<\/strong><\/p>\n<p style=\"text-align: justify;\">Dans une robe blanche cr\u00e9\u00e9e par le c\u00e9l\u00e8bre couturier Michael Fish pass\u00e9e sur son T-shirt et son pantalon, Jagger demanda le silence :<\/p>\n<blockquote>\n<h4 style=\"text-align: justify;\"><em>\u00abCalmez-vous et \u00e9coutez\u2026 Je voudrais dire quelque chose pour Brian\u00bb.<\/em><\/h4>\n<\/blockquote>\n<p style=\"text-align: justify;\">Il lut deux vers d\u2019 \u00abAdonais\u00bb de Shell. Puis il d\u00e9marra le show par \u00abMonkey man\u00bb aux paroles assez particuli\u00e8res. (All my friends are junkies \/ That\u2019s not really true \/ I\u2019m a cold Italian pizza \/ I could use a lemon squeezer).<br \/>\n<a href=\"https:\/\/culturesco.com\/index.php\/2019\/01\/13\/il-y-a-cinquante-ans-brian-jones\/\" target=\"_blank\" rel=\"noopener noreferrer\">La tristesse occasionn\u00e9e par le d\u00e9c\u00e8s de<\/a> <strong>Brian Jones<\/strong> l\u2019avant-veille n\u2019excuse pas tout. Et lorsqu\u2019on \u00e9coute ou visionne aujourd\u2019hui la prestation, on n\u2019est pas loin d\u2019\u00eatre constern\u00e9.<\/p>\n<p>https:\/\/www.youtube.com\/watch?v=-_qxMRHyZq0<\/p>\n<p>Atmosph\u00e8re, d\u00e9j\u00e0 tendue lorsque<a href=\"https:\/\/culturesco.com\/index.php\/2019\/06\/13\/rolling-stones-sticky-fingers-histoire-de-l-album-une-braguette-signee-warhol-et-un-label-stones-langue-rouge\/\" target=\"_blank\" rel=\"noopener noreferrer\"> les Stones<\/a>, sous bonne garde, arriv\u00e8rent pr\u00e8s de la sc\u00e8ne. Et \u00e7a ne s\u2019arrangea pas durant toute la dur\u00e9e du concert. Les milliers de papillons blancs qui devaient s\u2019envoler \u00e0 la m\u00e9moire de Jones \u00e9taient, pour la plupart, morts dans leurs bo\u00eetes surchauff\u00e9es.<\/p>\n<p style=\"text-align: justify;\">Passant du froid de la caravane \u00e0 air conditionn\u00e9 qu\u2019on a install\u00e9e pour les artistes \u00e0 la chaleur ext\u00e9rieure, Jagger avait attrap\u00e9 mal \u00e0 la gorge et les guitares s\u2019\u00e9taient d\u00e9saccord\u00e9es. Keith Richard, en l\u2019absence de Brian, ne parvenait pas \u00e0 s\u2019en sortir durant les passages instrumentaux ; il se planta si fr\u00e9quemment que Jagger, exc\u00e9d\u00e9, lui lan\u00e7a \u00e0 plusieurs reprises :<br \/>\n\u00ab Le tempo ! Garde le tempo \u00bb.<br \/>\n<a href=\"https:\/\/fr.wikipedia.org\/wiki\/Mick_Taylor\" target=\"_blank\" rel=\"noopener noreferrer\">Mick Taylor<\/a>, tr\u00e8s intimid\u00e9, fut bien le seul \u00e0 qui l\u2019on n\u2019eut rien \u00e0 reprocher.<\/p>\n<p>(cet article est extrait du livre <a href=\"https:\/\/www.amazon.fr\/gp\/offer-listing\/2378481241\/ref=tmm_pap_used_olp_0?ie=UTF8&amp;condition=used&amp;qid=&amp;sr=\">CONCERTS DE LEGENDE<\/a>)<\/p>\n<p><a href=\"https:\/\/amzn.to\/2qoY3US\" target=\"_blank\" rel=\"noopener noreferrer\"><img data-recalc-dims=\"1\" loading=\"lazy\" decoding=\"async\" class=\"aligncenter wp-image-7305 size-full\" src=\"https:\/\/i0.wp.com\/culturesco.com\/wp-content\/uploads\/2019\/07\/sans-titre.png?resize=209%2C293&#038;ssl=1\" alt=\"rolling stones\" width=\"209\" height=\"293\" \/><\/a><\/p>\n","protected":false},"excerpt":{"rendered":"<p>Rolling Stones &#8230; un concert calamiteux ! Les Rolling Stones \u00e0 Hyde Park : 5 juillet 1969. Dans une robe blanche cr\u00e9\u00e9e par le c\u00e9l\u00e8bre couturier Michael Fish pass\u00e9e sur son T-shirt et son pantalon, Jagger demanda le silence : \u00abCalmez-vous et \u00e9coutez\u2026 Je voudrais dire quelque chose pour Brian\u00bb. Il lut deux vers d\u2019 [&hellip;]<\/p>\n","protected":false},"author":2,"featured_media":9092,"comment_status":"open","ping_status":"closed","sticky":false,"template":"","format":"image","meta":{"jetpack_post_was_ever_published":false,"tdm_status":"","tdm_grid_status":"","_jetpack_newsletter_access":"","_jetpack_dont_email_post_to_subs":false,"_jetpack_newsletter_tier_id":0,"_jetpack_memberships_contains_paywalled_content":false,"_jetpack_memberships_contains_paid_content":false,"footnotes":""},"categories":[17,36,33],"tags":[38,52,58,48],"class_list":{"0":"post-7304","1":"post","2":"type-post","3":"status-publish","4":"format-image","5":"has-post-thumbnail","7":"category-carotte-rock-cultures","8":"category-groupes-rock-daujourdhui","9":"category-histoire-du-rock","10":"tag-classic-rock","11":"tag-groupe-rock-actuel","12":"tag-histoire-du-rock","13":"tag-personnalite-rock","14":"post_format-post-format-image"},"yoast_head":"<!-- This site is optimized with the Yoast SEO plugin v27.4 - https:\/\/yoast.com\/product\/yoast-seo-wordpress\/ -->\n<title>Les Rolling Stones \u00e0 Hyde Park : 5 juillet 1969 - Culturesco<\/title>\n<meta name=\"description\" content=\"CulturesCo | 5 juillet 1969, les ROLLING STONES \u00e0 Hyde Park ! Un concert calamiteux, seulement quelques jours apr\u00e8s le d\u00e9c\u00e8s de BRIAN JONES\" \/>\n<meta name=\"robots\" content=\"index, follow, max-snippet:-1, max-image-preview:large, max-video-preview:-1\" \/>\n<link rel=\"canonical\" href=\"https:\/\/culturesco.com\/index.php\/2019\/07\/09\/5-juillet-1969-les-rolling-stones-a-hyde-park\/\" \/>\n<meta property=\"og:locale\" content=\"fr_FR\" \/>\n<meta property=\"og:type\" content=\"article\" \/>\n<meta property=\"og:title\" content=\"Les Rolling Stones \u00e0 Hyde Park : 5 juillet 1969 - Culturesco\" \/>\n<meta property=\"og:description\" content=\"CulturesCo | 5 juillet 1969, les ROLLING STONES \u00e0 Hyde Park ! Un concert calamiteux, seulement quelques jours apr\u00e8s le d\u00e9c\u00e8s de BRIAN JONES\" \/>\n<meta property=\"og:url\" content=\"https:\/\/culturesco.com\/index.php\/2019\/07\/09\/5-juillet-1969-les-rolling-stones-a-hyde-park\/\" \/>\n<meta property=\"og:site_name\" content=\"Culturesco\" \/>\n<meta property=\"article:publisher\" content=\"https:\/\/www.facebook.com\/radioculturesco\" \/>\n<meta property=\"article:published_time\" content=\"2019-07-09T07:59:50+00:00\" \/>\n<meta property=\"article:modified_time\" content=\"2019-11-06T16:13:06+00:00\" \/>\n<meta property=\"og:image\" content=\"https:\/\/i1.wp.com\/culturesco.com\/wp-content\/uploads\/2019\/07\/rolling-stones.jpg?fit=600%2C314&ssl=1\" \/>\n\t<meta property=\"og:image:width\" content=\"600\" \/>\n\t<meta property=\"og:image:height\" content=\"314\" \/>\n\t<meta property=\"og:image:type\" content=\"image\/jpeg\" \/>\n<meta name=\"author\" content=\"Daniel Lesueur\" \/>\n<meta name=\"twitter:card\" content=\"summary_large_image\" \/>\n<meta name=\"twitter:creator\" content=\"@AugusteMarshal\" \/>\n<meta name=\"twitter:site\" content=\"@AugusteMarshal\" \/>\n<meta name=\"twitter:label1\" content=\"\u00c9crit par\" \/>\n\t<meta name=\"twitter:data1\" content=\"Daniel Lesueur\" \/>\n\t<meta name=\"twitter:label2\" content=\"Dur\u00e9e de lecture estim\u00e9e\" \/>\n\t<meta name=\"twitter:data2\" content=\"2 minutes\" \/>\n<script type=\"application\/ld+json\" class=\"yoast-schema-graph\">{\"@context\":\"https:\\\/\\\/schema.org\",\"@graph\":[{\"@type\":\"Article\",\"@id\":\"https:\\\/\\\/culturesco.com\\\/index.php\\\/2019\\\/07\\\/09\\\/5-juillet-1969-les-rolling-stones-a-hyde-park\\\/#article\",\"isPartOf\":{\"@id\":\"https:\\\/\\\/culturesco.com\\\/index.php\\\/2019\\\/07\\\/09\\\/5-juillet-1969-les-rolling-stones-a-hyde-park\\\/\"},\"author\":{\"name\":\"Daniel Lesueur\",\"@id\":\"https:\\\/\\\/culturesco.com\\\/#\\\/schema\\\/person\\\/716087cb1b01edf85084af2d12096a8f\"},\"headline\":\"Les Rolling Stones \u00e0 Hyde Park : 5 juillet 1969\",\"datePublished\":\"2019-07-09T07:59:50+00:00\",\"dateModified\":\"2019-11-06T16:13:06+00:00\",\"mainEntityOfPage\":{\"@id\":\"https:\\\/\\\/culturesco.com\\\/index.php\\\/2019\\\/07\\\/09\\\/5-juillet-1969-les-rolling-stones-a-hyde-park\\\/\"},\"wordCount\":307,\"commentCount\":0,\"publisher\":{\"@id\":\"https:\\\/\\\/culturesco.com\\\/#organization\"},\"image\":{\"@id\":\"https:\\\/\\\/culturesco.com\\\/index.php\\\/2019\\\/07\\\/09\\\/5-juillet-1969-les-rolling-stones-a-hyde-park\\\/#primaryimage\"},\"thumbnailUrl\":\"https:\\\/\\\/i0.wp.com\\\/culturesco.com\\\/wp-content\\\/uploads\\\/2019\\\/07\\\/rolling-stones.jpg?fit=600%2C314&ssl=1\",\"keywords\":[\"classic rock\",\"groupe rock actuel\",\"histoire du rock\",\"Personnalit\u00e9 Rock\"],\"articleSection\":[\"Carotte Rock Cultures\",\"Groupes rock d'aujourd'hui\",\"Histoire du rock\"],\"inLanguage\":\"fr-FR\",\"potentialAction\":[{\"@type\":\"CommentAction\",\"name\":\"Comment\",\"target\":[\"https:\\\/\\\/culturesco.com\\\/index.php\\\/2019\\\/07\\\/09\\\/5-juillet-1969-les-rolling-stones-a-hyde-park\\\/#respond\"]}]},{\"@type\":\"WebPage\",\"@id\":\"https:\\\/\\\/culturesco.com\\\/index.php\\\/2019\\\/07\\\/09\\\/5-juillet-1969-les-rolling-stones-a-hyde-park\\\/\",\"url\":\"https:\\\/\\\/culturesco.com\\\/index.php\\\/2019\\\/07\\\/09\\\/5-juillet-1969-les-rolling-stones-a-hyde-park\\\/\",\"name\":\"Les Rolling Stones \u00e0 Hyde Park : 5 juillet 1969 - Culturesco\",\"isPartOf\":{\"@id\":\"https:\\\/\\\/culturesco.com\\\/#website\"},\"primaryImageOfPage\":{\"@id\":\"https:\\\/\\\/culturesco.com\\\/index.php\\\/2019\\\/07\\\/09\\\/5-juillet-1969-les-rolling-stones-a-hyde-park\\\/#primaryimage\"},\"image\":{\"@id\":\"https:\\\/\\\/culturesco.com\\\/index.php\\\/2019\\\/07\\\/09\\\/5-juillet-1969-les-rolling-stones-a-hyde-park\\\/#primaryimage\"},\"thumbnailUrl\":\"https:\\\/\\\/i0.wp.com\\\/culturesco.com\\\/wp-content\\\/uploads\\\/2019\\\/07\\\/rolling-stones.jpg?fit=600%2C314&ssl=1\",\"datePublished\":\"2019-07-09T07:59:50+00:00\",\"dateModified\":\"2019-11-06T16:13:06+00:00\",\"description\":\"CulturesCo | 5 juillet 1969, les ROLLING STONES \u00e0 Hyde Park ! Un concert calamiteux, seulement quelques jours apr\u00e8s le d\u00e9c\u00e8s de BRIAN JONES\",\"breadcrumb\":{\"@id\":\"https:\\\/\\\/culturesco.com\\\/index.php\\\/2019\\\/07\\\/09\\\/5-juillet-1969-les-rolling-stones-a-hyde-park\\\/#breadcrumb\"},\"inLanguage\":\"fr-FR\",\"potentialAction\":[{\"@type\":\"ReadAction\",\"target\":[\"https:\\\/\\\/culturesco.com\\\/index.php\\\/2019\\\/07\\\/09\\\/5-juillet-1969-les-rolling-stones-a-hyde-park\\\/\"]}]},{\"@type\":\"ImageObject\",\"inLanguage\":\"fr-FR\",\"@id\":\"https:\\\/\\\/culturesco.com\\\/index.php\\\/2019\\\/07\\\/09\\\/5-juillet-1969-les-rolling-stones-a-hyde-park\\\/#primaryimage\",\"url\":\"https:\\\/\\\/i0.wp.com\\\/culturesco.com\\\/wp-content\\\/uploads\\\/2019\\\/07\\\/rolling-stones.jpg?fit=600%2C314&ssl=1\",\"contentUrl\":\"https:\\\/\\\/i0.wp.com\\\/culturesco.com\\\/wp-content\\\/uploads\\\/2019\\\/07\\\/rolling-stones.jpg?fit=600%2C314&ssl=1\",\"width\":600,\"height\":314,\"caption\":\"rolling stones hyde park\"},{\"@type\":\"BreadcrumbList\",\"@id\":\"https:\\\/\\\/culturesco.com\\\/index.php\\\/2019\\\/07\\\/09\\\/5-juillet-1969-les-rolling-stones-a-hyde-park\\\/#breadcrumb\",\"itemListElement\":[{\"@type\":\"ListItem\",\"position\":1,\"name\":\"Accueil\",\"item\":\"https:\\\/\\\/culturesco.com\\\/\"},{\"@type\":\"ListItem\",\"position\":2,\"name\":\"Les Rolling Stones \u00e0 Hyde Park : 5 juillet 1969\"}]},{\"@type\":\"WebSite\",\"@id\":\"https:\\\/\\\/culturesco.com\\\/#website\",\"url\":\"https:\\\/\\\/culturesco.com\\\/\",\"name\":\"Culturesco\",\"description\":\"Culturesco | Un bon coup de pied dans ta Culture\",\"publisher\":{\"@id\":\"https:\\\/\\\/culturesco.com\\\/#organization\"},\"potentialAction\":[{\"@type\":\"SearchAction\",\"target\":{\"@type\":\"EntryPoint\",\"urlTemplate\":\"https:\\\/\\\/culturesco.com\\\/?s={search_term_string}\"},\"query-input\":{\"@type\":\"PropertyValueSpecification\",\"valueRequired\":true,\"valueName\":\"search_term_string\"}}],\"inLanguage\":\"fr-FR\"},{\"@type\":\"Organization\",\"@id\":\"https:\\\/\\\/culturesco.com\\\/#organization\",\"name\":\"CULTURESCO\",\"url\":\"https:\\\/\\\/culturesco.com\\\/\",\"logo\":{\"@type\":\"ImageObject\",\"inLanguage\":\"fr-FR\",\"@id\":\"https:\\\/\\\/culturesco.com\\\/#\\\/schema\\\/logo\\\/image\\\/\",\"url\":\"https:\\\/\\\/i0.wp.com\\\/culturesco.com\\\/wp-content\\\/uploads\\\/2022\\\/04\\\/culturesco-logo-blanc250p.png?fit=250%2C250&ssl=1\",\"contentUrl\":\"https:\\\/\\\/i0.wp.com\\\/culturesco.com\\\/wp-content\\\/uploads\\\/2022\\\/04\\\/culturesco-logo-blanc250p.png?fit=250%2C250&ssl=1\",\"width\":250,\"height\":250,\"caption\":\"CULTURESCO\"},\"image\":{\"@id\":\"https:\\\/\\\/culturesco.com\\\/#\\\/schema\\\/logo\\\/image\\\/\"},\"sameAs\":[\"https:\\\/\\\/www.facebook.com\\\/radioculturesco\",\"https:\\\/\\\/x.com\\\/AugusteMarshal\",\"https:\\\/\\\/www.instagram.com\\\/carotte_rock_culture\\\/\",\"https:\\\/\\\/www.pinterest.fr\\\/augustemarshal\\\/\",\"https:\\\/\\\/www.youtube.com\\\/channel\\\/UCiWLGffqWSXlNnfzp6YwwyQ\"]},{\"@type\":\"Person\",\"@id\":\"https:\\\/\\\/culturesco.com\\\/#\\\/schema\\\/person\\\/716087cb1b01edf85084af2d12096a8f\",\"name\":\"Daniel Lesueur\",\"image\":{\"@type\":\"ImageObject\",\"inLanguage\":\"fr-FR\",\"@id\":\"https:\\\/\\\/i0.wp.com\\\/culturesco.com\\\/wp-content\\\/uploads\\\/2018\\\/12\\\/lesueur.jpg?fit=96%2C89&ssl=1\",\"url\":\"https:\\\/\\\/i0.wp.com\\\/culturesco.com\\\/wp-content\\\/uploads\\\/2018\\\/12\\\/lesueur.jpg?fit=96%2C89&ssl=1\",\"contentUrl\":\"https:\\\/\\\/i0.wp.com\\\/culturesco.com\\\/wp-content\\\/uploads\\\/2018\\\/12\\\/lesueur.jpg?fit=96%2C89&ssl=1\",\"caption\":\"Daniel Lesueur\"},\"description\":\"\u00c9crivain - Directeur de collection chez Camion Blanc\",\"url\":\"https:\\\/\\\/culturesco.com\\\/index.php\\\/author\\\/daniel-lesueur\\\/\"}]}<\/script>\n<!-- \/ Yoast SEO plugin. -->","yoast_head_json":{"title":"Les Rolling Stones \u00e0 Hyde Park : 5 juillet 1969 - Culturesco","description":"CulturesCo | 5 juillet 1969, les ROLLING STONES \u00e0 Hyde Park ! Un concert calamiteux, seulement quelques jours apr\u00e8s le d\u00e9c\u00e8s de BRIAN JONES","robots":{"index":"index","follow":"follow","max-snippet":"max-snippet:-1","max-image-preview":"max-image-preview:large","max-video-preview":"max-video-preview:-1"},"canonical":"https:\/\/culturesco.com\/index.php\/2019\/07\/09\/5-juillet-1969-les-rolling-stones-a-hyde-park\/","og_locale":"fr_FR","og_type":"article","og_title":"Les Rolling Stones \u00e0 Hyde Park : 5 juillet 1969 - Culturesco","og_description":"CulturesCo | 5 juillet 1969, les ROLLING STONES \u00e0 Hyde Park ! Un concert calamiteux, seulement quelques jours apr\u00e8s le d\u00e9c\u00e8s de BRIAN JONES","og_url":"https:\/\/culturesco.com\/index.php\/2019\/07\/09\/5-juillet-1969-les-rolling-stones-a-hyde-park\/","og_site_name":"Culturesco","article_publisher":"https:\/\/www.facebook.com\/radioculturesco","article_published_time":"2019-07-09T07:59:50+00:00","article_modified_time":"2019-11-06T16:13:06+00:00","og_image":[{"width":600,"height":314,"url":"https:\/\/i1.wp.com\/culturesco.com\/wp-content\/uploads\/2019\/07\/rolling-stones.jpg?fit=600%2C314&ssl=1","type":"image\/jpeg"}],"author":"Daniel Lesueur","twitter_card":"summary_large_image","twitter_creator":"@AugusteMarshal","twitter_site":"@AugusteMarshal","twitter_misc":{"\u00c9crit par":"Daniel Lesueur","Dur\u00e9e de lecture estim\u00e9e":"2 minutes"},"schema":{"@context":"https:\/\/schema.org","@graph":[{"@type":"Article","@id":"https:\/\/culturesco.com\/index.php\/2019\/07\/09\/5-juillet-1969-les-rolling-stones-a-hyde-park\/#article","isPartOf":{"@id":"https:\/\/culturesco.com\/index.php\/2019\/07\/09\/5-juillet-1969-les-rolling-stones-a-hyde-park\/"},"author":{"name":"Daniel Lesueur","@id":"https:\/\/culturesco.com\/#\/schema\/person\/716087cb1b01edf85084af2d12096a8f"},"headline":"Les Rolling Stones \u00e0 Hyde Park : 5 juillet 1969","datePublished":"2019-07-09T07:59:50+00:00","dateModified":"2019-11-06T16:13:06+00:00","mainEntityOfPage":{"@id":"https:\/\/culturesco.com\/index.php\/2019\/07\/09\/5-juillet-1969-les-rolling-stones-a-hyde-park\/"},"wordCount":307,"commentCount":0,"publisher":{"@id":"https:\/\/culturesco.com\/#organization"},"image":{"@id":"https:\/\/culturesco.com\/index.php\/2019\/07\/09\/5-juillet-1969-les-rolling-stones-a-hyde-park\/#primaryimage"},"thumbnailUrl":"https:\/\/i0.wp.com\/culturesco.com\/wp-content\/uploads\/2019\/07\/rolling-stones.jpg?fit=600%2C314&ssl=1","keywords":["classic rock","groupe rock actuel","histoire du rock","Personnalit\u00e9 Rock"],"articleSection":["Carotte Rock Cultures","Groupes rock d'aujourd'hui","Histoire du rock"],"inLanguage":"fr-FR","potentialAction":[{"@type":"CommentAction","name":"Comment","target":["https:\/\/culturesco.com\/index.php\/2019\/07\/09\/5-juillet-1969-les-rolling-stones-a-hyde-park\/#respond"]}]},{"@type":"WebPage","@id":"https:\/\/culturesco.com\/index.php\/2019\/07\/09\/5-juillet-1969-les-rolling-stones-a-hyde-park\/","url":"https:\/\/culturesco.com\/index.php\/2019\/07\/09\/5-juillet-1969-les-rolling-stones-a-hyde-park\/","name":"Les Rolling Stones \u00e0 Hyde Park : 5 juillet 1969 - Culturesco","isPartOf":{"@id":"https:\/\/culturesco.com\/#website"},"primaryImageOfPage":{"@id":"https:\/\/culturesco.com\/index.php\/2019\/07\/09\/5-juillet-1969-les-rolling-stones-a-hyde-park\/#primaryimage"},"image":{"@id":"https:\/\/culturesco.com\/index.php\/2019\/07\/09\/5-juillet-1969-les-rolling-stones-a-hyde-park\/#primaryimage"},"thumbnailUrl":"https:\/\/i0.wp.com\/culturesco.com\/wp-content\/uploads\/2019\/07\/rolling-stones.jpg?fit=600%2C314&ssl=1","datePublished":"2019-07-09T07:59:50+00:00","dateModified":"2019-11-06T16:13:06+00:00","description":"CulturesCo | 5 juillet 1969, les ROLLING STONES \u00e0 Hyde Park ! Un concert calamiteux, seulement quelques jours apr\u00e8s le d\u00e9c\u00e8s de BRIAN JONES","breadcrumb":{"@id":"https:\/\/culturesco.com\/index.php\/2019\/07\/09\/5-juillet-1969-les-rolling-stones-a-hyde-park\/#breadcrumb"},"inLanguage":"fr-FR","potentialAction":[{"@type":"ReadAction","target":["https:\/\/culturesco.com\/index.php\/2019\/07\/09\/5-juillet-1969-les-rolling-stones-a-hyde-park\/"]}]},{"@type":"ImageObject","inLanguage":"fr-FR","@id":"https:\/\/culturesco.com\/index.php\/2019\/07\/09\/5-juillet-1969-les-rolling-stones-a-hyde-park\/#primaryimage","url":"https:\/\/i0.wp.com\/culturesco.com\/wp-content\/uploads\/2019\/07\/rolling-stones.jpg?fit=600%2C314&ssl=1","contentUrl":"https:\/\/i0.wp.com\/culturesco.com\/wp-content\/uploads\/2019\/07\/rolling-stones.jpg?fit=600%2C314&ssl=1","width":600,"height":314,"caption":"rolling stones hyde park"},{"@type":"BreadcrumbList","@id":"https:\/\/culturesco.com\/index.php\/2019\/07\/09\/5-juillet-1969-les-rolling-stones-a-hyde-park\/#breadcrumb","itemListElement":[{"@type":"ListItem","position":1,"name":"Accueil","item":"https:\/\/culturesco.com\/"},{"@type":"ListItem","position":2,"name":"Les Rolling Stones \u00e0 Hyde Park : 5 juillet 1969"}]},{"@type":"WebSite","@id":"https:\/\/culturesco.com\/#website","url":"https:\/\/culturesco.com\/","name":"Culturesco","description":"Culturesco | Un bon coup de pied dans ta Culture","publisher":{"@id":"https:\/\/culturesco.com\/#organization"},"potentialAction":[{"@type":"SearchAction","target":{"@type":"EntryPoint","urlTemplate":"https:\/\/culturesco.com\/?s={search_term_string}"},"query-input":{"@type":"PropertyValueSpecification","valueRequired":true,"valueName":"search_term_string"}}],"inLanguage":"fr-FR"},{"@type":"Organization","@id":"https:\/\/culturesco.com\/#organization","name":"CULTURESCO","url":"https:\/\/culturesco.com\/","logo":{"@type":"ImageObject","inLanguage":"fr-FR","@id":"https:\/\/culturesco.com\/#\/schema\/logo\/image\/","url":"https:\/\/i0.wp.com\/culturesco.com\/wp-content\/uploads\/2022\/04\/culturesco-logo-blanc250p.png?fit=250%2C250&ssl=1","contentUrl":"https:\/\/i0.wp.com\/culturesco.com\/wp-content\/uploads\/2022\/04\/culturesco-logo-blanc250p.png?fit=250%2C250&ssl=1","width":250,"height":250,"caption":"CULTURESCO"},"image":{"@id":"https:\/\/culturesco.com\/#\/schema\/logo\/image\/"},"sameAs":["https:\/\/www.facebook.com\/radioculturesco","https:\/\/x.com\/AugusteMarshal","https:\/\/www.instagram.com\/carotte_rock_culture\/","https:\/\/www.pinterest.fr\/augustemarshal\/","https:\/\/www.youtube.com\/channel\/UCiWLGffqWSXlNnfzp6YwwyQ"]},{"@type":"Person","@id":"https:\/\/culturesco.com\/#\/schema\/person\/716087cb1b01edf85084af2d12096a8f","name":"Daniel Lesueur","image":{"@type":"ImageObject","inLanguage":"fr-FR","@id":"https:\/\/i0.wp.com\/culturesco.com\/wp-content\/uploads\/2018\/12\/lesueur.jpg?fit=96%2C89&ssl=1","url":"https:\/\/i0.wp.com\/culturesco.com\/wp-content\/uploads\/2018\/12\/lesueur.jpg?fit=96%2C89&ssl=1","contentUrl":"https:\/\/i0.wp.com\/culturesco.com\/wp-content\/uploads\/2018\/12\/lesueur.jpg?fit=96%2C89&ssl=1","caption":"Daniel Lesueur"},"description":"\u00c9crivain - Directeur de collection chez Camion Blanc","url":"https:\/\/culturesco.com\/index.php\/author\/daniel-lesueur\/"}]}},"jetpack_featured_media_url":"https:\/\/i0.wp.com\/culturesco.com\/wp-content\/uploads\/2019\/07\/rolling-stones.jpg?fit=600%2C314&ssl=1","jetpack_likes_enabled":true,"jetpack_sharing_enabled":true,"jetpack_shortlink":"https:\/\/wp.me\/paz89I-1TO","_links":{"self":[{"href":"https:\/\/culturesco.com\/index.php\/wp-json\/wp\/v2\/posts\/7304","targetHints":{"allow":["GET"]}}],"collection":[{"href":"https:\/\/culturesco.com\/index.php\/wp-json\/wp\/v2\/posts"}],"about":[{"href":"https:\/\/culturesco.com\/index.php\/wp-json\/wp\/v2\/types\/post"}],"author":[{"embeddable":true,"href":"https:\/\/culturesco.com\/index.php\/wp-json\/wp\/v2\/users\/2"}],"replies":[{"embeddable":true,"href":"https:\/\/culturesco.com\/index.php\/wp-json\/wp\/v2\/comments?post=7304"}],"version-history":[{"count":0,"href":"https:\/\/culturesco.com\/index.php\/wp-json\/wp\/v2\/posts\/7304\/revisions"}],"wp:featuredmedia":[{"embeddable":true,"href":"https:\/\/culturesco.com\/index.php\/wp-json\/wp\/v2\/media\/9092"}],"wp:attachment":[{"href":"https:\/\/culturesco.com\/index.php\/wp-json\/wp\/v2\/media?parent=7304"}],"wp:term":[{"taxonomy":"category","embeddable":true,"href":"https:\/\/culturesco.com\/index.php\/wp-json\/wp\/v2\/categories?post=7304"},{"taxonomy":"post_tag","embeddable":true,"href":"https:\/\/culturesco.com\/index.php\/wp-json\/wp\/v2\/tags?post=7304"}],"curies":[{"name":"wp","href":"https:\/\/api.w.org\/{rel}","templated":true}]}}