{"id":7206,"date":"2019-07-06T00:43:27","date_gmt":"2019-07-05T22:43:27","guid":{"rendered":"https:\/\/culturesco.com\/?p=7206"},"modified":"2019-07-17T16:53:29","modified_gmt":"2019-07-17T14:53:29","slug":"the-reed-conservation-society-ep-number-one","status":"publish","type":"post","link":"https:\/\/culturesco.com\/index.php\/2019\/07\/06\/the-reed-conservation-society-ep-number-one\/","title":{"rendered":"The Reed Conservation Society \u2013 EP Number One"},"content":{"rendered":"<h2 style=\"text-align: justify;\">La Soci\u00e9t\u00e9 de Pr\u00e9servation du Roseau<\/h2>\n<p><img data-recalc-dims=\"1\" loading=\"lazy\" decoding=\"async\" class=\"size-medium wp-image-7207 aligncenter\" src=\"https:\/\/i0.wp.com\/culturesco.com\/wp-content\/uploads\/2019\/07\/The-Reed-Conservation-Society.jpeg?resize=298%2C300&#038;ssl=1\" alt=\"The Reed Conservation Society\" width=\"298\" height=\"300\" srcset=\"https:\/\/i0.wp.com\/culturesco.com\/wp-content\/uploads\/2019\/07\/The-Reed-Conservation-Society.jpeg?resize=298%2C300&amp;ssl=1 298w, https:\/\/i0.wp.com\/culturesco.com\/wp-content\/uploads\/2019\/07\/The-Reed-Conservation-Society.jpeg?resize=100%2C100&amp;ssl=1 100w, https:\/\/i0.wp.com\/culturesco.com\/wp-content\/uploads\/2019\/07\/The-Reed-Conservation-Society.jpeg?resize=150%2C150&amp;ssl=1 150w, https:\/\/i0.wp.com\/culturesco.com\/wp-content\/uploads\/2019\/07\/The-Reed-Conservation-Society.jpeg?resize=768%2C772&amp;ssl=1 768w, https:\/\/i0.wp.com\/culturesco.com\/wp-content\/uploads\/2019\/07\/The-Reed-Conservation-Society.jpeg?resize=624%2C627&amp;ssl=1 624w, https:\/\/i0.wp.com\/culturesco.com\/wp-content\/uploads\/2019\/07\/The-Reed-Conservation-Society.jpeg?resize=696%2C700&amp;ssl=1 696w, https:\/\/i0.wp.com\/culturesco.com\/wp-content\/uploads\/2019\/07\/The-Reed-Conservation-Society.jpeg?resize=1068%2C1073&amp;ssl=1 1068w, https:\/\/i0.wp.com\/culturesco.com\/wp-content\/uploads\/2019\/07\/The-Reed-Conservation-Society.jpeg?resize=418%2C420&amp;ssl=1 418w, https:\/\/i0.wp.com\/culturesco.com\/wp-content\/uploads\/2019\/07\/The-Reed-Conservation-Society.jpeg?w=597&amp;ssl=1 597w\" sizes=\"auto, (max-width: 298px) 100vw, 298px\" \/><\/p>\n<h3 style=\"text-align: justify;\"><strong>The Reed Conservation Society &#8211; Entre Pop et Folk<\/strong><\/h3>\n<p style=\"text-align: justify;\">Cette formation provient plus \u00e0 l&rsquo;origine d\u2019un projet orchestr\u00e9 par <strong>St\u00e9phane Auzenet<\/strong> (ex-musicien de <em>Verone<\/em>), accompagn\u00e9 de son coll\u00e8gue issu du m\u00eame groupe, <strong>Laurent Riatto<\/strong>, que de la volont\u00e9 de fonder un nouveau combo. Du coup, autant proposer un <strong>EP 6 titres<\/strong> intitul\u00e9 sobrement <strong>N\u00b01<\/strong> que de se trifouiller le cerveau. D\u2019autant qu\u2019ils sont tous bien diff\u00e9rents, avec pour acte commun, une voix toute en douceur et une trompette omnipr\u00e9sente, celle de <strong>Mathieu Blanc<\/strong>.<\/p>\n<h3 style=\"text-align: justify;\"><em><strong>Des Balades Accrocheuses<\/strong><\/em><\/h3>\n<p style=\"text-align: justify;\">Il n\u2019a rien d\u2019\u00e9colo l\u00e0-dedans mais se dessine un folk pop comme <strong>\u00ab\u00a0Give Me A Reason\u00a0\u00bb<\/strong>, une pop accrocheuse comme <strong>\u00ab\u00a0It Was Almost A Good Year\u00a0\u00bb<\/strong> et des balades bien senties, nostalgiques (<strong>\u00ab\u00a0Concrete\u00a0\u00bb<\/strong>), et l\u00e9g\u00e8res (<strong>\u00ab\u00a0Mimi Parker\u00a0<\/strong>\u00bb). Il y en a pour tous les go\u00fbts! Pour ceux qui appr\u00e9cient la pop, folk ou rock, et qui aiment la d\u00e9contraction. <strong>Id\u00e9al \u00e0 \u00e9couter en cette p\u00e9riode estivale<\/strong>.<\/p>\n<p>https:\/\/www.youtube.com\/watch?v=p7O8rRtPcZQ<\/p>\n<h3 style=\"text-align: justify;\">The Reed Conservation Society &#8211;\u00a0EP N\u00b01<\/h3>\n<p style=\"text-align: justify;\"><a href=\"https:\/\/amzn.to\/2JQd3RF\" target=\"_blank\" rel=\"noopener noreferrer\">Inou\u00efe Distribution &#8211;\u00a0Sortie le 12 juillet 2019<\/a><\/p>\n<p style=\"text-align: center;\"><iframe style=\"width: 120px; height: 240px;\" src=\"\/\/ws-eu.amazon-adsystem.com\/widgets\/q?ServiceVersion=20070822&amp;OneJS=1&amp;Operation=GetAdHtml&amp;MarketPlace=FR&amp;source=ss&amp;ref=as_ss_li_til&amp;ad_type=product_link&amp;tracking_id=auguste00-21&amp;language=fr_FR&amp;marketplace=amazon&amp;region=FR&amp;placement=B07TBMCSFX&amp;asins=B07TBMCSFX&amp;linkId=3c4d1f5395795f656b119e5d4fdd6896&amp;show_border=true&amp;link_opens_in_new_window=true\" frameborder=\"0\" marginwidth=\"0\" marginheight=\"0\" scrolling=\"no\"><\/iframe><\/p>\n<p style=\"text-align: justify;\"><strong>Patrick B\u00e9nard<\/strong><\/p>\n<p>A lire \u00e9galement :<\/p>\n<p><a href=\"https:\/\/culturesco.com\/index.php\/2019\/05\/24\/les-3-formations-de-paul-weller-the-jam-the-style-council-et-en-solo-de-in-the-city-a-wild-wood\/\" target=\"_blank\" rel=\"noopener noreferrer\">PAUL WELLER : de THE JAM \u00e0 Wild Wood\u00a0<\/a><\/p>\n","protected":false},"excerpt":{"rendered":"<p>La Soci\u00e9t\u00e9 de Pr\u00e9servation du Roseau The Reed Conservation Society &#8211; Entre Pop et Folk Cette formation provient plus \u00e0 l&rsquo;origine d\u2019un projet orchestr\u00e9 par St\u00e9phane Auzenet (ex-musicien de Verone), accompagn\u00e9 de son coll\u00e8gue issu du m\u00eame groupe, Laurent Riatto, que de la volont\u00e9 de fonder un nouveau combo. Du coup, autant proposer un EP [&hellip;]<\/p>\n","protected":false},"author":4,"featured_media":7207,"comment_status":"open","ping_status":"closed","sticky":false,"template":"","format":"image","meta":{"jetpack_post_was_ever_published":false,"tdm_status":"","tdm_grid_status":"","_jetpack_newsletter_access":"","_jetpack_dont_email_post_to_subs":false,"_jetpack_newsletter_tier_id":0,"_jetpack_memberships_contains_paywalled_content":false,"_jetpack_memberships_contains_paid_content":false,"footnotes":""},"categories":[30,17,36],"tags":[72,52],"class_list":{"0":"post-7206","1":"post","2":"type-post","3":"status-publish","4":"format-image","5":"has-post-thumbnail","7":"category-albums-rock","8":"category-carotte-rock-cultures","9":"category-groupes-rock-daujourdhui","10":"tag-artiste-folk","11":"tag-groupe-rock-actuel","12":"post_format-post-format-image"},"yoast_head":"<!-- This site is optimized with the Yoast SEO plugin v27.5 - https:\/\/yoast.com\/product\/yoast-seo-wordpress\/ -->\n<title>The Reed Conservation Society \u2013 EP Number One - Culturesco<\/title>\n<meta name=\"description\" content=\"CulturesCo | The Reed Conservation Society \u2013 EP Number One : Projet de St\u00e9phane Auzenet (ex-musicien de Verone), accompagn\u00e9 de Laurent Riatto\" \/>\n<meta name=\"robots\" content=\"index, follow, max-snippet:-1, max-image-preview:large, max-video-preview:-1\" \/>\n<link rel=\"canonical\" href=\"https:\/\/culturesco.com\/index.php\/2019\/07\/06\/the-reed-conservation-society-ep-number-one\/\" \/>\n<meta property=\"og:locale\" content=\"fr_FR\" \/>\n<meta property=\"og:type\" content=\"article\" \/>\n<meta property=\"og:title\" content=\"The Reed Conservation Society \u2013 EP Number One - Culturesco\" \/>\n<meta property=\"og:description\" content=\"CulturesCo | The Reed Conservation Society \u2013 EP Number One : Projet de St\u00e9phane Auzenet (ex-musicien de Verone), accompagn\u00e9 de Laurent Riatto\" \/>\n<meta property=\"og:url\" content=\"https:\/\/culturesco.com\/index.php\/2019\/07\/06\/the-reed-conservation-society-ep-number-one\/\" \/>\n<meta property=\"og:site_name\" content=\"Culturesco\" \/>\n<meta property=\"article:publisher\" content=\"https:\/\/www.facebook.com\/radioculturesco\" \/>\n<meta property=\"article:published_time\" content=\"2019-07-05T22:43:27+00:00\" \/>\n<meta property=\"article:modified_time\" content=\"2019-07-17T14:53:29+00:00\" \/>\n<meta property=\"og:image\" content=\"https:\/\/i2.wp.com\/culturesco.com\/wp-content\/uploads\/2019\/07\/The-Reed-Conservation-Society.jpg?fit=600%2C314&ssl=1\" \/>\n\t<meta property=\"og:image:width\" content=\"600\" \/>\n\t<meta property=\"og:image:height\" content=\"314\" \/>\n\t<meta property=\"og:image:type\" content=\"image\/jpeg\" \/>\n<meta name=\"author\" content=\"Patrick Benard\" \/>\n<meta name=\"twitter:card\" content=\"summary_large_image\" \/>\n<meta name=\"twitter:creator\" content=\"@AugusteMarshal\" \/>\n<meta name=\"twitter:site\" content=\"@AugusteMarshal\" \/>\n<meta name=\"twitter:label1\" content=\"\u00c9crit par\" \/>\n\t<meta name=\"twitter:data1\" content=\"Patrick Benard\" \/>\n\t<meta name=\"twitter:label2\" content=\"Dur\u00e9e de lecture estim\u00e9e\" \/>\n\t<meta name=\"twitter:data2\" content=\"1 minute\" \/>\n<script type=\"application\/ld+json\" class=\"yoast-schema-graph\">{\"@context\":\"https:\\\/\\\/schema.org\",\"@graph\":[{\"@type\":\"Article\",\"@id\":\"https:\\\/\\\/culturesco.com\\\/index.php\\\/2019\\\/07\\\/06\\\/the-reed-conservation-society-ep-number-one\\\/#article\",\"isPartOf\":{\"@id\":\"https:\\\/\\\/culturesco.com\\\/index.php\\\/2019\\\/07\\\/06\\\/the-reed-conservation-society-ep-number-one\\\/\"},\"author\":{\"name\":\"Patrick Benard\",\"@id\":\"https:\\\/\\\/culturesco.com\\\/#\\\/schema\\\/person\\\/c2ddd6724863f3bbd20a8278df0891f3\"},\"headline\":\"The Reed Conservation Society \u2013 EP Number One\",\"datePublished\":\"2019-07-05T22:43:27+00:00\",\"dateModified\":\"2019-07-17T14:53:29+00:00\",\"mainEntityOfPage\":{\"@id\":\"https:\\\/\\\/culturesco.com\\\/index.php\\\/2019\\\/07\\\/06\\\/the-reed-conservation-society-ep-number-one\\\/\"},\"wordCount\":219,\"commentCount\":0,\"publisher\":{\"@id\":\"https:\\\/\\\/culturesco.com\\\/#organization\"},\"image\":{\"@id\":\"https:\\\/\\\/culturesco.com\\\/index.php\\\/2019\\\/07\\\/06\\\/the-reed-conservation-society-ep-number-one\\\/#primaryimage\"},\"thumbnailUrl\":\"https:\\\/\\\/i0.wp.com\\\/culturesco.com\\\/wp-content\\\/uploads\\\/2019\\\/07\\\/The-Reed-Conservation-Society.jpeg?fit=597%2C600&ssl=1\",\"keywords\":[\"Artiste Folk\",\"groupe rock actuel\"],\"articleSection\":[\"Albums rock\",\"Carotte Rock Cultures\",\"Groupes rock d'aujourd'hui\"],\"inLanguage\":\"fr-FR\",\"potentialAction\":[{\"@type\":\"CommentAction\",\"name\":\"Comment\",\"target\":[\"https:\\\/\\\/culturesco.com\\\/index.php\\\/2019\\\/07\\\/06\\\/the-reed-conservation-society-ep-number-one\\\/#respond\"]}]},{\"@type\":\"WebPage\",\"@id\":\"https:\\\/\\\/culturesco.com\\\/index.php\\\/2019\\\/07\\\/06\\\/the-reed-conservation-society-ep-number-one\\\/\",\"url\":\"https:\\\/\\\/culturesco.com\\\/index.php\\\/2019\\\/07\\\/06\\\/the-reed-conservation-society-ep-number-one\\\/\",\"name\":\"The Reed Conservation Society \u2013 EP Number One - Culturesco\",\"isPartOf\":{\"@id\":\"https:\\\/\\\/culturesco.com\\\/#website\"},\"primaryImageOfPage\":{\"@id\":\"https:\\\/\\\/culturesco.com\\\/index.php\\\/2019\\\/07\\\/06\\\/the-reed-conservation-society-ep-number-one\\\/#primaryimage\"},\"image\":{\"@id\":\"https:\\\/\\\/culturesco.com\\\/index.php\\\/2019\\\/07\\\/06\\\/the-reed-conservation-society-ep-number-one\\\/#primaryimage\"},\"thumbnailUrl\":\"https:\\\/\\\/i0.wp.com\\\/culturesco.com\\\/wp-content\\\/uploads\\\/2019\\\/07\\\/The-Reed-Conservation-Society.jpeg?fit=597%2C600&ssl=1\",\"datePublished\":\"2019-07-05T22:43:27+00:00\",\"dateModified\":\"2019-07-17T14:53:29+00:00\",\"description\":\"CulturesCo | The Reed Conservation Society \u2013 EP Number One : Projet de St\u00e9phane Auzenet (ex-musicien de Verone), accompagn\u00e9 de Laurent Riatto\",\"breadcrumb\":{\"@id\":\"https:\\\/\\\/culturesco.com\\\/index.php\\\/2019\\\/07\\\/06\\\/the-reed-conservation-society-ep-number-one\\\/#breadcrumb\"},\"inLanguage\":\"fr-FR\",\"potentialAction\":[{\"@type\":\"ReadAction\",\"target\":[\"https:\\\/\\\/culturesco.com\\\/index.php\\\/2019\\\/07\\\/06\\\/the-reed-conservation-society-ep-number-one\\\/\"]}]},{\"@type\":\"ImageObject\",\"inLanguage\":\"fr-FR\",\"@id\":\"https:\\\/\\\/culturesco.com\\\/index.php\\\/2019\\\/07\\\/06\\\/the-reed-conservation-society-ep-number-one\\\/#primaryimage\",\"url\":\"https:\\\/\\\/i0.wp.com\\\/culturesco.com\\\/wp-content\\\/uploads\\\/2019\\\/07\\\/The-Reed-Conservation-Society.jpeg?fit=597%2C600&ssl=1\",\"contentUrl\":\"https:\\\/\\\/i0.wp.com\\\/culturesco.com\\\/wp-content\\\/uploads\\\/2019\\\/07\\\/The-Reed-Conservation-Society.jpeg?fit=597%2C600&ssl=1\",\"width\":597,\"height\":600,\"caption\":\"The Reed Conservation Society\"},{\"@type\":\"BreadcrumbList\",\"@id\":\"https:\\\/\\\/culturesco.com\\\/index.php\\\/2019\\\/07\\\/06\\\/the-reed-conservation-society-ep-number-one\\\/#breadcrumb\",\"itemListElement\":[{\"@type\":\"ListItem\",\"position\":1,\"name\":\"Accueil\",\"item\":\"https:\\\/\\\/culturesco.com\\\/\"},{\"@type\":\"ListItem\",\"position\":2,\"name\":\"The Reed Conservation Society \u2013 EP Number One\"}]},{\"@type\":\"WebSite\",\"@id\":\"https:\\\/\\\/culturesco.com\\\/#website\",\"url\":\"https:\\\/\\\/culturesco.com\\\/\",\"name\":\"Culturesco\",\"description\":\"Culturesco | Un bon coup de pied dans ta Culture\",\"publisher\":{\"@id\":\"https:\\\/\\\/culturesco.com\\\/#organization\"},\"potentialAction\":[{\"@type\":\"SearchAction\",\"target\":{\"@type\":\"EntryPoint\",\"urlTemplate\":\"https:\\\/\\\/culturesco.com\\\/?s={search_term_string}\"},\"query-input\":{\"@type\":\"PropertyValueSpecification\",\"valueRequired\":true,\"valueName\":\"search_term_string\"}}],\"inLanguage\":\"fr-FR\"},{\"@type\":\"Organization\",\"@id\":\"https:\\\/\\\/culturesco.com\\\/#organization\",\"name\":\"CULTURESCO\",\"url\":\"https:\\\/\\\/culturesco.com\\\/\",\"logo\":{\"@type\":\"ImageObject\",\"inLanguage\":\"fr-FR\",\"@id\":\"https:\\\/\\\/culturesco.com\\\/#\\\/schema\\\/logo\\\/image\\\/\",\"url\":\"https:\\\/\\\/i0.wp.com\\\/culturesco.com\\\/wp-content\\\/uploads\\\/2022\\\/04\\\/culturesco-logo-blanc250p.png?fit=250%2C250&ssl=1\",\"contentUrl\":\"https:\\\/\\\/i0.wp.com\\\/culturesco.com\\\/wp-content\\\/uploads\\\/2022\\\/04\\\/culturesco-logo-blanc250p.png?fit=250%2C250&ssl=1\",\"width\":250,\"height\":250,\"caption\":\"CULTURESCO\"},\"image\":{\"@id\":\"https:\\\/\\\/culturesco.com\\\/#\\\/schema\\\/logo\\\/image\\\/\"},\"sameAs\":[\"https:\\\/\\\/www.facebook.com\\\/radioculturesco\",\"https:\\\/\\\/x.com\\\/AugusteMarshal\",\"https:\\\/\\\/www.instagram.com\\\/carotte_rock_culture\\\/\",\"https:\\\/\\\/www.pinterest.fr\\\/augustemarshal\\\/\",\"https:\\\/\\\/www.youtube.com\\\/channel\\\/UCiWLGffqWSXlNnfzp6YwwyQ\"]},{\"@type\":\"Person\",\"@id\":\"https:\\\/\\\/culturesco.com\\\/#\\\/schema\\\/person\\\/c2ddd6724863f3bbd20a8278df0891f3\",\"name\":\"Patrick Benard\",\"image\":{\"@type\":\"ImageObject\",\"inLanguage\":\"fr-FR\",\"@id\":\"https:\\\/\\\/i0.wp.com\\\/culturesco.com\\\/wp-content\\\/uploads\\\/2019\\\/02\\\/patrick-benard-2.jpg?fit=90%2C96&ssl=1\",\"url\":\"https:\\\/\\\/i0.wp.com\\\/culturesco.com\\\/wp-content\\\/uploads\\\/2019\\\/02\\\/patrick-benard-2.jpg?fit=90%2C96&ssl=1\",\"contentUrl\":\"https:\\\/\\\/i0.wp.com\\\/culturesco.com\\\/wp-content\\\/uploads\\\/2019\\\/02\\\/patrick-benard-2.jpg?fit=90%2C96&ssl=1\",\"caption\":\"Patrick Benard\"},\"description\":\"Ecrivain, chroniqueur, animateur radio, cr\u00e9ateur de la revue \u00ab Cin\u00e9manie \u00bb, autour du cin\u00e9ma dit d\u2019art et d\u2019essai, sp\u00e9cialiste du groupe The Cure, archiviste... 2020 : \\\"Le Post Rock\\\" essai sur le post rock de Mogwa\u00ef \u00e0 Godspeed You Black Emperor - Camion Blanc 2014 : \u00ab On the rocks \u2013le rock de 2007 \u00e0 2014 \u00bb chroniques livres et cd rocks, interviews \u2013Editions Vaillant 2010 : \u00ab Dans la T\u00eate de Robert Smith \u00bb, roman fiction autour de l\u2019histoire des Cure et de Robert Smith \u2013 Edilivres 2007 : \u00ab Chroniques Fr\u00e9n\u00e9tiques, une histoire intime du rock \u00bb, roman, prix Technikart. 2001 : \u00ab Les Iles du D\u00e9sert \u00bb, polar autour du rock \u2013 Editions Nykta\",\"url\":\"https:\\\/\\\/culturesco.com\\\/index.php\\\/author\\\/patrick-benard89\\\/\"}]}<\/script>\n<!-- \/ Yoast SEO plugin. -->","yoast_head_json":{"title":"The Reed Conservation Society \u2013 EP Number One - Culturesco","description":"CulturesCo | The Reed Conservation Society \u2013 EP Number One : Projet de St\u00e9phane Auzenet (ex-musicien de Verone), accompagn\u00e9 de Laurent Riatto","robots":{"index":"index","follow":"follow","max-snippet":"max-snippet:-1","max-image-preview":"max-image-preview:large","max-video-preview":"max-video-preview:-1"},"canonical":"https:\/\/culturesco.com\/index.php\/2019\/07\/06\/the-reed-conservation-society-ep-number-one\/","og_locale":"fr_FR","og_type":"article","og_title":"The Reed Conservation Society \u2013 EP Number One - Culturesco","og_description":"CulturesCo | The Reed Conservation Society \u2013 EP Number One : Projet de St\u00e9phane Auzenet (ex-musicien de Verone), accompagn\u00e9 de Laurent Riatto","og_url":"https:\/\/culturesco.com\/index.php\/2019\/07\/06\/the-reed-conservation-society-ep-number-one\/","og_site_name":"Culturesco","article_publisher":"https:\/\/www.facebook.com\/radioculturesco","article_published_time":"2019-07-05T22:43:27+00:00","article_modified_time":"2019-07-17T14:53:29+00:00","og_image":[{"width":600,"height":314,"url":"https:\/\/i2.wp.com\/culturesco.com\/wp-content\/uploads\/2019\/07\/The-Reed-Conservation-Society.jpg?fit=600%2C314&ssl=1","type":"image\/jpeg"}],"author":"Patrick Benard","twitter_card":"summary_large_image","twitter_creator":"@AugusteMarshal","twitter_site":"@AugusteMarshal","twitter_misc":{"\u00c9crit par":"Patrick Benard","Dur\u00e9e de lecture estim\u00e9e":"1 minute"},"schema":{"@context":"https:\/\/schema.org","@graph":[{"@type":"Article","@id":"https:\/\/culturesco.com\/index.php\/2019\/07\/06\/the-reed-conservation-society-ep-number-one\/#article","isPartOf":{"@id":"https:\/\/culturesco.com\/index.php\/2019\/07\/06\/the-reed-conservation-society-ep-number-one\/"},"author":{"name":"Patrick Benard","@id":"https:\/\/culturesco.com\/#\/schema\/person\/c2ddd6724863f3bbd20a8278df0891f3"},"headline":"The Reed Conservation Society \u2013 EP Number One","datePublished":"2019-07-05T22:43:27+00:00","dateModified":"2019-07-17T14:53:29+00:00","mainEntityOfPage":{"@id":"https:\/\/culturesco.com\/index.php\/2019\/07\/06\/the-reed-conservation-society-ep-number-one\/"},"wordCount":219,"commentCount":0,"publisher":{"@id":"https:\/\/culturesco.com\/#organization"},"image":{"@id":"https:\/\/culturesco.com\/index.php\/2019\/07\/06\/the-reed-conservation-society-ep-number-one\/#primaryimage"},"thumbnailUrl":"https:\/\/i0.wp.com\/culturesco.com\/wp-content\/uploads\/2019\/07\/The-Reed-Conservation-Society.jpeg?fit=597%2C600&ssl=1","keywords":["Artiste Folk","groupe rock actuel"],"articleSection":["Albums rock","Carotte Rock Cultures","Groupes rock d'aujourd'hui"],"inLanguage":"fr-FR","potentialAction":[{"@type":"CommentAction","name":"Comment","target":["https:\/\/culturesco.com\/index.php\/2019\/07\/06\/the-reed-conservation-society-ep-number-one\/#respond"]}]},{"@type":"WebPage","@id":"https:\/\/culturesco.com\/index.php\/2019\/07\/06\/the-reed-conservation-society-ep-number-one\/","url":"https:\/\/culturesco.com\/index.php\/2019\/07\/06\/the-reed-conservation-society-ep-number-one\/","name":"The Reed Conservation Society \u2013 EP Number One - Culturesco","isPartOf":{"@id":"https:\/\/culturesco.com\/#website"},"primaryImageOfPage":{"@id":"https:\/\/culturesco.com\/index.php\/2019\/07\/06\/the-reed-conservation-society-ep-number-one\/#primaryimage"},"image":{"@id":"https:\/\/culturesco.com\/index.php\/2019\/07\/06\/the-reed-conservation-society-ep-number-one\/#primaryimage"},"thumbnailUrl":"https:\/\/i0.wp.com\/culturesco.com\/wp-content\/uploads\/2019\/07\/The-Reed-Conservation-Society.jpeg?fit=597%2C600&ssl=1","datePublished":"2019-07-05T22:43:27+00:00","dateModified":"2019-07-17T14:53:29+00:00","description":"CulturesCo | The Reed Conservation Society \u2013 EP Number One : Projet de St\u00e9phane Auzenet (ex-musicien de Verone), accompagn\u00e9 de Laurent Riatto","breadcrumb":{"@id":"https:\/\/culturesco.com\/index.php\/2019\/07\/06\/the-reed-conservation-society-ep-number-one\/#breadcrumb"},"inLanguage":"fr-FR","potentialAction":[{"@type":"ReadAction","target":["https:\/\/culturesco.com\/index.php\/2019\/07\/06\/the-reed-conservation-society-ep-number-one\/"]}]},{"@type":"ImageObject","inLanguage":"fr-FR","@id":"https:\/\/culturesco.com\/index.php\/2019\/07\/06\/the-reed-conservation-society-ep-number-one\/#primaryimage","url":"https:\/\/i0.wp.com\/culturesco.com\/wp-content\/uploads\/2019\/07\/The-Reed-Conservation-Society.jpeg?fit=597%2C600&ssl=1","contentUrl":"https:\/\/i0.wp.com\/culturesco.com\/wp-content\/uploads\/2019\/07\/The-Reed-Conservation-Society.jpeg?fit=597%2C600&ssl=1","width":597,"height":600,"caption":"The Reed Conservation Society"},{"@type":"BreadcrumbList","@id":"https:\/\/culturesco.com\/index.php\/2019\/07\/06\/the-reed-conservation-society-ep-number-one\/#breadcrumb","itemListElement":[{"@type":"ListItem","position":1,"name":"Accueil","item":"https:\/\/culturesco.com\/"},{"@type":"ListItem","position":2,"name":"The Reed Conservation Society \u2013 EP Number One"}]},{"@type":"WebSite","@id":"https:\/\/culturesco.com\/#website","url":"https:\/\/culturesco.com\/","name":"Culturesco","description":"Culturesco | Un bon coup de pied dans ta Culture","publisher":{"@id":"https:\/\/culturesco.com\/#organization"},"potentialAction":[{"@type":"SearchAction","target":{"@type":"EntryPoint","urlTemplate":"https:\/\/culturesco.com\/?s={search_term_string}"},"query-input":{"@type":"PropertyValueSpecification","valueRequired":true,"valueName":"search_term_string"}}],"inLanguage":"fr-FR"},{"@type":"Organization","@id":"https:\/\/culturesco.com\/#organization","name":"CULTURESCO","url":"https:\/\/culturesco.com\/","logo":{"@type":"ImageObject","inLanguage":"fr-FR","@id":"https:\/\/culturesco.com\/#\/schema\/logo\/image\/","url":"https:\/\/i0.wp.com\/culturesco.com\/wp-content\/uploads\/2022\/04\/culturesco-logo-blanc250p.png?fit=250%2C250&ssl=1","contentUrl":"https:\/\/i0.wp.com\/culturesco.com\/wp-content\/uploads\/2022\/04\/culturesco-logo-blanc250p.png?fit=250%2C250&ssl=1","width":250,"height":250,"caption":"CULTURESCO"},"image":{"@id":"https:\/\/culturesco.com\/#\/schema\/logo\/image\/"},"sameAs":["https:\/\/www.facebook.com\/radioculturesco","https:\/\/x.com\/AugusteMarshal","https:\/\/www.instagram.com\/carotte_rock_culture\/","https:\/\/www.pinterest.fr\/augustemarshal\/","https:\/\/www.youtube.com\/channel\/UCiWLGffqWSXlNnfzp6YwwyQ"]},{"@type":"Person","@id":"https:\/\/culturesco.com\/#\/schema\/person\/c2ddd6724863f3bbd20a8278df0891f3","name":"Patrick Benard","image":{"@type":"ImageObject","inLanguage":"fr-FR","@id":"https:\/\/i0.wp.com\/culturesco.com\/wp-content\/uploads\/2019\/02\/patrick-benard-2.jpg?fit=90%2C96&ssl=1","url":"https:\/\/i0.wp.com\/culturesco.com\/wp-content\/uploads\/2019\/02\/patrick-benard-2.jpg?fit=90%2C96&ssl=1","contentUrl":"https:\/\/i0.wp.com\/culturesco.com\/wp-content\/uploads\/2019\/02\/patrick-benard-2.jpg?fit=90%2C96&ssl=1","caption":"Patrick Benard"},"description":"Ecrivain, chroniqueur, animateur radio, cr\u00e9ateur de la revue \u00ab Cin\u00e9manie \u00bb, autour du cin\u00e9ma dit d\u2019art et d\u2019essai, sp\u00e9cialiste du groupe The Cure, archiviste... 2020 : \"Le Post Rock\" essai sur le post rock de Mogwa\u00ef \u00e0 Godspeed You Black Emperor - Camion Blanc 2014 : \u00ab On the rocks \u2013le rock de 2007 \u00e0 2014 \u00bb chroniques livres et cd rocks, interviews \u2013Editions Vaillant 2010 : \u00ab Dans la T\u00eate de Robert Smith \u00bb, roman fiction autour de l\u2019histoire des Cure et de Robert Smith \u2013 Edilivres 2007 : \u00ab Chroniques Fr\u00e9n\u00e9tiques, une histoire intime du rock \u00bb, roman, prix Technikart. 2001 : \u00ab Les Iles du D\u00e9sert \u00bb, polar autour du rock \u2013 Editions Nykta","url":"https:\/\/culturesco.com\/index.php\/author\/patrick-benard89\/"}]}},"jetpack_featured_media_url":"https:\/\/i0.wp.com\/culturesco.com\/wp-content\/uploads\/2019\/07\/The-Reed-Conservation-Society.jpeg?fit=597%2C600&ssl=1","jetpack_likes_enabled":true,"jetpack_sharing_enabled":true,"jetpack_shortlink":"https:\/\/wp.me\/paz89I-1Se","_links":{"self":[{"href":"https:\/\/culturesco.com\/index.php\/wp-json\/wp\/v2\/posts\/7206","targetHints":{"allow":["GET"]}}],"collection":[{"href":"https:\/\/culturesco.com\/index.php\/wp-json\/wp\/v2\/posts"}],"about":[{"href":"https:\/\/culturesco.com\/index.php\/wp-json\/wp\/v2\/types\/post"}],"author":[{"embeddable":true,"href":"https:\/\/culturesco.com\/index.php\/wp-json\/wp\/v2\/users\/4"}],"replies":[{"embeddable":true,"href":"https:\/\/culturesco.com\/index.php\/wp-json\/wp\/v2\/comments?post=7206"}],"version-history":[{"count":0,"href":"https:\/\/culturesco.com\/index.php\/wp-json\/wp\/v2\/posts\/7206\/revisions"}],"wp:featuredmedia":[{"embeddable":true,"href":"https:\/\/culturesco.com\/index.php\/wp-json\/wp\/v2\/media\/7207"}],"wp:attachment":[{"href":"https:\/\/culturesco.com\/index.php\/wp-json\/wp\/v2\/media?parent=7206"}],"wp:term":[{"taxonomy":"category","embeddable":true,"href":"https:\/\/culturesco.com\/index.php\/wp-json\/wp\/v2\/categories?post=7206"},{"taxonomy":"post_tag","embeddable":true,"href":"https:\/\/culturesco.com\/index.php\/wp-json\/wp\/v2\/tags?post=7206"}],"curies":[{"name":"wp","href":"https:\/\/api.w.org\/{rel}","templated":true}]}}