{"id":719,"date":"2018-10-16T17:17:32","date_gmt":"2018-10-16T15:17:32","guid":{"rendered":"https:\/\/culturesco.com\/?p=719"},"modified":"2018-10-17T16:25:04","modified_gmt":"2018-10-17T14:25:04","slug":"charles-aznavour-en-quelques-paroles","status":"publish","type":"post","link":"https:\/\/culturesco.com\/index.php\/2018\/10\/16\/charles-aznavour-en-quelques-paroles\/","title":{"rendered":"Charles Aznavour en quelques paroles"},"content":{"rendered":"<h2>Charles Aznavour en quelques paroles<\/h2>\n<figure id=\"attachment_721\" aria-describedby=\"caption-attachment-721\" style=\"width: 1200px\" class=\"wp-caption aligncenter\"><img data-recalc-dims=\"1\" loading=\"lazy\" decoding=\"async\" class=\"size-full wp-image-721\" src=\"https:\/\/i0.wp.com\/culturesco.com\/wp-content\/uploads\/2018\/10\/aznavour.jpg?resize=696%2C364&#038;ssl=1\" alt=\"charles-aznavour\" width=\"696\" height=\"364\" srcset=\"https:\/\/i0.wp.com\/culturesco.com\/wp-content\/uploads\/2018\/10\/aznavour.jpg?w=600&amp;ssl=1 600w, https:\/\/i0.wp.com\/culturesco.com\/wp-content\/uploads\/2018\/10\/aznavour.jpg?resize=300%2C157&amp;ssl=1 300w, https:\/\/i0.wp.com\/culturesco.com\/wp-content\/uploads\/2018\/10\/aznavour.jpg?resize=768%2C401&amp;ssl=1 768w, https:\/\/i0.wp.com\/culturesco.com\/wp-content\/uploads\/2018\/10\/aznavour.jpg?resize=696%2C364&amp;ssl=1 696w, https:\/\/i0.wp.com\/culturesco.com\/wp-content\/uploads\/2018\/10\/aznavour.jpg?resize=1068%2C558&amp;ssl=1 1068w, https:\/\/i0.wp.com\/culturesco.com\/wp-content\/uploads\/2018\/10\/aznavour.jpg?resize=804%2C420&amp;ssl=1 804w\" sizes=\"auto, (max-width: 696px) 100vw, 696px\" \/><figcaption id=\"caption-attachment-721\" class=\"wp-caption-text\">Paroles<\/figcaption><\/figure>\n<p style=\"text-align: justify;\"><strong>Charles Aznavour<\/strong> nous a quitt\u00e9 le premier octobre 2018. Ce fils d&rsquo;immigr\u00e9s arm\u00e9niens est finalement arriv\u00e9 une triste derni\u00e8re fois\u00a0<strong>en haut de l&rsquo;affiche<\/strong>, comme il nous le chantait depuis 1960. Incontournable, surprenant, incroyablement constant dans sa carri\u00e8re, il se disait boulimique de la sc\u00e8ne, fier d&rsquo;avoir connu le succ\u00e8s au travers de ses textes \u00e9crits, et se consid\u00e9rait \u00e9galement dans son m\u00e9tier comme \u00ab\u00a0le roi des emmerdeurs\u00a0\u00bb&#8230;<\/p>\n<h4 style=\"text-align: justify;\">Floril\u00e8ge de citations, en forme d&rsquo;hommage \u00e0 l&rsquo;artiste!<\/h4>\n<p style=\"text-align: justify;\">\u00ab\u00a0Il ne faut pas oublier tout ce que les immigr\u00e9s ont apport\u00e9 \u00e0 La France, les <strong>Picasso, B\u00e9art, Cioran<\/strong>\u2026 C&rsquo;est une chance extraordinaire pour la France. Il y a peut-\u00eatre parmi eux de futurs <strong>Aznavour<\/strong>, qui sait?\u00a0\u00bb.<br \/>\n<em>Le Parisien,15 septembre 2015.<\/em><\/p>\n<p style=\"text-align: justify;\">\u00ab\u00a0Je suis boulimique. Si j&rsquo;arr\u00eate la sc\u00e8ne, je meurs. Vous croyez que \u00e7a m&rsquo;amuse de mourir ? J&rsquo;y pense depuis l&rsquo;\u00e2ge de 15 ans\u00a0\u00bb.<\/p>\n<p style=\"text-align: justify;\">\u00ab\u00a0Ma seule fiert\u00e9 finalement est dans mon \u00e9criture, pas dans mon m\u00e9tier de chanteur. Tout le monde peut chanter, tout le monde ne peut pas \u00e9crire\u00a0\u00bb.<br \/>\n<em>2015<\/em><\/p>\n<p style=\"text-align: justify;\">\u00ab\u00a0Dans mon m\u00e9tier, je suis le roi des emmerdeurs.\u00a0\u00bb<\/p>\n<h3>Charles Aznavour &#8211; Emmenez-moi<iframe loading=\"lazy\" src=\"https:\/\/www.youtube.com\/embed\/rmaBeo1M6vg\" width=\"560\" height=\"315\" frameborder=\"0\" allowfullscreen=\"allowfullscreen\"><\/iframe><\/h3>\n<p style=\"text-align: justify;\">\u00ab\u00a0Avant <strong>Charles Aznavour<\/strong> le d\u00e9sespoir \u00e9tait impopulaire\u00a0\u00bb.<br \/>\n<strong>Jean Cocteau<\/strong><\/p>\n<p style=\"text-align: justify;\"><strong>\u00ab\u00a0Aznavour <\/strong>est le seul homme que je connaisse capable de rentrer debout dans une Rolls\u00a0\u00bb.<br \/>\n<strong>Jacques Brel<\/strong><\/p>\n","protected":false},"excerpt":{"rendered":"<p>Charles Aznavour en quelques paroles Charles Aznavour nous a quitt\u00e9 le premier octobre 2018. Ce fils d&rsquo;immigr\u00e9s arm\u00e9niens est finalement arriv\u00e9 une triste derni\u00e8re fois\u00a0en haut de l&rsquo;affiche, comme il nous le chantait depuis 1960. Incontournable, surprenant, incroyablement constant dans sa carri\u00e8re, il se disait boulimique de la sc\u00e8ne, fier d&rsquo;avoir connu le succ\u00e8s au [&hellip;]<\/p>\n","protected":false},"author":1,"featured_media":721,"comment_status":"open","ping_status":"open","sticky":false,"template":"","format":"image","meta":{"jetpack_post_was_ever_published":false,"tdm_status":"","tdm_grid_status":"","_jetpack_newsletter_access":"","_jetpack_dont_email_post_to_subs":false,"_jetpack_newsletter_tier_id":0,"_jetpack_memberships_contains_paywalled_content":false,"_jetpack_memberships_contains_paid_content":false,"footnotes":""},"categories":[22],"tags":[40,39],"class_list":{"0":"post-719","1":"post","2":"type-post","3":"status-publish","4":"format-image","5":"has-post-thumbnail","7":"category-citations","8":"tag-chanson-francaise","9":"tag-citation","10":"post_format-post-format-image"},"yoast_head":"<!-- This site is optimized with the Yoast SEO plugin v27.5 - https:\/\/yoast.com\/product\/yoast-seo-wordpress\/ -->\n<title>Charles Aznavour en quelques paroles - Culturesco<\/title>\n<meta name=\"description\" content=\"CulturesCo | Un bon coup de pied dans ta Culture | Chroniques et histoire du Rock, chanson fran\u00e7aise, litt\u00e9rature, cin\u00e9ma et bande dessin\u00e9e.\" \/>\n<meta name=\"robots\" content=\"index, follow, max-snippet:-1, max-image-preview:large, max-video-preview:-1\" \/>\n<link rel=\"canonical\" href=\"https:\/\/culturesco.com\/index.php\/2018\/10\/16\/charles-aznavour-en-quelques-paroles\/\" \/>\n<meta property=\"og:locale\" content=\"fr_FR\" \/>\n<meta property=\"og:type\" content=\"article\" \/>\n<meta property=\"og:title\" content=\"Charles Aznavour en quelques paroles - Culturesco\" \/>\n<meta property=\"og:description\" content=\"CulturesCo | Un bon coup de pied dans ta Culture | Chroniques et histoire du Rock, chanson fran\u00e7aise, litt\u00e9rature, cin\u00e9ma et bande dessin\u00e9e.\" \/>\n<meta property=\"og:url\" content=\"https:\/\/culturesco.com\/index.php\/2018\/10\/16\/charles-aznavour-en-quelques-paroles\/\" \/>\n<meta property=\"og:site_name\" content=\"Culturesco\" \/>\n<meta property=\"article:publisher\" content=\"https:\/\/www.facebook.com\/radioculturesco\" \/>\n<meta property=\"article:author\" content=\"https:\/\/www.facebook.com\/radioculturesco\" \/>\n<meta property=\"article:published_time\" content=\"2018-10-16T15:17:32+00:00\" \/>\n<meta property=\"article:modified_time\" content=\"2018-10-17T14:25:04+00:00\" \/>\n<meta property=\"og:image\" content=\"https:\/\/i1.wp.com\/culturesco.com\/wp-content\/uploads\/2018\/10\/aznavour.jpg?fit=600%2C314&ssl=1\" \/>\n\t<meta property=\"og:image:width\" content=\"600\" \/>\n\t<meta property=\"og:image:height\" content=\"314\" \/>\n\t<meta property=\"og:image:type\" content=\"image\/jpeg\" \/>\n<meta name=\"author\" content=\"Auguste Marshal\" \/>\n<meta name=\"twitter:card\" content=\"summary_large_image\" \/>\n<meta name=\"twitter:creator\" content=\"@https:\/\/twitter.com\/AugusteMarshal\" \/>\n<meta name=\"twitter:site\" content=\"@AugusteMarshal\" \/>\n<meta name=\"twitter:label1\" content=\"\u00c9crit par\" \/>\n\t<meta name=\"twitter:data1\" content=\"Auguste Marshal\" \/>\n\t<meta name=\"twitter:label2\" content=\"Dur\u00e9e de lecture estim\u00e9e\" \/>\n\t<meta name=\"twitter:data2\" content=\"1 minute\" \/>\n<script type=\"application\/ld+json\" class=\"yoast-schema-graph\">{\"@context\":\"https:\\\/\\\/schema.org\",\"@graph\":[{\"@type\":\"Article\",\"@id\":\"https:\\\/\\\/culturesco.com\\\/index.php\\\/2018\\\/10\\\/16\\\/charles-aznavour-en-quelques-paroles\\\/#article\",\"isPartOf\":{\"@id\":\"https:\\\/\\\/culturesco.com\\\/index.php\\\/2018\\\/10\\\/16\\\/charles-aznavour-en-quelques-paroles\\\/\"},\"author\":{\"name\":\"Auguste Marshal\",\"@id\":\"https:\\\/\\\/culturesco.com\\\/#\\\/schema\\\/person\\\/9a265b03a60b0fa349532a231f7d1d0e\"},\"headline\":\"Charles Aznavour en quelques paroles\",\"datePublished\":\"2018-10-16T15:17:32+00:00\",\"dateModified\":\"2018-10-17T14:25:04+00:00\",\"mainEntityOfPage\":{\"@id\":\"https:\\\/\\\/culturesco.com\\\/index.php\\\/2018\\\/10\\\/16\\\/charles-aznavour-en-quelques-paroles\\\/\"},\"wordCount\":244,\"commentCount\":0,\"publisher\":{\"@id\":\"https:\\\/\\\/culturesco.com\\\/#organization\"},\"image\":{\"@id\":\"https:\\\/\\\/culturesco.com\\\/index.php\\\/2018\\\/10\\\/16\\\/charles-aznavour-en-quelques-paroles\\\/#primaryimage\"},\"thumbnailUrl\":\"https:\\\/\\\/i0.wp.com\\\/culturesco.com\\\/wp-content\\\/uploads\\\/2018\\\/10\\\/aznavour.jpg?fit=600%2C314&ssl=1\",\"keywords\":[\"chanson fran\u00e7aise\",\"citation\"],\"articleSection\":[\"Citations\"],\"inLanguage\":\"fr-FR\",\"potentialAction\":[{\"@type\":\"CommentAction\",\"name\":\"Comment\",\"target\":[\"https:\\\/\\\/culturesco.com\\\/index.php\\\/2018\\\/10\\\/16\\\/charles-aznavour-en-quelques-paroles\\\/#respond\"]}]},{\"@type\":\"WebPage\",\"@id\":\"https:\\\/\\\/culturesco.com\\\/index.php\\\/2018\\\/10\\\/16\\\/charles-aznavour-en-quelques-paroles\\\/\",\"url\":\"https:\\\/\\\/culturesco.com\\\/index.php\\\/2018\\\/10\\\/16\\\/charles-aznavour-en-quelques-paroles\\\/\",\"name\":\"Charles Aznavour en quelques paroles - Culturesco\",\"isPartOf\":{\"@id\":\"https:\\\/\\\/culturesco.com\\\/#website\"},\"primaryImageOfPage\":{\"@id\":\"https:\\\/\\\/culturesco.com\\\/index.php\\\/2018\\\/10\\\/16\\\/charles-aznavour-en-quelques-paroles\\\/#primaryimage\"},\"image\":{\"@id\":\"https:\\\/\\\/culturesco.com\\\/index.php\\\/2018\\\/10\\\/16\\\/charles-aznavour-en-quelques-paroles\\\/#primaryimage\"},\"thumbnailUrl\":\"https:\\\/\\\/i0.wp.com\\\/culturesco.com\\\/wp-content\\\/uploads\\\/2018\\\/10\\\/aznavour.jpg?fit=600%2C314&ssl=1\",\"datePublished\":\"2018-10-16T15:17:32+00:00\",\"dateModified\":\"2018-10-17T14:25:04+00:00\",\"description\":\"CulturesCo | Un bon coup de pied dans ta Culture | Chroniques et histoire du Rock, chanson fran\u00e7aise, litt\u00e9rature, cin\u00e9ma et bande dessin\u00e9e.\",\"breadcrumb\":{\"@id\":\"https:\\\/\\\/culturesco.com\\\/index.php\\\/2018\\\/10\\\/16\\\/charles-aznavour-en-quelques-paroles\\\/#breadcrumb\"},\"inLanguage\":\"fr-FR\",\"potentialAction\":[{\"@type\":\"ReadAction\",\"target\":[\"https:\\\/\\\/culturesco.com\\\/index.php\\\/2018\\\/10\\\/16\\\/charles-aznavour-en-quelques-paroles\\\/\"]}]},{\"@type\":\"ImageObject\",\"inLanguage\":\"fr-FR\",\"@id\":\"https:\\\/\\\/culturesco.com\\\/index.php\\\/2018\\\/10\\\/16\\\/charles-aznavour-en-quelques-paroles\\\/#primaryimage\",\"url\":\"https:\\\/\\\/i0.wp.com\\\/culturesco.com\\\/wp-content\\\/uploads\\\/2018\\\/10\\\/aznavour.jpg?fit=600%2C314&ssl=1\",\"contentUrl\":\"https:\\\/\\\/i0.wp.com\\\/culturesco.com\\\/wp-content\\\/uploads\\\/2018\\\/10\\\/aznavour.jpg?fit=600%2C314&ssl=1\",\"width\":600,\"height\":314,\"caption\":\"Charles Aznavour - Paroles\"},{\"@type\":\"BreadcrumbList\",\"@id\":\"https:\\\/\\\/culturesco.com\\\/index.php\\\/2018\\\/10\\\/16\\\/charles-aznavour-en-quelques-paroles\\\/#breadcrumb\",\"itemListElement\":[{\"@type\":\"ListItem\",\"position\":1,\"name\":\"Accueil\",\"item\":\"https:\\\/\\\/culturesco.com\\\/\"},{\"@type\":\"ListItem\",\"position\":2,\"name\":\"Charles Aznavour en quelques paroles\"}]},{\"@type\":\"WebSite\",\"@id\":\"https:\\\/\\\/culturesco.com\\\/#website\",\"url\":\"https:\\\/\\\/culturesco.com\\\/\",\"name\":\"Culturesco\",\"description\":\"Culturesco | Un bon coup de pied dans ta Culture\",\"publisher\":{\"@id\":\"https:\\\/\\\/culturesco.com\\\/#organization\"},\"potentialAction\":[{\"@type\":\"SearchAction\",\"target\":{\"@type\":\"EntryPoint\",\"urlTemplate\":\"https:\\\/\\\/culturesco.com\\\/?s={search_term_string}\"},\"query-input\":{\"@type\":\"PropertyValueSpecification\",\"valueRequired\":true,\"valueName\":\"search_term_string\"}}],\"inLanguage\":\"fr-FR\"},{\"@type\":\"Organization\",\"@id\":\"https:\\\/\\\/culturesco.com\\\/#organization\",\"name\":\"CULTURESCO\",\"url\":\"https:\\\/\\\/culturesco.com\\\/\",\"logo\":{\"@type\":\"ImageObject\",\"inLanguage\":\"fr-FR\",\"@id\":\"https:\\\/\\\/culturesco.com\\\/#\\\/schema\\\/logo\\\/image\\\/\",\"url\":\"https:\\\/\\\/i0.wp.com\\\/culturesco.com\\\/wp-content\\\/uploads\\\/2022\\\/04\\\/culturesco-logo-blanc250p.png?fit=250%2C250&ssl=1\",\"contentUrl\":\"https:\\\/\\\/i0.wp.com\\\/culturesco.com\\\/wp-content\\\/uploads\\\/2022\\\/04\\\/culturesco-logo-blanc250p.png?fit=250%2C250&ssl=1\",\"width\":250,\"height\":250,\"caption\":\"CULTURESCO\"},\"image\":{\"@id\":\"https:\\\/\\\/culturesco.com\\\/#\\\/schema\\\/logo\\\/image\\\/\"},\"sameAs\":[\"https:\\\/\\\/www.facebook.com\\\/radioculturesco\",\"https:\\\/\\\/x.com\\\/AugusteMarshal\",\"https:\\\/\\\/www.instagram.com\\\/carotte_rock_culture\\\/\",\"https:\\\/\\\/www.pinterest.fr\\\/augustemarshal\\\/\",\"https:\\\/\\\/www.youtube.com\\\/channel\\\/UCiWLGffqWSXlNnfzp6YwwyQ\"]},{\"@type\":\"Person\",\"@id\":\"https:\\\/\\\/culturesco.com\\\/#\\\/schema\\\/person\\\/9a265b03a60b0fa349532a231f7d1d0e\",\"name\":\"Auguste Marshal\",\"image\":{\"@type\":\"ImageObject\",\"inLanguage\":\"fr-FR\",\"@id\":\"https:\\\/\\\/i0.wp.com\\\/culturesco.com\\\/wp-content\\\/uploads\\\/2019\\\/03\\\/auguste.jpg?fit=96%2C74&ssl=1\",\"url\":\"https:\\\/\\\/i0.wp.com\\\/culturesco.com\\\/wp-content\\\/uploads\\\/2019\\\/03\\\/auguste.jpg?fit=96%2C74&ssl=1\",\"contentUrl\":\"https:\\\/\\\/i0.wp.com\\\/culturesco.com\\\/wp-content\\\/uploads\\\/2019\\\/03\\\/auguste.jpg?fit=96%2C74&ssl=1\",\"caption\":\"Auguste Marshal\"},\"description\":\"Animateur Radio - Producteur animateur de l'\u00e9mission Culturesco sur Pop Culture Radio - Community Manager - Cr\u00e9ateur du blog Culturesco.com et pr\u00e9c\u00e9demment du Blog Rock Auguste Marshal - Administrateur des pages Facebook et Instagram Carotte Rock Cultures et Radio CulturesCo - Administrateur de groupes Facebook\",\"sameAs\":[\"https:\\\/\\\/culturesco.com\",\"https:\\\/\\\/www.facebook.com\\\/radioculturesco\",\"https:\\\/\\\/www.instagram.com\\\/carotte_rock_culture\\\/\",\"https:\\\/\\\/www.linkedin.com\\\/in\\\/auguste-marshal-7125b1151\\\/\",\"https:\\\/\\\/x.com\\\/https:\\\/\\\/twitter.com\\\/AugusteMarshal\",\"https:\\\/\\\/www.youtube.com\\\/channel\\\/UCiWLGffqWSXlNnfzp6YwwyQ\"],\"url\":\"https:\\\/\\\/culturesco.com\\\/index.php\\\/author\\\/admin8255\\\/\"}]}<\/script>\n<!-- \/ Yoast SEO plugin. -->","yoast_head_json":{"title":"Charles Aznavour en quelques paroles - Culturesco","description":"CulturesCo | Un bon coup de pied dans ta Culture | Chroniques et histoire du Rock, chanson fran\u00e7aise, litt\u00e9rature, cin\u00e9ma et bande dessin\u00e9e.","robots":{"index":"index","follow":"follow","max-snippet":"max-snippet:-1","max-image-preview":"max-image-preview:large","max-video-preview":"max-video-preview:-1"},"canonical":"https:\/\/culturesco.com\/index.php\/2018\/10\/16\/charles-aznavour-en-quelques-paroles\/","og_locale":"fr_FR","og_type":"article","og_title":"Charles Aznavour en quelques paroles - Culturesco","og_description":"CulturesCo | Un bon coup de pied dans ta Culture | Chroniques et histoire du Rock, chanson fran\u00e7aise, litt\u00e9rature, cin\u00e9ma et bande dessin\u00e9e.","og_url":"https:\/\/culturesco.com\/index.php\/2018\/10\/16\/charles-aznavour-en-quelques-paroles\/","og_site_name":"Culturesco","article_publisher":"https:\/\/www.facebook.com\/radioculturesco","article_author":"https:\/\/www.facebook.com\/radioculturesco","article_published_time":"2018-10-16T15:17:32+00:00","article_modified_time":"2018-10-17T14:25:04+00:00","og_image":[{"width":600,"height":314,"url":"https:\/\/i1.wp.com\/culturesco.com\/wp-content\/uploads\/2018\/10\/aznavour.jpg?fit=600%2C314&ssl=1","type":"image\/jpeg"}],"author":"Auguste Marshal","twitter_card":"summary_large_image","twitter_creator":"@https:\/\/twitter.com\/AugusteMarshal","twitter_site":"@AugusteMarshal","twitter_misc":{"\u00c9crit par":"Auguste Marshal","Dur\u00e9e de lecture estim\u00e9e":"1 minute"},"schema":{"@context":"https:\/\/schema.org","@graph":[{"@type":"Article","@id":"https:\/\/culturesco.com\/index.php\/2018\/10\/16\/charles-aznavour-en-quelques-paroles\/#article","isPartOf":{"@id":"https:\/\/culturesco.com\/index.php\/2018\/10\/16\/charles-aznavour-en-quelques-paroles\/"},"author":{"name":"Auguste Marshal","@id":"https:\/\/culturesco.com\/#\/schema\/person\/9a265b03a60b0fa349532a231f7d1d0e"},"headline":"Charles Aznavour en quelques paroles","datePublished":"2018-10-16T15:17:32+00:00","dateModified":"2018-10-17T14:25:04+00:00","mainEntityOfPage":{"@id":"https:\/\/culturesco.com\/index.php\/2018\/10\/16\/charles-aznavour-en-quelques-paroles\/"},"wordCount":244,"commentCount":0,"publisher":{"@id":"https:\/\/culturesco.com\/#organization"},"image":{"@id":"https:\/\/culturesco.com\/index.php\/2018\/10\/16\/charles-aznavour-en-quelques-paroles\/#primaryimage"},"thumbnailUrl":"https:\/\/i0.wp.com\/culturesco.com\/wp-content\/uploads\/2018\/10\/aznavour.jpg?fit=600%2C314&ssl=1","keywords":["chanson fran\u00e7aise","citation"],"articleSection":["Citations"],"inLanguage":"fr-FR","potentialAction":[{"@type":"CommentAction","name":"Comment","target":["https:\/\/culturesco.com\/index.php\/2018\/10\/16\/charles-aznavour-en-quelques-paroles\/#respond"]}]},{"@type":"WebPage","@id":"https:\/\/culturesco.com\/index.php\/2018\/10\/16\/charles-aznavour-en-quelques-paroles\/","url":"https:\/\/culturesco.com\/index.php\/2018\/10\/16\/charles-aznavour-en-quelques-paroles\/","name":"Charles Aznavour en quelques paroles - Culturesco","isPartOf":{"@id":"https:\/\/culturesco.com\/#website"},"primaryImageOfPage":{"@id":"https:\/\/culturesco.com\/index.php\/2018\/10\/16\/charles-aznavour-en-quelques-paroles\/#primaryimage"},"image":{"@id":"https:\/\/culturesco.com\/index.php\/2018\/10\/16\/charles-aznavour-en-quelques-paroles\/#primaryimage"},"thumbnailUrl":"https:\/\/i0.wp.com\/culturesco.com\/wp-content\/uploads\/2018\/10\/aznavour.jpg?fit=600%2C314&ssl=1","datePublished":"2018-10-16T15:17:32+00:00","dateModified":"2018-10-17T14:25:04+00:00","description":"CulturesCo | Un bon coup de pied dans ta Culture | Chroniques et histoire du Rock, chanson fran\u00e7aise, litt\u00e9rature, cin\u00e9ma et bande dessin\u00e9e.","breadcrumb":{"@id":"https:\/\/culturesco.com\/index.php\/2018\/10\/16\/charles-aznavour-en-quelques-paroles\/#breadcrumb"},"inLanguage":"fr-FR","potentialAction":[{"@type":"ReadAction","target":["https:\/\/culturesco.com\/index.php\/2018\/10\/16\/charles-aznavour-en-quelques-paroles\/"]}]},{"@type":"ImageObject","inLanguage":"fr-FR","@id":"https:\/\/culturesco.com\/index.php\/2018\/10\/16\/charles-aznavour-en-quelques-paroles\/#primaryimage","url":"https:\/\/i0.wp.com\/culturesco.com\/wp-content\/uploads\/2018\/10\/aznavour.jpg?fit=600%2C314&ssl=1","contentUrl":"https:\/\/i0.wp.com\/culturesco.com\/wp-content\/uploads\/2018\/10\/aznavour.jpg?fit=600%2C314&ssl=1","width":600,"height":314,"caption":"Charles Aznavour - Paroles"},{"@type":"BreadcrumbList","@id":"https:\/\/culturesco.com\/index.php\/2018\/10\/16\/charles-aznavour-en-quelques-paroles\/#breadcrumb","itemListElement":[{"@type":"ListItem","position":1,"name":"Accueil","item":"https:\/\/culturesco.com\/"},{"@type":"ListItem","position":2,"name":"Charles Aznavour en quelques paroles"}]},{"@type":"WebSite","@id":"https:\/\/culturesco.com\/#website","url":"https:\/\/culturesco.com\/","name":"Culturesco","description":"Culturesco | Un bon coup de pied dans ta Culture","publisher":{"@id":"https:\/\/culturesco.com\/#organization"},"potentialAction":[{"@type":"SearchAction","target":{"@type":"EntryPoint","urlTemplate":"https:\/\/culturesco.com\/?s={search_term_string}"},"query-input":{"@type":"PropertyValueSpecification","valueRequired":true,"valueName":"search_term_string"}}],"inLanguage":"fr-FR"},{"@type":"Organization","@id":"https:\/\/culturesco.com\/#organization","name":"CULTURESCO","url":"https:\/\/culturesco.com\/","logo":{"@type":"ImageObject","inLanguage":"fr-FR","@id":"https:\/\/culturesco.com\/#\/schema\/logo\/image\/","url":"https:\/\/i0.wp.com\/culturesco.com\/wp-content\/uploads\/2022\/04\/culturesco-logo-blanc250p.png?fit=250%2C250&ssl=1","contentUrl":"https:\/\/i0.wp.com\/culturesco.com\/wp-content\/uploads\/2022\/04\/culturesco-logo-blanc250p.png?fit=250%2C250&ssl=1","width":250,"height":250,"caption":"CULTURESCO"},"image":{"@id":"https:\/\/culturesco.com\/#\/schema\/logo\/image\/"},"sameAs":["https:\/\/www.facebook.com\/radioculturesco","https:\/\/x.com\/AugusteMarshal","https:\/\/www.instagram.com\/carotte_rock_culture\/","https:\/\/www.pinterest.fr\/augustemarshal\/","https:\/\/www.youtube.com\/channel\/UCiWLGffqWSXlNnfzp6YwwyQ"]},{"@type":"Person","@id":"https:\/\/culturesco.com\/#\/schema\/person\/9a265b03a60b0fa349532a231f7d1d0e","name":"Auguste Marshal","image":{"@type":"ImageObject","inLanguage":"fr-FR","@id":"https:\/\/i0.wp.com\/culturesco.com\/wp-content\/uploads\/2019\/03\/auguste.jpg?fit=96%2C74&ssl=1","url":"https:\/\/i0.wp.com\/culturesco.com\/wp-content\/uploads\/2019\/03\/auguste.jpg?fit=96%2C74&ssl=1","contentUrl":"https:\/\/i0.wp.com\/culturesco.com\/wp-content\/uploads\/2019\/03\/auguste.jpg?fit=96%2C74&ssl=1","caption":"Auguste Marshal"},"description":"Animateur Radio - Producteur animateur de l'\u00e9mission Culturesco sur Pop Culture Radio - Community Manager - Cr\u00e9ateur du blog Culturesco.com et pr\u00e9c\u00e9demment du Blog Rock Auguste Marshal - Administrateur des pages Facebook et Instagram Carotte Rock Cultures et Radio CulturesCo - Administrateur de groupes Facebook","sameAs":["https:\/\/culturesco.com","https:\/\/www.facebook.com\/radioculturesco","https:\/\/www.instagram.com\/carotte_rock_culture\/","https:\/\/www.linkedin.com\/in\/auguste-marshal-7125b1151\/","https:\/\/x.com\/https:\/\/twitter.com\/AugusteMarshal","https:\/\/www.youtube.com\/channel\/UCiWLGffqWSXlNnfzp6YwwyQ"],"url":"https:\/\/culturesco.com\/index.php\/author\/admin8255\/"}]}},"jetpack_featured_media_url":"https:\/\/i0.wp.com\/culturesco.com\/wp-content\/uploads\/2018\/10\/aznavour.jpg?fit=600%2C314&ssl=1","jetpack_likes_enabled":true,"jetpack_sharing_enabled":true,"jetpack_shortlink":"https:\/\/wp.me\/paz89I-bB","_links":{"self":[{"href":"https:\/\/culturesco.com\/index.php\/wp-json\/wp\/v2\/posts\/719","targetHints":{"allow":["GET"]}}],"collection":[{"href":"https:\/\/culturesco.com\/index.php\/wp-json\/wp\/v2\/posts"}],"about":[{"href":"https:\/\/culturesco.com\/index.php\/wp-json\/wp\/v2\/types\/post"}],"author":[{"embeddable":true,"href":"https:\/\/culturesco.com\/index.php\/wp-json\/wp\/v2\/users\/1"}],"replies":[{"embeddable":true,"href":"https:\/\/culturesco.com\/index.php\/wp-json\/wp\/v2\/comments?post=719"}],"version-history":[{"count":0,"href":"https:\/\/culturesco.com\/index.php\/wp-json\/wp\/v2\/posts\/719\/revisions"}],"wp:featuredmedia":[{"embeddable":true,"href":"https:\/\/culturesco.com\/index.php\/wp-json\/wp\/v2\/media\/721"}],"wp:attachment":[{"href":"https:\/\/culturesco.com\/index.php\/wp-json\/wp\/v2\/media?parent=719"}],"wp:term":[{"taxonomy":"category","embeddable":true,"href":"https:\/\/culturesco.com\/index.php\/wp-json\/wp\/v2\/categories?post=719"},{"taxonomy":"post_tag","embeddable":true,"href":"https:\/\/culturesco.com\/index.php\/wp-json\/wp\/v2\/tags?post=719"}],"curies":[{"name":"wp","href":"https:\/\/api.w.org\/{rel}","templated":true}]}}