{"id":698,"date":"2018-10-12T09:57:37","date_gmt":"2018-10-12T07:57:37","guid":{"rendered":"https:\/\/culturesco.com\/?p=698"},"modified":"2019-06-22T15:24:52","modified_gmt":"2019-06-22T13:24:52","slug":"gene-vincent-hommage-race-with-the-devil","status":"publish","type":"post","link":"https:\/\/culturesco.com\/index.php\/2018\/10\/12\/gene-vincent-hommage-race-with-the-devil\/","title":{"rendered":"Gene Vincent Tribute &#8211; Race With the Devil"},"content":{"rendered":"<h2>Gene Vincent &#8211; Race With the Devil<\/h2>\n<figure id=\"attachment_699\" aria-describedby=\"caption-attachment-699\" style=\"width: 600px\" class=\"wp-caption aligncenter\"><img data-recalc-dims=\"1\" loading=\"lazy\" decoding=\"async\" class=\"wp-image-699 size-full\" title=\"Gene Vincent\" src=\"https:\/\/i0.wp.com\/culturesco.com\/wp-content\/uploads\/2018\/10\/gene-vincent-e1561209878463.jpg?resize=600%2C314&#038;ssl=1\" alt=\"gene-vincent\" width=\"600\" height=\"314\" \/><figcaption id=\"caption-attachment-699\" class=\"wp-caption-text\">Gene Vincent<\/figcaption><\/figure>\n<p><strong>Tribute to Gene Vincent &amp; Eddie Cochran :\u00a0<\/strong><\/p>\n<p style=\"text-align: justify;\">Id\u00e9e de sc\u00e9nar pour les producteurs en mal d\u2019inspiration: 1955, sud des \u00c9tats-Unis, un jeune mec de 20 ans se fait renverser par une Chrysler, on doit l\u2019amputer de la jambe gauche. Il refuse. Il portera une armature m\u00e9tallique, s\u2019assommera d\u2019analg\u00e9siques pour le restant de ses jours\u2026<br \/>\nPour tuer le temps, \u00e0 l\u2019h\u00f4pital, il grattouille sa guitare, \u00e9crit 2 ou 3 trucs. Il est rep\u00e9r\u00e9 \u00e0 un radio crochet, enregistre un disque, et c\u2019est la gloire, sex-alcool et rock&rsquo;n&rsquo;roll.<\/p>\n<h3>Eddie Cochran &#8211; Somethin&rsquo; Else<\/h3>\n<p><iframe loading=\"lazy\" src=\"https:\/\/www.youtube.com\/embed\/mgQg4ze1_KU\" width=\"560\" height=\"315\" frameborder=\"0\" allowfullscreen=\"allowfullscreen\"><\/iframe><\/p>\n<p style=\"text-align: justify;\">Tourn\u00e9es incessantes, split du groupe qui l\u2019accompagne, son \u00e9toile p\u00e2lit. De jeunes bell\u00e2tres le remplacent en t\u00eate des charts&#8230; Qu\u2019\u00e0 cela ne tienne, en Europe, il reste v\u00e9n\u00e9r\u00e9, adul\u00e9. Sa tourn\u00e9e outre-manche fait un tabac, c\u2019est l\u2019\u00e9meute partout o\u00f9 il passe. Les salles sont combles mais sur la route de l\u2019a\u00e9roport, alors qu\u2019il revient aux States, c\u2019est l\u2019accident&#8230; Son meilleur pote, chanteur \u00e9galement, meurt sur le coup. Gene est s\u00e9v\u00e8rement touch\u00e9.<\/p>\n<p style=\"text-align: justify;\">Plus rien ne sera comme avant, les albums s\u2019encha\u00eenent, les tourn\u00e9es \u00e9galement, mais sans retrouver la folie d\u2019antan. Gene Vincent est compl\u00e8tement oubli\u00e9 aux \u00c9tats-Unis, alors il tourne, tourne sans cesse. En France, en Angleterre, mais dans des bo\u00eetes de nuit, des arri\u00e8res salles miteuses, des dancing, et tout cela avec toujours l\u2019alcool en toile de fond, les managers v\u00e9reux, les divorces \u00e0 r\u00e9p\u00e9tition.<\/p>\n<h3>Be Bop A Lula &#8211; Gene Vincent<\/h3>\n<p><iframe loading=\"lazy\" src=\"https:\/\/www.youtube.com\/embed\/vDU9FP5_B2M\" width=\"560\" height=\"315\" frameborder=\"0\" allowfullscreen=\"allowfullscreen\"><\/iframe><\/p>\n<div style=\"text-align: justify;\"><span class=\"_5yl5\">Puis c\u2019est le clap de fin, il s\u2019\u00e9croule au pied de sa m\u00e8re:\u00a0 \u00ab\u00a0hey, mam\u2019, je crois bien que c\u2019est fini cette fois-ci\u2026\u00a0\u00bb. G\u00e9n\u00e9rique. Marchera pas ce film !\u00a0<\/span><\/div>\n<div style=\"text-align: justify;\"><span class=\"_5yl5\">Qui y croirait? Trop noir! Et pourtant&#8230; c\u2019est la vie de <b>Gene Vincent<\/b> qui vient de se d\u00e9rouler sous vos yeux, brut, sans fioritures.\u00a0<\/span><\/div>\n<div style=\"text-align: justify;\"><span class=\"_5yl5\">Son pote, mort \u00e0 ses c\u00f4t\u00e9s? <a href=\"https:\/\/culturesco.com\/index.php\/2019\/04\/17\/la-guitare-d-eddie-cochran\/\" target=\"_blank\" rel=\"noopener noreferrer\">Eddie Cochran<\/a>, cr\u00e9ateur entre autres p\u00e9pites de <b>Summertime Blues<\/b> et de <b>Somethin\u2019else<\/b>.\u00a0<\/span><\/div>\n<div style=\"text-align: justify;\"><span class=\"_5yl5\">Il quitte cette terre en 1971, assomm\u00e9 d\u2019alcool et d\u2019exc\u00e8s. Une vie Rock&rsquo;n&rsquo;roll en somme\u2026 Son plus grand succ\u00e8s <a href=\"https:\/\/fr.wikipedia.org\/wiki\/Be-Bop-A-Lula\" target=\"_blank\" rel=\"noopener noreferrer\">Be bop a lula<\/a> est universellement connu, mais \u00e9coutez ce morceau, injustement oubli\u00e9. Vous verrez. Il y a plus de sauvagerie et de rage dans ce titre que dans toute la programmation du <b>Hellfest<\/b> r\u00e9unie: <b>B.I Bickey bo bo.<\/b><\/span><\/div>\n<div><\/div>\n<h3>Gene Vincent &amp; His Blue Caps &#8211; B-I-Bickey-Bi, Bo-Bo-Bo<\/h3>\n<p><iframe loading=\"lazy\" src=\"https:\/\/www.youtube.com\/embed\/yvWtCkpZ90Y\" width=\"560\" height=\"315\" frameborder=\"0\" allowfullscreen=\"allowfullscreen\"><\/iframe><\/p>\n<p style=\"text-align: justify;\">Et comme je sais que beaucoup de dijonnais parcourent r\u00e9guli\u00e8rement ce blog, je rappelerai juste qu&rsquo;il existait une boite rue Marceau, le <strong>Moonlight<\/strong>. C\u2019est ici que <strong>Gene Vincent<\/strong> se produisit pour un de ses derniers concerts, en octobre 1969. Bonnes ondes.<\/p>\n<p><strong>Etienne Flt<\/strong><\/p>\n","protected":false},"excerpt":{"rendered":"<p>Gene Vincent &#8211; Race With the Devil Tribute to Gene Vincent &amp; Eddie Cochran :\u00a0 Id\u00e9e de sc\u00e9nar pour les producteurs en mal d\u2019inspiration: 1955, sud des \u00c9tats-Unis, un jeune mec de 20 ans se fait renverser par une Chrysler, on doit l\u2019amputer de la jambe gauche. Il refuse. Il portera une armature m\u00e9tallique, s\u2019assommera [&hellip;]<\/p>\n","protected":false},"author":5,"featured_media":6881,"comment_status":"open","ping_status":"open","sticky":false,"template":"","format":"image","meta":{"jetpack_post_was_ever_published":false,"tdm_status":"","tdm_grid_status":"","_jetpack_newsletter_access":"","_jetpack_dont_email_post_to_subs":false,"_jetpack_newsletter_tier_id":0,"_jetpack_memberships_contains_paywalled_content":false,"_jetpack_memberships_contains_paid_content":false,"footnotes":""},"categories":[17,33],"tags":[38],"class_list":{"0":"post-698","1":"post","2":"type-post","3":"status-publish","4":"format-image","5":"has-post-thumbnail","7":"category-carotte-rock-cultures","8":"category-histoire-du-rock","9":"tag-classic-rock","10":"post_format-post-format-image"},"yoast_head":"<!-- This site is optimized with the Yoast SEO plugin v27.5 - https:\/\/yoast.com\/product\/yoast-seo-wordpress\/ -->\n<title>Gene Vincent Tribute - Race With the Devil - Culturesco<\/title>\n<meta name=\"description\" content=\"CulturesCo | L&#039;histoire de Gene Vincent : r\u00e9alit\u00e9 ou mauvais sc\u00e9nario? Le succ\u00e8s, l&#039;accident, la perte de son ami Eddie Cochran et la d\u00e9b\u00e2cle\" \/>\n<meta name=\"robots\" content=\"index, follow, max-snippet:-1, max-image-preview:large, max-video-preview:-1\" \/>\n<link rel=\"canonical\" href=\"https:\/\/culturesco.com\/index.php\/2018\/10\/12\/gene-vincent-hommage-race-with-the-devil\/\" \/>\n<meta property=\"og:locale\" content=\"fr_FR\" \/>\n<meta property=\"og:type\" content=\"article\" \/>\n<meta property=\"og:title\" content=\"Gene Vincent Tribute - Race With the Devil - Culturesco\" \/>\n<meta property=\"og:description\" content=\"CulturesCo | L&#039;histoire de Gene Vincent : r\u00e9alit\u00e9 ou mauvais sc\u00e9nario? Le succ\u00e8s, l&#039;accident, la perte de son ami Eddie Cochran et la d\u00e9b\u00e2cle\" \/>\n<meta property=\"og:url\" content=\"https:\/\/culturesco.com\/index.php\/2018\/10\/12\/gene-vincent-hommage-race-with-the-devil\/\" \/>\n<meta property=\"og:site_name\" content=\"Culturesco\" \/>\n<meta property=\"article:publisher\" content=\"https:\/\/www.facebook.com\/radioculturesco\" \/>\n<meta property=\"article:published_time\" content=\"2018-10-12T07:57:37+00:00\" \/>\n<meta property=\"article:modified_time\" content=\"2019-06-22T13:24:52+00:00\" \/>\n<meta property=\"og:image\" content=\"https:\/\/i0.wp.com\/culturesco.com\/wp-content\/uploads\/2018\/10\/gene-vincent-1.jpg?fit=600%2C314&ssl=1\" \/>\n\t<meta property=\"og:image:width\" content=\"600\" \/>\n\t<meta property=\"og:image:height\" content=\"314\" \/>\n\t<meta property=\"og:image:type\" content=\"image\/jpeg\" \/>\n<meta name=\"author\" content=\"Etienne FLT\" \/>\n<meta name=\"twitter:card\" content=\"summary_large_image\" \/>\n<meta name=\"twitter:creator\" content=\"@AugusteMarshal\" \/>\n<meta name=\"twitter:site\" content=\"@AugusteMarshal\" \/>\n<meta name=\"twitter:label1\" content=\"\u00c9crit par\" \/>\n\t<meta name=\"twitter:data1\" content=\"Etienne FLT\" \/>\n\t<meta name=\"twitter:label2\" content=\"Dur\u00e9e de lecture estim\u00e9e\" \/>\n\t<meta name=\"twitter:data2\" content=\"2 minutes\" \/>\n<script type=\"application\/ld+json\" class=\"yoast-schema-graph\">{\"@context\":\"https:\\\/\\\/schema.org\",\"@graph\":[{\"@type\":\"Article\",\"@id\":\"https:\\\/\\\/culturesco.com\\\/index.php\\\/2018\\\/10\\\/12\\\/gene-vincent-hommage-race-with-the-devil\\\/#article\",\"isPartOf\":{\"@id\":\"https:\\\/\\\/culturesco.com\\\/index.php\\\/2018\\\/10\\\/12\\\/gene-vincent-hommage-race-with-the-devil\\\/\"},\"author\":{\"name\":\"Etienne FLT\",\"@id\":\"https:\\\/\\\/culturesco.com\\\/#\\\/schema\\\/person\\\/308502c77dc8b99e12c725a9cf6edd7b\"},\"headline\":\"Gene Vincent Tribute &#8211; Race With the Devil\",\"datePublished\":\"2018-10-12T07:57:37+00:00\",\"dateModified\":\"2019-06-22T13:24:52+00:00\",\"mainEntityOfPage\":{\"@id\":\"https:\\\/\\\/culturesco.com\\\/index.php\\\/2018\\\/10\\\/12\\\/gene-vincent-hommage-race-with-the-devil\\\/\"},\"wordCount\":494,\"commentCount\":2,\"publisher\":{\"@id\":\"https:\\\/\\\/culturesco.com\\\/#organization\"},\"image\":{\"@id\":\"https:\\\/\\\/culturesco.com\\\/index.php\\\/2018\\\/10\\\/12\\\/gene-vincent-hommage-race-with-the-devil\\\/#primaryimage\"},\"thumbnailUrl\":\"https:\\\/\\\/i0.wp.com\\\/culturesco.com\\\/wp-content\\\/uploads\\\/2018\\\/10\\\/gene-vincent-1.jpg?fit=600%2C314&ssl=1\",\"keywords\":[\"classic rock\"],\"articleSection\":[\"Carotte Rock Cultures\",\"Histoire du rock\"],\"inLanguage\":\"fr-FR\",\"potentialAction\":[{\"@type\":\"CommentAction\",\"name\":\"Comment\",\"target\":[\"https:\\\/\\\/culturesco.com\\\/index.php\\\/2018\\\/10\\\/12\\\/gene-vincent-hommage-race-with-the-devil\\\/#respond\"]}]},{\"@type\":\"WebPage\",\"@id\":\"https:\\\/\\\/culturesco.com\\\/index.php\\\/2018\\\/10\\\/12\\\/gene-vincent-hommage-race-with-the-devil\\\/\",\"url\":\"https:\\\/\\\/culturesco.com\\\/index.php\\\/2018\\\/10\\\/12\\\/gene-vincent-hommage-race-with-the-devil\\\/\",\"name\":\"Gene Vincent Tribute - Race With the Devil - Culturesco\",\"isPartOf\":{\"@id\":\"https:\\\/\\\/culturesco.com\\\/#website\"},\"primaryImageOfPage\":{\"@id\":\"https:\\\/\\\/culturesco.com\\\/index.php\\\/2018\\\/10\\\/12\\\/gene-vincent-hommage-race-with-the-devil\\\/#primaryimage\"},\"image\":{\"@id\":\"https:\\\/\\\/culturesco.com\\\/index.php\\\/2018\\\/10\\\/12\\\/gene-vincent-hommage-race-with-the-devil\\\/#primaryimage\"},\"thumbnailUrl\":\"https:\\\/\\\/i0.wp.com\\\/culturesco.com\\\/wp-content\\\/uploads\\\/2018\\\/10\\\/gene-vincent-1.jpg?fit=600%2C314&ssl=1\",\"datePublished\":\"2018-10-12T07:57:37+00:00\",\"dateModified\":\"2019-06-22T13:24:52+00:00\",\"description\":\"CulturesCo | L'histoire de Gene Vincent : r\u00e9alit\u00e9 ou mauvais sc\u00e9nario? Le succ\u00e8s, l'accident, la perte de son ami Eddie Cochran et la d\u00e9b\u00e2cle\",\"breadcrumb\":{\"@id\":\"https:\\\/\\\/culturesco.com\\\/index.php\\\/2018\\\/10\\\/12\\\/gene-vincent-hommage-race-with-the-devil\\\/#breadcrumb\"},\"inLanguage\":\"fr-FR\",\"potentialAction\":[{\"@type\":\"ReadAction\",\"target\":[\"https:\\\/\\\/culturesco.com\\\/index.php\\\/2018\\\/10\\\/12\\\/gene-vincent-hommage-race-with-the-devil\\\/\"]}]},{\"@type\":\"ImageObject\",\"inLanguage\":\"fr-FR\",\"@id\":\"https:\\\/\\\/culturesco.com\\\/index.php\\\/2018\\\/10\\\/12\\\/gene-vincent-hommage-race-with-the-devil\\\/#primaryimage\",\"url\":\"https:\\\/\\\/i0.wp.com\\\/culturesco.com\\\/wp-content\\\/uploads\\\/2018\\\/10\\\/gene-vincent-1.jpg?fit=600%2C314&ssl=1\",\"contentUrl\":\"https:\\\/\\\/i0.wp.com\\\/culturesco.com\\\/wp-content\\\/uploads\\\/2018\\\/10\\\/gene-vincent-1.jpg?fit=600%2C314&ssl=1\",\"width\":600,\"height\":314,\"caption\":\"gene vincent\"},{\"@type\":\"BreadcrumbList\",\"@id\":\"https:\\\/\\\/culturesco.com\\\/index.php\\\/2018\\\/10\\\/12\\\/gene-vincent-hommage-race-with-the-devil\\\/#breadcrumb\",\"itemListElement\":[{\"@type\":\"ListItem\",\"position\":1,\"name\":\"Accueil\",\"item\":\"https:\\\/\\\/culturesco.com\\\/\"},{\"@type\":\"ListItem\",\"position\":2,\"name\":\"Gene Vincent Tribute &#8211; Race With the Devil\"}]},{\"@type\":\"WebSite\",\"@id\":\"https:\\\/\\\/culturesco.com\\\/#website\",\"url\":\"https:\\\/\\\/culturesco.com\\\/\",\"name\":\"Culturesco\",\"description\":\"Culturesco | Un bon coup de pied dans ta Culture\",\"publisher\":{\"@id\":\"https:\\\/\\\/culturesco.com\\\/#organization\"},\"potentialAction\":[{\"@type\":\"SearchAction\",\"target\":{\"@type\":\"EntryPoint\",\"urlTemplate\":\"https:\\\/\\\/culturesco.com\\\/?s={search_term_string}\"},\"query-input\":{\"@type\":\"PropertyValueSpecification\",\"valueRequired\":true,\"valueName\":\"search_term_string\"}}],\"inLanguage\":\"fr-FR\"},{\"@type\":\"Organization\",\"@id\":\"https:\\\/\\\/culturesco.com\\\/#organization\",\"name\":\"CULTURESCO\",\"url\":\"https:\\\/\\\/culturesco.com\\\/\",\"logo\":{\"@type\":\"ImageObject\",\"inLanguage\":\"fr-FR\",\"@id\":\"https:\\\/\\\/culturesco.com\\\/#\\\/schema\\\/logo\\\/image\\\/\",\"url\":\"https:\\\/\\\/i0.wp.com\\\/culturesco.com\\\/wp-content\\\/uploads\\\/2022\\\/04\\\/culturesco-logo-blanc250p.png?fit=250%2C250&ssl=1\",\"contentUrl\":\"https:\\\/\\\/i0.wp.com\\\/culturesco.com\\\/wp-content\\\/uploads\\\/2022\\\/04\\\/culturesco-logo-blanc250p.png?fit=250%2C250&ssl=1\",\"width\":250,\"height\":250,\"caption\":\"CULTURESCO\"},\"image\":{\"@id\":\"https:\\\/\\\/culturesco.com\\\/#\\\/schema\\\/logo\\\/image\\\/\"},\"sameAs\":[\"https:\\\/\\\/www.facebook.com\\\/radioculturesco\",\"https:\\\/\\\/x.com\\\/AugusteMarshal\",\"https:\\\/\\\/www.instagram.com\\\/carotte_rock_culture\\\/\",\"https:\\\/\\\/www.pinterest.fr\\\/augustemarshal\\\/\",\"https:\\\/\\\/www.youtube.com\\\/channel\\\/UCiWLGffqWSXlNnfzp6YwwyQ\"]},{\"@type\":\"Person\",\"@id\":\"https:\\\/\\\/culturesco.com\\\/#\\\/schema\\\/person\\\/308502c77dc8b99e12c725a9cf6edd7b\",\"name\":\"Etienne FLT\",\"image\":{\"@type\":\"ImageObject\",\"inLanguage\":\"fr-FR\",\"@id\":\"https:\\\/\\\/i0.wp.com\\\/culturesco.com\\\/wp-content\\\/uploads\\\/2019\\\/01\\\/etienne.jpg?fit=90%2C96&ssl=1\",\"url\":\"https:\\\/\\\/i0.wp.com\\\/culturesco.com\\\/wp-content\\\/uploads\\\/2019\\\/01\\\/etienne.jpg?fit=90%2C96&ssl=1\",\"contentUrl\":\"https:\\\/\\\/i0.wp.com\\\/culturesco.com\\\/wp-content\\\/uploads\\\/2019\\\/01\\\/etienne.jpg?fit=90%2C96&ssl=1\",\"caption\":\"Etienne FLT\"},\"description\":\"Etienne FLT - Passionn\u00e9 des p\u00e9riodes Rock Fifties et Punk - Chroniqueur CulturesCo\",\"url\":\"https:\\\/\\\/culturesco.com\\\/index.php\\\/author\\\/etienne-flt\\\/\"}]}<\/script>\n<!-- \/ Yoast SEO plugin. -->","yoast_head_json":{"title":"Gene Vincent Tribute - Race With the Devil - Culturesco","description":"CulturesCo | L'histoire de Gene Vincent : r\u00e9alit\u00e9 ou mauvais sc\u00e9nario? Le succ\u00e8s, l'accident, la perte de son ami Eddie Cochran et la d\u00e9b\u00e2cle","robots":{"index":"index","follow":"follow","max-snippet":"max-snippet:-1","max-image-preview":"max-image-preview:large","max-video-preview":"max-video-preview:-1"},"canonical":"https:\/\/culturesco.com\/index.php\/2018\/10\/12\/gene-vincent-hommage-race-with-the-devil\/","og_locale":"fr_FR","og_type":"article","og_title":"Gene Vincent Tribute - Race With the Devil - Culturesco","og_description":"CulturesCo | L'histoire de Gene Vincent : r\u00e9alit\u00e9 ou mauvais sc\u00e9nario? Le succ\u00e8s, l'accident, la perte de son ami Eddie Cochran et la d\u00e9b\u00e2cle","og_url":"https:\/\/culturesco.com\/index.php\/2018\/10\/12\/gene-vincent-hommage-race-with-the-devil\/","og_site_name":"Culturesco","article_publisher":"https:\/\/www.facebook.com\/radioculturesco","article_published_time":"2018-10-12T07:57:37+00:00","article_modified_time":"2019-06-22T13:24:52+00:00","og_image":[{"width":600,"height":314,"url":"https:\/\/i0.wp.com\/culturesco.com\/wp-content\/uploads\/2018\/10\/gene-vincent-1.jpg?fit=600%2C314&ssl=1","type":"image\/jpeg"}],"author":"Etienne FLT","twitter_card":"summary_large_image","twitter_creator":"@AugusteMarshal","twitter_site":"@AugusteMarshal","twitter_misc":{"\u00c9crit par":"Etienne FLT","Dur\u00e9e de lecture estim\u00e9e":"2 minutes"},"schema":{"@context":"https:\/\/schema.org","@graph":[{"@type":"Article","@id":"https:\/\/culturesco.com\/index.php\/2018\/10\/12\/gene-vincent-hommage-race-with-the-devil\/#article","isPartOf":{"@id":"https:\/\/culturesco.com\/index.php\/2018\/10\/12\/gene-vincent-hommage-race-with-the-devil\/"},"author":{"name":"Etienne FLT","@id":"https:\/\/culturesco.com\/#\/schema\/person\/308502c77dc8b99e12c725a9cf6edd7b"},"headline":"Gene Vincent Tribute &#8211; Race With the Devil","datePublished":"2018-10-12T07:57:37+00:00","dateModified":"2019-06-22T13:24:52+00:00","mainEntityOfPage":{"@id":"https:\/\/culturesco.com\/index.php\/2018\/10\/12\/gene-vincent-hommage-race-with-the-devil\/"},"wordCount":494,"commentCount":2,"publisher":{"@id":"https:\/\/culturesco.com\/#organization"},"image":{"@id":"https:\/\/culturesco.com\/index.php\/2018\/10\/12\/gene-vincent-hommage-race-with-the-devil\/#primaryimage"},"thumbnailUrl":"https:\/\/i0.wp.com\/culturesco.com\/wp-content\/uploads\/2018\/10\/gene-vincent-1.jpg?fit=600%2C314&ssl=1","keywords":["classic rock"],"articleSection":["Carotte Rock Cultures","Histoire du rock"],"inLanguage":"fr-FR","potentialAction":[{"@type":"CommentAction","name":"Comment","target":["https:\/\/culturesco.com\/index.php\/2018\/10\/12\/gene-vincent-hommage-race-with-the-devil\/#respond"]}]},{"@type":"WebPage","@id":"https:\/\/culturesco.com\/index.php\/2018\/10\/12\/gene-vincent-hommage-race-with-the-devil\/","url":"https:\/\/culturesco.com\/index.php\/2018\/10\/12\/gene-vincent-hommage-race-with-the-devil\/","name":"Gene Vincent Tribute - Race With the Devil - Culturesco","isPartOf":{"@id":"https:\/\/culturesco.com\/#website"},"primaryImageOfPage":{"@id":"https:\/\/culturesco.com\/index.php\/2018\/10\/12\/gene-vincent-hommage-race-with-the-devil\/#primaryimage"},"image":{"@id":"https:\/\/culturesco.com\/index.php\/2018\/10\/12\/gene-vincent-hommage-race-with-the-devil\/#primaryimage"},"thumbnailUrl":"https:\/\/i0.wp.com\/culturesco.com\/wp-content\/uploads\/2018\/10\/gene-vincent-1.jpg?fit=600%2C314&ssl=1","datePublished":"2018-10-12T07:57:37+00:00","dateModified":"2019-06-22T13:24:52+00:00","description":"CulturesCo | L'histoire de Gene Vincent : r\u00e9alit\u00e9 ou mauvais sc\u00e9nario? Le succ\u00e8s, l'accident, la perte de son ami Eddie Cochran et la d\u00e9b\u00e2cle","breadcrumb":{"@id":"https:\/\/culturesco.com\/index.php\/2018\/10\/12\/gene-vincent-hommage-race-with-the-devil\/#breadcrumb"},"inLanguage":"fr-FR","potentialAction":[{"@type":"ReadAction","target":["https:\/\/culturesco.com\/index.php\/2018\/10\/12\/gene-vincent-hommage-race-with-the-devil\/"]}]},{"@type":"ImageObject","inLanguage":"fr-FR","@id":"https:\/\/culturesco.com\/index.php\/2018\/10\/12\/gene-vincent-hommage-race-with-the-devil\/#primaryimage","url":"https:\/\/i0.wp.com\/culturesco.com\/wp-content\/uploads\/2018\/10\/gene-vincent-1.jpg?fit=600%2C314&ssl=1","contentUrl":"https:\/\/i0.wp.com\/culturesco.com\/wp-content\/uploads\/2018\/10\/gene-vincent-1.jpg?fit=600%2C314&ssl=1","width":600,"height":314,"caption":"gene vincent"},{"@type":"BreadcrumbList","@id":"https:\/\/culturesco.com\/index.php\/2018\/10\/12\/gene-vincent-hommage-race-with-the-devil\/#breadcrumb","itemListElement":[{"@type":"ListItem","position":1,"name":"Accueil","item":"https:\/\/culturesco.com\/"},{"@type":"ListItem","position":2,"name":"Gene Vincent Tribute &#8211; Race With the Devil"}]},{"@type":"WebSite","@id":"https:\/\/culturesco.com\/#website","url":"https:\/\/culturesco.com\/","name":"Culturesco","description":"Culturesco | Un bon coup de pied dans ta Culture","publisher":{"@id":"https:\/\/culturesco.com\/#organization"},"potentialAction":[{"@type":"SearchAction","target":{"@type":"EntryPoint","urlTemplate":"https:\/\/culturesco.com\/?s={search_term_string}"},"query-input":{"@type":"PropertyValueSpecification","valueRequired":true,"valueName":"search_term_string"}}],"inLanguage":"fr-FR"},{"@type":"Organization","@id":"https:\/\/culturesco.com\/#organization","name":"CULTURESCO","url":"https:\/\/culturesco.com\/","logo":{"@type":"ImageObject","inLanguage":"fr-FR","@id":"https:\/\/culturesco.com\/#\/schema\/logo\/image\/","url":"https:\/\/i0.wp.com\/culturesco.com\/wp-content\/uploads\/2022\/04\/culturesco-logo-blanc250p.png?fit=250%2C250&ssl=1","contentUrl":"https:\/\/i0.wp.com\/culturesco.com\/wp-content\/uploads\/2022\/04\/culturesco-logo-blanc250p.png?fit=250%2C250&ssl=1","width":250,"height":250,"caption":"CULTURESCO"},"image":{"@id":"https:\/\/culturesco.com\/#\/schema\/logo\/image\/"},"sameAs":["https:\/\/www.facebook.com\/radioculturesco","https:\/\/x.com\/AugusteMarshal","https:\/\/www.instagram.com\/carotte_rock_culture\/","https:\/\/www.pinterest.fr\/augustemarshal\/","https:\/\/www.youtube.com\/channel\/UCiWLGffqWSXlNnfzp6YwwyQ"]},{"@type":"Person","@id":"https:\/\/culturesco.com\/#\/schema\/person\/308502c77dc8b99e12c725a9cf6edd7b","name":"Etienne FLT","image":{"@type":"ImageObject","inLanguage":"fr-FR","@id":"https:\/\/i0.wp.com\/culturesco.com\/wp-content\/uploads\/2019\/01\/etienne.jpg?fit=90%2C96&ssl=1","url":"https:\/\/i0.wp.com\/culturesco.com\/wp-content\/uploads\/2019\/01\/etienne.jpg?fit=90%2C96&ssl=1","contentUrl":"https:\/\/i0.wp.com\/culturesco.com\/wp-content\/uploads\/2019\/01\/etienne.jpg?fit=90%2C96&ssl=1","caption":"Etienne FLT"},"description":"Etienne FLT - Passionn\u00e9 des p\u00e9riodes Rock Fifties et Punk - Chroniqueur CulturesCo","url":"https:\/\/culturesco.com\/index.php\/author\/etienne-flt\/"}]}},"jetpack_featured_media_url":"https:\/\/i0.wp.com\/culturesco.com\/wp-content\/uploads\/2018\/10\/gene-vincent-1.jpg?fit=600%2C314&ssl=1","jetpack_likes_enabled":true,"jetpack_sharing_enabled":true,"jetpack_shortlink":"https:\/\/wp.me\/paz89I-bg","_links":{"self":[{"href":"https:\/\/culturesco.com\/index.php\/wp-json\/wp\/v2\/posts\/698","targetHints":{"allow":["GET"]}}],"collection":[{"href":"https:\/\/culturesco.com\/index.php\/wp-json\/wp\/v2\/posts"}],"about":[{"href":"https:\/\/culturesco.com\/index.php\/wp-json\/wp\/v2\/types\/post"}],"author":[{"embeddable":true,"href":"https:\/\/culturesco.com\/index.php\/wp-json\/wp\/v2\/users\/5"}],"replies":[{"embeddable":true,"href":"https:\/\/culturesco.com\/index.php\/wp-json\/wp\/v2\/comments?post=698"}],"version-history":[{"count":0,"href":"https:\/\/culturesco.com\/index.php\/wp-json\/wp\/v2\/posts\/698\/revisions"}],"wp:featuredmedia":[{"embeddable":true,"href":"https:\/\/culturesco.com\/index.php\/wp-json\/wp\/v2\/media\/6881"}],"wp:attachment":[{"href":"https:\/\/culturesco.com\/index.php\/wp-json\/wp\/v2\/media?parent=698"}],"wp:term":[{"taxonomy":"category","embeddable":true,"href":"https:\/\/culturesco.com\/index.php\/wp-json\/wp\/v2\/categories?post=698"},{"taxonomy":"post_tag","embeddable":true,"href":"https:\/\/culturesco.com\/index.php\/wp-json\/wp\/v2\/tags?post=698"}],"curies":[{"name":"wp","href":"https:\/\/api.w.org\/{rel}","templated":true}]}}