{"id":6772,"date":"2019-06-17T09:42:04","date_gmt":"2019-06-17T07:42:04","guid":{"rendered":"https:\/\/culturesco.com\/?p=6772"},"modified":"2019-06-21T11:52:04","modified_gmt":"2019-06-21T09:52:04","slug":"mylene-farmer-rend-hommage-dans-ses-chansons-aux-poetes-baudelaire-rimbaud-edgar-poe-junger-melville","status":"publish","type":"post","link":"https:\/\/culturesco.com\/index.php\/2019\/06\/17\/mylene-farmer-rend-hommage-dans-ses-chansons-aux-poetes-baudelaire-rimbaud-edgar-poe-junger-melville\/","title":{"rendered":"Myl\u00e8ne Farmer&#8230; ses hommages \u00e0 Baudelaire , Rimbaud et Edgar Poe"},"content":{"rendered":"<h2>Un tout nouveau livre, \u00e9rudit et document\u00e9<\/h2>\n<h3>pour comprendre Baudelaire, Rimbaud, Poe, J\u00fcnger et Melville<\/h3>\n<p style=\"text-align: justify;\">Baudelaire, Edgar Poe, Rimbaud\u2026\u00a0Les commentateurs n&rsquo;ont pas fini de sonder le message de ces trois g\u00e9nies, unis par un rapport d&rsquo;influence qui lui aussi d\u00e9fie l&rsquo;analyse. Les francs hommages que <strong>Myl\u00e8ne Farmer<\/strong> leur a rendus dans ses albums apportent une lumi\u00e8re nouvelle sur ce message. Si la \u00ab voyance \u00bb de Rimbaud et de son Dieu Baudelaire concerne le devenir de notre monde, elle se renouvelle dans les anamorphoses que Myl\u00e8ne, en suivant son intuition, fait subir \u00e0 leurs oeuvres, sans en imiter ni le contenu ni les formes.<\/p>\n<figure id=\"attachment_6773\" aria-describedby=\"caption-attachment-6773\" style=\"width: 210px\" class=\"wp-caption aligncenter\"><a href=\"https:\/\/amzn.to\/2XYNK5O\"><img data-recalc-dims=\"1\" loading=\"lazy\" decoding=\"async\" class=\"wp-image-6773 size-medium\" src=\"https:\/\/i0.wp.com\/culturesco.com\/wp-content\/uploads\/2019\/06\/51KryeL0qyL__SX348_BO1204203200_.jpg?resize=210%2C300&#038;ssl=1\" alt=\"mylene farmer\" width=\"210\" height=\"300\" \/><\/a><figcaption id=\"caption-attachment-6773\" class=\"wp-caption-text\">Myl\u00e8ne Farmer\u2026 pour comprendre Baudelaire, Rimbaud, Poe, J\u00fcnger et Melville &#8211; hommages<\/figcaption><\/figure>\n<h3>Myl\u00e8ne Farmer &#8230; pour comprendre Baudelaire, Rimbaud, Poe, J\u00fcnger et Melville<\/h3>\n<p style=\"text-align: justify;\">Ce ph\u00e9nom\u00e8ne, d\u00e9j\u00e0 d\u00e9routant pour les fans de <a href=\"https:\/\/culturesco.com\/index.php\/2019\/06\/17\/mylene-farmer-la-star-venue-du-froid\/\" target=\"_blank\" rel=\"noopener noreferrer\">Myl\u00e8ne<\/a>, risque d&rsquo;\u00e9tonner les ex\u00e9g\u00e8tes de ces po\u00e8tes auxquels on peut associer Ernst J\u00fcnger, qui les a lui-m\u00eame si bien lus, mais encore Herman Melville, qui fut un mod\u00e8le de J\u00fcnger.<\/p>\n<p><a href=\"https:\/\/amzn.to\/2XYNK5O\" target=\"_blank\" rel=\"noopener noreferrer\">LE LIVRE DE MICHEL AROUIMI<\/a> hommages de Myl\u00e8ne Farmer aux po\u00e8tes<\/p>\n<h3>L&rsquo;auteur<\/h3>\n<p style=\"text-align: justify;\"><strong>Michel Arouimi <\/strong>est universitaire, ses travaux de comparatiste sur de nombreux \u00e9crivains majeurs, soulignent l&rsquo;analogie de leurs oeuvres avec la forme et le contenu de l&rsquo;Apocalypse, parmi d&rsquo;autres textes sacr\u00e9s impliquant le probl\u00e8me de la violence humaine. Cette recherche, objet d&rsquo;une dizaine d&rsquo;ouvrages, s&rsquo;est \u00e9tendue \u00e0 d&rsquo;autres domaines, comme le cin\u00e9ma contemporain ou la musique pop. <a href=\"https:\/\/www.amazon.fr\/ROLLING-STONES-art-total\/dp\/2357797983\/ref=sr_1_1?__mk_fr_FR=%C3%85M%C3%85%C5%BD%C3%95%C3%91&amp;keywords=rolling+arouimi&amp;qid=1560757232&amp;s=gateway&amp;sr=8-1\">L&rsquo;imagerie provocante des Rolling Stones<\/a> et de Myl\u00e8ne Farmer, \u00e9tudi\u00e9e par M. Arouimi dans deux ouvrages, est adapt\u00e9e aux textes chant\u00e9s, dont M. Arouimi montre la densit\u00e9 dans des analyses tr\u00e8s fouill\u00e9es. Pratiqu\u00e9 sur Fran\u00e7oise Hardy ou sur <a href=\"https:\/\/www.amazon.fr\/gp\/offer-listing\/235779884X\/ref=tmm_pap_new_olp_0?ie=UTF8&amp;condition=new&amp;qid=1560757270&amp;sr=8-1\">Christophe<\/a> dans deux autres ouvrages, ce d\u00e9cryptage po\u00e9tique se justifie comme une mise au jour des r\u00e8gles de l&rsquo;art universel, pressenties dans les textes autant que dans les vid\u00e9os clips ou la simple imagerie des albums.<\/p>\n","protected":false},"excerpt":{"rendered":"<p>Un tout nouveau livre, \u00e9rudit et document\u00e9 pour comprendre Baudelaire, Rimbaud, Poe, J\u00fcnger et Melville Baudelaire, Edgar Poe, Rimbaud\u2026\u00a0Les commentateurs n&rsquo;ont pas fini de sonder le message de ces trois g\u00e9nies, unis par un rapport d&rsquo;influence qui lui aussi d\u00e9fie l&rsquo;analyse. Les francs hommages que Myl\u00e8ne Farmer leur a rendus dans ses albums apportent une [&hellip;]<\/p>\n","protected":false},"author":2,"featured_media":6773,"comment_status":"open","ping_status":"closed","sticky":false,"template":"","format":"image","meta":{"jetpack_post_was_ever_published":false,"tdm_status":"","tdm_grid_status":"","_jetpack_newsletter_access":"","_jetpack_dont_email_post_to_subs":false,"_jetpack_newsletter_tier_id":0,"_jetpack_memberships_contains_paywalled_content":false,"_jetpack_memberships_contains_paid_content":false,"footnotes":""},"categories":[23,27],"tags":[42],"class_list":{"0":"post-6772","1":"post","2":"type-post","3":"status-publish","4":"format-image","5":"has-post-thumbnail","7":"category-chroniques-litteraires","8":"category-litterature","9":"tag-litterature","10":"post_format-post-format-image"},"yoast_head":"<!-- This site is optimized with the Yoast SEO plugin v27.5 - https:\/\/yoast.com\/product\/yoast-seo-wordpress\/ -->\n<title>Myl\u00e8ne Farmer... ses hommages \u00e0 Baudelaire , Rimbaud et Edgar Poe - Culturesco<\/title>\n<meta name=\"description\" content=\"CulturesCo | Les hommages de Myl\u00e8ne Farmer \u00e0 Baudelaire, Rimaud, Edar Poe, J\u00fcnger et Melville mis en lumi\u00e8re dans un livre de MICHEL AROUIMI\" \/>\n<meta name=\"robots\" content=\"index, follow, max-snippet:-1, max-image-preview:large, max-video-preview:-1\" \/>\n<link rel=\"canonical\" href=\"https:\/\/culturesco.com\/index.php\/2019\/06\/17\/mylene-farmer-rend-hommage-dans-ses-chansons-aux-poetes-baudelaire-rimbaud-edgar-poe-junger-melville\/\" \/>\n<meta property=\"og:locale\" content=\"fr_FR\" \/>\n<meta property=\"og:type\" content=\"article\" \/>\n<meta property=\"og:title\" content=\"Myl\u00e8ne Farmer... ses hommages \u00e0 Baudelaire , Rimbaud et Edgar Poe - Culturesco\" \/>\n<meta property=\"og:description\" content=\"CulturesCo | Les hommages de Myl\u00e8ne Farmer \u00e0 Baudelaire, Rimaud, Edar Poe, J\u00fcnger et Melville mis en lumi\u00e8re dans un livre de MICHEL AROUIMI\" \/>\n<meta property=\"og:url\" content=\"https:\/\/culturesco.com\/index.php\/2019\/06\/17\/mylene-farmer-rend-hommage-dans-ses-chansons-aux-poetes-baudelaire-rimbaud-edgar-poe-junger-melville\/\" \/>\n<meta property=\"og:site_name\" content=\"Culturesco\" \/>\n<meta property=\"article:publisher\" content=\"https:\/\/www.facebook.com\/radioculturesco\" \/>\n<meta property=\"article:published_time\" content=\"2019-06-17T07:42:04+00:00\" \/>\n<meta property=\"article:modified_time\" content=\"2019-06-21T09:52:04+00:00\" \/>\n<meta property=\"og:image\" content=\"https:\/\/i1.wp.com\/culturesco.com\/wp-content\/uploads\/2019\/06\/51KryeL0qyL__SX348_BO1204203200_-e1561110303357.jpg?fit=210%2C300&ssl=1\" \/>\n\t<meta property=\"og:image:width\" content=\"210\" \/>\n\t<meta property=\"og:image:height\" content=\"300\" \/>\n\t<meta property=\"og:image:type\" content=\"image\/jpeg\" \/>\n<meta name=\"author\" content=\"Daniel Lesueur\" \/>\n<meta name=\"twitter:card\" content=\"summary_large_image\" \/>\n<meta name=\"twitter:creator\" content=\"@AugusteMarshal\" \/>\n<meta name=\"twitter:site\" content=\"@AugusteMarshal\" \/>\n<meta name=\"twitter:label1\" content=\"\u00c9crit par\" \/>\n\t<meta name=\"twitter:data1\" content=\"Daniel Lesueur\" \/>\n\t<meta name=\"twitter:label2\" content=\"Dur\u00e9e de lecture estim\u00e9e\" \/>\n\t<meta name=\"twitter:data2\" content=\"2 minutes\" \/>\n<script type=\"application\/ld+json\" class=\"yoast-schema-graph\">{\"@context\":\"https:\\\/\\\/schema.org\",\"@graph\":[{\"@type\":\"Article\",\"@id\":\"https:\\\/\\\/culturesco.com\\\/index.php\\\/2019\\\/06\\\/17\\\/mylene-farmer-rend-hommage-dans-ses-chansons-aux-poetes-baudelaire-rimbaud-edgar-poe-junger-melville\\\/#article\",\"isPartOf\":{\"@id\":\"https:\\\/\\\/culturesco.com\\\/index.php\\\/2019\\\/06\\\/17\\\/mylene-farmer-rend-hommage-dans-ses-chansons-aux-poetes-baudelaire-rimbaud-edgar-poe-junger-melville\\\/\"},\"author\":{\"name\":\"Daniel Lesueur\",\"@id\":\"https:\\\/\\\/culturesco.com\\\/#\\\/schema\\\/person\\\/716087cb1b01edf85084af2d12096a8f\"},\"headline\":\"Myl\u00e8ne Farmer&#8230; ses hommages \u00e0 Baudelaire , Rimbaud et Edgar Poe\",\"datePublished\":\"2019-06-17T07:42:04+00:00\",\"dateModified\":\"2019-06-21T09:52:04+00:00\",\"mainEntityOfPage\":{\"@id\":\"https:\\\/\\\/culturesco.com\\\/index.php\\\/2019\\\/06\\\/17\\\/mylene-farmer-rend-hommage-dans-ses-chansons-aux-poetes-baudelaire-rimbaud-edgar-poe-junger-melville\\\/\"},\"wordCount\":373,\"commentCount\":0,\"publisher\":{\"@id\":\"https:\\\/\\\/culturesco.com\\\/#organization\"},\"image\":{\"@id\":\"https:\\\/\\\/culturesco.com\\\/index.php\\\/2019\\\/06\\\/17\\\/mylene-farmer-rend-hommage-dans-ses-chansons-aux-poetes-baudelaire-rimbaud-edgar-poe-junger-melville\\\/#primaryimage\"},\"thumbnailUrl\":\"https:\\\/\\\/i0.wp.com\\\/culturesco.com\\\/wp-content\\\/uploads\\\/2019\\\/06\\\/51KryeL0qyL__SX348_BO1204203200_-e1561110303357.jpg?fit=210%2C300&ssl=1\",\"keywords\":[\"litt\u00e9rature\"],\"articleSection\":[\"Chroniques litt\u00e9raires\",\"Litt\u00e9rature\"],\"inLanguage\":\"fr-FR\",\"potentialAction\":[{\"@type\":\"CommentAction\",\"name\":\"Comment\",\"target\":[\"https:\\\/\\\/culturesco.com\\\/index.php\\\/2019\\\/06\\\/17\\\/mylene-farmer-rend-hommage-dans-ses-chansons-aux-poetes-baudelaire-rimbaud-edgar-poe-junger-melville\\\/#respond\"]}]},{\"@type\":\"WebPage\",\"@id\":\"https:\\\/\\\/culturesco.com\\\/index.php\\\/2019\\\/06\\\/17\\\/mylene-farmer-rend-hommage-dans-ses-chansons-aux-poetes-baudelaire-rimbaud-edgar-poe-junger-melville\\\/\",\"url\":\"https:\\\/\\\/culturesco.com\\\/index.php\\\/2019\\\/06\\\/17\\\/mylene-farmer-rend-hommage-dans-ses-chansons-aux-poetes-baudelaire-rimbaud-edgar-poe-junger-melville\\\/\",\"name\":\"Myl\u00e8ne Farmer... ses hommages \u00e0 Baudelaire , Rimbaud et Edgar Poe - Culturesco\",\"isPartOf\":{\"@id\":\"https:\\\/\\\/culturesco.com\\\/#website\"},\"primaryImageOfPage\":{\"@id\":\"https:\\\/\\\/culturesco.com\\\/index.php\\\/2019\\\/06\\\/17\\\/mylene-farmer-rend-hommage-dans-ses-chansons-aux-poetes-baudelaire-rimbaud-edgar-poe-junger-melville\\\/#primaryimage\"},\"image\":{\"@id\":\"https:\\\/\\\/culturesco.com\\\/index.php\\\/2019\\\/06\\\/17\\\/mylene-farmer-rend-hommage-dans-ses-chansons-aux-poetes-baudelaire-rimbaud-edgar-poe-junger-melville\\\/#primaryimage\"},\"thumbnailUrl\":\"https:\\\/\\\/i0.wp.com\\\/culturesco.com\\\/wp-content\\\/uploads\\\/2019\\\/06\\\/51KryeL0qyL__SX348_BO1204203200_-e1561110303357.jpg?fit=210%2C300&ssl=1\",\"datePublished\":\"2019-06-17T07:42:04+00:00\",\"dateModified\":\"2019-06-21T09:52:04+00:00\",\"description\":\"CulturesCo | Les hommages de Myl\u00e8ne Farmer \u00e0 Baudelaire, Rimaud, Edar Poe, J\u00fcnger et Melville mis en lumi\u00e8re dans un livre de MICHEL AROUIMI\",\"breadcrumb\":{\"@id\":\"https:\\\/\\\/culturesco.com\\\/index.php\\\/2019\\\/06\\\/17\\\/mylene-farmer-rend-hommage-dans-ses-chansons-aux-poetes-baudelaire-rimbaud-edgar-poe-junger-melville\\\/#breadcrumb\"},\"inLanguage\":\"fr-FR\",\"potentialAction\":[{\"@type\":\"ReadAction\",\"target\":[\"https:\\\/\\\/culturesco.com\\\/index.php\\\/2019\\\/06\\\/17\\\/mylene-farmer-rend-hommage-dans-ses-chansons-aux-poetes-baudelaire-rimbaud-edgar-poe-junger-melville\\\/\"]}]},{\"@type\":\"ImageObject\",\"inLanguage\":\"fr-FR\",\"@id\":\"https:\\\/\\\/culturesco.com\\\/index.php\\\/2019\\\/06\\\/17\\\/mylene-farmer-rend-hommage-dans-ses-chansons-aux-poetes-baudelaire-rimbaud-edgar-poe-junger-melville\\\/#primaryimage\",\"url\":\"https:\\\/\\\/i0.wp.com\\\/culturesco.com\\\/wp-content\\\/uploads\\\/2019\\\/06\\\/51KryeL0qyL__SX348_BO1204203200_-e1561110303357.jpg?fit=210%2C300&ssl=1\",\"contentUrl\":\"https:\\\/\\\/i0.wp.com\\\/culturesco.com\\\/wp-content\\\/uploads\\\/2019\\\/06\\\/51KryeL0qyL__SX348_BO1204203200_-e1561110303357.jpg?fit=210%2C300&ssl=1\",\"width\":210,\"height\":300,\"caption\":\"Myl\u00e8ne Farmer\u2026 pour comprendre Baudelaire, Rimbaud, Poe, J\u00fcnger et Melville\"},{\"@type\":\"BreadcrumbList\",\"@id\":\"https:\\\/\\\/culturesco.com\\\/index.php\\\/2019\\\/06\\\/17\\\/mylene-farmer-rend-hommage-dans-ses-chansons-aux-poetes-baudelaire-rimbaud-edgar-poe-junger-melville\\\/#breadcrumb\",\"itemListElement\":[{\"@type\":\"ListItem\",\"position\":1,\"name\":\"Accueil\",\"item\":\"https:\\\/\\\/culturesco.com\\\/\"},{\"@type\":\"ListItem\",\"position\":2,\"name\":\"Myl\u00e8ne Farmer&#8230; ses hommages \u00e0 Baudelaire , Rimbaud et Edgar Poe\"}]},{\"@type\":\"WebSite\",\"@id\":\"https:\\\/\\\/culturesco.com\\\/#website\",\"url\":\"https:\\\/\\\/culturesco.com\\\/\",\"name\":\"Culturesco\",\"description\":\"Culturesco | Un bon coup de pied dans ta Culture\",\"publisher\":{\"@id\":\"https:\\\/\\\/culturesco.com\\\/#organization\"},\"potentialAction\":[{\"@type\":\"SearchAction\",\"target\":{\"@type\":\"EntryPoint\",\"urlTemplate\":\"https:\\\/\\\/culturesco.com\\\/?s={search_term_string}\"},\"query-input\":{\"@type\":\"PropertyValueSpecification\",\"valueRequired\":true,\"valueName\":\"search_term_string\"}}],\"inLanguage\":\"fr-FR\"},{\"@type\":\"Organization\",\"@id\":\"https:\\\/\\\/culturesco.com\\\/#organization\",\"name\":\"CULTURESCO\",\"url\":\"https:\\\/\\\/culturesco.com\\\/\",\"logo\":{\"@type\":\"ImageObject\",\"inLanguage\":\"fr-FR\",\"@id\":\"https:\\\/\\\/culturesco.com\\\/#\\\/schema\\\/logo\\\/image\\\/\",\"url\":\"https:\\\/\\\/i0.wp.com\\\/culturesco.com\\\/wp-content\\\/uploads\\\/2022\\\/04\\\/culturesco-logo-blanc250p.png?fit=250%2C250&ssl=1\",\"contentUrl\":\"https:\\\/\\\/i0.wp.com\\\/culturesco.com\\\/wp-content\\\/uploads\\\/2022\\\/04\\\/culturesco-logo-blanc250p.png?fit=250%2C250&ssl=1\",\"width\":250,\"height\":250,\"caption\":\"CULTURESCO\"},\"image\":{\"@id\":\"https:\\\/\\\/culturesco.com\\\/#\\\/schema\\\/logo\\\/image\\\/\"},\"sameAs\":[\"https:\\\/\\\/www.facebook.com\\\/radioculturesco\",\"https:\\\/\\\/x.com\\\/AugusteMarshal\",\"https:\\\/\\\/www.instagram.com\\\/carotte_rock_culture\\\/\",\"https:\\\/\\\/www.pinterest.fr\\\/augustemarshal\\\/\",\"https:\\\/\\\/www.youtube.com\\\/channel\\\/UCiWLGffqWSXlNnfzp6YwwyQ\"]},{\"@type\":\"Person\",\"@id\":\"https:\\\/\\\/culturesco.com\\\/#\\\/schema\\\/person\\\/716087cb1b01edf85084af2d12096a8f\",\"name\":\"Daniel Lesueur\",\"image\":{\"@type\":\"ImageObject\",\"inLanguage\":\"fr-FR\",\"@id\":\"https:\\\/\\\/i0.wp.com\\\/culturesco.com\\\/wp-content\\\/uploads\\\/2018\\\/12\\\/lesueur.jpg?fit=96%2C89&ssl=1\",\"url\":\"https:\\\/\\\/i0.wp.com\\\/culturesco.com\\\/wp-content\\\/uploads\\\/2018\\\/12\\\/lesueur.jpg?fit=96%2C89&ssl=1\",\"contentUrl\":\"https:\\\/\\\/i0.wp.com\\\/culturesco.com\\\/wp-content\\\/uploads\\\/2018\\\/12\\\/lesueur.jpg?fit=96%2C89&ssl=1\",\"caption\":\"Daniel Lesueur\"},\"description\":\"\u00c9crivain - Directeur de collection chez Camion Blanc\",\"url\":\"https:\\\/\\\/culturesco.com\\\/index.php\\\/author\\\/daniel-lesueur\\\/\"}]}<\/script>\n<!-- \/ Yoast SEO plugin. -->","yoast_head_json":{"title":"Myl\u00e8ne Farmer... ses hommages \u00e0 Baudelaire , Rimbaud et Edgar Poe - Culturesco","description":"CulturesCo | Les hommages de Myl\u00e8ne Farmer \u00e0 Baudelaire, Rimaud, Edar Poe, J\u00fcnger et Melville mis en lumi\u00e8re dans un livre de MICHEL AROUIMI","robots":{"index":"index","follow":"follow","max-snippet":"max-snippet:-1","max-image-preview":"max-image-preview:large","max-video-preview":"max-video-preview:-1"},"canonical":"https:\/\/culturesco.com\/index.php\/2019\/06\/17\/mylene-farmer-rend-hommage-dans-ses-chansons-aux-poetes-baudelaire-rimbaud-edgar-poe-junger-melville\/","og_locale":"fr_FR","og_type":"article","og_title":"Myl\u00e8ne Farmer... ses hommages \u00e0 Baudelaire , Rimbaud et Edgar Poe - Culturesco","og_description":"CulturesCo | Les hommages de Myl\u00e8ne Farmer \u00e0 Baudelaire, Rimaud, Edar Poe, J\u00fcnger et Melville mis en lumi\u00e8re dans un livre de MICHEL AROUIMI","og_url":"https:\/\/culturesco.com\/index.php\/2019\/06\/17\/mylene-farmer-rend-hommage-dans-ses-chansons-aux-poetes-baudelaire-rimbaud-edgar-poe-junger-melville\/","og_site_name":"Culturesco","article_publisher":"https:\/\/www.facebook.com\/radioculturesco","article_published_time":"2019-06-17T07:42:04+00:00","article_modified_time":"2019-06-21T09:52:04+00:00","og_image":[{"width":210,"height":300,"url":"https:\/\/i1.wp.com\/culturesco.com\/wp-content\/uploads\/2019\/06\/51KryeL0qyL__SX348_BO1204203200_-e1561110303357.jpg?fit=210%2C300&ssl=1","type":"image\/jpeg"}],"author":"Daniel Lesueur","twitter_card":"summary_large_image","twitter_creator":"@AugusteMarshal","twitter_site":"@AugusteMarshal","twitter_misc":{"\u00c9crit par":"Daniel Lesueur","Dur\u00e9e de lecture estim\u00e9e":"2 minutes"},"schema":{"@context":"https:\/\/schema.org","@graph":[{"@type":"Article","@id":"https:\/\/culturesco.com\/index.php\/2019\/06\/17\/mylene-farmer-rend-hommage-dans-ses-chansons-aux-poetes-baudelaire-rimbaud-edgar-poe-junger-melville\/#article","isPartOf":{"@id":"https:\/\/culturesco.com\/index.php\/2019\/06\/17\/mylene-farmer-rend-hommage-dans-ses-chansons-aux-poetes-baudelaire-rimbaud-edgar-poe-junger-melville\/"},"author":{"name":"Daniel Lesueur","@id":"https:\/\/culturesco.com\/#\/schema\/person\/716087cb1b01edf85084af2d12096a8f"},"headline":"Myl\u00e8ne Farmer&#8230; ses hommages \u00e0 Baudelaire , Rimbaud et Edgar Poe","datePublished":"2019-06-17T07:42:04+00:00","dateModified":"2019-06-21T09:52:04+00:00","mainEntityOfPage":{"@id":"https:\/\/culturesco.com\/index.php\/2019\/06\/17\/mylene-farmer-rend-hommage-dans-ses-chansons-aux-poetes-baudelaire-rimbaud-edgar-poe-junger-melville\/"},"wordCount":373,"commentCount":0,"publisher":{"@id":"https:\/\/culturesco.com\/#organization"},"image":{"@id":"https:\/\/culturesco.com\/index.php\/2019\/06\/17\/mylene-farmer-rend-hommage-dans-ses-chansons-aux-poetes-baudelaire-rimbaud-edgar-poe-junger-melville\/#primaryimage"},"thumbnailUrl":"https:\/\/i0.wp.com\/culturesco.com\/wp-content\/uploads\/2019\/06\/51KryeL0qyL__SX348_BO1204203200_-e1561110303357.jpg?fit=210%2C300&ssl=1","keywords":["litt\u00e9rature"],"articleSection":["Chroniques litt\u00e9raires","Litt\u00e9rature"],"inLanguage":"fr-FR","potentialAction":[{"@type":"CommentAction","name":"Comment","target":["https:\/\/culturesco.com\/index.php\/2019\/06\/17\/mylene-farmer-rend-hommage-dans-ses-chansons-aux-poetes-baudelaire-rimbaud-edgar-poe-junger-melville\/#respond"]}]},{"@type":"WebPage","@id":"https:\/\/culturesco.com\/index.php\/2019\/06\/17\/mylene-farmer-rend-hommage-dans-ses-chansons-aux-poetes-baudelaire-rimbaud-edgar-poe-junger-melville\/","url":"https:\/\/culturesco.com\/index.php\/2019\/06\/17\/mylene-farmer-rend-hommage-dans-ses-chansons-aux-poetes-baudelaire-rimbaud-edgar-poe-junger-melville\/","name":"Myl\u00e8ne Farmer... ses hommages \u00e0 Baudelaire , Rimbaud et Edgar Poe - Culturesco","isPartOf":{"@id":"https:\/\/culturesco.com\/#website"},"primaryImageOfPage":{"@id":"https:\/\/culturesco.com\/index.php\/2019\/06\/17\/mylene-farmer-rend-hommage-dans-ses-chansons-aux-poetes-baudelaire-rimbaud-edgar-poe-junger-melville\/#primaryimage"},"image":{"@id":"https:\/\/culturesco.com\/index.php\/2019\/06\/17\/mylene-farmer-rend-hommage-dans-ses-chansons-aux-poetes-baudelaire-rimbaud-edgar-poe-junger-melville\/#primaryimage"},"thumbnailUrl":"https:\/\/i0.wp.com\/culturesco.com\/wp-content\/uploads\/2019\/06\/51KryeL0qyL__SX348_BO1204203200_-e1561110303357.jpg?fit=210%2C300&ssl=1","datePublished":"2019-06-17T07:42:04+00:00","dateModified":"2019-06-21T09:52:04+00:00","description":"CulturesCo | Les hommages de Myl\u00e8ne Farmer \u00e0 Baudelaire, Rimaud, Edar Poe, J\u00fcnger et Melville mis en lumi\u00e8re dans un livre de MICHEL AROUIMI","breadcrumb":{"@id":"https:\/\/culturesco.com\/index.php\/2019\/06\/17\/mylene-farmer-rend-hommage-dans-ses-chansons-aux-poetes-baudelaire-rimbaud-edgar-poe-junger-melville\/#breadcrumb"},"inLanguage":"fr-FR","potentialAction":[{"@type":"ReadAction","target":["https:\/\/culturesco.com\/index.php\/2019\/06\/17\/mylene-farmer-rend-hommage-dans-ses-chansons-aux-poetes-baudelaire-rimbaud-edgar-poe-junger-melville\/"]}]},{"@type":"ImageObject","inLanguage":"fr-FR","@id":"https:\/\/culturesco.com\/index.php\/2019\/06\/17\/mylene-farmer-rend-hommage-dans-ses-chansons-aux-poetes-baudelaire-rimbaud-edgar-poe-junger-melville\/#primaryimage","url":"https:\/\/i0.wp.com\/culturesco.com\/wp-content\/uploads\/2019\/06\/51KryeL0qyL__SX348_BO1204203200_-e1561110303357.jpg?fit=210%2C300&ssl=1","contentUrl":"https:\/\/i0.wp.com\/culturesco.com\/wp-content\/uploads\/2019\/06\/51KryeL0qyL__SX348_BO1204203200_-e1561110303357.jpg?fit=210%2C300&ssl=1","width":210,"height":300,"caption":"Myl\u00e8ne Farmer\u2026 pour comprendre Baudelaire, Rimbaud, Poe, J\u00fcnger et Melville"},{"@type":"BreadcrumbList","@id":"https:\/\/culturesco.com\/index.php\/2019\/06\/17\/mylene-farmer-rend-hommage-dans-ses-chansons-aux-poetes-baudelaire-rimbaud-edgar-poe-junger-melville\/#breadcrumb","itemListElement":[{"@type":"ListItem","position":1,"name":"Accueil","item":"https:\/\/culturesco.com\/"},{"@type":"ListItem","position":2,"name":"Myl\u00e8ne Farmer&#8230; ses hommages \u00e0 Baudelaire , Rimbaud et Edgar Poe"}]},{"@type":"WebSite","@id":"https:\/\/culturesco.com\/#website","url":"https:\/\/culturesco.com\/","name":"Culturesco","description":"Culturesco | Un bon coup de pied dans ta Culture","publisher":{"@id":"https:\/\/culturesco.com\/#organization"},"potentialAction":[{"@type":"SearchAction","target":{"@type":"EntryPoint","urlTemplate":"https:\/\/culturesco.com\/?s={search_term_string}"},"query-input":{"@type":"PropertyValueSpecification","valueRequired":true,"valueName":"search_term_string"}}],"inLanguage":"fr-FR"},{"@type":"Organization","@id":"https:\/\/culturesco.com\/#organization","name":"CULTURESCO","url":"https:\/\/culturesco.com\/","logo":{"@type":"ImageObject","inLanguage":"fr-FR","@id":"https:\/\/culturesco.com\/#\/schema\/logo\/image\/","url":"https:\/\/i0.wp.com\/culturesco.com\/wp-content\/uploads\/2022\/04\/culturesco-logo-blanc250p.png?fit=250%2C250&ssl=1","contentUrl":"https:\/\/i0.wp.com\/culturesco.com\/wp-content\/uploads\/2022\/04\/culturesco-logo-blanc250p.png?fit=250%2C250&ssl=1","width":250,"height":250,"caption":"CULTURESCO"},"image":{"@id":"https:\/\/culturesco.com\/#\/schema\/logo\/image\/"},"sameAs":["https:\/\/www.facebook.com\/radioculturesco","https:\/\/x.com\/AugusteMarshal","https:\/\/www.instagram.com\/carotte_rock_culture\/","https:\/\/www.pinterest.fr\/augustemarshal\/","https:\/\/www.youtube.com\/channel\/UCiWLGffqWSXlNnfzp6YwwyQ"]},{"@type":"Person","@id":"https:\/\/culturesco.com\/#\/schema\/person\/716087cb1b01edf85084af2d12096a8f","name":"Daniel Lesueur","image":{"@type":"ImageObject","inLanguage":"fr-FR","@id":"https:\/\/i0.wp.com\/culturesco.com\/wp-content\/uploads\/2018\/12\/lesueur.jpg?fit=96%2C89&ssl=1","url":"https:\/\/i0.wp.com\/culturesco.com\/wp-content\/uploads\/2018\/12\/lesueur.jpg?fit=96%2C89&ssl=1","contentUrl":"https:\/\/i0.wp.com\/culturesco.com\/wp-content\/uploads\/2018\/12\/lesueur.jpg?fit=96%2C89&ssl=1","caption":"Daniel Lesueur"},"description":"\u00c9crivain - Directeur de collection chez Camion Blanc","url":"https:\/\/culturesco.com\/index.php\/author\/daniel-lesueur\/"}]}},"jetpack_featured_media_url":"https:\/\/i0.wp.com\/culturesco.com\/wp-content\/uploads\/2019\/06\/51KryeL0qyL__SX348_BO1204203200_-e1561110303357.jpg?fit=210%2C300&ssl=1","jetpack_likes_enabled":true,"jetpack_sharing_enabled":true,"jetpack_shortlink":"https:\/\/wp.me\/paz89I-1Le","_links":{"self":[{"href":"https:\/\/culturesco.com\/index.php\/wp-json\/wp\/v2\/posts\/6772","targetHints":{"allow":["GET"]}}],"collection":[{"href":"https:\/\/culturesco.com\/index.php\/wp-json\/wp\/v2\/posts"}],"about":[{"href":"https:\/\/culturesco.com\/index.php\/wp-json\/wp\/v2\/types\/post"}],"author":[{"embeddable":true,"href":"https:\/\/culturesco.com\/index.php\/wp-json\/wp\/v2\/users\/2"}],"replies":[{"embeddable":true,"href":"https:\/\/culturesco.com\/index.php\/wp-json\/wp\/v2\/comments?post=6772"}],"version-history":[{"count":0,"href":"https:\/\/culturesco.com\/index.php\/wp-json\/wp\/v2\/posts\/6772\/revisions"}],"wp:featuredmedia":[{"embeddable":true,"href":"https:\/\/culturesco.com\/index.php\/wp-json\/wp\/v2\/media\/6773"}],"wp:attachment":[{"href":"https:\/\/culturesco.com\/index.php\/wp-json\/wp\/v2\/media?parent=6772"}],"wp:term":[{"taxonomy":"category","embeddable":true,"href":"https:\/\/culturesco.com\/index.php\/wp-json\/wp\/v2\/categories?post=6772"},{"taxonomy":"post_tag","embeddable":true,"href":"https:\/\/culturesco.com\/index.php\/wp-json\/wp\/v2\/tags?post=6772"}],"curies":[{"name":"wp","href":"https:\/\/api.w.org\/{rel}","templated":true}]}}