{"id":6741,"date":"2019-06-15T22:02:19","date_gmt":"2019-06-15T20:02:19","guid":{"rendered":"https:\/\/culturesco.com\/?p=6741"},"modified":"2019-06-16T23:16:48","modified_gmt":"2019-06-16T21:16:48","slug":"eiffel-rock-classieux-chansons-a-textes-abricotine-le-quart-d-heure-des-ahuris-a-tout-moment","status":"publish","type":"post","link":"https:\/\/culturesco.com\/index.php\/2019\/06\/15\/eiffel-rock-classieux-chansons-a-textes-abricotine-le-quart-d-heure-des-ahuris-a-tout-moment\/","title":{"rendered":"EIFFEL &#8211; Te revoir : la classe et les textes"},"content":{"rendered":"<h2>EIFFEL &#8211; A tout moment, abricotine pour ahuris<\/h2>\n<p><a href=\"https:\/\/i0.wp.com\/culturesco.com\/wp-content\/uploads\/2019\/06\/Eiffel-albums.jpg?ssl=1\"><img data-recalc-dims=\"1\" loading=\"lazy\" decoding=\"async\" class=\"aligncenter wp-image-6742\" src=\"https:\/\/i0.wp.com\/culturesco.com\/wp-content\/uploads\/2019\/06\/Eiffel-albums.jpg?resize=508%2C171&#038;ssl=1\" alt=\"Eiffel\" width=\"508\" height=\"171\" srcset=\"https:\/\/i0.wp.com\/culturesco.com\/wp-content\/uploads\/2019\/06\/Eiffel-albums.jpg?resize=300%2C101&amp;ssl=1 300w, https:\/\/i0.wp.com\/culturesco.com\/wp-content\/uploads\/2019\/06\/Eiffel-albums.jpg?resize=768%2C258&amp;ssl=1 768w, https:\/\/i0.wp.com\/culturesco.com\/wp-content\/uploads\/2019\/06\/Eiffel-albums.jpg?resize=696%2C234&amp;ssl=1 696w, https:\/\/i0.wp.com\/culturesco.com\/wp-content\/uploads\/2019\/06\/Eiffel-albums.jpg?resize=1068%2C359&amp;ssl=1 1068w, https:\/\/i0.wp.com\/culturesco.com\/wp-content\/uploads\/2019\/06\/Eiffel-albums.jpg?w=600&amp;ssl=1 600w\" sizes=\"auto, (max-width: 508px) 100vw, 508px\" \/><\/a><\/p>\n<h3>En studio<\/h3>\n<p style=\"text-align: justify;\">Pour <strong>Eiffel<\/strong>, les choses s\u00e9rieuses commencent avec \u00ab <strong>Te revoir<\/strong> \u00bb (2001), un single extrait de l\u2019album \u00ab <strong>Abricotine<\/strong> \u00bb (bien que d\u00e9j\u00e0 pr\u00e9sent sur le Maxi 4 titres sorti l\u2019ann\u00e9e pr\u00e9c\u00e9dente). Lorsqu\u2019on recherche la signification du terme \u00ab abricotine \u00bb, on aboutit \u00e0 une double possibilit\u00e9. Soit il s\u2019agit d\u2019une liqueur d\u2019eau de vie d\u2019abricots distill\u00e9e en Suisse, soit d\u2019un \u00ab oranais \u00bb, l\u2019autre nom d\u2019une viennoiserie originaire d\u2019Oran, le berceau du<a href=\"http:\/\/www.oran-dz.com\/culture\/musique\/histoire-de-la-musique-rai\" target=\"_blank\" rel=\"noopener noreferrer\"> Ra\u00ef<\/a>. Avec Eiffel, <strong>donner un sens aux paroles rel\u00e8ve toujours du casse-t\u00eate<\/strong>. Pour les \u00e9laborer, pr\u00e9cisons que l\u2019auteur semble utiliser la technique dite du \u00ab cutting \u00bb. Cette m\u00e9thode, entre autres pratiqu\u00e9e par <a href=\"https:\/\/www.youtube.com\/watch?v=E5rIb1t6Ukw\" target=\"_blank\" rel=\"noopener noreferrer\"><strong>Bashung<\/strong><\/a> ou <a href=\"https:\/\/www.youtube.com\/watch?v=9Gy94N_mcWs\" target=\"_blank\" rel=\"noopener noreferrer\"><strong>Bowie<\/strong><\/a>, consiste \u00e0 privil\u00e9gier la sonorit\u00e9, l\u2019\u00e9quilibre et l\u2019harmonie des mots plut\u00f4t que leur sens (?).<\/p>\n<h3>EIFFEL &#8211; Te revoir<\/h3>\n<div class=\"youtube-embed\" data-video_id=\"50MUDuOHg1w\"><iframe loading=\"lazy\" title=\"Te revoir\" width=\"696\" height=\"522\" src=\"https:\/\/www.youtube.com\/embed\/50MUDuOHg1w\" frameborder=\"0\" allow=\"accelerometer; autoplay; clipboard-write; encrypted-media; gyroscope; picture-in-picture; web-share\" referrerpolicy=\"strict-origin-when-cross-origin\" allowfullscreen><\/iframe><\/div>\n<p style=\"text-align: justify;\">Sur \u00ab Abricotine \u00bb, les morceaux sont d\u2019avantage ouvr\u00e9s en \u00ab <strong>home studio<\/strong> \u00bb qu\u2019ourdis par une bande de musiciens. Les jeunes gens ne deviennent un v\u00e9ritable groupe que lorsque, succ\u00e8s aidant, ils d\u00e9cident de <strong>professionnaliser leurs destins<\/strong>.<\/p>\n<p style=\"text-align: justify;\">Ce qui caract\u00e9rise Eiffel provient essentiellement de son leader : <strong>Romain Humeau<\/strong>. Il \u00e9crit, compose, enregistre, produit, chante et musicalise la quasi-totalit\u00e9 de ce que le groupe propose \u00e0 l\u2019\u00e9coute. Sa <strong>voix<\/strong>, surtout, est <strong>identitaire<\/strong>. Il pratique une tonalit\u00e9 assez haute et une diction\/prononciation mani\u00e9r\u00e9es s\u2019approchant de celles de <strong>Bertrand Cantat<\/strong>. Eiffel sera d\u2019ailleurs le premier groupe \u00e0 proposer au chanteur de remonter sur sc\u00e8ne apr\u00e8s Vilnius. Pr\u00e9cisons qu\u2019Humeau a pr\u00e9alablement particip\u00e9 aux arrangements musicaux sur la chanson \u00ab <a href=\"https:\/\/www.youtube.com\/watch?v=wW533pwLMv0\" target=\"_blank\" rel=\"noopener noreferrer\"><strong>Des visages des figures<\/strong><\/a> \u00bb (2002) de <strong>Noir D\u00e9sir<\/strong>. Sur sa lanc\u00e9e, il participe activement \u00e0 l\u2019\u00e9laboration de \u00ab <a href=\"https:\/\/www.youtube.com\/watch?v=V3_wCWdWs8k\" target=\"_blank\" rel=\"noopener noreferrer\"><strong>Baron samedi<\/strong><\/a> \u00bb (2013) et \u00ab <strong>5 minutes au Paradis<\/strong> \u00bb (2017) pour et avec <strong>Bernard Lavilliers<\/strong>.<\/p>\n<h3>J&rsquo;ai pouss\u00e9 trop vite<\/h3>\n<div class=\"youtube-embed\" data-video_id=\"6McDLA8ZT8c\"><iframe loading=\"lazy\" title=\"Eiffel - J&#039;ai pouss\u00e9 trop vite\" width=\"696\" height=\"522\" src=\"https:\/\/www.youtube.com\/embed\/6McDLA8ZT8c\" frameborder=\"0\" allow=\"accelerometer; autoplay; clipboard-write; encrypted-media; gyroscope; picture-in-picture; web-share\" referrerpolicy=\"strict-origin-when-cross-origin\" allowfullscreen><\/iframe><\/div>\n<p style=\"text-align: justify;\">En 2002, sans retentir ailleurs que sur \u00ab Oui FM \u00bb ou \u00ab Le Mouv\u2019 \u00bb, des <strong>ondes \u00ab rock \u00bb<\/strong>, Eiffel sort un album extraordinaire de concision, de m\u00e9lodies et de bruit dans un nuage d\u2019anonymat : \u00ab <strong>Le \u00bc d\u2019heure des ahuris<\/strong> \u00bb. Les chansons provoquent la \u00ab boucle \u00bb, la r\u00e9\u00e9coute, l\u2019impression \u00ab d\u2019incontournabilit\u00e9 \u00bb. L\u2019une d\u2019entre elles : \u00ab <strong>Dim sum\/Le plus grand nombre\/L\u2019aurore<\/strong> \u00bb, permet \u00e0 <a href=\"https:\/\/www.borisvian.org\/accueil.html\" target=\"_blank\" rel=\"noopener noreferrer\"><strong>Boris Vian<\/strong><\/a> d\u2019exposer une des conditions qui permettrait au \u00ab plus grand nombre \u00bb de s\u2019autog\u00e9rer. Un autre envo\u00fbte carr\u00e9ment, r\u00e9sonnant des mots dont on aimerait user pour d\u00e9crire l\u2019horizon : \u00ab <strong>Tu vois loin<\/strong> \u00bb. Et tant d\u2019autres ! Treize d\u00e9fis au funambulisme. Cerise : les dix mille premiers acqu\u00e9reurs de l\u2019album ont b\u00e9n\u00e9fici\u00e9 d\u2019un <a href=\"https:\/\/www.youtube.com\/watch?v=EmXX3bUzOf0\" target=\"_blank\" rel=\"noopener noreferrer\">CD suppl\u00e9mentaire<\/a> contenant quatre titres in\u00e9dits. <strong>Un bonheur<\/strong> n\u2019arrive jamais seul !<\/p>\n<h3>EIFFEL &#8211; Tu vois loin<\/h3>\n<div class=\"youtube-embed\" data-video_id=\"JbeoP-8GDUQ\"><iframe loading=\"lazy\" title=\"Eiffel - Tu Vois Loin\" width=\"696\" height=\"522\" src=\"https:\/\/www.youtube.com\/embed\/JbeoP-8GDUQ\" frameborder=\"0\" allow=\"accelerometer; autoplay; clipboard-write; encrypted-media; gyroscope; picture-in-picture; web-share\" referrerpolicy=\"strict-origin-when-cross-origin\" allowfullscreen><\/iframe><\/div>\n<p style=\"text-align: justify;\">Les sollicitations sensorielles \u00e9tant multiples, il arrive qu\u2019on s\u2019\u00e9loigne malgr\u00e9 soit de l\u2019\u00eatre aim\u00e9, la musique ne faisant pas exception \u00e0 cet al\u00e9as. Et puis, au hasard d\u2019un r\u00e9seau social, sur <a href=\"https:\/\/www.facebook.com\/groups\/carotterockandahardplace\/\" target=\"_blank\" rel=\"noopener noreferrer\">une page de partages<\/a>, la fianc\u00e9e revient, aussi belle qu\u2019on l\u2019avait quitt\u00e9e. <strong>Eiffel<\/strong> r\u00e9appara\u00eet par cette porte d\u00e9rob\u00e9e, telle une destin\u00e9e \u00e0 laquelle l\u2019amateur de rock semble li\u00e9 lorsqu\u2019il appr\u00e9cie le \u00ab genre \u00bb : \u00ab <strong>A tout moment<\/strong> \u00bb (2009). \u00ab <a href=\"https:\/\/www.youtube.com\/watch?v=-B-fBkgG42E\" target=\"_blank\" rel=\"noopener noreferrer\"><strong>Ma blonde<\/strong><\/a> \u00bb, \u00ab <strong>Minouche<\/strong> \u00bb, \u00ab <strong>Nous sommes du hasard<\/strong> \u00bb, \u00ab <strong>Mille voix rauques<\/strong> \u00bb \u2026 ouf ! M\u00eame si la premi\u00e8re \u00e9coute peut laisser dubitatif, elle pousse encore une fois \u00e0 la r\u00e9\u00e9coute. Le pi\u00e8ge ! Telle la mouche sur le ruban garni de glu, nous voil\u00e0 \u00ab en-musiqu\u00e9s \u00bb par l\u2019ensemble du contenu, inextricablement.<\/p>\n<h3>Je m&rsquo;obstine<\/h3>\n<div class=\"youtube-embed\" data-video_id=\"zgMuBytYOTQ\"><iframe loading=\"lazy\" title=\"Eiffel JE M&#039;OBSTINE A tout moment\" width=\"696\" height=\"522\" src=\"https:\/\/www.youtube.com\/embed\/zgMuBytYOTQ\" frameborder=\"0\" allow=\"accelerometer; autoplay; clipboard-write; encrypted-media; gyroscope; picture-in-picture; web-share\" referrerpolicy=\"strict-origin-when-cross-origin\" allowfullscreen><\/iframe><\/div>\n<p>Pourtant, apr\u00e8s la d\u00e9couverte en studio, le <strong>passage au live<\/strong> \u2026<\/p>\n<h3>En concert<\/h3>\n<p><a href=\"https:\/\/i0.wp.com\/culturesco.com\/wp-content\/uploads\/2019\/06\/Eiffel-billet.jpg?ssl=1\"><img data-recalc-dims=\"1\" loading=\"lazy\" decoding=\"async\" class=\"aligncenter wp-image-6743\" src=\"https:\/\/i0.wp.com\/culturesco.com\/wp-content\/uploads\/2019\/06\/Eiffel-billet.jpg?resize=523%2C164&#038;ssl=1\" alt=\"Eiffel\" width=\"523\" height=\"164\" srcset=\"https:\/\/i0.wp.com\/culturesco.com\/wp-content\/uploads\/2019\/06\/Eiffel-billet.jpg?resize=300%2C94&amp;ssl=1 300w, https:\/\/i0.wp.com\/culturesco.com\/wp-content\/uploads\/2019\/06\/Eiffel-billet.jpg?resize=768%2C242&amp;ssl=1 768w, https:\/\/i0.wp.com\/culturesco.com\/wp-content\/uploads\/2019\/06\/Eiffel-billet.jpg?resize=696%2C219&amp;ssl=1 696w, https:\/\/i0.wp.com\/culturesco.com\/wp-content\/uploads\/2019\/06\/Eiffel-billet.jpg?w=600&amp;ssl=1 600w\" sizes=\"auto, (max-width: 523px) 100vw, 523px\" \/><\/a><\/p>\n<p style=\"text-align: justify;\">Le <strong>12 d\u00e9cembre 2001<\/strong>, le p\u00e8re No\u00ebl passe-t-il en avance \u00e0 l\u2019<strong>Elys\u00e9e Montmartre<\/strong> ? Pas vraiment pour les uns, celles et ceux qui se d\u00e9placent pour la 1\u00e8re fois voir Eiffel, id\u00e9alement pour les fans \u00e9namour\u00e9s. D\u2019ailleurs, ces derniers invectivent le reste du public, lui reprochant son inertie, son absence de communion. Si <strong>les n\u00e9ophytes sont dubitatifs<\/strong>, c\u2019est que le param\u00e8tre \u00ab voix \u00bb ne correspond pas. Les puissantes envol\u00e9es aigu\u00ebs qui paraphent les disques sont absentes du micro. Romain Humeau semble avoir chang\u00e9 de tonalit\u00e9, descendant l\u2019ensemble des titres d\u2019une octave. Terrible d\u00e9ception qui <strong>n\u2019affecte pas les adeptes.<\/strong><\/p>\n<h3>EIFFEL &#8211; Le c\u0153ur Australie (live)<\/h3>\n<div class=\"youtube-embed\" data-video_id=\"i07jologLdY\"><iframe loading=\"lazy\" title=\"Eiffel - Le coeur Australie (Live Bourges 2010)\" width=\"696\" height=\"522\" src=\"https:\/\/www.youtube.com\/embed\/i07jologLdY\" frameborder=\"0\" allow=\"accelerometer; autoplay; clipboard-write; encrypted-media; gyroscope; picture-in-picture; web-share\" referrerpolicy=\"strict-origin-when-cross-origin\" allowfullscreen><\/iframe><\/div>\n<p style=\"text-align: justify;\">V\u00e9rification faite, d\u2019autres groupes fran\u00e7ais assurent haut la main le passage du huis clos \u00e0 la sc\u00e8ne : <a href=\"https:\/\/www.youtube.com\/watch?v=0NUqL1bvAis\" target=\"_blank\" rel=\"noopener noreferrer\"><strong>Luke<\/strong> <\/a>au m\u00eame endroit en 2004, <a href=\"https:\/\/www.youtube.com\/watch?v=M-4UjCItiTQ\" target=\"_blank\" rel=\"noopener noreferrer\"><strong>Dolly<\/strong><\/a> au Plan en 2005 ou, en mars 2006, lors d\u2019une soir\u00e9e de la jeune cr\u00e9ation \u00e0 Houilles (Yvelines) : <strong>Mon C\u00f4t\u00e9 Punk<\/strong>, <a href=\"https:\/\/www.youtube.com\/watch?v=52Gg9CqhbP8\" target=\"_blank\" rel=\"noopener noreferrer\"><strong>Stuck In The Sound<\/strong><\/a>, <a href=\"https:\/\/www.youtube.com\/watch?v=Y0RSpwLVVY0\" target=\"_blank\" rel=\"noopener noreferrer\"><strong>Hushpuppies<\/strong><\/a> et <strong>Romain Humeau<\/strong> \u2026 tiens ! En solo, le leader d\u2019Eiffel parvient \u00e0 <strong>enivrer le public<\/strong> o\u00f9 il ne fait que le distraire en groupe. \u00c9tonnant ! Les cinq ann\u00e9es qui s\u00e9parent les deux prestations ont elles permises cette transformation, cette transition <strong>de la chrysalide au papillon<\/strong> ?\u2026<\/p>\n<p><img data-recalc-dims=\"1\" loading=\"lazy\" decoding=\"async\" class=\"aligncenter wp-image-6744 size-full\" src=\"https:\/\/i0.wp.com\/culturesco.com\/wp-content\/uploads\/2019\/06\/Billets-concerts-Luke-Dolly-R.-Humeau-e1560719104827.jpg?resize=500%2C100&#038;ssl=1\" alt=\"Romain Humeau Eiffel\" width=\"500\" height=\"100\" \/><\/p>\n<p style=\"text-align: justify;\">Seule solution pour en apprendre d\u2019avantage : <strong>retourner vivre Eiffel en concert<\/strong>. \u00c9trangement, le tropisme g\u00e9n\u00e9r\u00e9 par les albums vaut \u00e9galement pour le live, certes sous une forme moins virulente, <strong>un d\u00e9sir souterrain<\/strong>. Dix-huit ans plus tard, il est temps de &#8230; \u00ab\u00a0<strong>Te revoir<\/strong>\u00ab\u00a0.<\/p>\n<h3>Cascade (live en mai 2019)<\/h3>\n<div class=\"youtube-embed\" data-video_id=\"pAtSq7pUamc\"><iframe loading=\"lazy\" title=\"EIFFEL - &quot;Cascade&quot; Lo Bolegason 25-05-2019\" width=\"696\" height=\"392\" src=\"https:\/\/www.youtube.com\/embed\/pAtSq7pUamc\" frameborder=\"0\" allow=\"accelerometer; autoplay; clipboard-write; encrypted-media; gyroscope; picture-in-picture; web-share\" referrerpolicy=\"strict-origin-when-cross-origin\" allowfullscreen><\/iframe><\/div>\n<p>Thierry Dauge<\/p>\n","protected":false},"excerpt":{"rendered":"<p>EIFFEL &#8211; A tout moment, abricotine pour ahuris En studio Pour Eiffel, les choses s\u00e9rieuses commencent avec \u00ab Te revoir \u00bb (2001), un single extrait de l\u2019album \u00ab Abricotine \u00bb (bien que d\u00e9j\u00e0 pr\u00e9sent sur le Maxi 4 titres sorti l\u2019ann\u00e9e pr\u00e9c\u00e9dente). Lorsqu\u2019on recherche la signification du terme \u00ab abricotine \u00bb, on aboutit \u00e0 une [&hellip;]<\/p>\n","protected":false},"author":3,"featured_media":6756,"comment_status":"open","ping_status":"closed","sticky":false,"template":"","format":"image","meta":{"jetpack_post_was_ever_published":false,"tdm_status":"","tdm_grid_status":"","_jetpack_newsletter_access":"","_jetpack_dont_email_post_to_subs":false,"_jetpack_newsletter_tier_id":0,"_jetpack_memberships_contains_paywalled_content":false,"_jetpack_memberships_contains_paid_content":false,"footnotes":""},"categories":[17,36],"tags":[52],"class_list":{"0":"post-6741","1":"post","2":"type-post","3":"status-publish","4":"format-image","5":"has-post-thumbnail","7":"category-carotte-rock-cultures","8":"category-groupes-rock-daujourdhui","9":"tag-groupe-rock-actuel","10":"post_format-post-format-image"},"yoast_head":"<!-- This site is optimized with the Yoast SEO plugin v27.5 - https:\/\/yoast.com\/product\/yoast-seo-wordpress\/ -->\n<title>EIFFEL - Te revoir : la classe et les textes - Culturesco<\/title>\n<meta name=\"description\" content=\"CulturesCo | Eiffel en studio avec Abricotine - Le 1\/4 d&#039;heure des ahuris - A tout moment- Concert \u00e0 l&#039;Elys\u00e9e Montmartre en 2001\" \/>\n<meta name=\"robots\" content=\"index, follow, max-snippet:-1, max-image-preview:large, max-video-preview:-1\" \/>\n<link rel=\"canonical\" href=\"https:\/\/culturesco.com\/index.php\/2019\/06\/15\/eiffel-rock-classieux-chansons-a-textes-abricotine-le-quart-d-heure-des-ahuris-a-tout-moment\/\" \/>\n<meta property=\"og:locale\" content=\"fr_FR\" \/>\n<meta property=\"og:type\" content=\"article\" \/>\n<meta property=\"og:title\" content=\"EIFFEL - Te revoir : la classe et les textes - Culturesco\" \/>\n<meta property=\"og:description\" content=\"CulturesCo | Eiffel en studio avec Abricotine - Le 1\/4 d&#039;heure des ahuris - A tout moment- Concert \u00e0 l&#039;Elys\u00e9e Montmartre en 2001\" \/>\n<meta property=\"og:url\" content=\"https:\/\/culturesco.com\/index.php\/2019\/06\/15\/eiffel-rock-classieux-chansons-a-textes-abricotine-le-quart-d-heure-des-ahuris-a-tout-moment\/\" \/>\n<meta property=\"og:site_name\" content=\"Culturesco\" \/>\n<meta property=\"article:publisher\" content=\"https:\/\/www.facebook.com\/radioculturesco\" \/>\n<meta property=\"article:published_time\" content=\"2019-06-15T20:02:19+00:00\" \/>\n<meta property=\"article:modified_time\" content=\"2019-06-16T21:16:48+00:00\" \/>\n<meta property=\"og:image\" content=\"https:\/\/i1.wp.com\/culturesco.com\/wp-content\/uploads\/2019\/06\/eiffel-groupe.jpg?fit=600%2C314&ssl=1\" \/>\n\t<meta property=\"og:image:width\" content=\"600\" \/>\n\t<meta property=\"og:image:height\" content=\"314\" \/>\n\t<meta property=\"og:image:type\" content=\"image\/jpeg\" \/>\n<meta name=\"author\" content=\"Thierry Dauge\" \/>\n<meta name=\"twitter:card\" content=\"summary_large_image\" \/>\n<meta name=\"twitter:creator\" content=\"@AugusteMarshal\" \/>\n<meta name=\"twitter:site\" content=\"@AugusteMarshal\" \/>\n<meta name=\"twitter:label1\" content=\"\u00c9crit par\" \/>\n\t<meta name=\"twitter:data1\" content=\"Thierry Dauge\" \/>\n\t<meta name=\"twitter:label2\" content=\"Dur\u00e9e de lecture estim\u00e9e\" \/>\n\t<meta name=\"twitter:data2\" content=\"5 minutes\" \/>\n<script type=\"application\/ld+json\" class=\"yoast-schema-graph\">{\"@context\":\"https:\\\/\\\/schema.org\",\"@graph\":[{\"@type\":\"Article\",\"@id\":\"https:\\\/\\\/culturesco.com\\\/index.php\\\/2019\\\/06\\\/15\\\/eiffel-rock-classieux-chansons-a-textes-abricotine-le-quart-d-heure-des-ahuris-a-tout-moment\\\/#article\",\"isPartOf\":{\"@id\":\"https:\\\/\\\/culturesco.com\\\/index.php\\\/2019\\\/06\\\/15\\\/eiffel-rock-classieux-chansons-a-textes-abricotine-le-quart-d-heure-des-ahuris-a-tout-moment\\\/\"},\"author\":{\"name\":\"Thierry Dauge\",\"@id\":\"https:\\\/\\\/culturesco.com\\\/#\\\/schema\\\/person\\\/19f04cf232d246197f6e7d62abe6cb0e\"},\"headline\":\"EIFFEL &#8211; Te revoir : la classe et les textes\",\"datePublished\":\"2019-06-15T20:02:19+00:00\",\"dateModified\":\"2019-06-16T21:16:48+00:00\",\"mainEntityOfPage\":{\"@id\":\"https:\\\/\\\/culturesco.com\\\/index.php\\\/2019\\\/06\\\/15\\\/eiffel-rock-classieux-chansons-a-textes-abricotine-le-quart-d-heure-des-ahuris-a-tout-moment\\\/\"},\"wordCount\":935,\"commentCount\":0,\"publisher\":{\"@id\":\"https:\\\/\\\/culturesco.com\\\/#organization\"},\"image\":{\"@id\":\"https:\\\/\\\/culturesco.com\\\/index.php\\\/2019\\\/06\\\/15\\\/eiffel-rock-classieux-chansons-a-textes-abricotine-le-quart-d-heure-des-ahuris-a-tout-moment\\\/#primaryimage\"},\"thumbnailUrl\":\"https:\\\/\\\/i0.wp.com\\\/culturesco.com\\\/wp-content\\\/uploads\\\/2019\\\/06\\\/eiffel-groupe.jpg?fit=600%2C314&ssl=1\",\"keywords\":[\"groupe rock actuel\"],\"articleSection\":[\"Carotte Rock Cultures\",\"Groupes rock d'aujourd'hui\"],\"inLanguage\":\"fr-FR\",\"potentialAction\":[{\"@type\":\"CommentAction\",\"name\":\"Comment\",\"target\":[\"https:\\\/\\\/culturesco.com\\\/index.php\\\/2019\\\/06\\\/15\\\/eiffel-rock-classieux-chansons-a-textes-abricotine-le-quart-d-heure-des-ahuris-a-tout-moment\\\/#respond\"]}]},{\"@type\":\"WebPage\",\"@id\":\"https:\\\/\\\/culturesco.com\\\/index.php\\\/2019\\\/06\\\/15\\\/eiffel-rock-classieux-chansons-a-textes-abricotine-le-quart-d-heure-des-ahuris-a-tout-moment\\\/\",\"url\":\"https:\\\/\\\/culturesco.com\\\/index.php\\\/2019\\\/06\\\/15\\\/eiffel-rock-classieux-chansons-a-textes-abricotine-le-quart-d-heure-des-ahuris-a-tout-moment\\\/\",\"name\":\"EIFFEL - Te revoir : la classe et les textes - Culturesco\",\"isPartOf\":{\"@id\":\"https:\\\/\\\/culturesco.com\\\/#website\"},\"primaryImageOfPage\":{\"@id\":\"https:\\\/\\\/culturesco.com\\\/index.php\\\/2019\\\/06\\\/15\\\/eiffel-rock-classieux-chansons-a-textes-abricotine-le-quart-d-heure-des-ahuris-a-tout-moment\\\/#primaryimage\"},\"image\":{\"@id\":\"https:\\\/\\\/culturesco.com\\\/index.php\\\/2019\\\/06\\\/15\\\/eiffel-rock-classieux-chansons-a-textes-abricotine-le-quart-d-heure-des-ahuris-a-tout-moment\\\/#primaryimage\"},\"thumbnailUrl\":\"https:\\\/\\\/i0.wp.com\\\/culturesco.com\\\/wp-content\\\/uploads\\\/2019\\\/06\\\/eiffel-groupe.jpg?fit=600%2C314&ssl=1\",\"datePublished\":\"2019-06-15T20:02:19+00:00\",\"dateModified\":\"2019-06-16T21:16:48+00:00\",\"description\":\"CulturesCo | Eiffel en studio avec Abricotine - Le 1\\\/4 d'heure des ahuris - A tout moment- Concert \u00e0 l'Elys\u00e9e Montmartre en 2001\",\"breadcrumb\":{\"@id\":\"https:\\\/\\\/culturesco.com\\\/index.php\\\/2019\\\/06\\\/15\\\/eiffel-rock-classieux-chansons-a-textes-abricotine-le-quart-d-heure-des-ahuris-a-tout-moment\\\/#breadcrumb\"},\"inLanguage\":\"fr-FR\",\"potentialAction\":[{\"@type\":\"ReadAction\",\"target\":[\"https:\\\/\\\/culturesco.com\\\/index.php\\\/2019\\\/06\\\/15\\\/eiffel-rock-classieux-chansons-a-textes-abricotine-le-quart-d-heure-des-ahuris-a-tout-moment\\\/\"]}]},{\"@type\":\"ImageObject\",\"inLanguage\":\"fr-FR\",\"@id\":\"https:\\\/\\\/culturesco.com\\\/index.php\\\/2019\\\/06\\\/15\\\/eiffel-rock-classieux-chansons-a-textes-abricotine-le-quart-d-heure-des-ahuris-a-tout-moment\\\/#primaryimage\",\"url\":\"https:\\\/\\\/i0.wp.com\\\/culturesco.com\\\/wp-content\\\/uploads\\\/2019\\\/06\\\/eiffel-groupe.jpg?fit=600%2C314&ssl=1\",\"contentUrl\":\"https:\\\/\\\/i0.wp.com\\\/culturesco.com\\\/wp-content\\\/uploads\\\/2019\\\/06\\\/eiffel-groupe.jpg?fit=600%2C314&ssl=1\",\"width\":600,\"height\":314,\"caption\":\"eiffel groupe\"},{\"@type\":\"BreadcrumbList\",\"@id\":\"https:\\\/\\\/culturesco.com\\\/index.php\\\/2019\\\/06\\\/15\\\/eiffel-rock-classieux-chansons-a-textes-abricotine-le-quart-d-heure-des-ahuris-a-tout-moment\\\/#breadcrumb\",\"itemListElement\":[{\"@type\":\"ListItem\",\"position\":1,\"name\":\"Accueil\",\"item\":\"https:\\\/\\\/culturesco.com\\\/\"},{\"@type\":\"ListItem\",\"position\":2,\"name\":\"EIFFEL &#8211; Te revoir : la classe et les textes\"}]},{\"@type\":\"WebSite\",\"@id\":\"https:\\\/\\\/culturesco.com\\\/#website\",\"url\":\"https:\\\/\\\/culturesco.com\\\/\",\"name\":\"Culturesco\",\"description\":\"Culturesco | Un bon coup de pied dans ta Culture\",\"publisher\":{\"@id\":\"https:\\\/\\\/culturesco.com\\\/#organization\"},\"potentialAction\":[{\"@type\":\"SearchAction\",\"target\":{\"@type\":\"EntryPoint\",\"urlTemplate\":\"https:\\\/\\\/culturesco.com\\\/?s={search_term_string}\"},\"query-input\":{\"@type\":\"PropertyValueSpecification\",\"valueRequired\":true,\"valueName\":\"search_term_string\"}}],\"inLanguage\":\"fr-FR\"},{\"@type\":\"Organization\",\"@id\":\"https:\\\/\\\/culturesco.com\\\/#organization\",\"name\":\"CULTURESCO\",\"url\":\"https:\\\/\\\/culturesco.com\\\/\",\"logo\":{\"@type\":\"ImageObject\",\"inLanguage\":\"fr-FR\",\"@id\":\"https:\\\/\\\/culturesco.com\\\/#\\\/schema\\\/logo\\\/image\\\/\",\"url\":\"https:\\\/\\\/i0.wp.com\\\/culturesco.com\\\/wp-content\\\/uploads\\\/2022\\\/04\\\/culturesco-logo-blanc250p.png?fit=250%2C250&ssl=1\",\"contentUrl\":\"https:\\\/\\\/i0.wp.com\\\/culturesco.com\\\/wp-content\\\/uploads\\\/2022\\\/04\\\/culturesco-logo-blanc250p.png?fit=250%2C250&ssl=1\",\"width\":250,\"height\":250,\"caption\":\"CULTURESCO\"},\"image\":{\"@id\":\"https:\\\/\\\/culturesco.com\\\/#\\\/schema\\\/logo\\\/image\\\/\"},\"sameAs\":[\"https:\\\/\\\/www.facebook.com\\\/radioculturesco\",\"https:\\\/\\\/x.com\\\/AugusteMarshal\",\"https:\\\/\\\/www.instagram.com\\\/carotte_rock_culture\\\/\",\"https:\\\/\\\/www.pinterest.fr\\\/augustemarshal\\\/\",\"https:\\\/\\\/www.youtube.com\\\/channel\\\/UCiWLGffqWSXlNnfzp6YwwyQ\"]},{\"@type\":\"Person\",\"@id\":\"https:\\\/\\\/culturesco.com\\\/#\\\/schema\\\/person\\\/19f04cf232d246197f6e7d62abe6cb0e\",\"name\":\"Thierry Dauge\",\"image\":{\"@type\":\"ImageObject\",\"inLanguage\":\"fr-FR\",\"@id\":\"https:\\\/\\\/i0.wp.com\\\/culturesco.com\\\/wp-content\\\/uploads\\\/2018\\\/12\\\/Black-Beauty-and-me.jpg?fit=96%2C96&ssl=1\",\"url\":\"https:\\\/\\\/i0.wp.com\\\/culturesco.com\\\/wp-content\\\/uploads\\\/2018\\\/12\\\/Black-Beauty-and-me.jpg?fit=96%2C96&ssl=1\",\"contentUrl\":\"https:\\\/\\\/i0.wp.com\\\/culturesco.com\\\/wp-content\\\/uploads\\\/2018\\\/12\\\/Black-Beauty-and-me.jpg?fit=96%2C96&ssl=1\",\"caption\":\"Thierry Dauge\"},\"description\":\"Amoureux des 70\u2019s et du hard rock en particulier, Thierry Dauge est chroniqueur sur Culturesco par amour de l\u2019\u00e9criture musicale. Co-auteur du livre\\\"Pop rock - Les instruments de l'ombre\\\" aux \u00e9ditions du Camion Blanc, collaborateur de Vivi pour \\\"Mes Ann\u00e9es Trust\\\", auteur de \\\"Sparks\\\" aux \u00e9ditions du Layeur, parce que le rock est loin d'\u00eatre mort ...\",\"url\":\"https:\\\/\\\/culturesco.com\\\/index.php\\\/author\\\/thierry-dauge888\\\/\"}]}<\/script>\n<!-- \/ Yoast SEO plugin. -->","yoast_head_json":{"title":"EIFFEL - Te revoir : la classe et les textes - Culturesco","description":"CulturesCo | Eiffel en studio avec Abricotine - Le 1\/4 d'heure des ahuris - A tout moment- Concert \u00e0 l'Elys\u00e9e Montmartre en 2001","robots":{"index":"index","follow":"follow","max-snippet":"max-snippet:-1","max-image-preview":"max-image-preview:large","max-video-preview":"max-video-preview:-1"},"canonical":"https:\/\/culturesco.com\/index.php\/2019\/06\/15\/eiffel-rock-classieux-chansons-a-textes-abricotine-le-quart-d-heure-des-ahuris-a-tout-moment\/","og_locale":"fr_FR","og_type":"article","og_title":"EIFFEL - Te revoir : la classe et les textes - Culturesco","og_description":"CulturesCo | Eiffel en studio avec Abricotine - Le 1\/4 d'heure des ahuris - A tout moment- Concert \u00e0 l'Elys\u00e9e Montmartre en 2001","og_url":"https:\/\/culturesco.com\/index.php\/2019\/06\/15\/eiffel-rock-classieux-chansons-a-textes-abricotine-le-quart-d-heure-des-ahuris-a-tout-moment\/","og_site_name":"Culturesco","article_publisher":"https:\/\/www.facebook.com\/radioculturesco","article_published_time":"2019-06-15T20:02:19+00:00","article_modified_time":"2019-06-16T21:16:48+00:00","og_image":[{"width":600,"height":314,"url":"https:\/\/i1.wp.com\/culturesco.com\/wp-content\/uploads\/2019\/06\/eiffel-groupe.jpg?fit=600%2C314&ssl=1","type":"image\/jpeg"}],"author":"Thierry Dauge","twitter_card":"summary_large_image","twitter_creator":"@AugusteMarshal","twitter_site":"@AugusteMarshal","twitter_misc":{"\u00c9crit par":"Thierry Dauge","Dur\u00e9e de lecture estim\u00e9e":"5 minutes"},"schema":{"@context":"https:\/\/schema.org","@graph":[{"@type":"Article","@id":"https:\/\/culturesco.com\/index.php\/2019\/06\/15\/eiffel-rock-classieux-chansons-a-textes-abricotine-le-quart-d-heure-des-ahuris-a-tout-moment\/#article","isPartOf":{"@id":"https:\/\/culturesco.com\/index.php\/2019\/06\/15\/eiffel-rock-classieux-chansons-a-textes-abricotine-le-quart-d-heure-des-ahuris-a-tout-moment\/"},"author":{"name":"Thierry Dauge","@id":"https:\/\/culturesco.com\/#\/schema\/person\/19f04cf232d246197f6e7d62abe6cb0e"},"headline":"EIFFEL &#8211; Te revoir : la classe et les textes","datePublished":"2019-06-15T20:02:19+00:00","dateModified":"2019-06-16T21:16:48+00:00","mainEntityOfPage":{"@id":"https:\/\/culturesco.com\/index.php\/2019\/06\/15\/eiffel-rock-classieux-chansons-a-textes-abricotine-le-quart-d-heure-des-ahuris-a-tout-moment\/"},"wordCount":935,"commentCount":0,"publisher":{"@id":"https:\/\/culturesco.com\/#organization"},"image":{"@id":"https:\/\/culturesco.com\/index.php\/2019\/06\/15\/eiffel-rock-classieux-chansons-a-textes-abricotine-le-quart-d-heure-des-ahuris-a-tout-moment\/#primaryimage"},"thumbnailUrl":"https:\/\/i0.wp.com\/culturesco.com\/wp-content\/uploads\/2019\/06\/eiffel-groupe.jpg?fit=600%2C314&ssl=1","keywords":["groupe rock actuel"],"articleSection":["Carotte Rock Cultures","Groupes rock d'aujourd'hui"],"inLanguage":"fr-FR","potentialAction":[{"@type":"CommentAction","name":"Comment","target":["https:\/\/culturesco.com\/index.php\/2019\/06\/15\/eiffel-rock-classieux-chansons-a-textes-abricotine-le-quart-d-heure-des-ahuris-a-tout-moment\/#respond"]}]},{"@type":"WebPage","@id":"https:\/\/culturesco.com\/index.php\/2019\/06\/15\/eiffel-rock-classieux-chansons-a-textes-abricotine-le-quart-d-heure-des-ahuris-a-tout-moment\/","url":"https:\/\/culturesco.com\/index.php\/2019\/06\/15\/eiffel-rock-classieux-chansons-a-textes-abricotine-le-quart-d-heure-des-ahuris-a-tout-moment\/","name":"EIFFEL - Te revoir : la classe et les textes - Culturesco","isPartOf":{"@id":"https:\/\/culturesco.com\/#website"},"primaryImageOfPage":{"@id":"https:\/\/culturesco.com\/index.php\/2019\/06\/15\/eiffel-rock-classieux-chansons-a-textes-abricotine-le-quart-d-heure-des-ahuris-a-tout-moment\/#primaryimage"},"image":{"@id":"https:\/\/culturesco.com\/index.php\/2019\/06\/15\/eiffel-rock-classieux-chansons-a-textes-abricotine-le-quart-d-heure-des-ahuris-a-tout-moment\/#primaryimage"},"thumbnailUrl":"https:\/\/i0.wp.com\/culturesco.com\/wp-content\/uploads\/2019\/06\/eiffel-groupe.jpg?fit=600%2C314&ssl=1","datePublished":"2019-06-15T20:02:19+00:00","dateModified":"2019-06-16T21:16:48+00:00","description":"CulturesCo | Eiffel en studio avec Abricotine - Le 1\/4 d'heure des ahuris - A tout moment- Concert \u00e0 l'Elys\u00e9e Montmartre en 2001","breadcrumb":{"@id":"https:\/\/culturesco.com\/index.php\/2019\/06\/15\/eiffel-rock-classieux-chansons-a-textes-abricotine-le-quart-d-heure-des-ahuris-a-tout-moment\/#breadcrumb"},"inLanguage":"fr-FR","potentialAction":[{"@type":"ReadAction","target":["https:\/\/culturesco.com\/index.php\/2019\/06\/15\/eiffel-rock-classieux-chansons-a-textes-abricotine-le-quart-d-heure-des-ahuris-a-tout-moment\/"]}]},{"@type":"ImageObject","inLanguage":"fr-FR","@id":"https:\/\/culturesco.com\/index.php\/2019\/06\/15\/eiffel-rock-classieux-chansons-a-textes-abricotine-le-quart-d-heure-des-ahuris-a-tout-moment\/#primaryimage","url":"https:\/\/i0.wp.com\/culturesco.com\/wp-content\/uploads\/2019\/06\/eiffel-groupe.jpg?fit=600%2C314&ssl=1","contentUrl":"https:\/\/i0.wp.com\/culturesco.com\/wp-content\/uploads\/2019\/06\/eiffel-groupe.jpg?fit=600%2C314&ssl=1","width":600,"height":314,"caption":"eiffel groupe"},{"@type":"BreadcrumbList","@id":"https:\/\/culturesco.com\/index.php\/2019\/06\/15\/eiffel-rock-classieux-chansons-a-textes-abricotine-le-quart-d-heure-des-ahuris-a-tout-moment\/#breadcrumb","itemListElement":[{"@type":"ListItem","position":1,"name":"Accueil","item":"https:\/\/culturesco.com\/"},{"@type":"ListItem","position":2,"name":"EIFFEL &#8211; Te revoir : la classe et les textes"}]},{"@type":"WebSite","@id":"https:\/\/culturesco.com\/#website","url":"https:\/\/culturesco.com\/","name":"Culturesco","description":"Culturesco | Un bon coup de pied dans ta Culture","publisher":{"@id":"https:\/\/culturesco.com\/#organization"},"potentialAction":[{"@type":"SearchAction","target":{"@type":"EntryPoint","urlTemplate":"https:\/\/culturesco.com\/?s={search_term_string}"},"query-input":{"@type":"PropertyValueSpecification","valueRequired":true,"valueName":"search_term_string"}}],"inLanguage":"fr-FR"},{"@type":"Organization","@id":"https:\/\/culturesco.com\/#organization","name":"CULTURESCO","url":"https:\/\/culturesco.com\/","logo":{"@type":"ImageObject","inLanguage":"fr-FR","@id":"https:\/\/culturesco.com\/#\/schema\/logo\/image\/","url":"https:\/\/i0.wp.com\/culturesco.com\/wp-content\/uploads\/2022\/04\/culturesco-logo-blanc250p.png?fit=250%2C250&ssl=1","contentUrl":"https:\/\/i0.wp.com\/culturesco.com\/wp-content\/uploads\/2022\/04\/culturesco-logo-blanc250p.png?fit=250%2C250&ssl=1","width":250,"height":250,"caption":"CULTURESCO"},"image":{"@id":"https:\/\/culturesco.com\/#\/schema\/logo\/image\/"},"sameAs":["https:\/\/www.facebook.com\/radioculturesco","https:\/\/x.com\/AugusteMarshal","https:\/\/www.instagram.com\/carotte_rock_culture\/","https:\/\/www.pinterest.fr\/augustemarshal\/","https:\/\/www.youtube.com\/channel\/UCiWLGffqWSXlNnfzp6YwwyQ"]},{"@type":"Person","@id":"https:\/\/culturesco.com\/#\/schema\/person\/19f04cf232d246197f6e7d62abe6cb0e","name":"Thierry Dauge","image":{"@type":"ImageObject","inLanguage":"fr-FR","@id":"https:\/\/i0.wp.com\/culturesco.com\/wp-content\/uploads\/2018\/12\/Black-Beauty-and-me.jpg?fit=96%2C96&ssl=1","url":"https:\/\/i0.wp.com\/culturesco.com\/wp-content\/uploads\/2018\/12\/Black-Beauty-and-me.jpg?fit=96%2C96&ssl=1","contentUrl":"https:\/\/i0.wp.com\/culturesco.com\/wp-content\/uploads\/2018\/12\/Black-Beauty-and-me.jpg?fit=96%2C96&ssl=1","caption":"Thierry Dauge"},"description":"Amoureux des 70\u2019s et du hard rock en particulier, Thierry Dauge est chroniqueur sur Culturesco par amour de l\u2019\u00e9criture musicale. Co-auteur du livre\"Pop rock - Les instruments de l'ombre\" aux \u00e9ditions du Camion Blanc, collaborateur de Vivi pour \"Mes Ann\u00e9es Trust\", auteur de \"Sparks\" aux \u00e9ditions du Layeur, parce que le rock est loin d'\u00eatre mort ...","url":"https:\/\/culturesco.com\/index.php\/author\/thierry-dauge888\/"}]}},"jetpack_featured_media_url":"https:\/\/i0.wp.com\/culturesco.com\/wp-content\/uploads\/2019\/06\/eiffel-groupe.jpg?fit=600%2C314&ssl=1","jetpack_likes_enabled":true,"jetpack_sharing_enabled":true,"jetpack_shortlink":"https:\/\/wp.me\/paz89I-1KJ","_links":{"self":[{"href":"https:\/\/culturesco.com\/index.php\/wp-json\/wp\/v2\/posts\/6741","targetHints":{"allow":["GET"]}}],"collection":[{"href":"https:\/\/culturesco.com\/index.php\/wp-json\/wp\/v2\/posts"}],"about":[{"href":"https:\/\/culturesco.com\/index.php\/wp-json\/wp\/v2\/types\/post"}],"author":[{"embeddable":true,"href":"https:\/\/culturesco.com\/index.php\/wp-json\/wp\/v2\/users\/3"}],"replies":[{"embeddable":true,"href":"https:\/\/culturesco.com\/index.php\/wp-json\/wp\/v2\/comments?post=6741"}],"version-history":[{"count":0,"href":"https:\/\/culturesco.com\/index.php\/wp-json\/wp\/v2\/posts\/6741\/revisions"}],"wp:featuredmedia":[{"embeddable":true,"href":"https:\/\/culturesco.com\/index.php\/wp-json\/wp\/v2\/media\/6756"}],"wp:attachment":[{"href":"https:\/\/culturesco.com\/index.php\/wp-json\/wp\/v2\/media?parent=6741"}],"wp:term":[{"taxonomy":"category","embeddable":true,"href":"https:\/\/culturesco.com\/index.php\/wp-json\/wp\/v2\/categories?post=6741"},{"taxonomy":"post_tag","embeddable":true,"href":"https:\/\/culturesco.com\/index.php\/wp-json\/wp\/v2\/tags?post=6741"}],"curies":[{"name":"wp","href":"https:\/\/api.w.org\/{rel}","templated":true}]}}