{"id":669,"date":"2018-10-09T22:11:16","date_gmt":"2018-10-09T20:11:16","guid":{"rendered":"https:\/\/culturesco.com\/?p=669"},"modified":"2019-05-07T23:12:18","modified_gmt":"2019-05-07T21:12:18","slug":"the-pogues-megadeth-janvier-1988","status":"publish","type":"post","link":"https:\/\/culturesco.com\/index.php\/2018\/10\/09\/the-pogues-megadeth-janvier-1988\/","title":{"rendered":"The Pogues &#8211; Megadeth &#8211; Janvier 1988"},"content":{"rendered":"<h2>The Pogues &#8211; Megadeth &#8211; Janvier 1988<\/h2>\n<figure id=\"attachment_673\" aria-describedby=\"caption-attachment-673\" style=\"width: 1200px\" class=\"wp-caption aligncenter\"><img data-recalc-dims=\"1\" loading=\"lazy\" decoding=\"async\" class=\"wp-image-673 size-full\" title=\"Megadeth - The Pogues\" src=\"https:\/\/i0.wp.com\/culturesco.com\/wp-content\/uploads\/2018\/10\/pogues-megadeth-2.jpg?resize=696%2C364&#038;ssl=1\" alt=\"pogues-megadeth\" width=\"696\" height=\"364\" srcset=\"https:\/\/i0.wp.com\/culturesco.com\/wp-content\/uploads\/2018\/10\/pogues-megadeth-2.jpg?w=600&amp;ssl=1 600w, https:\/\/i0.wp.com\/culturesco.com\/wp-content\/uploads\/2018\/10\/pogues-megadeth-2.jpg?resize=300%2C157&amp;ssl=1 300w, https:\/\/i0.wp.com\/culturesco.com\/wp-content\/uploads\/2018\/10\/pogues-megadeth-2.jpg?resize=768%2C401&amp;ssl=1 768w, https:\/\/i0.wp.com\/culturesco.com\/wp-content\/uploads\/2018\/10\/pogues-megadeth-2.jpg?resize=696%2C364&amp;ssl=1 696w, https:\/\/i0.wp.com\/culturesco.com\/wp-content\/uploads\/2018\/10\/pogues-megadeth-2.jpg?resize=1068%2C558&amp;ssl=1 1068w, https:\/\/i0.wp.com\/culturesco.com\/wp-content\/uploads\/2018\/10\/pogues-megadeth-2.jpg?resize=804%2C420&amp;ssl=1 804w\" sizes=\"auto, (max-width: 696px) 100vw, 696px\" \/><figcaption id=\"caption-attachment-673\" class=\"wp-caption-text\">Megadeth &#8211; The Pogues<\/figcaption><\/figure>\n<h3>Sur la m\u00eame platine en Janvier 1988<\/h3>\n<p style=\"text-align: justify;\"><strong>The Pogues, Megadeth<\/strong> ou les deux? Le plus fougueux des deux n\u2019est pas toujours celui ou celle \u00e0 qui l\u2019on pense. Heavy Metal Trash ou Trad\u2019Rock, versus Sailor\u2019s atmosph\u00e8re?<\/p>\n<p style=\"text-align: justify;\">Pour r\u00e9pondre \u00e0 cette question, il faut avoir v\u00e9cu \u00ablive\u00bb ces deux formations ou bien analyser les stimuli corporels g\u00e9n\u00e9r\u00e9s par l\u2019\u00e9coute sur canap\u00e9 des disques mis en pr\u00e9sence. Bouge-t-on dans la fosse? L\u00e8ve-t-on son s\u00e9ant des coussins? 8 musiciens \u00e0 4, en cas de pugilat, la force reviendrait-elle au plus grand nombre?<\/p>\n<figure id=\"attachment_672\" aria-describedby=\"caption-attachment-672\" style=\"width: 600px\" class=\"wp-caption aligncenter\"><img data-recalc-dims=\"1\" loading=\"lazy\" decoding=\"async\" class=\"wp-image-672 size-full\" title=\"Pogues - Megadeth\" src=\"https:\/\/i0.wp.com\/culturesco.com\/wp-content\/uploads\/2018\/10\/pogues-megadeth.jpg?resize=600%2C223&#038;ssl=1\" alt=\"megadeth-pogues\" width=\"600\" height=\"223\" srcset=\"https:\/\/i0.wp.com\/culturesco.com\/wp-content\/uploads\/2018\/10\/pogues-megadeth.jpg?w=600&amp;ssl=1 600w, https:\/\/i0.wp.com\/culturesco.com\/wp-content\/uploads\/2018\/10\/pogues-megadeth.jpg?resize=300%2C112&amp;ssl=1 300w\" sizes=\"auto, (max-width: 600px) 100vw, 600px\" \/><figcaption id=\"caption-attachment-672\" class=\"wp-caption-text\">Megadeth &#8211; The Pogues<\/figcaption><\/figure>\n<p style=\"text-align: justify;\">En mati\u00e8re d\u2019\u00e9lectricit\u00e9, <strong>The Pogues<\/strong>, m\u00eame amplifi\u00e9, pr\u00e9sente une accointance pour l\u2019acoustique alors que <strong>Megadeth<\/strong> consomme l\u2019\u00e9quivalent d\u2019une dizaine de TGV. Pourtant, \u00e9motionnellement parlant, les britanniques bouleversent d\u2019avantage que leurs confr\u00e8res am\u00e9ricains, plut\u00f4t horripilateurs. Du coup, quelle magnifique\u00a0compl\u00e9tude que d\u2019inscrire esth\u00e9sie et ressenti au m\u00eame programme! En 1988, l\u2019actualit\u00e9 est-elle capable\u00a0du m\u00eame exploit?<\/p>\n<h4>The Pogues Bottle of smoke<\/h4>\n<h4><iframe loading=\"lazy\" src=\"https:\/\/www.youtube.com\/embed\/s5OOeuvuoq8\" width=\"560\" height=\"315\" frameborder=\"0\" allowfullscreen=\"allowfullscreen\"><\/iframe><\/h4>\n<h3>L&rsquo;actualit\u00e9 en 1988:<\/h3>\n<p style=\"text-align: justify;\">L\u2019\u00e9corce terrestre tremble \u00e0 la fronti\u00e8re indo-n\u00e9palaise. En cons\u00e9quence, le Gange pr\u00e9sente une flottille de 1450 cadavres. Au Pakistan, <strong>Benazir Buttho<\/strong> devient premier ministre. Commentaire d\u2019un journaliste sportif: <strong><em>\u00abSplendide premier essai transform\u00e9 en terre musulmane!\u00bb<\/em><\/strong>. En URSS, <strong>Mikhail Gorbatchev<\/strong> conceptualise Glasnost et Perestro\u00efca. Cinq ans plus tard, <strong>Yeltsin<\/strong> trinque \u00e0 cette r\u00e9ussite: \u00abHips!\u00bb, \u00e9ructe-t-il. En France, instauration du revenu minimum d\u2019insertion\u00a0(RMI) pour les \u00abd\u00e9sins\u00e9r\u00e9s\u00bb, mais toujours pas de boulot en vue. Par contre, chez les disquaires \u00aben vue\u00bb: <strong>Pixies<\/strong> s\u2019imagine en\u00a0<a href=\"http:\/\/www.augustemarshal.com\/2017\/03\/pixies-where-is-my-mind-franck-black-francis-black-surfa-rosa-joey-santiago-le-blog-rock-auguste-marshal.html\"><strong>Surfer rosa<\/strong><\/a>, rien ne freine <strong>Jane\u2019s Addiction<\/strong> car <strong>Nothing&rsquo;s shocking<\/strong>, <strong>Scorpions<\/strong> pratique le\u00a0<strong>Savage amusement<\/strong>, <a href=\"https:\/\/culturesco.com\/index.php\/2018\/09\/21\/the-cure-dio-en-aout-1985-the-head-on-the-door-et-sacred-heart\/\"><strong>Metallica<\/strong><\/a> r\u00e9clame \u2026 <strong>And justice for all<\/strong>, <strong>U2<\/strong> auto \u00e9value sa musique:\u00a0<strong>Rattle and hum<\/strong>\u00a0et, sous les nuages noirs de la discorde, <strong>Pink Floyd<\/strong> enregistre\u00a0<strong>Delicate sound of thunder<\/strong>.<\/p>\n<h4>Megadeth &#8211; Set the World Afire<\/h4>\n<h4><iframe loading=\"lazy\" src=\"https:\/\/www.youtube.com\/embed\/wB6tJD5-z3o\" width=\"560\" height=\"315\" frameborder=\"0\" allowfullscreen=\"allowfullscreen\"><\/iframe><\/h4>\n<p style=\"text-align: justify;\">En janvier 1988, loin des vicissitudes de leurs contemporains, <strong>The Pogues<\/strong> esp\u00e8rent <strong>If I should fall from grace with God<\/strong>\u00a0 pendant que <strong>Megadeth<\/strong> questionne <strong>So far, so good \u2026 so what?<\/strong>, \u00e9mettant de concert des musiques touchantes, au c\u0153ur pour l\u2019un, au bas-ventre pour l\u2019autre. Mais que ces chansons nous collent le frisson ou qu\u2019elles nous collent au mur, l\u2019essentiel est ailleurs: elles ne nous laissent pas indiff\u00e9rents. Les gigues ou ballades irlandaises de <strong>The Pogues<\/strong> racontent l\u2019oc\u00e9an, les ailes blanches de l\u2019\u00e9cume sur la cr\u00eate des vagues qui viennent mourir sur les c\u00f4tes d\u00e9coup\u00e9es du comt\u00e9 de Clare. Les sharpnels de <strong>Megadeth<\/strong> nous d\u00e9coupent les c\u00f4tes, rougissant la bave aux commissures de nos l\u00e8vres. Avec certitude et de toute \u00e9vidence, nous pouvons en conclure qu\u2019<strong>Irish Kermesse<\/strong> et <strong>Trash Urbain<\/strong> n\u2019ont pas fini de nous s\u00e9duire&#8230; et de nous faire pogoter!<\/p>\n<p>Thierry Dauge &#8211; <strong>Culture Co<\/strong><\/p>\n","protected":false},"excerpt":{"rendered":"<p>The Pogues &#8211; Megadeth &#8211; Janvier 1988 Sur la m\u00eame platine en Janvier 1988 The Pogues, Megadeth ou les deux? Le plus fougueux des deux n\u2019est pas toujours celui ou celle \u00e0 qui l\u2019on pense. Heavy Metal Trash ou Trad\u2019Rock, versus Sailor\u2019s atmosph\u00e8re? Pour r\u00e9pondre \u00e0 cette question, il faut avoir v\u00e9cu \u00ablive\u00bb ces deux [&hellip;]<\/p>\n","protected":false},"author":3,"featured_media":673,"comment_status":"open","ping_status":"open","sticky":false,"template":"","format":"image","meta":{"jetpack_post_was_ever_published":false,"tdm_status":"","tdm_grid_status":"","_jetpack_newsletter_access":"","_jetpack_dont_email_post_to_subs":false,"_jetpack_newsletter_tier_id":0,"_jetpack_memberships_contains_paywalled_content":false,"_jetpack_memberships_contains_paid_content":false,"footnotes":""},"categories":[30],"tags":[37],"class_list":{"0":"post-669","1":"post","2":"type-post","3":"status-publish","4":"format-image","5":"has-post-thumbnail","7":"category-albums-rock","8":"tag-album-rock","9":"post_format-post-format-image"},"yoast_head":"<!-- This site is optimized with the Yoast SEO plugin v27.4 - https:\/\/yoast.com\/product\/yoast-seo-wordpress\/ -->\n<title>The Pogues - Megadeth - Janvier 1988 - Culturesco<\/title>\n<meta name=\"description\" content=\"CulturesCo | The POGUES et MEGADETH ensemble sur la m\u00eame platine , est-ce vraiment possible ? Sortie commune et comparaisons : mai 1980\" \/>\n<meta name=\"robots\" content=\"index, follow, max-snippet:-1, max-image-preview:large, max-video-preview:-1\" \/>\n<link rel=\"canonical\" href=\"https:\/\/culturesco.com\/index.php\/2018\/10\/09\/the-pogues-megadeth-janvier-1988\/\" \/>\n<meta property=\"og:locale\" content=\"fr_FR\" \/>\n<meta property=\"og:type\" content=\"article\" \/>\n<meta property=\"og:title\" content=\"The Pogues - Megadeth - Janvier 1988 - Culturesco\" \/>\n<meta property=\"og:description\" content=\"CulturesCo | The POGUES et MEGADETH ensemble sur la m\u00eame platine , est-ce vraiment possible ? Sortie commune et comparaisons : mai 1980\" \/>\n<meta property=\"og:url\" content=\"https:\/\/culturesco.com\/index.php\/2018\/10\/09\/the-pogues-megadeth-janvier-1988\/\" \/>\n<meta property=\"og:site_name\" content=\"Culturesco\" \/>\n<meta property=\"article:publisher\" content=\"https:\/\/www.facebook.com\/radioculturesco\" \/>\n<meta property=\"article:published_time\" content=\"2018-10-09T20:11:16+00:00\" \/>\n<meta property=\"article:modified_time\" content=\"2019-05-07T21:12:18+00:00\" \/>\n<meta property=\"og:image\" content=\"https:\/\/i1.wp.com\/culturesco.com\/wp-content\/uploads\/2018\/10\/pogues-megadeth-2.jpg?fit=600%2C314&ssl=1\" \/>\n\t<meta property=\"og:image:width\" content=\"600\" \/>\n\t<meta property=\"og:image:height\" content=\"314\" \/>\n\t<meta property=\"og:image:type\" content=\"image\/jpeg\" \/>\n<meta name=\"author\" content=\"Thierry Dauge\" \/>\n<meta name=\"twitter:card\" content=\"summary_large_image\" \/>\n<meta name=\"twitter:creator\" content=\"@AugusteMarshal\" \/>\n<meta name=\"twitter:site\" content=\"@AugusteMarshal\" \/>\n<meta name=\"twitter:label1\" content=\"\u00c9crit par\" \/>\n\t<meta name=\"twitter:data1\" content=\"Thierry Dauge\" \/>\n\t<meta name=\"twitter:label2\" content=\"Dur\u00e9e de lecture estim\u00e9e\" \/>\n\t<meta name=\"twitter:data2\" content=\"3 minutes\" \/>\n<script type=\"application\/ld+json\" class=\"yoast-schema-graph\">{\"@context\":\"https:\\\/\\\/schema.org\",\"@graph\":[{\"@type\":\"Article\",\"@id\":\"https:\\\/\\\/culturesco.com\\\/index.php\\\/2018\\\/10\\\/09\\\/the-pogues-megadeth-janvier-1988\\\/#article\",\"isPartOf\":{\"@id\":\"https:\\\/\\\/culturesco.com\\\/index.php\\\/2018\\\/10\\\/09\\\/the-pogues-megadeth-janvier-1988\\\/\"},\"author\":{\"name\":\"Thierry Dauge\",\"@id\":\"https:\\\/\\\/culturesco.com\\\/#\\\/schema\\\/person\\\/19f04cf232d246197f6e7d62abe6cb0e\"},\"headline\":\"The Pogues &#8211; Megadeth &#8211; Janvier 1988\",\"datePublished\":\"2018-10-09T20:11:16+00:00\",\"dateModified\":\"2019-05-07T21:12:18+00:00\",\"mainEntityOfPage\":{\"@id\":\"https:\\\/\\\/culturesco.com\\\/index.php\\\/2018\\\/10\\\/09\\\/the-pogues-megadeth-janvier-1988\\\/\"},\"wordCount\":520,\"commentCount\":0,\"publisher\":{\"@id\":\"https:\\\/\\\/culturesco.com\\\/#organization\"},\"image\":{\"@id\":\"https:\\\/\\\/culturesco.com\\\/index.php\\\/2018\\\/10\\\/09\\\/the-pogues-megadeth-janvier-1988\\\/#primaryimage\"},\"thumbnailUrl\":\"https:\\\/\\\/i0.wp.com\\\/culturesco.com\\\/wp-content\\\/uploads\\\/2018\\\/10\\\/pogues-megadeth-2.jpg?fit=600%2C314&ssl=1\",\"keywords\":[\"album rock\"],\"articleSection\":[\"Albums rock\"],\"inLanguage\":\"fr-FR\",\"potentialAction\":[{\"@type\":\"CommentAction\",\"name\":\"Comment\",\"target\":[\"https:\\\/\\\/culturesco.com\\\/index.php\\\/2018\\\/10\\\/09\\\/the-pogues-megadeth-janvier-1988\\\/#respond\"]}]},{\"@type\":\"WebPage\",\"@id\":\"https:\\\/\\\/culturesco.com\\\/index.php\\\/2018\\\/10\\\/09\\\/the-pogues-megadeth-janvier-1988\\\/\",\"url\":\"https:\\\/\\\/culturesco.com\\\/index.php\\\/2018\\\/10\\\/09\\\/the-pogues-megadeth-janvier-1988\\\/\",\"name\":\"The Pogues - Megadeth - Janvier 1988 - Culturesco\",\"isPartOf\":{\"@id\":\"https:\\\/\\\/culturesco.com\\\/#website\"},\"primaryImageOfPage\":{\"@id\":\"https:\\\/\\\/culturesco.com\\\/index.php\\\/2018\\\/10\\\/09\\\/the-pogues-megadeth-janvier-1988\\\/#primaryimage\"},\"image\":{\"@id\":\"https:\\\/\\\/culturesco.com\\\/index.php\\\/2018\\\/10\\\/09\\\/the-pogues-megadeth-janvier-1988\\\/#primaryimage\"},\"thumbnailUrl\":\"https:\\\/\\\/i0.wp.com\\\/culturesco.com\\\/wp-content\\\/uploads\\\/2018\\\/10\\\/pogues-megadeth-2.jpg?fit=600%2C314&ssl=1\",\"datePublished\":\"2018-10-09T20:11:16+00:00\",\"dateModified\":\"2019-05-07T21:12:18+00:00\",\"description\":\"CulturesCo | The POGUES et MEGADETH ensemble sur la m\u00eame platine , est-ce vraiment possible ? Sortie commune et comparaisons : mai 1980\",\"breadcrumb\":{\"@id\":\"https:\\\/\\\/culturesco.com\\\/index.php\\\/2018\\\/10\\\/09\\\/the-pogues-megadeth-janvier-1988\\\/#breadcrumb\"},\"inLanguage\":\"fr-FR\",\"potentialAction\":[{\"@type\":\"ReadAction\",\"target\":[\"https:\\\/\\\/culturesco.com\\\/index.php\\\/2018\\\/10\\\/09\\\/the-pogues-megadeth-janvier-1988\\\/\"]}]},{\"@type\":\"ImageObject\",\"inLanguage\":\"fr-FR\",\"@id\":\"https:\\\/\\\/culturesco.com\\\/index.php\\\/2018\\\/10\\\/09\\\/the-pogues-megadeth-janvier-1988\\\/#primaryimage\",\"url\":\"https:\\\/\\\/i0.wp.com\\\/culturesco.com\\\/wp-content\\\/uploads\\\/2018\\\/10\\\/pogues-megadeth-2.jpg?fit=600%2C314&ssl=1\",\"contentUrl\":\"https:\\\/\\\/i0.wp.com\\\/culturesco.com\\\/wp-content\\\/uploads\\\/2018\\\/10\\\/pogues-megadeth-2.jpg?fit=600%2C314&ssl=1\",\"width\":600,\"height\":314,\"caption\":\"Megadeth - The Pogues\"},{\"@type\":\"BreadcrumbList\",\"@id\":\"https:\\\/\\\/culturesco.com\\\/index.php\\\/2018\\\/10\\\/09\\\/the-pogues-megadeth-janvier-1988\\\/#breadcrumb\",\"itemListElement\":[{\"@type\":\"ListItem\",\"position\":1,\"name\":\"Accueil\",\"item\":\"https:\\\/\\\/culturesco.com\\\/\"},{\"@type\":\"ListItem\",\"position\":2,\"name\":\"The Pogues &#8211; Megadeth &#8211; Janvier 1988\"}]},{\"@type\":\"WebSite\",\"@id\":\"https:\\\/\\\/culturesco.com\\\/#website\",\"url\":\"https:\\\/\\\/culturesco.com\\\/\",\"name\":\"Culturesco\",\"description\":\"Culturesco | Un bon coup de pied dans ta Culture\",\"publisher\":{\"@id\":\"https:\\\/\\\/culturesco.com\\\/#organization\"},\"potentialAction\":[{\"@type\":\"SearchAction\",\"target\":{\"@type\":\"EntryPoint\",\"urlTemplate\":\"https:\\\/\\\/culturesco.com\\\/?s={search_term_string}\"},\"query-input\":{\"@type\":\"PropertyValueSpecification\",\"valueRequired\":true,\"valueName\":\"search_term_string\"}}],\"inLanguage\":\"fr-FR\"},{\"@type\":\"Organization\",\"@id\":\"https:\\\/\\\/culturesco.com\\\/#organization\",\"name\":\"CULTURESCO\",\"url\":\"https:\\\/\\\/culturesco.com\\\/\",\"logo\":{\"@type\":\"ImageObject\",\"inLanguage\":\"fr-FR\",\"@id\":\"https:\\\/\\\/culturesco.com\\\/#\\\/schema\\\/logo\\\/image\\\/\",\"url\":\"https:\\\/\\\/i0.wp.com\\\/culturesco.com\\\/wp-content\\\/uploads\\\/2022\\\/04\\\/culturesco-logo-blanc250p.png?fit=250%2C250&ssl=1\",\"contentUrl\":\"https:\\\/\\\/i0.wp.com\\\/culturesco.com\\\/wp-content\\\/uploads\\\/2022\\\/04\\\/culturesco-logo-blanc250p.png?fit=250%2C250&ssl=1\",\"width\":250,\"height\":250,\"caption\":\"CULTURESCO\"},\"image\":{\"@id\":\"https:\\\/\\\/culturesco.com\\\/#\\\/schema\\\/logo\\\/image\\\/\"},\"sameAs\":[\"https:\\\/\\\/www.facebook.com\\\/radioculturesco\",\"https:\\\/\\\/x.com\\\/AugusteMarshal\",\"https:\\\/\\\/www.instagram.com\\\/carotte_rock_culture\\\/\",\"https:\\\/\\\/www.pinterest.fr\\\/augustemarshal\\\/\",\"https:\\\/\\\/www.youtube.com\\\/channel\\\/UCiWLGffqWSXlNnfzp6YwwyQ\"]},{\"@type\":\"Person\",\"@id\":\"https:\\\/\\\/culturesco.com\\\/#\\\/schema\\\/person\\\/19f04cf232d246197f6e7d62abe6cb0e\",\"name\":\"Thierry Dauge\",\"image\":{\"@type\":\"ImageObject\",\"inLanguage\":\"fr-FR\",\"@id\":\"https:\\\/\\\/i0.wp.com\\\/culturesco.com\\\/wp-content\\\/uploads\\\/2018\\\/12\\\/Black-Beauty-and-me.jpg?fit=96%2C96&ssl=1\",\"url\":\"https:\\\/\\\/i0.wp.com\\\/culturesco.com\\\/wp-content\\\/uploads\\\/2018\\\/12\\\/Black-Beauty-and-me.jpg?fit=96%2C96&ssl=1\",\"contentUrl\":\"https:\\\/\\\/i0.wp.com\\\/culturesco.com\\\/wp-content\\\/uploads\\\/2018\\\/12\\\/Black-Beauty-and-me.jpg?fit=96%2C96&ssl=1\",\"caption\":\"Thierry Dauge\"},\"description\":\"Amoureux des 70\u2019s et du hard rock en particulier, Thierry Dauge est chroniqueur sur Culturesco par amour de l\u2019\u00e9criture musicale. Co-auteur du livre\\\"Pop rock - Les instruments de l'ombre\\\" aux \u00e9ditions du Camion Blanc, collaborateur de Vivi pour \\\"Mes Ann\u00e9es Trust\\\", auteur de \\\"Sparks\\\" aux \u00e9ditions du Layeur, parce que le rock est loin d'\u00eatre mort ...\",\"url\":\"https:\\\/\\\/culturesco.com\\\/index.php\\\/author\\\/thierry-dauge888\\\/\"}]}<\/script>\n<!-- \/ Yoast SEO plugin. -->","yoast_head_json":{"title":"The Pogues - Megadeth - Janvier 1988 - Culturesco","description":"CulturesCo | The POGUES et MEGADETH ensemble sur la m\u00eame platine , est-ce vraiment possible ? Sortie commune et comparaisons : mai 1980","robots":{"index":"index","follow":"follow","max-snippet":"max-snippet:-1","max-image-preview":"max-image-preview:large","max-video-preview":"max-video-preview:-1"},"canonical":"https:\/\/culturesco.com\/index.php\/2018\/10\/09\/the-pogues-megadeth-janvier-1988\/","og_locale":"fr_FR","og_type":"article","og_title":"The Pogues - Megadeth - Janvier 1988 - Culturesco","og_description":"CulturesCo | The POGUES et MEGADETH ensemble sur la m\u00eame platine , est-ce vraiment possible ? Sortie commune et comparaisons : mai 1980","og_url":"https:\/\/culturesco.com\/index.php\/2018\/10\/09\/the-pogues-megadeth-janvier-1988\/","og_site_name":"Culturesco","article_publisher":"https:\/\/www.facebook.com\/radioculturesco","article_published_time":"2018-10-09T20:11:16+00:00","article_modified_time":"2019-05-07T21:12:18+00:00","og_image":[{"width":600,"height":314,"url":"https:\/\/i1.wp.com\/culturesco.com\/wp-content\/uploads\/2018\/10\/pogues-megadeth-2.jpg?fit=600%2C314&ssl=1","type":"image\/jpeg"}],"author":"Thierry Dauge","twitter_card":"summary_large_image","twitter_creator":"@AugusteMarshal","twitter_site":"@AugusteMarshal","twitter_misc":{"\u00c9crit par":"Thierry Dauge","Dur\u00e9e de lecture estim\u00e9e":"3 minutes"},"schema":{"@context":"https:\/\/schema.org","@graph":[{"@type":"Article","@id":"https:\/\/culturesco.com\/index.php\/2018\/10\/09\/the-pogues-megadeth-janvier-1988\/#article","isPartOf":{"@id":"https:\/\/culturesco.com\/index.php\/2018\/10\/09\/the-pogues-megadeth-janvier-1988\/"},"author":{"name":"Thierry Dauge","@id":"https:\/\/culturesco.com\/#\/schema\/person\/19f04cf232d246197f6e7d62abe6cb0e"},"headline":"The Pogues &#8211; Megadeth &#8211; Janvier 1988","datePublished":"2018-10-09T20:11:16+00:00","dateModified":"2019-05-07T21:12:18+00:00","mainEntityOfPage":{"@id":"https:\/\/culturesco.com\/index.php\/2018\/10\/09\/the-pogues-megadeth-janvier-1988\/"},"wordCount":520,"commentCount":0,"publisher":{"@id":"https:\/\/culturesco.com\/#organization"},"image":{"@id":"https:\/\/culturesco.com\/index.php\/2018\/10\/09\/the-pogues-megadeth-janvier-1988\/#primaryimage"},"thumbnailUrl":"https:\/\/i0.wp.com\/culturesco.com\/wp-content\/uploads\/2018\/10\/pogues-megadeth-2.jpg?fit=600%2C314&ssl=1","keywords":["album rock"],"articleSection":["Albums rock"],"inLanguage":"fr-FR","potentialAction":[{"@type":"CommentAction","name":"Comment","target":["https:\/\/culturesco.com\/index.php\/2018\/10\/09\/the-pogues-megadeth-janvier-1988\/#respond"]}]},{"@type":"WebPage","@id":"https:\/\/culturesco.com\/index.php\/2018\/10\/09\/the-pogues-megadeth-janvier-1988\/","url":"https:\/\/culturesco.com\/index.php\/2018\/10\/09\/the-pogues-megadeth-janvier-1988\/","name":"The Pogues - Megadeth - Janvier 1988 - Culturesco","isPartOf":{"@id":"https:\/\/culturesco.com\/#website"},"primaryImageOfPage":{"@id":"https:\/\/culturesco.com\/index.php\/2018\/10\/09\/the-pogues-megadeth-janvier-1988\/#primaryimage"},"image":{"@id":"https:\/\/culturesco.com\/index.php\/2018\/10\/09\/the-pogues-megadeth-janvier-1988\/#primaryimage"},"thumbnailUrl":"https:\/\/i0.wp.com\/culturesco.com\/wp-content\/uploads\/2018\/10\/pogues-megadeth-2.jpg?fit=600%2C314&ssl=1","datePublished":"2018-10-09T20:11:16+00:00","dateModified":"2019-05-07T21:12:18+00:00","description":"CulturesCo | The POGUES et MEGADETH ensemble sur la m\u00eame platine , est-ce vraiment possible ? Sortie commune et comparaisons : mai 1980","breadcrumb":{"@id":"https:\/\/culturesco.com\/index.php\/2018\/10\/09\/the-pogues-megadeth-janvier-1988\/#breadcrumb"},"inLanguage":"fr-FR","potentialAction":[{"@type":"ReadAction","target":["https:\/\/culturesco.com\/index.php\/2018\/10\/09\/the-pogues-megadeth-janvier-1988\/"]}]},{"@type":"ImageObject","inLanguage":"fr-FR","@id":"https:\/\/culturesco.com\/index.php\/2018\/10\/09\/the-pogues-megadeth-janvier-1988\/#primaryimage","url":"https:\/\/i0.wp.com\/culturesco.com\/wp-content\/uploads\/2018\/10\/pogues-megadeth-2.jpg?fit=600%2C314&ssl=1","contentUrl":"https:\/\/i0.wp.com\/culturesco.com\/wp-content\/uploads\/2018\/10\/pogues-megadeth-2.jpg?fit=600%2C314&ssl=1","width":600,"height":314,"caption":"Megadeth - The Pogues"},{"@type":"BreadcrumbList","@id":"https:\/\/culturesco.com\/index.php\/2018\/10\/09\/the-pogues-megadeth-janvier-1988\/#breadcrumb","itemListElement":[{"@type":"ListItem","position":1,"name":"Accueil","item":"https:\/\/culturesco.com\/"},{"@type":"ListItem","position":2,"name":"The Pogues &#8211; Megadeth &#8211; Janvier 1988"}]},{"@type":"WebSite","@id":"https:\/\/culturesco.com\/#website","url":"https:\/\/culturesco.com\/","name":"Culturesco","description":"Culturesco | Un bon coup de pied dans ta Culture","publisher":{"@id":"https:\/\/culturesco.com\/#organization"},"potentialAction":[{"@type":"SearchAction","target":{"@type":"EntryPoint","urlTemplate":"https:\/\/culturesco.com\/?s={search_term_string}"},"query-input":{"@type":"PropertyValueSpecification","valueRequired":true,"valueName":"search_term_string"}}],"inLanguage":"fr-FR"},{"@type":"Organization","@id":"https:\/\/culturesco.com\/#organization","name":"CULTURESCO","url":"https:\/\/culturesco.com\/","logo":{"@type":"ImageObject","inLanguage":"fr-FR","@id":"https:\/\/culturesco.com\/#\/schema\/logo\/image\/","url":"https:\/\/i0.wp.com\/culturesco.com\/wp-content\/uploads\/2022\/04\/culturesco-logo-blanc250p.png?fit=250%2C250&ssl=1","contentUrl":"https:\/\/i0.wp.com\/culturesco.com\/wp-content\/uploads\/2022\/04\/culturesco-logo-blanc250p.png?fit=250%2C250&ssl=1","width":250,"height":250,"caption":"CULTURESCO"},"image":{"@id":"https:\/\/culturesco.com\/#\/schema\/logo\/image\/"},"sameAs":["https:\/\/www.facebook.com\/radioculturesco","https:\/\/x.com\/AugusteMarshal","https:\/\/www.instagram.com\/carotte_rock_culture\/","https:\/\/www.pinterest.fr\/augustemarshal\/","https:\/\/www.youtube.com\/channel\/UCiWLGffqWSXlNnfzp6YwwyQ"]},{"@type":"Person","@id":"https:\/\/culturesco.com\/#\/schema\/person\/19f04cf232d246197f6e7d62abe6cb0e","name":"Thierry Dauge","image":{"@type":"ImageObject","inLanguage":"fr-FR","@id":"https:\/\/i0.wp.com\/culturesco.com\/wp-content\/uploads\/2018\/12\/Black-Beauty-and-me.jpg?fit=96%2C96&ssl=1","url":"https:\/\/i0.wp.com\/culturesco.com\/wp-content\/uploads\/2018\/12\/Black-Beauty-and-me.jpg?fit=96%2C96&ssl=1","contentUrl":"https:\/\/i0.wp.com\/culturesco.com\/wp-content\/uploads\/2018\/12\/Black-Beauty-and-me.jpg?fit=96%2C96&ssl=1","caption":"Thierry Dauge"},"description":"Amoureux des 70\u2019s et du hard rock en particulier, Thierry Dauge est chroniqueur sur Culturesco par amour de l\u2019\u00e9criture musicale. Co-auteur du livre\"Pop rock - Les instruments de l'ombre\" aux \u00e9ditions du Camion Blanc, collaborateur de Vivi pour \"Mes Ann\u00e9es Trust\", auteur de \"Sparks\" aux \u00e9ditions du Layeur, parce que le rock est loin d'\u00eatre mort ...","url":"https:\/\/culturesco.com\/index.php\/author\/thierry-dauge888\/"}]}},"jetpack_featured_media_url":"https:\/\/i0.wp.com\/culturesco.com\/wp-content\/uploads\/2018\/10\/pogues-megadeth-2.jpg?fit=600%2C314&ssl=1","jetpack_likes_enabled":true,"jetpack_sharing_enabled":true,"jetpack_shortlink":"https:\/\/wp.me\/paz89I-aN","_links":{"self":[{"href":"https:\/\/culturesco.com\/index.php\/wp-json\/wp\/v2\/posts\/669","targetHints":{"allow":["GET"]}}],"collection":[{"href":"https:\/\/culturesco.com\/index.php\/wp-json\/wp\/v2\/posts"}],"about":[{"href":"https:\/\/culturesco.com\/index.php\/wp-json\/wp\/v2\/types\/post"}],"author":[{"embeddable":true,"href":"https:\/\/culturesco.com\/index.php\/wp-json\/wp\/v2\/users\/3"}],"replies":[{"embeddable":true,"href":"https:\/\/culturesco.com\/index.php\/wp-json\/wp\/v2\/comments?post=669"}],"version-history":[{"count":0,"href":"https:\/\/culturesco.com\/index.php\/wp-json\/wp\/v2\/posts\/669\/revisions"}],"wp:featuredmedia":[{"embeddable":true,"href":"https:\/\/culturesco.com\/index.php\/wp-json\/wp\/v2\/media\/673"}],"wp:attachment":[{"href":"https:\/\/culturesco.com\/index.php\/wp-json\/wp\/v2\/media?parent=669"}],"wp:term":[{"taxonomy":"category","embeddable":true,"href":"https:\/\/culturesco.com\/index.php\/wp-json\/wp\/v2\/categories?post=669"},{"taxonomy":"post_tag","embeddable":true,"href":"https:\/\/culturesco.com\/index.php\/wp-json\/wp\/v2\/tags?post=669"}],"curies":[{"name":"wp","href":"https:\/\/api.w.org\/{rel}","templated":true}]}}