{"id":6626,"date":"2019-06-13T16:36:59","date_gmt":"2019-06-13T14:36:59","guid":{"rendered":"https:\/\/culturesco.com\/?p=6626"},"modified":"2023-12-05T18:19:25","modified_gmt":"2023-12-05T17:19:25","slug":"le-peintre-claude-monet-impressionnisme-et-nympheas-son-histoire-avec-georges-clemenceau","status":"publish","type":"post","link":"https:\/\/culturesco.com\/index.php\/2019\/06\/13\/le-peintre-claude-monet-impressionnisme-et-nympheas-son-histoire-avec-georges-clemenceau\/","title":{"rendered":"Le peintre Claude Monet &#8211; Impressionnisme et Nymph\u00e9as"},"content":{"rendered":"<h2>Monet, le peintre paysagiste<\/h2>\n<figure id=\"attachment_6634\" aria-describedby=\"caption-attachment-6634\" style=\"width: 696px\" class=\"wp-caption aligncenter\"><img data-recalc-dims=\"1\" loading=\"lazy\" decoding=\"async\" class=\"wp-image-6634 size-large\" src=\"https:\/\/i0.wp.com\/culturesco.com\/wp-content\/uploads\/2019\/06\/Art-Claude-Monet-001.jpg?resize=696%2C391&#038;ssl=1\" alt=\"le peintre claude monet citation\" width=\"696\" height=\"391\" srcset=\"https:\/\/i0.wp.com\/culturesco.com\/wp-content\/uploads\/2019\/06\/Art-Claude-Monet-001.jpg?resize=1115%2C627&amp;ssl=1 1115w, https:\/\/i0.wp.com\/culturesco.com\/wp-content\/uploads\/2019\/06\/Art-Claude-Monet-001.jpg?resize=300%2C169&amp;ssl=1 300w, https:\/\/i0.wp.com\/culturesco.com\/wp-content\/uploads\/2019\/06\/Art-Claude-Monet-001.jpg?resize=768%2C432&amp;ssl=1 768w, https:\/\/i0.wp.com\/culturesco.com\/wp-content\/uploads\/2019\/06\/Art-Claude-Monet-001.jpg?resize=696%2C392&amp;ssl=1 696w, https:\/\/i0.wp.com\/culturesco.com\/wp-content\/uploads\/2019\/06\/Art-Claude-Monet-001.jpg?resize=1068%2C601&amp;ssl=1 1068w, https:\/\/i0.wp.com\/culturesco.com\/wp-content\/uploads\/2019\/06\/Art-Claude-Monet-001.jpg?resize=747%2C420&amp;ssl=1 747w, https:\/\/i0.wp.com\/culturesco.com\/wp-content\/uploads\/2019\/06\/Art-Claude-Monet-001.jpg?w=600&amp;ssl=1 600w\" sizes=\"auto, (max-width: 696px) 100vw, 696px\" \/><figcaption id=\"caption-attachment-6634\" class=\"wp-caption-text\">Claude Monet &#8211; Citation<\/figcaption><\/figure>\n<p style=\"text-align: justify\">Le peintre Claude Monet est n\u00e9 le 14 novembre 1840. Tr\u00e8s jeune il orne ses cahiers d\u2019\u00e9colier de dessins dont les ma\u00eetres font les frais dans un premier temps, puis ensuite les bourgeois de sa ville sont sa cible.<\/p>\n<p style=\"text-align: justify\">Eug\u00e8ne Boudin appr\u00e9cie ses caricatures, mais il l\u2019incite \u00e0 \u00e9tudier, \u00e0 observer, \u00e0 peindre\u00a0:<\/p>\n<p style=\"text-align: justify\">\u00ab Faites du paysage \u00bb lui dit-il. Le mot magique est prononc\u00e9, la vie du peintre est trac\u00e9e.<\/p>\n<p style=\"text-align: justify\"><em><strong>\u00ab Mes yeux, \u00e0 la longue, s\u2019ouvrirent, et je compris vraiment la nature\u00a0; j\u2019appris en m\u00eame temps \u00e0 l\u2019aimer \u00bb<\/strong><\/em> dit Claude Monet.<\/p>\n<p style=\"text-align: justify\">En 1859, il part \u00e0 Paris o\u00f9 il rencontre <a href=\"https:\/\/fr.wikipedia.org\/wiki\/Johan_Barthold_Jongkind\" target=\"_blank\" rel=\"noopener noreferrer\"><strong>Joan Barthold Jongking<\/strong><\/a> avec lequel il peint en plein air.<\/p>\n<p style=\"text-align: justify\">Au sujet du peintre hollandais Monet d\u00e9clare\u00a0:<\/p>\n<p style=\"text-align: justify\"><em><strong>\u00ab Il fut, \u00e0 partir de ce moment, mon vrai ma\u00eetre, c\u2019est \u00e0 lui que je dois l\u2019\u00e9ducation d\u00e9finitive de mon \u0153il \u00bb.<\/strong><\/em><\/p>\n<p style=\"text-align: justify\">Apr\u00e8s des ann\u00e9es difficiles financi\u00e8rement, il s\u2019embarque pour Londres. Il visite les mus\u00e9es avec <a href=\"https:\/\/culturesco.com\/index.php\/2019\/02\/15\/camille-pissarro-le-pere-des-impressionnistes-ou-le-premier-peintre-a-comprendre-la-lumiere\/\" target=\"_blank\" rel=\"noopener noreferrer\">Pissarro<\/a>, il d\u00e9couvre Tuner et Constable.<\/p>\n<p style=\"text-align: justify\">A son retour de Londres, Monet s\u2019installe \u00e0 Argenteuil, dans une maison avec un jardin fleuri\u00a0; il d\u00e9couvre l\u2019amour du jardinage.<\/p>\n<p style=\"text-align: justify\">Ce coin de terre devient un haut lieu de l\u2019impressionnisme. On y rencontre Manet, Sisley, Renoir&#8230;<\/p>\n<h3>Laissez-vous guider au c\u0153ur de la vie du ma\u00eetre :<\/h3>\n<p>https:\/\/www.youtube.com\/watch?v=-CoufpN2AC0<\/p>\n<h3>Champ aux coquelicots 1873<\/h3>\n<figure id=\"attachment_6628\" aria-describedby=\"caption-attachment-6628\" style=\"width: 564px\" class=\"wp-caption aligncenter\"><img data-recalc-dims=\"1\" loading=\"lazy\" decoding=\"async\" class=\"wp-image-6628 size-full\" src=\"https:\/\/i0.wp.com\/culturesco.com\/wp-content\/uploads\/2019\/06\/Monet-Les-coquelicots-pr%C3%A8s-de-V%C3%A9theuil-vers-1879.jpg?resize=564%2C447&#038;ssl=1\" alt=\"Champ de coquelicots de Monet\" width=\"564\" height=\"447\" srcset=\"https:\/\/i0.wp.com\/culturesco.com\/wp-content\/uploads\/2019\/06\/Monet-Les-coquelicots-pr%C3%A8s-de-V%C3%A9theuil-vers-1879.jpg?w=564&amp;ssl=1 564w, https:\/\/i0.wp.com\/culturesco.com\/wp-content\/uploads\/2019\/06\/Monet-Les-coquelicots-pr%C3%A8s-de-V%C3%A9theuil-vers-1879.jpg?resize=300%2C238&amp;ssl=1 300w, https:\/\/i0.wp.com\/culturesco.com\/wp-content\/uploads\/2019\/06\/Monet-Les-coquelicots-pr%C3%A8s-de-V%C3%A9theuil-vers-1879.jpg?resize=530%2C420&amp;ssl=1 530w\" sizes=\"auto, (max-width: 564px) 100vw, 564px\" \/><figcaption id=\"caption-attachment-6628\" class=\"wp-caption-text\">Champ de coquelicots \u00e0 V\u00e9theuil<\/figcaption><\/figure>\n<p style=\"text-align: justify\">Le peintre Claude Monet manifeste un grand talent pour les paysages comme le montre ce tableau. Il se dessine en trois parties: au premier plan des taches de couleur rouge pour les coquelicots. En arri\u00e8re un halo de verdure,\u00a0 le feuillage des arbres semble s\u2019agiter; et le ciel, o\u00f9 le pinceau a fermement dessin\u00e9 les nuages.<\/p>\n<h3>Impressionnisme soleil levant<\/h3>\n<figure id=\"attachment_6629\" aria-describedby=\"caption-attachment-6629\" style=\"width: 600px\" class=\"wp-caption aligncenter\"><img data-recalc-dims=\"1\" loading=\"lazy\" decoding=\"async\" class=\"wp-image-6629 size-full\" src=\"https:\/\/i0.wp.com\/culturesco.com\/wp-content\/uploads\/2019\/06\/Monet_Impression_soleil_levant-.jpg?resize=600%2C338&#038;ssl=1\" alt=\"Impression soleil levant de Claude Monet\" width=\"600\" height=\"338\" srcset=\"https:\/\/i0.wp.com\/culturesco.com\/wp-content\/uploads\/2019\/06\/Monet_Impression_soleil_levant-.jpg?w=600&amp;ssl=1 600w, https:\/\/i0.wp.com\/culturesco.com\/wp-content\/uploads\/2019\/06\/Monet_Impression_soleil_levant-.jpg?resize=300%2C169&amp;ssl=1 300w\" sizes=\"auto, (max-width: 600px) 100vw, 600px\" \/><figcaption id=\"caption-attachment-6629\" class=\"wp-caption-text\">Impression soleil levant<\/figcaption><\/figure>\n<h3 style=\"text-align: justify\">En 1874, le peintre expose ce tableau, qui donne son nom au mouvement de l&rsquo;impressionnisme.<\/h3>\n<p style=\"text-align: justify\">La toile est r\u00e9alis\u00e9 avec des couleurs froides, le bleu-vert de la mer. Les barques plac\u00e9es \u00e0 diff\u00e9rents niveaux donnent la profondeur au paysage. Le disque rouge du soleil et son reflet attirent le regard de l\u2019observateur.<\/p>\n<p style=\"text-align: justify\">En arri\u00e8re-plan on distingue le port industriel du Havre.<\/p>\n<p style=\"text-align: justify\">De toute \u00e9vidence, Tuner influence le peintre Claude Monet pour cette toile, dans sa fa\u00e7on de traiter la lumi\u00e8re.<\/p>\n<p style=\"text-align: justify\">Monet fait d\u2019autres expositions avec les impressionnistes. D\u00e9couvrant la notori\u00e9t\u00e9, sa situation financi\u00e8re s\u2019am\u00e9liore et il s\u2019installe alors \u00e0 Giverny. Le peintre commence \u00e0 r\u00e9aliser le proc\u00e9d\u00e9 des s\u00e9ries, avec pour exemple, les toiles repr\u00e9sentant des meules de foin. Il commence cette s\u00e9rie de tableaux \u00e0 l\u2019\u00e9t\u00e9 1890.<\/p>\n<h3 style=\"text-align: justify\">Les meules de foin<\/h3>\n<figure id=\"attachment_6630\" aria-describedby=\"caption-attachment-6630\" style=\"width: 600px\" class=\"wp-caption aligncenter\"><img data-recalc-dims=\"1\" loading=\"lazy\" decoding=\"async\" class=\"wp-image-6630 size-full\" src=\"https:\/\/i0.wp.com\/culturesco.com\/wp-content\/uploads\/2019\/06\/monet.jpg?resize=600%2C348&#038;ssl=1\" alt=\"Meules de foin du peintre Monet\" width=\"600\" height=\"348\" srcset=\"https:\/\/i0.wp.com\/culturesco.com\/wp-content\/uploads\/2019\/06\/monet.jpg?w=600&amp;ssl=1 600w, https:\/\/i0.wp.com\/culturesco.com\/wp-content\/uploads\/2019\/06\/monet.jpg?resize=300%2C174&amp;ssl=1 300w\" sizes=\"auto, (max-width: 600px) 100vw, 600px\" \/><figcaption id=\"caption-attachment-6630\" class=\"wp-caption-text\">Les meules de foin<\/figcaption><\/figure>\n<p style=\"text-align: justify\">Le peintre repr\u00e9sente ce qu\u2019il voit dans les champs pr\u00e8s de sa maison.<\/p>\n<p style=\"text-align: justify\">Il travaille la lumi\u00e8re \u00e0 diff\u00e9rents moments de la journ\u00e9e, et utilise la palette des couleurs qui divergent \u00a0au gr\u00e9 des saisons. Il faut souligner que l\u2019artiste joue aussi sur les perspectives en changeant de point de vue.<\/p>\n<p style=\"text-align: justify\"><strong>Les meules<\/strong> font parti d&rsquo;une s\u00e9rie de vingt cinq tableaux. Un exemplaire de 1886 est h\u00e9berg\u00e9 au mus\u00e9e de <a href=\"https:\/\/culturesco.com\/index.php\/2019\/04\/02\/pourquoi-le-musee-de-l-ermitage-a-saint-petersbourg-est-l-un-des-plus-importants-au-monde-avec-des-oeuvres-de-rembrandt-van-gogh-monet\/\" target=\"_blank\" rel=\"noopener noreferrer\">l&rsquo;Ermitage<\/a> \u00e0 Saint-P\u00e9tersbourg.<\/p>\n<figure id=\"attachment_6631\" aria-describedby=\"caption-attachment-6631\" style=\"width: 600px\" class=\"wp-caption aligncenter\"><img data-recalc-dims=\"1\" loading=\"lazy\" decoding=\"async\" class=\"wp-image-6631 size-full\" src=\"https:\/\/i0.wp.com\/culturesco.com\/wp-content\/uploads\/2019\/06\/claude-monet-les-meules.jpg?resize=600%2C444&#038;ssl=1\" alt=\"Les meules de foin de Monet\" width=\"600\" height=\"444\" srcset=\"https:\/\/i0.wp.com\/culturesco.com\/wp-content\/uploads\/2019\/06\/claude-monet-les-meules.jpg?w=600&amp;ssl=1 600w, https:\/\/i0.wp.com\/culturesco.com\/wp-content\/uploads\/2019\/06\/claude-monet-les-meules.jpg?resize=300%2C222&amp;ssl=1 300w, https:\/\/i0.wp.com\/culturesco.com\/wp-content\/uploads\/2019\/06\/claude-monet-les-meules.jpg?resize=80%2C60&amp;ssl=1 80w, https:\/\/i0.wp.com\/culturesco.com\/wp-content\/uploads\/2019\/06\/claude-monet-les-meules.jpg?resize=567%2C420&amp;ssl=1 567w\" sizes=\"auto, (max-width: 600px) 100vw, 600px\" \/><figcaption id=\"caption-attachment-6631\" class=\"wp-caption-text\">Les meules de foin<\/figcaption><\/figure>\n<h3>Le Cycle des Nymph\u00e9as<\/h3>\n<p style=\"text-align: justify\">C\u2019est l\u2019une des plus vastes r\u00e9alisations de la peinture du d\u00e9but du XX\u00e8me si\u00e8cle.<\/p>\n<p style=\"text-align: justify\">Cet ensemble unique occupe Monet de la fin des ann\u00e9es 1890 jusqu\u2019\u00e0 sa mort en 1926. Le jardin d\u2019eau de la propri\u00e9t\u00e9 du peintre \u00e0 Giverny est la source d\u2019inspiration.<\/p>\n<p style=\"text-align: justify\">Dans cet ensemble deux compositions sont d\u00e9finies\u00a0:<\/p>\n<p style=\"text-align: justify\">La premi\u00e8re, les Bassins aux Nymph\u00e9as avec une v\u00e9g\u00e9tation fournie, un pont japonais, des rives d\u00e9limit\u00e9es.<\/p>\n<p><img data-recalc-dims=\"1\" loading=\"lazy\" decoding=\"async\" class=\"size-full wp-image-6632 aligncenter\" src=\"https:\/\/i0.wp.com\/culturesco.com\/wp-content\/uploads\/2019\/06\/Monet-Bassin-aux-nymph%C3%A9as-harmonie-verte.jpg?resize=480%2C600&#038;ssl=1\" alt=\"le bassin aux Nymph\u00e9as\" width=\"480\" height=\"600\" srcset=\"https:\/\/i0.wp.com\/culturesco.com\/wp-content\/uploads\/2019\/06\/Monet-Bassin-aux-nymph%C3%A9as-harmonie-verte.jpg?w=480&amp;ssl=1 480w, https:\/\/i0.wp.com\/culturesco.com\/wp-content\/uploads\/2019\/06\/Monet-Bassin-aux-nymph%C3%A9as-harmonie-verte.jpg?resize=240%2C300&amp;ssl=1 240w, https:\/\/i0.wp.com\/culturesco.com\/wp-content\/uploads\/2019\/06\/Monet-Bassin-aux-nymph%C3%A9as-harmonie-verte.jpg?resize=336%2C420&amp;ssl=1 336w\" sizes=\"auto, (max-width: 480px) 100vw, 480px\" \/><\/p>\n<p>La seconde est un paysage d\u2019eau inond\u00e9 de nymph\u00e9as, des branches de saule et des reflets d\u2019arbres et de nuages.<\/p>\n<p><img data-recalc-dims=\"1\" loading=\"lazy\" decoding=\"async\" class=\"size-full wp-image-6633 aligncenter\" src=\"https:\/\/i0.wp.com\/culturesco.com\/wp-content\/uploads\/2019\/06\/838_les-nympheas-chapelle-sixtine-de-limpressionnisme.jpg?resize=600%2C300&#038;ssl=1\" alt=\"Les Nymph\u00e9as\" width=\"600\" height=\"300\" srcset=\"https:\/\/i0.wp.com\/culturesco.com\/wp-content\/uploads\/2019\/06\/838_les-nympheas-chapelle-sixtine-de-limpressionnisme.jpg?w=600&amp;ssl=1 600w, https:\/\/i0.wp.com\/culturesco.com\/wp-content\/uploads\/2019\/06\/838_les-nympheas-chapelle-sixtine-de-limpressionnisme.jpg?resize=300%2C150&amp;ssl=1 300w\" sizes=\"auto, (max-width: 600px) 100vw, 600px\" \/><\/p>\n<p style=\"text-align: justify\"><em><strong>\u00ab C\u2019est une onde sans horizon et sans rivage \u00bb<\/strong><\/em> dira Monet.<\/p>\n<p style=\"text-align: justify\">La composition est une \u0153uvre de pr\u00e8s de 300 tableaux dont plus de quarante panneaux de grandes dimensions.<\/p>\n<h3 style=\"text-align: justify\">Le peintre Claude Monet et Clemenceau<\/h3>\n<p style=\"text-align: justify\">A la mort de son fils, le peintre \u00ab\u00a0entreprend un grand travail\u00a0\u00bb. Il veut agencer le th\u00e8me des nymph\u00e9as le long des murs.<\/p>\n<p style=\"text-align: justify\">La t\u00e2che est immense et sem\u00e9e d\u2019obstacles. Son ami Georges Clemenceau\u00a0lui apporte alors son soutien. Ensemble, les deux hommes partagent les m\u00eames id\u00e9es r\u00e9publicaines et l\u2019amour des arts.<\/p>\n<p style=\"text-align: justify\">Monet poursuit son travail pendant la guerre.<\/p>\n<p style=\"text-align: justify\">Le 12 novembre 1918, le peintre \u00e9crit \u00e0 <a href=\"https:\/\/fr.wikipedia.org\/wiki\/Georges_Clemenceau\" target=\"_blank\" rel=\"noopener noreferrer\">Georges Clemenceau\u00a0<\/a>:<\/p>\n<blockquote>\n<h3 style=\"text-align: justify\"><em>\u00abJe suis \u00e0 la veille de terminer deux panneaux d\u00e9coratifs, que je veux signer du jour de la victoire, et viens vous demander de les offrir \u00e0 l\u2019Etat, par votre interm\u00e9diaire \u00bb<\/em><\/h3>\n<\/blockquote>\n<p style=\"text-align: justify\">C\u2019est en 1920 que la donation aboutit.<\/p>\n<p style=\"text-align: justify\">Clemenceau a persuad\u00e9 l&rsquo;artiste d\u2019\u00e9tendre le don de deux panneaux des nymph\u00e9as \u00e0 la totalit\u00e9 de l\u2019ensemble d\u00e9coratif.<\/p>\n<p style=\"text-align: justify\">Par cons\u00e9quent, \u00e0 la mort du peintre Claude Monet, Clemenceau met tout en \u0153uvre pour que les salles qui h\u00e9bergent les toiles soient \u00e9labor\u00e9es selon ses volont\u00e9s.<\/p>\n<p style=\"text-align: justify\">Les \u0153uvres s&rsquo;installent au mus\u00e9e de l\u2019Orangerie. Une lumi\u00e8re z\u00e9nithale inonde l\u2019espace o\u00f9 sont les panneaux.<\/p>\n<p style=\"text-align: justify\">Les Nymph\u00e9as passent \u00e0 la post\u00e9rit\u00e9, certains critiques \u00e9voquant la \u00ab\u00a0Sixtine de l\u2019impressionnisme\u00a0\u00bb, quand d&rsquo;autres sugg\u00e8rent le \u00ab\u00a0ferment d\u2019une peinture nouvelle\u00a0\u00bb. Monet a alors atteint \u00ab\u00a0<em><strong>l&rsquo;apog\u00e9e de sa qu\u00eate artistique<\/strong><\/em>\u00ab\u00a0.<\/p>\n<p>Nic Blanchard-Thibault<\/p>\n<p>A lire \u00e9galement :<\/p>\n<ul>\n<li><a href=\"https:\/\/culturesco.com\/index.php\/2018\/12\/20\/museum-picasso-de-barcelone-les-premieres-oeuvres-de-pablo-picasso\/\" target=\"_blank\" rel=\"noopener noreferrer\">Picasso \u2013 Mus\u00e9e de Barcelone, ses premi\u00e8res \u0153uvres<\/a><\/li>\n<li><a href=\"https:\/\/culturesco.com\/index.php\/2018\/10\/02\/monet-l-ame-du-mouvement-impressionniste-au-musee-de-l-ermitage-st-petersbourg-hermitage\/\" target=\"_blank\" rel=\"noopener noreferrer\">Claude MONET \u2013 L\u2019 Impressionnisme au Mus\u00e9e de l\u2019Ermitage<\/a><\/li>\n<li><a href=\"https:\/\/culturesco.com\/index.php\/2019\/01\/04\/la-collection-du-docteur-barnes\/\" target=\"_blank\" rel=\"noopener noreferrer\">Fondation Barnes, la fabuleuse collection du Docteur<\/a><\/li>\n<li><a href=\"https:\/\/culturesco.com\/index.php\/2018\/11\/06\/auguste-renoir-impressionnisme-et-periode-nacree\/\" target=\"_blank\" rel=\"noopener noreferrer\">Auguste Renoir \u2013 De l\u2019impressionnisme \u00e0 la p\u00e9riode nacr\u00e9e<\/a><\/li>\n<\/ul>\n","protected":false},"excerpt":{"rendered":"<p>Monet, le peintre paysagiste Le peintre Claude Monet est n\u00e9 le 14 novembre 1840. Tr\u00e8s jeune il orne ses cahiers d\u2019\u00e9colier de dessins dont les ma\u00eetres font les frais dans un premier temps, puis ensuite les bourgeois de sa ville sont sa cible. Eug\u00e8ne Boudin appr\u00e9cie ses caricatures, mais il l\u2019incite \u00e0 \u00e9tudier, \u00e0 observer, [&hellip;]<\/p>\n","protected":false},"author":6,"featured_media":6634,"comment_status":"open","ping_status":"closed","sticky":false,"template":"","format":"image","meta":{"jetpack_post_was_ever_published":false,"tdm_status":"","tdm_grid_status":"","_jetpack_newsletter_access":"","_jetpack_dont_email_post_to_subs":false,"_jetpack_newsletter_tier_id":0,"_jetpack_memberships_contains_paywalled_content":false,"_jetpack_memberships_contains_paid_content":false,"footnotes":""},"categories":[1],"tags":[49],"class_list":{"0":"post-6626","1":"post","2":"type-post","3":"status-publish","4":"format-image","5":"has-post-thumbnail","7":"category-peinture","8":"tag-grands-peintres","9":"post_format-post-format-image"},"yoast_head":"<!-- This site is optimized with the Yoast SEO plugin v27.5 - https:\/\/yoast.com\/product\/yoast-seo-wordpress\/ -->\n<title>Le peintre Claude Monet - Impressionnisme et Nymph\u00e9as - Culturesco<\/title>\n<meta name=\"description\" content=\"CulturesCo | Le peintre Claude Monet, chef de file de l&#039;impressionnisme. D\u00e9couvrez l&#039;origine des Nymph\u00e9as, l&#039;influence de Georges Clemenceau\" \/>\n<meta name=\"robots\" content=\"index, follow, max-snippet:-1, max-image-preview:large, max-video-preview:-1\" \/>\n<link rel=\"canonical\" href=\"https:\/\/culturesco.com\/index.php\/2019\/06\/13\/le-peintre-claude-monet-impressionnisme-et-nympheas-son-histoire-avec-georges-clemenceau\/\" \/>\n<meta property=\"og:locale\" content=\"fr_FR\" \/>\n<meta property=\"og:type\" content=\"article\" \/>\n<meta property=\"og:title\" content=\"Le peintre Claude Monet - Impressionnisme et Nymph\u00e9as - Culturesco\" \/>\n<meta property=\"og:description\" content=\"CulturesCo | Le peintre Claude Monet, chef de file de l&#039;impressionnisme. D\u00e9couvrez l&#039;origine des Nymph\u00e9as, l&#039;influence de Georges Clemenceau\" \/>\n<meta property=\"og:url\" content=\"https:\/\/culturesco.com\/index.php\/2019\/06\/13\/le-peintre-claude-monet-impressionnisme-et-nympheas-son-histoire-avec-georges-clemenceau\/\" \/>\n<meta property=\"og:site_name\" content=\"Culturesco\" \/>\n<meta property=\"article:publisher\" content=\"https:\/\/www.facebook.com\/radioculturesco\" \/>\n<meta property=\"article:published_time\" content=\"2019-06-13T14:36:59+00:00\" \/>\n<meta property=\"article:modified_time\" content=\"2023-12-05T17:19:25+00:00\" \/>\n<meta property=\"og:image\" content=\"https:\/\/culturesco.com\/wp-content\/uploads\/2019\/06\/Art-Claude-Monet-001.jpg\" \/>\n\t<meta property=\"og:image:width\" content=\"600\" \/>\n\t<meta property=\"og:image:height\" content=\"338\" \/>\n\t<meta property=\"og:image:type\" content=\"image\/jpeg\" \/>\n<meta name=\"author\" content=\"Nic Blanchard-Thibault\" \/>\n<meta name=\"twitter:card\" content=\"summary_large_image\" \/>\n<meta name=\"twitter:creator\" content=\"@AugusteMarshal\" \/>\n<meta name=\"twitter:site\" content=\"@AugusteMarshal\" \/>\n<meta name=\"twitter:label1\" content=\"\u00c9crit par\" \/>\n\t<meta name=\"twitter:data1\" content=\"Nic Blanchard-Thibault\" \/>\n\t<meta name=\"twitter:label2\" content=\"Dur\u00e9e de lecture estim\u00e9e\" \/>\n\t<meta name=\"twitter:data2\" content=\"6 minutes\" \/>\n<script type=\"application\/ld+json\" class=\"yoast-schema-graph\">{\"@context\":\"https:\\\/\\\/schema.org\",\"@graph\":[{\"@type\":\"Article\",\"@id\":\"https:\\\/\\\/culturesco.com\\\/index.php\\\/2019\\\/06\\\/13\\\/le-peintre-claude-monet-impressionnisme-et-nympheas-son-histoire-avec-georges-clemenceau\\\/#article\",\"isPartOf\":{\"@id\":\"https:\\\/\\\/culturesco.com\\\/index.php\\\/2019\\\/06\\\/13\\\/le-peintre-claude-monet-impressionnisme-et-nympheas-son-histoire-avec-georges-clemenceau\\\/\"},\"author\":{\"name\":\"Nic Blanchard-Thibault\",\"@id\":\"https:\\\/\\\/culturesco.com\\\/#\\\/schema\\\/person\\\/92b4537ac6a2a09eb2304e8bdd0f5919\"},\"headline\":\"Le peintre Claude Monet &#8211; Impressionnisme et Nymph\u00e9as\",\"datePublished\":\"2019-06-13T14:36:59+00:00\",\"dateModified\":\"2023-12-05T17:19:25+00:00\",\"mainEntityOfPage\":{\"@id\":\"https:\\\/\\\/culturesco.com\\\/index.php\\\/2019\\\/06\\\/13\\\/le-peintre-claude-monet-impressionnisme-et-nympheas-son-histoire-avec-georges-clemenceau\\\/\"},\"wordCount\":1000,\"commentCount\":0,\"publisher\":{\"@id\":\"https:\\\/\\\/culturesco.com\\\/#organization\"},\"image\":{\"@id\":\"https:\\\/\\\/culturesco.com\\\/index.php\\\/2019\\\/06\\\/13\\\/le-peintre-claude-monet-impressionnisme-et-nympheas-son-histoire-avec-georges-clemenceau\\\/#primaryimage\"},\"thumbnailUrl\":\"https:\\\/\\\/i0.wp.com\\\/culturesco.com\\\/wp-content\\\/uploads\\\/2019\\\/06\\\/Art-Claude-Monet-001.jpg?fit=600%2C338&ssl=1\",\"keywords\":[\"Grands Peintres\"],\"articleSection\":[\"Peinture\"],\"inLanguage\":\"fr-FR\",\"potentialAction\":[{\"@type\":\"CommentAction\",\"name\":\"Comment\",\"target\":[\"https:\\\/\\\/culturesco.com\\\/index.php\\\/2019\\\/06\\\/13\\\/le-peintre-claude-monet-impressionnisme-et-nympheas-son-histoire-avec-georges-clemenceau\\\/#respond\"]}]},{\"@type\":\"WebPage\",\"@id\":\"https:\\\/\\\/culturesco.com\\\/index.php\\\/2019\\\/06\\\/13\\\/le-peintre-claude-monet-impressionnisme-et-nympheas-son-histoire-avec-georges-clemenceau\\\/\",\"url\":\"https:\\\/\\\/culturesco.com\\\/index.php\\\/2019\\\/06\\\/13\\\/le-peintre-claude-monet-impressionnisme-et-nympheas-son-histoire-avec-georges-clemenceau\\\/\",\"name\":\"Le peintre Claude Monet - Impressionnisme et Nymph\u00e9as - Culturesco\",\"isPartOf\":{\"@id\":\"https:\\\/\\\/culturesco.com\\\/#website\"},\"primaryImageOfPage\":{\"@id\":\"https:\\\/\\\/culturesco.com\\\/index.php\\\/2019\\\/06\\\/13\\\/le-peintre-claude-monet-impressionnisme-et-nympheas-son-histoire-avec-georges-clemenceau\\\/#primaryimage\"},\"image\":{\"@id\":\"https:\\\/\\\/culturesco.com\\\/index.php\\\/2019\\\/06\\\/13\\\/le-peintre-claude-monet-impressionnisme-et-nympheas-son-histoire-avec-georges-clemenceau\\\/#primaryimage\"},\"thumbnailUrl\":\"https:\\\/\\\/i0.wp.com\\\/culturesco.com\\\/wp-content\\\/uploads\\\/2019\\\/06\\\/Art-Claude-Monet-001.jpg?fit=600%2C338&ssl=1\",\"datePublished\":\"2019-06-13T14:36:59+00:00\",\"dateModified\":\"2023-12-05T17:19:25+00:00\",\"description\":\"CulturesCo | Le peintre Claude Monet, chef de file de l'impressionnisme. D\u00e9couvrez l'origine des Nymph\u00e9as, l'influence de Georges Clemenceau\",\"breadcrumb\":{\"@id\":\"https:\\\/\\\/culturesco.com\\\/index.php\\\/2019\\\/06\\\/13\\\/le-peintre-claude-monet-impressionnisme-et-nympheas-son-histoire-avec-georges-clemenceau\\\/#breadcrumb\"},\"inLanguage\":\"fr-FR\",\"potentialAction\":[{\"@type\":\"ReadAction\",\"target\":[\"https:\\\/\\\/culturesco.com\\\/index.php\\\/2019\\\/06\\\/13\\\/le-peintre-claude-monet-impressionnisme-et-nympheas-son-histoire-avec-georges-clemenceau\\\/\"]}]},{\"@type\":\"ImageObject\",\"inLanguage\":\"fr-FR\",\"@id\":\"https:\\\/\\\/culturesco.com\\\/index.php\\\/2019\\\/06\\\/13\\\/le-peintre-claude-monet-impressionnisme-et-nympheas-son-histoire-avec-georges-clemenceau\\\/#primaryimage\",\"url\":\"https:\\\/\\\/i0.wp.com\\\/culturesco.com\\\/wp-content\\\/uploads\\\/2019\\\/06\\\/Art-Claude-Monet-001.jpg?fit=600%2C338&ssl=1\",\"contentUrl\":\"https:\\\/\\\/i0.wp.com\\\/culturesco.com\\\/wp-content\\\/uploads\\\/2019\\\/06\\\/Art-Claude-Monet-001.jpg?fit=600%2C338&ssl=1\",\"width\":600,\"height\":338,\"caption\":\"CCo\"},{\"@type\":\"BreadcrumbList\",\"@id\":\"https:\\\/\\\/culturesco.com\\\/index.php\\\/2019\\\/06\\\/13\\\/le-peintre-claude-monet-impressionnisme-et-nympheas-son-histoire-avec-georges-clemenceau\\\/#breadcrumb\",\"itemListElement\":[{\"@type\":\"ListItem\",\"position\":1,\"name\":\"Accueil\",\"item\":\"https:\\\/\\\/culturesco.com\\\/\"},{\"@type\":\"ListItem\",\"position\":2,\"name\":\"Le peintre Claude Monet &#8211; Impressionnisme et Nymph\u00e9as\"}]},{\"@type\":\"WebSite\",\"@id\":\"https:\\\/\\\/culturesco.com\\\/#website\",\"url\":\"https:\\\/\\\/culturesco.com\\\/\",\"name\":\"Culturesco\",\"description\":\"Culturesco | Un bon coup de pied dans ta Culture\",\"publisher\":{\"@id\":\"https:\\\/\\\/culturesco.com\\\/#organization\"},\"potentialAction\":[{\"@type\":\"SearchAction\",\"target\":{\"@type\":\"EntryPoint\",\"urlTemplate\":\"https:\\\/\\\/culturesco.com\\\/?s={search_term_string}\"},\"query-input\":{\"@type\":\"PropertyValueSpecification\",\"valueRequired\":true,\"valueName\":\"search_term_string\"}}],\"inLanguage\":\"fr-FR\"},{\"@type\":\"Organization\",\"@id\":\"https:\\\/\\\/culturesco.com\\\/#organization\",\"name\":\"CULTURESCO\",\"url\":\"https:\\\/\\\/culturesco.com\\\/\",\"logo\":{\"@type\":\"ImageObject\",\"inLanguage\":\"fr-FR\",\"@id\":\"https:\\\/\\\/culturesco.com\\\/#\\\/schema\\\/logo\\\/image\\\/\",\"url\":\"https:\\\/\\\/i0.wp.com\\\/culturesco.com\\\/wp-content\\\/uploads\\\/2022\\\/04\\\/culturesco-logo-blanc250p.png?fit=250%2C250&ssl=1\",\"contentUrl\":\"https:\\\/\\\/i0.wp.com\\\/culturesco.com\\\/wp-content\\\/uploads\\\/2022\\\/04\\\/culturesco-logo-blanc250p.png?fit=250%2C250&ssl=1\",\"width\":250,\"height\":250,\"caption\":\"CULTURESCO\"},\"image\":{\"@id\":\"https:\\\/\\\/culturesco.com\\\/#\\\/schema\\\/logo\\\/image\\\/\"},\"sameAs\":[\"https:\\\/\\\/www.facebook.com\\\/radioculturesco\",\"https:\\\/\\\/x.com\\\/AugusteMarshal\",\"https:\\\/\\\/www.instagram.com\\\/carotte_rock_culture\\\/\",\"https:\\\/\\\/www.pinterest.fr\\\/augustemarshal\\\/\",\"https:\\\/\\\/www.youtube.com\\\/channel\\\/UCiWLGffqWSXlNnfzp6YwwyQ\"]},{\"@type\":\"Person\",\"@id\":\"https:\\\/\\\/culturesco.com\\\/#\\\/schema\\\/person\\\/92b4537ac6a2a09eb2304e8bdd0f5919\",\"name\":\"Nic Blanchard-Thibault\",\"image\":{\"@type\":\"ImageObject\",\"inLanguage\":\"fr-FR\",\"@id\":\"https:\\\/\\\/i0.wp.com\\\/culturesco.com\\\/wp-content\\\/uploads\\\/2019\\\/01\\\/nic-blanchard-Thibault.jpg?fit=96%2C79&ssl=1\",\"url\":\"https:\\\/\\\/i0.wp.com\\\/culturesco.com\\\/wp-content\\\/uploads\\\/2019\\\/01\\\/nic-blanchard-Thibault.jpg?fit=96%2C79&ssl=1\",\"contentUrl\":\"https:\\\/\\\/i0.wp.com\\\/culturesco.com\\\/wp-content\\\/uploads\\\/2019\\\/01\\\/nic-blanchard-Thibault.jpg?fit=96%2C79&ssl=1\",\"caption\":\"Nic Blanchard-Thibault\"},\"description\":\"Auteur sur le Blog CulturesCo - Administratrice de la page Facebook Radio Culturesco et du groupe Facebook Radio Cultures and Co - Sp\u00e9cialit\u00e9s : Peinture - Litt\u00e9rature\",\"url\":\"https:\\\/\\\/culturesco.com\\\/index.php\\\/author\\\/nic-blanchard-thibault\\\/\"}]}<\/script>\n<!-- \/ Yoast SEO plugin. -->","yoast_head_json":{"title":"Le peintre Claude Monet - Impressionnisme et Nymph\u00e9as - Culturesco","description":"CulturesCo | Le peintre Claude Monet, chef de file de l'impressionnisme. D\u00e9couvrez l'origine des Nymph\u00e9as, l'influence de Georges Clemenceau","robots":{"index":"index","follow":"follow","max-snippet":"max-snippet:-1","max-image-preview":"max-image-preview:large","max-video-preview":"max-video-preview:-1"},"canonical":"https:\/\/culturesco.com\/index.php\/2019\/06\/13\/le-peintre-claude-monet-impressionnisme-et-nympheas-son-histoire-avec-georges-clemenceau\/","og_locale":"fr_FR","og_type":"article","og_title":"Le peintre Claude Monet - Impressionnisme et Nymph\u00e9as - Culturesco","og_description":"CulturesCo | Le peintre Claude Monet, chef de file de l'impressionnisme. D\u00e9couvrez l'origine des Nymph\u00e9as, l'influence de Georges Clemenceau","og_url":"https:\/\/culturesco.com\/index.php\/2019\/06\/13\/le-peintre-claude-monet-impressionnisme-et-nympheas-son-histoire-avec-georges-clemenceau\/","og_site_name":"Culturesco","article_publisher":"https:\/\/www.facebook.com\/radioculturesco","article_published_time":"2019-06-13T14:36:59+00:00","article_modified_time":"2023-12-05T17:19:25+00:00","og_image":[{"width":600,"height":338,"url":"https:\/\/culturesco.com\/wp-content\/uploads\/2019\/06\/Art-Claude-Monet-001.jpg","type":"image\/jpeg"}],"author":"Nic Blanchard-Thibault","twitter_card":"summary_large_image","twitter_creator":"@AugusteMarshal","twitter_site":"@AugusteMarshal","twitter_misc":{"\u00c9crit par":"Nic Blanchard-Thibault","Dur\u00e9e de lecture estim\u00e9e":"6 minutes"},"schema":{"@context":"https:\/\/schema.org","@graph":[{"@type":"Article","@id":"https:\/\/culturesco.com\/index.php\/2019\/06\/13\/le-peintre-claude-monet-impressionnisme-et-nympheas-son-histoire-avec-georges-clemenceau\/#article","isPartOf":{"@id":"https:\/\/culturesco.com\/index.php\/2019\/06\/13\/le-peintre-claude-monet-impressionnisme-et-nympheas-son-histoire-avec-georges-clemenceau\/"},"author":{"name":"Nic Blanchard-Thibault","@id":"https:\/\/culturesco.com\/#\/schema\/person\/92b4537ac6a2a09eb2304e8bdd0f5919"},"headline":"Le peintre Claude Monet &#8211; Impressionnisme et Nymph\u00e9as","datePublished":"2019-06-13T14:36:59+00:00","dateModified":"2023-12-05T17:19:25+00:00","mainEntityOfPage":{"@id":"https:\/\/culturesco.com\/index.php\/2019\/06\/13\/le-peintre-claude-monet-impressionnisme-et-nympheas-son-histoire-avec-georges-clemenceau\/"},"wordCount":1000,"commentCount":0,"publisher":{"@id":"https:\/\/culturesco.com\/#organization"},"image":{"@id":"https:\/\/culturesco.com\/index.php\/2019\/06\/13\/le-peintre-claude-monet-impressionnisme-et-nympheas-son-histoire-avec-georges-clemenceau\/#primaryimage"},"thumbnailUrl":"https:\/\/i0.wp.com\/culturesco.com\/wp-content\/uploads\/2019\/06\/Art-Claude-Monet-001.jpg?fit=600%2C338&ssl=1","keywords":["Grands Peintres"],"articleSection":["Peinture"],"inLanguage":"fr-FR","potentialAction":[{"@type":"CommentAction","name":"Comment","target":["https:\/\/culturesco.com\/index.php\/2019\/06\/13\/le-peintre-claude-monet-impressionnisme-et-nympheas-son-histoire-avec-georges-clemenceau\/#respond"]}]},{"@type":"WebPage","@id":"https:\/\/culturesco.com\/index.php\/2019\/06\/13\/le-peintre-claude-monet-impressionnisme-et-nympheas-son-histoire-avec-georges-clemenceau\/","url":"https:\/\/culturesco.com\/index.php\/2019\/06\/13\/le-peintre-claude-monet-impressionnisme-et-nympheas-son-histoire-avec-georges-clemenceau\/","name":"Le peintre Claude Monet - Impressionnisme et Nymph\u00e9as - Culturesco","isPartOf":{"@id":"https:\/\/culturesco.com\/#website"},"primaryImageOfPage":{"@id":"https:\/\/culturesco.com\/index.php\/2019\/06\/13\/le-peintre-claude-monet-impressionnisme-et-nympheas-son-histoire-avec-georges-clemenceau\/#primaryimage"},"image":{"@id":"https:\/\/culturesco.com\/index.php\/2019\/06\/13\/le-peintre-claude-monet-impressionnisme-et-nympheas-son-histoire-avec-georges-clemenceau\/#primaryimage"},"thumbnailUrl":"https:\/\/i0.wp.com\/culturesco.com\/wp-content\/uploads\/2019\/06\/Art-Claude-Monet-001.jpg?fit=600%2C338&ssl=1","datePublished":"2019-06-13T14:36:59+00:00","dateModified":"2023-12-05T17:19:25+00:00","description":"CulturesCo | Le peintre Claude Monet, chef de file de l'impressionnisme. D\u00e9couvrez l'origine des Nymph\u00e9as, l'influence de Georges Clemenceau","breadcrumb":{"@id":"https:\/\/culturesco.com\/index.php\/2019\/06\/13\/le-peintre-claude-monet-impressionnisme-et-nympheas-son-histoire-avec-georges-clemenceau\/#breadcrumb"},"inLanguage":"fr-FR","potentialAction":[{"@type":"ReadAction","target":["https:\/\/culturesco.com\/index.php\/2019\/06\/13\/le-peintre-claude-monet-impressionnisme-et-nympheas-son-histoire-avec-georges-clemenceau\/"]}]},{"@type":"ImageObject","inLanguage":"fr-FR","@id":"https:\/\/culturesco.com\/index.php\/2019\/06\/13\/le-peintre-claude-monet-impressionnisme-et-nympheas-son-histoire-avec-georges-clemenceau\/#primaryimage","url":"https:\/\/i0.wp.com\/culturesco.com\/wp-content\/uploads\/2019\/06\/Art-Claude-Monet-001.jpg?fit=600%2C338&ssl=1","contentUrl":"https:\/\/i0.wp.com\/culturesco.com\/wp-content\/uploads\/2019\/06\/Art-Claude-Monet-001.jpg?fit=600%2C338&ssl=1","width":600,"height":338,"caption":"CCo"},{"@type":"BreadcrumbList","@id":"https:\/\/culturesco.com\/index.php\/2019\/06\/13\/le-peintre-claude-monet-impressionnisme-et-nympheas-son-histoire-avec-georges-clemenceau\/#breadcrumb","itemListElement":[{"@type":"ListItem","position":1,"name":"Accueil","item":"https:\/\/culturesco.com\/"},{"@type":"ListItem","position":2,"name":"Le peintre Claude Monet &#8211; Impressionnisme et Nymph\u00e9as"}]},{"@type":"WebSite","@id":"https:\/\/culturesco.com\/#website","url":"https:\/\/culturesco.com\/","name":"Culturesco","description":"Culturesco | Un bon coup de pied dans ta Culture","publisher":{"@id":"https:\/\/culturesco.com\/#organization"},"potentialAction":[{"@type":"SearchAction","target":{"@type":"EntryPoint","urlTemplate":"https:\/\/culturesco.com\/?s={search_term_string}"},"query-input":{"@type":"PropertyValueSpecification","valueRequired":true,"valueName":"search_term_string"}}],"inLanguage":"fr-FR"},{"@type":"Organization","@id":"https:\/\/culturesco.com\/#organization","name":"CULTURESCO","url":"https:\/\/culturesco.com\/","logo":{"@type":"ImageObject","inLanguage":"fr-FR","@id":"https:\/\/culturesco.com\/#\/schema\/logo\/image\/","url":"https:\/\/i0.wp.com\/culturesco.com\/wp-content\/uploads\/2022\/04\/culturesco-logo-blanc250p.png?fit=250%2C250&ssl=1","contentUrl":"https:\/\/i0.wp.com\/culturesco.com\/wp-content\/uploads\/2022\/04\/culturesco-logo-blanc250p.png?fit=250%2C250&ssl=1","width":250,"height":250,"caption":"CULTURESCO"},"image":{"@id":"https:\/\/culturesco.com\/#\/schema\/logo\/image\/"},"sameAs":["https:\/\/www.facebook.com\/radioculturesco","https:\/\/x.com\/AugusteMarshal","https:\/\/www.instagram.com\/carotte_rock_culture\/","https:\/\/www.pinterest.fr\/augustemarshal\/","https:\/\/www.youtube.com\/channel\/UCiWLGffqWSXlNnfzp6YwwyQ"]},{"@type":"Person","@id":"https:\/\/culturesco.com\/#\/schema\/person\/92b4537ac6a2a09eb2304e8bdd0f5919","name":"Nic Blanchard-Thibault","image":{"@type":"ImageObject","inLanguage":"fr-FR","@id":"https:\/\/i0.wp.com\/culturesco.com\/wp-content\/uploads\/2019\/01\/nic-blanchard-Thibault.jpg?fit=96%2C79&ssl=1","url":"https:\/\/i0.wp.com\/culturesco.com\/wp-content\/uploads\/2019\/01\/nic-blanchard-Thibault.jpg?fit=96%2C79&ssl=1","contentUrl":"https:\/\/i0.wp.com\/culturesco.com\/wp-content\/uploads\/2019\/01\/nic-blanchard-Thibault.jpg?fit=96%2C79&ssl=1","caption":"Nic Blanchard-Thibault"},"description":"Auteur sur le Blog CulturesCo - Administratrice de la page Facebook Radio Culturesco et du groupe Facebook Radio Cultures and Co - Sp\u00e9cialit\u00e9s : Peinture - Litt\u00e9rature","url":"https:\/\/culturesco.com\/index.php\/author\/nic-blanchard-thibault\/"}]}},"jetpack_featured_media_url":"https:\/\/i0.wp.com\/culturesco.com\/wp-content\/uploads\/2019\/06\/Art-Claude-Monet-001.jpg?fit=600%2C338&ssl=1","jetpack_likes_enabled":true,"jetpack_sharing_enabled":true,"jetpack_shortlink":"https:\/\/wp.me\/paz89I-1IS","_links":{"self":[{"href":"https:\/\/culturesco.com\/index.php\/wp-json\/wp\/v2\/posts\/6626","targetHints":{"allow":["GET"]}}],"collection":[{"href":"https:\/\/culturesco.com\/index.php\/wp-json\/wp\/v2\/posts"}],"about":[{"href":"https:\/\/culturesco.com\/index.php\/wp-json\/wp\/v2\/types\/post"}],"author":[{"embeddable":true,"href":"https:\/\/culturesco.com\/index.php\/wp-json\/wp\/v2\/users\/6"}],"replies":[{"embeddable":true,"href":"https:\/\/culturesco.com\/index.php\/wp-json\/wp\/v2\/comments?post=6626"}],"version-history":[{"count":0,"href":"https:\/\/culturesco.com\/index.php\/wp-json\/wp\/v2\/posts\/6626\/revisions"}],"wp:featuredmedia":[{"embeddable":true,"href":"https:\/\/culturesco.com\/index.php\/wp-json\/wp\/v2\/media\/6634"}],"wp:attachment":[{"href":"https:\/\/culturesco.com\/index.php\/wp-json\/wp\/v2\/media?parent=6626"}],"wp:term":[{"taxonomy":"category","embeddable":true,"href":"https:\/\/culturesco.com\/index.php\/wp-json\/wp\/v2\/categories?post=6626"},{"taxonomy":"post_tag","embeddable":true,"href":"https:\/\/culturesco.com\/index.php\/wp-json\/wp\/v2\/tags?post=6626"}],"curies":[{"name":"wp","href":"https:\/\/api.w.org\/{rel}","templated":true}]}}