{"id":6443,"date":"2019-06-07T01:29:26","date_gmt":"2019-06-06T23:29:26","guid":{"rendered":"https:\/\/culturesco.com\/?p=6443"},"modified":"2019-07-28T22:42:25","modified_gmt":"2019-07-28T20:42:25","slug":"violator-album-depeche-mode-raconte-dans-un-livre-de-francois-emmanuel-trapes-sweetest-perfection","status":"publish","type":"post","link":"https:\/\/culturesco.com\/index.php\/2019\/06\/07\/violator-album-depeche-mode-raconte-dans-un-livre-de-francois-emmanuel-trapes-sweetest-perfection\/","title":{"rendered":"VIOLATOR DEPECHE MODE, un livre de Fran\u00e7ois-Emmanuel Trapes"},"content":{"rendered":"<h2>Depeche Mode \u2013 Violator<\/h2>\n<p><img data-recalc-dims=\"1\" loading=\"lazy\" decoding=\"async\" class=\"aligncenter wp-image-6448 size-full\" src=\"https:\/\/i0.wp.com\/culturesco.com\/wp-content\/uploads\/2019\/06\/Fran%C3%A7ois-Emmanuel-Trapes-1-e1559917502390.jpeg?resize=172%2C300&#038;ssl=1\" alt=\"depeche mode violator\" width=\"172\" height=\"300\" \/><\/p>\n<p>&nbsp;<\/p>\n<p><strong>Violator : l&rsquo;album de la maturit\u00e9 pour Depeche Mode<\/strong><\/p>\n<p style=\"text-align: justify;\">Cette petite collection (<a href=\"http:\/\/www.editionsdensite.fr\/discogonie.html\" target=\"_blank\" rel=\"noopener noreferrer\">Discogonie<\/a>) dont nous avons parl\u00e9 il y a peu avec <a href=\"https:\/\/culturesco.com\/index.php\/2019\/02\/08\/nirvana-en-concert-et-en-studio\/\" target=\"_blank\" rel=\"noopener noreferrer\">Nirvana<\/a>\u00a0et l\u2019album <a href=\"https:\/\/culturesco.com\/index.php\/2019\/04\/11\/palem-candillier-nirvana-in-utero\/\" target=\"_blank\" rel=\"noopener noreferrer\"><em>In Utero<\/em><\/a>, notamment, est une perle dans le monde de l\u2019\u00e9dition musicale. Elle propose de d\u00e9couvrir en profondeur un ouvrage marquant de l\u2019histoire du rock.<\/p>\n<p style=\"text-align: justify;\"><strong>Fran\u00e7ois-Emmanuel Trapes<\/strong>\u00a0nous emporte dans les m\u00e9andres de <strong><em>Violator<\/em><\/strong>, un album unanimement consid\u00e9r\u00e9 comme le sommet de la discographie de <strong>Depeche Mode<\/strong>.<\/p>\n<p style=\"text-align: justify;\">Son ouvrage a le m\u00e9rite d\u2019aborder l&rsquo;amour que\u00a0<strong>Martin Gore\u00a0<\/strong>(auteur compositeur du groupe) porte au blues. Cela peut en surprendre plus d\u2019un, cependant il suffit simplement d\u2019\u00e9couter\u00a0<strong>Personal Jesus\u00a0<\/strong>pour int\u00e9grer cette r\u00e9f\u00e9rence. Elle est simplement remise au go\u00fbt du jour. Le blues peut donc se jouer en version l\u00e9g\u00e8re ou sombre, synth\u00e9tique ou non, ce que l\u2019auteur va d\u00e9montrer avec m\u00e9rite.<\/p>\n<p style=\"text-align: justify;\">C&rsquo;est notamment le cas concernant<strong>\u00a0Sweetest Perfection<\/strong> et\u00a0le mondialement reconnu <strong>Personal Jesus<\/strong>.<\/p>\n<h3 style=\"text-align: justify;\"><em>Sweetest Perfection &#8211; Live<\/em><\/h3>\n<div class=\"youtube-embed\" data-video_id=\"10hGEZz83iI\"><iframe loading=\"lazy\" title=\"Sweetest Perfection \u2013 Depeche Mode live 1990\" width=\"696\" height=\"392\" src=\"https:\/\/www.youtube.com\/embed\/10hGEZz83iI\" frameborder=\"0\" allow=\"accelerometer; autoplay; clipboard-write; encrypted-media; gyroscope; picture-in-picture; web-share\" referrerpolicy=\"strict-origin-when-cross-origin\" allowfullscreen><\/iframe><\/div>\n<p style=\"text-align: justify;\">Il existe aussi d\u2019autres belles perles et non des moindres. <strong>World in my eyes<\/strong>\u00a0attaque l\u2019opus frontalement.<\/p>\n<p style=\"text-align: justify;\">Et le must, <strong>Enjoy the Silence<\/strong>, titre bouleversant jou\u00e9 \u00e0 chaque tourn\u00e9e. N&rsquo;oublions pas en effet que <strong>Depeche Mode<\/strong> est aussi une machine \u00e0 danser. Tout comme le fut <a href=\"https:\/\/culturesco.com\/index.php\/2019\/04\/11\/palem-candillier-nirvana-in-utero\/\" target=\"_blank\" rel=\"noopener noreferrer\">New Order<\/a><strong>,<\/strong> \u00e0 cette m\u00eame p\u00e9riode, avec des paroles qui ne l\u2019\u00e9taient pourtant pas.<\/p>\n<p style=\"text-align: justify;\">L\u2019auteur, prof de fran\u00e7ais \u00e0 Clermont-Ferrand, s\u2019attache \u00e0 d\u00e9crire pr\u00e9cis\u00e9ment l\u2019\u0153uvre en usant d&rsquo;un vocabulaire fluide et explicite, \u00a0apte \u00e0 rendre son travail encore plus attrayant et simple \u00e0 d\u00e9crypter.<\/p>\n<h3 style=\"text-align: justify;\">(Live in Berlin &#8211; 2014)<\/h3>\n<div class=\"youtube-embed\" data-video_id=\"-_3dc6X-Iwo\"><iframe loading=\"lazy\" title=\"Depeche Mode - Enjoy The Silence (Live in Berlin)\" width=\"696\" height=\"392\" src=\"https:\/\/www.youtube.com\/embed\/-_3dc6X-Iwo\" frameborder=\"0\" allow=\"accelerometer; autoplay; clipboard-write; encrypted-media; gyroscope; picture-in-picture; web-share\" referrerpolicy=\"strict-origin-when-cross-origin\" allowfullscreen><\/iframe><\/div>\n<p style=\"text-align: justify;\">Fran\u00e7ois-Emmanuel Trapes &#8211;\u00a0Depeche Mode \u2013 Violator<\/p>\n<p style=\"text-align: justify;\">Discogonie \u2013 92 pages \u2013 9,95 \u20ac<\/p>\n<p><strong>Patrick B\u00e9nard<\/strong><\/p>\n<p>A lire \u00e9galement :<\/p>\n<p><a href=\"https:\/\/culturesco.com\/index.php\/2019\/04\/11\/palem-candillier-nirvana-in-utero\/\" target=\"_blank\" rel=\"noopener noreferrer\">Nirvana &#8211; InUtero, un livre de Palem Candillier<\/a><\/p>\n<blockquote class=\"wp-embedded-content\" data-secret=\"Qjl6DTefZx\"><p><a href=\"https:\/\/culturesco.com\/index.php\/2019\/05\/18\/new-order-movement-version-definitive\/\">New Order &#8211; Movement (Version D\u00e9finitive) coffret collector<\/a><\/p><\/blockquote>\n<p><iframe loading=\"lazy\" class=\"wp-embedded-content\" sandbox=\"allow-scripts\" security=\"restricted\" style=\"position: absolute; visibility: hidden;\" title=\"\u00ab\u00a0New Order &#8211; Movement (Version D\u00e9finitive) coffret collector\u00a0\u00bb &#8212; Culturesco\" src=\"https:\/\/culturesco.com\/index.php\/2019\/05\/18\/new-order-movement-version-definitive\/embed\/#?secret=4gI52yfHM0#?secret=Qjl6DTefZx\" data-secret=\"Qjl6DTefZx\" width=\"600\" height=\"338\" frameborder=\"0\" marginwidth=\"0\" marginheight=\"0\" scrolling=\"no\"><\/iframe><\/p>\n","protected":false},"excerpt":{"rendered":"<p>Depeche Mode \u2013 Violator &nbsp; Violator : l&rsquo;album de la maturit\u00e9 pour Depeche Mode Cette petite collection (Discogonie) dont nous avons parl\u00e9 il y a peu avec Nirvana\u00a0et l\u2019album In Utero, notamment, est une perle dans le monde de l\u2019\u00e9dition musicale. Elle propose de d\u00e9couvrir en profondeur un ouvrage marquant de l\u2019histoire du rock. Fran\u00e7ois-Emmanuel [&hellip;]<\/p>\n","protected":false},"author":4,"featured_media":6476,"comment_status":"open","ping_status":"closed","sticky":false,"template":"","format":"image","meta":{"jetpack_post_was_ever_published":false,"tdm_status":"","tdm_grid_status":"","_jetpack_newsletter_access":"","_jetpack_dont_email_post_to_subs":false,"_jetpack_newsletter_tier_id":0,"_jetpack_memberships_contains_paywalled_content":false,"_jetpack_memberships_contains_paid_content":false,"footnotes":""},"categories":[17,1010,1007,27,66],"tags":[42,20],"class_list":{"0":"post-6443","1":"post","2":"type-post","3":"status-publish","4":"format-image","5":"has-post-thumbnail","7":"category-carotte-rock-cultures","8":"category-collections","9":"category-culture-societe","10":"category-litterature","11":"category-livre-rock","12":"tag-litterature","13":"tag-livre-rock","14":"post_format-post-format-image"},"yoast_head":"<!-- This site is optimized with the Yoast SEO plugin v27.5 - https:\/\/yoast.com\/product\/yoast-seo-wordpress\/ -->\n<title>VIOLATOR DEPECHE MODE, un livre de Fran\u00e7ois-Emmanuel Trapes - Culturesco<\/title>\n<meta name=\"description\" content=\"CulturesCo | Violator DEPECHE MODE - Fran\u00e7ois-Emmanuel Trapes nous emporte dans les m\u00e9andres de cet album consid\u00e9r\u00e9 comme le sommet du groupe\" \/>\n<meta name=\"robots\" content=\"index, follow, max-snippet:-1, max-image-preview:large, max-video-preview:-1\" \/>\n<link rel=\"canonical\" href=\"https:\/\/culturesco.com\/index.php\/2019\/06\/07\/violator-album-depeche-mode-raconte-dans-un-livre-de-francois-emmanuel-trapes-sweetest-perfection\/\" \/>\n<meta property=\"og:locale\" content=\"fr_FR\" \/>\n<meta property=\"og:type\" content=\"article\" \/>\n<meta property=\"og:title\" content=\"DEPECHE MODE : un livre sur leur album culte VIOLATOR\" \/>\n<meta property=\"og:description\" content=\"CulturesCo | Violator DEPECHE MODE - Fran\u00e7ois-Emmanuel Trapes nous emporte dans les m\u00e9andres de cet album consid\u00e9r\u00e9 comme le sommet du groupe\" \/>\n<meta property=\"og:url\" content=\"https:\/\/culturesco.com\/index.php\/2019\/06\/07\/violator-album-depeche-mode-raconte-dans-un-livre-de-francois-emmanuel-trapes-sweetest-perfection\/\" \/>\n<meta property=\"og:site_name\" content=\"Culturesco\" \/>\n<meta property=\"article:publisher\" content=\"https:\/\/www.facebook.com\/radioculturesco\" \/>\n<meta property=\"article:published_time\" content=\"2019-06-06T23:29:26+00:00\" \/>\n<meta property=\"article:modified_time\" content=\"2019-07-28T20:42:25+00:00\" \/>\n<meta property=\"og:image\" content=\"https:\/\/i2.wp.com\/culturesco.com\/wp-content\/uploads\/2019\/06\/depeche-mode-violator.jpg?fit=600%2C314&ssl=1\" \/>\n\t<meta property=\"og:image:width\" content=\"600\" \/>\n\t<meta property=\"og:image:height\" content=\"314\" \/>\n\t<meta property=\"og:image:type\" content=\"image\/jpeg\" \/>\n<meta name=\"author\" content=\"Patrick Benard\" \/>\n<meta name=\"twitter:card\" content=\"summary_large_image\" \/>\n<meta name=\"twitter:creator\" content=\"@AugusteMarshal\" \/>\n<meta name=\"twitter:site\" content=\"@AugusteMarshal\" \/>\n<meta name=\"twitter:label1\" content=\"\u00c9crit par\" \/>\n\t<meta name=\"twitter:data1\" content=\"Patrick Benard\" \/>\n\t<meta name=\"twitter:label2\" content=\"Dur\u00e9e de lecture estim\u00e9e\" \/>\n\t<meta name=\"twitter:data2\" content=\"2 minutes\" \/>\n<script type=\"application\/ld+json\" class=\"yoast-schema-graph\">{\"@context\":\"https:\\\/\\\/schema.org\",\"@graph\":[{\"@type\":\"Article\",\"@id\":\"https:\\\/\\\/culturesco.com\\\/index.php\\\/2019\\\/06\\\/07\\\/violator-album-depeche-mode-raconte-dans-un-livre-de-francois-emmanuel-trapes-sweetest-perfection\\\/#article\",\"isPartOf\":{\"@id\":\"https:\\\/\\\/culturesco.com\\\/index.php\\\/2019\\\/06\\\/07\\\/violator-album-depeche-mode-raconte-dans-un-livre-de-francois-emmanuel-trapes-sweetest-perfection\\\/\"},\"author\":{\"name\":\"Patrick Benard\",\"@id\":\"https:\\\/\\\/culturesco.com\\\/#\\\/schema\\\/person\\\/c2ddd6724863f3bbd20a8278df0891f3\"},\"headline\":\"VIOLATOR DEPECHE MODE, un livre de Fran\u00e7ois-Emmanuel Trapes\",\"datePublished\":\"2019-06-06T23:29:26+00:00\",\"dateModified\":\"2019-07-28T20:42:25+00:00\",\"mainEntityOfPage\":{\"@id\":\"https:\\\/\\\/culturesco.com\\\/index.php\\\/2019\\\/06\\\/07\\\/violator-album-depeche-mode-raconte-dans-un-livre-de-francois-emmanuel-trapes-sweetest-perfection\\\/\"},\"wordCount\":337,\"commentCount\":0,\"publisher\":{\"@id\":\"https:\\\/\\\/culturesco.com\\\/#organization\"},\"image\":{\"@id\":\"https:\\\/\\\/culturesco.com\\\/index.php\\\/2019\\\/06\\\/07\\\/violator-album-depeche-mode-raconte-dans-un-livre-de-francois-emmanuel-trapes-sweetest-perfection\\\/#primaryimage\"},\"thumbnailUrl\":\"https:\\\/\\\/i0.wp.com\\\/culturesco.com\\\/wp-content\\\/uploads\\\/2019\\\/06\\\/depeche-mode-violator.jpg?fit=600%2C314&ssl=1\",\"keywords\":[\"litt\u00e9rature\",\"Livre Rock\"],\"articleSection\":[\"Carotte Rock Cultures\",\"Collections\",\"Culture Soci\u00e9t\u00e9\",\"Litt\u00e9rature\",\"Livre Rock\"],\"inLanguage\":\"fr-FR\",\"potentialAction\":[{\"@type\":\"CommentAction\",\"name\":\"Comment\",\"target\":[\"https:\\\/\\\/culturesco.com\\\/index.php\\\/2019\\\/06\\\/07\\\/violator-album-depeche-mode-raconte-dans-un-livre-de-francois-emmanuel-trapes-sweetest-perfection\\\/#respond\"]}]},{\"@type\":\"WebPage\",\"@id\":\"https:\\\/\\\/culturesco.com\\\/index.php\\\/2019\\\/06\\\/07\\\/violator-album-depeche-mode-raconte-dans-un-livre-de-francois-emmanuel-trapes-sweetest-perfection\\\/\",\"url\":\"https:\\\/\\\/culturesco.com\\\/index.php\\\/2019\\\/06\\\/07\\\/violator-album-depeche-mode-raconte-dans-un-livre-de-francois-emmanuel-trapes-sweetest-perfection\\\/\",\"name\":\"VIOLATOR DEPECHE MODE, un livre de Fran\u00e7ois-Emmanuel Trapes - Culturesco\",\"isPartOf\":{\"@id\":\"https:\\\/\\\/culturesco.com\\\/#website\"},\"primaryImageOfPage\":{\"@id\":\"https:\\\/\\\/culturesco.com\\\/index.php\\\/2019\\\/06\\\/07\\\/violator-album-depeche-mode-raconte-dans-un-livre-de-francois-emmanuel-trapes-sweetest-perfection\\\/#primaryimage\"},\"image\":{\"@id\":\"https:\\\/\\\/culturesco.com\\\/index.php\\\/2019\\\/06\\\/07\\\/violator-album-depeche-mode-raconte-dans-un-livre-de-francois-emmanuel-trapes-sweetest-perfection\\\/#primaryimage\"},\"thumbnailUrl\":\"https:\\\/\\\/i0.wp.com\\\/culturesco.com\\\/wp-content\\\/uploads\\\/2019\\\/06\\\/depeche-mode-violator.jpg?fit=600%2C314&ssl=1\",\"datePublished\":\"2019-06-06T23:29:26+00:00\",\"dateModified\":\"2019-07-28T20:42:25+00:00\",\"description\":\"CulturesCo | Violator DEPECHE MODE - Fran\u00e7ois-Emmanuel Trapes nous emporte dans les m\u00e9andres de cet album consid\u00e9r\u00e9 comme le sommet du groupe\",\"breadcrumb\":{\"@id\":\"https:\\\/\\\/culturesco.com\\\/index.php\\\/2019\\\/06\\\/07\\\/violator-album-depeche-mode-raconte-dans-un-livre-de-francois-emmanuel-trapes-sweetest-perfection\\\/#breadcrumb\"},\"inLanguage\":\"fr-FR\",\"potentialAction\":[{\"@type\":\"ReadAction\",\"target\":[\"https:\\\/\\\/culturesco.com\\\/index.php\\\/2019\\\/06\\\/07\\\/violator-album-depeche-mode-raconte-dans-un-livre-de-francois-emmanuel-trapes-sweetest-perfection\\\/\"]}]},{\"@type\":\"ImageObject\",\"inLanguage\":\"fr-FR\",\"@id\":\"https:\\\/\\\/culturesco.com\\\/index.php\\\/2019\\\/06\\\/07\\\/violator-album-depeche-mode-raconte-dans-un-livre-de-francois-emmanuel-trapes-sweetest-perfection\\\/#primaryimage\",\"url\":\"https:\\\/\\\/i0.wp.com\\\/culturesco.com\\\/wp-content\\\/uploads\\\/2019\\\/06\\\/depeche-mode-violator.jpg?fit=600%2C314&ssl=1\",\"contentUrl\":\"https:\\\/\\\/i0.wp.com\\\/culturesco.com\\\/wp-content\\\/uploads\\\/2019\\\/06\\\/depeche-mode-violator.jpg?fit=600%2C314&ssl=1\",\"width\":600,\"height\":314,\"caption\":\"depeche mode violator\"},{\"@type\":\"BreadcrumbList\",\"@id\":\"https:\\\/\\\/culturesco.com\\\/index.php\\\/2019\\\/06\\\/07\\\/violator-album-depeche-mode-raconte-dans-un-livre-de-francois-emmanuel-trapes-sweetest-perfection\\\/#breadcrumb\",\"itemListElement\":[{\"@type\":\"ListItem\",\"position\":1,\"name\":\"Accueil\",\"item\":\"https:\\\/\\\/culturesco.com\\\/\"},{\"@type\":\"ListItem\",\"position\":2,\"name\":\"VIOLATOR DEPECHE MODE, un livre de Fran\u00e7ois-Emmanuel Trapes\"}]},{\"@type\":\"WebSite\",\"@id\":\"https:\\\/\\\/culturesco.com\\\/#website\",\"url\":\"https:\\\/\\\/culturesco.com\\\/\",\"name\":\"Culturesco\",\"description\":\"Culturesco | Un bon coup de pied dans ta Culture\",\"publisher\":{\"@id\":\"https:\\\/\\\/culturesco.com\\\/#organization\"},\"potentialAction\":[{\"@type\":\"SearchAction\",\"target\":{\"@type\":\"EntryPoint\",\"urlTemplate\":\"https:\\\/\\\/culturesco.com\\\/?s={search_term_string}\"},\"query-input\":{\"@type\":\"PropertyValueSpecification\",\"valueRequired\":true,\"valueName\":\"search_term_string\"}}],\"inLanguage\":\"fr-FR\"},{\"@type\":\"Organization\",\"@id\":\"https:\\\/\\\/culturesco.com\\\/#organization\",\"name\":\"CULTURESCO\",\"url\":\"https:\\\/\\\/culturesco.com\\\/\",\"logo\":{\"@type\":\"ImageObject\",\"inLanguage\":\"fr-FR\",\"@id\":\"https:\\\/\\\/culturesco.com\\\/#\\\/schema\\\/logo\\\/image\\\/\",\"url\":\"https:\\\/\\\/i0.wp.com\\\/culturesco.com\\\/wp-content\\\/uploads\\\/2022\\\/04\\\/culturesco-logo-blanc250p.png?fit=250%2C250&ssl=1\",\"contentUrl\":\"https:\\\/\\\/i0.wp.com\\\/culturesco.com\\\/wp-content\\\/uploads\\\/2022\\\/04\\\/culturesco-logo-blanc250p.png?fit=250%2C250&ssl=1\",\"width\":250,\"height\":250,\"caption\":\"CULTURESCO\"},\"image\":{\"@id\":\"https:\\\/\\\/culturesco.com\\\/#\\\/schema\\\/logo\\\/image\\\/\"},\"sameAs\":[\"https:\\\/\\\/www.facebook.com\\\/radioculturesco\",\"https:\\\/\\\/x.com\\\/AugusteMarshal\",\"https:\\\/\\\/www.instagram.com\\\/carotte_rock_culture\\\/\",\"https:\\\/\\\/www.pinterest.fr\\\/augustemarshal\\\/\",\"https:\\\/\\\/www.youtube.com\\\/channel\\\/UCiWLGffqWSXlNnfzp6YwwyQ\"]},{\"@type\":\"Person\",\"@id\":\"https:\\\/\\\/culturesco.com\\\/#\\\/schema\\\/person\\\/c2ddd6724863f3bbd20a8278df0891f3\",\"name\":\"Patrick Benard\",\"image\":{\"@type\":\"ImageObject\",\"inLanguage\":\"fr-FR\",\"@id\":\"https:\\\/\\\/i0.wp.com\\\/culturesco.com\\\/wp-content\\\/uploads\\\/2019\\\/02\\\/patrick-benard-2.jpg?fit=90%2C96&ssl=1\",\"url\":\"https:\\\/\\\/i0.wp.com\\\/culturesco.com\\\/wp-content\\\/uploads\\\/2019\\\/02\\\/patrick-benard-2.jpg?fit=90%2C96&ssl=1\",\"contentUrl\":\"https:\\\/\\\/i0.wp.com\\\/culturesco.com\\\/wp-content\\\/uploads\\\/2019\\\/02\\\/patrick-benard-2.jpg?fit=90%2C96&ssl=1\",\"caption\":\"Patrick Benard\"},\"description\":\"Ecrivain, chroniqueur, animateur radio, cr\u00e9ateur de la revue \u00ab Cin\u00e9manie \u00bb, autour du cin\u00e9ma dit d\u2019art et d\u2019essai, sp\u00e9cialiste du groupe The Cure, archiviste... 2020 : \\\"Le Post Rock\\\" essai sur le post rock de Mogwa\u00ef \u00e0 Godspeed You Black Emperor - Camion Blanc 2014 : \u00ab On the rocks \u2013le rock de 2007 \u00e0 2014 \u00bb chroniques livres et cd rocks, interviews \u2013Editions Vaillant 2010 : \u00ab Dans la T\u00eate de Robert Smith \u00bb, roman fiction autour de l\u2019histoire des Cure et de Robert Smith \u2013 Edilivres 2007 : \u00ab Chroniques Fr\u00e9n\u00e9tiques, une histoire intime du rock \u00bb, roman, prix Technikart. 2001 : \u00ab Les Iles du D\u00e9sert \u00bb, polar autour du rock \u2013 Editions Nykta\",\"url\":\"https:\\\/\\\/culturesco.com\\\/index.php\\\/author\\\/patrick-benard89\\\/\"}]}<\/script>\n<!-- \/ Yoast SEO plugin. -->","yoast_head_json":{"title":"VIOLATOR DEPECHE MODE, un livre de Fran\u00e7ois-Emmanuel Trapes - Culturesco","description":"CulturesCo | Violator DEPECHE MODE - Fran\u00e7ois-Emmanuel Trapes nous emporte dans les m\u00e9andres de cet album consid\u00e9r\u00e9 comme le sommet du groupe","robots":{"index":"index","follow":"follow","max-snippet":"max-snippet:-1","max-image-preview":"max-image-preview:large","max-video-preview":"max-video-preview:-1"},"canonical":"https:\/\/culturesco.com\/index.php\/2019\/06\/07\/violator-album-depeche-mode-raconte-dans-un-livre-de-francois-emmanuel-trapes-sweetest-perfection\/","og_locale":"fr_FR","og_type":"article","og_title":"DEPECHE MODE : un livre sur leur album culte VIOLATOR","og_description":"CulturesCo | Violator DEPECHE MODE - Fran\u00e7ois-Emmanuel Trapes nous emporte dans les m\u00e9andres de cet album consid\u00e9r\u00e9 comme le sommet du groupe","og_url":"https:\/\/culturesco.com\/index.php\/2019\/06\/07\/violator-album-depeche-mode-raconte-dans-un-livre-de-francois-emmanuel-trapes-sweetest-perfection\/","og_site_name":"Culturesco","article_publisher":"https:\/\/www.facebook.com\/radioculturesco","article_published_time":"2019-06-06T23:29:26+00:00","article_modified_time":"2019-07-28T20:42:25+00:00","og_image":[{"width":600,"height":314,"url":"https:\/\/i2.wp.com\/culturesco.com\/wp-content\/uploads\/2019\/06\/depeche-mode-violator.jpg?fit=600%2C314&ssl=1","type":"image\/jpeg"}],"author":"Patrick Benard","twitter_card":"summary_large_image","twitter_creator":"@AugusteMarshal","twitter_site":"@AugusteMarshal","twitter_misc":{"\u00c9crit par":"Patrick Benard","Dur\u00e9e de lecture estim\u00e9e":"2 minutes"},"schema":{"@context":"https:\/\/schema.org","@graph":[{"@type":"Article","@id":"https:\/\/culturesco.com\/index.php\/2019\/06\/07\/violator-album-depeche-mode-raconte-dans-un-livre-de-francois-emmanuel-trapes-sweetest-perfection\/#article","isPartOf":{"@id":"https:\/\/culturesco.com\/index.php\/2019\/06\/07\/violator-album-depeche-mode-raconte-dans-un-livre-de-francois-emmanuel-trapes-sweetest-perfection\/"},"author":{"name":"Patrick Benard","@id":"https:\/\/culturesco.com\/#\/schema\/person\/c2ddd6724863f3bbd20a8278df0891f3"},"headline":"VIOLATOR DEPECHE MODE, un livre de Fran\u00e7ois-Emmanuel Trapes","datePublished":"2019-06-06T23:29:26+00:00","dateModified":"2019-07-28T20:42:25+00:00","mainEntityOfPage":{"@id":"https:\/\/culturesco.com\/index.php\/2019\/06\/07\/violator-album-depeche-mode-raconte-dans-un-livre-de-francois-emmanuel-trapes-sweetest-perfection\/"},"wordCount":337,"commentCount":0,"publisher":{"@id":"https:\/\/culturesco.com\/#organization"},"image":{"@id":"https:\/\/culturesco.com\/index.php\/2019\/06\/07\/violator-album-depeche-mode-raconte-dans-un-livre-de-francois-emmanuel-trapes-sweetest-perfection\/#primaryimage"},"thumbnailUrl":"https:\/\/i0.wp.com\/culturesco.com\/wp-content\/uploads\/2019\/06\/depeche-mode-violator.jpg?fit=600%2C314&ssl=1","keywords":["litt\u00e9rature","Livre Rock"],"articleSection":["Carotte Rock Cultures","Collections","Culture Soci\u00e9t\u00e9","Litt\u00e9rature","Livre Rock"],"inLanguage":"fr-FR","potentialAction":[{"@type":"CommentAction","name":"Comment","target":["https:\/\/culturesco.com\/index.php\/2019\/06\/07\/violator-album-depeche-mode-raconte-dans-un-livre-de-francois-emmanuel-trapes-sweetest-perfection\/#respond"]}]},{"@type":"WebPage","@id":"https:\/\/culturesco.com\/index.php\/2019\/06\/07\/violator-album-depeche-mode-raconte-dans-un-livre-de-francois-emmanuel-trapes-sweetest-perfection\/","url":"https:\/\/culturesco.com\/index.php\/2019\/06\/07\/violator-album-depeche-mode-raconte-dans-un-livre-de-francois-emmanuel-trapes-sweetest-perfection\/","name":"VIOLATOR DEPECHE MODE, un livre de Fran\u00e7ois-Emmanuel Trapes - Culturesco","isPartOf":{"@id":"https:\/\/culturesco.com\/#website"},"primaryImageOfPage":{"@id":"https:\/\/culturesco.com\/index.php\/2019\/06\/07\/violator-album-depeche-mode-raconte-dans-un-livre-de-francois-emmanuel-trapes-sweetest-perfection\/#primaryimage"},"image":{"@id":"https:\/\/culturesco.com\/index.php\/2019\/06\/07\/violator-album-depeche-mode-raconte-dans-un-livre-de-francois-emmanuel-trapes-sweetest-perfection\/#primaryimage"},"thumbnailUrl":"https:\/\/i0.wp.com\/culturesco.com\/wp-content\/uploads\/2019\/06\/depeche-mode-violator.jpg?fit=600%2C314&ssl=1","datePublished":"2019-06-06T23:29:26+00:00","dateModified":"2019-07-28T20:42:25+00:00","description":"CulturesCo | Violator DEPECHE MODE - Fran\u00e7ois-Emmanuel Trapes nous emporte dans les m\u00e9andres de cet album consid\u00e9r\u00e9 comme le sommet du groupe","breadcrumb":{"@id":"https:\/\/culturesco.com\/index.php\/2019\/06\/07\/violator-album-depeche-mode-raconte-dans-un-livre-de-francois-emmanuel-trapes-sweetest-perfection\/#breadcrumb"},"inLanguage":"fr-FR","potentialAction":[{"@type":"ReadAction","target":["https:\/\/culturesco.com\/index.php\/2019\/06\/07\/violator-album-depeche-mode-raconte-dans-un-livre-de-francois-emmanuel-trapes-sweetest-perfection\/"]}]},{"@type":"ImageObject","inLanguage":"fr-FR","@id":"https:\/\/culturesco.com\/index.php\/2019\/06\/07\/violator-album-depeche-mode-raconte-dans-un-livre-de-francois-emmanuel-trapes-sweetest-perfection\/#primaryimage","url":"https:\/\/i0.wp.com\/culturesco.com\/wp-content\/uploads\/2019\/06\/depeche-mode-violator.jpg?fit=600%2C314&ssl=1","contentUrl":"https:\/\/i0.wp.com\/culturesco.com\/wp-content\/uploads\/2019\/06\/depeche-mode-violator.jpg?fit=600%2C314&ssl=1","width":600,"height":314,"caption":"depeche mode violator"},{"@type":"BreadcrumbList","@id":"https:\/\/culturesco.com\/index.php\/2019\/06\/07\/violator-album-depeche-mode-raconte-dans-un-livre-de-francois-emmanuel-trapes-sweetest-perfection\/#breadcrumb","itemListElement":[{"@type":"ListItem","position":1,"name":"Accueil","item":"https:\/\/culturesco.com\/"},{"@type":"ListItem","position":2,"name":"VIOLATOR DEPECHE MODE, un livre de Fran\u00e7ois-Emmanuel Trapes"}]},{"@type":"WebSite","@id":"https:\/\/culturesco.com\/#website","url":"https:\/\/culturesco.com\/","name":"Culturesco","description":"Culturesco | Un bon coup de pied dans ta Culture","publisher":{"@id":"https:\/\/culturesco.com\/#organization"},"potentialAction":[{"@type":"SearchAction","target":{"@type":"EntryPoint","urlTemplate":"https:\/\/culturesco.com\/?s={search_term_string}"},"query-input":{"@type":"PropertyValueSpecification","valueRequired":true,"valueName":"search_term_string"}}],"inLanguage":"fr-FR"},{"@type":"Organization","@id":"https:\/\/culturesco.com\/#organization","name":"CULTURESCO","url":"https:\/\/culturesco.com\/","logo":{"@type":"ImageObject","inLanguage":"fr-FR","@id":"https:\/\/culturesco.com\/#\/schema\/logo\/image\/","url":"https:\/\/i0.wp.com\/culturesco.com\/wp-content\/uploads\/2022\/04\/culturesco-logo-blanc250p.png?fit=250%2C250&ssl=1","contentUrl":"https:\/\/i0.wp.com\/culturesco.com\/wp-content\/uploads\/2022\/04\/culturesco-logo-blanc250p.png?fit=250%2C250&ssl=1","width":250,"height":250,"caption":"CULTURESCO"},"image":{"@id":"https:\/\/culturesco.com\/#\/schema\/logo\/image\/"},"sameAs":["https:\/\/www.facebook.com\/radioculturesco","https:\/\/x.com\/AugusteMarshal","https:\/\/www.instagram.com\/carotte_rock_culture\/","https:\/\/www.pinterest.fr\/augustemarshal\/","https:\/\/www.youtube.com\/channel\/UCiWLGffqWSXlNnfzp6YwwyQ"]},{"@type":"Person","@id":"https:\/\/culturesco.com\/#\/schema\/person\/c2ddd6724863f3bbd20a8278df0891f3","name":"Patrick Benard","image":{"@type":"ImageObject","inLanguage":"fr-FR","@id":"https:\/\/i0.wp.com\/culturesco.com\/wp-content\/uploads\/2019\/02\/patrick-benard-2.jpg?fit=90%2C96&ssl=1","url":"https:\/\/i0.wp.com\/culturesco.com\/wp-content\/uploads\/2019\/02\/patrick-benard-2.jpg?fit=90%2C96&ssl=1","contentUrl":"https:\/\/i0.wp.com\/culturesco.com\/wp-content\/uploads\/2019\/02\/patrick-benard-2.jpg?fit=90%2C96&ssl=1","caption":"Patrick Benard"},"description":"Ecrivain, chroniqueur, animateur radio, cr\u00e9ateur de la revue \u00ab Cin\u00e9manie \u00bb, autour du cin\u00e9ma dit d\u2019art et d\u2019essai, sp\u00e9cialiste du groupe The Cure, archiviste... 2020 : \"Le Post Rock\" essai sur le post rock de Mogwa\u00ef \u00e0 Godspeed You Black Emperor - Camion Blanc 2014 : \u00ab On the rocks \u2013le rock de 2007 \u00e0 2014 \u00bb chroniques livres et cd rocks, interviews \u2013Editions Vaillant 2010 : \u00ab Dans la T\u00eate de Robert Smith \u00bb, roman fiction autour de l\u2019histoire des Cure et de Robert Smith \u2013 Edilivres 2007 : \u00ab Chroniques Fr\u00e9n\u00e9tiques, une histoire intime du rock \u00bb, roman, prix Technikart. 2001 : \u00ab Les Iles du D\u00e9sert \u00bb, polar autour du rock \u2013 Editions Nykta","url":"https:\/\/culturesco.com\/index.php\/author\/patrick-benard89\/"}]}},"jetpack_featured_media_url":"https:\/\/i0.wp.com\/culturesco.com\/wp-content\/uploads\/2019\/06\/depeche-mode-violator.jpg?fit=600%2C314&ssl=1","jetpack_likes_enabled":true,"jetpack_sharing_enabled":true,"jetpack_shortlink":"https:\/\/wp.me\/paz89I-1FV","_links":{"self":[{"href":"https:\/\/culturesco.com\/index.php\/wp-json\/wp\/v2\/posts\/6443","targetHints":{"allow":["GET"]}}],"collection":[{"href":"https:\/\/culturesco.com\/index.php\/wp-json\/wp\/v2\/posts"}],"about":[{"href":"https:\/\/culturesco.com\/index.php\/wp-json\/wp\/v2\/types\/post"}],"author":[{"embeddable":true,"href":"https:\/\/culturesco.com\/index.php\/wp-json\/wp\/v2\/users\/4"}],"replies":[{"embeddable":true,"href":"https:\/\/culturesco.com\/index.php\/wp-json\/wp\/v2\/comments?post=6443"}],"version-history":[{"count":0,"href":"https:\/\/culturesco.com\/index.php\/wp-json\/wp\/v2\/posts\/6443\/revisions"}],"wp:featuredmedia":[{"embeddable":true,"href":"https:\/\/culturesco.com\/index.php\/wp-json\/wp\/v2\/media\/6476"}],"wp:attachment":[{"href":"https:\/\/culturesco.com\/index.php\/wp-json\/wp\/v2\/media?parent=6443"}],"wp:term":[{"taxonomy":"category","embeddable":true,"href":"https:\/\/culturesco.com\/index.php\/wp-json\/wp\/v2\/categories?post=6443"},{"taxonomy":"post_tag","embeddable":true,"href":"https:\/\/culturesco.com\/index.php\/wp-json\/wp\/v2\/tags?post=6443"}],"curies":[{"name":"wp","href":"https:\/\/api.w.org\/{rel}","templated":true}]}}