{"id":6405,"date":"2019-06-06T16:51:27","date_gmt":"2019-06-06T14:51:27","guid":{"rendered":"https:\/\/culturesco.com\/?p=6405"},"modified":"2021-10-24T21:14:38","modified_gmt":"2021-10-24T19:14:38","slug":"mano-negra-puta-s-fever-pourquoi-ce-titre-histoire-du-groupe-de-mala-vida-a-pas-assez-de-toi","status":"publish","type":"post","link":"https:\/\/culturesco.com\/index.php\/2019\/06\/06\/mano-negra-puta-s-fever-pourquoi-ce-titre-histoire-du-groupe-de-mala-vida-a-pas-assez-de-toi\/","title":{"rendered":"Mano Negra : Puta&rsquo;s Fever ! Pourquoi ce titre ?"},"content":{"rendered":"<h2>Mano Negra : de Patchanka \u00e0 Puta&rsquo;s fever<\/h2>\n<p style=\"text-align: justify;\">Mano Negra &#8211; Puta&rsquo;s Fever : Pourquoi ce titre ? R\u00e9ponse simple et efficace sign\u00e9e Manu Chao:<\/p>\n<blockquote>\n<h4 style=\"text-align: justify;\"><em>\u00ab\u00a0Le tout s\u2019appelle \u00abPuta\u2019s Fever\u00bb parce qu\u2019en Am\u00e9rique du Sud \u00e7a veut dire \u00ab la chtouille \u00bb. C\u2019est un pied de nez \u00e0 tous ceux qui disent que l\u2019on est un peu les vendus du mouvement. C\u2019est la fi\u00e8vre des putes\u2026 les putes c\u2019est nous\u00a0\u00bb.<\/em><\/h4>\n<\/blockquote>\n<p style=\"text-align: right;\">La Mano Negra &#8211; Longueur d\u2019Ondes, 1989<\/p>\n<p><img data-recalc-dims=\"1\" loading=\"lazy\" decoding=\"async\" class=\"aligncenter wp-image-6422 size-full\" src=\"https:\/\/i0.wp.com\/culturesco.com\/wp-content\/uploads\/2019\/06\/mano-negra.jpg?resize=600%2C314&#038;ssl=1\" alt=\"puta's fever mano negra manu chao\" width=\"600\" height=\"314\" srcset=\"https:\/\/i0.wp.com\/culturesco.com\/wp-content\/uploads\/2019\/06\/mano-negra.jpg?w=600&amp;ssl=1 600w, https:\/\/i0.wp.com\/culturesco.com\/wp-content\/uploads\/2019\/06\/mano-negra.jpg?resize=300%2C157&amp;ssl=1 300w\" sizes=\"auto, (max-width: 600px) 100vw, 600px\" \/><\/p>\n<h3 style=\"text-align: justify;\">La gen\u00e8se du collectif Mano Negra<\/h3>\n<p style=\"text-align: justify;\">L&rsquo;ann\u00e9e 1988 nous avait permis de d\u00e9couvrir <strong>La Mano Negra<\/strong> gr\u00e2ce \u00e0 la sortie de l&rsquo;excellent album <strong>Patchanka<\/strong>, un groupe fran\u00e7ais venu \u00e0 priori de nul part avec un son et un concept \u00e0 contre-courant. L&rsquo;histoire avait d\u00e9but\u00e9 un an auparavant avec l&rsquo;id\u00e9e des deux fr\u00e8res Chao de monter un groupe \u00e0 l&rsquo;esprit cosmopolite, sans se soucier des \u00e9tiquettes du genre musical. Manu Chao officiait auparavant au sein des <strong>Hot Pants<\/strong>, son fr\u00e8re Antoine jouait avec <strong>Los Carayos<\/strong>. Les premi\u00e8res \u00e9bauches de la Mano Negra prennent naissance en compagnie d&rsquo;une autre figure de la sc\u00e8ne rock : Alain, le contrebassiste des <a href=\"https:\/\/culturesco.com\/index.php\/2019\/05\/09\/les-wampas-punk-rock-power-pop-et-populaire\/\" target=\"_blank\" rel=\"noopener noreferrer\">Wampas<\/a>.<\/p>\n<h3>Patchanka : un premier album \u00e9tonnant<\/h3>\n<p><img data-recalc-dims=\"1\" loading=\"lazy\" decoding=\"async\" class=\"aligncenter wp-image-9642 size-full\" src=\"https:\/\/i0.wp.com\/culturesco.com\/wp-content\/uploads\/2019\/06\/patchanka-mano-negra.jpg?resize=200%2C200&#038;ssl=1\" alt=\"puta's fever - manu chao\" width=\"200\" height=\"200\" srcset=\"https:\/\/i0.wp.com\/culturesco.com\/wp-content\/uploads\/2019\/06\/patchanka-mano-negra.jpg?w=200&amp;ssl=1 200w, https:\/\/i0.wp.com\/culturesco.com\/wp-content\/uploads\/2019\/06\/patchanka-mano-negra.jpg?resize=100%2C100&amp;ssl=1 100w, https:\/\/i0.wp.com\/culturesco.com\/wp-content\/uploads\/2019\/06\/patchanka-mano-negra.jpg?resize=150%2C150&amp;ssl=1 150w\" sizes=\"auto, (max-width: 200px) 100vw, 200px\" \/><\/p>\n<p style=\"text-align: justify;\">Le style de <a href=\"https:\/\/amzn.to\/2EWQ99t\" target=\"_blank\" rel=\"noopener noreferrer\">Patchanka<\/a>, fusionne des rythmes rock, reggae et latino, orchestr\u00e9s par un groupe qui est devenu au fil des rencontres un v\u00e9ritable collectif. On y retrouve entre autres le batteur<strong>\u00a0Santi<\/strong>, qui officia au sein des <strong>Kingsnakes <\/strong>et des<strong> Hot Pants<\/strong>. Tonio Chao des <strong>Chihuahua <\/strong>et des membres des incontournables <strong>Casse-Pieds <\/strong>(Philippe Teboul, Daniel Jamet et Jo Dahan), soit un sacr\u00e9 melting-pot de la sc\u00e8ne rock alternative fran\u00e7aise de l&rsquo;\u00e9poque. Le tout est chapeaut\u00e9 par <a href=\"https:\/\/fr.wikipedia.org\/wiki\/Boucherie_Productions\" target=\"_blank\" rel=\"noopener noreferrer\">Boucherie Production<\/a>, le label de <a href=\"https:\/\/culturesco.com\/index.php\/2019\/02\/01\/pigalle-et-francois-hadji-lazaro-dans-la-salle-du-bar-tabac-de-la-rue-des-martyrs\/\" target=\"_blank\" rel=\"noopener noreferrer\">Fran\u00e7ois Hadji Lazaro<\/a>. <strong>Patchanka<\/strong> est le premier album et c&rsquo;est une petite bombe, notamment gr\u00e2ce au succ\u00e8s impr\u00e9visible de <strong>Malavida<\/strong>. Rolling Stone magazine placera l&rsquo;album au rang des 32i\u00e8me plus grands albums de rock fran\u00e7ais. On annonce \u00e0 l&rsquo;\u00e9poque environ 50000 exemplaires vendus.<\/p>\n<p style=\"text-align: justify;\">Alors, lorsqu&rsquo;on d\u00e9marre sur les chapeaux de roue, on est g\u00e9n\u00e9ralement plus ou moins attendu au tournant. Et pour la Mano Negra, c&rsquo;\u00e9tait effectivement le cas. Changement de maison de disque, \u00a0Virgin signe le groupe avec qui il sera convenu de conserver une certaine ind\u00e9pendance. La Mano a ainsi le luxe de choisir les titres de l&rsquo;album et du single destin\u00e9s aux radios, le marketing, les affiches, la promotion, et m\u00eame celui de ne pas avoir de producteur.<\/p>\n<h3>Mano Negra : King Kong Five<\/h3>\n<div class=\"youtube-embed\" data-video_id=\"sikVd_ISevU\"><iframe loading=\"lazy\" title=\"Manu Chao: King Kong Five (MANO NEGRA)\" width=\"696\" height=\"522\" src=\"https:\/\/www.youtube.com\/embed\/sikVd_ISevU\" frameborder=\"0\" allow=\"accelerometer; autoplay; clipboard-write; encrypted-media; gyroscope; picture-in-picture; web-share\" referrerpolicy=\"strict-origin-when-cross-origin\" allowfullscreen><\/iframe><\/div>\n<h3>Mano Negra : Puta&rsquo;s Fever<\/h3>\n<p style=\"text-align: justify;\">Puta&rsquo;s Fever, <a href=\"https:\/\/amzn.to\/2EVNQ6J\" target=\"_blank\" rel=\"noopener noreferrer\">le second album de la Mano Negra<\/a>, sort le 1er septembre 1989 et c&rsquo;est une v\u00e9ritable explosion de cr\u00e9ativit\u00e9. Dix huit titres gravant le m\u00e9tissage des cultures avec des textes en fran\u00e7ais, anglais, espagnol et arabe. Un \u00e9clectisme musical qui leur sied \u00e0 merveille. <strong>King Kong Five<\/strong> est \u00e0 la limite du Dub sur un vocal anglophone proche du rap, et une \u00e9nergie h\u00e9rit\u00e9e du punk rock.<\/p>\n<p style=\"text-align: justify;\"><strong>Pas assez de toi<\/strong>, ballade \u00e9nergisante en fran\u00e7ais, rythm\u00e9e, color\u00e9e, tellement m\u00e9lodieuse et contrastant avec cette prose aussi violente que succulente. Une chanson qui sera un v\u00e9ritable carton m\u00e9diatique\u00a0sur les ondes FM. On ne passera pas non plus \u00e0 c\u00f4t\u00e9 des rythmes punk latins endiabl\u00e9s de <strong>Soledad<\/strong>. Sans oublier l&rsquo;une des chansons les plus surprenantes et r\u00e9ussies de l&rsquo;album: <strong>Sidi&rsquo;h&rsquo;Bibi<\/strong>. Cette magnifique cr\u00e9ation hybride combine avec classe l&rsquo;\u00e9nergie du punk rock et les m\u00e9lodies orientales, <strong>Manu Chao<\/strong> c\u00e9dant d&rsquo;ailleurs exceptionnellement sa place de chanteur au percussionniste <strong>Philippe Teboul<\/strong>.<\/p>\n<h3>Mano Negra : Pas assez de toi<\/h3>\n<div class=\"youtube-embed\" data-video_id=\"srJOPDsqSaQ\"><iframe loading=\"lazy\" title=\"Pas assez de toi - Mano Negra\" width=\"696\" height=\"522\" src=\"https:\/\/www.youtube.com\/embed\/srJOPDsqSaQ\" frameborder=\"0\" allow=\"accelerometer; autoplay; clipboard-write; encrypted-media; gyroscope; picture-in-picture; web-share\" referrerpolicy=\"strict-origin-when-cross-origin\" allowfullscreen><\/iframe><\/div>\n<h3>Manu Chao &#8211; Citation<\/h3>\n<blockquote>\n<h4 style=\"text-align: justify;\"><em>\u00ab\u00a0La chanson fran\u00e7aise, je l&rsquo;ai d\u00e9couverte sur le tard. Quand j&rsquo;\u00e9tais ado, je n&rsquo;\u00e9coutais que du bon Rock&rsquo;n&rsquo;roll anglais ou am\u00e9ricain des ann\u00e9es 50-60. Puis il y a eu le punk et des groupes de rock fran\u00e7ais, mais le texte ne passait pas. Le jour o\u00f9 j&rsquo;ai vu \u00e0 la t\u00e9l\u00e9 un concert de Brel, j&rsquo;ai vraiment pris la claque de ma vie. Je me suis dit : Lui, c&rsquo;est un punk, un vrai, tout en noir, tout en sueur. Oui, la claque de ma vie!\u00a0\u00bb<\/em><\/h4>\n<\/blockquote>\n<p style=\"text-align: justify;\"><strong>Puta&rsquo;s Fever<\/strong> est au final un album h\u00e9t\u00e9roclite, foisonnant d&rsquo;id\u00e9es f\u00e9condes, class\u00e9 cette fois 8i\u00e8me meilleur album rock fran\u00e7ais par Rolling Stone magazine. Un exemple r\u00e9ussi de m\u00e9tissage des cultures musicales et linguistiques avec pour corollaire le bonheur de figurer au panth\u00e9on des albums \u00e0 vis\u00e9e th\u00e9rapeutique anti-stress. D&rsquo;un bout \u00e0 l&rsquo;autre, il s&rsquo;en d\u00e9gage une \u00e9nergie absolument jouissive.<\/p>\n<p>Auguste Marshal<\/p>\n<h3>A lire \u00e9galement :<\/h3>\n<ul>\n<li><a href=\"https:\/\/culturesco.com\/index.php\/2019\/02\/01\/pigalle-et-francois-hadji-lazaro-dans-la-salle-du-bar-tabac-de-la-rue-des-martyrs\/\" target=\"_blank\" rel=\"noopener noreferrer\">Pigalle et Fran\u00e7ois Hadji-Lazaro : Regards afflig\u00e9s&#8230;<\/a><\/li>\n<li><a href=\"https:\/\/culturesco.com\/index.php\/2018\/12\/22\/didier-wampas-chanter-juste-ca-fait-petit-bourgeois\/\" target=\"_blank\" rel=\"noopener noreferrer\">Didier Wampas \u2013 Chanter juste, \u00e7a fait petit bourgeois<\/a><\/li>\n<li><a href=\"https:\/\/culturesco.com\/index.php\/2019\/03\/09\/parabellum-a-vote-schultz-chanteur-et-president-punk-rien-a-foutre\/\" target=\"_blank\" rel=\"noopener noreferrer\">Parabellum : A vot\u00e9<\/a><\/li>\n<\/ul>\n","protected":false},"excerpt":{"rendered":"<p>Mano Negra : de Patchanka \u00e0 Puta&rsquo;s fever Mano Negra &#8211; Puta&rsquo;s Fever : Pourquoi ce titre ? R\u00e9ponse simple et efficace sign\u00e9e Manu Chao: \u00ab\u00a0Le tout s\u2019appelle \u00abPuta\u2019s Fever\u00bb parce qu\u2019en Am\u00e9rique du Sud \u00e7a veut dire \u00ab la chtouille \u00bb. C\u2019est un pied de nez \u00e0 tous ceux qui disent que l\u2019on est [&hellip;]<\/p>\n","protected":false},"author":1,"featured_media":6422,"comment_status":"open","ping_status":"closed","sticky":false,"template":"","format":"image","meta":{"jetpack_post_was_ever_published":false,"tdm_status":"","tdm_grid_status":"","_jetpack_newsletter_access":"","_jetpack_dont_email_post_to_subs":false,"_jetpack_newsletter_tier_id":0,"_jetpack_memberships_contains_paywalled_content":false,"_jetpack_memberships_contains_paid_content":false,"footnotes":""},"categories":[30,17],"tags":[37,58],"class_list":{"0":"post-6405","1":"post","2":"type-post","3":"status-publish","4":"format-image","5":"has-post-thumbnail","7":"category-albums-rock","8":"category-carotte-rock-cultures","9":"tag-album-rock","10":"tag-histoire-du-rock","11":"post_format-post-format-image"},"yoast_head":"<!-- This site is optimized with the Yoast SEO plugin v27.5 - https:\/\/yoast.com\/product\/yoast-seo-wordpress\/ -->\n<title>Mano Negra : Puta&#039;s Fever ! Pourquoi ce titre ? - Culturesco<\/title>\n<meta name=\"description\" content=\"CulturesCo | Mano Negra - Que signifie Puta&#039;s Fever ? Histoire et biographie des d\u00e9buts de la Mano, de Malavida \u00e0 Pas assez de toi.\" \/>\n<meta name=\"robots\" content=\"index, follow, max-snippet:-1, max-image-preview:large, max-video-preview:-1\" \/>\n<link rel=\"canonical\" href=\"https:\/\/culturesco.com\/index.php\/2019\/06\/06\/mano-negra-puta-s-fever-pourquoi-ce-titre-histoire-du-groupe-de-mala-vida-a-pas-assez-de-toi\/\" \/>\n<meta property=\"og:locale\" content=\"fr_FR\" \/>\n<meta property=\"og:type\" content=\"article\" \/>\n<meta property=\"og:title\" content=\"MANU CHAO : Le jour o\u00f9 j\u2019ai vu \u00e0 la t\u00e9l\u00e9 un concert de Brel, j\u2019ai vraiment pris la claque de ma vie\" \/>\n<meta property=\"og:description\" content=\"CulturesCo | Mano Negra - Que signifie Puta&#039;s Fever ? Histoire et biographie des d\u00e9buts de la Mano, de Malavida \u00e0 Pas assez de toi.\" \/>\n<meta property=\"og:url\" content=\"https:\/\/culturesco.com\/index.php\/2019\/06\/06\/mano-negra-puta-s-fever-pourquoi-ce-titre-histoire-du-groupe-de-mala-vida-a-pas-assez-de-toi\/\" \/>\n<meta property=\"og:site_name\" content=\"Culturesco\" \/>\n<meta property=\"article:publisher\" content=\"https:\/\/www.facebook.com\/radioculturesco\" \/>\n<meta property=\"article:author\" content=\"https:\/\/www.facebook.com\/radioculturesco\" \/>\n<meta property=\"article:published_time\" content=\"2019-06-06T14:51:27+00:00\" \/>\n<meta property=\"article:modified_time\" content=\"2021-10-24T19:14:38+00:00\" \/>\n<meta property=\"og:image\" content=\"https:\/\/i2.wp.com\/culturesco.com\/wp-content\/uploads\/2019\/06\/mano-negra-manu-chao.jpg?fit=600%2C314&ssl=1\" \/>\n\t<meta property=\"og:image:width\" content=\"600\" \/>\n\t<meta property=\"og:image:height\" content=\"314\" \/>\n\t<meta property=\"og:image:type\" content=\"image\/jpeg\" \/>\n<meta name=\"author\" content=\"Auguste Marshal\" \/>\n<meta name=\"twitter:card\" content=\"summary_large_image\" \/>\n<meta name=\"twitter:creator\" content=\"@https:\/\/twitter.com\/AugusteMarshal\" \/>\n<meta name=\"twitter:site\" content=\"@AugusteMarshal\" \/>\n<meta name=\"twitter:label1\" content=\"\u00c9crit par\" \/>\n\t<meta name=\"twitter:data1\" content=\"Auguste Marshal\" \/>\n\t<meta name=\"twitter:label2\" content=\"Dur\u00e9e de lecture estim\u00e9e\" \/>\n\t<meta name=\"twitter:data2\" content=\"4 minutes\" \/>\n<script type=\"application\/ld+json\" class=\"yoast-schema-graph\">{\"@context\":\"https:\\\/\\\/schema.org\",\"@graph\":[{\"@type\":\"Article\",\"@id\":\"https:\\\/\\\/culturesco.com\\\/index.php\\\/2019\\\/06\\\/06\\\/mano-negra-puta-s-fever-pourquoi-ce-titre-histoire-du-groupe-de-mala-vida-a-pas-assez-de-toi\\\/#article\",\"isPartOf\":{\"@id\":\"https:\\\/\\\/culturesco.com\\\/index.php\\\/2019\\\/06\\\/06\\\/mano-negra-puta-s-fever-pourquoi-ce-titre-histoire-du-groupe-de-mala-vida-a-pas-assez-de-toi\\\/\"},\"author\":{\"name\":\"Auguste Marshal\",\"@id\":\"https:\\\/\\\/culturesco.com\\\/#\\\/schema\\\/person\\\/9a265b03a60b0fa349532a231f7d1d0e\"},\"headline\":\"Mano Negra : Puta&rsquo;s Fever ! Pourquoi ce titre ?\",\"datePublished\":\"2019-06-06T14:51:27+00:00\",\"dateModified\":\"2021-10-24T19:14:38+00:00\",\"mainEntityOfPage\":{\"@id\":\"https:\\\/\\\/culturesco.com\\\/index.php\\\/2019\\\/06\\\/06\\\/mano-negra-puta-s-fever-pourquoi-ce-titre-histoire-du-groupe-de-mala-vida-a-pas-assez-de-toi\\\/\"},\"wordCount\":850,\"commentCount\":0,\"publisher\":{\"@id\":\"https:\\\/\\\/culturesco.com\\\/#organization\"},\"image\":{\"@id\":\"https:\\\/\\\/culturesco.com\\\/index.php\\\/2019\\\/06\\\/06\\\/mano-negra-puta-s-fever-pourquoi-ce-titre-histoire-du-groupe-de-mala-vida-a-pas-assez-de-toi\\\/#primaryimage\"},\"thumbnailUrl\":\"https:\\\/\\\/i0.wp.com\\\/culturesco.com\\\/wp-content\\\/uploads\\\/2019\\\/06\\\/mano-negra.jpg?fit=600%2C314&ssl=1\",\"keywords\":[\"album rock\",\"histoire du rock\"],\"articleSection\":[\"Albums rock\",\"Carotte Rock Cultures\"],\"inLanguage\":\"fr-FR\",\"potentialAction\":[{\"@type\":\"CommentAction\",\"name\":\"Comment\",\"target\":[\"https:\\\/\\\/culturesco.com\\\/index.php\\\/2019\\\/06\\\/06\\\/mano-negra-puta-s-fever-pourquoi-ce-titre-histoire-du-groupe-de-mala-vida-a-pas-assez-de-toi\\\/#respond\"]}]},{\"@type\":\"WebPage\",\"@id\":\"https:\\\/\\\/culturesco.com\\\/index.php\\\/2019\\\/06\\\/06\\\/mano-negra-puta-s-fever-pourquoi-ce-titre-histoire-du-groupe-de-mala-vida-a-pas-assez-de-toi\\\/\",\"url\":\"https:\\\/\\\/culturesco.com\\\/index.php\\\/2019\\\/06\\\/06\\\/mano-negra-puta-s-fever-pourquoi-ce-titre-histoire-du-groupe-de-mala-vida-a-pas-assez-de-toi\\\/\",\"name\":\"Mano Negra : Puta's Fever ! Pourquoi ce titre ? - Culturesco\",\"isPartOf\":{\"@id\":\"https:\\\/\\\/culturesco.com\\\/#website\"},\"primaryImageOfPage\":{\"@id\":\"https:\\\/\\\/culturesco.com\\\/index.php\\\/2019\\\/06\\\/06\\\/mano-negra-puta-s-fever-pourquoi-ce-titre-histoire-du-groupe-de-mala-vida-a-pas-assez-de-toi\\\/#primaryimage\"},\"image\":{\"@id\":\"https:\\\/\\\/culturesco.com\\\/index.php\\\/2019\\\/06\\\/06\\\/mano-negra-puta-s-fever-pourquoi-ce-titre-histoire-du-groupe-de-mala-vida-a-pas-assez-de-toi\\\/#primaryimage\"},\"thumbnailUrl\":\"https:\\\/\\\/i0.wp.com\\\/culturesco.com\\\/wp-content\\\/uploads\\\/2019\\\/06\\\/mano-negra.jpg?fit=600%2C314&ssl=1\",\"datePublished\":\"2019-06-06T14:51:27+00:00\",\"dateModified\":\"2021-10-24T19:14:38+00:00\",\"description\":\"CulturesCo | Mano Negra - Que signifie Puta's Fever ? Histoire et biographie des d\u00e9buts de la Mano, de Malavida \u00e0 Pas assez de toi.\",\"breadcrumb\":{\"@id\":\"https:\\\/\\\/culturesco.com\\\/index.php\\\/2019\\\/06\\\/06\\\/mano-negra-puta-s-fever-pourquoi-ce-titre-histoire-du-groupe-de-mala-vida-a-pas-assez-de-toi\\\/#breadcrumb\"},\"inLanguage\":\"fr-FR\",\"potentialAction\":[{\"@type\":\"ReadAction\",\"target\":[\"https:\\\/\\\/culturesco.com\\\/index.php\\\/2019\\\/06\\\/06\\\/mano-negra-puta-s-fever-pourquoi-ce-titre-histoire-du-groupe-de-mala-vida-a-pas-assez-de-toi\\\/\"]}]},{\"@type\":\"ImageObject\",\"inLanguage\":\"fr-FR\",\"@id\":\"https:\\\/\\\/culturesco.com\\\/index.php\\\/2019\\\/06\\\/06\\\/mano-negra-puta-s-fever-pourquoi-ce-titre-histoire-du-groupe-de-mala-vida-a-pas-assez-de-toi\\\/#primaryimage\",\"url\":\"https:\\\/\\\/i0.wp.com\\\/culturesco.com\\\/wp-content\\\/uploads\\\/2019\\\/06\\\/mano-negra.jpg?fit=600%2C314&ssl=1\",\"contentUrl\":\"https:\\\/\\\/i0.wp.com\\\/culturesco.com\\\/wp-content\\\/uploads\\\/2019\\\/06\\\/mano-negra.jpg?fit=600%2C314&ssl=1\",\"width\":600,\"height\":314,\"caption\":\"mano negra puta's fever manu chao\"},{\"@type\":\"BreadcrumbList\",\"@id\":\"https:\\\/\\\/culturesco.com\\\/index.php\\\/2019\\\/06\\\/06\\\/mano-negra-puta-s-fever-pourquoi-ce-titre-histoire-du-groupe-de-mala-vida-a-pas-assez-de-toi\\\/#breadcrumb\",\"itemListElement\":[{\"@type\":\"ListItem\",\"position\":1,\"name\":\"Accueil\",\"item\":\"https:\\\/\\\/culturesco.com\\\/\"},{\"@type\":\"ListItem\",\"position\":2,\"name\":\"Mano Negra : Puta&rsquo;s Fever ! Pourquoi ce titre ?\"}]},{\"@type\":\"WebSite\",\"@id\":\"https:\\\/\\\/culturesco.com\\\/#website\",\"url\":\"https:\\\/\\\/culturesco.com\\\/\",\"name\":\"Culturesco\",\"description\":\"Culturesco | Un bon coup de pied dans ta Culture\",\"publisher\":{\"@id\":\"https:\\\/\\\/culturesco.com\\\/#organization\"},\"potentialAction\":[{\"@type\":\"SearchAction\",\"target\":{\"@type\":\"EntryPoint\",\"urlTemplate\":\"https:\\\/\\\/culturesco.com\\\/?s={search_term_string}\"},\"query-input\":{\"@type\":\"PropertyValueSpecification\",\"valueRequired\":true,\"valueName\":\"search_term_string\"}}],\"inLanguage\":\"fr-FR\"},{\"@type\":\"Organization\",\"@id\":\"https:\\\/\\\/culturesco.com\\\/#organization\",\"name\":\"CULTURESCO\",\"url\":\"https:\\\/\\\/culturesco.com\\\/\",\"logo\":{\"@type\":\"ImageObject\",\"inLanguage\":\"fr-FR\",\"@id\":\"https:\\\/\\\/culturesco.com\\\/#\\\/schema\\\/logo\\\/image\\\/\",\"url\":\"https:\\\/\\\/i0.wp.com\\\/culturesco.com\\\/wp-content\\\/uploads\\\/2022\\\/04\\\/culturesco-logo-blanc250p.png?fit=250%2C250&ssl=1\",\"contentUrl\":\"https:\\\/\\\/i0.wp.com\\\/culturesco.com\\\/wp-content\\\/uploads\\\/2022\\\/04\\\/culturesco-logo-blanc250p.png?fit=250%2C250&ssl=1\",\"width\":250,\"height\":250,\"caption\":\"CULTURESCO\"},\"image\":{\"@id\":\"https:\\\/\\\/culturesco.com\\\/#\\\/schema\\\/logo\\\/image\\\/\"},\"sameAs\":[\"https:\\\/\\\/www.facebook.com\\\/radioculturesco\",\"https:\\\/\\\/x.com\\\/AugusteMarshal\",\"https:\\\/\\\/www.instagram.com\\\/carotte_rock_culture\\\/\",\"https:\\\/\\\/www.pinterest.fr\\\/augustemarshal\\\/\",\"https:\\\/\\\/www.youtube.com\\\/channel\\\/UCiWLGffqWSXlNnfzp6YwwyQ\"]},{\"@type\":\"Person\",\"@id\":\"https:\\\/\\\/culturesco.com\\\/#\\\/schema\\\/person\\\/9a265b03a60b0fa349532a231f7d1d0e\",\"name\":\"Auguste Marshal\",\"image\":{\"@type\":\"ImageObject\",\"inLanguage\":\"fr-FR\",\"@id\":\"https:\\\/\\\/i0.wp.com\\\/culturesco.com\\\/wp-content\\\/uploads\\\/2019\\\/03\\\/auguste.jpg?fit=96%2C74&ssl=1\",\"url\":\"https:\\\/\\\/i0.wp.com\\\/culturesco.com\\\/wp-content\\\/uploads\\\/2019\\\/03\\\/auguste.jpg?fit=96%2C74&ssl=1\",\"contentUrl\":\"https:\\\/\\\/i0.wp.com\\\/culturesco.com\\\/wp-content\\\/uploads\\\/2019\\\/03\\\/auguste.jpg?fit=96%2C74&ssl=1\",\"caption\":\"Auguste Marshal\"},\"description\":\"Animateur Radio - Producteur animateur de l'\u00e9mission Culturesco sur Pop Culture Radio - Community Manager - Cr\u00e9ateur du blog Culturesco.com et pr\u00e9c\u00e9demment du Blog Rock Auguste Marshal - Administrateur des pages Facebook et Instagram Carotte Rock Cultures et Radio CulturesCo - Administrateur de groupes Facebook\",\"sameAs\":[\"https:\\\/\\\/culturesco.com\",\"https:\\\/\\\/www.facebook.com\\\/radioculturesco\",\"https:\\\/\\\/www.instagram.com\\\/carotte_rock_culture\\\/\",\"https:\\\/\\\/www.linkedin.com\\\/in\\\/auguste-marshal-7125b1151\\\/\",\"https:\\\/\\\/x.com\\\/https:\\\/\\\/twitter.com\\\/AugusteMarshal\",\"https:\\\/\\\/www.youtube.com\\\/channel\\\/UCiWLGffqWSXlNnfzp6YwwyQ\"],\"url\":\"https:\\\/\\\/culturesco.com\\\/index.php\\\/author\\\/admin8255\\\/\"}]}<\/script>\n<!-- \/ Yoast SEO plugin. -->","yoast_head_json":{"title":"Mano Negra : Puta's Fever ! Pourquoi ce titre ? - Culturesco","description":"CulturesCo | Mano Negra - Que signifie Puta's Fever ? Histoire et biographie des d\u00e9buts de la Mano, de Malavida \u00e0 Pas assez de toi.","robots":{"index":"index","follow":"follow","max-snippet":"max-snippet:-1","max-image-preview":"max-image-preview:large","max-video-preview":"max-video-preview:-1"},"canonical":"https:\/\/culturesco.com\/index.php\/2019\/06\/06\/mano-negra-puta-s-fever-pourquoi-ce-titre-histoire-du-groupe-de-mala-vida-a-pas-assez-de-toi\/","og_locale":"fr_FR","og_type":"article","og_title":"MANU CHAO : Le jour o\u00f9 j\u2019ai vu \u00e0 la t\u00e9l\u00e9 un concert de Brel, j\u2019ai vraiment pris la claque de ma vie","og_description":"CulturesCo | Mano Negra - Que signifie Puta's Fever ? Histoire et biographie des d\u00e9buts de la Mano, de Malavida \u00e0 Pas assez de toi.","og_url":"https:\/\/culturesco.com\/index.php\/2019\/06\/06\/mano-negra-puta-s-fever-pourquoi-ce-titre-histoire-du-groupe-de-mala-vida-a-pas-assez-de-toi\/","og_site_name":"Culturesco","article_publisher":"https:\/\/www.facebook.com\/radioculturesco","article_author":"https:\/\/www.facebook.com\/radioculturesco","article_published_time":"2019-06-06T14:51:27+00:00","article_modified_time":"2021-10-24T19:14:38+00:00","og_image":[{"width":600,"height":314,"url":"https:\/\/i2.wp.com\/culturesco.com\/wp-content\/uploads\/2019\/06\/mano-negra-manu-chao.jpg?fit=600%2C314&ssl=1","type":"image\/jpeg"}],"author":"Auguste Marshal","twitter_card":"summary_large_image","twitter_creator":"@https:\/\/twitter.com\/AugusteMarshal","twitter_site":"@AugusteMarshal","twitter_misc":{"\u00c9crit par":"Auguste Marshal","Dur\u00e9e de lecture estim\u00e9e":"4 minutes"},"schema":{"@context":"https:\/\/schema.org","@graph":[{"@type":"Article","@id":"https:\/\/culturesco.com\/index.php\/2019\/06\/06\/mano-negra-puta-s-fever-pourquoi-ce-titre-histoire-du-groupe-de-mala-vida-a-pas-assez-de-toi\/#article","isPartOf":{"@id":"https:\/\/culturesco.com\/index.php\/2019\/06\/06\/mano-negra-puta-s-fever-pourquoi-ce-titre-histoire-du-groupe-de-mala-vida-a-pas-assez-de-toi\/"},"author":{"name":"Auguste Marshal","@id":"https:\/\/culturesco.com\/#\/schema\/person\/9a265b03a60b0fa349532a231f7d1d0e"},"headline":"Mano Negra : Puta&rsquo;s Fever ! Pourquoi ce titre ?","datePublished":"2019-06-06T14:51:27+00:00","dateModified":"2021-10-24T19:14:38+00:00","mainEntityOfPage":{"@id":"https:\/\/culturesco.com\/index.php\/2019\/06\/06\/mano-negra-puta-s-fever-pourquoi-ce-titre-histoire-du-groupe-de-mala-vida-a-pas-assez-de-toi\/"},"wordCount":850,"commentCount":0,"publisher":{"@id":"https:\/\/culturesco.com\/#organization"},"image":{"@id":"https:\/\/culturesco.com\/index.php\/2019\/06\/06\/mano-negra-puta-s-fever-pourquoi-ce-titre-histoire-du-groupe-de-mala-vida-a-pas-assez-de-toi\/#primaryimage"},"thumbnailUrl":"https:\/\/i0.wp.com\/culturesco.com\/wp-content\/uploads\/2019\/06\/mano-negra.jpg?fit=600%2C314&ssl=1","keywords":["album rock","histoire du rock"],"articleSection":["Albums rock","Carotte Rock Cultures"],"inLanguage":"fr-FR","potentialAction":[{"@type":"CommentAction","name":"Comment","target":["https:\/\/culturesco.com\/index.php\/2019\/06\/06\/mano-negra-puta-s-fever-pourquoi-ce-titre-histoire-du-groupe-de-mala-vida-a-pas-assez-de-toi\/#respond"]}]},{"@type":"WebPage","@id":"https:\/\/culturesco.com\/index.php\/2019\/06\/06\/mano-negra-puta-s-fever-pourquoi-ce-titre-histoire-du-groupe-de-mala-vida-a-pas-assez-de-toi\/","url":"https:\/\/culturesco.com\/index.php\/2019\/06\/06\/mano-negra-puta-s-fever-pourquoi-ce-titre-histoire-du-groupe-de-mala-vida-a-pas-assez-de-toi\/","name":"Mano Negra : Puta's Fever ! Pourquoi ce titre ? - Culturesco","isPartOf":{"@id":"https:\/\/culturesco.com\/#website"},"primaryImageOfPage":{"@id":"https:\/\/culturesco.com\/index.php\/2019\/06\/06\/mano-negra-puta-s-fever-pourquoi-ce-titre-histoire-du-groupe-de-mala-vida-a-pas-assez-de-toi\/#primaryimage"},"image":{"@id":"https:\/\/culturesco.com\/index.php\/2019\/06\/06\/mano-negra-puta-s-fever-pourquoi-ce-titre-histoire-du-groupe-de-mala-vida-a-pas-assez-de-toi\/#primaryimage"},"thumbnailUrl":"https:\/\/i0.wp.com\/culturesco.com\/wp-content\/uploads\/2019\/06\/mano-negra.jpg?fit=600%2C314&ssl=1","datePublished":"2019-06-06T14:51:27+00:00","dateModified":"2021-10-24T19:14:38+00:00","description":"CulturesCo | Mano Negra - Que signifie Puta's Fever ? Histoire et biographie des d\u00e9buts de la Mano, de Malavida \u00e0 Pas assez de toi.","breadcrumb":{"@id":"https:\/\/culturesco.com\/index.php\/2019\/06\/06\/mano-negra-puta-s-fever-pourquoi-ce-titre-histoire-du-groupe-de-mala-vida-a-pas-assez-de-toi\/#breadcrumb"},"inLanguage":"fr-FR","potentialAction":[{"@type":"ReadAction","target":["https:\/\/culturesco.com\/index.php\/2019\/06\/06\/mano-negra-puta-s-fever-pourquoi-ce-titre-histoire-du-groupe-de-mala-vida-a-pas-assez-de-toi\/"]}]},{"@type":"ImageObject","inLanguage":"fr-FR","@id":"https:\/\/culturesco.com\/index.php\/2019\/06\/06\/mano-negra-puta-s-fever-pourquoi-ce-titre-histoire-du-groupe-de-mala-vida-a-pas-assez-de-toi\/#primaryimage","url":"https:\/\/i0.wp.com\/culturesco.com\/wp-content\/uploads\/2019\/06\/mano-negra.jpg?fit=600%2C314&ssl=1","contentUrl":"https:\/\/i0.wp.com\/culturesco.com\/wp-content\/uploads\/2019\/06\/mano-negra.jpg?fit=600%2C314&ssl=1","width":600,"height":314,"caption":"mano negra puta's fever manu chao"},{"@type":"BreadcrumbList","@id":"https:\/\/culturesco.com\/index.php\/2019\/06\/06\/mano-negra-puta-s-fever-pourquoi-ce-titre-histoire-du-groupe-de-mala-vida-a-pas-assez-de-toi\/#breadcrumb","itemListElement":[{"@type":"ListItem","position":1,"name":"Accueil","item":"https:\/\/culturesco.com\/"},{"@type":"ListItem","position":2,"name":"Mano Negra : Puta&rsquo;s Fever ! Pourquoi ce titre ?"}]},{"@type":"WebSite","@id":"https:\/\/culturesco.com\/#website","url":"https:\/\/culturesco.com\/","name":"Culturesco","description":"Culturesco | Un bon coup de pied dans ta Culture","publisher":{"@id":"https:\/\/culturesco.com\/#organization"},"potentialAction":[{"@type":"SearchAction","target":{"@type":"EntryPoint","urlTemplate":"https:\/\/culturesco.com\/?s={search_term_string}"},"query-input":{"@type":"PropertyValueSpecification","valueRequired":true,"valueName":"search_term_string"}}],"inLanguage":"fr-FR"},{"@type":"Organization","@id":"https:\/\/culturesco.com\/#organization","name":"CULTURESCO","url":"https:\/\/culturesco.com\/","logo":{"@type":"ImageObject","inLanguage":"fr-FR","@id":"https:\/\/culturesco.com\/#\/schema\/logo\/image\/","url":"https:\/\/i0.wp.com\/culturesco.com\/wp-content\/uploads\/2022\/04\/culturesco-logo-blanc250p.png?fit=250%2C250&ssl=1","contentUrl":"https:\/\/i0.wp.com\/culturesco.com\/wp-content\/uploads\/2022\/04\/culturesco-logo-blanc250p.png?fit=250%2C250&ssl=1","width":250,"height":250,"caption":"CULTURESCO"},"image":{"@id":"https:\/\/culturesco.com\/#\/schema\/logo\/image\/"},"sameAs":["https:\/\/www.facebook.com\/radioculturesco","https:\/\/x.com\/AugusteMarshal","https:\/\/www.instagram.com\/carotte_rock_culture\/","https:\/\/www.pinterest.fr\/augustemarshal\/","https:\/\/www.youtube.com\/channel\/UCiWLGffqWSXlNnfzp6YwwyQ"]},{"@type":"Person","@id":"https:\/\/culturesco.com\/#\/schema\/person\/9a265b03a60b0fa349532a231f7d1d0e","name":"Auguste Marshal","image":{"@type":"ImageObject","inLanguage":"fr-FR","@id":"https:\/\/i0.wp.com\/culturesco.com\/wp-content\/uploads\/2019\/03\/auguste.jpg?fit=96%2C74&ssl=1","url":"https:\/\/i0.wp.com\/culturesco.com\/wp-content\/uploads\/2019\/03\/auguste.jpg?fit=96%2C74&ssl=1","contentUrl":"https:\/\/i0.wp.com\/culturesco.com\/wp-content\/uploads\/2019\/03\/auguste.jpg?fit=96%2C74&ssl=1","caption":"Auguste Marshal"},"description":"Animateur Radio - Producteur animateur de l'\u00e9mission Culturesco sur Pop Culture Radio - Community Manager - Cr\u00e9ateur du blog Culturesco.com et pr\u00e9c\u00e9demment du Blog Rock Auguste Marshal - Administrateur des pages Facebook et Instagram Carotte Rock Cultures et Radio CulturesCo - Administrateur de groupes Facebook","sameAs":["https:\/\/culturesco.com","https:\/\/www.facebook.com\/radioculturesco","https:\/\/www.instagram.com\/carotte_rock_culture\/","https:\/\/www.linkedin.com\/in\/auguste-marshal-7125b1151\/","https:\/\/x.com\/https:\/\/twitter.com\/AugusteMarshal","https:\/\/www.youtube.com\/channel\/UCiWLGffqWSXlNnfzp6YwwyQ"],"url":"https:\/\/culturesco.com\/index.php\/author\/admin8255\/"}]}},"jetpack_featured_media_url":"https:\/\/i0.wp.com\/culturesco.com\/wp-content\/uploads\/2019\/06\/mano-negra.jpg?fit=600%2C314&ssl=1","jetpack_likes_enabled":true,"jetpack_sharing_enabled":true,"jetpack_shortlink":"https:\/\/wp.me\/paz89I-1Fj","_links":{"self":[{"href":"https:\/\/culturesco.com\/index.php\/wp-json\/wp\/v2\/posts\/6405","targetHints":{"allow":["GET"]}}],"collection":[{"href":"https:\/\/culturesco.com\/index.php\/wp-json\/wp\/v2\/posts"}],"about":[{"href":"https:\/\/culturesco.com\/index.php\/wp-json\/wp\/v2\/types\/post"}],"author":[{"embeddable":true,"href":"https:\/\/culturesco.com\/index.php\/wp-json\/wp\/v2\/users\/1"}],"replies":[{"embeddable":true,"href":"https:\/\/culturesco.com\/index.php\/wp-json\/wp\/v2\/comments?post=6405"}],"version-history":[{"count":0,"href":"https:\/\/culturesco.com\/index.php\/wp-json\/wp\/v2\/posts\/6405\/revisions"}],"wp:featuredmedia":[{"embeddable":true,"href":"https:\/\/culturesco.com\/index.php\/wp-json\/wp\/v2\/media\/6422"}],"wp:attachment":[{"href":"https:\/\/culturesco.com\/index.php\/wp-json\/wp\/v2\/media?parent=6405"}],"wp:term":[{"taxonomy":"category","embeddable":true,"href":"https:\/\/culturesco.com\/index.php\/wp-json\/wp\/v2\/categories?post=6405"},{"taxonomy":"post_tag","embeddable":true,"href":"https:\/\/culturesco.com\/index.php\/wp-json\/wp\/v2\/tags?post=6405"}],"curies":[{"name":"wp","href":"https:\/\/api.w.org\/{rel}","templated":true}]}}