{"id":5843,"date":"2019-05-19T22:34:09","date_gmt":"2019-05-19T20:34:09","guid":{"rendered":"https:\/\/culturesco.com\/?p=5843"},"modified":"2019-11-23T09:44:24","modified_gmt":"2019-11-23T08:44:24","slug":"queen-sa-majeste-freddie-mercury-du-pavillon-deparis-en-1979-a-la-rotonde-du-bourget-en-1980","status":"publish","type":"post","link":"https:\/\/culturesco.com\/index.php\/2019\/05\/19\/queen-sa-majeste-freddie-mercury-du-pavillon-deparis-en-1979-a-la-rotonde-du-bourget-en-1980\/","title":{"rendered":"Sa Majest\u00e9 QUEEN en concert : Tranche de vie"},"content":{"rendered":"<h2>QUEEN en concert &#8211; du Pavillon de Paris en 1979 \u00e0 la Rotonde du Bourget en 1980<\/h2>\n<p><a href=\"https:\/\/i0.wp.com\/culturesco.com\/wp-content\/uploads\/2019\/05\/Queen-1980.jpg?ssl=1\"><img data-recalc-dims=\"1\" loading=\"lazy\" decoding=\"async\" class=\"aligncenter wp-image-5844\" src=\"https:\/\/i0.wp.com\/culturesco.com\/wp-content\/uploads\/2019\/05\/Queen-1980.jpg?resize=480%2C240&#038;ssl=1\" alt=\"\" width=\"480\" height=\"240\" srcset=\"https:\/\/i0.wp.com\/culturesco.com\/wp-content\/uploads\/2019\/05\/Queen-1980.jpg?resize=300%2C150&amp;ssl=1 300w, https:\/\/i0.wp.com\/culturesco.com\/wp-content\/uploads\/2019\/05\/Queen-1980.jpg?resize=768%2C384&amp;ssl=1 768w, https:\/\/i0.wp.com\/culturesco.com\/wp-content\/uploads\/2019\/05\/Queen-1980.jpg?resize=696%2C348&amp;ssl=1 696w, https:\/\/i0.wp.com\/culturesco.com\/wp-content\/uploads\/2019\/05\/Queen-1980.jpg?resize=841%2C420&amp;ssl=1 841w, https:\/\/i0.wp.com\/culturesco.com\/wp-content\/uploads\/2019\/05\/Queen-1980.jpg?w=600&amp;ssl=1 600w\" sizes=\"auto, (max-width: 480px) 100vw, 480px\" \/><\/a><\/p>\n<p style=\"text-align: justify;\">En 1975, <a href=\"https:\/\/www.youtube.com\/watch?v=zyDZc8QDlYY\" target=\"_blank\" rel=\"noopener noreferrer\"><strong>Dalida<\/strong> <\/a>chante : \u00ab <strong>Il venait d\u2019avoir 18 ans<\/strong> \u00bb, en <strong>1980<\/strong>, c\u2019est \u00e0 mon tour d\u2019\u00eatre majeur et \u00e7a \u2026 ne change rien. En ce d\u00e9but de d\u00e9cennie, mon moral n\u2019est pas au beau fixe. Je double ma terminale. Il faut bien reconna\u00eetre que je n\u2019ai pas travaill\u00e9 les cours plus que cela l\u2019ann\u00e9e pr\u00e9c\u00e9dente, pr\u00e9f\u00e9rant (et de loin !) m\u2019adonner \u00e0 ce sport en salle nomm\u00e9 \u00ab <strong>Baby-foot<\/strong> \u00bb. Pour tenter de d\u00e9crocher le Bac, j\u2019ai d\u00fb stopper mes activit\u00e9s (presque) lucratives des samedis et dimanches matins : vendre des accessoires automobiles sur les march\u00e9s, afin de \u00ab r\u00e9viser \u00bb des cours que je n\u2019ai m\u00eame pas encore \u00ab vis\u00e9s \u00bb. La question se pose donc : comment r\u00e9unir l\u2019argent n\u00e9cessaire pour assister au <strong>concert de Queen<\/strong> ? 50 francs ! 7\u20ac50 !!! Ces jours-ci, nous n\u2019avons plus les m\u00eames valeurs \u2026<\/p>\n<p style=\"text-align: justify;\">Le mardi <strong>25 novembre 1980<\/strong>, nous prenons la direction du Bourget. En fait, il convient d\u2019\u00e9crire : \u00ab \u2026 nous prenons la direction de <strong>\u2018Le\u2019 Bourget<\/strong> \u2026 \u00bb, car tel est le nom correctement orthographi\u00e9 de cette ravissante localit\u00e9 de Seine-Saint-Denis. Point \u00e0 pr\u00e9ciser, il ne faut pas confondre la ville avec la marque de bas et collants qui porte le m\u00eame nom et fait le bonheur de tous les f\u00e9tichistes de la chose.<\/p>\n<figure id=\"attachment_5845\" aria-describedby=\"caption-attachment-5845\" style=\"width: 450px\" class=\"wp-caption aligncenter\"><a href=\"https:\/\/i0.wp.com\/culturesco.com\/wp-content\/uploads\/2019\/05\/Le-Bourget-rotonde-e1558355311679.jpg?ssl=1\"><img data-recalc-dims=\"1\" loading=\"lazy\" decoding=\"async\" class=\"wp-image-5845 size-full\" src=\"https:\/\/i0.wp.com\/culturesco.com\/wp-content\/uploads\/2019\/05\/Le-Bourget-rotonde-e1558355311679.jpg?resize=450%2C95&#038;ssl=1\" alt=\"Queen en concert - Freddie Mercury\" width=\"450\" height=\"95\" \/><\/a><figcaption id=\"caption-attachment-5845\" class=\"wp-caption-text\">Freddie Mercury<\/figcaption><\/figure>\n<h3>Queen en concert&#8230; sur la route<\/h3>\n<p style=\"text-align: justify;\">\u00abNous\u00bb prenons la route? Ma s\u0153ur et mon pote Mich\u2019 m\u2019accompagnent dans cette aventure. S\u0153urette ayant sont permis de conduire o\u00f9 nous n\u2019avons, mon pote et moi, que notre permis \u00ab mobylette \u00bb (Ah ! Ma d\u00e9funte <a href=\"http:\/\/motobecane-passion.fr\/\" target=\"_blank\" rel=\"noopener noreferrer\"><strong>Motob\u00e9cane<\/strong><\/a> 94 TT !), le voyage se fait en <strong><a href=\"http:\/\/lautomobileancienne.com\/les-simca-accueil\/\" target=\"_blank\" rel=\"noopener noreferrer\">Simca<\/a> 1000<\/strong> GLS bleue.<\/p>\n<figure id=\"attachment_5846\" aria-describedby=\"caption-attachment-5846\" style=\"width: 450px\" class=\"wp-caption aligncenter\"><a href=\"https:\/\/i0.wp.com\/culturesco.com\/wp-content\/uploads\/2019\/05\/TT-Simca-1000-e1558355338285.jpg?ssl=1\"><img data-recalc-dims=\"1\" loading=\"lazy\" decoding=\"async\" class=\"wp-image-5846 size-full\" src=\"https:\/\/i0.wp.com\/culturesco.com\/wp-content\/uploads\/2019\/05\/TT-Simca-1000-e1558355338285.jpg?resize=450%2C157&#038;ssl=1\" alt=\"Freddie Mercury\" width=\"450\" height=\"157\" \/><\/a><figcaption id=\"caption-attachment-5846\" class=\"wp-caption-text\">Simca 1000<\/figcaption><\/figure>\n<p style=\"text-align: justify;\">Le divin bolide pr\u00e9sente un moteur situ\u00e9 \u00e0 l\u2019arri\u00e8re. Du fait de la r\u00e9partition des masses propre \u00e0 cette particularit\u00e9, un emplacement destin\u00e9 \u00e0 recevoir un sac de sable a \u00e9t\u00e9 sp\u00e9cifiquement am\u00e9nag\u00e9 au fond du coffre. Ainsi, le train-avant parvient \u00e0 se stabiliser, permettant de conduire le v\u00e9hicule sur ses quatre roues et non pas sur ses seules roues arri\u00e8res, le \u00ab nez \u00bb au vent.<\/p>\n<p style=\"text-align: justify;\">Il pleut tout au long de la route jusqu\u2019au parking en terre o\u00f9 nous nous garons. Excit\u00e9s par ce qui nous attend, nous sommes partis de tr\u00e8s bonne heure. De ce fait, il nous reste bien deux heures \u00e0 attendre avant l\u2019ouverture des portes de <a href=\"https:\/\/journals.openedition.org\/rhcf\/1821\" target=\"_blank\" rel=\"noopener noreferrer\"><strong>la Rotonde<\/strong><\/a>, \u00ab salle de concert \u00bb pr\u00e9vue pour l\u2019\u00e9v\u00e8nement, sorte de hangar d\u2019aspect lugubre.<\/p>\n<h3>L&rsquo;attente avant concert, une tradition<\/h3>\n<p style=\"text-align: justify;\">Et comme de coutume, elle dure plus longtemps que pr\u00e9vue : trois heures. D\u00e9sireux d\u2019\u00eatre placer au plus pr\u00e8s de nos idoles, nous passons ce temps sous la pluie, pr\u00eats \u00e0 foncer dans la fosse une fois les portes ouvertes. Ces derni\u00e8res sont vitr\u00e9es sur toute leur hauteur. A un moment donn\u00e9, un mouvement de foule nous en fait \u00e9pouser la forme, nous \u00ab ventouse \u00bb \u00e0 la mati\u00e8re. Sous la pression, une demoiselle, heureusement v\u00eatue d\u2019une parka dont elle a remont\u00e9 la capuche, passe au travers dans un bruit de tonnerre.<\/p>\n<p style=\"text-align: justify;\">Un videur \u00e0 la nuque \u00e9paisse et pliss\u00e9e se pr\u00e9cipite alors vers nous en hurlant comme un phacoch\u00e8re. Sa seule intervention voit la file d\u2019attente reculer de trois bons m\u00e8tres. Coinc\u00e9s que nous sommes entre la poign\u00e9e d\u2019irr\u00e9ductibles arriv\u00e9s avant nous et les centaines d\u2019autres qui poussent, nos pieds quittent le sol. Nous nous retrouvons ballot\u00e9s tels des f\u00e9tus de paille jusqu\u2019\u00e0 ce que les portes s\u2019ouvrent enfin. Parfois, nulle substance psyqu\u00e9d\u00e9lique n\u2019est besoin pour d\u00e9coller. Cette exp\u00e9rience \u00ab l\u00e9vitationnelle \u00bb persiste en moi comme le pire moment de ma vie, celui o\u00f9 sa destin\u00e9e ne m\u2019appartenait plus.<\/p>\n<p style=\"text-align: justify;\">Tremp\u00e9s comme nous le sommes, le hangar nous semble encore plus glac\u00e9 qu\u2019un cong\u00e9lateur. <strong>Queen<\/strong> va devoir \u00ab assurer \u00bb pour r\u00e9chauffer notre enthousiasme d\u00e9sormais quelque peu refroidi. L\u2019ann\u00e9e pr\u00e9c\u00e9dente, au <a href=\"https:\/\/fr.wikipedia.org\/wiki\/Pavillon_de_Paris\" target=\"_blank\" rel=\"noopener noreferrer\"><strong>Pavillon de Paris<\/strong><\/a>, le groupe nous a \u00ab explos\u00e9 \u00bb avec un show pr\u00e9sentant une <strong>setlist \u00e9poustouflante<\/strong>. Que va-t-il en \u00eatre cette ann\u00e9e ?<\/p>\n<h3>QUEEN en concert<\/h3>\n<p style=\"text-align: justify;\">\u00ab <strong>The game<\/strong> \u00bb est dans les bacs. Apr\u00e8s \u00ab <strong>Jazz<\/strong> \u00bb, d\u00e9j\u00e0 moins fr\u00e9tillant que les albums pr\u00e9c\u00e9dent, et m\u00eame si Queen b\u00e9n\u00e9ficie toujours du titre de \u00ab groupe pr\u00e9f\u00e9r\u00e9 \u00bb dans l\u2019\u00e2me et la psych\u00e9 du public pr\u00e9sent, il descend n\u00e9anmoins d\u2019une marche, m\u00eame chez les fans inconditionnels. Et puis, il y a eu la parenth\u00e8se, cette BO du film \u00ab <a href=\"http:\/\/www.allocine.fr\/film\/fichefilm_gen_cfilm=12811.html\" target=\"_blank\" rel=\"noopener noreferrer\"><strong>Flash Gordon<\/strong> <\/a>\u00bb. Une honte dont beaucoup pr\u00e9f\u00e8re taire l\u2019existence.<\/p>\n<h3 style=\"text-align: justify;\">Queen en concert : les lumi\u00e8res s\u2019\u00e9teignent \u2026<\/h3>\n<p style=\"text-align: justify;\"><strong>Queen<\/strong> ne nous a pas habitu\u00e9s \u00e0 \u00e7a : une premi\u00e8re partie ! <strong>Straight Eight<\/strong>. Ce groupe propose une esp\u00e8ce de pop \u00ab \u00e9nerv\u00e9e \u00bb \u2026 qui, effectivement, nous \u00e9nerve, mais pas dans le sens o\u00f9 ils l\u2019entendent. Dispensable. Puis les idoles arrivent \u2026<\/p>\n<p style=\"text-align: justify;\">R\u00e9trospectivement, ce souvenir g\u00e9n\u00e8re une sensation s\u00e9pia, la fragrance des moments qui ne reviendront plus. Le concert appara\u00eet moins piment\u00e9 que celui de l\u2019ann\u00e9e pass\u00e9e au Pavillon de Paris et sera moins convivial que le suivant (pourtant destin\u00e9 \u00e0 soutenir l\u2019extr\u00eamement critiquable \u00ab<strong> Hot space<\/strong> \u00bb), au <strong>Palais des Sports de Saint-Ouen<\/strong>, en <strong>1982<\/strong>.<\/p>\n<figure id=\"attachment_5847\" aria-describedby=\"caption-attachment-5847\" style=\"width: 450px\" class=\"wp-caption aligncenter\"><a href=\"https:\/\/i0.wp.com\/culturesco.com\/wp-content\/uploads\/2019\/05\/Queen-billets-concert-e1558355158834.jpg?ssl=1\"><img data-recalc-dims=\"1\" loading=\"lazy\" decoding=\"async\" class=\"wp-image-5847 size-full\" src=\"https:\/\/i0.wp.com\/culturesco.com\/wp-content\/uploads\/2019\/05\/Queen-billets-concert-e1558355158834.jpg?resize=450%2C109&#038;ssl=1\" alt=\"Queen en concert\" width=\"450\" height=\"109\" \/><\/a><figcaption id=\"caption-attachment-5847\" class=\"wp-caption-text\">Queen en concert &#8211; Freddie Mercury<\/figcaption><\/figure>\n<p style=\"text-align: justify;\">En salle, dans un premier temps, les frissons qui nous parcourent sont essentiellement dus \u00e0 nos v\u00eatements mouill\u00e9s. La prestation du groupe est \u00e0 l\u2019image de ce que son following connait d\u00e9j\u00e0, juste un zest moins \u00ab rentre-dedans \u00bb. Pr\u00e9cisons que le nouveau look de <strong>Freddie Mercury<\/strong> est loin de valoir son pr\u00e9c\u00e9dent \u00ab tout cuir \u00bb! Cheveux court, moustache, marcel blanc z\u00e9br\u00e9 d\u2019un \u00e9clair rouge, pantalon en cuir moulant de la m\u00eame couleur, ballerines aux pieds. N\u00e9anmoins, \u00e0 son habitude, il<strong> prend la sc\u00e8ne d\u2019assaut<\/strong> et ne la l\u00e2che plus jusqu\u2019au dernier morceau, tour \u00e0 tour danseur classique, matamore ou provocateur. Inimitable et constant : le lien qui l\u2019unit au public : \u00ab<em> La, li, l\u00e9 !<\/em> \u00bb.<\/p>\n<h3>Brian May, guitariste m\u00e9sestim\u00e9 ?<\/h3>\n<p style=\"text-align: justify;\"><a href=\"https:\/\/culturesco.com\/index.php\/2019\/08\/30\/hommage-a-brian-may-guitariste-de-queen-et-desormais-en-solo-live-report\/\" target=\"_blank\" rel=\"noopener noreferrer\"><strong>Brian May<\/strong><\/a>, quant \u00e0 lui, parait vraiment \u00eatre un guitariste lead m\u00e9sestim\u00e9. Sans doute, les sabots qu\u2019il chausse, sa coupe de cheveux pompadour et ses chemises \u00ab vacher \u00bb y sont pour quelque chose. Quant \u00e0 son jeu de \u00ab <a href=\"https:\/\/www.premierguitar.com\/articles\/21307-mod-garage-inside-brian-mays-red-special\" target=\"_blank\" rel=\"noopener noreferrer\"><strong>Red One<\/strong><\/a> \u00bb, surnom de la guitare qu\u2019il a lui-m\u00eame fa\u00e7onn\u00e9e, il n\u2019a rien \u00e0 envier \u00e0 celui d\u2019aucun autre <strong>guitar hero<\/strong>. De plus, May pr\u00e9sente une<strong> signature sonore unique<\/strong>, rep\u00e9rable au moindre d\u00e9cibel. Peut-\u00eatre lui manque-t-il d\u2019avoir d\u00e9goupill\u00e9 quelques groupies en premi\u00e8re page des tablo\u00efds pour acc\u00e9der au statut de \u00ab Dieu de la six cordes \u00bb (?).<\/p>\n<p style=\"text-align: justify;\">De leur c\u00f4t\u00e9, <strong>John Deacon<\/strong> et <strong>Roger Taylor<\/strong> servent au mieux leurs partitions respectives, certes sobrement mais sans fautes de go\u00fbt, ajoutant m\u00eame quelques ch\u0153urs suraigus pour le batteur.<\/p>\n<h3>Queen en concert : la setlist<\/h3>\n<figure id=\"attachment_5849\" aria-describedby=\"caption-attachment-5849\" style=\"width: 280px\" class=\"wp-caption aligncenter\"><a href=\"https:\/\/i0.wp.com\/culturesco.com\/wp-content\/uploads\/2019\/05\/Setlist-Queen-e1558355513127.jpg?ssl=1\"><img data-recalc-dims=\"1\" loading=\"lazy\" decoding=\"async\" class=\"wp-image-5849 size-medium\" src=\"https:\/\/i0.wp.com\/culturesco.com\/wp-content\/uploads\/2019\/05\/Setlist-Queen.jpg?resize=280%2C300&#038;ssl=1\" alt=\"Queen en concert\" width=\"280\" height=\"300\" \/><\/a><figcaption id=\"caption-attachment-5849\" class=\"wp-caption-text\">Queen en concert<\/figcaption><\/figure>\n<p style=\"text-align: justify;\">La setlist si\u00e8ge \u00e0 la hauteur des attentes : 29 titres sans compter le \u00ab God save the Queen \u00bb final ! Des titres jou\u00e9s sur sc\u00e8ne depuis <strong>1974<\/strong> : <strong>\u00ab Keep yourself alive, \u00ab <a href=\"https:\/\/www.youtube.com\/watch?v=2ZBtPf7FOoM\" target=\"_blank\" rel=\"noopener noreferrer\">Killer Queen<\/a> \u00bb, \u00ab Now I\u2019m here \u00bb,<\/strong> d\u2019autres extraits du chemin parcouru : de l\u2019incontournable \u00ab <strong>Bohemian Rhapsody<\/strong> \u00bb \u00e0 \u00ab <strong>Tie your mother down<\/strong> \u00bb en passant par \u00ab <a href=\"https:\/\/www.youtube.com\/watch?v=yKAz3VNJBmU\" target=\"_blank\" rel=\"noopener noreferrer\"><strong>Mustapha<\/strong><\/a> \u00bb ou \u00ab <strong>We will rock you<\/strong> \u00bb, plus des titres du nouvel opus dont le m\u00e9ga hit : \u00ab <strong>Another one bites the dust<\/strong> \u00bb. Si l\u2019on peut regretter de ne plus entendre certains morceaux des d\u00e9buts, le traitement live de ceux entendus ce soir-l\u00e0 est exempt de tous reproches. May s\u2019empare m\u00eame d\u2019un clavier pour susurrer un \u00ab <a href=\"https:\/\/www.youtube.com\/watch?v=yUyPyTn-IS4\" target=\"_blank\" rel=\"noopener noreferrer\"><strong>Save me<\/strong><\/a> \u00bb de toute beaut\u00e9.<\/p>\n<p style=\"text-align: justify;\">Malgr\u00e9 la qualit\u00e9 d\u00e9sastreuse de l\u2019extrait qui suit, on ne peut passer outre un bain dans le \u00ab jus \u00bb de l\u2019\u00e9poque.<\/p>\n<h3 style=\"text-align: justify;\">Queen en concert &#8211; Live \u00e0 la Rotonde du Bourget &#8211; Novembre 1980<\/h3>\n<div class=\"youtube-embed\" data-video_id=\"WZ4gkEvgl7I\"><iframe loading=\"lazy\" title=\"Queen - Live In Paris (1980-11-25)\" width=\"696\" height=\"522\" src=\"https:\/\/www.youtube.com\/embed\/WZ4gkEvgl7I\" frameborder=\"0\" allow=\"accelerometer; autoplay; clipboard-write; encrypted-media; gyroscope; picture-in-picture; web-share\" referrerpolicy=\"strict-origin-when-cross-origin\" allowfullscreen><\/iframe><\/div>\n<p style=\"text-align: justify;\">Sur la route de retour, les tympans bourdonnant de toutes ces chansons jou\u00e9es \u00e0 un volume cons\u00e9quent, la Simca 1000 r\u00e9sonne de nos chants. Nous continuons le show en reprenant quelques titres absents du set, tels : \u00ab <a href=\"https:\/\/www.youtube.com\/watch?v=tEvbl413ySg\" target=\"_blank\" rel=\"noopener noreferrer\"><strong>Spread your wings<\/strong><\/a> \u00bb ou \u00ab <strong>In the lap of the gods<\/strong> \u00bb.<\/p>\n<p style=\"text-align: justify;\"><strong>Queen<\/strong>, live en 1980 ? \u00c7a valait son pesant de <a href=\"https:\/\/culturesco.com\/index.php\/2019\/08\/19\/led-zeppelin-iv-mythes-et-legendes-autour-d-une-pochette-de-disque-stairway-to-heaven\/\" target=\"_blank\" rel=\"noopener noreferrer\">Led Zeppelin<\/a>. C\u2019\u00e9tait \u00ab diff\u00e9rent \u00bb, oui, mais <strong>terrrrriblement bandant !!!<\/strong><\/p>\n<p style=\"text-align: justify;\"><strong>Epilogue<\/strong> : \u00e0 l\u2019aller comme au retour, la Simca 1000 bleue emprunte une route qui jouxte des terrains en friche o\u00f9 s\u2019\u00e9l\u00e8verait un jour le <strong>Stade de France<\/strong>. Pour cause de d\u00e9c\u00e8s, <strong>Queen<\/strong> n\u2019y jouera jamais.<\/p>\n<p>Thierry Dauge<\/p>\n<p>A lire \u00e9galement : <a href=\"https:\/\/culturesco.com\/index.php\/2019\/03\/12\/letrange-religion-de-freddie-mercury\/\" target=\"_blank\" rel=\"noopener noreferrer\">L&rsquo;\u00e9trange religion de Freddie Mercury<\/a><\/p>\n<blockquote class=\"wp-embedded-content\" data-secret=\"VgaPHWtNoX\"><p><a href=\"https:\/\/culturesco.com\/index.php\/2018\/10\/23\/queen-en-quatre-albums-essentiels\/\">QUEEN en Quatre albums essentiels<\/a><\/p><\/blockquote>\n<p><iframe loading=\"lazy\" class=\"wp-embedded-content\" sandbox=\"allow-scripts\" security=\"restricted\" style=\"position: absolute; visibility: hidden;\" title=\"\u00ab\u00a0QUEEN en Quatre albums essentiels\u00a0\u00bb &#8212; Culturesco\" src=\"https:\/\/culturesco.com\/index.php\/2018\/10\/23\/queen-en-quatre-albums-essentiels\/embed\/#?secret=5JzOsdCTnz#?secret=VgaPHWtNoX\" data-secret=\"VgaPHWtNoX\" width=\"600\" height=\"338\" frameborder=\"0\" marginwidth=\"0\" marginheight=\"0\" scrolling=\"no\"><\/iframe><\/p>\n<p><a href=\"https:\/\/culturesco.com\/index.php\/2018\/11\/19\/freddie-mercury-et-mary-austin-une-idylle-longtemps-dissimulee\/\" target=\"_blank\" rel=\"noopener noreferrer\">Freddie Mercury et Mary Austin \u2013 Une idylle longtemps dissimul\u00e9e<\/a><\/p>\n","protected":false},"excerpt":{"rendered":"<p>QUEEN en concert &#8211; du Pavillon de Paris en 1979 \u00e0 la Rotonde du Bourget en 1980 En 1975, Dalida chante : \u00ab Il venait d\u2019avoir 18 ans \u00bb, en 1980, c\u2019est \u00e0 mon tour d\u2019\u00eatre majeur et \u00e7a \u2026 ne change rien. En ce d\u00e9but de d\u00e9cennie, mon moral n\u2019est pas au beau fixe. [&hellip;]<\/p>\n","protected":false},"author":3,"featured_media":5850,"comment_status":"closed","ping_status":"closed","sticky":false,"template":"","format":"image","meta":{"jetpack_post_was_ever_published":false,"tdm_status":"","tdm_grid_status":"","_jetpack_newsletter_access":"","_jetpack_dont_email_post_to_subs":false,"_jetpack_newsletter_tier_id":0,"_jetpack_memberships_contains_paywalled_content":false,"_jetpack_memberships_contains_paid_content":false,"footnotes":""},"categories":[30,17],"tags":[58,20,48],"class_list":{"0":"post-5843","1":"post","2":"type-post","3":"status-publish","4":"format-image","5":"has-post-thumbnail","7":"category-albums-rock","8":"category-carotte-rock-cultures","9":"tag-histoire-du-rock","10":"tag-livre-rock","11":"tag-personnalite-rock","12":"post_format-post-format-image"},"yoast_head":"<!-- This site is optimized with the Yoast SEO plugin v27.5 - https:\/\/yoast.com\/product\/yoast-seo-wordpress\/ -->\n<title>Sa Majest\u00e9 QUEEN en concert : Tranche de vie - Culturesco<\/title>\n<meta name=\"description\" content=\"Queen en concert : Sa majest\u00e9 Freddie Mercury ! Suivi de Live : du Pavillon de Paris en 1979 \u00e0 la Rotonde du bourget en 1980 - France\" \/>\n<meta name=\"robots\" content=\"index, follow, max-snippet:-1, max-image-preview:large, max-video-preview:-1\" \/>\n<link rel=\"canonical\" href=\"https:\/\/culturesco.com\/index.php\/2019\/05\/19\/queen-sa-majeste-freddie-mercury-du-pavillon-deparis-en-1979-a-la-rotonde-du-bourget-en-1980\/\" \/>\n<meta property=\"og:locale\" content=\"fr_FR\" \/>\n<meta property=\"og:type\" content=\"article\" \/>\n<meta property=\"og:title\" content=\"Freddie Mercury est d\u00e9c\u00e9d\u00e9 le 24 novembre 1991 | Partageons Nos Souvenirs de sa Majest\u00e9 ...\" \/>\n<meta property=\"og:description\" content=\"Queen en concert : Sa majest\u00e9 Freddie Mercury ! Suivi de Live : du Pavillon de Paris en 1979 \u00e0 la Rotonde du bourget en 1980 - France\" \/>\n<meta property=\"og:url\" content=\"https:\/\/culturesco.com\/index.php\/2019\/05\/19\/queen-sa-majeste-freddie-mercury-du-pavillon-deparis-en-1979-a-la-rotonde-du-bourget-en-1980\/\" \/>\n<meta property=\"og:site_name\" content=\"Culturesco\" \/>\n<meta property=\"article:publisher\" content=\"https:\/\/www.facebook.com\/radioculturesco\" \/>\n<meta property=\"article:published_time\" content=\"2019-05-19T20:34:09+00:00\" \/>\n<meta property=\"article:modified_time\" content=\"2019-11-23T08:44:24+00:00\" \/>\n<meta property=\"og:image\" content=\"https:\/\/i1.wp.com\/culturesco.com\/wp-content\/uploads\/2019\/05\/freddie-mercury-queen.jpg?fit=600%2C314&ssl=1\" \/>\n\t<meta property=\"og:image:width\" content=\"600\" \/>\n\t<meta property=\"og:image:height\" content=\"314\" \/>\n\t<meta property=\"og:image:type\" content=\"image\/jpeg\" \/>\n<meta name=\"author\" content=\"Thierry Dauge\" \/>\n<meta name=\"twitter:card\" content=\"summary_large_image\" \/>\n<meta name=\"twitter:creator\" content=\"@AugusteMarshal\" \/>\n<meta name=\"twitter:site\" content=\"@AugusteMarshal\" \/>\n<meta name=\"twitter:label1\" content=\"\u00c9crit par\" \/>\n\t<meta name=\"twitter:data1\" content=\"Thierry Dauge\" \/>\n\t<meta name=\"twitter:label2\" content=\"Dur\u00e9e de lecture estim\u00e9e\" \/>\n\t<meta name=\"twitter:data2\" content=\"8 minutes\" \/>\n<script type=\"application\/ld+json\" class=\"yoast-schema-graph\">{\"@context\":\"https:\\\/\\\/schema.org\",\"@graph\":[{\"@type\":\"Article\",\"@id\":\"https:\\\/\\\/culturesco.com\\\/index.php\\\/2019\\\/05\\\/19\\\/queen-sa-majeste-freddie-mercury-du-pavillon-deparis-en-1979-a-la-rotonde-du-bourget-en-1980\\\/#article\",\"isPartOf\":{\"@id\":\"https:\\\/\\\/culturesco.com\\\/index.php\\\/2019\\\/05\\\/19\\\/queen-sa-majeste-freddie-mercury-du-pavillon-deparis-en-1979-a-la-rotonde-du-bourget-en-1980\\\/\"},\"author\":{\"name\":\"Thierry Dauge\",\"@id\":\"https:\\\/\\\/culturesco.com\\\/#\\\/schema\\\/person\\\/19f04cf232d246197f6e7d62abe6cb0e\"},\"headline\":\"Sa Majest\u00e9 QUEEN en concert : Tranche de vie\",\"datePublished\":\"2019-05-19T20:34:09+00:00\",\"dateModified\":\"2019-11-23T08:44:24+00:00\",\"mainEntityOfPage\":{\"@id\":\"https:\\\/\\\/culturesco.com\\\/index.php\\\/2019\\\/05\\\/19\\\/queen-sa-majeste-freddie-mercury-du-pavillon-deparis-en-1979-a-la-rotonde-du-bourget-en-1980\\\/\"},\"wordCount\":1511,\"publisher\":{\"@id\":\"https:\\\/\\\/culturesco.com\\\/#organization\"},\"image\":{\"@id\":\"https:\\\/\\\/culturesco.com\\\/index.php\\\/2019\\\/05\\\/19\\\/queen-sa-majeste-freddie-mercury-du-pavillon-deparis-en-1979-a-la-rotonde-du-bourget-en-1980\\\/#primaryimage\"},\"thumbnailUrl\":\"https:\\\/\\\/i0.wp.com\\\/culturesco.com\\\/wp-content\\\/uploads\\\/2019\\\/05\\\/Queen-Front.jpg?fit=600%2C367&ssl=1\",\"keywords\":[\"histoire du rock\",\"Livre Rock\",\"Personnalit\u00e9 Rock\"],\"articleSection\":[\"Albums rock\",\"Carotte Rock Cultures\"],\"inLanguage\":\"fr-FR\"},{\"@type\":\"WebPage\",\"@id\":\"https:\\\/\\\/culturesco.com\\\/index.php\\\/2019\\\/05\\\/19\\\/queen-sa-majeste-freddie-mercury-du-pavillon-deparis-en-1979-a-la-rotonde-du-bourget-en-1980\\\/\",\"url\":\"https:\\\/\\\/culturesco.com\\\/index.php\\\/2019\\\/05\\\/19\\\/queen-sa-majeste-freddie-mercury-du-pavillon-deparis-en-1979-a-la-rotonde-du-bourget-en-1980\\\/\",\"name\":\"Sa Majest\u00e9 QUEEN en concert : Tranche de vie - Culturesco\",\"isPartOf\":{\"@id\":\"https:\\\/\\\/culturesco.com\\\/#website\"},\"primaryImageOfPage\":{\"@id\":\"https:\\\/\\\/culturesco.com\\\/index.php\\\/2019\\\/05\\\/19\\\/queen-sa-majeste-freddie-mercury-du-pavillon-deparis-en-1979-a-la-rotonde-du-bourget-en-1980\\\/#primaryimage\"},\"image\":{\"@id\":\"https:\\\/\\\/culturesco.com\\\/index.php\\\/2019\\\/05\\\/19\\\/queen-sa-majeste-freddie-mercury-du-pavillon-deparis-en-1979-a-la-rotonde-du-bourget-en-1980\\\/#primaryimage\"},\"thumbnailUrl\":\"https:\\\/\\\/i0.wp.com\\\/culturesco.com\\\/wp-content\\\/uploads\\\/2019\\\/05\\\/Queen-Front.jpg?fit=600%2C367&ssl=1\",\"datePublished\":\"2019-05-19T20:34:09+00:00\",\"dateModified\":\"2019-11-23T08:44:24+00:00\",\"description\":\"Queen en concert : Sa majest\u00e9 Freddie Mercury ! Suivi de Live : du Pavillon de Paris en 1979 \u00e0 la Rotonde du bourget en 1980 - France\",\"breadcrumb\":{\"@id\":\"https:\\\/\\\/culturesco.com\\\/index.php\\\/2019\\\/05\\\/19\\\/queen-sa-majeste-freddie-mercury-du-pavillon-deparis-en-1979-a-la-rotonde-du-bourget-en-1980\\\/#breadcrumb\"},\"inLanguage\":\"fr-FR\",\"potentialAction\":[{\"@type\":\"ReadAction\",\"target\":[\"https:\\\/\\\/culturesco.com\\\/index.php\\\/2019\\\/05\\\/19\\\/queen-sa-majeste-freddie-mercury-du-pavillon-deparis-en-1979-a-la-rotonde-du-bourget-en-1980\\\/\"]}]},{\"@type\":\"ImageObject\",\"inLanguage\":\"fr-FR\",\"@id\":\"https:\\\/\\\/culturesco.com\\\/index.php\\\/2019\\\/05\\\/19\\\/queen-sa-majeste-freddie-mercury-du-pavillon-deparis-en-1979-a-la-rotonde-du-bourget-en-1980\\\/#primaryimage\",\"url\":\"https:\\\/\\\/i0.wp.com\\\/culturesco.com\\\/wp-content\\\/uploads\\\/2019\\\/05\\\/Queen-Front.jpg?fit=600%2C367&ssl=1\",\"contentUrl\":\"https:\\\/\\\/i0.wp.com\\\/culturesco.com\\\/wp-content\\\/uploads\\\/2019\\\/05\\\/Queen-Front.jpg?fit=600%2C367&ssl=1\",\"width\":600,\"height\":367,\"caption\":\"queen\"},{\"@type\":\"BreadcrumbList\",\"@id\":\"https:\\\/\\\/culturesco.com\\\/index.php\\\/2019\\\/05\\\/19\\\/queen-sa-majeste-freddie-mercury-du-pavillon-deparis-en-1979-a-la-rotonde-du-bourget-en-1980\\\/#breadcrumb\",\"itemListElement\":[{\"@type\":\"ListItem\",\"position\":1,\"name\":\"Accueil\",\"item\":\"https:\\\/\\\/culturesco.com\\\/\"},{\"@type\":\"ListItem\",\"position\":2,\"name\":\"Sa Majest\u00e9 QUEEN en concert : Tranche de vie\"}]},{\"@type\":\"WebSite\",\"@id\":\"https:\\\/\\\/culturesco.com\\\/#website\",\"url\":\"https:\\\/\\\/culturesco.com\\\/\",\"name\":\"Culturesco\",\"description\":\"Culturesco | Un bon coup de pied dans ta Culture\",\"publisher\":{\"@id\":\"https:\\\/\\\/culturesco.com\\\/#organization\"},\"potentialAction\":[{\"@type\":\"SearchAction\",\"target\":{\"@type\":\"EntryPoint\",\"urlTemplate\":\"https:\\\/\\\/culturesco.com\\\/?s={search_term_string}\"},\"query-input\":{\"@type\":\"PropertyValueSpecification\",\"valueRequired\":true,\"valueName\":\"search_term_string\"}}],\"inLanguage\":\"fr-FR\"},{\"@type\":\"Organization\",\"@id\":\"https:\\\/\\\/culturesco.com\\\/#organization\",\"name\":\"CULTURESCO\",\"url\":\"https:\\\/\\\/culturesco.com\\\/\",\"logo\":{\"@type\":\"ImageObject\",\"inLanguage\":\"fr-FR\",\"@id\":\"https:\\\/\\\/culturesco.com\\\/#\\\/schema\\\/logo\\\/image\\\/\",\"url\":\"https:\\\/\\\/i0.wp.com\\\/culturesco.com\\\/wp-content\\\/uploads\\\/2022\\\/04\\\/culturesco-logo-blanc250p.png?fit=250%2C250&ssl=1\",\"contentUrl\":\"https:\\\/\\\/i0.wp.com\\\/culturesco.com\\\/wp-content\\\/uploads\\\/2022\\\/04\\\/culturesco-logo-blanc250p.png?fit=250%2C250&ssl=1\",\"width\":250,\"height\":250,\"caption\":\"CULTURESCO\"},\"image\":{\"@id\":\"https:\\\/\\\/culturesco.com\\\/#\\\/schema\\\/logo\\\/image\\\/\"},\"sameAs\":[\"https:\\\/\\\/www.facebook.com\\\/radioculturesco\",\"https:\\\/\\\/x.com\\\/AugusteMarshal\",\"https:\\\/\\\/www.instagram.com\\\/carotte_rock_culture\\\/\",\"https:\\\/\\\/www.pinterest.fr\\\/augustemarshal\\\/\",\"https:\\\/\\\/www.youtube.com\\\/channel\\\/UCiWLGffqWSXlNnfzp6YwwyQ\"]},{\"@type\":\"Person\",\"@id\":\"https:\\\/\\\/culturesco.com\\\/#\\\/schema\\\/person\\\/19f04cf232d246197f6e7d62abe6cb0e\",\"name\":\"Thierry Dauge\",\"image\":{\"@type\":\"ImageObject\",\"inLanguage\":\"fr-FR\",\"@id\":\"https:\\\/\\\/i0.wp.com\\\/culturesco.com\\\/wp-content\\\/uploads\\\/2018\\\/12\\\/Black-Beauty-and-me.jpg?fit=96%2C96&ssl=1\",\"url\":\"https:\\\/\\\/i0.wp.com\\\/culturesco.com\\\/wp-content\\\/uploads\\\/2018\\\/12\\\/Black-Beauty-and-me.jpg?fit=96%2C96&ssl=1\",\"contentUrl\":\"https:\\\/\\\/i0.wp.com\\\/culturesco.com\\\/wp-content\\\/uploads\\\/2018\\\/12\\\/Black-Beauty-and-me.jpg?fit=96%2C96&ssl=1\",\"caption\":\"Thierry Dauge\"},\"description\":\"Amoureux des 70\u2019s et du hard rock en particulier, Thierry Dauge est chroniqueur sur Culturesco par amour de l\u2019\u00e9criture musicale. Co-auteur du livre\\\"Pop rock - Les instruments de l'ombre\\\" aux \u00e9ditions du Camion Blanc, collaborateur de Vivi pour \\\"Mes Ann\u00e9es Trust\\\", auteur de \\\"Sparks\\\" aux \u00e9ditions du Layeur, parce que le rock est loin d'\u00eatre mort ...\",\"url\":\"https:\\\/\\\/culturesco.com\\\/index.php\\\/author\\\/thierry-dauge888\\\/\"}]}<\/script>\n<!-- \/ Yoast SEO plugin. -->","yoast_head_json":{"title":"Sa Majest\u00e9 QUEEN en concert : Tranche de vie - Culturesco","description":"Queen en concert : Sa majest\u00e9 Freddie Mercury ! Suivi de Live : du Pavillon de Paris en 1979 \u00e0 la Rotonde du bourget en 1980 - France","robots":{"index":"index","follow":"follow","max-snippet":"max-snippet:-1","max-image-preview":"max-image-preview:large","max-video-preview":"max-video-preview:-1"},"canonical":"https:\/\/culturesco.com\/index.php\/2019\/05\/19\/queen-sa-majeste-freddie-mercury-du-pavillon-deparis-en-1979-a-la-rotonde-du-bourget-en-1980\/","og_locale":"fr_FR","og_type":"article","og_title":"Freddie Mercury est d\u00e9c\u00e9d\u00e9 le 24 novembre 1991 | Partageons Nos Souvenirs de sa Majest\u00e9 ...","og_description":"Queen en concert : Sa majest\u00e9 Freddie Mercury ! Suivi de Live : du Pavillon de Paris en 1979 \u00e0 la Rotonde du bourget en 1980 - France","og_url":"https:\/\/culturesco.com\/index.php\/2019\/05\/19\/queen-sa-majeste-freddie-mercury-du-pavillon-deparis-en-1979-a-la-rotonde-du-bourget-en-1980\/","og_site_name":"Culturesco","article_publisher":"https:\/\/www.facebook.com\/radioculturesco","article_published_time":"2019-05-19T20:34:09+00:00","article_modified_time":"2019-11-23T08:44:24+00:00","og_image":[{"width":600,"height":314,"url":"https:\/\/i1.wp.com\/culturesco.com\/wp-content\/uploads\/2019\/05\/freddie-mercury-queen.jpg?fit=600%2C314&ssl=1","type":"image\/jpeg"}],"author":"Thierry Dauge","twitter_card":"summary_large_image","twitter_creator":"@AugusteMarshal","twitter_site":"@AugusteMarshal","twitter_misc":{"\u00c9crit par":"Thierry Dauge","Dur\u00e9e de lecture estim\u00e9e":"8 minutes"},"schema":{"@context":"https:\/\/schema.org","@graph":[{"@type":"Article","@id":"https:\/\/culturesco.com\/index.php\/2019\/05\/19\/queen-sa-majeste-freddie-mercury-du-pavillon-deparis-en-1979-a-la-rotonde-du-bourget-en-1980\/#article","isPartOf":{"@id":"https:\/\/culturesco.com\/index.php\/2019\/05\/19\/queen-sa-majeste-freddie-mercury-du-pavillon-deparis-en-1979-a-la-rotonde-du-bourget-en-1980\/"},"author":{"name":"Thierry Dauge","@id":"https:\/\/culturesco.com\/#\/schema\/person\/19f04cf232d246197f6e7d62abe6cb0e"},"headline":"Sa Majest\u00e9 QUEEN en concert : Tranche de vie","datePublished":"2019-05-19T20:34:09+00:00","dateModified":"2019-11-23T08:44:24+00:00","mainEntityOfPage":{"@id":"https:\/\/culturesco.com\/index.php\/2019\/05\/19\/queen-sa-majeste-freddie-mercury-du-pavillon-deparis-en-1979-a-la-rotonde-du-bourget-en-1980\/"},"wordCount":1511,"publisher":{"@id":"https:\/\/culturesco.com\/#organization"},"image":{"@id":"https:\/\/culturesco.com\/index.php\/2019\/05\/19\/queen-sa-majeste-freddie-mercury-du-pavillon-deparis-en-1979-a-la-rotonde-du-bourget-en-1980\/#primaryimage"},"thumbnailUrl":"https:\/\/i0.wp.com\/culturesco.com\/wp-content\/uploads\/2019\/05\/Queen-Front.jpg?fit=600%2C367&ssl=1","keywords":["histoire du rock","Livre Rock","Personnalit\u00e9 Rock"],"articleSection":["Albums rock","Carotte Rock Cultures"],"inLanguage":"fr-FR"},{"@type":"WebPage","@id":"https:\/\/culturesco.com\/index.php\/2019\/05\/19\/queen-sa-majeste-freddie-mercury-du-pavillon-deparis-en-1979-a-la-rotonde-du-bourget-en-1980\/","url":"https:\/\/culturesco.com\/index.php\/2019\/05\/19\/queen-sa-majeste-freddie-mercury-du-pavillon-deparis-en-1979-a-la-rotonde-du-bourget-en-1980\/","name":"Sa Majest\u00e9 QUEEN en concert : Tranche de vie - Culturesco","isPartOf":{"@id":"https:\/\/culturesco.com\/#website"},"primaryImageOfPage":{"@id":"https:\/\/culturesco.com\/index.php\/2019\/05\/19\/queen-sa-majeste-freddie-mercury-du-pavillon-deparis-en-1979-a-la-rotonde-du-bourget-en-1980\/#primaryimage"},"image":{"@id":"https:\/\/culturesco.com\/index.php\/2019\/05\/19\/queen-sa-majeste-freddie-mercury-du-pavillon-deparis-en-1979-a-la-rotonde-du-bourget-en-1980\/#primaryimage"},"thumbnailUrl":"https:\/\/i0.wp.com\/culturesco.com\/wp-content\/uploads\/2019\/05\/Queen-Front.jpg?fit=600%2C367&ssl=1","datePublished":"2019-05-19T20:34:09+00:00","dateModified":"2019-11-23T08:44:24+00:00","description":"Queen en concert : Sa majest\u00e9 Freddie Mercury ! Suivi de Live : du Pavillon de Paris en 1979 \u00e0 la Rotonde du bourget en 1980 - France","breadcrumb":{"@id":"https:\/\/culturesco.com\/index.php\/2019\/05\/19\/queen-sa-majeste-freddie-mercury-du-pavillon-deparis-en-1979-a-la-rotonde-du-bourget-en-1980\/#breadcrumb"},"inLanguage":"fr-FR","potentialAction":[{"@type":"ReadAction","target":["https:\/\/culturesco.com\/index.php\/2019\/05\/19\/queen-sa-majeste-freddie-mercury-du-pavillon-deparis-en-1979-a-la-rotonde-du-bourget-en-1980\/"]}]},{"@type":"ImageObject","inLanguage":"fr-FR","@id":"https:\/\/culturesco.com\/index.php\/2019\/05\/19\/queen-sa-majeste-freddie-mercury-du-pavillon-deparis-en-1979-a-la-rotonde-du-bourget-en-1980\/#primaryimage","url":"https:\/\/i0.wp.com\/culturesco.com\/wp-content\/uploads\/2019\/05\/Queen-Front.jpg?fit=600%2C367&ssl=1","contentUrl":"https:\/\/i0.wp.com\/culturesco.com\/wp-content\/uploads\/2019\/05\/Queen-Front.jpg?fit=600%2C367&ssl=1","width":600,"height":367,"caption":"queen"},{"@type":"BreadcrumbList","@id":"https:\/\/culturesco.com\/index.php\/2019\/05\/19\/queen-sa-majeste-freddie-mercury-du-pavillon-deparis-en-1979-a-la-rotonde-du-bourget-en-1980\/#breadcrumb","itemListElement":[{"@type":"ListItem","position":1,"name":"Accueil","item":"https:\/\/culturesco.com\/"},{"@type":"ListItem","position":2,"name":"Sa Majest\u00e9 QUEEN en concert : Tranche de vie"}]},{"@type":"WebSite","@id":"https:\/\/culturesco.com\/#website","url":"https:\/\/culturesco.com\/","name":"Culturesco","description":"Culturesco | Un bon coup de pied dans ta Culture","publisher":{"@id":"https:\/\/culturesco.com\/#organization"},"potentialAction":[{"@type":"SearchAction","target":{"@type":"EntryPoint","urlTemplate":"https:\/\/culturesco.com\/?s={search_term_string}"},"query-input":{"@type":"PropertyValueSpecification","valueRequired":true,"valueName":"search_term_string"}}],"inLanguage":"fr-FR"},{"@type":"Organization","@id":"https:\/\/culturesco.com\/#organization","name":"CULTURESCO","url":"https:\/\/culturesco.com\/","logo":{"@type":"ImageObject","inLanguage":"fr-FR","@id":"https:\/\/culturesco.com\/#\/schema\/logo\/image\/","url":"https:\/\/i0.wp.com\/culturesco.com\/wp-content\/uploads\/2022\/04\/culturesco-logo-blanc250p.png?fit=250%2C250&ssl=1","contentUrl":"https:\/\/i0.wp.com\/culturesco.com\/wp-content\/uploads\/2022\/04\/culturesco-logo-blanc250p.png?fit=250%2C250&ssl=1","width":250,"height":250,"caption":"CULTURESCO"},"image":{"@id":"https:\/\/culturesco.com\/#\/schema\/logo\/image\/"},"sameAs":["https:\/\/www.facebook.com\/radioculturesco","https:\/\/x.com\/AugusteMarshal","https:\/\/www.instagram.com\/carotte_rock_culture\/","https:\/\/www.pinterest.fr\/augustemarshal\/","https:\/\/www.youtube.com\/channel\/UCiWLGffqWSXlNnfzp6YwwyQ"]},{"@type":"Person","@id":"https:\/\/culturesco.com\/#\/schema\/person\/19f04cf232d246197f6e7d62abe6cb0e","name":"Thierry Dauge","image":{"@type":"ImageObject","inLanguage":"fr-FR","@id":"https:\/\/i0.wp.com\/culturesco.com\/wp-content\/uploads\/2018\/12\/Black-Beauty-and-me.jpg?fit=96%2C96&ssl=1","url":"https:\/\/i0.wp.com\/culturesco.com\/wp-content\/uploads\/2018\/12\/Black-Beauty-and-me.jpg?fit=96%2C96&ssl=1","contentUrl":"https:\/\/i0.wp.com\/culturesco.com\/wp-content\/uploads\/2018\/12\/Black-Beauty-and-me.jpg?fit=96%2C96&ssl=1","caption":"Thierry Dauge"},"description":"Amoureux des 70\u2019s et du hard rock en particulier, Thierry Dauge est chroniqueur sur Culturesco par amour de l\u2019\u00e9criture musicale. Co-auteur du livre\"Pop rock - Les instruments de l'ombre\" aux \u00e9ditions du Camion Blanc, collaborateur de Vivi pour \"Mes Ann\u00e9es Trust\", auteur de \"Sparks\" aux \u00e9ditions du Layeur, parce que le rock est loin d'\u00eatre mort ...","url":"https:\/\/culturesco.com\/index.php\/author\/thierry-dauge888\/"}]}},"jetpack_featured_media_url":"https:\/\/i0.wp.com\/culturesco.com\/wp-content\/uploads\/2019\/05\/Queen-Front.jpg?fit=600%2C367&ssl=1","jetpack_likes_enabled":true,"jetpack_sharing_enabled":true,"jetpack_shortlink":"https:\/\/wp.me\/paz89I-1wf","_links":{"self":[{"href":"https:\/\/culturesco.com\/index.php\/wp-json\/wp\/v2\/posts\/5843","targetHints":{"allow":["GET"]}}],"collection":[{"href":"https:\/\/culturesco.com\/index.php\/wp-json\/wp\/v2\/posts"}],"about":[{"href":"https:\/\/culturesco.com\/index.php\/wp-json\/wp\/v2\/types\/post"}],"author":[{"embeddable":true,"href":"https:\/\/culturesco.com\/index.php\/wp-json\/wp\/v2\/users\/3"}],"replies":[{"embeddable":true,"href":"https:\/\/culturesco.com\/index.php\/wp-json\/wp\/v2\/comments?post=5843"}],"version-history":[{"count":0,"href":"https:\/\/culturesco.com\/index.php\/wp-json\/wp\/v2\/posts\/5843\/revisions"}],"wp:featuredmedia":[{"embeddable":true,"href":"https:\/\/culturesco.com\/index.php\/wp-json\/wp\/v2\/media\/5850"}],"wp:attachment":[{"href":"https:\/\/culturesco.com\/index.php\/wp-json\/wp\/v2\/media?parent=5843"}],"wp:term":[{"taxonomy":"category","embeddable":true,"href":"https:\/\/culturesco.com\/index.php\/wp-json\/wp\/v2\/categories?post=5843"},{"taxonomy":"post_tag","embeddable":true,"href":"https:\/\/culturesco.com\/index.php\/wp-json\/wp\/v2\/tags?post=5843"}],"curies":[{"name":"wp","href":"https:\/\/api.w.org\/{rel}","templated":true}]}}