{"id":5710,"date":"2019-05-16T09:23:50","date_gmt":"2019-05-16T07:23:50","guid":{"rendered":"https:\/\/culturesco.com\/?p=5710"},"modified":"2025-09-15T11:10:29","modified_gmt":"2025-09-15T09:10:29","slug":"peter-gabriel-en-tournee-en-france-en-1977","status":"publish","type":"post","link":"https:\/\/culturesco.com\/index.php\/2019\/05\/16\/peter-gabriel-en-tournee-en-france-en-1977\/","title":{"rendered":"Peter GABRIEL en tourn\u00e9e en France en 1977"},"content":{"rendered":"<h2>O\u00f9 \u00e9tait-il le 4 octobre 1977 ?<\/h2>\n<h3>\u2026 \u00e0 l&rsquo;Olympia ou \u00e0 l&rsquo;Hippodrome ?<\/h3>\n<p><img data-recalc-dims=\"1\" loading=\"lazy\" decoding=\"async\" class=\"aligncenter size-medium wp-image-5719\" src=\"https:\/\/i0.wp.com\/culturesco.com\/wp-content\/uploads\/2019\/05\/Pop-rock-les-concerts-de-legende-annees-60-et-70.jpg?resize=213%2C300&#038;ssl=1\" alt=\"\" width=\"213\" height=\"300\" srcset=\"https:\/\/i0.wp.com\/culturesco.com\/wp-content\/uploads\/2019\/05\/Pop-rock-les-concerts-de-legende-annees-60-et-70.jpg?resize=213%2C300&amp;ssl=1 213w, https:\/\/i0.wp.com\/culturesco.com\/wp-content\/uploads\/2019\/05\/Pop-rock-les-concerts-de-legende-annees-60-et-70.jpg?resize=298%2C420&amp;ssl=1 298w, https:\/\/i0.wp.com\/culturesco.com\/wp-content\/uploads\/2019\/05\/Pop-rock-les-concerts-de-legende-annees-60-et-70.jpg?w=400&amp;ssl=1 400w\" sizes=\"auto, (max-width: 213px) 100vw, 213px\" \/><\/p>\n<p style=\"text-align: justify;\">Le livre\u00a0<strong><a href=\"https:\/\/www.amazon.fr\/Pop-Rock-Concerts-Daniel-Lesueur\/dp\/2378481241\/ref=sr_1_fkmrnull_1?__mk_fr_FR=%C3%85M%C3%85%C5%BD%C3%95%C3%91&amp;keywords=lesueur+concerts+legende&amp;qid=1557991540&amp;s=gateway&amp;sr=8-1-fkmrnull\">Pop rock : les concerts de l\u00e9gende<\/a> <\/strong>\u00e9voque des centaines de prestations live\u2026 Retracer l\u2019Histoire du rock avec pr\u00e9cision n\u2019est pas une mince affaire. Surtout aujourd\u2019hui : pour peu qu\u2019une erreur se soit gliss\u00e9e sur wikipedia, et la voil\u00e0 reprise par des centaines historiens en herbe. D\u00e8s lors, la surmultiplication de la faute fait autorit\u00e9\u2026 et c\u2019est l\u2019information juste qui se trouve contest\u00e9e ! Alors une seule solution : prendre ses sources dans les m\u00e9dias d\u2019\u00e9poque et, si possible, retrouver des t\u00e9moins.<\/p>\n<p style=\"text-align: justify;\">Deuxi\u00e8me difficult\u00e9 : un concert en r\u00e9gion sera moins report\u00e9 dans les m\u00e9dias nationaux qu\u2019un concert parisien. Surtout s\u2019il a \u00e9t\u00e9 l\u2019occasion d\u2019un \u00e9v\u00e9nement sp\u00e9cial. C\u2019est ainsi que j\u2019eus toutes les peines du monde \u00e0 trouver trace de l\u2019int\u00e9gralit\u00e9 des concerts fran\u00e7ais de Peter GABRIEL en 1977. Celui du 30 octobre \u00e9tait fort bien document\u00e9 (h\u00e9las, pourrions-nous ajouter)\u2026<\/p>\n<p style=\"text-align: justify;\"><img data-recalc-dims=\"1\" loading=\"lazy\" decoding=\"async\" class=\"wp-image-24823 aligncenter\" src=\"https:\/\/i0.wp.com\/culturesco.com\/wp-content\/uploads\/2019\/05\/peter-gabriel.png?resize=300%2C218&#038;ssl=1\" alt=\"Peter Gabriel : La une du mensuel Rock'n'Roll music\" width=\"300\" height=\"218\" srcset=\"https:\/\/i0.wp.com\/culturesco.com\/wp-content\/uploads\/2019\/05\/peter-gabriel.png?resize=300%2C218&amp;ssl=1 300w, https:\/\/i0.wp.com\/culturesco.com\/wp-content\/uploads\/2019\/05\/peter-gabriel.png?resize=768%2C557&amp;ssl=1 768w, https:\/\/i0.wp.com\/culturesco.com\/wp-content\/uploads\/2019\/05\/peter-gabriel.png?resize=579%2C420&amp;ssl=1 579w, https:\/\/i0.wp.com\/culturesco.com\/wp-content\/uploads\/2019\/05\/peter-gabriel.png?resize=696%2C505&amp;ssl=1 696w, https:\/\/i0.wp.com\/culturesco.com\/wp-content\/uploads\/2019\/05\/peter-gabriel.png?resize=324%2C235&amp;ssl=1 324w, https:\/\/i0.wp.com\/culturesco.com\/wp-content\/uploads\/2019\/05\/peter-gabriel.png?w=600&amp;ssl=1 600w\" sizes=\"auto, (max-width: 300px) 100vw, 300px\" \/><\/p>\n<p style=\"text-align: justify;\">En marge du concert \u00e0 l&rsquo;Hippodrome de Paris, un jeune homme d&rsquo;origine guadeloup\u00e9enne, Lucien M\u00e9lyon, \u00e9tait assassin\u00e9 par un membre du service d&rsquo;ordre. Une balle du c\u00f4t\u00e9 du c\u0153ur, \u00e7a pardonne rarement. Mais le plus troublant est que, malgr\u00e9 de vigoureuses recherches, notamment dans BEST et ROCK &amp; FOLK, nous n&rsquo;arrivions pas \u00e0 trouver de ticket correspondant \u00e0 ce concert du 30 octobre. En revanche nous en avons trouv\u00e9 un, du 4 octobre, justement \u00e0 l&rsquo;Hippodrome de Paris alors qu&rsquo;un site soi-disant s\u00e9rieux indique ce m\u00eame soir Peter \u00e9tait\u2026 \u00e0 l&rsquo;Olympia!<\/p>\n<figure id=\"attachment_5714\" aria-describedby=\"caption-attachment-5714\" style=\"width: 300px\" class=\"wp-caption aligncenter\"><img data-recalc-dims=\"1\" loading=\"lazy\" decoding=\"async\" class=\"size-medium wp-image-5714\" src=\"https:\/\/i0.wp.com\/culturesco.com\/wp-content\/uploads\/2019\/05\/ob_6f408f_pg-4th-oct-1977-ticket-paris.jpg?resize=300%2C211&#038;ssl=1\" alt=\"TICKET DE CONCERT Peter GABRIEL 4 octobre\" width=\"300\" height=\"211\" \/><figcaption id=\"caption-attachment-5714\" class=\"wp-caption-text\">Peter GABRIEL 4 octobre<\/figcaption><\/figure>\n<p style=\"text-align: justify;\">Notre lectrice Nina Childress y \u00e9tait, et nous \u00e9crit \u00ab oui je vous confirme que j&rsquo;ai bien assist\u00e9 au concert de Peter Gabriel \u00e0 la porte de Pantin le 4 octobre 1977 comme en t\u00e9moigne mon journal intime \u00bb. Alors, ce ticket est erron\u00e9, la salle de l\u2019Olympia n\u2019\u00e9tait-elle pas disponible, et on \u00ab d\u00e9pla\u00e7a \u00bb Peter \u00e0 l\u2019Hippodrome\u2026 Hippodrome o\u00f9 il revient le 30 du m\u00eame mois.<\/p>\n<p>04.10.77: Paris, France, Olympia<br \/>\n05.10.77: Lyon, France, Palais des Sports<br \/>\n06.10.77: Colmar, France, Palais des Sports<br \/>\n08.10.77: Hamburg, Germany, CCH<br \/>\n09.10.77: Copenhagen, Denmark, Tivoli<br \/>\n10.10.77: Stochholm, Sweden, Konserthuset<br \/>\n11.10.77: Stochholm, Sweden, Konserthuset<br \/>\n13.10.77: Munster, Germany, Munsterlandhalle<br \/>\n14.10.77: Wiesbaden, Germany, Rhein Main Halle<br \/>\n15.10.77: Bern, Switzerland, Festhalle<br \/>\n16.10.77: Strasbourg, France, Le Chapiteau<br \/>\n17.10.77: Offenbach, Germany, Stadthalle<br \/>\n18.10.77: Koln, Germany, Sporthalle<br \/>\n19.10.77: Dusseldorf, Germany, Philipshalle<br \/>\n20.10.77: Dusseldorf, Germany, Philipshalle<br \/>\n21.10.77: Berlin, Germany, Eissporthalle<br \/>\n22.10.77: Munchen, Germany, Circus Krone<br \/>\n24.10.77: Dijon, France, Le Chapiteau<br \/>\n25.10.77: Nantes, France, Parc des Expositions<br \/>\n26.10.77: Lille, France, Palais des Congres<br \/>\n27.10.77: Poitiers, France, Arena<br \/>\n28.10.77: Bordeaux, France, Patinoire<br \/>\n29.10.77: Toulouse, France, Palais des Sports<br \/>\n30.10.77: Paris, France, Nouvel Hippodrome<\/p>\n","protected":false},"excerpt":{"rendered":"<p>O\u00f9 \u00e9tait-il le 4 octobre 1977 ? \u2026 \u00e0 l&rsquo;Olympia ou \u00e0 l&rsquo;Hippodrome ? Le livre\u00a0Pop rock : les concerts de l\u00e9gende \u00e9voque des centaines de prestations live\u2026 Retracer l\u2019Histoire du rock avec pr\u00e9cision n\u2019est pas une mince affaire. Surtout aujourd\u2019hui : pour peu qu\u2019une erreur se soit gliss\u00e9e sur wikipedia, et la voil\u00e0 reprise [&hellip;]<\/p>\n","protected":false},"author":2,"featured_media":24823,"comment_status":"closed","ping_status":"closed","sticky":false,"template":"","format":"standard","meta":{"jetpack_post_was_ever_published":false,"tdm_status":"","tdm_grid_status":"","_jetpack_newsletter_access":"","_jetpack_dont_email_post_to_subs":false,"_jetpack_newsletter_tier_id":0,"_jetpack_memberships_contains_paywalled_content":false,"_jetpack_memberships_contains_paid_content":false,"footnotes":""},"categories":[34,17,33],"tags":[58],"class_list":{"0":"post-5710","1":"post","2":"type-post","3":"status-publish","4":"format-standard","5":"has-post-thumbnail","7":"category-anecdotes-rock","8":"category-carotte-rock-cultures","9":"category-histoire-du-rock","10":"tag-histoire-du-rock"},"yoast_head":"<!-- This site is optimized with the Yoast SEO plugin v27.5 - https:\/\/yoast.com\/product\/yoast-seo-wordpress\/ -->\n<title>Peter GABRIEL en tourn\u00e9e en France en 1977 - Culturesco<\/title>\n<meta name=\"description\" content=\"CulturesCo | Peter GABRIEL en tourn\u00e9e en France en 1977. O\u00f9 \u00e9tait-il le 4 octobre 1977 ? A l&#039;Olympia ou \u00e0 l&#039;Hippodrome ? Le vrai du faux !\" \/>\n<meta name=\"robots\" content=\"index, follow, max-snippet:-1, max-image-preview:large, max-video-preview:-1\" \/>\n<link rel=\"canonical\" href=\"https:\/\/culturesco.com\/index.php\/2019\/05\/16\/peter-gabriel-en-tournee-en-france-en-1977\/\" \/>\n<meta property=\"og:locale\" content=\"fr_FR\" \/>\n<meta property=\"og:type\" content=\"article\" \/>\n<meta property=\"og:title\" content=\"O\u00f9 \u00e9tait Peter Gabriel le 4 octobre 1977 ?\" \/>\n<meta property=\"og:description\" content=\"CulturesCo | Peter GABRIEL en tourn\u00e9e en France en 1977. O\u00f9 \u00e9tait-il le 4 octobre 1977 ? A l&#039;Olympia ou \u00e0 l&#039;Hippodrome ? Le vrai du faux !\" \/>\n<meta property=\"og:url\" content=\"https:\/\/culturesco.com\/index.php\/2019\/05\/16\/peter-gabriel-en-tournee-en-france-en-1977\/\" \/>\n<meta property=\"og:site_name\" content=\"Culturesco\" \/>\n<meta property=\"article:publisher\" content=\"https:\/\/www.facebook.com\/radioculturesco\" \/>\n<meta property=\"article:published_time\" content=\"2019-05-16T07:23:50+00:00\" \/>\n<meta property=\"article:modified_time\" content=\"2025-09-15T09:10:29+00:00\" \/>\n<meta property=\"og:image\" content=\"https:\/\/culturesco.com\/wp-content\/uploads\/2019\/05\/peter-gabriel.jpg\" \/>\n\t<meta property=\"og:image:width\" content=\"600\" \/>\n\t<meta property=\"og:image:height\" content=\"314\" \/>\n\t<meta property=\"og:image:type\" content=\"image\/jpeg\" \/>\n<meta name=\"author\" content=\"Daniel Lesueur\" \/>\n<meta name=\"twitter:card\" content=\"summary_large_image\" \/>\n<meta name=\"twitter:creator\" content=\"@AugusteMarshal\" \/>\n<meta name=\"twitter:site\" content=\"@AugusteMarshal\" \/>\n<meta name=\"twitter:label1\" content=\"\u00c9crit par\" \/>\n\t<meta name=\"twitter:data1\" content=\"Daniel Lesueur\" \/>\n\t<meta name=\"twitter:label2\" content=\"Dur\u00e9e de lecture estim\u00e9e\" \/>\n\t<meta name=\"twitter:data2\" content=\"3 minutes\" \/>\n<script type=\"application\/ld+json\" class=\"yoast-schema-graph\">{\"@context\":\"https:\\\/\\\/schema.org\",\"@graph\":[{\"@type\":\"Article\",\"@id\":\"https:\\\/\\\/culturesco.com\\\/index.php\\\/2019\\\/05\\\/16\\\/peter-gabriel-en-tournee-en-france-en-1977\\\/#article\",\"isPartOf\":{\"@id\":\"https:\\\/\\\/culturesco.com\\\/index.php\\\/2019\\\/05\\\/16\\\/peter-gabriel-en-tournee-en-france-en-1977\\\/\"},\"author\":{\"name\":\"Daniel Lesueur\",\"@id\":\"https:\\\/\\\/culturesco.com\\\/#\\\/schema\\\/person\\\/716087cb1b01edf85084af2d12096a8f\"},\"headline\":\"Peter GABRIEL en tourn\u00e9e en France en 1977\",\"datePublished\":\"2019-05-16T07:23:50+00:00\",\"dateModified\":\"2025-09-15T09:10:29+00:00\",\"mainEntityOfPage\":{\"@id\":\"https:\\\/\\\/culturesco.com\\\/index.php\\\/2019\\\/05\\\/16\\\/peter-gabriel-en-tournee-en-france-en-1977\\\/\"},\"wordCount\":442,\"publisher\":{\"@id\":\"https:\\\/\\\/culturesco.com\\\/#organization\"},\"image\":{\"@id\":\"https:\\\/\\\/culturesco.com\\\/index.php\\\/2019\\\/05\\\/16\\\/peter-gabriel-en-tournee-en-france-en-1977\\\/#primaryimage\"},\"thumbnailUrl\":\"https:\\\/\\\/i0.wp.com\\\/culturesco.com\\\/wp-content\\\/uploads\\\/2019\\\/05\\\/peter-gabriel.png?fit=600%2C435&ssl=1\",\"keywords\":[\"histoire du rock\"],\"articleSection\":[\"Anecdotes rock\",\"Carotte Rock Cultures\",\"Histoire du rock\"],\"inLanguage\":\"fr-FR\"},{\"@type\":\"WebPage\",\"@id\":\"https:\\\/\\\/culturesco.com\\\/index.php\\\/2019\\\/05\\\/16\\\/peter-gabriel-en-tournee-en-france-en-1977\\\/\",\"url\":\"https:\\\/\\\/culturesco.com\\\/index.php\\\/2019\\\/05\\\/16\\\/peter-gabriel-en-tournee-en-france-en-1977\\\/\",\"name\":\"Peter GABRIEL en tourn\u00e9e en France en 1977 - Culturesco\",\"isPartOf\":{\"@id\":\"https:\\\/\\\/culturesco.com\\\/#website\"},\"primaryImageOfPage\":{\"@id\":\"https:\\\/\\\/culturesco.com\\\/index.php\\\/2019\\\/05\\\/16\\\/peter-gabriel-en-tournee-en-france-en-1977\\\/#primaryimage\"},\"image\":{\"@id\":\"https:\\\/\\\/culturesco.com\\\/index.php\\\/2019\\\/05\\\/16\\\/peter-gabriel-en-tournee-en-france-en-1977\\\/#primaryimage\"},\"thumbnailUrl\":\"https:\\\/\\\/i0.wp.com\\\/culturesco.com\\\/wp-content\\\/uploads\\\/2019\\\/05\\\/peter-gabriel.png?fit=600%2C435&ssl=1\",\"datePublished\":\"2019-05-16T07:23:50+00:00\",\"dateModified\":\"2025-09-15T09:10:29+00:00\",\"description\":\"CulturesCo | Peter GABRIEL en tourn\u00e9e en France en 1977. O\u00f9 \u00e9tait-il le 4 octobre 1977 ? A l'Olympia ou \u00e0 l'Hippodrome ? Le vrai du faux !\",\"breadcrumb\":{\"@id\":\"https:\\\/\\\/culturesco.com\\\/index.php\\\/2019\\\/05\\\/16\\\/peter-gabriel-en-tournee-en-france-en-1977\\\/#breadcrumb\"},\"inLanguage\":\"fr-FR\",\"potentialAction\":[{\"@type\":\"ReadAction\",\"target\":[\"https:\\\/\\\/culturesco.com\\\/index.php\\\/2019\\\/05\\\/16\\\/peter-gabriel-en-tournee-en-france-en-1977\\\/\"]}]},{\"@type\":\"ImageObject\",\"inLanguage\":\"fr-FR\",\"@id\":\"https:\\\/\\\/culturesco.com\\\/index.php\\\/2019\\\/05\\\/16\\\/peter-gabriel-en-tournee-en-france-en-1977\\\/#primaryimage\",\"url\":\"https:\\\/\\\/i0.wp.com\\\/culturesco.com\\\/wp-content\\\/uploads\\\/2019\\\/05\\\/peter-gabriel.png?fit=600%2C435&ssl=1\",\"contentUrl\":\"https:\\\/\\\/i0.wp.com\\\/culturesco.com\\\/wp-content\\\/uploads\\\/2019\\\/05\\\/peter-gabriel.png?fit=600%2C435&ssl=1\",\"width\":600,\"height\":435,\"caption\":\"Peter Gabriel : La une du mensuel Rock'n'Roll music\"},{\"@type\":\"BreadcrumbList\",\"@id\":\"https:\\\/\\\/culturesco.com\\\/index.php\\\/2019\\\/05\\\/16\\\/peter-gabriel-en-tournee-en-france-en-1977\\\/#breadcrumb\",\"itemListElement\":[{\"@type\":\"ListItem\",\"position\":1,\"name\":\"Accueil\",\"item\":\"https:\\\/\\\/culturesco.com\\\/\"},{\"@type\":\"ListItem\",\"position\":2,\"name\":\"Peter GABRIEL en tourn\u00e9e en France en 1977\"}]},{\"@type\":\"WebSite\",\"@id\":\"https:\\\/\\\/culturesco.com\\\/#website\",\"url\":\"https:\\\/\\\/culturesco.com\\\/\",\"name\":\"Culturesco\",\"description\":\"Culturesco | Un bon coup de pied dans ta Culture\",\"publisher\":{\"@id\":\"https:\\\/\\\/culturesco.com\\\/#organization\"},\"potentialAction\":[{\"@type\":\"SearchAction\",\"target\":{\"@type\":\"EntryPoint\",\"urlTemplate\":\"https:\\\/\\\/culturesco.com\\\/?s={search_term_string}\"},\"query-input\":{\"@type\":\"PropertyValueSpecification\",\"valueRequired\":true,\"valueName\":\"search_term_string\"}}],\"inLanguage\":\"fr-FR\"},{\"@type\":\"Organization\",\"@id\":\"https:\\\/\\\/culturesco.com\\\/#organization\",\"name\":\"CULTURESCO\",\"url\":\"https:\\\/\\\/culturesco.com\\\/\",\"logo\":{\"@type\":\"ImageObject\",\"inLanguage\":\"fr-FR\",\"@id\":\"https:\\\/\\\/culturesco.com\\\/#\\\/schema\\\/logo\\\/image\\\/\",\"url\":\"https:\\\/\\\/i0.wp.com\\\/culturesco.com\\\/wp-content\\\/uploads\\\/2022\\\/04\\\/culturesco-logo-blanc250p.png?fit=250%2C250&ssl=1\",\"contentUrl\":\"https:\\\/\\\/i0.wp.com\\\/culturesco.com\\\/wp-content\\\/uploads\\\/2022\\\/04\\\/culturesco-logo-blanc250p.png?fit=250%2C250&ssl=1\",\"width\":250,\"height\":250,\"caption\":\"CULTURESCO\"},\"image\":{\"@id\":\"https:\\\/\\\/culturesco.com\\\/#\\\/schema\\\/logo\\\/image\\\/\"},\"sameAs\":[\"https:\\\/\\\/www.facebook.com\\\/radioculturesco\",\"https:\\\/\\\/x.com\\\/AugusteMarshal\",\"https:\\\/\\\/www.instagram.com\\\/carotte_rock_culture\\\/\",\"https:\\\/\\\/www.pinterest.fr\\\/augustemarshal\\\/\",\"https:\\\/\\\/www.youtube.com\\\/channel\\\/UCiWLGffqWSXlNnfzp6YwwyQ\"]},{\"@type\":\"Person\",\"@id\":\"https:\\\/\\\/culturesco.com\\\/#\\\/schema\\\/person\\\/716087cb1b01edf85084af2d12096a8f\",\"name\":\"Daniel Lesueur\",\"image\":{\"@type\":\"ImageObject\",\"inLanguage\":\"fr-FR\",\"@id\":\"https:\\\/\\\/i0.wp.com\\\/culturesco.com\\\/wp-content\\\/uploads\\\/2018\\\/12\\\/lesueur.jpg?fit=96%2C89&ssl=1\",\"url\":\"https:\\\/\\\/i0.wp.com\\\/culturesco.com\\\/wp-content\\\/uploads\\\/2018\\\/12\\\/lesueur.jpg?fit=96%2C89&ssl=1\",\"contentUrl\":\"https:\\\/\\\/i0.wp.com\\\/culturesco.com\\\/wp-content\\\/uploads\\\/2018\\\/12\\\/lesueur.jpg?fit=96%2C89&ssl=1\",\"caption\":\"Daniel Lesueur\"},\"description\":\"\u00c9crivain - Directeur de collection chez Camion Blanc\",\"url\":\"https:\\\/\\\/culturesco.com\\\/index.php\\\/author\\\/daniel-lesueur\\\/\"}]}<\/script>\n<!-- \/ Yoast SEO plugin. -->","yoast_head_json":{"title":"Peter GABRIEL en tourn\u00e9e en France en 1977 - Culturesco","description":"CulturesCo | Peter GABRIEL en tourn\u00e9e en France en 1977. O\u00f9 \u00e9tait-il le 4 octobre 1977 ? A l'Olympia ou \u00e0 l'Hippodrome ? Le vrai du faux !","robots":{"index":"index","follow":"follow","max-snippet":"max-snippet:-1","max-image-preview":"max-image-preview:large","max-video-preview":"max-video-preview:-1"},"canonical":"https:\/\/culturesco.com\/index.php\/2019\/05\/16\/peter-gabriel-en-tournee-en-france-en-1977\/","og_locale":"fr_FR","og_type":"article","og_title":"O\u00f9 \u00e9tait Peter Gabriel le 4 octobre 1977 ?","og_description":"CulturesCo | Peter GABRIEL en tourn\u00e9e en France en 1977. O\u00f9 \u00e9tait-il le 4 octobre 1977 ? A l'Olympia ou \u00e0 l'Hippodrome ? Le vrai du faux !","og_url":"https:\/\/culturesco.com\/index.php\/2019\/05\/16\/peter-gabriel-en-tournee-en-france-en-1977\/","og_site_name":"Culturesco","article_publisher":"https:\/\/www.facebook.com\/radioculturesco","article_published_time":"2019-05-16T07:23:50+00:00","article_modified_time":"2025-09-15T09:10:29+00:00","og_image":[{"width":600,"height":314,"url":"https:\/\/culturesco.com\/wp-content\/uploads\/2019\/05\/peter-gabriel.jpg","type":"image\/jpeg"}],"author":"Daniel Lesueur","twitter_card":"summary_large_image","twitter_creator":"@AugusteMarshal","twitter_site":"@AugusteMarshal","twitter_misc":{"\u00c9crit par":"Daniel Lesueur","Dur\u00e9e de lecture estim\u00e9e":"3 minutes"},"schema":{"@context":"https:\/\/schema.org","@graph":[{"@type":"Article","@id":"https:\/\/culturesco.com\/index.php\/2019\/05\/16\/peter-gabriel-en-tournee-en-france-en-1977\/#article","isPartOf":{"@id":"https:\/\/culturesco.com\/index.php\/2019\/05\/16\/peter-gabriel-en-tournee-en-france-en-1977\/"},"author":{"name":"Daniel Lesueur","@id":"https:\/\/culturesco.com\/#\/schema\/person\/716087cb1b01edf85084af2d12096a8f"},"headline":"Peter GABRIEL en tourn\u00e9e en France en 1977","datePublished":"2019-05-16T07:23:50+00:00","dateModified":"2025-09-15T09:10:29+00:00","mainEntityOfPage":{"@id":"https:\/\/culturesco.com\/index.php\/2019\/05\/16\/peter-gabriel-en-tournee-en-france-en-1977\/"},"wordCount":442,"publisher":{"@id":"https:\/\/culturesco.com\/#organization"},"image":{"@id":"https:\/\/culturesco.com\/index.php\/2019\/05\/16\/peter-gabriel-en-tournee-en-france-en-1977\/#primaryimage"},"thumbnailUrl":"https:\/\/i0.wp.com\/culturesco.com\/wp-content\/uploads\/2019\/05\/peter-gabriel.png?fit=600%2C435&ssl=1","keywords":["histoire du rock"],"articleSection":["Anecdotes rock","Carotte Rock Cultures","Histoire du rock"],"inLanguage":"fr-FR"},{"@type":"WebPage","@id":"https:\/\/culturesco.com\/index.php\/2019\/05\/16\/peter-gabriel-en-tournee-en-france-en-1977\/","url":"https:\/\/culturesco.com\/index.php\/2019\/05\/16\/peter-gabriel-en-tournee-en-france-en-1977\/","name":"Peter GABRIEL en tourn\u00e9e en France en 1977 - Culturesco","isPartOf":{"@id":"https:\/\/culturesco.com\/#website"},"primaryImageOfPage":{"@id":"https:\/\/culturesco.com\/index.php\/2019\/05\/16\/peter-gabriel-en-tournee-en-france-en-1977\/#primaryimage"},"image":{"@id":"https:\/\/culturesco.com\/index.php\/2019\/05\/16\/peter-gabriel-en-tournee-en-france-en-1977\/#primaryimage"},"thumbnailUrl":"https:\/\/i0.wp.com\/culturesco.com\/wp-content\/uploads\/2019\/05\/peter-gabriel.png?fit=600%2C435&ssl=1","datePublished":"2019-05-16T07:23:50+00:00","dateModified":"2025-09-15T09:10:29+00:00","description":"CulturesCo | Peter GABRIEL en tourn\u00e9e en France en 1977. O\u00f9 \u00e9tait-il le 4 octobre 1977 ? A l'Olympia ou \u00e0 l'Hippodrome ? Le vrai du faux !","breadcrumb":{"@id":"https:\/\/culturesco.com\/index.php\/2019\/05\/16\/peter-gabriel-en-tournee-en-france-en-1977\/#breadcrumb"},"inLanguage":"fr-FR","potentialAction":[{"@type":"ReadAction","target":["https:\/\/culturesco.com\/index.php\/2019\/05\/16\/peter-gabriel-en-tournee-en-france-en-1977\/"]}]},{"@type":"ImageObject","inLanguage":"fr-FR","@id":"https:\/\/culturesco.com\/index.php\/2019\/05\/16\/peter-gabriel-en-tournee-en-france-en-1977\/#primaryimage","url":"https:\/\/i0.wp.com\/culturesco.com\/wp-content\/uploads\/2019\/05\/peter-gabriel.png?fit=600%2C435&ssl=1","contentUrl":"https:\/\/i0.wp.com\/culturesco.com\/wp-content\/uploads\/2019\/05\/peter-gabriel.png?fit=600%2C435&ssl=1","width":600,"height":435,"caption":"Peter Gabriel : La une du mensuel Rock'n'Roll music"},{"@type":"BreadcrumbList","@id":"https:\/\/culturesco.com\/index.php\/2019\/05\/16\/peter-gabriel-en-tournee-en-france-en-1977\/#breadcrumb","itemListElement":[{"@type":"ListItem","position":1,"name":"Accueil","item":"https:\/\/culturesco.com\/"},{"@type":"ListItem","position":2,"name":"Peter GABRIEL en tourn\u00e9e en France en 1977"}]},{"@type":"WebSite","@id":"https:\/\/culturesco.com\/#website","url":"https:\/\/culturesco.com\/","name":"Culturesco","description":"Culturesco | Un bon coup de pied dans ta Culture","publisher":{"@id":"https:\/\/culturesco.com\/#organization"},"potentialAction":[{"@type":"SearchAction","target":{"@type":"EntryPoint","urlTemplate":"https:\/\/culturesco.com\/?s={search_term_string}"},"query-input":{"@type":"PropertyValueSpecification","valueRequired":true,"valueName":"search_term_string"}}],"inLanguage":"fr-FR"},{"@type":"Organization","@id":"https:\/\/culturesco.com\/#organization","name":"CULTURESCO","url":"https:\/\/culturesco.com\/","logo":{"@type":"ImageObject","inLanguage":"fr-FR","@id":"https:\/\/culturesco.com\/#\/schema\/logo\/image\/","url":"https:\/\/i0.wp.com\/culturesco.com\/wp-content\/uploads\/2022\/04\/culturesco-logo-blanc250p.png?fit=250%2C250&ssl=1","contentUrl":"https:\/\/i0.wp.com\/culturesco.com\/wp-content\/uploads\/2022\/04\/culturesco-logo-blanc250p.png?fit=250%2C250&ssl=1","width":250,"height":250,"caption":"CULTURESCO"},"image":{"@id":"https:\/\/culturesco.com\/#\/schema\/logo\/image\/"},"sameAs":["https:\/\/www.facebook.com\/radioculturesco","https:\/\/x.com\/AugusteMarshal","https:\/\/www.instagram.com\/carotte_rock_culture\/","https:\/\/www.pinterest.fr\/augustemarshal\/","https:\/\/www.youtube.com\/channel\/UCiWLGffqWSXlNnfzp6YwwyQ"]},{"@type":"Person","@id":"https:\/\/culturesco.com\/#\/schema\/person\/716087cb1b01edf85084af2d12096a8f","name":"Daniel Lesueur","image":{"@type":"ImageObject","inLanguage":"fr-FR","@id":"https:\/\/i0.wp.com\/culturesco.com\/wp-content\/uploads\/2018\/12\/lesueur.jpg?fit=96%2C89&ssl=1","url":"https:\/\/i0.wp.com\/culturesco.com\/wp-content\/uploads\/2018\/12\/lesueur.jpg?fit=96%2C89&ssl=1","contentUrl":"https:\/\/i0.wp.com\/culturesco.com\/wp-content\/uploads\/2018\/12\/lesueur.jpg?fit=96%2C89&ssl=1","caption":"Daniel Lesueur"},"description":"\u00c9crivain - Directeur de collection chez Camion Blanc","url":"https:\/\/culturesco.com\/index.php\/author\/daniel-lesueur\/"}]}},"jetpack_featured_media_url":"https:\/\/i0.wp.com\/culturesco.com\/wp-content\/uploads\/2019\/05\/peter-gabriel.png?fit=600%2C435&ssl=1","jetpack_likes_enabled":true,"jetpack_sharing_enabled":true,"jetpack_shortlink":"https:\/\/wp.me\/paz89I-1u6","_links":{"self":[{"href":"https:\/\/culturesco.com\/index.php\/wp-json\/wp\/v2\/posts\/5710","targetHints":{"allow":["GET"]}}],"collection":[{"href":"https:\/\/culturesco.com\/index.php\/wp-json\/wp\/v2\/posts"}],"about":[{"href":"https:\/\/culturesco.com\/index.php\/wp-json\/wp\/v2\/types\/post"}],"author":[{"embeddable":true,"href":"https:\/\/culturesco.com\/index.php\/wp-json\/wp\/v2\/users\/2"}],"replies":[{"embeddable":true,"href":"https:\/\/culturesco.com\/index.php\/wp-json\/wp\/v2\/comments?post=5710"}],"version-history":[{"count":0,"href":"https:\/\/culturesco.com\/index.php\/wp-json\/wp\/v2\/posts\/5710\/revisions"}],"wp:featuredmedia":[{"embeddable":true,"href":"https:\/\/culturesco.com\/index.php\/wp-json\/wp\/v2\/media\/24823"}],"wp:attachment":[{"href":"https:\/\/culturesco.com\/index.php\/wp-json\/wp\/v2\/media?parent=5710"}],"wp:term":[{"taxonomy":"category","embeddable":true,"href":"https:\/\/culturesco.com\/index.php\/wp-json\/wp\/v2\/categories?post=5710"},{"taxonomy":"post_tag","embeddable":true,"href":"https:\/\/culturesco.com\/index.php\/wp-json\/wp\/v2\/tags?post=5710"}],"curies":[{"name":"wp","href":"https:\/\/api.w.org\/{rel}","templated":true}]}}