{"id":5656,"date":"2019-05-14T15:12:43","date_gmt":"2019-05-14T13:12:43","guid":{"rendered":"https:\/\/culturesco.com\/?p=5656"},"modified":"2020-01-22T16:21:23","modified_gmt":"2020-01-22T15:21:23","slug":"johnny-ramone-guitariste-des-ramones-ultime-interview-l-ambiance-dans-le-groupe-et-sa-maladie","status":"publish","type":"post","link":"https:\/\/culturesco.com\/index.php\/2019\/05\/14\/johnny-ramone-guitariste-des-ramones-ultime-interview-l-ambiance-dans-le-groupe-et-sa-maladie\/","title":{"rendered":"Johnny Ramone guitariste des Ramones, ultime interview"},"content":{"rendered":"<h2 style=\"text-align: justify;\">Johnny Ramone : l\u2019ultime interview<\/h2>\n<p style=\"text-align: justify;\">Johnny Ramone, guitariste des Ramones, quittait ce monde le 15 septembre 2004. En novembre 2003, il donnait <a href=\"https:\/\/www.rollingstone.com\/music\/music-news\/the-last-days-of-johnny-ramone-250848\/\" target=\"_blank\" rel=\"noopener noreferrer\">son ultime interview au magazine Rolling Stone.<\/a><br \/>\nCes quelques morceaux choisis de cette derni\u00e8re rencontre, nous permettent de mieux cerner l\u2019\u00e9tat d\u2019esprit du groupe et la personnalit\u00e9 de Johnny, personnage central du groupe pourvu d&rsquo;un temp\u00e9rament complexe.<\/p>\n<p style=\"text-align: justify;\">Pourquoi une telle long\u00e9vit\u00e9, malgr\u00e9 une si faible coh\u00e9sion au sein du groupe?<\/p>\n<p style=\"text-align: justify;\">La r\u00e9ponse semble transpara\u00eetre \u00e0 la lecture des derniers mots accord\u00e9s aux m\u00e9dias par <a href=\"https:\/\/culturesco.com\/index.php\/2018\/09\/24\/johnny-ramone-morceaux-choisis\/\" target=\"_blank\" rel=\"noopener noreferrer\">l&rsquo;homme \u00e0 la Mosrite Venture II et \u00e0 la coupe au bol<\/a>&#8230;<\/p>\n<h3 style=\"text-align: justify;\">La maladie<\/h3>\n<p style=\"text-align: justify;\">N\u00e9 dans le Queens d\u2019un p\u00e8re ma\u00e7on et d\u2019une m\u00e8re serveuse, John Cummings alias <a href=\"https:\/\/fr.wikipedia.org\/wiki\/Johnny_Ramone\" target=\"_blank\" rel=\"noopener noreferrer\"><strong>Johnny Ramone<\/strong><\/a> adopte cette fameuse coupe au bol \u00e0 partir de 1974. Un attribut physique caract\u00e9ristique et original qu\u2019il gardera jusqu\u2019\u00e0 sa premi\u00e8re chimio\u2026<\/p>\n<p>Johnny Ramone guitariste:<\/p>\n<blockquote>\n<h4 style=\"text-align: justify;\"><em>\u00abJ\u2019ai v\u00e9cu des moments tr\u00e8s difficiles, quand \u00e7a m\u2019est tomb\u00e9 dessus, c\u2019\u00e9tait traumatisant\u2026 Mais on n\u2019a pas beaucoup le choix dans ces cas l\u00e0. Il faut s\u2019y faire. Les m\u00e9decins disent que mon \u00e9tat s\u2019am\u00e9liore, et qu\u2019il faut juste supporter les effets secondaires. Mais il y a toujours quelque chose qui ne va pas. Je suis tout le temps malade\u2026\u00bb<\/em><\/h4>\n<\/blockquote>\n<p style=\"text-align: justify;\">Ironie de la vie, Johnny \u00e9tait le plus clean des membres du groupe, et probablement de <a href=\"https:\/\/culturesco.com\/index.php\/2018\/10\/09\/100-club-punk-special-20-et-21-septembre-1976\/\" target=\"_blank\" rel=\"noopener noreferrer\">toute la sc\u00e8ne Punk<\/a> de l&rsquo;\u00e9poque. Jamais d\u2019alcool, encore moins de drogue, il avait quasi une vie d\u2019asc\u00e8te&#8230; enfin presque.<br \/>\nEt pourtant, sur l\u2019\u00e9chelle de Gleason, (Mesure de la virulence de la maladie), il \u00e9tait \u00e0 9 sur 10.<\/p>\n<blockquote>\n<h4 style=\"text-align: justify;\"><em>\u00abJ\u2019ai d\u00fb subir une transfusion en urgence, je n\u2019avais plus de globules. Les m\u00e9decins m\u2019ont dit que si j\u2019avais attendu un peu, je serais mort\u2026\u00bb<\/em><\/h4>\n<\/blockquote>\n<p>https:\/\/www.youtube.com\/watch?v=TYh1lRR1m6Y<\/p>\n<p style=\"text-align: justify;\"><strong>L\u2019ambiance au sein du groupe<\/strong><\/p>\n<p style=\"text-align: justify;\">Comment r\u00e9sumer simplement la carri\u00e8re des Ramones? Quelque chiffres suffisent: 2263 concerts et 14 albums en studio.<br \/>\nDe v\u00e9ritables stakhanovistes du Punk rock qui arpentaient sans cesse les routes de concerts en concerts. Vivre de leur musique, loin d&rsquo;\u00eatre un mythe, \u00e9tait devenu une r\u00e9alit\u00e9 dure \u00e0 vivre. Tout ce que voulait Johnny en \u00e9change, c\u2019\u00e9tait suffisamment d\u2019argent pour prendre sa retraite\u2026 Mais les tensions ont tr\u00e8s rapidement min\u00e9 le groupe et\u00a0cr\u00e9\u00e9\u00a0une ambiance d\u00e9l\u00e9t\u00e8re.<\/p>\n<p>Johnny\u00a0Ramone guitariste:<\/p>\n<blockquote>\n<h4 style=\"text-align: justify;\"><em>\u00ab Avant les concerts, on ne disait rien du tout. On restait assis sur une chaise, ou affal\u00e9s dans un coin. Et quand c\u2019\u00e9tait le moment d\u2019y aller, on montait sur sc\u00e8ne. C\u2019est tout<\/em> \u00bb<\/h4>\n<\/blockquote>\n<p style=\"text-align: justify;\">Sa femme, Linda (qu\u2019il \u00a0a d&rsquo;ailleurs \u00ab\u00a0souffl\u00e9\u00a0\u00bb au chanteur <a href=\"https:\/\/culturesco.com\/index.php\/2019\/04\/15\/joey-ramone-dont-worry-about-me-1er-album-solo\/\" target=\"_blank\" rel=\"noopener noreferrer\">Joey Ramone<\/a>, imaginez un peu l\u2019ambiance ?) t\u00e9moigne:<\/p>\n<blockquote>\n<h4 style=\"text-align: justify;\"><em>\u00abIls \u00e9taient tous comme \u00e7a. Aucun sentiment. Je vois certains groupes, aujourd\u2019hui, qui forment un cercle avant les concerts et se r\u00e9p\u00e8tent : \u00abAllez, on y va\u00bb. Pour les Ramones, ce genre de comportement \u00e9tait juste inconcevable\u00bb<\/em><\/h4>\n<p><img data-recalc-dims=\"1\" loading=\"lazy\" decoding=\"async\" class=\"aligncenter wp-image-5660 size-full\" src=\"https:\/\/i0.wp.com\/culturesco.com\/wp-content\/uploads\/2019\/05\/johnny-ramone-guitariste.jpg?resize=450%2C299&#038;ssl=1\" alt=\"Johnny Ramone guitariste\" width=\"450\" height=\"299\" srcset=\"https:\/\/i0.wp.com\/culturesco.com\/wp-content\/uploads\/2019\/05\/johnny-ramone-guitariste.jpg?w=450&amp;ssl=1 450w, https:\/\/i0.wp.com\/culturesco.com\/wp-content\/uploads\/2019\/05\/johnny-ramone-guitariste.jpg?resize=300%2C199&amp;ssl=1 300w\" sizes=\"auto, (max-width: 450px) 100vw, 450px\" \/><\/p><\/blockquote>\n<p style=\"text-align: justify;\"><a href=\"https:\/\/culturesco.com\/index.php\/2019\/01\/23\/ramones-en-studio-et-en-concert\/\" target=\"_blank\" rel=\"noopener noreferrer\">Les relations avec Joey<\/a><\/p>\n<p style=\"text-align: justify;\">Quand on lui demande pourquoi ils ont arr\u00eat\u00e9, la r\u00e9ponse fuse :<\/p>\n<blockquote>\n<h4 style=\"text-align: justify;\"><em>\u00abOn commen\u00e7ait \u00e0 avoir 20 ans de carri\u00e8re derri\u00e8re nous, on \u00e9tait moins bon qu\u2019avant. Et un jour, \u00e0 la maison de disques, je me suis une fois encore pris la t\u00eate avec Joey qui mena\u00e7ait de partir. Et j\u2019ai dit que c\u2019est moi qui partais, qu\u2019on arr\u00eatait. De toute fa\u00e7on, on \u00e9tait d\u2019accord sur rien. Je ne sais pas pourquoi. On \u00e9tait tout simplement diff\u00e9rents. Il r\u00e9p\u00e9tait tout le temps les m\u00eames gestes. Et il tombait malade avant chaque enregistrement, c\u2019\u00e9tait psychologique!\u00bb<\/em><\/h4>\n<\/blockquote>\n<p style=\"text-align: justify;\"><strong>A-t-il revu Joey apr\u00e8s la s\u00e9paration ?<\/strong><\/p>\n<p>Johnny ramone guitariste:<\/p>\n<blockquote>\n<h4 style=\"text-align: justify;\"><em>\u00abDeux fois, pour des s\u00e9ances de d\u00e9dicaces. C\u2019est tout. Je savais qu\u2019il \u00e9tait gravement malade, alors je lui ai demand\u00e9 :<\/em><br \/>\n<em>h\u00e9, Joey, comment tu te sens. Et il m\u2019a r\u00e9pondu: En pleine forme. Pourquoi, \u00e7a t\u2019int\u00e9resse\u2026? Alors, j\u2019ai d\u00e9cid\u00e9 de ne plus le d\u00e9ranger. A chaque fois que j\u2019essayais de lui parler, par exemples au d\u00e9but des tourn\u00e9es, au bout d\u2019une ou deux minutes, je me rendais compte que c\u2019\u00e9tait peine perdue. \u00bb<\/em><\/h4>\n<\/blockquote>\n<p style=\"text-align: justify;\"><strong>Tu t\u2019es rendu \u00e0 son enterrement ?<\/strong><\/p>\n<blockquote>\n<h4 style=\"text-align: justify;\"><em>\u00abNon. J\u2019\u00e9tais en Californie \u00e0 ce moment l\u00e0, et je n\u2019allais pas faire le trajet jusqu\u2019\u00e0 New-York. De toute fa\u00e7on, je n\u2019y serais pas all\u00e9. Je n\u2019aurais pas voulu qu\u2019il vienne \u00e0 mon enterrement, et je n\u2019aurais surtout pas voulu entendre parler de lui \u00e0 ma mort. Je n\u2019aurais voulu voir que mes amis, qu\u2019on me laisse mourir tranquille \u00bb<\/em><\/h4>\n<h4 style=\"text-align: justify;\">\u00abOn a travaill\u00e9 ensemble. Rien ne m\u2019oblige \u00e0 l\u2019appr\u00e9cier pour autant. Et donc, l\u2018avoir revu 2 fois pour les d\u00e9dicaces, \u00e7a m\u2019a suffit \u00bb.<\/h4>\n<\/blockquote>\n<p style=\"text-align: justify;\"><strong>L\u2019intronisation au Rock&rsquo;n&rsquo;Roll Hall of Fame<\/strong><\/p>\n<blockquote>\n<h4 style=\"text-align: justify;\"><em>\u00abOn y voit Dee Dee dire qu\u2019il n\u2019irait pas s\u2019asseoir \u00e0 ma table\u2026 Mais ce qu\u2019on ne voit pas, c\u2019est que juste apr\u00e8s, il est venu\u2026 Et il ne m\u2019a pas quitt\u00e9 une seconde. Il \u00e9tait compl\u00e8tement fou. Rien de ce qu\u2019il disait n\u2019\u00e9tait vrai\u2026\u00bb<\/em><\/h4>\n<h4 style=\"text-align: justify;\"><em>\u00abOn m\u2019a demand\u00e9 si le groupe pourrait se reformer, avec un autre chanteur. J\u2019ai r\u00e9pondu qu\u2019il n\u2019en \u00e9tait pas question. Regardez-nous tels que nous \u00e9tions, ou ne nous regardez pas du tout. Je ne jouerais jamais sans Joey. C\u2019\u00e9tait notre chanteur\u2026\u00bb.<\/em><\/h4>\n<\/blockquote>\n<p style=\"text-align: justify;\">Johnny Ramone est mort d\u2019un cancer de la prostate le 15 septembre 2004, il avait alors 55 ans.<\/p>\n<p>Etienne Flt<\/p>\n<p>Un peu plus concernant les Ramones, sur la cha\u00eene Youtube <a href=\"https:\/\/www.youtube.com\/channel\/UCiWLGffqWSXlNnfzp6YwwyQ\" target=\"_blank\" rel=\"noopener noreferrer\">Auguste Marshal<\/a><\/p>\n<div class=\"youtube-embed\" data-video_id=\"vztJGKOgYoM\"><iframe loading=\"lazy\" title=\"Les Ramones : Il \u00e9tait une fois les D\u00e9buts du PUNK : Hey Ho Let&#039;s Go - #Ramones\" width=\"696\" height=\"392\" src=\"https:\/\/www.youtube.com\/embed\/vztJGKOgYoM\" frameborder=\"0\" allow=\"accelerometer; autoplay; clipboard-write; encrypted-media; gyroscope; picture-in-picture; web-share\" referrerpolicy=\"strict-origin-when-cross-origin\" allowfullscreen><\/iframe><\/div>\n","protected":false},"excerpt":{"rendered":"<p>Johnny Ramone : l\u2019ultime interview Johnny Ramone, guitariste des Ramones, quittait ce monde le 15 septembre 2004. En novembre 2003, il donnait son ultime interview au magazine Rolling Stone. Ces quelques morceaux choisis de cette derni\u00e8re rencontre, nous permettent de mieux cerner l\u2019\u00e9tat d\u2019esprit du groupe et la personnalit\u00e9 de Johnny, personnage central du groupe [&hellip;]<\/p>\n","protected":false},"author":5,"featured_media":5661,"comment_status":"closed","ping_status":"closed","sticky":false,"template":"","format":"image","meta":{"jetpack_post_was_ever_published":false,"tdm_status":"","tdm_grid_status":"","_jetpack_newsletter_access":"","_jetpack_dont_email_post_to_subs":false,"_jetpack_newsletter_tier_id":0,"_jetpack_memberships_contains_paywalled_content":false,"_jetpack_memberships_contains_paid_content":false,"footnotes":""},"categories":[17,45,33],"tags":[67,48,46],"class_list":{"0":"post-5656","1":"post","2":"type-post","3":"status-publish","4":"format-image","5":"has-post-thumbnail","7":"category-carotte-rock-cultures","8":"category-citation-rock","9":"category-histoire-du-rock","10":"tag-anecdotes-rock","11":"tag-personnalite-rock","12":"tag-punk","13":"post_format-post-format-image"},"yoast_head":"<!-- This site is optimized with the Yoast SEO plugin v27.5 - https:\/\/yoast.com\/product\/yoast-seo-wordpress\/ -->\n<title>Johnny Ramone guitariste des Ramones, ultime interview - Culturesco<\/title>\n<meta name=\"description\" content=\"CulturesCo | JOHNNY RAMONE guitariste des Ramones :son ultime interview | Il raconte sa maladie et l&#039;ambiance d\u00e9l\u00e9t\u00e8re au sein du groupe\" \/>\n<meta name=\"robots\" content=\"index, follow, max-snippet:-1, max-image-preview:large, max-video-preview:-1\" \/>\n<link rel=\"canonical\" href=\"https:\/\/culturesco.com\/index.php\/2019\/05\/14\/johnny-ramone-guitariste-des-ramones-ultime-interview-l-ambiance-dans-le-groupe-et-sa-maladie\/\" \/>\n<meta property=\"og:locale\" content=\"fr_FR\" \/>\n<meta property=\"og:type\" content=\"article\" \/>\n<meta property=\"og:title\" content=\"Johnny Ramone guitariste des Ramones, ultime interview - Culturesco\" \/>\n<meta property=\"og:description\" content=\"CulturesCo | JOHNNY RAMONE guitariste des Ramones :son ultime interview | Il raconte sa maladie et l&#039;ambiance d\u00e9l\u00e9t\u00e8re au sein du groupe\" \/>\n<meta property=\"og:url\" content=\"https:\/\/culturesco.com\/index.php\/2019\/05\/14\/johnny-ramone-guitariste-des-ramones-ultime-interview-l-ambiance-dans-le-groupe-et-sa-maladie\/\" \/>\n<meta property=\"og:site_name\" content=\"Culturesco\" \/>\n<meta property=\"article:publisher\" content=\"https:\/\/www.facebook.com\/radioculturesco\" \/>\n<meta property=\"article:published_time\" content=\"2019-05-14T13:12:43+00:00\" \/>\n<meta property=\"article:modified_time\" content=\"2020-01-22T15:21:23+00:00\" \/>\n<meta property=\"og:image\" content=\"https:\/\/i0.wp.com\/culturesco.com\/wp-content\/uploads\/2020\/01\/ramones-citation.jpg?fit=600%2C314&ssl=1\" \/>\n\t<meta property=\"og:image:width\" content=\"600\" \/>\n\t<meta property=\"og:image:height\" content=\"314\" \/>\n\t<meta property=\"og:image:type\" content=\"image\/jpeg\" \/>\n<meta name=\"author\" content=\"Etienne FLT\" \/>\n<meta name=\"twitter:card\" content=\"summary_large_image\" \/>\n<meta name=\"twitter:creator\" content=\"@AugusteMarshal\" \/>\n<meta name=\"twitter:site\" content=\"@AugusteMarshal\" \/>\n<meta name=\"twitter:label1\" content=\"\u00c9crit par\" \/>\n\t<meta name=\"twitter:data1\" content=\"Etienne FLT\" \/>\n\t<meta name=\"twitter:label2\" content=\"Dur\u00e9e de lecture estim\u00e9e\" \/>\n\t<meta name=\"twitter:data2\" content=\"5 minutes\" \/>\n<script type=\"application\/ld+json\" class=\"yoast-schema-graph\">{\"@context\":\"https:\\\/\\\/schema.org\",\"@graph\":[{\"@type\":\"Article\",\"@id\":\"https:\\\/\\\/culturesco.com\\\/index.php\\\/2019\\\/05\\\/14\\\/johnny-ramone-guitariste-des-ramones-ultime-interview-l-ambiance-dans-le-groupe-et-sa-maladie\\\/#article\",\"isPartOf\":{\"@id\":\"https:\\\/\\\/culturesco.com\\\/index.php\\\/2019\\\/05\\\/14\\\/johnny-ramone-guitariste-des-ramones-ultime-interview-l-ambiance-dans-le-groupe-et-sa-maladie\\\/\"},\"author\":{\"name\":\"Etienne FLT\",\"@id\":\"https:\\\/\\\/culturesco.com\\\/#\\\/schema\\\/person\\\/308502c77dc8b99e12c725a9cf6edd7b\"},\"headline\":\"Johnny Ramone guitariste des Ramones, ultime interview\",\"datePublished\":\"2019-05-14T13:12:43+00:00\",\"dateModified\":\"2020-01-22T15:21:23+00:00\",\"mainEntityOfPage\":{\"@id\":\"https:\\\/\\\/culturesco.com\\\/index.php\\\/2019\\\/05\\\/14\\\/johnny-ramone-guitariste-des-ramones-ultime-interview-l-ambiance-dans-le-groupe-et-sa-maladie\\\/\"},\"wordCount\":978,\"publisher\":{\"@id\":\"https:\\\/\\\/culturesco.com\\\/#organization\"},\"image\":{\"@id\":\"https:\\\/\\\/culturesco.com\\\/index.php\\\/2019\\\/05\\\/14\\\/johnny-ramone-guitariste-des-ramones-ultime-interview-l-ambiance-dans-le-groupe-et-sa-maladie\\\/#primaryimage\"},\"thumbnailUrl\":\"https:\\\/\\\/i0.wp.com\\\/culturesco.com\\\/wp-content\\\/uploads\\\/2019\\\/05\\\/johnny-ramone.jpg?fit=600%2C314&ssl=1\",\"keywords\":[\"Anecdotes Rock\",\"Personnalit\u00e9 Rock\",\"punk\"],\"articleSection\":[\"Carotte Rock Cultures\",\"Citation rock\",\"Histoire du rock\"],\"inLanguage\":\"fr-FR\"},{\"@type\":\"WebPage\",\"@id\":\"https:\\\/\\\/culturesco.com\\\/index.php\\\/2019\\\/05\\\/14\\\/johnny-ramone-guitariste-des-ramones-ultime-interview-l-ambiance-dans-le-groupe-et-sa-maladie\\\/\",\"url\":\"https:\\\/\\\/culturesco.com\\\/index.php\\\/2019\\\/05\\\/14\\\/johnny-ramone-guitariste-des-ramones-ultime-interview-l-ambiance-dans-le-groupe-et-sa-maladie\\\/\",\"name\":\"Johnny Ramone guitariste des Ramones, ultime interview - Culturesco\",\"isPartOf\":{\"@id\":\"https:\\\/\\\/culturesco.com\\\/#website\"},\"primaryImageOfPage\":{\"@id\":\"https:\\\/\\\/culturesco.com\\\/index.php\\\/2019\\\/05\\\/14\\\/johnny-ramone-guitariste-des-ramones-ultime-interview-l-ambiance-dans-le-groupe-et-sa-maladie\\\/#primaryimage\"},\"image\":{\"@id\":\"https:\\\/\\\/culturesco.com\\\/index.php\\\/2019\\\/05\\\/14\\\/johnny-ramone-guitariste-des-ramones-ultime-interview-l-ambiance-dans-le-groupe-et-sa-maladie\\\/#primaryimage\"},\"thumbnailUrl\":\"https:\\\/\\\/i0.wp.com\\\/culturesco.com\\\/wp-content\\\/uploads\\\/2019\\\/05\\\/johnny-ramone.jpg?fit=600%2C314&ssl=1\",\"datePublished\":\"2019-05-14T13:12:43+00:00\",\"dateModified\":\"2020-01-22T15:21:23+00:00\",\"description\":\"CulturesCo | JOHNNY RAMONE guitariste des Ramones :son ultime interview | Il raconte sa maladie et l'ambiance d\u00e9l\u00e9t\u00e8re au sein du groupe\",\"breadcrumb\":{\"@id\":\"https:\\\/\\\/culturesco.com\\\/index.php\\\/2019\\\/05\\\/14\\\/johnny-ramone-guitariste-des-ramones-ultime-interview-l-ambiance-dans-le-groupe-et-sa-maladie\\\/#breadcrumb\"},\"inLanguage\":\"fr-FR\",\"potentialAction\":[{\"@type\":\"ReadAction\",\"target\":[\"https:\\\/\\\/culturesco.com\\\/index.php\\\/2019\\\/05\\\/14\\\/johnny-ramone-guitariste-des-ramones-ultime-interview-l-ambiance-dans-le-groupe-et-sa-maladie\\\/\"]}]},{\"@type\":\"ImageObject\",\"inLanguage\":\"fr-FR\",\"@id\":\"https:\\\/\\\/culturesco.com\\\/index.php\\\/2019\\\/05\\\/14\\\/johnny-ramone-guitariste-des-ramones-ultime-interview-l-ambiance-dans-le-groupe-et-sa-maladie\\\/#primaryimage\",\"url\":\"https:\\\/\\\/i0.wp.com\\\/culturesco.com\\\/wp-content\\\/uploads\\\/2019\\\/05\\\/johnny-ramone.jpg?fit=600%2C314&ssl=1\",\"contentUrl\":\"https:\\\/\\\/i0.wp.com\\\/culturesco.com\\\/wp-content\\\/uploads\\\/2019\\\/05\\\/johnny-ramone.jpg?fit=600%2C314&ssl=1\",\"width\":600,\"height\":314,\"caption\":\"Johnny Ramone guitariste Ramones\"},{\"@type\":\"BreadcrumbList\",\"@id\":\"https:\\\/\\\/culturesco.com\\\/index.php\\\/2019\\\/05\\\/14\\\/johnny-ramone-guitariste-des-ramones-ultime-interview-l-ambiance-dans-le-groupe-et-sa-maladie\\\/#breadcrumb\",\"itemListElement\":[{\"@type\":\"ListItem\",\"position\":1,\"name\":\"Accueil\",\"item\":\"https:\\\/\\\/culturesco.com\\\/\"},{\"@type\":\"ListItem\",\"position\":2,\"name\":\"Johnny Ramone guitariste des Ramones, ultime interview\"}]},{\"@type\":\"WebSite\",\"@id\":\"https:\\\/\\\/culturesco.com\\\/#website\",\"url\":\"https:\\\/\\\/culturesco.com\\\/\",\"name\":\"Culturesco\",\"description\":\"Culturesco | Un bon coup de pied dans ta Culture\",\"publisher\":{\"@id\":\"https:\\\/\\\/culturesco.com\\\/#organization\"},\"potentialAction\":[{\"@type\":\"SearchAction\",\"target\":{\"@type\":\"EntryPoint\",\"urlTemplate\":\"https:\\\/\\\/culturesco.com\\\/?s={search_term_string}\"},\"query-input\":{\"@type\":\"PropertyValueSpecification\",\"valueRequired\":true,\"valueName\":\"search_term_string\"}}],\"inLanguage\":\"fr-FR\"},{\"@type\":\"Organization\",\"@id\":\"https:\\\/\\\/culturesco.com\\\/#organization\",\"name\":\"CULTURESCO\",\"url\":\"https:\\\/\\\/culturesco.com\\\/\",\"logo\":{\"@type\":\"ImageObject\",\"inLanguage\":\"fr-FR\",\"@id\":\"https:\\\/\\\/culturesco.com\\\/#\\\/schema\\\/logo\\\/image\\\/\",\"url\":\"https:\\\/\\\/i0.wp.com\\\/culturesco.com\\\/wp-content\\\/uploads\\\/2022\\\/04\\\/culturesco-logo-blanc250p.png?fit=250%2C250&ssl=1\",\"contentUrl\":\"https:\\\/\\\/i0.wp.com\\\/culturesco.com\\\/wp-content\\\/uploads\\\/2022\\\/04\\\/culturesco-logo-blanc250p.png?fit=250%2C250&ssl=1\",\"width\":250,\"height\":250,\"caption\":\"CULTURESCO\"},\"image\":{\"@id\":\"https:\\\/\\\/culturesco.com\\\/#\\\/schema\\\/logo\\\/image\\\/\"},\"sameAs\":[\"https:\\\/\\\/www.facebook.com\\\/radioculturesco\",\"https:\\\/\\\/x.com\\\/AugusteMarshal\",\"https:\\\/\\\/www.instagram.com\\\/carotte_rock_culture\\\/\",\"https:\\\/\\\/www.pinterest.fr\\\/augustemarshal\\\/\",\"https:\\\/\\\/www.youtube.com\\\/channel\\\/UCiWLGffqWSXlNnfzp6YwwyQ\"]},{\"@type\":\"Person\",\"@id\":\"https:\\\/\\\/culturesco.com\\\/#\\\/schema\\\/person\\\/308502c77dc8b99e12c725a9cf6edd7b\",\"name\":\"Etienne FLT\",\"image\":{\"@type\":\"ImageObject\",\"inLanguage\":\"fr-FR\",\"@id\":\"https:\\\/\\\/i0.wp.com\\\/culturesco.com\\\/wp-content\\\/uploads\\\/2019\\\/01\\\/etienne.jpg?fit=90%2C96&ssl=1\",\"url\":\"https:\\\/\\\/i0.wp.com\\\/culturesco.com\\\/wp-content\\\/uploads\\\/2019\\\/01\\\/etienne.jpg?fit=90%2C96&ssl=1\",\"contentUrl\":\"https:\\\/\\\/i0.wp.com\\\/culturesco.com\\\/wp-content\\\/uploads\\\/2019\\\/01\\\/etienne.jpg?fit=90%2C96&ssl=1\",\"caption\":\"Etienne FLT\"},\"description\":\"Etienne FLT - Passionn\u00e9 des p\u00e9riodes Rock Fifties et Punk - Chroniqueur CulturesCo\",\"url\":\"https:\\\/\\\/culturesco.com\\\/index.php\\\/author\\\/etienne-flt\\\/\"}]}<\/script>\n<!-- \/ Yoast SEO plugin. -->","yoast_head_json":{"title":"Johnny Ramone guitariste des Ramones, ultime interview - Culturesco","description":"CulturesCo | JOHNNY RAMONE guitariste des Ramones :son ultime interview | Il raconte sa maladie et l'ambiance d\u00e9l\u00e9t\u00e8re au sein du groupe","robots":{"index":"index","follow":"follow","max-snippet":"max-snippet:-1","max-image-preview":"max-image-preview:large","max-video-preview":"max-video-preview:-1"},"canonical":"https:\/\/culturesco.com\/index.php\/2019\/05\/14\/johnny-ramone-guitariste-des-ramones-ultime-interview-l-ambiance-dans-le-groupe-et-sa-maladie\/","og_locale":"fr_FR","og_type":"article","og_title":"Johnny Ramone guitariste des Ramones, ultime interview - Culturesco","og_description":"CulturesCo | JOHNNY RAMONE guitariste des Ramones :son ultime interview | Il raconte sa maladie et l'ambiance d\u00e9l\u00e9t\u00e8re au sein du groupe","og_url":"https:\/\/culturesco.com\/index.php\/2019\/05\/14\/johnny-ramone-guitariste-des-ramones-ultime-interview-l-ambiance-dans-le-groupe-et-sa-maladie\/","og_site_name":"Culturesco","article_publisher":"https:\/\/www.facebook.com\/radioculturesco","article_published_time":"2019-05-14T13:12:43+00:00","article_modified_time":"2020-01-22T15:21:23+00:00","og_image":[{"width":600,"height":314,"url":"https:\/\/i0.wp.com\/culturesco.com\/wp-content\/uploads\/2020\/01\/ramones-citation.jpg?fit=600%2C314&ssl=1","type":"image\/jpeg"}],"author":"Etienne FLT","twitter_card":"summary_large_image","twitter_creator":"@AugusteMarshal","twitter_site":"@AugusteMarshal","twitter_misc":{"\u00c9crit par":"Etienne FLT","Dur\u00e9e de lecture estim\u00e9e":"5 minutes"},"schema":{"@context":"https:\/\/schema.org","@graph":[{"@type":"Article","@id":"https:\/\/culturesco.com\/index.php\/2019\/05\/14\/johnny-ramone-guitariste-des-ramones-ultime-interview-l-ambiance-dans-le-groupe-et-sa-maladie\/#article","isPartOf":{"@id":"https:\/\/culturesco.com\/index.php\/2019\/05\/14\/johnny-ramone-guitariste-des-ramones-ultime-interview-l-ambiance-dans-le-groupe-et-sa-maladie\/"},"author":{"name":"Etienne FLT","@id":"https:\/\/culturesco.com\/#\/schema\/person\/308502c77dc8b99e12c725a9cf6edd7b"},"headline":"Johnny Ramone guitariste des Ramones, ultime interview","datePublished":"2019-05-14T13:12:43+00:00","dateModified":"2020-01-22T15:21:23+00:00","mainEntityOfPage":{"@id":"https:\/\/culturesco.com\/index.php\/2019\/05\/14\/johnny-ramone-guitariste-des-ramones-ultime-interview-l-ambiance-dans-le-groupe-et-sa-maladie\/"},"wordCount":978,"publisher":{"@id":"https:\/\/culturesco.com\/#organization"},"image":{"@id":"https:\/\/culturesco.com\/index.php\/2019\/05\/14\/johnny-ramone-guitariste-des-ramones-ultime-interview-l-ambiance-dans-le-groupe-et-sa-maladie\/#primaryimage"},"thumbnailUrl":"https:\/\/i0.wp.com\/culturesco.com\/wp-content\/uploads\/2019\/05\/johnny-ramone.jpg?fit=600%2C314&ssl=1","keywords":["Anecdotes Rock","Personnalit\u00e9 Rock","punk"],"articleSection":["Carotte Rock Cultures","Citation rock","Histoire du rock"],"inLanguage":"fr-FR"},{"@type":"WebPage","@id":"https:\/\/culturesco.com\/index.php\/2019\/05\/14\/johnny-ramone-guitariste-des-ramones-ultime-interview-l-ambiance-dans-le-groupe-et-sa-maladie\/","url":"https:\/\/culturesco.com\/index.php\/2019\/05\/14\/johnny-ramone-guitariste-des-ramones-ultime-interview-l-ambiance-dans-le-groupe-et-sa-maladie\/","name":"Johnny Ramone guitariste des Ramones, ultime interview - Culturesco","isPartOf":{"@id":"https:\/\/culturesco.com\/#website"},"primaryImageOfPage":{"@id":"https:\/\/culturesco.com\/index.php\/2019\/05\/14\/johnny-ramone-guitariste-des-ramones-ultime-interview-l-ambiance-dans-le-groupe-et-sa-maladie\/#primaryimage"},"image":{"@id":"https:\/\/culturesco.com\/index.php\/2019\/05\/14\/johnny-ramone-guitariste-des-ramones-ultime-interview-l-ambiance-dans-le-groupe-et-sa-maladie\/#primaryimage"},"thumbnailUrl":"https:\/\/i0.wp.com\/culturesco.com\/wp-content\/uploads\/2019\/05\/johnny-ramone.jpg?fit=600%2C314&ssl=1","datePublished":"2019-05-14T13:12:43+00:00","dateModified":"2020-01-22T15:21:23+00:00","description":"CulturesCo | JOHNNY RAMONE guitariste des Ramones :son ultime interview | Il raconte sa maladie et l'ambiance d\u00e9l\u00e9t\u00e8re au sein du groupe","breadcrumb":{"@id":"https:\/\/culturesco.com\/index.php\/2019\/05\/14\/johnny-ramone-guitariste-des-ramones-ultime-interview-l-ambiance-dans-le-groupe-et-sa-maladie\/#breadcrumb"},"inLanguage":"fr-FR","potentialAction":[{"@type":"ReadAction","target":["https:\/\/culturesco.com\/index.php\/2019\/05\/14\/johnny-ramone-guitariste-des-ramones-ultime-interview-l-ambiance-dans-le-groupe-et-sa-maladie\/"]}]},{"@type":"ImageObject","inLanguage":"fr-FR","@id":"https:\/\/culturesco.com\/index.php\/2019\/05\/14\/johnny-ramone-guitariste-des-ramones-ultime-interview-l-ambiance-dans-le-groupe-et-sa-maladie\/#primaryimage","url":"https:\/\/i0.wp.com\/culturesco.com\/wp-content\/uploads\/2019\/05\/johnny-ramone.jpg?fit=600%2C314&ssl=1","contentUrl":"https:\/\/i0.wp.com\/culturesco.com\/wp-content\/uploads\/2019\/05\/johnny-ramone.jpg?fit=600%2C314&ssl=1","width":600,"height":314,"caption":"Johnny Ramone guitariste Ramones"},{"@type":"BreadcrumbList","@id":"https:\/\/culturesco.com\/index.php\/2019\/05\/14\/johnny-ramone-guitariste-des-ramones-ultime-interview-l-ambiance-dans-le-groupe-et-sa-maladie\/#breadcrumb","itemListElement":[{"@type":"ListItem","position":1,"name":"Accueil","item":"https:\/\/culturesco.com\/"},{"@type":"ListItem","position":2,"name":"Johnny Ramone guitariste des Ramones, ultime interview"}]},{"@type":"WebSite","@id":"https:\/\/culturesco.com\/#website","url":"https:\/\/culturesco.com\/","name":"Culturesco","description":"Culturesco | Un bon coup de pied dans ta Culture","publisher":{"@id":"https:\/\/culturesco.com\/#organization"},"potentialAction":[{"@type":"SearchAction","target":{"@type":"EntryPoint","urlTemplate":"https:\/\/culturesco.com\/?s={search_term_string}"},"query-input":{"@type":"PropertyValueSpecification","valueRequired":true,"valueName":"search_term_string"}}],"inLanguage":"fr-FR"},{"@type":"Organization","@id":"https:\/\/culturesco.com\/#organization","name":"CULTURESCO","url":"https:\/\/culturesco.com\/","logo":{"@type":"ImageObject","inLanguage":"fr-FR","@id":"https:\/\/culturesco.com\/#\/schema\/logo\/image\/","url":"https:\/\/i0.wp.com\/culturesco.com\/wp-content\/uploads\/2022\/04\/culturesco-logo-blanc250p.png?fit=250%2C250&ssl=1","contentUrl":"https:\/\/i0.wp.com\/culturesco.com\/wp-content\/uploads\/2022\/04\/culturesco-logo-blanc250p.png?fit=250%2C250&ssl=1","width":250,"height":250,"caption":"CULTURESCO"},"image":{"@id":"https:\/\/culturesco.com\/#\/schema\/logo\/image\/"},"sameAs":["https:\/\/www.facebook.com\/radioculturesco","https:\/\/x.com\/AugusteMarshal","https:\/\/www.instagram.com\/carotte_rock_culture\/","https:\/\/www.pinterest.fr\/augustemarshal\/","https:\/\/www.youtube.com\/channel\/UCiWLGffqWSXlNnfzp6YwwyQ"]},{"@type":"Person","@id":"https:\/\/culturesco.com\/#\/schema\/person\/308502c77dc8b99e12c725a9cf6edd7b","name":"Etienne FLT","image":{"@type":"ImageObject","inLanguage":"fr-FR","@id":"https:\/\/i0.wp.com\/culturesco.com\/wp-content\/uploads\/2019\/01\/etienne.jpg?fit=90%2C96&ssl=1","url":"https:\/\/i0.wp.com\/culturesco.com\/wp-content\/uploads\/2019\/01\/etienne.jpg?fit=90%2C96&ssl=1","contentUrl":"https:\/\/i0.wp.com\/culturesco.com\/wp-content\/uploads\/2019\/01\/etienne.jpg?fit=90%2C96&ssl=1","caption":"Etienne FLT"},"description":"Etienne FLT - Passionn\u00e9 des p\u00e9riodes Rock Fifties et Punk - Chroniqueur CulturesCo","url":"https:\/\/culturesco.com\/index.php\/author\/etienne-flt\/"}]}},"jetpack_featured_media_url":"https:\/\/i0.wp.com\/culturesco.com\/wp-content\/uploads\/2019\/05\/johnny-ramone.jpg?fit=600%2C314&ssl=1","jetpack_likes_enabled":true,"jetpack_sharing_enabled":true,"jetpack_shortlink":"https:\/\/wp.me\/paz89I-1te","_links":{"self":[{"href":"https:\/\/culturesco.com\/index.php\/wp-json\/wp\/v2\/posts\/5656","targetHints":{"allow":["GET"]}}],"collection":[{"href":"https:\/\/culturesco.com\/index.php\/wp-json\/wp\/v2\/posts"}],"about":[{"href":"https:\/\/culturesco.com\/index.php\/wp-json\/wp\/v2\/types\/post"}],"author":[{"embeddable":true,"href":"https:\/\/culturesco.com\/index.php\/wp-json\/wp\/v2\/users\/5"}],"replies":[{"embeddable":true,"href":"https:\/\/culturesco.com\/index.php\/wp-json\/wp\/v2\/comments?post=5656"}],"version-history":[{"count":0,"href":"https:\/\/culturesco.com\/index.php\/wp-json\/wp\/v2\/posts\/5656\/revisions"}],"wp:featuredmedia":[{"embeddable":true,"href":"https:\/\/culturesco.com\/index.php\/wp-json\/wp\/v2\/media\/5661"}],"wp:attachment":[{"href":"https:\/\/culturesco.com\/index.php\/wp-json\/wp\/v2\/media?parent=5656"}],"wp:term":[{"taxonomy":"category","embeddable":true,"href":"https:\/\/culturesco.com\/index.php\/wp-json\/wp\/v2\/categories?post=5656"},{"taxonomy":"post_tag","embeddable":true,"href":"https:\/\/culturesco.com\/index.php\/wp-json\/wp\/v2\/tags?post=5656"}],"curies":[{"name":"wp","href":"https:\/\/api.w.org\/{rel}","templated":true}]}}