{"id":5535,"date":"2019-05-09T22:31:33","date_gmt":"2019-05-09T20:31:33","guid":{"rendered":"https:\/\/culturesco.com\/?p=5535"},"modified":"2020-02-19T09:31:20","modified_gmt":"2020-02-19T08:31:20","slug":"les-wampas-punk-rock-power-pop-et-populaire","status":"publish","type":"post","link":"https:\/\/culturesco.com\/index.php\/2019\/05\/09\/les-wampas-punk-rock-power-pop-et-populaire\/","title":{"rendered":"Les WAMPAS &#8211; Punk, rock, power pop et populaire"},"content":{"rendered":"<h2>Les WAMPAS &#8211; Peuple Rock, tes guerriers te saluent !<\/h2>\n<p><img data-recalc-dims=\"1\" loading=\"lazy\" decoding=\"async\" class=\"aligncenter wp-image-5536 size-full\" src=\"https:\/\/i0.wp.com\/culturesco.com\/wp-content\/uploads\/2019\/05\/Les-Wampas-album-e1557480512117.jpg?resize=489%2C187&#038;ssl=1\" alt=\"Les Wampas\" width=\"489\" height=\"187\" \/><\/p>\n<h3>En studio<\/h3>\n<p style=\"text-align: justify;\">\u00ab <strong>Les Wampas<\/strong> sont le preuve que Dieu existe \u00bb ? Le titre de cet album (2009) peut pr\u00eater \u00e0 plusieurs interpr\u00e9tations dont : 1- Sans Dieu, Les Wampas n\u2019auraient pas exist\u00e9 = une bienveillance c\u00e9leste a sauv\u00e9 le groupe de la chasse d\u2019eau destin\u00e9e aux laiss\u00e9s pour compte, 2- Les Wampas sont les <strong>messagers de Dieu sur Terre<\/strong>. A \u00e9couter et\/ou lire <strong>Didier Wampas<\/strong>, le Ma\u00eetre des lieux, cette hypoth\u00e8se semble la plus probable (!). Autre possibilit\u00e9 : niveau lettrage, si l\u2019on fait abstraction des mots dont la police est r\u00e9duite, reste : \u00ab <strong>Wampas existe<\/strong> \u00bb, une v\u00e9rit\u00e9 ! Maintenant, marier l\u2019ex <a href=\"https:\/\/www.youtube.com\/watch?v=x_NihRC7W0s\" target=\"_blank\" rel=\"noopener noreferrer\">premier secr\u00e9taire du PCF<\/a> (Parti Communiste Fran\u00e7ais) au Cr\u00e9ateur \u2026<\/p>\n<h3>Les WAMPAS &#8211; Georges Marchais<\/h3>\n<div class=\"youtube-embed\" data-video_id=\"Y1EElOGdQu4\"><iframe loading=\"lazy\" title=\"Les Wampas Georges Marchais\" width=\"696\" height=\"522\" src=\"https:\/\/www.youtube.com\/embed\/Y1EElOGdQu4\" frameborder=\"0\" allow=\"accelerometer; autoplay; clipboard-write; encrypted-media; gyroscope; picture-in-picture; web-share\" referrerpolicy=\"strict-origin-when-cross-origin\" allowfullscreen><\/iframe><\/div>\n<p style=\"text-align: justify;\">L\u2019ambiance est <strong>punk, rock, power pop<\/strong> et \u2026 vari\u00e9toche ? Depuis 1986 et \u00ab <strong>Tutti frutti<\/strong> \u00bb, les enregistrements du groupe se sont progressivement tourn\u00e9s vers une solution moins teint\u00e9e <a href=\"https:\/\/www.youtube.com\/watch?v=NjM0grWlJks\" target=\"_blank\" rel=\"noopener noreferrer\"><strong>Cr<\/strong><strong>amps<\/strong><\/a>. Sur : \u00ab Les Wampas sont le preuve que Dieu existe \u00bb, les amplis craillent le punk, le rock et la power pop, assur\u00e9ment. Mais la \u00ab Vari\u00e9toche \u00bb ?! Faut-il, au pr\u00e9texte que les paroles taquinent Racine et Moli\u00e8re, \u00e9ternellement \u00e9voquer ce particularisme franco\/fran\u00e7ais : la \u00ab <strong>vari\u00e9t\u00e9<\/strong> \u00bb ?<\/p>\n<p style=\"text-align: justify;\">M\u00eame si : \u00ab <em>Les voies du Seigneur sont imp\u00e9n\u00e9trables<\/em> \u00bb, a-t-on d\u00e9j\u00e0 entendu <strong>Fr\u00e9d\u00e9ric Fran\u00e7ois<\/strong> ou <strong>Eddy Mitchell<\/strong> d\u00e9fendre des textes tel que celui de \u00ab<strong> I hate Switzerland<\/strong> \u00bb ? G\u00e9n\u00e9ralement, sur microsillon, la vari\u00e9t\u00e9 fait la part belle aux voix, mix\u00e9es tr\u00e8s en avant, signature inidentifiable dans l\u2019\u0153uvre des Wampas. Alors ? A chacun de se faire son id\u00e9e \u2026 d\u2019autant plus que, finalement, ce titre est en anglais (?) !<\/p>\n<h3>Les WAMPAS &#8211; I hate Switzerland<\/h3>\n<div class=\"youtube-embed\" data-video_id=\"ZCEnvDw_b1w\"><iframe loading=\"lazy\" title=\"I Hate Switzerland\" width=\"696\" height=\"522\" src=\"https:\/\/www.youtube.com\/embed\/ZCEnvDw_b1w\" frameborder=\"0\" allow=\"accelerometer; autoplay; clipboard-write; encrypted-media; gyroscope; picture-in-picture; web-share\" referrerpolicy=\"strict-origin-when-cross-origin\" allowfullscreen><\/iframe><\/div>\n<p style=\"text-align: justify;\">Beaucoup de choses ayant \u00e9t\u00e9 \u00e9crites et\/ou dites sur <strong>Les Wampas<\/strong>, leur leader n\u2019\u00e9tant pas avare en communication, toujours partant pour une discussion soci\u00e9tale ou une d\u00e9connade radiophonique, doit-on pour autant n\u00e9gliger d\u2019enqu\u00eater sur l\u2019\u00e9ventuelle <strong>origine de leur patronyme<\/strong> ? Ci-joint la synth\u00e8se extraite d\u2019un rapport th\u00e9matique \u00e9voquant le sujet, produit d\u2019un c\u00e9l\u00e8bre d\u00e9tective priv\u00e9, le pr\u00e9servatif <a href=\"https:\/\/www.echoretro.fr\/serie-tv-mannix-1967-75\/\" target=\"_blank\" rel=\"noopener noreferrer\"><strong>Mannix<\/strong><\/a>.<\/p>\n<p style=\"text-align: justify;\">A une lettre pr\u00e8s, un \u00ab u \u00bb pour un \u00ab a \u00bb, \u00ab Wampas \u00bb s\u2019\u00e9crit \u00ab <strong>Wampus<\/strong> \u00bb. <a href=\"https:\/\/www.bedetheque.com\/serie-3489-BD-Wampus.html\" target=\"_blank\" rel=\"noopener noreferrer\">Wampus<\/a> est une BD petit format sortie en 1969 aux <strong>\u00e9ditions Lug<\/strong>. Son anti h\u00e9ro est un <strong>extraterrestre<\/strong> venu sur Terre pour exterminer un maximum d\u2019humains. L\u2019\u00ab \u00e9tranger \u00bb se pr\u00e9sente sous une vague forme humano\u00efde de constitution blanch\u00e2tre, une sorte d\u2019assemblage d\u2019esquilles osseuses polymorphes et souples capables de prendre la forme de n\u2019importe qui. Dans cet \u00e9tat, seules l\u2019iris et la pupille de ses yeux permettent de le distinguer : ancre noire dans cercle jaune.<\/p>\n<p style=\"text-align: justify;\">Autre rapport troublant. En leur temps, d\u2019autres extraterrestres ont grav\u00e9 \u00ab <a href=\"https:\/\/www.youtube.com\/watch?v=iKOIQfp4-eY\" target=\"_blank\" rel=\"noopener noreferrer\"><strong>EMI<\/strong><\/a> \u00bb. Les Wampas sont \u00e0 deux doigts de bisser avec : \u00ab\u00a0<strong>UNIVERSAL<\/strong>\u00ab\u00a0.<\/p>\n<h3 style=\"text-align: justify;\">Les WAMPAS &#8211; UNIVERSAL<\/h3>\n<div class=\"youtube-embed\" data-video_id=\"vJjqZTjziJc\"><iframe loading=\"lazy\" title=\"LES WAMPAS Universal\" width=\"696\" height=\"522\" src=\"https:\/\/www.youtube.com\/embed\/vJjqZTjziJc\" frameborder=\"0\" allow=\"accelerometer; autoplay; clipboard-write; encrypted-media; gyroscope; picture-in-picture; web-share\" referrerpolicy=\"strict-origin-when-cross-origin\" allowfullscreen><\/iframe><\/div>\n<p style=\"text-align: justify;\">Quelqu\u2019un a-t-il jamais plong\u00e9 ses yeux dans ceux de <strong>Didier Wampas<\/strong> ? Lors des prestations live du groupe, ce dernier slamant avec gourmandise, quelle merveilleuse opportunit\u00e9 pour valider ou non la terrible hypoth\u00e8se selon laquelle DW serait <strong>un serial killer extraterrestre.<\/strong><\/p>\n<h3>En concert<\/h3>\n<p><a href=\"https:\/\/i0.wp.com\/culturesco.com\/wp-content\/uploads\/2019\/05\/Les-Wampas-billet-e1557480535619.jpg?ssl=1\"><img data-recalc-dims=\"1\" loading=\"lazy\" decoding=\"async\" class=\"aligncenter wp-image-5537 size-full\" src=\"https:\/\/i0.wp.com\/culturesco.com\/wp-content\/uploads\/2019\/05\/Les-Wampas-billet-e1557480535619.jpg?resize=491%2C131&#038;ssl=1\" alt=\"Les Wampas\" width=\"491\" height=\"131\" \/><\/a><\/p>\n<p style=\"text-align: justify;\"><strong>EMB<\/strong> (Espace Michel Berger !), le 30 mai 2009, Sannois \u2013 Val d\u2019Oise. Si<strong> Les Wampas<\/strong> peuvent-\u00eatre qualifi\u00e9s d\u2019urbains, <a href=\"https:\/\/www.youtube.com\/watch?v=rTUhvotAwRE\" target=\"_blank\" rel=\"noopener noreferrer\"><strong>The Inspector Cluzo<\/strong><\/a>, leur guest ce soir-l\u00e0, se revendique du terroir Landais. La plupart du temps, les premi\u00e8res parties de concerts sont pour le moins d\u00e9sopilantes, pour le pire horripilantes : \u00ab <em>Quelle faute a-t-on commise pour subir un tel ch\u00e2timent ?!<\/em> \u00bb. Et puis, il y a ces <strong>soir\u00e9es \u00ab d\u00e9couvertes \u00bb<\/strong>, m\u00e8res de tous les plaisirs.<\/p>\n<p style=\"text-align: justify;\"><strong>The Inspector Cluzo<\/strong>, un duo guitare\/batterie, l\u00e2che d\u2019irr\u00e9sistibles salves de <strong>blues hendrixiens<\/strong> qui atteignent le public l\u00e0 o\u00f9 \u00e7a fait du bien. Une superbe entr\u00e9e en mati\u00e8re avant <strong>la tornade <\/strong>Wampas \u2026<\/p>\n<h3 style=\"text-align: justify;\">Les WAMPAS &#8211; Les Wampas sont la preuve que Dieu existe (live)<\/h3>\n<div class=\"youtube-embed\" data-video_id=\"o3ZLqcMez1E\"><iframe loading=\"lazy\" title=\"Les Wampas \u00e0 Arles @ Les Wampas sont la preuve que Dieu existe\" width=\"696\" height=\"392\" src=\"https:\/\/www.youtube.com\/embed\/o3ZLqcMez1E\" frameborder=\"0\" allow=\"accelerometer; autoplay; clipboard-write; encrypted-media; gyroscope; picture-in-picture; web-share\" referrerpolicy=\"strict-origin-when-cross-origin\" allowfullscreen><\/iframe><\/div>\n<p style=\"text-align: justify;\">En mati\u00e8re d\u2019\u00e9sot\u00e9risme, on a connu des ambiances plus feutr\u00e9es. <strong>Les Wampas live<\/strong> ? Si les artistes ont le public qu\u2019ils m\u00e9ritent, Les Wampas sont une continuit\u00e9 du leur : des \u00ab mecs \u00bb d\u00e9contract\u00e9s qui touillent une sauce accommodable aux mets les plus relev\u00e9s. Pourtant, m\u00eame s\u2019il leurs arrive de la lever, n\u2019allez pas croire qu\u2019ils traitent leur sujet par-dessus la jambe. Visiblement, <strong>la Foi les anime<\/strong>, concentr\u00e9s qu\u2019ils sont \u00e0 essorer consciencieusement leurs instruments respectifs.<\/p>\n<h3>Manu Chao (live)<\/h3>\n<div class=\"youtube-embed\" data-video_id=\"RgrAekK98Rk\"><iframe loading=\"lazy\" title=\"Les Wampas &quot;Manu Chao&quot; Les Victoires de la Musique 2004\" width=\"696\" height=\"522\" src=\"https:\/\/www.youtube.com\/embed\/RgrAekK98Rk\" frameborder=\"0\" allow=\"accelerometer; autoplay; clipboard-write; encrypted-media; gyroscope; picture-in-picture; web-share\" referrerpolicy=\"strict-origin-when-cross-origin\" allowfullscreen><\/iframe><\/div>\n<p style=\"text-align: justify;\">Le druidique chanteur a dit : \u00ab<strong><em> Chanter juste \u00e7a fait petit bourgeois<\/em><\/strong> \u00bb. En direct, il n\u2019a pas de soucis \u00e0 se faire quant \u00e0 sa condition d\u2019ex agent RATP, il n\u2019y a aucun risque qu\u2019on le prenne pour un \u00ab bobo \u00bb. Et si l\u2019ami saigne une sueur proportionnelle au <strong>charisme<\/strong> qu\u2019il d\u00e9gage, la fosse est une piscine o\u00f9 l\u2019adepte baigne sa \u00ab tympanie \u00bb et sa vue au sel de ses d\u00e9bordements. C\u00f4t\u00e9 rapi\u00e8re, la maison est tenue par <strong>Tony Truant<\/strong>, animateur <strong>rock<\/strong> et garagiste r\u00e9put\u00e9 pour avoir fait aboyer ses amplis chez les <a href=\"https:\/\/www.youtube.com\/watch?v=cp4UzDrem3E\" target=\"_blank\" rel=\"noopener noreferrer\"><strong>Dogs<\/strong><\/a>.<\/p>\n<p style=\"text-align: justify;\">Pr\u00e9sentant \u00ab \u2026 <em>la puissance de feu d\u2019un croiseur et des flingues de concours<\/em> \u2026 \u00bb, les <a href=\"https:\/\/www.youtube.com\/watch?v=E1I4A5yazr4\" target=\"_blank\" rel=\"noopener noreferrer\"><strong>New York Dolls<\/strong> <\/a>fran\u00e7ais <strong>d\u00e9sinhibent<\/strong> le plus introverti des quidams qu\u2019ils croisent, \u00ab <strong>audiardisent<\/strong> \u00bb toutes celles et tous ceux qu\u2019ils entreprennent publiquement.<\/p>\n<h3 style=\"text-align: justify;\">Petite fille (live)<\/h3>\n<div class=\"youtube-embed\" data-video_id=\"ymikyf27KVc\"><iframe loading=\"lazy\" title=\"Les Wampas - &quot;Petite fille&quot; - Live France4 2007\" width=\"696\" height=\"522\" src=\"https:\/\/www.youtube.com\/embed\/ymikyf27KVc\" frameborder=\"0\" allow=\"accelerometer; autoplay; clipboard-write; encrypted-media; gyroscope; picture-in-picture; web-share\" referrerpolicy=\"strict-origin-when-cross-origin\" allowfullscreen><\/iframe><\/div>\n<p style=\"text-align: justify;\">A l\u2019issue du concert, l\u2019hypoth\u00e8se initiale en faveur d\u2019un groupe d\u2019avantage nid d\u2019extraterrestres que messager divin se v\u00e9rifie-telle ? Seule certitude pour les amateurs de rock d\u00e9brid\u00e9 : \u00ab <em><strong>Les Wampas m\u2019a tuer<\/strong> <\/em>\u00bb.<\/p>\n<p>Thierry Dauge<\/p>\n","protected":false},"excerpt":{"rendered":"<p>Les WAMPAS &#8211; Peuple Rock, tes guerriers te saluent ! En studio \u00ab Les Wampas sont le preuve que Dieu existe \u00bb ? Le titre de cet album (2009) peut pr\u00eater \u00e0 plusieurs interpr\u00e9tations dont : 1- Sans Dieu, Les Wampas n\u2019auraient pas exist\u00e9 = une bienveillance c\u00e9leste a sauv\u00e9 le groupe de la chasse [&hellip;]<\/p>\n","protected":false},"author":3,"featured_media":10459,"comment_status":"closed","ping_status":"closed","sticky":false,"template":"","format":"standard","meta":{"jetpack_post_was_ever_published":false,"tdm_status":"","tdm_grid_status":"","_jetpack_newsletter_access":"","_jetpack_dont_email_post_to_subs":false,"_jetpack_newsletter_tier_id":0,"_jetpack_memberships_contains_paywalled_content":false,"_jetpack_memberships_contains_paid_content":false,"footnotes":""},"categories":[17,33],"tags":[37,52,48,46,51],"class_list":{"0":"post-5535","1":"post","2":"type-post","3":"status-publish","4":"format-standard","5":"has-post-thumbnail","7":"category-carotte-rock-cultures","8":"category-histoire-du-rock","9":"tag-album-rock","10":"tag-groupe-rock-actuel","11":"tag-personnalite-rock","12":"tag-punk","13":"tag-rock-francais"},"yoast_head":"<!-- This site is optimized with the Yoast SEO plugin v27.5 - https:\/\/yoast.com\/product\/yoast-seo-wordpress\/ -->\n<title>Les WAMPAS - Punk, rock, power pop et populaire - Culturesco<\/title>\n<meta name=\"description\" content=\"CulturesCo | Les WAMPAS - Punk, rock, power pop et populaire | Provoc et Rock : Didier Wampas et sa bande ont-ils invent\u00e9 le Rock&#039;n&#039;Roll ?\" \/>\n<meta name=\"robots\" content=\"index, follow, max-snippet:-1, max-image-preview:large, max-video-preview:-1\" \/>\n<link rel=\"canonical\" href=\"https:\/\/culturesco.com\/index.php\/2019\/05\/09\/les-wampas-punk-rock-power-pop-et-populaire\/\" \/>\n<meta property=\"og:locale\" content=\"fr_FR\" \/>\n<meta property=\"og:type\" content=\"article\" \/>\n<meta property=\"og:title\" content=\"Didier Wampas : Le punk, c&#039;est faire ce que l&#039;on a envie de faire. C&#039;est la libert\u00e9 totale, de ne pas \u00eatre oblig\u00e9 de penser comme les autres, de vivre comme les autres.\" \/>\n<meta property=\"og:description\" content=\"Didier Wampas et sa bande ont-il invent\u00e9 le Rock&#039;N&#039;Roll ?\" \/>\n<meta property=\"og:url\" content=\"https:\/\/culturesco.com\/index.php\/2019\/05\/09\/les-wampas-punk-rock-power-pop-et-populaire\/\" \/>\n<meta property=\"og:site_name\" content=\"Culturesco\" \/>\n<meta property=\"article:publisher\" content=\"https:\/\/www.facebook.com\/radioculturesco\" \/>\n<meta property=\"article:published_time\" content=\"2019-05-09T20:31:33+00:00\" \/>\n<meta property=\"article:modified_time\" content=\"2020-02-19T08:31:20+00:00\" \/>\n<meta property=\"og:image\" content=\"https:\/\/i2.wp.com\/culturesco.com\/wp-content\/uploads\/2020\/02\/didier-wampas-citations-1200x627-1.jpg?fit=600%2C314&ssl=1\" \/>\n\t<meta property=\"og:image:width\" content=\"600\" \/>\n\t<meta property=\"og:image:height\" content=\"314\" \/>\n\t<meta property=\"og:image:type\" content=\"image\/jpeg\" \/>\n<meta name=\"author\" content=\"Thierry Dauge\" \/>\n<meta name=\"twitter:card\" content=\"summary_large_image\" \/>\n<meta name=\"twitter:creator\" content=\"@AugusteMarshal\" \/>\n<meta name=\"twitter:site\" content=\"@AugusteMarshal\" \/>\n<meta name=\"twitter:label1\" content=\"\u00c9crit par\" \/>\n\t<meta name=\"twitter:data1\" content=\"Thierry Dauge\" \/>\n\t<meta name=\"twitter:label2\" content=\"Dur\u00e9e de lecture estim\u00e9e\" \/>\n\t<meta name=\"twitter:data2\" content=\"5 minutes\" \/>\n<script type=\"application\/ld+json\" class=\"yoast-schema-graph\">{\"@context\":\"https:\\\/\\\/schema.org\",\"@graph\":[{\"@type\":\"Article\",\"@id\":\"https:\\\/\\\/culturesco.com\\\/index.php\\\/2019\\\/05\\\/09\\\/les-wampas-punk-rock-power-pop-et-populaire\\\/#article\",\"isPartOf\":{\"@id\":\"https:\\\/\\\/culturesco.com\\\/index.php\\\/2019\\\/05\\\/09\\\/les-wampas-punk-rock-power-pop-et-populaire\\\/\"},\"author\":{\"name\":\"Thierry Dauge\",\"@id\":\"https:\\\/\\\/culturesco.com\\\/#\\\/schema\\\/person\\\/19f04cf232d246197f6e7d62abe6cb0e\"},\"headline\":\"Les WAMPAS &#8211; Punk, rock, power pop et populaire\",\"datePublished\":\"2019-05-09T20:31:33+00:00\",\"dateModified\":\"2020-02-19T08:31:20+00:00\",\"mainEntityOfPage\":{\"@id\":\"https:\\\/\\\/culturesco.com\\\/index.php\\\/2019\\\/05\\\/09\\\/les-wampas-punk-rock-power-pop-et-populaire\\\/\"},\"wordCount\":995,\"publisher\":{\"@id\":\"https:\\\/\\\/culturesco.com\\\/#organization\"},\"image\":{\"@id\":\"https:\\\/\\\/culturesco.com\\\/index.php\\\/2019\\\/05\\\/09\\\/les-wampas-punk-rock-power-pop-et-populaire\\\/#primaryimage\"},\"thumbnailUrl\":\"https:\\\/\\\/i0.wp.com\\\/culturesco.com\\\/wp-content\\\/uploads\\\/2020\\\/02\\\/didier-wampas-citations-1200x627-1.jpg?fit=600%2C314&ssl=1\",\"keywords\":[\"album rock\",\"groupe rock actuel\",\"Personnalit\u00e9 Rock\",\"punk\",\"Rock fran\u00e7ais\"],\"articleSection\":[\"Carotte Rock Cultures\",\"Histoire du rock\"],\"inLanguage\":\"fr-FR\"},{\"@type\":\"WebPage\",\"@id\":\"https:\\\/\\\/culturesco.com\\\/index.php\\\/2019\\\/05\\\/09\\\/les-wampas-punk-rock-power-pop-et-populaire\\\/\",\"url\":\"https:\\\/\\\/culturesco.com\\\/index.php\\\/2019\\\/05\\\/09\\\/les-wampas-punk-rock-power-pop-et-populaire\\\/\",\"name\":\"Les WAMPAS - Punk, rock, power pop et populaire - Culturesco\",\"isPartOf\":{\"@id\":\"https:\\\/\\\/culturesco.com\\\/#website\"},\"primaryImageOfPage\":{\"@id\":\"https:\\\/\\\/culturesco.com\\\/index.php\\\/2019\\\/05\\\/09\\\/les-wampas-punk-rock-power-pop-et-populaire\\\/#primaryimage\"},\"image\":{\"@id\":\"https:\\\/\\\/culturesco.com\\\/index.php\\\/2019\\\/05\\\/09\\\/les-wampas-punk-rock-power-pop-et-populaire\\\/#primaryimage\"},\"thumbnailUrl\":\"https:\\\/\\\/i0.wp.com\\\/culturesco.com\\\/wp-content\\\/uploads\\\/2020\\\/02\\\/didier-wampas-citations-1200x627-1.jpg?fit=600%2C314&ssl=1\",\"datePublished\":\"2019-05-09T20:31:33+00:00\",\"dateModified\":\"2020-02-19T08:31:20+00:00\",\"description\":\"CulturesCo | Les WAMPAS - Punk, rock, power pop et populaire | Provoc et Rock : Didier Wampas et sa bande ont-ils invent\u00e9 le Rock'n'Roll ?\",\"breadcrumb\":{\"@id\":\"https:\\\/\\\/culturesco.com\\\/index.php\\\/2019\\\/05\\\/09\\\/les-wampas-punk-rock-power-pop-et-populaire\\\/#breadcrumb\"},\"inLanguage\":\"fr-FR\",\"potentialAction\":[{\"@type\":\"ReadAction\",\"target\":[\"https:\\\/\\\/culturesco.com\\\/index.php\\\/2019\\\/05\\\/09\\\/les-wampas-punk-rock-power-pop-et-populaire\\\/\"]}]},{\"@type\":\"ImageObject\",\"inLanguage\":\"fr-FR\",\"@id\":\"https:\\\/\\\/culturesco.com\\\/index.php\\\/2019\\\/05\\\/09\\\/les-wampas-punk-rock-power-pop-et-populaire\\\/#primaryimage\",\"url\":\"https:\\\/\\\/i0.wp.com\\\/culturesco.com\\\/wp-content\\\/uploads\\\/2020\\\/02\\\/didier-wampas-citations-1200x627-1.jpg?fit=600%2C314&ssl=1\",\"contentUrl\":\"https:\\\/\\\/i0.wp.com\\\/culturesco.com\\\/wp-content\\\/uploads\\\/2020\\\/02\\\/didier-wampas-citations-1200x627-1.jpg?fit=600%2C314&ssl=1\",\"width\":600,\"height\":314,\"caption\":\"didier wampas - citation - les wampas\"},{\"@type\":\"BreadcrumbList\",\"@id\":\"https:\\\/\\\/culturesco.com\\\/index.php\\\/2019\\\/05\\\/09\\\/les-wampas-punk-rock-power-pop-et-populaire\\\/#breadcrumb\",\"itemListElement\":[{\"@type\":\"ListItem\",\"position\":1,\"name\":\"Accueil\",\"item\":\"https:\\\/\\\/culturesco.com\\\/\"},{\"@type\":\"ListItem\",\"position\":2,\"name\":\"Les WAMPAS &#8211; Punk, rock, power pop et populaire\"}]},{\"@type\":\"WebSite\",\"@id\":\"https:\\\/\\\/culturesco.com\\\/#website\",\"url\":\"https:\\\/\\\/culturesco.com\\\/\",\"name\":\"Culturesco\",\"description\":\"Culturesco | Un bon coup de pied dans ta Culture\",\"publisher\":{\"@id\":\"https:\\\/\\\/culturesco.com\\\/#organization\"},\"potentialAction\":[{\"@type\":\"SearchAction\",\"target\":{\"@type\":\"EntryPoint\",\"urlTemplate\":\"https:\\\/\\\/culturesco.com\\\/?s={search_term_string}\"},\"query-input\":{\"@type\":\"PropertyValueSpecification\",\"valueRequired\":true,\"valueName\":\"search_term_string\"}}],\"inLanguage\":\"fr-FR\"},{\"@type\":\"Organization\",\"@id\":\"https:\\\/\\\/culturesco.com\\\/#organization\",\"name\":\"CULTURESCO\",\"url\":\"https:\\\/\\\/culturesco.com\\\/\",\"logo\":{\"@type\":\"ImageObject\",\"inLanguage\":\"fr-FR\",\"@id\":\"https:\\\/\\\/culturesco.com\\\/#\\\/schema\\\/logo\\\/image\\\/\",\"url\":\"https:\\\/\\\/i0.wp.com\\\/culturesco.com\\\/wp-content\\\/uploads\\\/2022\\\/04\\\/culturesco-logo-blanc250p.png?fit=250%2C250&ssl=1\",\"contentUrl\":\"https:\\\/\\\/i0.wp.com\\\/culturesco.com\\\/wp-content\\\/uploads\\\/2022\\\/04\\\/culturesco-logo-blanc250p.png?fit=250%2C250&ssl=1\",\"width\":250,\"height\":250,\"caption\":\"CULTURESCO\"},\"image\":{\"@id\":\"https:\\\/\\\/culturesco.com\\\/#\\\/schema\\\/logo\\\/image\\\/\"},\"sameAs\":[\"https:\\\/\\\/www.facebook.com\\\/radioculturesco\",\"https:\\\/\\\/x.com\\\/AugusteMarshal\",\"https:\\\/\\\/www.instagram.com\\\/carotte_rock_culture\\\/\",\"https:\\\/\\\/www.pinterest.fr\\\/augustemarshal\\\/\",\"https:\\\/\\\/www.youtube.com\\\/channel\\\/UCiWLGffqWSXlNnfzp6YwwyQ\"]},{\"@type\":\"Person\",\"@id\":\"https:\\\/\\\/culturesco.com\\\/#\\\/schema\\\/person\\\/19f04cf232d246197f6e7d62abe6cb0e\",\"name\":\"Thierry Dauge\",\"image\":{\"@type\":\"ImageObject\",\"inLanguage\":\"fr-FR\",\"@id\":\"https:\\\/\\\/i0.wp.com\\\/culturesco.com\\\/wp-content\\\/uploads\\\/2018\\\/12\\\/Black-Beauty-and-me.jpg?fit=96%2C96&ssl=1\",\"url\":\"https:\\\/\\\/i0.wp.com\\\/culturesco.com\\\/wp-content\\\/uploads\\\/2018\\\/12\\\/Black-Beauty-and-me.jpg?fit=96%2C96&ssl=1\",\"contentUrl\":\"https:\\\/\\\/i0.wp.com\\\/culturesco.com\\\/wp-content\\\/uploads\\\/2018\\\/12\\\/Black-Beauty-and-me.jpg?fit=96%2C96&ssl=1\",\"caption\":\"Thierry Dauge\"},\"description\":\"Amoureux des 70\u2019s et du hard rock en particulier, Thierry Dauge est chroniqueur sur Culturesco par amour de l\u2019\u00e9criture musicale. Co-auteur du livre\\\"Pop rock - Les instruments de l'ombre\\\" aux \u00e9ditions du Camion Blanc, collaborateur de Vivi pour \\\"Mes Ann\u00e9es Trust\\\", auteur de \\\"Sparks\\\" aux \u00e9ditions du Layeur, parce que le rock est loin d'\u00eatre mort ...\",\"url\":\"https:\\\/\\\/culturesco.com\\\/index.php\\\/author\\\/thierry-dauge888\\\/\"}]}<\/script>\n<!-- \/ Yoast SEO plugin. -->","yoast_head_json":{"title":"Les WAMPAS - Punk, rock, power pop et populaire - Culturesco","description":"CulturesCo | Les WAMPAS - Punk, rock, power pop et populaire | Provoc et Rock : Didier Wampas et sa bande ont-ils invent\u00e9 le Rock'n'Roll ?","robots":{"index":"index","follow":"follow","max-snippet":"max-snippet:-1","max-image-preview":"max-image-preview:large","max-video-preview":"max-video-preview:-1"},"canonical":"https:\/\/culturesco.com\/index.php\/2019\/05\/09\/les-wampas-punk-rock-power-pop-et-populaire\/","og_locale":"fr_FR","og_type":"article","og_title":"Didier Wampas : Le punk, c'est faire ce que l'on a envie de faire. C'est la libert\u00e9 totale, de ne pas \u00eatre oblig\u00e9 de penser comme les autres, de vivre comme les autres.","og_description":"Didier Wampas et sa bande ont-il invent\u00e9 le Rock'N'Roll ?","og_url":"https:\/\/culturesco.com\/index.php\/2019\/05\/09\/les-wampas-punk-rock-power-pop-et-populaire\/","og_site_name":"Culturesco","article_publisher":"https:\/\/www.facebook.com\/radioculturesco","article_published_time":"2019-05-09T20:31:33+00:00","article_modified_time":"2020-02-19T08:31:20+00:00","og_image":[{"width":600,"height":314,"url":"https:\/\/i2.wp.com\/culturesco.com\/wp-content\/uploads\/2020\/02\/didier-wampas-citations-1200x627-1.jpg?fit=600%2C314&ssl=1","type":"image\/jpeg"}],"author":"Thierry Dauge","twitter_card":"summary_large_image","twitter_creator":"@AugusteMarshal","twitter_site":"@AugusteMarshal","twitter_misc":{"\u00c9crit par":"Thierry Dauge","Dur\u00e9e de lecture estim\u00e9e":"5 minutes"},"schema":{"@context":"https:\/\/schema.org","@graph":[{"@type":"Article","@id":"https:\/\/culturesco.com\/index.php\/2019\/05\/09\/les-wampas-punk-rock-power-pop-et-populaire\/#article","isPartOf":{"@id":"https:\/\/culturesco.com\/index.php\/2019\/05\/09\/les-wampas-punk-rock-power-pop-et-populaire\/"},"author":{"name":"Thierry Dauge","@id":"https:\/\/culturesco.com\/#\/schema\/person\/19f04cf232d246197f6e7d62abe6cb0e"},"headline":"Les WAMPAS &#8211; Punk, rock, power pop et populaire","datePublished":"2019-05-09T20:31:33+00:00","dateModified":"2020-02-19T08:31:20+00:00","mainEntityOfPage":{"@id":"https:\/\/culturesco.com\/index.php\/2019\/05\/09\/les-wampas-punk-rock-power-pop-et-populaire\/"},"wordCount":995,"publisher":{"@id":"https:\/\/culturesco.com\/#organization"},"image":{"@id":"https:\/\/culturesco.com\/index.php\/2019\/05\/09\/les-wampas-punk-rock-power-pop-et-populaire\/#primaryimage"},"thumbnailUrl":"https:\/\/i0.wp.com\/culturesco.com\/wp-content\/uploads\/2020\/02\/didier-wampas-citations-1200x627-1.jpg?fit=600%2C314&ssl=1","keywords":["album rock","groupe rock actuel","Personnalit\u00e9 Rock","punk","Rock fran\u00e7ais"],"articleSection":["Carotte Rock Cultures","Histoire du rock"],"inLanguage":"fr-FR"},{"@type":"WebPage","@id":"https:\/\/culturesco.com\/index.php\/2019\/05\/09\/les-wampas-punk-rock-power-pop-et-populaire\/","url":"https:\/\/culturesco.com\/index.php\/2019\/05\/09\/les-wampas-punk-rock-power-pop-et-populaire\/","name":"Les WAMPAS - Punk, rock, power pop et populaire - Culturesco","isPartOf":{"@id":"https:\/\/culturesco.com\/#website"},"primaryImageOfPage":{"@id":"https:\/\/culturesco.com\/index.php\/2019\/05\/09\/les-wampas-punk-rock-power-pop-et-populaire\/#primaryimage"},"image":{"@id":"https:\/\/culturesco.com\/index.php\/2019\/05\/09\/les-wampas-punk-rock-power-pop-et-populaire\/#primaryimage"},"thumbnailUrl":"https:\/\/i0.wp.com\/culturesco.com\/wp-content\/uploads\/2020\/02\/didier-wampas-citations-1200x627-1.jpg?fit=600%2C314&ssl=1","datePublished":"2019-05-09T20:31:33+00:00","dateModified":"2020-02-19T08:31:20+00:00","description":"CulturesCo | Les WAMPAS - Punk, rock, power pop et populaire | Provoc et Rock : Didier Wampas et sa bande ont-ils invent\u00e9 le Rock'n'Roll ?","breadcrumb":{"@id":"https:\/\/culturesco.com\/index.php\/2019\/05\/09\/les-wampas-punk-rock-power-pop-et-populaire\/#breadcrumb"},"inLanguage":"fr-FR","potentialAction":[{"@type":"ReadAction","target":["https:\/\/culturesco.com\/index.php\/2019\/05\/09\/les-wampas-punk-rock-power-pop-et-populaire\/"]}]},{"@type":"ImageObject","inLanguage":"fr-FR","@id":"https:\/\/culturesco.com\/index.php\/2019\/05\/09\/les-wampas-punk-rock-power-pop-et-populaire\/#primaryimage","url":"https:\/\/i0.wp.com\/culturesco.com\/wp-content\/uploads\/2020\/02\/didier-wampas-citations-1200x627-1.jpg?fit=600%2C314&ssl=1","contentUrl":"https:\/\/i0.wp.com\/culturesco.com\/wp-content\/uploads\/2020\/02\/didier-wampas-citations-1200x627-1.jpg?fit=600%2C314&ssl=1","width":600,"height":314,"caption":"didier wampas - citation - les wampas"},{"@type":"BreadcrumbList","@id":"https:\/\/culturesco.com\/index.php\/2019\/05\/09\/les-wampas-punk-rock-power-pop-et-populaire\/#breadcrumb","itemListElement":[{"@type":"ListItem","position":1,"name":"Accueil","item":"https:\/\/culturesco.com\/"},{"@type":"ListItem","position":2,"name":"Les WAMPAS &#8211; Punk, rock, power pop et populaire"}]},{"@type":"WebSite","@id":"https:\/\/culturesco.com\/#website","url":"https:\/\/culturesco.com\/","name":"Culturesco","description":"Culturesco | Un bon coup de pied dans ta Culture","publisher":{"@id":"https:\/\/culturesco.com\/#organization"},"potentialAction":[{"@type":"SearchAction","target":{"@type":"EntryPoint","urlTemplate":"https:\/\/culturesco.com\/?s={search_term_string}"},"query-input":{"@type":"PropertyValueSpecification","valueRequired":true,"valueName":"search_term_string"}}],"inLanguage":"fr-FR"},{"@type":"Organization","@id":"https:\/\/culturesco.com\/#organization","name":"CULTURESCO","url":"https:\/\/culturesco.com\/","logo":{"@type":"ImageObject","inLanguage":"fr-FR","@id":"https:\/\/culturesco.com\/#\/schema\/logo\/image\/","url":"https:\/\/i0.wp.com\/culturesco.com\/wp-content\/uploads\/2022\/04\/culturesco-logo-blanc250p.png?fit=250%2C250&ssl=1","contentUrl":"https:\/\/i0.wp.com\/culturesco.com\/wp-content\/uploads\/2022\/04\/culturesco-logo-blanc250p.png?fit=250%2C250&ssl=1","width":250,"height":250,"caption":"CULTURESCO"},"image":{"@id":"https:\/\/culturesco.com\/#\/schema\/logo\/image\/"},"sameAs":["https:\/\/www.facebook.com\/radioculturesco","https:\/\/x.com\/AugusteMarshal","https:\/\/www.instagram.com\/carotte_rock_culture\/","https:\/\/www.pinterest.fr\/augustemarshal\/","https:\/\/www.youtube.com\/channel\/UCiWLGffqWSXlNnfzp6YwwyQ"]},{"@type":"Person","@id":"https:\/\/culturesco.com\/#\/schema\/person\/19f04cf232d246197f6e7d62abe6cb0e","name":"Thierry Dauge","image":{"@type":"ImageObject","inLanguage":"fr-FR","@id":"https:\/\/i0.wp.com\/culturesco.com\/wp-content\/uploads\/2018\/12\/Black-Beauty-and-me.jpg?fit=96%2C96&ssl=1","url":"https:\/\/i0.wp.com\/culturesco.com\/wp-content\/uploads\/2018\/12\/Black-Beauty-and-me.jpg?fit=96%2C96&ssl=1","contentUrl":"https:\/\/i0.wp.com\/culturesco.com\/wp-content\/uploads\/2018\/12\/Black-Beauty-and-me.jpg?fit=96%2C96&ssl=1","caption":"Thierry Dauge"},"description":"Amoureux des 70\u2019s et du hard rock en particulier, Thierry Dauge est chroniqueur sur Culturesco par amour de l\u2019\u00e9criture musicale. Co-auteur du livre\"Pop rock - Les instruments de l'ombre\" aux \u00e9ditions du Camion Blanc, collaborateur de Vivi pour \"Mes Ann\u00e9es Trust\", auteur de \"Sparks\" aux \u00e9ditions du Layeur, parce que le rock est loin d'\u00eatre mort ...","url":"https:\/\/culturesco.com\/index.php\/author\/thierry-dauge888\/"}]}},"jetpack_featured_media_url":"https:\/\/i0.wp.com\/culturesco.com\/wp-content\/uploads\/2020\/02\/didier-wampas-citations-1200x627-1.jpg?fit=600%2C314&ssl=1","jetpack_likes_enabled":true,"jetpack_sharing_enabled":true,"jetpack_shortlink":"https:\/\/wp.me\/paz89I-1rh","_links":{"self":[{"href":"https:\/\/culturesco.com\/index.php\/wp-json\/wp\/v2\/posts\/5535","targetHints":{"allow":["GET"]}}],"collection":[{"href":"https:\/\/culturesco.com\/index.php\/wp-json\/wp\/v2\/posts"}],"about":[{"href":"https:\/\/culturesco.com\/index.php\/wp-json\/wp\/v2\/types\/post"}],"author":[{"embeddable":true,"href":"https:\/\/culturesco.com\/index.php\/wp-json\/wp\/v2\/users\/3"}],"replies":[{"embeddable":true,"href":"https:\/\/culturesco.com\/index.php\/wp-json\/wp\/v2\/comments?post=5535"}],"version-history":[{"count":0,"href":"https:\/\/culturesco.com\/index.php\/wp-json\/wp\/v2\/posts\/5535\/revisions"}],"wp:featuredmedia":[{"embeddable":true,"href":"https:\/\/culturesco.com\/index.php\/wp-json\/wp\/v2\/media\/10459"}],"wp:attachment":[{"href":"https:\/\/culturesco.com\/index.php\/wp-json\/wp\/v2\/media?parent=5535"}],"wp:term":[{"taxonomy":"category","embeddable":true,"href":"https:\/\/culturesco.com\/index.php\/wp-json\/wp\/v2\/categories?post=5535"},{"taxonomy":"post_tag","embeddable":true,"href":"https:\/\/culturesco.com\/index.php\/wp-json\/wp\/v2\/tags?post=5535"}],"curies":[{"name":"wp","href":"https:\/\/api.w.org\/{rel}","templated":true}]}}