{"id":5512,"date":"2019-05-09T16:18:15","date_gmt":"2019-05-09T14:18:15","guid":{"rendered":"https:\/\/culturesco.com\/?p=5512"},"modified":"2026-02-11T14:51:36","modified_gmt":"2026-02-11T13:51:36","slug":"u2-histoire-des-veritables-debuts-du-groupe-avant-la-sortie-de-l-album-boy","status":"publish","type":"post","link":"https:\/\/culturesco.com\/index.php\/2019\/05\/09\/u2-histoire-des-veritables-debuts-du-groupe-avant-la-sortie-de-l-album-boy\/","title":{"rendered":"U2 &#8211; Les d\u00e9buts du groupe quand ils s&rsquo;appelaient The Hype"},"content":{"rendered":"<h2>Automne 76, Dublin : juste avant U2<\/h2>\n<p style=\"text-align: justify;\"><strong>The Hype : les d\u00e9buts de U2<\/strong><\/p>\n<p style=\"text-align: justify;\">Ils se sont form\u00e9s \u00e0 Dublin \u00e0 l&rsquo;automne 1976. <strong>Larry Mullen<\/strong>, un gamin d&rsquo;une quinzaine d&rsquo;ann\u00e9es, poste une annonce sur le tableau de son lyc\u00e9e \u00e0 la recherche de musiciens pour monter un groupe. Il recrute alors, ceux qui vont rester au fil des ann\u00e9es, le noyau d\u00e9finitif du groupe U2.\u00a0<strong>Adam Clayton<\/strong> \u00e0 la basse a 16 ans. Larry Mullen prend la place de batteur, <strong>Paul Hewson<\/strong> (plus tard surnomm\u00e9 <strong>Bono Vox<\/strong>\u00a0puis finalement <strong>Bono)<\/strong>\u00a0a quant \u00e0 lui 16 ans.\u00a0<strong>Dave Evans<\/strong>\u00a0(15 ans) connu aujourd&rsquo;hui sous le nom de <strong>The Edge<\/strong> devient le guitariste du groupe. Le fr\u00e8re de Dave, Dick Evans, \u00e9galement guitariste du groupe pendant quelques temps, quitte rapidement la formation afin de rejoindre un autre groupe de Dublin, The\u00a0<strong>Virgin Prunes<\/strong>.<\/p>\n<figure id=\"attachment_5518\" aria-describedby=\"caption-attachment-5518\" style=\"width: 600px\" class=\"wp-caption aligncenter\"><img data-recalc-dims=\"1\" loading=\"lazy\" decoding=\"async\" class=\"wp-image-5518 size-full\" src=\"https:\/\/i0.wp.com\/culturesco.com\/wp-content\/uploads\/2019\/05\/U2-the-hype.jpg?resize=600%2C314&#038;ssl=1\" alt=\"u2 the hype\" width=\"600\" height=\"314\" srcset=\"https:\/\/i0.wp.com\/culturesco.com\/wp-content\/uploads\/2019\/05\/U2-the-hype.jpg?w=600&amp;ssl=1 600w, https:\/\/i0.wp.com\/culturesco.com\/wp-content\/uploads\/2019\/05\/U2-the-hype.jpg?resize=300%2C157&amp;ssl=1 300w\" sizes=\"auto, (max-width: 600px) 100vw, 600px\" \/><figcaption id=\"caption-attachment-5518\" class=\"wp-caption-text\">Adam Clayton &#8211; Guggi des Virgin Prunes rempla\u00e7ant Larry Mullen \u00a0&#8211; Bono et The Edge &#8211; Photograph: Patrick Brocklebank<\/figcaption><\/figure>\n<p style=\"text-align: justify;\">Le groupe de lyc\u00e9ens adopte tout d&rsquo;abord le nom de <strong>Feedback<\/strong>, pour rapidement le transformer en <strong>The Hype<\/strong>.<\/p>\n<h3>U2 Street Mission extended version 1978<\/h3>\n<div class=\"youtube-embed\" data-video_id=\"yVYAPmdckBY\"><iframe loading=\"lazy\" title=\"U2 Street Mission extended version 1978.mp4\" width=\"696\" height=\"522\" src=\"https:\/\/www.youtube.com\/embed\/yVYAPmdckBY\" frameborder=\"0\" allow=\"accelerometer; autoplay; clipboard-write; encrypted-media; gyroscope; picture-in-picture; web-share\" referrerpolicy=\"strict-origin-when-cross-origin\" allowfullscreen><\/iframe><\/div>\n<p style=\"text-align: justify;\">Apr\u00e8s 18 mois de r\u00e9p\u00e9tition, aussi souvent que possible, au lyc\u00e9e ou \u00e0 l&rsquo;\u00e9cole le groupe se pr\u00e9sente \u00e0 un concours de jeunes talents \u00e0 Limerick en Irlande en mars 1978. Larry Mullen qui a pouss\u00e9 le groupe \u00e0 participer \u00e0 ce concours ne sera pas d\u00e9\u00e7u. Devant 36 autres groupes bien plus exp\u00e9riment\u00e9s qu&rsquo;eux, ils remportent le concours avec \u00e0 la cl\u00e9 la somme de 500 livres irlandaises et une s\u00e9ance d&rsquo;enregistrement gratuite aux Keystone Studios de Dublin sous la direction de Jackie Hayden.<\/p>\n<h3>Changement de nom de groupe<\/h3>\n<p style=\"text-align: justify;\">C&rsquo;est d&rsquo;ailleurs lors de cette prestation que le groupe changera de patronyme afin de devenir U2. La suite s&rsquo;encha\u00eene tr\u00e8s rapidement. La rencontre avec leur manager Paul McGuinness, la professionnalisation du groupe, la premi\u00e8re partie des <a href=\"https:\/\/culturesco.com\/index.php\/2019\/02\/05\/the-stranglers-la-mauvaise-reputation-des-bad-boys-de-guidford-nice-and-sleazy\/\" target=\"_blank\" rel=\"noopener noreferrer\">Stranglers en 1978<\/a>&#8230;<\/p>\n<figure id=\"attachment_5513\" aria-describedby=\"caption-attachment-5513\" style=\"width: 540px\" class=\"wp-caption aligncenter\"><img data-recalc-dims=\"1\" loading=\"lazy\" decoding=\"async\" class=\"wp-image-5513 size-full\" src=\"https:\/\/i0.wp.com\/culturesco.com\/wp-content\/uploads\/2019\/05\/U2-1978meeting.jpg?resize=540%2C256&#038;ssl=1\" alt=\"U2 - 1978 Meeting Paul Mc Guinness\" width=\"540\" height=\"256\" srcset=\"https:\/\/i0.wp.com\/culturesco.com\/wp-content\/uploads\/2019\/05\/U2-1978meeting.jpg?w=540&amp;ssl=1 540w, https:\/\/i0.wp.com\/culturesco.com\/wp-content\/uploads\/2019\/05\/U2-1978meeting.jpg?resize=300%2C142&amp;ssl=1 300w\" sizes=\"auto, (max-width: 540px) 100vw, 540px\" \/><figcaption id=\"caption-attachment-5513\" class=\"wp-caption-text\">U2 &#8211; 1978 Meeting Paul Mc Guinness &#8211; les d\u00e9buts de U2 the Hype<\/figcaption><\/figure>\n<p style=\"text-align: justify;\">Les ann\u00e9es 80&prime; marquent le v\u00e9ritable d\u00e9marrage du groupe avec une signature chez Island Records et la sortie du premier album <a href=\"https:\/\/www.discogs.com\/fr\/U2-Boy\/release\/383080\" target=\"_blank\" rel=\"noopener noreferrer\">Boy<\/a>, point de d\u00e9part d&rsquo;une tr\u00e8s longue histoire&#8230;<\/p>\n<p>Auguste Marshal<\/p>\n","protected":false},"excerpt":{"rendered":"<p>Automne 76, Dublin : juste avant U2 The Hype : les d\u00e9buts de U2 Ils se sont form\u00e9s \u00e0 Dublin \u00e0 l&rsquo;automne 1976. Larry Mullen, un gamin d&rsquo;une quinzaine d&rsquo;ann\u00e9es, poste une annonce sur le tableau de son lyc\u00e9e \u00e0 la recherche de musiciens pour monter un groupe. Il recrute alors, ceux qui vont rester [&hellip;]<\/p>\n","protected":false},"author":1,"featured_media":5518,"comment_status":"closed","ping_status":"closed","sticky":false,"template":"","format":"image","meta":{"jetpack_post_was_ever_published":false,"tdm_status":"","tdm_grid_status":"","_jetpack_newsletter_access":"","_jetpack_dont_email_post_to_subs":false,"_jetpack_newsletter_tier_id":0,"_jetpack_memberships_contains_paywalled_content":false,"_jetpack_memberships_contains_paid_content":false,"footnotes":""},"categories":[34,17,33],"tags":[38,52,58],"class_list":{"0":"post-5512","1":"post","2":"type-post","3":"status-publish","4":"format-image","5":"has-post-thumbnail","7":"category-anecdotes-rock","8":"category-carotte-rock-cultures","9":"category-histoire-du-rock","10":"tag-classic-rock","11":"tag-groupe-rock-actuel","12":"tag-histoire-du-rock","13":"post_format-post-format-image"},"yoast_head":"<!-- This site is optimized with the Yoast SEO plugin v27.5 - https:\/\/yoast.com\/product\/yoast-seo-wordpress\/ -->\n<title>U2 - Les d\u00e9buts du groupe quand ils s&#039;appelaient The Hype - Culturesco<\/title>\n<meta name=\"description\" content=\"CulturesCo | U2 : Les v\u00e9ritables d\u00e9buts du groupe de lyc\u00e9e de BONO, The Edge, Larry Mullen et Adam Clayton sous le nom de : THE HYPE\" \/>\n<meta name=\"robots\" content=\"index, follow, max-snippet:-1, max-image-preview:large, max-video-preview:-1\" \/>\n<link rel=\"canonical\" href=\"https:\/\/culturesco.com\/index.php\/2019\/05\/09\/u2-histoire-des-veritables-debuts-du-groupe-avant-la-sortie-de-l-album-boy\/\" \/>\n<meta property=\"og:locale\" content=\"fr_FR\" \/>\n<meta property=\"og:type\" content=\"article\" \/>\n<meta property=\"og:title\" content=\"U2 - Les d\u00e9buts du groupe quand ils s&#039;appelaient The Hype - Culturesco\" \/>\n<meta property=\"og:description\" content=\"CulturesCo | U2 : Les v\u00e9ritables d\u00e9buts du groupe de lyc\u00e9e de BONO, The Edge, Larry Mullen et Adam Clayton sous le nom de : THE HYPE\" \/>\n<meta property=\"og:url\" content=\"https:\/\/culturesco.com\/index.php\/2019\/05\/09\/u2-histoire-des-veritables-debuts-du-groupe-avant-la-sortie-de-l-album-boy\/\" \/>\n<meta property=\"og:site_name\" content=\"Culturesco\" \/>\n<meta property=\"article:publisher\" content=\"https:\/\/www.facebook.com\/radioculturesco\" \/>\n<meta property=\"article:author\" content=\"https:\/\/www.facebook.com\/radioculturesco\" \/>\n<meta property=\"article:published_time\" content=\"2019-05-09T14:18:15+00:00\" \/>\n<meta property=\"article:modified_time\" content=\"2026-02-11T13:51:36+00:00\" \/>\n<meta property=\"og:image\" content=\"https:\/\/culturesco.com\/wp-content\/uploads\/2019\/05\/U2-the-hype.jpg\" \/>\n\t<meta property=\"og:image:width\" content=\"600\" \/>\n\t<meta property=\"og:image:height\" content=\"314\" \/>\n\t<meta property=\"og:image:type\" content=\"image\/jpeg\" \/>\n<meta name=\"author\" content=\"Auguste Marshal\" \/>\n<meta name=\"twitter:card\" content=\"summary_large_image\" \/>\n<meta name=\"twitter:creator\" content=\"@https:\/\/twitter.com\/AugusteMarshal\" \/>\n<meta name=\"twitter:site\" content=\"@AugusteMarshal\" \/>\n<meta name=\"twitter:label1\" content=\"\u00c9crit par\" \/>\n\t<meta name=\"twitter:data1\" content=\"Auguste Marshal\" \/>\n\t<meta name=\"twitter:label2\" content=\"Dur\u00e9e de lecture estim\u00e9e\" \/>\n\t<meta name=\"twitter:data2\" content=\"3 minutes\" \/>\n<script type=\"application\/ld+json\" class=\"yoast-schema-graph\">{\"@context\":\"https:\\\/\\\/schema.org\",\"@graph\":[{\"@type\":\"Article\",\"@id\":\"https:\\\/\\\/culturesco.com\\\/index.php\\\/2019\\\/05\\\/09\\\/u2-histoire-des-veritables-debuts-du-groupe-avant-la-sortie-de-l-album-boy\\\/#article\",\"isPartOf\":{\"@id\":\"https:\\\/\\\/culturesco.com\\\/index.php\\\/2019\\\/05\\\/09\\\/u2-histoire-des-veritables-debuts-du-groupe-avant-la-sortie-de-l-album-boy\\\/\"},\"author\":{\"name\":\"Auguste Marshal\",\"@id\":\"https:\\\/\\\/culturesco.com\\\/#\\\/schema\\\/person\\\/9a265b03a60b0fa349532a231f7d1d0e\"},\"headline\":\"U2 &#8211; Les d\u00e9buts du groupe quand ils s&rsquo;appelaient The Hype\",\"datePublished\":\"2019-05-09T14:18:15+00:00\",\"dateModified\":\"2026-02-11T13:51:36+00:00\",\"mainEntityOfPage\":{\"@id\":\"https:\\\/\\\/culturesco.com\\\/index.php\\\/2019\\\/05\\\/09\\\/u2-histoire-des-veritables-debuts-du-groupe-avant-la-sortie-de-l-album-boy\\\/\"},\"wordCount\":405,\"publisher\":{\"@id\":\"https:\\\/\\\/culturesco.com\\\/#organization\"},\"image\":{\"@id\":\"https:\\\/\\\/culturesco.com\\\/index.php\\\/2019\\\/05\\\/09\\\/u2-histoire-des-veritables-debuts-du-groupe-avant-la-sortie-de-l-album-boy\\\/#primaryimage\"},\"thumbnailUrl\":\"https:\\\/\\\/i0.wp.com\\\/culturesco.com\\\/wp-content\\\/uploads\\\/2019\\\/05\\\/U2-the-hype.jpg?fit=600%2C314&ssl=1\",\"keywords\":[\"classic rock\",\"groupe rock actuel\",\"histoire du rock\"],\"articleSection\":[\"Anecdotes rock\",\"Carotte Rock Cultures\",\"Histoire du rock\"],\"inLanguage\":\"fr-FR\"},{\"@type\":\"WebPage\",\"@id\":\"https:\\\/\\\/culturesco.com\\\/index.php\\\/2019\\\/05\\\/09\\\/u2-histoire-des-veritables-debuts-du-groupe-avant-la-sortie-de-l-album-boy\\\/\",\"url\":\"https:\\\/\\\/culturesco.com\\\/index.php\\\/2019\\\/05\\\/09\\\/u2-histoire-des-veritables-debuts-du-groupe-avant-la-sortie-de-l-album-boy\\\/\",\"name\":\"U2 - Les d\u00e9buts du groupe quand ils s'appelaient The Hype - Culturesco\",\"isPartOf\":{\"@id\":\"https:\\\/\\\/culturesco.com\\\/#website\"},\"primaryImageOfPage\":{\"@id\":\"https:\\\/\\\/culturesco.com\\\/index.php\\\/2019\\\/05\\\/09\\\/u2-histoire-des-veritables-debuts-du-groupe-avant-la-sortie-de-l-album-boy\\\/#primaryimage\"},\"image\":{\"@id\":\"https:\\\/\\\/culturesco.com\\\/index.php\\\/2019\\\/05\\\/09\\\/u2-histoire-des-veritables-debuts-du-groupe-avant-la-sortie-de-l-album-boy\\\/#primaryimage\"},\"thumbnailUrl\":\"https:\\\/\\\/i0.wp.com\\\/culturesco.com\\\/wp-content\\\/uploads\\\/2019\\\/05\\\/U2-the-hype.jpg?fit=600%2C314&ssl=1\",\"datePublished\":\"2019-05-09T14:18:15+00:00\",\"dateModified\":\"2026-02-11T13:51:36+00:00\",\"description\":\"CulturesCo | U2 : Les v\u00e9ritables d\u00e9buts du groupe de lyc\u00e9e de BONO, The Edge, Larry Mullen et Adam Clayton sous le nom de : THE HYPE\",\"breadcrumb\":{\"@id\":\"https:\\\/\\\/culturesco.com\\\/index.php\\\/2019\\\/05\\\/09\\\/u2-histoire-des-veritables-debuts-du-groupe-avant-la-sortie-de-l-album-boy\\\/#breadcrumb\"},\"inLanguage\":\"fr-FR\",\"potentialAction\":[{\"@type\":\"ReadAction\",\"target\":[\"https:\\\/\\\/culturesco.com\\\/index.php\\\/2019\\\/05\\\/09\\\/u2-histoire-des-veritables-debuts-du-groupe-avant-la-sortie-de-l-album-boy\\\/\"]}]},{\"@type\":\"ImageObject\",\"inLanguage\":\"fr-FR\",\"@id\":\"https:\\\/\\\/culturesco.com\\\/index.php\\\/2019\\\/05\\\/09\\\/u2-histoire-des-veritables-debuts-du-groupe-avant-la-sortie-de-l-album-boy\\\/#primaryimage\",\"url\":\"https:\\\/\\\/i0.wp.com\\\/culturesco.com\\\/wp-content\\\/uploads\\\/2019\\\/05\\\/U2-the-hype.jpg?fit=600%2C314&ssl=1\",\"contentUrl\":\"https:\\\/\\\/i0.wp.com\\\/culturesco.com\\\/wp-content\\\/uploads\\\/2019\\\/05\\\/U2-the-hype.jpg?fit=600%2C314&ssl=1\",\"width\":600,\"height\":314,\"caption\":\"u2 the hype\"},{\"@type\":\"BreadcrumbList\",\"@id\":\"https:\\\/\\\/culturesco.com\\\/index.php\\\/2019\\\/05\\\/09\\\/u2-histoire-des-veritables-debuts-du-groupe-avant-la-sortie-de-l-album-boy\\\/#breadcrumb\",\"itemListElement\":[{\"@type\":\"ListItem\",\"position\":1,\"name\":\"Accueil\",\"item\":\"https:\\\/\\\/culturesco.com\\\/\"},{\"@type\":\"ListItem\",\"position\":2,\"name\":\"U2 &#8211; Les d\u00e9buts du groupe quand ils s&rsquo;appelaient The Hype\"}]},{\"@type\":\"WebSite\",\"@id\":\"https:\\\/\\\/culturesco.com\\\/#website\",\"url\":\"https:\\\/\\\/culturesco.com\\\/\",\"name\":\"Culturesco\",\"description\":\"Culturesco | Un bon coup de pied dans ta Culture\",\"publisher\":{\"@id\":\"https:\\\/\\\/culturesco.com\\\/#organization\"},\"potentialAction\":[{\"@type\":\"SearchAction\",\"target\":{\"@type\":\"EntryPoint\",\"urlTemplate\":\"https:\\\/\\\/culturesco.com\\\/?s={search_term_string}\"},\"query-input\":{\"@type\":\"PropertyValueSpecification\",\"valueRequired\":true,\"valueName\":\"search_term_string\"}}],\"inLanguage\":\"fr-FR\"},{\"@type\":\"Organization\",\"@id\":\"https:\\\/\\\/culturesco.com\\\/#organization\",\"name\":\"CULTURESCO\",\"url\":\"https:\\\/\\\/culturesco.com\\\/\",\"logo\":{\"@type\":\"ImageObject\",\"inLanguage\":\"fr-FR\",\"@id\":\"https:\\\/\\\/culturesco.com\\\/#\\\/schema\\\/logo\\\/image\\\/\",\"url\":\"https:\\\/\\\/i0.wp.com\\\/culturesco.com\\\/wp-content\\\/uploads\\\/2022\\\/04\\\/culturesco-logo-blanc250p.png?fit=250%2C250&ssl=1\",\"contentUrl\":\"https:\\\/\\\/i0.wp.com\\\/culturesco.com\\\/wp-content\\\/uploads\\\/2022\\\/04\\\/culturesco-logo-blanc250p.png?fit=250%2C250&ssl=1\",\"width\":250,\"height\":250,\"caption\":\"CULTURESCO\"},\"image\":{\"@id\":\"https:\\\/\\\/culturesco.com\\\/#\\\/schema\\\/logo\\\/image\\\/\"},\"sameAs\":[\"https:\\\/\\\/www.facebook.com\\\/radioculturesco\",\"https:\\\/\\\/x.com\\\/AugusteMarshal\",\"https:\\\/\\\/www.instagram.com\\\/carotte_rock_culture\\\/\",\"https:\\\/\\\/www.pinterest.fr\\\/augustemarshal\\\/\",\"https:\\\/\\\/www.youtube.com\\\/channel\\\/UCiWLGffqWSXlNnfzp6YwwyQ\"]},{\"@type\":\"Person\",\"@id\":\"https:\\\/\\\/culturesco.com\\\/#\\\/schema\\\/person\\\/9a265b03a60b0fa349532a231f7d1d0e\",\"name\":\"Auguste Marshal\",\"image\":{\"@type\":\"ImageObject\",\"inLanguage\":\"fr-FR\",\"@id\":\"https:\\\/\\\/i0.wp.com\\\/culturesco.com\\\/wp-content\\\/uploads\\\/2019\\\/03\\\/auguste.jpg?fit=96%2C74&ssl=1\",\"url\":\"https:\\\/\\\/i0.wp.com\\\/culturesco.com\\\/wp-content\\\/uploads\\\/2019\\\/03\\\/auguste.jpg?fit=96%2C74&ssl=1\",\"contentUrl\":\"https:\\\/\\\/i0.wp.com\\\/culturesco.com\\\/wp-content\\\/uploads\\\/2019\\\/03\\\/auguste.jpg?fit=96%2C74&ssl=1\",\"caption\":\"Auguste Marshal\"},\"description\":\"Animateur Radio - Producteur animateur de l'\u00e9mission Culturesco sur Pop Culture Radio - Community Manager - Cr\u00e9ateur du blog Culturesco.com et pr\u00e9c\u00e9demment du Blog Rock Auguste Marshal - Administrateur des pages Facebook et Instagram Carotte Rock Cultures et Radio CulturesCo - Administrateur de groupes Facebook\",\"sameAs\":[\"https:\\\/\\\/culturesco.com\",\"https:\\\/\\\/www.facebook.com\\\/radioculturesco\",\"https:\\\/\\\/www.instagram.com\\\/carotte_rock_culture\\\/\",\"https:\\\/\\\/www.linkedin.com\\\/in\\\/auguste-marshal-7125b1151\\\/\",\"https:\\\/\\\/x.com\\\/https:\\\/\\\/twitter.com\\\/AugusteMarshal\",\"https:\\\/\\\/www.youtube.com\\\/channel\\\/UCiWLGffqWSXlNnfzp6YwwyQ\"],\"url\":\"https:\\\/\\\/culturesco.com\\\/index.php\\\/author\\\/admin8255\\\/\"}]}<\/script>\n<!-- \/ Yoast SEO plugin. -->","yoast_head_json":{"title":"U2 - Les d\u00e9buts du groupe quand ils s'appelaient The Hype - Culturesco","description":"CulturesCo | U2 : Les v\u00e9ritables d\u00e9buts du groupe de lyc\u00e9e de BONO, The Edge, Larry Mullen et Adam Clayton sous le nom de : THE HYPE","robots":{"index":"index","follow":"follow","max-snippet":"max-snippet:-1","max-image-preview":"max-image-preview:large","max-video-preview":"max-video-preview:-1"},"canonical":"https:\/\/culturesco.com\/index.php\/2019\/05\/09\/u2-histoire-des-veritables-debuts-du-groupe-avant-la-sortie-de-l-album-boy\/","og_locale":"fr_FR","og_type":"article","og_title":"U2 - Les d\u00e9buts du groupe quand ils s'appelaient The Hype - Culturesco","og_description":"CulturesCo | U2 : Les v\u00e9ritables d\u00e9buts du groupe de lyc\u00e9e de BONO, The Edge, Larry Mullen et Adam Clayton sous le nom de : THE HYPE","og_url":"https:\/\/culturesco.com\/index.php\/2019\/05\/09\/u2-histoire-des-veritables-debuts-du-groupe-avant-la-sortie-de-l-album-boy\/","og_site_name":"Culturesco","article_publisher":"https:\/\/www.facebook.com\/radioculturesco","article_author":"https:\/\/www.facebook.com\/radioculturesco","article_published_time":"2019-05-09T14:18:15+00:00","article_modified_time":"2026-02-11T13:51:36+00:00","og_image":[{"width":600,"height":314,"url":"https:\/\/culturesco.com\/wp-content\/uploads\/2019\/05\/U2-the-hype.jpg","type":"image\/jpeg"}],"author":"Auguste Marshal","twitter_card":"summary_large_image","twitter_creator":"@https:\/\/twitter.com\/AugusteMarshal","twitter_site":"@AugusteMarshal","twitter_misc":{"\u00c9crit par":"Auguste Marshal","Dur\u00e9e de lecture estim\u00e9e":"3 minutes"},"schema":{"@context":"https:\/\/schema.org","@graph":[{"@type":"Article","@id":"https:\/\/culturesco.com\/index.php\/2019\/05\/09\/u2-histoire-des-veritables-debuts-du-groupe-avant-la-sortie-de-l-album-boy\/#article","isPartOf":{"@id":"https:\/\/culturesco.com\/index.php\/2019\/05\/09\/u2-histoire-des-veritables-debuts-du-groupe-avant-la-sortie-de-l-album-boy\/"},"author":{"name":"Auguste Marshal","@id":"https:\/\/culturesco.com\/#\/schema\/person\/9a265b03a60b0fa349532a231f7d1d0e"},"headline":"U2 &#8211; Les d\u00e9buts du groupe quand ils s&rsquo;appelaient The Hype","datePublished":"2019-05-09T14:18:15+00:00","dateModified":"2026-02-11T13:51:36+00:00","mainEntityOfPage":{"@id":"https:\/\/culturesco.com\/index.php\/2019\/05\/09\/u2-histoire-des-veritables-debuts-du-groupe-avant-la-sortie-de-l-album-boy\/"},"wordCount":405,"publisher":{"@id":"https:\/\/culturesco.com\/#organization"},"image":{"@id":"https:\/\/culturesco.com\/index.php\/2019\/05\/09\/u2-histoire-des-veritables-debuts-du-groupe-avant-la-sortie-de-l-album-boy\/#primaryimage"},"thumbnailUrl":"https:\/\/i0.wp.com\/culturesco.com\/wp-content\/uploads\/2019\/05\/U2-the-hype.jpg?fit=600%2C314&ssl=1","keywords":["classic rock","groupe rock actuel","histoire du rock"],"articleSection":["Anecdotes rock","Carotte Rock Cultures","Histoire du rock"],"inLanguage":"fr-FR"},{"@type":"WebPage","@id":"https:\/\/culturesco.com\/index.php\/2019\/05\/09\/u2-histoire-des-veritables-debuts-du-groupe-avant-la-sortie-de-l-album-boy\/","url":"https:\/\/culturesco.com\/index.php\/2019\/05\/09\/u2-histoire-des-veritables-debuts-du-groupe-avant-la-sortie-de-l-album-boy\/","name":"U2 - Les d\u00e9buts du groupe quand ils s'appelaient The Hype - Culturesco","isPartOf":{"@id":"https:\/\/culturesco.com\/#website"},"primaryImageOfPage":{"@id":"https:\/\/culturesco.com\/index.php\/2019\/05\/09\/u2-histoire-des-veritables-debuts-du-groupe-avant-la-sortie-de-l-album-boy\/#primaryimage"},"image":{"@id":"https:\/\/culturesco.com\/index.php\/2019\/05\/09\/u2-histoire-des-veritables-debuts-du-groupe-avant-la-sortie-de-l-album-boy\/#primaryimage"},"thumbnailUrl":"https:\/\/i0.wp.com\/culturesco.com\/wp-content\/uploads\/2019\/05\/U2-the-hype.jpg?fit=600%2C314&ssl=1","datePublished":"2019-05-09T14:18:15+00:00","dateModified":"2026-02-11T13:51:36+00:00","description":"CulturesCo | U2 : Les v\u00e9ritables d\u00e9buts du groupe de lyc\u00e9e de BONO, The Edge, Larry Mullen et Adam Clayton sous le nom de : THE HYPE","breadcrumb":{"@id":"https:\/\/culturesco.com\/index.php\/2019\/05\/09\/u2-histoire-des-veritables-debuts-du-groupe-avant-la-sortie-de-l-album-boy\/#breadcrumb"},"inLanguage":"fr-FR","potentialAction":[{"@type":"ReadAction","target":["https:\/\/culturesco.com\/index.php\/2019\/05\/09\/u2-histoire-des-veritables-debuts-du-groupe-avant-la-sortie-de-l-album-boy\/"]}]},{"@type":"ImageObject","inLanguage":"fr-FR","@id":"https:\/\/culturesco.com\/index.php\/2019\/05\/09\/u2-histoire-des-veritables-debuts-du-groupe-avant-la-sortie-de-l-album-boy\/#primaryimage","url":"https:\/\/i0.wp.com\/culturesco.com\/wp-content\/uploads\/2019\/05\/U2-the-hype.jpg?fit=600%2C314&ssl=1","contentUrl":"https:\/\/i0.wp.com\/culturesco.com\/wp-content\/uploads\/2019\/05\/U2-the-hype.jpg?fit=600%2C314&ssl=1","width":600,"height":314,"caption":"u2 the hype"},{"@type":"BreadcrumbList","@id":"https:\/\/culturesco.com\/index.php\/2019\/05\/09\/u2-histoire-des-veritables-debuts-du-groupe-avant-la-sortie-de-l-album-boy\/#breadcrumb","itemListElement":[{"@type":"ListItem","position":1,"name":"Accueil","item":"https:\/\/culturesco.com\/"},{"@type":"ListItem","position":2,"name":"U2 &#8211; Les d\u00e9buts du groupe quand ils s&rsquo;appelaient The Hype"}]},{"@type":"WebSite","@id":"https:\/\/culturesco.com\/#website","url":"https:\/\/culturesco.com\/","name":"Culturesco","description":"Culturesco | Un bon coup de pied dans ta Culture","publisher":{"@id":"https:\/\/culturesco.com\/#organization"},"potentialAction":[{"@type":"SearchAction","target":{"@type":"EntryPoint","urlTemplate":"https:\/\/culturesco.com\/?s={search_term_string}"},"query-input":{"@type":"PropertyValueSpecification","valueRequired":true,"valueName":"search_term_string"}}],"inLanguage":"fr-FR"},{"@type":"Organization","@id":"https:\/\/culturesco.com\/#organization","name":"CULTURESCO","url":"https:\/\/culturesco.com\/","logo":{"@type":"ImageObject","inLanguage":"fr-FR","@id":"https:\/\/culturesco.com\/#\/schema\/logo\/image\/","url":"https:\/\/i0.wp.com\/culturesco.com\/wp-content\/uploads\/2022\/04\/culturesco-logo-blanc250p.png?fit=250%2C250&ssl=1","contentUrl":"https:\/\/i0.wp.com\/culturesco.com\/wp-content\/uploads\/2022\/04\/culturesco-logo-blanc250p.png?fit=250%2C250&ssl=1","width":250,"height":250,"caption":"CULTURESCO"},"image":{"@id":"https:\/\/culturesco.com\/#\/schema\/logo\/image\/"},"sameAs":["https:\/\/www.facebook.com\/radioculturesco","https:\/\/x.com\/AugusteMarshal","https:\/\/www.instagram.com\/carotte_rock_culture\/","https:\/\/www.pinterest.fr\/augustemarshal\/","https:\/\/www.youtube.com\/channel\/UCiWLGffqWSXlNnfzp6YwwyQ"]},{"@type":"Person","@id":"https:\/\/culturesco.com\/#\/schema\/person\/9a265b03a60b0fa349532a231f7d1d0e","name":"Auguste Marshal","image":{"@type":"ImageObject","inLanguage":"fr-FR","@id":"https:\/\/i0.wp.com\/culturesco.com\/wp-content\/uploads\/2019\/03\/auguste.jpg?fit=96%2C74&ssl=1","url":"https:\/\/i0.wp.com\/culturesco.com\/wp-content\/uploads\/2019\/03\/auguste.jpg?fit=96%2C74&ssl=1","contentUrl":"https:\/\/i0.wp.com\/culturesco.com\/wp-content\/uploads\/2019\/03\/auguste.jpg?fit=96%2C74&ssl=1","caption":"Auguste Marshal"},"description":"Animateur Radio - Producteur animateur de l'\u00e9mission Culturesco sur Pop Culture Radio - Community Manager - Cr\u00e9ateur du blog Culturesco.com et pr\u00e9c\u00e9demment du Blog Rock Auguste Marshal - Administrateur des pages Facebook et Instagram Carotte Rock Cultures et Radio CulturesCo - Administrateur de groupes Facebook","sameAs":["https:\/\/culturesco.com","https:\/\/www.facebook.com\/radioculturesco","https:\/\/www.instagram.com\/carotte_rock_culture\/","https:\/\/www.linkedin.com\/in\/auguste-marshal-7125b1151\/","https:\/\/x.com\/https:\/\/twitter.com\/AugusteMarshal","https:\/\/www.youtube.com\/channel\/UCiWLGffqWSXlNnfzp6YwwyQ"],"url":"https:\/\/culturesco.com\/index.php\/author\/admin8255\/"}]}},"jetpack_featured_media_url":"https:\/\/i0.wp.com\/culturesco.com\/wp-content\/uploads\/2019\/05\/U2-the-hype.jpg?fit=600%2C314&ssl=1","jetpack_likes_enabled":true,"jetpack_sharing_enabled":true,"jetpack_shortlink":"https:\/\/wp.me\/paz89I-1qU","_links":{"self":[{"href":"https:\/\/culturesco.com\/index.php\/wp-json\/wp\/v2\/posts\/5512","targetHints":{"allow":["GET"]}}],"collection":[{"href":"https:\/\/culturesco.com\/index.php\/wp-json\/wp\/v2\/posts"}],"about":[{"href":"https:\/\/culturesco.com\/index.php\/wp-json\/wp\/v2\/types\/post"}],"author":[{"embeddable":true,"href":"https:\/\/culturesco.com\/index.php\/wp-json\/wp\/v2\/users\/1"}],"replies":[{"embeddable":true,"href":"https:\/\/culturesco.com\/index.php\/wp-json\/wp\/v2\/comments?post=5512"}],"version-history":[{"count":0,"href":"https:\/\/culturesco.com\/index.php\/wp-json\/wp\/v2\/posts\/5512\/revisions"}],"wp:featuredmedia":[{"embeddable":true,"href":"https:\/\/culturesco.com\/index.php\/wp-json\/wp\/v2\/media\/5518"}],"wp:attachment":[{"href":"https:\/\/culturesco.com\/index.php\/wp-json\/wp\/v2\/media?parent=5512"}],"wp:term":[{"taxonomy":"category","embeddable":true,"href":"https:\/\/culturesco.com\/index.php\/wp-json\/wp\/v2\/categories?post=5512"},{"taxonomy":"post_tag","embeddable":true,"href":"https:\/\/culturesco.com\/index.php\/wp-json\/wp\/v2\/tags?post=5512"}],"curies":[{"name":"wp","href":"https:\/\/api.w.org\/{rel}","templated":true}]}}