{"id":5445,"date":"2019-05-07T22:54:32","date_gmt":"2019-05-07T20:54:32","guid":{"rendered":"https:\/\/culturesco.com\/?p=5445"},"modified":"2019-05-07T23:23:44","modified_gmt":"2019-05-07T21:23:44","slug":"imany-une-chanteuse-a-coeur-et-a-corps","status":"publish","type":"post","link":"https:\/\/culturesco.com\/index.php\/2019\/05\/07\/imany-une-chanteuse-a-coeur-et-a-corps\/","title":{"rendered":"IMANY &#8211; Une chanteuse \u00e0 c\u0153ur et \u00e0 corps"},"content":{"rendered":"<h2>IMANY &#8211; \u00ab\u00a0Africa has the shape of a broken heart &#8230;\u00a0\u00bb<\/h2>\n<p><a href=\"https:\/\/i0.wp.com\/culturesco.com\/wp-content\/uploads\/2019\/05\/Imany-Album.jpg?ssl=1\"><img data-recalc-dims=\"1\" loading=\"lazy\" decoding=\"async\" class=\"aligncenter wp-image-5446\" src=\"https:\/\/i0.wp.com\/culturesco.com\/wp-content\/uploads\/2019\/05\/Imany-Album.jpg?resize=501%2C202&#038;ssl=1\" alt=\"Imany\" width=\"501\" height=\"202\" srcset=\"https:\/\/i0.wp.com\/culturesco.com\/wp-content\/uploads\/2019\/05\/Imany-Album.jpg?resize=300%2C121&amp;ssl=1 300w, https:\/\/i0.wp.com\/culturesco.com\/wp-content\/uploads\/2019\/05\/Imany-Album.jpg?resize=768%2C309&amp;ssl=1 768w, https:\/\/i0.wp.com\/culturesco.com\/wp-content\/uploads\/2019\/05\/Imany-Album.jpg?resize=696%2C280&amp;ssl=1 696w, https:\/\/i0.wp.com\/culturesco.com\/wp-content\/uploads\/2019\/05\/Imany-Album.jpg?w=600&amp;ssl=1 600w\" sizes=\"auto, (max-width: 501px) 100vw, 501px\" \/><\/a><\/p>\n<h3>En studio<\/h3>\n<p style=\"text-align: justify;\">\u00ab<strong> Africa has the shape of a broken heart \u2026<\/strong> \u00bb, <strong>Imany<\/strong> est une chanteuse auteur\/compositeur fran\u00e7aise d\u2019origine comorienne, ces quatre \u00eeles, dont <strong>Mayotte<\/strong>, situ\u00e9es au Nord de <strong>Madagascar<\/strong> et du <strong>Mozambique<\/strong>, comme des exsudats exhal\u00e9es par le souffle d\u2019un rhinoc\u00e9ros dont la corne serait la <strong>Somalie<\/strong>. Depuis Martigues, elle entre \u00e0 l\u2019INSEP et pratique le saut en hauteur au niveau national, cat\u00e9gorie benjamin, avant d\u2019opter pour une carri\u00e8re dans le mannequinat \u00e0 la fin de l\u2019adolescence.<\/p>\n<p style=\"text-align: justify;\">Arriv\u00e9e \u00e0 <strong>New York<\/strong>, outre contractualiser avec Calvin Klein, elle d\u00e9couvre <strong>Tracy Chapman<\/strong> et <strong>Fugees<\/strong>, des artistes <strong>anglophones<\/strong> qui d\u00e9termineront le choix de la langue qui servira les paroles de ses chansons, cette <strong>somme de ressentis<\/strong> expos\u00e9s aux oreilles du Monde. Car d\u00e8s son 1er Lp : \u00ab <strong>The shape of a broken heart<\/strong> \u00bb (2011), elle sort des fronti\u00e8res qui l\u2019ont vu na\u00eetre pour <strong>charmer l\u2019international<\/strong>.<\/p>\n<h3>IMANY &#8211; Please and change<\/h3>\n<div class=\"youtube-embed\" data-video_id=\"jcvgMq7q5Pk\"><iframe loading=\"lazy\" title=\"Imany - Please and change\" width=\"696\" height=\"392\" src=\"https:\/\/www.youtube.com\/embed\/jcvgMq7q5Pk\" frameborder=\"0\" allow=\"accelerometer; autoplay; clipboard-write; encrypted-media; gyroscope; picture-in-picture; web-share\" referrerpolicy=\"strict-origin-when-cross-origin\" allowfullscreen><\/iframe><\/div>\n<p style=\"text-align: justify;\">En arabe, \u00ab <strong>imany<\/strong> \u00bb est un d\u00e9riv\u00e9 d\u2019\u00ab imane \u00bb qui signifie \u00ab<strong> Foi<\/strong> \u00bb ou \u00ab <strong>\u00e2me<\/strong> \u00bb. Et c\u2019est bien ce qui caract\u00e9rise la <strong>soul, folk<\/strong> teint\u00e9s de <strong>blues<\/strong> qui \u00ab \u00e9mane \u00bb des chansons de la Belle. Port\u00e9s par une <strong>voix velout\u00e9e<\/strong>, ancr\u00e9e dans les <strong>graves<\/strong>, ourl\u00e9e d\u2019un groove proche de celui d\u2019une <strong>Nina Simone<\/strong> ou d\u2019une <strong>Lauryn Hill<\/strong>, les titres s\u2019adressent tant aux oreilles qu\u2019aux tripes, faisant vibrer de concert les organismes dans ce qu\u2019ils ont de plus<strong> secret<\/strong>.<\/p>\n<h3>IMANY &#8211; You will never know<\/h3>\n<div class=\"youtube-embed\" data-video_id=\"QtKNgyZ-eFA\"><iframe loading=\"lazy\" title=\"Imany - You will never know\" width=\"696\" height=\"392\" src=\"https:\/\/www.youtube.com\/embed\/QtKNgyZ-eFA\" frameborder=\"0\" allow=\"accelerometer; autoplay; clipboard-write; encrypted-media; gyroscope; picture-in-picture; web-share\" referrerpolicy=\"strict-origin-when-cross-origin\" allowfullscreen><\/iframe><\/div>\n<p style=\"text-align: justify;\">Peut-on passer sous silence qu\u2019en parall\u00e8le \u00e0 son amour pour la musique, <strong>Imany<\/strong> se positionne en premi\u00e8re ligne dans le combat contre l&rsquo;<strong>endom\u00e9triose<\/strong>, sourde et douloureuse maladie circonscrite \u00e0 la gent f\u00e9minine ? Non. Car l\u2019attirance pour <strong>l\u2019artiste est indivisible de l\u2019\u00eatre<\/strong> qui la porte. Cette femme forg\u00e9e \u00e0 l\u2019effort physique, au para\u00eetre puis aux partitions, construit des exp\u00e9riences qui ont parcouru son existence.<br \/>\nImprim\u00e9e, en studio, au fond des sillons, qu\u2019en est-il de cette <strong>belle personnalit\u00e9<\/strong> derri\u00e8re un microphone sonoris\u00e9 ?<\/p>\n<h3>En concert<\/h3>\n<p><a href=\"https:\/\/i0.wp.com\/culturesco.com\/wp-content\/uploads\/2019\/05\/Imany-Billet-Live.jpg?ssl=1\"><img data-recalc-dims=\"1\" loading=\"lazy\" decoding=\"async\" class=\"aligncenter wp-image-5447\" src=\"https:\/\/i0.wp.com\/culturesco.com\/wp-content\/uploads\/2019\/05\/Imany-Billet-Live.jpg?resize=494%2C145&#038;ssl=1\" alt=\"Imany\" width=\"494\" height=\"145\" srcset=\"https:\/\/i0.wp.com\/culturesco.com\/wp-content\/uploads\/2019\/05\/Imany-Billet-Live.jpg?resize=300%2C88&amp;ssl=1 300w, https:\/\/i0.wp.com\/culturesco.com\/wp-content\/uploads\/2019\/05\/Imany-Billet-Live.jpg?resize=768%2C225&amp;ssl=1 768w, https:\/\/i0.wp.com\/culturesco.com\/wp-content\/uploads\/2019\/05\/Imany-Billet-Live.jpg?resize=696%2C204&amp;ssl=1 696w, https:\/\/i0.wp.com\/culturesco.com\/wp-content\/uploads\/2019\/05\/Imany-Billet-Live.jpg?w=600&amp;ssl=1 600w\" sizes=\"auto, (max-width: 494px) 100vw, 494px\" \/><\/a><\/p>\n<p style=\"text-align: justify;\">Live \u00e0 <strong>la Cigale<\/strong>, le 19 octobre 2011, l\u2019<strong>intimisme<\/strong> est de mise. Au contraire de la plupart des concerts o\u00f9 les interpr\u00e9tations sont souvent boost\u00e9es et acc\u00e9l\u00e9r\u00e9es afin de repousser les murs, cette prestation pr\u00f4ne la <strong>proximit\u00e9<\/strong>. Encadr\u00e9e par sept musiciens, Imany choisit l\u2019acoustique, l\u2019<strong>\u00e9lectricit\u00e9 soft<\/strong>, m\u00eame lorsqu\u2019elle rend hommage \u00e0 <strong>Janis Joplin<\/strong> en reprenant \u00ab <a href=\"https:\/\/www.youtube.com\/watch?v=Hj3uXzAjmeI\" target=\"_blank\" rel=\"noopener\">Mercedes Benz<\/a> \u00bb. Une autre cover \u00e9vidente s\u2019adjoint \u00e0 son r\u00e9pertoire : \u00ab <a href=\"https:\/\/www.youtube.com\/watch?v=aIXyKmElvv8\" target=\"_blank\" rel=\"noopener\">Ready or not<\/a> \u00bb, de <strong>Fugees<\/strong>. Par contre, la r\u00e9interpr\u00e9tation du \u00ab totem \u00bb de <strong>Queen<\/strong> : \u00ab <a href=\"https:\/\/www.youtube.com\/watch?v=fJ9rUzIMcZQ\" target=\"_blank\" rel=\"noopener\">Bohemian Rhapsody<\/a> \u00bb, est saisissante, surtout le pont op\u00e9ratique central !<\/p>\n<h3>IMANY &#8211; Bohemian Rhapsody (live)<\/h3>\n<div class=\"youtube-embed\" data-video_id=\"2w0Vz0-aqaA\"><iframe loading=\"lazy\" title=\"Imany - Bohemian Rhapsody (Olympia de Paris)\" width=\"696\" height=\"392\" src=\"https:\/\/www.youtube.com\/embed\/2w0Vz0-aqaA\" frameborder=\"0\" allow=\"accelerometer; autoplay; clipboard-write; encrypted-media; gyroscope; picture-in-picture; web-share\" referrerpolicy=\"strict-origin-when-cross-origin\" allowfullscreen><\/iframe><\/div>\n<p style=\"text-align: justify;\">En studio, peut-\u00eatre les chansons d\u2019<strong>Imany<\/strong> stationnent-elles o\u00f9 la vie leur insuffle du mouvement. Par contagion,<strong> le public s\u2019anime<\/strong>, \u00e9pouse langoureusement la forme des notes alors que se tresse l\u2019ADN d\u2019une union r\u00e9ussie. Plus visc\u00e9rale que la jazzy <a href=\"https:\/\/www.youtube.com\/watch?v=9e5qNUd6gBA&amp;list=PLPT2ybbCaDoI6aJ3gWJeSqsAcA1PjZ9dk\" target=\"_blank\" rel=\"noopener\"><strong>Norah Jones<\/strong><\/a> sept ans plus t\u00f4t au Palais de Congr\u00e8s, moins \u00e9clectique que <a href=\"https:\/\/www.youtube.com\/watch?v=gloZCijhyQA&amp;list=PLT-QMFIuD89qgewTSVD2B0ovHQgrms4H0\" target=\"_blank\" rel=\"noopener\"><strong>Vanessa Paradis<\/strong><\/a> au Casino de Paris deux ans plus tard, Imany suit son c\u0153ur qui, contrairement aux contours du continent africain \u00e9voqu\u00e9 dans : \u00ab <strong>The shape of a broken heart<\/strong> \u00bb, bat dans son enti\u00e8ret\u00e9.<br \/>\nAmateurs de rock : Imany live ? Une histoire de <strong>rock-c\u0153ur<\/strong> \u2026<\/p>\n<h3>IMANY &#8211; Shape of a broken heart (live)<\/h3>\n<div class=\"youtube-embed\" data-video_id=\"w02sYfD9YWY\"><iframe loading=\"lazy\" title=\"IMANY @TEDDY AWARD 2013 performing &quot;Shape Of A Broken Heart&quot;\" width=\"696\" height=\"392\" src=\"https:\/\/www.youtube.com\/embed\/w02sYfD9YWY\" frameborder=\"0\" allow=\"accelerometer; autoplay; clipboard-write; encrypted-media; gyroscope; picture-in-picture; web-share\" referrerpolicy=\"strict-origin-when-cross-origin\" allowfullscreen><\/iframe><\/div>\n<p>Thierry Dauge<\/p>\n","protected":false},"excerpt":{"rendered":"<p>IMANY &#8211; \u00ab\u00a0Africa has the shape of a broken heart &#8230;\u00a0\u00bb En studio \u00ab Africa has the shape of a broken heart \u2026 \u00bb, Imany est une chanteuse auteur\/compositeur fran\u00e7aise d\u2019origine comorienne, ces quatre \u00eeles, dont Mayotte, situ\u00e9es au Nord de Madagascar et du Mozambique, comme des exsudats exhal\u00e9es par le souffle d\u2019un rhinoc\u00e9ros dont [&hellip;]<\/p>\n","protected":false},"author":3,"featured_media":5448,"comment_status":"closed","ping_status":"closed","sticky":false,"template":"","format":"standard","meta":{"jetpack_post_was_ever_published":false,"tdm_status":"","tdm_grid_status":"","_jetpack_newsletter_access":"","_jetpack_dont_email_post_to_subs":false,"_jetpack_newsletter_tier_id":0,"_jetpack_memberships_contains_paywalled_content":false,"_jetpack_memberships_contains_paid_content":false,"footnotes":""},"categories":[17,36],"tags":[72],"class_list":{"0":"post-5445","1":"post","2":"type-post","3":"status-publish","4":"format-standard","5":"has-post-thumbnail","7":"category-carotte-rock-cultures","8":"category-groupes-rock-daujourdhui","9":"tag-artiste-folk"},"yoast_head":"<!-- This site is optimized with the Yoast SEO plugin v27.5 - https:\/\/yoast.com\/product\/yoast-seo-wordpress\/ -->\n<title>IMANY - Une chanteuse \u00e0 c\u0153ur et \u00e0 corps - Culturesco<\/title>\n<meta name=\"description\" content=\"CulturesCo | IMANY \u2013 Une chanteuse \u00e0 c\u0153ur et \u00e0 corps | Biographie et Live Report \u00e0 la Cigale en 2011 : The shape of a broken heart\" \/>\n<meta name=\"robots\" content=\"index, follow, max-snippet:-1, max-image-preview:large, max-video-preview:-1\" \/>\n<link rel=\"canonical\" href=\"https:\/\/culturesco.com\/index.php\/2019\/05\/07\/imany-une-chanteuse-a-coeur-et-a-corps\/\" \/>\n<meta property=\"og:locale\" content=\"fr_FR\" \/>\n<meta property=\"og:type\" content=\"article\" \/>\n<meta property=\"og:title\" content=\"IMANY - Une chanteuse \u00e0 c\u0153ur et \u00e0 corps - Culturesco\" \/>\n<meta property=\"og:description\" content=\"CulturesCo | IMANY \u2013 Une chanteuse \u00e0 c\u0153ur et \u00e0 corps | Biographie et Live Report \u00e0 la Cigale en 2011 : The shape of a broken heart\" \/>\n<meta property=\"og:url\" content=\"https:\/\/culturesco.com\/index.php\/2019\/05\/07\/imany-une-chanteuse-a-coeur-et-a-corps\/\" \/>\n<meta property=\"og:site_name\" content=\"Culturesco\" \/>\n<meta property=\"article:publisher\" content=\"https:\/\/www.facebook.com\/radioculturesco\" \/>\n<meta property=\"article:published_time\" content=\"2019-05-07T20:54:32+00:00\" \/>\n<meta property=\"article:modified_time\" content=\"2019-05-07T21:23:44+00:00\" \/>\n<meta property=\"og:image\" content=\"https:\/\/i1.wp.com\/culturesco.com\/wp-content\/uploads\/2019\/05\/Imany-Front.jpg?fit=600%2C308&ssl=1\" \/>\n\t<meta property=\"og:image:width\" content=\"600\" \/>\n\t<meta property=\"og:image:height\" content=\"308\" \/>\n\t<meta property=\"og:image:type\" content=\"image\/jpeg\" \/>\n<meta name=\"author\" content=\"Thierry Dauge\" \/>\n<meta name=\"twitter:card\" content=\"summary_large_image\" \/>\n<meta name=\"twitter:creator\" content=\"@AugusteMarshal\" \/>\n<meta name=\"twitter:site\" content=\"@AugusteMarshal\" \/>\n<meta name=\"twitter:label1\" content=\"\u00c9crit par\" \/>\n\t<meta name=\"twitter:data1\" content=\"Thierry Dauge\" \/>\n\t<meta name=\"twitter:label2\" content=\"Dur\u00e9e de lecture estim\u00e9e\" \/>\n\t<meta name=\"twitter:data2\" content=\"3 minutes\" \/>\n<script type=\"application\/ld+json\" class=\"yoast-schema-graph\">{\"@context\":\"https:\\\/\\\/schema.org\",\"@graph\":[{\"@type\":\"Article\",\"@id\":\"https:\\\/\\\/culturesco.com\\\/index.php\\\/2019\\\/05\\\/07\\\/imany-une-chanteuse-a-coeur-et-a-corps\\\/#article\",\"isPartOf\":{\"@id\":\"https:\\\/\\\/culturesco.com\\\/index.php\\\/2019\\\/05\\\/07\\\/imany-une-chanteuse-a-coeur-et-a-corps\\\/\"},\"author\":{\"name\":\"Thierry Dauge\",\"@id\":\"https:\\\/\\\/culturesco.com\\\/#\\\/schema\\\/person\\\/19f04cf232d246197f6e7d62abe6cb0e\"},\"headline\":\"IMANY &#8211; Une chanteuse \u00e0 c\u0153ur et \u00e0 corps\",\"datePublished\":\"2019-05-07T20:54:32+00:00\",\"dateModified\":\"2019-05-07T21:23:44+00:00\",\"mainEntityOfPage\":{\"@id\":\"https:\\\/\\\/culturesco.com\\\/index.php\\\/2019\\\/05\\\/07\\\/imany-une-chanteuse-a-coeur-et-a-corps\\\/\"},\"wordCount\":623,\"publisher\":{\"@id\":\"https:\\\/\\\/culturesco.com\\\/#organization\"},\"image\":{\"@id\":\"https:\\\/\\\/culturesco.com\\\/index.php\\\/2019\\\/05\\\/07\\\/imany-une-chanteuse-a-coeur-et-a-corps\\\/#primaryimage\"},\"thumbnailUrl\":\"https:\\\/\\\/i0.wp.com\\\/culturesco.com\\\/wp-content\\\/uploads\\\/2019\\\/05\\\/Imany-Front.jpg?fit=600%2C308&ssl=1\",\"keywords\":[\"Artiste Folk\"],\"articleSection\":[\"Carotte Rock Cultures\",\"Groupes rock d'aujourd'hui\"],\"inLanguage\":\"fr-FR\"},{\"@type\":\"WebPage\",\"@id\":\"https:\\\/\\\/culturesco.com\\\/index.php\\\/2019\\\/05\\\/07\\\/imany-une-chanteuse-a-coeur-et-a-corps\\\/\",\"url\":\"https:\\\/\\\/culturesco.com\\\/index.php\\\/2019\\\/05\\\/07\\\/imany-une-chanteuse-a-coeur-et-a-corps\\\/\",\"name\":\"IMANY - Une chanteuse \u00e0 c\u0153ur et \u00e0 corps - Culturesco\",\"isPartOf\":{\"@id\":\"https:\\\/\\\/culturesco.com\\\/#website\"},\"primaryImageOfPage\":{\"@id\":\"https:\\\/\\\/culturesco.com\\\/index.php\\\/2019\\\/05\\\/07\\\/imany-une-chanteuse-a-coeur-et-a-corps\\\/#primaryimage\"},\"image\":{\"@id\":\"https:\\\/\\\/culturesco.com\\\/index.php\\\/2019\\\/05\\\/07\\\/imany-une-chanteuse-a-coeur-et-a-corps\\\/#primaryimage\"},\"thumbnailUrl\":\"https:\\\/\\\/i0.wp.com\\\/culturesco.com\\\/wp-content\\\/uploads\\\/2019\\\/05\\\/Imany-Front.jpg?fit=600%2C308&ssl=1\",\"datePublished\":\"2019-05-07T20:54:32+00:00\",\"dateModified\":\"2019-05-07T21:23:44+00:00\",\"description\":\"CulturesCo | IMANY \u2013 Une chanteuse \u00e0 c\u0153ur et \u00e0 corps | Biographie et Live Report \u00e0 la Cigale en 2011 : The shape of a broken heart\",\"breadcrumb\":{\"@id\":\"https:\\\/\\\/culturesco.com\\\/index.php\\\/2019\\\/05\\\/07\\\/imany-une-chanteuse-a-coeur-et-a-corps\\\/#breadcrumb\"},\"inLanguage\":\"fr-FR\",\"potentialAction\":[{\"@type\":\"ReadAction\",\"target\":[\"https:\\\/\\\/culturesco.com\\\/index.php\\\/2019\\\/05\\\/07\\\/imany-une-chanteuse-a-coeur-et-a-corps\\\/\"]}]},{\"@type\":\"ImageObject\",\"inLanguage\":\"fr-FR\",\"@id\":\"https:\\\/\\\/culturesco.com\\\/index.php\\\/2019\\\/05\\\/07\\\/imany-une-chanteuse-a-coeur-et-a-corps\\\/#primaryimage\",\"url\":\"https:\\\/\\\/i0.wp.com\\\/culturesco.com\\\/wp-content\\\/uploads\\\/2019\\\/05\\\/Imany-Front.jpg?fit=600%2C308&ssl=1\",\"contentUrl\":\"https:\\\/\\\/i0.wp.com\\\/culturesco.com\\\/wp-content\\\/uploads\\\/2019\\\/05\\\/Imany-Front.jpg?fit=600%2C308&ssl=1\",\"width\":600,\"height\":308},{\"@type\":\"BreadcrumbList\",\"@id\":\"https:\\\/\\\/culturesco.com\\\/index.php\\\/2019\\\/05\\\/07\\\/imany-une-chanteuse-a-coeur-et-a-corps\\\/#breadcrumb\",\"itemListElement\":[{\"@type\":\"ListItem\",\"position\":1,\"name\":\"Accueil\",\"item\":\"https:\\\/\\\/culturesco.com\\\/\"},{\"@type\":\"ListItem\",\"position\":2,\"name\":\"IMANY &#8211; Une chanteuse \u00e0 c\u0153ur et \u00e0 corps\"}]},{\"@type\":\"WebSite\",\"@id\":\"https:\\\/\\\/culturesco.com\\\/#website\",\"url\":\"https:\\\/\\\/culturesco.com\\\/\",\"name\":\"Culturesco\",\"description\":\"Culturesco | Un bon coup de pied dans ta Culture\",\"publisher\":{\"@id\":\"https:\\\/\\\/culturesco.com\\\/#organization\"},\"potentialAction\":[{\"@type\":\"SearchAction\",\"target\":{\"@type\":\"EntryPoint\",\"urlTemplate\":\"https:\\\/\\\/culturesco.com\\\/?s={search_term_string}\"},\"query-input\":{\"@type\":\"PropertyValueSpecification\",\"valueRequired\":true,\"valueName\":\"search_term_string\"}}],\"inLanguage\":\"fr-FR\"},{\"@type\":\"Organization\",\"@id\":\"https:\\\/\\\/culturesco.com\\\/#organization\",\"name\":\"CULTURESCO\",\"url\":\"https:\\\/\\\/culturesco.com\\\/\",\"logo\":{\"@type\":\"ImageObject\",\"inLanguage\":\"fr-FR\",\"@id\":\"https:\\\/\\\/culturesco.com\\\/#\\\/schema\\\/logo\\\/image\\\/\",\"url\":\"https:\\\/\\\/i0.wp.com\\\/culturesco.com\\\/wp-content\\\/uploads\\\/2022\\\/04\\\/culturesco-logo-blanc250p.png?fit=250%2C250&ssl=1\",\"contentUrl\":\"https:\\\/\\\/i0.wp.com\\\/culturesco.com\\\/wp-content\\\/uploads\\\/2022\\\/04\\\/culturesco-logo-blanc250p.png?fit=250%2C250&ssl=1\",\"width\":250,\"height\":250,\"caption\":\"CULTURESCO\"},\"image\":{\"@id\":\"https:\\\/\\\/culturesco.com\\\/#\\\/schema\\\/logo\\\/image\\\/\"},\"sameAs\":[\"https:\\\/\\\/www.facebook.com\\\/radioculturesco\",\"https:\\\/\\\/x.com\\\/AugusteMarshal\",\"https:\\\/\\\/www.instagram.com\\\/carotte_rock_culture\\\/\",\"https:\\\/\\\/www.pinterest.fr\\\/augustemarshal\\\/\",\"https:\\\/\\\/www.youtube.com\\\/channel\\\/UCiWLGffqWSXlNnfzp6YwwyQ\"]},{\"@type\":\"Person\",\"@id\":\"https:\\\/\\\/culturesco.com\\\/#\\\/schema\\\/person\\\/19f04cf232d246197f6e7d62abe6cb0e\",\"name\":\"Thierry Dauge\",\"image\":{\"@type\":\"ImageObject\",\"inLanguage\":\"fr-FR\",\"@id\":\"https:\\\/\\\/i0.wp.com\\\/culturesco.com\\\/wp-content\\\/uploads\\\/2018\\\/12\\\/Black-Beauty-and-me.jpg?fit=96%2C96&ssl=1\",\"url\":\"https:\\\/\\\/i0.wp.com\\\/culturesco.com\\\/wp-content\\\/uploads\\\/2018\\\/12\\\/Black-Beauty-and-me.jpg?fit=96%2C96&ssl=1\",\"contentUrl\":\"https:\\\/\\\/i0.wp.com\\\/culturesco.com\\\/wp-content\\\/uploads\\\/2018\\\/12\\\/Black-Beauty-and-me.jpg?fit=96%2C96&ssl=1\",\"caption\":\"Thierry Dauge\"},\"description\":\"Amoureux des 70\u2019s et du hard rock en particulier, Thierry Dauge est chroniqueur sur Culturesco par amour de l\u2019\u00e9criture musicale. Co-auteur du livre\\\"Pop rock - Les instruments de l'ombre\\\" aux \u00e9ditions du Camion Blanc, collaborateur de Vivi pour \\\"Mes Ann\u00e9es Trust\\\", auteur de \\\"Sparks\\\" aux \u00e9ditions du Layeur, parce que le rock est loin d'\u00eatre mort ...\",\"url\":\"https:\\\/\\\/culturesco.com\\\/index.php\\\/author\\\/thierry-dauge888\\\/\"}]}<\/script>\n<!-- \/ Yoast SEO plugin. -->","yoast_head_json":{"title":"IMANY - Une chanteuse \u00e0 c\u0153ur et \u00e0 corps - Culturesco","description":"CulturesCo | IMANY \u2013 Une chanteuse \u00e0 c\u0153ur et \u00e0 corps | Biographie et Live Report \u00e0 la Cigale en 2011 : The shape of a broken heart","robots":{"index":"index","follow":"follow","max-snippet":"max-snippet:-1","max-image-preview":"max-image-preview:large","max-video-preview":"max-video-preview:-1"},"canonical":"https:\/\/culturesco.com\/index.php\/2019\/05\/07\/imany-une-chanteuse-a-coeur-et-a-corps\/","og_locale":"fr_FR","og_type":"article","og_title":"IMANY - Une chanteuse \u00e0 c\u0153ur et \u00e0 corps - Culturesco","og_description":"CulturesCo | IMANY \u2013 Une chanteuse \u00e0 c\u0153ur et \u00e0 corps | Biographie et Live Report \u00e0 la Cigale en 2011 : The shape of a broken heart","og_url":"https:\/\/culturesco.com\/index.php\/2019\/05\/07\/imany-une-chanteuse-a-coeur-et-a-corps\/","og_site_name":"Culturesco","article_publisher":"https:\/\/www.facebook.com\/radioculturesco","article_published_time":"2019-05-07T20:54:32+00:00","article_modified_time":"2019-05-07T21:23:44+00:00","og_image":[{"width":600,"height":308,"url":"https:\/\/i1.wp.com\/culturesco.com\/wp-content\/uploads\/2019\/05\/Imany-Front.jpg?fit=600%2C308&ssl=1","type":"image\/jpeg"}],"author":"Thierry Dauge","twitter_card":"summary_large_image","twitter_creator":"@AugusteMarshal","twitter_site":"@AugusteMarshal","twitter_misc":{"\u00c9crit par":"Thierry Dauge","Dur\u00e9e de lecture estim\u00e9e":"3 minutes"},"schema":{"@context":"https:\/\/schema.org","@graph":[{"@type":"Article","@id":"https:\/\/culturesco.com\/index.php\/2019\/05\/07\/imany-une-chanteuse-a-coeur-et-a-corps\/#article","isPartOf":{"@id":"https:\/\/culturesco.com\/index.php\/2019\/05\/07\/imany-une-chanteuse-a-coeur-et-a-corps\/"},"author":{"name":"Thierry Dauge","@id":"https:\/\/culturesco.com\/#\/schema\/person\/19f04cf232d246197f6e7d62abe6cb0e"},"headline":"IMANY &#8211; Une chanteuse \u00e0 c\u0153ur et \u00e0 corps","datePublished":"2019-05-07T20:54:32+00:00","dateModified":"2019-05-07T21:23:44+00:00","mainEntityOfPage":{"@id":"https:\/\/culturesco.com\/index.php\/2019\/05\/07\/imany-une-chanteuse-a-coeur-et-a-corps\/"},"wordCount":623,"publisher":{"@id":"https:\/\/culturesco.com\/#organization"},"image":{"@id":"https:\/\/culturesco.com\/index.php\/2019\/05\/07\/imany-une-chanteuse-a-coeur-et-a-corps\/#primaryimage"},"thumbnailUrl":"https:\/\/i0.wp.com\/culturesco.com\/wp-content\/uploads\/2019\/05\/Imany-Front.jpg?fit=600%2C308&ssl=1","keywords":["Artiste Folk"],"articleSection":["Carotte Rock Cultures","Groupes rock d'aujourd'hui"],"inLanguage":"fr-FR"},{"@type":"WebPage","@id":"https:\/\/culturesco.com\/index.php\/2019\/05\/07\/imany-une-chanteuse-a-coeur-et-a-corps\/","url":"https:\/\/culturesco.com\/index.php\/2019\/05\/07\/imany-une-chanteuse-a-coeur-et-a-corps\/","name":"IMANY - Une chanteuse \u00e0 c\u0153ur et \u00e0 corps - Culturesco","isPartOf":{"@id":"https:\/\/culturesco.com\/#website"},"primaryImageOfPage":{"@id":"https:\/\/culturesco.com\/index.php\/2019\/05\/07\/imany-une-chanteuse-a-coeur-et-a-corps\/#primaryimage"},"image":{"@id":"https:\/\/culturesco.com\/index.php\/2019\/05\/07\/imany-une-chanteuse-a-coeur-et-a-corps\/#primaryimage"},"thumbnailUrl":"https:\/\/i0.wp.com\/culturesco.com\/wp-content\/uploads\/2019\/05\/Imany-Front.jpg?fit=600%2C308&ssl=1","datePublished":"2019-05-07T20:54:32+00:00","dateModified":"2019-05-07T21:23:44+00:00","description":"CulturesCo | IMANY \u2013 Une chanteuse \u00e0 c\u0153ur et \u00e0 corps | Biographie et Live Report \u00e0 la Cigale en 2011 : The shape of a broken heart","breadcrumb":{"@id":"https:\/\/culturesco.com\/index.php\/2019\/05\/07\/imany-une-chanteuse-a-coeur-et-a-corps\/#breadcrumb"},"inLanguage":"fr-FR","potentialAction":[{"@type":"ReadAction","target":["https:\/\/culturesco.com\/index.php\/2019\/05\/07\/imany-une-chanteuse-a-coeur-et-a-corps\/"]}]},{"@type":"ImageObject","inLanguage":"fr-FR","@id":"https:\/\/culturesco.com\/index.php\/2019\/05\/07\/imany-une-chanteuse-a-coeur-et-a-corps\/#primaryimage","url":"https:\/\/i0.wp.com\/culturesco.com\/wp-content\/uploads\/2019\/05\/Imany-Front.jpg?fit=600%2C308&ssl=1","contentUrl":"https:\/\/i0.wp.com\/culturesco.com\/wp-content\/uploads\/2019\/05\/Imany-Front.jpg?fit=600%2C308&ssl=1","width":600,"height":308},{"@type":"BreadcrumbList","@id":"https:\/\/culturesco.com\/index.php\/2019\/05\/07\/imany-une-chanteuse-a-coeur-et-a-corps\/#breadcrumb","itemListElement":[{"@type":"ListItem","position":1,"name":"Accueil","item":"https:\/\/culturesco.com\/"},{"@type":"ListItem","position":2,"name":"IMANY &#8211; Une chanteuse \u00e0 c\u0153ur et \u00e0 corps"}]},{"@type":"WebSite","@id":"https:\/\/culturesco.com\/#website","url":"https:\/\/culturesco.com\/","name":"Culturesco","description":"Culturesco | Un bon coup de pied dans ta Culture","publisher":{"@id":"https:\/\/culturesco.com\/#organization"},"potentialAction":[{"@type":"SearchAction","target":{"@type":"EntryPoint","urlTemplate":"https:\/\/culturesco.com\/?s={search_term_string}"},"query-input":{"@type":"PropertyValueSpecification","valueRequired":true,"valueName":"search_term_string"}}],"inLanguage":"fr-FR"},{"@type":"Organization","@id":"https:\/\/culturesco.com\/#organization","name":"CULTURESCO","url":"https:\/\/culturesco.com\/","logo":{"@type":"ImageObject","inLanguage":"fr-FR","@id":"https:\/\/culturesco.com\/#\/schema\/logo\/image\/","url":"https:\/\/i0.wp.com\/culturesco.com\/wp-content\/uploads\/2022\/04\/culturesco-logo-blanc250p.png?fit=250%2C250&ssl=1","contentUrl":"https:\/\/i0.wp.com\/culturesco.com\/wp-content\/uploads\/2022\/04\/culturesco-logo-blanc250p.png?fit=250%2C250&ssl=1","width":250,"height":250,"caption":"CULTURESCO"},"image":{"@id":"https:\/\/culturesco.com\/#\/schema\/logo\/image\/"},"sameAs":["https:\/\/www.facebook.com\/radioculturesco","https:\/\/x.com\/AugusteMarshal","https:\/\/www.instagram.com\/carotte_rock_culture\/","https:\/\/www.pinterest.fr\/augustemarshal\/","https:\/\/www.youtube.com\/channel\/UCiWLGffqWSXlNnfzp6YwwyQ"]},{"@type":"Person","@id":"https:\/\/culturesco.com\/#\/schema\/person\/19f04cf232d246197f6e7d62abe6cb0e","name":"Thierry Dauge","image":{"@type":"ImageObject","inLanguage":"fr-FR","@id":"https:\/\/i0.wp.com\/culturesco.com\/wp-content\/uploads\/2018\/12\/Black-Beauty-and-me.jpg?fit=96%2C96&ssl=1","url":"https:\/\/i0.wp.com\/culturesco.com\/wp-content\/uploads\/2018\/12\/Black-Beauty-and-me.jpg?fit=96%2C96&ssl=1","contentUrl":"https:\/\/i0.wp.com\/culturesco.com\/wp-content\/uploads\/2018\/12\/Black-Beauty-and-me.jpg?fit=96%2C96&ssl=1","caption":"Thierry Dauge"},"description":"Amoureux des 70\u2019s et du hard rock en particulier, Thierry Dauge est chroniqueur sur Culturesco par amour de l\u2019\u00e9criture musicale. Co-auteur du livre\"Pop rock - Les instruments de l'ombre\" aux \u00e9ditions du Camion Blanc, collaborateur de Vivi pour \"Mes Ann\u00e9es Trust\", auteur de \"Sparks\" aux \u00e9ditions du Layeur, parce que le rock est loin d'\u00eatre mort ...","url":"https:\/\/culturesco.com\/index.php\/author\/thierry-dauge888\/"}]}},"jetpack_featured_media_url":"https:\/\/i0.wp.com\/culturesco.com\/wp-content\/uploads\/2019\/05\/Imany-Front.jpg?fit=600%2C308&ssl=1","jetpack_likes_enabled":true,"jetpack_sharing_enabled":true,"jetpack_shortlink":"https:\/\/wp.me\/paz89I-1pP","_links":{"self":[{"href":"https:\/\/culturesco.com\/index.php\/wp-json\/wp\/v2\/posts\/5445","targetHints":{"allow":["GET"]}}],"collection":[{"href":"https:\/\/culturesco.com\/index.php\/wp-json\/wp\/v2\/posts"}],"about":[{"href":"https:\/\/culturesco.com\/index.php\/wp-json\/wp\/v2\/types\/post"}],"author":[{"embeddable":true,"href":"https:\/\/culturesco.com\/index.php\/wp-json\/wp\/v2\/users\/3"}],"replies":[{"embeddable":true,"href":"https:\/\/culturesco.com\/index.php\/wp-json\/wp\/v2\/comments?post=5445"}],"version-history":[{"count":0,"href":"https:\/\/culturesco.com\/index.php\/wp-json\/wp\/v2\/posts\/5445\/revisions"}],"wp:featuredmedia":[{"embeddable":true,"href":"https:\/\/culturesco.com\/index.php\/wp-json\/wp\/v2\/media\/5448"}],"wp:attachment":[{"href":"https:\/\/culturesco.com\/index.php\/wp-json\/wp\/v2\/media?parent=5445"}],"wp:term":[{"taxonomy":"category","embeddable":true,"href":"https:\/\/culturesco.com\/index.php\/wp-json\/wp\/v2\/categories?post=5445"},{"taxonomy":"post_tag","embeddable":true,"href":"https:\/\/culturesco.com\/index.php\/wp-json\/wp\/v2\/tags?post=5445"}],"curies":[{"name":"wp","href":"https:\/\/api.w.org\/{rel}","templated":true}]}}