{"id":5372,"date":"2019-05-05T10:00:18","date_gmt":"2019-05-05T08:00:18","guid":{"rendered":"https:\/\/culturesco.com\/?p=5372"},"modified":"2019-11-19T18:59:26","modified_gmt":"2019-11-19T17:59:26","slug":"marlene-dietrich-et-lili-marlene","status":"publish","type":"post","link":"https:\/\/culturesco.com\/index.php\/2019\/05\/05\/marlene-dietrich-et-lili-marlene\/","title":{"rendered":"Marlene Dietrich et Lili Marlene&#8230; histoire d&rsquo;une chanson"},"content":{"rendered":"<h2>Sa version n\u2019\u00e9tait pas la premi\u00e8re\u00a0!<\/h2>\n<figure id=\"attachment_5376\" aria-describedby=\"caption-attachment-5376\" style=\"width: 154px\" class=\"wp-caption aligncenter\"><img data-recalc-dims=\"1\" loading=\"lazy\" decoding=\"async\" class=\"wp-image-5376 size-full\" src=\"https:\/\/i0.wp.com\/culturesco.com\/wp-content\/uploads\/2019\/05\/ob_b9a023_ss.jpg?resize=154%2C304&#038;ssl=1\" alt=\"Marlene DIETRICH\" width=\"154\" height=\"304\" srcset=\"https:\/\/i0.wp.com\/culturesco.com\/wp-content\/uploads\/2019\/05\/ob_b9a023_ss.jpg?w=154&amp;ssl=1 154w, https:\/\/i0.wp.com\/culturesco.com\/wp-content\/uploads\/2019\/05\/ob_b9a023_ss.jpg?resize=152%2C300&amp;ssl=1 152w\" sizes=\"auto, (max-width: 154px) 100vw, 154px\" \/><figcaption id=\"caption-attachment-5376\" class=\"wp-caption-text\">Marlene DIETRICH<\/figcaption><\/figure>\n<p style=\"text-align: justify;\">\u00ab\u00a0Lili Marlene\u00a0\u00bb, c&rsquo;est la plainte du soldat sur le front. Impuissant, clou\u00e9 face \u00e0 l&rsquo;ennemi, tandis que la femme de ses pens\u00e9es est avec un autre homme. Face \u00e0 la mort, et, pire encore, d\u00e9chir\u00e9 par l&rsquo;id\u00e9e de ne plus jamais revoir Lili, il se souvient de leur premi\u00e8re rencontre, sa beaut\u00e9, son visage \u00e0 la lueur d&rsquo;une lampe, leurs ombres qui se joignent et se touchent, sugg\u00e9rant de futures \u00e9treintes.<\/p>\n<h3>Qui est Marlene Dietrich ?<\/h3>\n<p style=\"text-align: justify;\">Maria Magdalena Von Losch est n\u00e9e en 1901 \u00e0 Berlin (elle tourne d&rsquo;ailleurs dans <strong>La Scandaleuse de Berlin<\/strong> en 1948). Histoire d\u2019amour et de d\u00e9samour avec sa ville natale&#8230; D\u00e9cid\u00e9e \u00e0 retourner y vivre en 1960, l\u2019accueil y fut glacial voire hostile, raison pour laquelle elle choisit Paris pour finir sa vie (1992).<\/p>\n<figure id=\"attachment_5377\" aria-describedby=\"caption-attachment-5377\" style=\"width: 225px\" class=\"wp-caption aligncenter\"><img data-recalc-dims=\"1\" loading=\"lazy\" decoding=\"async\" class=\"size-medium wp-image-5377\" src=\"https:\/\/i0.wp.com\/culturesco.com\/wp-content\/uploads\/2019\/05\/Marlene-DIETRICH.jpg?resize=225%2C300&#038;ssl=1\" alt=\"Marlene DIETRICH\" width=\"225\" height=\"300\" srcset=\"https:\/\/i0.wp.com\/culturesco.com\/wp-content\/uploads\/2019\/05\/Marlene-DIETRICH.jpg?resize=225%2C300&amp;ssl=1 225w, https:\/\/i0.wp.com\/culturesco.com\/wp-content\/uploads\/2019\/05\/Marlene-DIETRICH.jpg?resize=470%2C627&amp;ssl=1 470w, https:\/\/i0.wp.com\/culturesco.com\/wp-content\/uploads\/2019\/05\/Marlene-DIETRICH.jpg?resize=315%2C420&amp;ssl=1 315w, https:\/\/i0.wp.com\/culturesco.com\/wp-content\/uploads\/2019\/05\/Marlene-DIETRICH.jpg?w=450&amp;ssl=1 450w\" sizes=\"auto, (max-width: 225px) 100vw, 225px\" \/><figcaption id=\"caption-attachment-5377\" class=\"wp-caption-text\">Marlene DIETRICH<\/figcaption><\/figure>\n<h3>\u00ab\u00a0Son nom commence par une caresse et finit comme un claquement de fouet\u00a0\u00bb (Jean Cocteau)<\/h3>\n<p style=\"text-align: justify;\">Sa place dans la longue liste des chanteuses \u00e9trang\u00e8res qui ont chant\u00e9 en fran\u00e7ais se justifie par la qualit\u00e9 de ces chansons. (<em>Quand l&rsquo;amour meurt<\/em>, 1931&#8230;<em> Assez!<\/em> et <em>Moi j&rsquo;m&rsquo;ennuie<\/em> en 1933&#8230; <em>Symphonie<\/em> en 1945&#8230; <em>Je tire ma r\u00e9v\u00e9rence.<\/em>\u00a0Et, sur des paroles de sa grande amie Edith Piaf, <em>La vie en rose<\/em>, qu&rsquo;elle interpr\u00e8te en 1950 dans <strong>Le grand alibi<\/strong>, film d&rsquo;Alfred Hitchcock).<\/p>\n<p style=\"text-align: justify;\">Ayant rejet\u00e9 l&rsquo;Allemagne nazie, elle obtient la nationalit\u00e9 am\u00e9ricaine en janvier 1941. La CIA lui propose de chanter pour les soldats. Pendant trois ans, elle parcourt les champs de bataille en jeep, \u00e0 moto ou m\u00eame \u00e0 pied sous le feu des projectiles. Elle recevra d&rsquo;ailleurs la m\u00e9daille de la L\u00e9gion d&rsquo;Honneur en 1951. Et ce, en remerciement des services rendus \u00e0 la France et \u00e0 sa participation \u00e0 de nombreuses \u0153uvres sociales .<\/p>\n<h3>Lili Marlene<\/h3>\n<p style=\"text-align: justify;\">En souvenir des ann\u00e9es de conflit et de son implication, Marlene conserve <em>Lili Marle<\/em>ne \u00e0 son tour de chant, une chanson tellement attach\u00e9e \u00e0 sa forte personnalit\u00e9 que bien peu d&rsquo;artistes se risqueront \u00e0 la reprendre pour leur compte (Connie Francis, Amanda Lear\u2026 pr\u00e9c\u00e9d\u00e9es par Suzy Solidor qui en d\u00e9livra une version <strong>en fran\u00e7ais<\/strong> qui servira de g\u00e9n\u00e9rique \u00e0 Fernsehsender Paris, la cha\u00eene exp\u00e9rimentale de t\u00e9l\u00e9vision fran\u00e7aise sous l&rsquo;occupation, directement destin\u00e9e aux soldats allemands en convalescence \u00e0 Paris).<\/p>\n<h3>La version de Dietrich n\u2019\u00e9tait pas la premi\u00e8re !<\/h3>\n<p style=\"text-align: justify;\">La beaut\u00e9 d&rsquo;une chanson, c&rsquo;est capital pour en faire un succ\u00e8s&#8230; Mais la qualit\u00e9 de l&rsquo;interpr\u00e9tation a son mot \u00e0 dire. Un c\u00e9l\u00e8bre critique avait d\u00e9cr\u00e9t\u00e9 que Marlene Dietrich \u00e9tait la seule artiste capable de donner \u00e0 une chanson \u00e9rotique des allures de comptine! Dans ces conditions, il n&rsquo;est pas \u00e9tonnant que nul n&rsquo;ait retenu la version originale. Il s&rsquo;ag\u00eet de celle enregistr\u00e9e par la vedette de cabaret <strong>Lale Anderson<\/strong> en <strong>1939<\/strong> sous le titre l\u00e9g\u00e8rement diff\u00e9rent de<strong> Lili Marleen<\/strong>. Tout le monde reste persuad\u00e9 que cette chanson fut cr\u00e9\u00e9e par Marlene. Or, si la m\u00e9lodie de <em>Lili Marleen<\/em> remonte effectivement \u00e0 1939, ses paroles furent \u00e9crites en 1915. A cette \u00e9poque Marlene n\u2019avait que 14 ans. Elle \u00e9tait totalement inconnue!<\/p>\n<p style=\"text-align: justify;\">D\u00e9couvrez \u00e0 travers nos liens les diff\u00e9rentes versions\u2026<\/p>\n<ul>\n<li><a href=\"https:\/\/www.youtube.com\/watch?v=TNMUh3UlL7s\">La version de Marlene<\/a><\/li>\n<li>celle de <a href=\"https:\/\/www.youtube.com\/watch?v=8btnYYDbkqQ\">Lale Andersen<\/a><\/li>\n<li>celle de <a href=\"https:\/\/www.youtube.com\/watch?v=UEnQFJQM3D4\">Suzy Solidor<\/a><\/li>\n<li>l&rsquo;interpr\u00e9tation ridicule,\u00a0d&rsquo;\u00a0<a href=\"https:\/\/www.youtube.com\/watch?v=EoWF3_k4sB0\">Amanda Lear<\/a><\/li>\n<li>et enfin une dont nous ignorons le nom de l&rsquo;interpr\u00e8te mais dont <a href=\"https:\/\/www.youtube.com\/watch?v=Q8opmDNY18g\">l&rsquo;int\u00e9r\u00eat du clip<\/a> r\u00e9side dans les images d&rsquo;\u00e9poque<\/li>\n<\/ul>\n<p>A d\u00e9couvrir \u00e9galement : <a href=\"https:\/\/culturesco.com\/index.php\/2019\/07\/13\/lincendie-du-grand-bazar-de-la-charite-1897\/\" target=\"_blank\" rel=\"noopener noreferrer\">L\u2019incendie du Grand Bazar de la Charit\u00e9 (1897)<\/a><\/p>\n","protected":false},"excerpt":{"rendered":"<p>Sa version n\u2019\u00e9tait pas la premi\u00e8re\u00a0! \u00ab\u00a0Lili Marlene\u00a0\u00bb, c&rsquo;est la plainte du soldat sur le front. Impuissant, clou\u00e9 face \u00e0 l&rsquo;ennemi, tandis que la femme de ses pens\u00e9es est avec un autre homme. Face \u00e0 la mort, et, pire encore, d\u00e9chir\u00e9 par l&rsquo;id\u00e9e de ne plus jamais revoir Lili, il se souvient de leur premi\u00e8re [&hellip;]<\/p>\n","protected":false},"author":2,"featured_media":5377,"comment_status":"closed","ping_status":"closed","sticky":false,"template":"","format":"image","meta":{"jetpack_post_was_ever_published":false,"tdm_status":"","tdm_grid_status":"","_jetpack_newsletter_access":"","_jetpack_dont_email_post_to_subs":false,"_jetpack_newsletter_tier_id":0,"_jetpack_memberships_contains_paywalled_content":false,"_jetpack_memberships_contains_paid_content":false,"footnotes":""},"categories":[24],"tags":[],"class_list":{"0":"post-5372","1":"post","2":"type-post","3":"status-publish","4":"format-image","5":"has-post-thumbnail","7":"category-cinema","8":"post_format-post-format-image"},"yoast_head":"<!-- This site is optimized with the Yoast SEO plugin v27.5 - https:\/\/yoast.com\/product\/yoast-seo-wordpress\/ -->\n<title>Marlene Dietrich et Lili Marlene... histoire d&#039;une chanson - Culturesco<\/title>\n<meta name=\"description\" content=\"CulturesCo | Marlene Dietrich et \u00ab Lili Marlene \u00bb ... sa version n&#039;\u00e9tait pas la 1\u00e8re | D\u00e9couvrez les diff\u00e9rentes interpr\u00e9tations de la chanson.\" \/>\n<meta name=\"robots\" content=\"index, follow, max-snippet:-1, max-image-preview:large, max-video-preview:-1\" \/>\n<link rel=\"canonical\" href=\"https:\/\/culturesco.com\/index.php\/2019\/05\/05\/marlene-dietrich-et-lili-marlene\/\" \/>\n<meta property=\"og:locale\" content=\"fr_FR\" \/>\n<meta property=\"og:type\" content=\"article\" \/>\n<meta property=\"og:title\" content=\"Marlene Dietrich et Lili Marlene... histoire d&#039;une chanson - Culturesco\" \/>\n<meta property=\"og:description\" content=\"CulturesCo | Marlene Dietrich et \u00ab Lili Marlene \u00bb ... sa version n&#039;\u00e9tait pas la 1\u00e8re | D\u00e9couvrez les diff\u00e9rentes interpr\u00e9tations de la chanson.\" \/>\n<meta property=\"og:url\" content=\"https:\/\/culturesco.com\/index.php\/2019\/05\/05\/marlene-dietrich-et-lili-marlene\/\" \/>\n<meta property=\"og:site_name\" content=\"Culturesco\" \/>\n<meta property=\"article:publisher\" content=\"https:\/\/www.facebook.com\/radioculturesco\" \/>\n<meta property=\"article:published_time\" content=\"2019-05-05T08:00:18+00:00\" \/>\n<meta property=\"article:modified_time\" content=\"2019-11-19T17:59:26+00:00\" \/>\n<meta property=\"og:image\" content=\"https:\/\/i1.wp.com\/culturesco.com\/wp-content\/uploads\/2019\/05\/Marlene-DIETRICH.jpg?fit=450%2C600&ssl=1\" \/>\n\t<meta property=\"og:image:width\" content=\"450\" \/>\n\t<meta property=\"og:image:height\" content=\"600\" \/>\n\t<meta property=\"og:image:type\" content=\"image\/jpeg\" \/>\n<meta name=\"author\" content=\"Daniel Lesueur\" \/>\n<meta name=\"twitter:card\" content=\"summary_large_image\" \/>\n<meta name=\"twitter:creator\" content=\"@AugusteMarshal\" \/>\n<meta name=\"twitter:site\" content=\"@AugusteMarshal\" \/>\n<meta name=\"twitter:label1\" content=\"\u00c9crit par\" \/>\n\t<meta name=\"twitter:data1\" content=\"Daniel Lesueur\" \/>\n\t<meta name=\"twitter:label2\" content=\"Dur\u00e9e de lecture estim\u00e9e\" \/>\n\t<meta name=\"twitter:data2\" content=\"3 minutes\" \/>\n<script type=\"application\/ld+json\" class=\"yoast-schema-graph\">{\"@context\":\"https:\\\/\\\/schema.org\",\"@graph\":[{\"@type\":\"Article\",\"@id\":\"https:\\\/\\\/culturesco.com\\\/index.php\\\/2019\\\/05\\\/05\\\/marlene-dietrich-et-lili-marlene\\\/#article\",\"isPartOf\":{\"@id\":\"https:\\\/\\\/culturesco.com\\\/index.php\\\/2019\\\/05\\\/05\\\/marlene-dietrich-et-lili-marlene\\\/\"},\"author\":{\"name\":\"Daniel Lesueur\",\"@id\":\"https:\\\/\\\/culturesco.com\\\/#\\\/schema\\\/person\\\/716087cb1b01edf85084af2d12096a8f\"},\"headline\":\"Marlene Dietrich et Lili Marlene&#8230; histoire d&rsquo;une chanson\",\"datePublished\":\"2019-05-05T08:00:18+00:00\",\"dateModified\":\"2019-11-19T17:59:26+00:00\",\"mainEntityOfPage\":{\"@id\":\"https:\\\/\\\/culturesco.com\\\/index.php\\\/2019\\\/05\\\/05\\\/marlene-dietrich-et-lili-marlene\\\/\"},\"wordCount\":631,\"publisher\":{\"@id\":\"https:\\\/\\\/culturesco.com\\\/#organization\"},\"image\":{\"@id\":\"https:\\\/\\\/culturesco.com\\\/index.php\\\/2019\\\/05\\\/05\\\/marlene-dietrich-et-lili-marlene\\\/#primaryimage\"},\"thumbnailUrl\":\"https:\\\/\\\/i0.wp.com\\\/culturesco.com\\\/wp-content\\\/uploads\\\/2019\\\/05\\\/Marlene-DIETRICH.jpg?fit=450%2C600&ssl=1\",\"articleSection\":[\"Cin\u00e9ma\"],\"inLanguage\":\"fr-FR\"},{\"@type\":\"WebPage\",\"@id\":\"https:\\\/\\\/culturesco.com\\\/index.php\\\/2019\\\/05\\\/05\\\/marlene-dietrich-et-lili-marlene\\\/\",\"url\":\"https:\\\/\\\/culturesco.com\\\/index.php\\\/2019\\\/05\\\/05\\\/marlene-dietrich-et-lili-marlene\\\/\",\"name\":\"Marlene Dietrich et Lili Marlene... histoire d'une chanson - Culturesco\",\"isPartOf\":{\"@id\":\"https:\\\/\\\/culturesco.com\\\/#website\"},\"primaryImageOfPage\":{\"@id\":\"https:\\\/\\\/culturesco.com\\\/index.php\\\/2019\\\/05\\\/05\\\/marlene-dietrich-et-lili-marlene\\\/#primaryimage\"},\"image\":{\"@id\":\"https:\\\/\\\/culturesco.com\\\/index.php\\\/2019\\\/05\\\/05\\\/marlene-dietrich-et-lili-marlene\\\/#primaryimage\"},\"thumbnailUrl\":\"https:\\\/\\\/i0.wp.com\\\/culturesco.com\\\/wp-content\\\/uploads\\\/2019\\\/05\\\/Marlene-DIETRICH.jpg?fit=450%2C600&ssl=1\",\"datePublished\":\"2019-05-05T08:00:18+00:00\",\"dateModified\":\"2019-11-19T17:59:26+00:00\",\"description\":\"CulturesCo | Marlene Dietrich et \u00ab Lili Marlene \u00bb ... sa version n'\u00e9tait pas la 1\u00e8re | D\u00e9couvrez les diff\u00e9rentes interpr\u00e9tations de la chanson.\",\"breadcrumb\":{\"@id\":\"https:\\\/\\\/culturesco.com\\\/index.php\\\/2019\\\/05\\\/05\\\/marlene-dietrich-et-lili-marlene\\\/#breadcrumb\"},\"inLanguage\":\"fr-FR\",\"potentialAction\":[{\"@type\":\"ReadAction\",\"target\":[\"https:\\\/\\\/culturesco.com\\\/index.php\\\/2019\\\/05\\\/05\\\/marlene-dietrich-et-lili-marlene\\\/\"]}]},{\"@type\":\"ImageObject\",\"inLanguage\":\"fr-FR\",\"@id\":\"https:\\\/\\\/culturesco.com\\\/index.php\\\/2019\\\/05\\\/05\\\/marlene-dietrich-et-lili-marlene\\\/#primaryimage\",\"url\":\"https:\\\/\\\/i0.wp.com\\\/culturesco.com\\\/wp-content\\\/uploads\\\/2019\\\/05\\\/Marlene-DIETRICH.jpg?fit=450%2C600&ssl=1\",\"contentUrl\":\"https:\\\/\\\/i0.wp.com\\\/culturesco.com\\\/wp-content\\\/uploads\\\/2019\\\/05\\\/Marlene-DIETRICH.jpg?fit=450%2C600&ssl=1\",\"width\":450,\"height\":600,\"caption\":\"Marlene DIETRICH\"},{\"@type\":\"BreadcrumbList\",\"@id\":\"https:\\\/\\\/culturesco.com\\\/index.php\\\/2019\\\/05\\\/05\\\/marlene-dietrich-et-lili-marlene\\\/#breadcrumb\",\"itemListElement\":[{\"@type\":\"ListItem\",\"position\":1,\"name\":\"Accueil\",\"item\":\"https:\\\/\\\/culturesco.com\\\/\"},{\"@type\":\"ListItem\",\"position\":2,\"name\":\"Marlene Dietrich et Lili Marlene&#8230; histoire d&rsquo;une chanson\"}]},{\"@type\":\"WebSite\",\"@id\":\"https:\\\/\\\/culturesco.com\\\/#website\",\"url\":\"https:\\\/\\\/culturesco.com\\\/\",\"name\":\"Culturesco\",\"description\":\"Culturesco | Un bon coup de pied dans ta Culture\",\"publisher\":{\"@id\":\"https:\\\/\\\/culturesco.com\\\/#organization\"},\"potentialAction\":[{\"@type\":\"SearchAction\",\"target\":{\"@type\":\"EntryPoint\",\"urlTemplate\":\"https:\\\/\\\/culturesco.com\\\/?s={search_term_string}\"},\"query-input\":{\"@type\":\"PropertyValueSpecification\",\"valueRequired\":true,\"valueName\":\"search_term_string\"}}],\"inLanguage\":\"fr-FR\"},{\"@type\":\"Organization\",\"@id\":\"https:\\\/\\\/culturesco.com\\\/#organization\",\"name\":\"CULTURESCO\",\"url\":\"https:\\\/\\\/culturesco.com\\\/\",\"logo\":{\"@type\":\"ImageObject\",\"inLanguage\":\"fr-FR\",\"@id\":\"https:\\\/\\\/culturesco.com\\\/#\\\/schema\\\/logo\\\/image\\\/\",\"url\":\"https:\\\/\\\/i0.wp.com\\\/culturesco.com\\\/wp-content\\\/uploads\\\/2022\\\/04\\\/culturesco-logo-blanc250p.png?fit=250%2C250&ssl=1\",\"contentUrl\":\"https:\\\/\\\/i0.wp.com\\\/culturesco.com\\\/wp-content\\\/uploads\\\/2022\\\/04\\\/culturesco-logo-blanc250p.png?fit=250%2C250&ssl=1\",\"width\":250,\"height\":250,\"caption\":\"CULTURESCO\"},\"image\":{\"@id\":\"https:\\\/\\\/culturesco.com\\\/#\\\/schema\\\/logo\\\/image\\\/\"},\"sameAs\":[\"https:\\\/\\\/www.facebook.com\\\/radioculturesco\",\"https:\\\/\\\/x.com\\\/AugusteMarshal\",\"https:\\\/\\\/www.instagram.com\\\/carotte_rock_culture\\\/\",\"https:\\\/\\\/www.pinterest.fr\\\/augustemarshal\\\/\",\"https:\\\/\\\/www.youtube.com\\\/channel\\\/UCiWLGffqWSXlNnfzp6YwwyQ\"]},{\"@type\":\"Person\",\"@id\":\"https:\\\/\\\/culturesco.com\\\/#\\\/schema\\\/person\\\/716087cb1b01edf85084af2d12096a8f\",\"name\":\"Daniel Lesueur\",\"image\":{\"@type\":\"ImageObject\",\"inLanguage\":\"fr-FR\",\"@id\":\"https:\\\/\\\/i0.wp.com\\\/culturesco.com\\\/wp-content\\\/uploads\\\/2018\\\/12\\\/lesueur.jpg?fit=96%2C89&ssl=1\",\"url\":\"https:\\\/\\\/i0.wp.com\\\/culturesco.com\\\/wp-content\\\/uploads\\\/2018\\\/12\\\/lesueur.jpg?fit=96%2C89&ssl=1\",\"contentUrl\":\"https:\\\/\\\/i0.wp.com\\\/culturesco.com\\\/wp-content\\\/uploads\\\/2018\\\/12\\\/lesueur.jpg?fit=96%2C89&ssl=1\",\"caption\":\"Daniel Lesueur\"},\"description\":\"\u00c9crivain - Directeur de collection chez Camion Blanc\",\"url\":\"https:\\\/\\\/culturesco.com\\\/index.php\\\/author\\\/daniel-lesueur\\\/\"}]}<\/script>\n<!-- \/ Yoast SEO plugin. -->","yoast_head_json":{"title":"Marlene Dietrich et Lili Marlene... histoire d'une chanson - Culturesco","description":"CulturesCo | Marlene Dietrich et \u00ab Lili Marlene \u00bb ... sa version n'\u00e9tait pas la 1\u00e8re | D\u00e9couvrez les diff\u00e9rentes interpr\u00e9tations de la chanson.","robots":{"index":"index","follow":"follow","max-snippet":"max-snippet:-1","max-image-preview":"max-image-preview:large","max-video-preview":"max-video-preview:-1"},"canonical":"https:\/\/culturesco.com\/index.php\/2019\/05\/05\/marlene-dietrich-et-lili-marlene\/","og_locale":"fr_FR","og_type":"article","og_title":"Marlene Dietrich et Lili Marlene... histoire d'une chanson - Culturesco","og_description":"CulturesCo | Marlene Dietrich et \u00ab Lili Marlene \u00bb ... sa version n'\u00e9tait pas la 1\u00e8re | D\u00e9couvrez les diff\u00e9rentes interpr\u00e9tations de la chanson.","og_url":"https:\/\/culturesco.com\/index.php\/2019\/05\/05\/marlene-dietrich-et-lili-marlene\/","og_site_name":"Culturesco","article_publisher":"https:\/\/www.facebook.com\/radioculturesco","article_published_time":"2019-05-05T08:00:18+00:00","article_modified_time":"2019-11-19T17:59:26+00:00","og_image":[{"width":450,"height":600,"url":"https:\/\/i1.wp.com\/culturesco.com\/wp-content\/uploads\/2019\/05\/Marlene-DIETRICH.jpg?fit=450%2C600&ssl=1","type":"image\/jpeg"}],"author":"Daniel Lesueur","twitter_card":"summary_large_image","twitter_creator":"@AugusteMarshal","twitter_site":"@AugusteMarshal","twitter_misc":{"\u00c9crit par":"Daniel Lesueur","Dur\u00e9e de lecture estim\u00e9e":"3 minutes"},"schema":{"@context":"https:\/\/schema.org","@graph":[{"@type":"Article","@id":"https:\/\/culturesco.com\/index.php\/2019\/05\/05\/marlene-dietrich-et-lili-marlene\/#article","isPartOf":{"@id":"https:\/\/culturesco.com\/index.php\/2019\/05\/05\/marlene-dietrich-et-lili-marlene\/"},"author":{"name":"Daniel Lesueur","@id":"https:\/\/culturesco.com\/#\/schema\/person\/716087cb1b01edf85084af2d12096a8f"},"headline":"Marlene Dietrich et Lili Marlene&#8230; histoire d&rsquo;une chanson","datePublished":"2019-05-05T08:00:18+00:00","dateModified":"2019-11-19T17:59:26+00:00","mainEntityOfPage":{"@id":"https:\/\/culturesco.com\/index.php\/2019\/05\/05\/marlene-dietrich-et-lili-marlene\/"},"wordCount":631,"publisher":{"@id":"https:\/\/culturesco.com\/#organization"},"image":{"@id":"https:\/\/culturesco.com\/index.php\/2019\/05\/05\/marlene-dietrich-et-lili-marlene\/#primaryimage"},"thumbnailUrl":"https:\/\/i0.wp.com\/culturesco.com\/wp-content\/uploads\/2019\/05\/Marlene-DIETRICH.jpg?fit=450%2C600&ssl=1","articleSection":["Cin\u00e9ma"],"inLanguage":"fr-FR"},{"@type":"WebPage","@id":"https:\/\/culturesco.com\/index.php\/2019\/05\/05\/marlene-dietrich-et-lili-marlene\/","url":"https:\/\/culturesco.com\/index.php\/2019\/05\/05\/marlene-dietrich-et-lili-marlene\/","name":"Marlene Dietrich et Lili Marlene... histoire d'une chanson - Culturesco","isPartOf":{"@id":"https:\/\/culturesco.com\/#website"},"primaryImageOfPage":{"@id":"https:\/\/culturesco.com\/index.php\/2019\/05\/05\/marlene-dietrich-et-lili-marlene\/#primaryimage"},"image":{"@id":"https:\/\/culturesco.com\/index.php\/2019\/05\/05\/marlene-dietrich-et-lili-marlene\/#primaryimage"},"thumbnailUrl":"https:\/\/i0.wp.com\/culturesco.com\/wp-content\/uploads\/2019\/05\/Marlene-DIETRICH.jpg?fit=450%2C600&ssl=1","datePublished":"2019-05-05T08:00:18+00:00","dateModified":"2019-11-19T17:59:26+00:00","description":"CulturesCo | Marlene Dietrich et \u00ab Lili Marlene \u00bb ... sa version n'\u00e9tait pas la 1\u00e8re | D\u00e9couvrez les diff\u00e9rentes interpr\u00e9tations de la chanson.","breadcrumb":{"@id":"https:\/\/culturesco.com\/index.php\/2019\/05\/05\/marlene-dietrich-et-lili-marlene\/#breadcrumb"},"inLanguage":"fr-FR","potentialAction":[{"@type":"ReadAction","target":["https:\/\/culturesco.com\/index.php\/2019\/05\/05\/marlene-dietrich-et-lili-marlene\/"]}]},{"@type":"ImageObject","inLanguage":"fr-FR","@id":"https:\/\/culturesco.com\/index.php\/2019\/05\/05\/marlene-dietrich-et-lili-marlene\/#primaryimage","url":"https:\/\/i0.wp.com\/culturesco.com\/wp-content\/uploads\/2019\/05\/Marlene-DIETRICH.jpg?fit=450%2C600&ssl=1","contentUrl":"https:\/\/i0.wp.com\/culturesco.com\/wp-content\/uploads\/2019\/05\/Marlene-DIETRICH.jpg?fit=450%2C600&ssl=1","width":450,"height":600,"caption":"Marlene DIETRICH"},{"@type":"BreadcrumbList","@id":"https:\/\/culturesco.com\/index.php\/2019\/05\/05\/marlene-dietrich-et-lili-marlene\/#breadcrumb","itemListElement":[{"@type":"ListItem","position":1,"name":"Accueil","item":"https:\/\/culturesco.com\/"},{"@type":"ListItem","position":2,"name":"Marlene Dietrich et Lili Marlene&#8230; histoire d&rsquo;une chanson"}]},{"@type":"WebSite","@id":"https:\/\/culturesco.com\/#website","url":"https:\/\/culturesco.com\/","name":"Culturesco","description":"Culturesco | Un bon coup de pied dans ta Culture","publisher":{"@id":"https:\/\/culturesco.com\/#organization"},"potentialAction":[{"@type":"SearchAction","target":{"@type":"EntryPoint","urlTemplate":"https:\/\/culturesco.com\/?s={search_term_string}"},"query-input":{"@type":"PropertyValueSpecification","valueRequired":true,"valueName":"search_term_string"}}],"inLanguage":"fr-FR"},{"@type":"Organization","@id":"https:\/\/culturesco.com\/#organization","name":"CULTURESCO","url":"https:\/\/culturesco.com\/","logo":{"@type":"ImageObject","inLanguage":"fr-FR","@id":"https:\/\/culturesco.com\/#\/schema\/logo\/image\/","url":"https:\/\/i0.wp.com\/culturesco.com\/wp-content\/uploads\/2022\/04\/culturesco-logo-blanc250p.png?fit=250%2C250&ssl=1","contentUrl":"https:\/\/i0.wp.com\/culturesco.com\/wp-content\/uploads\/2022\/04\/culturesco-logo-blanc250p.png?fit=250%2C250&ssl=1","width":250,"height":250,"caption":"CULTURESCO"},"image":{"@id":"https:\/\/culturesco.com\/#\/schema\/logo\/image\/"},"sameAs":["https:\/\/www.facebook.com\/radioculturesco","https:\/\/x.com\/AugusteMarshal","https:\/\/www.instagram.com\/carotte_rock_culture\/","https:\/\/www.pinterest.fr\/augustemarshal\/","https:\/\/www.youtube.com\/channel\/UCiWLGffqWSXlNnfzp6YwwyQ"]},{"@type":"Person","@id":"https:\/\/culturesco.com\/#\/schema\/person\/716087cb1b01edf85084af2d12096a8f","name":"Daniel Lesueur","image":{"@type":"ImageObject","inLanguage":"fr-FR","@id":"https:\/\/i0.wp.com\/culturesco.com\/wp-content\/uploads\/2018\/12\/lesueur.jpg?fit=96%2C89&ssl=1","url":"https:\/\/i0.wp.com\/culturesco.com\/wp-content\/uploads\/2018\/12\/lesueur.jpg?fit=96%2C89&ssl=1","contentUrl":"https:\/\/i0.wp.com\/culturesco.com\/wp-content\/uploads\/2018\/12\/lesueur.jpg?fit=96%2C89&ssl=1","caption":"Daniel Lesueur"},"description":"\u00c9crivain - Directeur de collection chez Camion Blanc","url":"https:\/\/culturesco.com\/index.php\/author\/daniel-lesueur\/"}]}},"jetpack_featured_media_url":"https:\/\/i0.wp.com\/culturesco.com\/wp-content\/uploads\/2019\/05\/Marlene-DIETRICH.jpg?fit=450%2C600&ssl=1","jetpack_likes_enabled":true,"jetpack_sharing_enabled":true,"jetpack_shortlink":"https:\/\/wp.me\/paz89I-1oE","_links":{"self":[{"href":"https:\/\/culturesco.com\/index.php\/wp-json\/wp\/v2\/posts\/5372","targetHints":{"allow":["GET"]}}],"collection":[{"href":"https:\/\/culturesco.com\/index.php\/wp-json\/wp\/v2\/posts"}],"about":[{"href":"https:\/\/culturesco.com\/index.php\/wp-json\/wp\/v2\/types\/post"}],"author":[{"embeddable":true,"href":"https:\/\/culturesco.com\/index.php\/wp-json\/wp\/v2\/users\/2"}],"replies":[{"embeddable":true,"href":"https:\/\/culturesco.com\/index.php\/wp-json\/wp\/v2\/comments?post=5372"}],"version-history":[{"count":0,"href":"https:\/\/culturesco.com\/index.php\/wp-json\/wp\/v2\/posts\/5372\/revisions"}],"wp:featuredmedia":[{"embeddable":true,"href":"https:\/\/culturesco.com\/index.php\/wp-json\/wp\/v2\/media\/5377"}],"wp:attachment":[{"href":"https:\/\/culturesco.com\/index.php\/wp-json\/wp\/v2\/media?parent=5372"}],"wp:term":[{"taxonomy":"category","embeddable":true,"href":"https:\/\/culturesco.com\/index.php\/wp-json\/wp\/v2\/categories?post=5372"},{"taxonomy":"post_tag","embeddable":true,"href":"https:\/\/culturesco.com\/index.php\/wp-json\/wp\/v2\/tags?post=5372"}],"curies":[{"name":"wp","href":"https:\/\/api.w.org\/{rel}","templated":true}]}}