{"id":5157,"date":"2019-04-26T14:19:00","date_gmt":"2019-04-26T12:19:00","guid":{"rendered":"https:\/\/culturesco.com\/?p=5157"},"modified":"2019-07-20T09:36:18","modified_gmt":"2019-07-20T07:36:18","slug":"les-debuts-meconnus-de-veronique-sanson","status":"publish","type":"post","link":"https:\/\/culturesco.com\/index.php\/2019\/04\/26\/les-debuts-meconnus-de-veronique-sanson\/","title":{"rendered":"V\u00e9ronique Sanson : Ses d\u00e9buts m\u00e9connus"},"content":{"rendered":"<h2>V\u00e9ronique Sanson : \u00ab\u00a0Besoin de personne\u00a0\u00bb (1972) n&rsquo;\u00e9tait pas son premier disque<\/h2>\n<p style=\"text-align: justify;\">V\u00e9ronique Sanson, sans sa rencontre avec Michel Berger, aurait sans doute continu\u00e9 d&rsquo;enregistrer dans l&rsquo;anonymat le plus complet comme en attestent ses premiers vinyles.\u00a0Elle est n\u00e9e \u00e0 Paris en 1949. D\u00e8s son enfance, V\u00e9ronique s&rsquo;est trouv\u00e9e plong\u00e9e dans le monde de la musique. Son p\u00e8re, musicien amateur, l&rsquo;initie au piano, tant et si bien que, sans conna\u00eetre une seule note de musique, sans jamais avoir suivi de cours, elle est rapidement capable de jouer des petits airs et m\u00eame d&rsquo;en composer. Elle poursuit donc ses \u00e9tudes, la musique n&rsquo;\u00e9tant alors pour elle qu&rsquo;un agr\u00e9able passe-temps.<\/p>\n<p style=\"text-align: justify;\">C&rsquo;est alors qu&rsquo;elle retrouve un camarade d&rsquo;enfance&#8230;<\/p>\n<h3>V\u00e9ronique Sanson et Michel Berger : Les retrouvailles<\/h3>\n<p style=\"text-align: justify;\">Michel et V\u00e9ronique, \u00e0 la r\u00e9cr\u00e9ation, jouaient ensemble lorsqu&rsquo;elle n&rsquo;avait que six ou sept ans. Plus \u00e2g\u00e9 qu&rsquo;elle, Berger, sans conteste, \u00e9tait un prodige. Ces premiers disques, enregistr\u00e9s lorsqu&rsquo;il avait \u00e0 peine seize ans, passaient parfois sur \u00ab\u00a0Salut les Copains\u00a0\u00bb et se d\u00e9tachaient d\u00e9j\u00e0 de la production habituelle.<\/p>\n<h3>BERGER : Star \u00e0 seize ans, inconnu \u00e0 18 !<\/h3>\n<p style=\"text-align: justify;\">Michel compose toujours, mais il est surtout producteur et arrangeur. La rencontre <strong>Berger-Sanson<\/strong> apporte beaucoup \u00e0 chacun.<\/p>\n<figure id=\"attachment_5162\" aria-describedby=\"caption-attachment-5162\" style=\"width: 250px\" class=\"wp-caption aligncenter\"><img data-recalc-dims=\"1\" loading=\"lazy\" decoding=\"async\" class=\"size-full wp-image-5162\" src=\"https:\/\/i0.wp.com\/culturesco.com\/wp-content\/uploads\/2019\/04\/29022.jpg?resize=250%2C251&#038;ssl=1\" alt=\"V\u00e9ronique Sanson\" width=\"250\" height=\"251\" srcset=\"https:\/\/i0.wp.com\/culturesco.com\/wp-content\/uploads\/2019\/04\/29022.jpg?w=250&amp;ssl=1 250w, https:\/\/i0.wp.com\/culturesco.com\/wp-content\/uploads\/2019\/04\/29022.jpg?resize=100%2C100&amp;ssl=1 100w, https:\/\/i0.wp.com\/culturesco.com\/wp-content\/uploads\/2019\/04\/29022.jpg?resize=150%2C150&amp;ssl=1 150w\" sizes=\"auto, (max-width: 250px) 100vw, 250px\" \/><figcaption id=\"caption-attachment-5162\" class=\"wp-caption-text\">V\u00e9ronique Sanson<\/figcaption><\/figure>\n<p style=\"text-align: justify;\">Lorsque Michel rentre chez Path\u00e9-Marconi en 1968, V\u00e9ronique le suit, enregistre (avec sa s\u0153ur Violaine et Michel Bernholc) deux super 45 tours au sein d&rsquo;un trio nomm\u00e9 Les Roche-Martin. Et c&rsquo;est FOUTREMENT MAUVAIS !<\/p>\n<div class=\"youtube-embed\" data-video_id=\"oEpM-QJAgFk\"><iframe loading=\"lazy\" title=\"Les Roche Martin (feat. V\u00e9ronique Sanson) &quot;Miss Gaffe&quot; (1967)\" width=\"696\" height=\"392\" src=\"https:\/\/www.youtube.com\/embed\/oEpM-QJAgFk\" frameborder=\"0\" allow=\"accelerometer; autoplay; clipboard-write; encrypted-media; gyroscope; picture-in-picture; web-share\" referrerpolicy=\"strict-origin-when-cross-origin\" allowfullscreen><\/iframe><\/div>\n<h3>Pourquoi ce curieux nom ?<\/h3>\n<p style=\"text-align: justify;\">En feuilletant l&rsquo;annuaire du t\u00e9l\u00e9phone, V\u00e9ronique s&rsquo;\u00e9tait aper\u00e7ue qu&rsquo;il y avait \u00e9norm\u00e9ment de \u00ab\u00a0Roche\u00a0\u00bb, et bien plus encore de \u00ab\u00a0Martin\u00a0\u00bb. Elle consid\u00e8re, \u00e0 tort, que chacun d&rsquo;eux serait un acheteur potentiel du disque. En r\u00e9alit\u00e9, le premier disque des Roche-Martin se vendra \u00e0 moins d&rsquo;une centaine d&rsquo;exemplaires.<\/p>\n<h3 style=\"text-align: justify;\">Abandonnant la formation, elle enregistre un premier 45 tours<\/h3>\n<p style=\"text-align: justify;\">Cette fois sous son nom, elle publie \u00ab\u00a0<a href=\"https:\/\/www.youtube.com\/watch?v=1BqyC1-u5KM\"> Le Printemps est l\u00e0<\/a>\u00ab\u00a0, adaptation d&rsquo;un chanson de l&rsquo;Anglais Donovan (\u00ab\u00a0<a href=\"https:\/\/www.youtube.com\/watch?v=3fp0wo3qA1c\">Sunny Goodge Street\u00a0\u00bb, jadis interpr\u00e9t\u00e9e \u00e9galement par Marianne Faithfull<\/a>). Mais le titre principal, \u00ab\u00a0Le Feu du ciel\u00a0\u00bb, est une de ses propres compositions. Celle-ci ailleurs obtient d&rsquo;ailleurs un certain succ\u00e8s en radio. Des passages malheureusement trop peu nombreux pour en faire un tube. \u00a0(312 exemplaires vendus \u00e0 l&rsquo;\u00e9poque d&rsquo;apr\u00e8s la maison de disques).<\/p>\n<h3>Une marque de fabrique<\/h3>\n<p style=\"text-align: justify;\">Cette chanson, \u00ab\u00a0Le Feu du ciel\u00a0\u00bb, annonce d\u00e9j\u00e0 le \u00ab\u00a0son\u00a0\u00bb que l&rsquo;on retrouvera tout au long de ses futurs enregistrements. Une voix tr\u00e8s pure et riche en tr\u00e9molos et vibratos, soutenue par un jeu de piano assez classique. Mais si le son est pr\u00e9sent, la couleur n&rsquo;y est pas. Ce premier 45 tours \u00e0 la pochette grise et triste n&rsquo;obtient aucun succ\u00e8s.<\/p>\n<p><img data-recalc-dims=\"1\" loading=\"lazy\" decoding=\"async\" class=\"aligncenter wp-image-5161 size-full\" src=\"https:\/\/i0.wp.com\/culturesco.com\/wp-content\/uploads\/2019\/04\/thumbnail-e1557322326738.jpg?resize=300%2C300&#038;ssl=1\" alt=\"V\u00e9ronique Sanson\" width=\"300\" height=\"300\" srcset=\"https:\/\/i0.wp.com\/culturesco.com\/wp-content\/uploads\/2019\/04\/thumbnail-e1557322326738.jpg?w=300&amp;ssl=1 300w, https:\/\/i0.wp.com\/culturesco.com\/wp-content\/uploads\/2019\/04\/thumbnail-e1557322326738.jpg?resize=100%2C100&amp;ssl=1 100w\" sizes=\"auto, (max-width: 300px) 100vw, 300px\" \/><\/p>\n<h3>V\u00e9ronique Sanson : il lui manquait un co\u00e9quipier<\/h3>\n<p style=\"text-align: justify;\">Le son sans la couleur, \u00e7a ne pouvait pas fonctionner. Et cette couleur, c&rsquo;est Berger qui va l&rsquo;apporter \u00e0 V\u00e9ronique. Une couleur immuable, d&rsquo;ailleurs, car lorsqu&rsquo;il se tournera vers Fran\u00e7oise Hardy puis vers France Gall apr\u00e8s que V\u00e9ronique l&rsquo;ait quitt\u00e9, le public retrouvera sans difficult\u00e9 l&rsquo;environnement musical bien particulier du grand sorcier qu&rsquo;est devenu Michel.<\/p>\n<p style=\"text-align: justify;\">V\u00e9ronique, d\u00e9\u00e7ue de l&rsquo;\u00e9chec de son premier disque, quitte Path\u00e9.<br \/>\nAvec quelques difficult\u00e9s, d&rsquo;ailleurs, car, ayant sign\u00e9 un contrat de sept ans, elle se trouve oblig\u00e9e d&rsquo;en attendre la r\u00e9siliation anticip\u00e9e pendant plus de trois mois. Quoiqu&rsquo;il en soit, elle rejoint Elektra (WEA) \u00e0 peu pr\u00e8s en m\u00eame temps que Berger qui, lui aussi, vient de quitter sa maison de disques pr\u00e9c\u00e9dente.<\/p>\n<h3>Besoin de personne&#8230; d&rsquo;autre !<\/h3>\n<p style=\"text-align: justify;\">Entre V\u00e9ronique Sanson et Michel Berger, le courant passe, et leur travail en commun est une r\u00e9ussite. L&rsquo;id\u00e9e de g\u00e9nie, qui accroche l&rsquo;oreille, c&rsquo;est cette \u00ab\u00a0voix qui tremble\u00a0\u00bb, qui est la marque de fabrique des productions Berger \/ Sanson. C&rsquo;est imm\u00e9diatement le succ\u00e8s avec \u00ab\u00a0Besoin de personne\u00a0\u00bb puis \u00ab\u00a0Amoureuse\u00a0\u00bb en 1972. L&rsquo;ann\u00e9e suivante, la chanson fera le tour du monde gr\u00e2ce \u00e0 la version de l&rsquo;Anglaise Kiki Dee, future vedette en duo avec <a href=\"https:\/\/fr.wikipedia.org\/wiki\/Elton_John\" target=\"_blank\" rel=\"noopener noreferrer\">Elton John<\/a> (\u00ab\u00a0Don&rsquo;t go breaking my heart\u00a0\u00bb)&#8230; Le monde est petit : Berger \u00e9crira \u00ab\u00a0Il jouait du piano debout\u00a0\u00bb (1980) en hommage \u00e0 Elton, et France Gall enregistrera en duo avec l&rsquo;artiste anglais (\u00ab\u00a0Les Aveux\u00a0\u00bb, 1981).<\/p>\n<p>Daniel Lesueur<\/p>\n<p>A lire \u00e9galement : <a href=\"https:\/\/culturesco.com\/index.php\/2018\/11\/12\/nino-ferrer-blues-en-fin-du-monde\/\" target=\"_blank\" rel=\"noopener noreferrer\">Nino Ferrer, Blues en fin de vie<\/a><\/p>\n","protected":false},"excerpt":{"rendered":"<p>V\u00e9ronique Sanson : \u00ab\u00a0Besoin de personne\u00a0\u00bb (1972) n&rsquo;\u00e9tait pas son premier disque V\u00e9ronique Sanson, sans sa rencontre avec Michel Berger, aurait sans doute continu\u00e9 d&rsquo;enregistrer dans l&rsquo;anonymat le plus complet comme en attestent ses premiers vinyles.\u00a0Elle est n\u00e9e \u00e0 Paris en 1949. D\u00e8s son enfance, V\u00e9ronique s&rsquo;est trouv\u00e9e plong\u00e9e dans le monde de la musique. [&hellip;]<\/p>\n","protected":false},"author":2,"featured_media":5497,"comment_status":"closed","ping_status":"closed","sticky":false,"template":"","format":"standard","meta":{"jetpack_post_was_ever_published":false,"tdm_status":"","tdm_grid_status":"","_jetpack_newsletter_access":"","_jetpack_dont_email_post_to_subs":false,"_jetpack_newsletter_tier_id":0,"_jetpack_memberships_contains_paywalled_content":false,"_jetpack_memberships_contains_paid_content":false,"footnotes":""},"categories":[17],"tags":[40,70],"class_list":{"0":"post-5157","1":"post","2":"type-post","3":"status-publish","4":"format-standard","5":"has-post-thumbnail","7":"category-carotte-rock-cultures","8":"tag-chanson-francaise","9":"tag-collections"},"yoast_head":"<!-- This site is optimized with the Yoast SEO plugin v27.5 - https:\/\/yoast.com\/product\/yoast-seo-wordpress\/ -->\n<title>V\u00e9ronique Sanson : Ses d\u00e9buts m\u00e9connus - Culturesco<\/title>\n<meta name=\"description\" content=\"CulturesCo | VERONIQUE SANSON : ses d\u00e9buts m\u00e9connus avec sa soeur, sa rencontre avec MICHEL BERGER | Besoin de personne et Amoureuse en 1972.\" \/>\n<meta name=\"robots\" content=\"index, follow, max-snippet:-1, max-image-preview:large, max-video-preview:-1\" \/>\n<link rel=\"canonical\" href=\"https:\/\/culturesco.com\/index.php\/2019\/04\/26\/les-debuts-meconnus-de-veronique-sanson\/\" \/>\n<meta property=\"og:locale\" content=\"fr_FR\" \/>\n<meta property=\"og:type\" content=\"article\" \/>\n<meta property=\"og:title\" content=\"V\u00e9ronique Sanson : Ses d\u00e9buts m\u00e9connus - Culturesco\" \/>\n<meta property=\"og:description\" content=\"CulturesCo | VERONIQUE SANSON : ses d\u00e9buts m\u00e9connus avec sa soeur, sa rencontre avec MICHEL BERGER | Besoin de personne et Amoureuse en 1972.\" \/>\n<meta property=\"og:url\" content=\"https:\/\/culturesco.com\/index.php\/2019\/04\/26\/les-debuts-meconnus-de-veronique-sanson\/\" \/>\n<meta property=\"og:site_name\" content=\"Culturesco\" \/>\n<meta property=\"article:publisher\" content=\"https:\/\/www.facebook.com\/radioculturesco\" \/>\n<meta property=\"article:published_time\" content=\"2019-04-26T12:19:00+00:00\" \/>\n<meta property=\"article:modified_time\" content=\"2019-07-20T07:36:18+00:00\" \/>\n<meta property=\"og:image\" content=\"https:\/\/i1.wp.com\/culturesco.com\/wp-content\/uploads\/2019\/04\/veronique-sanson-jeune.jpg?fit=600%2C314&ssl=1\" \/>\n\t<meta property=\"og:image:width\" content=\"600\" \/>\n\t<meta property=\"og:image:height\" content=\"314\" \/>\n\t<meta property=\"og:image:type\" content=\"image\/jpeg\" \/>\n<meta name=\"author\" content=\"Daniel Lesueur\" \/>\n<meta name=\"twitter:card\" content=\"summary_large_image\" \/>\n<meta name=\"twitter:creator\" content=\"@AugusteMarshal\" \/>\n<meta name=\"twitter:site\" content=\"@AugusteMarshal\" \/>\n<meta name=\"twitter:label1\" content=\"\u00c9crit par\" \/>\n\t<meta name=\"twitter:data1\" content=\"Daniel Lesueur\" \/>\n\t<meta name=\"twitter:label2\" content=\"Dur\u00e9e de lecture estim\u00e9e\" \/>\n\t<meta name=\"twitter:data2\" content=\"4 minutes\" \/>\n<script type=\"application\/ld+json\" class=\"yoast-schema-graph\">{\"@context\":\"https:\\\/\\\/schema.org\",\"@graph\":[{\"@type\":\"Article\",\"@id\":\"https:\\\/\\\/culturesco.com\\\/index.php\\\/2019\\\/04\\\/26\\\/les-debuts-meconnus-de-veronique-sanson\\\/#article\",\"isPartOf\":{\"@id\":\"https:\\\/\\\/culturesco.com\\\/index.php\\\/2019\\\/04\\\/26\\\/les-debuts-meconnus-de-veronique-sanson\\\/\"},\"author\":{\"name\":\"Daniel Lesueur\",\"@id\":\"https:\\\/\\\/culturesco.com\\\/#\\\/schema\\\/person\\\/716087cb1b01edf85084af2d12096a8f\"},\"headline\":\"V\u00e9ronique Sanson : Ses d\u00e9buts m\u00e9connus\",\"datePublished\":\"2019-04-26T12:19:00+00:00\",\"dateModified\":\"2019-07-20T07:36:18+00:00\",\"mainEntityOfPage\":{\"@id\":\"https:\\\/\\\/culturesco.com\\\/index.php\\\/2019\\\/04\\\/26\\\/les-debuts-meconnus-de-veronique-sanson\\\/\"},\"wordCount\":782,\"publisher\":{\"@id\":\"https:\\\/\\\/culturesco.com\\\/#organization\"},\"image\":{\"@id\":\"https:\\\/\\\/culturesco.com\\\/index.php\\\/2019\\\/04\\\/26\\\/les-debuts-meconnus-de-veronique-sanson\\\/#primaryimage\"},\"thumbnailUrl\":\"https:\\\/\\\/i0.wp.com\\\/culturesco.com\\\/wp-content\\\/uploads\\\/2019\\\/04\\\/veronique-sanson-jeune.jpg?fit=600%2C314&ssl=1\",\"keywords\":[\"chanson fran\u00e7aise\",\"collections\"],\"articleSection\":[\"Carotte Rock Cultures\"],\"inLanguage\":\"fr-FR\"},{\"@type\":\"WebPage\",\"@id\":\"https:\\\/\\\/culturesco.com\\\/index.php\\\/2019\\\/04\\\/26\\\/les-debuts-meconnus-de-veronique-sanson\\\/\",\"url\":\"https:\\\/\\\/culturesco.com\\\/index.php\\\/2019\\\/04\\\/26\\\/les-debuts-meconnus-de-veronique-sanson\\\/\",\"name\":\"V\u00e9ronique Sanson : Ses d\u00e9buts m\u00e9connus - Culturesco\",\"isPartOf\":{\"@id\":\"https:\\\/\\\/culturesco.com\\\/#website\"},\"primaryImageOfPage\":{\"@id\":\"https:\\\/\\\/culturesco.com\\\/index.php\\\/2019\\\/04\\\/26\\\/les-debuts-meconnus-de-veronique-sanson\\\/#primaryimage\"},\"image\":{\"@id\":\"https:\\\/\\\/culturesco.com\\\/index.php\\\/2019\\\/04\\\/26\\\/les-debuts-meconnus-de-veronique-sanson\\\/#primaryimage\"},\"thumbnailUrl\":\"https:\\\/\\\/i0.wp.com\\\/culturesco.com\\\/wp-content\\\/uploads\\\/2019\\\/04\\\/veronique-sanson-jeune.jpg?fit=600%2C314&ssl=1\",\"datePublished\":\"2019-04-26T12:19:00+00:00\",\"dateModified\":\"2019-07-20T07:36:18+00:00\",\"description\":\"CulturesCo | VERONIQUE SANSON : ses d\u00e9buts m\u00e9connus avec sa soeur, sa rencontre avec MICHEL BERGER | Besoin de personne et Amoureuse en 1972.\",\"breadcrumb\":{\"@id\":\"https:\\\/\\\/culturesco.com\\\/index.php\\\/2019\\\/04\\\/26\\\/les-debuts-meconnus-de-veronique-sanson\\\/#breadcrumb\"},\"inLanguage\":\"fr-FR\",\"potentialAction\":[{\"@type\":\"ReadAction\",\"target\":[\"https:\\\/\\\/culturesco.com\\\/index.php\\\/2019\\\/04\\\/26\\\/les-debuts-meconnus-de-veronique-sanson\\\/\"]}]},{\"@type\":\"ImageObject\",\"inLanguage\":\"fr-FR\",\"@id\":\"https:\\\/\\\/culturesco.com\\\/index.php\\\/2019\\\/04\\\/26\\\/les-debuts-meconnus-de-veronique-sanson\\\/#primaryimage\",\"url\":\"https:\\\/\\\/i0.wp.com\\\/culturesco.com\\\/wp-content\\\/uploads\\\/2019\\\/04\\\/veronique-sanson-jeune.jpg?fit=600%2C314&ssl=1\",\"contentUrl\":\"https:\\\/\\\/i0.wp.com\\\/culturesco.com\\\/wp-content\\\/uploads\\\/2019\\\/04\\\/veronique-sanson-jeune.jpg?fit=600%2C314&ssl=1\",\"width\":600,\"height\":314,\"caption\":\"veronique sanson jeune\"},{\"@type\":\"BreadcrumbList\",\"@id\":\"https:\\\/\\\/culturesco.com\\\/index.php\\\/2019\\\/04\\\/26\\\/les-debuts-meconnus-de-veronique-sanson\\\/#breadcrumb\",\"itemListElement\":[{\"@type\":\"ListItem\",\"position\":1,\"name\":\"Accueil\",\"item\":\"https:\\\/\\\/culturesco.com\\\/\"},{\"@type\":\"ListItem\",\"position\":2,\"name\":\"V\u00e9ronique Sanson : Ses d\u00e9buts m\u00e9connus\"}]},{\"@type\":\"WebSite\",\"@id\":\"https:\\\/\\\/culturesco.com\\\/#website\",\"url\":\"https:\\\/\\\/culturesco.com\\\/\",\"name\":\"Culturesco\",\"description\":\"Culturesco | Un bon coup de pied dans ta Culture\",\"publisher\":{\"@id\":\"https:\\\/\\\/culturesco.com\\\/#organization\"},\"potentialAction\":[{\"@type\":\"SearchAction\",\"target\":{\"@type\":\"EntryPoint\",\"urlTemplate\":\"https:\\\/\\\/culturesco.com\\\/?s={search_term_string}\"},\"query-input\":{\"@type\":\"PropertyValueSpecification\",\"valueRequired\":true,\"valueName\":\"search_term_string\"}}],\"inLanguage\":\"fr-FR\"},{\"@type\":\"Organization\",\"@id\":\"https:\\\/\\\/culturesco.com\\\/#organization\",\"name\":\"CULTURESCO\",\"url\":\"https:\\\/\\\/culturesco.com\\\/\",\"logo\":{\"@type\":\"ImageObject\",\"inLanguage\":\"fr-FR\",\"@id\":\"https:\\\/\\\/culturesco.com\\\/#\\\/schema\\\/logo\\\/image\\\/\",\"url\":\"https:\\\/\\\/i0.wp.com\\\/culturesco.com\\\/wp-content\\\/uploads\\\/2022\\\/04\\\/culturesco-logo-blanc250p.png?fit=250%2C250&ssl=1\",\"contentUrl\":\"https:\\\/\\\/i0.wp.com\\\/culturesco.com\\\/wp-content\\\/uploads\\\/2022\\\/04\\\/culturesco-logo-blanc250p.png?fit=250%2C250&ssl=1\",\"width\":250,\"height\":250,\"caption\":\"CULTURESCO\"},\"image\":{\"@id\":\"https:\\\/\\\/culturesco.com\\\/#\\\/schema\\\/logo\\\/image\\\/\"},\"sameAs\":[\"https:\\\/\\\/www.facebook.com\\\/radioculturesco\",\"https:\\\/\\\/x.com\\\/AugusteMarshal\",\"https:\\\/\\\/www.instagram.com\\\/carotte_rock_culture\\\/\",\"https:\\\/\\\/www.pinterest.fr\\\/augustemarshal\\\/\",\"https:\\\/\\\/www.youtube.com\\\/channel\\\/UCiWLGffqWSXlNnfzp6YwwyQ\"]},{\"@type\":\"Person\",\"@id\":\"https:\\\/\\\/culturesco.com\\\/#\\\/schema\\\/person\\\/716087cb1b01edf85084af2d12096a8f\",\"name\":\"Daniel Lesueur\",\"image\":{\"@type\":\"ImageObject\",\"inLanguage\":\"fr-FR\",\"@id\":\"https:\\\/\\\/i0.wp.com\\\/culturesco.com\\\/wp-content\\\/uploads\\\/2018\\\/12\\\/lesueur.jpg?fit=96%2C89&ssl=1\",\"url\":\"https:\\\/\\\/i0.wp.com\\\/culturesco.com\\\/wp-content\\\/uploads\\\/2018\\\/12\\\/lesueur.jpg?fit=96%2C89&ssl=1\",\"contentUrl\":\"https:\\\/\\\/i0.wp.com\\\/culturesco.com\\\/wp-content\\\/uploads\\\/2018\\\/12\\\/lesueur.jpg?fit=96%2C89&ssl=1\",\"caption\":\"Daniel Lesueur\"},\"description\":\"\u00c9crivain - Directeur de collection chez Camion Blanc\",\"url\":\"https:\\\/\\\/culturesco.com\\\/index.php\\\/author\\\/daniel-lesueur\\\/\"}]}<\/script>\n<!-- \/ Yoast SEO plugin. -->","yoast_head_json":{"title":"V\u00e9ronique Sanson : Ses d\u00e9buts m\u00e9connus - Culturesco","description":"CulturesCo | VERONIQUE SANSON : ses d\u00e9buts m\u00e9connus avec sa soeur, sa rencontre avec MICHEL BERGER | Besoin de personne et Amoureuse en 1972.","robots":{"index":"index","follow":"follow","max-snippet":"max-snippet:-1","max-image-preview":"max-image-preview:large","max-video-preview":"max-video-preview:-1"},"canonical":"https:\/\/culturesco.com\/index.php\/2019\/04\/26\/les-debuts-meconnus-de-veronique-sanson\/","og_locale":"fr_FR","og_type":"article","og_title":"V\u00e9ronique Sanson : Ses d\u00e9buts m\u00e9connus - Culturesco","og_description":"CulturesCo | VERONIQUE SANSON : ses d\u00e9buts m\u00e9connus avec sa soeur, sa rencontre avec MICHEL BERGER | Besoin de personne et Amoureuse en 1972.","og_url":"https:\/\/culturesco.com\/index.php\/2019\/04\/26\/les-debuts-meconnus-de-veronique-sanson\/","og_site_name":"Culturesco","article_publisher":"https:\/\/www.facebook.com\/radioculturesco","article_published_time":"2019-04-26T12:19:00+00:00","article_modified_time":"2019-07-20T07:36:18+00:00","og_image":[{"width":600,"height":314,"url":"https:\/\/i1.wp.com\/culturesco.com\/wp-content\/uploads\/2019\/04\/veronique-sanson-jeune.jpg?fit=600%2C314&ssl=1","type":"image\/jpeg"}],"author":"Daniel Lesueur","twitter_card":"summary_large_image","twitter_creator":"@AugusteMarshal","twitter_site":"@AugusteMarshal","twitter_misc":{"\u00c9crit par":"Daniel Lesueur","Dur\u00e9e de lecture estim\u00e9e":"4 minutes"},"schema":{"@context":"https:\/\/schema.org","@graph":[{"@type":"Article","@id":"https:\/\/culturesco.com\/index.php\/2019\/04\/26\/les-debuts-meconnus-de-veronique-sanson\/#article","isPartOf":{"@id":"https:\/\/culturesco.com\/index.php\/2019\/04\/26\/les-debuts-meconnus-de-veronique-sanson\/"},"author":{"name":"Daniel Lesueur","@id":"https:\/\/culturesco.com\/#\/schema\/person\/716087cb1b01edf85084af2d12096a8f"},"headline":"V\u00e9ronique Sanson : Ses d\u00e9buts m\u00e9connus","datePublished":"2019-04-26T12:19:00+00:00","dateModified":"2019-07-20T07:36:18+00:00","mainEntityOfPage":{"@id":"https:\/\/culturesco.com\/index.php\/2019\/04\/26\/les-debuts-meconnus-de-veronique-sanson\/"},"wordCount":782,"publisher":{"@id":"https:\/\/culturesco.com\/#organization"},"image":{"@id":"https:\/\/culturesco.com\/index.php\/2019\/04\/26\/les-debuts-meconnus-de-veronique-sanson\/#primaryimage"},"thumbnailUrl":"https:\/\/i0.wp.com\/culturesco.com\/wp-content\/uploads\/2019\/04\/veronique-sanson-jeune.jpg?fit=600%2C314&ssl=1","keywords":["chanson fran\u00e7aise","collections"],"articleSection":["Carotte Rock Cultures"],"inLanguage":"fr-FR"},{"@type":"WebPage","@id":"https:\/\/culturesco.com\/index.php\/2019\/04\/26\/les-debuts-meconnus-de-veronique-sanson\/","url":"https:\/\/culturesco.com\/index.php\/2019\/04\/26\/les-debuts-meconnus-de-veronique-sanson\/","name":"V\u00e9ronique Sanson : Ses d\u00e9buts m\u00e9connus - Culturesco","isPartOf":{"@id":"https:\/\/culturesco.com\/#website"},"primaryImageOfPage":{"@id":"https:\/\/culturesco.com\/index.php\/2019\/04\/26\/les-debuts-meconnus-de-veronique-sanson\/#primaryimage"},"image":{"@id":"https:\/\/culturesco.com\/index.php\/2019\/04\/26\/les-debuts-meconnus-de-veronique-sanson\/#primaryimage"},"thumbnailUrl":"https:\/\/i0.wp.com\/culturesco.com\/wp-content\/uploads\/2019\/04\/veronique-sanson-jeune.jpg?fit=600%2C314&ssl=1","datePublished":"2019-04-26T12:19:00+00:00","dateModified":"2019-07-20T07:36:18+00:00","description":"CulturesCo | VERONIQUE SANSON : ses d\u00e9buts m\u00e9connus avec sa soeur, sa rencontre avec MICHEL BERGER | Besoin de personne et Amoureuse en 1972.","breadcrumb":{"@id":"https:\/\/culturesco.com\/index.php\/2019\/04\/26\/les-debuts-meconnus-de-veronique-sanson\/#breadcrumb"},"inLanguage":"fr-FR","potentialAction":[{"@type":"ReadAction","target":["https:\/\/culturesco.com\/index.php\/2019\/04\/26\/les-debuts-meconnus-de-veronique-sanson\/"]}]},{"@type":"ImageObject","inLanguage":"fr-FR","@id":"https:\/\/culturesco.com\/index.php\/2019\/04\/26\/les-debuts-meconnus-de-veronique-sanson\/#primaryimage","url":"https:\/\/i0.wp.com\/culturesco.com\/wp-content\/uploads\/2019\/04\/veronique-sanson-jeune.jpg?fit=600%2C314&ssl=1","contentUrl":"https:\/\/i0.wp.com\/culturesco.com\/wp-content\/uploads\/2019\/04\/veronique-sanson-jeune.jpg?fit=600%2C314&ssl=1","width":600,"height":314,"caption":"veronique sanson jeune"},{"@type":"BreadcrumbList","@id":"https:\/\/culturesco.com\/index.php\/2019\/04\/26\/les-debuts-meconnus-de-veronique-sanson\/#breadcrumb","itemListElement":[{"@type":"ListItem","position":1,"name":"Accueil","item":"https:\/\/culturesco.com\/"},{"@type":"ListItem","position":2,"name":"V\u00e9ronique Sanson : Ses d\u00e9buts m\u00e9connus"}]},{"@type":"WebSite","@id":"https:\/\/culturesco.com\/#website","url":"https:\/\/culturesco.com\/","name":"Culturesco","description":"Culturesco | Un bon coup de pied dans ta Culture","publisher":{"@id":"https:\/\/culturesco.com\/#organization"},"potentialAction":[{"@type":"SearchAction","target":{"@type":"EntryPoint","urlTemplate":"https:\/\/culturesco.com\/?s={search_term_string}"},"query-input":{"@type":"PropertyValueSpecification","valueRequired":true,"valueName":"search_term_string"}}],"inLanguage":"fr-FR"},{"@type":"Organization","@id":"https:\/\/culturesco.com\/#organization","name":"CULTURESCO","url":"https:\/\/culturesco.com\/","logo":{"@type":"ImageObject","inLanguage":"fr-FR","@id":"https:\/\/culturesco.com\/#\/schema\/logo\/image\/","url":"https:\/\/i0.wp.com\/culturesco.com\/wp-content\/uploads\/2022\/04\/culturesco-logo-blanc250p.png?fit=250%2C250&ssl=1","contentUrl":"https:\/\/i0.wp.com\/culturesco.com\/wp-content\/uploads\/2022\/04\/culturesco-logo-blanc250p.png?fit=250%2C250&ssl=1","width":250,"height":250,"caption":"CULTURESCO"},"image":{"@id":"https:\/\/culturesco.com\/#\/schema\/logo\/image\/"},"sameAs":["https:\/\/www.facebook.com\/radioculturesco","https:\/\/x.com\/AugusteMarshal","https:\/\/www.instagram.com\/carotte_rock_culture\/","https:\/\/www.pinterest.fr\/augustemarshal\/","https:\/\/www.youtube.com\/channel\/UCiWLGffqWSXlNnfzp6YwwyQ"]},{"@type":"Person","@id":"https:\/\/culturesco.com\/#\/schema\/person\/716087cb1b01edf85084af2d12096a8f","name":"Daniel Lesueur","image":{"@type":"ImageObject","inLanguage":"fr-FR","@id":"https:\/\/i0.wp.com\/culturesco.com\/wp-content\/uploads\/2018\/12\/lesueur.jpg?fit=96%2C89&ssl=1","url":"https:\/\/i0.wp.com\/culturesco.com\/wp-content\/uploads\/2018\/12\/lesueur.jpg?fit=96%2C89&ssl=1","contentUrl":"https:\/\/i0.wp.com\/culturesco.com\/wp-content\/uploads\/2018\/12\/lesueur.jpg?fit=96%2C89&ssl=1","caption":"Daniel Lesueur"},"description":"\u00c9crivain - Directeur de collection chez Camion Blanc","url":"https:\/\/culturesco.com\/index.php\/author\/daniel-lesueur\/"}]}},"jetpack_featured_media_url":"https:\/\/i0.wp.com\/culturesco.com\/wp-content\/uploads\/2019\/04\/veronique-sanson-jeune.jpg?fit=600%2C314&ssl=1","jetpack_likes_enabled":true,"jetpack_sharing_enabled":true,"jetpack_shortlink":"https:\/\/wp.me\/paz89I-1lb","_links":{"self":[{"href":"https:\/\/culturesco.com\/index.php\/wp-json\/wp\/v2\/posts\/5157","targetHints":{"allow":["GET"]}}],"collection":[{"href":"https:\/\/culturesco.com\/index.php\/wp-json\/wp\/v2\/posts"}],"about":[{"href":"https:\/\/culturesco.com\/index.php\/wp-json\/wp\/v2\/types\/post"}],"author":[{"embeddable":true,"href":"https:\/\/culturesco.com\/index.php\/wp-json\/wp\/v2\/users\/2"}],"replies":[{"embeddable":true,"href":"https:\/\/culturesco.com\/index.php\/wp-json\/wp\/v2\/comments?post=5157"}],"version-history":[{"count":0,"href":"https:\/\/culturesco.com\/index.php\/wp-json\/wp\/v2\/posts\/5157\/revisions"}],"wp:featuredmedia":[{"embeddable":true,"href":"https:\/\/culturesco.com\/index.php\/wp-json\/wp\/v2\/media\/5497"}],"wp:attachment":[{"href":"https:\/\/culturesco.com\/index.php\/wp-json\/wp\/v2\/media?parent=5157"}],"wp:term":[{"taxonomy":"category","embeddable":true,"href":"https:\/\/culturesco.com\/index.php\/wp-json\/wp\/v2\/categories?post=5157"},{"taxonomy":"post_tag","embeddable":true,"href":"https:\/\/culturesco.com\/index.php\/wp-json\/wp\/v2\/tags?post=5157"}],"curies":[{"name":"wp","href":"https:\/\/api.w.org\/{rel}","templated":true}]}}