{"id":4893,"date":"2019-04-19T08:53:16","date_gmt":"2019-04-19T06:53:16","guid":{"rendered":"https:\/\/culturesco.com\/?p=4893"},"modified":"2019-05-05T10:55:33","modified_gmt":"2019-05-05T08:55:33","slug":"les-who-fete-de-lhuma-9-septembre-1972","status":"publish","type":"post","link":"https:\/\/culturesco.com\/index.php\/2019\/04\/19\/les-who-fete-de-lhuma-9-septembre-1972\/","title":{"rendered":"Les Who F\u00eate de l&rsquo;Huma 1972 : un concert sabot\u00e9&#8230;"},"content":{"rendered":"<h2>The WHO : on n\u2019est pas <em>live at Leeds<\/em>&#8230;<\/h2>\n<h3>&#8230;\u00a0mais live at La Courneuve deux ans plus tard.<\/h3>\n<figure id=\"attachment_4896\" aria-describedby=\"caption-attachment-4896\" style=\"width: 300px\" class=\"wp-caption aligncenter\"><img data-recalc-dims=\"1\" loading=\"lazy\" decoding=\"async\" class=\"wp-image-4896 size-full\" src=\"https:\/\/i0.wp.com\/culturesco.com\/wp-content\/uploads\/2019\/04\/ob_98e0e2_who-huma-e1556356052521.jpg?resize=300%2C225&#038;ssl=1\" alt=\"who f\u00eate de l'huma 1972\" width=\"300\" height=\"225\" \/><figcaption id=\"caption-attachment-4896\" class=\"wp-caption-text\">who f\u00eate de l&rsquo;huma 1972<\/figcaption><\/figure>\n<p style=\"text-align: justify\">Vient de sortit ! Le <a href=\"https:\/\/livre.fnac.com\/a13519804\/Daniel-Lesueur-Pop-rock-les-concerts-de-legende-annees-60-et-70\">livre <em><strong>Pop rock : les concerts de l\u00e9gende<\/strong> (tome 1 : Les ann\u00e9es 60 et 70)<\/em> de Julien Del\u00e9glise<\/a>. Parmi ces 328 pages foisonnantes de concerts passionnants, on red\u00e9couvrira celui des <strong>Who<\/strong>, F\u00eate de l&rsquo;Huma, 9 septembre 1972.<\/p>\n<figure id=\"attachment_4930\" aria-describedby=\"caption-attachment-4930\" style=\"width: 300px\" class=\"wp-caption aligncenter\"><img data-recalc-dims=\"1\" loading=\"lazy\" decoding=\"async\" class=\"wp-image-4930 size-full\" src=\"https:\/\/i0.wp.com\/culturesco.com\/wp-content\/uploads\/2019\/04\/Couv-CONCERTS-DE-LEGENDE-e1556012321573.jpg?resize=300%2C195&#038;ssl=1\" alt=\"who f\u00eate de l'huma 1972\" width=\"300\" height=\"195\" \/><figcaption id=\"caption-attachment-4930\" class=\"wp-caption-text\">who f\u00eate de l&rsquo;huma 1972<\/figcaption><\/figure>\n<h3 style=\"text-align: justify\">Who f\u00eate de l&rsquo;huma 1972<\/h3>\n<p style=\"text-align: justify\">On n\u2019est pas <a href=\"https:\/\/amzn.to\/2DzgFVI\" target=\"_blank\" rel=\"noopener\"><strong>live at Leeds<\/strong><\/a> mais live at La F\u00eate de l&rsquo;Huma deux ans plus tard, m\u00eame si de nombreux titres sont les m\u00eames. Il est amusant de constater \u00e0 quel point les artistes se produisant \u00e0 la Courneuve<a href=\"https:\/\/www.youtube.com\/watch?v=Qqpq-0KjFBw\"> sont la plupart du temps \u00e0 mille lieues du concept politique<\/a> de la manifestation. C\u2019est d\u2019autant plus flagrant dans le cas pr\u00e9sent qu\u2019un des titres interpr\u00e9t\u00e9s, \u00abRelay\u00bb, fait rimer \u00abrevolution\u00bb avec\u2026 \u00abno solution\u00bb. Mais l\u2019ann\u00e9e d\u2019avant, heureusement, le parti communiste avait invit\u00e9 Joan Baez, beaucoup plus en phase avec la pens\u00e9e prol\u00e9taire.<br \/>\nRoger Daltrey, <a href=\"https:\/\/fr.wikipedia.org\/wiki\/Keith_Moon\" target=\"_blank\" rel=\"noopener\">Keith Moon<\/a>, <a href=\"https:\/\/culturesco.com\/index.php\/2019\/04\/13\/whos-next-album-de-legende\/\" target=\"_blank\" rel=\"noopener\">Pete Townshend<\/a>, John Entwistle s\u2019\u00e9taient vus fort peu depuis le d\u00e9but de l\u2019ann\u00e9e, mais, la complicit\u00e9 ne\u00a0 s\u2019oubliant pas, se retrouver sur la grande sc\u00e8ne de la F\u00eate de l\u2019Huma les conduisit \u00e0 d\u00e9livrer un chouette concert&#8230;<\/p>\n<h3 style=\"text-align: justify\">Who f\u00eate de l&rsquo;huma 1972<\/h3>\n<div class=\"youtube-embed\" data-video_id=\"Qqpq-0KjFBw\"><iframe loading=\"lazy\" title=\"The Who f\u00eate de l&#039;humanit\u00e9 1972\" width=\"696\" height=\"522\" src=\"https:\/\/www.youtube.com\/embed\/Qqpq-0KjFBw\" frameborder=\"0\" allow=\"accelerometer; autoplay; clipboard-write; encrypted-media; gyroscope; picture-in-picture; web-share\" referrerpolicy=\"strict-origin-when-cross-origin\" allowfullscreen><\/iframe><\/div>\n<p style=\"text-align: justify\">Ce soir-l\u00e0 ils vont jouer, sous un ciel mena\u00e7ant mais quand m\u00eame pas sous la pluie, \u00abI Can\u2019t Explain\u00bb, \u00ab<a href=\"https:\/\/www.youtube.com\/watch?v=V4apX-DH9Mw\">Summertime Blues<\/a>\u00bb, \u00abMy Wife\u00bb, \u00abBaba O\u2019Riley\u00bb, \u00ab Behind Blue Eyes \u00bb, \u00abBargain\u00bb, \u00abWon\u2019t Get Fooled Again\u00bb, \u00abMagic Bus\u00bb, \u00abPinball Wizard\u00bb, \u00abSee Me Feel Me\u00bb, \u00ab<a href=\"https:\/\/www.youtube.com\/watch?v=1Uz6o8i7mCY\">My Generation<\/a>\u00bb, \u00abNaked Eye\u00bb, \u00abLong Live Rock\u2019n\u2019roll\u00bb&#8230; L&rsquo;ensemble (ou presque!) peut \u00eatre <a href=\"http:\/\/bigozine2.com\/roio\/?p=1324\">\u00e9cout\u00e9 et enregistr\u00e9 sur le site BIGOZINE<\/a>.<\/p>\n<h3 style=\"text-align: justify\">Et puis soudain, pouf ! Plus rien !<\/h3>\n<p style=\"text-align: justify\">La f\u00eate plong\u00e9e dans le noir le plus complet. Un incident dont se rappelle <strong>Eric D\u00e9bris<\/strong> (ex-Metal Urbain) :<\/p>\n<blockquote>\n<h4 style=\"text-align: justify\"><span style=\"color: #0000ff\">\u00abLe concert fut interrompu par un sabotage\u2026 les lignes \u00e9lectriques alimentant la sc\u00e8ne et une partie du site avaient \u00e9t\u00e9 sectionn\u00e9es en plusieurs points&#8230; Je m\u2019en rappelle tr\u00e8s bien je faisais partie, avec Zip Zinc, des 400 000 spectateurs\u00bb <\/span><\/h4>\n<\/blockquote>\n<p style=\"text-align: justify\">(parmi lesquels, au premier rang, <strong>Eric Clapton<\/strong> sp\u00e9cialement invit\u00e9 par <strong>Pete Townshend<\/strong>).<br \/>\nApr\u00e8s le show, le groupe se retira \u00e0 l\u2019h\u00f4tel George V.<\/p>\n<h3 style=\"text-align: justify\">La tourn\u00e9e touchait \u00e0 sa fin<\/h3>\n<p style=\"text-align: justify\">Le bilan \u00e9tait plus que satisfaisant. M\u00eame si les Who avaient disparu du circuit plus d\u2019un semestre et pas sorti de nouvel album depuis un an, les fans ne leur en tenaient pas rigueur. Par centaines de milliers, ils avaient rempli en masse les salles de concert.<\/p>\n<p>Daniel Lesueur<\/p>\n<blockquote class=\"wp-embedded-content\" data-secret=\"0D75F3LWFq\"><p><a href=\"https:\/\/culturesco.com\/index.php\/2019\/04\/13\/whos-next-album-de-legende\/\">WHO&rsquo;S NEXT &#8211; Un album de l\u00e9gende des Who<\/a><\/p><\/blockquote>\n<p><iframe loading=\"lazy\" class=\"wp-embedded-content\" sandbox=\"allow-scripts\" security=\"restricted\" style=\"position: absolute; visibility: hidden;\" title=\"\u00ab\u00a0WHO&rsquo;S NEXT &#8211; Un album de l\u00e9gende des Who\u00a0\u00bb &#8212; Culturesco\" src=\"https:\/\/culturesco.com\/index.php\/2019\/04\/13\/whos-next-album-de-legende\/embed\/#?secret=ZCrOV3ptQb#?secret=0D75F3LWFq\" data-secret=\"0D75F3LWFq\" width=\"600\" height=\"338\" frameborder=\"0\" marginwidth=\"0\" marginheight=\"0\" scrolling=\"no\"><\/iframe><\/p>\n","protected":false},"excerpt":{"rendered":"<p>The WHO : on n\u2019est pas live at Leeds&#8230; &#8230;\u00a0mais live at La Courneuve deux ans plus tard. Vient de sortit ! Le livre Pop rock : les concerts de l\u00e9gende (tome 1 : Les ann\u00e9es 60 et 70) de Julien Del\u00e9glise. Parmi ces 328 pages foisonnantes de concerts passionnants, on red\u00e9couvrira celui des Who, [&hellip;]<\/p>\n","protected":false},"author":2,"featured_media":5208,"comment_status":"closed","ping_status":"closed","sticky":false,"template":"","format":"standard","meta":{"jetpack_post_was_ever_published":false,"tdm_status":"","tdm_grid_status":"","_jetpack_newsletter_access":"","_jetpack_dont_email_post_to_subs":false,"_jetpack_newsletter_tier_id":0,"_jetpack_memberships_contains_paywalled_content":false,"_jetpack_memberships_contains_paid_content":false,"footnotes":""},"categories":[34,17],"tags":[38],"class_list":{"0":"post-4893","1":"post","2":"type-post","3":"status-publish","4":"format-standard","5":"has-post-thumbnail","7":"category-anecdotes-rock","8":"category-carotte-rock-cultures","9":"tag-classic-rock"},"yoast_head":"<!-- This site is optimized with the Yoast SEO plugin v27.5 - https:\/\/yoast.com\/product\/yoast-seo-wordpress\/ -->\n<title>Les Who F\u00eate de l&#039;Huma 1972 : un concert sabot\u00e9... - Culturesco<\/title>\n<meta name=\"description\" content=\"CulturesCo | Who f\u00eate de l&#039;huma 1972 : un concert m\u00e9morable mais sabot\u00e9... R\u00e9cit du concert de The Who : F\u00eate de l&#039;humanit\u00e9 9 septembre 1972.\" \/>\n<meta name=\"robots\" content=\"index, follow, max-snippet:-1, max-image-preview:large, max-video-preview:-1\" \/>\n<link rel=\"canonical\" href=\"https:\/\/culturesco.com\/index.php\/2019\/04\/19\/les-who-fete-de-lhuma-9-septembre-1972\/\" \/>\n<meta property=\"og:locale\" content=\"fr_FR\" \/>\n<meta property=\"og:type\" content=\"article\" \/>\n<meta property=\"og:title\" content=\"Les Who F\u00eate de l&#039;Huma 1972 : un concert sabot\u00e9... - Culturesco\" \/>\n<meta property=\"og:description\" content=\"CulturesCo | Who f\u00eate de l&#039;huma 1972 : un concert m\u00e9morable mais sabot\u00e9... R\u00e9cit du concert de The Who : F\u00eate de l&#039;humanit\u00e9 9 septembre 1972.\" \/>\n<meta property=\"og:url\" content=\"https:\/\/culturesco.com\/index.php\/2019\/04\/19\/les-who-fete-de-lhuma-9-septembre-1972\/\" \/>\n<meta property=\"og:site_name\" content=\"Culturesco\" \/>\n<meta property=\"article:publisher\" content=\"https:\/\/www.facebook.com\/radioculturesco\" \/>\n<meta property=\"article:published_time\" content=\"2019-04-19T06:53:16+00:00\" \/>\n<meta property=\"article:modified_time\" content=\"2019-05-05T08:55:33+00:00\" \/>\n<meta property=\"og:image\" content=\"https:\/\/i2.wp.com\/culturesco.com\/wp-content\/uploads\/2019\/04\/who-f\u00eate-de-lhuma-1972.jpg?fit=600%2C314&ssl=1\" \/>\n\t<meta property=\"og:image:width\" content=\"600\" \/>\n\t<meta property=\"og:image:height\" content=\"314\" \/>\n\t<meta property=\"og:image:type\" content=\"image\/jpeg\" \/>\n<meta name=\"author\" content=\"Daniel Lesueur\" \/>\n<meta name=\"twitter:card\" content=\"summary_large_image\" \/>\n<meta name=\"twitter:creator\" content=\"@AugusteMarshal\" \/>\n<meta name=\"twitter:site\" content=\"@AugusteMarshal\" \/>\n<meta name=\"twitter:label1\" content=\"\u00c9crit par\" \/>\n\t<meta name=\"twitter:data1\" content=\"Daniel Lesueur\" \/>\n\t<meta name=\"twitter:label2\" content=\"Dur\u00e9e de lecture estim\u00e9e\" \/>\n\t<meta name=\"twitter:data2\" content=\"2 minutes\" \/>\n<script type=\"application\/ld+json\" class=\"yoast-schema-graph\">{\"@context\":\"https:\\\/\\\/schema.org\",\"@graph\":[{\"@type\":\"Article\",\"@id\":\"https:\\\/\\\/culturesco.com\\\/index.php\\\/2019\\\/04\\\/19\\\/les-who-fete-de-lhuma-9-septembre-1972\\\/#article\",\"isPartOf\":{\"@id\":\"https:\\\/\\\/culturesco.com\\\/index.php\\\/2019\\\/04\\\/19\\\/les-who-fete-de-lhuma-9-septembre-1972\\\/\"},\"author\":{\"name\":\"Daniel Lesueur\",\"@id\":\"https:\\\/\\\/culturesco.com\\\/#\\\/schema\\\/person\\\/716087cb1b01edf85084af2d12096a8f\"},\"headline\":\"Les Who F\u00eate de l&rsquo;Huma 1972 : un concert sabot\u00e9&#8230;\",\"datePublished\":\"2019-04-19T06:53:16+00:00\",\"dateModified\":\"2019-05-05T08:55:33+00:00\",\"mainEntityOfPage\":{\"@id\":\"https:\\\/\\\/culturesco.com\\\/index.php\\\/2019\\\/04\\\/19\\\/les-who-fete-de-lhuma-9-septembre-1972\\\/\"},\"wordCount\":493,\"publisher\":{\"@id\":\"https:\\\/\\\/culturesco.com\\\/#organization\"},\"image\":{\"@id\":\"https:\\\/\\\/culturesco.com\\\/index.php\\\/2019\\\/04\\\/19\\\/les-who-fete-de-lhuma-9-septembre-1972\\\/#primaryimage\"},\"thumbnailUrl\":\"https:\\\/\\\/i0.wp.com\\\/culturesco.com\\\/wp-content\\\/uploads\\\/2019\\\/04\\\/who-f%C3%AAte-de-lhuma-1972.jpg?fit=600%2C314&ssl=1\",\"keywords\":[\"classic rock\"],\"articleSection\":[\"Anecdotes rock\",\"Carotte Rock Cultures\"],\"inLanguage\":\"fr-FR\"},{\"@type\":\"WebPage\",\"@id\":\"https:\\\/\\\/culturesco.com\\\/index.php\\\/2019\\\/04\\\/19\\\/les-who-fete-de-lhuma-9-septembre-1972\\\/\",\"url\":\"https:\\\/\\\/culturesco.com\\\/index.php\\\/2019\\\/04\\\/19\\\/les-who-fete-de-lhuma-9-septembre-1972\\\/\",\"name\":\"Les Who F\u00eate de l'Huma 1972 : un concert sabot\u00e9... - Culturesco\",\"isPartOf\":{\"@id\":\"https:\\\/\\\/culturesco.com\\\/#website\"},\"primaryImageOfPage\":{\"@id\":\"https:\\\/\\\/culturesco.com\\\/index.php\\\/2019\\\/04\\\/19\\\/les-who-fete-de-lhuma-9-septembre-1972\\\/#primaryimage\"},\"image\":{\"@id\":\"https:\\\/\\\/culturesco.com\\\/index.php\\\/2019\\\/04\\\/19\\\/les-who-fete-de-lhuma-9-septembre-1972\\\/#primaryimage\"},\"thumbnailUrl\":\"https:\\\/\\\/i0.wp.com\\\/culturesco.com\\\/wp-content\\\/uploads\\\/2019\\\/04\\\/who-f%C3%AAte-de-lhuma-1972.jpg?fit=600%2C314&ssl=1\",\"datePublished\":\"2019-04-19T06:53:16+00:00\",\"dateModified\":\"2019-05-05T08:55:33+00:00\",\"description\":\"CulturesCo | Who f\u00eate de l'huma 1972 : un concert m\u00e9morable mais sabot\u00e9... R\u00e9cit du concert de The Who : F\u00eate de l'humanit\u00e9 9 septembre 1972.\",\"breadcrumb\":{\"@id\":\"https:\\\/\\\/culturesco.com\\\/index.php\\\/2019\\\/04\\\/19\\\/les-who-fete-de-lhuma-9-septembre-1972\\\/#breadcrumb\"},\"inLanguage\":\"fr-FR\",\"potentialAction\":[{\"@type\":\"ReadAction\",\"target\":[\"https:\\\/\\\/culturesco.com\\\/index.php\\\/2019\\\/04\\\/19\\\/les-who-fete-de-lhuma-9-septembre-1972\\\/\"]}]},{\"@type\":\"ImageObject\",\"inLanguage\":\"fr-FR\",\"@id\":\"https:\\\/\\\/culturesco.com\\\/index.php\\\/2019\\\/04\\\/19\\\/les-who-fete-de-lhuma-9-septembre-1972\\\/#primaryimage\",\"url\":\"https:\\\/\\\/i0.wp.com\\\/culturesco.com\\\/wp-content\\\/uploads\\\/2019\\\/04\\\/who-f%C3%AAte-de-lhuma-1972.jpg?fit=600%2C314&ssl=1\",\"contentUrl\":\"https:\\\/\\\/i0.wp.com\\\/culturesco.com\\\/wp-content\\\/uploads\\\/2019\\\/04\\\/who-f%C3%AAte-de-lhuma-1972.jpg?fit=600%2C314&ssl=1\",\"width\":600,\"height\":314,\"caption\":\"who f\u00eate de l'huma 1972\"},{\"@type\":\"BreadcrumbList\",\"@id\":\"https:\\\/\\\/culturesco.com\\\/index.php\\\/2019\\\/04\\\/19\\\/les-who-fete-de-lhuma-9-septembre-1972\\\/#breadcrumb\",\"itemListElement\":[{\"@type\":\"ListItem\",\"position\":1,\"name\":\"Accueil\",\"item\":\"https:\\\/\\\/culturesco.com\\\/\"},{\"@type\":\"ListItem\",\"position\":2,\"name\":\"Les Who F\u00eate de l&rsquo;Huma 1972 : un concert sabot\u00e9&#8230;\"}]},{\"@type\":\"WebSite\",\"@id\":\"https:\\\/\\\/culturesco.com\\\/#website\",\"url\":\"https:\\\/\\\/culturesco.com\\\/\",\"name\":\"Culturesco\",\"description\":\"Culturesco | Un bon coup de pied dans ta Culture\",\"publisher\":{\"@id\":\"https:\\\/\\\/culturesco.com\\\/#organization\"},\"potentialAction\":[{\"@type\":\"SearchAction\",\"target\":{\"@type\":\"EntryPoint\",\"urlTemplate\":\"https:\\\/\\\/culturesco.com\\\/?s={search_term_string}\"},\"query-input\":{\"@type\":\"PropertyValueSpecification\",\"valueRequired\":true,\"valueName\":\"search_term_string\"}}],\"inLanguage\":\"fr-FR\"},{\"@type\":\"Organization\",\"@id\":\"https:\\\/\\\/culturesco.com\\\/#organization\",\"name\":\"CULTURESCO\",\"url\":\"https:\\\/\\\/culturesco.com\\\/\",\"logo\":{\"@type\":\"ImageObject\",\"inLanguage\":\"fr-FR\",\"@id\":\"https:\\\/\\\/culturesco.com\\\/#\\\/schema\\\/logo\\\/image\\\/\",\"url\":\"https:\\\/\\\/i0.wp.com\\\/culturesco.com\\\/wp-content\\\/uploads\\\/2022\\\/04\\\/culturesco-logo-blanc250p.png?fit=250%2C250&ssl=1\",\"contentUrl\":\"https:\\\/\\\/i0.wp.com\\\/culturesco.com\\\/wp-content\\\/uploads\\\/2022\\\/04\\\/culturesco-logo-blanc250p.png?fit=250%2C250&ssl=1\",\"width\":250,\"height\":250,\"caption\":\"CULTURESCO\"},\"image\":{\"@id\":\"https:\\\/\\\/culturesco.com\\\/#\\\/schema\\\/logo\\\/image\\\/\"},\"sameAs\":[\"https:\\\/\\\/www.facebook.com\\\/radioculturesco\",\"https:\\\/\\\/x.com\\\/AugusteMarshal\",\"https:\\\/\\\/www.instagram.com\\\/carotte_rock_culture\\\/\",\"https:\\\/\\\/www.pinterest.fr\\\/augustemarshal\\\/\",\"https:\\\/\\\/www.youtube.com\\\/channel\\\/UCiWLGffqWSXlNnfzp6YwwyQ\"]},{\"@type\":\"Person\",\"@id\":\"https:\\\/\\\/culturesco.com\\\/#\\\/schema\\\/person\\\/716087cb1b01edf85084af2d12096a8f\",\"name\":\"Daniel Lesueur\",\"image\":{\"@type\":\"ImageObject\",\"inLanguage\":\"fr-FR\",\"@id\":\"https:\\\/\\\/i0.wp.com\\\/culturesco.com\\\/wp-content\\\/uploads\\\/2018\\\/12\\\/lesueur.jpg?fit=96%2C89&ssl=1\",\"url\":\"https:\\\/\\\/i0.wp.com\\\/culturesco.com\\\/wp-content\\\/uploads\\\/2018\\\/12\\\/lesueur.jpg?fit=96%2C89&ssl=1\",\"contentUrl\":\"https:\\\/\\\/i0.wp.com\\\/culturesco.com\\\/wp-content\\\/uploads\\\/2018\\\/12\\\/lesueur.jpg?fit=96%2C89&ssl=1\",\"caption\":\"Daniel Lesueur\"},\"description\":\"\u00c9crivain - Directeur de collection chez Camion Blanc\",\"url\":\"https:\\\/\\\/culturesco.com\\\/index.php\\\/author\\\/daniel-lesueur\\\/\"}]}<\/script>\n<!-- \/ Yoast SEO plugin. -->","yoast_head_json":{"title":"Les Who F\u00eate de l'Huma 1972 : un concert sabot\u00e9... - Culturesco","description":"CulturesCo | Who f\u00eate de l'huma 1972 : un concert m\u00e9morable mais sabot\u00e9... R\u00e9cit du concert de The Who : F\u00eate de l'humanit\u00e9 9 septembre 1972.","robots":{"index":"index","follow":"follow","max-snippet":"max-snippet:-1","max-image-preview":"max-image-preview:large","max-video-preview":"max-video-preview:-1"},"canonical":"https:\/\/culturesco.com\/index.php\/2019\/04\/19\/les-who-fete-de-lhuma-9-septembre-1972\/","og_locale":"fr_FR","og_type":"article","og_title":"Les Who F\u00eate de l'Huma 1972 : un concert sabot\u00e9... - Culturesco","og_description":"CulturesCo | Who f\u00eate de l'huma 1972 : un concert m\u00e9morable mais sabot\u00e9... R\u00e9cit du concert de The Who : F\u00eate de l'humanit\u00e9 9 septembre 1972.","og_url":"https:\/\/culturesco.com\/index.php\/2019\/04\/19\/les-who-fete-de-lhuma-9-septembre-1972\/","og_site_name":"Culturesco","article_publisher":"https:\/\/www.facebook.com\/radioculturesco","article_published_time":"2019-04-19T06:53:16+00:00","article_modified_time":"2019-05-05T08:55:33+00:00","og_image":[{"width":600,"height":314,"url":"https:\/\/i2.wp.com\/culturesco.com\/wp-content\/uploads\/2019\/04\/who-f\u00eate-de-lhuma-1972.jpg?fit=600%2C314&ssl=1","type":"image\/jpeg"}],"author":"Daniel Lesueur","twitter_card":"summary_large_image","twitter_creator":"@AugusteMarshal","twitter_site":"@AugusteMarshal","twitter_misc":{"\u00c9crit par":"Daniel Lesueur","Dur\u00e9e de lecture estim\u00e9e":"2 minutes"},"schema":{"@context":"https:\/\/schema.org","@graph":[{"@type":"Article","@id":"https:\/\/culturesco.com\/index.php\/2019\/04\/19\/les-who-fete-de-lhuma-9-septembre-1972\/#article","isPartOf":{"@id":"https:\/\/culturesco.com\/index.php\/2019\/04\/19\/les-who-fete-de-lhuma-9-septembre-1972\/"},"author":{"name":"Daniel Lesueur","@id":"https:\/\/culturesco.com\/#\/schema\/person\/716087cb1b01edf85084af2d12096a8f"},"headline":"Les Who F\u00eate de l&rsquo;Huma 1972 : un concert sabot\u00e9&#8230;","datePublished":"2019-04-19T06:53:16+00:00","dateModified":"2019-05-05T08:55:33+00:00","mainEntityOfPage":{"@id":"https:\/\/culturesco.com\/index.php\/2019\/04\/19\/les-who-fete-de-lhuma-9-septembre-1972\/"},"wordCount":493,"publisher":{"@id":"https:\/\/culturesco.com\/#organization"},"image":{"@id":"https:\/\/culturesco.com\/index.php\/2019\/04\/19\/les-who-fete-de-lhuma-9-septembre-1972\/#primaryimage"},"thumbnailUrl":"https:\/\/i0.wp.com\/culturesco.com\/wp-content\/uploads\/2019\/04\/who-f%C3%AAte-de-lhuma-1972.jpg?fit=600%2C314&ssl=1","keywords":["classic rock"],"articleSection":["Anecdotes rock","Carotte Rock Cultures"],"inLanguage":"fr-FR"},{"@type":"WebPage","@id":"https:\/\/culturesco.com\/index.php\/2019\/04\/19\/les-who-fete-de-lhuma-9-septembre-1972\/","url":"https:\/\/culturesco.com\/index.php\/2019\/04\/19\/les-who-fete-de-lhuma-9-septembre-1972\/","name":"Les Who F\u00eate de l'Huma 1972 : un concert sabot\u00e9... - Culturesco","isPartOf":{"@id":"https:\/\/culturesco.com\/#website"},"primaryImageOfPage":{"@id":"https:\/\/culturesco.com\/index.php\/2019\/04\/19\/les-who-fete-de-lhuma-9-septembre-1972\/#primaryimage"},"image":{"@id":"https:\/\/culturesco.com\/index.php\/2019\/04\/19\/les-who-fete-de-lhuma-9-septembre-1972\/#primaryimage"},"thumbnailUrl":"https:\/\/i0.wp.com\/culturesco.com\/wp-content\/uploads\/2019\/04\/who-f%C3%AAte-de-lhuma-1972.jpg?fit=600%2C314&ssl=1","datePublished":"2019-04-19T06:53:16+00:00","dateModified":"2019-05-05T08:55:33+00:00","description":"CulturesCo | Who f\u00eate de l'huma 1972 : un concert m\u00e9morable mais sabot\u00e9... R\u00e9cit du concert de The Who : F\u00eate de l'humanit\u00e9 9 septembre 1972.","breadcrumb":{"@id":"https:\/\/culturesco.com\/index.php\/2019\/04\/19\/les-who-fete-de-lhuma-9-septembre-1972\/#breadcrumb"},"inLanguage":"fr-FR","potentialAction":[{"@type":"ReadAction","target":["https:\/\/culturesco.com\/index.php\/2019\/04\/19\/les-who-fete-de-lhuma-9-septembre-1972\/"]}]},{"@type":"ImageObject","inLanguage":"fr-FR","@id":"https:\/\/culturesco.com\/index.php\/2019\/04\/19\/les-who-fete-de-lhuma-9-septembre-1972\/#primaryimage","url":"https:\/\/i0.wp.com\/culturesco.com\/wp-content\/uploads\/2019\/04\/who-f%C3%AAte-de-lhuma-1972.jpg?fit=600%2C314&ssl=1","contentUrl":"https:\/\/i0.wp.com\/culturesco.com\/wp-content\/uploads\/2019\/04\/who-f%C3%AAte-de-lhuma-1972.jpg?fit=600%2C314&ssl=1","width":600,"height":314,"caption":"who f\u00eate de l'huma 1972"},{"@type":"BreadcrumbList","@id":"https:\/\/culturesco.com\/index.php\/2019\/04\/19\/les-who-fete-de-lhuma-9-septembre-1972\/#breadcrumb","itemListElement":[{"@type":"ListItem","position":1,"name":"Accueil","item":"https:\/\/culturesco.com\/"},{"@type":"ListItem","position":2,"name":"Les Who F\u00eate de l&rsquo;Huma 1972 : un concert sabot\u00e9&#8230;"}]},{"@type":"WebSite","@id":"https:\/\/culturesco.com\/#website","url":"https:\/\/culturesco.com\/","name":"Culturesco","description":"Culturesco | Un bon coup de pied dans ta Culture","publisher":{"@id":"https:\/\/culturesco.com\/#organization"},"potentialAction":[{"@type":"SearchAction","target":{"@type":"EntryPoint","urlTemplate":"https:\/\/culturesco.com\/?s={search_term_string}"},"query-input":{"@type":"PropertyValueSpecification","valueRequired":true,"valueName":"search_term_string"}}],"inLanguage":"fr-FR"},{"@type":"Organization","@id":"https:\/\/culturesco.com\/#organization","name":"CULTURESCO","url":"https:\/\/culturesco.com\/","logo":{"@type":"ImageObject","inLanguage":"fr-FR","@id":"https:\/\/culturesco.com\/#\/schema\/logo\/image\/","url":"https:\/\/i0.wp.com\/culturesco.com\/wp-content\/uploads\/2022\/04\/culturesco-logo-blanc250p.png?fit=250%2C250&ssl=1","contentUrl":"https:\/\/i0.wp.com\/culturesco.com\/wp-content\/uploads\/2022\/04\/culturesco-logo-blanc250p.png?fit=250%2C250&ssl=1","width":250,"height":250,"caption":"CULTURESCO"},"image":{"@id":"https:\/\/culturesco.com\/#\/schema\/logo\/image\/"},"sameAs":["https:\/\/www.facebook.com\/radioculturesco","https:\/\/x.com\/AugusteMarshal","https:\/\/www.instagram.com\/carotte_rock_culture\/","https:\/\/www.pinterest.fr\/augustemarshal\/","https:\/\/www.youtube.com\/channel\/UCiWLGffqWSXlNnfzp6YwwyQ"]},{"@type":"Person","@id":"https:\/\/culturesco.com\/#\/schema\/person\/716087cb1b01edf85084af2d12096a8f","name":"Daniel Lesueur","image":{"@type":"ImageObject","inLanguage":"fr-FR","@id":"https:\/\/i0.wp.com\/culturesco.com\/wp-content\/uploads\/2018\/12\/lesueur.jpg?fit=96%2C89&ssl=1","url":"https:\/\/i0.wp.com\/culturesco.com\/wp-content\/uploads\/2018\/12\/lesueur.jpg?fit=96%2C89&ssl=1","contentUrl":"https:\/\/i0.wp.com\/culturesco.com\/wp-content\/uploads\/2018\/12\/lesueur.jpg?fit=96%2C89&ssl=1","caption":"Daniel Lesueur"},"description":"\u00c9crivain - Directeur de collection chez Camion Blanc","url":"https:\/\/culturesco.com\/index.php\/author\/daniel-lesueur\/"}]}},"jetpack_featured_media_url":"https:\/\/i0.wp.com\/culturesco.com\/wp-content\/uploads\/2019\/04\/who-f%C3%AAte-de-lhuma-1972.jpg?fit=600%2C314&ssl=1","jetpack_likes_enabled":true,"jetpack_sharing_enabled":true,"jetpack_shortlink":"https:\/\/wp.me\/paz89I-1gV","_links":{"self":[{"href":"https:\/\/culturesco.com\/index.php\/wp-json\/wp\/v2\/posts\/4893","targetHints":{"allow":["GET"]}}],"collection":[{"href":"https:\/\/culturesco.com\/index.php\/wp-json\/wp\/v2\/posts"}],"about":[{"href":"https:\/\/culturesco.com\/index.php\/wp-json\/wp\/v2\/types\/post"}],"author":[{"embeddable":true,"href":"https:\/\/culturesco.com\/index.php\/wp-json\/wp\/v2\/users\/2"}],"replies":[{"embeddable":true,"href":"https:\/\/culturesco.com\/index.php\/wp-json\/wp\/v2\/comments?post=4893"}],"version-history":[{"count":0,"href":"https:\/\/culturesco.com\/index.php\/wp-json\/wp\/v2\/posts\/4893\/revisions"}],"wp:featuredmedia":[{"embeddable":true,"href":"https:\/\/culturesco.com\/index.php\/wp-json\/wp\/v2\/media\/5208"}],"wp:attachment":[{"href":"https:\/\/culturesco.com\/index.php\/wp-json\/wp\/v2\/media?parent=4893"}],"wp:term":[{"taxonomy":"category","embeddable":true,"href":"https:\/\/culturesco.com\/index.php\/wp-json\/wp\/v2\/categories?post=4893"},{"taxonomy":"post_tag","embeddable":true,"href":"https:\/\/culturesco.com\/index.php\/wp-json\/wp\/v2\/tags?post=4893"}],"curies":[{"name":"wp","href":"https:\/\/api.w.org\/{rel}","templated":true}]}}