{"id":4840,"date":"2019-04-16T02:46:59","date_gmt":"2019-04-16T00:46:59","guid":{"rendered":"https:\/\/culturesco.com\/?p=4840"},"modified":"2019-10-12T15:47:38","modified_gmt":"2019-10-12T13:47:38","slug":"the-psychotic-monks-deuxieme-album-private-meaning-first-entre-cold-wave-et-psychedelisme","status":"publish","type":"post","link":"https:\/\/culturesco.com\/index.php\/2019\/04\/16\/the-psychotic-monks-deuxieme-album-private-meaning-first-entre-cold-wave-et-psychedelisme\/","title":{"rendered":"The Psychotic Monks ou le Floyd Revisit\u00e9"},"content":{"rendered":"<h2 style=\"text-align: justify;\">Une Alliance D\u00e9mesur\u00e9e entre Joy Division et Nick Cave<\/h2>\n<p><strong>The Psychotic Monks :<\/strong><\/p>\n<p style=\"text-align: justify;\">Est-ce que le coup de foudre existe\u00a0?&#8230; Entre deux \u00eatres, pas de r\u00e9ponse mais entre un individu et la musique, oui, incontestablement. Il y a encore quelques semaines le nom de <strong>Psychotic Monks<\/strong> ne parlait \u00e0 personne et encore moins \u00e0 votre serviteur. L\u2019avantage d\u2019avoir des ami(e)s est que certain(e)s vous orientent dans la bonne direction.<\/p>\n<figure id=\"attachment_4841\" aria-describedby=\"caption-attachment-4841\" style=\"width: 300px\" class=\"wp-caption aligncenter\"><img data-recalc-dims=\"1\" loading=\"lazy\" decoding=\"async\" class=\"wp-image-4841 size-full\" src=\"https:\/\/i0.wp.com\/culturesco.com\/wp-content\/uploads\/2019\/04\/The-Psychotics-Monks-e1570887925782.jpg?resize=300%2C300&#038;ssl=1\" alt=\"The Psychotics Monks\" width=\"300\" height=\"300\" srcset=\"https:\/\/i0.wp.com\/culturesco.com\/wp-content\/uploads\/2019\/04\/The-Psychotics-Monks-e1570887925782.jpg?w=300&amp;ssl=1 300w, https:\/\/i0.wp.com\/culturesco.com\/wp-content\/uploads\/2019\/04\/The-Psychotics-Monks-e1570887925782.jpg?resize=100%2C100&amp;ssl=1 100w\" sizes=\"auto, (max-width: 300px) 100vw, 300px\" \/><figcaption id=\"caption-attachment-4841\" class=\"wp-caption-text\">The Psychotics Monks<\/figcaption><\/figure>\n<p style=\"text-align: justify;\">Et donc voici avec <strong>The Psychotic Monks<\/strong>\u00a0un quatuor parisien qui d\u00e9barque, en version psych\u00e9d\u00e9lique, histoire de coller une \u00e9tiquette. Sortez de ce corps, les Pink Floyd d\u00e9butants sur le titre <strong>\u00ab\u00a0Sink\u00a0\u00bb<\/strong>\u00a0!&#8230; on vous a reconnu et, rassurez-vous, c\u2019est bien\u00a0!&#8230;<\/p>\n<h3 style=\"text-align: justify;\"><em>The Psychotic Monks &#8211; Sink (Live)<\/em><\/h3>\n<div class=\"youtube-embed\" data-video_id=\"mGYv3kCzSo0\"><iframe loading=\"lazy\" title=\"The Psychotic Monks - Sink - Live (Les Bouffardises 2017)\" width=\"696\" height=\"392\" src=\"https:\/\/www.youtube.com\/embed\/mGYv3kCzSo0\" frameborder=\"0\" allow=\"accelerometer; autoplay; clipboard-write; encrypted-media; gyroscope; picture-in-picture; web-share\" referrerpolicy=\"strict-origin-when-cross-origin\" allowfullscreen><\/iframe><\/div>\n<p style=\"text-align: justify;\">Bon, comme on fr\u00f4le l\u2019actualit\u00e9, on va plut\u00f4t s\u2019orienter du c\u00f4t\u00e9 du nouvel album, <strong>\u00ab\u00a0Private Meaning First\u00a0\u00bb<\/strong>, pochette noire avec ouverture lumineuse vers la droite. Rien de plus, rien de moins. Il faut d\u2019abord aller du c\u00f4t\u00e9 des titres\u00a0: on dirait du <strong>Joy Division<\/strong> ou apparent\u00e9. <strong>\u00ab\u00a0Isolation\u00a0\u00bb, \u00ab\u00a0Interzone\u00a0\u00bb, \u00ab\u00a0Confusions\u00a0\u00bb, \u00ab\u00a0Closure\u00a0\u00bb<\/strong> (\u00e7a se rapproche de <strong>\u00ab\u00a0Closer\u00a0\u00bb<\/strong>, non\u00a0?), voici pour les quelques apparent\u00e9s. Mais, comme il faut un c\u00f4t\u00e9 psych\u00e9, allez \u00e9couter <strong>les deux premiers albums du Floyd,<\/strong> p\u00e9riode Syd Barrett puis l\u2019entre deux avec David Gilmour. Une fois bien accroch\u00e9, orientez-vous du c\u00f4t\u00e9 <strong>post rock<\/strong>, avec quelques titres d\u00e9lirants qui se rapprochent de <strong>Sonic Youth<\/strong> ou <strong>Yo La Tengo<\/strong>, d\u2019une longueur d\u00e9mesur\u00e9, \u00e0 l\u2019image du dernier titre aventureux\u00a0: <strong>\u00ab\u00a0(Epilogue) Every Sight\u00a0\u00bb<\/strong>, un bon quart d\u2019heure d\u2019aventure instrumentale.<\/p>\n<h3 style=\"text-align: justify;\"><em>The Psychedelic Monks &#8211; Isolation<\/em><\/h3>\n<div class=\"youtube-embed\" data-video_id=\"GLpPS_a8Tm0\"><iframe loading=\"lazy\" title=\"The Psychotic Monks - Isolation (Live on KEXP)\" width=\"696\" height=\"392\" src=\"https:\/\/www.youtube.com\/embed\/GLpPS_a8Tm0\" frameborder=\"0\" allow=\"accelerometer; autoplay; clipboard-write; encrypted-media; gyroscope; picture-in-picture; web-share\" referrerpolicy=\"strict-origin-when-cross-origin\" allowfullscreen><\/iframe><\/div>\n<p style=\"text-align: justify;\">Sinon vous allez vous retrouver devant un mur cold wave alli\u00e9 avec des sorties fa\u00e7on <a href=\"https:\/\/culturesco.com\/index.php\/2019\/06\/21\/nick-cave-livre-paroles-de-fans-aux-editions-camion-blanc-par-pedro-penas-y-robles\/\" target=\"_blank\" rel=\"noopener noreferrer\">Nick Cave and the Bad Seeds<\/a> (<strong>\u00ab\u00a0Isolation\u00a0\u00bb<\/strong>, again) pas d\u00e9pourvu d\u2019insolence ni de respect.<\/p>\n<p style=\"text-align: justify;\">Comme j\u2019habite dans une ville o\u00f9 jadis elle faisait la nique au PSG, d\u2019un point de vue footballistique, mon oreillette me susurre que le groupe d\u00e9barque le quatre octobre prochain \u00e0 c\u00f4t\u00e9 de chez moi. Devinez o\u00f9 je serai ce jour-l\u00e0\u00a0?<\/p>\n<p style=\"text-align: justify;\">The Psychotics Monks &#8211; Private Meaning First<\/p>\n<p style=\"text-align: justify;\"><a href=\"https:\/\/amzn.to\/2VzMkhA\" target=\"_blank\" rel=\"noopener noreferrer\">Vicious Circle<\/a><\/p>\n<p style=\"text-align: justify;\"><strong>Patrick B\u00e9nard\u00a0<\/strong><\/p>\n<p style=\"text-align: center;\">\n<iframe style=\"width: 120px; height: 240px;\" src=\"\/\/ws-eu.amazon-adsystem.com\/widgets\/q?ServiceVersion=20070822&amp;OneJS=1&amp;Operation=GetAdHtml&amp;MarketPlace=FR&amp;source=ss&amp;ref=as_ss_li_til&amp;ad_type=product_link&amp;tracking_id=auguste00-21&amp;language=fr_FR&amp;marketplace=amazon&amp;region=FR&amp;placement=B07PKDC3Y2&amp;asins=B07PKDC3Y2&amp;linkId=237693ed7674380cd769f3671d83cb50&amp;show_border=true&amp;link_opens_in_new_window=true\" frameborder=\"0\" marginwidth=\"0\" marginheight=\"0\" scrolling=\"no\"><\/iframe><\/p>\n","protected":false},"excerpt":{"rendered":"<p>Une Alliance D\u00e9mesur\u00e9e entre Joy Division et Nick Cave The Psychotic Monks : Est-ce que le coup de foudre existe\u00a0?&#8230; Entre deux \u00eatres, pas de r\u00e9ponse mais entre un individu et la musique, oui, incontestablement. Il y a encore quelques semaines le nom de Psychotic Monks ne parlait \u00e0 personne et encore moins \u00e0 votre [&hellip;]<\/p>\n","protected":false},"author":4,"featured_media":4841,"comment_status":"closed","ping_status":"closed","sticky":false,"template":"","format":"image","meta":{"jetpack_post_was_ever_published":false,"tdm_status":"","tdm_grid_status":"","_jetpack_newsletter_access":"","_jetpack_dont_email_post_to_subs":false,"_jetpack_newsletter_tier_id":0,"_jetpack_memberships_contains_paywalled_content":false,"_jetpack_memberships_contains_paid_content":false,"footnotes":""},"categories":[30,17,36],"tags":[],"class_list":{"0":"post-4840","1":"post","2":"type-post","3":"status-publish","4":"format-image","5":"has-post-thumbnail","7":"category-albums-rock","8":"category-carotte-rock-cultures","9":"category-groupes-rock-daujourdhui","10":"post_format-post-format-image"},"yoast_head":"<!-- This site is optimized with the Yoast SEO plugin v27.5 - https:\/\/yoast.com\/product\/yoast-seo-wordpress\/ -->\n<title>The Psychotic Monks ou le Floyd Revisit\u00e9 - Culturesco<\/title>\n<meta name=\"description\" content=\"CulturesCo | The Psychotic Monks sortent leur deuxi\u00e8me album intitul\u00e9 : Private Meaning First - Entre cold wave et psych\u00e9d\u00e9lisme\" \/>\n<meta name=\"robots\" content=\"index, follow, max-snippet:-1, max-image-preview:large, max-video-preview:-1\" \/>\n<link rel=\"canonical\" href=\"https:\/\/culturesco.com\/index.php\/2019\/04\/16\/the-psychotic-monks-deuxieme-album-private-meaning-first-entre-cold-wave-et-psychedelisme\/\" \/>\n<meta property=\"og:locale\" content=\"fr_FR\" \/>\n<meta property=\"og:type\" content=\"article\" \/>\n<meta property=\"og:title\" content=\"The Psychotic Monks ou le Floyd Revisit\u00e9 - Culturesco\" \/>\n<meta property=\"og:description\" content=\"CulturesCo | The Psychotic Monks sortent leur deuxi\u00e8me album intitul\u00e9 : Private Meaning First - Entre cold wave et psych\u00e9d\u00e9lisme\" \/>\n<meta property=\"og:url\" content=\"https:\/\/culturesco.com\/index.php\/2019\/04\/16\/the-psychotic-monks-deuxieme-album-private-meaning-first-entre-cold-wave-et-psychedelisme\/\" \/>\n<meta property=\"og:site_name\" content=\"Culturesco\" \/>\n<meta property=\"article:publisher\" content=\"https:\/\/www.facebook.com\/radioculturesco\" \/>\n<meta property=\"article:published_time\" content=\"2019-04-16T00:46:59+00:00\" \/>\n<meta property=\"article:modified_time\" content=\"2019-10-12T13:47:38+00:00\" \/>\n<meta property=\"og:image\" content=\"https:\/\/i1.wp.com\/culturesco.com\/wp-content\/uploads\/2019\/04\/The-Psychotics-Monks-e1570887925782.jpg?fit=300%2C300&ssl=1\" \/>\n\t<meta property=\"og:image:width\" content=\"300\" \/>\n\t<meta property=\"og:image:height\" content=\"300\" \/>\n\t<meta property=\"og:image:type\" content=\"image\/jpeg\" \/>\n<meta name=\"author\" content=\"Patrick Benard\" \/>\n<meta name=\"twitter:card\" content=\"summary_large_image\" \/>\n<meta name=\"twitter:creator\" content=\"@AugusteMarshal\" \/>\n<meta name=\"twitter:site\" content=\"@AugusteMarshal\" \/>\n<meta name=\"twitter:label1\" content=\"\u00c9crit par\" \/>\n\t<meta name=\"twitter:data1\" content=\"Patrick Benard\" \/>\n\t<meta name=\"twitter:label2\" content=\"Dur\u00e9e de lecture estim\u00e9e\" \/>\n\t<meta name=\"twitter:data2\" content=\"2 minutes\" \/>\n<script type=\"application\/ld+json\" class=\"yoast-schema-graph\">{\"@context\":\"https:\\\/\\\/schema.org\",\"@graph\":[{\"@type\":\"Article\",\"@id\":\"https:\\\/\\\/culturesco.com\\\/index.php\\\/2019\\\/04\\\/16\\\/the-psychotic-monks-deuxieme-album-private-meaning-first-entre-cold-wave-et-psychedelisme\\\/#article\",\"isPartOf\":{\"@id\":\"https:\\\/\\\/culturesco.com\\\/index.php\\\/2019\\\/04\\\/16\\\/the-psychotic-monks-deuxieme-album-private-meaning-first-entre-cold-wave-et-psychedelisme\\\/\"},\"author\":{\"name\":\"Patrick Benard\",\"@id\":\"https:\\\/\\\/culturesco.com\\\/#\\\/schema\\\/person\\\/c2ddd6724863f3bbd20a8278df0891f3\"},\"headline\":\"The Psychotic Monks ou le Floyd Revisit\u00e9\",\"datePublished\":\"2019-04-16T00:46:59+00:00\",\"dateModified\":\"2019-10-12T13:47:38+00:00\",\"mainEntityOfPage\":{\"@id\":\"https:\\\/\\\/culturesco.com\\\/index.php\\\/2019\\\/04\\\/16\\\/the-psychotic-monks-deuxieme-album-private-meaning-first-entre-cold-wave-et-psychedelisme\\\/\"},\"wordCount\":396,\"publisher\":{\"@id\":\"https:\\\/\\\/culturesco.com\\\/#organization\"},\"image\":{\"@id\":\"https:\\\/\\\/culturesco.com\\\/index.php\\\/2019\\\/04\\\/16\\\/the-psychotic-monks-deuxieme-album-private-meaning-first-entre-cold-wave-et-psychedelisme\\\/#primaryimage\"},\"thumbnailUrl\":\"https:\\\/\\\/i0.wp.com\\\/culturesco.com\\\/wp-content\\\/uploads\\\/2019\\\/04\\\/The-Psychotics-Monks-e1570887925782.jpg?fit=300%2C300&ssl=1\",\"articleSection\":[\"Albums rock\",\"Carotte Rock Cultures\",\"Groupes rock d'aujourd'hui\"],\"inLanguage\":\"fr-FR\"},{\"@type\":\"WebPage\",\"@id\":\"https:\\\/\\\/culturesco.com\\\/index.php\\\/2019\\\/04\\\/16\\\/the-psychotic-monks-deuxieme-album-private-meaning-first-entre-cold-wave-et-psychedelisme\\\/\",\"url\":\"https:\\\/\\\/culturesco.com\\\/index.php\\\/2019\\\/04\\\/16\\\/the-psychotic-monks-deuxieme-album-private-meaning-first-entre-cold-wave-et-psychedelisme\\\/\",\"name\":\"The Psychotic Monks ou le Floyd Revisit\u00e9 - Culturesco\",\"isPartOf\":{\"@id\":\"https:\\\/\\\/culturesco.com\\\/#website\"},\"primaryImageOfPage\":{\"@id\":\"https:\\\/\\\/culturesco.com\\\/index.php\\\/2019\\\/04\\\/16\\\/the-psychotic-monks-deuxieme-album-private-meaning-first-entre-cold-wave-et-psychedelisme\\\/#primaryimage\"},\"image\":{\"@id\":\"https:\\\/\\\/culturesco.com\\\/index.php\\\/2019\\\/04\\\/16\\\/the-psychotic-monks-deuxieme-album-private-meaning-first-entre-cold-wave-et-psychedelisme\\\/#primaryimage\"},\"thumbnailUrl\":\"https:\\\/\\\/i0.wp.com\\\/culturesco.com\\\/wp-content\\\/uploads\\\/2019\\\/04\\\/The-Psychotics-Monks-e1570887925782.jpg?fit=300%2C300&ssl=1\",\"datePublished\":\"2019-04-16T00:46:59+00:00\",\"dateModified\":\"2019-10-12T13:47:38+00:00\",\"description\":\"CulturesCo | The Psychotic Monks sortent leur deuxi\u00e8me album intitul\u00e9 : Private Meaning First - Entre cold wave et psych\u00e9d\u00e9lisme\",\"breadcrumb\":{\"@id\":\"https:\\\/\\\/culturesco.com\\\/index.php\\\/2019\\\/04\\\/16\\\/the-psychotic-monks-deuxieme-album-private-meaning-first-entre-cold-wave-et-psychedelisme\\\/#breadcrumb\"},\"inLanguage\":\"fr-FR\",\"potentialAction\":[{\"@type\":\"ReadAction\",\"target\":[\"https:\\\/\\\/culturesco.com\\\/index.php\\\/2019\\\/04\\\/16\\\/the-psychotic-monks-deuxieme-album-private-meaning-first-entre-cold-wave-et-psychedelisme\\\/\"]}]},{\"@type\":\"ImageObject\",\"inLanguage\":\"fr-FR\",\"@id\":\"https:\\\/\\\/culturesco.com\\\/index.php\\\/2019\\\/04\\\/16\\\/the-psychotic-monks-deuxieme-album-private-meaning-first-entre-cold-wave-et-psychedelisme\\\/#primaryimage\",\"url\":\"https:\\\/\\\/i0.wp.com\\\/culturesco.com\\\/wp-content\\\/uploads\\\/2019\\\/04\\\/The-Psychotics-Monks-e1570887925782.jpg?fit=300%2C300&ssl=1\",\"contentUrl\":\"https:\\\/\\\/i0.wp.com\\\/culturesco.com\\\/wp-content\\\/uploads\\\/2019\\\/04\\\/The-Psychotics-Monks-e1570887925782.jpg?fit=300%2C300&ssl=1\",\"width\":300,\"height\":300,\"caption\":\"The Psychotics Monks\"},{\"@type\":\"BreadcrumbList\",\"@id\":\"https:\\\/\\\/culturesco.com\\\/index.php\\\/2019\\\/04\\\/16\\\/the-psychotic-monks-deuxieme-album-private-meaning-first-entre-cold-wave-et-psychedelisme\\\/#breadcrumb\",\"itemListElement\":[{\"@type\":\"ListItem\",\"position\":1,\"name\":\"Accueil\",\"item\":\"https:\\\/\\\/culturesco.com\\\/\"},{\"@type\":\"ListItem\",\"position\":2,\"name\":\"The Psychotic Monks ou le Floyd Revisit\u00e9\"}]},{\"@type\":\"WebSite\",\"@id\":\"https:\\\/\\\/culturesco.com\\\/#website\",\"url\":\"https:\\\/\\\/culturesco.com\\\/\",\"name\":\"Culturesco\",\"description\":\"Culturesco | Un bon coup de pied dans ta Culture\",\"publisher\":{\"@id\":\"https:\\\/\\\/culturesco.com\\\/#organization\"},\"potentialAction\":[{\"@type\":\"SearchAction\",\"target\":{\"@type\":\"EntryPoint\",\"urlTemplate\":\"https:\\\/\\\/culturesco.com\\\/?s={search_term_string}\"},\"query-input\":{\"@type\":\"PropertyValueSpecification\",\"valueRequired\":true,\"valueName\":\"search_term_string\"}}],\"inLanguage\":\"fr-FR\"},{\"@type\":\"Organization\",\"@id\":\"https:\\\/\\\/culturesco.com\\\/#organization\",\"name\":\"CULTURESCO\",\"url\":\"https:\\\/\\\/culturesco.com\\\/\",\"logo\":{\"@type\":\"ImageObject\",\"inLanguage\":\"fr-FR\",\"@id\":\"https:\\\/\\\/culturesco.com\\\/#\\\/schema\\\/logo\\\/image\\\/\",\"url\":\"https:\\\/\\\/i0.wp.com\\\/culturesco.com\\\/wp-content\\\/uploads\\\/2022\\\/04\\\/culturesco-logo-blanc250p.png?fit=250%2C250&ssl=1\",\"contentUrl\":\"https:\\\/\\\/i0.wp.com\\\/culturesco.com\\\/wp-content\\\/uploads\\\/2022\\\/04\\\/culturesco-logo-blanc250p.png?fit=250%2C250&ssl=1\",\"width\":250,\"height\":250,\"caption\":\"CULTURESCO\"},\"image\":{\"@id\":\"https:\\\/\\\/culturesco.com\\\/#\\\/schema\\\/logo\\\/image\\\/\"},\"sameAs\":[\"https:\\\/\\\/www.facebook.com\\\/radioculturesco\",\"https:\\\/\\\/x.com\\\/AugusteMarshal\",\"https:\\\/\\\/www.instagram.com\\\/carotte_rock_culture\\\/\",\"https:\\\/\\\/www.pinterest.fr\\\/augustemarshal\\\/\",\"https:\\\/\\\/www.youtube.com\\\/channel\\\/UCiWLGffqWSXlNnfzp6YwwyQ\"]},{\"@type\":\"Person\",\"@id\":\"https:\\\/\\\/culturesco.com\\\/#\\\/schema\\\/person\\\/c2ddd6724863f3bbd20a8278df0891f3\",\"name\":\"Patrick Benard\",\"image\":{\"@type\":\"ImageObject\",\"inLanguage\":\"fr-FR\",\"@id\":\"https:\\\/\\\/i0.wp.com\\\/culturesco.com\\\/wp-content\\\/uploads\\\/2019\\\/02\\\/patrick-benard-2.jpg?fit=90%2C96&ssl=1\",\"url\":\"https:\\\/\\\/i0.wp.com\\\/culturesco.com\\\/wp-content\\\/uploads\\\/2019\\\/02\\\/patrick-benard-2.jpg?fit=90%2C96&ssl=1\",\"contentUrl\":\"https:\\\/\\\/i0.wp.com\\\/culturesco.com\\\/wp-content\\\/uploads\\\/2019\\\/02\\\/patrick-benard-2.jpg?fit=90%2C96&ssl=1\",\"caption\":\"Patrick Benard\"},\"description\":\"Ecrivain, chroniqueur, animateur radio, cr\u00e9ateur de la revue \u00ab Cin\u00e9manie \u00bb, autour du cin\u00e9ma dit d\u2019art et d\u2019essai, sp\u00e9cialiste du groupe The Cure, archiviste... 2020 : \\\"Le Post Rock\\\" essai sur le post rock de Mogwa\u00ef \u00e0 Godspeed You Black Emperor - Camion Blanc 2014 : \u00ab On the rocks \u2013le rock de 2007 \u00e0 2014 \u00bb chroniques livres et cd rocks, interviews \u2013Editions Vaillant 2010 : \u00ab Dans la T\u00eate de Robert Smith \u00bb, roman fiction autour de l\u2019histoire des Cure et de Robert Smith \u2013 Edilivres 2007 : \u00ab Chroniques Fr\u00e9n\u00e9tiques, une histoire intime du rock \u00bb, roman, prix Technikart. 2001 : \u00ab Les Iles du D\u00e9sert \u00bb, polar autour du rock \u2013 Editions Nykta\",\"url\":\"https:\\\/\\\/culturesco.com\\\/index.php\\\/author\\\/patrick-benard89\\\/\"}]}<\/script>\n<!-- \/ Yoast SEO plugin. -->","yoast_head_json":{"title":"The Psychotic Monks ou le Floyd Revisit\u00e9 - Culturesco","description":"CulturesCo | The Psychotic Monks sortent leur deuxi\u00e8me album intitul\u00e9 : Private Meaning First - Entre cold wave et psych\u00e9d\u00e9lisme","robots":{"index":"index","follow":"follow","max-snippet":"max-snippet:-1","max-image-preview":"max-image-preview:large","max-video-preview":"max-video-preview:-1"},"canonical":"https:\/\/culturesco.com\/index.php\/2019\/04\/16\/the-psychotic-monks-deuxieme-album-private-meaning-first-entre-cold-wave-et-psychedelisme\/","og_locale":"fr_FR","og_type":"article","og_title":"The Psychotic Monks ou le Floyd Revisit\u00e9 - Culturesco","og_description":"CulturesCo | The Psychotic Monks sortent leur deuxi\u00e8me album intitul\u00e9 : Private Meaning First - Entre cold wave et psych\u00e9d\u00e9lisme","og_url":"https:\/\/culturesco.com\/index.php\/2019\/04\/16\/the-psychotic-monks-deuxieme-album-private-meaning-first-entre-cold-wave-et-psychedelisme\/","og_site_name":"Culturesco","article_publisher":"https:\/\/www.facebook.com\/radioculturesco","article_published_time":"2019-04-16T00:46:59+00:00","article_modified_time":"2019-10-12T13:47:38+00:00","og_image":[{"width":300,"height":300,"url":"https:\/\/i1.wp.com\/culturesco.com\/wp-content\/uploads\/2019\/04\/The-Psychotics-Monks-e1570887925782.jpg?fit=300%2C300&ssl=1","type":"image\/jpeg"}],"author":"Patrick Benard","twitter_card":"summary_large_image","twitter_creator":"@AugusteMarshal","twitter_site":"@AugusteMarshal","twitter_misc":{"\u00c9crit par":"Patrick Benard","Dur\u00e9e de lecture estim\u00e9e":"2 minutes"},"schema":{"@context":"https:\/\/schema.org","@graph":[{"@type":"Article","@id":"https:\/\/culturesco.com\/index.php\/2019\/04\/16\/the-psychotic-monks-deuxieme-album-private-meaning-first-entre-cold-wave-et-psychedelisme\/#article","isPartOf":{"@id":"https:\/\/culturesco.com\/index.php\/2019\/04\/16\/the-psychotic-monks-deuxieme-album-private-meaning-first-entre-cold-wave-et-psychedelisme\/"},"author":{"name":"Patrick Benard","@id":"https:\/\/culturesco.com\/#\/schema\/person\/c2ddd6724863f3bbd20a8278df0891f3"},"headline":"The Psychotic Monks ou le Floyd Revisit\u00e9","datePublished":"2019-04-16T00:46:59+00:00","dateModified":"2019-10-12T13:47:38+00:00","mainEntityOfPage":{"@id":"https:\/\/culturesco.com\/index.php\/2019\/04\/16\/the-psychotic-monks-deuxieme-album-private-meaning-first-entre-cold-wave-et-psychedelisme\/"},"wordCount":396,"publisher":{"@id":"https:\/\/culturesco.com\/#organization"},"image":{"@id":"https:\/\/culturesco.com\/index.php\/2019\/04\/16\/the-psychotic-monks-deuxieme-album-private-meaning-first-entre-cold-wave-et-psychedelisme\/#primaryimage"},"thumbnailUrl":"https:\/\/i0.wp.com\/culturesco.com\/wp-content\/uploads\/2019\/04\/The-Psychotics-Monks-e1570887925782.jpg?fit=300%2C300&ssl=1","articleSection":["Albums rock","Carotte Rock Cultures","Groupes rock d'aujourd'hui"],"inLanguage":"fr-FR"},{"@type":"WebPage","@id":"https:\/\/culturesco.com\/index.php\/2019\/04\/16\/the-psychotic-monks-deuxieme-album-private-meaning-first-entre-cold-wave-et-psychedelisme\/","url":"https:\/\/culturesco.com\/index.php\/2019\/04\/16\/the-psychotic-monks-deuxieme-album-private-meaning-first-entre-cold-wave-et-psychedelisme\/","name":"The Psychotic Monks ou le Floyd Revisit\u00e9 - Culturesco","isPartOf":{"@id":"https:\/\/culturesco.com\/#website"},"primaryImageOfPage":{"@id":"https:\/\/culturesco.com\/index.php\/2019\/04\/16\/the-psychotic-monks-deuxieme-album-private-meaning-first-entre-cold-wave-et-psychedelisme\/#primaryimage"},"image":{"@id":"https:\/\/culturesco.com\/index.php\/2019\/04\/16\/the-psychotic-monks-deuxieme-album-private-meaning-first-entre-cold-wave-et-psychedelisme\/#primaryimage"},"thumbnailUrl":"https:\/\/i0.wp.com\/culturesco.com\/wp-content\/uploads\/2019\/04\/The-Psychotics-Monks-e1570887925782.jpg?fit=300%2C300&ssl=1","datePublished":"2019-04-16T00:46:59+00:00","dateModified":"2019-10-12T13:47:38+00:00","description":"CulturesCo | The Psychotic Monks sortent leur deuxi\u00e8me album intitul\u00e9 : Private Meaning First - Entre cold wave et psych\u00e9d\u00e9lisme","breadcrumb":{"@id":"https:\/\/culturesco.com\/index.php\/2019\/04\/16\/the-psychotic-monks-deuxieme-album-private-meaning-first-entre-cold-wave-et-psychedelisme\/#breadcrumb"},"inLanguage":"fr-FR","potentialAction":[{"@type":"ReadAction","target":["https:\/\/culturesco.com\/index.php\/2019\/04\/16\/the-psychotic-monks-deuxieme-album-private-meaning-first-entre-cold-wave-et-psychedelisme\/"]}]},{"@type":"ImageObject","inLanguage":"fr-FR","@id":"https:\/\/culturesco.com\/index.php\/2019\/04\/16\/the-psychotic-monks-deuxieme-album-private-meaning-first-entre-cold-wave-et-psychedelisme\/#primaryimage","url":"https:\/\/i0.wp.com\/culturesco.com\/wp-content\/uploads\/2019\/04\/The-Psychotics-Monks-e1570887925782.jpg?fit=300%2C300&ssl=1","contentUrl":"https:\/\/i0.wp.com\/culturesco.com\/wp-content\/uploads\/2019\/04\/The-Psychotics-Monks-e1570887925782.jpg?fit=300%2C300&ssl=1","width":300,"height":300,"caption":"The Psychotics Monks"},{"@type":"BreadcrumbList","@id":"https:\/\/culturesco.com\/index.php\/2019\/04\/16\/the-psychotic-monks-deuxieme-album-private-meaning-first-entre-cold-wave-et-psychedelisme\/#breadcrumb","itemListElement":[{"@type":"ListItem","position":1,"name":"Accueil","item":"https:\/\/culturesco.com\/"},{"@type":"ListItem","position":2,"name":"The Psychotic Monks ou le Floyd Revisit\u00e9"}]},{"@type":"WebSite","@id":"https:\/\/culturesco.com\/#website","url":"https:\/\/culturesco.com\/","name":"Culturesco","description":"Culturesco | Un bon coup de pied dans ta Culture","publisher":{"@id":"https:\/\/culturesco.com\/#organization"},"potentialAction":[{"@type":"SearchAction","target":{"@type":"EntryPoint","urlTemplate":"https:\/\/culturesco.com\/?s={search_term_string}"},"query-input":{"@type":"PropertyValueSpecification","valueRequired":true,"valueName":"search_term_string"}}],"inLanguage":"fr-FR"},{"@type":"Organization","@id":"https:\/\/culturesco.com\/#organization","name":"CULTURESCO","url":"https:\/\/culturesco.com\/","logo":{"@type":"ImageObject","inLanguage":"fr-FR","@id":"https:\/\/culturesco.com\/#\/schema\/logo\/image\/","url":"https:\/\/i0.wp.com\/culturesco.com\/wp-content\/uploads\/2022\/04\/culturesco-logo-blanc250p.png?fit=250%2C250&ssl=1","contentUrl":"https:\/\/i0.wp.com\/culturesco.com\/wp-content\/uploads\/2022\/04\/culturesco-logo-blanc250p.png?fit=250%2C250&ssl=1","width":250,"height":250,"caption":"CULTURESCO"},"image":{"@id":"https:\/\/culturesco.com\/#\/schema\/logo\/image\/"},"sameAs":["https:\/\/www.facebook.com\/radioculturesco","https:\/\/x.com\/AugusteMarshal","https:\/\/www.instagram.com\/carotte_rock_culture\/","https:\/\/www.pinterest.fr\/augustemarshal\/","https:\/\/www.youtube.com\/channel\/UCiWLGffqWSXlNnfzp6YwwyQ"]},{"@type":"Person","@id":"https:\/\/culturesco.com\/#\/schema\/person\/c2ddd6724863f3bbd20a8278df0891f3","name":"Patrick Benard","image":{"@type":"ImageObject","inLanguage":"fr-FR","@id":"https:\/\/i0.wp.com\/culturesco.com\/wp-content\/uploads\/2019\/02\/patrick-benard-2.jpg?fit=90%2C96&ssl=1","url":"https:\/\/i0.wp.com\/culturesco.com\/wp-content\/uploads\/2019\/02\/patrick-benard-2.jpg?fit=90%2C96&ssl=1","contentUrl":"https:\/\/i0.wp.com\/culturesco.com\/wp-content\/uploads\/2019\/02\/patrick-benard-2.jpg?fit=90%2C96&ssl=1","caption":"Patrick Benard"},"description":"Ecrivain, chroniqueur, animateur radio, cr\u00e9ateur de la revue \u00ab Cin\u00e9manie \u00bb, autour du cin\u00e9ma dit d\u2019art et d\u2019essai, sp\u00e9cialiste du groupe The Cure, archiviste... 2020 : \"Le Post Rock\" essai sur le post rock de Mogwa\u00ef \u00e0 Godspeed You Black Emperor - Camion Blanc 2014 : \u00ab On the rocks \u2013le rock de 2007 \u00e0 2014 \u00bb chroniques livres et cd rocks, interviews \u2013Editions Vaillant 2010 : \u00ab Dans la T\u00eate de Robert Smith \u00bb, roman fiction autour de l\u2019histoire des Cure et de Robert Smith \u2013 Edilivres 2007 : \u00ab Chroniques Fr\u00e9n\u00e9tiques, une histoire intime du rock \u00bb, roman, prix Technikart. 2001 : \u00ab Les Iles du D\u00e9sert \u00bb, polar autour du rock \u2013 Editions Nykta","url":"https:\/\/culturesco.com\/index.php\/author\/patrick-benard89\/"}]}},"jetpack_featured_media_url":"https:\/\/i0.wp.com\/culturesco.com\/wp-content\/uploads\/2019\/04\/The-Psychotics-Monks-e1570887925782.jpg?fit=300%2C300&ssl=1","jetpack_likes_enabled":true,"jetpack_sharing_enabled":true,"jetpack_shortlink":"https:\/\/wp.me\/paz89I-1g4","_links":{"self":[{"href":"https:\/\/culturesco.com\/index.php\/wp-json\/wp\/v2\/posts\/4840","targetHints":{"allow":["GET"]}}],"collection":[{"href":"https:\/\/culturesco.com\/index.php\/wp-json\/wp\/v2\/posts"}],"about":[{"href":"https:\/\/culturesco.com\/index.php\/wp-json\/wp\/v2\/types\/post"}],"author":[{"embeddable":true,"href":"https:\/\/culturesco.com\/index.php\/wp-json\/wp\/v2\/users\/4"}],"replies":[{"embeddable":true,"href":"https:\/\/culturesco.com\/index.php\/wp-json\/wp\/v2\/comments?post=4840"}],"version-history":[{"count":0,"href":"https:\/\/culturesco.com\/index.php\/wp-json\/wp\/v2\/posts\/4840\/revisions"}],"wp:featuredmedia":[{"embeddable":true,"href":"https:\/\/culturesco.com\/index.php\/wp-json\/wp\/v2\/media\/4841"}],"wp:attachment":[{"href":"https:\/\/culturesco.com\/index.php\/wp-json\/wp\/v2\/media?parent=4840"}],"wp:term":[{"taxonomy":"category","embeddable":true,"href":"https:\/\/culturesco.com\/index.php\/wp-json\/wp\/v2\/categories?post=4840"},{"taxonomy":"post_tag","embeddable":true,"href":"https:\/\/culturesco.com\/index.php\/wp-json\/wp\/v2\/tags?post=4840"}],"curies":[{"name":"wp","href":"https:\/\/api.w.org\/{rel}","templated":true}]}}