{"id":4771,"date":"2019-04-13T18:43:53","date_gmt":"2019-04-13T16:43:53","guid":{"rendered":"https:\/\/culturesco.com\/?p=4771"},"modified":"2019-06-11T10:57:02","modified_gmt":"2019-06-11T08:57:02","slug":"pete-farndon-bassiste-de-the-pretenders-1952-1983","status":"publish","type":"post","link":"https:\/\/culturesco.com\/index.php\/2019\/04\/13\/pete-farndon-bassiste-de-the-pretenders-1952-1983\/","title":{"rendered":"Pete Farndon bassiste de The Pretenders -1952 -1983"},"content":{"rendered":"<h2>Pete Farndon : Le 1er bassiste des Pretenders<\/h2>\n<p style=\"text-align: justify;\"><strong>Pete Farndon<\/strong> \u00e9tait le bassiste co-fondateur des <strong>Pretenders<\/strong> avec Chrissie Hynde. Tout d&rsquo;abord bassiste au sein de Cold River Lady, puis avec le groupe australien Bushwackers, il rencontre Chrissie Hynde en 1978 et organise la rencontre avec le guitariste James Honeyman Scott. Rapidement, Martin Chambers les rejoint \u00e0 la batterie. C&rsquo;est le d\u00e9but d&rsquo;un groupe culte: The Pretenders.<\/p>\n<p style=\"text-align: justify;\">Pete Farndon avait manifestement une influence importante de part son style et son caract\u00e8re comme l&rsquo;avouera Chrissie Hynde quelques ann\u00e9es plus tard.<\/p>\n<figure id=\"attachment_4774\" aria-describedby=\"caption-attachment-4774\" style=\"width: 269px\" class=\"wp-caption aligncenter\"><img data-recalc-dims=\"1\" loading=\"lazy\" decoding=\"async\" class=\"wp-image-4774 size-full\" src=\"https:\/\/i0.wp.com\/culturesco.com\/wp-content\/uploads\/2019\/04\/chrissie-hynde-et-pete-farndon-e1555169844317.jpg?resize=269%2C350&#038;ssl=1\" alt=\"chrissie hynde et pete farndon \" width=\"269\" height=\"350\" \/><figcaption id=\"caption-attachment-4774\" class=\"wp-caption-text\">Chrissie Hynde et Pete Farndon<\/figcaption><\/figure>\n<p style=\"text-align: justify;\"><a href=\"https:\/\/amzn.to\/2F4m9IP\" target=\"_blank\" rel=\"noopener noreferrer\">Guy Castagn\u00e9 dans son livre: Chrissie Hynde, une rockeuse libre, une artiste engag\u00e9e sorti aux \u00e9ditions Camion Blanc<\/a> rapporte les paroles de <strong>Bruno Blum<\/strong>, journaliste et ami de Pete Farndon.<\/p>\n<blockquote>\n<h4 style=\"text-align: justify;\"><em>\u00ab\u00a0Pete \u00e9tait mon pote dans les Pretenders. Il avait un mode de vie de biker, tr\u00e8s destroy, tout le temps d\u00e9fonc\u00e9. Je connaissais ses potes, ses roadies. Pete a sombr\u00e9 dans l&rsquo;h\u00e9ro\u00efne apr\u00e8s sa s\u00e9paration avec Chrissie. Il avait plein de qualit\u00e9s au plan musical. Mais quand il a commenc\u00e9 \u00e0 gagner de l&rsquo;argent, il a d\u00e9raill\u00e9, s&rsquo;est achet\u00e9 une Aston Martin et m&rsquo;a propos\u00e9 une vir\u00e9e avec lui. Il a pris le Westway (l&rsquo;autoroute de l&rsquo;Ouest), \u00e0 partir de l&rsquo;\u00e9changeur de Sheperd&rsquo;s Bush et il est parti \u00e0 200 \u00e0 l&rsquo;heure en d\u00e9rapage contr\u00f4l\u00e9. J&rsquo;ai bien cru que j&rsquo;allais y passer\u00a0\u00bb<\/em><\/h4>\n<\/blockquote>\n<h3>Precious<\/h3>\n<div class=\"youtube-embed\" data-video_id=\"3YA3hZEDPNI\"><iframe loading=\"lazy\" title=\"The Pretenders - Precious\" width=\"696\" height=\"522\" src=\"https:\/\/www.youtube.com\/embed\/3YA3hZEDPNI\" frameborder=\"0\" allow=\"accelerometer; autoplay; clipboard-write; encrypted-media; gyroscope; picture-in-picture; web-share\" referrerpolicy=\"strict-origin-when-cross-origin\" allowfullscreen><\/iframe><\/div>\n<h3>Pete Farndon d\u00e9c\u00e8de le 14 avril 1983<\/h3>\n<p style=\"text-align: justify;\">Sa femme le retrouve sans vie dans sa baignoire, d\u00e9c\u00e9d\u00e9 des suites d&rsquo;une overdose d\u2019h\u00e9ro\u00efne le 14 avril 1983 \u00e0 tout juste 31 ans. Pete Farndon est le bassiste des deux excellents premiers albums des Pretenders (Pretenders &#8211; 1980 et <a href=\"https:\/\/fr.wikipedia.org\/wiki\/Pretenders_II\" target=\"_blank\" rel=\"noopener noreferrer\">Pretenders II<\/a> &#8211; 1981). Son caract\u00e8re impulsif et impr\u00e9visible ainsi que son addiction \u00e0 la coca\u00efne avaient rendu peu \u00e0 peu impossible la vie de groupe. Les tensions et les accrochages devenaient de plus en plus fr\u00e9quents. <strong>Chrissie Hynde<\/strong> racontera plus tard qu&rsquo;il \u00e9tait devenu impossible de travailler avec lui. Le 12 juin 1982, elle lui demande de quitter le groupe. C&rsquo;est l&rsquo;une des p\u00e9riodes sombres de l&rsquo;histoire du groupe, puisque le guitariste <strong>James Honeyman-Scott<\/strong> meurt dans son sommeil deux jours apr\u00e8s, le 14 juin 1982 des suites d&rsquo;un arr\u00eat cardiaque probablement d\u00fb \u00e0 ses exc\u00e8s de coca\u00efne.<\/p>\n<p><img data-recalc-dims=\"1\" loading=\"lazy\" decoding=\"async\" class=\"aligncenter size-full wp-image-4775\" src=\"https:\/\/i0.wp.com\/culturesco.com\/wp-content\/uploads\/2019\/04\/the-pretenders.jpg?resize=400%2C268&#038;ssl=1\" alt=\"the pretenders\" width=\"400\" height=\"268\" srcset=\"https:\/\/i0.wp.com\/culturesco.com\/wp-content\/uploads\/2019\/04\/the-pretenders.jpg?w=400&amp;ssl=1 400w, https:\/\/i0.wp.com\/culturesco.com\/wp-content\/uploads\/2019\/04\/the-pretenders.jpg?resize=300%2C201&amp;ssl=1 300w\" sizes=\"auto, (max-width: 400px) 100vw, 400px\" \/><\/p>\n<p style=\"text-align: justify;\">Vir\u00e9 des Pretenders, Pete Farndon remontera un nouveau groupe.\u00a0<strong>The<\/strong> <strong>Samourai<\/strong>. Il est alors accompagn\u00e9 de <a href=\"https:\/\/culturesco.com\/index.php\/2018\/09\/27\/annee-1976-au-commencement-etait-the-clash\/\" target=\"_blank\" rel=\"noopener noreferrer\"><strong>Topper Headon<\/strong><\/a>, ex batteur du <a href=\"https:\/\/culturesco.com\/index.php\/2018\/12\/16\/paul-simonon-the-clash-au-palladium-de-new-york-1979\/\" target=\"_blank\" rel=\"noopener noreferrer\">Clash<\/a>.\u00a0<strong>Henry Padovani<\/strong>, ex-guitariste de <a href=\"https:\/\/culturesco.com\/index.php\/2019\/02\/11\/the-police-en-studio-et-en-concert\/\" target=\"_blank\" rel=\"noopener noreferrer\">The Police<\/a>. L&rsquo;organiste <strong>Mick Gallagher<\/strong>\u00a0et le chanteur <strong>Steve Allen<\/strong>.<br \/>\nLes Samourai dureront le temps d&rsquo;une saison et se s\u00e9pareront au d\u00e9c\u00e8s de Pete Farndon le 14 avril 1983.<\/p>\n<p><strong>Une citation de Chrissie Hynde pour terminer :<\/strong><\/p>\n<blockquote>\n<h4 style=\"text-align: justify;\"><em>\u00ab\u00a0Je sais que les Pretenders ont sembl\u00e9 \u00eatre un groupe culte pendant les 20 derni\u00e8res ann\u00e9es. Nous payons notre tribut \u00e0 Pete Farndon et \u00e0 James Honeyman-Scott sans lesquels nous ne serions pas ici. Mais d&rsquo;un autre cot\u00e9 sans nous, ils seraient peut-\u00eatre ici. Le rock&rsquo;n roll, c&rsquo;est comme \u00e7a&#8230;\u00a0\u00bb<\/em><\/h4>\n<\/blockquote>\n<p>Chrissie Hynde : <a href=\"https:\/\/culturesco.com\/index.php\/2018\/12\/07\/chrissie-hynde-the-pretenders-l-egerie-rock\/\" target=\"_blank\" rel=\"noopener noreferrer\">mars 2005, intronisation des Pretenders au Rock&rsquo;n Roll Hall Of Fame<\/a>.<\/p>\n<p>Pete Farndon 12 juin 1952 &#8211; 14 avril 1983<\/p>\n<p><a href=\"https:\/\/i0.wp.com\/culturesco.com\/wp-content\/uploads\/2019\/04\/pete-farndon-1.jpg?ssl=1\"><img data-recalc-dims=\"1\" loading=\"lazy\" decoding=\"async\" class=\"aligncenter wp-image-6581 size-medium\" src=\"https:\/\/i0.wp.com\/culturesco.com\/wp-content\/uploads\/2019\/04\/pete-farndon-1.jpg?resize=300%2C225&#038;ssl=1\" alt=\"pete farndon\" width=\"300\" height=\"225\" srcset=\"https:\/\/i0.wp.com\/culturesco.com\/wp-content\/uploads\/2019\/04\/pete-farndon-1.jpg?resize=300%2C225&amp;ssl=1 300w, https:\/\/i0.wp.com\/culturesco.com\/wp-content\/uploads\/2019\/04\/pete-farndon-1.jpg?resize=80%2C60&amp;ssl=1 80w, https:\/\/i0.wp.com\/culturesco.com\/wp-content\/uploads\/2019\/04\/pete-farndon-1.jpg?resize=265%2C198&amp;ssl=1 265w, https:\/\/i0.wp.com\/culturesco.com\/wp-content\/uploads\/2019\/04\/pete-farndon-1.jpg?resize=560%2C420&amp;ssl=1 560w, https:\/\/i0.wp.com\/culturesco.com\/wp-content\/uploads\/2019\/04\/pete-farndon-1.jpg?w=600&amp;ssl=1 600w\" sizes=\"auto, (max-width: 300px) 100vw, 300px\" \/><\/a><br \/>\nAuguste Marshal<\/p>\n<p>A lire \u00e9galement :<\/p>\n<ul>\n<li><a href=\"https:\/\/culturesco.com\/index.php\/2018\/12\/07\/chrissie-hynde-the-pretenders-l-egerie-rock\/\" target=\"_blank\" rel=\"noopener noreferrer\">Chrissie Hynde \u00e9g\u00e9rie Rock<\/a><\/li>\n<li><a href=\"https:\/\/culturesco.com\/index.php\/2019\/05\/02\/sophie-rosemont-girls-rock\/\" target=\"_blank\" rel=\"noopener noreferrer\">Girls Rock \u2013 Sophie Rosemont : Histoires de femmes Rock aux \u00e9ditions Nil<\/a><\/li>\n<li><a href=\"https:\/\/culturesco.com\/index.php\/2019\/01\/24\/rock-fictions-carole-epinette-photographe-des-legendes-rock\/\" target=\"_blank\" rel=\"noopener noreferrer\">Rock Fictions \u2013 Carole Epinette photographe des l\u00e9gendes Rock, au \u00e9ditions Cherche midi<\/a><\/li>\n<\/ul>\n","protected":false},"excerpt":{"rendered":"<p>Pete Farndon : Le 1er bassiste des Pretenders Pete Farndon \u00e9tait le bassiste co-fondateur des Pretenders avec Chrissie Hynde. Tout d&rsquo;abord bassiste au sein de Cold River Lady, puis avec le groupe australien Bushwackers, il rencontre Chrissie Hynde en 1978 et organise la rencontre avec le guitariste James Honeyman Scott. Rapidement, Martin Chambers les rejoint [&hellip;]<\/p>\n","protected":false},"author":1,"featured_media":4772,"comment_status":"closed","ping_status":"closed","sticky":false,"template":"","format":"standard","meta":{"jetpack_post_was_ever_published":false,"tdm_status":"","tdm_grid_status":"","_jetpack_newsletter_access":"","_jetpack_dont_email_post_to_subs":false,"_jetpack_newsletter_tier_id":0,"_jetpack_memberships_contains_paywalled_content":false,"_jetpack_memberships_contains_paid_content":false,"footnotes":""},"categories":[17,33],"tags":[58,48],"class_list":{"0":"post-4771","1":"post","2":"type-post","3":"status-publish","4":"format-standard","5":"has-post-thumbnail","7":"category-carotte-rock-cultures","8":"category-histoire-du-rock","9":"tag-histoire-du-rock","10":"tag-personnalite-rock"},"yoast_head":"<!-- This site is optimized with the Yoast SEO plugin v27.5 - https:\/\/yoast.com\/product\/yoast-seo-wordpress\/ -->\n<title>Pete Farndon bassiste de The Pretenders -1952 -1983 - Culturesco<\/title>\n<meta name=\"description\" content=\"CulturesCo | Pete Farndon : bassiste et co-fondateur des Pretenders avec Chrissie Hynde - Un talent sabot\u00e9 par son addiction \u00e0 l&#039;h\u00e9ro\u00efne\" \/>\n<meta name=\"robots\" content=\"index, follow, max-snippet:-1, max-image-preview:large, max-video-preview:-1\" \/>\n<link rel=\"canonical\" href=\"https:\/\/culturesco.com\/index.php\/2019\/04\/13\/pete-farndon-bassiste-de-the-pretenders-1952-1983\/\" \/>\n<meta property=\"og:locale\" content=\"fr_FR\" \/>\n<meta property=\"og:type\" content=\"article\" \/>\n<meta property=\"og:title\" content=\"Pete Farndon bassiste de The Pretenders -1952 -1983 - Culturesco\" \/>\n<meta property=\"og:description\" content=\"CulturesCo | Pete Farndon : bassiste et co-fondateur des Pretenders avec Chrissie Hynde - Un talent sabot\u00e9 par son addiction \u00e0 l&#039;h\u00e9ro\u00efne\" \/>\n<meta property=\"og:url\" content=\"https:\/\/culturesco.com\/index.php\/2019\/04\/13\/pete-farndon-bassiste-de-the-pretenders-1952-1983\/\" \/>\n<meta property=\"og:site_name\" content=\"Culturesco\" \/>\n<meta property=\"article:publisher\" content=\"https:\/\/www.facebook.com\/radioculturesco\" \/>\n<meta property=\"article:author\" content=\"https:\/\/www.facebook.com\/radioculturesco\" \/>\n<meta property=\"article:published_time\" content=\"2019-04-13T16:43:53+00:00\" \/>\n<meta property=\"article:modified_time\" content=\"2019-06-11T08:57:02+00:00\" \/>\n<meta property=\"og:image\" content=\"https:\/\/i2.wp.com\/culturesco.com\/wp-content\/uploads\/2019\/04\/pete-farndon.jpg?fit=600%2C314&ssl=1\" \/>\n\t<meta property=\"og:image:width\" content=\"600\" \/>\n\t<meta property=\"og:image:height\" content=\"314\" \/>\n\t<meta property=\"og:image:type\" content=\"image\/jpeg\" \/>\n<meta name=\"author\" content=\"Auguste Marshal\" \/>\n<meta name=\"twitter:card\" content=\"summary_large_image\" \/>\n<meta name=\"twitter:creator\" content=\"@https:\/\/twitter.com\/AugusteMarshal\" \/>\n<meta name=\"twitter:site\" content=\"@AugusteMarshal\" \/>\n<meta name=\"twitter:label1\" content=\"\u00c9crit par\" \/>\n\t<meta name=\"twitter:data1\" content=\"Auguste Marshal\" \/>\n\t<meta name=\"twitter:label2\" content=\"Dur\u00e9e de lecture estim\u00e9e\" \/>\n\t<meta name=\"twitter:data2\" content=\"3 minutes\" \/>\n<script type=\"application\/ld+json\" class=\"yoast-schema-graph\">{\"@context\":\"https:\\\/\\\/schema.org\",\"@graph\":[{\"@type\":\"Article\",\"@id\":\"https:\\\/\\\/culturesco.com\\\/index.php\\\/2019\\\/04\\\/13\\\/pete-farndon-bassiste-de-the-pretenders-1952-1983\\\/#article\",\"isPartOf\":{\"@id\":\"https:\\\/\\\/culturesco.com\\\/index.php\\\/2019\\\/04\\\/13\\\/pete-farndon-bassiste-de-the-pretenders-1952-1983\\\/\"},\"author\":{\"name\":\"Auguste Marshal\",\"@id\":\"https:\\\/\\\/culturesco.com\\\/#\\\/schema\\\/person\\\/9a265b03a60b0fa349532a231f7d1d0e\"},\"headline\":\"Pete Farndon bassiste de The Pretenders -1952 -1983\",\"datePublished\":\"2019-04-13T16:43:53+00:00\",\"dateModified\":\"2019-06-11T08:57:02+00:00\",\"mainEntityOfPage\":{\"@id\":\"https:\\\/\\\/culturesco.com\\\/index.php\\\/2019\\\/04\\\/13\\\/pete-farndon-bassiste-de-the-pretenders-1952-1983\\\/\"},\"wordCount\":593,\"publisher\":{\"@id\":\"https:\\\/\\\/culturesco.com\\\/#organization\"},\"image\":{\"@id\":\"https:\\\/\\\/culturesco.com\\\/index.php\\\/2019\\\/04\\\/13\\\/pete-farndon-bassiste-de-the-pretenders-1952-1983\\\/#primaryimage\"},\"thumbnailUrl\":\"https:\\\/\\\/i0.wp.com\\\/culturesco.com\\\/wp-content\\\/uploads\\\/2019\\\/04\\\/pete-farndon.jpg?fit=600%2C314&ssl=1\",\"keywords\":[\"histoire du rock\",\"Personnalit\u00e9 Rock\"],\"articleSection\":[\"Carotte Rock Cultures\",\"Histoire du rock\"],\"inLanguage\":\"fr-FR\"},{\"@type\":\"WebPage\",\"@id\":\"https:\\\/\\\/culturesco.com\\\/index.php\\\/2019\\\/04\\\/13\\\/pete-farndon-bassiste-de-the-pretenders-1952-1983\\\/\",\"url\":\"https:\\\/\\\/culturesco.com\\\/index.php\\\/2019\\\/04\\\/13\\\/pete-farndon-bassiste-de-the-pretenders-1952-1983\\\/\",\"name\":\"Pete Farndon bassiste de The Pretenders -1952 -1983 - Culturesco\",\"isPartOf\":{\"@id\":\"https:\\\/\\\/culturesco.com\\\/#website\"},\"primaryImageOfPage\":{\"@id\":\"https:\\\/\\\/culturesco.com\\\/index.php\\\/2019\\\/04\\\/13\\\/pete-farndon-bassiste-de-the-pretenders-1952-1983\\\/#primaryimage\"},\"image\":{\"@id\":\"https:\\\/\\\/culturesco.com\\\/index.php\\\/2019\\\/04\\\/13\\\/pete-farndon-bassiste-de-the-pretenders-1952-1983\\\/#primaryimage\"},\"thumbnailUrl\":\"https:\\\/\\\/i0.wp.com\\\/culturesco.com\\\/wp-content\\\/uploads\\\/2019\\\/04\\\/pete-farndon.jpg?fit=600%2C314&ssl=1\",\"datePublished\":\"2019-04-13T16:43:53+00:00\",\"dateModified\":\"2019-06-11T08:57:02+00:00\",\"description\":\"CulturesCo | Pete Farndon : bassiste et co-fondateur des Pretenders avec Chrissie Hynde - Un talent sabot\u00e9 par son addiction \u00e0 l'h\u00e9ro\u00efne\",\"breadcrumb\":{\"@id\":\"https:\\\/\\\/culturesco.com\\\/index.php\\\/2019\\\/04\\\/13\\\/pete-farndon-bassiste-de-the-pretenders-1952-1983\\\/#breadcrumb\"},\"inLanguage\":\"fr-FR\",\"potentialAction\":[{\"@type\":\"ReadAction\",\"target\":[\"https:\\\/\\\/culturesco.com\\\/index.php\\\/2019\\\/04\\\/13\\\/pete-farndon-bassiste-de-the-pretenders-1952-1983\\\/\"]}]},{\"@type\":\"ImageObject\",\"inLanguage\":\"fr-FR\",\"@id\":\"https:\\\/\\\/culturesco.com\\\/index.php\\\/2019\\\/04\\\/13\\\/pete-farndon-bassiste-de-the-pretenders-1952-1983\\\/#primaryimage\",\"url\":\"https:\\\/\\\/i0.wp.com\\\/culturesco.com\\\/wp-content\\\/uploads\\\/2019\\\/04\\\/pete-farndon.jpg?fit=600%2C314&ssl=1\",\"contentUrl\":\"https:\\\/\\\/i0.wp.com\\\/culturesco.com\\\/wp-content\\\/uploads\\\/2019\\\/04\\\/pete-farndon.jpg?fit=600%2C314&ssl=1\",\"width\":600,\"height\":314,\"caption\":\"Pete Farndon\"},{\"@type\":\"BreadcrumbList\",\"@id\":\"https:\\\/\\\/culturesco.com\\\/index.php\\\/2019\\\/04\\\/13\\\/pete-farndon-bassiste-de-the-pretenders-1952-1983\\\/#breadcrumb\",\"itemListElement\":[{\"@type\":\"ListItem\",\"position\":1,\"name\":\"Accueil\",\"item\":\"https:\\\/\\\/culturesco.com\\\/\"},{\"@type\":\"ListItem\",\"position\":2,\"name\":\"Pete Farndon bassiste de The Pretenders -1952 -1983\"}]},{\"@type\":\"WebSite\",\"@id\":\"https:\\\/\\\/culturesco.com\\\/#website\",\"url\":\"https:\\\/\\\/culturesco.com\\\/\",\"name\":\"Culturesco\",\"description\":\"Culturesco | Un bon coup de pied dans ta Culture\",\"publisher\":{\"@id\":\"https:\\\/\\\/culturesco.com\\\/#organization\"},\"potentialAction\":[{\"@type\":\"SearchAction\",\"target\":{\"@type\":\"EntryPoint\",\"urlTemplate\":\"https:\\\/\\\/culturesco.com\\\/?s={search_term_string}\"},\"query-input\":{\"@type\":\"PropertyValueSpecification\",\"valueRequired\":true,\"valueName\":\"search_term_string\"}}],\"inLanguage\":\"fr-FR\"},{\"@type\":\"Organization\",\"@id\":\"https:\\\/\\\/culturesco.com\\\/#organization\",\"name\":\"CULTURESCO\",\"url\":\"https:\\\/\\\/culturesco.com\\\/\",\"logo\":{\"@type\":\"ImageObject\",\"inLanguage\":\"fr-FR\",\"@id\":\"https:\\\/\\\/culturesco.com\\\/#\\\/schema\\\/logo\\\/image\\\/\",\"url\":\"https:\\\/\\\/i0.wp.com\\\/culturesco.com\\\/wp-content\\\/uploads\\\/2022\\\/04\\\/culturesco-logo-blanc250p.png?fit=250%2C250&ssl=1\",\"contentUrl\":\"https:\\\/\\\/i0.wp.com\\\/culturesco.com\\\/wp-content\\\/uploads\\\/2022\\\/04\\\/culturesco-logo-blanc250p.png?fit=250%2C250&ssl=1\",\"width\":250,\"height\":250,\"caption\":\"CULTURESCO\"},\"image\":{\"@id\":\"https:\\\/\\\/culturesco.com\\\/#\\\/schema\\\/logo\\\/image\\\/\"},\"sameAs\":[\"https:\\\/\\\/www.facebook.com\\\/radioculturesco\",\"https:\\\/\\\/x.com\\\/AugusteMarshal\",\"https:\\\/\\\/www.instagram.com\\\/carotte_rock_culture\\\/\",\"https:\\\/\\\/www.pinterest.fr\\\/augustemarshal\\\/\",\"https:\\\/\\\/www.youtube.com\\\/channel\\\/UCiWLGffqWSXlNnfzp6YwwyQ\"]},{\"@type\":\"Person\",\"@id\":\"https:\\\/\\\/culturesco.com\\\/#\\\/schema\\\/person\\\/9a265b03a60b0fa349532a231f7d1d0e\",\"name\":\"Auguste Marshal\",\"image\":{\"@type\":\"ImageObject\",\"inLanguage\":\"fr-FR\",\"@id\":\"https:\\\/\\\/i0.wp.com\\\/culturesco.com\\\/wp-content\\\/uploads\\\/2019\\\/03\\\/auguste.jpg?fit=96%2C74&ssl=1\",\"url\":\"https:\\\/\\\/i0.wp.com\\\/culturesco.com\\\/wp-content\\\/uploads\\\/2019\\\/03\\\/auguste.jpg?fit=96%2C74&ssl=1\",\"contentUrl\":\"https:\\\/\\\/i0.wp.com\\\/culturesco.com\\\/wp-content\\\/uploads\\\/2019\\\/03\\\/auguste.jpg?fit=96%2C74&ssl=1\",\"caption\":\"Auguste Marshal\"},\"description\":\"Animateur Radio - Producteur animateur de l'\u00e9mission Culturesco sur Pop Culture Radio - Community Manager - Cr\u00e9ateur du blog Culturesco.com et pr\u00e9c\u00e9demment du Blog Rock Auguste Marshal - Administrateur des pages Facebook et Instagram Carotte Rock Cultures et Radio CulturesCo - Administrateur de groupes Facebook\",\"sameAs\":[\"https:\\\/\\\/culturesco.com\",\"https:\\\/\\\/www.facebook.com\\\/radioculturesco\",\"https:\\\/\\\/www.instagram.com\\\/carotte_rock_culture\\\/\",\"https:\\\/\\\/www.linkedin.com\\\/in\\\/auguste-marshal-7125b1151\\\/\",\"https:\\\/\\\/x.com\\\/https:\\\/\\\/twitter.com\\\/AugusteMarshal\",\"https:\\\/\\\/www.youtube.com\\\/channel\\\/UCiWLGffqWSXlNnfzp6YwwyQ\"],\"url\":\"https:\\\/\\\/culturesco.com\\\/index.php\\\/author\\\/admin8255\\\/\"}]}<\/script>\n<!-- \/ Yoast SEO plugin. -->","yoast_head_json":{"title":"Pete Farndon bassiste de The Pretenders -1952 -1983 - Culturesco","description":"CulturesCo | Pete Farndon : bassiste et co-fondateur des Pretenders avec Chrissie Hynde - Un talent sabot\u00e9 par son addiction \u00e0 l'h\u00e9ro\u00efne","robots":{"index":"index","follow":"follow","max-snippet":"max-snippet:-1","max-image-preview":"max-image-preview:large","max-video-preview":"max-video-preview:-1"},"canonical":"https:\/\/culturesco.com\/index.php\/2019\/04\/13\/pete-farndon-bassiste-de-the-pretenders-1952-1983\/","og_locale":"fr_FR","og_type":"article","og_title":"Pete Farndon bassiste de The Pretenders -1952 -1983 - Culturesco","og_description":"CulturesCo | Pete Farndon : bassiste et co-fondateur des Pretenders avec Chrissie Hynde - Un talent sabot\u00e9 par son addiction \u00e0 l'h\u00e9ro\u00efne","og_url":"https:\/\/culturesco.com\/index.php\/2019\/04\/13\/pete-farndon-bassiste-de-the-pretenders-1952-1983\/","og_site_name":"Culturesco","article_publisher":"https:\/\/www.facebook.com\/radioculturesco","article_author":"https:\/\/www.facebook.com\/radioculturesco","article_published_time":"2019-04-13T16:43:53+00:00","article_modified_time":"2019-06-11T08:57:02+00:00","og_image":[{"width":600,"height":314,"url":"https:\/\/i2.wp.com\/culturesco.com\/wp-content\/uploads\/2019\/04\/pete-farndon.jpg?fit=600%2C314&ssl=1","type":"image\/jpeg"}],"author":"Auguste Marshal","twitter_card":"summary_large_image","twitter_creator":"@https:\/\/twitter.com\/AugusteMarshal","twitter_site":"@AugusteMarshal","twitter_misc":{"\u00c9crit par":"Auguste Marshal","Dur\u00e9e de lecture estim\u00e9e":"3 minutes"},"schema":{"@context":"https:\/\/schema.org","@graph":[{"@type":"Article","@id":"https:\/\/culturesco.com\/index.php\/2019\/04\/13\/pete-farndon-bassiste-de-the-pretenders-1952-1983\/#article","isPartOf":{"@id":"https:\/\/culturesco.com\/index.php\/2019\/04\/13\/pete-farndon-bassiste-de-the-pretenders-1952-1983\/"},"author":{"name":"Auguste Marshal","@id":"https:\/\/culturesco.com\/#\/schema\/person\/9a265b03a60b0fa349532a231f7d1d0e"},"headline":"Pete Farndon bassiste de The Pretenders -1952 -1983","datePublished":"2019-04-13T16:43:53+00:00","dateModified":"2019-06-11T08:57:02+00:00","mainEntityOfPage":{"@id":"https:\/\/culturesco.com\/index.php\/2019\/04\/13\/pete-farndon-bassiste-de-the-pretenders-1952-1983\/"},"wordCount":593,"publisher":{"@id":"https:\/\/culturesco.com\/#organization"},"image":{"@id":"https:\/\/culturesco.com\/index.php\/2019\/04\/13\/pete-farndon-bassiste-de-the-pretenders-1952-1983\/#primaryimage"},"thumbnailUrl":"https:\/\/i0.wp.com\/culturesco.com\/wp-content\/uploads\/2019\/04\/pete-farndon.jpg?fit=600%2C314&ssl=1","keywords":["histoire du rock","Personnalit\u00e9 Rock"],"articleSection":["Carotte Rock Cultures","Histoire du rock"],"inLanguage":"fr-FR"},{"@type":"WebPage","@id":"https:\/\/culturesco.com\/index.php\/2019\/04\/13\/pete-farndon-bassiste-de-the-pretenders-1952-1983\/","url":"https:\/\/culturesco.com\/index.php\/2019\/04\/13\/pete-farndon-bassiste-de-the-pretenders-1952-1983\/","name":"Pete Farndon bassiste de The Pretenders -1952 -1983 - Culturesco","isPartOf":{"@id":"https:\/\/culturesco.com\/#website"},"primaryImageOfPage":{"@id":"https:\/\/culturesco.com\/index.php\/2019\/04\/13\/pete-farndon-bassiste-de-the-pretenders-1952-1983\/#primaryimage"},"image":{"@id":"https:\/\/culturesco.com\/index.php\/2019\/04\/13\/pete-farndon-bassiste-de-the-pretenders-1952-1983\/#primaryimage"},"thumbnailUrl":"https:\/\/i0.wp.com\/culturesco.com\/wp-content\/uploads\/2019\/04\/pete-farndon.jpg?fit=600%2C314&ssl=1","datePublished":"2019-04-13T16:43:53+00:00","dateModified":"2019-06-11T08:57:02+00:00","description":"CulturesCo | Pete Farndon : bassiste et co-fondateur des Pretenders avec Chrissie Hynde - Un talent sabot\u00e9 par son addiction \u00e0 l'h\u00e9ro\u00efne","breadcrumb":{"@id":"https:\/\/culturesco.com\/index.php\/2019\/04\/13\/pete-farndon-bassiste-de-the-pretenders-1952-1983\/#breadcrumb"},"inLanguage":"fr-FR","potentialAction":[{"@type":"ReadAction","target":["https:\/\/culturesco.com\/index.php\/2019\/04\/13\/pete-farndon-bassiste-de-the-pretenders-1952-1983\/"]}]},{"@type":"ImageObject","inLanguage":"fr-FR","@id":"https:\/\/culturesco.com\/index.php\/2019\/04\/13\/pete-farndon-bassiste-de-the-pretenders-1952-1983\/#primaryimage","url":"https:\/\/i0.wp.com\/culturesco.com\/wp-content\/uploads\/2019\/04\/pete-farndon.jpg?fit=600%2C314&ssl=1","contentUrl":"https:\/\/i0.wp.com\/culturesco.com\/wp-content\/uploads\/2019\/04\/pete-farndon.jpg?fit=600%2C314&ssl=1","width":600,"height":314,"caption":"Pete Farndon"},{"@type":"BreadcrumbList","@id":"https:\/\/culturesco.com\/index.php\/2019\/04\/13\/pete-farndon-bassiste-de-the-pretenders-1952-1983\/#breadcrumb","itemListElement":[{"@type":"ListItem","position":1,"name":"Accueil","item":"https:\/\/culturesco.com\/"},{"@type":"ListItem","position":2,"name":"Pete Farndon bassiste de The Pretenders -1952 -1983"}]},{"@type":"WebSite","@id":"https:\/\/culturesco.com\/#website","url":"https:\/\/culturesco.com\/","name":"Culturesco","description":"Culturesco | Un bon coup de pied dans ta Culture","publisher":{"@id":"https:\/\/culturesco.com\/#organization"},"potentialAction":[{"@type":"SearchAction","target":{"@type":"EntryPoint","urlTemplate":"https:\/\/culturesco.com\/?s={search_term_string}"},"query-input":{"@type":"PropertyValueSpecification","valueRequired":true,"valueName":"search_term_string"}}],"inLanguage":"fr-FR"},{"@type":"Organization","@id":"https:\/\/culturesco.com\/#organization","name":"CULTURESCO","url":"https:\/\/culturesco.com\/","logo":{"@type":"ImageObject","inLanguage":"fr-FR","@id":"https:\/\/culturesco.com\/#\/schema\/logo\/image\/","url":"https:\/\/i0.wp.com\/culturesco.com\/wp-content\/uploads\/2022\/04\/culturesco-logo-blanc250p.png?fit=250%2C250&ssl=1","contentUrl":"https:\/\/i0.wp.com\/culturesco.com\/wp-content\/uploads\/2022\/04\/culturesco-logo-blanc250p.png?fit=250%2C250&ssl=1","width":250,"height":250,"caption":"CULTURESCO"},"image":{"@id":"https:\/\/culturesco.com\/#\/schema\/logo\/image\/"},"sameAs":["https:\/\/www.facebook.com\/radioculturesco","https:\/\/x.com\/AugusteMarshal","https:\/\/www.instagram.com\/carotte_rock_culture\/","https:\/\/www.pinterest.fr\/augustemarshal\/","https:\/\/www.youtube.com\/channel\/UCiWLGffqWSXlNnfzp6YwwyQ"]},{"@type":"Person","@id":"https:\/\/culturesco.com\/#\/schema\/person\/9a265b03a60b0fa349532a231f7d1d0e","name":"Auguste Marshal","image":{"@type":"ImageObject","inLanguage":"fr-FR","@id":"https:\/\/i0.wp.com\/culturesco.com\/wp-content\/uploads\/2019\/03\/auguste.jpg?fit=96%2C74&ssl=1","url":"https:\/\/i0.wp.com\/culturesco.com\/wp-content\/uploads\/2019\/03\/auguste.jpg?fit=96%2C74&ssl=1","contentUrl":"https:\/\/i0.wp.com\/culturesco.com\/wp-content\/uploads\/2019\/03\/auguste.jpg?fit=96%2C74&ssl=1","caption":"Auguste Marshal"},"description":"Animateur Radio - Producteur animateur de l'\u00e9mission Culturesco sur Pop Culture Radio - Community Manager - Cr\u00e9ateur du blog Culturesco.com et pr\u00e9c\u00e9demment du Blog Rock Auguste Marshal - Administrateur des pages Facebook et Instagram Carotte Rock Cultures et Radio CulturesCo - Administrateur de groupes Facebook","sameAs":["https:\/\/culturesco.com","https:\/\/www.facebook.com\/radioculturesco","https:\/\/www.instagram.com\/carotte_rock_culture\/","https:\/\/www.linkedin.com\/in\/auguste-marshal-7125b1151\/","https:\/\/x.com\/https:\/\/twitter.com\/AugusteMarshal","https:\/\/www.youtube.com\/channel\/UCiWLGffqWSXlNnfzp6YwwyQ"],"url":"https:\/\/culturesco.com\/index.php\/author\/admin8255\/"}]}},"jetpack_featured_media_url":"https:\/\/i0.wp.com\/culturesco.com\/wp-content\/uploads\/2019\/04\/pete-farndon.jpg?fit=600%2C314&ssl=1","jetpack_likes_enabled":true,"jetpack_sharing_enabled":true,"jetpack_shortlink":"https:\/\/wp.me\/paz89I-1eX","_links":{"self":[{"href":"https:\/\/culturesco.com\/index.php\/wp-json\/wp\/v2\/posts\/4771","targetHints":{"allow":["GET"]}}],"collection":[{"href":"https:\/\/culturesco.com\/index.php\/wp-json\/wp\/v2\/posts"}],"about":[{"href":"https:\/\/culturesco.com\/index.php\/wp-json\/wp\/v2\/types\/post"}],"author":[{"embeddable":true,"href":"https:\/\/culturesco.com\/index.php\/wp-json\/wp\/v2\/users\/1"}],"replies":[{"embeddable":true,"href":"https:\/\/culturesco.com\/index.php\/wp-json\/wp\/v2\/comments?post=4771"}],"version-history":[{"count":0,"href":"https:\/\/culturesco.com\/index.php\/wp-json\/wp\/v2\/posts\/4771\/revisions"}],"wp:featuredmedia":[{"embeddable":true,"href":"https:\/\/culturesco.com\/index.php\/wp-json\/wp\/v2\/media\/4772"}],"wp:attachment":[{"href":"https:\/\/culturesco.com\/index.php\/wp-json\/wp\/v2\/media?parent=4771"}],"wp:term":[{"taxonomy":"category","embeddable":true,"href":"https:\/\/culturesco.com\/index.php\/wp-json\/wp\/v2\/categories?post=4771"},{"taxonomy":"post_tag","embeddable":true,"href":"https:\/\/culturesco.com\/index.php\/wp-json\/wp\/v2\/tags?post=4771"}],"curies":[{"name":"wp","href":"https:\/\/api.w.org\/{rel}","templated":true}]}}