{"id":4452,"date":"2019-04-05T22:07:19","date_gmt":"2019-04-05T20:07:19","guid":{"rendered":"https:\/\/culturesco.com\/?p=4452"},"modified":"2019-11-05T18:26:10","modified_gmt":"2019-11-05T17:26:10","slug":"the-black-keys-glam-rock-et-psychedelique","status":"publish","type":"post","link":"https:\/\/culturesco.com\/index.php\/2019\/04\/05\/the-black-keys-glam-rock-et-psychedelique\/","title":{"rendered":"The BLACK KEYS &#8211; Glam, Rock, Blues et Psych\u00e9d\u00e9lique"},"content":{"rendered":"<h2>The BLACK KEYS &#8211; Une histoire en deux Lps<\/h2>\n<p><img data-recalc-dims=\"1\" loading=\"lazy\" decoding=\"async\" class=\"aligncenter wp-image-4453 size-full\" src=\"https:\/\/i0.wp.com\/culturesco.com\/wp-content\/uploads\/2019\/04\/TBK-albums-e1554558763917.jpg?resize=400%2C206&#038;ssl=1\" alt=\"The Black Keys\" width=\"400\" height=\"206\" \/><\/p>\n<h3>En studio<\/h3>\n<p style=\"text-align: justify;\"><strong>Ike &amp; Tina Turner<\/strong>, <strong>Sonny and Cher<\/strong>, <strong>Simon and Garfunkel<\/strong>, en musique, si les <strong>duos<\/strong> ont toujours exist\u00e9, f\u00fbt un temps o\u00f9 ils sont tomb\u00e9s en d\u00e9su\u00e9tude au d\u00e9pend de formations plus cossues, des trios, quatuors ou quintettes. Au milieu des ann\u00e9es 2000, l\u2019association de Jack et Meg White relance la donne avec <strong>The White Stripes<\/strong>. Le bin\u00f4me musical revient en force sous les projecteurs m\u00e9diatiques.<\/p>\n<p style=\"text-align: justify;\">Presque au m\u00eame moment, le duo masculin <strong>The Black Keys<\/strong> commence \u00e0 se faire un nom. L\u2019album \u00ab <strong>Attack and release<\/strong> \u00bb (2008) perce la brume de l\u2019underground. Il se fraye un chemin vers le grand public en b\u00e9n\u00e9ficiant d\u2019un titre int\u00e9gr\u00e9 dans une BO : \u00ab <strong>I got mine<\/strong> \u00bb, et d\u2019un autre musicalisant une publicit\u00e9 : \u00ab <strong>Strange times<\/strong> \u00bb, ces deux propulseurs fleurant bon le <strong>heavy blues<\/strong> et le <strong>Zeppelin<\/strong>.<\/p>\n<h3>The BLACK KEYS &#8211; Strange times<\/h3>\n<div class=\"youtube-embed\" data-video_id=\"T5dIrub_N9A\"><iframe loading=\"lazy\" title=\"The Black Keys - Strange Times - Vinyl - HQ\" width=\"696\" height=\"522\" src=\"https:\/\/www.youtube.com\/embed\/T5dIrub_N9A\" frameborder=\"0\" allow=\"accelerometer; autoplay; clipboard-write; encrypted-media; gyroscope; picture-in-picture; web-share\" referrerpolicy=\"strict-origin-when-cross-origin\" allowfullscreen><\/iframe><\/div>\n<p style=\"text-align: justify;\">Alors vint \u00ab<strong> Brothers<\/strong> \u00bb (2010). Malgr\u00e9 cette absence de visuel : une police d\u2019\u00e9criture quelconque, une difformit\u00e9 des caract\u00e8res, du blanc, du rouge et du noir promouvant le suicide commercial, la<strong> hype m\u00e9diatique<\/strong> fait son effet. Soudain, <strong>The Black keys<\/strong> devient <strong>LE groupe<\/strong> \u00e0 voir et \u00e9couter. Quid des crit\u00e8res musicaux susceptibles de g\u00e9n\u00e9rer un tel engouement ? T Rex !!! Cet album exhale le <strong>T Rex revival<\/strong> ! L\u2019\u00e9coute de \u00ab Brothers \u00bb nous propulse en 1971, ann\u00e9e o\u00f9 \u00ab <strong>Electric warrior<\/strong> \u00bb fait r\u00e9f\u00e9rence. Les quinze titres pseudo <strong>glam<\/strong> du disque r\u00e9sonnent <strong>70\u2019s<\/strong>. Piquet\u00e9s de <strong>dry blues<\/strong>, ils s\u2019\u00e9coutent d\u2019affil\u00e9s, sans lassitude.<\/p>\n<h3>The BLACK KEYS &#8211; Everlasting light<\/h3>\n<p>https:\/\/www.youtube.com\/watch?v=dfJgfxT6B1g<\/p>\n<p style=\"text-align: justify;\">Passer des \u00ab juke joint \u00bb, ces bouges \u00e0 poivrots, aux salles de concert de capacit\u00e9 moyenne n\u2019est pas une mince affaire. Il faut muscler la sono et occuper l\u2019espace. Vient alors la difficile question de <strong>l\u2019int\u00e9grit\u00e9<\/strong>, du \u00ab choix \u00bb, de la conciliation entre des postulats musicaux et tout ce <strong>buzz qui agite l\u2019entourage<\/strong>. Les interviews et les groupies se multiplient, les dealers montrent le fond de leurs poches, les \u00ab coups \u00bb deviennent gratuits, de quoi perdre ses rep\u00e8res. Ancr\u00e9s dans leurs bottes, <strong>Dan Auerbach<\/strong> et <strong>Patrick Carney<\/strong> gardent le cap bien qu\u2019entrouvrant encore un peu plus leur \u00ab <strong>roots attitude<\/strong> \u00bb sur l\u2019enregistrement suivant : \u00ab <strong>El Camino<\/strong> \u00bb (2011).<\/p>\n<h3>The BLACK KEYS &#8211; Lonely boy<\/h3>\n<div class=\"youtube-embed\" data-video_id=\"a_426RiwST8\"><iframe loading=\"lazy\" title=\"The Black Keys - Lonely Boy [Official Music Video]\" width=\"696\" height=\"392\" src=\"https:\/\/www.youtube.com\/embed\/a_426RiwST8\" frameborder=\"0\" allow=\"accelerometer; autoplay; clipboard-write; encrypted-media; gyroscope; picture-in-picture; web-share\" referrerpolicy=\"strict-origin-when-cross-origin\" allowfullscreen><\/iframe><\/div>\n<p style=\"text-align: justify;\">Ce faisant, la barbe d\u2019Auerbach gagne du terrain, comme si le chanteur\/guitariste cherchait un camouflage, une voie de sortie \u00e0 ce <strong>compromis devenu difficilement acceptable<\/strong>. Trois ans plus tard, unis telle une toile de Klein, le duo sort \u00ab <strong>Turn blue<\/strong> \u00bb (2014), le dernier de leurs albums en date, galette \u00e9prise d\u2019un <strong>psych\u00e9d\u00e9lisme<\/strong> qui les gomme des ondes radiophoniques. La vie des deux hommes redevient alors d\u2019une presque normalit\u00e9 rassurante.<\/p>\n<p style=\"text-align: justify;\">Pendant cette p\u00e9riode \u00ab <strong>glitter<\/strong> \u00bb, entre 2010 et 2012, qu\u2019en f\u00fbt-il des <strong>Black Keys live ?<\/strong><\/p>\n<h3 style=\"text-align: justify;\">En concert<\/h3>\n<p><a href=\"https:\/\/i0.wp.com\/culturesco.com\/wp-content\/uploads\/2019\/04\/the-black-keys-live-e1554558856869.jpg?ssl=1\"><img data-recalc-dims=\"1\" loading=\"lazy\" decoding=\"async\" class=\"aligncenter wp-image-4454 size-full\" src=\"https:\/\/i0.wp.com\/culturesco.com\/wp-content\/uploads\/2019\/04\/the-black-keys-live-e1554558856869.jpg?resize=350%2C197&#038;ssl=1\" alt=\"The Black Keys\" width=\"350\" height=\"197\" \/><\/a><\/p>\n<p style=\"text-align: justify;\">Pas moyens de d\u00e9goter un billet pour aller juger de leur <strong>cr\u00e9dibilit\u00e9 sc\u00e9nique<\/strong> ! Le <strong>Bataclan<\/strong> en novembre 2010? Complet en trois minutes! Ou alors, il faut n\u00e9gocier avec ces \u00ab vendeurs de trottoir \u00bb, des malfaisants qui revendent le s\u00e9same deux \u00e0 trois fois son prix initial ! Le 25 janvier 2011 au <strong>Z\u00e9nith<\/strong> de Paris ? Complet ! Aaaaaargh ! Depuis que la musique est gratuite via les t\u00e9l\u00e9chargements, l\u2019argent s\u2019est d\u00e9plac\u00e9 des disques vers les concerts : \u00ab J<em>\u2019y \u00e9tais<\/em> \u00bb ! Enfin, le 25 ao\u00fbt 2012, le groupe tient le t\u00eate d\u2019affiche \u00e0 <strong>Rock en Seine<\/strong>. Cette fois-ci, il y a suffisamment de places et d\u2019autres groupes \u00e0 cueillir au passage.<\/p>\n<p><a href=\"https:\/\/i0.wp.com\/culturesco.com\/wp-content\/uploads\/2019\/04\/TBK-billet-e1554558886486.jpg?ssl=1\"><img data-recalc-dims=\"1\" loading=\"lazy\" decoding=\"async\" class=\"aligncenter wp-image-4455 size-medium\" src=\"https:\/\/i0.wp.com\/culturesco.com\/wp-content\/uploads\/2019\/04\/TBK-billet.jpg?resize=300%2C300&#038;ssl=1\" alt=\"The Black Keys\" width=\"300\" height=\"300\" \/><\/a><\/p>\n<p style=\"text-align: justify;\">Apr\u00e8s la d\u00e9couverte de <strong>Ume<\/strong>, sur une petite sc\u00e8ne am\u00e9nag\u00e9e \u00e0 l\u2019ombre des ch\u00eanes, pour un set en trio typ\u00e9 <strong>The Cranberries<\/strong> d\u00e9graiss\u00e9, apr\u00e8s <strong>Eagles of Death Metal<\/strong> pour une party de heavy rock and roll tant d\u00e9contract\u00e9e qu\u2019endiabl\u00e9e, apr\u00e8s un <strong>Noel Gallagher\u2019s High Flying Birds<\/strong> soporifique \u00e0 souhait, go\u00fbtons voir <strong>The Black Keys<\/strong> !<\/p>\n<h3>Gold on the ceiling (live)<\/h3>\n<p>https:\/\/www.youtube.com\/watch?v=5Ure7hBl2RQ<\/p>\n<p style=\"text-align: justify;\">Quelques gouttes de pluie viennent baptiser le concert, heureux pr\u00e9sage ? C\u2019est \u00e0 \u00e9valuer. Malgr\u00e9 des <strong>musiciens additionnels<\/strong> qui viennent \u00e9paissir le son, une impression de \u00ab trop peu \u00bb s\u2019installe progressivement. Cette musique, <strong>heavy glam blues<\/strong>, ne serait-elle pas d\u2019avantage \u00e0 sa place dans une salle comme <strong>la Cigale<\/strong>, pressentiment de pur r\u00e9gal ? Sur l\u2019immense sc\u00e8ne du <strong>Domaine National de Saint-Cloud<\/strong>, le groupe parait \u00ab tout petit \u00bb, surtout lorsqu\u2019il \u0153uvre en duo. Nonobstant, le son est bon et l<strong>\u2019ambiance \u00e9lectrique<\/strong>.<\/p>\n<h3>Money maker (live)<\/h3>\n<div class=\"youtube-embed\" data-video_id=\"XFoOyyS4tZ0\"><iframe loading=\"lazy\" title=\"The Black Keys - Money Maker (Live @ Rock En Seine 2012)\" width=\"696\" height=\"392\" src=\"https:\/\/www.youtube.com\/embed\/XFoOyyS4tZ0\" frameborder=\"0\" allow=\"accelerometer; autoplay; clipboard-write; encrypted-media; gyroscope; picture-in-picture; web-share\" referrerpolicy=\"strict-origin-when-cross-origin\" allowfullscreen><\/iframe><\/div>\n<p style=\"text-align: justify;\">Peut-on r\u00e9ellement juger de quoi que ce soit sur la qualit\u00e9 d\u2019une prestation musicale en \u00ab plein air \u00bb ? <strong>Muse<\/strong>, en 2004, au m\u00eame endroit, f\u00fbt dantesque \u2026 mais avec d\u2019autres moyens. The White Stripes, autre duo, pouvait compter sur le charisme de<strong> Jack White<\/strong>. <strong>The Black Keys<\/strong> ? Et bien disons que, sans \u00eatre d\u00e9cevant, ce concert ne f\u00fbt <strong>pas inoubliable,<\/strong> les pauses entre les morceaux ne jouant pas en faveur d\u2019un s\u00e9quen\u00e7age \u00e9chevel\u00e9. Reste le sentiment d\u2019une<strong> bonne soir\u00e9e<\/strong> de fin d\u2019\u00e9t\u00e9, la majorit\u00e9 du public pr\u00e9sent, amateur de musique live, croquant \u00e0 pleine dents le <strong>rock min\u00e9ral<\/strong> des originaires d\u2019<strong>Akron<\/strong> \u2013 Ohio.<\/p>\n<h3>I got mine (live)<\/h3>\n<div class=\"youtube-embed\" data-video_id=\"O6qRpGibXX4\"><iframe loading=\"lazy\" title=\"THE BLACK KEYS - I Got Mine - Live @ Rock en Seine 2012, St Cloud - August, 25th 2012\" width=\"696\" height=\"392\" src=\"https:\/\/www.youtube.com\/embed\/O6qRpGibXX4\" frameborder=\"0\" allow=\"accelerometer; autoplay; clipboard-write; encrypted-media; gyroscope; picture-in-picture; web-share\" referrerpolicy=\"strict-origin-when-cross-origin\" allowfullscreen><\/iframe><\/div>\n<p style=\"text-align: justify;\">Votre serviteur, quant \u00e0 lui, r\u00e9servera son jugement.<\/p>\n<p><strong>Thierry Dauge.<\/strong><\/p>\n","protected":false},"excerpt":{"rendered":"<p>The BLACK KEYS &#8211; Une histoire en deux Lps En studio Ike &amp; Tina Turner, Sonny and Cher, Simon and Garfunkel, en musique, si les duos ont toujours exist\u00e9, f\u00fbt un temps o\u00f9 ils sont tomb\u00e9s en d\u00e9su\u00e9tude au d\u00e9pend de formations plus cossues, des trios, quatuors ou quintettes. Au milieu des ann\u00e9es 2000, l\u2019association [&hellip;]<\/p>\n","protected":false},"author":3,"featured_media":4456,"comment_status":"closed","ping_status":"closed","sticky":false,"template":"","format":"image","meta":{"jetpack_post_was_ever_published":false,"tdm_status":"","tdm_grid_status":"","_jetpack_newsletter_access":"","_jetpack_dont_email_post_to_subs":false,"_jetpack_newsletter_tier_id":0,"_jetpack_memberships_contains_paywalled_content":false,"_jetpack_memberships_contains_paid_content":false,"footnotes":""},"categories":[17],"tags":[52],"class_list":{"0":"post-4452","1":"post","2":"type-post","3":"status-publish","4":"format-image","5":"has-post-thumbnail","7":"category-carotte-rock-cultures","8":"tag-groupe-rock-actuel","9":"post_format-post-format-image"},"yoast_head":"<!-- This site is optimized with the Yoast SEO plugin v27.4 - https:\/\/yoast.com\/product\/yoast-seo-wordpress\/ -->\n<title>The BLACK KEYS - Glam, Rock, Blues et Psych\u00e9d\u00e9lique - Culturesco<\/title>\n<meta name=\"description\" content=\"CulturesCo | The BLACK KEYS - Glam, Rock, Blues et Psych\u00e9d\u00e9lique | Une histoire en 2 LP | Deux albums et me r\u00e9cit d&#039;un concert : Rock en Seine\" \/>\n<meta name=\"robots\" content=\"index, follow, max-snippet:-1, max-image-preview:large, max-video-preview:-1\" \/>\n<link rel=\"canonical\" href=\"https:\/\/culturesco.com\/index.php\/2019\/04\/05\/the-black-keys-glam-rock-et-psychedelique\/\" \/>\n<meta property=\"og:locale\" content=\"fr_FR\" \/>\n<meta property=\"og:type\" content=\"article\" \/>\n<meta property=\"og:title\" content=\"The BLACK KEYS - Glam, Rock, Blues et Psych\u00e9d\u00e9lique - Culturesco\" \/>\n<meta property=\"og:description\" content=\"CulturesCo | The BLACK KEYS - Glam, Rock, Blues et Psych\u00e9d\u00e9lique | Une histoire en 2 LP | Deux albums et me r\u00e9cit d&#039;un concert : Rock en Seine\" \/>\n<meta property=\"og:url\" content=\"https:\/\/culturesco.com\/index.php\/2019\/04\/05\/the-black-keys-glam-rock-et-psychedelique\/\" \/>\n<meta property=\"og:site_name\" content=\"Culturesco\" \/>\n<meta property=\"article:publisher\" content=\"https:\/\/www.facebook.com\/radioculturesco\" \/>\n<meta property=\"article:published_time\" content=\"2019-04-05T20:07:19+00:00\" \/>\n<meta property=\"article:modified_time\" content=\"2019-11-05T17:26:10+00:00\" \/>\n<meta property=\"og:image\" content=\"https:\/\/i2.wp.com\/culturesco.com\/wp-content\/uploads\/2019\/04\/The-Black-Keys-Front.jpg?fit=600%2C399&ssl=1\" \/>\n\t<meta property=\"og:image:width\" content=\"600\" \/>\n\t<meta property=\"og:image:height\" content=\"399\" \/>\n\t<meta property=\"og:image:type\" content=\"image\/jpeg\" \/>\n<meta name=\"author\" content=\"Thierry Dauge\" \/>\n<meta name=\"twitter:card\" content=\"summary_large_image\" \/>\n<meta name=\"twitter:creator\" content=\"@AugusteMarshal\" \/>\n<meta name=\"twitter:site\" content=\"@AugusteMarshal\" \/>\n<meta name=\"twitter:label1\" content=\"\u00c9crit par\" \/>\n\t<meta name=\"twitter:data1\" content=\"Thierry Dauge\" \/>\n\t<meta name=\"twitter:label2\" content=\"Dur\u00e9e de lecture estim\u00e9e\" \/>\n\t<meta name=\"twitter:data2\" content=\"5 minutes\" \/>\n<script type=\"application\/ld+json\" class=\"yoast-schema-graph\">{\"@context\":\"https:\\\/\\\/schema.org\",\"@graph\":[{\"@type\":\"Article\",\"@id\":\"https:\\\/\\\/culturesco.com\\\/index.php\\\/2019\\\/04\\\/05\\\/the-black-keys-glam-rock-et-psychedelique\\\/#article\",\"isPartOf\":{\"@id\":\"https:\\\/\\\/culturesco.com\\\/index.php\\\/2019\\\/04\\\/05\\\/the-black-keys-glam-rock-et-psychedelique\\\/\"},\"author\":{\"name\":\"Thierry Dauge\",\"@id\":\"https:\\\/\\\/culturesco.com\\\/#\\\/schema\\\/person\\\/19f04cf232d246197f6e7d62abe6cb0e\"},\"headline\":\"The BLACK KEYS &#8211; Glam, Rock, Blues et Psych\u00e9d\u00e9lique\",\"datePublished\":\"2019-04-05T20:07:19+00:00\",\"dateModified\":\"2019-11-05T17:26:10+00:00\",\"mainEntityOfPage\":{\"@id\":\"https:\\\/\\\/culturesco.com\\\/index.php\\\/2019\\\/04\\\/05\\\/the-black-keys-glam-rock-et-psychedelique\\\/\"},\"wordCount\":943,\"publisher\":{\"@id\":\"https:\\\/\\\/culturesco.com\\\/#organization\"},\"image\":{\"@id\":\"https:\\\/\\\/culturesco.com\\\/index.php\\\/2019\\\/04\\\/05\\\/the-black-keys-glam-rock-et-psychedelique\\\/#primaryimage\"},\"thumbnailUrl\":\"https:\\\/\\\/i0.wp.com\\\/culturesco.com\\\/wp-content\\\/uploads\\\/2019\\\/04\\\/The-Black-Keys-Front.jpg?fit=600%2C399&ssl=1\",\"keywords\":[\"groupe rock actuel\"],\"articleSection\":[\"Carotte Rock Cultures\"],\"inLanguage\":\"fr-FR\"},{\"@type\":\"WebPage\",\"@id\":\"https:\\\/\\\/culturesco.com\\\/index.php\\\/2019\\\/04\\\/05\\\/the-black-keys-glam-rock-et-psychedelique\\\/\",\"url\":\"https:\\\/\\\/culturesco.com\\\/index.php\\\/2019\\\/04\\\/05\\\/the-black-keys-glam-rock-et-psychedelique\\\/\",\"name\":\"The BLACK KEYS - Glam, Rock, Blues et Psych\u00e9d\u00e9lique - Culturesco\",\"isPartOf\":{\"@id\":\"https:\\\/\\\/culturesco.com\\\/#website\"},\"primaryImageOfPage\":{\"@id\":\"https:\\\/\\\/culturesco.com\\\/index.php\\\/2019\\\/04\\\/05\\\/the-black-keys-glam-rock-et-psychedelique\\\/#primaryimage\"},\"image\":{\"@id\":\"https:\\\/\\\/culturesco.com\\\/index.php\\\/2019\\\/04\\\/05\\\/the-black-keys-glam-rock-et-psychedelique\\\/#primaryimage\"},\"thumbnailUrl\":\"https:\\\/\\\/i0.wp.com\\\/culturesco.com\\\/wp-content\\\/uploads\\\/2019\\\/04\\\/The-Black-Keys-Front.jpg?fit=600%2C399&ssl=1\",\"datePublished\":\"2019-04-05T20:07:19+00:00\",\"dateModified\":\"2019-11-05T17:26:10+00:00\",\"description\":\"CulturesCo | The BLACK KEYS - Glam, Rock, Blues et Psych\u00e9d\u00e9lique | Une histoire en 2 LP | Deux albums et me r\u00e9cit d'un concert : Rock en Seine\",\"breadcrumb\":{\"@id\":\"https:\\\/\\\/culturesco.com\\\/index.php\\\/2019\\\/04\\\/05\\\/the-black-keys-glam-rock-et-psychedelique\\\/#breadcrumb\"},\"inLanguage\":\"fr-FR\",\"potentialAction\":[{\"@type\":\"ReadAction\",\"target\":[\"https:\\\/\\\/culturesco.com\\\/index.php\\\/2019\\\/04\\\/05\\\/the-black-keys-glam-rock-et-psychedelique\\\/\"]}]},{\"@type\":\"ImageObject\",\"inLanguage\":\"fr-FR\",\"@id\":\"https:\\\/\\\/culturesco.com\\\/index.php\\\/2019\\\/04\\\/05\\\/the-black-keys-glam-rock-et-psychedelique\\\/#primaryimage\",\"url\":\"https:\\\/\\\/i0.wp.com\\\/culturesco.com\\\/wp-content\\\/uploads\\\/2019\\\/04\\\/The-Black-Keys-Front.jpg?fit=600%2C399&ssl=1\",\"contentUrl\":\"https:\\\/\\\/i0.wp.com\\\/culturesco.com\\\/wp-content\\\/uploads\\\/2019\\\/04\\\/The-Black-Keys-Front.jpg?fit=600%2C399&ssl=1\",\"width\":600,\"height\":399,\"caption\":\"The Black Keys\"},{\"@type\":\"BreadcrumbList\",\"@id\":\"https:\\\/\\\/culturesco.com\\\/index.php\\\/2019\\\/04\\\/05\\\/the-black-keys-glam-rock-et-psychedelique\\\/#breadcrumb\",\"itemListElement\":[{\"@type\":\"ListItem\",\"position\":1,\"name\":\"Accueil\",\"item\":\"https:\\\/\\\/culturesco.com\\\/\"},{\"@type\":\"ListItem\",\"position\":2,\"name\":\"The BLACK KEYS &#8211; Glam, Rock, Blues et Psych\u00e9d\u00e9lique\"}]},{\"@type\":\"WebSite\",\"@id\":\"https:\\\/\\\/culturesco.com\\\/#website\",\"url\":\"https:\\\/\\\/culturesco.com\\\/\",\"name\":\"Culturesco\",\"description\":\"Culturesco | Un bon coup de pied dans ta Culture\",\"publisher\":{\"@id\":\"https:\\\/\\\/culturesco.com\\\/#organization\"},\"potentialAction\":[{\"@type\":\"SearchAction\",\"target\":{\"@type\":\"EntryPoint\",\"urlTemplate\":\"https:\\\/\\\/culturesco.com\\\/?s={search_term_string}\"},\"query-input\":{\"@type\":\"PropertyValueSpecification\",\"valueRequired\":true,\"valueName\":\"search_term_string\"}}],\"inLanguage\":\"fr-FR\"},{\"@type\":\"Organization\",\"@id\":\"https:\\\/\\\/culturesco.com\\\/#organization\",\"name\":\"CULTURESCO\",\"url\":\"https:\\\/\\\/culturesco.com\\\/\",\"logo\":{\"@type\":\"ImageObject\",\"inLanguage\":\"fr-FR\",\"@id\":\"https:\\\/\\\/culturesco.com\\\/#\\\/schema\\\/logo\\\/image\\\/\",\"url\":\"https:\\\/\\\/i0.wp.com\\\/culturesco.com\\\/wp-content\\\/uploads\\\/2022\\\/04\\\/culturesco-logo-blanc250p.png?fit=250%2C250&ssl=1\",\"contentUrl\":\"https:\\\/\\\/i0.wp.com\\\/culturesco.com\\\/wp-content\\\/uploads\\\/2022\\\/04\\\/culturesco-logo-blanc250p.png?fit=250%2C250&ssl=1\",\"width\":250,\"height\":250,\"caption\":\"CULTURESCO\"},\"image\":{\"@id\":\"https:\\\/\\\/culturesco.com\\\/#\\\/schema\\\/logo\\\/image\\\/\"},\"sameAs\":[\"https:\\\/\\\/www.facebook.com\\\/radioculturesco\",\"https:\\\/\\\/x.com\\\/AugusteMarshal\",\"https:\\\/\\\/www.instagram.com\\\/carotte_rock_culture\\\/\",\"https:\\\/\\\/www.pinterest.fr\\\/augustemarshal\\\/\",\"https:\\\/\\\/www.youtube.com\\\/channel\\\/UCiWLGffqWSXlNnfzp6YwwyQ\"]},{\"@type\":\"Person\",\"@id\":\"https:\\\/\\\/culturesco.com\\\/#\\\/schema\\\/person\\\/19f04cf232d246197f6e7d62abe6cb0e\",\"name\":\"Thierry Dauge\",\"image\":{\"@type\":\"ImageObject\",\"inLanguage\":\"fr-FR\",\"@id\":\"https:\\\/\\\/i0.wp.com\\\/culturesco.com\\\/wp-content\\\/uploads\\\/2018\\\/12\\\/Black-Beauty-and-me.jpg?fit=96%2C96&ssl=1\",\"url\":\"https:\\\/\\\/i0.wp.com\\\/culturesco.com\\\/wp-content\\\/uploads\\\/2018\\\/12\\\/Black-Beauty-and-me.jpg?fit=96%2C96&ssl=1\",\"contentUrl\":\"https:\\\/\\\/i0.wp.com\\\/culturesco.com\\\/wp-content\\\/uploads\\\/2018\\\/12\\\/Black-Beauty-and-me.jpg?fit=96%2C96&ssl=1\",\"caption\":\"Thierry Dauge\"},\"description\":\"Amoureux des 70\u2019s et du hard rock en particulier, Thierry Dauge est chroniqueur sur Culturesco par amour de l\u2019\u00e9criture musicale. Co-auteur du livre\\\"Pop rock - Les instruments de l'ombre\\\" aux \u00e9ditions du Camion Blanc, collaborateur de Vivi pour \\\"Mes Ann\u00e9es Trust\\\", auteur de \\\"Sparks\\\" aux \u00e9ditions du Layeur, parce que le rock est loin d'\u00eatre mort ...\",\"url\":\"https:\\\/\\\/culturesco.com\\\/index.php\\\/author\\\/thierry-dauge888\\\/\"}]}<\/script>\n<!-- \/ Yoast SEO plugin. -->","yoast_head_json":{"title":"The BLACK KEYS - Glam, Rock, Blues et Psych\u00e9d\u00e9lique - Culturesco","description":"CulturesCo | The BLACK KEYS - Glam, Rock, Blues et Psych\u00e9d\u00e9lique | Une histoire en 2 LP | Deux albums et me r\u00e9cit d'un concert : Rock en Seine","robots":{"index":"index","follow":"follow","max-snippet":"max-snippet:-1","max-image-preview":"max-image-preview:large","max-video-preview":"max-video-preview:-1"},"canonical":"https:\/\/culturesco.com\/index.php\/2019\/04\/05\/the-black-keys-glam-rock-et-psychedelique\/","og_locale":"fr_FR","og_type":"article","og_title":"The BLACK KEYS - Glam, Rock, Blues et Psych\u00e9d\u00e9lique - Culturesco","og_description":"CulturesCo | The BLACK KEYS - Glam, Rock, Blues et Psych\u00e9d\u00e9lique | Une histoire en 2 LP | Deux albums et me r\u00e9cit d'un concert : Rock en Seine","og_url":"https:\/\/culturesco.com\/index.php\/2019\/04\/05\/the-black-keys-glam-rock-et-psychedelique\/","og_site_name":"Culturesco","article_publisher":"https:\/\/www.facebook.com\/radioculturesco","article_published_time":"2019-04-05T20:07:19+00:00","article_modified_time":"2019-11-05T17:26:10+00:00","og_image":[{"width":600,"height":399,"url":"https:\/\/i2.wp.com\/culturesco.com\/wp-content\/uploads\/2019\/04\/The-Black-Keys-Front.jpg?fit=600%2C399&ssl=1","type":"image\/jpeg"}],"author":"Thierry Dauge","twitter_card":"summary_large_image","twitter_creator":"@AugusteMarshal","twitter_site":"@AugusteMarshal","twitter_misc":{"\u00c9crit par":"Thierry Dauge","Dur\u00e9e de lecture estim\u00e9e":"5 minutes"},"schema":{"@context":"https:\/\/schema.org","@graph":[{"@type":"Article","@id":"https:\/\/culturesco.com\/index.php\/2019\/04\/05\/the-black-keys-glam-rock-et-psychedelique\/#article","isPartOf":{"@id":"https:\/\/culturesco.com\/index.php\/2019\/04\/05\/the-black-keys-glam-rock-et-psychedelique\/"},"author":{"name":"Thierry Dauge","@id":"https:\/\/culturesco.com\/#\/schema\/person\/19f04cf232d246197f6e7d62abe6cb0e"},"headline":"The BLACK KEYS &#8211; Glam, Rock, Blues et Psych\u00e9d\u00e9lique","datePublished":"2019-04-05T20:07:19+00:00","dateModified":"2019-11-05T17:26:10+00:00","mainEntityOfPage":{"@id":"https:\/\/culturesco.com\/index.php\/2019\/04\/05\/the-black-keys-glam-rock-et-psychedelique\/"},"wordCount":943,"publisher":{"@id":"https:\/\/culturesco.com\/#organization"},"image":{"@id":"https:\/\/culturesco.com\/index.php\/2019\/04\/05\/the-black-keys-glam-rock-et-psychedelique\/#primaryimage"},"thumbnailUrl":"https:\/\/i0.wp.com\/culturesco.com\/wp-content\/uploads\/2019\/04\/The-Black-Keys-Front.jpg?fit=600%2C399&ssl=1","keywords":["groupe rock actuel"],"articleSection":["Carotte Rock Cultures"],"inLanguage":"fr-FR"},{"@type":"WebPage","@id":"https:\/\/culturesco.com\/index.php\/2019\/04\/05\/the-black-keys-glam-rock-et-psychedelique\/","url":"https:\/\/culturesco.com\/index.php\/2019\/04\/05\/the-black-keys-glam-rock-et-psychedelique\/","name":"The BLACK KEYS - Glam, Rock, Blues et Psych\u00e9d\u00e9lique - Culturesco","isPartOf":{"@id":"https:\/\/culturesco.com\/#website"},"primaryImageOfPage":{"@id":"https:\/\/culturesco.com\/index.php\/2019\/04\/05\/the-black-keys-glam-rock-et-psychedelique\/#primaryimage"},"image":{"@id":"https:\/\/culturesco.com\/index.php\/2019\/04\/05\/the-black-keys-glam-rock-et-psychedelique\/#primaryimage"},"thumbnailUrl":"https:\/\/i0.wp.com\/culturesco.com\/wp-content\/uploads\/2019\/04\/The-Black-Keys-Front.jpg?fit=600%2C399&ssl=1","datePublished":"2019-04-05T20:07:19+00:00","dateModified":"2019-11-05T17:26:10+00:00","description":"CulturesCo | The BLACK KEYS - Glam, Rock, Blues et Psych\u00e9d\u00e9lique | Une histoire en 2 LP | Deux albums et me r\u00e9cit d'un concert : Rock en Seine","breadcrumb":{"@id":"https:\/\/culturesco.com\/index.php\/2019\/04\/05\/the-black-keys-glam-rock-et-psychedelique\/#breadcrumb"},"inLanguage":"fr-FR","potentialAction":[{"@type":"ReadAction","target":["https:\/\/culturesco.com\/index.php\/2019\/04\/05\/the-black-keys-glam-rock-et-psychedelique\/"]}]},{"@type":"ImageObject","inLanguage":"fr-FR","@id":"https:\/\/culturesco.com\/index.php\/2019\/04\/05\/the-black-keys-glam-rock-et-psychedelique\/#primaryimage","url":"https:\/\/i0.wp.com\/culturesco.com\/wp-content\/uploads\/2019\/04\/The-Black-Keys-Front.jpg?fit=600%2C399&ssl=1","contentUrl":"https:\/\/i0.wp.com\/culturesco.com\/wp-content\/uploads\/2019\/04\/The-Black-Keys-Front.jpg?fit=600%2C399&ssl=1","width":600,"height":399,"caption":"The Black Keys"},{"@type":"BreadcrumbList","@id":"https:\/\/culturesco.com\/index.php\/2019\/04\/05\/the-black-keys-glam-rock-et-psychedelique\/#breadcrumb","itemListElement":[{"@type":"ListItem","position":1,"name":"Accueil","item":"https:\/\/culturesco.com\/"},{"@type":"ListItem","position":2,"name":"The BLACK KEYS &#8211; Glam, Rock, Blues et Psych\u00e9d\u00e9lique"}]},{"@type":"WebSite","@id":"https:\/\/culturesco.com\/#website","url":"https:\/\/culturesco.com\/","name":"Culturesco","description":"Culturesco | Un bon coup de pied dans ta Culture","publisher":{"@id":"https:\/\/culturesco.com\/#organization"},"potentialAction":[{"@type":"SearchAction","target":{"@type":"EntryPoint","urlTemplate":"https:\/\/culturesco.com\/?s={search_term_string}"},"query-input":{"@type":"PropertyValueSpecification","valueRequired":true,"valueName":"search_term_string"}}],"inLanguage":"fr-FR"},{"@type":"Organization","@id":"https:\/\/culturesco.com\/#organization","name":"CULTURESCO","url":"https:\/\/culturesco.com\/","logo":{"@type":"ImageObject","inLanguage":"fr-FR","@id":"https:\/\/culturesco.com\/#\/schema\/logo\/image\/","url":"https:\/\/i0.wp.com\/culturesco.com\/wp-content\/uploads\/2022\/04\/culturesco-logo-blanc250p.png?fit=250%2C250&ssl=1","contentUrl":"https:\/\/i0.wp.com\/culturesco.com\/wp-content\/uploads\/2022\/04\/culturesco-logo-blanc250p.png?fit=250%2C250&ssl=1","width":250,"height":250,"caption":"CULTURESCO"},"image":{"@id":"https:\/\/culturesco.com\/#\/schema\/logo\/image\/"},"sameAs":["https:\/\/www.facebook.com\/radioculturesco","https:\/\/x.com\/AugusteMarshal","https:\/\/www.instagram.com\/carotte_rock_culture\/","https:\/\/www.pinterest.fr\/augustemarshal\/","https:\/\/www.youtube.com\/channel\/UCiWLGffqWSXlNnfzp6YwwyQ"]},{"@type":"Person","@id":"https:\/\/culturesco.com\/#\/schema\/person\/19f04cf232d246197f6e7d62abe6cb0e","name":"Thierry Dauge","image":{"@type":"ImageObject","inLanguage":"fr-FR","@id":"https:\/\/i0.wp.com\/culturesco.com\/wp-content\/uploads\/2018\/12\/Black-Beauty-and-me.jpg?fit=96%2C96&ssl=1","url":"https:\/\/i0.wp.com\/culturesco.com\/wp-content\/uploads\/2018\/12\/Black-Beauty-and-me.jpg?fit=96%2C96&ssl=1","contentUrl":"https:\/\/i0.wp.com\/culturesco.com\/wp-content\/uploads\/2018\/12\/Black-Beauty-and-me.jpg?fit=96%2C96&ssl=1","caption":"Thierry Dauge"},"description":"Amoureux des 70\u2019s et du hard rock en particulier, Thierry Dauge est chroniqueur sur Culturesco par amour de l\u2019\u00e9criture musicale. Co-auteur du livre\"Pop rock - Les instruments de l'ombre\" aux \u00e9ditions du Camion Blanc, collaborateur de Vivi pour \"Mes Ann\u00e9es Trust\", auteur de \"Sparks\" aux \u00e9ditions du Layeur, parce que le rock est loin d'\u00eatre mort ...","url":"https:\/\/culturesco.com\/index.php\/author\/thierry-dauge888\/"}]}},"jetpack_featured_media_url":"https:\/\/i0.wp.com\/culturesco.com\/wp-content\/uploads\/2019\/04\/The-Black-Keys-Front.jpg?fit=600%2C399&ssl=1","jetpack_likes_enabled":true,"jetpack_sharing_enabled":true,"jetpack_shortlink":"https:\/\/wp.me\/paz89I-19O","_links":{"self":[{"href":"https:\/\/culturesco.com\/index.php\/wp-json\/wp\/v2\/posts\/4452","targetHints":{"allow":["GET"]}}],"collection":[{"href":"https:\/\/culturesco.com\/index.php\/wp-json\/wp\/v2\/posts"}],"about":[{"href":"https:\/\/culturesco.com\/index.php\/wp-json\/wp\/v2\/types\/post"}],"author":[{"embeddable":true,"href":"https:\/\/culturesco.com\/index.php\/wp-json\/wp\/v2\/users\/3"}],"replies":[{"embeddable":true,"href":"https:\/\/culturesco.com\/index.php\/wp-json\/wp\/v2\/comments?post=4452"}],"version-history":[{"count":0,"href":"https:\/\/culturesco.com\/index.php\/wp-json\/wp\/v2\/posts\/4452\/revisions"}],"wp:featuredmedia":[{"embeddable":true,"href":"https:\/\/culturesco.com\/index.php\/wp-json\/wp\/v2\/media\/4456"}],"wp:attachment":[{"href":"https:\/\/culturesco.com\/index.php\/wp-json\/wp\/v2\/media?parent=4452"}],"wp:term":[{"taxonomy":"category","embeddable":true,"href":"https:\/\/culturesco.com\/index.php\/wp-json\/wp\/v2\/categories?post=4452"},{"taxonomy":"post_tag","embeddable":true,"href":"https:\/\/culturesco.com\/index.php\/wp-json\/wp\/v2\/tags?post=4452"}],"curies":[{"name":"wp","href":"https:\/\/api.w.org\/{rel}","templated":true}]}}