{"id":4410,"date":"2019-04-04T16:58:11","date_gmt":"2019-04-04T14:58:11","guid":{"rendered":"https:\/\/culturesco.com\/?p=4410"},"modified":"2019-07-21T16:06:30","modified_gmt":"2019-07-21T14:06:30","slug":"jim-marshall-le-fondateur-des-amplis-et-du-son-marshall","status":"publish","type":"post","link":"https:\/\/culturesco.com\/index.php\/2019\/04\/04\/jim-marshall-le-fondateur-des-amplis-et-du-son-marshall\/","title":{"rendered":"Jim Marshall &#8211; Le fondateur des amplis et du SON Marshall"},"content":{"rendered":"<h2>Jim : le p\u00e8re des amplis Marshall<\/h2>\n<p style=\"text-align: justify;\">Jim Marshall est le fondateur de la fameuse et c\u00e9l\u00e8bre <a href=\"https:\/\/fr.wikipedia.org\/wiki\/Jim_Marshall_(entrepreneur)\" target=\"_blank\" rel=\"noopener noreferrer\">marque d&rsquo;amplis<\/a> Marshall. Atteint tr\u00e8s jeune de tuberculose, il vit une enfance chaotique:<\/p>\n<blockquote>\n<h4 style=\"text-align: justify;\">\u00abJe n\u2019ai jamais vraiment eu une \u00e9ducation parce que j\u2019\u00e9tais \u00e0 l\u2019h\u00f4pital tout le temps avec une tuberculose osseuse\u00bb<\/h4>\n<\/blockquote>\n<p style=\"text-align: justify;\">A l&rsquo;adolescence, son \u00e9tat se stabilise enfin et il d\u00e9veloppe alors une v\u00e9ritable passion pour la musique. Jim d\u00e9marre tout d&rsquo;abord la batterie \u00e0 l&rsquo;\u00e2ge de quatorze ans et deviendra par la suite professeur de batterie. Gr\u00e2ce \u00e0 l&rsquo;impressionnant succ\u00e8s qu&rsquo;il va conna\u00eetre, il d\u00e9cide d&rsquo;ouvrir son propre magasin de batterie. C&rsquo;est dans ce contexte qu&rsquo;il fait la connaissance \u00e0 Londres de <strong>Pete Townshend<\/strong> des <strong>Who<\/strong> et <strong>Ritchie Blackmore<\/strong> (<strong>Deep Purpl<\/strong>e, <strong>Rainbow<\/strong> et <strong>Blackmore&rsquo;s Night<\/strong>). Les deux hommes l&rsquo;incitent \u00e0 lancer son business&#8230; autour de la guitare.<\/p>\n<blockquote>\n<h4 style=\"text-align: justify;\">\u00abIls n\u2019arr\u00eataient pas de me harceler pour que je stocke des guitares et des amplis, ce que j\u2019ai d\u00e9cid\u00e9 de faire.\u00bb<\/h4>\n<\/blockquote>\n<figure id=\"attachment_4411\" aria-describedby=\"caption-attachment-4411\" style=\"width: 300px\" class=\"wp-caption aligncenter\"><a href=\"https:\/\/i0.wp.com\/culturesco.com\/wp-content\/uploads\/2019\/04\/jim-marshall-slash.jpg?ssl=1\"><img data-recalc-dims=\"1\" loading=\"lazy\" decoding=\"async\" class=\"wp-image-4411 size-medium\" src=\"https:\/\/i0.wp.com\/culturesco.com\/wp-content\/uploads\/2019\/04\/jim-marshall-slash.jpg?resize=300%2C183&#038;ssl=1\" alt=\"jim-marshall-slash\" width=\"300\" height=\"183\" srcset=\"https:\/\/i0.wp.com\/culturesco.com\/wp-content\/uploads\/2019\/04\/jim-marshall-slash.jpg?resize=300%2C183&amp;ssl=1 300w, https:\/\/i0.wp.com\/culturesco.com\/wp-content\/uploads\/2019\/04\/jim-marshall-slash.jpg?w=350&amp;ssl=1 350w\" sizes=\"auto, (max-width: 300px) 100vw, 300px\" \/><\/a><figcaption id=\"caption-attachment-4411\" class=\"wp-caption-text\">Slash et Jim Marshall<\/figcaption><\/figure>\n<h3>Le SON Marshall<\/h3>\n<p style=\"text-align: justify;\">Rapidement, il prend conscience que ses clients recherchent un son particulier et Jim Marshall d\u00e9cide alors de mettre au point une petite \u00e9quipe afin de travailler sur un ampli \u00e0 lampe au son sp\u00e9cifique. L&rsquo;\u00e9quipe se compose de <strong>Ken Bran<\/strong>, le r\u00e9parateur du magasin et <strong>Dudley Craven<\/strong>, un jeune \u00e9lectronicien travaillant chez EMI. Cinq tentatives vont suffire pour mettre au point la premi\u00e8re t\u00eate Marshall \u00e0 lampes. On la retrouve en vitrine en septembre 1962. Le <strong>Marshall JTM 45<\/strong>, 30 watts de puissance et une capacit\u00e9 d&rsquo;atteindre les 45 watts avec tous les potards \u00e0 donf, d&rsquo;o\u00f9 le nom! Le son est agressif \u00e0 souhait tout en conservant un dessin m\u00e9lodique marqu\u00e9, c&rsquo;est un succ\u00e8s imm\u00e9diat.<\/p>\n<p><a href=\"https:\/\/i0.wp.com\/culturesco.com\/wp-content\/uploads\/2019\/04\/jtm45-marshall.jpg?ssl=1\"><img data-recalc-dims=\"1\" loading=\"lazy\" decoding=\"async\" class=\"aligncenter wp-image-4412 size-medium\" title=\"Marshall JTM45\" src=\"https:\/\/i0.wp.com\/culturesco.com\/wp-content\/uploads\/2019\/04\/jtm45-marshall.jpg?resize=300%2C110&#038;ssl=1\" alt=\"jtm45-marshall\" width=\"300\" height=\"110\" srcset=\"https:\/\/i0.wp.com\/culturesco.com\/wp-content\/uploads\/2019\/04\/jtm45-marshall.jpg?resize=300%2C110&amp;ssl=1 300w, https:\/\/i0.wp.com\/culturesco.com\/wp-content\/uploads\/2019\/04\/jtm45-marshall.jpg?w=400&amp;ssl=1 400w\" sizes=\"auto, (max-width: 300px) 100vw, 300px\" \/><\/a><\/p>\n<h3 style=\"text-align: justify;\">Autre probl\u00e8me, la diffusion sonore:<\/h3>\n<blockquote>\n<h4 style=\"text-align: justify;\">\u00abNous avons essay\u00e9 des prototypes d\u2019enceintes 2\u00d712\u2033. Mais ils n\u2019arrivaient tout simplement pas \u00e0 nous donner le son ou la projection que nous attendions\u00bb<\/h4>\n<\/blockquote>\n<p style=\"text-align: justify;\">De plus les hauts parleurs, qui \u00e0 l&rsquo;\u00e9poque ne d\u00e9passaient pas les15 watts n&rsquo;\u00e9taient pas en mesure de g\u00e9rer la sortie de l&rsquo;ampli. Jim Marshall a alors l&rsquo;id\u00e9e de coupler 4 haut-parleurs de 12\u00a0\u00bb.<\/p>\n<blockquote>\n<h4 style=\"text-align: justify;\">\u00abLa premi\u00e8re enceinte 4\u00d712 pouces que j\u2019ai construite \u00e9tait droite et quand j\u2019ai pos\u00e9 dessus la t\u00eate JTM45 je me suis dit : \u00c7a n\u2019a pas l\u2019air terrible! \u00c7a ressemble \u00e0 une petite bo\u00eete pos\u00e9e au sommet d\u2019une plus grande. C\u2019est pourquoi il m\u2019est venu \u00e0 l\u2019id\u00e9e de mettre un angle sur la moiti\u00e9 sup\u00e9rieure de l\u2019avant de la caisse de l\u2019enceinte. J\u2019ai fabriqu\u00e9 un angle de fa\u00e7on \u00e0 ce que le haut du 4\u00d712 pouces corresponde aux dimensions de la t\u00eate ainsi les deux \u00e9taient faits pour aller ensemble. Je voulais que l\u2019ensemble ait un beau design. Je voulais qu\u2019il soit plus \u00e9l\u00e9gant et je l\u2019ai fait. Nous \u00e9tions tr\u00e8s fiers lorsque nous avons termin\u00e9.\u00bb<\/h4>\n<\/blockquote>\n<figure id=\"attachment_4413\" aria-describedby=\"caption-attachment-4413\" style=\"width: 300px\" class=\"wp-caption aligncenter\"><a href=\"https:\/\/i0.wp.com\/culturesco.com\/wp-content\/uploads\/2019\/04\/Marshall-4x12.jpg?ssl=1\"><img data-recalc-dims=\"1\" loading=\"lazy\" decoding=\"async\" class=\"wp-image-4413 size-medium\" src=\"https:\/\/i0.wp.com\/culturesco.com\/wp-content\/uploads\/2019\/04\/Marshall-4x12.jpg?resize=300%2C225&#038;ssl=1\" alt=\"Marshall-4x12''\" width=\"300\" height=\"225\" srcset=\"https:\/\/i0.wp.com\/culturesco.com\/wp-content\/uploads\/2019\/04\/Marshall-4x12.jpg?resize=300%2C225&amp;ssl=1 300w, https:\/\/i0.wp.com\/culturesco.com\/wp-content\/uploads\/2019\/04\/Marshall-4x12.jpg?resize=80%2C60&amp;ssl=1 80w, https:\/\/i0.wp.com\/culturesco.com\/wp-content\/uploads\/2019\/04\/Marshall-4x12.jpg?resize=265%2C198&amp;ssl=1 265w, https:\/\/i0.wp.com\/culturesco.com\/wp-content\/uploads\/2019\/04\/Marshall-4x12.jpg?w=320&amp;ssl=1 320w\" sizes=\"auto, (max-width: 300px) 100vw, 300px\" \/><\/a><figcaption id=\"caption-attachment-4413\" class=\"wp-caption-text\">Marshall 4&#215;12\u00a0\u00bb<\/figcaption><\/figure>\n<p style=\"text-align: justify;\">La suite s&rsquo;est brillamment orchestr\u00e9e. L&rsquo;entreprise Marshall est devenue un fabricant mondial incontournable. De nombreux musiciens adopt\u00e8rent le son Marshall, dont Pete Townshend qui passait ses commandes en direct \u00e0 Jim. On doit notament \u00e0 l&rsquo;une de ses commandes le <strong>Stack Marshall 100 Watt. <\/strong>Sans oublier\u00a0<a href=\"https:\/\/culturesco.com\/index.php\/2019\/03\/05\/mort-de-jimi-hendrix-cinquante-ans-de-rumeurs\/\" target=\"_blank\" rel=\"noopener noreferrer\">Jimi Hendrix<\/a>, <strong>Clapton<\/strong>, <strong>Jimmy Page<\/strong>, <strong>Slash<\/strong>&#8230; la liste est longue.<\/p>\n<p style=\"text-align: justify;\">Jim Marshall est mort paisiblement \u00e0 l&rsquo;\u00e2ge de 88 ans, le 5 avril 2012.<\/p>\n<p><strong>Auguste Marshal<\/strong><\/p>\n","protected":false},"excerpt":{"rendered":"<p>Jim : le p\u00e8re des amplis Marshall Jim Marshall est le fondateur de la fameuse et c\u00e9l\u00e8bre marque d&rsquo;amplis Marshall. Atteint tr\u00e8s jeune de tuberculose, il vit une enfance chaotique: \u00abJe n\u2019ai jamais vraiment eu une \u00e9ducation parce que j\u2019\u00e9tais \u00e0 l\u2019h\u00f4pital tout le temps avec une tuberculose osseuse\u00bb A l&rsquo;adolescence, son \u00e9tat se stabilise [&hellip;]<\/p>\n","protected":false},"author":1,"featured_media":4414,"comment_status":"closed","ping_status":"closed","sticky":false,"template":"","format":"standard","meta":{"jetpack_post_was_ever_published":false,"tdm_status":"","tdm_grid_status":"","_jetpack_newsletter_access":"","_jetpack_dont_email_post_to_subs":false,"_jetpack_newsletter_tier_id":0,"_jetpack_memberships_contains_paywalled_content":false,"_jetpack_memberships_contains_paid_content":false,"footnotes":""},"categories":[17,33],"tags":[58],"class_list":{"0":"post-4410","1":"post","2":"type-post","3":"status-publish","4":"format-standard","5":"has-post-thumbnail","7":"category-carotte-rock-cultures","8":"category-histoire-du-rock","9":"tag-histoire-du-rock"},"yoast_head":"<!-- This site is optimized with the Yoast SEO plugin v27.5 - https:\/\/yoast.com\/product\/yoast-seo-wordpress\/ -->\n<title>Jim Marshall - Le fondateur des amplis et du SON Marshall - Culturesco<\/title>\n<meta name=\"description\" content=\"CulturesCo | Qui est vraiment Jim Marshall ? Entrepreneur et cr\u00e9ateur des c\u00e9l\u00e8bres amplis guitares et du son Marshall. Histoire et Biographie.\" \/>\n<meta name=\"robots\" content=\"index, follow, max-snippet:-1, max-image-preview:large, max-video-preview:-1\" \/>\n<link rel=\"canonical\" href=\"https:\/\/culturesco.com\/index.php\/2019\/04\/04\/jim-marshall-le-fondateur-des-amplis-et-du-son-marshall\/\" \/>\n<meta property=\"og:locale\" content=\"fr_FR\" \/>\n<meta property=\"og:type\" content=\"article\" \/>\n<meta property=\"og:title\" content=\"Jim Marshall - Le fondateur des amplis et du SON Marshall - Culturesco\" \/>\n<meta property=\"og:description\" content=\"CulturesCo | Qui est vraiment Jim Marshall ? Entrepreneur et cr\u00e9ateur des c\u00e9l\u00e8bres amplis guitares et du son Marshall. Histoire et Biographie.\" \/>\n<meta property=\"og:url\" content=\"https:\/\/culturesco.com\/index.php\/2019\/04\/04\/jim-marshall-le-fondateur-des-amplis-et-du-son-marshall\/\" \/>\n<meta property=\"og:site_name\" content=\"Culturesco\" \/>\n<meta property=\"article:publisher\" content=\"https:\/\/www.facebook.com\/radioculturesco\" \/>\n<meta property=\"article:author\" content=\"https:\/\/www.facebook.com\/radioculturesco\" \/>\n<meta property=\"article:published_time\" content=\"2019-04-04T14:58:11+00:00\" \/>\n<meta property=\"article:modified_time\" content=\"2019-07-21T14:06:30+00:00\" \/>\n<meta property=\"og:image\" content=\"https:\/\/i2.wp.com\/culturesco.com\/wp-content\/uploads\/2019\/04\/jim-marshall-amp.jpg?fit=600%2C314&ssl=1\" \/>\n\t<meta property=\"og:image:width\" content=\"600\" \/>\n\t<meta property=\"og:image:height\" content=\"314\" \/>\n\t<meta property=\"og:image:type\" content=\"image\/jpeg\" \/>\n<meta name=\"author\" content=\"Auguste Marshal\" \/>\n<meta name=\"twitter:card\" content=\"summary_large_image\" \/>\n<meta name=\"twitter:creator\" content=\"@https:\/\/twitter.com\/AugusteMarshal\" \/>\n<meta name=\"twitter:site\" content=\"@AugusteMarshal\" \/>\n<meta name=\"twitter:label1\" content=\"\u00c9crit par\" \/>\n\t<meta name=\"twitter:data1\" content=\"Auguste Marshal\" \/>\n\t<meta name=\"twitter:label2\" content=\"Dur\u00e9e de lecture estim\u00e9e\" \/>\n\t<meta name=\"twitter:data2\" content=\"3 minutes\" \/>\n<script type=\"application\/ld+json\" class=\"yoast-schema-graph\">{\"@context\":\"https:\\\/\\\/schema.org\",\"@graph\":[{\"@type\":\"Article\",\"@id\":\"https:\\\/\\\/culturesco.com\\\/index.php\\\/2019\\\/04\\\/04\\\/jim-marshall-le-fondateur-des-amplis-et-du-son-marshall\\\/#article\",\"isPartOf\":{\"@id\":\"https:\\\/\\\/culturesco.com\\\/index.php\\\/2019\\\/04\\\/04\\\/jim-marshall-le-fondateur-des-amplis-et-du-son-marshall\\\/\"},\"author\":{\"name\":\"Auguste Marshal\",\"@id\":\"https:\\\/\\\/culturesco.com\\\/#\\\/schema\\\/person\\\/9a265b03a60b0fa349532a231f7d1d0e\"},\"headline\":\"Jim Marshall &#8211; Le fondateur des amplis et du SON Marshall\",\"datePublished\":\"2019-04-04T14:58:11+00:00\",\"dateModified\":\"2019-07-21T14:06:30+00:00\",\"mainEntityOfPage\":{\"@id\":\"https:\\\/\\\/culturesco.com\\\/index.php\\\/2019\\\/04\\\/04\\\/jim-marshall-le-fondateur-des-amplis-et-du-son-marshall\\\/\"},\"wordCount\":608,\"publisher\":{\"@id\":\"https:\\\/\\\/culturesco.com\\\/#organization\"},\"image\":{\"@id\":\"https:\\\/\\\/culturesco.com\\\/index.php\\\/2019\\\/04\\\/04\\\/jim-marshall-le-fondateur-des-amplis-et-du-son-marshall\\\/#primaryimage\"},\"thumbnailUrl\":\"https:\\\/\\\/i0.wp.com\\\/culturesco.com\\\/wp-content\\\/uploads\\\/2019\\\/04\\\/jim-marshall-amp.jpg?fit=600%2C314&ssl=1\",\"keywords\":[\"histoire du rock\"],\"articleSection\":[\"Carotte Rock Cultures\",\"Histoire du rock\"],\"inLanguage\":\"fr-FR\"},{\"@type\":\"WebPage\",\"@id\":\"https:\\\/\\\/culturesco.com\\\/index.php\\\/2019\\\/04\\\/04\\\/jim-marshall-le-fondateur-des-amplis-et-du-son-marshall\\\/\",\"url\":\"https:\\\/\\\/culturesco.com\\\/index.php\\\/2019\\\/04\\\/04\\\/jim-marshall-le-fondateur-des-amplis-et-du-son-marshall\\\/\",\"name\":\"Jim Marshall - Le fondateur des amplis et du SON Marshall - Culturesco\",\"isPartOf\":{\"@id\":\"https:\\\/\\\/culturesco.com\\\/#website\"},\"primaryImageOfPage\":{\"@id\":\"https:\\\/\\\/culturesco.com\\\/index.php\\\/2019\\\/04\\\/04\\\/jim-marshall-le-fondateur-des-amplis-et-du-son-marshall\\\/#primaryimage\"},\"image\":{\"@id\":\"https:\\\/\\\/culturesco.com\\\/index.php\\\/2019\\\/04\\\/04\\\/jim-marshall-le-fondateur-des-amplis-et-du-son-marshall\\\/#primaryimage\"},\"thumbnailUrl\":\"https:\\\/\\\/i0.wp.com\\\/culturesco.com\\\/wp-content\\\/uploads\\\/2019\\\/04\\\/jim-marshall-amp.jpg?fit=600%2C314&ssl=1\",\"datePublished\":\"2019-04-04T14:58:11+00:00\",\"dateModified\":\"2019-07-21T14:06:30+00:00\",\"description\":\"CulturesCo | Qui est vraiment Jim Marshall ? Entrepreneur et cr\u00e9ateur des c\u00e9l\u00e8bres amplis guitares et du son Marshall. Histoire et Biographie.\",\"breadcrumb\":{\"@id\":\"https:\\\/\\\/culturesco.com\\\/index.php\\\/2019\\\/04\\\/04\\\/jim-marshall-le-fondateur-des-amplis-et-du-son-marshall\\\/#breadcrumb\"},\"inLanguage\":\"fr-FR\",\"potentialAction\":[{\"@type\":\"ReadAction\",\"target\":[\"https:\\\/\\\/culturesco.com\\\/index.php\\\/2019\\\/04\\\/04\\\/jim-marshall-le-fondateur-des-amplis-et-du-son-marshall\\\/\"]}]},{\"@type\":\"ImageObject\",\"inLanguage\":\"fr-FR\",\"@id\":\"https:\\\/\\\/culturesco.com\\\/index.php\\\/2019\\\/04\\\/04\\\/jim-marshall-le-fondateur-des-amplis-et-du-son-marshall\\\/#primaryimage\",\"url\":\"https:\\\/\\\/i0.wp.com\\\/culturesco.com\\\/wp-content\\\/uploads\\\/2019\\\/04\\\/jim-marshall-amp.jpg?fit=600%2C314&ssl=1\",\"contentUrl\":\"https:\\\/\\\/i0.wp.com\\\/culturesco.com\\\/wp-content\\\/uploads\\\/2019\\\/04\\\/jim-marshall-amp.jpg?fit=600%2C314&ssl=1\",\"width\":600,\"height\":314},{\"@type\":\"BreadcrumbList\",\"@id\":\"https:\\\/\\\/culturesco.com\\\/index.php\\\/2019\\\/04\\\/04\\\/jim-marshall-le-fondateur-des-amplis-et-du-son-marshall\\\/#breadcrumb\",\"itemListElement\":[{\"@type\":\"ListItem\",\"position\":1,\"name\":\"Accueil\",\"item\":\"https:\\\/\\\/culturesco.com\\\/\"},{\"@type\":\"ListItem\",\"position\":2,\"name\":\"Jim Marshall &#8211; Le fondateur des amplis et du SON Marshall\"}]},{\"@type\":\"WebSite\",\"@id\":\"https:\\\/\\\/culturesco.com\\\/#website\",\"url\":\"https:\\\/\\\/culturesco.com\\\/\",\"name\":\"Culturesco\",\"description\":\"Culturesco | Un bon coup de pied dans ta Culture\",\"publisher\":{\"@id\":\"https:\\\/\\\/culturesco.com\\\/#organization\"},\"potentialAction\":[{\"@type\":\"SearchAction\",\"target\":{\"@type\":\"EntryPoint\",\"urlTemplate\":\"https:\\\/\\\/culturesco.com\\\/?s={search_term_string}\"},\"query-input\":{\"@type\":\"PropertyValueSpecification\",\"valueRequired\":true,\"valueName\":\"search_term_string\"}}],\"inLanguage\":\"fr-FR\"},{\"@type\":\"Organization\",\"@id\":\"https:\\\/\\\/culturesco.com\\\/#organization\",\"name\":\"CULTURESCO\",\"url\":\"https:\\\/\\\/culturesco.com\\\/\",\"logo\":{\"@type\":\"ImageObject\",\"inLanguage\":\"fr-FR\",\"@id\":\"https:\\\/\\\/culturesco.com\\\/#\\\/schema\\\/logo\\\/image\\\/\",\"url\":\"https:\\\/\\\/i0.wp.com\\\/culturesco.com\\\/wp-content\\\/uploads\\\/2022\\\/04\\\/culturesco-logo-blanc250p.png?fit=250%2C250&ssl=1\",\"contentUrl\":\"https:\\\/\\\/i0.wp.com\\\/culturesco.com\\\/wp-content\\\/uploads\\\/2022\\\/04\\\/culturesco-logo-blanc250p.png?fit=250%2C250&ssl=1\",\"width\":250,\"height\":250,\"caption\":\"CULTURESCO\"},\"image\":{\"@id\":\"https:\\\/\\\/culturesco.com\\\/#\\\/schema\\\/logo\\\/image\\\/\"},\"sameAs\":[\"https:\\\/\\\/www.facebook.com\\\/radioculturesco\",\"https:\\\/\\\/x.com\\\/AugusteMarshal\",\"https:\\\/\\\/www.instagram.com\\\/carotte_rock_culture\\\/\",\"https:\\\/\\\/www.pinterest.fr\\\/augustemarshal\\\/\",\"https:\\\/\\\/www.youtube.com\\\/channel\\\/UCiWLGffqWSXlNnfzp6YwwyQ\"]},{\"@type\":\"Person\",\"@id\":\"https:\\\/\\\/culturesco.com\\\/#\\\/schema\\\/person\\\/9a265b03a60b0fa349532a231f7d1d0e\",\"name\":\"Auguste Marshal\",\"image\":{\"@type\":\"ImageObject\",\"inLanguage\":\"fr-FR\",\"@id\":\"https:\\\/\\\/i0.wp.com\\\/culturesco.com\\\/wp-content\\\/uploads\\\/2019\\\/03\\\/auguste.jpg?fit=96%2C74&ssl=1\",\"url\":\"https:\\\/\\\/i0.wp.com\\\/culturesco.com\\\/wp-content\\\/uploads\\\/2019\\\/03\\\/auguste.jpg?fit=96%2C74&ssl=1\",\"contentUrl\":\"https:\\\/\\\/i0.wp.com\\\/culturesco.com\\\/wp-content\\\/uploads\\\/2019\\\/03\\\/auguste.jpg?fit=96%2C74&ssl=1\",\"caption\":\"Auguste Marshal\"},\"description\":\"Animateur Radio - Producteur animateur de l'\u00e9mission Culturesco sur Pop Culture Radio - Community Manager - Cr\u00e9ateur du blog Culturesco.com et pr\u00e9c\u00e9demment du Blog Rock Auguste Marshal - Administrateur des pages Facebook et Instagram Carotte Rock Cultures et Radio CulturesCo - Administrateur de groupes Facebook\",\"sameAs\":[\"https:\\\/\\\/culturesco.com\",\"https:\\\/\\\/www.facebook.com\\\/radioculturesco\",\"https:\\\/\\\/www.instagram.com\\\/carotte_rock_culture\\\/\",\"https:\\\/\\\/www.linkedin.com\\\/in\\\/auguste-marshal-7125b1151\\\/\",\"https:\\\/\\\/x.com\\\/https:\\\/\\\/twitter.com\\\/AugusteMarshal\",\"https:\\\/\\\/www.youtube.com\\\/channel\\\/UCiWLGffqWSXlNnfzp6YwwyQ\"],\"url\":\"https:\\\/\\\/culturesco.com\\\/index.php\\\/author\\\/admin8255\\\/\"}]}<\/script>\n<!-- \/ Yoast SEO plugin. -->","yoast_head_json":{"title":"Jim Marshall - Le fondateur des amplis et du SON Marshall - Culturesco","description":"CulturesCo | Qui est vraiment Jim Marshall ? Entrepreneur et cr\u00e9ateur des c\u00e9l\u00e8bres amplis guitares et du son Marshall. Histoire et Biographie.","robots":{"index":"index","follow":"follow","max-snippet":"max-snippet:-1","max-image-preview":"max-image-preview:large","max-video-preview":"max-video-preview:-1"},"canonical":"https:\/\/culturesco.com\/index.php\/2019\/04\/04\/jim-marshall-le-fondateur-des-amplis-et-du-son-marshall\/","og_locale":"fr_FR","og_type":"article","og_title":"Jim Marshall - Le fondateur des amplis et du SON Marshall - Culturesco","og_description":"CulturesCo | Qui est vraiment Jim Marshall ? Entrepreneur et cr\u00e9ateur des c\u00e9l\u00e8bres amplis guitares et du son Marshall. Histoire et Biographie.","og_url":"https:\/\/culturesco.com\/index.php\/2019\/04\/04\/jim-marshall-le-fondateur-des-amplis-et-du-son-marshall\/","og_site_name":"Culturesco","article_publisher":"https:\/\/www.facebook.com\/radioculturesco","article_author":"https:\/\/www.facebook.com\/radioculturesco","article_published_time":"2019-04-04T14:58:11+00:00","article_modified_time":"2019-07-21T14:06:30+00:00","og_image":[{"width":600,"height":314,"url":"https:\/\/i2.wp.com\/culturesco.com\/wp-content\/uploads\/2019\/04\/jim-marshall-amp.jpg?fit=600%2C314&ssl=1","type":"image\/jpeg"}],"author":"Auguste Marshal","twitter_card":"summary_large_image","twitter_creator":"@https:\/\/twitter.com\/AugusteMarshal","twitter_site":"@AugusteMarshal","twitter_misc":{"\u00c9crit par":"Auguste Marshal","Dur\u00e9e de lecture estim\u00e9e":"3 minutes"},"schema":{"@context":"https:\/\/schema.org","@graph":[{"@type":"Article","@id":"https:\/\/culturesco.com\/index.php\/2019\/04\/04\/jim-marshall-le-fondateur-des-amplis-et-du-son-marshall\/#article","isPartOf":{"@id":"https:\/\/culturesco.com\/index.php\/2019\/04\/04\/jim-marshall-le-fondateur-des-amplis-et-du-son-marshall\/"},"author":{"name":"Auguste Marshal","@id":"https:\/\/culturesco.com\/#\/schema\/person\/9a265b03a60b0fa349532a231f7d1d0e"},"headline":"Jim Marshall &#8211; Le fondateur des amplis et du SON Marshall","datePublished":"2019-04-04T14:58:11+00:00","dateModified":"2019-07-21T14:06:30+00:00","mainEntityOfPage":{"@id":"https:\/\/culturesco.com\/index.php\/2019\/04\/04\/jim-marshall-le-fondateur-des-amplis-et-du-son-marshall\/"},"wordCount":608,"publisher":{"@id":"https:\/\/culturesco.com\/#organization"},"image":{"@id":"https:\/\/culturesco.com\/index.php\/2019\/04\/04\/jim-marshall-le-fondateur-des-amplis-et-du-son-marshall\/#primaryimage"},"thumbnailUrl":"https:\/\/i0.wp.com\/culturesco.com\/wp-content\/uploads\/2019\/04\/jim-marshall-amp.jpg?fit=600%2C314&ssl=1","keywords":["histoire du rock"],"articleSection":["Carotte Rock Cultures","Histoire du rock"],"inLanguage":"fr-FR"},{"@type":"WebPage","@id":"https:\/\/culturesco.com\/index.php\/2019\/04\/04\/jim-marshall-le-fondateur-des-amplis-et-du-son-marshall\/","url":"https:\/\/culturesco.com\/index.php\/2019\/04\/04\/jim-marshall-le-fondateur-des-amplis-et-du-son-marshall\/","name":"Jim Marshall - Le fondateur des amplis et du SON Marshall - Culturesco","isPartOf":{"@id":"https:\/\/culturesco.com\/#website"},"primaryImageOfPage":{"@id":"https:\/\/culturesco.com\/index.php\/2019\/04\/04\/jim-marshall-le-fondateur-des-amplis-et-du-son-marshall\/#primaryimage"},"image":{"@id":"https:\/\/culturesco.com\/index.php\/2019\/04\/04\/jim-marshall-le-fondateur-des-amplis-et-du-son-marshall\/#primaryimage"},"thumbnailUrl":"https:\/\/i0.wp.com\/culturesco.com\/wp-content\/uploads\/2019\/04\/jim-marshall-amp.jpg?fit=600%2C314&ssl=1","datePublished":"2019-04-04T14:58:11+00:00","dateModified":"2019-07-21T14:06:30+00:00","description":"CulturesCo | Qui est vraiment Jim Marshall ? Entrepreneur et cr\u00e9ateur des c\u00e9l\u00e8bres amplis guitares et du son Marshall. Histoire et Biographie.","breadcrumb":{"@id":"https:\/\/culturesco.com\/index.php\/2019\/04\/04\/jim-marshall-le-fondateur-des-amplis-et-du-son-marshall\/#breadcrumb"},"inLanguage":"fr-FR","potentialAction":[{"@type":"ReadAction","target":["https:\/\/culturesco.com\/index.php\/2019\/04\/04\/jim-marshall-le-fondateur-des-amplis-et-du-son-marshall\/"]}]},{"@type":"ImageObject","inLanguage":"fr-FR","@id":"https:\/\/culturesco.com\/index.php\/2019\/04\/04\/jim-marshall-le-fondateur-des-amplis-et-du-son-marshall\/#primaryimage","url":"https:\/\/i0.wp.com\/culturesco.com\/wp-content\/uploads\/2019\/04\/jim-marshall-amp.jpg?fit=600%2C314&ssl=1","contentUrl":"https:\/\/i0.wp.com\/culturesco.com\/wp-content\/uploads\/2019\/04\/jim-marshall-amp.jpg?fit=600%2C314&ssl=1","width":600,"height":314},{"@type":"BreadcrumbList","@id":"https:\/\/culturesco.com\/index.php\/2019\/04\/04\/jim-marshall-le-fondateur-des-amplis-et-du-son-marshall\/#breadcrumb","itemListElement":[{"@type":"ListItem","position":1,"name":"Accueil","item":"https:\/\/culturesco.com\/"},{"@type":"ListItem","position":2,"name":"Jim Marshall &#8211; Le fondateur des amplis et du SON Marshall"}]},{"@type":"WebSite","@id":"https:\/\/culturesco.com\/#website","url":"https:\/\/culturesco.com\/","name":"Culturesco","description":"Culturesco | Un bon coup de pied dans ta Culture","publisher":{"@id":"https:\/\/culturesco.com\/#organization"},"potentialAction":[{"@type":"SearchAction","target":{"@type":"EntryPoint","urlTemplate":"https:\/\/culturesco.com\/?s={search_term_string}"},"query-input":{"@type":"PropertyValueSpecification","valueRequired":true,"valueName":"search_term_string"}}],"inLanguage":"fr-FR"},{"@type":"Organization","@id":"https:\/\/culturesco.com\/#organization","name":"CULTURESCO","url":"https:\/\/culturesco.com\/","logo":{"@type":"ImageObject","inLanguage":"fr-FR","@id":"https:\/\/culturesco.com\/#\/schema\/logo\/image\/","url":"https:\/\/i0.wp.com\/culturesco.com\/wp-content\/uploads\/2022\/04\/culturesco-logo-blanc250p.png?fit=250%2C250&ssl=1","contentUrl":"https:\/\/i0.wp.com\/culturesco.com\/wp-content\/uploads\/2022\/04\/culturesco-logo-blanc250p.png?fit=250%2C250&ssl=1","width":250,"height":250,"caption":"CULTURESCO"},"image":{"@id":"https:\/\/culturesco.com\/#\/schema\/logo\/image\/"},"sameAs":["https:\/\/www.facebook.com\/radioculturesco","https:\/\/x.com\/AugusteMarshal","https:\/\/www.instagram.com\/carotte_rock_culture\/","https:\/\/www.pinterest.fr\/augustemarshal\/","https:\/\/www.youtube.com\/channel\/UCiWLGffqWSXlNnfzp6YwwyQ"]},{"@type":"Person","@id":"https:\/\/culturesco.com\/#\/schema\/person\/9a265b03a60b0fa349532a231f7d1d0e","name":"Auguste Marshal","image":{"@type":"ImageObject","inLanguage":"fr-FR","@id":"https:\/\/i0.wp.com\/culturesco.com\/wp-content\/uploads\/2019\/03\/auguste.jpg?fit=96%2C74&ssl=1","url":"https:\/\/i0.wp.com\/culturesco.com\/wp-content\/uploads\/2019\/03\/auguste.jpg?fit=96%2C74&ssl=1","contentUrl":"https:\/\/i0.wp.com\/culturesco.com\/wp-content\/uploads\/2019\/03\/auguste.jpg?fit=96%2C74&ssl=1","caption":"Auguste Marshal"},"description":"Animateur Radio - Producteur animateur de l'\u00e9mission Culturesco sur Pop Culture Radio - Community Manager - Cr\u00e9ateur du blog Culturesco.com et pr\u00e9c\u00e9demment du Blog Rock Auguste Marshal - Administrateur des pages Facebook et Instagram Carotte Rock Cultures et Radio CulturesCo - Administrateur de groupes Facebook","sameAs":["https:\/\/culturesco.com","https:\/\/www.facebook.com\/radioculturesco","https:\/\/www.instagram.com\/carotte_rock_culture\/","https:\/\/www.linkedin.com\/in\/auguste-marshal-7125b1151\/","https:\/\/x.com\/https:\/\/twitter.com\/AugusteMarshal","https:\/\/www.youtube.com\/channel\/UCiWLGffqWSXlNnfzp6YwwyQ"],"url":"https:\/\/culturesco.com\/index.php\/author\/admin8255\/"}]}},"jetpack_featured_media_url":"https:\/\/i0.wp.com\/culturesco.com\/wp-content\/uploads\/2019\/04\/jim-marshall-amp.jpg?fit=600%2C314&ssl=1","jetpack_likes_enabled":true,"jetpack_sharing_enabled":true,"jetpack_shortlink":"https:\/\/wp.me\/paz89I-198","_links":{"self":[{"href":"https:\/\/culturesco.com\/index.php\/wp-json\/wp\/v2\/posts\/4410","targetHints":{"allow":["GET"]}}],"collection":[{"href":"https:\/\/culturesco.com\/index.php\/wp-json\/wp\/v2\/posts"}],"about":[{"href":"https:\/\/culturesco.com\/index.php\/wp-json\/wp\/v2\/types\/post"}],"author":[{"embeddable":true,"href":"https:\/\/culturesco.com\/index.php\/wp-json\/wp\/v2\/users\/1"}],"replies":[{"embeddable":true,"href":"https:\/\/culturesco.com\/index.php\/wp-json\/wp\/v2\/comments?post=4410"}],"version-history":[{"count":0,"href":"https:\/\/culturesco.com\/index.php\/wp-json\/wp\/v2\/posts\/4410\/revisions"}],"wp:featuredmedia":[{"embeddable":true,"href":"https:\/\/culturesco.com\/index.php\/wp-json\/wp\/v2\/media\/4414"}],"wp:attachment":[{"href":"https:\/\/culturesco.com\/index.php\/wp-json\/wp\/v2\/media?parent=4410"}],"wp:term":[{"taxonomy":"category","embeddable":true,"href":"https:\/\/culturesco.com\/index.php\/wp-json\/wp\/v2\/categories?post=4410"},{"taxonomy":"post_tag","embeddable":true,"href":"https:\/\/culturesco.com\/index.php\/wp-json\/wp\/v2\/tags?post=4410"}],"curies":[{"name":"wp","href":"https:\/\/api.w.org\/{rel}","templated":true}]}}