{"id":438,"date":"2018-09-21T18:34:59","date_gmt":"2018-09-21T16:34:59","guid":{"rendered":"http:\/\/culturesco.com\/?p=438"},"modified":"2025-11-19T13:59:54","modified_gmt":"2025-11-19T12:59:54","slug":"the-cure-dio-en-aout-1985-the-head-on-the-door-et-sacred-heart","status":"publish","type":"post","link":"https:\/\/culturesco.com\/index.php\/2018\/09\/21\/the-cure-dio-en-aout-1985-the-head-on-the-door-et-sacred-heart\/","title":{"rendered":"The Cure &#8211; Dio &#8211; En ao\u00fbt 1985 sur la m\u00eame platine !"},"content":{"rendered":"<h2>Ao\u00fbt 1985 &#8211; Aux antipodes du style, The Cure et DIO se retrouvent sur une m\u00eame platine.<\/h2>\n<p><img data-recalc-dims=\"1\" loading=\"lazy\" decoding=\"async\" class=\" wp-image-25209 aligncenter\" src=\"https:\/\/i0.wp.com\/culturesco.com\/wp-content\/uploads\/2018\/09\/Dio-Cure.jpg?resize=519%2C270&#038;ssl=1\" alt=\"DIO Cure\" width=\"519\" height=\"270\" srcset=\"https:\/\/i0.wp.com\/culturesco.com\/wp-content\/uploads\/2018\/09\/Dio-Cure.jpg?resize=300%2C156&amp;ssl=1 300w, https:\/\/i0.wp.com\/culturesco.com\/wp-content\/uploads\/2018\/09\/Dio-Cure.jpg?resize=696%2C363&amp;ssl=1 696w, https:\/\/i0.wp.com\/culturesco.com\/wp-content\/uploads\/2018\/09\/Dio-Cure.jpg?w=600&amp;ssl=1 600w\" sizes=\"auto, (max-width: 519px) 100vw, 519px\" \/><\/p>\n<h3>Ao\u00fbt 1985 &#8211; Sortie des albums de Cure et DIO, actualit\u00e9 musicale, actualit\u00e9 internationale : comme si on y \u00e9tait !<\/h3>\n<p style=\"text-align: justify;\">Il est int\u00e9ressant de constater comment deux albums parus le m\u00eame mois de la m\u00eame ann\u00e9e peuvent \u00eatre, oh combien diff\u00e9rents. La musique, et le rock en particulier, sinue sur une telle largeur de territoire qu\u2019il g\u00e9n\u00e8re toutes sortes de sons assembl\u00e9s de toutes les fa\u00e7ons possibles. Si, de surcroit, les hommes qui s\u2019en saisissent poss\u00e8dent de r\u00e9els talents pour les magnifier, le plaisir est assur\u00e9. Voyager sur ces galettes pr\u00e9suppos\u00e9es incompatibles rel\u00e8ve de l\u2019audace des auditeurs.<\/p>\n<p style=\"text-align: justify;\">En 1985, <strong>The head on the door<\/strong>\u00a0 vient enluminer la discographie de <strong>The Cure.<\/strong> Des \u00e9vidences en garnissent le sillon: <strong>In between days,<\/strong> <strong>Close to me<\/strong>, mais aussi des assemblages plus rares du type <strong>Push<\/strong>, <strong>Screw<\/strong>\u00a0ou <strong>Six different ways<\/strong>. Cette galette souligne l\u2019ind\u00e9niable talent de <strong>Robert Smith<\/strong>, chanteur\/guitariste incontournable du paysage musical rock anglais, adoss\u00e9 \u00e0 une sacr\u00e9e paire rythmique, les groovy <strong>Gallup &amp; Williams<\/strong>.<\/p>\n<h4 style=\"text-align: center;\">The Cure &#8211; In Between day&rsquo;s &#8211; The Head on the door<\/h4>\n<p style=\"text-align: center;\"><iframe loading=\"lazy\" src=\"https:\/\/www.youtube.com\/embed\/scif2vfg1ug\" width=\"560\" height=\"315\" frameborder=\"0\" allowfullscreen=\"allowfullscreen\"><\/iframe><\/p>\n<p style=\"text-align: justify;\">Sorti \u00e9galement en a\u00fbt 1985, le 3\u00e8me Lp de <strong>DIO<\/strong>:\u00a0<strong>Sacred heart<\/strong>, ne livre pas le meilleur du groupe, la voix et la diction de son auteur restent on ne peut plus attachantes et marquantes. Car de fait, quel que soit le projet auquel <strong>Ronnie James Dio<\/strong> ait particip\u00e9, sans coup f\u00e9rir, sa magnificence \u00absynonymise\u00bb l\u2019excellence. Sur cette livraison, on retrouve un heavy metal classique qui d\u00e9roule des riffs par trop lin\u00e9aires, l\u2019adjonction d\u2019un synth\u00e9tiseur n\u2019y changeant rien. Par cons\u00e9quent, en coutellerie, nous dirions \u00eatre en pr\u00e9sence d\u2019une \u00e9p\u00e9e et d\u2019un canif. Comparatif au d\u00e9triment\/b\u00e9n\u00e9fice de l\u2019un ou de l\u2019autre? Plus volontiers, chercher \u00e0 combattre l\u2019id\u00e9e pr\u00e9con\u00e7ue qui voudrait que les plus bruyants soient les plus aff\u00fbt\u00e9s. C\u00f4t\u00e9 \u00abconcurrence\u00bb, qu\u2019en est-il? Ba\u00efonnette ou taille-crayon?<\/p>\n<h4 style=\"text-align: center;\">DIO &#8211; Just another day &#8211; LP : Sacred Heart<\/h4>\n<p style=\"text-align: center;\"><iframe loading=\"lazy\" src=\"https:\/\/www.youtube.com\/embed\/mrPssvvvdxg\" width=\"560\" height=\"315\" frameborder=\"0\" allowfullscreen=\"allowfullscreen\"><\/iframe><\/p>\n<p style=\"text-align: justify;\"><strong>The Pogues<\/strong> et <strong>The Smith<\/strong> exposent leurs pr\u00e9ceptes\u00a0<strong>Rum, sodomy and the lash<\/strong>\u00a0pour l\u2019un, <strong>Meat is murder<\/strong> pour l\u2019autre. <strong>Strummer<\/strong>, via le dernier <strong>Clash<\/strong>, envoie un message au \u00abd\u00e9missionn\u00e9\u00bb <strong>Jones<\/strong>: <strong>Cut the crap<\/strong>. <strong>Simple Mind<\/strong> conte-t-il une histoire avec <strong>Once upon a time<\/strong>? Certitude, <strong>Renaud<\/strong> canonise le <strong>Mistral gagnant<\/strong> comme bonbon pr\u00e9f\u00e9r\u00e9 des fran\u00e7ais. <strong>Fly on the wall<\/strong>, quant \u00e0 lui, nous pr\u00e9sente un <strong>AC\/DC<\/strong> f\u00e9rue d\u2019entomologie. A l\u2019\u00e9coute de ces albums (et quelques autres), certains affirment que <strong>The head on the door<\/strong> sauve 1985 d\u2019une torpeur l\u00e9nifiante. Au sortir de <strong>The Cure<\/strong>, l\u2019actualit\u00e9 est-elle une \u00abcin\u00e9-cure\u00bb?<\/p>\n<p style=\"text-align: justify;\">Dans le Pacifique, la m\u00e9sentente kanak\/caldoche aboutit \u00e0 la proclamation de l\u2019\u00e9tat d\u2019urgence en Kanaky\/Nouvelle Cal\u00e9donie: cocher la d\u00e9nomination \u00abexacte\u00bb. Le <strong>Rainbow Warrior<\/strong>, navire de <strong>Greenpeace<\/strong> amarr\u00e9 \u00e0 Auckland, fait l\u2019objet de l\u2019attention des services secret fran\u00e7ais: A3-D6 = touch\u00e9\/coul\u00e9! Et puisqu&rsquo;il y a des d\u00e9c\u00e8s, notons ceui de\u00a0<strong>Michel Audiard<\/strong>. Le cimeti\u00e8re de <strong>Mon rouge<\/strong>, lieu de son inhumation, est alors envahi. Descendu de l\u2019orbite o\u00f9 ils n\u2019ont pas fini de tourner, tous les \u00abcons\u00bb viennent le saluer une derni\u00e8re fois pendant que, dans les salles obscures, le <strong>Doc<\/strong> fait voyager <strong>Marty McFly<\/strong> pour un\u00a0<strong>Retour vers le futur<\/strong>.<\/p>\n<p style=\"text-align: justify;\">En mati\u00e8re de futur, qu\u2019en est-il de nos deux protagonistes? Si l\u2019album de <strong>The Cure<\/strong>, \u00e0 l\u2019image des cons, mais pas pour les m\u00eames raisons, n\u2019a pas fini de tourner, celui de <strong>DIO<\/strong> est quasiment oubli\u00e9. Par contre, la voix de <strong>Ronnie James<\/strong>, telle celle de <strong>Robert Smith,<\/strong> analogique ou num\u00e9ris\u00e9e, est grav\u00e9e dans le marbre pour l\u2019\u00e9ternit\u00e9.<\/p>\n<p><strong>Thierry Dauge<\/strong><\/p>\n","protected":false},"excerpt":{"rendered":"<p>Ao\u00fbt 1985 &#8211; Aux antipodes du style, The Cure et DIO se retrouvent sur une m\u00eame platine. Ao\u00fbt 1985 &#8211; Sortie des albums de Cure et DIO, actualit\u00e9 musicale, actualit\u00e9 internationale : comme si on y \u00e9tait ! Il est int\u00e9ressant de constater comment deux albums parus le m\u00eame mois de la m\u00eame ann\u00e9e peuvent [&hellip;]<\/p>\n","protected":false},"author":3,"featured_media":25209,"comment_status":"open","ping_status":"open","sticky":false,"template":"","format":"image","meta":{"jetpack_post_was_ever_published":false,"tdm_status":"","tdm_grid_status":"","_jetpack_newsletter_access":"","_jetpack_dont_email_post_to_subs":false,"_jetpack_newsletter_tier_id":0,"_jetpack_memberships_contains_paywalled_content":false,"_jetpack_memberships_contains_paid_content":false,"footnotes":""},"categories":[30,17],"tags":[37],"class_list":{"0":"post-438","1":"post","2":"type-post","3":"status-publish","4":"format-image","5":"has-post-thumbnail","7":"category-albums-rock","8":"category-carotte-rock-cultures","9":"tag-album-rock","10":"post_format-post-format-image"},"yoast_head":"<!-- This site is optimized with the Yoast SEO plugin v27.5 - https:\/\/yoast.com\/product\/yoast-seo-wordpress\/ -->\n<title>The Cure - Dio - En ao\u00fbt 1985 sur la m\u00eame platine ! - Culturesco albums rock<\/title>\n<meta name=\"description\" content=\"CulturesCo | The Cure et Dio, deux albums sorties la m\u00eame ann\u00e9e et le m\u00eame mois\" \/>\n<meta name=\"robots\" content=\"index, follow, max-snippet:-1, max-image-preview:large, max-video-preview:-1\" \/>\n<link rel=\"canonical\" href=\"https:\/\/culturesco.com\/index.php\/2018\/09\/21\/the-cure-dio-en-aout-1985-the-head-on-the-door-et-sacred-heart\/\" \/>\n<meta property=\"og:locale\" content=\"fr_FR\" \/>\n<meta property=\"og:type\" content=\"article\" \/>\n<meta property=\"og:title\" content=\"The Cure - Dio - En ao\u00fbt 1985 sur la m\u00eame platine ! - Culturesco albums rock\" \/>\n<meta property=\"og:description\" content=\"CulturesCo | The Cure et Dio, deux albums sorties la m\u00eame ann\u00e9e et le m\u00eame mois\" \/>\n<meta property=\"og:url\" content=\"https:\/\/culturesco.com\/index.php\/2018\/09\/21\/the-cure-dio-en-aout-1985-the-head-on-the-door-et-sacred-heart\/\" \/>\n<meta property=\"og:site_name\" content=\"Culturesco\" \/>\n<meta property=\"article:publisher\" content=\"https:\/\/www.facebook.com\/radioculturesco\" \/>\n<meta property=\"article:published_time\" content=\"2018-09-21T16:34:59+00:00\" \/>\n<meta property=\"article:modified_time\" content=\"2025-11-19T12:59:54+00:00\" \/>\n<meta property=\"og:image\" content=\"https:\/\/culturesco.com\/wp-content\/uploads\/2018\/09\/Dio-Cure.jpg\" \/>\n\t<meta property=\"og:image:width\" content=\"600\" \/>\n\t<meta property=\"og:image:height\" content=\"313\" \/>\n\t<meta property=\"og:image:type\" content=\"image\/jpeg\" \/>\n<meta name=\"author\" content=\"Thierry Dauge\" \/>\n<meta name=\"twitter:card\" content=\"summary_large_image\" \/>\n<meta name=\"twitter:creator\" content=\"@AugusteMarshal\" \/>\n<meta name=\"twitter:site\" content=\"@AugusteMarshal\" \/>\n<meta name=\"twitter:label1\" content=\"\u00c9crit par\" \/>\n\t<meta name=\"twitter:data1\" content=\"Thierry Dauge\" \/>\n\t<meta name=\"twitter:label2\" content=\"Dur\u00e9e de lecture estim\u00e9e\" \/>\n\t<meta name=\"twitter:data2\" content=\"4 minutes\" \/>\n<script type=\"application\/ld+json\" class=\"yoast-schema-graph\">{\"@context\":\"https:\\\/\\\/schema.org\",\"@graph\":[{\"@type\":\"Article\",\"@id\":\"https:\\\/\\\/culturesco.com\\\/index.php\\\/2018\\\/09\\\/21\\\/the-cure-dio-en-aout-1985-the-head-on-the-door-et-sacred-heart\\\/#article\",\"isPartOf\":{\"@id\":\"https:\\\/\\\/culturesco.com\\\/index.php\\\/2018\\\/09\\\/21\\\/the-cure-dio-en-aout-1985-the-head-on-the-door-et-sacred-heart\\\/\"},\"author\":{\"name\":\"Thierry Dauge\",\"@id\":\"https:\\\/\\\/culturesco.com\\\/#\\\/schema\\\/person\\\/19f04cf232d246197f6e7d62abe6cb0e\"},\"headline\":\"The Cure &#8211; Dio &#8211; En ao\u00fbt 1985 sur la m\u00eame platine !\",\"datePublished\":\"2018-09-21T16:34:59+00:00\",\"dateModified\":\"2025-11-19T12:59:54+00:00\",\"mainEntityOfPage\":{\"@id\":\"https:\\\/\\\/culturesco.com\\\/index.php\\\/2018\\\/09\\\/21\\\/the-cure-dio-en-aout-1985-the-head-on-the-door-et-sacred-heart\\\/\"},\"wordCount\":682,\"commentCount\":3,\"publisher\":{\"@id\":\"https:\\\/\\\/culturesco.com\\\/#organization\"},\"image\":{\"@id\":\"https:\\\/\\\/culturesco.com\\\/index.php\\\/2018\\\/09\\\/21\\\/the-cure-dio-en-aout-1985-the-head-on-the-door-et-sacred-heart\\\/#primaryimage\"},\"thumbnailUrl\":\"https:\\\/\\\/i0.wp.com\\\/culturesco.com\\\/wp-content\\\/uploads\\\/2018\\\/09\\\/Dio-Cure.jpg?fit=600%2C313&ssl=1\",\"keywords\":[\"album rock\"],\"articleSection\":[\"Albums rock\",\"Carotte Rock Cultures\"],\"inLanguage\":\"fr-FR\",\"potentialAction\":[{\"@type\":\"CommentAction\",\"name\":\"Comment\",\"target\":[\"https:\\\/\\\/culturesco.com\\\/index.php\\\/2018\\\/09\\\/21\\\/the-cure-dio-en-aout-1985-the-head-on-the-door-et-sacred-heart\\\/#respond\"]}]},{\"@type\":\"WebPage\",\"@id\":\"https:\\\/\\\/culturesco.com\\\/index.php\\\/2018\\\/09\\\/21\\\/the-cure-dio-en-aout-1985-the-head-on-the-door-et-sacred-heart\\\/\",\"url\":\"https:\\\/\\\/culturesco.com\\\/index.php\\\/2018\\\/09\\\/21\\\/the-cure-dio-en-aout-1985-the-head-on-the-door-et-sacred-heart\\\/\",\"name\":\"The Cure - Dio - En ao\u00fbt 1985 sur la m\u00eame platine ! - Culturesco albums rock\",\"isPartOf\":{\"@id\":\"https:\\\/\\\/culturesco.com\\\/#website\"},\"primaryImageOfPage\":{\"@id\":\"https:\\\/\\\/culturesco.com\\\/index.php\\\/2018\\\/09\\\/21\\\/the-cure-dio-en-aout-1985-the-head-on-the-door-et-sacred-heart\\\/#primaryimage\"},\"image\":{\"@id\":\"https:\\\/\\\/culturesco.com\\\/index.php\\\/2018\\\/09\\\/21\\\/the-cure-dio-en-aout-1985-the-head-on-the-door-et-sacred-heart\\\/#primaryimage\"},\"thumbnailUrl\":\"https:\\\/\\\/i0.wp.com\\\/culturesco.com\\\/wp-content\\\/uploads\\\/2018\\\/09\\\/Dio-Cure.jpg?fit=600%2C313&ssl=1\",\"datePublished\":\"2018-09-21T16:34:59+00:00\",\"dateModified\":\"2025-11-19T12:59:54+00:00\",\"description\":\"CulturesCo | The Cure et Dio, deux albums sorties la m\u00eame ann\u00e9e et le m\u00eame mois\",\"breadcrumb\":{\"@id\":\"https:\\\/\\\/culturesco.com\\\/index.php\\\/2018\\\/09\\\/21\\\/the-cure-dio-en-aout-1985-the-head-on-the-door-et-sacred-heart\\\/#breadcrumb\"},\"inLanguage\":\"fr-FR\",\"potentialAction\":[{\"@type\":\"ReadAction\",\"target\":[\"https:\\\/\\\/culturesco.com\\\/index.php\\\/2018\\\/09\\\/21\\\/the-cure-dio-en-aout-1985-the-head-on-the-door-et-sacred-heart\\\/\"]}]},{\"@type\":\"ImageObject\",\"inLanguage\":\"fr-FR\",\"@id\":\"https:\\\/\\\/culturesco.com\\\/index.php\\\/2018\\\/09\\\/21\\\/the-cure-dio-en-aout-1985-the-head-on-the-door-et-sacred-heart\\\/#primaryimage\",\"url\":\"https:\\\/\\\/i0.wp.com\\\/culturesco.com\\\/wp-content\\\/uploads\\\/2018\\\/09\\\/Dio-Cure.jpg?fit=600%2C313&ssl=1\",\"contentUrl\":\"https:\\\/\\\/i0.wp.com\\\/culturesco.com\\\/wp-content\\\/uploads\\\/2018\\\/09\\\/Dio-Cure.jpg?fit=600%2C313&ssl=1\",\"width\":600,\"height\":313,\"caption\":\"DIO Cure\"},{\"@type\":\"BreadcrumbList\",\"@id\":\"https:\\\/\\\/culturesco.com\\\/index.php\\\/2018\\\/09\\\/21\\\/the-cure-dio-en-aout-1985-the-head-on-the-door-et-sacred-heart\\\/#breadcrumb\",\"itemListElement\":[{\"@type\":\"ListItem\",\"position\":1,\"name\":\"Accueil\",\"item\":\"https:\\\/\\\/culturesco.com\\\/\"},{\"@type\":\"ListItem\",\"position\":2,\"name\":\"The Cure &#8211; Dio &#8211; En ao\u00fbt 1985 sur la m\u00eame platine !\"}]},{\"@type\":\"WebSite\",\"@id\":\"https:\\\/\\\/culturesco.com\\\/#website\",\"url\":\"https:\\\/\\\/culturesco.com\\\/\",\"name\":\"Culturesco\",\"description\":\"Culturesco | Un bon coup de pied dans ta Culture\",\"publisher\":{\"@id\":\"https:\\\/\\\/culturesco.com\\\/#organization\"},\"potentialAction\":[{\"@type\":\"SearchAction\",\"target\":{\"@type\":\"EntryPoint\",\"urlTemplate\":\"https:\\\/\\\/culturesco.com\\\/?s={search_term_string}\"},\"query-input\":{\"@type\":\"PropertyValueSpecification\",\"valueRequired\":true,\"valueName\":\"search_term_string\"}}],\"inLanguage\":\"fr-FR\"},{\"@type\":\"Organization\",\"@id\":\"https:\\\/\\\/culturesco.com\\\/#organization\",\"name\":\"CULTURESCO\",\"url\":\"https:\\\/\\\/culturesco.com\\\/\",\"logo\":{\"@type\":\"ImageObject\",\"inLanguage\":\"fr-FR\",\"@id\":\"https:\\\/\\\/culturesco.com\\\/#\\\/schema\\\/logo\\\/image\\\/\",\"url\":\"https:\\\/\\\/i0.wp.com\\\/culturesco.com\\\/wp-content\\\/uploads\\\/2022\\\/04\\\/culturesco-logo-blanc250p.png?fit=250%2C250&ssl=1\",\"contentUrl\":\"https:\\\/\\\/i0.wp.com\\\/culturesco.com\\\/wp-content\\\/uploads\\\/2022\\\/04\\\/culturesco-logo-blanc250p.png?fit=250%2C250&ssl=1\",\"width\":250,\"height\":250,\"caption\":\"CULTURESCO\"},\"image\":{\"@id\":\"https:\\\/\\\/culturesco.com\\\/#\\\/schema\\\/logo\\\/image\\\/\"},\"sameAs\":[\"https:\\\/\\\/www.facebook.com\\\/radioculturesco\",\"https:\\\/\\\/x.com\\\/AugusteMarshal\",\"https:\\\/\\\/www.instagram.com\\\/carotte_rock_culture\\\/\",\"https:\\\/\\\/www.pinterest.fr\\\/augustemarshal\\\/\",\"https:\\\/\\\/www.youtube.com\\\/channel\\\/UCiWLGffqWSXlNnfzp6YwwyQ\"]},{\"@type\":\"Person\",\"@id\":\"https:\\\/\\\/culturesco.com\\\/#\\\/schema\\\/person\\\/19f04cf232d246197f6e7d62abe6cb0e\",\"name\":\"Thierry Dauge\",\"image\":{\"@type\":\"ImageObject\",\"inLanguage\":\"fr-FR\",\"@id\":\"https:\\\/\\\/i0.wp.com\\\/culturesco.com\\\/wp-content\\\/uploads\\\/2018\\\/12\\\/Black-Beauty-and-me.jpg?fit=96%2C96&ssl=1\",\"url\":\"https:\\\/\\\/i0.wp.com\\\/culturesco.com\\\/wp-content\\\/uploads\\\/2018\\\/12\\\/Black-Beauty-and-me.jpg?fit=96%2C96&ssl=1\",\"contentUrl\":\"https:\\\/\\\/i0.wp.com\\\/culturesco.com\\\/wp-content\\\/uploads\\\/2018\\\/12\\\/Black-Beauty-and-me.jpg?fit=96%2C96&ssl=1\",\"caption\":\"Thierry Dauge\"},\"description\":\"Amoureux des 70\u2019s et du hard rock en particulier, Thierry Dauge est chroniqueur sur Culturesco par amour de l\u2019\u00e9criture musicale. Co-auteur du livre\\\"Pop rock - Les instruments de l'ombre\\\" aux \u00e9ditions du Camion Blanc, collaborateur de Vivi pour \\\"Mes Ann\u00e9es Trust\\\", auteur de \\\"Sparks\\\" aux \u00e9ditions du Layeur, parce que le rock est loin d'\u00eatre mort ...\",\"url\":\"https:\\\/\\\/culturesco.com\\\/index.php\\\/author\\\/thierry-dauge888\\\/\"}]}<\/script>\n<!-- \/ Yoast SEO plugin. -->","yoast_head_json":{"title":"The Cure - Dio - En ao\u00fbt 1985 sur la m\u00eame platine ! - Culturesco albums rock","description":"CulturesCo | The Cure et Dio, deux albums sorties la m\u00eame ann\u00e9e et le m\u00eame mois","robots":{"index":"index","follow":"follow","max-snippet":"max-snippet:-1","max-image-preview":"max-image-preview:large","max-video-preview":"max-video-preview:-1"},"canonical":"https:\/\/culturesco.com\/index.php\/2018\/09\/21\/the-cure-dio-en-aout-1985-the-head-on-the-door-et-sacred-heart\/","og_locale":"fr_FR","og_type":"article","og_title":"The Cure - Dio - En ao\u00fbt 1985 sur la m\u00eame platine ! - Culturesco albums rock","og_description":"CulturesCo | The Cure et Dio, deux albums sorties la m\u00eame ann\u00e9e et le m\u00eame mois","og_url":"https:\/\/culturesco.com\/index.php\/2018\/09\/21\/the-cure-dio-en-aout-1985-the-head-on-the-door-et-sacred-heart\/","og_site_name":"Culturesco","article_publisher":"https:\/\/www.facebook.com\/radioculturesco","article_published_time":"2018-09-21T16:34:59+00:00","article_modified_time":"2025-11-19T12:59:54+00:00","og_image":[{"width":600,"height":313,"url":"https:\/\/culturesco.com\/wp-content\/uploads\/2018\/09\/Dio-Cure.jpg","type":"image\/jpeg"}],"author":"Thierry Dauge","twitter_card":"summary_large_image","twitter_creator":"@AugusteMarshal","twitter_site":"@AugusteMarshal","twitter_misc":{"\u00c9crit par":"Thierry Dauge","Dur\u00e9e de lecture estim\u00e9e":"4 minutes"},"schema":{"@context":"https:\/\/schema.org","@graph":[{"@type":"Article","@id":"https:\/\/culturesco.com\/index.php\/2018\/09\/21\/the-cure-dio-en-aout-1985-the-head-on-the-door-et-sacred-heart\/#article","isPartOf":{"@id":"https:\/\/culturesco.com\/index.php\/2018\/09\/21\/the-cure-dio-en-aout-1985-the-head-on-the-door-et-sacred-heart\/"},"author":{"name":"Thierry Dauge","@id":"https:\/\/culturesco.com\/#\/schema\/person\/19f04cf232d246197f6e7d62abe6cb0e"},"headline":"The Cure &#8211; Dio &#8211; En ao\u00fbt 1985 sur la m\u00eame platine !","datePublished":"2018-09-21T16:34:59+00:00","dateModified":"2025-11-19T12:59:54+00:00","mainEntityOfPage":{"@id":"https:\/\/culturesco.com\/index.php\/2018\/09\/21\/the-cure-dio-en-aout-1985-the-head-on-the-door-et-sacred-heart\/"},"wordCount":682,"commentCount":3,"publisher":{"@id":"https:\/\/culturesco.com\/#organization"},"image":{"@id":"https:\/\/culturesco.com\/index.php\/2018\/09\/21\/the-cure-dio-en-aout-1985-the-head-on-the-door-et-sacred-heart\/#primaryimage"},"thumbnailUrl":"https:\/\/i0.wp.com\/culturesco.com\/wp-content\/uploads\/2018\/09\/Dio-Cure.jpg?fit=600%2C313&ssl=1","keywords":["album rock"],"articleSection":["Albums rock","Carotte Rock Cultures"],"inLanguage":"fr-FR","potentialAction":[{"@type":"CommentAction","name":"Comment","target":["https:\/\/culturesco.com\/index.php\/2018\/09\/21\/the-cure-dio-en-aout-1985-the-head-on-the-door-et-sacred-heart\/#respond"]}]},{"@type":"WebPage","@id":"https:\/\/culturesco.com\/index.php\/2018\/09\/21\/the-cure-dio-en-aout-1985-the-head-on-the-door-et-sacred-heart\/","url":"https:\/\/culturesco.com\/index.php\/2018\/09\/21\/the-cure-dio-en-aout-1985-the-head-on-the-door-et-sacred-heart\/","name":"The Cure - Dio - En ao\u00fbt 1985 sur la m\u00eame platine ! - Culturesco albums rock","isPartOf":{"@id":"https:\/\/culturesco.com\/#website"},"primaryImageOfPage":{"@id":"https:\/\/culturesco.com\/index.php\/2018\/09\/21\/the-cure-dio-en-aout-1985-the-head-on-the-door-et-sacred-heart\/#primaryimage"},"image":{"@id":"https:\/\/culturesco.com\/index.php\/2018\/09\/21\/the-cure-dio-en-aout-1985-the-head-on-the-door-et-sacred-heart\/#primaryimage"},"thumbnailUrl":"https:\/\/i0.wp.com\/culturesco.com\/wp-content\/uploads\/2018\/09\/Dio-Cure.jpg?fit=600%2C313&ssl=1","datePublished":"2018-09-21T16:34:59+00:00","dateModified":"2025-11-19T12:59:54+00:00","description":"CulturesCo | The Cure et Dio, deux albums sorties la m\u00eame ann\u00e9e et le m\u00eame mois","breadcrumb":{"@id":"https:\/\/culturesco.com\/index.php\/2018\/09\/21\/the-cure-dio-en-aout-1985-the-head-on-the-door-et-sacred-heart\/#breadcrumb"},"inLanguage":"fr-FR","potentialAction":[{"@type":"ReadAction","target":["https:\/\/culturesco.com\/index.php\/2018\/09\/21\/the-cure-dio-en-aout-1985-the-head-on-the-door-et-sacred-heart\/"]}]},{"@type":"ImageObject","inLanguage":"fr-FR","@id":"https:\/\/culturesco.com\/index.php\/2018\/09\/21\/the-cure-dio-en-aout-1985-the-head-on-the-door-et-sacred-heart\/#primaryimage","url":"https:\/\/i0.wp.com\/culturesco.com\/wp-content\/uploads\/2018\/09\/Dio-Cure.jpg?fit=600%2C313&ssl=1","contentUrl":"https:\/\/i0.wp.com\/culturesco.com\/wp-content\/uploads\/2018\/09\/Dio-Cure.jpg?fit=600%2C313&ssl=1","width":600,"height":313,"caption":"DIO Cure"},{"@type":"BreadcrumbList","@id":"https:\/\/culturesco.com\/index.php\/2018\/09\/21\/the-cure-dio-en-aout-1985-the-head-on-the-door-et-sacred-heart\/#breadcrumb","itemListElement":[{"@type":"ListItem","position":1,"name":"Accueil","item":"https:\/\/culturesco.com\/"},{"@type":"ListItem","position":2,"name":"The Cure &#8211; Dio &#8211; En ao\u00fbt 1985 sur la m\u00eame platine !"}]},{"@type":"WebSite","@id":"https:\/\/culturesco.com\/#website","url":"https:\/\/culturesco.com\/","name":"Culturesco","description":"Culturesco | Un bon coup de pied dans ta Culture","publisher":{"@id":"https:\/\/culturesco.com\/#organization"},"potentialAction":[{"@type":"SearchAction","target":{"@type":"EntryPoint","urlTemplate":"https:\/\/culturesco.com\/?s={search_term_string}"},"query-input":{"@type":"PropertyValueSpecification","valueRequired":true,"valueName":"search_term_string"}}],"inLanguage":"fr-FR"},{"@type":"Organization","@id":"https:\/\/culturesco.com\/#organization","name":"CULTURESCO","url":"https:\/\/culturesco.com\/","logo":{"@type":"ImageObject","inLanguage":"fr-FR","@id":"https:\/\/culturesco.com\/#\/schema\/logo\/image\/","url":"https:\/\/i0.wp.com\/culturesco.com\/wp-content\/uploads\/2022\/04\/culturesco-logo-blanc250p.png?fit=250%2C250&ssl=1","contentUrl":"https:\/\/i0.wp.com\/culturesco.com\/wp-content\/uploads\/2022\/04\/culturesco-logo-blanc250p.png?fit=250%2C250&ssl=1","width":250,"height":250,"caption":"CULTURESCO"},"image":{"@id":"https:\/\/culturesco.com\/#\/schema\/logo\/image\/"},"sameAs":["https:\/\/www.facebook.com\/radioculturesco","https:\/\/x.com\/AugusteMarshal","https:\/\/www.instagram.com\/carotte_rock_culture\/","https:\/\/www.pinterest.fr\/augustemarshal\/","https:\/\/www.youtube.com\/channel\/UCiWLGffqWSXlNnfzp6YwwyQ"]},{"@type":"Person","@id":"https:\/\/culturesco.com\/#\/schema\/person\/19f04cf232d246197f6e7d62abe6cb0e","name":"Thierry Dauge","image":{"@type":"ImageObject","inLanguage":"fr-FR","@id":"https:\/\/i0.wp.com\/culturesco.com\/wp-content\/uploads\/2018\/12\/Black-Beauty-and-me.jpg?fit=96%2C96&ssl=1","url":"https:\/\/i0.wp.com\/culturesco.com\/wp-content\/uploads\/2018\/12\/Black-Beauty-and-me.jpg?fit=96%2C96&ssl=1","contentUrl":"https:\/\/i0.wp.com\/culturesco.com\/wp-content\/uploads\/2018\/12\/Black-Beauty-and-me.jpg?fit=96%2C96&ssl=1","caption":"Thierry Dauge"},"description":"Amoureux des 70\u2019s et du hard rock en particulier, Thierry Dauge est chroniqueur sur Culturesco par amour de l\u2019\u00e9criture musicale. Co-auteur du livre\"Pop rock - Les instruments de l'ombre\" aux \u00e9ditions du Camion Blanc, collaborateur de Vivi pour \"Mes Ann\u00e9es Trust\", auteur de \"Sparks\" aux \u00e9ditions du Layeur, parce que le rock est loin d'\u00eatre mort ...","url":"https:\/\/culturesco.com\/index.php\/author\/thierry-dauge888\/"}]}},"jetpack_featured_media_url":"https:\/\/i0.wp.com\/culturesco.com\/wp-content\/uploads\/2018\/09\/Dio-Cure.jpg?fit=600%2C313&ssl=1","jetpack_likes_enabled":true,"jetpack_sharing_enabled":true,"jetpack_shortlink":"https:\/\/wp.me\/paz89I-74","_links":{"self":[{"href":"https:\/\/culturesco.com\/index.php\/wp-json\/wp\/v2\/posts\/438","targetHints":{"allow":["GET"]}}],"collection":[{"href":"https:\/\/culturesco.com\/index.php\/wp-json\/wp\/v2\/posts"}],"about":[{"href":"https:\/\/culturesco.com\/index.php\/wp-json\/wp\/v2\/types\/post"}],"author":[{"embeddable":true,"href":"https:\/\/culturesco.com\/index.php\/wp-json\/wp\/v2\/users\/3"}],"replies":[{"embeddable":true,"href":"https:\/\/culturesco.com\/index.php\/wp-json\/wp\/v2\/comments?post=438"}],"version-history":[{"count":0,"href":"https:\/\/culturesco.com\/index.php\/wp-json\/wp\/v2\/posts\/438\/revisions"}],"wp:featuredmedia":[{"embeddable":true,"href":"https:\/\/culturesco.com\/index.php\/wp-json\/wp\/v2\/media\/25209"}],"wp:attachment":[{"href":"https:\/\/culturesco.com\/index.php\/wp-json\/wp\/v2\/media?parent=438"}],"wp:term":[{"taxonomy":"category","embeddable":true,"href":"https:\/\/culturesco.com\/index.php\/wp-json\/wp\/v2\/categories?post=438"},{"taxonomy":"post_tag","embeddable":true,"href":"https:\/\/culturesco.com\/index.php\/wp-json\/wp\/v2\/tags?post=438"}],"curies":[{"name":"wp","href":"https:\/\/api.w.org\/{rel}","templated":true}]}}