{"id":4277,"date":"2019-03-31T23:56:16","date_gmt":"2019-03-31T21:56:16","guid":{"rendered":"https:\/\/culturesco.com\/?p=4277"},"modified":"2019-04-01T17:47:53","modified_gmt":"2019-04-01T15:47:53","slug":"quand-des-pates-a-lail-changent-une-vie","status":"publish","type":"post","link":"https:\/\/culturesco.com\/index.php\/2019\/03\/31\/quand-des-pates-a-lail-changent-une-vie\/","title":{"rendered":"Les P\u00e2tes \u00e0 l&rsquo;ail &#8211; Th\u00e9\u00e2tre de et par Bruno Gaccio"},"content":{"rendered":"<h2 style=\"text-align: justify;\">Quand des P\u00e2tes \u00e0 l&rsquo;ail changent une vie<\/h2>\n<p style=\"text-align: justify;\">Comme le nom de la pi\u00e8ce pourrait facilement porter \u00e0 nombre de m\u00e9taphores sur la nourriture, je vais m\u2019en garder. J\u2019\u00e9viterai donc les \u00ab\u00a0au menu de la pi\u00e8ce\u00a0\u00bb, les \u00ab\u00a0mises en bouche\u00a0\u00bb, les \u00ab\u00a0une mise en sc\u00e8ne aux petits oignons\u00a0\u00bb (surtout que c\u2019est \u00e0 l\u2019ail, vous avez des probl\u00e8mes de lecture ou quoi ?) et autres facilit\u00e9s culinaro-r\u00e9dactionnelles.<br \/>\nEt pour poser les choses tout de suite, je ne suis pas critique de th\u00e9\u00e2tre. Je suis juste spectatrice et j\u2019ai eu un \u00e9norme coup de c\u0153ur.<\/p>\n<p style=\"text-align: justify;\"><img data-recalc-dims=\"1\" loading=\"lazy\" decoding=\"async\" class=\"aligncenter size-large wp-image-4279\" src=\"https:\/\/i0.wp.com\/culturesco.com\/wp-content\/uploads\/2019\/03\/patesalail-affiche.jpg?resize=470%2C627&#038;ssl=1\" alt=\"Affiche Les P\u00e2tes \u00e0 l'ail\" width=\"470\" height=\"627\" srcset=\"https:\/\/i0.wp.com\/culturesco.com\/wp-content\/uploads\/2019\/03\/patesalail-affiche.jpg?resize=470%2C627&amp;ssl=1 470w, https:\/\/i0.wp.com\/culturesco.com\/wp-content\/uploads\/2019\/03\/patesalail-affiche.jpg?resize=600%2C800&amp;ssl=1 600w, https:\/\/i0.wp.com\/culturesco.com\/wp-content\/uploads\/2019\/03\/patesalail-affiche.jpg?resize=225%2C300&amp;ssl=1 225w, https:\/\/i0.wp.com\/culturesco.com\/wp-content\/uploads\/2019\/03\/patesalail-affiche.jpg?resize=696%2C928&amp;ssl=1 696w, https:\/\/i0.wp.com\/culturesco.com\/wp-content\/uploads\/2019\/03\/patesalail-affiche.jpg?resize=315%2C420&amp;ssl=1 315w, https:\/\/i0.wp.com\/culturesco.com\/wp-content\/uploads\/2019\/03\/patesalail-affiche.jpg?w=450&amp;ssl=1 450w\" sizes=\"auto, (max-width: 470px) 100vw, 470px\" \/><\/p>\n<p style=\"text-align: justify;\">Comme son nom ne l\u2019indique pas, <em>Les p\u00e2tes \u00e0 l\u2019ail<\/em> n\u2019est pas une pi\u00e8ce de th\u00e9\u00e2tre sur des nouilles \u00e9pic\u00e9es qui finiraient dans un slip.<strong><em> Les p\u00e2tes \u00e0 l\u2019ail<\/em>, c\u2019est une pi\u00e8ce dr\u00f4le, touchante et \u00e9mouvante.<\/strong> Une pi\u00e8ce qui parle de deux mecs qui s\u2019aiment. Les p\u00e2tes \u00e0 l\u2019ail, c\u2019est un pi\u00e8ce qui parle de la vie en parlant de la mort.<br \/>\n<em>Les p\u00e2tes \u00e0 l\u2019ail<\/em>, c\u2019est une histoire d\u2019amiti\u00e9 belle, profonde, une histoire qui existe aussi bien sur sc\u00e8ne que dans la vie.<\/p>\n<h3 style=\"text-align: justify;\">Une amiti\u00e9 de toujours<\/h3>\n<p style=\"text-align: justify;\">Cette histoire, c\u2019est celle de <strong>Bruno Gaccio<\/strong> (entre autres papa des <em>Guignols de l\u2019info<\/em> sur Canal+, juste au cas o\u00f9&#8230;) et Philippe Giangreco (acteur, auteur, r\u00e9alisateur), n\u00e9 dans le m\u00eame quartier de Saint-\u00c9tienne (nul n\u2019est parfait), qui ont grandi ensemble et ne se sont jamais vraiment quitt\u00e9s. Et voil\u00e0 que, pour la premi\u00e8re fois, ils d\u00e9cident de monter sur sc\u00e8ne tous les deux et de jouer de et avec cette amiti\u00e9. De l\u2019exposer au grand jour et de la faire partager. Ils appellent leur troisi\u00e8me grand copain, Jean-Carol Lariv\u00e9, sc\u00e9nariste (\u00ab\u00a0<em>Une famille formidable<\/em>\u00a0\u00bb, \u00e7a vous parle\u00a0?).<\/p>\n<p style=\"text-align: justify;\">Et les voil\u00e0 partis dans l\u2019\u00e9criture de ce qui deviendra<strong> une pi\u00e8ce bouleversante de justesse et de sinc\u00e9rit\u00e9<\/strong>. Elle est \u00e9crite en six mois, les r\u00e9p\u00e9titions se font \u00e7a et l\u00e0, de la Sicile \u00e0 Lyon, le d\u00e9cor finit d\u2019arriver le matin de la premi\u00e8re le 3 mars. Ils montent sur sc\u00e8ne morts de trouille, sans aucune certitude de ce que cela va donner. Mais le r\u00e9sultat est l\u00e0, \u00e7a fonctionne et \u00e7a fonctionne m\u00eame tr\u00e8s bien. Ils ont jou\u00e9 la pi\u00e8ce quatre fois en mars, \u00e0 la <a href=\"http:\/\/www.comedieodeon.com\/\">Com\u00e9die Od\u00e9on<\/a>, \u00e0 Lyon. Pour des St\u00e9phanois, si c&rsquo;est pas de la provoc&rsquo;, quand m\u00eame ! Forte de son succ\u00e8s, elle devrait \u00eatre de retour pour trois \u00e0 quatre semaines en janvier 2020 (plut\u00f4t quatre, il en faut pour tout le monde!), toujours au Com\u00e9die Od\u00e9on \u00e0 Lyon. Et qui sait, peut-\u00eatre ailleurs en France\u00a0?&#8230;<\/p>\n<h3 style=\"text-align: justify;\">Des mecs qui s&rsquo;aiment<\/h3>\n<p style=\"text-align: justify;\">L\u2019histoire\u00a0? Une fois par mois, depuis trente ans, deux amis de toujours se retrouvent pour manger des p\u00e2tes \u00e0 l\u2019ail et refaire le monde durant toute une soir\u00e9e. Mais ce soir-l\u00e0, tout va changer. L\u2019un deux apprend \u00e0 l\u2019autre qu\u2019il est atteint d\u2019un cancer et qu\u2019il ne lui reste plus que six mois \u00e0 vivre. Il lui demande alors la plus belle preuve d\u2019amiti\u00e9 que l\u2019on puisse demander \u00e0 quelqu\u2019un\u00a0: \u00ab\u00a0l\u2019aider \u00e0 mourir\u00a0\u00bb. Comme \u00e7a, tranquillement, juste manger des p\u00e2tes et finir la soir\u00e9e en tuant son ami. Un meurtre, ouais\u00a0!<\/p>\n<h4 style=\"text-align: justify;\">Le cancer, l\u2019euthanasie\u2026 Voil\u00e0 des th\u00e8mes qui promettent une belle poilade\u00a0!<\/h4>\n<p style=\"text-align: justify;\">Des th\u00e8mes joyeux et optimistes comme on les aime\u00a0!<br \/>\nEh bien oui, on rit et on rit de bon coeur. Mais on ne rit pas de cela, on rit de la situation, de leur maladresse, de leurs emportements. On les aime, \u00e0 travers leurs failles, leurs faiblesses, leurs angoisses, leurs erreurs&#8230; Et tout \u00e0 coup, c\u2019est fini\u00a0: on ne rit plus, on est touch\u00e9, on pleure.<\/p>\n<p style=\"text-align: justify;\">Cette pi\u00e8ce, c\u2019est <strong>une tranche d\u2019humanit\u00e9 dans toute sa splendeur<\/strong>. La vie, le boulot, les amis, les femmes,\u2026 Tous les souvenirs d\u2019enfance qui remontent \u00e0 la surface. Tout ce qui fait la saveur d\u2019une vie. Le texte est cisel\u00e9 et incisif et la tendresse et la complicit\u00e9 que l\u2019on sent entre les personnages comme entre les com\u00e9diens gagne toute la salle. Peut-\u00eatre aussi parce que toutes les anecdotes sont vraies. Une fois le rideau tomb\u00e9, on est encore tout sonn\u00e9 du moment qu\u2019on vient de vivre. <strong>On a ri, beaucoup, on a pleur\u00e9, un peu et surtout, on a v\u00e9cu\u00a0!<\/strong><\/p>\n<figure id=\"attachment_4280\" aria-describedby=\"caption-attachment-4280\" style=\"width: 696px\" class=\"wp-caption aligncenter\"><img data-recalc-dims=\"1\" loading=\"lazy\" decoding=\"async\" class=\"size-large wp-image-4280\" src=\"https:\/\/i0.wp.com\/culturesco.com\/wp-content\/uploads\/2019\/03\/patesalail-salut.jpg?resize=696%2C522&#038;ssl=1\" alt=\"Co-auteurs P\u00e2tes \u00e0 l'ail - Salut\" width=\"696\" height=\"522\" srcset=\"https:\/\/i0.wp.com\/culturesco.com\/wp-content\/uploads\/2019\/03\/patesalail-salut.jpg?resize=836%2C627&amp;ssl=1 836w, https:\/\/i0.wp.com\/culturesco.com\/wp-content\/uploads\/2019\/03\/patesalail-salut.jpg?w=600&amp;ssl=1 600w, https:\/\/i0.wp.com\/culturesco.com\/wp-content\/uploads\/2019\/03\/patesalail-salut.jpg?resize=300%2C225&amp;ssl=1 300w, https:\/\/i0.wp.com\/culturesco.com\/wp-content\/uploads\/2019\/03\/patesalail-salut.jpg?resize=768%2C576&amp;ssl=1 768w, https:\/\/i0.wp.com\/culturesco.com\/wp-content\/uploads\/2019\/03\/patesalail-salut.jpg?resize=80%2C60&amp;ssl=1 80w, https:\/\/i0.wp.com\/culturesco.com\/wp-content\/uploads\/2019\/03\/patesalail-salut.jpg?resize=265%2C198&amp;ssl=1 265w, https:\/\/i0.wp.com\/culturesco.com\/wp-content\/uploads\/2019\/03\/patesalail-salut.jpg?resize=696%2C522&amp;ssl=1 696w, https:\/\/i0.wp.com\/culturesco.com\/wp-content\/uploads\/2019\/03\/patesalail-salut.jpg?resize=560%2C420&amp;ssl=1 560w\" sizes=\"auto, (max-width: 696px) 100vw, 696px\" \/><figcaption id=\"caption-attachment-4280\" class=\"wp-caption-text\">Photo Julien Poncet :\u00a0 Bruno Gaccio &#8211;\u00a0Philippe Giangreco &#8211;\u00a0Jean-Carol Lariv\u00e9<\/figcaption><\/figure>\n<p style=\"text-align: justify;\">C&rsquo;\u00e9tait la derni\u00e8re de ces repr\u00e9sentations exceptionnelles, ce dimanche 31 mars\u2026 Pour l&rsquo;instant\u2026 Alors guettez la reprise des P\u00e2tes \u00e0 l\u2019ail, \u00e0 Lyon ou ailleurs\u00a0: vous en sortirez plus vivant qu\u2019en y entrant\u00a0!<\/p>\n<p style=\"text-align: justify;\"><strong>Delphine Hossa<\/strong><\/p>\n","protected":false},"excerpt":{"rendered":"<p>Quand des P\u00e2tes \u00e0 l&rsquo;ail changent une vie Comme le nom de la pi\u00e8ce pourrait facilement porter \u00e0 nombre de m\u00e9taphores sur la nourriture, je vais m\u2019en garder. J\u2019\u00e9viterai donc les \u00ab\u00a0au menu de la pi\u00e8ce\u00a0\u00bb, les \u00ab\u00a0mises en bouche\u00a0\u00bb, les \u00ab\u00a0une mise en sc\u00e8ne aux petits oignons\u00a0\u00bb (surtout que c\u2019est \u00e0 l\u2019ail, vous avez [&hellip;]<\/p>\n","protected":false},"author":7,"featured_media":4318,"comment_status":"closed","ping_status":"closed","sticky":false,"template":"","format":"standard","meta":{"jetpack_post_was_ever_published":false,"tdm_status":"","tdm_grid_status":"","_jetpack_newsletter_access":"","_jetpack_dont_email_post_to_subs":false,"_jetpack_newsletter_tier_id":0,"_jetpack_memberships_contains_paywalled_content":false,"_jetpack_memberships_contains_paid_content":false,"footnotes":""},"categories":[25],"tags":[92,91],"class_list":{"0":"post-4277","1":"post","2":"type-post","3":"status-publish","4":"format-standard","5":"has-post-thumbnail","7":"category-evenements-culturels","8":"tag-bruno-gaccio","9":"tag-theatre"},"yoast_head":"<!-- This site is optimized with the Yoast SEO plugin v27.5 - https:\/\/yoast.com\/product\/yoast-seo-wordpress\/ -->\n<title>Les P\u00e2tes \u00e0 l&#039;ail - Th\u00e9\u00e2tre de et par Bruno Gaccio - Culturesco<\/title>\n<meta name=\"description\" content=\"CulturesCo | Les P\u00e2tes \u00e0 l&#039;ail - Une pi\u00e8ce de th\u00e9\u00e2tre de et par Bruno Gaccio | Une pi\u00e8ce bouleversante de justesse et de sinc\u00e9rit\u00e9\" \/>\n<meta name=\"robots\" content=\"index, follow, max-snippet:-1, max-image-preview:large, max-video-preview:-1\" \/>\n<link rel=\"canonical\" href=\"https:\/\/culturesco.com\/index.php\/2019\/03\/31\/quand-des-pates-a-lail-changent-une-vie\/\" \/>\n<meta property=\"og:locale\" content=\"fr_FR\" \/>\n<meta property=\"og:type\" content=\"article\" \/>\n<meta property=\"og:title\" content=\"Les P\u00e2tes \u00e0 l&#039;ail - Th\u00e9\u00e2tre de et par Bruno Gaccio - Culturesco\" \/>\n<meta property=\"og:description\" content=\"CulturesCo | Les P\u00e2tes \u00e0 l&#039;ail - Une pi\u00e8ce de th\u00e9\u00e2tre de et par Bruno Gaccio | Une pi\u00e8ce bouleversante de justesse et de sinc\u00e9rit\u00e9\" \/>\n<meta property=\"og:url\" content=\"https:\/\/culturesco.com\/index.php\/2019\/03\/31\/quand-des-pates-a-lail-changent-une-vie\/\" \/>\n<meta property=\"og:site_name\" content=\"Culturesco\" \/>\n<meta property=\"article:publisher\" content=\"https:\/\/www.facebook.com\/radioculturesco\" \/>\n<meta property=\"article:published_time\" content=\"2019-03-31T21:56:16+00:00\" \/>\n<meta property=\"article:modified_time\" content=\"2019-04-01T15:47:53+00:00\" \/>\n<meta property=\"og:image\" content=\"https:\/\/i1.wp.com\/culturesco.com\/wp-content\/uploads\/2019\/03\/les-pates-a-l-ail.jpg?fit=600%2C314&ssl=1\" \/>\n\t<meta property=\"og:image:width\" content=\"600\" \/>\n\t<meta property=\"og:image:height\" content=\"314\" \/>\n\t<meta property=\"og:image:type\" content=\"image\/jpeg\" \/>\n<meta name=\"author\" content=\"Delphine Hossa\" \/>\n<meta name=\"twitter:card\" content=\"summary_large_image\" \/>\n<meta name=\"twitter:creator\" content=\"@AugusteMarshal\" \/>\n<meta name=\"twitter:site\" content=\"@AugusteMarshal\" \/>\n<meta name=\"twitter:label1\" content=\"\u00c9crit par\" \/>\n\t<meta name=\"twitter:data1\" content=\"Delphine Hossa\" \/>\n\t<meta name=\"twitter:label2\" content=\"Dur\u00e9e de lecture estim\u00e9e\" \/>\n\t<meta name=\"twitter:data2\" content=\"4 minutes\" \/>\n<script type=\"application\/ld+json\" class=\"yoast-schema-graph\">{\"@context\":\"https:\\\/\\\/schema.org\",\"@graph\":[{\"@type\":\"Article\",\"@id\":\"https:\\\/\\\/culturesco.com\\\/index.php\\\/2019\\\/03\\\/31\\\/quand-des-pates-a-lail-changent-une-vie\\\/#article\",\"isPartOf\":{\"@id\":\"https:\\\/\\\/culturesco.com\\\/index.php\\\/2019\\\/03\\\/31\\\/quand-des-pates-a-lail-changent-une-vie\\\/\"},\"author\":{\"name\":\"Delphine Hossa\",\"@id\":\"https:\\\/\\\/culturesco.com\\\/#\\\/schema\\\/person\\\/5f5b1458a363c6eae4dff7f29c40291b\"},\"headline\":\"Les P\u00e2tes \u00e0 l&rsquo;ail &#8211; Th\u00e9\u00e2tre de et par Bruno Gaccio\",\"datePublished\":\"2019-03-31T21:56:16+00:00\",\"dateModified\":\"2019-04-01T15:47:53+00:00\",\"mainEntityOfPage\":{\"@id\":\"https:\\\/\\\/culturesco.com\\\/index.php\\\/2019\\\/03\\\/31\\\/quand-des-pates-a-lail-changent-une-vie\\\/\"},\"wordCount\":843,\"publisher\":{\"@id\":\"https:\\\/\\\/culturesco.com\\\/#organization\"},\"image\":{\"@id\":\"https:\\\/\\\/culturesco.com\\\/index.php\\\/2019\\\/03\\\/31\\\/quand-des-pates-a-lail-changent-une-vie\\\/#primaryimage\"},\"thumbnailUrl\":\"https:\\\/\\\/i0.wp.com\\\/culturesco.com\\\/wp-content\\\/uploads\\\/2019\\\/03\\\/les-pates-a-l-ail.jpg?fit=600%2C314&ssl=1\",\"keywords\":[\"Bruno Gaccio\",\"th\u00e9\u00e2tre\"],\"articleSection\":[\"Ev\u00e9nements culturels\"],\"inLanguage\":\"fr-FR\"},{\"@type\":\"WebPage\",\"@id\":\"https:\\\/\\\/culturesco.com\\\/index.php\\\/2019\\\/03\\\/31\\\/quand-des-pates-a-lail-changent-une-vie\\\/\",\"url\":\"https:\\\/\\\/culturesco.com\\\/index.php\\\/2019\\\/03\\\/31\\\/quand-des-pates-a-lail-changent-une-vie\\\/\",\"name\":\"Les P\u00e2tes \u00e0 l'ail - Th\u00e9\u00e2tre de et par Bruno Gaccio - Culturesco\",\"isPartOf\":{\"@id\":\"https:\\\/\\\/culturesco.com\\\/#website\"},\"primaryImageOfPage\":{\"@id\":\"https:\\\/\\\/culturesco.com\\\/index.php\\\/2019\\\/03\\\/31\\\/quand-des-pates-a-lail-changent-une-vie\\\/#primaryimage\"},\"image\":{\"@id\":\"https:\\\/\\\/culturesco.com\\\/index.php\\\/2019\\\/03\\\/31\\\/quand-des-pates-a-lail-changent-une-vie\\\/#primaryimage\"},\"thumbnailUrl\":\"https:\\\/\\\/i0.wp.com\\\/culturesco.com\\\/wp-content\\\/uploads\\\/2019\\\/03\\\/les-pates-a-l-ail.jpg?fit=600%2C314&ssl=1\",\"datePublished\":\"2019-03-31T21:56:16+00:00\",\"dateModified\":\"2019-04-01T15:47:53+00:00\",\"description\":\"CulturesCo | Les P\u00e2tes \u00e0 l'ail - Une pi\u00e8ce de th\u00e9\u00e2tre de et par Bruno Gaccio | Une pi\u00e8ce bouleversante de justesse et de sinc\u00e9rit\u00e9\",\"breadcrumb\":{\"@id\":\"https:\\\/\\\/culturesco.com\\\/index.php\\\/2019\\\/03\\\/31\\\/quand-des-pates-a-lail-changent-une-vie\\\/#breadcrumb\"},\"inLanguage\":\"fr-FR\",\"potentialAction\":[{\"@type\":\"ReadAction\",\"target\":[\"https:\\\/\\\/culturesco.com\\\/index.php\\\/2019\\\/03\\\/31\\\/quand-des-pates-a-lail-changent-une-vie\\\/\"]}]},{\"@type\":\"ImageObject\",\"inLanguage\":\"fr-FR\",\"@id\":\"https:\\\/\\\/culturesco.com\\\/index.php\\\/2019\\\/03\\\/31\\\/quand-des-pates-a-lail-changent-une-vie\\\/#primaryimage\",\"url\":\"https:\\\/\\\/i0.wp.com\\\/culturesco.com\\\/wp-content\\\/uploads\\\/2019\\\/03\\\/les-pates-a-l-ail.jpg?fit=600%2C314&ssl=1\",\"contentUrl\":\"https:\\\/\\\/i0.wp.com\\\/culturesco.com\\\/wp-content\\\/uploads\\\/2019\\\/03\\\/les-pates-a-l-ail.jpg?fit=600%2C314&ssl=1\",\"width\":600,\"height\":314,\"caption\":\"les-pate -a l'ail avec Bruno Gaccio\"},{\"@type\":\"BreadcrumbList\",\"@id\":\"https:\\\/\\\/culturesco.com\\\/index.php\\\/2019\\\/03\\\/31\\\/quand-des-pates-a-lail-changent-une-vie\\\/#breadcrumb\",\"itemListElement\":[{\"@type\":\"ListItem\",\"position\":1,\"name\":\"Accueil\",\"item\":\"https:\\\/\\\/culturesco.com\\\/\"},{\"@type\":\"ListItem\",\"position\":2,\"name\":\"Les P\u00e2tes \u00e0 l&rsquo;ail &#8211; Th\u00e9\u00e2tre de et par Bruno Gaccio\"}]},{\"@type\":\"WebSite\",\"@id\":\"https:\\\/\\\/culturesco.com\\\/#website\",\"url\":\"https:\\\/\\\/culturesco.com\\\/\",\"name\":\"Culturesco\",\"description\":\"Culturesco | Un bon coup de pied dans ta Culture\",\"publisher\":{\"@id\":\"https:\\\/\\\/culturesco.com\\\/#organization\"},\"potentialAction\":[{\"@type\":\"SearchAction\",\"target\":{\"@type\":\"EntryPoint\",\"urlTemplate\":\"https:\\\/\\\/culturesco.com\\\/?s={search_term_string}\"},\"query-input\":{\"@type\":\"PropertyValueSpecification\",\"valueRequired\":true,\"valueName\":\"search_term_string\"}}],\"inLanguage\":\"fr-FR\"},{\"@type\":\"Organization\",\"@id\":\"https:\\\/\\\/culturesco.com\\\/#organization\",\"name\":\"CULTURESCO\",\"url\":\"https:\\\/\\\/culturesco.com\\\/\",\"logo\":{\"@type\":\"ImageObject\",\"inLanguage\":\"fr-FR\",\"@id\":\"https:\\\/\\\/culturesco.com\\\/#\\\/schema\\\/logo\\\/image\\\/\",\"url\":\"https:\\\/\\\/i0.wp.com\\\/culturesco.com\\\/wp-content\\\/uploads\\\/2022\\\/04\\\/culturesco-logo-blanc250p.png?fit=250%2C250&ssl=1\",\"contentUrl\":\"https:\\\/\\\/i0.wp.com\\\/culturesco.com\\\/wp-content\\\/uploads\\\/2022\\\/04\\\/culturesco-logo-blanc250p.png?fit=250%2C250&ssl=1\",\"width\":250,\"height\":250,\"caption\":\"CULTURESCO\"},\"image\":{\"@id\":\"https:\\\/\\\/culturesco.com\\\/#\\\/schema\\\/logo\\\/image\\\/\"},\"sameAs\":[\"https:\\\/\\\/www.facebook.com\\\/radioculturesco\",\"https:\\\/\\\/x.com\\\/AugusteMarshal\",\"https:\\\/\\\/www.instagram.com\\\/carotte_rock_culture\\\/\",\"https:\\\/\\\/www.pinterest.fr\\\/augustemarshal\\\/\",\"https:\\\/\\\/www.youtube.com\\\/channel\\\/UCiWLGffqWSXlNnfzp6YwwyQ\"]},{\"@type\":\"Person\",\"@id\":\"https:\\\/\\\/culturesco.com\\\/#\\\/schema\\\/person\\\/5f5b1458a363c6eae4dff7f29c40291b\",\"name\":\"Delphine Hossa\",\"image\":{\"@type\":\"ImageObject\",\"inLanguage\":\"fr-FR\",\"@id\":\"https:\\\/\\\/i0.wp.com\\\/culturesco.com\\\/wp-content\\\/uploads\\\/2018\\\/12\\\/delphine-e1555102917595.jpg?fit=96%2C96&ssl=1\",\"url\":\"https:\\\/\\\/i0.wp.com\\\/culturesco.com\\\/wp-content\\\/uploads\\\/2018\\\/12\\\/delphine-e1555102917595.jpg?fit=96%2C96&ssl=1\",\"contentUrl\":\"https:\\\/\\\/i0.wp.com\\\/culturesco.com\\\/wp-content\\\/uploads\\\/2018\\\/12\\\/delphine-e1555102917595.jpg?fit=96%2C96&ssl=1\",\"caption\":\"Delphine Hossa\"},\"url\":\"https:\\\/\\\/culturesco.com\\\/index.php\\\/author\\\/delphine-hossa\\\/\"}]}<\/script>\n<!-- \/ Yoast SEO plugin. -->","yoast_head_json":{"title":"Les P\u00e2tes \u00e0 l'ail - Th\u00e9\u00e2tre de et par Bruno Gaccio - Culturesco","description":"CulturesCo | Les P\u00e2tes \u00e0 l'ail - Une pi\u00e8ce de th\u00e9\u00e2tre de et par Bruno Gaccio | Une pi\u00e8ce bouleversante de justesse et de sinc\u00e9rit\u00e9","robots":{"index":"index","follow":"follow","max-snippet":"max-snippet:-1","max-image-preview":"max-image-preview:large","max-video-preview":"max-video-preview:-1"},"canonical":"https:\/\/culturesco.com\/index.php\/2019\/03\/31\/quand-des-pates-a-lail-changent-une-vie\/","og_locale":"fr_FR","og_type":"article","og_title":"Les P\u00e2tes \u00e0 l'ail - Th\u00e9\u00e2tre de et par Bruno Gaccio - Culturesco","og_description":"CulturesCo | Les P\u00e2tes \u00e0 l'ail - Une pi\u00e8ce de th\u00e9\u00e2tre de et par Bruno Gaccio | Une pi\u00e8ce bouleversante de justesse et de sinc\u00e9rit\u00e9","og_url":"https:\/\/culturesco.com\/index.php\/2019\/03\/31\/quand-des-pates-a-lail-changent-une-vie\/","og_site_name":"Culturesco","article_publisher":"https:\/\/www.facebook.com\/radioculturesco","article_published_time":"2019-03-31T21:56:16+00:00","article_modified_time":"2019-04-01T15:47:53+00:00","og_image":[{"width":600,"height":314,"url":"https:\/\/i1.wp.com\/culturesco.com\/wp-content\/uploads\/2019\/03\/les-pates-a-l-ail.jpg?fit=600%2C314&ssl=1","type":"image\/jpeg"}],"author":"Delphine Hossa","twitter_card":"summary_large_image","twitter_creator":"@AugusteMarshal","twitter_site":"@AugusteMarshal","twitter_misc":{"\u00c9crit par":"Delphine Hossa","Dur\u00e9e de lecture estim\u00e9e":"4 minutes"},"schema":{"@context":"https:\/\/schema.org","@graph":[{"@type":"Article","@id":"https:\/\/culturesco.com\/index.php\/2019\/03\/31\/quand-des-pates-a-lail-changent-une-vie\/#article","isPartOf":{"@id":"https:\/\/culturesco.com\/index.php\/2019\/03\/31\/quand-des-pates-a-lail-changent-une-vie\/"},"author":{"name":"Delphine Hossa","@id":"https:\/\/culturesco.com\/#\/schema\/person\/5f5b1458a363c6eae4dff7f29c40291b"},"headline":"Les P\u00e2tes \u00e0 l&rsquo;ail &#8211; Th\u00e9\u00e2tre de et par Bruno Gaccio","datePublished":"2019-03-31T21:56:16+00:00","dateModified":"2019-04-01T15:47:53+00:00","mainEntityOfPage":{"@id":"https:\/\/culturesco.com\/index.php\/2019\/03\/31\/quand-des-pates-a-lail-changent-une-vie\/"},"wordCount":843,"publisher":{"@id":"https:\/\/culturesco.com\/#organization"},"image":{"@id":"https:\/\/culturesco.com\/index.php\/2019\/03\/31\/quand-des-pates-a-lail-changent-une-vie\/#primaryimage"},"thumbnailUrl":"https:\/\/i0.wp.com\/culturesco.com\/wp-content\/uploads\/2019\/03\/les-pates-a-l-ail.jpg?fit=600%2C314&ssl=1","keywords":["Bruno Gaccio","th\u00e9\u00e2tre"],"articleSection":["Ev\u00e9nements culturels"],"inLanguage":"fr-FR"},{"@type":"WebPage","@id":"https:\/\/culturesco.com\/index.php\/2019\/03\/31\/quand-des-pates-a-lail-changent-une-vie\/","url":"https:\/\/culturesco.com\/index.php\/2019\/03\/31\/quand-des-pates-a-lail-changent-une-vie\/","name":"Les P\u00e2tes \u00e0 l'ail - Th\u00e9\u00e2tre de et par Bruno Gaccio - Culturesco","isPartOf":{"@id":"https:\/\/culturesco.com\/#website"},"primaryImageOfPage":{"@id":"https:\/\/culturesco.com\/index.php\/2019\/03\/31\/quand-des-pates-a-lail-changent-une-vie\/#primaryimage"},"image":{"@id":"https:\/\/culturesco.com\/index.php\/2019\/03\/31\/quand-des-pates-a-lail-changent-une-vie\/#primaryimage"},"thumbnailUrl":"https:\/\/i0.wp.com\/culturesco.com\/wp-content\/uploads\/2019\/03\/les-pates-a-l-ail.jpg?fit=600%2C314&ssl=1","datePublished":"2019-03-31T21:56:16+00:00","dateModified":"2019-04-01T15:47:53+00:00","description":"CulturesCo | Les P\u00e2tes \u00e0 l'ail - Une pi\u00e8ce de th\u00e9\u00e2tre de et par Bruno Gaccio | Une pi\u00e8ce bouleversante de justesse et de sinc\u00e9rit\u00e9","breadcrumb":{"@id":"https:\/\/culturesco.com\/index.php\/2019\/03\/31\/quand-des-pates-a-lail-changent-une-vie\/#breadcrumb"},"inLanguage":"fr-FR","potentialAction":[{"@type":"ReadAction","target":["https:\/\/culturesco.com\/index.php\/2019\/03\/31\/quand-des-pates-a-lail-changent-une-vie\/"]}]},{"@type":"ImageObject","inLanguage":"fr-FR","@id":"https:\/\/culturesco.com\/index.php\/2019\/03\/31\/quand-des-pates-a-lail-changent-une-vie\/#primaryimage","url":"https:\/\/i0.wp.com\/culturesco.com\/wp-content\/uploads\/2019\/03\/les-pates-a-l-ail.jpg?fit=600%2C314&ssl=1","contentUrl":"https:\/\/i0.wp.com\/culturesco.com\/wp-content\/uploads\/2019\/03\/les-pates-a-l-ail.jpg?fit=600%2C314&ssl=1","width":600,"height":314,"caption":"les-pate -a l'ail avec Bruno Gaccio"},{"@type":"BreadcrumbList","@id":"https:\/\/culturesco.com\/index.php\/2019\/03\/31\/quand-des-pates-a-lail-changent-une-vie\/#breadcrumb","itemListElement":[{"@type":"ListItem","position":1,"name":"Accueil","item":"https:\/\/culturesco.com\/"},{"@type":"ListItem","position":2,"name":"Les P\u00e2tes \u00e0 l&rsquo;ail &#8211; Th\u00e9\u00e2tre de et par Bruno Gaccio"}]},{"@type":"WebSite","@id":"https:\/\/culturesco.com\/#website","url":"https:\/\/culturesco.com\/","name":"Culturesco","description":"Culturesco | Un bon coup de pied dans ta Culture","publisher":{"@id":"https:\/\/culturesco.com\/#organization"},"potentialAction":[{"@type":"SearchAction","target":{"@type":"EntryPoint","urlTemplate":"https:\/\/culturesco.com\/?s={search_term_string}"},"query-input":{"@type":"PropertyValueSpecification","valueRequired":true,"valueName":"search_term_string"}}],"inLanguage":"fr-FR"},{"@type":"Organization","@id":"https:\/\/culturesco.com\/#organization","name":"CULTURESCO","url":"https:\/\/culturesco.com\/","logo":{"@type":"ImageObject","inLanguage":"fr-FR","@id":"https:\/\/culturesco.com\/#\/schema\/logo\/image\/","url":"https:\/\/i0.wp.com\/culturesco.com\/wp-content\/uploads\/2022\/04\/culturesco-logo-blanc250p.png?fit=250%2C250&ssl=1","contentUrl":"https:\/\/i0.wp.com\/culturesco.com\/wp-content\/uploads\/2022\/04\/culturesco-logo-blanc250p.png?fit=250%2C250&ssl=1","width":250,"height":250,"caption":"CULTURESCO"},"image":{"@id":"https:\/\/culturesco.com\/#\/schema\/logo\/image\/"},"sameAs":["https:\/\/www.facebook.com\/radioculturesco","https:\/\/x.com\/AugusteMarshal","https:\/\/www.instagram.com\/carotte_rock_culture\/","https:\/\/www.pinterest.fr\/augustemarshal\/","https:\/\/www.youtube.com\/channel\/UCiWLGffqWSXlNnfzp6YwwyQ"]},{"@type":"Person","@id":"https:\/\/culturesco.com\/#\/schema\/person\/5f5b1458a363c6eae4dff7f29c40291b","name":"Delphine Hossa","image":{"@type":"ImageObject","inLanguage":"fr-FR","@id":"https:\/\/i0.wp.com\/culturesco.com\/wp-content\/uploads\/2018\/12\/delphine-e1555102917595.jpg?fit=96%2C96&ssl=1","url":"https:\/\/i0.wp.com\/culturesco.com\/wp-content\/uploads\/2018\/12\/delphine-e1555102917595.jpg?fit=96%2C96&ssl=1","contentUrl":"https:\/\/i0.wp.com\/culturesco.com\/wp-content\/uploads\/2018\/12\/delphine-e1555102917595.jpg?fit=96%2C96&ssl=1","caption":"Delphine Hossa"},"url":"https:\/\/culturesco.com\/index.php\/author\/delphine-hossa\/"}]}},"jetpack_featured_media_url":"https:\/\/i0.wp.com\/culturesco.com\/wp-content\/uploads\/2019\/03\/les-pates-a-l-ail.jpg?fit=600%2C314&ssl=1","jetpack_likes_enabled":true,"jetpack_sharing_enabled":true,"jetpack_shortlink":"https:\/\/wp.me\/paz89I-16Z","_links":{"self":[{"href":"https:\/\/culturesco.com\/index.php\/wp-json\/wp\/v2\/posts\/4277","targetHints":{"allow":["GET"]}}],"collection":[{"href":"https:\/\/culturesco.com\/index.php\/wp-json\/wp\/v2\/posts"}],"about":[{"href":"https:\/\/culturesco.com\/index.php\/wp-json\/wp\/v2\/types\/post"}],"author":[{"embeddable":true,"href":"https:\/\/culturesco.com\/index.php\/wp-json\/wp\/v2\/users\/7"}],"replies":[{"embeddable":true,"href":"https:\/\/culturesco.com\/index.php\/wp-json\/wp\/v2\/comments?post=4277"}],"version-history":[{"count":0,"href":"https:\/\/culturesco.com\/index.php\/wp-json\/wp\/v2\/posts\/4277\/revisions"}],"wp:featuredmedia":[{"embeddable":true,"href":"https:\/\/culturesco.com\/index.php\/wp-json\/wp\/v2\/media\/4318"}],"wp:attachment":[{"href":"https:\/\/culturesco.com\/index.php\/wp-json\/wp\/v2\/media?parent=4277"}],"wp:term":[{"taxonomy":"category","embeddable":true,"href":"https:\/\/culturesco.com\/index.php\/wp-json\/wp\/v2\/categories?post=4277"},{"taxonomy":"post_tag","embeddable":true,"href":"https:\/\/culturesco.com\/index.php\/wp-json\/wp\/v2\/tags?post=4277"}],"curies":[{"name":"wp","href":"https:\/\/api.w.org\/{rel}","templated":true}]}}