{"id":3801,"date":"2019-03-14T17:26:39","date_gmt":"2019-03-14T16:26:39","guid":{"rendered":"https:\/\/culturesco.com\/?p=3801"},"modified":"2019-03-26T10:50:09","modified_gmt":"2019-03-26T09:50:09","slug":"le-moro-sphinx-et-le-lucane-cerf-volant","status":"publish","type":"post","link":"https:\/\/culturesco.com\/index.php\/2019\/03\/14\/le-moro-sphinx-et-le-lucane-cerf-volant\/","title":{"rendered":"Le MORO SPHINX, le LUCANE CERF-VOLANT&#8230;"},"content":{"rendered":"<h2>Dans nos jardins&#8230;<\/h2>\n<h3>tout un monde grouille !<\/h3>\n<figure id=\"attachment_3825\" aria-describedby=\"caption-attachment-3825\" style=\"width: 156px\" class=\"wp-caption aligncenter\"><a href=\"https:\/\/i0.wp.com\/culturesco.com\/wp-content\/uploads\/2019\/03\/chenille.jpg?ssl=1\"><img data-recalc-dims=\"1\" loading=\"lazy\" decoding=\"async\" class=\"size-medium wp-image-3825\" src=\"https:\/\/i0.wp.com\/culturesco.com\/wp-content\/uploads\/2019\/03\/chenille.jpg?resize=156%2C300&#038;ssl=1\" alt=\"Une chenille non identifi\u00e9e\" width=\"156\" height=\"300\" srcset=\"https:\/\/i0.wp.com\/culturesco.com\/wp-content\/uploads\/2019\/03\/chenille.jpg?resize=156%2C300&amp;ssl=1 156w, https:\/\/i0.wp.com\/culturesco.com\/wp-content\/uploads\/2019\/03\/chenille.jpg?resize=327%2C627&amp;ssl=1 327w, https:\/\/i0.wp.com\/culturesco.com\/wp-content\/uploads\/2019\/03\/chenille.jpg?resize=219%2C420&amp;ssl=1 219w, https:\/\/i0.wp.com\/culturesco.com\/wp-content\/uploads\/2019\/03\/chenille.jpg?w=313&amp;ssl=1 313w\" sizes=\"auto, (max-width: 156px) 100vw, 156px\" \/><\/a><figcaption id=\"caption-attachment-3825\" class=\"wp-caption-text\">Une chenille non identifi\u00e9e<\/figcaption><\/figure>\n<p style=\"text-align: justify\">C&rsquo;est DINGUE ce qu&rsquo;on trouve dans un jardin\u2026<\/p>\n<p style=\"text-align: justify\">Quelqu&rsquo;un pourrait-il me dire quelle est cette superbe chenille, riche en couleurs et \u00e0 la\u00a0t\u00eate surmont\u00e9e d&rsquo;une cr\u00eate type \u00ab\u00a0punk 1978\u00a0\u00bb\u00a0? Si son \u00ab\u00a0ramage ressemble \u00e0 son plumage\u00a0\u00bb, elle va certainement devenir un SUPERBE papillon\u2026 mais <strong>QUEL <\/strong>papillon ? (cela dit, c&rsquo;est pas une certitude, j&rsquo;ai connu d&rsquo;adorables b\u00e9b\u00e9s qui sont devenus des gros vieux bonshommes hideux) ? Peut-\u00eatre un Moro sphynx, qui sait ?<\/p>\n<h3 style=\"text-align: justify\">Un PAPILLON COLIBRI<\/h3>\n<p style=\"text-align: justify\">La premi\u00e8re fois que je l&rsquo;ai vu je suis vraiment tomb\u00e9 des nues ! Quel \u00e9tait ce minuscule \u00ab\u00a0oiseau\u00a0\u00bb qui venait butiner ? Chance : il revint r\u00e9guli\u00e8rement, me donnant l&rsquo;occasion de le photographier.<\/p>\n<p style=\"text-align: justify\">Etant un bien pi\u00e8tre photographe, le seul moyen pour moi de le fixer sur pellicule \u00e9tait de mitrailler sans cesse avec &#8211; peut-\u00eatre ! &#8211; l&rsquo;espoir de r\u00e9ussir une ou deux photos sur cinquante. Car le bougre est rapide : il ne reste gu\u00e8re que deux ou trois secondes sur chaque fleur !<\/p>\n<p style=\"text-align: justify\">Re-chance : un de mes clich\u00e9s fut r\u00e9ussi :<\/p>\n<figure id=\"attachment_3812\" aria-describedby=\"caption-attachment-3812\" style=\"width: 300px\" class=\"wp-caption aligncenter\"><img data-recalc-dims=\"1\" loading=\"lazy\" decoding=\"async\" class=\"size-medium wp-image-3812\" src=\"https:\/\/i0.wp.com\/culturesco.com\/wp-content\/uploads\/2019\/03\/ob_6e5ce0_sur-mon-balcon.jpg?resize=300%2C232&#038;ssl=1\" alt=\"moro sphynx\" width=\"300\" height=\"232\" srcset=\"https:\/\/i0.wp.com\/culturesco.com\/wp-content\/uploads\/2019\/03\/ob_6e5ce0_sur-mon-balcon.jpg?resize=300%2C232&amp;ssl=1 300w, https:\/\/i0.wp.com\/culturesco.com\/wp-content\/uploads\/2019\/03\/ob_6e5ce0_sur-mon-balcon.jpg?w=400&amp;ssl=1 400w\" sizes=\"auto, (max-width: 300px) 100vw, 300px\" \/><figcaption id=\"caption-attachment-3812\" class=\"wp-caption-text\">moro sphynx<\/figcaption><\/figure>\n<p style=\"text-align: justify\">Pas vraiment farouche, il rentra m\u00eame dans la v\u00e9randa et je pus le \u00ab\u00a0capturer\u00a0\u00bb quelques minutes dans un bocal, histoire de l&rsquo;observer tranquillement. pas trop longtemps pour ne pas l&rsquo;affoler. J&rsquo;ai appris ensuite qu&rsquo;il ne s&rsquo;agissait pas d&rsquo;un tout petit oiseau, mais d&rsquo;un papillon. Vous apprendrez tout sur lui en visitant le site de Christian LEGAC (<a href=\"http:\/\/www.christianlegac.com\/article-le-moro-sphinx-le-papillon-colibri-119753185.html\">cliquer ICI<\/a>). Et puis, Moro Sphynx c&rsquo;est quand m\u00eame mieux que Moro Vache.<\/p>\n<h3 style=\"text-align: justify\">Un HANNETON effrayant\u00a0!<\/h3>\n<div class=\"youtube-embed\" data-video_id=\"Fh2BQVWHt84\"><iframe loading=\"lazy\" title=\"Un lucane cerf-volant \u00e0 Clamecy\" width=\"696\" height=\"392\" src=\"https:\/\/www.youtube.com\/embed\/Fh2BQVWHt84\" frameborder=\"0\" allow=\"accelerometer; autoplay; clipboard-write; encrypted-media; gyroscope; picture-in-picture; web-share\" referrerpolicy=\"strict-origin-when-cross-origin\" allowfullscreen><\/iframe><\/div>\n<p style=\"text-align: justify\">Le <strong>LUCANE CERF-VOLANT<\/strong>\u2026 tr\u00e8s courant lorsque j&rsquo;\u00e9tais m\u00f4me, m\u00eame en banlieue parisienne (j&rsquo;habitais \u00e0 Clamart, en face du bois qui jouxte la for\u00eat de Meudon). Et puis pfuit\u2026 il disparut. je n&rsquo;en n&rsquo;avais pas vu depuis cinquante ans. De telles retrouvailles, \u00e7a s&rsquo;arrose, comme vous avez pu le voir dans le clip. Je l&rsquo;avais trouv\u00e9 vers 18h&#8230; Il passa la soir\u00e9e en notre compagnie, tr\u00e8s sage (il avait bien m\u00e9rit\u00e9 une p&rsquo;tite fraise du jardin). Et \u00e0 la tomb\u00e9e de la nuit il s&rsquo;envola sur un dernier de la main\u2026 euh, de la patte.<\/p>\n<h3 style=\"text-align: justify\"><span style=\"font-family: 'Verdana','sans-serif'\"><span style=\"color: #000000;font-size: medium\">Le grillon de mon foyer<\/span><\/span><\/h3>\n<p style=\"text-align: justify\"><span style=\"font-family: 'Verdana','sans-serif'\"><span style=\"color: #000000;font-size: medium\">Il y a dix jours\u2026 J&rsquo;avise un petit truc noir qui gesticule et d\u00e9ambule dans mon vestibule. J\u2019avais pas mes lunettes, j\u2019ai failli lui marcher dessus (p\u00f4v&rsquo; bestiole\u00a0!) C&rsquo;\u00e9tait un <strong>grillon<\/strong> (m\u00e2le). Et depuis dix jours j&rsquo;attends qu&rsquo;il chante, bordel !<\/span><\/span><\/p>\n<p style=\"text-align: justify\"><span style=\"font-family: 'Verdana','sans-serif'\"><span style=\"color: #000000;font-size: medium\">Je viens de me renseigner : le grillon m\u00e2le chante lorsqu&rsquo;il est \u00e0 la recherche d&rsquo;une femelle. J&rsquo;en d\u00e9duis que le mien est misogyne. C&rsquo;est bien ma veine ! En tous cas, il a un solide coup de fourchette\u00a0:<\/span><\/span><\/p>\n<div class=\"youtube-embed\" data-video_id=\"fxP1lzMt0cg\"><iframe loading=\"lazy\" title=\"Le grillon et la mie de pain\" width=\"696\" height=\"392\" src=\"https:\/\/www.youtube.com\/embed\/fxP1lzMt0cg?start=120\" frameborder=\"0\" allow=\"accelerometer; autoplay; clipboard-write; encrypted-media; gyroscope; picture-in-picture; web-share\" referrerpolicy=\"strict-origin-when-cross-origin\" allowfullscreen><\/iframe><\/div>\n<h3>Le Staphylin noir, un insecte qui ressemble au scorpion<\/h3>\n<p><span style=\"line-height: 115%;font-family: 'Times New Roman','serif';font-size: 12pt\"><span style=\"color: #000000\">Il se baladait, peinard, dans la v\u00e9randa. Bien que tout \u00e0 fait inoffensif, cet insecte se comporte, pour faire peur, comme le scorpion ! Regardez un clip tr\u00e8s instructif : <\/span><a href=\"http:\/\/www.youtube.com\/watch?v=ng3Tj5XNgOM\">cliquer ICI<\/a><\/span><\/p>\n<figure id=\"attachment_3949\" aria-describedby=\"caption-attachment-3949\" style=\"width: 300px\" class=\"wp-caption aligncenter\"><img data-recalc-dims=\"1\" loading=\"lazy\" decoding=\"async\" class=\"size-medium wp-image-3949\" src=\"https:\/\/i0.wp.com\/culturesco.com\/wp-content\/uploads\/2019\/03\/ob_a3bafc_ocypus-olens-defense-2.jpg?resize=300%2C190&#038;ssl=1\" alt=\"Le Staphylin noir\" width=\"300\" height=\"190\" srcset=\"https:\/\/i0.wp.com\/culturesco.com\/wp-content\/uploads\/2019\/03\/ob_a3bafc_ocypus-olens-defense-2.jpg?resize=300%2C190&amp;ssl=1 300w, https:\/\/i0.wp.com\/culturesco.com\/wp-content\/uploads\/2019\/03\/ob_a3bafc_ocypus-olens-defense-2.jpg?w=600&amp;ssl=1 600w\" sizes=\"auto, (max-width: 300px) 100vw, 300px\" \/><figcaption id=\"caption-attachment-3949\" class=\"wp-caption-text\">Le Staphylin noir<\/figcaption><\/figure>\n<h3 style=\"text-align: justify\">Les hannetons<\/h3>\n<p style=\"text-align: justify\"><span style=\"color: #000000\">Des hannetons, il\u00a0y en avait plein en banlieue parisienne dans les ann\u00e9es soixante gr\u00e2ce aux arbres au bord de la route. Mais Pompidou promit une voiture pour chaque Fran\u00e7ais (aujourd&rsquo;hui ils en ont deux, des monstres, des 4 x 4. Avec leurs 4 x 4 les Fran\u00e7ais ont tu\u00e9 les derniers buffles en libert\u00e9 &#8211; Hulot n&rsquo;a rien fait pour eux &#8211; et du coup, comme il ne reste plus de buffles, les 4 x 4 ne servent plus qu&rsquo;\u00e0 aller chercher le pain au coin de la rue le dimanche matin\u2026 mais les mecs continuent \u00e0 se prendre pour Buffalo Bill). <\/span><\/p>\n<h3 style=\"text-align: justify\">Pompidou a mis \u00e0 mort les hannetons<\/h3>\n<p style=\"text-align: justify\">Enfin ne\u00a0jetons pas\u00a0la pierre au\u00a0seul Pr\u00e9sident de la r\u00e9publique qui tint ses promesses : il avait promis la fin du septennat, il eut l&rsquo;\u00e9l\u00e9gance de claquer au bout de cinq ans.<\/p>\n<figure id=\"attachment_3822\" aria-describedby=\"caption-attachment-3822\" style=\"width: 300px\" class=\"wp-caption aligncenter\"><img data-recalc-dims=\"1\" loading=\"lazy\" decoding=\"async\" class=\"size-medium wp-image-3822\" src=\"https:\/\/i0.wp.com\/culturesco.com\/wp-content\/uploads\/2019\/03\/ob_124ea0_640-42-33329616.jpg?resize=300%2C202&#038;ssl=1\" alt=\"tr\u00e8s beau gros plan !\" width=\"300\" height=\"202\" srcset=\"https:\/\/i0.wp.com\/culturesco.com\/wp-content\/uploads\/2019\/03\/ob_124ea0_640-42-33329616.jpg?resize=300%2C202&amp;ssl=1 300w, https:\/\/i0.wp.com\/culturesco.com\/wp-content\/uploads\/2019\/03\/ob_124ea0_640-42-33329616.jpg?w=600&amp;ssl=1 600w, https:\/\/i0.wp.com\/culturesco.com\/wp-content\/uploads\/2019\/03\/ob_124ea0_640-42-33329616.jpg?resize=625%2C420&amp;ssl=1 625w\" sizes=\"auto, (max-width: 300px) 100vw, 300px\" \/><figcaption id=\"caption-attachment-3822\" class=\"wp-caption-text\">tr\u00e8s beau gros plan !<\/figcaption><\/figure>\n<p style=\"text-align: justify\">(note \u00e0 b\u00eanets : malgr\u00e9 l&rsquo;apparence, la photo n&rsquo;est pas l&rsquo;horrible Pompidou mais un adorable hanneton)<\/p>\n<p style=\"text-align: justify\"><span style=\"color: #000000\">Mais revenons \u00e0 nos mou\u2026 \u00e0 nos hannetons.<\/span><\/p>\n<h3 style=\"text-align: justify\"><span style=\"color: #000000\">Je reprends ma phrase&#8230;<\/span><\/h3>\n<p style=\"text-align: justify\"><span id=\"yui_3_16_0_ym19_1_1527176488212_3780\"><span style=\"color: #000000\">Des hannetons, il\u00a0y en avait plein en banlieue parisienne dans les ann\u00e9es soixante gr\u00e2ce aux arbres au bord de la route. Mais <span style=\"font-size: medium\">pour garer son 4 x 4 devant chez soi il a fallu abattre les arbres pour faire des places de parking. Et les hannetons sont morts. Comme certains possesseurs de 4 x 4 : 95% de la population mondiale respirent un air pollu\u00e9 (<\/span><\/span><a href=\"http:\/\/www.bfmtv.com\/planete\/95percent-de-la-population-mondiale-respirent-un-air-pollue-1422020.html\">cliquer ICI<\/a><span style=\"color: #000000;font-size: medium\">).<\/span><\/span><\/p>\n<div class=\"youtube-embed\" data-video_id=\"9DKgYPThLrw\"><iframe loading=\"lazy\" title=\"Fr\u00e9d\u00e9rik Mey - Il n&#039;y a plus de hannetons\" width=\"696\" height=\"522\" src=\"https:\/\/www.youtube.com\/embed\/9DKgYPThLrw\" frameborder=\"0\" allow=\"accelerometer; autoplay; clipboard-write; encrypted-media; gyroscope; picture-in-picture; web-share\" referrerpolicy=\"strict-origin-when-cross-origin\" allowfullscreen><\/iframe><\/div>\n<p>&nbsp;<\/p>\n","protected":false},"excerpt":{"rendered":"<p>Dans nos jardins&#8230; tout un monde grouille ! C&rsquo;est DINGUE ce qu&rsquo;on trouve dans un jardin\u2026 Quelqu&rsquo;un pourrait-il me dire quelle est cette superbe chenille, riche en couleurs et \u00e0 la\u00a0t\u00eate surmont\u00e9e d&rsquo;une cr\u00eate type \u00ab\u00a0punk 1978\u00a0\u00bb\u00a0? Si son \u00ab\u00a0ramage ressemble \u00e0 son plumage\u00a0\u00bb, elle va certainement devenir un SUPERBE papillon\u2026 mais QUEL papillon ? [&hellip;]<\/p>\n","protected":false},"author":2,"featured_media":3812,"comment_status":"closed","ping_status":"closed","sticky":false,"template":"","format":"image","meta":{"jetpack_post_was_ever_published":false,"tdm_status":"","tdm_grid_status":"","_jetpack_newsletter_access":"","_jetpack_dont_email_post_to_subs":false,"_jetpack_newsletter_tier_id":0,"_jetpack_memberships_contains_paywalled_content":false,"_jetpack_memberships_contains_paid_content":false,"footnotes":""},"categories":[17],"tags":[90],"class_list":{"0":"post-3801","1":"post","2":"type-post","3":"status-publish","4":"format-image","5":"has-post-thumbnail","7":"category-carotte-rock-cultures","8":"tag-nature","9":"post_format-post-format-image"},"yoast_head":"<!-- This site is optimized with the Yoast SEO plugin v27.5 - https:\/\/yoast.com\/product\/yoast-seo-wordpress\/ -->\n<title>Le MORO SPHINX, le LUCANE CERF-VOLANT... - Culturesco<\/title>\n<meta name=\"description\" content=\"CulturesCo | Un bon coup de pied dans ta Culture | Chroniques et histoire du Rock, chanson fran\u00e7aise, litt\u00e9rature, cin\u00e9ma et bande dessin\u00e9e.\" \/>\n<meta name=\"robots\" content=\"index, follow, max-snippet:-1, max-image-preview:large, max-video-preview:-1\" \/>\n<link rel=\"canonical\" href=\"https:\/\/culturesco.com\/index.php\/2019\/03\/14\/le-moro-sphinx-et-le-lucane-cerf-volant\/\" \/>\n<meta property=\"og:locale\" content=\"fr_FR\" \/>\n<meta property=\"og:type\" content=\"article\" \/>\n<meta property=\"og:title\" content=\"Le MORO SPHINX, le LUCANE CERF-VOLANT... - Culturesco\" \/>\n<meta property=\"og:description\" content=\"CulturesCo | Un bon coup de pied dans ta Culture | Chroniques et histoire du Rock, chanson fran\u00e7aise, litt\u00e9rature, cin\u00e9ma et bande dessin\u00e9e.\" \/>\n<meta property=\"og:url\" content=\"https:\/\/culturesco.com\/index.php\/2019\/03\/14\/le-moro-sphinx-et-le-lucane-cerf-volant\/\" \/>\n<meta property=\"og:site_name\" content=\"Culturesco\" \/>\n<meta property=\"article:publisher\" content=\"https:\/\/www.facebook.com\/radioculturesco\" \/>\n<meta property=\"article:published_time\" content=\"2019-03-14T16:26:39+00:00\" \/>\n<meta property=\"article:modified_time\" content=\"2019-03-26T09:50:09+00:00\" \/>\n<meta property=\"og:image\" content=\"https:\/\/i2.wp.com\/culturesco.com\/wp-content\/uploads\/2019\/03\/ob_6e5ce0_sur-mon-balcon.jpg?fit=400%2C309&ssl=1\" \/>\n\t<meta property=\"og:image:width\" content=\"400\" \/>\n\t<meta property=\"og:image:height\" content=\"309\" \/>\n\t<meta property=\"og:image:type\" content=\"image\/jpeg\" \/>\n<meta name=\"author\" content=\"Daniel Lesueur\" \/>\n<meta name=\"twitter:card\" content=\"summary_large_image\" \/>\n<meta name=\"twitter:creator\" content=\"@AugusteMarshal\" \/>\n<meta name=\"twitter:site\" content=\"@AugusteMarshal\" \/>\n<meta name=\"twitter:label1\" content=\"\u00c9crit par\" \/>\n\t<meta name=\"twitter:data1\" content=\"Daniel Lesueur\" \/>\n\t<meta name=\"twitter:label2\" content=\"Dur\u00e9e de lecture estim\u00e9e\" \/>\n\t<meta name=\"twitter:data2\" content=\"4 minutes\" \/>\n<script type=\"application\/ld+json\" class=\"yoast-schema-graph\">{\"@context\":\"https:\\\/\\\/schema.org\",\"@graph\":[{\"@type\":\"Article\",\"@id\":\"https:\\\/\\\/culturesco.com\\\/index.php\\\/2019\\\/03\\\/14\\\/le-moro-sphinx-et-le-lucane-cerf-volant\\\/#article\",\"isPartOf\":{\"@id\":\"https:\\\/\\\/culturesco.com\\\/index.php\\\/2019\\\/03\\\/14\\\/le-moro-sphinx-et-le-lucane-cerf-volant\\\/\"},\"author\":{\"name\":\"Daniel Lesueur\",\"@id\":\"https:\\\/\\\/culturesco.com\\\/#\\\/schema\\\/person\\\/716087cb1b01edf85084af2d12096a8f\"},\"headline\":\"Le MORO SPHINX, le LUCANE CERF-VOLANT&#8230;\",\"datePublished\":\"2019-03-14T16:26:39+00:00\",\"dateModified\":\"2019-03-26T09:50:09+00:00\",\"mainEntityOfPage\":{\"@id\":\"https:\\\/\\\/culturesco.com\\\/index.php\\\/2019\\\/03\\\/14\\\/le-moro-sphinx-et-le-lucane-cerf-volant\\\/\"},\"wordCount\":834,\"publisher\":{\"@id\":\"https:\\\/\\\/culturesco.com\\\/#organization\"},\"image\":{\"@id\":\"https:\\\/\\\/culturesco.com\\\/index.php\\\/2019\\\/03\\\/14\\\/le-moro-sphinx-et-le-lucane-cerf-volant\\\/#primaryimage\"},\"thumbnailUrl\":\"https:\\\/\\\/i0.wp.com\\\/culturesco.com\\\/wp-content\\\/uploads\\\/2019\\\/03\\\/ob_6e5ce0_sur-mon-balcon.jpg?fit=400%2C309&ssl=1\",\"keywords\":[\"NATURE\"],\"articleSection\":[\"Carotte Rock Cultures\"],\"inLanguage\":\"fr-FR\"},{\"@type\":\"WebPage\",\"@id\":\"https:\\\/\\\/culturesco.com\\\/index.php\\\/2019\\\/03\\\/14\\\/le-moro-sphinx-et-le-lucane-cerf-volant\\\/\",\"url\":\"https:\\\/\\\/culturesco.com\\\/index.php\\\/2019\\\/03\\\/14\\\/le-moro-sphinx-et-le-lucane-cerf-volant\\\/\",\"name\":\"Le MORO SPHINX, le LUCANE CERF-VOLANT... - Culturesco\",\"isPartOf\":{\"@id\":\"https:\\\/\\\/culturesco.com\\\/#website\"},\"primaryImageOfPage\":{\"@id\":\"https:\\\/\\\/culturesco.com\\\/index.php\\\/2019\\\/03\\\/14\\\/le-moro-sphinx-et-le-lucane-cerf-volant\\\/#primaryimage\"},\"image\":{\"@id\":\"https:\\\/\\\/culturesco.com\\\/index.php\\\/2019\\\/03\\\/14\\\/le-moro-sphinx-et-le-lucane-cerf-volant\\\/#primaryimage\"},\"thumbnailUrl\":\"https:\\\/\\\/i0.wp.com\\\/culturesco.com\\\/wp-content\\\/uploads\\\/2019\\\/03\\\/ob_6e5ce0_sur-mon-balcon.jpg?fit=400%2C309&ssl=1\",\"datePublished\":\"2019-03-14T16:26:39+00:00\",\"dateModified\":\"2019-03-26T09:50:09+00:00\",\"description\":\"CulturesCo | Un bon coup de pied dans ta Culture | Chroniques et histoire du Rock, chanson fran\u00e7aise, litt\u00e9rature, cin\u00e9ma et bande dessin\u00e9e.\",\"breadcrumb\":{\"@id\":\"https:\\\/\\\/culturesco.com\\\/index.php\\\/2019\\\/03\\\/14\\\/le-moro-sphinx-et-le-lucane-cerf-volant\\\/#breadcrumb\"},\"inLanguage\":\"fr-FR\",\"potentialAction\":[{\"@type\":\"ReadAction\",\"target\":[\"https:\\\/\\\/culturesco.com\\\/index.php\\\/2019\\\/03\\\/14\\\/le-moro-sphinx-et-le-lucane-cerf-volant\\\/\"]}]},{\"@type\":\"ImageObject\",\"inLanguage\":\"fr-FR\",\"@id\":\"https:\\\/\\\/culturesco.com\\\/index.php\\\/2019\\\/03\\\/14\\\/le-moro-sphinx-et-le-lucane-cerf-volant\\\/#primaryimage\",\"url\":\"https:\\\/\\\/i0.wp.com\\\/culturesco.com\\\/wp-content\\\/uploads\\\/2019\\\/03\\\/ob_6e5ce0_sur-mon-balcon.jpg?fit=400%2C309&ssl=1\",\"contentUrl\":\"https:\\\/\\\/i0.wp.com\\\/culturesco.com\\\/wp-content\\\/uploads\\\/2019\\\/03\\\/ob_6e5ce0_sur-mon-balcon.jpg?fit=400%2C309&ssl=1\",\"width\":400,\"height\":309,\"caption\":\"moro sphynx\"},{\"@type\":\"BreadcrumbList\",\"@id\":\"https:\\\/\\\/culturesco.com\\\/index.php\\\/2019\\\/03\\\/14\\\/le-moro-sphinx-et-le-lucane-cerf-volant\\\/#breadcrumb\",\"itemListElement\":[{\"@type\":\"ListItem\",\"position\":1,\"name\":\"Accueil\",\"item\":\"https:\\\/\\\/culturesco.com\\\/\"},{\"@type\":\"ListItem\",\"position\":2,\"name\":\"Le MORO SPHINX, le LUCANE CERF-VOLANT&#8230;\"}]},{\"@type\":\"WebSite\",\"@id\":\"https:\\\/\\\/culturesco.com\\\/#website\",\"url\":\"https:\\\/\\\/culturesco.com\\\/\",\"name\":\"Culturesco\",\"description\":\"Culturesco | Un bon coup de pied dans ta Culture\",\"publisher\":{\"@id\":\"https:\\\/\\\/culturesco.com\\\/#organization\"},\"potentialAction\":[{\"@type\":\"SearchAction\",\"target\":{\"@type\":\"EntryPoint\",\"urlTemplate\":\"https:\\\/\\\/culturesco.com\\\/?s={search_term_string}\"},\"query-input\":{\"@type\":\"PropertyValueSpecification\",\"valueRequired\":true,\"valueName\":\"search_term_string\"}}],\"inLanguage\":\"fr-FR\"},{\"@type\":\"Organization\",\"@id\":\"https:\\\/\\\/culturesco.com\\\/#organization\",\"name\":\"CULTURESCO\",\"url\":\"https:\\\/\\\/culturesco.com\\\/\",\"logo\":{\"@type\":\"ImageObject\",\"inLanguage\":\"fr-FR\",\"@id\":\"https:\\\/\\\/culturesco.com\\\/#\\\/schema\\\/logo\\\/image\\\/\",\"url\":\"https:\\\/\\\/i0.wp.com\\\/culturesco.com\\\/wp-content\\\/uploads\\\/2022\\\/04\\\/culturesco-logo-blanc250p.png?fit=250%2C250&ssl=1\",\"contentUrl\":\"https:\\\/\\\/i0.wp.com\\\/culturesco.com\\\/wp-content\\\/uploads\\\/2022\\\/04\\\/culturesco-logo-blanc250p.png?fit=250%2C250&ssl=1\",\"width\":250,\"height\":250,\"caption\":\"CULTURESCO\"},\"image\":{\"@id\":\"https:\\\/\\\/culturesco.com\\\/#\\\/schema\\\/logo\\\/image\\\/\"},\"sameAs\":[\"https:\\\/\\\/www.facebook.com\\\/radioculturesco\",\"https:\\\/\\\/x.com\\\/AugusteMarshal\",\"https:\\\/\\\/www.instagram.com\\\/carotte_rock_culture\\\/\",\"https:\\\/\\\/www.pinterest.fr\\\/augustemarshal\\\/\",\"https:\\\/\\\/www.youtube.com\\\/channel\\\/UCiWLGffqWSXlNnfzp6YwwyQ\"]},{\"@type\":\"Person\",\"@id\":\"https:\\\/\\\/culturesco.com\\\/#\\\/schema\\\/person\\\/716087cb1b01edf85084af2d12096a8f\",\"name\":\"Daniel Lesueur\",\"image\":{\"@type\":\"ImageObject\",\"inLanguage\":\"fr-FR\",\"@id\":\"https:\\\/\\\/i0.wp.com\\\/culturesco.com\\\/wp-content\\\/uploads\\\/2018\\\/12\\\/lesueur.jpg?fit=96%2C89&ssl=1\",\"url\":\"https:\\\/\\\/i0.wp.com\\\/culturesco.com\\\/wp-content\\\/uploads\\\/2018\\\/12\\\/lesueur.jpg?fit=96%2C89&ssl=1\",\"contentUrl\":\"https:\\\/\\\/i0.wp.com\\\/culturesco.com\\\/wp-content\\\/uploads\\\/2018\\\/12\\\/lesueur.jpg?fit=96%2C89&ssl=1\",\"caption\":\"Daniel Lesueur\"},\"description\":\"\u00c9crivain - Directeur de collection chez Camion Blanc\",\"url\":\"https:\\\/\\\/culturesco.com\\\/index.php\\\/author\\\/daniel-lesueur\\\/\"}]}<\/script>\n<!-- \/ Yoast SEO plugin. -->","yoast_head_json":{"title":"Le MORO SPHINX, le LUCANE CERF-VOLANT... - Culturesco","description":"CulturesCo | Un bon coup de pied dans ta Culture | Chroniques et histoire du Rock, chanson fran\u00e7aise, litt\u00e9rature, cin\u00e9ma et bande dessin\u00e9e.","robots":{"index":"index","follow":"follow","max-snippet":"max-snippet:-1","max-image-preview":"max-image-preview:large","max-video-preview":"max-video-preview:-1"},"canonical":"https:\/\/culturesco.com\/index.php\/2019\/03\/14\/le-moro-sphinx-et-le-lucane-cerf-volant\/","og_locale":"fr_FR","og_type":"article","og_title":"Le MORO SPHINX, le LUCANE CERF-VOLANT... - Culturesco","og_description":"CulturesCo | Un bon coup de pied dans ta Culture | Chroniques et histoire du Rock, chanson fran\u00e7aise, litt\u00e9rature, cin\u00e9ma et bande dessin\u00e9e.","og_url":"https:\/\/culturesco.com\/index.php\/2019\/03\/14\/le-moro-sphinx-et-le-lucane-cerf-volant\/","og_site_name":"Culturesco","article_publisher":"https:\/\/www.facebook.com\/radioculturesco","article_published_time":"2019-03-14T16:26:39+00:00","article_modified_time":"2019-03-26T09:50:09+00:00","og_image":[{"width":400,"height":309,"url":"https:\/\/i2.wp.com\/culturesco.com\/wp-content\/uploads\/2019\/03\/ob_6e5ce0_sur-mon-balcon.jpg?fit=400%2C309&ssl=1","type":"image\/jpeg"}],"author":"Daniel Lesueur","twitter_card":"summary_large_image","twitter_creator":"@AugusteMarshal","twitter_site":"@AugusteMarshal","twitter_misc":{"\u00c9crit par":"Daniel Lesueur","Dur\u00e9e de lecture estim\u00e9e":"4 minutes"},"schema":{"@context":"https:\/\/schema.org","@graph":[{"@type":"Article","@id":"https:\/\/culturesco.com\/index.php\/2019\/03\/14\/le-moro-sphinx-et-le-lucane-cerf-volant\/#article","isPartOf":{"@id":"https:\/\/culturesco.com\/index.php\/2019\/03\/14\/le-moro-sphinx-et-le-lucane-cerf-volant\/"},"author":{"name":"Daniel Lesueur","@id":"https:\/\/culturesco.com\/#\/schema\/person\/716087cb1b01edf85084af2d12096a8f"},"headline":"Le MORO SPHINX, le LUCANE CERF-VOLANT&#8230;","datePublished":"2019-03-14T16:26:39+00:00","dateModified":"2019-03-26T09:50:09+00:00","mainEntityOfPage":{"@id":"https:\/\/culturesco.com\/index.php\/2019\/03\/14\/le-moro-sphinx-et-le-lucane-cerf-volant\/"},"wordCount":834,"publisher":{"@id":"https:\/\/culturesco.com\/#organization"},"image":{"@id":"https:\/\/culturesco.com\/index.php\/2019\/03\/14\/le-moro-sphinx-et-le-lucane-cerf-volant\/#primaryimage"},"thumbnailUrl":"https:\/\/i0.wp.com\/culturesco.com\/wp-content\/uploads\/2019\/03\/ob_6e5ce0_sur-mon-balcon.jpg?fit=400%2C309&ssl=1","keywords":["NATURE"],"articleSection":["Carotte Rock Cultures"],"inLanguage":"fr-FR"},{"@type":"WebPage","@id":"https:\/\/culturesco.com\/index.php\/2019\/03\/14\/le-moro-sphinx-et-le-lucane-cerf-volant\/","url":"https:\/\/culturesco.com\/index.php\/2019\/03\/14\/le-moro-sphinx-et-le-lucane-cerf-volant\/","name":"Le MORO SPHINX, le LUCANE CERF-VOLANT... - Culturesco","isPartOf":{"@id":"https:\/\/culturesco.com\/#website"},"primaryImageOfPage":{"@id":"https:\/\/culturesco.com\/index.php\/2019\/03\/14\/le-moro-sphinx-et-le-lucane-cerf-volant\/#primaryimage"},"image":{"@id":"https:\/\/culturesco.com\/index.php\/2019\/03\/14\/le-moro-sphinx-et-le-lucane-cerf-volant\/#primaryimage"},"thumbnailUrl":"https:\/\/i0.wp.com\/culturesco.com\/wp-content\/uploads\/2019\/03\/ob_6e5ce0_sur-mon-balcon.jpg?fit=400%2C309&ssl=1","datePublished":"2019-03-14T16:26:39+00:00","dateModified":"2019-03-26T09:50:09+00:00","description":"CulturesCo | Un bon coup de pied dans ta Culture | Chroniques et histoire du Rock, chanson fran\u00e7aise, litt\u00e9rature, cin\u00e9ma et bande dessin\u00e9e.","breadcrumb":{"@id":"https:\/\/culturesco.com\/index.php\/2019\/03\/14\/le-moro-sphinx-et-le-lucane-cerf-volant\/#breadcrumb"},"inLanguage":"fr-FR","potentialAction":[{"@type":"ReadAction","target":["https:\/\/culturesco.com\/index.php\/2019\/03\/14\/le-moro-sphinx-et-le-lucane-cerf-volant\/"]}]},{"@type":"ImageObject","inLanguage":"fr-FR","@id":"https:\/\/culturesco.com\/index.php\/2019\/03\/14\/le-moro-sphinx-et-le-lucane-cerf-volant\/#primaryimage","url":"https:\/\/i0.wp.com\/culturesco.com\/wp-content\/uploads\/2019\/03\/ob_6e5ce0_sur-mon-balcon.jpg?fit=400%2C309&ssl=1","contentUrl":"https:\/\/i0.wp.com\/culturesco.com\/wp-content\/uploads\/2019\/03\/ob_6e5ce0_sur-mon-balcon.jpg?fit=400%2C309&ssl=1","width":400,"height":309,"caption":"moro sphynx"},{"@type":"BreadcrumbList","@id":"https:\/\/culturesco.com\/index.php\/2019\/03\/14\/le-moro-sphinx-et-le-lucane-cerf-volant\/#breadcrumb","itemListElement":[{"@type":"ListItem","position":1,"name":"Accueil","item":"https:\/\/culturesco.com\/"},{"@type":"ListItem","position":2,"name":"Le MORO SPHINX, le LUCANE CERF-VOLANT&#8230;"}]},{"@type":"WebSite","@id":"https:\/\/culturesco.com\/#website","url":"https:\/\/culturesco.com\/","name":"Culturesco","description":"Culturesco | Un bon coup de pied dans ta Culture","publisher":{"@id":"https:\/\/culturesco.com\/#organization"},"potentialAction":[{"@type":"SearchAction","target":{"@type":"EntryPoint","urlTemplate":"https:\/\/culturesco.com\/?s={search_term_string}"},"query-input":{"@type":"PropertyValueSpecification","valueRequired":true,"valueName":"search_term_string"}}],"inLanguage":"fr-FR"},{"@type":"Organization","@id":"https:\/\/culturesco.com\/#organization","name":"CULTURESCO","url":"https:\/\/culturesco.com\/","logo":{"@type":"ImageObject","inLanguage":"fr-FR","@id":"https:\/\/culturesco.com\/#\/schema\/logo\/image\/","url":"https:\/\/i0.wp.com\/culturesco.com\/wp-content\/uploads\/2022\/04\/culturesco-logo-blanc250p.png?fit=250%2C250&ssl=1","contentUrl":"https:\/\/i0.wp.com\/culturesco.com\/wp-content\/uploads\/2022\/04\/culturesco-logo-blanc250p.png?fit=250%2C250&ssl=1","width":250,"height":250,"caption":"CULTURESCO"},"image":{"@id":"https:\/\/culturesco.com\/#\/schema\/logo\/image\/"},"sameAs":["https:\/\/www.facebook.com\/radioculturesco","https:\/\/x.com\/AugusteMarshal","https:\/\/www.instagram.com\/carotte_rock_culture\/","https:\/\/www.pinterest.fr\/augustemarshal\/","https:\/\/www.youtube.com\/channel\/UCiWLGffqWSXlNnfzp6YwwyQ"]},{"@type":"Person","@id":"https:\/\/culturesco.com\/#\/schema\/person\/716087cb1b01edf85084af2d12096a8f","name":"Daniel Lesueur","image":{"@type":"ImageObject","inLanguage":"fr-FR","@id":"https:\/\/i0.wp.com\/culturesco.com\/wp-content\/uploads\/2018\/12\/lesueur.jpg?fit=96%2C89&ssl=1","url":"https:\/\/i0.wp.com\/culturesco.com\/wp-content\/uploads\/2018\/12\/lesueur.jpg?fit=96%2C89&ssl=1","contentUrl":"https:\/\/i0.wp.com\/culturesco.com\/wp-content\/uploads\/2018\/12\/lesueur.jpg?fit=96%2C89&ssl=1","caption":"Daniel Lesueur"},"description":"\u00c9crivain - Directeur de collection chez Camion Blanc","url":"https:\/\/culturesco.com\/index.php\/author\/daniel-lesueur\/"}]}},"jetpack_featured_media_url":"https:\/\/i0.wp.com\/culturesco.com\/wp-content\/uploads\/2019\/03\/ob_6e5ce0_sur-mon-balcon.jpg?fit=400%2C309&ssl=1","jetpack_likes_enabled":true,"jetpack_sharing_enabled":true,"jetpack_shortlink":"https:\/\/wp.me\/paz89I-Zj","_links":{"self":[{"href":"https:\/\/culturesco.com\/index.php\/wp-json\/wp\/v2\/posts\/3801","targetHints":{"allow":["GET"]}}],"collection":[{"href":"https:\/\/culturesco.com\/index.php\/wp-json\/wp\/v2\/posts"}],"about":[{"href":"https:\/\/culturesco.com\/index.php\/wp-json\/wp\/v2\/types\/post"}],"author":[{"embeddable":true,"href":"https:\/\/culturesco.com\/index.php\/wp-json\/wp\/v2\/users\/2"}],"replies":[{"embeddable":true,"href":"https:\/\/culturesco.com\/index.php\/wp-json\/wp\/v2\/comments?post=3801"}],"version-history":[{"count":0,"href":"https:\/\/culturesco.com\/index.php\/wp-json\/wp\/v2\/posts\/3801\/revisions"}],"wp:featuredmedia":[{"embeddable":true,"href":"https:\/\/culturesco.com\/index.php\/wp-json\/wp\/v2\/media\/3812"}],"wp:attachment":[{"href":"https:\/\/culturesco.com\/index.php\/wp-json\/wp\/v2\/media?parent=3801"}],"wp:term":[{"taxonomy":"category","embeddable":true,"href":"https:\/\/culturesco.com\/index.php\/wp-json\/wp\/v2\/categories?post=3801"},{"taxonomy":"post_tag","embeddable":true,"href":"https:\/\/culturesco.com\/index.php\/wp-json\/wp\/v2\/tags?post=3801"}],"curies":[{"name":"wp","href":"https:\/\/api.w.org\/{rel}","templated":true}]}}