{"id":3771,"date":"2019-03-12T22:13:25","date_gmt":"2019-03-12T21:13:25","guid":{"rendered":"https:\/\/culturesco.com\/?p=3771"},"modified":"2019-03-12T22:13:25","modified_gmt":"2019-03-12T21:13:25","slug":"danko-jones-en-studio-et-en-concert","status":"publish","type":"post","link":"https:\/\/culturesco.com\/index.php\/2019\/03\/12\/danko-jones-en-studio-et-en-concert\/","title":{"rendered":"DANKO JONES : en studio et en concert"},"content":{"rendered":"<h2>DANKO JONES &#8211; Dr Danko and Mr Jones : Hard &amp; Punk<\/h2>\n<h3>En studio<\/h3>\n<p><a href=\"https:\/\/i0.wp.com\/culturesco.com\/wp-content\/uploads\/2019\/03\/DJ-albums.jpg?ssl=1\"><img data-recalc-dims=\"1\" loading=\"lazy\" decoding=\"async\" class=\"aligncenter  wp-image-3772\" src=\"https:\/\/i0.wp.com\/culturesco.com\/wp-content\/uploads\/2019\/03\/DJ-albums.jpg?resize=471%2C234&#038;ssl=1\" alt=\"Danko Jones\" width=\"471\" height=\"234\" srcset=\"https:\/\/i0.wp.com\/culturesco.com\/wp-content\/uploads\/2019\/03\/DJ-albums.jpg?resize=300%2C149&amp;ssl=1 300w, https:\/\/i0.wp.com\/culturesco.com\/wp-content\/uploads\/2019\/03\/DJ-albums.jpg?w=600&amp;ssl=1 600w, https:\/\/i0.wp.com\/culturesco.com\/wp-content\/uploads\/2019\/03\/DJ-albums.jpg?resize=768%2C382&amp;ssl=1 768w, https:\/\/i0.wp.com\/culturesco.com\/wp-content\/uploads\/2019\/03\/DJ-albums.jpg?resize=324%2C160&amp;ssl=1 324w, https:\/\/i0.wp.com\/culturesco.com\/wp-content\/uploads\/2019\/03\/DJ-albums.jpg?resize=696%2C346&amp;ssl=1 696w\" sizes=\"auto, (max-width: 471px) 100vw, 471px\" \/><\/a><\/p>\n<p style=\"text-align: justify;\"><strong>Danko Jones<\/strong> est en fait le patronyme du<strong> leader<\/strong>\u00a0<strong>of the Gang<\/strong>. En dehors de la paire de cr\u00e9oles qui orne ses oreilles, laissant supputer une \u00e9ventuelle appartenance \u00e0 la \u00ab <strong>V\u00e4che-qui-rit Ch\u00ebese C\u00fclt<\/strong> \u00bb (?), rien dans la d\u00e9marche du chanteur\/guitariste ne laisse sous-entendre un quelconque sens de l\u2019humour. Sur les photos du groupe, <strong>l\u2019ambiance est plut\u00f4t aux dents serr\u00e9es<\/strong>, aux regards fixes, \u00e0 la hire, r\u00e9v\u00e9lant en cela le <strong>type de musique pratiqu\u00e9e<\/strong>.<\/p>\n<p style=\"text-align: justify;\">Rock rugueux, heavy rock, <strong>hard rock<\/strong>, <strong>punk rock<\/strong>, certains diront : \u00ab C\u2019est du kif ! \u00bb. A quelques nuances pr\u00e8s, on s\u2019y retrouve. Particularit\u00e9, jusqu\u2019en 2010, les Jones ne pratiquent pas le solo, quel qu\u2019il soit, ce qui vote en faveur du <strong>punk rock<\/strong>. Oui mais les <strong>riffs<\/strong> sont plut\u00f4t <strong>hard rock<\/strong>. D\u2019ailleurs, Danko, l\u2019homme, ne cache pas son admiration pour <strong>Thin Lizzy<\/strong>, d\u2019o\u00f9 ces <strong>rythmiques accords\/silences<\/strong> travers\u00e9es d\u2019une <strong>batterie m\u00e9tronomique<\/strong> et<strong> dansante<\/strong>.<\/p>\n<h3>DANKO JONES &#8211; Forget my name<\/h3>\n<div class=\"youtube-embed\" data-video_id=\"k25nXDgG9-k\"><iframe loading=\"lazy\" title=\"Danko Jones Forget My Name\" width=\"696\" height=\"522\" src=\"https:\/\/www.youtube.com\/embed\/k25nXDgG9-k\" frameborder=\"0\" allow=\"accelerometer; autoplay; clipboard-write; encrypted-media; gyroscope; picture-in-picture; web-share\" referrerpolicy=\"strict-origin-when-cross-origin\" allowfullscreen><\/iframe><\/div>\n<p style=\"text-align: justify;\">Sur \u00ab <strong>We sweat blood<\/strong> \u00bb (2003), on retrouve ces deux facettes musicales : <strong>hard rock <\/strong>et <strong>punk rock<\/strong>. Quel que soit la mati\u00e8re travaill\u00e9e, le rendu n\u2019exc\u00e8de jamais les trois minutes trente, se situant m\u00eame, en grande majorit\u00e9, <strong>sous les trois minutes<\/strong>, format punk par excellence.<\/p>\n<h3>DANKO JONES &#8211; I want you<\/h3>\n<div class=\"youtube-embed\" data-video_id=\"StjwV2ZkO5o\"><iframe loading=\"lazy\" title=\"Danko Jones - I Want You\" width=\"696\" height=\"522\" src=\"https:\/\/www.youtube.com\/embed\/StjwV2ZkO5o\" frameborder=\"0\" allow=\"accelerometer; autoplay; clipboard-write; encrypted-media; gyroscope; picture-in-picture; web-share\" referrerpolicy=\"strict-origin-when-cross-origin\" allowfullscreen><\/iframe><\/div>\n<p style=\"text-align: justify;\">L\u2019album sorti sept ans plus tard : \u00ab <strong>Below the belt<\/strong> \u00bb (2010), pr\u00e9sente une d\u00e9marche musicale un iota plus \u00e9labor\u00e9e, <strong>moins \u00ab brute de pomme \u00bb<\/strong>, tant au niveau du son, de la production, que des compositions. \u00ab L\u2019\u00e9paisseur \u00bb des guitares, l\u2019apparition de courts solos, la dur\u00e9e des titres en expansion traduisent la <strong>volont\u00e9<\/strong> du groupe d\u2019<strong>\u00e9largir son audience<\/strong>.<\/p>\n<h3>DANKO JONES &#8211; Active volcanoes<\/h3>\n<div class=\"youtube-embed\" data-video_id=\"r44ZEb9JrLE\"><iframe loading=\"lazy\" title=\"Danko Jones - Active Volcanoes + lyrics\" width=\"696\" height=\"522\" src=\"https:\/\/www.youtube.com\/embed\/r44ZEb9JrLE\" frameborder=\"0\" allow=\"accelerometer; autoplay; clipboard-write; encrypted-media; gyroscope; picture-in-picture; web-share\" referrerpolicy=\"strict-origin-when-cross-origin\" allowfullscreen><\/iframe><\/div>\n<p style=\"text-align: justify;\">If <strong>the boys are back in town<\/strong>, sont-ils parvenus \u00e0 leur fin : gagner l\u2019oreille d\u2019un plus grand nombre ? Difficile \u00e0 savoir. Mais, comme toujours, quoi de mieux que de se rendre \u00ab sur place \u00bb <strong>d\u00e9couvrir la musique \u00ab vivante \u00bb<\/strong> ? Alors, partons <strong>\u00e0 la rencontre de Danko Jones \u2026<\/strong><\/p>\n<h3>En concert<\/h3>\n<p><a href=\"https:\/\/i0.wp.com\/culturesco.com\/wp-content\/uploads\/2019\/03\/DJ-billets.jpg?ssl=1\"><img data-recalc-dims=\"1\" loading=\"lazy\" decoding=\"async\" class=\"aligncenter  wp-image-3773\" src=\"https:\/\/i0.wp.com\/culturesco.com\/wp-content\/uploads\/2019\/03\/DJ-billets.jpg?resize=466%2C250&#038;ssl=1\" alt=\"Danko Jones\" width=\"466\" height=\"250\" srcset=\"https:\/\/i0.wp.com\/culturesco.com\/wp-content\/uploads\/2019\/03\/DJ-billets.jpg?resize=300%2C161&amp;ssl=1 300w, https:\/\/i0.wp.com\/culturesco.com\/wp-content\/uploads\/2019\/03\/DJ-billets.jpg?w=600&amp;ssl=1 600w, https:\/\/i0.wp.com\/culturesco.com\/wp-content\/uploads\/2019\/03\/DJ-billets.jpg?resize=768%2C413&amp;ssl=1 768w, https:\/\/i0.wp.com\/culturesco.com\/wp-content\/uploads\/2019\/03\/DJ-billets.jpg?resize=696%2C374&amp;ssl=1 696w, https:\/\/i0.wp.com\/culturesco.com\/wp-content\/uploads\/2019\/03\/DJ-billets.jpg?resize=1068%2C574&amp;ssl=1 1068w, https:\/\/i0.wp.com\/culturesco.com\/wp-content\/uploads\/2019\/03\/DJ-billets.jpg?resize=782%2C420&amp;ssl=1 782w\" sizes=\"auto, (max-width: 466px) 100vw, 466px\" \/><\/a><\/p>\n<p style=\"text-align: justify;\">Le <strong>26 novembre 2008<\/strong>, au <strong>Z\u00e9nith<\/strong>, le <strong>trio ouvre le bal<\/strong> pour un autre trio, un sacr\u00e9 client ; <strong>Mot\u00f6rhead\u00a0<\/strong>! Promotion ? Heu \u2026 le nom du groupe ne figure pas sur le billet ! C\u00f4t\u00e9 prestation, les guerriers peinent \u00e0 \u00ab occuper \u00bb cette grande sc\u00e8ne. A peine sortie des amplis, <strong>leur \u00e9nergie se dilue<\/strong>, n\u2019atteignant qu\u2019\u00e0 grand peine les deux premiers rangs de la fosse. <strong>Soir\u00e9e rat\u00e9e<\/strong>. Par contre, dans une salle promouvant la promiscuit\u00e9 \u2026<\/p>\n<p><a href=\"https:\/\/i0.wp.com\/culturesco.com\/wp-content\/uploads\/2019\/03\/DJ-live.jpg?ssl=1\"><img data-recalc-dims=\"1\" loading=\"lazy\" decoding=\"async\" class=\"aligncenter  wp-image-3775\" src=\"https:\/\/i0.wp.com\/culturesco.com\/wp-content\/uploads\/2019\/03\/DJ-live.jpg?resize=422%2C214&#038;ssl=1\" alt=\"\" width=\"422\" height=\"214\" srcset=\"https:\/\/i0.wp.com\/culturesco.com\/wp-content\/uploads\/2019\/03\/DJ-live.jpg?resize=300%2C152&amp;ssl=1 300w, https:\/\/i0.wp.com\/culturesco.com\/wp-content\/uploads\/2019\/03\/DJ-live.jpg?w=600&amp;ssl=1 600w, https:\/\/i0.wp.com\/culturesco.com\/wp-content\/uploads\/2019\/03\/DJ-live.jpg?resize=768%2C389&amp;ssl=1 768w, https:\/\/i0.wp.com\/culturesco.com\/wp-content\/uploads\/2019\/03\/DJ-live.jpg?resize=1200%2C607&amp;ssl=1 1200w, https:\/\/i0.wp.com\/culturesco.com\/wp-content\/uploads\/2019\/03\/DJ-live.jpg?resize=696%2C352&amp;ssl=1 696w, https:\/\/i0.wp.com\/culturesco.com\/wp-content\/uploads\/2019\/03\/DJ-live.jpg?resize=1068%2C540&amp;ssl=1 1068w, https:\/\/i0.wp.com\/culturesco.com\/wp-content\/uploads\/2019\/03\/DJ-live.jpg?resize=830%2C420&amp;ssl=1 830w\" sizes=\"auto, (max-width: 422px) 100vw, 422px\" \/><\/a><\/p>\n<p style=\"text-align: justify;\">Un peu plus t\u00f4t, la m\u00eame ann\u00e9e, plus pr\u00e9cis\u00e9ment le<strong> 25 avril<\/strong>, la sueur balaye le public \u00e9namour\u00e9 de <strong>la Maroquinerie<\/strong>. La bassiste pointe du doigt le \u00ab salopard \u00bb qui pr\u00e9texte un <strong>pogo<\/strong> pour d\u00e9foncer son entourage. Des mecs le coincent et lui font comprendre sa m\u00e9prise : il d\u00e9gage. Dans cette <strong>ambiance<\/strong>, dans cette salle de \u00ab<strong> proximit\u00e9<\/strong> \u00bb o\u00f9 le fan \u00ab touche \u00bb ses idoles, o\u00f9 <strong>l\u2019amateur de rock peut vivre sa passion<\/strong> sans barri\u00e8res de s\u00e9curit\u00e9,<strong> Danko Jones casse la baraque<\/strong>. La disto et la basse tordent les boyaux, la batterie enfonce le clou, <strong>les chansons font mouche<\/strong> !<\/p>\n<h3>DANKO JONES &#8211; First date (live \u00e0 la Maroquinerie)<\/h3>\n<p>https:\/\/www.youtube.com\/watch?v=zPChnSqYNW<\/p>\n<p style=\"text-align: justify;\">Et puis, ce <strong>showman<\/strong> de Danko, non content de scander des<strong> paroles gorg\u00e9es de sexe<\/strong>, non content d\u2019exhiber une langue plus apte \u00e0<strong> sucer des \u00ab roudoudous \u00bb<\/strong> que des glaces, non content de rendre hommage \u00e0 ses idoles en citant leurs remarquables faits d\u2019armes, notamment ceux de <strong>Philip Parris Lynott<\/strong>, harangue son public avec un <strong>engouement<\/strong> et une <strong>d\u00e9termination<\/strong> sans faille.<\/p>\n<h3>DANKO JONES &#8211; I gotta rock (live ?)<\/h3>\n<div class=\"youtube-embed\" data-video_id=\"qiOQKKylbLQ\"><iframe loading=\"lazy\" title=\"Danko Jones - I Gotta Rock (Graspop 2017)\" width=\"696\" height=\"392\" src=\"https:\/\/www.youtube.com\/embed\/qiOQKKylbLQ\" frameborder=\"0\" allow=\"accelerometer; autoplay; clipboard-write; encrypted-media; gyroscope; picture-in-picture; web-share\" referrerpolicy=\"strict-origin-when-cross-origin\" allowfullscreen><\/iframe><\/div>\n<p style=\"text-align: justify;\"><strong>Danko Jones<\/strong>, c\u2019est un hommage \u00e0 tous ces groupes qui \u0153uvrent dans une semi clart\u00e9, ces inlassables <strong>combattants<\/strong> fourbisseurs d\u2019<strong>\u00e9nergie<\/strong> dont les noms sont graffit\u00e9s sur les murs du <strong>monde entier<\/strong> \u00e0 d\u00e9faut d\u2019y \u00eatre affich\u00e9s. En cela, la formation canadienne est exemplaire, <strong>sans concessions<\/strong>. Il ne tient plus qu\u2019aux amateurs du genre de leur retourner un peu de cette flamme qu\u2019ils savent si bien allumer.<\/p>\n<p style=\"text-align: justify;\"><strong>DANKO JONES : Festival Sylak Open Air \u2013 le 3 ao\u00fbt 2019<\/strong> \u2013 Saint Maurice de Gourdans (01)<\/p>\n<p>Thierry Dauge &#8211; <strong>CulturesCo<\/strong><\/p>\n","protected":false},"excerpt":{"rendered":"<p>DANKO JONES &#8211; Dr Danko and Mr Jones : Hard &amp; Punk En studio Danko Jones est en fait le patronyme du leader\u00a0of the Gang. En dehors de la paire de cr\u00e9oles qui orne ses oreilles, laissant supputer une \u00e9ventuelle appartenance \u00e0 la \u00ab V\u00e4che-qui-rit Ch\u00ebese C\u00fclt \u00bb (?), rien dans la d\u00e9marche du chanteur\/guitariste [&hellip;]<\/p>\n","protected":false},"author":3,"featured_media":3776,"comment_status":"closed","ping_status":"closed","sticky":false,"template":"","format":"image","meta":{"jetpack_post_was_ever_published":false,"tdm_status":"","tdm_grid_status":"","_jetpack_newsletter_access":"","_jetpack_dont_email_post_to_subs":false,"_jetpack_newsletter_tier_id":0,"_jetpack_memberships_contains_paywalled_content":false,"_jetpack_memberships_contains_paid_content":false,"footnotes":""},"categories":[17],"tags":[52],"class_list":{"0":"post-3771","1":"post","2":"type-post","3":"status-publish","4":"format-image","5":"has-post-thumbnail","7":"category-carotte-rock-cultures","8":"tag-groupe-rock-actuel","9":"post_format-post-format-image"},"yoast_head":"<!-- This site is optimized with the Yoast SEO plugin v27.5 - https:\/\/yoast.com\/product\/yoast-seo-wordpress\/ -->\n<title>DANKO JONES : en studio et en concert - Culturesco<\/title>\n<meta name=\"description\" content=\"CulturesCo | Un bon coup de pied dans ta Culture | Chroniques et histoire du Rock, chanson fran\u00e7aise, litt\u00e9rature, cin\u00e9ma et bande dessin\u00e9e.\" \/>\n<meta name=\"robots\" content=\"index, follow, max-snippet:-1, max-image-preview:large, max-video-preview:-1\" \/>\n<link rel=\"canonical\" href=\"https:\/\/culturesco.com\/index.php\/2019\/03\/12\/danko-jones-en-studio-et-en-concert\/\" \/>\n<meta property=\"og:locale\" content=\"fr_FR\" \/>\n<meta property=\"og:type\" content=\"article\" \/>\n<meta property=\"og:title\" content=\"DANKO JONES : en studio et en concert - Culturesco\" \/>\n<meta property=\"og:description\" content=\"CulturesCo | Un bon coup de pied dans ta Culture | Chroniques et histoire du Rock, chanson fran\u00e7aise, litt\u00e9rature, cin\u00e9ma et bande dessin\u00e9e.\" \/>\n<meta property=\"og:url\" content=\"https:\/\/culturesco.com\/index.php\/2019\/03\/12\/danko-jones-en-studio-et-en-concert\/\" \/>\n<meta property=\"og:site_name\" content=\"Culturesco\" \/>\n<meta property=\"article:publisher\" content=\"https:\/\/www.facebook.com\/radioculturesco\" \/>\n<meta property=\"article:published_time\" content=\"2019-03-12T21:13:25+00:00\" \/>\n<meta property=\"og:image\" content=\"https:\/\/i2.wp.com\/culturesco.com\/wp-content\/uploads\/2019\/03\/Front-page-DJ.jpg?fit=600%2C449&ssl=1\" \/>\n\t<meta property=\"og:image:width\" content=\"600\" \/>\n\t<meta property=\"og:image:height\" content=\"449\" \/>\n\t<meta property=\"og:image:type\" content=\"image\/jpeg\" \/>\n<meta name=\"author\" content=\"Thierry Dauge\" \/>\n<meta name=\"twitter:card\" content=\"summary_large_image\" \/>\n<meta name=\"twitter:creator\" content=\"@AugusteMarshal\" \/>\n<meta name=\"twitter:site\" content=\"@AugusteMarshal\" \/>\n<meta name=\"twitter:label1\" content=\"\u00c9crit par\" \/>\n\t<meta name=\"twitter:data1\" content=\"Thierry Dauge\" \/>\n\t<meta name=\"twitter:label2\" content=\"Dur\u00e9e de lecture estim\u00e9e\" \/>\n\t<meta name=\"twitter:data2\" content=\"4 minutes\" \/>\n<script type=\"application\/ld+json\" class=\"yoast-schema-graph\">{\"@context\":\"https:\\\/\\\/schema.org\",\"@graph\":[{\"@type\":\"Article\",\"@id\":\"https:\\\/\\\/culturesco.com\\\/index.php\\\/2019\\\/03\\\/12\\\/danko-jones-en-studio-et-en-concert\\\/#article\",\"isPartOf\":{\"@id\":\"https:\\\/\\\/culturesco.com\\\/index.php\\\/2019\\\/03\\\/12\\\/danko-jones-en-studio-et-en-concert\\\/\"},\"author\":{\"name\":\"Thierry Dauge\",\"@id\":\"https:\\\/\\\/culturesco.com\\\/#\\\/schema\\\/person\\\/19f04cf232d246197f6e7d62abe6cb0e\"},\"headline\":\"DANKO JONES : en studio et en concert\",\"datePublished\":\"2019-03-12T21:13:25+00:00\",\"mainEntityOfPage\":{\"@id\":\"https:\\\/\\\/culturesco.com\\\/index.php\\\/2019\\\/03\\\/12\\\/danko-jones-en-studio-et-en-concert\\\/\"},\"wordCount\":747,\"publisher\":{\"@id\":\"https:\\\/\\\/culturesco.com\\\/#organization\"},\"image\":{\"@id\":\"https:\\\/\\\/culturesco.com\\\/index.php\\\/2019\\\/03\\\/12\\\/danko-jones-en-studio-et-en-concert\\\/#primaryimage\"},\"thumbnailUrl\":\"https:\\\/\\\/i0.wp.com\\\/culturesco.com\\\/wp-content\\\/uploads\\\/2019\\\/03\\\/Front-page-DJ.jpg?fit=600%2C449&ssl=1\",\"keywords\":[\"groupe rock actuel\"],\"articleSection\":[\"Carotte Rock Cultures\"],\"inLanguage\":\"fr-FR\"},{\"@type\":\"WebPage\",\"@id\":\"https:\\\/\\\/culturesco.com\\\/index.php\\\/2019\\\/03\\\/12\\\/danko-jones-en-studio-et-en-concert\\\/\",\"url\":\"https:\\\/\\\/culturesco.com\\\/index.php\\\/2019\\\/03\\\/12\\\/danko-jones-en-studio-et-en-concert\\\/\",\"name\":\"DANKO JONES : en studio et en concert - Culturesco\",\"isPartOf\":{\"@id\":\"https:\\\/\\\/culturesco.com\\\/#website\"},\"primaryImageOfPage\":{\"@id\":\"https:\\\/\\\/culturesco.com\\\/index.php\\\/2019\\\/03\\\/12\\\/danko-jones-en-studio-et-en-concert\\\/#primaryimage\"},\"image\":{\"@id\":\"https:\\\/\\\/culturesco.com\\\/index.php\\\/2019\\\/03\\\/12\\\/danko-jones-en-studio-et-en-concert\\\/#primaryimage\"},\"thumbnailUrl\":\"https:\\\/\\\/i0.wp.com\\\/culturesco.com\\\/wp-content\\\/uploads\\\/2019\\\/03\\\/Front-page-DJ.jpg?fit=600%2C449&ssl=1\",\"datePublished\":\"2019-03-12T21:13:25+00:00\",\"description\":\"CulturesCo | Un bon coup de pied dans ta Culture | Chroniques et histoire du Rock, chanson fran\u00e7aise, litt\u00e9rature, cin\u00e9ma et bande dessin\u00e9e.\",\"breadcrumb\":{\"@id\":\"https:\\\/\\\/culturesco.com\\\/index.php\\\/2019\\\/03\\\/12\\\/danko-jones-en-studio-et-en-concert\\\/#breadcrumb\"},\"inLanguage\":\"fr-FR\",\"potentialAction\":[{\"@type\":\"ReadAction\",\"target\":[\"https:\\\/\\\/culturesco.com\\\/index.php\\\/2019\\\/03\\\/12\\\/danko-jones-en-studio-et-en-concert\\\/\"]}]},{\"@type\":\"ImageObject\",\"inLanguage\":\"fr-FR\",\"@id\":\"https:\\\/\\\/culturesco.com\\\/index.php\\\/2019\\\/03\\\/12\\\/danko-jones-en-studio-et-en-concert\\\/#primaryimage\",\"url\":\"https:\\\/\\\/i0.wp.com\\\/culturesco.com\\\/wp-content\\\/uploads\\\/2019\\\/03\\\/Front-page-DJ.jpg?fit=600%2C449&ssl=1\",\"contentUrl\":\"https:\\\/\\\/i0.wp.com\\\/culturesco.com\\\/wp-content\\\/uploads\\\/2019\\\/03\\\/Front-page-DJ.jpg?fit=600%2C449&ssl=1\",\"width\":600,\"height\":449,\"caption\":\"Danko Jones\"},{\"@type\":\"BreadcrumbList\",\"@id\":\"https:\\\/\\\/culturesco.com\\\/index.php\\\/2019\\\/03\\\/12\\\/danko-jones-en-studio-et-en-concert\\\/#breadcrumb\",\"itemListElement\":[{\"@type\":\"ListItem\",\"position\":1,\"name\":\"Accueil\",\"item\":\"https:\\\/\\\/culturesco.com\\\/\"},{\"@type\":\"ListItem\",\"position\":2,\"name\":\"DANKO JONES : en studio et en concert\"}]},{\"@type\":\"WebSite\",\"@id\":\"https:\\\/\\\/culturesco.com\\\/#website\",\"url\":\"https:\\\/\\\/culturesco.com\\\/\",\"name\":\"Culturesco\",\"description\":\"Culturesco | Un bon coup de pied dans ta Culture\",\"publisher\":{\"@id\":\"https:\\\/\\\/culturesco.com\\\/#organization\"},\"potentialAction\":[{\"@type\":\"SearchAction\",\"target\":{\"@type\":\"EntryPoint\",\"urlTemplate\":\"https:\\\/\\\/culturesco.com\\\/?s={search_term_string}\"},\"query-input\":{\"@type\":\"PropertyValueSpecification\",\"valueRequired\":true,\"valueName\":\"search_term_string\"}}],\"inLanguage\":\"fr-FR\"},{\"@type\":\"Organization\",\"@id\":\"https:\\\/\\\/culturesco.com\\\/#organization\",\"name\":\"CULTURESCO\",\"url\":\"https:\\\/\\\/culturesco.com\\\/\",\"logo\":{\"@type\":\"ImageObject\",\"inLanguage\":\"fr-FR\",\"@id\":\"https:\\\/\\\/culturesco.com\\\/#\\\/schema\\\/logo\\\/image\\\/\",\"url\":\"https:\\\/\\\/i0.wp.com\\\/culturesco.com\\\/wp-content\\\/uploads\\\/2022\\\/04\\\/culturesco-logo-blanc250p.png?fit=250%2C250&ssl=1\",\"contentUrl\":\"https:\\\/\\\/i0.wp.com\\\/culturesco.com\\\/wp-content\\\/uploads\\\/2022\\\/04\\\/culturesco-logo-blanc250p.png?fit=250%2C250&ssl=1\",\"width\":250,\"height\":250,\"caption\":\"CULTURESCO\"},\"image\":{\"@id\":\"https:\\\/\\\/culturesco.com\\\/#\\\/schema\\\/logo\\\/image\\\/\"},\"sameAs\":[\"https:\\\/\\\/www.facebook.com\\\/radioculturesco\",\"https:\\\/\\\/x.com\\\/AugusteMarshal\",\"https:\\\/\\\/www.instagram.com\\\/carotte_rock_culture\\\/\",\"https:\\\/\\\/www.pinterest.fr\\\/augustemarshal\\\/\",\"https:\\\/\\\/www.youtube.com\\\/channel\\\/UCiWLGffqWSXlNnfzp6YwwyQ\"]},{\"@type\":\"Person\",\"@id\":\"https:\\\/\\\/culturesco.com\\\/#\\\/schema\\\/person\\\/19f04cf232d246197f6e7d62abe6cb0e\",\"name\":\"Thierry Dauge\",\"image\":{\"@type\":\"ImageObject\",\"inLanguage\":\"fr-FR\",\"@id\":\"https:\\\/\\\/i0.wp.com\\\/culturesco.com\\\/wp-content\\\/uploads\\\/2018\\\/12\\\/Black-Beauty-and-me.jpg?fit=96%2C96&ssl=1\",\"url\":\"https:\\\/\\\/i0.wp.com\\\/culturesco.com\\\/wp-content\\\/uploads\\\/2018\\\/12\\\/Black-Beauty-and-me.jpg?fit=96%2C96&ssl=1\",\"contentUrl\":\"https:\\\/\\\/i0.wp.com\\\/culturesco.com\\\/wp-content\\\/uploads\\\/2018\\\/12\\\/Black-Beauty-and-me.jpg?fit=96%2C96&ssl=1\",\"caption\":\"Thierry Dauge\"},\"description\":\"Amoureux des 70\u2019s et du hard rock en particulier, Thierry Dauge est chroniqueur sur Culturesco par amour de l\u2019\u00e9criture musicale. Co-auteur du livre\\\"Pop rock - Les instruments de l'ombre\\\" aux \u00e9ditions du Camion Blanc, collaborateur de Vivi pour \\\"Mes Ann\u00e9es Trust\\\", auteur de \\\"Sparks\\\" aux \u00e9ditions du Layeur, parce que le rock est loin d'\u00eatre mort ...\",\"url\":\"https:\\\/\\\/culturesco.com\\\/index.php\\\/author\\\/thierry-dauge888\\\/\"}]}<\/script>\n<!-- \/ Yoast SEO plugin. -->","yoast_head_json":{"title":"DANKO JONES : en studio et en concert - Culturesco","description":"CulturesCo | Un bon coup de pied dans ta Culture | Chroniques et histoire du Rock, chanson fran\u00e7aise, litt\u00e9rature, cin\u00e9ma et bande dessin\u00e9e.","robots":{"index":"index","follow":"follow","max-snippet":"max-snippet:-1","max-image-preview":"max-image-preview:large","max-video-preview":"max-video-preview:-1"},"canonical":"https:\/\/culturesco.com\/index.php\/2019\/03\/12\/danko-jones-en-studio-et-en-concert\/","og_locale":"fr_FR","og_type":"article","og_title":"DANKO JONES : en studio et en concert - Culturesco","og_description":"CulturesCo | Un bon coup de pied dans ta Culture | Chroniques et histoire du Rock, chanson fran\u00e7aise, litt\u00e9rature, cin\u00e9ma et bande dessin\u00e9e.","og_url":"https:\/\/culturesco.com\/index.php\/2019\/03\/12\/danko-jones-en-studio-et-en-concert\/","og_site_name":"Culturesco","article_publisher":"https:\/\/www.facebook.com\/radioculturesco","article_published_time":"2019-03-12T21:13:25+00:00","og_image":[{"width":600,"height":449,"url":"https:\/\/i2.wp.com\/culturesco.com\/wp-content\/uploads\/2019\/03\/Front-page-DJ.jpg?fit=600%2C449&ssl=1","type":"image\/jpeg"}],"author":"Thierry Dauge","twitter_card":"summary_large_image","twitter_creator":"@AugusteMarshal","twitter_site":"@AugusteMarshal","twitter_misc":{"\u00c9crit par":"Thierry Dauge","Dur\u00e9e de lecture estim\u00e9e":"4 minutes"},"schema":{"@context":"https:\/\/schema.org","@graph":[{"@type":"Article","@id":"https:\/\/culturesco.com\/index.php\/2019\/03\/12\/danko-jones-en-studio-et-en-concert\/#article","isPartOf":{"@id":"https:\/\/culturesco.com\/index.php\/2019\/03\/12\/danko-jones-en-studio-et-en-concert\/"},"author":{"name":"Thierry Dauge","@id":"https:\/\/culturesco.com\/#\/schema\/person\/19f04cf232d246197f6e7d62abe6cb0e"},"headline":"DANKO JONES : en studio et en concert","datePublished":"2019-03-12T21:13:25+00:00","mainEntityOfPage":{"@id":"https:\/\/culturesco.com\/index.php\/2019\/03\/12\/danko-jones-en-studio-et-en-concert\/"},"wordCount":747,"publisher":{"@id":"https:\/\/culturesco.com\/#organization"},"image":{"@id":"https:\/\/culturesco.com\/index.php\/2019\/03\/12\/danko-jones-en-studio-et-en-concert\/#primaryimage"},"thumbnailUrl":"https:\/\/i0.wp.com\/culturesco.com\/wp-content\/uploads\/2019\/03\/Front-page-DJ.jpg?fit=600%2C449&ssl=1","keywords":["groupe rock actuel"],"articleSection":["Carotte Rock Cultures"],"inLanguage":"fr-FR"},{"@type":"WebPage","@id":"https:\/\/culturesco.com\/index.php\/2019\/03\/12\/danko-jones-en-studio-et-en-concert\/","url":"https:\/\/culturesco.com\/index.php\/2019\/03\/12\/danko-jones-en-studio-et-en-concert\/","name":"DANKO JONES : en studio et en concert - Culturesco","isPartOf":{"@id":"https:\/\/culturesco.com\/#website"},"primaryImageOfPage":{"@id":"https:\/\/culturesco.com\/index.php\/2019\/03\/12\/danko-jones-en-studio-et-en-concert\/#primaryimage"},"image":{"@id":"https:\/\/culturesco.com\/index.php\/2019\/03\/12\/danko-jones-en-studio-et-en-concert\/#primaryimage"},"thumbnailUrl":"https:\/\/i0.wp.com\/culturesco.com\/wp-content\/uploads\/2019\/03\/Front-page-DJ.jpg?fit=600%2C449&ssl=1","datePublished":"2019-03-12T21:13:25+00:00","description":"CulturesCo | Un bon coup de pied dans ta Culture | Chroniques et histoire du Rock, chanson fran\u00e7aise, litt\u00e9rature, cin\u00e9ma et bande dessin\u00e9e.","breadcrumb":{"@id":"https:\/\/culturesco.com\/index.php\/2019\/03\/12\/danko-jones-en-studio-et-en-concert\/#breadcrumb"},"inLanguage":"fr-FR","potentialAction":[{"@type":"ReadAction","target":["https:\/\/culturesco.com\/index.php\/2019\/03\/12\/danko-jones-en-studio-et-en-concert\/"]}]},{"@type":"ImageObject","inLanguage":"fr-FR","@id":"https:\/\/culturesco.com\/index.php\/2019\/03\/12\/danko-jones-en-studio-et-en-concert\/#primaryimage","url":"https:\/\/i0.wp.com\/culturesco.com\/wp-content\/uploads\/2019\/03\/Front-page-DJ.jpg?fit=600%2C449&ssl=1","contentUrl":"https:\/\/i0.wp.com\/culturesco.com\/wp-content\/uploads\/2019\/03\/Front-page-DJ.jpg?fit=600%2C449&ssl=1","width":600,"height":449,"caption":"Danko Jones"},{"@type":"BreadcrumbList","@id":"https:\/\/culturesco.com\/index.php\/2019\/03\/12\/danko-jones-en-studio-et-en-concert\/#breadcrumb","itemListElement":[{"@type":"ListItem","position":1,"name":"Accueil","item":"https:\/\/culturesco.com\/"},{"@type":"ListItem","position":2,"name":"DANKO JONES : en studio et en concert"}]},{"@type":"WebSite","@id":"https:\/\/culturesco.com\/#website","url":"https:\/\/culturesco.com\/","name":"Culturesco","description":"Culturesco | Un bon coup de pied dans ta Culture","publisher":{"@id":"https:\/\/culturesco.com\/#organization"},"potentialAction":[{"@type":"SearchAction","target":{"@type":"EntryPoint","urlTemplate":"https:\/\/culturesco.com\/?s={search_term_string}"},"query-input":{"@type":"PropertyValueSpecification","valueRequired":true,"valueName":"search_term_string"}}],"inLanguage":"fr-FR"},{"@type":"Organization","@id":"https:\/\/culturesco.com\/#organization","name":"CULTURESCO","url":"https:\/\/culturesco.com\/","logo":{"@type":"ImageObject","inLanguage":"fr-FR","@id":"https:\/\/culturesco.com\/#\/schema\/logo\/image\/","url":"https:\/\/i0.wp.com\/culturesco.com\/wp-content\/uploads\/2022\/04\/culturesco-logo-blanc250p.png?fit=250%2C250&ssl=1","contentUrl":"https:\/\/i0.wp.com\/culturesco.com\/wp-content\/uploads\/2022\/04\/culturesco-logo-blanc250p.png?fit=250%2C250&ssl=1","width":250,"height":250,"caption":"CULTURESCO"},"image":{"@id":"https:\/\/culturesco.com\/#\/schema\/logo\/image\/"},"sameAs":["https:\/\/www.facebook.com\/radioculturesco","https:\/\/x.com\/AugusteMarshal","https:\/\/www.instagram.com\/carotte_rock_culture\/","https:\/\/www.pinterest.fr\/augustemarshal\/","https:\/\/www.youtube.com\/channel\/UCiWLGffqWSXlNnfzp6YwwyQ"]},{"@type":"Person","@id":"https:\/\/culturesco.com\/#\/schema\/person\/19f04cf232d246197f6e7d62abe6cb0e","name":"Thierry Dauge","image":{"@type":"ImageObject","inLanguage":"fr-FR","@id":"https:\/\/i0.wp.com\/culturesco.com\/wp-content\/uploads\/2018\/12\/Black-Beauty-and-me.jpg?fit=96%2C96&ssl=1","url":"https:\/\/i0.wp.com\/culturesco.com\/wp-content\/uploads\/2018\/12\/Black-Beauty-and-me.jpg?fit=96%2C96&ssl=1","contentUrl":"https:\/\/i0.wp.com\/culturesco.com\/wp-content\/uploads\/2018\/12\/Black-Beauty-and-me.jpg?fit=96%2C96&ssl=1","caption":"Thierry Dauge"},"description":"Amoureux des 70\u2019s et du hard rock en particulier, Thierry Dauge est chroniqueur sur Culturesco par amour de l\u2019\u00e9criture musicale. Co-auteur du livre\"Pop rock - Les instruments de l'ombre\" aux \u00e9ditions du Camion Blanc, collaborateur de Vivi pour \"Mes Ann\u00e9es Trust\", auteur de \"Sparks\" aux \u00e9ditions du Layeur, parce que le rock est loin d'\u00eatre mort ...","url":"https:\/\/culturesco.com\/index.php\/author\/thierry-dauge888\/"}]}},"jetpack_featured_media_url":"https:\/\/i0.wp.com\/culturesco.com\/wp-content\/uploads\/2019\/03\/Front-page-DJ.jpg?fit=600%2C449&ssl=1","jetpack_likes_enabled":true,"jetpack_sharing_enabled":true,"jetpack_shortlink":"https:\/\/wp.me\/paz89I-YP","_links":{"self":[{"href":"https:\/\/culturesco.com\/index.php\/wp-json\/wp\/v2\/posts\/3771","targetHints":{"allow":["GET"]}}],"collection":[{"href":"https:\/\/culturesco.com\/index.php\/wp-json\/wp\/v2\/posts"}],"about":[{"href":"https:\/\/culturesco.com\/index.php\/wp-json\/wp\/v2\/types\/post"}],"author":[{"embeddable":true,"href":"https:\/\/culturesco.com\/index.php\/wp-json\/wp\/v2\/users\/3"}],"replies":[{"embeddable":true,"href":"https:\/\/culturesco.com\/index.php\/wp-json\/wp\/v2\/comments?post=3771"}],"version-history":[{"count":0,"href":"https:\/\/culturesco.com\/index.php\/wp-json\/wp\/v2\/posts\/3771\/revisions"}],"wp:featuredmedia":[{"embeddable":true,"href":"https:\/\/culturesco.com\/index.php\/wp-json\/wp\/v2\/media\/3776"}],"wp:attachment":[{"href":"https:\/\/culturesco.com\/index.php\/wp-json\/wp\/v2\/media?parent=3771"}],"wp:term":[{"taxonomy":"category","embeddable":true,"href":"https:\/\/culturesco.com\/index.php\/wp-json\/wp\/v2\/categories?post=3771"},{"taxonomy":"post_tag","embeddable":true,"href":"https:\/\/culturesco.com\/index.php\/wp-json\/wp\/v2\/tags?post=3771"}],"curies":[{"name":"wp","href":"https:\/\/api.w.org\/{rel}","templated":true}]}}