{"id":3543,"date":"2019-03-06T01:22:03","date_gmt":"2019-03-06T00:22:03","guid":{"rendered":"https:\/\/culturesco.com\/?p=3543"},"modified":"2019-11-08T15:10:12","modified_gmt":"2019-11-08T14:10:12","slug":"gilles-bertin-est-mort-l-auteur-du-livre-30-ans-de-cavale-ma-vie-de-punk-ex-chanteur-du-groupe-camera-silens","status":"publish","type":"post","link":"https:\/\/culturesco.com\/index.php\/2019\/03\/06\/gilles-bertin-est-mort-l-auteur-du-livre-30-ans-de-cavale-ma-vie-de-punk-ex-chanteur-du-groupe-camera-silens\/","title":{"rendered":"Gilles Bertin : 30 ans de cavale, ma vie de PUNK"},"content":{"rendered":"<h2 style=\"text-align: justify;\">Gilles Bertin &#8211; L&rsquo;ex Camera Silens<\/h2>\n<p><img data-recalc-dims=\"1\" loading=\"lazy\" decoding=\"async\" class=\"aligncenter wp-image-3555 size-large\" src=\"https:\/\/i0.wp.com\/culturesco.com\/wp-content\/uploads\/2019\/03\/gilles-bertin.jpg?resize=696%2C374&#038;ssl=1\" alt=\"livre de gilles bertin ex camera silens\" width=\"696\" height=\"374\" srcset=\"https:\/\/i0.wp.com\/culturesco.com\/wp-content\/uploads\/2019\/03\/gilles-bertin.jpg?resize=1167%2C627&amp;ssl=1 1167w, https:\/\/i0.wp.com\/culturesco.com\/wp-content\/uploads\/2019\/03\/gilles-bertin.jpg?w=600&amp;ssl=1 600w, https:\/\/i0.wp.com\/culturesco.com\/wp-content\/uploads\/2019\/03\/gilles-bertin.jpg?resize=300%2C161&amp;ssl=1 300w, https:\/\/i0.wp.com\/culturesco.com\/wp-content\/uploads\/2019\/03\/gilles-bertin.jpg?resize=768%2C413&amp;ssl=1 768w, https:\/\/i0.wp.com\/culturesco.com\/wp-content\/uploads\/2019\/03\/gilles-bertin.jpg?resize=696%2C374&amp;ssl=1 696w, https:\/\/i0.wp.com\/culturesco.com\/wp-content\/uploads\/2019\/03\/gilles-bertin.jpg?resize=1068%2C574&amp;ssl=1 1068w, https:\/\/i0.wp.com\/culturesco.com\/wp-content\/uploads\/2019\/03\/gilles-bertin.jpg?resize=782%2C420&amp;ssl=1 782w\" sizes=\"auto, (max-width: 696px) 100vw, 696px\" \/><\/p>\n<h3 style=\"text-align: justify;\">Le Survivant se Lib\u00e8re<\/h3>\n<p style=\"text-align: justify;\"><strong>Gilles Bertin : Ma vie de Punk<\/strong><\/p>\n<p style=\"text-align: justify;\">Il existe deux formes extr\u00eames de vivre le <strong><em>No Future<\/em><\/strong> des punks purs et durs. La premi\u00e8re, r\u00e9ussie, a \u00e9t\u00e9 <a href=\"https:\/\/culturesco.com\/index.php\/2018\/12\/10\/sid-vicious-et-les-sex-pistols-anarchy-tour-usa-nancy-spungen-la-mort-de-sid\/\" target=\"_blank\" rel=\"noopener noreferrer\">Sid Vicious<\/a>, dans le style <strong><em>Fast Live, Die Young<\/em><\/strong> (<a href=\"https:\/\/culturesco.com\/index.php\/2018\/11\/27\/sid-vicious-chronique-dune-star-suicidee\/\" target=\"_blank\" rel=\"noopener noreferrer\">Vivre vite, Mourir Jeune<\/a>) d\u00e8s 1979. La seconde consiste a assum\u00e9 ce style et de vivre au jour le jour, sans s\u2019occuper du lendemain.<\/p>\n<p><a href=\"https:\/\/amzn.to\/2vuPpTQ\" target=\"_blank\" rel=\"noopener noreferrer\"><strong>30 ans de Cavale, ma vie de Punk<\/strong><\/a><\/p>\n<h3 style=\"text-align: justify;\">Camera Silens &#8211; Pour la Gloire<\/h3>\n<div class=\"youtube-embed\" data-video_id=\"pJeHq-55feA\"><iframe loading=\"lazy\" title=\"Camera Silens &quot;Les enfants du rock&quot; (1983)\" width=\"696\" height=\"522\" src=\"https:\/\/www.youtube.com\/embed\/pJeHq-55feA\" frameborder=\"0\" allow=\"accelerometer; autoplay; clipboard-write; encrypted-media; gyroscope; picture-in-picture; web-share\" referrerpolicy=\"strict-origin-when-cross-origin\" allowfullscreen><\/iframe><\/div>\n<p style=\"text-align: justify;\">Comme tout ce qui se fait en France depuis l\u2019invention du rock, ce pays est \u00e0 la tra\u00eene. Mais peu importe. Quand il s\u2019y met, ce n\u2019est pas pour rigoler. Ou, si, mais les armes \u00e0 la main: alcool, dope et le reste. Le reste, ce sont ces petits larcins, ces vols \u00e0 la tire, vite et souvent mal fait, dans des supermarch\u00e9s, juste histoire de finir les fins de mois puisque les concerts ne suffisent pas.<\/p>\n<p style=\"text-align: justify;\"><strong>Gilles Bertin<\/strong> est issu de cette derni\u00e8re mouvance. <a href=\"https:\/\/fr.wikipedia.org\/wiki\/Gilles_Bertin\" target=\"_blank\" rel=\"noopener noreferrer\">Le chanteur du groupe<\/a> <strong>Camera Silens<\/strong> (r\u00e9f\u00e9rence aux cellules d&rsquo;isolement utilis\u00e9es pour l&rsquo;incarc\u00e9ration des membres de la Fraction Arm\u00e9e Rouge), devenu mythique, commen\u00e7ait \u00e0 conna\u00eetre un certain \u00e9panouissement dans l\u2019hexagone apr\u00e8s un album, quelques EP punk bien foutus, des concerts \u00e0 l\u2019arrache (notamment \u00e0 Orl\u00e9ans en 84) entre 1983 et 1987.<\/p>\n<h3 style=\"text-align: justify;\">Camera Silens &#8211; Orl\u00e9ans 84 &#8211; concert int\u00e9gral<\/h3>\n<div class=\"youtube-embed\" data-video_id=\"_lo6g8nW-Tc\"><iframe loading=\"lazy\" title=\"Camera Silens Live au Chaos Festival &#039;84 47mns Full Punk French\" width=\"696\" height=\"522\" src=\"https:\/\/www.youtube.com\/embed\/_lo6g8nW-Tc\" frameborder=\"0\" allow=\"accelerometer; autoplay; clipboard-write; encrypted-media; gyroscope; picture-in-picture; web-share\" referrerpolicy=\"strict-origin-when-cross-origin\" allowfullscreen><\/iframe><\/div>\n<p style=\"text-align: justify;\">Mais il \u00e9tait d\u00e9j\u00e0 fich\u00e9, rep\u00e9r\u00e9 apr\u00e8s quelques mois de taule.<\/p>\n<p style=\"text-align: justify;\">Le pire (ou le meilleur) restait \u00e0 venir, une fois quitt\u00e9 le groupe\u00a0: <strong>l\u2019attaque d\u2019un camion de la Brink\u2019s<\/strong> \u00e0 Toulouse, le niveau sup\u00e9rieur du sans lendemain en 1988. L\u2019op\u00e9ration est parfaitement men\u00e9e et, aujourd\u2019hui encore, elle fait r\u00e9f\u00e9rence\u00a0: \u00e0 part une prise d\u2019otages vite lib\u00e9r\u00e9s, pas de d\u00e9g\u00e2ts, pas un tir, pas de mort et plus de 11 000 000 de francs (un peu plus de 1 600 000 \u20ac) embarqu\u00e9s qui n\u2019ont jamais \u00e9t\u00e9 retrouv\u00e9s. On ne pouvait pas faire mieux pour entrer dans la l\u00e9gende.<\/p>\n<p style=\"text-align: justify;\">Mais toute r\u00e9ussite a son revers\u00a0: <strong>la cavale<\/strong>, \u00e0 travers le Portugal et l\u2019Espagne. Fuir, partir, sans se retourner, quitte \u00e0 y laisser femme et fils. Aujourd\u2019hui, Gilles est le seul survivant de ce vol. Les autres ont \u00e9t\u00e9 arr\u00eat\u00e9s ou sont morts naturellement ou pas. En 2016, amoureux, de nouveau p\u00e8re, s\u00e9ropositif, <strong>il d\u00e9cide de se rendre \u00e0 la justice fran\u00e7aise<\/strong> pour se refaire une virginit\u00e9 et vivre enfin en toute libert\u00e9.<\/p>\n<h3 style=\"text-align: justify;\">Fin de Cavale pour Gilles Bertin<\/h3>\n<p>https:\/\/www.youtube.com\/watch?v=0IYXxF5u8Js<\/p>\n<p style=\"text-align: justify;\">On n\u2019en dit pas plus, histoire de laisser un brin de suspense, m\u00eame si ce n\u2019est pas le but de ce livre bouleversant d\u2019authenticit\u00e9. Gilles ne renie rien, d\u00e9crivant un monde underground ou peu de gens ont mis les pieds, se revendiquant d\u2019un anarchisme d\u00e9brid\u00e9. Ni dieu, ni ma\u00eetre\u2026 mais une vie quand m\u00eame.<\/p>\n<h3>Novembre 2019&#8230; derni\u00e8re cavale :<\/h3>\n<p style=\"text-align: justify;\">Une d\u00e9p\u00eache AFP vient d&rsquo;officialiser la rumeur. Gilles Bertin atteint d&rsquo;une longue maladie est mort le jeudi 7 novembre 2019 \u00e0 Barcelone.<\/p>\n<blockquote>\n<h4 style=\"text-align: justify;\"><em>\u00ab\u00a0Il est mort ce matin, apr\u00e8s avoir \u00e9t\u00e9 hospitalis\u00e9 pendant plusieurs jours \u00e0 Barcelone. C&rsquo;\u00e9tait un personnage au destin extraordinaire, tragique, ayant flirt\u00e9 avec l&rsquo;absurde\u00a0\u00bb<\/em><\/h4>\n<\/blockquote>\n<p style=\"text-align: justify;\">a d\u00e9clar\u00e9 son avocat Christian Etelin. Gilles Bertin avait 58 ans depuis le mois de mars dernier. On ne serait que vous conseiller la lecture \u00e9tonnante de son livre, l&rsquo;histoire d&rsquo;une vie d\u00e9concertante&#8230; Ma vie de Punk !<\/p>\n<p style=\"text-align: justify;\"><a href=\"https:\/\/amzn.to\/2vuPpTQ\" target=\"_blank\" rel=\"noopener noreferrer\">Gilles Bertin &#8211;\u00a0Trente Ans De Cavale<\/a><\/p>\n<p style=\"text-align: justify;\">Robert Laffont &#8211; 264 pages \u2013 20 \u20ac<\/p>\n<p style=\"text-align: center;\"><iframe style=\"width: 120px; height: 240px;\" src=\"\/\/ws-eu.amazon-adsystem.com\/widgets\/q?ServiceVersion=20070822&amp;OneJS=1&amp;Operation=GetAdHtml&amp;MarketPlace=FR&amp;source=ss&amp;ref=as_ss_li_til&amp;ad_type=product_link&amp;tracking_id=auguste00-21&amp;language=fr_FR&amp;marketplace=amazon&amp;region=FR&amp;placement=2221203593&amp;asins=2221203593&amp;linkId=c4e853a4674a21d9584dc549b6d7f4b0&amp;show_border=true&amp;link_opens_in_new_window=true\" frameborder=\"0\" marginwidth=\"0\" marginheight=\"0\" scrolling=\"no\"><\/iframe><\/p>\n<p style=\"text-align: justify;\"><strong>Patrick B\u00e9nard\u00a0<\/strong><\/p>\n<div class=\"youtube-embed\" data-video_id=\"-YV-2OmKdQY\"><iframe loading=\"lazy\" title=\"Gilles Bertin : une vie de punk, braqueur, en cavale pendant 30 ans\" width=\"696\" height=\"392\" src=\"https:\/\/www.youtube.com\/embed\/-YV-2OmKdQY\" frameborder=\"0\" allow=\"accelerometer; autoplay; clipboard-write; encrypted-media; gyroscope; picture-in-picture; web-share\" referrerpolicy=\"strict-origin-when-cross-origin\" allowfullscreen><\/iframe><\/div>\n","protected":false},"excerpt":{"rendered":"<p>Gilles Bertin &#8211; L&rsquo;ex Camera Silens Le Survivant se Lib\u00e8re Gilles Bertin : Ma vie de Punk Il existe deux formes extr\u00eames de vivre le No Future des punks purs et durs. La premi\u00e8re, r\u00e9ussie, a \u00e9t\u00e9 Sid Vicious, dans le style Fast Live, Die Young (Vivre vite, Mourir Jeune) d\u00e8s 1979. La seconde consiste [&hellip;]<\/p>\n","protected":false},"author":4,"featured_media":3555,"comment_status":"closed","ping_status":"closed","sticky":false,"template":"","format":"standard","meta":{"jetpack_post_was_ever_published":false,"tdm_status":"","tdm_grid_status":"","_jetpack_newsletter_access":"","_jetpack_dont_email_post_to_subs":false,"_jetpack_newsletter_tier_id":0,"_jetpack_memberships_contains_paywalled_content":false,"_jetpack_memberships_contains_paid_content":false,"footnotes":""},"categories":[17,23,27,66],"tags":[42,20,48,46],"class_list":{"0":"post-3543","1":"post","2":"type-post","3":"status-publish","4":"format-standard","5":"has-post-thumbnail","7":"category-carotte-rock-cultures","8":"category-chroniques-litteraires","9":"category-litterature","10":"category-livre-rock","11":"tag-litterature","12":"tag-livre-rock","13":"tag-personnalite-rock","14":"tag-punk"},"yoast_head":"<!-- This site is optimized with the Yoast SEO plugin v27.5 - https:\/\/yoast.com\/product\/yoast-seo-wordpress\/ -->\n<title>Gilles Bertin : 30 ans de cavale, ma vie de PUNK - Culturesco<\/title>\n<meta name=\"description\" content=\"CulturesCo | 30 ans de cavale, Ma Vie De Punk : L&#039;ex Punk bordelais Gilles Bertin chanteur du groupe Camera Silens est mort le 7 novembre 2019\" \/>\n<meta name=\"robots\" content=\"index, follow, max-snippet:-1, max-image-preview:large, max-video-preview:-1\" \/>\n<link rel=\"canonical\" href=\"https:\/\/culturesco.com\/index.php\/2019\/03\/06\/gilles-bertin-est-mort-l-auteur-du-livre-30-ans-de-cavale-ma-vie-de-punk-ex-chanteur-du-groupe-camera-silens\/\" \/>\n<meta property=\"og:locale\" content=\"fr_FR\" \/>\n<meta property=\"og:type\" content=\"article\" \/>\n<meta property=\"og:title\" content=\"Gilles Bertin : 30 ans de cavale, ma vie de PUNK - Culturesco\" \/>\n<meta property=\"og:description\" content=\"CulturesCo | 30 ans de cavale, Ma Vie De Punk : L&#039;ex Punk bordelais Gilles Bertin chanteur du groupe Camera Silens est mort le 7 novembre 2019\" \/>\n<meta property=\"og:url\" content=\"https:\/\/culturesco.com\/index.php\/2019\/03\/06\/gilles-bertin-est-mort-l-auteur-du-livre-30-ans-de-cavale-ma-vie-de-punk-ex-chanteur-du-groupe-camera-silens\/\" \/>\n<meta property=\"og:site_name\" content=\"Culturesco\" \/>\n<meta property=\"article:publisher\" content=\"https:\/\/www.facebook.com\/radioculturesco\" \/>\n<meta property=\"article:published_time\" content=\"2019-03-06T00:22:03+00:00\" \/>\n<meta property=\"article:modified_time\" content=\"2019-11-08T14:10:12+00:00\" \/>\n<meta property=\"og:image\" content=\"https:\/\/i1.wp.com\/culturesco.com\/wp-content\/uploads\/2019\/03\/gilles-bertin.jpg?fit=600%2C322&ssl=1\" \/>\n\t<meta property=\"og:image:width\" content=\"600\" \/>\n\t<meta property=\"og:image:height\" content=\"322\" \/>\n\t<meta property=\"og:image:type\" content=\"image\/jpeg\" \/>\n<meta name=\"author\" content=\"Patrick Benard\" \/>\n<meta name=\"twitter:card\" content=\"summary_large_image\" \/>\n<meta name=\"twitter:creator\" content=\"@AugusteMarshal\" \/>\n<meta name=\"twitter:site\" content=\"@AugusteMarshal\" \/>\n<meta name=\"twitter:label1\" content=\"\u00c9crit par\" \/>\n\t<meta name=\"twitter:data1\" content=\"Patrick Benard\" \/>\n\t<meta name=\"twitter:label2\" content=\"Dur\u00e9e de lecture estim\u00e9e\" \/>\n\t<meta name=\"twitter:data2\" content=\"3 minutes\" \/>\n<script type=\"application\/ld+json\" class=\"yoast-schema-graph\">{\"@context\":\"https:\\\/\\\/schema.org\",\"@graph\":[{\"@type\":\"Article\",\"@id\":\"https:\\\/\\\/culturesco.com\\\/index.php\\\/2019\\\/03\\\/06\\\/gilles-bertin-est-mort-l-auteur-du-livre-30-ans-de-cavale-ma-vie-de-punk-ex-chanteur-du-groupe-camera-silens\\\/#article\",\"isPartOf\":{\"@id\":\"https:\\\/\\\/culturesco.com\\\/index.php\\\/2019\\\/03\\\/06\\\/gilles-bertin-est-mort-l-auteur-du-livre-30-ans-de-cavale-ma-vie-de-punk-ex-chanteur-du-groupe-camera-silens\\\/\"},\"author\":{\"name\":\"Patrick Benard\",\"@id\":\"https:\\\/\\\/culturesco.com\\\/#\\\/schema\\\/person\\\/c2ddd6724863f3bbd20a8278df0891f3\"},\"headline\":\"Gilles Bertin : 30 ans de cavale, ma vie de PUNK\",\"datePublished\":\"2019-03-06T00:22:03+00:00\",\"dateModified\":\"2019-11-08T14:10:12+00:00\",\"mainEntityOfPage\":{\"@id\":\"https:\\\/\\\/culturesco.com\\\/index.php\\\/2019\\\/03\\\/06\\\/gilles-bertin-est-mort-l-auteur-du-livre-30-ans-de-cavale-ma-vie-de-punk-ex-chanteur-du-groupe-camera-silens\\\/\"},\"wordCount\":651,\"publisher\":{\"@id\":\"https:\\\/\\\/culturesco.com\\\/#organization\"},\"image\":{\"@id\":\"https:\\\/\\\/culturesco.com\\\/index.php\\\/2019\\\/03\\\/06\\\/gilles-bertin-est-mort-l-auteur-du-livre-30-ans-de-cavale-ma-vie-de-punk-ex-chanteur-du-groupe-camera-silens\\\/#primaryimage\"},\"thumbnailUrl\":\"https:\\\/\\\/i0.wp.com\\\/culturesco.com\\\/wp-content\\\/uploads\\\/2019\\\/03\\\/gilles-bertin.jpg?fit=600%2C322&ssl=1\",\"keywords\":[\"litt\u00e9rature\",\"Livre Rock\",\"Personnalit\u00e9 Rock\",\"punk\"],\"articleSection\":[\"Carotte Rock Cultures\",\"Chroniques litt\u00e9raires\",\"Litt\u00e9rature\",\"Livre Rock\"],\"inLanguage\":\"fr-FR\"},{\"@type\":\"WebPage\",\"@id\":\"https:\\\/\\\/culturesco.com\\\/index.php\\\/2019\\\/03\\\/06\\\/gilles-bertin-est-mort-l-auteur-du-livre-30-ans-de-cavale-ma-vie-de-punk-ex-chanteur-du-groupe-camera-silens\\\/\",\"url\":\"https:\\\/\\\/culturesco.com\\\/index.php\\\/2019\\\/03\\\/06\\\/gilles-bertin-est-mort-l-auteur-du-livre-30-ans-de-cavale-ma-vie-de-punk-ex-chanteur-du-groupe-camera-silens\\\/\",\"name\":\"Gilles Bertin : 30 ans de cavale, ma vie de PUNK - Culturesco\",\"isPartOf\":{\"@id\":\"https:\\\/\\\/culturesco.com\\\/#website\"},\"primaryImageOfPage\":{\"@id\":\"https:\\\/\\\/culturesco.com\\\/index.php\\\/2019\\\/03\\\/06\\\/gilles-bertin-est-mort-l-auteur-du-livre-30-ans-de-cavale-ma-vie-de-punk-ex-chanteur-du-groupe-camera-silens\\\/#primaryimage\"},\"image\":{\"@id\":\"https:\\\/\\\/culturesco.com\\\/index.php\\\/2019\\\/03\\\/06\\\/gilles-bertin-est-mort-l-auteur-du-livre-30-ans-de-cavale-ma-vie-de-punk-ex-chanteur-du-groupe-camera-silens\\\/#primaryimage\"},\"thumbnailUrl\":\"https:\\\/\\\/i0.wp.com\\\/culturesco.com\\\/wp-content\\\/uploads\\\/2019\\\/03\\\/gilles-bertin.jpg?fit=600%2C322&ssl=1\",\"datePublished\":\"2019-03-06T00:22:03+00:00\",\"dateModified\":\"2019-11-08T14:10:12+00:00\",\"description\":\"CulturesCo | 30 ans de cavale, Ma Vie De Punk : L'ex Punk bordelais Gilles Bertin chanteur du groupe Camera Silens est mort le 7 novembre 2019\",\"breadcrumb\":{\"@id\":\"https:\\\/\\\/culturesco.com\\\/index.php\\\/2019\\\/03\\\/06\\\/gilles-bertin-est-mort-l-auteur-du-livre-30-ans-de-cavale-ma-vie-de-punk-ex-chanteur-du-groupe-camera-silens\\\/#breadcrumb\"},\"inLanguage\":\"fr-FR\",\"potentialAction\":[{\"@type\":\"ReadAction\",\"target\":[\"https:\\\/\\\/culturesco.com\\\/index.php\\\/2019\\\/03\\\/06\\\/gilles-bertin-est-mort-l-auteur-du-livre-30-ans-de-cavale-ma-vie-de-punk-ex-chanteur-du-groupe-camera-silens\\\/\"]}]},{\"@type\":\"ImageObject\",\"inLanguage\":\"fr-FR\",\"@id\":\"https:\\\/\\\/culturesco.com\\\/index.php\\\/2019\\\/03\\\/06\\\/gilles-bertin-est-mort-l-auteur-du-livre-30-ans-de-cavale-ma-vie-de-punk-ex-chanteur-du-groupe-camera-silens\\\/#primaryimage\",\"url\":\"https:\\\/\\\/i0.wp.com\\\/culturesco.com\\\/wp-content\\\/uploads\\\/2019\\\/03\\\/gilles-bertin.jpg?fit=600%2C322&ssl=1\",\"contentUrl\":\"https:\\\/\\\/i0.wp.com\\\/culturesco.com\\\/wp-content\\\/uploads\\\/2019\\\/03\\\/gilles-bertin.jpg?fit=600%2C322&ssl=1\",\"width\":600,\"height\":322,\"caption\":\"gilles-bertin\"},{\"@type\":\"BreadcrumbList\",\"@id\":\"https:\\\/\\\/culturesco.com\\\/index.php\\\/2019\\\/03\\\/06\\\/gilles-bertin-est-mort-l-auteur-du-livre-30-ans-de-cavale-ma-vie-de-punk-ex-chanteur-du-groupe-camera-silens\\\/#breadcrumb\",\"itemListElement\":[{\"@type\":\"ListItem\",\"position\":1,\"name\":\"Accueil\",\"item\":\"https:\\\/\\\/culturesco.com\\\/\"},{\"@type\":\"ListItem\",\"position\":2,\"name\":\"Gilles Bertin : 30 ans de cavale, ma vie de PUNK\"}]},{\"@type\":\"WebSite\",\"@id\":\"https:\\\/\\\/culturesco.com\\\/#website\",\"url\":\"https:\\\/\\\/culturesco.com\\\/\",\"name\":\"Culturesco\",\"description\":\"Culturesco | Un bon coup de pied dans ta Culture\",\"publisher\":{\"@id\":\"https:\\\/\\\/culturesco.com\\\/#organization\"},\"potentialAction\":[{\"@type\":\"SearchAction\",\"target\":{\"@type\":\"EntryPoint\",\"urlTemplate\":\"https:\\\/\\\/culturesco.com\\\/?s={search_term_string}\"},\"query-input\":{\"@type\":\"PropertyValueSpecification\",\"valueRequired\":true,\"valueName\":\"search_term_string\"}}],\"inLanguage\":\"fr-FR\"},{\"@type\":\"Organization\",\"@id\":\"https:\\\/\\\/culturesco.com\\\/#organization\",\"name\":\"CULTURESCO\",\"url\":\"https:\\\/\\\/culturesco.com\\\/\",\"logo\":{\"@type\":\"ImageObject\",\"inLanguage\":\"fr-FR\",\"@id\":\"https:\\\/\\\/culturesco.com\\\/#\\\/schema\\\/logo\\\/image\\\/\",\"url\":\"https:\\\/\\\/i0.wp.com\\\/culturesco.com\\\/wp-content\\\/uploads\\\/2022\\\/04\\\/culturesco-logo-blanc250p.png?fit=250%2C250&ssl=1\",\"contentUrl\":\"https:\\\/\\\/i0.wp.com\\\/culturesco.com\\\/wp-content\\\/uploads\\\/2022\\\/04\\\/culturesco-logo-blanc250p.png?fit=250%2C250&ssl=1\",\"width\":250,\"height\":250,\"caption\":\"CULTURESCO\"},\"image\":{\"@id\":\"https:\\\/\\\/culturesco.com\\\/#\\\/schema\\\/logo\\\/image\\\/\"},\"sameAs\":[\"https:\\\/\\\/www.facebook.com\\\/radioculturesco\",\"https:\\\/\\\/x.com\\\/AugusteMarshal\",\"https:\\\/\\\/www.instagram.com\\\/carotte_rock_culture\\\/\",\"https:\\\/\\\/www.pinterest.fr\\\/augustemarshal\\\/\",\"https:\\\/\\\/www.youtube.com\\\/channel\\\/UCiWLGffqWSXlNnfzp6YwwyQ\"]},{\"@type\":\"Person\",\"@id\":\"https:\\\/\\\/culturesco.com\\\/#\\\/schema\\\/person\\\/c2ddd6724863f3bbd20a8278df0891f3\",\"name\":\"Patrick Benard\",\"image\":{\"@type\":\"ImageObject\",\"inLanguage\":\"fr-FR\",\"@id\":\"https:\\\/\\\/i0.wp.com\\\/culturesco.com\\\/wp-content\\\/uploads\\\/2019\\\/02\\\/patrick-benard-2.jpg?fit=90%2C96&ssl=1\",\"url\":\"https:\\\/\\\/i0.wp.com\\\/culturesco.com\\\/wp-content\\\/uploads\\\/2019\\\/02\\\/patrick-benard-2.jpg?fit=90%2C96&ssl=1\",\"contentUrl\":\"https:\\\/\\\/i0.wp.com\\\/culturesco.com\\\/wp-content\\\/uploads\\\/2019\\\/02\\\/patrick-benard-2.jpg?fit=90%2C96&ssl=1\",\"caption\":\"Patrick Benard\"},\"description\":\"Ecrivain, chroniqueur, animateur radio, cr\u00e9ateur de la revue \u00ab Cin\u00e9manie \u00bb, autour du cin\u00e9ma dit d\u2019art et d\u2019essai, sp\u00e9cialiste du groupe The Cure, archiviste... 2020 : \\\"Le Post Rock\\\" essai sur le post rock de Mogwa\u00ef \u00e0 Godspeed You Black Emperor - Camion Blanc 2014 : \u00ab On the rocks \u2013le rock de 2007 \u00e0 2014 \u00bb chroniques livres et cd rocks, interviews \u2013Editions Vaillant 2010 : \u00ab Dans la T\u00eate de Robert Smith \u00bb, roman fiction autour de l\u2019histoire des Cure et de Robert Smith \u2013 Edilivres 2007 : \u00ab Chroniques Fr\u00e9n\u00e9tiques, une histoire intime du rock \u00bb, roman, prix Technikart. 2001 : \u00ab Les Iles du D\u00e9sert \u00bb, polar autour du rock \u2013 Editions Nykta\",\"url\":\"https:\\\/\\\/culturesco.com\\\/index.php\\\/author\\\/patrick-benard89\\\/\"}]}<\/script>\n<!-- \/ Yoast SEO plugin. -->","yoast_head_json":{"title":"Gilles Bertin : 30 ans de cavale, ma vie de PUNK - Culturesco","description":"CulturesCo | 30 ans de cavale, Ma Vie De Punk : L'ex Punk bordelais Gilles Bertin chanteur du groupe Camera Silens est mort le 7 novembre 2019","robots":{"index":"index","follow":"follow","max-snippet":"max-snippet:-1","max-image-preview":"max-image-preview:large","max-video-preview":"max-video-preview:-1"},"canonical":"https:\/\/culturesco.com\/index.php\/2019\/03\/06\/gilles-bertin-est-mort-l-auteur-du-livre-30-ans-de-cavale-ma-vie-de-punk-ex-chanteur-du-groupe-camera-silens\/","og_locale":"fr_FR","og_type":"article","og_title":"Gilles Bertin : 30 ans de cavale, ma vie de PUNK - Culturesco","og_description":"CulturesCo | 30 ans de cavale, Ma Vie De Punk : L'ex Punk bordelais Gilles Bertin chanteur du groupe Camera Silens est mort le 7 novembre 2019","og_url":"https:\/\/culturesco.com\/index.php\/2019\/03\/06\/gilles-bertin-est-mort-l-auteur-du-livre-30-ans-de-cavale-ma-vie-de-punk-ex-chanteur-du-groupe-camera-silens\/","og_site_name":"Culturesco","article_publisher":"https:\/\/www.facebook.com\/radioculturesco","article_published_time":"2019-03-06T00:22:03+00:00","article_modified_time":"2019-11-08T14:10:12+00:00","og_image":[{"width":600,"height":322,"url":"https:\/\/i1.wp.com\/culturesco.com\/wp-content\/uploads\/2019\/03\/gilles-bertin.jpg?fit=600%2C322&ssl=1","type":"image\/jpeg"}],"author":"Patrick Benard","twitter_card":"summary_large_image","twitter_creator":"@AugusteMarshal","twitter_site":"@AugusteMarshal","twitter_misc":{"\u00c9crit par":"Patrick Benard","Dur\u00e9e de lecture estim\u00e9e":"3 minutes"},"schema":{"@context":"https:\/\/schema.org","@graph":[{"@type":"Article","@id":"https:\/\/culturesco.com\/index.php\/2019\/03\/06\/gilles-bertin-est-mort-l-auteur-du-livre-30-ans-de-cavale-ma-vie-de-punk-ex-chanteur-du-groupe-camera-silens\/#article","isPartOf":{"@id":"https:\/\/culturesco.com\/index.php\/2019\/03\/06\/gilles-bertin-est-mort-l-auteur-du-livre-30-ans-de-cavale-ma-vie-de-punk-ex-chanteur-du-groupe-camera-silens\/"},"author":{"name":"Patrick Benard","@id":"https:\/\/culturesco.com\/#\/schema\/person\/c2ddd6724863f3bbd20a8278df0891f3"},"headline":"Gilles Bertin : 30 ans de cavale, ma vie de PUNK","datePublished":"2019-03-06T00:22:03+00:00","dateModified":"2019-11-08T14:10:12+00:00","mainEntityOfPage":{"@id":"https:\/\/culturesco.com\/index.php\/2019\/03\/06\/gilles-bertin-est-mort-l-auteur-du-livre-30-ans-de-cavale-ma-vie-de-punk-ex-chanteur-du-groupe-camera-silens\/"},"wordCount":651,"publisher":{"@id":"https:\/\/culturesco.com\/#organization"},"image":{"@id":"https:\/\/culturesco.com\/index.php\/2019\/03\/06\/gilles-bertin-est-mort-l-auteur-du-livre-30-ans-de-cavale-ma-vie-de-punk-ex-chanteur-du-groupe-camera-silens\/#primaryimage"},"thumbnailUrl":"https:\/\/i0.wp.com\/culturesco.com\/wp-content\/uploads\/2019\/03\/gilles-bertin.jpg?fit=600%2C322&ssl=1","keywords":["litt\u00e9rature","Livre Rock","Personnalit\u00e9 Rock","punk"],"articleSection":["Carotte Rock Cultures","Chroniques litt\u00e9raires","Litt\u00e9rature","Livre Rock"],"inLanguage":"fr-FR"},{"@type":"WebPage","@id":"https:\/\/culturesco.com\/index.php\/2019\/03\/06\/gilles-bertin-est-mort-l-auteur-du-livre-30-ans-de-cavale-ma-vie-de-punk-ex-chanteur-du-groupe-camera-silens\/","url":"https:\/\/culturesco.com\/index.php\/2019\/03\/06\/gilles-bertin-est-mort-l-auteur-du-livre-30-ans-de-cavale-ma-vie-de-punk-ex-chanteur-du-groupe-camera-silens\/","name":"Gilles Bertin : 30 ans de cavale, ma vie de PUNK - Culturesco","isPartOf":{"@id":"https:\/\/culturesco.com\/#website"},"primaryImageOfPage":{"@id":"https:\/\/culturesco.com\/index.php\/2019\/03\/06\/gilles-bertin-est-mort-l-auteur-du-livre-30-ans-de-cavale-ma-vie-de-punk-ex-chanteur-du-groupe-camera-silens\/#primaryimage"},"image":{"@id":"https:\/\/culturesco.com\/index.php\/2019\/03\/06\/gilles-bertin-est-mort-l-auteur-du-livre-30-ans-de-cavale-ma-vie-de-punk-ex-chanteur-du-groupe-camera-silens\/#primaryimage"},"thumbnailUrl":"https:\/\/i0.wp.com\/culturesco.com\/wp-content\/uploads\/2019\/03\/gilles-bertin.jpg?fit=600%2C322&ssl=1","datePublished":"2019-03-06T00:22:03+00:00","dateModified":"2019-11-08T14:10:12+00:00","description":"CulturesCo | 30 ans de cavale, Ma Vie De Punk : L'ex Punk bordelais Gilles Bertin chanteur du groupe Camera Silens est mort le 7 novembre 2019","breadcrumb":{"@id":"https:\/\/culturesco.com\/index.php\/2019\/03\/06\/gilles-bertin-est-mort-l-auteur-du-livre-30-ans-de-cavale-ma-vie-de-punk-ex-chanteur-du-groupe-camera-silens\/#breadcrumb"},"inLanguage":"fr-FR","potentialAction":[{"@type":"ReadAction","target":["https:\/\/culturesco.com\/index.php\/2019\/03\/06\/gilles-bertin-est-mort-l-auteur-du-livre-30-ans-de-cavale-ma-vie-de-punk-ex-chanteur-du-groupe-camera-silens\/"]}]},{"@type":"ImageObject","inLanguage":"fr-FR","@id":"https:\/\/culturesco.com\/index.php\/2019\/03\/06\/gilles-bertin-est-mort-l-auteur-du-livre-30-ans-de-cavale-ma-vie-de-punk-ex-chanteur-du-groupe-camera-silens\/#primaryimage","url":"https:\/\/i0.wp.com\/culturesco.com\/wp-content\/uploads\/2019\/03\/gilles-bertin.jpg?fit=600%2C322&ssl=1","contentUrl":"https:\/\/i0.wp.com\/culturesco.com\/wp-content\/uploads\/2019\/03\/gilles-bertin.jpg?fit=600%2C322&ssl=1","width":600,"height":322,"caption":"gilles-bertin"},{"@type":"BreadcrumbList","@id":"https:\/\/culturesco.com\/index.php\/2019\/03\/06\/gilles-bertin-est-mort-l-auteur-du-livre-30-ans-de-cavale-ma-vie-de-punk-ex-chanteur-du-groupe-camera-silens\/#breadcrumb","itemListElement":[{"@type":"ListItem","position":1,"name":"Accueil","item":"https:\/\/culturesco.com\/"},{"@type":"ListItem","position":2,"name":"Gilles Bertin : 30 ans de cavale, ma vie de PUNK"}]},{"@type":"WebSite","@id":"https:\/\/culturesco.com\/#website","url":"https:\/\/culturesco.com\/","name":"Culturesco","description":"Culturesco | Un bon coup de pied dans ta Culture","publisher":{"@id":"https:\/\/culturesco.com\/#organization"},"potentialAction":[{"@type":"SearchAction","target":{"@type":"EntryPoint","urlTemplate":"https:\/\/culturesco.com\/?s={search_term_string}"},"query-input":{"@type":"PropertyValueSpecification","valueRequired":true,"valueName":"search_term_string"}}],"inLanguage":"fr-FR"},{"@type":"Organization","@id":"https:\/\/culturesco.com\/#organization","name":"CULTURESCO","url":"https:\/\/culturesco.com\/","logo":{"@type":"ImageObject","inLanguage":"fr-FR","@id":"https:\/\/culturesco.com\/#\/schema\/logo\/image\/","url":"https:\/\/i0.wp.com\/culturesco.com\/wp-content\/uploads\/2022\/04\/culturesco-logo-blanc250p.png?fit=250%2C250&ssl=1","contentUrl":"https:\/\/i0.wp.com\/culturesco.com\/wp-content\/uploads\/2022\/04\/culturesco-logo-blanc250p.png?fit=250%2C250&ssl=1","width":250,"height":250,"caption":"CULTURESCO"},"image":{"@id":"https:\/\/culturesco.com\/#\/schema\/logo\/image\/"},"sameAs":["https:\/\/www.facebook.com\/radioculturesco","https:\/\/x.com\/AugusteMarshal","https:\/\/www.instagram.com\/carotte_rock_culture\/","https:\/\/www.pinterest.fr\/augustemarshal\/","https:\/\/www.youtube.com\/channel\/UCiWLGffqWSXlNnfzp6YwwyQ"]},{"@type":"Person","@id":"https:\/\/culturesco.com\/#\/schema\/person\/c2ddd6724863f3bbd20a8278df0891f3","name":"Patrick Benard","image":{"@type":"ImageObject","inLanguage":"fr-FR","@id":"https:\/\/i0.wp.com\/culturesco.com\/wp-content\/uploads\/2019\/02\/patrick-benard-2.jpg?fit=90%2C96&ssl=1","url":"https:\/\/i0.wp.com\/culturesco.com\/wp-content\/uploads\/2019\/02\/patrick-benard-2.jpg?fit=90%2C96&ssl=1","contentUrl":"https:\/\/i0.wp.com\/culturesco.com\/wp-content\/uploads\/2019\/02\/patrick-benard-2.jpg?fit=90%2C96&ssl=1","caption":"Patrick Benard"},"description":"Ecrivain, chroniqueur, animateur radio, cr\u00e9ateur de la revue \u00ab Cin\u00e9manie \u00bb, autour du cin\u00e9ma dit d\u2019art et d\u2019essai, sp\u00e9cialiste du groupe The Cure, archiviste... 2020 : \"Le Post Rock\" essai sur le post rock de Mogwa\u00ef \u00e0 Godspeed You Black Emperor - Camion Blanc 2014 : \u00ab On the rocks \u2013le rock de 2007 \u00e0 2014 \u00bb chroniques livres et cd rocks, interviews \u2013Editions Vaillant 2010 : \u00ab Dans la T\u00eate de Robert Smith \u00bb, roman fiction autour de l\u2019histoire des Cure et de Robert Smith \u2013 Edilivres 2007 : \u00ab Chroniques Fr\u00e9n\u00e9tiques, une histoire intime du rock \u00bb, roman, prix Technikart. 2001 : \u00ab Les Iles du D\u00e9sert \u00bb, polar autour du rock \u2013 Editions Nykta","url":"https:\/\/culturesco.com\/index.php\/author\/patrick-benard89\/"}]}},"jetpack_featured_media_url":"https:\/\/i0.wp.com\/culturesco.com\/wp-content\/uploads\/2019\/03\/gilles-bertin.jpg?fit=600%2C322&ssl=1","jetpack_likes_enabled":true,"jetpack_sharing_enabled":true,"jetpack_shortlink":"https:\/\/wp.me\/paz89I-V9","_links":{"self":[{"href":"https:\/\/culturesco.com\/index.php\/wp-json\/wp\/v2\/posts\/3543","targetHints":{"allow":["GET"]}}],"collection":[{"href":"https:\/\/culturesco.com\/index.php\/wp-json\/wp\/v2\/posts"}],"about":[{"href":"https:\/\/culturesco.com\/index.php\/wp-json\/wp\/v2\/types\/post"}],"author":[{"embeddable":true,"href":"https:\/\/culturesco.com\/index.php\/wp-json\/wp\/v2\/users\/4"}],"replies":[{"embeddable":true,"href":"https:\/\/culturesco.com\/index.php\/wp-json\/wp\/v2\/comments?post=3543"}],"version-history":[{"count":0,"href":"https:\/\/culturesco.com\/index.php\/wp-json\/wp\/v2\/posts\/3543\/revisions"}],"wp:featuredmedia":[{"embeddable":true,"href":"https:\/\/culturesco.com\/index.php\/wp-json\/wp\/v2\/media\/3555"}],"wp:attachment":[{"href":"https:\/\/culturesco.com\/index.php\/wp-json\/wp\/v2\/media?parent=3543"}],"wp:term":[{"taxonomy":"category","embeddable":true,"href":"https:\/\/culturesco.com\/index.php\/wp-json\/wp\/v2\/categories?post=3543"},{"taxonomy":"post_tag","embeddable":true,"href":"https:\/\/culturesco.com\/index.php\/wp-json\/wp\/v2\/tags?post=3543"}],"curies":[{"name":"wp","href":"https:\/\/api.w.org\/{rel}","templated":true}]}}