{"id":3508,"date":"2019-03-05T15:57:42","date_gmt":"2019-03-05T14:57:42","guid":{"rendered":"https:\/\/culturesco.com\/?p=3508"},"modified":"2021-11-30T10:02:07","modified_gmt":"2021-11-30T09:02:07","slug":"the-adverts-histoire-du-groupe-punk-de-gaye-advert-et-tv-smith","status":"publish","type":"post","link":"https:\/\/culturesco.com\/index.php\/2019\/03\/05\/the-adverts-histoire-du-groupe-punk-de-gaye-advert-et-tv-smith\/","title":{"rendered":"The Adverts &#8211; Histoire du groupe punk de Gaye Advert et TV Smith"},"content":{"rendered":"<h2>The Adverts &#8211; 1976<\/h2>\n<p><img data-recalc-dims=\"1\" loading=\"lazy\" decoding=\"async\" class=\"aligncenter size-full wp-image-3517\" src=\"https:\/\/i0.wp.com\/culturesco.com\/wp-content\/uploads\/2019\/03\/the-adverts.jpg?resize=696%2C364&#038;ssl=1\" alt=\"the-adverts\" width=\"696\" height=\"364\" srcset=\"https:\/\/i0.wp.com\/culturesco.com\/wp-content\/uploads\/2019\/03\/the-adverts.jpg?w=600&amp;ssl=1 600w, https:\/\/i0.wp.com\/culturesco.com\/wp-content\/uploads\/2019\/03\/the-adverts.jpg?resize=300%2C157&amp;ssl=1 300w, https:\/\/i0.wp.com\/culturesco.com\/wp-content\/uploads\/2019\/03\/the-adverts.jpg?resize=768%2C401&amp;ssl=1 768w, https:\/\/i0.wp.com\/culturesco.com\/wp-content\/uploads\/2019\/03\/the-adverts.jpg?resize=696%2C364&amp;ssl=1 696w, https:\/\/i0.wp.com\/culturesco.com\/wp-content\/uploads\/2019\/03\/the-adverts.jpg?resize=1068%2C558&amp;ssl=1 1068w, https:\/\/i0.wp.com\/culturesco.com\/wp-content\/uploads\/2019\/03\/the-adverts.jpg?resize=804%2C420&amp;ssl=1 804w\" sizes=\"auto, (max-width: 696px) 100vw, 696px\" \/><\/p>\n<h3>1976 &#8211; Les premiers concerts<\/h3>\n<p style=\"text-align: justify;\">1976, <strong>Tim Smith<\/strong> et <strong>Gaye Black<\/strong> d\u00e9cident de former un groupe punk. Originaires du sud-ouest de l&rsquo;Angleterre, vers Plymouth, ils partent s&rsquo;installer \u00e0 Londres, l\u00e0 o\u00f9 quasiment tout se passe \u00e0 l&rsquo;\u00e9poque. Ils y recrutent un guitariste (<strong>Howard Boak<\/strong>) et un batteur (<strong>Laurie Muscat<\/strong>). Apr\u00e8s un changement de nom pour chacun, TV Smith, Gaye Advert, Howard Pick-up et Lorry Driver s&rsquo;\u00e9quipent et r\u00e9p\u00e8tent jusqu&rsquo;aux premiers concerts qui ont lieu au l\u00e9gendaire Roxy Club en D\u00e9cembre. Le boss du label <strong>Stiff Records<\/strong> les rep\u00e8re et leur propose un deal pour un seul single.<\/p>\n<p style=\"text-align: justify;\">Les concerts s&rsquo;encha\u00eenent, souvent au Roxy, et le <a href=\"https:\/\/fr.wikipedia.org\/wiki\/New_Musical_Express\" target=\"_blank\" rel=\"noopener\">NME<\/a> leur accorde une excellente chronique en F\u00e9vrier 77, ce qui leur permet de se faire un peu mieux conna\u00eetre. Le 21, ils partagent l&rsquo;affiche avec <a href=\"https:\/\/culturesco.com\/index.php\/2019\/07\/25\/the-damned-histoire-d-un-periple-punk\/\" target=\"_blank\" rel=\"noopener\">The Damned<\/a>.<br \/>\nLe 22 Avril sort leur premier single\u00a0<strong>One Chord Wonder\u00a0<\/strong>\/\u00a0<strong>Quick Step<\/strong>\u00a0 (Stiff), une p\u00e9pite de pop \u00e0 la sauce punk comme savent si bien le faire les anglais de l&rsquo;\u00e9poque, <a href=\"https:\/\/culturesco.com\/index.php\/2019\/08\/16\/buzzcocks-ever-fall-in-love-de-pete-shelley-love-song-en-terrain-punk\/\" target=\"_blank\" rel=\"noopener\">Buzzcocks<\/a> en t\u00eate. Le 25 avril, ils enregistrent 5 titres live \u00e0 la BBC (disponibles sur le LP \u00ab\u00a0The Wonders Don&rsquo;t Care\u00a0\u00bb).<\/p>\n<h3>Adverts &#8211; One chord wonders<\/h3>\n<div class=\"youtube-embed\" data-video_id=\"USKocNP6WIk\"><iframe loading=\"lazy\" title=\"The Adverts - One Chord Wonders\" width=\"696\" height=\"522\" src=\"https:\/\/www.youtube.com\/embed\/USKocNP6WIk\" frameborder=\"0\" allow=\"accelerometer; autoplay; clipboard-write; encrypted-media; gyroscope; picture-in-picture; web-share\" referrerpolicy=\"strict-origin-when-cross-origin\" allowfullscreen><\/iframe><\/div>\n<h3>Un nouveau contrat avec le label Anchor Records<\/h3>\n<p style=\"text-align: justify;\">Apr\u00e8s moult concerts ici et l\u00e0, mais surtout au Roxy, ils signent un nouveau contrat discographique avec le label <strong>Anchor Records<\/strong> le 22 Juillet et sortent leur second single en Ao\u00fbt. \u00abGary Gilmore&rsquo;s Eyes\u00bb \/\u00a0\u00abBored Teenagers\u00bb est du m\u00eame niveau que le pr\u00e9c\u00e9dent, un tr\u00e8s bon disque punk m\u00eal\u00e9 de pop (ou l&rsquo;inverse, comme vous voudrez) qui rencontre un certain succ\u00e8s outre Manche. La presse Britannique en fait des \u00e9loges. La face A fait r\u00e9f\u00e9rence au v\u0153u du tueur en s\u00e9rie Gary Gilmore, de donner ses yeux \u00e0 la science. Dans la chanson, TV Smith se r\u00e9veille \u00e0 l&rsquo;h\u00f4pital apr\u00e8s une greffe des yeux et apprend que le tueur en s\u00e9rie a donn\u00e9 les siens \u00e0 la m\u00e9decine. Il comprend alors qu&rsquo;il voit le monde \u00e0 travers les yeux de Gary Gilmore (\u00ablooking through Gary Gilmore&rsquo;s Eyes\u00bb).<\/p>\n<p><img data-recalc-dims=\"1\" loading=\"lazy\" decoding=\"async\" class=\"aligncenter size-full wp-image-3519\" src=\"https:\/\/i0.wp.com\/culturesco.com\/wp-content\/uploads\/2019\/03\/adverts.jpg?resize=400%2C289&#038;ssl=1\" alt=\"adverts\" width=\"400\" height=\"289\" srcset=\"https:\/\/i0.wp.com\/culturesco.com\/wp-content\/uploads\/2019\/03\/adverts.jpg?w=400&amp;ssl=1 400w, https:\/\/i0.wp.com\/culturesco.com\/wp-content\/uploads\/2019\/03\/adverts.jpg?resize=300%2C217&amp;ssl=1 300w, https:\/\/i0.wp.com\/culturesco.com\/wp-content\/uploads\/2019\/03\/adverts.jpg?resize=324%2C235&amp;ssl=1 324w\" sizes=\"auto, (max-width: 400px) 100vw, 400px\" \/><\/p>\n<p style=\"text-align: justify;\">Durant ce m\u00eame mois d&rsquo;Ao\u00fbt, ils enregistrent une seconde session live \u00e0 la BBC.<br \/>\n\u00abSafety In Numbers\u00bb \/\u00a0\u00abWe Who Wait\u00bb, le troisi\u00e8me single, sort fin Octobre et \u00abNo Time To Be 21\u00bb \/\u00a0\u00abNew Day Dawning\u00bb en Janvier 78 apr\u00e8s un changement de label (Bright Records). Tous deux, encore une fois, sont excellents.<\/p>\n<h3>Adverts &#8211; Gary Gilmores Eyes<\/h3>\n<div class=\"youtube-embed\" data-video_id=\"cqx18CHDxbI\"><iframe loading=\"lazy\" title=\"The Adverts   Gary Gilmore&#039;s eyes\" width=\"696\" height=\"522\" src=\"https:\/\/www.youtube.com\/embed\/cqx18CHDxbI\" frameborder=\"0\" allow=\"accelerometer; autoplay; clipboard-write; encrypted-media; gyroscope; picture-in-picture; web-share\" referrerpolicy=\"strict-origin-when-cross-origin\" allowfullscreen><\/iframe><\/div>\n<h3>Le premier album arrive dans les bacs le 17 f\u00e9vrier 1978<\/h3>\n<p style=\"text-align: justify;\"><strong>Crossing The Red Sea With The Adverts<\/strong>\u00a0 est du m\u00eame niveau que les singles. Une fois encore, le disque est tr\u00e8s bien accueilli par la presse.<br \/>\nLe 25 du m\u00eame mois, <strong>Rod Latter<\/strong> remplace<strong> Lorry Driver<\/strong>, parti vex\u00e9 suite \u00e0 des remarques de <strong>Gaye Adverts<\/strong> sur ses capacit\u00e9s musicales. Latter est un ancien des <strong>Maniacs et The Rings<\/strong>, et prend place derri\u00e8re les f\u00fbts au pied lev\u00e9 pour assurer un concert le soir m\u00eame au Dundee College.<\/p>\n<h3 style=\"text-align: justify;\">Troisi\u00e8me passage \u00e0 la BBC<\/h3>\n<p style=\"text-align: justify;\">Septembre 1978, troisi\u00e8me passage radio, 5 titres jou\u00e9s live \u00e0 la BBC (LP <strong>The Wonders Don&rsquo;t Care<\/strong>). Tim Cross, claviers, fait son arriv\u00e9e dans le groupe.<br \/>\nNouveau changement de label, signature chez RCA et sortie d&rsquo;un cinqui\u00e8me single en Octobre. \u00abTelevision&rsquo;s Over\u00bb \/\u00a0\u00abBack From The Dead\u00bb reste dans le style <strong>Adverts<\/strong> mais la production a chang\u00e9, l&rsquo;ensemble a perdu en spontan\u00e9it\u00e9 et sonne plus calibr\u00e9 pour la radio, moins punk. Suit un autre simple, \u00abMy Place\u00bb \/\u00a0\u00abNew Church (live)\u00bb qui voit le jour le 15 Juin 79, avant la sortie du second album, \u00abCast Of Thousands\u00bb en Octobre. Disque moins bien accueilli que le premier, il reste n\u00e9anmoins riche en m\u00e9lodies.<\/p>\n<h3>Adverts &#8211; Television&rsquo;s over<\/h3>\n<div class=\"youtube-embed\" data-video_id=\"GNc_j8zZvbY\"><iframe loading=\"lazy\" title=\"The Adverts - Television&#039;s Over\" width=\"696\" height=\"522\" src=\"https:\/\/www.youtube.com\/embed\/GNc_j8zZvbY\" frameborder=\"0\" allow=\"accelerometer; autoplay; clipboard-write; encrypted-media; gyroscope; picture-in-picture; web-share\" referrerpolicy=\"strict-origin-when-cross-origin\" allowfullscreen><\/iframe><\/div>\n<p style=\"text-align: justify;\"><strong>Latter<\/strong> et <strong>Howard Pick-up<\/strong> sont vir\u00e9s. Une derni\u00e8re session radio a lieu en Novembre 1979, avant que <strong>TV Smith<\/strong> et <strong>Gaye Advert<\/strong> ne mettent un terme d\u00e9finitif \u00e0 la carri\u00e8re du groupe.<\/p>\n<p style=\"text-align: justify;\">Des membres d&rsquo;origine, seul TV Smith continue \u00e0 jouer, en solo. Gaye Black travaille dans l&rsquo;administration. Laurie Muscat milite pour la protection des animaux et Howard Boak est d\u00e9c\u00e9d\u00e9 d&rsquo;un cancer en 1997.<\/p>\n<p style=\"text-align: justify;\">Pour d\u00e9couvrir <strong>The Adverts<\/strong>, il est chaudement recommand\u00e9 de se procurer les deux Lps studio, ainsi que les BBC sessions qui figurent sur \u00abThe Wonders Don&rsquo;t Care\u00bb et l&rsquo;album \u00abLive At The Roxy\u00a0Club\u00bb. Le reste est anecdotique.<\/p>\n<p><strong>Fernand Naudin<\/strong> &#8211; <strong>Culturesco<\/strong><\/p>\n<div class=\"youtube-embed\" data-video_id=\"4gOlAhyyCw0\"><iframe loading=\"lazy\" title=\"The Adverts - Peel Session 1977\" width=\"696\" height=\"392\" src=\"https:\/\/www.youtube.com\/embed\/4gOlAhyyCw0\" frameborder=\"0\" allow=\"accelerometer; autoplay; clipboard-write; encrypted-media; gyroscope; picture-in-picture; web-share\" referrerpolicy=\"strict-origin-when-cross-origin\" allowfullscreen><\/iframe><\/div>\n","protected":false},"excerpt":{"rendered":"<p>The Adverts &#8211; 1976 1976 &#8211; Les premiers concerts 1976, Tim Smith et Gaye Black d\u00e9cident de former un groupe punk. Originaires du sud-ouest de l&rsquo;Angleterre, vers Plymouth, ils partent s&rsquo;installer \u00e0 Londres, l\u00e0 o\u00f9 quasiment tout se passe \u00e0 l&rsquo;\u00e9poque. Ils y recrutent un guitariste (Howard Boak) et un batteur (Laurie Muscat). Apr\u00e8s un [&hellip;]<\/p>\n","protected":false},"author":8,"featured_media":3517,"comment_status":"closed","ping_status":"closed","sticky":false,"template":"","format":"image","meta":{"jetpack_post_was_ever_published":false,"tdm_status":"","tdm_grid_status":"","_jetpack_newsletter_access":"","_jetpack_dont_email_post_to_subs":false,"_jetpack_newsletter_tier_id":0,"_jetpack_memberships_contains_paywalled_content":false,"_jetpack_memberships_contains_paid_content":false,"footnotes":""},"categories":[17,33],"tags":[58,46],"class_list":{"0":"post-3508","1":"post","2":"type-post","3":"status-publish","4":"format-image","5":"has-post-thumbnail","7":"category-carotte-rock-cultures","8":"category-histoire-du-rock","9":"tag-histoire-du-rock","10":"tag-punk","11":"post_format-post-format-image"},"yoast_head":"<!-- This site is optimized with the Yoast SEO plugin v27.5 - https:\/\/yoast.com\/product\/yoast-seo-wordpress\/ -->\n<title>The Adverts - Histoire du groupe punk de Gaye Advert et TV Smith -<\/title>\n<meta name=\"description\" content=\"CulturesCo | L&#039;histoire de The Adverts - Le groupe punk de Gaye Avert et TV Smith | 1976 les d\u00e9buts du mouvement Punk\" \/>\n<meta name=\"robots\" content=\"index, follow, max-snippet:-1, max-image-preview:large, max-video-preview:-1\" \/>\n<link rel=\"canonical\" href=\"https:\/\/culturesco.com\/index.php\/2019\/03\/05\/the-adverts-histoire-du-groupe-punk-de-gaye-advert-et-tv-smith\/\" \/>\n<meta property=\"og:locale\" content=\"fr_FR\" \/>\n<meta property=\"og:type\" content=\"article\" \/>\n<meta property=\"og:title\" content=\"The Adverts - Histoire du groupe punk de Gaye Advert et TV Smith -\" \/>\n<meta property=\"og:description\" content=\"CulturesCo | L&#039;histoire de The Adverts - Le groupe punk de Gaye Avert et TV Smith | 1976 les d\u00e9buts du mouvement Punk\" \/>\n<meta property=\"og:url\" content=\"https:\/\/culturesco.com\/index.php\/2019\/03\/05\/the-adverts-histoire-du-groupe-punk-de-gaye-advert-et-tv-smith\/\" \/>\n<meta property=\"og:site_name\" content=\"Culturesco\" \/>\n<meta property=\"article:publisher\" content=\"https:\/\/www.facebook.com\/radioculturesco\" \/>\n<meta property=\"article:published_time\" content=\"2019-03-05T14:57:42+00:00\" \/>\n<meta property=\"article:modified_time\" content=\"2021-11-30T09:02:07+00:00\" \/>\n<meta property=\"og:image\" content=\"https:\/\/culturesco.com\/wp-content\/uploads\/2019\/03\/the-adverts.jpg\" \/>\n\t<meta property=\"og:image:width\" content=\"600\" \/>\n\t<meta property=\"og:image:height\" content=\"314\" \/>\n\t<meta property=\"og:image:type\" content=\"image\/jpeg\" \/>\n<meta name=\"author\" content=\"Fernand Naudin\" \/>\n<meta name=\"twitter:card\" content=\"summary_large_image\" \/>\n<meta name=\"twitter:creator\" content=\"@AugusteMarshal\" \/>\n<meta name=\"twitter:site\" content=\"@AugusteMarshal\" \/>\n<meta name=\"twitter:label1\" content=\"\u00c9crit par\" \/>\n\t<meta name=\"twitter:data1\" content=\"Fernand Naudin\" \/>\n\t<meta name=\"twitter:label2\" content=\"Dur\u00e9e de lecture estim\u00e9e\" \/>\n\t<meta name=\"twitter:data2\" content=\"4 minutes\" \/>\n<script type=\"application\/ld+json\" class=\"yoast-schema-graph\">{\"@context\":\"https:\\\/\\\/schema.org\",\"@graph\":[{\"@type\":\"Article\",\"@id\":\"https:\\\/\\\/culturesco.com\\\/index.php\\\/2019\\\/03\\\/05\\\/the-adverts-histoire-du-groupe-punk-de-gaye-advert-et-tv-smith\\\/#article\",\"isPartOf\":{\"@id\":\"https:\\\/\\\/culturesco.com\\\/index.php\\\/2019\\\/03\\\/05\\\/the-adverts-histoire-du-groupe-punk-de-gaye-advert-et-tv-smith\\\/\"},\"author\":{\"name\":\"Fernand Naudin\",\"@id\":\"https:\\\/\\\/culturesco.com\\\/#\\\/schema\\\/person\\\/91b3b6313ee9fdeb12d582c930ccc7fc\"},\"headline\":\"The Adverts &#8211; Histoire du groupe punk de Gaye Advert et TV Smith\",\"datePublished\":\"2019-03-05T14:57:42+00:00\",\"dateModified\":\"2021-11-30T09:02:07+00:00\",\"mainEntityOfPage\":{\"@id\":\"https:\\\/\\\/culturesco.com\\\/index.php\\\/2019\\\/03\\\/05\\\/the-adverts-histoire-du-groupe-punk-de-gaye-advert-et-tv-smith\\\/\"},\"wordCount\":804,\"publisher\":{\"@id\":\"https:\\\/\\\/culturesco.com\\\/#organization\"},\"image\":{\"@id\":\"https:\\\/\\\/culturesco.com\\\/index.php\\\/2019\\\/03\\\/05\\\/the-adverts-histoire-du-groupe-punk-de-gaye-advert-et-tv-smith\\\/#primaryimage\"},\"thumbnailUrl\":\"https:\\\/\\\/i0.wp.com\\\/culturesco.com\\\/wp-content\\\/uploads\\\/2019\\\/03\\\/the-adverts.jpg?fit=600%2C314&ssl=1\",\"keywords\":[\"histoire du rock\",\"punk\"],\"articleSection\":[\"Carotte Rock Cultures\",\"Histoire du rock\"],\"inLanguage\":\"fr-FR\"},{\"@type\":\"WebPage\",\"@id\":\"https:\\\/\\\/culturesco.com\\\/index.php\\\/2019\\\/03\\\/05\\\/the-adverts-histoire-du-groupe-punk-de-gaye-advert-et-tv-smith\\\/\",\"url\":\"https:\\\/\\\/culturesco.com\\\/index.php\\\/2019\\\/03\\\/05\\\/the-adverts-histoire-du-groupe-punk-de-gaye-advert-et-tv-smith\\\/\",\"name\":\"The Adverts - Histoire du groupe punk de Gaye Advert et TV Smith -\",\"isPartOf\":{\"@id\":\"https:\\\/\\\/culturesco.com\\\/#website\"},\"primaryImageOfPage\":{\"@id\":\"https:\\\/\\\/culturesco.com\\\/index.php\\\/2019\\\/03\\\/05\\\/the-adverts-histoire-du-groupe-punk-de-gaye-advert-et-tv-smith\\\/#primaryimage\"},\"image\":{\"@id\":\"https:\\\/\\\/culturesco.com\\\/index.php\\\/2019\\\/03\\\/05\\\/the-adverts-histoire-du-groupe-punk-de-gaye-advert-et-tv-smith\\\/#primaryimage\"},\"thumbnailUrl\":\"https:\\\/\\\/i0.wp.com\\\/culturesco.com\\\/wp-content\\\/uploads\\\/2019\\\/03\\\/the-adverts.jpg?fit=600%2C314&ssl=1\",\"datePublished\":\"2019-03-05T14:57:42+00:00\",\"dateModified\":\"2021-11-30T09:02:07+00:00\",\"description\":\"CulturesCo | L'histoire de The Adverts - Le groupe punk de Gaye Avert et TV Smith | 1976 les d\u00e9buts du mouvement Punk\",\"breadcrumb\":{\"@id\":\"https:\\\/\\\/culturesco.com\\\/index.php\\\/2019\\\/03\\\/05\\\/the-adverts-histoire-du-groupe-punk-de-gaye-advert-et-tv-smith\\\/#breadcrumb\"},\"inLanguage\":\"fr-FR\",\"potentialAction\":[{\"@type\":\"ReadAction\",\"target\":[\"https:\\\/\\\/culturesco.com\\\/index.php\\\/2019\\\/03\\\/05\\\/the-adverts-histoire-du-groupe-punk-de-gaye-advert-et-tv-smith\\\/\"]}]},{\"@type\":\"ImageObject\",\"inLanguage\":\"fr-FR\",\"@id\":\"https:\\\/\\\/culturesco.com\\\/index.php\\\/2019\\\/03\\\/05\\\/the-adverts-histoire-du-groupe-punk-de-gaye-advert-et-tv-smith\\\/#primaryimage\",\"url\":\"https:\\\/\\\/i0.wp.com\\\/culturesco.com\\\/wp-content\\\/uploads\\\/2019\\\/03\\\/the-adverts.jpg?fit=600%2C314&ssl=1\",\"contentUrl\":\"https:\\\/\\\/i0.wp.com\\\/culturesco.com\\\/wp-content\\\/uploads\\\/2019\\\/03\\\/the-adverts.jpg?fit=600%2C314&ssl=1\",\"width\":600,\"height\":314,\"caption\":\"the-adverts\"},{\"@type\":\"BreadcrumbList\",\"@id\":\"https:\\\/\\\/culturesco.com\\\/index.php\\\/2019\\\/03\\\/05\\\/the-adverts-histoire-du-groupe-punk-de-gaye-advert-et-tv-smith\\\/#breadcrumb\",\"itemListElement\":[{\"@type\":\"ListItem\",\"position\":1,\"name\":\"Accueil\",\"item\":\"https:\\\/\\\/culturesco.com\\\/\"},{\"@type\":\"ListItem\",\"position\":2,\"name\":\"The Adverts &#8211; Histoire du groupe punk de Gaye Advert et TV Smith\"}]},{\"@type\":\"WebSite\",\"@id\":\"https:\\\/\\\/culturesco.com\\\/#website\",\"url\":\"https:\\\/\\\/culturesco.com\\\/\",\"name\":\"Culturesco\",\"description\":\"Culturesco | Un bon coup de pied dans ta Culture\",\"publisher\":{\"@id\":\"https:\\\/\\\/culturesco.com\\\/#organization\"},\"potentialAction\":[{\"@type\":\"SearchAction\",\"target\":{\"@type\":\"EntryPoint\",\"urlTemplate\":\"https:\\\/\\\/culturesco.com\\\/?s={search_term_string}\"},\"query-input\":{\"@type\":\"PropertyValueSpecification\",\"valueRequired\":true,\"valueName\":\"search_term_string\"}}],\"inLanguage\":\"fr-FR\"},{\"@type\":\"Organization\",\"@id\":\"https:\\\/\\\/culturesco.com\\\/#organization\",\"name\":\"CULTURESCO\",\"url\":\"https:\\\/\\\/culturesco.com\\\/\",\"logo\":{\"@type\":\"ImageObject\",\"inLanguage\":\"fr-FR\",\"@id\":\"https:\\\/\\\/culturesco.com\\\/#\\\/schema\\\/logo\\\/image\\\/\",\"url\":\"https:\\\/\\\/i0.wp.com\\\/culturesco.com\\\/wp-content\\\/uploads\\\/2022\\\/04\\\/culturesco-logo-blanc250p.png?fit=250%2C250&ssl=1\",\"contentUrl\":\"https:\\\/\\\/i0.wp.com\\\/culturesco.com\\\/wp-content\\\/uploads\\\/2022\\\/04\\\/culturesco-logo-blanc250p.png?fit=250%2C250&ssl=1\",\"width\":250,\"height\":250,\"caption\":\"CULTURESCO\"},\"image\":{\"@id\":\"https:\\\/\\\/culturesco.com\\\/#\\\/schema\\\/logo\\\/image\\\/\"},\"sameAs\":[\"https:\\\/\\\/www.facebook.com\\\/radioculturesco\",\"https:\\\/\\\/x.com\\\/AugusteMarshal\",\"https:\\\/\\\/www.instagram.com\\\/carotte_rock_culture\\\/\",\"https:\\\/\\\/www.pinterest.fr\\\/augustemarshal\\\/\",\"https:\\\/\\\/www.youtube.com\\\/channel\\\/UCiWLGffqWSXlNnfzp6YwwyQ\"]},{\"@type\":\"Person\",\"@id\":\"https:\\\/\\\/culturesco.com\\\/#\\\/schema\\\/person\\\/91b3b6313ee9fdeb12d582c930ccc7fc\",\"name\":\"Fernand Naudin\",\"image\":{\"@type\":\"ImageObject\",\"inLanguage\":\"fr-FR\",\"@id\":\"https:\\\/\\\/i0.wp.com\\\/culturesco.com\\\/wp-content\\\/uploads\\\/2018\\\/12\\\/naudin.jpg?fit=96%2C96&ssl=1\",\"url\":\"https:\\\/\\\/i0.wp.com\\\/culturesco.com\\\/wp-content\\\/uploads\\\/2018\\\/12\\\/naudin.jpg?fit=96%2C96&ssl=1\",\"contentUrl\":\"https:\\\/\\\/i0.wp.com\\\/culturesco.com\\\/wp-content\\\/uploads\\\/2018\\\/12\\\/naudin.jpg?fit=96%2C96&ssl=1\",\"caption\":\"Fernand Naudin\"},\"description\":\"Auteur sur le blog CulturesCo - Sp\u00e9cialiste de la p\u00e9riode punk.\",\"url\":\"https:\\\/\\\/culturesco.com\\\/index.php\\\/author\\\/fernand-naudin\\\/\"}]}<\/script>\n<!-- \/ Yoast SEO plugin. -->","yoast_head_json":{"title":"The Adverts - Histoire du groupe punk de Gaye Advert et TV Smith -","description":"CulturesCo | L'histoire de The Adverts - Le groupe punk de Gaye Avert et TV Smith | 1976 les d\u00e9buts du mouvement Punk","robots":{"index":"index","follow":"follow","max-snippet":"max-snippet:-1","max-image-preview":"max-image-preview:large","max-video-preview":"max-video-preview:-1"},"canonical":"https:\/\/culturesco.com\/index.php\/2019\/03\/05\/the-adverts-histoire-du-groupe-punk-de-gaye-advert-et-tv-smith\/","og_locale":"fr_FR","og_type":"article","og_title":"The Adverts - Histoire du groupe punk de Gaye Advert et TV Smith -","og_description":"CulturesCo | L'histoire de The Adverts - Le groupe punk de Gaye Avert et TV Smith | 1976 les d\u00e9buts du mouvement Punk","og_url":"https:\/\/culturesco.com\/index.php\/2019\/03\/05\/the-adverts-histoire-du-groupe-punk-de-gaye-advert-et-tv-smith\/","og_site_name":"Culturesco","article_publisher":"https:\/\/www.facebook.com\/radioculturesco","article_published_time":"2019-03-05T14:57:42+00:00","article_modified_time":"2021-11-30T09:02:07+00:00","og_image":[{"width":600,"height":314,"url":"https:\/\/culturesco.com\/wp-content\/uploads\/2019\/03\/the-adverts.jpg","type":"image\/jpeg"}],"author":"Fernand Naudin","twitter_card":"summary_large_image","twitter_creator":"@AugusteMarshal","twitter_site":"@AugusteMarshal","twitter_misc":{"\u00c9crit par":"Fernand Naudin","Dur\u00e9e de lecture estim\u00e9e":"4 minutes"},"schema":{"@context":"https:\/\/schema.org","@graph":[{"@type":"Article","@id":"https:\/\/culturesco.com\/index.php\/2019\/03\/05\/the-adverts-histoire-du-groupe-punk-de-gaye-advert-et-tv-smith\/#article","isPartOf":{"@id":"https:\/\/culturesco.com\/index.php\/2019\/03\/05\/the-adverts-histoire-du-groupe-punk-de-gaye-advert-et-tv-smith\/"},"author":{"name":"Fernand Naudin","@id":"https:\/\/culturesco.com\/#\/schema\/person\/91b3b6313ee9fdeb12d582c930ccc7fc"},"headline":"The Adverts &#8211; Histoire du groupe punk de Gaye Advert et TV Smith","datePublished":"2019-03-05T14:57:42+00:00","dateModified":"2021-11-30T09:02:07+00:00","mainEntityOfPage":{"@id":"https:\/\/culturesco.com\/index.php\/2019\/03\/05\/the-adverts-histoire-du-groupe-punk-de-gaye-advert-et-tv-smith\/"},"wordCount":804,"publisher":{"@id":"https:\/\/culturesco.com\/#organization"},"image":{"@id":"https:\/\/culturesco.com\/index.php\/2019\/03\/05\/the-adverts-histoire-du-groupe-punk-de-gaye-advert-et-tv-smith\/#primaryimage"},"thumbnailUrl":"https:\/\/i0.wp.com\/culturesco.com\/wp-content\/uploads\/2019\/03\/the-adverts.jpg?fit=600%2C314&ssl=1","keywords":["histoire du rock","punk"],"articleSection":["Carotte Rock Cultures","Histoire du rock"],"inLanguage":"fr-FR"},{"@type":"WebPage","@id":"https:\/\/culturesco.com\/index.php\/2019\/03\/05\/the-adverts-histoire-du-groupe-punk-de-gaye-advert-et-tv-smith\/","url":"https:\/\/culturesco.com\/index.php\/2019\/03\/05\/the-adverts-histoire-du-groupe-punk-de-gaye-advert-et-tv-smith\/","name":"The Adverts - Histoire du groupe punk de Gaye Advert et TV Smith -","isPartOf":{"@id":"https:\/\/culturesco.com\/#website"},"primaryImageOfPage":{"@id":"https:\/\/culturesco.com\/index.php\/2019\/03\/05\/the-adverts-histoire-du-groupe-punk-de-gaye-advert-et-tv-smith\/#primaryimage"},"image":{"@id":"https:\/\/culturesco.com\/index.php\/2019\/03\/05\/the-adverts-histoire-du-groupe-punk-de-gaye-advert-et-tv-smith\/#primaryimage"},"thumbnailUrl":"https:\/\/i0.wp.com\/culturesco.com\/wp-content\/uploads\/2019\/03\/the-adverts.jpg?fit=600%2C314&ssl=1","datePublished":"2019-03-05T14:57:42+00:00","dateModified":"2021-11-30T09:02:07+00:00","description":"CulturesCo | L'histoire de The Adverts - Le groupe punk de Gaye Avert et TV Smith | 1976 les d\u00e9buts du mouvement Punk","breadcrumb":{"@id":"https:\/\/culturesco.com\/index.php\/2019\/03\/05\/the-adverts-histoire-du-groupe-punk-de-gaye-advert-et-tv-smith\/#breadcrumb"},"inLanguage":"fr-FR","potentialAction":[{"@type":"ReadAction","target":["https:\/\/culturesco.com\/index.php\/2019\/03\/05\/the-adverts-histoire-du-groupe-punk-de-gaye-advert-et-tv-smith\/"]}]},{"@type":"ImageObject","inLanguage":"fr-FR","@id":"https:\/\/culturesco.com\/index.php\/2019\/03\/05\/the-adverts-histoire-du-groupe-punk-de-gaye-advert-et-tv-smith\/#primaryimage","url":"https:\/\/i0.wp.com\/culturesco.com\/wp-content\/uploads\/2019\/03\/the-adverts.jpg?fit=600%2C314&ssl=1","contentUrl":"https:\/\/i0.wp.com\/culturesco.com\/wp-content\/uploads\/2019\/03\/the-adverts.jpg?fit=600%2C314&ssl=1","width":600,"height":314,"caption":"the-adverts"},{"@type":"BreadcrumbList","@id":"https:\/\/culturesco.com\/index.php\/2019\/03\/05\/the-adverts-histoire-du-groupe-punk-de-gaye-advert-et-tv-smith\/#breadcrumb","itemListElement":[{"@type":"ListItem","position":1,"name":"Accueil","item":"https:\/\/culturesco.com\/"},{"@type":"ListItem","position":2,"name":"The Adverts &#8211; Histoire du groupe punk de Gaye Advert et TV Smith"}]},{"@type":"WebSite","@id":"https:\/\/culturesco.com\/#website","url":"https:\/\/culturesco.com\/","name":"Culturesco","description":"Culturesco | Un bon coup de pied dans ta Culture","publisher":{"@id":"https:\/\/culturesco.com\/#organization"},"potentialAction":[{"@type":"SearchAction","target":{"@type":"EntryPoint","urlTemplate":"https:\/\/culturesco.com\/?s={search_term_string}"},"query-input":{"@type":"PropertyValueSpecification","valueRequired":true,"valueName":"search_term_string"}}],"inLanguage":"fr-FR"},{"@type":"Organization","@id":"https:\/\/culturesco.com\/#organization","name":"CULTURESCO","url":"https:\/\/culturesco.com\/","logo":{"@type":"ImageObject","inLanguage":"fr-FR","@id":"https:\/\/culturesco.com\/#\/schema\/logo\/image\/","url":"https:\/\/i0.wp.com\/culturesco.com\/wp-content\/uploads\/2022\/04\/culturesco-logo-blanc250p.png?fit=250%2C250&ssl=1","contentUrl":"https:\/\/i0.wp.com\/culturesco.com\/wp-content\/uploads\/2022\/04\/culturesco-logo-blanc250p.png?fit=250%2C250&ssl=1","width":250,"height":250,"caption":"CULTURESCO"},"image":{"@id":"https:\/\/culturesco.com\/#\/schema\/logo\/image\/"},"sameAs":["https:\/\/www.facebook.com\/radioculturesco","https:\/\/x.com\/AugusteMarshal","https:\/\/www.instagram.com\/carotte_rock_culture\/","https:\/\/www.pinterest.fr\/augustemarshal\/","https:\/\/www.youtube.com\/channel\/UCiWLGffqWSXlNnfzp6YwwyQ"]},{"@type":"Person","@id":"https:\/\/culturesco.com\/#\/schema\/person\/91b3b6313ee9fdeb12d582c930ccc7fc","name":"Fernand Naudin","image":{"@type":"ImageObject","inLanguage":"fr-FR","@id":"https:\/\/i0.wp.com\/culturesco.com\/wp-content\/uploads\/2018\/12\/naudin.jpg?fit=96%2C96&ssl=1","url":"https:\/\/i0.wp.com\/culturesco.com\/wp-content\/uploads\/2018\/12\/naudin.jpg?fit=96%2C96&ssl=1","contentUrl":"https:\/\/i0.wp.com\/culturesco.com\/wp-content\/uploads\/2018\/12\/naudin.jpg?fit=96%2C96&ssl=1","caption":"Fernand Naudin"},"description":"Auteur sur le blog CulturesCo - Sp\u00e9cialiste de la p\u00e9riode punk.","url":"https:\/\/culturesco.com\/index.php\/author\/fernand-naudin\/"}]}},"jetpack_featured_media_url":"https:\/\/i0.wp.com\/culturesco.com\/wp-content\/uploads\/2019\/03\/the-adverts.jpg?fit=600%2C314&ssl=1","jetpack_likes_enabled":true,"jetpack_sharing_enabled":true,"jetpack_shortlink":"https:\/\/wp.me\/paz89I-UA","_links":{"self":[{"href":"https:\/\/culturesco.com\/index.php\/wp-json\/wp\/v2\/posts\/3508","targetHints":{"allow":["GET"]}}],"collection":[{"href":"https:\/\/culturesco.com\/index.php\/wp-json\/wp\/v2\/posts"}],"about":[{"href":"https:\/\/culturesco.com\/index.php\/wp-json\/wp\/v2\/types\/post"}],"author":[{"embeddable":true,"href":"https:\/\/culturesco.com\/index.php\/wp-json\/wp\/v2\/users\/8"}],"replies":[{"embeddable":true,"href":"https:\/\/culturesco.com\/index.php\/wp-json\/wp\/v2\/comments?post=3508"}],"version-history":[{"count":0,"href":"https:\/\/culturesco.com\/index.php\/wp-json\/wp\/v2\/posts\/3508\/revisions"}],"wp:featuredmedia":[{"embeddable":true,"href":"https:\/\/culturesco.com\/index.php\/wp-json\/wp\/v2\/media\/3517"}],"wp:attachment":[{"href":"https:\/\/culturesco.com\/index.php\/wp-json\/wp\/v2\/media?parent=3508"}],"wp:term":[{"taxonomy":"category","embeddable":true,"href":"https:\/\/culturesco.com\/index.php\/wp-json\/wp\/v2\/categories?post=3508"},{"taxonomy":"post_tag","embeddable":true,"href":"https:\/\/culturesco.com\/index.php\/wp-json\/wp\/v2\/tags?post=3508"}],"curies":[{"name":"wp","href":"https:\/\/api.w.org\/{rel}","templated":true}]}}