{"id":3394,"date":"2019-03-02T09:38:52","date_gmt":"2019-03-02T08:38:52","guid":{"rendered":"https:\/\/culturesco.com\/?p=3394"},"modified":"2024-04-30T20:35:03","modified_gmt":"2024-04-30T18:35:03","slug":"1er-mai-1967-les-yardbirds-a-chaville","status":"publish","type":"post","link":"https:\/\/culturesco.com\/index.php\/2019\/03\/02\/1er-mai-1967-les-yardbirds-a-chaville\/","title":{"rendered":"Les YARDBIRDS et JIMMY PAGE en concert \u00e0&#8230; Chaville &#8211; 1967"},"content":{"rendered":"<h2>Le \u00ab\u00a0grand\u00a0\u00bb Jimmy PAGE \u00e0 la F\u00eate du muguet !<\/h2>\n<p style=\"text-align: justify;\">Il est pour le moins surprenant de d\u00e9couvrir sur un m\u00eame plateau <strong>Jean Ferrat<\/strong> et&#8230; les <strong>Yardbirds<\/strong>. Et pourtant c\u2019est ce \u00e0 quoi on put assister les habitants de Chaville dans les Hauts-de-Seine. Le 30 avril et 1er mai 1967, il y avait\u00a0<strong>Eddy Mitchell<\/strong>, <strong>Hugues Aufray<\/strong>, <strong>Nino Ferrer<\/strong>, les <strong>Yardbirds<\/strong> (avec <strong>Jimmy Page<\/strong>) \u00e0 la F\u00eate du muguet! Et en partie diffus\u00e9 \u00e0 la t\u00e9l\u00e9vision fran\u00e7aise le dimanche 30 avril de 18h40 \u00e0 19h. Une seconde diffusion aura lieu le mardi 2 mai de 22h25 \u00e0 22h55. Le clip que nous vous proposons plus bas est compos\u00e9 de rushes : il est \u00e9vident que ce n&rsquo;est pas ce qui est pass\u00e9 \u00e0 la t\u00e9l\u00e9 !<\/p>\n<figure id=\"attachment_3397\" aria-describedby=\"caption-attachment-3397\" style=\"width: 275px\" class=\"wp-caption aligncenter\"><img data-recalc-dims=\"1\" loading=\"lazy\" decoding=\"async\" class=\"wp-image-3397 size-full\" src=\"https:\/\/i0.wp.com\/culturesco.com\/wp-content\/uploads\/2019\/03\/thumnil-e1561036655693.jpg?resize=275%2C300&#038;ssl=1\" alt=\"Yardbirds Jimmy Page\" width=\"275\" height=\"300\" \/><figcaption id=\"caption-attachment-3397\" class=\"wp-caption-text\">Yardbirds<\/figcaption><\/figure>\n<h3>Une affiche \u00e9tonnante d&rsquo;\u00e9clectisme<\/h3>\n<figure id=\"attachment_3398\" aria-describedby=\"caption-attachment-3398\" style=\"width: 300px\" class=\"wp-caption aligncenter\"><a href=\"https:\/\/culturesco.com\/index.php\/2019\/03\/02\/1er-mai-1967-les-yardbirds-a-chaville\/yardbi12\/\"><img data-recalc-dims=\"1\" loading=\"lazy\" decoding=\"async\" class=\"wp-image-3398 size-full\" src=\"https:\/\/i0.wp.com\/culturesco.com\/wp-content\/uploads\/2019\/03\/yardbi12-e1561022391119.jpg?resize=300%2C235&#038;ssl=1\" alt=\"CHAVILLE 1967\" width=\"300\" height=\"235\" \/><\/a><figcaption id=\"caption-attachment-3398\" class=\"wp-caption-text\">Yardbirds CHAVILLE 1967<\/figcaption><\/figure>\n<p style=\"text-align: justify;\">Hormis les t\u00eates d\u2019affiche, et pour seulement cinq francs, on pouvait applaudir Cat et Maxime (Leforestier). Michel Sardou \u00e0 ses d\u00e9buts, Los Bravos, les Cinq Gentlemen et Percy Sledge&#8230; Mais \u00e9galement Maurice Fanon, Suzanne Gabriello, Jean-Claude Annoux et Michel Mallory. Toute la musique qu\u2019on aime, en quelque sorte (on peut se permettre cette formule apr\u00e8s avoir cit\u00e9 Mallory !).<\/p>\n<p><a href=\"https:\/\/culturesco.com\/index.php\/2019\/03\/02\/1er-mai-1967-les-yardbirds-a-chaville\/yardbi13\/\"><img data-recalc-dims=\"1\" loading=\"lazy\" decoding=\"async\" class=\"aligncenter wp-image-3399 size-medium\" src=\"https:\/\/i0.wp.com\/culturesco.com\/wp-content\/uploads\/2019\/03\/yardbi13.jpg?resize=300%2C222&#038;ssl=1\" alt=\"\" width=\"300\" height=\"222\" \/><\/a><\/p>\n<p style=\"text-align: justify;\">Un grand merci \u00e0 Philippe AGUADO pour les docs. A Hard PROG, ROCK ON TELEVISION, pour les informations compl\u00e9mentaires <a href=\"http:\/\/hardprog.pagesperso-orange.fr\/\">http:\/\/hardprog.pagesperso-orange.fr\/<\/a><\/p>\n<h3>Les Yardbirds \u00e0 Chaville &#8211; 1967<\/h3>\n<div class=\"youtube-embed\" data-video_id=\"v6BRBqC-iXg\"><iframe loading=\"lazy\" title=\"The Yardbirds  1967  04 30 Chaville\" width=\"696\" height=\"522\" src=\"https:\/\/www.youtube.com\/embed\/v6BRBqC-iXg\" frameborder=\"0\" allow=\"accelerometer; autoplay; clipboard-write; encrypted-media; gyroscope; picture-in-picture; web-share\" referrerpolicy=\"strict-origin-when-cross-origin\" allowfullscreen><\/iframe><\/div>\n<p style=\"text-align: justify;\">Le livre<a href=\"https:\/\/amzn.to\/2Ryqx8d\" target=\"_blank\" rel=\"noopener noreferrer\"><strong> Pop rock les concerts de l\u00e9gende des\u00a0ann\u00e9es 60 et 70 <\/strong><\/a>\u00e9voque cet \u00e9v\u00e9nement qu&rsquo;on est pas pr\u00e8s d&rsquo;oublier<\/p>\n<p><strong>Daniel Lesueur<\/strong><\/p>\n","protected":false},"excerpt":{"rendered":"<p>Le \u00ab\u00a0grand\u00a0\u00bb Jimmy PAGE \u00e0 la F\u00eate du muguet ! Il est pour le moins surprenant de d\u00e9couvrir sur un m\u00eame plateau Jean Ferrat et&#8230; les Yardbirds. Et pourtant c\u2019est ce \u00e0 quoi on put assister les habitants de Chaville dans les Hauts-de-Seine. Le 30 avril et 1er mai 1967, il y avait\u00a0Eddy Mitchell, Hugues [&hellip;]<\/p>\n","protected":false},"author":2,"featured_media":3415,"comment_status":"closed","ping_status":"closed","sticky":false,"template":"","format":"image","meta":{"jetpack_post_was_ever_published":false,"tdm_status":"","tdm_grid_status":"","_jetpack_newsletter_access":"","_jetpack_dont_email_post_to_subs":false,"_jetpack_newsletter_tier_id":0,"_jetpack_memberships_contains_paywalled_content":false,"_jetpack_memberships_contains_paid_content":false,"footnotes":""},"categories":[34,17],"tags":[58],"class_list":{"0":"post-3394","1":"post","2":"type-post","3":"status-publish","4":"format-image","5":"has-post-thumbnail","7":"category-anecdotes-rock","8":"category-carotte-rock-cultures","9":"tag-histoire-du-rock","10":"post_format-post-format-image"},"yoast_head":"<!-- This site is optimized with the Yoast SEO plugin v27.5 - https:\/\/yoast.com\/product\/yoast-seo-wordpress\/ -->\n<title>Les YARDBIRDS et JIMMY PAGE en concert \u00e0... Chaville - 1967 -<\/title>\n<meta name=\"description\" content=\"CulturesCo | Les Yardbirds et Jimmy Page en concert pour la f\u00eate du mugguet (1er mai 1967) \u00e0 Chaville - Histoire du Rock en France\" \/>\n<meta name=\"robots\" content=\"index, follow, max-snippet:-1, max-image-preview:large, max-video-preview:-1\" \/>\n<link rel=\"canonical\" href=\"https:\/\/culturesco.com\/index.php\/2019\/03\/02\/1er-mai-1967-les-yardbirds-a-chaville\/\" \/>\n<meta property=\"og:locale\" content=\"fr_FR\" \/>\n<meta property=\"og:type\" content=\"article\" \/>\n<meta property=\"og:title\" content=\"1er Mai 67 : Jimmy PAGE et les YARDBIRDS en concert... \u00e0 Chaville ?? !!! Pour la f\u00eate du muguet ...\" \/>\n<meta property=\"og:description\" content=\"CulturesCo | Les Yardbirds et Jimmy Page en concert pour la f\u00eate du mugguet (1er mai 1967) \u00e0 Chaville - Histoire du Rock en France\" \/>\n<meta property=\"og:url\" content=\"https:\/\/culturesco.com\/index.php\/2019\/03\/02\/1er-mai-1967-les-yardbirds-a-chaville\/\" \/>\n<meta property=\"og:site_name\" content=\"Culturesco\" \/>\n<meta property=\"article:publisher\" content=\"https:\/\/www.facebook.com\/radioculturesco\" \/>\n<meta property=\"article:published_time\" content=\"2019-03-02T08:38:52+00:00\" \/>\n<meta property=\"article:modified_time\" content=\"2024-04-30T18:35:03+00:00\" \/>\n<meta property=\"og:image\" content=\"https:\/\/culturesco.com\/wp-content\/uploads\/2019\/03\/yardbirds-et-jimmy-page.jpg\" \/>\n\t<meta property=\"og:image:width\" content=\"600\" \/>\n\t<meta property=\"og:image:height\" content=\"314\" \/>\n\t<meta property=\"og:image:type\" content=\"image\/jpeg\" \/>\n<meta name=\"author\" content=\"Daniel Lesueur\" \/>\n<meta name=\"twitter:card\" content=\"summary_large_image\" \/>\n<meta name=\"twitter:title\" content=\"Les d\u00e9buts de Jimmy Page avec les Yardbirds\" \/>\n<meta name=\"twitter:creator\" content=\"@AugusteMarshal\" \/>\n<meta name=\"twitter:site\" content=\"@AugusteMarshal\" \/>\n<meta name=\"twitter:label1\" content=\"\u00c9crit par\" \/>\n\t<meta name=\"twitter:data1\" content=\"Daniel Lesueur\" \/>\n\t<meta name=\"twitter:label2\" content=\"Dur\u00e9e de lecture estim\u00e9e\" \/>\n\t<meta name=\"twitter:data2\" content=\"3 minutes\" \/>\n<script type=\"application\/ld+json\" class=\"yoast-schema-graph\">{\"@context\":\"https:\\\/\\\/schema.org\",\"@graph\":[{\"@type\":\"Article\",\"@id\":\"https:\\\/\\\/culturesco.com\\\/index.php\\\/2019\\\/03\\\/02\\\/1er-mai-1967-les-yardbirds-a-chaville\\\/#article\",\"isPartOf\":{\"@id\":\"https:\\\/\\\/culturesco.com\\\/index.php\\\/2019\\\/03\\\/02\\\/1er-mai-1967-les-yardbirds-a-chaville\\\/\"},\"author\":{\"name\":\"Daniel Lesueur\",\"@id\":\"https:\\\/\\\/culturesco.com\\\/#\\\/schema\\\/person\\\/716087cb1b01edf85084af2d12096a8f\"},\"headline\":\"Les YARDBIRDS et JIMMY PAGE en concert \u00e0&#8230; Chaville &#8211; 1967\",\"datePublished\":\"2019-03-02T08:38:52+00:00\",\"dateModified\":\"2024-04-30T18:35:03+00:00\",\"mainEntityOfPage\":{\"@id\":\"https:\\\/\\\/culturesco.com\\\/index.php\\\/2019\\\/03\\\/02\\\/1er-mai-1967-les-yardbirds-a-chaville\\\/\"},\"wordCount\":277,\"publisher\":{\"@id\":\"https:\\\/\\\/culturesco.com\\\/#organization\"},\"image\":{\"@id\":\"https:\\\/\\\/culturesco.com\\\/index.php\\\/2019\\\/03\\\/02\\\/1er-mai-1967-les-yardbirds-a-chaville\\\/#primaryimage\"},\"thumbnailUrl\":\"https:\\\/\\\/i0.wp.com\\\/culturesco.com\\\/wp-content\\\/uploads\\\/2019\\\/03\\\/jimmy-page-e1555059994364.jpg?fit=600%2C314&ssl=1\",\"keywords\":[\"histoire du rock\"],\"articleSection\":[\"Anecdotes rock\",\"Carotte Rock Cultures\"],\"inLanguage\":\"fr-FR\"},{\"@type\":\"WebPage\",\"@id\":\"https:\\\/\\\/culturesco.com\\\/index.php\\\/2019\\\/03\\\/02\\\/1er-mai-1967-les-yardbirds-a-chaville\\\/\",\"url\":\"https:\\\/\\\/culturesco.com\\\/index.php\\\/2019\\\/03\\\/02\\\/1er-mai-1967-les-yardbirds-a-chaville\\\/\",\"name\":\"Les YARDBIRDS et JIMMY PAGE en concert \u00e0... Chaville - 1967 -\",\"isPartOf\":{\"@id\":\"https:\\\/\\\/culturesco.com\\\/#website\"},\"primaryImageOfPage\":{\"@id\":\"https:\\\/\\\/culturesco.com\\\/index.php\\\/2019\\\/03\\\/02\\\/1er-mai-1967-les-yardbirds-a-chaville\\\/#primaryimage\"},\"image\":{\"@id\":\"https:\\\/\\\/culturesco.com\\\/index.php\\\/2019\\\/03\\\/02\\\/1er-mai-1967-les-yardbirds-a-chaville\\\/#primaryimage\"},\"thumbnailUrl\":\"https:\\\/\\\/i0.wp.com\\\/culturesco.com\\\/wp-content\\\/uploads\\\/2019\\\/03\\\/jimmy-page-e1555059994364.jpg?fit=600%2C314&ssl=1\",\"datePublished\":\"2019-03-02T08:38:52+00:00\",\"dateModified\":\"2024-04-30T18:35:03+00:00\",\"description\":\"CulturesCo | Les Yardbirds et Jimmy Page en concert pour la f\u00eate du mugguet (1er mai 1967) \u00e0 Chaville - Histoire du Rock en France\",\"breadcrumb\":{\"@id\":\"https:\\\/\\\/culturesco.com\\\/index.php\\\/2019\\\/03\\\/02\\\/1er-mai-1967-les-yardbirds-a-chaville\\\/#breadcrumb\"},\"inLanguage\":\"fr-FR\",\"potentialAction\":[{\"@type\":\"ReadAction\",\"target\":[\"https:\\\/\\\/culturesco.com\\\/index.php\\\/2019\\\/03\\\/02\\\/1er-mai-1967-les-yardbirds-a-chaville\\\/\"]}]},{\"@type\":\"ImageObject\",\"inLanguage\":\"fr-FR\",\"@id\":\"https:\\\/\\\/culturesco.com\\\/index.php\\\/2019\\\/03\\\/02\\\/1er-mai-1967-les-yardbirds-a-chaville\\\/#primaryimage\",\"url\":\"https:\\\/\\\/i0.wp.com\\\/culturesco.com\\\/wp-content\\\/uploads\\\/2019\\\/03\\\/jimmy-page-e1555059994364.jpg?fit=600%2C314&ssl=1\",\"contentUrl\":\"https:\\\/\\\/i0.wp.com\\\/culturesco.com\\\/wp-content\\\/uploads\\\/2019\\\/03\\\/jimmy-page-e1555059994364.jpg?fit=600%2C314&ssl=1\",\"width\":600,\"height\":314,\"caption\":\"jimmy page\"},{\"@type\":\"BreadcrumbList\",\"@id\":\"https:\\\/\\\/culturesco.com\\\/index.php\\\/2019\\\/03\\\/02\\\/1er-mai-1967-les-yardbirds-a-chaville\\\/#breadcrumb\",\"itemListElement\":[{\"@type\":\"ListItem\",\"position\":1,\"name\":\"Accueil\",\"item\":\"https:\\\/\\\/culturesco.com\\\/\"},{\"@type\":\"ListItem\",\"position\":2,\"name\":\"Les YARDBIRDS et JIMMY PAGE en concert \u00e0&#8230; Chaville &#8211; 1967\"}]},{\"@type\":\"WebSite\",\"@id\":\"https:\\\/\\\/culturesco.com\\\/#website\",\"url\":\"https:\\\/\\\/culturesco.com\\\/\",\"name\":\"Culturesco\",\"description\":\"Culturesco | Un bon coup de pied dans ta Culture\",\"publisher\":{\"@id\":\"https:\\\/\\\/culturesco.com\\\/#organization\"},\"potentialAction\":[{\"@type\":\"SearchAction\",\"target\":{\"@type\":\"EntryPoint\",\"urlTemplate\":\"https:\\\/\\\/culturesco.com\\\/?s={search_term_string}\"},\"query-input\":{\"@type\":\"PropertyValueSpecification\",\"valueRequired\":true,\"valueName\":\"search_term_string\"}}],\"inLanguage\":\"fr-FR\"},{\"@type\":\"Organization\",\"@id\":\"https:\\\/\\\/culturesco.com\\\/#organization\",\"name\":\"CULTURESCO\",\"url\":\"https:\\\/\\\/culturesco.com\\\/\",\"logo\":{\"@type\":\"ImageObject\",\"inLanguage\":\"fr-FR\",\"@id\":\"https:\\\/\\\/culturesco.com\\\/#\\\/schema\\\/logo\\\/image\\\/\",\"url\":\"https:\\\/\\\/i0.wp.com\\\/culturesco.com\\\/wp-content\\\/uploads\\\/2022\\\/04\\\/culturesco-logo-blanc250p.png?fit=250%2C250&ssl=1\",\"contentUrl\":\"https:\\\/\\\/i0.wp.com\\\/culturesco.com\\\/wp-content\\\/uploads\\\/2022\\\/04\\\/culturesco-logo-blanc250p.png?fit=250%2C250&ssl=1\",\"width\":250,\"height\":250,\"caption\":\"CULTURESCO\"},\"image\":{\"@id\":\"https:\\\/\\\/culturesco.com\\\/#\\\/schema\\\/logo\\\/image\\\/\"},\"sameAs\":[\"https:\\\/\\\/www.facebook.com\\\/radioculturesco\",\"https:\\\/\\\/x.com\\\/AugusteMarshal\",\"https:\\\/\\\/www.instagram.com\\\/carotte_rock_culture\\\/\",\"https:\\\/\\\/www.pinterest.fr\\\/augustemarshal\\\/\",\"https:\\\/\\\/www.youtube.com\\\/channel\\\/UCiWLGffqWSXlNnfzp6YwwyQ\"]},{\"@type\":\"Person\",\"@id\":\"https:\\\/\\\/culturesco.com\\\/#\\\/schema\\\/person\\\/716087cb1b01edf85084af2d12096a8f\",\"name\":\"Daniel Lesueur\",\"image\":{\"@type\":\"ImageObject\",\"inLanguage\":\"fr-FR\",\"@id\":\"https:\\\/\\\/i0.wp.com\\\/culturesco.com\\\/wp-content\\\/uploads\\\/2018\\\/12\\\/lesueur.jpg?fit=96%2C89&ssl=1\",\"url\":\"https:\\\/\\\/i0.wp.com\\\/culturesco.com\\\/wp-content\\\/uploads\\\/2018\\\/12\\\/lesueur.jpg?fit=96%2C89&ssl=1\",\"contentUrl\":\"https:\\\/\\\/i0.wp.com\\\/culturesco.com\\\/wp-content\\\/uploads\\\/2018\\\/12\\\/lesueur.jpg?fit=96%2C89&ssl=1\",\"caption\":\"Daniel Lesueur\"},\"description\":\"\u00c9crivain - Directeur de collection chez Camion Blanc\",\"url\":\"https:\\\/\\\/culturesco.com\\\/index.php\\\/author\\\/daniel-lesueur\\\/\"}]}<\/script>\n<!-- \/ Yoast SEO plugin. -->","yoast_head_json":{"title":"Les YARDBIRDS et JIMMY PAGE en concert \u00e0... Chaville - 1967 -","description":"CulturesCo | Les Yardbirds et Jimmy Page en concert pour la f\u00eate du mugguet (1er mai 1967) \u00e0 Chaville - Histoire du Rock en France","robots":{"index":"index","follow":"follow","max-snippet":"max-snippet:-1","max-image-preview":"max-image-preview:large","max-video-preview":"max-video-preview:-1"},"canonical":"https:\/\/culturesco.com\/index.php\/2019\/03\/02\/1er-mai-1967-les-yardbirds-a-chaville\/","og_locale":"fr_FR","og_type":"article","og_title":"1er Mai 67 : Jimmy PAGE et les YARDBIRDS en concert... \u00e0 Chaville ?? !!! Pour la f\u00eate du muguet ...","og_description":"CulturesCo | Les Yardbirds et Jimmy Page en concert pour la f\u00eate du mugguet (1er mai 1967) \u00e0 Chaville - Histoire du Rock en France","og_url":"https:\/\/culturesco.com\/index.php\/2019\/03\/02\/1er-mai-1967-les-yardbirds-a-chaville\/","og_site_name":"Culturesco","article_publisher":"https:\/\/www.facebook.com\/radioculturesco","article_published_time":"2019-03-02T08:38:52+00:00","article_modified_time":"2024-04-30T18:35:03+00:00","og_image":[{"width":600,"height":314,"url":"https:\/\/culturesco.com\/wp-content\/uploads\/2019\/03\/yardbirds-et-jimmy-page.jpg","type":"image\/jpeg"}],"author":"Daniel Lesueur","twitter_card":"summary_large_image","twitter_title":"Les d\u00e9buts de Jimmy Page avec les Yardbirds","twitter_creator":"@AugusteMarshal","twitter_site":"@AugusteMarshal","twitter_misc":{"\u00c9crit par":"Daniel Lesueur","Dur\u00e9e de lecture estim\u00e9e":"3 minutes"},"schema":{"@context":"https:\/\/schema.org","@graph":[{"@type":"Article","@id":"https:\/\/culturesco.com\/index.php\/2019\/03\/02\/1er-mai-1967-les-yardbirds-a-chaville\/#article","isPartOf":{"@id":"https:\/\/culturesco.com\/index.php\/2019\/03\/02\/1er-mai-1967-les-yardbirds-a-chaville\/"},"author":{"name":"Daniel Lesueur","@id":"https:\/\/culturesco.com\/#\/schema\/person\/716087cb1b01edf85084af2d12096a8f"},"headline":"Les YARDBIRDS et JIMMY PAGE en concert \u00e0&#8230; Chaville &#8211; 1967","datePublished":"2019-03-02T08:38:52+00:00","dateModified":"2024-04-30T18:35:03+00:00","mainEntityOfPage":{"@id":"https:\/\/culturesco.com\/index.php\/2019\/03\/02\/1er-mai-1967-les-yardbirds-a-chaville\/"},"wordCount":277,"publisher":{"@id":"https:\/\/culturesco.com\/#organization"},"image":{"@id":"https:\/\/culturesco.com\/index.php\/2019\/03\/02\/1er-mai-1967-les-yardbirds-a-chaville\/#primaryimage"},"thumbnailUrl":"https:\/\/i0.wp.com\/culturesco.com\/wp-content\/uploads\/2019\/03\/jimmy-page-e1555059994364.jpg?fit=600%2C314&ssl=1","keywords":["histoire du rock"],"articleSection":["Anecdotes rock","Carotte Rock Cultures"],"inLanguage":"fr-FR"},{"@type":"WebPage","@id":"https:\/\/culturesco.com\/index.php\/2019\/03\/02\/1er-mai-1967-les-yardbirds-a-chaville\/","url":"https:\/\/culturesco.com\/index.php\/2019\/03\/02\/1er-mai-1967-les-yardbirds-a-chaville\/","name":"Les YARDBIRDS et JIMMY PAGE en concert \u00e0... Chaville - 1967 -","isPartOf":{"@id":"https:\/\/culturesco.com\/#website"},"primaryImageOfPage":{"@id":"https:\/\/culturesco.com\/index.php\/2019\/03\/02\/1er-mai-1967-les-yardbirds-a-chaville\/#primaryimage"},"image":{"@id":"https:\/\/culturesco.com\/index.php\/2019\/03\/02\/1er-mai-1967-les-yardbirds-a-chaville\/#primaryimage"},"thumbnailUrl":"https:\/\/i0.wp.com\/culturesco.com\/wp-content\/uploads\/2019\/03\/jimmy-page-e1555059994364.jpg?fit=600%2C314&ssl=1","datePublished":"2019-03-02T08:38:52+00:00","dateModified":"2024-04-30T18:35:03+00:00","description":"CulturesCo | Les Yardbirds et Jimmy Page en concert pour la f\u00eate du mugguet (1er mai 1967) \u00e0 Chaville - Histoire du Rock en France","breadcrumb":{"@id":"https:\/\/culturesco.com\/index.php\/2019\/03\/02\/1er-mai-1967-les-yardbirds-a-chaville\/#breadcrumb"},"inLanguage":"fr-FR","potentialAction":[{"@type":"ReadAction","target":["https:\/\/culturesco.com\/index.php\/2019\/03\/02\/1er-mai-1967-les-yardbirds-a-chaville\/"]}]},{"@type":"ImageObject","inLanguage":"fr-FR","@id":"https:\/\/culturesco.com\/index.php\/2019\/03\/02\/1er-mai-1967-les-yardbirds-a-chaville\/#primaryimage","url":"https:\/\/i0.wp.com\/culturesco.com\/wp-content\/uploads\/2019\/03\/jimmy-page-e1555059994364.jpg?fit=600%2C314&ssl=1","contentUrl":"https:\/\/i0.wp.com\/culturesco.com\/wp-content\/uploads\/2019\/03\/jimmy-page-e1555059994364.jpg?fit=600%2C314&ssl=1","width":600,"height":314,"caption":"jimmy page"},{"@type":"BreadcrumbList","@id":"https:\/\/culturesco.com\/index.php\/2019\/03\/02\/1er-mai-1967-les-yardbirds-a-chaville\/#breadcrumb","itemListElement":[{"@type":"ListItem","position":1,"name":"Accueil","item":"https:\/\/culturesco.com\/"},{"@type":"ListItem","position":2,"name":"Les YARDBIRDS et JIMMY PAGE en concert \u00e0&#8230; Chaville &#8211; 1967"}]},{"@type":"WebSite","@id":"https:\/\/culturesco.com\/#website","url":"https:\/\/culturesco.com\/","name":"Culturesco","description":"Culturesco | Un bon coup de pied dans ta Culture","publisher":{"@id":"https:\/\/culturesco.com\/#organization"},"potentialAction":[{"@type":"SearchAction","target":{"@type":"EntryPoint","urlTemplate":"https:\/\/culturesco.com\/?s={search_term_string}"},"query-input":{"@type":"PropertyValueSpecification","valueRequired":true,"valueName":"search_term_string"}}],"inLanguage":"fr-FR"},{"@type":"Organization","@id":"https:\/\/culturesco.com\/#organization","name":"CULTURESCO","url":"https:\/\/culturesco.com\/","logo":{"@type":"ImageObject","inLanguage":"fr-FR","@id":"https:\/\/culturesco.com\/#\/schema\/logo\/image\/","url":"https:\/\/i0.wp.com\/culturesco.com\/wp-content\/uploads\/2022\/04\/culturesco-logo-blanc250p.png?fit=250%2C250&ssl=1","contentUrl":"https:\/\/i0.wp.com\/culturesco.com\/wp-content\/uploads\/2022\/04\/culturesco-logo-blanc250p.png?fit=250%2C250&ssl=1","width":250,"height":250,"caption":"CULTURESCO"},"image":{"@id":"https:\/\/culturesco.com\/#\/schema\/logo\/image\/"},"sameAs":["https:\/\/www.facebook.com\/radioculturesco","https:\/\/x.com\/AugusteMarshal","https:\/\/www.instagram.com\/carotte_rock_culture\/","https:\/\/www.pinterest.fr\/augustemarshal\/","https:\/\/www.youtube.com\/channel\/UCiWLGffqWSXlNnfzp6YwwyQ"]},{"@type":"Person","@id":"https:\/\/culturesco.com\/#\/schema\/person\/716087cb1b01edf85084af2d12096a8f","name":"Daniel Lesueur","image":{"@type":"ImageObject","inLanguage":"fr-FR","@id":"https:\/\/i0.wp.com\/culturesco.com\/wp-content\/uploads\/2018\/12\/lesueur.jpg?fit=96%2C89&ssl=1","url":"https:\/\/i0.wp.com\/culturesco.com\/wp-content\/uploads\/2018\/12\/lesueur.jpg?fit=96%2C89&ssl=1","contentUrl":"https:\/\/i0.wp.com\/culturesco.com\/wp-content\/uploads\/2018\/12\/lesueur.jpg?fit=96%2C89&ssl=1","caption":"Daniel Lesueur"},"description":"\u00c9crivain - Directeur de collection chez Camion Blanc","url":"https:\/\/culturesco.com\/index.php\/author\/daniel-lesueur\/"}]}},"jetpack_featured_media_url":"https:\/\/i0.wp.com\/culturesco.com\/wp-content\/uploads\/2019\/03\/jimmy-page-e1555059994364.jpg?fit=600%2C314&ssl=1","jetpack_likes_enabled":true,"jetpack_sharing_enabled":true,"jetpack_shortlink":"https:\/\/wp.me\/paz89I-SK","_links":{"self":[{"href":"https:\/\/culturesco.com\/index.php\/wp-json\/wp\/v2\/posts\/3394","targetHints":{"allow":["GET"]}}],"collection":[{"href":"https:\/\/culturesco.com\/index.php\/wp-json\/wp\/v2\/posts"}],"about":[{"href":"https:\/\/culturesco.com\/index.php\/wp-json\/wp\/v2\/types\/post"}],"author":[{"embeddable":true,"href":"https:\/\/culturesco.com\/index.php\/wp-json\/wp\/v2\/users\/2"}],"replies":[{"embeddable":true,"href":"https:\/\/culturesco.com\/index.php\/wp-json\/wp\/v2\/comments?post=3394"}],"version-history":[{"count":0,"href":"https:\/\/culturesco.com\/index.php\/wp-json\/wp\/v2\/posts\/3394\/revisions"}],"wp:featuredmedia":[{"embeddable":true,"href":"https:\/\/culturesco.com\/index.php\/wp-json\/wp\/v2\/media\/3415"}],"wp:attachment":[{"href":"https:\/\/culturesco.com\/index.php\/wp-json\/wp\/v2\/media?parent=3394"}],"wp:term":[{"taxonomy":"category","embeddable":true,"href":"https:\/\/culturesco.com\/index.php\/wp-json\/wp\/v2\/categories?post=3394"},{"taxonomy":"post_tag","embeddable":true,"href":"https:\/\/culturesco.com\/index.php\/wp-json\/wp\/v2\/tags?post=3394"}],"curies":[{"name":"wp","href":"https:\/\/api.w.org\/{rel}","templated":true}]}}