{"id":3357,"date":"2019-02-27T13:48:24","date_gmt":"2019-02-27T12:48:24","guid":{"rendered":"https:\/\/culturesco.com\/?p=3357"},"modified":"2019-07-25T15:37:42","modified_gmt":"2019-07-25T13:37:42","slug":"robert-hugues-lambert","status":"publish","type":"post","link":"https:\/\/culturesco.com\/index.php\/2019\/02\/27\/robert-hugues-lambert\/","title":{"rendered":"ROBERT-HUGUES LAMBERT"},"content":{"rendered":"<h2>Acteur plus que maudit&#8230;<\/h2>\n<h3>Il ne tourna qu&rsquo;un seul film<\/h3>\n<p><img data-recalc-dims=\"1\" loading=\"lazy\" decoding=\"async\" class=\"aligncenter size-medium wp-image-3362\" src=\"https:\/\/i0.wp.com\/culturesco.com\/wp-content\/uploads\/2019\/02\/robert-hugues-lambert-mermoz.jpg?resize=300%2C222&#038;ssl=1\" alt=\"\" width=\"300\" height=\"222\" srcset=\"https:\/\/i0.wp.com\/culturesco.com\/wp-content\/uploads\/2019\/02\/robert-hugues-lambert-mermoz.jpg?resize=300%2C222&amp;ssl=1 300w, https:\/\/i0.wp.com\/culturesco.com\/wp-content\/uploads\/2019\/02\/robert-hugues-lambert-mermoz.jpg?resize=80%2C60&amp;ssl=1 80w, https:\/\/i0.wp.com\/culturesco.com\/wp-content\/uploads\/2019\/02\/robert-hugues-lambert-mermoz.jpg?w=544&amp;ssl=1 544w\" sizes=\"auto, (max-width: 300px) 100vw, 300px\" \/><\/p>\n<p>(merci \u00e0 <strong>Christian HOTTE<\/strong> pour son compl\u00e9ment d&rsquo;information).<\/p>\n<p style=\"text-align: justify\">N\u00e9 \u00e0 Paris en 1908, Robert-Hugues Lambert, un jeune employ\u00e9 de banque, suit des cours d\u2019art dramatique. En 1926 il part au service militaire chez les chasseurs alpins. \u00c0 son retour, il tente sa chance sur les planches. Il part en tourn\u00e9e dans toute la France durant plusieurs ann\u00e9es et affiche un peu trop complaisamment son homosexualit\u00e9, ce qui sera la cause de sa chute.<\/p>\n<h3>Mobilis\u00e9 et envoy\u00e9 au front pendant la Dr\u00f4le de guerre<\/h3>\n<p style=\"text-align: justify\">En 1939 il est mobilis\u00e9 et envoy\u00e9 au front pendant la Dr\u00f4le de guerre. D\u00e9mobilis\u00e9, n\u2019ayant gu\u00e8re retrouv\u00e9 de travail, il se voue corps et \u00e2me \u00e0 la po\u00e9sie. Fr\u00e9quentant le milieu homosexuel parisien, il devait fatalement tomber un jour ou l\u2019autre sur Jean Cocteau. Celui-ci l\u2019introduit dans le monde du cin\u00e9ma et du th\u00e9\u00e2tre. En 1941, il remplace Alain Cuny dans Le Bout de la route et le voici engag\u00e9, par un autre Cuny, Louis, (sans lien de parent\u00e9 avec le pr\u00e9c\u00e9dent : Alain Cuny se nommait en r\u00e9alit\u00e9 Ren\u00e9 Xavier Marie) pour tenir le r\u00f4le-titre dans un film consacr\u00e9 au grand aviateur Mermoz disparu fin 1936 (la ressemblance entre les deux hommes est frappante, sauf en ce qui concerne la virilit\u00e9).<\/p>\n<p style=\"text-align: justify\">Pierre-Richard Willm, alors grande vedette, avait \u00e9t\u00e9 contact\u00e9 en premier pour interpr\u00e9ter le r\u00f4le mais ses pr\u00e9tentions financi\u00e8res \u00e9taient incompatibles avec le budget. Le film est en grand partie tourn\u00e9 en 1942 ; il ne reste plus que quelques sc\u00e8nes \u00e0 adjoindre lorsqu\u2019en mars 1943 le prometteur jeune premier qui sort d\u2019une s\u00e9ance de portraits chez le fameux photographe Harcourt est arr\u00eat\u00e9 par la police allemande \u00e0 la terrasse du Sans-Souci, un caf\u00e9 fr\u00e9quent\u00e9 par les homosexuels : il aurait eu une relation avec un officier allemand, d\u2019o\u00f9 la n\u00e9cessit\u00e9 de ne pas faire \u00e9clater un scandale.<\/p>\n<p style=\"text-align: justify\">L\u2019Allemand est envoy\u00e9 sur le front russe. Quant \u00e0 l\u2019acteur, il est exp\u00e9di\u00e9 au camp d\u2019internement de Compi\u00e8gne. On s\u2019\u00e9tonne toutefois du motif invoqu\u00e9 : les autres homosexuels, nombreux dans le monde du spectacle du Paris de l\u2019Occupation, n\u2019ont jamais \u00e9t\u00e9 inqui\u00e9t\u00e9s.<\/p>\n<figure id=\"attachment_3367\" aria-describedby=\"caption-attachment-3367\" style=\"width: 300px\" class=\"wp-caption aligncenter\"><img data-recalc-dims=\"1\" loading=\"lazy\" decoding=\"async\" class=\"size-medium wp-image-3367\" src=\"https:\/\/i0.wp.com\/culturesco.com\/wp-content\/uploads\/2019\/02\/1296808124_mermoz3.png?resize=300%2C218&#038;ssl=1\" alt=\"MERMOZ le film maudit\" width=\"300\" height=\"218\" srcset=\"https:\/\/i0.wp.com\/culturesco.com\/wp-content\/uploads\/2019\/02\/1296808124_mermoz3.png?resize=300%2C218&amp;ssl=1 300w, https:\/\/i0.wp.com\/culturesco.com\/wp-content\/uploads\/2019\/02\/1296808124_mermoz3.png?resize=324%2C235&amp;ssl=1 324w, https:\/\/i0.wp.com\/culturesco.com\/wp-content\/uploads\/2019\/02\/1296808124_mermoz3.png?w=400&amp;ssl=1 400w\" sizes=\"auto, (max-width: 300px) 100vw, 300px\" \/><figcaption id=\"caption-attachment-3367\" class=\"wp-caption-text\">MERMOZ le film maudit<\/figcaption><\/figure>\n<h3>Le film n\u2019\u00e9tait pas achev\u00e9\u2026<\/h3>\n<p style=\"text-align: justify\">Pour les ultimes sc\u00e8nes \u00e0 tourner, Lambert est remplac\u00e9, physiquement, par Henri Vidal, une \u00ab trouvaille \u00bb d\u2019Edith Piaf (\u00e9lu Apollon 1939, il sera le mari de Mich\u00e8le Morgan. Il mourra \u00e0 l\u2019\u00e2ge de quarante ans, d\u00e9pressif et drogu\u00e9). Mais si la silhouette de Vidal fait effet sur l\u2019image, rien n\u2019est r\u00e9gl\u00e9 pour le son : les deux hommes n\u2019ont pas du tout la m\u00eame voix. Une \u00e9quipe est d\u00e9p\u00each\u00e9e sur son lieu de d\u00e9tention pour effectuer une prise de son ; avec la complicit\u00e9 des gardiens, une perche se terminant par un micro \u00e9tant pass\u00e9e par dessus les cl\u00f4tures du camp. Il \u00e9tait temps : en ao\u00fbt 1943 il partait pour Buchenwald.<\/p>\n<p style=\"text-align: justify\">Lambert, ras\u00e9 \u00e0 son arriv\u00e9e dans un camp, tomba en larmes \u00e0 la vision de sa belle chevelure blonde. Il venait de prendre conscience de sa d\u00e9ch\u00e9ance au moment o\u00f9 on lui volait son image. Il avait sans doute esp\u00e9r\u00e9 retrouver Paris pour \u00eatre pr\u00e9sent \u00e0 la premi\u00e8re du film, le 14 octobre 1943 \u00e0 l\u2019Op\u00e9ra de Paris apr\u00e8s une avant-premi\u00e8re \u00e0 Vichy en pr\u00e9sence du mar\u00e9chal P\u00e9tain et de la m\u00e8re de Mermoz (quelques mots sur l\u2019aviateur : il avait des convictions de droite &#8211; voire d\u2019extr\u00eame-droite&#8230; puisqu\u2019il fut le fondateur du Parti social fran\u00e7ais avec le colonel\u00a0 de La Rocque &#8211; motiv\u00e9es par la politique socialiste de l\u2019\u00e9poque visant \u00e0 d\u00e9manteler les Compagnies a\u00e9riennes priv\u00e9es au b\u00e9n\u00e9fice d\u2019une compagnie d\u2019Etat, Air France en l\u2019occurrence).<\/p>\n<p style=\"text-align: justify\">Fin 1944, Lambert est transf\u00e9r\u00e9 de Buchenwald \u00e0 Flossenb\u00fcrg. Il y mourra en mars 1945. Contrairement \u00e0 Kurt Gerron, il avait cess\u00e9 de croire pouvoir s\u2019en sortir.<\/p>\n<p style=\"text-align: justify\">Mermoz constitue l\u2019unique trace de Lambert au cin\u00e9ma. Ce film \u00e9tant apparemment introuvable, la seule occasion de voir cet acteur fant\u00f4me est de visionner les 23 secondes que j\u2019ai mises en ligne (si vous \u00eates comme moi collectionneur de raret\u00e9s en noir &amp; blanc n\u2019h\u00e9sitez pas \u00e0 me contacter : daniel.lesueur@yahoo.fr)<\/p>\n<div class=\"youtube-embed\" data-video_id=\"TIy0_ThbGDQ\"><iframe loading=\"lazy\" title=\"ROBERT-HUGUES LAMBERT\" width=\"696\" height=\"392\" src=\"https:\/\/www.youtube.com\/embed\/TIy0_ThbGDQ\" frameborder=\"0\" allow=\"accelerometer; autoplay; clipboard-write; encrypted-media; gyroscope; picture-in-picture; web-share\" referrerpolicy=\"strict-origin-when-cross-origin\" allowfullscreen><\/iframe><\/div>\n<p align=\"JUSTIFY\">Marcel Bluwal, en 1998, exhuma cette histoire et en fit un film, <i>Le plus beau pays du monde<\/i>.<\/p>\n<p align=\"JUSTIFY\"><strong>Daniel Lesueur<\/strong> &#8211; <strong>Culturesco<\/strong><\/p>\n","protected":false},"excerpt":{"rendered":"<p>Acteur plus que maudit&#8230; Il ne tourna qu&rsquo;un seul film (merci \u00e0 Christian HOTTE pour son compl\u00e9ment d&rsquo;information). N\u00e9 \u00e0 Paris en 1908, Robert-Hugues Lambert, un jeune employ\u00e9 de banque, suit des cours d\u2019art dramatique. En 1926 il part au service militaire chez les chasseurs alpins. \u00c0 son retour, il tente sa chance sur les [&hellip;]<\/p>\n","protected":false},"author":2,"featured_media":3362,"comment_status":"closed","ping_status":"closed","sticky":false,"template":"","format":"image","meta":{"jetpack_post_was_ever_published":false,"tdm_status":"","tdm_grid_status":"","_jetpack_newsletter_access":"","_jetpack_dont_email_post_to_subs":false,"_jetpack_newsletter_tier_id":0,"_jetpack_memberships_contains_paywalled_content":false,"_jetpack_memberships_contains_paid_content":false,"footnotes":""},"categories":[24],"tags":[70],"class_list":{"0":"post-3357","1":"post","2":"type-post","3":"status-publish","4":"format-image","5":"has-post-thumbnail","7":"category-cinema","8":"tag-collections","9":"post_format-post-format-image"},"yoast_head":"<!-- This site is optimized with the Yoast SEO plugin v27.5 - https:\/\/yoast.com\/product\/yoast-seo-wordpress\/ -->\n<title>ROBERT-HUGUES LAMBERT - Culturesco<\/title>\n<meta name=\"description\" content=\"CulturesCo | Un bon coup de pied dans ta Culture | Chroniques et histoire du Rock, chanson fran\u00e7aise, litt\u00e9rature, cin\u00e9ma et bande dessin\u00e9e.\" \/>\n<meta name=\"robots\" content=\"index, follow, max-snippet:-1, max-image-preview:large, max-video-preview:-1\" \/>\n<link rel=\"canonical\" href=\"https:\/\/culturesco.com\/index.php\/2019\/02\/27\/robert-hugues-lambert\/\" \/>\n<meta property=\"og:locale\" content=\"fr_FR\" \/>\n<meta property=\"og:type\" content=\"article\" \/>\n<meta property=\"og:title\" content=\"ROBERT-HUGUES LAMBERT - Culturesco\" \/>\n<meta property=\"og:description\" content=\"CulturesCo | Un bon coup de pied dans ta Culture | Chroniques et histoire du Rock, chanson fran\u00e7aise, litt\u00e9rature, cin\u00e9ma et bande dessin\u00e9e.\" \/>\n<meta property=\"og:url\" content=\"https:\/\/culturesco.com\/index.php\/2019\/02\/27\/robert-hugues-lambert\/\" \/>\n<meta property=\"og:site_name\" content=\"Culturesco\" \/>\n<meta property=\"article:publisher\" content=\"https:\/\/www.facebook.com\/radioculturesco\" \/>\n<meta property=\"article:published_time\" content=\"2019-02-27T12:48:24+00:00\" \/>\n<meta property=\"article:modified_time\" content=\"2019-07-25T13:37:42+00:00\" \/>\n<meta property=\"og:image\" content=\"https:\/\/i0.wp.com\/culturesco.com\/wp-content\/uploads\/2019\/02\/robert-hugues-lambert-mermoz.jpg?fit=544%2C402&ssl=1\" \/>\n\t<meta property=\"og:image:width\" content=\"544\" \/>\n\t<meta property=\"og:image:height\" content=\"402\" \/>\n\t<meta property=\"og:image:type\" content=\"image\/jpeg\" \/>\n<meta name=\"author\" content=\"Daniel Lesueur\" \/>\n<meta name=\"twitter:card\" content=\"summary_large_image\" \/>\n<meta name=\"twitter:creator\" content=\"@AugusteMarshal\" \/>\n<meta name=\"twitter:site\" content=\"@AugusteMarshal\" \/>\n<meta name=\"twitter:label1\" content=\"\u00c9crit par\" \/>\n\t<meta name=\"twitter:data1\" content=\"Daniel Lesueur\" \/>\n\t<meta name=\"twitter:label2\" content=\"Dur\u00e9e de lecture estim\u00e9e\" \/>\n\t<meta name=\"twitter:data2\" content=\"4 minutes\" \/>\n<script type=\"application\/ld+json\" class=\"yoast-schema-graph\">{\"@context\":\"https:\\\/\\\/schema.org\",\"@graph\":[{\"@type\":\"Article\",\"@id\":\"https:\\\/\\\/culturesco.com\\\/index.php\\\/2019\\\/02\\\/27\\\/robert-hugues-lambert\\\/#article\",\"isPartOf\":{\"@id\":\"https:\\\/\\\/culturesco.com\\\/index.php\\\/2019\\\/02\\\/27\\\/robert-hugues-lambert\\\/\"},\"author\":{\"name\":\"Daniel Lesueur\",\"@id\":\"https:\\\/\\\/culturesco.com\\\/#\\\/schema\\\/person\\\/716087cb1b01edf85084af2d12096a8f\"},\"headline\":\"ROBERT-HUGUES LAMBERT\",\"datePublished\":\"2019-02-27T12:48:24+00:00\",\"dateModified\":\"2019-07-25T13:37:42+00:00\",\"mainEntityOfPage\":{\"@id\":\"https:\\\/\\\/culturesco.com\\\/index.php\\\/2019\\\/02\\\/27\\\/robert-hugues-lambert\\\/\"},\"wordCount\":783,\"publisher\":{\"@id\":\"https:\\\/\\\/culturesco.com\\\/#organization\"},\"image\":{\"@id\":\"https:\\\/\\\/culturesco.com\\\/index.php\\\/2019\\\/02\\\/27\\\/robert-hugues-lambert\\\/#primaryimage\"},\"thumbnailUrl\":\"https:\\\/\\\/i0.wp.com\\\/culturesco.com\\\/wp-content\\\/uploads\\\/2019\\\/02\\\/robert-hugues-lambert-mermoz.jpg?fit=544%2C402&ssl=1\",\"keywords\":[\"collections\"],\"articleSection\":[\"Cin\u00e9ma\"],\"inLanguage\":\"fr-FR\"},{\"@type\":\"WebPage\",\"@id\":\"https:\\\/\\\/culturesco.com\\\/index.php\\\/2019\\\/02\\\/27\\\/robert-hugues-lambert\\\/\",\"url\":\"https:\\\/\\\/culturesco.com\\\/index.php\\\/2019\\\/02\\\/27\\\/robert-hugues-lambert\\\/\",\"name\":\"ROBERT-HUGUES LAMBERT - Culturesco\",\"isPartOf\":{\"@id\":\"https:\\\/\\\/culturesco.com\\\/#website\"},\"primaryImageOfPage\":{\"@id\":\"https:\\\/\\\/culturesco.com\\\/index.php\\\/2019\\\/02\\\/27\\\/robert-hugues-lambert\\\/#primaryimage\"},\"image\":{\"@id\":\"https:\\\/\\\/culturesco.com\\\/index.php\\\/2019\\\/02\\\/27\\\/robert-hugues-lambert\\\/#primaryimage\"},\"thumbnailUrl\":\"https:\\\/\\\/i0.wp.com\\\/culturesco.com\\\/wp-content\\\/uploads\\\/2019\\\/02\\\/robert-hugues-lambert-mermoz.jpg?fit=544%2C402&ssl=1\",\"datePublished\":\"2019-02-27T12:48:24+00:00\",\"dateModified\":\"2019-07-25T13:37:42+00:00\",\"description\":\"CulturesCo | Un bon coup de pied dans ta Culture | Chroniques et histoire du Rock, chanson fran\u00e7aise, litt\u00e9rature, cin\u00e9ma et bande dessin\u00e9e.\",\"breadcrumb\":{\"@id\":\"https:\\\/\\\/culturesco.com\\\/index.php\\\/2019\\\/02\\\/27\\\/robert-hugues-lambert\\\/#breadcrumb\"},\"inLanguage\":\"fr-FR\",\"potentialAction\":[{\"@type\":\"ReadAction\",\"target\":[\"https:\\\/\\\/culturesco.com\\\/index.php\\\/2019\\\/02\\\/27\\\/robert-hugues-lambert\\\/\"]}]},{\"@type\":\"ImageObject\",\"inLanguage\":\"fr-FR\",\"@id\":\"https:\\\/\\\/culturesco.com\\\/index.php\\\/2019\\\/02\\\/27\\\/robert-hugues-lambert\\\/#primaryimage\",\"url\":\"https:\\\/\\\/i0.wp.com\\\/culturesco.com\\\/wp-content\\\/uploads\\\/2019\\\/02\\\/robert-hugues-lambert-mermoz.jpg?fit=544%2C402&ssl=1\",\"contentUrl\":\"https:\\\/\\\/i0.wp.com\\\/culturesco.com\\\/wp-content\\\/uploads\\\/2019\\\/02\\\/robert-hugues-lambert-mermoz.jpg?fit=544%2C402&ssl=1\",\"width\":544,\"height\":402},{\"@type\":\"BreadcrumbList\",\"@id\":\"https:\\\/\\\/culturesco.com\\\/index.php\\\/2019\\\/02\\\/27\\\/robert-hugues-lambert\\\/#breadcrumb\",\"itemListElement\":[{\"@type\":\"ListItem\",\"position\":1,\"name\":\"Accueil\",\"item\":\"https:\\\/\\\/culturesco.com\\\/\"},{\"@type\":\"ListItem\",\"position\":2,\"name\":\"ROBERT-HUGUES LAMBERT\"}]},{\"@type\":\"WebSite\",\"@id\":\"https:\\\/\\\/culturesco.com\\\/#website\",\"url\":\"https:\\\/\\\/culturesco.com\\\/\",\"name\":\"Culturesco\",\"description\":\"Culturesco | Un bon coup de pied dans ta Culture\",\"publisher\":{\"@id\":\"https:\\\/\\\/culturesco.com\\\/#organization\"},\"potentialAction\":[{\"@type\":\"SearchAction\",\"target\":{\"@type\":\"EntryPoint\",\"urlTemplate\":\"https:\\\/\\\/culturesco.com\\\/?s={search_term_string}\"},\"query-input\":{\"@type\":\"PropertyValueSpecification\",\"valueRequired\":true,\"valueName\":\"search_term_string\"}}],\"inLanguage\":\"fr-FR\"},{\"@type\":\"Organization\",\"@id\":\"https:\\\/\\\/culturesco.com\\\/#organization\",\"name\":\"CULTURESCO\",\"url\":\"https:\\\/\\\/culturesco.com\\\/\",\"logo\":{\"@type\":\"ImageObject\",\"inLanguage\":\"fr-FR\",\"@id\":\"https:\\\/\\\/culturesco.com\\\/#\\\/schema\\\/logo\\\/image\\\/\",\"url\":\"https:\\\/\\\/i0.wp.com\\\/culturesco.com\\\/wp-content\\\/uploads\\\/2022\\\/04\\\/culturesco-logo-blanc250p.png?fit=250%2C250&ssl=1\",\"contentUrl\":\"https:\\\/\\\/i0.wp.com\\\/culturesco.com\\\/wp-content\\\/uploads\\\/2022\\\/04\\\/culturesco-logo-blanc250p.png?fit=250%2C250&ssl=1\",\"width\":250,\"height\":250,\"caption\":\"CULTURESCO\"},\"image\":{\"@id\":\"https:\\\/\\\/culturesco.com\\\/#\\\/schema\\\/logo\\\/image\\\/\"},\"sameAs\":[\"https:\\\/\\\/www.facebook.com\\\/radioculturesco\",\"https:\\\/\\\/x.com\\\/AugusteMarshal\",\"https:\\\/\\\/www.instagram.com\\\/carotte_rock_culture\\\/\",\"https:\\\/\\\/www.pinterest.fr\\\/augustemarshal\\\/\",\"https:\\\/\\\/www.youtube.com\\\/channel\\\/UCiWLGffqWSXlNnfzp6YwwyQ\"]},{\"@type\":\"Person\",\"@id\":\"https:\\\/\\\/culturesco.com\\\/#\\\/schema\\\/person\\\/716087cb1b01edf85084af2d12096a8f\",\"name\":\"Daniel Lesueur\",\"image\":{\"@type\":\"ImageObject\",\"inLanguage\":\"fr-FR\",\"@id\":\"https:\\\/\\\/i0.wp.com\\\/culturesco.com\\\/wp-content\\\/uploads\\\/2018\\\/12\\\/lesueur.jpg?fit=96%2C89&ssl=1\",\"url\":\"https:\\\/\\\/i0.wp.com\\\/culturesco.com\\\/wp-content\\\/uploads\\\/2018\\\/12\\\/lesueur.jpg?fit=96%2C89&ssl=1\",\"contentUrl\":\"https:\\\/\\\/i0.wp.com\\\/culturesco.com\\\/wp-content\\\/uploads\\\/2018\\\/12\\\/lesueur.jpg?fit=96%2C89&ssl=1\",\"caption\":\"Daniel Lesueur\"},\"description\":\"\u00c9crivain - Directeur de collection chez Camion Blanc\",\"url\":\"https:\\\/\\\/culturesco.com\\\/index.php\\\/author\\\/daniel-lesueur\\\/\"}]}<\/script>\n<!-- \/ Yoast SEO plugin. -->","yoast_head_json":{"title":"ROBERT-HUGUES LAMBERT - Culturesco","description":"CulturesCo | Un bon coup de pied dans ta Culture | Chroniques et histoire du Rock, chanson fran\u00e7aise, litt\u00e9rature, cin\u00e9ma et bande dessin\u00e9e.","robots":{"index":"index","follow":"follow","max-snippet":"max-snippet:-1","max-image-preview":"max-image-preview:large","max-video-preview":"max-video-preview:-1"},"canonical":"https:\/\/culturesco.com\/index.php\/2019\/02\/27\/robert-hugues-lambert\/","og_locale":"fr_FR","og_type":"article","og_title":"ROBERT-HUGUES LAMBERT - Culturesco","og_description":"CulturesCo | Un bon coup de pied dans ta Culture | Chroniques et histoire du Rock, chanson fran\u00e7aise, litt\u00e9rature, cin\u00e9ma et bande dessin\u00e9e.","og_url":"https:\/\/culturesco.com\/index.php\/2019\/02\/27\/robert-hugues-lambert\/","og_site_name":"Culturesco","article_publisher":"https:\/\/www.facebook.com\/radioculturesco","article_published_time":"2019-02-27T12:48:24+00:00","article_modified_time":"2019-07-25T13:37:42+00:00","og_image":[{"width":544,"height":402,"url":"https:\/\/i0.wp.com\/culturesco.com\/wp-content\/uploads\/2019\/02\/robert-hugues-lambert-mermoz.jpg?fit=544%2C402&ssl=1","type":"image\/jpeg"}],"author":"Daniel Lesueur","twitter_card":"summary_large_image","twitter_creator":"@AugusteMarshal","twitter_site":"@AugusteMarshal","twitter_misc":{"\u00c9crit par":"Daniel Lesueur","Dur\u00e9e de lecture estim\u00e9e":"4 minutes"},"schema":{"@context":"https:\/\/schema.org","@graph":[{"@type":"Article","@id":"https:\/\/culturesco.com\/index.php\/2019\/02\/27\/robert-hugues-lambert\/#article","isPartOf":{"@id":"https:\/\/culturesco.com\/index.php\/2019\/02\/27\/robert-hugues-lambert\/"},"author":{"name":"Daniel Lesueur","@id":"https:\/\/culturesco.com\/#\/schema\/person\/716087cb1b01edf85084af2d12096a8f"},"headline":"ROBERT-HUGUES LAMBERT","datePublished":"2019-02-27T12:48:24+00:00","dateModified":"2019-07-25T13:37:42+00:00","mainEntityOfPage":{"@id":"https:\/\/culturesco.com\/index.php\/2019\/02\/27\/robert-hugues-lambert\/"},"wordCount":783,"publisher":{"@id":"https:\/\/culturesco.com\/#organization"},"image":{"@id":"https:\/\/culturesco.com\/index.php\/2019\/02\/27\/robert-hugues-lambert\/#primaryimage"},"thumbnailUrl":"https:\/\/i0.wp.com\/culturesco.com\/wp-content\/uploads\/2019\/02\/robert-hugues-lambert-mermoz.jpg?fit=544%2C402&ssl=1","keywords":["collections"],"articleSection":["Cin\u00e9ma"],"inLanguage":"fr-FR"},{"@type":"WebPage","@id":"https:\/\/culturesco.com\/index.php\/2019\/02\/27\/robert-hugues-lambert\/","url":"https:\/\/culturesco.com\/index.php\/2019\/02\/27\/robert-hugues-lambert\/","name":"ROBERT-HUGUES LAMBERT - Culturesco","isPartOf":{"@id":"https:\/\/culturesco.com\/#website"},"primaryImageOfPage":{"@id":"https:\/\/culturesco.com\/index.php\/2019\/02\/27\/robert-hugues-lambert\/#primaryimage"},"image":{"@id":"https:\/\/culturesco.com\/index.php\/2019\/02\/27\/robert-hugues-lambert\/#primaryimage"},"thumbnailUrl":"https:\/\/i0.wp.com\/culturesco.com\/wp-content\/uploads\/2019\/02\/robert-hugues-lambert-mermoz.jpg?fit=544%2C402&ssl=1","datePublished":"2019-02-27T12:48:24+00:00","dateModified":"2019-07-25T13:37:42+00:00","description":"CulturesCo | Un bon coup de pied dans ta Culture | Chroniques et histoire du Rock, chanson fran\u00e7aise, litt\u00e9rature, cin\u00e9ma et bande dessin\u00e9e.","breadcrumb":{"@id":"https:\/\/culturesco.com\/index.php\/2019\/02\/27\/robert-hugues-lambert\/#breadcrumb"},"inLanguage":"fr-FR","potentialAction":[{"@type":"ReadAction","target":["https:\/\/culturesco.com\/index.php\/2019\/02\/27\/robert-hugues-lambert\/"]}]},{"@type":"ImageObject","inLanguage":"fr-FR","@id":"https:\/\/culturesco.com\/index.php\/2019\/02\/27\/robert-hugues-lambert\/#primaryimage","url":"https:\/\/i0.wp.com\/culturesco.com\/wp-content\/uploads\/2019\/02\/robert-hugues-lambert-mermoz.jpg?fit=544%2C402&ssl=1","contentUrl":"https:\/\/i0.wp.com\/culturesco.com\/wp-content\/uploads\/2019\/02\/robert-hugues-lambert-mermoz.jpg?fit=544%2C402&ssl=1","width":544,"height":402},{"@type":"BreadcrumbList","@id":"https:\/\/culturesco.com\/index.php\/2019\/02\/27\/robert-hugues-lambert\/#breadcrumb","itemListElement":[{"@type":"ListItem","position":1,"name":"Accueil","item":"https:\/\/culturesco.com\/"},{"@type":"ListItem","position":2,"name":"ROBERT-HUGUES LAMBERT"}]},{"@type":"WebSite","@id":"https:\/\/culturesco.com\/#website","url":"https:\/\/culturesco.com\/","name":"Culturesco","description":"Culturesco | Un bon coup de pied dans ta Culture","publisher":{"@id":"https:\/\/culturesco.com\/#organization"},"potentialAction":[{"@type":"SearchAction","target":{"@type":"EntryPoint","urlTemplate":"https:\/\/culturesco.com\/?s={search_term_string}"},"query-input":{"@type":"PropertyValueSpecification","valueRequired":true,"valueName":"search_term_string"}}],"inLanguage":"fr-FR"},{"@type":"Organization","@id":"https:\/\/culturesco.com\/#organization","name":"CULTURESCO","url":"https:\/\/culturesco.com\/","logo":{"@type":"ImageObject","inLanguage":"fr-FR","@id":"https:\/\/culturesco.com\/#\/schema\/logo\/image\/","url":"https:\/\/i0.wp.com\/culturesco.com\/wp-content\/uploads\/2022\/04\/culturesco-logo-blanc250p.png?fit=250%2C250&ssl=1","contentUrl":"https:\/\/i0.wp.com\/culturesco.com\/wp-content\/uploads\/2022\/04\/culturesco-logo-blanc250p.png?fit=250%2C250&ssl=1","width":250,"height":250,"caption":"CULTURESCO"},"image":{"@id":"https:\/\/culturesco.com\/#\/schema\/logo\/image\/"},"sameAs":["https:\/\/www.facebook.com\/radioculturesco","https:\/\/x.com\/AugusteMarshal","https:\/\/www.instagram.com\/carotte_rock_culture\/","https:\/\/www.pinterest.fr\/augustemarshal\/","https:\/\/www.youtube.com\/channel\/UCiWLGffqWSXlNnfzp6YwwyQ"]},{"@type":"Person","@id":"https:\/\/culturesco.com\/#\/schema\/person\/716087cb1b01edf85084af2d12096a8f","name":"Daniel Lesueur","image":{"@type":"ImageObject","inLanguage":"fr-FR","@id":"https:\/\/i0.wp.com\/culturesco.com\/wp-content\/uploads\/2018\/12\/lesueur.jpg?fit=96%2C89&ssl=1","url":"https:\/\/i0.wp.com\/culturesco.com\/wp-content\/uploads\/2018\/12\/lesueur.jpg?fit=96%2C89&ssl=1","contentUrl":"https:\/\/i0.wp.com\/culturesco.com\/wp-content\/uploads\/2018\/12\/lesueur.jpg?fit=96%2C89&ssl=1","caption":"Daniel Lesueur"},"description":"\u00c9crivain - Directeur de collection chez Camion Blanc","url":"https:\/\/culturesco.com\/index.php\/author\/daniel-lesueur\/"}]}},"jetpack_featured_media_url":"https:\/\/i0.wp.com\/culturesco.com\/wp-content\/uploads\/2019\/02\/robert-hugues-lambert-mermoz.jpg?fit=544%2C402&ssl=1","jetpack_likes_enabled":true,"jetpack_sharing_enabled":true,"jetpack_shortlink":"https:\/\/wp.me\/paz89I-S9","_links":{"self":[{"href":"https:\/\/culturesco.com\/index.php\/wp-json\/wp\/v2\/posts\/3357","targetHints":{"allow":["GET"]}}],"collection":[{"href":"https:\/\/culturesco.com\/index.php\/wp-json\/wp\/v2\/posts"}],"about":[{"href":"https:\/\/culturesco.com\/index.php\/wp-json\/wp\/v2\/types\/post"}],"author":[{"embeddable":true,"href":"https:\/\/culturesco.com\/index.php\/wp-json\/wp\/v2\/users\/2"}],"replies":[{"embeddable":true,"href":"https:\/\/culturesco.com\/index.php\/wp-json\/wp\/v2\/comments?post=3357"}],"version-history":[{"count":0,"href":"https:\/\/culturesco.com\/index.php\/wp-json\/wp\/v2\/posts\/3357\/revisions"}],"wp:featuredmedia":[{"embeddable":true,"href":"https:\/\/culturesco.com\/index.php\/wp-json\/wp\/v2\/media\/3362"}],"wp:attachment":[{"href":"https:\/\/culturesco.com\/index.php\/wp-json\/wp\/v2\/media?parent=3357"}],"wp:term":[{"taxonomy":"category","embeddable":true,"href":"https:\/\/culturesco.com\/index.php\/wp-json\/wp\/v2\/categories?post=3357"},{"taxonomy":"post_tag","embeddable":true,"href":"https:\/\/culturesco.com\/index.php\/wp-json\/wp\/v2\/tags?post=3357"}],"curies":[{"name":"wp","href":"https:\/\/api.w.org\/{rel}","templated":true}]}}